{"id":24139,"date":"2015-06-25T17:40:36","date_gmt":"2015-06-25T20:40:36","guid":{"rendered":"http:\/\/www.estrategiaconcursos.com.br\/blog\/?p=24139"},"modified":"2015-06-26T14:59:20","modified_gmt":"2015-06-26T17:59:20","slug":"atencao-ao-prazotermina-nesta-quinta-feira-o-prazo-para-inscricoes-no-concurso-tre-acre","status":"publish","type":"post","link":"https:\/\/www.estrategiaconcursos.com.br\/blog\/atencao-ao-prazotermina-nesta-quinta-feira-o-prazo-para-inscricoes-no-concurso-tre-acre\/","title":{"rendered":"ATEN\u00c7\u00c3O AO PRAZO:Termina nesta quinta-feira o prazo para inscri\u00e7\u00f5es no concurso TRE-Acre"},"content":{"rendered":"<p style=\"text-align: justify;\"><a href=\"https:\/\/dhg1h5j42swfq.cloudfront.net\/2015\/05\/concurso-TRE-Acre.jpg\"><img loading=\"lazy\" decoding=\"async\" class=\"alignleft wp-image-23486 size-medium\" src=\"https:\/\/dhg1h5j42swfq.cloudfront.net\/2015\/05\/concurso-TRE-Acre-300x125.jpg\" alt=\"concurso TRE-Acre\" width=\"300\" height=\"125\" srcset=\"https:\/\/dhg1h5j42swfq.cloudfront.net\/2015\/05\/concurso-TRE-Acre.jpg 300w, https:\/\/dhg1h5j42swfq.cloudfront.net\/2015\/05\/concurso-TRE-Acre.jpg 500w, https:\/\/dhg1h5j42swfq.cloudfront.net\/2015\/05\/concurso-TRE-Acre.jpg 600w\" sizes=\"auto, (max-width: 300px) 100vw, 300px\" \/><\/a><span style=\"color: #000000;\">Termina na noite desta quinta-feira, 25, o prazo para inscri\u00e7\u00f5es no\u00a0concurso do\u00a0Tribunal Regional Eleitoral do Acre (<span style=\"color: #0000ff;\"><a style=\"color: #0000ff;\" title=\"Cursos para Concurso TRE AC\" href=\"https:\/\/www.estrategiaconcursos.com.br\/cursosPorConcurso\/tre-ac-385\/\">concurso TRE-Acre<\/a><\/span>), realizado para preenchimento de vagas em cargos de n\u00edvel m\u00e9dio e n\u00edvel superior. Os interessados devem acessar o\u00a0site da organizadora, a <span style=\"color: #0000ff;\"><a style=\"color: #0000ff;\" href=\"http:\/\/www.aocp.com.br\/concurso.jsp?id=318\">AOCP<\/a><\/span>, at\u00e9 \u00e0s 23h59.\u00a0A taxa \u00e9 de\u00a0R$ 56,65.<\/span><\/p>\n<p style=\"text-align: justify;\"><span style=\"color: #000000;\">Os oportunidades\u00a0de n\u00edvel superior s\u00e3o para analista judici\u00e1rio na \u00e1rea administrativa, nas especialidades de contabilidade (duas vagas) e de engenharia (uma vaga), al\u00e9m da \u00e1rea judici\u00e1ria (forma\u00e7\u00e3o de cadastro reserva). As vagas para o n\u00edvel t\u00e9cnico s\u00e3o de cadastro reserva para t\u00e9cnico judici\u00e1rio, na \u00e1rea administrativa. Os sal\u00e1rios v\u00e3o de R$ 5.365,92 a R$ 8.804,57.<\/span><\/p>\n<p style=\"text-align: justify;\"><span style=\"color: #000000;\">A Prova Objetiva ser\u00e1 aplicada na cidade Rio Branco, no Estado do Acre, podendo ser aplicada tamb\u00e9m em cidades vizinhas, caso o n\u00famero de inscritos exceda a capacidade de aloca\u00e7\u00e3o do munic\u00edpio de Rio Branco, na data prov\u00e1vel de 26 de julho de 2015, em hor\u00e1rio e local ainda a ser informado. Ainda haver\u00e1 prova discursiva para todos os cargos.<\/span><\/p>\n<p><span style=\"color: #000000;\"><strong>&gt;&gt;<\/strong><\/span>\u00a0<span style=\"color: #0000ff;\"><a style=\"color: #0000ff;\" title=\"Edital Concurso TRE AC\" href=\"https:\/\/dhg1h5j42swfq.cloudfront.net\/2015\/05\/Edital-Concurso-tre-acre-2015.pdf\" target=\"_blank\">Confira aqui o\u00a0Edital Concurso TRE-AC 2015<\/a><\/span><\/p>\n<p><span style=\"color: #000000;\"><strong>O Estrat\u00e9gia Concursos\u00a0j\u00e1 lan\u00e7ou\u00a0cursos para os cargos de T\u00e9cnico Judici\u00e1rio (\u00c1rea Administrativa) e Analista Judici\u00e1rio (\u00c1rea Judici\u00e1ria). Veja\u00a0em:<\/strong><\/span><\/p>\n<p><span style=\"color: #0000ff;\"><a style=\"color: #0000ff;\" href=\"https:\/\/www.estrategiaconcursos.com.br\/cursosPorConcurso\/tre-ac-385\/\">https:\/\/www.estrategiaconcursos.com.br\/cursosPorConcurso\/tre-ac-385\/<\/a><\/span><\/p>\n<p><span style=\"color: #000000;\">Assessoria de Comunica\u00e7\u00e3o<\/span><\/p>\n<p><span style=\"color: #000000;\">comunicacao@estrategiaconcursos.com.br<\/span><\/p>\n","protected":false},"excerpt":{"rendered":"<p>Termina na noite desta quinta-feira, 25, o prazo para inscri\u00e7\u00f5es no\u00a0concurso do\u00a0Tribunal Regional Eleitoral do Acre (concurso TRE-Acre), realizado para preenchimento de vagas em cargos de n\u00edvel m\u00e9dio e n\u00edvel superior. Os interessados devem acessar o\u00a0site da organizadora, a AOCP, at\u00e9 \u00e0s 23h59.\u00a0A taxa \u00e9 de\u00a0R$ 56,65. Os oportunidades\u00a0de n\u00edvel superior s\u00e3o para analista judici\u00e1rio [&hellip;]<\/p>\n","protected":false},"author":1,"featured_media":0,"comment_status":"open","ping_status":"open","sticky":false,"template":"","format":"standard","meta":{"post_tipo":"news","footnotes":""},"categories":[1],"tags":[674,761,760],"tax_estado":[],"class_list":["post-24139","post","type-post","status-publish","format-standard","hentry","category-cursos-e-concursos","tag-inscricoes","tag-tre-ac","tag-tre-acre"],"acf":[],"yoast_head":"<!-- This site is optimized with the Yoast SEO Premium plugin v27.2 (Yoast SEO v27.2) - https:\/\/yoast.com\/product\/yoast-seo-premium-wordpress\/ -->\n<title>ATEN\u00c7\u00c3O AO PRAZO:Termina nesta quinta-feira o prazo para inscri\u00e7\u00f5es no concurso TRE-Acre<\/title>\n<meta name=\"description\" content=\"Termina na noite desta quinta-feira, 25, o prazo para inscri\u00e7\u00f5es no concurso TRE-Acre. Saiba mais!\" \/>\n<meta name=\"robots\" content=\"index, follow, max-snippet:-1, max-image-preview:large, max-video-preview:-1\" \/>\n<link rel=\"canonical\" href=\"https:\/\/www.estrategiaconcursos.com.br\/blog\/atencao-ao-prazotermina-nesta-quinta-feira-o-prazo-para-inscricoes-no-concurso-tre-acre\/\" \/>\n<meta property=\"og:locale\" content=\"pt_BR\" \/>\n<meta property=\"og:type\" content=\"article\" \/>\n<meta property=\"og:title\" content=\"ATEN\u00c7\u00c3O AO PRAZO:Termina nesta quinta-feira o prazo para inscri\u00e7\u00f5es no concurso TRE-Acre\" \/>\n<meta property=\"og:description\" content=\"Termina na noite desta quinta-feira, 25, o prazo para inscri\u00e7\u00f5es no concurso TRE-Acre. Saiba mais!\" \/>\n<meta property=\"og:url\" content=\"https:\/\/www.estrategiaconcursos.com.br\/blog\/atencao-ao-prazotermina-nesta-quinta-feira-o-prazo-para-inscricoes-no-concurso-tre-acre\/\" \/>\n<meta property=\"og:site_name\" content=\"Estrat\u00e9gia Concursos\" \/>\n<meta property=\"article:author\" content=\"https:\/\/www.facebook.com\/EstrategiaConcursos\" \/>\n<meta property=\"article:published_time\" content=\"2015-06-25T20:40:36+00:00\" \/>\n<meta property=\"article:modified_time\" content=\"2015-06-26T17:59:20+00:00\" \/>\n<meta property=\"og:image\" content=\"https:\/\/dhg1h5j42swfq.cloudfront.net\/2015\/05\/concurso-TRE-Acre-300x125.jpg\" \/>\n<meta name=\"author\" content=\"Coordena\u00e7\u00e3o\" \/>\n<meta name=\"twitter:card\" content=\"summary_large_image\" \/>\n<meta name=\"twitter:creator\" content=\"@EstratConcursos\" \/>\n<meta name=\"twitter:site\" content=\"@EstratConcursos\" \/>\n<meta name=\"twitter:label1\" content=\"Escrito por\" \/>\n\t<meta name=\"twitter:data1\" content=\"Coordena\u00e7\u00e3o\" \/>\n\t<meta name=\"twitter:label2\" content=\"Est. tempo de leitura\" \/>\n\t<meta name=\"twitter:data2\" content=\"1 minuto\" \/>\n<script type=\"application\/ld+json\" class=\"yoast-schema-graph\">{\"@context\":\"https:\/\/schema.org\",\"@graph\":[{\"@type\":\"NewsArticle\",\"@id\":\"https:\/\/www.estrategiaconcursos.com.br\/blog\/atencao-ao-prazotermina-nesta-quinta-feira-o-prazo-para-inscricoes-no-concurso-tre-acre\/#article\",\"isPartOf\":{\"@id\":\"https:\/\/www.estrategiaconcursos.com.br\/blog\/atencao-ao-prazotermina-nesta-quinta-feira-o-prazo-para-inscricoes-no-concurso-tre-acre\/\"},\"author\":{\"name\":\"Coordena\u00e7\u00e3o\",\"@id\":\"https:\/\/www.estrategiaconcursos.com.br\/blog\/#\/schema\/person\/b4a388c97673c5f483d72185668afa1f\"},\"headline\":\"ATEN\u00c7\u00c3O AO PRAZO:Termina nesta quinta-feira o prazo para inscri\u00e7\u00f5es no concurso TRE-Acre\",\"datePublished\":\"2015-06-25T20:40:36+00:00\",\"dateModified\":\"2015-06-26T17:59:20+00:00\",\"mainEntityOfPage\":{\"@id\":\"https:\/\/www.estrategiaconcursos.com.br\/blog\/atencao-ao-prazotermina-nesta-quinta-feira-o-prazo-para-inscricoes-no-concurso-tre-acre\/\"},\"wordCount\":249,\"commentCount\":0,\"publisher\":{\"@id\":\"https:\/\/www.estrategiaconcursos.com.br\/blog\/#organization\"},\"image\":{\"@id\":\"https:\/\/www.estrategiaconcursos.com.br\/blog\/atencao-ao-prazotermina-nesta-quinta-feira-o-prazo-para-inscricoes-no-concurso-tre-acre\/#primaryimage\"},\"thumbnailUrl\":\"https:\/\/dhg1h5j42swfq.cloudfront.net\/2015\/05\/concurso-TRE-Acre-300x125.jpg\",\"keywords\":[\"inscri\u00e7\u00f5es\",\"TRE-AC\",\"TRE-Acre\"],\"articleSection\":[\"Concursos P\u00fablicos\"],\"inLanguage\":\"pt-BR\",\"potentialAction\":[{\"@type\":\"CommentAction\",\"name\":\"Comment\",\"target\":[\"https:\/\/www.estrategiaconcursos.com.br\/blog\/atencao-ao-prazotermina-nesta-quinta-feira-o-prazo-para-inscricoes-no-concurso-tre-acre\/#respond\"]}],\"copyrightYear\":\"2015\",\"copyrightHolder\":{\"@id\":\"https:\/\/www.estrategiaconcursos.com.br\/blog\/#organization\"}},{\"@type\":\"WebPage\",\"@id\":\"https:\/\/www.estrategiaconcursos.com.br\/blog\/atencao-ao-prazotermina-nesta-quinta-feira-o-prazo-para-inscricoes-no-concurso-tre-acre\/\",\"url\":\"https:\/\/www.estrategiaconcursos.com.br\/blog\/atencao-ao-prazotermina-nesta-quinta-feira-o-prazo-para-inscricoes-no-concurso-tre-acre\/\",\"name\":\"ATEN\u00c7\u00c3O AO PRAZO:Termina nesta quinta-feira o prazo para inscri\u00e7\u00f5es no concurso TRE-Acre\",\"isPartOf\":{\"@id\":\"https:\/\/www.estrategiaconcursos.com.br\/blog\/#website\"},\"primaryImageOfPage\":{\"@id\":\"https:\/\/www.estrategiaconcursos.com.br\/blog\/atencao-ao-prazotermina-nesta-quinta-feira-o-prazo-para-inscricoes-no-concurso-tre-acre\/#primaryimage\"},\"image\":{\"@id\":\"https:\/\/www.estrategiaconcursos.com.br\/blog\/atencao-ao-prazotermina-nesta-quinta-feira-o-prazo-para-inscricoes-no-concurso-tre-acre\/#primaryimage\"},\"thumbnailUrl\":\"https:\/\/dhg1h5j42swfq.cloudfront.net\/2015\/05\/concurso-TRE-Acre-300x125.jpg\",\"datePublished\":\"2015-06-25T20:40:36+00:00\",\"dateModified\":\"2015-06-26T17:59:20+00:00\",\"description\":\"Termina na noite desta quinta-feira, 25, o prazo para inscri\u00e7\u00f5es no concurso TRE-Acre. Saiba mais!\",\"breadcrumb\":{\"@id\":\"https:\/\/www.estrategiaconcursos.com.br\/blog\/atencao-ao-prazotermina-nesta-quinta-feira-o-prazo-para-inscricoes-no-concurso-tre-acre\/#breadcrumb\"},\"inLanguage\":\"pt-BR\",\"potentialAction\":[{\"@type\":\"ReadAction\",\"target\":[\"https:\/\/www.estrategiaconcursos.com.br\/blog\/atencao-ao-prazotermina-nesta-quinta-feira-o-prazo-para-inscricoes-no-concurso-tre-acre\/\"]}]},{\"@type\":\"ImageObject\",\"inLanguage\":\"pt-BR\",\"@id\":\"https:\/\/www.estrategiaconcursos.com.br\/blog\/atencao-ao-prazotermina-nesta-quinta-feira-o-prazo-para-inscricoes-no-concurso-tre-acre\/#primaryimage\",\"url\":\"https:\/\/dhg1h5j42swfq.cloudfront.net\/2015\/05\/concurso-TRE-Acre-300x125.jpg\",\"contentUrl\":\"https:\/\/dhg1h5j42swfq.cloudfront.net\/2015\/05\/concurso-TRE-Acre-300x125.jpg\"},{\"@type\":\"BreadcrumbList\",\"@id\":\"https:\/\/www.estrategiaconcursos.com.br\/blog\/atencao-ao-prazotermina-nesta-quinta-feira-o-prazo-para-inscricoes-no-concurso-tre-acre\/#breadcrumb\",\"itemListElement\":[{\"@type\":\"ListItem\",\"position\":1,\"name\":\"In\u00edcio\",\"item\":\"https:\/\/www.estrategiaconcursos.com.br\/blog\/\"},{\"@type\":\"ListItem\",\"position\":2,\"name\":\"ATEN\u00c7\u00c3O AO PRAZO:Termina nesta quinta-feira o prazo para inscri\u00e7\u00f5es no concurso TRE-Acre\"}]},{\"@type\":\"WebSite\",\"@id\":\"https:\/\/www.estrategiaconcursos.com.br\/blog\/#website\",\"url\":\"https:\/\/www.estrategiaconcursos.com.br\/blog\/\",\"name\":\"Estrat\u00e9gia Concursos\",\"description\":\"O blog da Estrat\u00e9gia Concursos traz not\u00edcias sobre concursos e artigos de professores oferecendo cursos para concursos (pdf + videaulas) no site.\",\"publisher\":{\"@id\":\"https:\/\/www.estrategiaconcursos.com.br\/blog\/#organization\"},\"potentialAction\":[{\"@type\":\"SearchAction\",\"target\":{\"@type\":\"EntryPoint\",\"urlTemplate\":\"https:\/\/www.estrategiaconcursos.com.br\/blog\/?s={search_term_string}\"},\"query-input\":{\"@type\":\"PropertyValueSpecification\",\"valueRequired\":true,\"valueName\":\"search_term_string\"}}],\"inLanguage\":\"pt-BR\"},{\"@type\":\"Organization\",\"@id\":\"https:\/\/www.estrategiaconcursos.com.br\/blog\/#organization\",\"name\":\"Estrat\u00e9gia Concursos\",\"url\":\"https:\/\/www.estrategiaconcursos.com.br\/blog\/\",\"logo\":{\"@type\":\"ImageObject\",\"inLanguage\":\"pt-BR\",\"@id\":\"https:\/\/www.estrategiaconcursos.com.br\/blog\/#\/schema\/logo\/image\/\",\"url\":\"https:\/\/dhg1h5j42swfq.cloudfront.net\/2025\/06\/03203428\/logo_concursos-1.jpg\",\"contentUrl\":\"https:\/\/dhg1h5j42swfq.cloudfront.net\/2025\/06\/03203428\/logo_concursos-1.jpg\",\"width\":230,\"height\":60,\"caption\":\"Estrat\u00e9gia Concursos\"},\"image\":{\"@id\":\"https:\/\/www.estrategiaconcursos.com.br\/blog\/#\/schema\/logo\/image\/\"},\"sameAs\":[\"https:\/\/x.com\/EstratConcursos\"]},{\"@type\":\"Person\",\"@id\":\"https:\/\/www.estrategiaconcursos.com.br\/blog\/#\/schema\/person\/b4a388c97673c5f483d72185668afa1f\",\"name\":\"Coordena\u00e7\u00e3o\",\"image\":{\"@type\":\"ImageObject\",\"inLanguage\":\"pt-BR\",\"@id\":\"https:\/\/secure.gravatar.com\/avatar\/b720319e4c9a967eb58678d110f4fe35452fc5d5f97b202bac7b8acceb18c6ad?s=96&d=mm&r=g\",\"url\":\"https:\/\/secure.gravatar.com\/avatar\/b720319e4c9a967eb58678d110f4fe35452fc5d5f97b202bac7b8acceb18c6ad?s=96&d=mm&r=g\",\"contentUrl\":\"https:\/\/secure.gravatar.com\/avatar\/b720319e4c9a967eb58678d110f4fe35452fc5d5f97b202bac7b8acceb18c6ad?s=96&d=mm&r=g\",\"caption\":\"Coordena\u00e7\u00e3o\"},\"sameAs\":[\"https:\/\/www.facebook.com\/EstrategiaConcursos\",\"https:\/\/x.com\/EstratConcursos\"],\"url\":\"https:\/\/www.estrategiaconcursos.com.br\/blog\/author\/estrategia2013\/\"}]}<\/script>\n<!-- \/ Yoast SEO Premium plugin. -->","yoast_head_json":{"title":"ATEN\u00c7\u00c3O AO PRAZO:Termina nesta quinta-feira o prazo para inscri\u00e7\u00f5es no concurso TRE-Acre","description":"Termina na noite desta quinta-feira, 25, o prazo para inscri\u00e7\u00f5es no concurso TRE-Acre. Saiba mais!","robots":{"index":"index","follow":"follow","max-snippet":"max-snippet:-1","max-image-preview":"max-image-preview:large","max-video-preview":"max-video-preview:-1"},"canonical":"https:\/\/www.estrategiaconcursos.com.br\/blog\/atencao-ao-prazotermina-nesta-quinta-feira-o-prazo-para-inscricoes-no-concurso-tre-acre\/","og_locale":"pt_BR","og_type":"article","og_title":"ATEN\u00c7\u00c3O AO PRAZO:Termina nesta quinta-feira o prazo para inscri\u00e7\u00f5es no concurso TRE-Acre","og_description":"Termina na noite desta quinta-feira, 25, o prazo para inscri\u00e7\u00f5es no concurso TRE-Acre. Saiba mais!","og_url":"https:\/\/www.estrategiaconcursos.com.br\/blog\/atencao-ao-prazotermina-nesta-quinta-feira-o-prazo-para-inscricoes-no-concurso-tre-acre\/","og_site_name":"Estrat\u00e9gia Concursos","article_author":"https:\/\/www.facebook.com\/EstrategiaConcursos","article_published_time":"2015-06-25T20:40:36+00:00","article_modified_time":"2015-06-26T17:59:20+00:00","og_image":[{"url":"https:\/\/dhg1h5j42swfq.cloudfront.net\/2015\/05\/concurso-TRE-Acre-300x125.jpg","type":"","width":"","height":""}],"author":"Coordena\u00e7\u00e3o","twitter_card":"summary_large_image","twitter_creator":"@EstratConcursos","twitter_site":"@EstratConcursos","twitter_misc":{"Escrito por":"Coordena\u00e7\u00e3o","Est. tempo de leitura":"1 minuto"},"schema":{"@context":"https:\/\/schema.org","@graph":[{"@type":"NewsArticle","@id":"https:\/\/www.estrategiaconcursos.com.br\/blog\/atencao-ao-prazotermina-nesta-quinta-feira-o-prazo-para-inscricoes-no-concurso-tre-acre\/#article","isPartOf":{"@id":"https:\/\/www.estrategiaconcursos.com.br\/blog\/atencao-ao-prazotermina-nesta-quinta-feira-o-prazo-para-inscricoes-no-concurso-tre-acre\/"},"author":{"name":"Coordena\u00e7\u00e3o","@id":"https:\/\/www.estrategiaconcursos.com.br\/blog\/#\/schema\/person\/b4a388c97673c5f483d72185668afa1f"},"headline":"ATEN\u00c7\u00c3O AO PRAZO:Termina nesta quinta-feira o prazo para inscri\u00e7\u00f5es no concurso TRE-Acre","datePublished":"2015-06-25T20:40:36+00:00","dateModified":"2015-06-26T17:59:20+00:00","mainEntityOfPage":{"@id":"https:\/\/www.estrategiaconcursos.com.br\/blog\/atencao-ao-prazotermina-nesta-quinta-feira-o-prazo-para-inscricoes-no-concurso-tre-acre\/"},"wordCount":249,"commentCount":0,"publisher":{"@id":"https:\/\/www.estrategiaconcursos.com.br\/blog\/#organization"},"image":{"@id":"https:\/\/www.estrategiaconcursos.com.br\/blog\/atencao-ao-prazotermina-nesta-quinta-feira-o-prazo-para-inscricoes-no-concurso-tre-acre\/#primaryimage"},"thumbnailUrl":"https:\/\/dhg1h5j42swfq.cloudfront.net\/2015\/05\/concurso-TRE-Acre-300x125.jpg","keywords":["inscri\u00e7\u00f5es","TRE-AC","TRE-Acre"],"articleSection":["Concursos P\u00fablicos"],"inLanguage":"pt-BR","potentialAction":[{"@type":"CommentAction","name":"Comment","target":["https:\/\/www.estrategiaconcursos.com.br\/blog\/atencao-ao-prazotermina-nesta-quinta-feira-o-prazo-para-inscricoes-no-concurso-tre-acre\/#respond"]}],"copyrightYear":"2015","copyrightHolder":{"@id":"https:\/\/www.estrategiaconcursos.com.br\/blog\/#organization"}},{"@type":"WebPage","@id":"https:\/\/www.estrategiaconcursos.com.br\/blog\/atencao-ao-prazotermina-nesta-quinta-feira-o-prazo-para-inscricoes-no-concurso-tre-acre\/","url":"https:\/\/www.estrategiaconcursos.com.br\/blog\/atencao-ao-prazotermina-nesta-quinta-feira-o-prazo-para-inscricoes-no-concurso-tre-acre\/","name":"ATEN\u00c7\u00c3O AO PRAZO:Termina nesta quinta-feira o prazo para inscri\u00e7\u00f5es no concurso TRE-Acre","isPartOf":{"@id":"https:\/\/www.estrategiaconcursos.com.br\/blog\/#website"},"primaryImageOfPage":{"@id":"https:\/\/www.estrategiaconcursos.com.br\/blog\/atencao-ao-prazotermina-nesta-quinta-feira-o-prazo-para-inscricoes-no-concurso-tre-acre\/#primaryimage"},"image":{"@id":"https:\/\/www.estrategiaconcursos.com.br\/blog\/atencao-ao-prazotermina-nesta-quinta-feira-o-prazo-para-inscricoes-no-concurso-tre-acre\/#primaryimage"},"thumbnailUrl":"https:\/\/dhg1h5j42swfq.cloudfront.net\/2015\/05\/concurso-TRE-Acre-300x125.jpg","datePublished":"2015-06-25T20:40:36+00:00","dateModified":"2015-06-26T17:59:20+00:00","description":"Termina na noite desta quinta-feira, 25, o prazo para inscri\u00e7\u00f5es no concurso TRE-Acre. Saiba mais!","breadcrumb":{"@id":"https:\/\/www.estrategiaconcursos.com.br\/blog\/atencao-ao-prazotermina-nesta-quinta-feira-o-prazo-para-inscricoes-no-concurso-tre-acre\/#breadcrumb"},"inLanguage":"pt-BR","potentialAction":[{"@type":"ReadAction","target":["https:\/\/www.estrategiaconcursos.com.br\/blog\/atencao-ao-prazotermina-nesta-quinta-feira-o-prazo-para-inscricoes-no-concurso-tre-acre\/"]}]},{"@type":"ImageObject","inLanguage":"pt-BR","@id":"https:\/\/www.estrategiaconcursos.com.br\/blog\/atencao-ao-prazotermina-nesta-quinta-feira-o-prazo-para-inscricoes-no-concurso-tre-acre\/#primaryimage","url":"https:\/\/dhg1h5j42swfq.cloudfront.net\/2015\/05\/concurso-TRE-Acre-300x125.jpg","contentUrl":"https:\/\/dhg1h5j42swfq.cloudfront.net\/2015\/05\/concurso-TRE-Acre-300x125.jpg"},{"@type":"BreadcrumbList","@id":"https:\/\/www.estrategiaconcursos.com.br\/blog\/atencao-ao-prazotermina-nesta-quinta-feira-o-prazo-para-inscricoes-no-concurso-tre-acre\/#breadcrumb","itemListElement":[{"@type":"ListItem","position":1,"name":"In\u00edcio","item":"https:\/\/www.estrategiaconcursos.com.br\/blog\/"},{"@type":"ListItem","position":2,"name":"ATEN\u00c7\u00c3O AO PRAZO:Termina nesta quinta-feira o prazo para inscri\u00e7\u00f5es no concurso TRE-Acre"}]},{"@type":"WebSite","@id":"https:\/\/www.estrategiaconcursos.com.br\/blog\/#website","url":"https:\/\/www.estrategiaconcursos.com.br\/blog\/","name":"Estrat\u00e9gia Concursos","description":"O blog da Estrat\u00e9gia Concursos traz not\u00edcias sobre concursos e artigos de professores oferecendo cursos para concursos (pdf + videaulas) no site.","publisher":{"@id":"https:\/\/www.estrategiaconcursos.com.br\/blog\/#organization"},"potentialAction":[{"@type":"SearchAction","target":{"@type":"EntryPoint","urlTemplate":"https:\/\/www.estrategiaconcursos.com.br\/blog\/?s={search_term_string}"},"query-input":{"@type":"PropertyValueSpecification","valueRequired":true,"valueName":"search_term_string"}}],"inLanguage":"pt-BR"},{"@type":"Organization","@id":"https:\/\/www.estrategiaconcursos.com.br\/blog\/#organization","name":"Estrat\u00e9gia Concursos","url":"https:\/\/www.estrategiaconcursos.com.br\/blog\/","logo":{"@type":"ImageObject","inLanguage":"pt-BR","@id":"https:\/\/www.estrategiaconcursos.com.br\/blog\/#\/schema\/logo\/image\/","url":"https:\/\/dhg1h5j42swfq.cloudfront.net\/2025\/06\/03203428\/logo_concursos-1.jpg","contentUrl":"https:\/\/dhg1h5j42swfq.cloudfront.net\/2025\/06\/03203428\/logo_concursos-1.jpg","width":230,"height":60,"caption":"Estrat\u00e9gia Concursos"},"image":{"@id":"https:\/\/www.estrategiaconcursos.com.br\/blog\/#\/schema\/logo\/image\/"},"sameAs":["https:\/\/x.com\/EstratConcursos"]},{"@type":"Person","@id":"https:\/\/www.estrategiaconcursos.com.br\/blog\/#\/schema\/person\/b4a388c97673c5f483d72185668afa1f","name":"Coordena\u00e7\u00e3o","image":{"@type":"ImageObject","inLanguage":"pt-BR","@id":"https:\/\/secure.gravatar.com\/avatar\/b720319e4c9a967eb58678d110f4fe35452fc5d5f97b202bac7b8acceb18c6ad?s=96&d=mm&r=g","url":"https:\/\/secure.gravatar.com\/avatar\/b720319e4c9a967eb58678d110f4fe35452fc5d5f97b202bac7b8acceb18c6ad?s=96&d=mm&r=g","contentUrl":"https:\/\/secure.gravatar.com\/avatar\/b720319e4c9a967eb58678d110f4fe35452fc5d5f97b202bac7b8acceb18c6ad?s=96&d=mm&r=g","caption":"Coordena\u00e7\u00e3o"},"sameAs":["https:\/\/www.facebook.com\/EstrategiaConcursos","https:\/\/x.com\/EstratConcursos"],"url":"https:\/\/www.estrategiaconcursos.com.br\/blog\/author\/estrategia2013\/"}]}},"_links":{"self":[{"href":"https:\/\/www.estrategiaconcursos.com.br\/blog\/wp-json\/wp\/v2\/posts\/24139","targetHints":{"allow":["GET"]}}],"collection":[{"href":"https:\/\/www.estrategiaconcursos.com.br\/blog\/wp-json\/wp\/v2\/posts"}],"about":[{"href":"https:\/\/www.estrategiaconcursos.com.br\/blog\/wp-json\/wp\/v2\/types\/post"}],"author":[{"embeddable":true,"href":"https:\/\/www.estrategiaconcursos.com.br\/blog\/wp-json\/wp\/v2\/users\/1"}],"replies":[{"embeddable":true,"href":"https:\/\/www.estrategiaconcursos.com.br\/blog\/wp-json\/wp\/v2\/comments?post=24139"}],"version-history":[{"count":1,"href":"https:\/\/www.estrategiaconcursos.com.br\/blog\/wp-json\/wp\/v2\/posts\/24139\/revisions"}],"predecessor-version":[{"id":24140,"href":"https:\/\/www.estrategiaconcursos.com.br\/blog\/wp-json\/wp\/v2\/posts\/24139\/revisions\/24140"}],"wp:attachment":[{"href":"https:\/\/www.estrategiaconcursos.com.br\/blog\/wp-json\/wp\/v2\/media?parent=24139"}],"wp:term":[{"taxonomy":"category","embeddable":true,"href":"https:\/\/www.estrategiaconcursos.com.br\/blog\/wp-json\/wp\/v2\/categories?post=24139"},{"taxonomy":"post_tag","embeddable":true,"href":"https:\/\/www.estrategiaconcursos.com.br\/blog\/wp-json\/wp\/v2\/tags?post=24139"},{"taxonomy":"tax_estado","embeddable":true,"href":"https:\/\/www.estrategiaconcursos.com.br\/blog\/wp-json\/wp\/v2\/tax_estado?post=24139"}],"curies":[{"name":"wp","href":"https:\/\/api.w.org\/{rel}","templated":true}]}}