{"id":23985,"date":"2015-06-18T21:35:10","date_gmt":"2015-06-19T00:35:10","guid":{"rendered":"http:\/\/www.estrategiaconcursos.com.br\/blog\/?p=23985"},"modified":"2015-06-22T10:14:12","modified_gmt":"2015-06-22T13:14:12","slug":"decisao-do-tcu-sobre-as-contas-da-presidente-da-republica-entenda-o-que-aconteceu","status":"publish","type":"post","link":"https:\/\/www.estrategiaconcursos.com.br\/blog\/decisao-do-tcu-sobre-as-contas-da-presidente-da-republica-entenda-o-que-aconteceu\/","title":{"rendered":"Decis\u00e3o do TCU sobre as contas da Presidente da Rep\u00fablica: entenda o que aconteceu"},"content":{"rendered":"<p>Ol\u00e1 pessoal,<\/p>\n<p>O Tribunal da Contas da Uni\u00e3o (TCU) apreciou ontem (17\/6\/2015) o parecer pr\u00e9vio acerca das contas da Presidente da Rep\u00fablica\u00a0\u00a0relativas ao exerc\u00edcio de 2014 e, numa <strong>decis\u00e3o in\u00e9dita<\/strong> na hist\u00f3ria recente do pa\u00eds, deu sinais de que poderia apresentar parecer pela <strong>reprova\u00e7\u00e3o<\/strong> das contas.<\/p>\n<p>O<strong> motivo:<\/strong> distor\u00e7\u00f5es da ordem de <strong>R$ 280 bilh\u00f5es<\/strong> nas contas do governo, entre as quais se incluem as chamadas &#8220;pedaladas fiscais&#8221; &#8211; atrasos no repasse de recursos aos bancos p\u00fablicos para quitar compromissos de programas governamentais &#8211; e outras afrontas \u00e0 Lei de Responsabilidade Fiscal.<\/p>\n<p>A emiss\u00e3o do parecer pr\u00e9vio sobre as contas anuais do Presidente da Rep\u00fablica constitui uma das principais fun\u00e7\u00f5es do TCU, prevista no art. 71, I da CF, mas\u00a0ainda n\u00e3o \u00e9 a palavra final, pois o julgamento definitivo cabe ao <strong>Congresso Nacional<\/strong>, por for\u00e7a do art. 49, IX da CF.<\/p>\n<p>Portanto, quem efetivamente ir\u00e1 julgar as contas da Presidente ser\u00e1 o Congresso, tendo como base o parecer pr\u00e9vio emitido pelo TCU. Pelo menos \u00e9 isso que se espera, haja vista que\u00a0<strong>desde 2002<\/strong>\u00a0os congressistas n\u00e3o votam as contas do governo, embora\u00a0o TCU envie seu parecer todos os anos. A Constitui\u00e7\u00e3o define prazo para o TCU emitir o parecer pr\u00e9vio (60 dias a contar do recebimento das contas), mas n\u00e3o estipula prazo para o Congresso efetuar o julgamento.<\/p>\n<p>Ressalte-se que, embora o parecer pr\u00e9vio constitua importante <strong>subs\u00eddio t\u00e9cnico<\/strong> para o julgamento, o Congresso n\u00e3o precisa, necessariamente, seguir o parecer, ou seja, poder\u00e1 decidir diferente do recomendado pelo TCU. O julgamento do Congresso possui car\u00e1ter <strong>pol\u00edtico<\/strong>.<\/p>\n<p>Entretanto,\u00a0o fato de\u00a0o parecer pr\u00e9vio n\u00e3o possuir for\u00e7a\u00a0deliberativa\u00a0<strong>n\u00e3o<\/strong> exonera o TCU\u00a0do dever de observar o <strong>devido processo legal <\/strong>quando de sua emiss\u00e3o, em especial a necessidade de garantir o direito de defesa aos poss\u00edveis prejudicados\u00a0pela decis\u00e3o da Corte de Contas.<\/p>\n<p>Esse, ali\u00e1s, foi o entendimento adotado pelo Supremo Tribunal Federal na\u00a0<strong>SS 1197\/CE<\/strong>, quando afirmou que a <em>&#8220;circunst\u00e2ncia de o Tribunal de Contas exercer atribui\u00e7\u00f5es desvestidas de car\u00e1ter deliberativo <strong>n\u00e3o exonera<\/strong> essa essencial institui\u00e7\u00e3o de controle &#8211; <strong>mesmo tratando-se da aprecia\u00e7\u00e3o simplesmente opinativa das contas anuais prestadas pelo Governador do Estado<\/strong> &#8211; do <strong>dever de observar a cl\u00e1usula constitucional que assegura o direito de defesa <\/strong>e as demais prerrogativas inerentes ao due process of law<strong> aos que possam,ainda que em sede de procedimento administrativo, eventualmente expor-se aos riscos de uma san\u00e7\u00e3o jur\u00eddica<\/strong>&#8220;<\/em>. Nesse processo,\u00a0o STF estava julgando a\u00e7\u00e3o contra parecer pr\u00e9vio do Tribunal de Contas do Estado de Pernambuco que rejeitava as contas do Governador sem o contradit\u00f3rio.<\/p>\n<p>Assim, o TCU entendeu que n\u00e3o poderia concluir o processo de emiss\u00e3o do parecer pr\u00e9vio das contas de 2014 sem antes observar a garantia do contradit\u00f3rio e da ampla defesa assegurada \u00e0 Presidente da Rep\u00fablica. Por isso, concedeu 30 dias para a Presidente explicar as irregularidades encontradas. Apenas\u00a0ap\u00f3s a an\u00e1lise da defesa \u00e9 que o TCU ir\u00e1 emitir seu\u00a0parecer pr\u00e9vio e envia-lo ao Congresso.<\/p>\n<p>\u00c9 importante observar que a concess\u00e3o do referido prazo de defesa <strong>n\u00e3o<\/strong> possui previs\u00e3o expressa na Lei Org\u00e2nica nem no Regimento Interno do TCU, mas foi adotado em raz\u00e3o das garantias individuais previstas diretamente na Constitui\u00e7\u00e3o da Rep\u00fablica.<\/p>\n<p>Enfim, como afirmei no in\u00edcio, trata-se de uma decis\u00e3o in\u00e9dita, pois indica que o TCU poder\u00e1 emitir parecer pela <strong>reprova\u00e7\u00e3o<\/strong> das contas da Presidente da Rep\u00fablica. Por isso, tal decis\u00e3o \u00e9 do interesse n\u00e3o s\u00f3\u00a0daqueles que est\u00e3o estudando para o concurso do TCU, mas de toda a sociedade. A <strong>responsabilidade fiscal<\/strong> e a <strong>confiabilidade das contas p\u00fablicas<\/strong> s\u00e3o pilares que devem ser\u00a0preservados. Afinal, trata-se da gest\u00e3o do <strong>nosso dinheiro<\/strong>! S\u00f3 assim poderemos &#8211; quem sabe um dia &#8211;\u00a0atingir\u00a0o <em>status<\/em>\u00a0de na\u00e7\u00e3o desenvolvida, com servi\u00e7os p\u00fablicos de qualidade e justi\u00e7a social.<\/p>\n<p>Grande abra\u00e7o!<\/p>\n<p><strong>Erick Alves<\/strong><\/p>\n<p>&nbsp;<\/p>\n<p>&gt;&gt; <a href=\"https:\/\/www.estrategiaconcursos.com.br\/cursosPorConcurso\/tcu-auditor-area-auditoria-governamental-2015-108\/\">Cursos para Concurso TCU &#8211; Auditor<\/a><\/p>\n<p>&gt;&gt; <a href=\"https:\/\/www.estrategiaconcursos.com.br\/cursosPorConcurso\/tcu-tecnico-federal-de-controle-externo-66\/\">Cursos para Concurso TCU &#8211;\u00a0T\u00e9cnico<\/a><\/p>\n","protected":false},"excerpt":{"rendered":"<p>Ol\u00e1 pessoal, O Tribunal da Contas da Uni\u00e3o (TCU) apreciou ontem (17\/6\/2015) o parecer pr\u00e9vio acerca das contas da Presidente da Rep\u00fablica\u00a0\u00a0relativas ao exerc\u00edcio de 2014 e, numa decis\u00e3o in\u00e9dita na hist\u00f3ria recente do pa\u00eds, deu sinais de que poderia apresentar parecer pela reprova\u00e7\u00e3o das contas. O motivo: distor\u00e7\u00f5es da ordem de R$ 280 bilh\u00f5es [&hellip;]<\/p>\n","protected":false},"author":48,"featured_media":0,"comment_status":"open","ping_status":"open","sticky":false,"template":"","format":"standard","meta":{"post_tipo":"article","footnotes":""},"categories":[1],"tags":[549,598],"tax_estado":[],"class_list":["post-23985","post","type-post","status-publish","format-standard","hentry","category-cursos-e-concursos","tag-atualidades","tag-tcu"],"acf":[],"yoast_head":"<!-- This site is optimized with the Yoast SEO Premium plugin v27.2 (Yoast SEO v27.2) - https:\/\/yoast.com\/product\/yoast-seo-premium-wordpress\/ -->\n<title>Decis\u00e3o TCU sobre contas da Presidente da Rep\u00fablica<\/title>\n<meta name=\"description\" content=\"O Tribunal da Contas da Uni\u00e3o (TCU) numa decis\u00e3o in\u00e9dita na hist\u00f3ria do pa\u00eds, deu sinais de que poderia apresentar parecer pela reprova\u00e7\u00e3o das contas.\" \/>\n<meta name=\"robots\" content=\"index, follow, max-snippet:-1, max-image-preview:large, max-video-preview:-1\" \/>\n<link rel=\"canonical\" href=\"https:\/\/www.estrategiaconcursos.com.br\/blog\/decisao-do-tcu-sobre-as-contas-da-presidente-da-republica-entenda-o-que-aconteceu\/\" \/>\n<meta property=\"og:locale\" content=\"pt_BR\" \/>\n<meta property=\"og:type\" content=\"article\" \/>\n<meta property=\"og:title\" content=\"Decis\u00e3o do TCU sobre as contas da Presidente da Rep\u00fablica: entenda o que aconteceu\" \/>\n<meta property=\"og:description\" content=\"O Tribunal da Contas da Uni\u00e3o (TCU) numa decis\u00e3o in\u00e9dita na hist\u00f3ria do pa\u00eds, deu sinais de que poderia apresentar parecer pela reprova\u00e7\u00e3o das contas.\" \/>\n<meta property=\"og:url\" content=\"https:\/\/www.estrategiaconcursos.com.br\/blog\/decisao-do-tcu-sobre-as-contas-da-presidente-da-republica-entenda-o-que-aconteceu\/\" \/>\n<meta property=\"og:site_name\" content=\"Estrat\u00e9gia Concursos\" \/>\n<meta property=\"article:published_time\" content=\"2015-06-19T00:35:10+00:00\" \/>\n<meta property=\"article:modified_time\" content=\"2015-06-22T13:14:12+00:00\" \/>\n<meta name=\"author\" content=\"Coordena\u00e7\u00e3o\" \/>\n<meta name=\"twitter:card\" content=\"summary_large_image\" \/>\n<meta name=\"twitter:creator\" content=\"@EstratConcursos\" \/>\n<meta name=\"twitter:site\" content=\"@EstratConcursos\" \/>\n<meta name=\"twitter:label1\" content=\"Escrito por\" \/>\n\t<meta name=\"twitter:data1\" content=\"Coordena\u00e7\u00e3o\" \/>\n\t<meta name=\"twitter:label2\" content=\"Est. tempo de leitura\" \/>\n\t<meta name=\"twitter:data2\" content=\"4 minutos\" \/>\n<script type=\"application\/ld+json\" class=\"yoast-schema-graph\">{\"@context\":\"https:\/\/schema.org\",\"@graph\":[{\"@type\":\"NewsArticle\",\"@id\":\"https:\/\/www.estrategiaconcursos.com.br\/blog\/decisao-do-tcu-sobre-as-contas-da-presidente-da-republica-entenda-o-que-aconteceu\/#article\",\"isPartOf\":{\"@id\":\"https:\/\/www.estrategiaconcursos.com.br\/blog\/decisao-do-tcu-sobre-as-contas-da-presidente-da-republica-entenda-o-que-aconteceu\/\"},\"author\":{\"name\":\"Coordena\u00e7\u00e3o\",\"@id\":\"https:\/\/www.estrategiaconcursos.com.br\/blog\/#\/schema\/person\/cdad40b5818eb228a838461fcd656da7\"},\"headline\":\"Decis\u00e3o do TCU sobre as contas da Presidente da Rep\u00fablica: entenda o que aconteceu\",\"datePublished\":\"2015-06-19T00:35:10+00:00\",\"dateModified\":\"2015-06-22T13:14:12+00:00\",\"mainEntityOfPage\":{\"@id\":\"https:\/\/www.estrategiaconcursos.com.br\/blog\/decisao-do-tcu-sobre-as-contas-da-presidente-da-republica-entenda-o-que-aconteceu\/\"},\"wordCount\":725,\"commentCount\":40,\"publisher\":{\"@id\":\"https:\/\/www.estrategiaconcursos.com.br\/blog\/#organization\"},\"keywords\":[\"Atualidades\",\"Concurso TCU\"],\"articleSection\":[\"Concursos P\u00fablicos\"],\"inLanguage\":\"pt-BR\",\"potentialAction\":[{\"@type\":\"CommentAction\",\"name\":\"Comment\",\"target\":[\"https:\/\/www.estrategiaconcursos.com.br\/blog\/decisao-do-tcu-sobre-as-contas-da-presidente-da-republica-entenda-o-que-aconteceu\/#respond\"]}],\"copyrightYear\":\"2015\",\"copyrightHolder\":{\"@id\":\"https:\/\/www.estrategiaconcursos.com.br\/blog\/#organization\"}},{\"@type\":\"WebPage\",\"@id\":\"https:\/\/www.estrategiaconcursos.com.br\/blog\/decisao-do-tcu-sobre-as-contas-da-presidente-da-republica-entenda-o-que-aconteceu\/\",\"url\":\"https:\/\/www.estrategiaconcursos.com.br\/blog\/decisao-do-tcu-sobre-as-contas-da-presidente-da-republica-entenda-o-que-aconteceu\/\",\"name\":\"Decis\u00e3o TCU sobre contas da Presidente da Rep\u00fablica\",\"isPartOf\":{\"@id\":\"https:\/\/www.estrategiaconcursos.com.br\/blog\/#website\"},\"datePublished\":\"2015-06-19T00:35:10+00:00\",\"dateModified\":\"2015-06-22T13:14:12+00:00\",\"description\":\"O Tribunal da Contas da Uni\u00e3o (TCU) numa decis\u00e3o in\u00e9dita na hist\u00f3ria do pa\u00eds, deu sinais de que poderia apresentar parecer pela reprova\u00e7\u00e3o das contas.\",\"breadcrumb\":{\"@id\":\"https:\/\/www.estrategiaconcursos.com.br\/blog\/decisao-do-tcu-sobre-as-contas-da-presidente-da-republica-entenda-o-que-aconteceu\/#breadcrumb\"},\"inLanguage\":\"pt-BR\",\"potentialAction\":[{\"@type\":\"ReadAction\",\"target\":[\"https:\/\/www.estrategiaconcursos.com.br\/blog\/decisao-do-tcu-sobre-as-contas-da-presidente-da-republica-entenda-o-que-aconteceu\/\"]}]},{\"@type\":\"BreadcrumbList\",\"@id\":\"https:\/\/www.estrategiaconcursos.com.br\/blog\/decisao-do-tcu-sobre-as-contas-da-presidente-da-republica-entenda-o-que-aconteceu\/#breadcrumb\",\"itemListElement\":[{\"@type\":\"ListItem\",\"position\":1,\"name\":\"In\u00edcio\",\"item\":\"https:\/\/www.estrategiaconcursos.com.br\/blog\/\"},{\"@type\":\"ListItem\",\"position\":2,\"name\":\"Decis\u00e3o do TCU sobre as contas da Presidente da Rep\u00fablica: entenda o que aconteceu\"}]},{\"@type\":\"WebSite\",\"@id\":\"https:\/\/www.estrategiaconcursos.com.br\/blog\/#website\",\"url\":\"https:\/\/www.estrategiaconcursos.com.br\/blog\/\",\"name\":\"Estrat\u00e9gia Concursos\",\"description\":\"O blog da Estrat\u00e9gia Concursos traz not\u00edcias sobre concursos e artigos de professores oferecendo cursos para concursos (pdf + videaulas) no site.\",\"publisher\":{\"@id\":\"https:\/\/www.estrategiaconcursos.com.br\/blog\/#organization\"},\"potentialAction\":[{\"@type\":\"SearchAction\",\"target\":{\"@type\":\"EntryPoint\",\"urlTemplate\":\"https:\/\/www.estrategiaconcursos.com.br\/blog\/?s={search_term_string}\"},\"query-input\":{\"@type\":\"PropertyValueSpecification\",\"valueRequired\":true,\"valueName\":\"search_term_string\"}}],\"inLanguage\":\"pt-BR\"},{\"@type\":\"Organization\",\"@id\":\"https:\/\/www.estrategiaconcursos.com.br\/blog\/#organization\",\"name\":\"Estrat\u00e9gia Concursos\",\"url\":\"https:\/\/www.estrategiaconcursos.com.br\/blog\/\",\"logo\":{\"@type\":\"ImageObject\",\"inLanguage\":\"pt-BR\",\"@id\":\"https:\/\/www.estrategiaconcursos.com.br\/blog\/#\/schema\/logo\/image\/\",\"url\":\"https:\/\/dhg1h5j42swfq.cloudfront.net\/2025\/06\/03203428\/logo_concursos-1.jpg\",\"contentUrl\":\"https:\/\/dhg1h5j42swfq.cloudfront.net\/2025\/06\/03203428\/logo_concursos-1.jpg\",\"width\":230,\"height\":60,\"caption\":\"Estrat\u00e9gia Concursos\"},\"image\":{\"@id\":\"https:\/\/www.estrategiaconcursos.com.br\/blog\/#\/schema\/logo\/image\/\"},\"sameAs\":[\"https:\/\/x.com\/EstratConcursos\"]},{\"@type\":\"Person\",\"@id\":\"https:\/\/www.estrategiaconcursos.com.br\/blog\/#\/schema\/person\/cdad40b5818eb228a838461fcd656da7\",\"name\":\"Coordena\u00e7\u00e3o\",\"image\":{\"@type\":\"ImageObject\",\"inLanguage\":\"pt-BR\",\"@id\":\"https:\/\/secure.gravatar.com\/avatar\/a413b22da0f5009c634f6c4586a2dbe5207074fd5becd88db5183b8069ef25e4?s=96&d=mm&r=g\",\"url\":\"https:\/\/secure.gravatar.com\/avatar\/a413b22da0f5009c634f6c4586a2dbe5207074fd5becd88db5183b8069ef25e4?s=96&d=mm&r=g\",\"contentUrl\":\"https:\/\/secure.gravatar.com\/avatar\/a413b22da0f5009c634f6c4586a2dbe5207074fd5becd88db5183b8069ef25e4?s=96&d=mm&r=g\",\"caption\":\"Coordena\u00e7\u00e3o\"},\"url\":\"https:\/\/www.estrategiaconcursos.com.br\/blog\/author\/contatoestrategiaconcursos-com-br\/\"}]}<\/script>\n<!-- \/ Yoast SEO Premium plugin. -->","yoast_head_json":{"title":"Decis\u00e3o TCU sobre contas da Presidente da Rep\u00fablica","description":"O Tribunal da Contas da Uni\u00e3o (TCU) numa decis\u00e3o in\u00e9dita na hist\u00f3ria do pa\u00eds, deu sinais de que poderia apresentar parecer pela reprova\u00e7\u00e3o das contas.","robots":{"index":"index","follow":"follow","max-snippet":"max-snippet:-1","max-image-preview":"max-image-preview:large","max-video-preview":"max-video-preview:-1"},"canonical":"https:\/\/www.estrategiaconcursos.com.br\/blog\/decisao-do-tcu-sobre-as-contas-da-presidente-da-republica-entenda-o-que-aconteceu\/","og_locale":"pt_BR","og_type":"article","og_title":"Decis\u00e3o do TCU sobre as contas da Presidente da Rep\u00fablica: entenda o que aconteceu","og_description":"O Tribunal da Contas da Uni\u00e3o (TCU) numa decis\u00e3o in\u00e9dita na hist\u00f3ria do pa\u00eds, deu sinais de que poderia apresentar parecer pela reprova\u00e7\u00e3o das contas.","og_url":"https:\/\/www.estrategiaconcursos.com.br\/blog\/decisao-do-tcu-sobre-as-contas-da-presidente-da-republica-entenda-o-que-aconteceu\/","og_site_name":"Estrat\u00e9gia Concursos","article_published_time":"2015-06-19T00:35:10+00:00","article_modified_time":"2015-06-22T13:14:12+00:00","author":"Coordena\u00e7\u00e3o","twitter_card":"summary_large_image","twitter_creator":"@EstratConcursos","twitter_site":"@EstratConcursos","twitter_misc":{"Escrito por":"Coordena\u00e7\u00e3o","Est. tempo de leitura":"4 minutos"},"schema":{"@context":"https:\/\/schema.org","@graph":[{"@type":"NewsArticle","@id":"https:\/\/www.estrategiaconcursos.com.br\/blog\/decisao-do-tcu-sobre-as-contas-da-presidente-da-republica-entenda-o-que-aconteceu\/#article","isPartOf":{"@id":"https:\/\/www.estrategiaconcursos.com.br\/blog\/decisao-do-tcu-sobre-as-contas-da-presidente-da-republica-entenda-o-que-aconteceu\/"},"author":{"name":"Coordena\u00e7\u00e3o","@id":"https:\/\/www.estrategiaconcursos.com.br\/blog\/#\/schema\/person\/cdad40b5818eb228a838461fcd656da7"},"headline":"Decis\u00e3o do TCU sobre as contas da Presidente da Rep\u00fablica: entenda o que aconteceu","datePublished":"2015-06-19T00:35:10+00:00","dateModified":"2015-06-22T13:14:12+00:00","mainEntityOfPage":{"@id":"https:\/\/www.estrategiaconcursos.com.br\/blog\/decisao-do-tcu-sobre-as-contas-da-presidente-da-republica-entenda-o-que-aconteceu\/"},"wordCount":725,"commentCount":40,"publisher":{"@id":"https:\/\/www.estrategiaconcursos.com.br\/blog\/#organization"},"keywords":["Atualidades","Concurso TCU"],"articleSection":["Concursos P\u00fablicos"],"inLanguage":"pt-BR","potentialAction":[{"@type":"CommentAction","name":"Comment","target":["https:\/\/www.estrategiaconcursos.com.br\/blog\/decisao-do-tcu-sobre-as-contas-da-presidente-da-republica-entenda-o-que-aconteceu\/#respond"]}],"copyrightYear":"2015","copyrightHolder":{"@id":"https:\/\/www.estrategiaconcursos.com.br\/blog\/#organization"}},{"@type":"WebPage","@id":"https:\/\/www.estrategiaconcursos.com.br\/blog\/decisao-do-tcu-sobre-as-contas-da-presidente-da-republica-entenda-o-que-aconteceu\/","url":"https:\/\/www.estrategiaconcursos.com.br\/blog\/decisao-do-tcu-sobre-as-contas-da-presidente-da-republica-entenda-o-que-aconteceu\/","name":"Decis\u00e3o TCU sobre contas da Presidente da Rep\u00fablica","isPartOf":{"@id":"https:\/\/www.estrategiaconcursos.com.br\/blog\/#website"},"datePublished":"2015-06-19T00:35:10+00:00","dateModified":"2015-06-22T13:14:12+00:00","description":"O Tribunal da Contas da Uni\u00e3o (TCU) numa decis\u00e3o in\u00e9dita na hist\u00f3ria do pa\u00eds, deu sinais de que poderia apresentar parecer pela reprova\u00e7\u00e3o das contas.","breadcrumb":{"@id":"https:\/\/www.estrategiaconcursos.com.br\/blog\/decisao-do-tcu-sobre-as-contas-da-presidente-da-republica-entenda-o-que-aconteceu\/#breadcrumb"},"inLanguage":"pt-BR","potentialAction":[{"@type":"ReadAction","target":["https:\/\/www.estrategiaconcursos.com.br\/blog\/decisao-do-tcu-sobre-as-contas-da-presidente-da-republica-entenda-o-que-aconteceu\/"]}]},{"@type":"BreadcrumbList","@id":"https:\/\/www.estrategiaconcursos.com.br\/blog\/decisao-do-tcu-sobre-as-contas-da-presidente-da-republica-entenda-o-que-aconteceu\/#breadcrumb","itemListElement":[{"@type":"ListItem","position":1,"name":"In\u00edcio","item":"https:\/\/www.estrategiaconcursos.com.br\/blog\/"},{"@type":"ListItem","position":2,"name":"Decis\u00e3o do TCU sobre as contas da Presidente da Rep\u00fablica: entenda o que aconteceu"}]},{"@type":"WebSite","@id":"https:\/\/www.estrategiaconcursos.com.br\/blog\/#website","url":"https:\/\/www.estrategiaconcursos.com.br\/blog\/","name":"Estrat\u00e9gia Concursos","description":"O blog da Estrat\u00e9gia Concursos traz not\u00edcias sobre concursos e artigos de professores oferecendo cursos para concursos (pdf + videaulas) no site.","publisher":{"@id":"https:\/\/www.estrategiaconcursos.com.br\/blog\/#organization"},"potentialAction":[{"@type":"SearchAction","target":{"@type":"EntryPoint","urlTemplate":"https:\/\/www.estrategiaconcursos.com.br\/blog\/?s={search_term_string}"},"query-input":{"@type":"PropertyValueSpecification","valueRequired":true,"valueName":"search_term_string"}}],"inLanguage":"pt-BR"},{"@type":"Organization","@id":"https:\/\/www.estrategiaconcursos.com.br\/blog\/#organization","name":"Estrat\u00e9gia Concursos","url":"https:\/\/www.estrategiaconcursos.com.br\/blog\/","logo":{"@type":"ImageObject","inLanguage":"pt-BR","@id":"https:\/\/www.estrategiaconcursos.com.br\/blog\/#\/schema\/logo\/image\/","url":"https:\/\/dhg1h5j42swfq.cloudfront.net\/2025\/06\/03203428\/logo_concursos-1.jpg","contentUrl":"https:\/\/dhg1h5j42swfq.cloudfront.net\/2025\/06\/03203428\/logo_concursos-1.jpg","width":230,"height":60,"caption":"Estrat\u00e9gia Concursos"},"image":{"@id":"https:\/\/www.estrategiaconcursos.com.br\/blog\/#\/schema\/logo\/image\/"},"sameAs":["https:\/\/x.com\/EstratConcursos"]},{"@type":"Person","@id":"https:\/\/www.estrategiaconcursos.com.br\/blog\/#\/schema\/person\/cdad40b5818eb228a838461fcd656da7","name":"Coordena\u00e7\u00e3o","image":{"@type":"ImageObject","inLanguage":"pt-BR","@id":"https:\/\/secure.gravatar.com\/avatar\/a413b22da0f5009c634f6c4586a2dbe5207074fd5becd88db5183b8069ef25e4?s=96&d=mm&r=g","url":"https:\/\/secure.gravatar.com\/avatar\/a413b22da0f5009c634f6c4586a2dbe5207074fd5becd88db5183b8069ef25e4?s=96&d=mm&r=g","contentUrl":"https:\/\/secure.gravatar.com\/avatar\/a413b22da0f5009c634f6c4586a2dbe5207074fd5becd88db5183b8069ef25e4?s=96&d=mm&r=g","caption":"Coordena\u00e7\u00e3o"},"url":"https:\/\/www.estrategiaconcursos.com.br\/blog\/author\/contatoestrategiaconcursos-com-br\/"}]}},"_links":{"self":[{"href":"https:\/\/www.estrategiaconcursos.com.br\/blog\/wp-json\/wp\/v2\/posts\/23985","targetHints":{"allow":["GET"]}}],"collection":[{"href":"https:\/\/www.estrategiaconcursos.com.br\/blog\/wp-json\/wp\/v2\/posts"}],"about":[{"href":"https:\/\/www.estrategiaconcursos.com.br\/blog\/wp-json\/wp\/v2\/types\/post"}],"author":[{"embeddable":true,"href":"https:\/\/www.estrategiaconcursos.com.br\/blog\/wp-json\/wp\/v2\/users\/48"}],"replies":[{"embeddable":true,"href":"https:\/\/www.estrategiaconcursos.com.br\/blog\/wp-json\/wp\/v2\/comments?post=23985"}],"version-history":[{"count":5,"href":"https:\/\/www.estrategiaconcursos.com.br\/blog\/wp-json\/wp\/v2\/posts\/23985\/revisions"}],"predecessor-version":[{"id":24030,"href":"https:\/\/www.estrategiaconcursos.com.br\/blog\/wp-json\/wp\/v2\/posts\/23985\/revisions\/24030"}],"wp:attachment":[{"href":"https:\/\/www.estrategiaconcursos.com.br\/blog\/wp-json\/wp\/v2\/media?parent=23985"}],"wp:term":[{"taxonomy":"category","embeddable":true,"href":"https:\/\/www.estrategiaconcursos.com.br\/blog\/wp-json\/wp\/v2\/categories?post=23985"},{"taxonomy":"post_tag","embeddable":true,"href":"https:\/\/www.estrategiaconcursos.com.br\/blog\/wp-json\/wp\/v2\/tags?post=23985"},{"taxonomy":"tax_estado","embeddable":true,"href":"https:\/\/www.estrategiaconcursos.com.br\/blog\/wp-json\/wp\/v2\/tax_estado?post=23985"}],"curies":[{"name":"wp","href":"https:\/\/api.w.org\/{rel}","templated":true}]}}