{"id":23938,"date":"2015-06-16T14:50:26","date_gmt":"2015-06-16T17:50:26","guid":{"rendered":"http:\/\/www.estrategiaconcursos.com.br\/blog\/?p=23938"},"modified":"2015-06-19T13:39:22","modified_gmt":"2015-06-19T16:39:22","slug":"reta-final-tcu-prepare-se-para-a-prova-de-portugues-2","status":"publish","type":"post","link":"https:\/\/www.estrategiaconcursos.com.br\/blog\/reta-final-tcu-prepare-se-para-a-prova-de-portugues-2\/","title":{"rendered":"RETA FINAL TCU: prepare-se para a prova de Portugu\u00eas"},"content":{"rendered":"<p>Ol\u00e1, amigos do Estrat\u00e9gia.<\/p>\n<p>O edital para o concurso do Tribunal de Contas da Uni\u00e3o (TCU) foi divulgado e as provas ocorrer\u00e3o na data de 09 de agosto, ou seja, temos dois meses para realizar aquela revis\u00e3o final e fixar os assuntos.<\/p>\n<p>Os conte\u00fados program\u00e1ticos de L\u00edngua Portuguesa, tanto para <a href=\"https:\/\/www.estrategiaconcursos.com.br\/cursosPorConcurso\/tcu-tecnico-federal-de-controle-externo-66\/\">T\u00e9cnico Federal de Controle Externo (TFCE)<\/a> quanto para <a href=\"https:\/\/www.estrategiaconcursos.com.br\/cursosPorConcurso\/tcu-auditor-area-tecnologia-da-informacao-291\/\">Auditor Federal de Controle Externo (AFCE)<\/a>, n\u00e3o apresentaram nenhuma surpresa, confiram:<\/p>\n<p><em>L\u00cdNGUA PORTUGUESA (TFCE): 1 Compreens\u00e3o e interpreta\u00e7\u00e3o de textos. 2 Tipologia textual. 3 Ortografia oficial. 4 Acentua\u00e7\u00e3o gr\u00e1fica. 5 Emprego das classes de palavras. 6 Emprego do sinal indicativo de crase. 7 Sintaxe da ora\u00e7\u00e3o e do per\u00edodo. 8 Pontua\u00e7\u00e3o. 9 Concord\u00e2ncia nominal e verbal. 10 Reg\u00eancia nominal e verbal. 11 Significa\u00e7\u00e3o das palavras. 12 Reda\u00e7\u00e3o de correspond\u00eancias oficiais.<\/em><\/p>\n<p><em>L\u00cdNGUA PORTUGUESA (AFCE): 1 Compreens\u00e3o e interpreta\u00e7\u00e3o de textos de g\u00eaneros variados. 2 Reconhecimento de tipos e g\u00eaneros textuais. 3 Dom\u00ednio da ortografia oficial. 4 Dom\u00ednio dos mecanismos de coes\u00e3o textual. 4.1 Emprego de elementos de referencia\u00e7\u00e3o, substitui\u00e7\u00e3o e repeti\u00e7\u00e3o, de conectores e de outros elementos de sequencia\u00e7\u00e3o textual. 4.2 Emprego de tempos e modos verbais. 5 Dom\u00ednio da estrutura morfossint\u00e1tica do per\u00edodo. 5.1 Emprego das classes de palavras. 5.2 Rela\u00e7\u00f5es de coordena\u00e7\u00e3o entre ora\u00e7\u00f5es e entre termos da ora\u00e7\u00e3o. 5.3 Rela\u00e7\u00f5es de subordina\u00e7\u00e3o entre ora\u00e7\u00f5es e entre termos da ora\u00e7\u00e3o. 5.4 Emprego dos sinais de pontua\u00e7\u00e3o. 5.5 Concord\u00e2ncia verbal e nominal. 5.6 Reg\u00eancia verbal e nominal. 5.7 Emprego do sinal indicativo de crase. 5.8 Coloca\u00e7\u00e3o dos pronomes \u00e1tonos. 6 Reescrita de frases e par\u00e1grafos do texto. 6.1 Significa\u00e7\u00e3o das palavras. 6.2 Substitui\u00e7\u00e3o de palavras ou de trechos de texto. 6.3 Reorganiza\u00e7\u00e3o da estrutura de ora\u00e7\u00f5es e de per\u00edodos do texto. 6.4 Reescrita de textos de diferentes g\u00eaneros e n\u00edveis de formalidade. 7 Correspond\u00eancia oficial (conforme Manual de Reda\u00e7\u00e3o da Presid\u00eancia da Rep\u00fablica). 7.1 Aspectos gerais da reda\u00e7\u00e3o oficial. 7.2 Finalidade dos expedientes oficiais. 7.3 Adequa\u00e7\u00e3o da linguagem ao tipo de documento. 7.4 Adequa\u00e7\u00e3o do formato do texto ao g\u00eanero.<\/em><\/p>\n<p>Para o cargo de TFCE e AFCE, as quest\u00f5es de Portugu\u00eas integrar\u00e3o a prova de Conhecimentos B\u00e1sicos (peso 1), composta de 50 e 100 quest\u00f5es, respectivamente.<\/p>\n<p>Para este certame, preparei um <strong>curso de Quest\u00f5es de L\u00edngua Portuguesa apenas com quest\u00f5es do CESPE<\/strong>. No curso, os assuntos do edital s\u00e3o todos explanados por meio da resolu\u00e7\u00e3o dos itens. \u00c9 uma boa forma de aprender o conte\u00fado e revisar os assuntos.<\/p>\n<p>Confiram as aulas demonstrativas nos links abaixo:<\/p>\n<p><a href=\"https:\/\/d2tacdowib50bg.cloudfront.net\/64215\/00000000000\/curso-6728-aula-00-v3.pdf?Expires=1434487804&amp;Signature=Z~NgWKFMOFK~UHEO3C3mGKyAwJ7Zv86ZHSpUUW-E5ZU~ZGD40P2qAVBXJI3D5tpba9LCwfVCMUtU1PqtUrLr4ZIDdw~LKbPqE9-da3jszeoKYLXsPGGNoVw2TGhAppu8ahYT~lIr~X3tQhegNGMRCqexCtLvV1prkznnpTLZ~Es_&amp;Key-Pair-Id=APKAIKHUAVWTIL5FVANA\">AULA 00 \u2013 PORTUGU\u00caS \u2013 TFCE<\/a><\/p>\n<p><a href=\"https:\/\/d2tacdowib50bg.cloudfront.net\/64225\/00000000000\/curso-6729-aula-00-v3.pdf?Expires=1434487755&amp;Signature=g0siyFMVc6-b9Z2woGqcQ-GGXBp6k5D50MeztQJhsZYyoq682ZY3bE8e7uID0iVxjsWjOL7ywyfFOMsSocjI7E1na0DkMhS65TXvMDSW0fkhEC1HPWzpFEwwnM53n29I2P-WT3~AQlwf0DdYkPN1Qiqe0y0ZBmnGWSMBcujeYcc_&amp;Key-Pair-Id=APKAIKHUAVWTIL5FVANA\">AULA 00 \u2013 PORTUGU\u00caS \u2013 AFCE<\/a><\/p>\n<p>Vamos l\u00e1. Contem comigo nessa jornada at\u00e9 a prova.<\/p>\n<p>Abra\u00e7os<\/p>\n<p>Ludimila<\/p>\n","protected":false},"excerpt":{"rendered":"<p>Ol\u00e1, amigos do Estrat\u00e9gia. O edital para o concurso do Tribunal de Contas da Uni\u00e3o (TCU) foi divulgado e as provas ocorrer\u00e3o na data de 09 de agosto, ou seja, temos dois meses para realizar aquela revis\u00e3o final e fixar os assuntos. Os conte\u00fados program\u00e1ticos de L\u00edngua Portuguesa, tanto para T\u00e9cnico Federal de Controle Externo [&hellip;]<\/p>\n","protected":false},"author":172,"featured_media":0,"comment_status":"open","ping_status":"open","sticky":false,"template":"","format":"standard","meta":{"post_tipo":"article","footnotes":""},"categories":[1],"tags":[598,15],"tax_estado":[],"class_list":["post-23938","post","type-post","status-publish","format-standard","hentry","category-cursos-e-concursos","tag-tcu","tag-portugues"],"acf":[],"yoast_head":"<!-- This site is optimized with the Yoast SEO Premium plugin v27.2 (Yoast SEO v27.2) - https:\/\/yoast.com\/product\/yoast-seo-premium-wordpress\/ -->\n<title>Prepare-se para a prova de Portugu\u00eas do Concurso TCU<\/title>\n<meta name=\"description\" content=\"Preparei um curso de Quest\u00f5es de L\u00edngua Portuguesa apenas com quest\u00f5es do CESPE. No curso, os assuntos do edital s\u00e3o todos explanados.\" \/>\n<meta name=\"robots\" content=\"index, follow, max-snippet:-1, max-image-preview:large, max-video-preview:-1\" \/>\n<link rel=\"canonical\" href=\"https:\/\/www.estrategiaconcursos.com.br\/blog\/reta-final-tcu-prepare-se-para-a-prova-de-portugues-2\/\" \/>\n<meta property=\"og:locale\" content=\"pt_BR\" \/>\n<meta property=\"og:type\" content=\"article\" \/>\n<meta property=\"og:title\" content=\"RETA FINAL TCU: prepare-se para a prova de Portugu\u00eas\" \/>\n<meta property=\"og:description\" content=\"Preparei um curso de Quest\u00f5es de L\u00edngua Portuguesa apenas com quest\u00f5es do CESPE. No curso, os assuntos do edital s\u00e3o todos explanados.\" \/>\n<meta property=\"og:url\" content=\"https:\/\/www.estrategiaconcursos.com.br\/blog\/reta-final-tcu-prepare-se-para-a-prova-de-portugues-2\/\" \/>\n<meta property=\"og:site_name\" content=\"Estrat\u00e9gia Concursos\" \/>\n<meta property=\"article:published_time\" content=\"2015-06-16T17:50:26+00:00\" \/>\n<meta property=\"article:modified_time\" content=\"2015-06-19T16:39:22+00:00\" \/>\n<meta name=\"author\" content=\"Ludimila Lamounier\" \/>\n<meta name=\"twitter:card\" content=\"summary_large_image\" \/>\n<meta name=\"twitter:creator\" content=\"@EstratConcursos\" \/>\n<meta name=\"twitter:site\" content=\"@EstratConcursos\" \/>\n<meta name=\"twitter:label1\" content=\"Escrito por\" \/>\n\t<meta name=\"twitter:data1\" content=\"Ludimila Lamounier\" \/>\n\t<meta name=\"twitter:label2\" content=\"Est. tempo de leitura\" \/>\n\t<meta name=\"twitter:data2\" content=\"2 minutos\" \/>\n<script type=\"application\/ld+json\" class=\"yoast-schema-graph\">{\"@context\":\"https:\/\/schema.org\",\"@graph\":[{\"@type\":\"NewsArticle\",\"@id\":\"https:\/\/www.estrategiaconcursos.com.br\/blog\/reta-final-tcu-prepare-se-para-a-prova-de-portugues-2\/#article\",\"isPartOf\":{\"@id\":\"https:\/\/www.estrategiaconcursos.com.br\/blog\/reta-final-tcu-prepare-se-para-a-prova-de-portugues-2\/\"},\"author\":{\"name\":\"Ludimila Lamounier\",\"@id\":\"https:\/\/www.estrategiaconcursos.com.br\/blog\/#\/schema\/person\/b4b4016a4b8b90b3cd88e745a31a08d8\"},\"headline\":\"RETA FINAL TCU: prepare-se para a prova de Portugu\u00eas\",\"datePublished\":\"2015-06-16T17:50:26+00:00\",\"dateModified\":\"2015-06-19T16:39:22+00:00\",\"mainEntityOfPage\":{\"@id\":\"https:\/\/www.estrategiaconcursos.com.br\/blog\/reta-final-tcu-prepare-se-para-a-prova-de-portugues-2\/\"},\"wordCount\":468,\"commentCount\":2,\"publisher\":{\"@id\":\"https:\/\/www.estrategiaconcursos.com.br\/blog\/#organization\"},\"keywords\":[\"Concurso TCU\",\"Portugu\u00eas\"],\"articleSection\":[\"Concursos P\u00fablicos\"],\"inLanguage\":\"pt-BR\",\"potentialAction\":[{\"@type\":\"CommentAction\",\"name\":\"Comment\",\"target\":[\"https:\/\/www.estrategiaconcursos.com.br\/blog\/reta-final-tcu-prepare-se-para-a-prova-de-portugues-2\/#respond\"]}],\"copyrightYear\":\"2015\",\"copyrightHolder\":{\"@id\":\"https:\/\/www.estrategiaconcursos.com.br\/blog\/#organization\"}},{\"@type\":\"WebPage\",\"@id\":\"https:\/\/www.estrategiaconcursos.com.br\/blog\/reta-final-tcu-prepare-se-para-a-prova-de-portugues-2\/\",\"url\":\"https:\/\/www.estrategiaconcursos.com.br\/blog\/reta-final-tcu-prepare-se-para-a-prova-de-portugues-2\/\",\"name\":\"Prepare-se para a prova de Portugu\u00eas do Concurso TCU\",\"isPartOf\":{\"@id\":\"https:\/\/www.estrategiaconcursos.com.br\/blog\/#website\"},\"datePublished\":\"2015-06-16T17:50:26+00:00\",\"dateModified\":\"2015-06-19T16:39:22+00:00\",\"description\":\"Preparei um curso de Quest\u00f5es de L\u00edngua Portuguesa apenas com quest\u00f5es do CESPE. No curso, os assuntos do edital s\u00e3o todos explanados.\",\"breadcrumb\":{\"@id\":\"https:\/\/www.estrategiaconcursos.com.br\/blog\/reta-final-tcu-prepare-se-para-a-prova-de-portugues-2\/#breadcrumb\"},\"inLanguage\":\"pt-BR\",\"potentialAction\":[{\"@type\":\"ReadAction\",\"target\":[\"https:\/\/www.estrategiaconcursos.com.br\/blog\/reta-final-tcu-prepare-se-para-a-prova-de-portugues-2\/\"]}]},{\"@type\":\"BreadcrumbList\",\"@id\":\"https:\/\/www.estrategiaconcursos.com.br\/blog\/reta-final-tcu-prepare-se-para-a-prova-de-portugues-2\/#breadcrumb\",\"itemListElement\":[{\"@type\":\"ListItem\",\"position\":1,\"name\":\"In\u00edcio\",\"item\":\"https:\/\/www.estrategiaconcursos.com.br\/blog\/\"},{\"@type\":\"ListItem\",\"position\":2,\"name\":\"RETA FINAL TCU: prepare-se para a prova de Portugu\u00eas\"}]},{\"@type\":\"WebSite\",\"@id\":\"https:\/\/www.estrategiaconcursos.com.br\/blog\/#website\",\"url\":\"https:\/\/www.estrategiaconcursos.com.br\/blog\/\",\"name\":\"Estrat\u00e9gia Concursos\",\"description\":\"O blog da Estrat\u00e9gia Concursos traz not\u00edcias sobre concursos e artigos de professores oferecendo cursos para concursos (pdf + videaulas) no site.\",\"publisher\":{\"@id\":\"https:\/\/www.estrategiaconcursos.com.br\/blog\/#organization\"},\"potentialAction\":[{\"@type\":\"SearchAction\",\"target\":{\"@type\":\"EntryPoint\",\"urlTemplate\":\"https:\/\/www.estrategiaconcursos.com.br\/blog\/?s={search_term_string}\"},\"query-input\":{\"@type\":\"PropertyValueSpecification\",\"valueRequired\":true,\"valueName\":\"search_term_string\"}}],\"inLanguage\":\"pt-BR\"},{\"@type\":\"Organization\",\"@id\":\"https:\/\/www.estrategiaconcursos.com.br\/blog\/#organization\",\"name\":\"Estrat\u00e9gia Concursos\",\"url\":\"https:\/\/www.estrategiaconcursos.com.br\/blog\/\",\"logo\":{\"@type\":\"ImageObject\",\"inLanguage\":\"pt-BR\",\"@id\":\"https:\/\/www.estrategiaconcursos.com.br\/blog\/#\/schema\/logo\/image\/\",\"url\":\"https:\/\/dhg1h5j42swfq.cloudfront.net\/2025\/06\/03203428\/logo_concursos-1.jpg\",\"contentUrl\":\"https:\/\/dhg1h5j42swfq.cloudfront.net\/2025\/06\/03203428\/logo_concursos-1.jpg\",\"width\":230,\"height\":60,\"caption\":\"Estrat\u00e9gia Concursos\"},\"image\":{\"@id\":\"https:\/\/www.estrategiaconcursos.com.br\/blog\/#\/schema\/logo\/image\/\"},\"sameAs\":[\"https:\/\/x.com\/EstratConcursos\"]},{\"@type\":\"Person\",\"@id\":\"https:\/\/www.estrategiaconcursos.com.br\/blog\/#\/schema\/person\/b4b4016a4b8b90b3cd88e745a31a08d8\",\"name\":\"Ludimila Lamounier\",\"image\":{\"@type\":\"ImageObject\",\"inLanguage\":\"pt-BR\",\"@id\":\"https:\/\/secure.gravatar.com\/avatar\/6a65684d0a8f67a5ea4895fd5140364da8ce4d1b8b1d5e2f99bfa33c901c1ebd?s=96&d=mm&r=g\",\"url\":\"https:\/\/secure.gravatar.com\/avatar\/6a65684d0a8f67a5ea4895fd5140364da8ce4d1b8b1d5e2f99bfa33c901c1ebd?s=96&d=mm&r=g\",\"contentUrl\":\"https:\/\/secure.gravatar.com\/avatar\/6a65684d0a8f67a5ea4895fd5140364da8ce4d1b8b1d5e2f99bfa33c901c1ebd?s=96&d=mm&r=g\",\"caption\":\"Ludimila Lamounier\"},\"url\":\"https:\/\/www.estrategiaconcursos.com.br\/blog\/author\/ludimilaestrategiaconcursos-com-br\/\"}]}<\/script>\n<!-- \/ Yoast SEO Premium plugin. -->","yoast_head_json":{"title":"Prepare-se para a prova de Portugu\u00eas do Concurso TCU","description":"Preparei um curso de Quest\u00f5es de L\u00edngua Portuguesa apenas com quest\u00f5es do CESPE. No curso, os assuntos do edital s\u00e3o todos explanados.","robots":{"index":"index","follow":"follow","max-snippet":"max-snippet:-1","max-image-preview":"max-image-preview:large","max-video-preview":"max-video-preview:-1"},"canonical":"https:\/\/www.estrategiaconcursos.com.br\/blog\/reta-final-tcu-prepare-se-para-a-prova-de-portugues-2\/","og_locale":"pt_BR","og_type":"article","og_title":"RETA FINAL TCU: prepare-se para a prova de Portugu\u00eas","og_description":"Preparei um curso de Quest\u00f5es de L\u00edngua Portuguesa apenas com quest\u00f5es do CESPE. No curso, os assuntos do edital s\u00e3o todos explanados.","og_url":"https:\/\/www.estrategiaconcursos.com.br\/blog\/reta-final-tcu-prepare-se-para-a-prova-de-portugues-2\/","og_site_name":"Estrat\u00e9gia Concursos","article_published_time":"2015-06-16T17:50:26+00:00","article_modified_time":"2015-06-19T16:39:22+00:00","author":"Ludimila Lamounier","twitter_card":"summary_large_image","twitter_creator":"@EstratConcursos","twitter_site":"@EstratConcursos","twitter_misc":{"Escrito por":"Ludimila Lamounier","Est. tempo de leitura":"2 minutos"},"schema":{"@context":"https:\/\/schema.org","@graph":[{"@type":"NewsArticle","@id":"https:\/\/www.estrategiaconcursos.com.br\/blog\/reta-final-tcu-prepare-se-para-a-prova-de-portugues-2\/#article","isPartOf":{"@id":"https:\/\/www.estrategiaconcursos.com.br\/blog\/reta-final-tcu-prepare-se-para-a-prova-de-portugues-2\/"},"author":{"name":"Ludimila Lamounier","@id":"https:\/\/www.estrategiaconcursos.com.br\/blog\/#\/schema\/person\/b4b4016a4b8b90b3cd88e745a31a08d8"},"headline":"RETA FINAL TCU: prepare-se para a prova de Portugu\u00eas","datePublished":"2015-06-16T17:50:26+00:00","dateModified":"2015-06-19T16:39:22+00:00","mainEntityOfPage":{"@id":"https:\/\/www.estrategiaconcursos.com.br\/blog\/reta-final-tcu-prepare-se-para-a-prova-de-portugues-2\/"},"wordCount":468,"commentCount":2,"publisher":{"@id":"https:\/\/www.estrategiaconcursos.com.br\/blog\/#organization"},"keywords":["Concurso TCU","Portugu\u00eas"],"articleSection":["Concursos P\u00fablicos"],"inLanguage":"pt-BR","potentialAction":[{"@type":"CommentAction","name":"Comment","target":["https:\/\/www.estrategiaconcursos.com.br\/blog\/reta-final-tcu-prepare-se-para-a-prova-de-portugues-2\/#respond"]}],"copyrightYear":"2015","copyrightHolder":{"@id":"https:\/\/www.estrategiaconcursos.com.br\/blog\/#organization"}},{"@type":"WebPage","@id":"https:\/\/www.estrategiaconcursos.com.br\/blog\/reta-final-tcu-prepare-se-para-a-prova-de-portugues-2\/","url":"https:\/\/www.estrategiaconcursos.com.br\/blog\/reta-final-tcu-prepare-se-para-a-prova-de-portugues-2\/","name":"Prepare-se para a prova de Portugu\u00eas do Concurso TCU","isPartOf":{"@id":"https:\/\/www.estrategiaconcursos.com.br\/blog\/#website"},"datePublished":"2015-06-16T17:50:26+00:00","dateModified":"2015-06-19T16:39:22+00:00","description":"Preparei um curso de Quest\u00f5es de L\u00edngua Portuguesa apenas com quest\u00f5es do CESPE. No curso, os assuntos do edital s\u00e3o todos explanados.","breadcrumb":{"@id":"https:\/\/www.estrategiaconcursos.com.br\/blog\/reta-final-tcu-prepare-se-para-a-prova-de-portugues-2\/#breadcrumb"},"inLanguage":"pt-BR","potentialAction":[{"@type":"ReadAction","target":["https:\/\/www.estrategiaconcursos.com.br\/blog\/reta-final-tcu-prepare-se-para-a-prova-de-portugues-2\/"]}]},{"@type":"BreadcrumbList","@id":"https:\/\/www.estrategiaconcursos.com.br\/blog\/reta-final-tcu-prepare-se-para-a-prova-de-portugues-2\/#breadcrumb","itemListElement":[{"@type":"ListItem","position":1,"name":"In\u00edcio","item":"https:\/\/www.estrategiaconcursos.com.br\/blog\/"},{"@type":"ListItem","position":2,"name":"RETA FINAL TCU: prepare-se para a prova de Portugu\u00eas"}]},{"@type":"WebSite","@id":"https:\/\/www.estrategiaconcursos.com.br\/blog\/#website","url":"https:\/\/www.estrategiaconcursos.com.br\/blog\/","name":"Estrat\u00e9gia Concursos","description":"O blog da Estrat\u00e9gia Concursos traz not\u00edcias sobre concursos e artigos de professores oferecendo cursos para concursos (pdf + videaulas) no site.","publisher":{"@id":"https:\/\/www.estrategiaconcursos.com.br\/blog\/#organization"},"potentialAction":[{"@type":"SearchAction","target":{"@type":"EntryPoint","urlTemplate":"https:\/\/www.estrategiaconcursos.com.br\/blog\/?s={search_term_string}"},"query-input":{"@type":"PropertyValueSpecification","valueRequired":true,"valueName":"search_term_string"}}],"inLanguage":"pt-BR"},{"@type":"Organization","@id":"https:\/\/www.estrategiaconcursos.com.br\/blog\/#organization","name":"Estrat\u00e9gia Concursos","url":"https:\/\/www.estrategiaconcursos.com.br\/blog\/","logo":{"@type":"ImageObject","inLanguage":"pt-BR","@id":"https:\/\/www.estrategiaconcursos.com.br\/blog\/#\/schema\/logo\/image\/","url":"https:\/\/dhg1h5j42swfq.cloudfront.net\/2025\/06\/03203428\/logo_concursos-1.jpg","contentUrl":"https:\/\/dhg1h5j42swfq.cloudfront.net\/2025\/06\/03203428\/logo_concursos-1.jpg","width":230,"height":60,"caption":"Estrat\u00e9gia Concursos"},"image":{"@id":"https:\/\/www.estrategiaconcursos.com.br\/blog\/#\/schema\/logo\/image\/"},"sameAs":["https:\/\/x.com\/EstratConcursos"]},{"@type":"Person","@id":"https:\/\/www.estrategiaconcursos.com.br\/blog\/#\/schema\/person\/b4b4016a4b8b90b3cd88e745a31a08d8","name":"Ludimila Lamounier","image":{"@type":"ImageObject","inLanguage":"pt-BR","@id":"https:\/\/secure.gravatar.com\/avatar\/6a65684d0a8f67a5ea4895fd5140364da8ce4d1b8b1d5e2f99bfa33c901c1ebd?s=96&d=mm&r=g","url":"https:\/\/secure.gravatar.com\/avatar\/6a65684d0a8f67a5ea4895fd5140364da8ce4d1b8b1d5e2f99bfa33c901c1ebd?s=96&d=mm&r=g","contentUrl":"https:\/\/secure.gravatar.com\/avatar\/6a65684d0a8f67a5ea4895fd5140364da8ce4d1b8b1d5e2f99bfa33c901c1ebd?s=96&d=mm&r=g","caption":"Ludimila Lamounier"},"url":"https:\/\/www.estrategiaconcursos.com.br\/blog\/author\/ludimilaestrategiaconcursos-com-br\/"}]}},"_links":{"self":[{"href":"https:\/\/www.estrategiaconcursos.com.br\/blog\/wp-json\/wp\/v2\/posts\/23938","targetHints":{"allow":["GET"]}}],"collection":[{"href":"https:\/\/www.estrategiaconcursos.com.br\/blog\/wp-json\/wp\/v2\/posts"}],"about":[{"href":"https:\/\/www.estrategiaconcursos.com.br\/blog\/wp-json\/wp\/v2\/types\/post"}],"author":[{"embeddable":true,"href":"https:\/\/www.estrategiaconcursos.com.br\/blog\/wp-json\/wp\/v2\/users\/172"}],"replies":[{"embeddable":true,"href":"https:\/\/www.estrategiaconcursos.com.br\/blog\/wp-json\/wp\/v2\/comments?post=23938"}],"version-history":[{"count":2,"href":"https:\/\/www.estrategiaconcursos.com.br\/blog\/wp-json\/wp\/v2\/posts\/23938\/revisions"}],"predecessor-version":[{"id":23995,"href":"https:\/\/www.estrategiaconcursos.com.br\/blog\/wp-json\/wp\/v2\/posts\/23938\/revisions\/23995"}],"wp:attachment":[{"href":"https:\/\/www.estrategiaconcursos.com.br\/blog\/wp-json\/wp\/v2\/media?parent=23938"}],"wp:term":[{"taxonomy":"category","embeddable":true,"href":"https:\/\/www.estrategiaconcursos.com.br\/blog\/wp-json\/wp\/v2\/categories?post=23938"},{"taxonomy":"post_tag","embeddable":true,"href":"https:\/\/www.estrategiaconcursos.com.br\/blog\/wp-json\/wp\/v2\/tags?post=23938"},{"taxonomy":"tax_estado","embeddable":true,"href":"https:\/\/www.estrategiaconcursos.com.br\/blog\/wp-json\/wp\/v2\/tax_estado?post=23938"}],"curies":[{"name":"wp","href":"https:\/\/api.w.org\/{rel}","templated":true}]}}