{"id":23919,"date":"2015-06-16T10:11:04","date_gmt":"2015-06-16T13:11:04","guid":{"rendered":"http:\/\/www.estrategiaconcursos.com.br\/blog\/?p=23919"},"modified":"2015-06-16T10:25:21","modified_gmt":"2015-06-16T13:25:21","slug":"aprovado-anteprojeto-que-amplia-estrutura-e-preve-criacao-de-mais-650-cargos-na-justica-do-trabalho-no-parana-trt-pr","status":"publish","type":"post","link":"https:\/\/www.estrategiaconcursos.com.br\/blog\/aprovado-anteprojeto-que-amplia-estrutura-e-preve-criacao-de-mais-650-cargos-na-justica-do-trabalho-no-parana-trt-pr\/","title":{"rendered":"Aprovado anteprojeto que amplia estrutura e prev\u00ea cria\u00e7\u00e3o de mais 650 cargos na Justi\u00e7a do Trabalho no Paran\u00e1 (TRT-PR)"},"content":{"rendered":"<p style=\"text-align: justify;\"><span style=\"color: #000000;\"><a href=\"https:\/\/dhg1h5j42swfq.cloudfront.net\/2015\/06\/concurso-TRT-PR.gif\"><img loading=\"lazy\" decoding=\"async\" class=\"alignleft wp-image-23921 size-full\" src=\"https:\/\/dhg1h5j42swfq.cloudfront.net\/2015\/06\/concurso-TRT-PR.gif\" alt=\"concurso TRT-PR\" width=\"314\" height=\"248\" \/><\/a>O \u00d3rg\u00e3o Especial do Tribunal Superior do Trabalho (TST) aprovou por\u00a0unanimidade\u00a0o anteprojeto de lei para amplia\u00e7\u00e3o da estrutura da Justi\u00e7a do Trabalho no Paran\u00e1 (TRT-PR). A boa not\u00edcia para os concurseiros \u00e9 que, entre outros itens, o documento prev\u00ea a cria\u00e7\u00e3o de mais de 650 cargos no estado.<\/span><\/p>\n<p style=\"text-align: justify;\"><span style=\"color: #000000;\">O Anteprojeto de Lei n\u00ba 28409-73.2014.5.90.0000 prop\u00f5e a instala\u00e7\u00e3o\u00a0de nove Varas do Trabalho (Campo Largo, Ibaiti, Palotina, Goioer\u00ea e Medianeira; e 2\u00aas Varas em Campo Mour\u00e3o, Cianorte, Paranava\u00ed e Rol\u00e2ndia), al\u00e9m da cria\u00e7\u00e3o de 29 cargos de Juiz do Trabalho (nove titulares e 20 substitutos) e 636 cargos efetivos (143 de Analista Judici\u00e1rio, \u00c1rea Judici\u00e1ria, Especialidade Oficial de Justi\u00e7a Avaliador Federal; 326 de Analista Judici\u00e1rio, \u00c1rea Judici\u00e1ria; e 167 de T\u00e9cnico Judici\u00e1rio).\u00a0<\/span><\/p>\n<p style=\"text-align: justify;\"><span style=\"color: #000000;\">A proposta segue agora para o Conselho Nacional de Justi\u00e7a e para o Congresso Nacional, onde dever\u00e1 ser transformada em projeto de lei.<\/span><\/p>\n<p style=\"text-align: justify;\"><span style=\"color: #000000;\">Fonte: Com informa\u00e7\u00f5es do TRT-PR<\/span><\/p>\n<p style=\"text-align: justify;\"><span style=\"color: #000000;\"><strong>Pr\u00f3ximo concurso TRT-PR<\/strong><\/span><\/p>\n<p style=\"text-align: justify;\"><span style=\"color: #000000;\">Em novembro de 2014, o TRT-PR constitui\u00a0a comiss\u00e3o respons\u00e1vel pela realiza\u00e7\u00e3o de seu pr\u00f3ximo concurso p\u00fablico ,que dever\u00e1 ocorrer ainda em 2015. Atualmente\u00a0o tribunal ainda conta um concurso em validade, at\u00e9 5 de agosto, por isso somente ap\u00f3s este prazo poder\u00e1 ser iniciada a nova sele\u00e7\u00e3o. Os cargos e vagas ser\u00e3o confirmados quando o edital j\u00e1 estiver sendo discutido, pr\u00f3ximo da sua publica\u00e7\u00e3o.<\/span><\/p>\n<p style=\"text-align: justify;\"><span style=\"color: #000000;\">O \u00faltimo concurso TRT-PR aconteceu em\u00a02012, onde foram oferecidas 23 vagas, sendo dez para o cargo de<strong>\u00a0<\/strong>analista judici\u00e1rio na \u00e1rea judici\u00e1ria, 12 para t\u00e9cnico judici\u00e1rio na \u00e1rea administrativa e uma para t\u00e9cnico judici\u00e1rio na \u00e1rea especializada \u2013especialidade tecnologia da informa\u00e7\u00e3o.\u00a0As remunera\u00e7\u00f5es oferecidas\u00a0foram de R$ 4.984,68 para t\u00e9cnico na \u00e1rea de seguran\u00e7a, R$ 4.052,96 para os demais t\u00e9cnicos, R$ 8.140,08 para analista na \u00e1rea de execu\u00e7\u00e3o de mandados e R$ 6.611,39 para os demais analistas.<\/span><\/p>\n<p style=\"text-align: justify;\"><span style=\"color: #000000;\">A banca respons\u00e1vel pela organiza\u00e7\u00e3o foi a Funda\u00e7\u00e3o Carlos Chagas.<\/span><\/p>\n<p style=\"text-align: justify;\"><span style=\"color: #000000;\"><strong>O Estrat\u00e9gia Concursos j\u00e1 lan\u00e7ou cursos pre-edital para o concurso TRT-PR. Confira em:<\/strong><\/span><\/p>\n<p><span style=\"color: #0000ff;\"><a style=\"color: #0000ff;\" href=\"https:\/\/www.estrategiaconcursos.com.br\/cursosPorConcurso\/trt-9-regiao-parana-122\/\">https:\/\/www.estrategiaconcursos.com.br\/cursosPorConcurso\/trt-9-regiao-parana-122\/<\/a><\/span><\/p>\n<p><span style=\"color: #000000;\">Assessoria de Comunica\u00e7\u00e3o<\/span><\/p>\n<p><span style=\"color: #000000;\">comunicacao@estrategiaconcursos.com.br<\/span><\/p>\n","protected":false},"excerpt":{"rendered":"<p>O \u00d3rg\u00e3o Especial do Tribunal Superior do Trabalho (TST) aprovou por\u00a0unanimidade\u00a0o anteprojeto de lei para amplia\u00e7\u00e3o da estrutura da Justi\u00e7a do Trabalho no Paran\u00e1 (TRT-PR). A boa not\u00edcia para os concurseiros \u00e9 que, entre outros itens, o documento prev\u00ea a cria\u00e7\u00e3o de mais de 650 cargos no estado. O Anteprojeto de Lei n\u00ba 28409-73.2014.5.90.0000 prop\u00f5e [&hellip;]<\/p>\n","protected":false},"author":1,"featured_media":0,"comment_status":"open","ping_status":"open","sticky":false,"template":"","format":"standard","meta":{"post_tipo":"news","footnotes":""},"categories":[1],"tags":[773,657],"tax_estado":[],"class_list":["post-23919","post","type-post","status-publish","format-standard","hentry","category-cursos-e-concursos","tag-trt-9","tag-trt-pr"],"acf":[],"yoast_head":"<!-- This site is optimized with the Yoast SEO Premium plugin v27.2 (Yoast SEO v27.2) - https:\/\/yoast.com\/product\/yoast-seo-premium-wordpress\/ -->\n<title>Aprovado anteprojeto que amplia estrutura e prev\u00ea cria\u00e7\u00e3o de mais 650 cargos na Justi\u00e7a do Trabalho no Paran\u00e1 (TRT-PR)<\/title>\n<meta name=\"description\" content=\"Documento prev\u00ea a cria\u00e7\u00e3o de mais de 650 cargos no TRT-PR. Saiba mais!\" \/>\n<meta name=\"robots\" content=\"index, follow, max-snippet:-1, max-image-preview:large, max-video-preview:-1\" \/>\n<link rel=\"canonical\" href=\"https:\/\/www.estrategiaconcursos.com.br\/blog\/aprovado-anteprojeto-que-amplia-estrutura-e-preve-criacao-de-mais-650-cargos-na-justica-do-trabalho-no-parana-trt-pr\/\" \/>\n<meta property=\"og:locale\" content=\"pt_BR\" \/>\n<meta property=\"og:type\" content=\"article\" \/>\n<meta property=\"og:title\" content=\"Aprovado anteprojeto que amplia estrutura e prev\u00ea cria\u00e7\u00e3o de mais 650 cargos na Justi\u00e7a do Trabalho no Paran\u00e1 (TRT-PR)\" \/>\n<meta property=\"og:description\" content=\"Documento prev\u00ea a cria\u00e7\u00e3o de mais de 650 cargos no TRT-PR. Saiba mais!\" \/>\n<meta property=\"og:url\" content=\"https:\/\/www.estrategiaconcursos.com.br\/blog\/aprovado-anteprojeto-que-amplia-estrutura-e-preve-criacao-de-mais-650-cargos-na-justica-do-trabalho-no-parana-trt-pr\/\" \/>\n<meta property=\"og:site_name\" content=\"Estrat\u00e9gia Concursos\" \/>\n<meta property=\"article:author\" content=\"https:\/\/www.facebook.com\/EstrategiaConcursos\" \/>\n<meta property=\"article:published_time\" content=\"2015-06-16T13:11:04+00:00\" \/>\n<meta property=\"article:modified_time\" content=\"2015-06-16T13:25:21+00:00\" \/>\n<meta property=\"og:image\" content=\"https:\/\/dhg1h5j42swfq.cloudfront.net\/2015\/06\/concurso-TRT-PR.gif\" \/>\n<meta name=\"author\" content=\"Coordena\u00e7\u00e3o\" \/>\n<meta name=\"twitter:card\" content=\"summary_large_image\" \/>\n<meta name=\"twitter:creator\" content=\"@EstratConcursos\" \/>\n<meta name=\"twitter:site\" content=\"@EstratConcursos\" \/>\n<meta name=\"twitter:label1\" content=\"Escrito por\" \/>\n\t<meta name=\"twitter:data1\" content=\"Coordena\u00e7\u00e3o\" \/>\n\t<meta name=\"twitter:label2\" content=\"Est. tempo de leitura\" \/>\n\t<meta name=\"twitter:data2\" content=\"2 minutos\" \/>\n<script type=\"application\/ld+json\" class=\"yoast-schema-graph\">{\"@context\":\"https:\/\/schema.org\",\"@graph\":[{\"@type\":\"NewsArticle\",\"@id\":\"https:\/\/www.estrategiaconcursos.com.br\/blog\/aprovado-anteprojeto-que-amplia-estrutura-e-preve-criacao-de-mais-650-cargos-na-justica-do-trabalho-no-parana-trt-pr\/#article\",\"isPartOf\":{\"@id\":\"https:\/\/www.estrategiaconcursos.com.br\/blog\/aprovado-anteprojeto-que-amplia-estrutura-e-preve-criacao-de-mais-650-cargos-na-justica-do-trabalho-no-parana-trt-pr\/\"},\"author\":{\"name\":\"Coordena\u00e7\u00e3o\",\"@id\":\"https:\/\/www.estrategiaconcursos.com.br\/blog\/#\/schema\/person\/b4a388c97673c5f483d72185668afa1f\"},\"headline\":\"Aprovado anteprojeto que amplia estrutura e prev\u00ea cria\u00e7\u00e3o de mais 650 cargos na Justi\u00e7a do Trabalho no Paran\u00e1 (TRT-PR)\",\"datePublished\":\"2015-06-16T13:11:04+00:00\",\"dateModified\":\"2015-06-16T13:25:21+00:00\",\"mainEntityOfPage\":{\"@id\":\"https:\/\/www.estrategiaconcursos.com.br\/blog\/aprovado-anteprojeto-que-amplia-estrutura-e-preve-criacao-de-mais-650-cargos-na-justica-do-trabalho-no-parana-trt-pr\/\"},\"wordCount\":386,\"commentCount\":2,\"publisher\":{\"@id\":\"https:\/\/www.estrategiaconcursos.com.br\/blog\/#organization\"},\"image\":{\"@id\":\"https:\/\/www.estrategiaconcursos.com.br\/blog\/aprovado-anteprojeto-que-amplia-estrutura-e-preve-criacao-de-mais-650-cargos-na-justica-do-trabalho-no-parana-trt-pr\/#primaryimage\"},\"thumbnailUrl\":\"https:\/\/dhg1h5j42swfq.cloudfront.net\/2015\/06\/concurso-TRT-PR.gif\",\"keywords\":[\"TRT-9\",\"TRT-PR\"],\"articleSection\":[\"Concursos P\u00fablicos\"],\"inLanguage\":\"pt-BR\",\"potentialAction\":[{\"@type\":\"CommentAction\",\"name\":\"Comment\",\"target\":[\"https:\/\/www.estrategiaconcursos.com.br\/blog\/aprovado-anteprojeto-que-amplia-estrutura-e-preve-criacao-de-mais-650-cargos-na-justica-do-trabalho-no-parana-trt-pr\/#respond\"]}],\"copyrightYear\":\"2015\",\"copyrightHolder\":{\"@id\":\"https:\/\/www.estrategiaconcursos.com.br\/blog\/#organization\"}},{\"@type\":\"WebPage\",\"@id\":\"https:\/\/www.estrategiaconcursos.com.br\/blog\/aprovado-anteprojeto-que-amplia-estrutura-e-preve-criacao-de-mais-650-cargos-na-justica-do-trabalho-no-parana-trt-pr\/\",\"url\":\"https:\/\/www.estrategiaconcursos.com.br\/blog\/aprovado-anteprojeto-que-amplia-estrutura-e-preve-criacao-de-mais-650-cargos-na-justica-do-trabalho-no-parana-trt-pr\/\",\"name\":\"Aprovado anteprojeto que amplia estrutura e prev\u00ea cria\u00e7\u00e3o de mais 650 cargos na Justi\u00e7a do Trabalho no Paran\u00e1 (TRT-PR)\",\"isPartOf\":{\"@id\":\"https:\/\/www.estrategiaconcursos.com.br\/blog\/#website\"},\"primaryImageOfPage\":{\"@id\":\"https:\/\/www.estrategiaconcursos.com.br\/blog\/aprovado-anteprojeto-que-amplia-estrutura-e-preve-criacao-de-mais-650-cargos-na-justica-do-trabalho-no-parana-trt-pr\/#primaryimage\"},\"image\":{\"@id\":\"https:\/\/www.estrategiaconcursos.com.br\/blog\/aprovado-anteprojeto-que-amplia-estrutura-e-preve-criacao-de-mais-650-cargos-na-justica-do-trabalho-no-parana-trt-pr\/#primaryimage\"},\"thumbnailUrl\":\"https:\/\/dhg1h5j42swfq.cloudfront.net\/2015\/06\/concurso-TRT-PR.gif\",\"datePublished\":\"2015-06-16T13:11:04+00:00\",\"dateModified\":\"2015-06-16T13:25:21+00:00\",\"description\":\"Documento prev\u00ea a cria\u00e7\u00e3o de mais de 650 cargos no TRT-PR. Saiba mais!\",\"breadcrumb\":{\"@id\":\"https:\/\/www.estrategiaconcursos.com.br\/blog\/aprovado-anteprojeto-que-amplia-estrutura-e-preve-criacao-de-mais-650-cargos-na-justica-do-trabalho-no-parana-trt-pr\/#breadcrumb\"},\"inLanguage\":\"pt-BR\",\"potentialAction\":[{\"@type\":\"ReadAction\",\"target\":[\"https:\/\/www.estrategiaconcursos.com.br\/blog\/aprovado-anteprojeto-que-amplia-estrutura-e-preve-criacao-de-mais-650-cargos-na-justica-do-trabalho-no-parana-trt-pr\/\"]}]},{\"@type\":\"ImageObject\",\"inLanguage\":\"pt-BR\",\"@id\":\"https:\/\/www.estrategiaconcursos.com.br\/blog\/aprovado-anteprojeto-que-amplia-estrutura-e-preve-criacao-de-mais-650-cargos-na-justica-do-trabalho-no-parana-trt-pr\/#primaryimage\",\"url\":\"https:\/\/dhg1h5j42swfq.cloudfront.net\/2015\/06\/concurso-TRT-PR.gif\",\"contentUrl\":\"https:\/\/dhg1h5j42swfq.cloudfront.net\/2015\/06\/concurso-TRT-PR.gif\"},{\"@type\":\"BreadcrumbList\",\"@id\":\"https:\/\/www.estrategiaconcursos.com.br\/blog\/aprovado-anteprojeto-que-amplia-estrutura-e-preve-criacao-de-mais-650-cargos-na-justica-do-trabalho-no-parana-trt-pr\/#breadcrumb\",\"itemListElement\":[{\"@type\":\"ListItem\",\"position\":1,\"name\":\"In\u00edcio\",\"item\":\"https:\/\/www.estrategiaconcursos.com.br\/blog\/\"},{\"@type\":\"ListItem\",\"position\":2,\"name\":\"Aprovado anteprojeto que amplia estrutura e prev\u00ea cria\u00e7\u00e3o de mais 650 cargos na Justi\u00e7a do Trabalho no Paran\u00e1 (TRT-PR)\"}]},{\"@type\":\"WebSite\",\"@id\":\"https:\/\/www.estrategiaconcursos.com.br\/blog\/#website\",\"url\":\"https:\/\/www.estrategiaconcursos.com.br\/blog\/\",\"name\":\"Estrat\u00e9gia Concursos\",\"description\":\"O blog da Estrat\u00e9gia Concursos traz not\u00edcias sobre concursos e artigos de professores oferecendo cursos para concursos (pdf + videaulas) no site.\",\"publisher\":{\"@id\":\"https:\/\/www.estrategiaconcursos.com.br\/blog\/#organization\"},\"potentialAction\":[{\"@type\":\"SearchAction\",\"target\":{\"@type\":\"EntryPoint\",\"urlTemplate\":\"https:\/\/www.estrategiaconcursos.com.br\/blog\/?s={search_term_string}\"},\"query-input\":{\"@type\":\"PropertyValueSpecification\",\"valueRequired\":true,\"valueName\":\"search_term_string\"}}],\"inLanguage\":\"pt-BR\"},{\"@type\":\"Organization\",\"@id\":\"https:\/\/www.estrategiaconcursos.com.br\/blog\/#organization\",\"name\":\"Estrat\u00e9gia Concursos\",\"url\":\"https:\/\/www.estrategiaconcursos.com.br\/blog\/\",\"logo\":{\"@type\":\"ImageObject\",\"inLanguage\":\"pt-BR\",\"@id\":\"https:\/\/www.estrategiaconcursos.com.br\/blog\/#\/schema\/logo\/image\/\",\"url\":\"https:\/\/dhg1h5j42swfq.cloudfront.net\/2025\/06\/03203428\/logo_concursos-1.jpg\",\"contentUrl\":\"https:\/\/dhg1h5j42swfq.cloudfront.net\/2025\/06\/03203428\/logo_concursos-1.jpg\",\"width\":230,\"height\":60,\"caption\":\"Estrat\u00e9gia Concursos\"},\"image\":{\"@id\":\"https:\/\/www.estrategiaconcursos.com.br\/blog\/#\/schema\/logo\/image\/\"},\"sameAs\":[\"https:\/\/x.com\/EstratConcursos\"]},{\"@type\":\"Person\",\"@id\":\"https:\/\/www.estrategiaconcursos.com.br\/blog\/#\/schema\/person\/b4a388c97673c5f483d72185668afa1f\",\"name\":\"Coordena\u00e7\u00e3o\",\"image\":{\"@type\":\"ImageObject\",\"inLanguage\":\"pt-BR\",\"@id\":\"https:\/\/secure.gravatar.com\/avatar\/b720319e4c9a967eb58678d110f4fe35452fc5d5f97b202bac7b8acceb18c6ad?s=96&d=mm&r=g\",\"url\":\"https:\/\/secure.gravatar.com\/avatar\/b720319e4c9a967eb58678d110f4fe35452fc5d5f97b202bac7b8acceb18c6ad?s=96&d=mm&r=g\",\"contentUrl\":\"https:\/\/secure.gravatar.com\/avatar\/b720319e4c9a967eb58678d110f4fe35452fc5d5f97b202bac7b8acceb18c6ad?s=96&d=mm&r=g\",\"caption\":\"Coordena\u00e7\u00e3o\"},\"sameAs\":[\"https:\/\/www.facebook.com\/EstrategiaConcursos\",\"https:\/\/x.com\/EstratConcursos\"],\"url\":\"https:\/\/www.estrategiaconcursos.com.br\/blog\/author\/estrategia2013\/\"}]}<\/script>\n<!-- \/ Yoast SEO Premium plugin. -->","yoast_head_json":{"title":"Aprovado anteprojeto que amplia estrutura e prev\u00ea cria\u00e7\u00e3o de mais 650 cargos na Justi\u00e7a do Trabalho no Paran\u00e1 (TRT-PR)","description":"Documento prev\u00ea a cria\u00e7\u00e3o de mais de 650 cargos no TRT-PR. Saiba mais!","robots":{"index":"index","follow":"follow","max-snippet":"max-snippet:-1","max-image-preview":"max-image-preview:large","max-video-preview":"max-video-preview:-1"},"canonical":"https:\/\/www.estrategiaconcursos.com.br\/blog\/aprovado-anteprojeto-que-amplia-estrutura-e-preve-criacao-de-mais-650-cargos-na-justica-do-trabalho-no-parana-trt-pr\/","og_locale":"pt_BR","og_type":"article","og_title":"Aprovado anteprojeto que amplia estrutura e prev\u00ea cria\u00e7\u00e3o de mais 650 cargos na Justi\u00e7a do Trabalho no Paran\u00e1 (TRT-PR)","og_description":"Documento prev\u00ea a cria\u00e7\u00e3o de mais de 650 cargos no TRT-PR. Saiba mais!","og_url":"https:\/\/www.estrategiaconcursos.com.br\/blog\/aprovado-anteprojeto-que-amplia-estrutura-e-preve-criacao-de-mais-650-cargos-na-justica-do-trabalho-no-parana-trt-pr\/","og_site_name":"Estrat\u00e9gia Concursos","article_author":"https:\/\/www.facebook.com\/EstrategiaConcursos","article_published_time":"2015-06-16T13:11:04+00:00","article_modified_time":"2015-06-16T13:25:21+00:00","og_image":[{"url":"https:\/\/dhg1h5j42swfq.cloudfront.net\/2015\/06\/concurso-TRT-PR.gif","type":"","width":"","height":""}],"author":"Coordena\u00e7\u00e3o","twitter_card":"summary_large_image","twitter_creator":"@EstratConcursos","twitter_site":"@EstratConcursos","twitter_misc":{"Escrito por":"Coordena\u00e7\u00e3o","Est. tempo de leitura":"2 minutos"},"schema":{"@context":"https:\/\/schema.org","@graph":[{"@type":"NewsArticle","@id":"https:\/\/www.estrategiaconcursos.com.br\/blog\/aprovado-anteprojeto-que-amplia-estrutura-e-preve-criacao-de-mais-650-cargos-na-justica-do-trabalho-no-parana-trt-pr\/#article","isPartOf":{"@id":"https:\/\/www.estrategiaconcursos.com.br\/blog\/aprovado-anteprojeto-que-amplia-estrutura-e-preve-criacao-de-mais-650-cargos-na-justica-do-trabalho-no-parana-trt-pr\/"},"author":{"name":"Coordena\u00e7\u00e3o","@id":"https:\/\/www.estrategiaconcursos.com.br\/blog\/#\/schema\/person\/b4a388c97673c5f483d72185668afa1f"},"headline":"Aprovado anteprojeto que amplia estrutura e prev\u00ea cria\u00e7\u00e3o de mais 650 cargos na Justi\u00e7a do Trabalho no Paran\u00e1 (TRT-PR)","datePublished":"2015-06-16T13:11:04+00:00","dateModified":"2015-06-16T13:25:21+00:00","mainEntityOfPage":{"@id":"https:\/\/www.estrategiaconcursos.com.br\/blog\/aprovado-anteprojeto-que-amplia-estrutura-e-preve-criacao-de-mais-650-cargos-na-justica-do-trabalho-no-parana-trt-pr\/"},"wordCount":386,"commentCount":2,"publisher":{"@id":"https:\/\/www.estrategiaconcursos.com.br\/blog\/#organization"},"image":{"@id":"https:\/\/www.estrategiaconcursos.com.br\/blog\/aprovado-anteprojeto-que-amplia-estrutura-e-preve-criacao-de-mais-650-cargos-na-justica-do-trabalho-no-parana-trt-pr\/#primaryimage"},"thumbnailUrl":"https:\/\/dhg1h5j42swfq.cloudfront.net\/2015\/06\/concurso-TRT-PR.gif","keywords":["TRT-9","TRT-PR"],"articleSection":["Concursos P\u00fablicos"],"inLanguage":"pt-BR","potentialAction":[{"@type":"CommentAction","name":"Comment","target":["https:\/\/www.estrategiaconcursos.com.br\/blog\/aprovado-anteprojeto-que-amplia-estrutura-e-preve-criacao-de-mais-650-cargos-na-justica-do-trabalho-no-parana-trt-pr\/#respond"]}],"copyrightYear":"2015","copyrightHolder":{"@id":"https:\/\/www.estrategiaconcursos.com.br\/blog\/#organization"}},{"@type":"WebPage","@id":"https:\/\/www.estrategiaconcursos.com.br\/blog\/aprovado-anteprojeto-que-amplia-estrutura-e-preve-criacao-de-mais-650-cargos-na-justica-do-trabalho-no-parana-trt-pr\/","url":"https:\/\/www.estrategiaconcursos.com.br\/blog\/aprovado-anteprojeto-que-amplia-estrutura-e-preve-criacao-de-mais-650-cargos-na-justica-do-trabalho-no-parana-trt-pr\/","name":"Aprovado anteprojeto que amplia estrutura e prev\u00ea cria\u00e7\u00e3o de mais 650 cargos na Justi\u00e7a do Trabalho no Paran\u00e1 (TRT-PR)","isPartOf":{"@id":"https:\/\/www.estrategiaconcursos.com.br\/blog\/#website"},"primaryImageOfPage":{"@id":"https:\/\/www.estrategiaconcursos.com.br\/blog\/aprovado-anteprojeto-que-amplia-estrutura-e-preve-criacao-de-mais-650-cargos-na-justica-do-trabalho-no-parana-trt-pr\/#primaryimage"},"image":{"@id":"https:\/\/www.estrategiaconcursos.com.br\/blog\/aprovado-anteprojeto-que-amplia-estrutura-e-preve-criacao-de-mais-650-cargos-na-justica-do-trabalho-no-parana-trt-pr\/#primaryimage"},"thumbnailUrl":"https:\/\/dhg1h5j42swfq.cloudfront.net\/2015\/06\/concurso-TRT-PR.gif","datePublished":"2015-06-16T13:11:04+00:00","dateModified":"2015-06-16T13:25:21+00:00","description":"Documento prev\u00ea a cria\u00e7\u00e3o de mais de 650 cargos no TRT-PR. Saiba mais!","breadcrumb":{"@id":"https:\/\/www.estrategiaconcursos.com.br\/blog\/aprovado-anteprojeto-que-amplia-estrutura-e-preve-criacao-de-mais-650-cargos-na-justica-do-trabalho-no-parana-trt-pr\/#breadcrumb"},"inLanguage":"pt-BR","potentialAction":[{"@type":"ReadAction","target":["https:\/\/www.estrategiaconcursos.com.br\/blog\/aprovado-anteprojeto-que-amplia-estrutura-e-preve-criacao-de-mais-650-cargos-na-justica-do-trabalho-no-parana-trt-pr\/"]}]},{"@type":"ImageObject","inLanguage":"pt-BR","@id":"https:\/\/www.estrategiaconcursos.com.br\/blog\/aprovado-anteprojeto-que-amplia-estrutura-e-preve-criacao-de-mais-650-cargos-na-justica-do-trabalho-no-parana-trt-pr\/#primaryimage","url":"https:\/\/dhg1h5j42swfq.cloudfront.net\/2015\/06\/concurso-TRT-PR.gif","contentUrl":"https:\/\/dhg1h5j42swfq.cloudfront.net\/2015\/06\/concurso-TRT-PR.gif"},{"@type":"BreadcrumbList","@id":"https:\/\/www.estrategiaconcursos.com.br\/blog\/aprovado-anteprojeto-que-amplia-estrutura-e-preve-criacao-de-mais-650-cargos-na-justica-do-trabalho-no-parana-trt-pr\/#breadcrumb","itemListElement":[{"@type":"ListItem","position":1,"name":"In\u00edcio","item":"https:\/\/www.estrategiaconcursos.com.br\/blog\/"},{"@type":"ListItem","position":2,"name":"Aprovado anteprojeto que amplia estrutura e prev\u00ea cria\u00e7\u00e3o de mais 650 cargos na Justi\u00e7a do Trabalho no Paran\u00e1 (TRT-PR)"}]},{"@type":"WebSite","@id":"https:\/\/www.estrategiaconcursos.com.br\/blog\/#website","url":"https:\/\/www.estrategiaconcursos.com.br\/blog\/","name":"Estrat\u00e9gia Concursos","description":"O blog da Estrat\u00e9gia Concursos traz not\u00edcias sobre concursos e artigos de professores oferecendo cursos para concursos (pdf + videaulas) no site.","publisher":{"@id":"https:\/\/www.estrategiaconcursos.com.br\/blog\/#organization"},"potentialAction":[{"@type":"SearchAction","target":{"@type":"EntryPoint","urlTemplate":"https:\/\/www.estrategiaconcursos.com.br\/blog\/?s={search_term_string}"},"query-input":{"@type":"PropertyValueSpecification","valueRequired":true,"valueName":"search_term_string"}}],"inLanguage":"pt-BR"},{"@type":"Organization","@id":"https:\/\/www.estrategiaconcursos.com.br\/blog\/#organization","name":"Estrat\u00e9gia Concursos","url":"https:\/\/www.estrategiaconcursos.com.br\/blog\/","logo":{"@type":"ImageObject","inLanguage":"pt-BR","@id":"https:\/\/www.estrategiaconcursos.com.br\/blog\/#\/schema\/logo\/image\/","url":"https:\/\/dhg1h5j42swfq.cloudfront.net\/2025\/06\/03203428\/logo_concursos-1.jpg","contentUrl":"https:\/\/dhg1h5j42swfq.cloudfront.net\/2025\/06\/03203428\/logo_concursos-1.jpg","width":230,"height":60,"caption":"Estrat\u00e9gia Concursos"},"image":{"@id":"https:\/\/www.estrategiaconcursos.com.br\/blog\/#\/schema\/logo\/image\/"},"sameAs":["https:\/\/x.com\/EstratConcursos"]},{"@type":"Person","@id":"https:\/\/www.estrategiaconcursos.com.br\/blog\/#\/schema\/person\/b4a388c97673c5f483d72185668afa1f","name":"Coordena\u00e7\u00e3o","image":{"@type":"ImageObject","inLanguage":"pt-BR","@id":"https:\/\/secure.gravatar.com\/avatar\/b720319e4c9a967eb58678d110f4fe35452fc5d5f97b202bac7b8acceb18c6ad?s=96&d=mm&r=g","url":"https:\/\/secure.gravatar.com\/avatar\/b720319e4c9a967eb58678d110f4fe35452fc5d5f97b202bac7b8acceb18c6ad?s=96&d=mm&r=g","contentUrl":"https:\/\/secure.gravatar.com\/avatar\/b720319e4c9a967eb58678d110f4fe35452fc5d5f97b202bac7b8acceb18c6ad?s=96&d=mm&r=g","caption":"Coordena\u00e7\u00e3o"},"sameAs":["https:\/\/www.facebook.com\/EstrategiaConcursos","https:\/\/x.com\/EstratConcursos"],"url":"https:\/\/www.estrategiaconcursos.com.br\/blog\/author\/estrategia2013\/"}]}},"_links":{"self":[{"href":"https:\/\/www.estrategiaconcursos.com.br\/blog\/wp-json\/wp\/v2\/posts\/23919","targetHints":{"allow":["GET"]}}],"collection":[{"href":"https:\/\/www.estrategiaconcursos.com.br\/blog\/wp-json\/wp\/v2\/posts"}],"about":[{"href":"https:\/\/www.estrategiaconcursos.com.br\/blog\/wp-json\/wp\/v2\/types\/post"}],"author":[{"embeddable":true,"href":"https:\/\/www.estrategiaconcursos.com.br\/blog\/wp-json\/wp\/v2\/users\/1"}],"replies":[{"embeddable":true,"href":"https:\/\/www.estrategiaconcursos.com.br\/blog\/wp-json\/wp\/v2\/comments?post=23919"}],"version-history":[{"count":4,"href":"https:\/\/www.estrategiaconcursos.com.br\/blog\/wp-json\/wp\/v2\/posts\/23919\/revisions"}],"predecessor-version":[{"id":23926,"href":"https:\/\/www.estrategiaconcursos.com.br\/blog\/wp-json\/wp\/v2\/posts\/23919\/revisions\/23926"}],"wp:attachment":[{"href":"https:\/\/www.estrategiaconcursos.com.br\/blog\/wp-json\/wp\/v2\/media?parent=23919"}],"wp:term":[{"taxonomy":"category","embeddable":true,"href":"https:\/\/www.estrategiaconcursos.com.br\/blog\/wp-json\/wp\/v2\/categories?post=23919"},{"taxonomy":"post_tag","embeddable":true,"href":"https:\/\/www.estrategiaconcursos.com.br\/blog\/wp-json\/wp\/v2\/tags?post=23919"},{"taxonomy":"tax_estado","embeddable":true,"href":"https:\/\/www.estrategiaconcursos.com.br\/blog\/wp-json\/wp\/v2\/tax_estado?post=23919"}],"curies":[{"name":"wp","href":"https:\/\/api.w.org\/{rel}","templated":true}]}}