{"id":23889,"date":"2015-06-12T12:19:58","date_gmt":"2015-06-12T15:19:58","guid":{"rendered":"http:\/\/www.estrategiaconcursos.com.br\/blog\/?p=23889"},"modified":"2015-06-12T12:20:35","modified_gmt":"2015-06-12T15:20:35","slug":"atencao-ao-prazo-termina-na-tarde-desta-sexta-feira-prazo-para-inscricoes-no-concurso-trt-mg-saiba-mais","status":"publish","type":"post","link":"https:\/\/www.estrategiaconcursos.com.br\/blog\/atencao-ao-prazo-termina-na-tarde-desta-sexta-feira-prazo-para-inscricoes-no-concurso-trt-mg-saiba-mais\/","title":{"rendered":"ATEN\u00c7\u00c3O AO PRAZO: Termina na tarde desta sexta-feira prazo para inscri\u00e7\u00f5es no concurso TRT-MG. Saiba mais!"},"content":{"rendered":"<p style=\"text-align: justify;\"><span style=\"color: #000000;\"><a href=\"https:\/\/dhg1h5j42swfq.cloudfront.net\/2014\/07\/TRT-3-Minas-Gerais-MG.jpg\"><img loading=\"lazy\" decoding=\"async\" class=\"alignleft wp-image-16769 size-medium\" src=\"https:\/\/dhg1h5j42swfq.cloudfront.net\/2014\/07\/TRT-3-Minas-Gerais-MG-300x220.jpg\" alt=\"concurso TRT-MG\" width=\"300\" height=\"220\" srcset=\"https:\/\/dhg1h5j42swfq.cloudfront.net\/2014\/07\/TRT-3-Minas-Gerais-MG.jpg 300w, https:\/\/dhg1h5j42swfq.cloudfront.net\/2014\/07\/TRT-3-Minas-Gerais-MG.jpg 408w, https:\/\/dhg1h5j42swfq.cloudfront.net\/2014\/07\/TRT-3-Minas-Gerais-MG.jpg 472w\" sizes=\"auto, (max-width: 300px) 100vw, 300px\" \/><\/a>Termina nesta sexta-feira, 12, o prazo para inscri\u00e7\u00f5es no\u00a0concurso do Tribunal Regional do Trabalho da 3\u00aa Regi\u00e3o (<span style=\"color: #0000ff;\"><a style=\"color: #0000ff;\" href=\"https:\/\/www.estrategiaconcursos.com.br\/cursosPorConcurso\/trt-3-regiao-minas-gerais-296\/\">concurso TRT-MG<\/a><\/span>). Os interessados devem acessar o\u00a0site da organizadora, a <span style=\"color: #0000ff;\"><a style=\"color: #0000ff;\" href=\"http:\/\/www.concursosfcc.com.br\/concursos\/trt3r114\/index.html\">Funda\u00e7\u00e3o Carlos Chagas<\/a><\/span>\u00a0at\u00e9 \u00e0s 14h. As taxas s\u00e3o de R$90 para os cargos de n\u00edvel m\u00e9dio e R$110 para os de n\u00edvel superior.<\/span><\/p>\n<p style=\"text-align: justify;\"><span style=\"color: #000000;\">Para os interessados de n\u00edvel superior as oportunidades ser\u00e3o para o cargo de Analista Judici\u00e1rio na \u00c1rea Judici\u00e1ria; \u00c1rea Judici\u00e1ria na Especialidade Oficial de Justi\u00e7a Avaliador Federal; \u00c1rea Administrativa; \u00c1rea Apoio Especializado na Especialidade Estat\u00edstica; \u00c1rea Apoio Especializado na Especialidade Arquitetura; \u00c1rea Apoio Especializado na Especialidade Arquivologia; \u00c1rea Apoio Especializado na Especialidade Biblioteconomia; \u00c1rea Apoio Especializado na Especialidade Comunica\u00e7\u00e3o Social; \u00c1rea Apoio Especializado na Especialidade Enfermagem; \u00c1rea Apoio Especializado nas Especialidades Engenharia Civil, El\u00e9trica, Mec\u00e2nica e Seguran\u00e7a do Trabalho; \u00c1rea Apoio Especializado na Especialidade Fisioterapia; \u00c1rea Apoio Especializado na Especialidade Historiador;\u00a0\u00c1rea Apoio Especializado na Especialidades Medicina (Geral, Cardiologia, do Trabalho e Psiquiatria); \u00c1rea Apoio Especializado na Especialidade Odontologia (Odonto, Endodontia, Pediatria e Pr\u00f3tese); \u00c1rea Apoio Especializado na Especialidade Psicologia; \u00c1rea Apoio Especializado na Especialidade Servi\u00e7o Social e \u00c1rea Apoio Especializado na Especialidade Tecnologia da Informa\u00e7\u00e3o. A remunera\u00e7\u00e3o para esses cargos variam entre\u00a0R$ 8.863,84 e\u00a0R$ 10.485,62.<\/span><\/p>\n<p style=\"text-align: justify;\"><span style=\"color: #000000;\">Para n\u00edvel m\u00e9dio, as oportunidades do concurso TRT-MG ser\u00e3o para o cargo de T\u00e9cnico Judici\u00e1rio na\u00a0\u00c1rea Administrativa; \u00c1rea Administrativa na Especialidade Contabilidade; \u00c1rea Apoio Especializado na Especialidade Enfermagem e \u00c1rea Apoio Especializado na Especialidade Tecnologia da Informa\u00e7\u00e3o. A remunera\u00e7\u00e3o inicial ser\u00e1 de\u00a0R$ 5.425,79.<\/span><\/p>\n<p style=\"text-align: justify;\"><span style=\"color: #000000;\">Todas as oportunidades do concurso TRT-MG s\u00e3o para forma\u00e7\u00e3o de cadastro de reserva e os nomeados ser\u00e3o alocados na capital mineira e nas cidades da sub-regi\u00e3o, de acordo com o quadro abaixo:<\/span><\/p>\n<p><a href=\"https:\/\/dhg1h5j42swfq.cloudfront.net\/2015\/05\/Concurso-TRT-MG-Sub-regi%C3%B5es.jpg\"><img loading=\"lazy\" decoding=\"async\" class=\"aligncenter wp-image-23177 size-large\" src=\"https:\/\/dhg1h5j42swfq.cloudfront.net\/2015\/05\/Concurso-TRT-MG-Sub-regi%C3%B5es-1024x420.jpg\" alt=\"Concurso TRT-MG Sub-regi\u00f5es\" width=\"584\" height=\"240\" srcset=\"https:\/\/dhg1h5j42swfq.cloudfront.net\/2015\/05\/Concurso-TRT-MG-Sub-regi%C3%B5es.jpg 1024w, https:\/\/dhg1h5j42swfq.cloudfront.net\/2015\/05\/Concurso-TRT-MG-Sub-regi%C3%B5es.jpg 300w, https:\/\/dhg1h5j42swfq.cloudfront.net\/2015\/05\/Concurso-TRT-MG-Sub-regi%C3%B5es.jpg 500w\" sizes=\"auto, (max-width: 584px) 100vw, 584px\" \/><\/a><\/p>\n<p style=\"text-align: justify;\"><span style=\"color: #000000;\">Para todos os Cargos\/\u00c1reas\/Especialidades, as Provas Objetivas de Conhecimentos B\u00e1sicos e de Conhecimentos Espec\u00edficos constar\u00e3o de quest\u00f5es objetivas de m\u00faltipla escolha (com cinco alternativas cada quest\u00e3o), de car\u00e1ter habilitat\u00f3rio e classificat\u00f3rio a ser realizada na data prov\u00e1vel de 26 de julho, exclusivamente na cidade de Belo Horizonte. Para alguns cargos ainda haver\u00e1 prova dissertativa ou estudo de caso.<\/span><\/p>\n<p><a href=\"https:\/\/dhg1h5j42swfq.cloudfront.net\/2015\/05\/Concurso-TRT-MG-Cronograma.jpg\"><img loading=\"lazy\" decoding=\"async\" class=\"aligncenter wp-image-23178 size-large\" src=\"https:\/\/dhg1h5j42swfq.cloudfront.net\/2015\/05\/Concurso-TRT-MG-Cronograma-1024x761.jpg\" alt=\"Concurso TRT-MG Cronograma\" width=\"584\" height=\"434\" srcset=\"https:\/\/dhg1h5j42swfq.cloudfront.net\/2015\/05\/Concurso-TRT-MG-Cronograma.jpg 1024w, https:\/\/dhg1h5j42swfq.cloudfront.net\/2015\/05\/Concurso-TRT-MG-Cronograma.jpg 300w, https:\/\/dhg1h5j42swfq.cloudfront.net\/2015\/05\/Concurso-TRT-MG-Cronograma.jpg 404w\" sizes=\"auto, (max-width: 584px) 100vw, 584px\" \/><\/a><\/p>\n<p style=\"text-align: justify;\"><span style=\"color: #000000;\">O concurso TRT-MG\u00a0ter\u00e1 validade de dois anos, a contar da data da publica\u00e7\u00e3o da homologa\u00e7\u00e3o do resultado final, podendo ser prorrogado por igual per\u00edodo, a crit\u00e9rio do Tribunal Regional do Trabalho da 3\u00aa Regi\u00e3o.<\/span><\/p>\n<p style=\"text-align: justify;\"><span style=\"color: #000000;\">Confira o edital em:<\/span><\/p>\n<p><span style=\"color: #0000ff;\"><a style=\"color: #0000ff;\" href=\"https:\/\/dhg1h5j42swfq.cloudfront.net\/2015\/05\/Edital-TRT-MG-2015.pdf\">Edital concurso TRT-MG 2015<\/a><\/span><\/p>\n<p><span style=\"color: #000000;\"><strong>O Estrat\u00e9gia Concursos j\u00e1 lan\u00e7ou cursos para o concurso TRT-MG (Atualiza\u00e7\u00e3o em andamento). Confira em:<\/strong><\/span><\/p>\n<p><span style=\"color: #0000ff;\"><a style=\"color: #0000ff;\" href=\"https:\/\/www.estrategiaconcursos.com.br\/cursosPorConcurso\/trt-3-regiao-minas-gerais-296\/\">https:\/\/www.estrategiaconcursos.com.br\/cursosPorConcurso\/trt-3-regiao-minas-gerais-296\/<\/a><\/span><\/p>\n<p><span style=\"color: #000000;\">Assessoria de Comunica\u00e7\u00e3o<\/span><\/p>\n<p><span style=\"color: #000000;\">comunicacao@estrategiaconcursos.com.br<\/span><\/p>\n","protected":false},"excerpt":{"rendered":"<p>Termina nesta sexta-feira, 12, o prazo para inscri\u00e7\u00f5es no\u00a0concurso do Tribunal Regional do Trabalho da 3\u00aa Regi\u00e3o (concurso TRT-MG). Os interessados devem acessar o\u00a0site da organizadora, a Funda\u00e7\u00e3o Carlos Chagas\u00a0at\u00e9 \u00e0s 14h. As taxas s\u00e3o de R$90 para os cargos de n\u00edvel m\u00e9dio e R$110 para os de n\u00edvel superior. Para os interessados de n\u00edvel [&hellip;]<\/p>\n","protected":false},"author":1,"featured_media":0,"comment_status":"open","ping_status":"open","sticky":false,"template":"","format":"standard","meta":{"post_tipo":"news","footnotes":""},"categories":[1],"tags":[674,541],"tax_estado":[],"class_list":["post-23889","post","type-post","status-publish","format-standard","hentry","category-cursos-e-concursos","tag-inscricoes","tag-trt-mg"],"acf":[],"yoast_head":"<!-- This site is optimized with the Yoast SEO Premium plugin v27.2 (Yoast SEO v27.2) - https:\/\/yoast.com\/product\/yoast-seo-premium-wordpress\/ -->\n<title>ATEN\u00c7\u00c3O AO PRAZO: Termina na tarde desta sexta-feira prazo para inscri\u00e7\u00f5es no concurso TRT-MG. Saiba mais!<\/title>\n<meta name=\"description\" content=\"Termina nesta sexta-feira, 12, o prazo para inscri\u00e7\u00f5es no concurso do Tribunal Regional do Trabalho da 3\u00aa Regi\u00e3o (concurso TRT-MG). Saiba mais!\" \/>\n<meta name=\"robots\" content=\"index, follow, max-snippet:-1, max-image-preview:large, max-video-preview:-1\" \/>\n<link rel=\"canonical\" href=\"https:\/\/www.estrategiaconcursos.com.br\/blog\/atencao-ao-prazo-termina-na-tarde-desta-sexta-feira-prazo-para-inscricoes-no-concurso-trt-mg-saiba-mais\/\" \/>\n<meta property=\"og:locale\" content=\"pt_BR\" \/>\n<meta property=\"og:type\" content=\"article\" \/>\n<meta property=\"og:title\" content=\"ATEN\u00c7\u00c3O AO PRAZO: Termina na tarde desta sexta-feira prazo para inscri\u00e7\u00f5es no concurso TRT-MG. Saiba mais!\" \/>\n<meta property=\"og:description\" content=\"Termina nesta sexta-feira, 12, o prazo para inscri\u00e7\u00f5es no concurso do Tribunal Regional do Trabalho da 3\u00aa Regi\u00e3o (concurso TRT-MG). Saiba mais!\" \/>\n<meta property=\"og:url\" content=\"https:\/\/www.estrategiaconcursos.com.br\/blog\/atencao-ao-prazo-termina-na-tarde-desta-sexta-feira-prazo-para-inscricoes-no-concurso-trt-mg-saiba-mais\/\" \/>\n<meta property=\"og:site_name\" content=\"Estrat\u00e9gia Concursos\" \/>\n<meta property=\"article:author\" content=\"https:\/\/www.facebook.com\/EstrategiaConcursos\" \/>\n<meta property=\"article:published_time\" content=\"2015-06-12T15:19:58+00:00\" \/>\n<meta property=\"article:modified_time\" content=\"2015-06-12T15:20:35+00:00\" \/>\n<meta property=\"og:image\" content=\"https:\/\/dhg1h5j42swfq.cloudfront.net\/2014\/07\/TRT-3-Minas-Gerais-MG-300x220.jpg\" \/>\n<meta name=\"author\" content=\"Coordena\u00e7\u00e3o\" \/>\n<meta name=\"twitter:card\" content=\"summary_large_image\" \/>\n<meta name=\"twitter:creator\" content=\"@EstratConcursos\" \/>\n<meta name=\"twitter:site\" content=\"@EstratConcursos\" \/>\n<meta name=\"twitter:label1\" content=\"Escrito por\" \/>\n\t<meta name=\"twitter:data1\" content=\"Coordena\u00e7\u00e3o\" \/>\n\t<meta name=\"twitter:label2\" content=\"Est. tempo de leitura\" \/>\n\t<meta name=\"twitter:data2\" content=\"2 minutos\" \/>\n<script type=\"application\/ld+json\" class=\"yoast-schema-graph\">{\"@context\":\"https:\/\/schema.org\",\"@graph\":[{\"@type\":\"NewsArticle\",\"@id\":\"https:\/\/www.estrategiaconcursos.com.br\/blog\/atencao-ao-prazo-termina-na-tarde-desta-sexta-feira-prazo-para-inscricoes-no-concurso-trt-mg-saiba-mais\/#article\",\"isPartOf\":{\"@id\":\"https:\/\/www.estrategiaconcursos.com.br\/blog\/atencao-ao-prazo-termina-na-tarde-desta-sexta-feira-prazo-para-inscricoes-no-concurso-trt-mg-saiba-mais\/\"},\"author\":{\"name\":\"Coordena\u00e7\u00e3o\",\"@id\":\"https:\/\/www.estrategiaconcursos.com.br\/blog\/#\/schema\/person\/b4a388c97673c5f483d72185668afa1f\"},\"headline\":\"ATEN\u00c7\u00c3O AO PRAZO: Termina na tarde desta sexta-feira prazo para inscri\u00e7\u00f5es no concurso TRT-MG. Saiba mais!\",\"datePublished\":\"2015-06-12T15:19:58+00:00\",\"dateModified\":\"2015-06-12T15:20:35+00:00\",\"mainEntityOfPage\":{\"@id\":\"https:\/\/www.estrategiaconcursos.com.br\/blog\/atencao-ao-prazo-termina-na-tarde-desta-sexta-feira-prazo-para-inscricoes-no-concurso-trt-mg-saiba-mais\/\"},\"wordCount\":473,\"commentCount\":0,\"publisher\":{\"@id\":\"https:\/\/www.estrategiaconcursos.com.br\/blog\/#organization\"},\"image\":{\"@id\":\"https:\/\/www.estrategiaconcursos.com.br\/blog\/atencao-ao-prazo-termina-na-tarde-desta-sexta-feira-prazo-para-inscricoes-no-concurso-trt-mg-saiba-mais\/#primaryimage\"},\"thumbnailUrl\":\"https:\/\/dhg1h5j42swfq.cloudfront.net\/2014\/07\/TRT-3-Minas-Gerais-MG-300x220.jpg\",\"keywords\":[\"inscri\u00e7\u00f5es\",\"TRT-MG\"],\"articleSection\":[\"Concursos P\u00fablicos\"],\"inLanguage\":\"pt-BR\",\"potentialAction\":[{\"@type\":\"CommentAction\",\"name\":\"Comment\",\"target\":[\"https:\/\/www.estrategiaconcursos.com.br\/blog\/atencao-ao-prazo-termina-na-tarde-desta-sexta-feira-prazo-para-inscricoes-no-concurso-trt-mg-saiba-mais\/#respond\"]}],\"copyrightYear\":\"2015\",\"copyrightHolder\":{\"@id\":\"https:\/\/www.estrategiaconcursos.com.br\/blog\/#organization\"}},{\"@type\":\"WebPage\",\"@id\":\"https:\/\/www.estrategiaconcursos.com.br\/blog\/atencao-ao-prazo-termina-na-tarde-desta-sexta-feira-prazo-para-inscricoes-no-concurso-trt-mg-saiba-mais\/\",\"url\":\"https:\/\/www.estrategiaconcursos.com.br\/blog\/atencao-ao-prazo-termina-na-tarde-desta-sexta-feira-prazo-para-inscricoes-no-concurso-trt-mg-saiba-mais\/\",\"name\":\"ATEN\u00c7\u00c3O AO PRAZO: Termina na tarde desta sexta-feira prazo para inscri\u00e7\u00f5es no concurso TRT-MG. Saiba mais!\",\"isPartOf\":{\"@id\":\"https:\/\/www.estrategiaconcursos.com.br\/blog\/#website\"},\"primaryImageOfPage\":{\"@id\":\"https:\/\/www.estrategiaconcursos.com.br\/blog\/atencao-ao-prazo-termina-na-tarde-desta-sexta-feira-prazo-para-inscricoes-no-concurso-trt-mg-saiba-mais\/#primaryimage\"},\"image\":{\"@id\":\"https:\/\/www.estrategiaconcursos.com.br\/blog\/atencao-ao-prazo-termina-na-tarde-desta-sexta-feira-prazo-para-inscricoes-no-concurso-trt-mg-saiba-mais\/#primaryimage\"},\"thumbnailUrl\":\"https:\/\/dhg1h5j42swfq.cloudfront.net\/2014\/07\/TRT-3-Minas-Gerais-MG-300x220.jpg\",\"datePublished\":\"2015-06-12T15:19:58+00:00\",\"dateModified\":\"2015-06-12T15:20:35+00:00\",\"description\":\"Termina nesta sexta-feira, 12, o prazo para inscri\u00e7\u00f5es no concurso do Tribunal Regional do Trabalho da 3\u00aa Regi\u00e3o (concurso TRT-MG). Saiba mais!\",\"breadcrumb\":{\"@id\":\"https:\/\/www.estrategiaconcursos.com.br\/blog\/atencao-ao-prazo-termina-na-tarde-desta-sexta-feira-prazo-para-inscricoes-no-concurso-trt-mg-saiba-mais\/#breadcrumb\"},\"inLanguage\":\"pt-BR\",\"potentialAction\":[{\"@type\":\"ReadAction\",\"target\":[\"https:\/\/www.estrategiaconcursos.com.br\/blog\/atencao-ao-prazo-termina-na-tarde-desta-sexta-feira-prazo-para-inscricoes-no-concurso-trt-mg-saiba-mais\/\"]}]},{\"@type\":\"ImageObject\",\"inLanguage\":\"pt-BR\",\"@id\":\"https:\/\/www.estrategiaconcursos.com.br\/blog\/atencao-ao-prazo-termina-na-tarde-desta-sexta-feira-prazo-para-inscricoes-no-concurso-trt-mg-saiba-mais\/#primaryimage\",\"url\":\"https:\/\/dhg1h5j42swfq.cloudfront.net\/2014\/07\/TRT-3-Minas-Gerais-MG-300x220.jpg\",\"contentUrl\":\"https:\/\/dhg1h5j42swfq.cloudfront.net\/2014\/07\/TRT-3-Minas-Gerais-MG-300x220.jpg\"},{\"@type\":\"BreadcrumbList\",\"@id\":\"https:\/\/www.estrategiaconcursos.com.br\/blog\/atencao-ao-prazo-termina-na-tarde-desta-sexta-feira-prazo-para-inscricoes-no-concurso-trt-mg-saiba-mais\/#breadcrumb\",\"itemListElement\":[{\"@type\":\"ListItem\",\"position\":1,\"name\":\"In\u00edcio\",\"item\":\"https:\/\/www.estrategiaconcursos.com.br\/blog\/\"},{\"@type\":\"ListItem\",\"position\":2,\"name\":\"ATEN\u00c7\u00c3O AO PRAZO: Termina na tarde desta sexta-feira prazo para inscri\u00e7\u00f5es no concurso TRT-MG. Saiba mais!\"}]},{\"@type\":\"WebSite\",\"@id\":\"https:\/\/www.estrategiaconcursos.com.br\/blog\/#website\",\"url\":\"https:\/\/www.estrategiaconcursos.com.br\/blog\/\",\"name\":\"Estrat\u00e9gia Concursos\",\"description\":\"O blog da Estrat\u00e9gia Concursos traz not\u00edcias sobre concursos e artigos de professores oferecendo cursos para concursos (pdf + videaulas) no site.\",\"publisher\":{\"@id\":\"https:\/\/www.estrategiaconcursos.com.br\/blog\/#organization\"},\"potentialAction\":[{\"@type\":\"SearchAction\",\"target\":{\"@type\":\"EntryPoint\",\"urlTemplate\":\"https:\/\/www.estrategiaconcursos.com.br\/blog\/?s={search_term_string}\"},\"query-input\":{\"@type\":\"PropertyValueSpecification\",\"valueRequired\":true,\"valueName\":\"search_term_string\"}}],\"inLanguage\":\"pt-BR\"},{\"@type\":\"Organization\",\"@id\":\"https:\/\/www.estrategiaconcursos.com.br\/blog\/#organization\",\"name\":\"Estrat\u00e9gia Concursos\",\"url\":\"https:\/\/www.estrategiaconcursos.com.br\/blog\/\",\"logo\":{\"@type\":\"ImageObject\",\"inLanguage\":\"pt-BR\",\"@id\":\"https:\/\/www.estrategiaconcursos.com.br\/blog\/#\/schema\/logo\/image\/\",\"url\":\"https:\/\/dhg1h5j42swfq.cloudfront.net\/2025\/06\/03203428\/logo_concursos-1.jpg\",\"contentUrl\":\"https:\/\/dhg1h5j42swfq.cloudfront.net\/2025\/06\/03203428\/logo_concursos-1.jpg\",\"width\":230,\"height\":60,\"caption\":\"Estrat\u00e9gia Concursos\"},\"image\":{\"@id\":\"https:\/\/www.estrategiaconcursos.com.br\/blog\/#\/schema\/logo\/image\/\"},\"sameAs\":[\"https:\/\/x.com\/EstratConcursos\"]},{\"@type\":\"Person\",\"@id\":\"https:\/\/www.estrategiaconcursos.com.br\/blog\/#\/schema\/person\/b4a388c97673c5f483d72185668afa1f\",\"name\":\"Coordena\u00e7\u00e3o\",\"image\":{\"@type\":\"ImageObject\",\"inLanguage\":\"pt-BR\",\"@id\":\"https:\/\/secure.gravatar.com\/avatar\/b720319e4c9a967eb58678d110f4fe35452fc5d5f97b202bac7b8acceb18c6ad?s=96&d=mm&r=g\",\"url\":\"https:\/\/secure.gravatar.com\/avatar\/b720319e4c9a967eb58678d110f4fe35452fc5d5f97b202bac7b8acceb18c6ad?s=96&d=mm&r=g\",\"contentUrl\":\"https:\/\/secure.gravatar.com\/avatar\/b720319e4c9a967eb58678d110f4fe35452fc5d5f97b202bac7b8acceb18c6ad?s=96&d=mm&r=g\",\"caption\":\"Coordena\u00e7\u00e3o\"},\"sameAs\":[\"https:\/\/www.facebook.com\/EstrategiaConcursos\",\"https:\/\/x.com\/EstratConcursos\"],\"url\":\"https:\/\/www.estrategiaconcursos.com.br\/blog\/author\/estrategia2013\/\"}]}<\/script>\n<!-- \/ Yoast SEO Premium plugin. -->","yoast_head_json":{"title":"ATEN\u00c7\u00c3O AO PRAZO: Termina na tarde desta sexta-feira prazo para inscri\u00e7\u00f5es no concurso TRT-MG. Saiba mais!","description":"Termina nesta sexta-feira, 12, o prazo para inscri\u00e7\u00f5es no concurso do Tribunal Regional do Trabalho da 3\u00aa Regi\u00e3o (concurso TRT-MG). Saiba mais!","robots":{"index":"index","follow":"follow","max-snippet":"max-snippet:-1","max-image-preview":"max-image-preview:large","max-video-preview":"max-video-preview:-1"},"canonical":"https:\/\/www.estrategiaconcursos.com.br\/blog\/atencao-ao-prazo-termina-na-tarde-desta-sexta-feira-prazo-para-inscricoes-no-concurso-trt-mg-saiba-mais\/","og_locale":"pt_BR","og_type":"article","og_title":"ATEN\u00c7\u00c3O AO PRAZO: Termina na tarde desta sexta-feira prazo para inscri\u00e7\u00f5es no concurso TRT-MG. Saiba mais!","og_description":"Termina nesta sexta-feira, 12, o prazo para inscri\u00e7\u00f5es no concurso do Tribunal Regional do Trabalho da 3\u00aa Regi\u00e3o (concurso TRT-MG). Saiba mais!","og_url":"https:\/\/www.estrategiaconcursos.com.br\/blog\/atencao-ao-prazo-termina-na-tarde-desta-sexta-feira-prazo-para-inscricoes-no-concurso-trt-mg-saiba-mais\/","og_site_name":"Estrat\u00e9gia Concursos","article_author":"https:\/\/www.facebook.com\/EstrategiaConcursos","article_published_time":"2015-06-12T15:19:58+00:00","article_modified_time":"2015-06-12T15:20:35+00:00","og_image":[{"url":"https:\/\/dhg1h5j42swfq.cloudfront.net\/2014\/07\/TRT-3-Minas-Gerais-MG-300x220.jpg","type":"","width":"","height":""}],"author":"Coordena\u00e7\u00e3o","twitter_card":"summary_large_image","twitter_creator":"@EstratConcursos","twitter_site":"@EstratConcursos","twitter_misc":{"Escrito por":"Coordena\u00e7\u00e3o","Est. tempo de leitura":"2 minutos"},"schema":{"@context":"https:\/\/schema.org","@graph":[{"@type":"NewsArticle","@id":"https:\/\/www.estrategiaconcursos.com.br\/blog\/atencao-ao-prazo-termina-na-tarde-desta-sexta-feira-prazo-para-inscricoes-no-concurso-trt-mg-saiba-mais\/#article","isPartOf":{"@id":"https:\/\/www.estrategiaconcursos.com.br\/blog\/atencao-ao-prazo-termina-na-tarde-desta-sexta-feira-prazo-para-inscricoes-no-concurso-trt-mg-saiba-mais\/"},"author":{"name":"Coordena\u00e7\u00e3o","@id":"https:\/\/www.estrategiaconcursos.com.br\/blog\/#\/schema\/person\/b4a388c97673c5f483d72185668afa1f"},"headline":"ATEN\u00c7\u00c3O AO PRAZO: Termina na tarde desta sexta-feira prazo para inscri\u00e7\u00f5es no concurso TRT-MG. Saiba mais!","datePublished":"2015-06-12T15:19:58+00:00","dateModified":"2015-06-12T15:20:35+00:00","mainEntityOfPage":{"@id":"https:\/\/www.estrategiaconcursos.com.br\/blog\/atencao-ao-prazo-termina-na-tarde-desta-sexta-feira-prazo-para-inscricoes-no-concurso-trt-mg-saiba-mais\/"},"wordCount":473,"commentCount":0,"publisher":{"@id":"https:\/\/www.estrategiaconcursos.com.br\/blog\/#organization"},"image":{"@id":"https:\/\/www.estrategiaconcursos.com.br\/blog\/atencao-ao-prazo-termina-na-tarde-desta-sexta-feira-prazo-para-inscricoes-no-concurso-trt-mg-saiba-mais\/#primaryimage"},"thumbnailUrl":"https:\/\/dhg1h5j42swfq.cloudfront.net\/2014\/07\/TRT-3-Minas-Gerais-MG-300x220.jpg","keywords":["inscri\u00e7\u00f5es","TRT-MG"],"articleSection":["Concursos P\u00fablicos"],"inLanguage":"pt-BR","potentialAction":[{"@type":"CommentAction","name":"Comment","target":["https:\/\/www.estrategiaconcursos.com.br\/blog\/atencao-ao-prazo-termina-na-tarde-desta-sexta-feira-prazo-para-inscricoes-no-concurso-trt-mg-saiba-mais\/#respond"]}],"copyrightYear":"2015","copyrightHolder":{"@id":"https:\/\/www.estrategiaconcursos.com.br\/blog\/#organization"}},{"@type":"WebPage","@id":"https:\/\/www.estrategiaconcursos.com.br\/blog\/atencao-ao-prazo-termina-na-tarde-desta-sexta-feira-prazo-para-inscricoes-no-concurso-trt-mg-saiba-mais\/","url":"https:\/\/www.estrategiaconcursos.com.br\/blog\/atencao-ao-prazo-termina-na-tarde-desta-sexta-feira-prazo-para-inscricoes-no-concurso-trt-mg-saiba-mais\/","name":"ATEN\u00c7\u00c3O AO PRAZO: Termina na tarde desta sexta-feira prazo para inscri\u00e7\u00f5es no concurso TRT-MG. Saiba mais!","isPartOf":{"@id":"https:\/\/www.estrategiaconcursos.com.br\/blog\/#website"},"primaryImageOfPage":{"@id":"https:\/\/www.estrategiaconcursos.com.br\/blog\/atencao-ao-prazo-termina-na-tarde-desta-sexta-feira-prazo-para-inscricoes-no-concurso-trt-mg-saiba-mais\/#primaryimage"},"image":{"@id":"https:\/\/www.estrategiaconcursos.com.br\/blog\/atencao-ao-prazo-termina-na-tarde-desta-sexta-feira-prazo-para-inscricoes-no-concurso-trt-mg-saiba-mais\/#primaryimage"},"thumbnailUrl":"https:\/\/dhg1h5j42swfq.cloudfront.net\/2014\/07\/TRT-3-Minas-Gerais-MG-300x220.jpg","datePublished":"2015-06-12T15:19:58+00:00","dateModified":"2015-06-12T15:20:35+00:00","description":"Termina nesta sexta-feira, 12, o prazo para inscri\u00e7\u00f5es no concurso do Tribunal Regional do Trabalho da 3\u00aa Regi\u00e3o (concurso TRT-MG). Saiba mais!","breadcrumb":{"@id":"https:\/\/www.estrategiaconcursos.com.br\/blog\/atencao-ao-prazo-termina-na-tarde-desta-sexta-feira-prazo-para-inscricoes-no-concurso-trt-mg-saiba-mais\/#breadcrumb"},"inLanguage":"pt-BR","potentialAction":[{"@type":"ReadAction","target":["https:\/\/www.estrategiaconcursos.com.br\/blog\/atencao-ao-prazo-termina-na-tarde-desta-sexta-feira-prazo-para-inscricoes-no-concurso-trt-mg-saiba-mais\/"]}]},{"@type":"ImageObject","inLanguage":"pt-BR","@id":"https:\/\/www.estrategiaconcursos.com.br\/blog\/atencao-ao-prazo-termina-na-tarde-desta-sexta-feira-prazo-para-inscricoes-no-concurso-trt-mg-saiba-mais\/#primaryimage","url":"https:\/\/dhg1h5j42swfq.cloudfront.net\/2014\/07\/TRT-3-Minas-Gerais-MG-300x220.jpg","contentUrl":"https:\/\/dhg1h5j42swfq.cloudfront.net\/2014\/07\/TRT-3-Minas-Gerais-MG-300x220.jpg"},{"@type":"BreadcrumbList","@id":"https:\/\/www.estrategiaconcursos.com.br\/blog\/atencao-ao-prazo-termina-na-tarde-desta-sexta-feira-prazo-para-inscricoes-no-concurso-trt-mg-saiba-mais\/#breadcrumb","itemListElement":[{"@type":"ListItem","position":1,"name":"In\u00edcio","item":"https:\/\/www.estrategiaconcursos.com.br\/blog\/"},{"@type":"ListItem","position":2,"name":"ATEN\u00c7\u00c3O AO PRAZO: Termina na tarde desta sexta-feira prazo para inscri\u00e7\u00f5es no concurso TRT-MG. Saiba mais!"}]},{"@type":"WebSite","@id":"https:\/\/www.estrategiaconcursos.com.br\/blog\/#website","url":"https:\/\/www.estrategiaconcursos.com.br\/blog\/","name":"Estrat\u00e9gia Concursos","description":"O blog da Estrat\u00e9gia Concursos traz not\u00edcias sobre concursos e artigos de professores oferecendo cursos para concursos (pdf + videaulas) no site.","publisher":{"@id":"https:\/\/www.estrategiaconcursos.com.br\/blog\/#organization"},"potentialAction":[{"@type":"SearchAction","target":{"@type":"EntryPoint","urlTemplate":"https:\/\/www.estrategiaconcursos.com.br\/blog\/?s={search_term_string}"},"query-input":{"@type":"PropertyValueSpecification","valueRequired":true,"valueName":"search_term_string"}}],"inLanguage":"pt-BR"},{"@type":"Organization","@id":"https:\/\/www.estrategiaconcursos.com.br\/blog\/#organization","name":"Estrat\u00e9gia Concursos","url":"https:\/\/www.estrategiaconcursos.com.br\/blog\/","logo":{"@type":"ImageObject","inLanguage":"pt-BR","@id":"https:\/\/www.estrategiaconcursos.com.br\/blog\/#\/schema\/logo\/image\/","url":"https:\/\/dhg1h5j42swfq.cloudfront.net\/2025\/06\/03203428\/logo_concursos-1.jpg","contentUrl":"https:\/\/dhg1h5j42swfq.cloudfront.net\/2025\/06\/03203428\/logo_concursos-1.jpg","width":230,"height":60,"caption":"Estrat\u00e9gia Concursos"},"image":{"@id":"https:\/\/www.estrategiaconcursos.com.br\/blog\/#\/schema\/logo\/image\/"},"sameAs":["https:\/\/x.com\/EstratConcursos"]},{"@type":"Person","@id":"https:\/\/www.estrategiaconcursos.com.br\/blog\/#\/schema\/person\/b4a388c97673c5f483d72185668afa1f","name":"Coordena\u00e7\u00e3o","image":{"@type":"ImageObject","inLanguage":"pt-BR","@id":"https:\/\/secure.gravatar.com\/avatar\/b720319e4c9a967eb58678d110f4fe35452fc5d5f97b202bac7b8acceb18c6ad?s=96&d=mm&r=g","url":"https:\/\/secure.gravatar.com\/avatar\/b720319e4c9a967eb58678d110f4fe35452fc5d5f97b202bac7b8acceb18c6ad?s=96&d=mm&r=g","contentUrl":"https:\/\/secure.gravatar.com\/avatar\/b720319e4c9a967eb58678d110f4fe35452fc5d5f97b202bac7b8acceb18c6ad?s=96&d=mm&r=g","caption":"Coordena\u00e7\u00e3o"},"sameAs":["https:\/\/www.facebook.com\/EstrategiaConcursos","https:\/\/x.com\/EstratConcursos"],"url":"https:\/\/www.estrategiaconcursos.com.br\/blog\/author\/estrategia2013\/"}]}},"_links":{"self":[{"href":"https:\/\/www.estrategiaconcursos.com.br\/blog\/wp-json\/wp\/v2\/posts\/23889","targetHints":{"allow":["GET"]}}],"collection":[{"href":"https:\/\/www.estrategiaconcursos.com.br\/blog\/wp-json\/wp\/v2\/posts"}],"about":[{"href":"https:\/\/www.estrategiaconcursos.com.br\/blog\/wp-json\/wp\/v2\/types\/post"}],"author":[{"embeddable":true,"href":"https:\/\/www.estrategiaconcursos.com.br\/blog\/wp-json\/wp\/v2\/users\/1"}],"replies":[{"embeddable":true,"href":"https:\/\/www.estrategiaconcursos.com.br\/blog\/wp-json\/wp\/v2\/comments?post=23889"}],"version-history":[{"count":2,"href":"https:\/\/www.estrategiaconcursos.com.br\/blog\/wp-json\/wp\/v2\/posts\/23889\/revisions"}],"predecessor-version":[{"id":23891,"href":"https:\/\/www.estrategiaconcursos.com.br\/blog\/wp-json\/wp\/v2\/posts\/23889\/revisions\/23891"}],"wp:attachment":[{"href":"https:\/\/www.estrategiaconcursos.com.br\/blog\/wp-json\/wp\/v2\/media?parent=23889"}],"wp:term":[{"taxonomy":"category","embeddable":true,"href":"https:\/\/www.estrategiaconcursos.com.br\/blog\/wp-json\/wp\/v2\/categories?post=23889"},{"taxonomy":"post_tag","embeddable":true,"href":"https:\/\/www.estrategiaconcursos.com.br\/blog\/wp-json\/wp\/v2\/tags?post=23889"},{"taxonomy":"tax_estado","embeddable":true,"href":"https:\/\/www.estrategiaconcursos.com.br\/blog\/wp-json\/wp\/v2\/tax_estado?post=23889"}],"curies":[{"name":"wp","href":"https:\/\/api.w.org\/{rel}","templated":true}]}}