{"id":23873,"date":"2015-06-11T11:57:23","date_gmt":"2015-06-11T14:57:23","guid":{"rendered":"http:\/\/www.estrategiaconcursos.com.br\/blog\/?p=23873"},"modified":"2018-10-23T17:49:49","modified_gmt":"2018-10-23T20:49:49","slug":"sera-que-deixo-de-focar-o-concurso-de-afrfb-por-conta-da-autorizacao-de-nomeacao-dos-excedentes","status":"publish","type":"post","link":"https:\/\/www.estrategiaconcursos.com.br\/blog\/sera-que-deixo-de-focar-o-concurso-de-afrfb-por-conta-da-autorizacao-de-nomeacao-dos-excedentes\/","title":{"rendered":"Ser\u00e1 que deixo de focar o concurso de AFRFB por conta da autoriza\u00e7\u00e3o de nomea\u00e7\u00e3o dos excedentes?"},"content":{"rendered":"<p>Ol\u00e1, pessoal!<\/p>\n<p>Agora que foi autorizada a nomea\u00e7\u00e3o dos excedentes do concurso de AFRFB\/2014 muitos devem estar pensando: Ser\u00e1 que deixo de focar no <a href=\"https:\/\/www.estrategiaconcursos.com.br\/cursosPorConcurso\/receita-federal-auditor-fiscal-7\/\">concurso de AFRFB<\/a>?<\/p>\n<p>Definitivamente n\u00e3o!<\/p>\n<p>Por quais motivos?<\/p>\n<p>&#8211; <strong>Existe pedido de autoriza\u00e7\u00e3o de realiza\u00e7\u00e3o de novo concurso de AFRFB<\/strong>, formulado pela Receita Federal junto ao MPOG (Minist\u00e9rio do Planejamento, Or\u00e7amento e Gest\u00e3o). O Ministro Nelson Barbosa, titular da pasta, j\u00e1 declarou publicamente que os pedidos de autoriza\u00e7\u00e3o para realiza\u00e7\u00e3o de novos concursos federais passariam a ser analisados ap\u00f3s a san\u00e7\u00e3o da Lei Or\u00e7ament\u00e1ria Anual (o que j\u00e1 ocorreu) e a publica\u00e7\u00e3o do decreto de contingenciamento em fun\u00e7\u00e3o do ajuste fiscal (decreto j\u00e1 publicado!). Portanto, \u00e9 uma quest\u00e3o de tempo que as autoriza\u00e7\u00f5es sejam publicadas;<\/p>\n<p>&#8211; <strong>Mesmo com a entrada de 272 novos AFRFBs, o quantitativo de Auditores-Fiscais em atividade na RFB est\u00e1 em constante queda, pois o n\u00famero de vac\u00e2ncias no cargo de AFRFB em virtude de aposentadoria \u00e9 muito maior.<\/strong> Para voc\u00eas terem uma ideia, em 2007 (ap\u00f3s a fus\u00e3o com a antiga Secretaria de Receita Previdenci\u00e1ria) eram aproximadamente 12.000 (doze mil) auditores na ativa. Em 2015, s\u00e3o pouco mais de 10.000 (dez mil). Isso j\u00e1 computados todos os auditores que ingressaram nos concursos de 2009, 2012 e 2014 (inclusive os excedentes de 2009 e 2014!!!);<\/p>\n<p>&#8211; em tempos de ajuste fiscal, contrata\u00e7\u00e3o de auditores pelo governo n\u00e3o \u00e9 despesa, \u00e9 esfor\u00e7o de arrecada\u00e7\u00e3o. O pedido de autoriza\u00e7\u00e3o para realiza\u00e7\u00e3o de concurso de AFRFB est\u00e1 entre as prioridades no MPOG, n\u00e3o tenham d\u00favida.<\/p>\n<p>O que fazer ent\u00e3o?<\/p>\n<p>Mantenha o foco e a motiva\u00e7\u00e3o, intensifique seus estudos, organize seu tempo, programe revis\u00f5es peri\u00f3dicas e monte um ciclo de estudos adequado. Concurseiro que quer ser aprovado e classificado dentro do n\u00famero de vagas em um concurso desse porte (tal qual o AFRFB) faz o seu sacrif\u00edcio diariamente, sem inventar desculpas ou ficar constantemente adiando o in\u00edcio de uma prepara\u00e7\u00e3o s\u00e9ria e consistente.<\/p>\n<p>Forte abra\u00e7o a todos e bons estudos!<\/p>\n<p>Vamos em frente.<\/p>\n","protected":false},"excerpt":{"rendered":"<p>Ol\u00e1, pessoal! Agora que foi autorizada a nomea\u00e7\u00e3o dos excedentes do concurso de AFRFB\/2014 muitos devem estar pensando: Ser\u00e1 que deixo de focar no concurso de AFRFB? Definitivamente n\u00e3o! Por quais motivos? &#8211; Existe pedido de autoriza\u00e7\u00e3o de realiza\u00e7\u00e3o de novo concurso de AFRFB, formulado pela Receita Federal junto ao MPOG (Minist\u00e9rio do Planejamento, Or\u00e7amento [&hellip;]<\/p>\n","protected":false},"author":1,"featured_media":0,"comment_status":"open","ping_status":"open","sticky":false,"template":"","format":"standard","meta":{"post_tipo":"news","footnotes":""},"categories":[1],"tags":[483,484],"tax_estado":[],"class_list":["post-23873","post","type-post","status-publish","format-standard","hentry","category-cursos-e-concursos","tag-afrfb","tag-receita-federal"],"acf":[],"yoast_head":"<!-- This site is optimized with the Yoast SEO Premium plugin v27.2 (Yoast SEO v27.2) - https:\/\/yoast.com\/product\/yoast-seo-premium-wordpress\/ -->\n<title>Deixar o concurso Receita Federal por conta da nomea\u00e7\u00e3o?<\/title>\n<meta name=\"description\" content=\"Ser\u00e1 que deixo de focar o concurso de AFRFB por conta da autoriza\u00e7\u00e3o de nomea\u00e7\u00e3o dos excedentes? Veja os motivos...\" \/>\n<meta name=\"robots\" content=\"index, follow, max-snippet:-1, max-image-preview:large, max-video-preview:-1\" \/>\n<link rel=\"canonical\" href=\"https:\/\/www.estrategiaconcursos.com.br\/blog\/sera-que-deixo-de-focar-o-concurso-de-afrfb-por-conta-da-autorizacao-de-nomeacao-dos-excedentes\/\" \/>\n<meta property=\"og:locale\" content=\"pt_BR\" \/>\n<meta property=\"og:type\" content=\"article\" \/>\n<meta property=\"og:title\" content=\"Ser\u00e1 que deixo de focar o concurso de AFRFB por conta da autoriza\u00e7\u00e3o de nomea\u00e7\u00e3o dos excedentes?\" \/>\n<meta property=\"og:description\" content=\"Ser\u00e1 que deixo de focar o concurso de AFRFB por conta da autoriza\u00e7\u00e3o de nomea\u00e7\u00e3o dos excedentes? Veja os motivos...\" \/>\n<meta property=\"og:url\" content=\"https:\/\/www.estrategiaconcursos.com.br\/blog\/sera-que-deixo-de-focar-o-concurso-de-afrfb-por-conta-da-autorizacao-de-nomeacao-dos-excedentes\/\" \/>\n<meta property=\"og:site_name\" content=\"Estrat\u00e9gia Concursos\" \/>\n<meta property=\"article:author\" content=\"https:\/\/www.facebook.com\/EstrategiaConcursos\" \/>\n<meta property=\"article:published_time\" content=\"2015-06-11T14:57:23+00:00\" \/>\n<meta property=\"article:modified_time\" content=\"2018-10-23T20:49:49+00:00\" \/>\n<meta name=\"author\" content=\"Coordena\u00e7\u00e3o\" \/>\n<meta name=\"twitter:card\" content=\"summary_large_image\" \/>\n<meta name=\"twitter:creator\" content=\"@EstratConcursos\" \/>\n<meta name=\"twitter:site\" content=\"@EstratConcursos\" \/>\n<meta name=\"twitter:label1\" content=\"Escrito por\" \/>\n\t<meta name=\"twitter:data1\" content=\"Coordena\u00e7\u00e3o\" \/>\n\t<meta name=\"twitter:label2\" content=\"Est. tempo de leitura\" \/>\n\t<meta name=\"twitter:data2\" content=\"2 minutos\" \/>\n<script type=\"application\/ld+json\" class=\"yoast-schema-graph\">{\"@context\":\"https:\/\/schema.org\",\"@graph\":[{\"@type\":\"NewsArticle\",\"@id\":\"https:\/\/www.estrategiaconcursos.com.br\/blog\/sera-que-deixo-de-focar-o-concurso-de-afrfb-por-conta-da-autorizacao-de-nomeacao-dos-excedentes\/#article\",\"isPartOf\":{\"@id\":\"https:\/\/www.estrategiaconcursos.com.br\/blog\/sera-que-deixo-de-focar-o-concurso-de-afrfb-por-conta-da-autorizacao-de-nomeacao-dos-excedentes\/\"},\"author\":{\"name\":\"Coordena\u00e7\u00e3o\",\"@id\":\"https:\/\/www.estrategiaconcursos.com.br\/blog\/#\/schema\/person\/b4a388c97673c5f483d72185668afa1f\"},\"headline\":\"Ser\u00e1 que deixo de focar o concurso de AFRFB por conta da autoriza\u00e7\u00e3o de nomea\u00e7\u00e3o dos excedentes?\",\"datePublished\":\"2015-06-11T14:57:23+00:00\",\"dateModified\":\"2018-10-23T20:49:49+00:00\",\"mainEntityOfPage\":{\"@id\":\"https:\/\/www.estrategiaconcursos.com.br\/blog\/sera-que-deixo-de-focar-o-concurso-de-afrfb-por-conta-da-autorizacao-de-nomeacao-dos-excedentes\/\"},\"wordCount\":373,\"commentCount\":4,\"publisher\":{\"@id\":\"https:\/\/www.estrategiaconcursos.com.br\/blog\/#organization\"},\"keywords\":[\"AFRFB\",\"Receita Federal\"],\"articleSection\":[\"Concursos P\u00fablicos\"],\"inLanguage\":\"pt-BR\",\"potentialAction\":[{\"@type\":\"CommentAction\",\"name\":\"Comment\",\"target\":[\"https:\/\/www.estrategiaconcursos.com.br\/blog\/sera-que-deixo-de-focar-o-concurso-de-afrfb-por-conta-da-autorizacao-de-nomeacao-dos-excedentes\/#respond\"]}],\"copyrightYear\":\"2015\",\"copyrightHolder\":{\"@id\":\"https:\/\/www.estrategiaconcursos.com.br\/blog\/#organization\"}},{\"@type\":\"WebPage\",\"@id\":\"https:\/\/www.estrategiaconcursos.com.br\/blog\/sera-que-deixo-de-focar-o-concurso-de-afrfb-por-conta-da-autorizacao-de-nomeacao-dos-excedentes\/\",\"url\":\"https:\/\/www.estrategiaconcursos.com.br\/blog\/sera-que-deixo-de-focar-o-concurso-de-afrfb-por-conta-da-autorizacao-de-nomeacao-dos-excedentes\/\",\"name\":\"Deixar o concurso Receita Federal por conta da nomea\u00e7\u00e3o?\",\"isPartOf\":{\"@id\":\"https:\/\/www.estrategiaconcursos.com.br\/blog\/#website\"},\"datePublished\":\"2015-06-11T14:57:23+00:00\",\"dateModified\":\"2018-10-23T20:49:49+00:00\",\"description\":\"Ser\u00e1 que deixo de focar o concurso de AFRFB por conta da autoriza\u00e7\u00e3o de nomea\u00e7\u00e3o dos excedentes? Veja os motivos...\",\"breadcrumb\":{\"@id\":\"https:\/\/www.estrategiaconcursos.com.br\/blog\/sera-que-deixo-de-focar-o-concurso-de-afrfb-por-conta-da-autorizacao-de-nomeacao-dos-excedentes\/#breadcrumb\"},\"inLanguage\":\"pt-BR\",\"potentialAction\":[{\"@type\":\"ReadAction\",\"target\":[\"https:\/\/www.estrategiaconcursos.com.br\/blog\/sera-que-deixo-de-focar-o-concurso-de-afrfb-por-conta-da-autorizacao-de-nomeacao-dos-excedentes\/\"]}]},{\"@type\":\"BreadcrumbList\",\"@id\":\"https:\/\/www.estrategiaconcursos.com.br\/blog\/sera-que-deixo-de-focar-o-concurso-de-afrfb-por-conta-da-autorizacao-de-nomeacao-dos-excedentes\/#breadcrumb\",\"itemListElement\":[{\"@type\":\"ListItem\",\"position\":1,\"name\":\"In\u00edcio\",\"item\":\"https:\/\/www.estrategiaconcursos.com.br\/blog\/\"},{\"@type\":\"ListItem\",\"position\":2,\"name\":\"Ser\u00e1 que deixo de focar o concurso de AFRFB por conta da autoriza\u00e7\u00e3o de nomea\u00e7\u00e3o dos excedentes?\"}]},{\"@type\":\"WebSite\",\"@id\":\"https:\/\/www.estrategiaconcursos.com.br\/blog\/#website\",\"url\":\"https:\/\/www.estrategiaconcursos.com.br\/blog\/\",\"name\":\"Estrat\u00e9gia Concursos\",\"description\":\"O blog da Estrat\u00e9gia Concursos traz not\u00edcias sobre concursos e artigos de professores oferecendo cursos para concursos (pdf + videaulas) no site.\",\"publisher\":{\"@id\":\"https:\/\/www.estrategiaconcursos.com.br\/blog\/#organization\"},\"potentialAction\":[{\"@type\":\"SearchAction\",\"target\":{\"@type\":\"EntryPoint\",\"urlTemplate\":\"https:\/\/www.estrategiaconcursos.com.br\/blog\/?s={search_term_string}\"},\"query-input\":{\"@type\":\"PropertyValueSpecification\",\"valueRequired\":true,\"valueName\":\"search_term_string\"}}],\"inLanguage\":\"pt-BR\"},{\"@type\":\"Organization\",\"@id\":\"https:\/\/www.estrategiaconcursos.com.br\/blog\/#organization\",\"name\":\"Estrat\u00e9gia Concursos\",\"url\":\"https:\/\/www.estrategiaconcursos.com.br\/blog\/\",\"logo\":{\"@type\":\"ImageObject\",\"inLanguage\":\"pt-BR\",\"@id\":\"https:\/\/www.estrategiaconcursos.com.br\/blog\/#\/schema\/logo\/image\/\",\"url\":\"https:\/\/dhg1h5j42swfq.cloudfront.net\/2025\/06\/03203428\/logo_concursos-1.jpg\",\"contentUrl\":\"https:\/\/dhg1h5j42swfq.cloudfront.net\/2025\/06\/03203428\/logo_concursos-1.jpg\",\"width\":230,\"height\":60,\"caption\":\"Estrat\u00e9gia Concursos\"},\"image\":{\"@id\":\"https:\/\/www.estrategiaconcursos.com.br\/blog\/#\/schema\/logo\/image\/\"},\"sameAs\":[\"https:\/\/x.com\/EstratConcursos\"]},{\"@type\":\"Person\",\"@id\":\"https:\/\/www.estrategiaconcursos.com.br\/blog\/#\/schema\/person\/b4a388c97673c5f483d72185668afa1f\",\"name\":\"Coordena\u00e7\u00e3o\",\"image\":{\"@type\":\"ImageObject\",\"inLanguage\":\"pt-BR\",\"@id\":\"https:\/\/secure.gravatar.com\/avatar\/b720319e4c9a967eb58678d110f4fe35452fc5d5f97b202bac7b8acceb18c6ad?s=96&d=mm&r=g\",\"url\":\"https:\/\/secure.gravatar.com\/avatar\/b720319e4c9a967eb58678d110f4fe35452fc5d5f97b202bac7b8acceb18c6ad?s=96&d=mm&r=g\",\"contentUrl\":\"https:\/\/secure.gravatar.com\/avatar\/b720319e4c9a967eb58678d110f4fe35452fc5d5f97b202bac7b8acceb18c6ad?s=96&d=mm&r=g\",\"caption\":\"Coordena\u00e7\u00e3o\"},\"sameAs\":[\"https:\/\/www.facebook.com\/EstrategiaConcursos\",\"https:\/\/x.com\/EstratConcursos\"],\"url\":\"https:\/\/www.estrategiaconcursos.com.br\/blog\/author\/estrategia2013\/\"}]}<\/script>\n<!-- \/ Yoast SEO Premium plugin. -->","yoast_head_json":{"title":"Deixar o concurso Receita Federal por conta da nomea\u00e7\u00e3o?","description":"Ser\u00e1 que deixo de focar o concurso de AFRFB por conta da autoriza\u00e7\u00e3o de nomea\u00e7\u00e3o dos excedentes? Veja os motivos...","robots":{"index":"index","follow":"follow","max-snippet":"max-snippet:-1","max-image-preview":"max-image-preview:large","max-video-preview":"max-video-preview:-1"},"canonical":"https:\/\/www.estrategiaconcursos.com.br\/blog\/sera-que-deixo-de-focar-o-concurso-de-afrfb-por-conta-da-autorizacao-de-nomeacao-dos-excedentes\/","og_locale":"pt_BR","og_type":"article","og_title":"Ser\u00e1 que deixo de focar o concurso de AFRFB por conta da autoriza\u00e7\u00e3o de nomea\u00e7\u00e3o dos excedentes?","og_description":"Ser\u00e1 que deixo de focar o concurso de AFRFB por conta da autoriza\u00e7\u00e3o de nomea\u00e7\u00e3o dos excedentes? Veja os motivos...","og_url":"https:\/\/www.estrategiaconcursos.com.br\/blog\/sera-que-deixo-de-focar-o-concurso-de-afrfb-por-conta-da-autorizacao-de-nomeacao-dos-excedentes\/","og_site_name":"Estrat\u00e9gia Concursos","article_author":"https:\/\/www.facebook.com\/EstrategiaConcursos","article_published_time":"2015-06-11T14:57:23+00:00","article_modified_time":"2018-10-23T20:49:49+00:00","author":"Coordena\u00e7\u00e3o","twitter_card":"summary_large_image","twitter_creator":"@EstratConcursos","twitter_site":"@EstratConcursos","twitter_misc":{"Escrito por":"Coordena\u00e7\u00e3o","Est. tempo de leitura":"2 minutos"},"schema":{"@context":"https:\/\/schema.org","@graph":[{"@type":"NewsArticle","@id":"https:\/\/www.estrategiaconcursos.com.br\/blog\/sera-que-deixo-de-focar-o-concurso-de-afrfb-por-conta-da-autorizacao-de-nomeacao-dos-excedentes\/#article","isPartOf":{"@id":"https:\/\/www.estrategiaconcursos.com.br\/blog\/sera-que-deixo-de-focar-o-concurso-de-afrfb-por-conta-da-autorizacao-de-nomeacao-dos-excedentes\/"},"author":{"name":"Coordena\u00e7\u00e3o","@id":"https:\/\/www.estrategiaconcursos.com.br\/blog\/#\/schema\/person\/b4a388c97673c5f483d72185668afa1f"},"headline":"Ser\u00e1 que deixo de focar o concurso de AFRFB por conta da autoriza\u00e7\u00e3o de nomea\u00e7\u00e3o dos excedentes?","datePublished":"2015-06-11T14:57:23+00:00","dateModified":"2018-10-23T20:49:49+00:00","mainEntityOfPage":{"@id":"https:\/\/www.estrategiaconcursos.com.br\/blog\/sera-que-deixo-de-focar-o-concurso-de-afrfb-por-conta-da-autorizacao-de-nomeacao-dos-excedentes\/"},"wordCount":373,"commentCount":4,"publisher":{"@id":"https:\/\/www.estrategiaconcursos.com.br\/blog\/#organization"},"keywords":["AFRFB","Receita Federal"],"articleSection":["Concursos P\u00fablicos"],"inLanguage":"pt-BR","potentialAction":[{"@type":"CommentAction","name":"Comment","target":["https:\/\/www.estrategiaconcursos.com.br\/blog\/sera-que-deixo-de-focar-o-concurso-de-afrfb-por-conta-da-autorizacao-de-nomeacao-dos-excedentes\/#respond"]}],"copyrightYear":"2015","copyrightHolder":{"@id":"https:\/\/www.estrategiaconcursos.com.br\/blog\/#organization"}},{"@type":"WebPage","@id":"https:\/\/www.estrategiaconcursos.com.br\/blog\/sera-que-deixo-de-focar-o-concurso-de-afrfb-por-conta-da-autorizacao-de-nomeacao-dos-excedentes\/","url":"https:\/\/www.estrategiaconcursos.com.br\/blog\/sera-que-deixo-de-focar-o-concurso-de-afrfb-por-conta-da-autorizacao-de-nomeacao-dos-excedentes\/","name":"Deixar o concurso Receita Federal por conta da nomea\u00e7\u00e3o?","isPartOf":{"@id":"https:\/\/www.estrategiaconcursos.com.br\/blog\/#website"},"datePublished":"2015-06-11T14:57:23+00:00","dateModified":"2018-10-23T20:49:49+00:00","description":"Ser\u00e1 que deixo de focar o concurso de AFRFB por conta da autoriza\u00e7\u00e3o de nomea\u00e7\u00e3o dos excedentes? Veja os motivos...","breadcrumb":{"@id":"https:\/\/www.estrategiaconcursos.com.br\/blog\/sera-que-deixo-de-focar-o-concurso-de-afrfb-por-conta-da-autorizacao-de-nomeacao-dos-excedentes\/#breadcrumb"},"inLanguage":"pt-BR","potentialAction":[{"@type":"ReadAction","target":["https:\/\/www.estrategiaconcursos.com.br\/blog\/sera-que-deixo-de-focar-o-concurso-de-afrfb-por-conta-da-autorizacao-de-nomeacao-dos-excedentes\/"]}]},{"@type":"BreadcrumbList","@id":"https:\/\/www.estrategiaconcursos.com.br\/blog\/sera-que-deixo-de-focar-o-concurso-de-afrfb-por-conta-da-autorizacao-de-nomeacao-dos-excedentes\/#breadcrumb","itemListElement":[{"@type":"ListItem","position":1,"name":"In\u00edcio","item":"https:\/\/www.estrategiaconcursos.com.br\/blog\/"},{"@type":"ListItem","position":2,"name":"Ser\u00e1 que deixo de focar o concurso de AFRFB por conta da autoriza\u00e7\u00e3o de nomea\u00e7\u00e3o dos excedentes?"}]},{"@type":"WebSite","@id":"https:\/\/www.estrategiaconcursos.com.br\/blog\/#website","url":"https:\/\/www.estrategiaconcursos.com.br\/blog\/","name":"Estrat\u00e9gia Concursos","description":"O blog da Estrat\u00e9gia Concursos traz not\u00edcias sobre concursos e artigos de professores oferecendo cursos para concursos (pdf + videaulas) no site.","publisher":{"@id":"https:\/\/www.estrategiaconcursos.com.br\/blog\/#organization"},"potentialAction":[{"@type":"SearchAction","target":{"@type":"EntryPoint","urlTemplate":"https:\/\/www.estrategiaconcursos.com.br\/blog\/?s={search_term_string}"},"query-input":{"@type":"PropertyValueSpecification","valueRequired":true,"valueName":"search_term_string"}}],"inLanguage":"pt-BR"},{"@type":"Organization","@id":"https:\/\/www.estrategiaconcursos.com.br\/blog\/#organization","name":"Estrat\u00e9gia Concursos","url":"https:\/\/www.estrategiaconcursos.com.br\/blog\/","logo":{"@type":"ImageObject","inLanguage":"pt-BR","@id":"https:\/\/www.estrategiaconcursos.com.br\/blog\/#\/schema\/logo\/image\/","url":"https:\/\/dhg1h5j42swfq.cloudfront.net\/2025\/06\/03203428\/logo_concursos-1.jpg","contentUrl":"https:\/\/dhg1h5j42swfq.cloudfront.net\/2025\/06\/03203428\/logo_concursos-1.jpg","width":230,"height":60,"caption":"Estrat\u00e9gia Concursos"},"image":{"@id":"https:\/\/www.estrategiaconcursos.com.br\/blog\/#\/schema\/logo\/image\/"},"sameAs":["https:\/\/x.com\/EstratConcursos"]},{"@type":"Person","@id":"https:\/\/www.estrategiaconcursos.com.br\/blog\/#\/schema\/person\/b4a388c97673c5f483d72185668afa1f","name":"Coordena\u00e7\u00e3o","image":{"@type":"ImageObject","inLanguage":"pt-BR","@id":"https:\/\/secure.gravatar.com\/avatar\/b720319e4c9a967eb58678d110f4fe35452fc5d5f97b202bac7b8acceb18c6ad?s=96&d=mm&r=g","url":"https:\/\/secure.gravatar.com\/avatar\/b720319e4c9a967eb58678d110f4fe35452fc5d5f97b202bac7b8acceb18c6ad?s=96&d=mm&r=g","contentUrl":"https:\/\/secure.gravatar.com\/avatar\/b720319e4c9a967eb58678d110f4fe35452fc5d5f97b202bac7b8acceb18c6ad?s=96&d=mm&r=g","caption":"Coordena\u00e7\u00e3o"},"sameAs":["https:\/\/www.facebook.com\/EstrategiaConcursos","https:\/\/x.com\/EstratConcursos"],"url":"https:\/\/www.estrategiaconcursos.com.br\/blog\/author\/estrategia2013\/"}]}},"_links":{"self":[{"href":"https:\/\/www.estrategiaconcursos.com.br\/blog\/wp-json\/wp\/v2\/posts\/23873","targetHints":{"allow":["GET"]}}],"collection":[{"href":"https:\/\/www.estrategiaconcursos.com.br\/blog\/wp-json\/wp\/v2\/posts"}],"about":[{"href":"https:\/\/www.estrategiaconcursos.com.br\/blog\/wp-json\/wp\/v2\/types\/post"}],"author":[{"embeddable":true,"href":"https:\/\/www.estrategiaconcursos.com.br\/blog\/wp-json\/wp\/v2\/users\/1"}],"replies":[{"embeddable":true,"href":"https:\/\/www.estrategiaconcursos.com.br\/blog\/wp-json\/wp\/v2\/comments?post=23873"}],"version-history":[{"count":5,"href":"https:\/\/www.estrategiaconcursos.com.br\/blog\/wp-json\/wp\/v2\/posts\/23873\/revisions"}],"predecessor-version":[{"id":148612,"href":"https:\/\/www.estrategiaconcursos.com.br\/blog\/wp-json\/wp\/v2\/posts\/23873\/revisions\/148612"}],"wp:attachment":[{"href":"https:\/\/www.estrategiaconcursos.com.br\/blog\/wp-json\/wp\/v2\/media?parent=23873"}],"wp:term":[{"taxonomy":"category","embeddable":true,"href":"https:\/\/www.estrategiaconcursos.com.br\/blog\/wp-json\/wp\/v2\/categories?post=23873"},{"taxonomy":"post_tag","embeddable":true,"href":"https:\/\/www.estrategiaconcursos.com.br\/blog\/wp-json\/wp\/v2\/tags?post=23873"},{"taxonomy":"tax_estado","embeddable":true,"href":"https:\/\/www.estrategiaconcursos.com.br\/blog\/wp-json\/wp\/v2\/tax_estado?post=23873"}],"curies":[{"name":"wp","href":"https:\/\/api.w.org\/{rel}","templated":true}]}}