{"id":23812,"date":"2015-06-10T12:33:11","date_gmt":"2015-06-10T15:33:11","guid":{"rendered":"http:\/\/www.estrategiaconcursos.com.br\/blog\/?p=23812"},"modified":"2019-08-09T15:31:42","modified_gmt":"2019-08-09T18:31:42","slug":"tcu-raciocinio-analitico-nao-e-raciocinio-logico","status":"publish","type":"post","link":"https:\/\/www.estrategiaconcursos.com.br\/blog\/tcu-raciocinio-analitico-nao-e-raciocinio-logico\/","title":{"rendered":"Concurso TCU &#8211; racioc\u00ednio anal\u00edtico N\u00c3O \u00c9 racioc\u00ednio l\u00f3gico!"},"content":{"rendered":"<p dir=\"ltr\" style=\"text-align: justify;\">Ol\u00e1 pessoal ,<\/p>\n<p dir=\"ltr\" style=\"text-align: justify;\">Uma novidade interessante trazida pelo novo edital do concurso TCU\u00a0foi a cobran\u00e7a da disciplina <strong><span style=\"color: #0000ff;\"><a style=\"color: #0000ff;\" href=\"https:\/\/www.estrategiaconcursos.com.br\/curso\/raciocinio-analitico-p-tcu-2015-auditoria-governamental-7164\/\" target=\"_blank\" rel=\"noopener noreferrer\">Racioc\u00ednio Anal\u00edtico<\/a><\/span><\/strong>. Certamente isso gerou muita confus\u00e3o entre os candidatos, motivo pelo qual estou escrevendo esse artigo. Em primeiro lugar, gostaria de deixar bem claro que <span style=\"text-decoration: underline;\"><strong>o racioc\u00ednio anal\u00edtico cobrado no edital n\u00e3o \u00e9 o mesmo que \u00a0o racioc\u00ednio l\u00f3gico que estamos habituados a ver em provas do CESPE<\/strong><\/span>. Em realidade, trata-se de uma disciplina bem diferente, que at\u00e9 onde tenho conhecimento s\u00f3 foi cobrada para concursos de alto n\u00edvel no certame de Fiscal do ICMS\/SP realizado em mar\u00e7o de 2013 (estou pesquisando se o CESPE j\u00e1 cobrou alguma vez no passado, mas a princ\u00edpio entendo que n\u00e3o). Naquela ocasi\u00e3o, essa disciplina foi chamada pelo edital de Racioc\u00ednio Cr\u00edtico, entretanto posso dizer que se trata basicamente do mesmo conte\u00fado.<\/p>\n<p dir=\"ltr\" style=\"text-align: justify;\">Na disciplina <strong><span style=\"color: #0000ff;\"><a style=\"color: #0000ff;\" href=\"https:\/\/www.estrategiaconcursos.com.br\/curso\/raciocinio-analitico-p-tcu-2015-auditoria-governamental-7164\/\" target=\"_blank\" rel=\"noopener noreferrer\">Racioc\u00ednio Anal\u00edtico<\/a><\/span><\/strong> n\u00f3s iremos trabalhar com uma \u00e1rea\u00a0da l\u00f3gica conhecida como &#8220;l\u00f3gica informal&#8221;. Para isso, vamos come\u00e7ar conhecendo alguns aspectos relacionados com a l\u00f3gica formal, que costumamos chamar de l\u00f3gica de proposi\u00e7\u00f5es (essa sim bastante cobrada em provas de concurso).\u00a0 Entretanto, vamos gastar a maior parte do nosso <strong><span style=\"color: #0000ff;\"><a style=\"color: #0000ff;\" href=\"https:\/\/www.estrategiaconcursos.com.br\/curso\/raciocinio-analitico-p-tcu-2015-auditoria-governamental-7164\/\" target=\"_blank\" rel=\"noopener noreferrer\">curso<\/a><\/span><\/strong> nos debru\u00e7ando sobre a l\u00f3gica informal, a constru\u00e7\u00e3o de argumentos, os erros de argumenta\u00e7\u00e3o (como as fal\u00e1cias), e assim por diante\u2026 Ao contr\u00e1rio da l\u00f3gica formal, onde os argumentos s\u00e3o simplesmente classificados como V\u00e1lidos ou Inv\u00e1lidos, na l\u00f3gica informal temos uma s\u00e9rie de possibilidades: um argumento pode ser mais s\u00f3lido ou menos s\u00f3lido, uma premissa pode refor\u00e7ar ou enfraquecer um argumento, uma conclus\u00e3o pode ser mais prov\u00e1vel ou menos prov\u00e1vel&#8230;<\/p>\n<p dir=\"ltr\" style=\"text-align: justify;\">Voc\u00ea ver\u00e1 que as quest\u00f5es de <strong><span style=\"color: #0000ff;\"><a style=\"color: #0000ff;\" href=\"https:\/\/www.estrategiaconcursos.com.br\/curso\/raciocinio-analitico-p-tcu-2015-auditoria-governamental-7164\/\" target=\"_blank\" rel=\"noopener noreferrer\">Racioc\u00ednio Anal\u00edtico<\/a>\u00a0<\/span><\/strong>exigem bastante senso cr\u00edtico do candidato, bastante capacidade de interpreta\u00e7\u00e3o, portanto exigem mecanismos pr\u00f3prios para a resolu\u00e7\u00e3o das quest\u00f5es. Para exemplificar, transcrevo abaixo duas quest\u00f5es desse assunto cobradas na \u00faltima prova do Fisco de S\u00e3o Paulo (que se encontram resolvidas em nosso curso):<\/p>\n<p style=\"text-align: justify;\"><em><span style=\"text-decoration: underline;\">Considere o texto abaixo para responder \u00e0s 2 quest\u00f5es seguintes.<\/span><\/em><\/p>\n<p style=\"text-align: justify;\"><strong>USP usa raios gama para esterilizar mosquito transmissor da dengue<\/strong><\/p>\n<p style=\"text-align: justify;\"><em>Enquanto na fic\u00e7\u00e3o a radia\u00e7\u00e3o gama conferiu poderes extraordin\u00e1rios ao Incr\u00edvel Hulk, na vida real ela ajuda a dificultar a vida do mosquito da dengue, prejudicando sua capacidade reprodutiva. Cientistas do CENA (Centro de Energia Nuclear na Agricultura) da USP de Piracicaba desenvolveram uma t\u00e9cnica que usa radia\u00e7\u00e3o para tornar o Aedes aegypti est\u00e9ril. Usando uma fonte de Cobalto-60, os pesquisadores fazem uma esp\u00e9cie de &#8220;bombardeio&#8221; de raios gama no inseto. A t\u00e9cnica, chamada de irradia\u00e7\u00e3o, j\u00e1 tem uso consagrado em v\u00e1rias outras aplica\u00e7\u00f5es, inclusive na ind\u00fastria de alimentos. A dose de radia\u00e7\u00e3o usada \u00e9 considerada baixa e n\u00e3o mata o mosquito, mas \u00e9 suficiente para torn\u00e1-lo est\u00e9ril. &#8220;A t\u00e9cnica \u00e9 perfeitamente segura. N\u00e3o h\u00e1 risco para o ambiente, porque a radia\u00e7\u00e3o n\u00e3o deixa nenhum tipo de res\u00edduo perigoso&#8221;, explica Valter Arthur, coordenador do estudo. A irradia\u00e7\u00e3o \u00e9 feita s\u00f3 nos mosquitos machos, quando eles atingem a chamada fase pupa, em que j\u00e1 est\u00e3o com todos os \u00f3rg\u00e3os formados, mas ainda n\u00e3o s\u00e3o adultos. (&#8230;) Depois do processo, os mosquitos irradiados s\u00e3o soltos no ambiente, onde competir\u00e3o com os machos normais pela c\u00f3pula com as f\u00eameas. As rela\u00e7\u00f5es chegam a acontecer, mas os ovos decorrentes delas n\u00e3o eclodem, o que ajuda a controlar a popula\u00e7\u00e3o dos insetos.<\/em><\/p>\n<p style=\"text-align: justify;\"><em>(MIRANDA, Giuliana. USP usa raios gama para esterilizar mosquito transmissor da dengue. <strong>Folha de S. Paulo<\/strong>, S\u00e3o Paulo, p.8C, jan.2013)<\/em><\/p>\n<p style=\"text-align: justify;\"><em><strong>\u00a0<\/strong><\/em><\/p>\n<p style=\"text-align: justify;\"><em><strong>FCC \u2013 ICMS\/SP \u2013 2013)<\/strong> De acordo com a continua\u00e7\u00e3o da reportagem, que n\u00e3o foi fornecida no trecho acima, os cientistas do CENA ainda precisam realizar um teste para verificar a efetividade da t\u00e9cnica descrita. Dentre os fatos abaixo, qual \u00e9 o \u00fanico que poderia comprometer essa efetividade, caso fosse verificado?<\/em><\/p>\n<p style=\"text-align: justify;\"><em>(A) Os mosquitos que sofreram a irradia\u00e7\u00e3o passam a voar mais rapidamente que os demais.<\/em><\/p>\n<p style=\"text-align: justify;\"><em>(B) A radia\u00e7\u00e3o afeta o metabolismo dos mosquitos, que passam a ter um ciclo de vida mais longo.<\/em><\/p>\n<p style=\"text-align: justify;\"><em>(C) As f\u00eameas do mosquito s\u00e3o incapazes de distinguir os mosquitos irradiados dos demais.<\/em><\/p>\n<p style=\"text-align: justify;\"><em>(D) A radia\u00e7\u00e3o afeta as f\u00eameas do mosquito durante a c\u00f3pula, podendo torn\u00e1-las est\u00e9reis.<\/em><\/p>\n<p style=\"text-align: justify;\"><em>(E) Os exemplares est\u00e9reis do mosquito s\u00e3o bem menos competitivos sexualmente do que os outros.<\/em><\/p>\n<p style=\"text-align: justify;\"><em><strong>\u00a0<\/strong><\/em><\/p>\n<p style=\"text-align: justify;\"><em><strong>FCC \u2013 ICMS\/SP \u2013 2013)<\/strong> A partir do texto, pode-se inferir que a dose de radia\u00e7\u00e3o usada deve ser baixa porque<\/em><\/p>\n<p style=\"text-align: justify;\"><em>(A) os mosquitos irradiados devem manter sua capacidade de copular.<\/em><\/p>\n<p style=\"text-align: justify;\"><em>(B) a t\u00e9cnica desenvolvida poder\u00e1 ser utilizada na ind\u00fastria de alimentos.<\/em><\/p>\n<p style=\"text-align: justify;\"><em>(C) todos os \u00f3rg\u00e3os dos mosquitos expostos a ela j\u00e1 est\u00e3o formados.<\/em><\/p>\n<p style=\"text-align: justify;\"><em>(D) os insetos expostos \u00e0 fonte de Cobalto-60 est\u00e3o na fase pupa.<\/em><\/p>\n<p style=\"text-align: justify;\"><em>(E) uma dose alta de radia\u00e7\u00e3o gama ajudaria a vida do mosquito.<\/em><\/p>\n<p dir=\"ltr\" style=\"text-align: justify;\">\u00c9 interessante saber ainda que essa mat\u00e9ria, embora n\u00e3o cobrada em concursos p\u00fablicos com frequ\u00eancia, costuma ser cobrada no exame da ANPAD, que \u00e9 uma prova espec\u00edfica para pessoas que pretendem ingressar em cursos de especializa\u00e7\u00e3o em administra\u00e7\u00e3o, bem como na prova da FGV para sele\u00e7\u00e3o de sua p\u00f3s-gradua\u00e7\u00e3o em administra\u00e7\u00e3o (CEAG), e tamb\u00e9m nos exames de profici\u00eancia em l\u00f3gica exigidos para ingressar em cursos de MBA no exterior, conhecidos como GMAT. Assim, ao longo do nosso curso vamos trabalhar diversas quest\u00f5es oriundas desses diversos exames, e tamb\u00e9m trabalharemos <span style=\"text-decoration: underline;\"><strong>simulados de quest\u00f5es criadas por mim no estilo da banca CESPE<\/strong><\/span>, para vermos algo mais pr\u00f3ximo do que podemos esperar na sua prova.<\/p>\n<p dir=\"ltr\" style=\"text-align: justify;\">Assim, finalizo refor\u00e7ando o recado: racioc\u00ednio anal\u00edtico n\u00e3o \u00e9 o mesmo que racioc\u00ednio l\u00f3gico! Caso voc\u00ea pretenda ter um bom desempenho na prova do TCU, considero bastante recomend\u00e1vel que voc\u00ea dedique parte do seu tempo de prepara\u00e7\u00e3o a essa disciplina.<\/p>\n","protected":false},"excerpt":{"rendered":"<p>Ol\u00e1 pessoal , Uma novidade interessante trazida pelo novo edital do concurso TCU\u00a0foi a cobran\u00e7a da disciplina Racioc\u00ednio Anal\u00edtico. Certamente isso gerou muita confus\u00e3o entre os candidatos, motivo pelo qual estou escrevendo esse artigo. Em primeiro lugar, gostaria de deixar bem claro que o racioc\u00ednio anal\u00edtico cobrado no edital n\u00e3o \u00e9 o mesmo que \u00a0o [&hellip;]<\/p>\n","protected":false},"author":48,"featured_media":0,"comment_status":"open","ping_status":"open","sticky":false,"template":"","format":"standard","meta":{"post_tipo":"article","footnotes":""},"categories":[1],"tags":[598,771],"tax_estado":[],"class_list":["post-23812","post","type-post","status-publish","format-standard","hentry","category-cursos-e-concursos","tag-tcu","tag-raciocinio-analitico"],"acf":[],"yoast_head":"<!-- This site is optimized with the Yoast SEO Premium plugin v27.2 (Yoast SEO v27.2) - https:\/\/yoast.com\/product\/yoast-seo-premium-wordpress\/ -->\n<title>Concurso TCU<\/title>\n<meta name=\"description\" content=\"Concurso TCU\" \/>\n<meta name=\"robots\" content=\"index, follow, max-snippet:-1, max-image-preview:large, max-video-preview:-1\" \/>\n<link rel=\"canonical\" href=\"https:\/\/www.estrategiaconcursos.com.br\/blog\/tcu-raciocinio-analitico-nao-e-raciocinio-logico\/\" \/>\n<meta property=\"og:locale\" content=\"pt_BR\" \/>\n<meta property=\"og:type\" content=\"article\" \/>\n<meta property=\"og:title\" content=\"Concurso TCU - racioc\u00ednio anal\u00edtico N\u00c3O \u00c9 racioc\u00ednio l\u00f3gico!\" \/>\n<meta property=\"og:description\" content=\"Concurso TCU\" \/>\n<meta property=\"og:url\" content=\"https:\/\/www.estrategiaconcursos.com.br\/blog\/tcu-raciocinio-analitico-nao-e-raciocinio-logico\/\" \/>\n<meta property=\"og:site_name\" content=\"Estrat\u00e9gia Concursos\" \/>\n<meta property=\"article:published_time\" content=\"2015-06-10T15:33:11+00:00\" \/>\n<meta property=\"article:modified_time\" content=\"2019-08-09T18:31:42+00:00\" \/>\n<meta name=\"author\" content=\"Coordena\u00e7\u00e3o\" \/>\n<meta name=\"twitter:card\" content=\"summary_large_image\" \/>\n<meta name=\"twitter:creator\" content=\"@EstratConcursos\" \/>\n<meta name=\"twitter:site\" content=\"@EstratConcursos\" \/>\n<meta name=\"twitter:label1\" content=\"Escrito por\" \/>\n\t<meta name=\"twitter:data1\" content=\"Coordena\u00e7\u00e3o\" \/>\n\t<meta name=\"twitter:label2\" content=\"Est. tempo de leitura\" \/>\n\t<meta name=\"twitter:data2\" content=\"5 minutos\" \/>\n<script type=\"application\/ld+json\" class=\"yoast-schema-graph\">{\"@context\":\"https:\/\/schema.org\",\"@graph\":[{\"@type\":\"NewsArticle\",\"@id\":\"https:\/\/www.estrategiaconcursos.com.br\/blog\/tcu-raciocinio-analitico-nao-e-raciocinio-logico\/#article\",\"isPartOf\":{\"@id\":\"https:\/\/www.estrategiaconcursos.com.br\/blog\/tcu-raciocinio-analitico-nao-e-raciocinio-logico\/\"},\"author\":{\"name\":\"Coordena\u00e7\u00e3o\",\"@id\":\"https:\/\/www.estrategiaconcursos.com.br\/blog\/#\/schema\/person\/cdad40b5818eb228a838461fcd656da7\"},\"headline\":\"Concurso TCU &#8211; racioc\u00ednio anal\u00edtico N\u00c3O \u00c9 racioc\u00ednio l\u00f3gico!\",\"datePublished\":\"2015-06-10T15:33:11+00:00\",\"dateModified\":\"2019-08-09T18:31:42+00:00\",\"mainEntityOfPage\":{\"@id\":\"https:\/\/www.estrategiaconcursos.com.br\/blog\/tcu-raciocinio-analitico-nao-e-raciocinio-logico\/\"},\"wordCount\":1048,\"commentCount\":5,\"publisher\":{\"@id\":\"https:\/\/www.estrategiaconcursos.com.br\/blog\/#organization\"},\"keywords\":[\"Concurso TCU\",\"Racioc\u00ednio Anal\u00edtico\"],\"articleSection\":[\"Concursos P\u00fablicos\"],\"inLanguage\":\"pt-BR\",\"potentialAction\":[{\"@type\":\"CommentAction\",\"name\":\"Comment\",\"target\":[\"https:\/\/www.estrategiaconcursos.com.br\/blog\/tcu-raciocinio-analitico-nao-e-raciocinio-logico\/#respond\"]}],\"copyrightYear\":\"2015\",\"copyrightHolder\":{\"@id\":\"https:\/\/www.estrategiaconcursos.com.br\/blog\/#organization\"}},{\"@type\":\"WebPage\",\"@id\":\"https:\/\/www.estrategiaconcursos.com.br\/blog\/tcu-raciocinio-analitico-nao-e-raciocinio-logico\/\",\"url\":\"https:\/\/www.estrategiaconcursos.com.br\/blog\/tcu-raciocinio-analitico-nao-e-raciocinio-logico\/\",\"name\":\"Concurso TCU\",\"isPartOf\":{\"@id\":\"https:\/\/www.estrategiaconcursos.com.br\/blog\/#website\"},\"datePublished\":\"2015-06-10T15:33:11+00:00\",\"dateModified\":\"2019-08-09T18:31:42+00:00\",\"description\":\"Concurso TCU\",\"breadcrumb\":{\"@id\":\"https:\/\/www.estrategiaconcursos.com.br\/blog\/tcu-raciocinio-analitico-nao-e-raciocinio-logico\/#breadcrumb\"},\"inLanguage\":\"pt-BR\",\"potentialAction\":[{\"@type\":\"ReadAction\",\"target\":[\"https:\/\/www.estrategiaconcursos.com.br\/blog\/tcu-raciocinio-analitico-nao-e-raciocinio-logico\/\"]}]},{\"@type\":\"BreadcrumbList\",\"@id\":\"https:\/\/www.estrategiaconcursos.com.br\/blog\/tcu-raciocinio-analitico-nao-e-raciocinio-logico\/#breadcrumb\",\"itemListElement\":[{\"@type\":\"ListItem\",\"position\":1,\"name\":\"In\u00edcio\",\"item\":\"https:\/\/www.estrategiaconcursos.com.br\/blog\/\"},{\"@type\":\"ListItem\",\"position\":2,\"name\":\"Concurso TCU &#8211; racioc\u00ednio anal\u00edtico N\u00c3O \u00c9 racioc\u00ednio l\u00f3gico!\"}]},{\"@type\":\"WebSite\",\"@id\":\"https:\/\/www.estrategiaconcursos.com.br\/blog\/#website\",\"url\":\"https:\/\/www.estrategiaconcursos.com.br\/blog\/\",\"name\":\"Estrat\u00e9gia Concursos\",\"description\":\"O blog da Estrat\u00e9gia Concursos traz not\u00edcias sobre concursos e artigos de professores oferecendo cursos para concursos (pdf + videaulas) no site.\",\"publisher\":{\"@id\":\"https:\/\/www.estrategiaconcursos.com.br\/blog\/#organization\"},\"potentialAction\":[{\"@type\":\"SearchAction\",\"target\":{\"@type\":\"EntryPoint\",\"urlTemplate\":\"https:\/\/www.estrategiaconcursos.com.br\/blog\/?s={search_term_string}\"},\"query-input\":{\"@type\":\"PropertyValueSpecification\",\"valueRequired\":true,\"valueName\":\"search_term_string\"}}],\"inLanguage\":\"pt-BR\"},{\"@type\":\"Organization\",\"@id\":\"https:\/\/www.estrategiaconcursos.com.br\/blog\/#organization\",\"name\":\"Estrat\u00e9gia Concursos\",\"url\":\"https:\/\/www.estrategiaconcursos.com.br\/blog\/\",\"logo\":{\"@type\":\"ImageObject\",\"inLanguage\":\"pt-BR\",\"@id\":\"https:\/\/www.estrategiaconcursos.com.br\/blog\/#\/schema\/logo\/image\/\",\"url\":\"https:\/\/dhg1h5j42swfq.cloudfront.net\/2025\/06\/03203428\/logo_concursos-1.jpg\",\"contentUrl\":\"https:\/\/dhg1h5j42swfq.cloudfront.net\/2025\/06\/03203428\/logo_concursos-1.jpg\",\"width\":230,\"height\":60,\"caption\":\"Estrat\u00e9gia Concursos\"},\"image\":{\"@id\":\"https:\/\/www.estrategiaconcursos.com.br\/blog\/#\/schema\/logo\/image\/\"},\"sameAs\":[\"https:\/\/x.com\/EstratConcursos\"]},{\"@type\":\"Person\",\"@id\":\"https:\/\/www.estrategiaconcursos.com.br\/blog\/#\/schema\/person\/cdad40b5818eb228a838461fcd656da7\",\"name\":\"Coordena\u00e7\u00e3o\",\"image\":{\"@type\":\"ImageObject\",\"inLanguage\":\"pt-BR\",\"@id\":\"https:\/\/secure.gravatar.com\/avatar\/a413b22da0f5009c634f6c4586a2dbe5207074fd5becd88db5183b8069ef25e4?s=96&d=mm&r=g\",\"url\":\"https:\/\/secure.gravatar.com\/avatar\/a413b22da0f5009c634f6c4586a2dbe5207074fd5becd88db5183b8069ef25e4?s=96&d=mm&r=g\",\"contentUrl\":\"https:\/\/secure.gravatar.com\/avatar\/a413b22da0f5009c634f6c4586a2dbe5207074fd5becd88db5183b8069ef25e4?s=96&d=mm&r=g\",\"caption\":\"Coordena\u00e7\u00e3o\"},\"url\":\"https:\/\/www.estrategiaconcursos.com.br\/blog\/author\/contatoestrategiaconcursos-com-br\/\"}]}<\/script>\n<!-- \/ Yoast SEO Premium plugin. -->","yoast_head_json":{"title":"Concurso TCU","description":"Concurso TCU","robots":{"index":"index","follow":"follow","max-snippet":"max-snippet:-1","max-image-preview":"max-image-preview:large","max-video-preview":"max-video-preview:-1"},"canonical":"https:\/\/www.estrategiaconcursos.com.br\/blog\/tcu-raciocinio-analitico-nao-e-raciocinio-logico\/","og_locale":"pt_BR","og_type":"article","og_title":"Concurso TCU - racioc\u00ednio anal\u00edtico N\u00c3O \u00c9 racioc\u00ednio l\u00f3gico!","og_description":"Concurso TCU","og_url":"https:\/\/www.estrategiaconcursos.com.br\/blog\/tcu-raciocinio-analitico-nao-e-raciocinio-logico\/","og_site_name":"Estrat\u00e9gia Concursos","article_published_time":"2015-06-10T15:33:11+00:00","article_modified_time":"2019-08-09T18:31:42+00:00","author":"Coordena\u00e7\u00e3o","twitter_card":"summary_large_image","twitter_creator":"@EstratConcursos","twitter_site":"@EstratConcursos","twitter_misc":{"Escrito por":"Coordena\u00e7\u00e3o","Est. tempo de leitura":"5 minutos"},"schema":{"@context":"https:\/\/schema.org","@graph":[{"@type":"NewsArticle","@id":"https:\/\/www.estrategiaconcursos.com.br\/blog\/tcu-raciocinio-analitico-nao-e-raciocinio-logico\/#article","isPartOf":{"@id":"https:\/\/www.estrategiaconcursos.com.br\/blog\/tcu-raciocinio-analitico-nao-e-raciocinio-logico\/"},"author":{"name":"Coordena\u00e7\u00e3o","@id":"https:\/\/www.estrategiaconcursos.com.br\/blog\/#\/schema\/person\/cdad40b5818eb228a838461fcd656da7"},"headline":"Concurso TCU &#8211; racioc\u00ednio anal\u00edtico N\u00c3O \u00c9 racioc\u00ednio l\u00f3gico!","datePublished":"2015-06-10T15:33:11+00:00","dateModified":"2019-08-09T18:31:42+00:00","mainEntityOfPage":{"@id":"https:\/\/www.estrategiaconcursos.com.br\/blog\/tcu-raciocinio-analitico-nao-e-raciocinio-logico\/"},"wordCount":1048,"commentCount":5,"publisher":{"@id":"https:\/\/www.estrategiaconcursos.com.br\/blog\/#organization"},"keywords":["Concurso TCU","Racioc\u00ednio Anal\u00edtico"],"articleSection":["Concursos P\u00fablicos"],"inLanguage":"pt-BR","potentialAction":[{"@type":"CommentAction","name":"Comment","target":["https:\/\/www.estrategiaconcursos.com.br\/blog\/tcu-raciocinio-analitico-nao-e-raciocinio-logico\/#respond"]}],"copyrightYear":"2015","copyrightHolder":{"@id":"https:\/\/www.estrategiaconcursos.com.br\/blog\/#organization"}},{"@type":"WebPage","@id":"https:\/\/www.estrategiaconcursos.com.br\/blog\/tcu-raciocinio-analitico-nao-e-raciocinio-logico\/","url":"https:\/\/www.estrategiaconcursos.com.br\/blog\/tcu-raciocinio-analitico-nao-e-raciocinio-logico\/","name":"Concurso TCU","isPartOf":{"@id":"https:\/\/www.estrategiaconcursos.com.br\/blog\/#website"},"datePublished":"2015-06-10T15:33:11+00:00","dateModified":"2019-08-09T18:31:42+00:00","description":"Concurso TCU","breadcrumb":{"@id":"https:\/\/www.estrategiaconcursos.com.br\/blog\/tcu-raciocinio-analitico-nao-e-raciocinio-logico\/#breadcrumb"},"inLanguage":"pt-BR","potentialAction":[{"@type":"ReadAction","target":["https:\/\/www.estrategiaconcursos.com.br\/blog\/tcu-raciocinio-analitico-nao-e-raciocinio-logico\/"]}]},{"@type":"BreadcrumbList","@id":"https:\/\/www.estrategiaconcursos.com.br\/blog\/tcu-raciocinio-analitico-nao-e-raciocinio-logico\/#breadcrumb","itemListElement":[{"@type":"ListItem","position":1,"name":"In\u00edcio","item":"https:\/\/www.estrategiaconcursos.com.br\/blog\/"},{"@type":"ListItem","position":2,"name":"Concurso TCU &#8211; racioc\u00ednio anal\u00edtico N\u00c3O \u00c9 racioc\u00ednio l\u00f3gico!"}]},{"@type":"WebSite","@id":"https:\/\/www.estrategiaconcursos.com.br\/blog\/#website","url":"https:\/\/www.estrategiaconcursos.com.br\/blog\/","name":"Estrat\u00e9gia Concursos","description":"O blog da Estrat\u00e9gia Concursos traz not\u00edcias sobre concursos e artigos de professores oferecendo cursos para concursos (pdf + videaulas) no site.","publisher":{"@id":"https:\/\/www.estrategiaconcursos.com.br\/blog\/#organization"},"potentialAction":[{"@type":"SearchAction","target":{"@type":"EntryPoint","urlTemplate":"https:\/\/www.estrategiaconcursos.com.br\/blog\/?s={search_term_string}"},"query-input":{"@type":"PropertyValueSpecification","valueRequired":true,"valueName":"search_term_string"}}],"inLanguage":"pt-BR"},{"@type":"Organization","@id":"https:\/\/www.estrategiaconcursos.com.br\/blog\/#organization","name":"Estrat\u00e9gia Concursos","url":"https:\/\/www.estrategiaconcursos.com.br\/blog\/","logo":{"@type":"ImageObject","inLanguage":"pt-BR","@id":"https:\/\/www.estrategiaconcursos.com.br\/blog\/#\/schema\/logo\/image\/","url":"https:\/\/dhg1h5j42swfq.cloudfront.net\/2025\/06\/03203428\/logo_concursos-1.jpg","contentUrl":"https:\/\/dhg1h5j42swfq.cloudfront.net\/2025\/06\/03203428\/logo_concursos-1.jpg","width":230,"height":60,"caption":"Estrat\u00e9gia Concursos"},"image":{"@id":"https:\/\/www.estrategiaconcursos.com.br\/blog\/#\/schema\/logo\/image\/"},"sameAs":["https:\/\/x.com\/EstratConcursos"]},{"@type":"Person","@id":"https:\/\/www.estrategiaconcursos.com.br\/blog\/#\/schema\/person\/cdad40b5818eb228a838461fcd656da7","name":"Coordena\u00e7\u00e3o","image":{"@type":"ImageObject","inLanguage":"pt-BR","@id":"https:\/\/secure.gravatar.com\/avatar\/a413b22da0f5009c634f6c4586a2dbe5207074fd5becd88db5183b8069ef25e4?s=96&d=mm&r=g","url":"https:\/\/secure.gravatar.com\/avatar\/a413b22da0f5009c634f6c4586a2dbe5207074fd5becd88db5183b8069ef25e4?s=96&d=mm&r=g","contentUrl":"https:\/\/secure.gravatar.com\/avatar\/a413b22da0f5009c634f6c4586a2dbe5207074fd5becd88db5183b8069ef25e4?s=96&d=mm&r=g","caption":"Coordena\u00e7\u00e3o"},"url":"https:\/\/www.estrategiaconcursos.com.br\/blog\/author\/contatoestrategiaconcursos-com-br\/"}]}},"_links":{"self":[{"href":"https:\/\/www.estrategiaconcursos.com.br\/blog\/wp-json\/wp\/v2\/posts\/23812","targetHints":{"allow":["GET"]}}],"collection":[{"href":"https:\/\/www.estrategiaconcursos.com.br\/blog\/wp-json\/wp\/v2\/posts"}],"about":[{"href":"https:\/\/www.estrategiaconcursos.com.br\/blog\/wp-json\/wp\/v2\/types\/post"}],"author":[{"embeddable":true,"href":"https:\/\/www.estrategiaconcursos.com.br\/blog\/wp-json\/wp\/v2\/users\/48"}],"replies":[{"embeddable":true,"href":"https:\/\/www.estrategiaconcursos.com.br\/blog\/wp-json\/wp\/v2\/comments?post=23812"}],"version-history":[{"count":7,"href":"https:\/\/www.estrategiaconcursos.com.br\/blog\/wp-json\/wp\/v2\/posts\/23812\/revisions"}],"predecessor-version":[{"id":407953,"href":"https:\/\/www.estrategiaconcursos.com.br\/blog\/wp-json\/wp\/v2\/posts\/23812\/revisions\/407953"}],"wp:attachment":[{"href":"https:\/\/www.estrategiaconcursos.com.br\/blog\/wp-json\/wp\/v2\/media?parent=23812"}],"wp:term":[{"taxonomy":"category","embeddable":true,"href":"https:\/\/www.estrategiaconcursos.com.br\/blog\/wp-json\/wp\/v2\/categories?post=23812"},{"taxonomy":"post_tag","embeddable":true,"href":"https:\/\/www.estrategiaconcursos.com.br\/blog\/wp-json\/wp\/v2\/tags?post=23812"},{"taxonomy":"tax_estado","embeddable":true,"href":"https:\/\/www.estrategiaconcursos.com.br\/blog\/wp-json\/wp\/v2\/tax_estado?post=23812"}],"curies":[{"name":"wp","href":"https:\/\/api.w.org\/{rel}","templated":true}]}}