{"id":23570,"date":"2015-05-31T23:05:10","date_gmt":"2015-06-01T02:05:10","guid":{"rendered":"http:\/\/www.estrategiaconcursos.com.br\/blog\/?p=23570"},"modified":"2016-03-10T11:30:24","modified_gmt":"2016-03-10T14:30:24","slug":"mais-novidades-em-legislacao-aduaneira","status":"publish","type":"post","link":"https:\/\/www.estrategiaconcursos.com.br\/blog\/mais-novidades-em-legislacao-aduaneira\/","title":{"rendered":"Legisla\u00e7\u00e3o Aduaneira &#8211; Mais Novidades para o Concurso da Receita Federal"},"content":{"rendered":"<p>Ol\u00e1, pessoal! Tudo bem?<\/p>\n<p>Hoje compartilho com voc\u00eas <em><strong>mais novidades em Legisla\u00e7\u00e3o Aduaneira<\/strong><\/em>. S\u00e3o alguns detalhes importantes, que merecem uma aten\u00e7\u00e3o muito especial.<\/p>\n<p>Aproveito para dizer que <em><strong>atualizarei, em breve, as aulas de todos os meus cursos de Legisla\u00e7\u00e3o Aduaneira<\/strong><\/em>.<\/p>\n<p>Abra\u00e7os,<\/p>\n<p>Ricardo<\/p>\n<p><strong>1)<\/strong> Voc\u00eas se lembram de que a base de c\u00e1lculo do PIS\/PASEP-Importa\u00e7\u00e3o e da COFINS-Importa\u00e7\u00e3o j\u00e1 n\u00e3o inclui mais o valor do ICMS e o valor dessas pr\u00f3prias contribui\u00e7\u00f5es?<\/p>\n<p>Isso \u00e9 uma realidade desde a decis\u00e3o do STF no Recurso Extraordin\u00e1rio n\u00ba 559.937\/RS. Foi tema, inclusive, de uma quest\u00e3o da prova de Auditor-Fiscal RFB 2014.<\/p>\n<p>Pois bem&#8230; Com a <em><strong>redu\u00e7\u00e3o da base de c\u00e1lculo<\/strong><\/em> do PIS\/PASEP-Importa\u00e7\u00e3o e da COFINS-Importa\u00e7\u00e3o, a <em><strong>Uni\u00e3o passou a arrecadar menos com esses tributos<\/strong><\/em>. Qual foi a solu\u00e7\u00e3o?<\/p>\n<p>Aumentar a al\u00edquota! Com a Lei n\u00ba 13.097\/2015, <em><strong>a al\u00edquota do PIS\/PASEP-Importa\u00e7\u00e3o passou a ser 2,32% e a al\u00edquota da COFINS-Importa\u00e7\u00e3o 10,68%<\/strong><\/em>.<\/p>\n<p><strong>2)<\/strong> Tivemos uma modifica\u00e7\u00e3o no que diz respeito \u00e0 <em><strong>tributa\u00e7\u00e3o de mercadorias n\u00e3o-identificadas<\/strong><\/em>. Com a Lei n\u00ba 13.043\/2014, na impossibilidade de identifica\u00e7\u00e3o da mercadoria importada, passou a incidir a aplica\u00e7\u00e3o da <em><strong>al\u00edquota \u00fanica de 80%<\/strong><\/em> relativa ao I.I, IPI, PIS\/PASEP-Importa\u00e7\u00e3o, COFINS-Importa\u00e7\u00e3o e AFRMM.<\/p>\n<p><strong>3)<\/strong> A Lei n\u00ba 13.043\/2014 <em><strong>\u201cressuscitou\u201d o chamado REINTEGRA<\/strong><\/em>, que \u00e9 um incentivo fiscal \u00e0s exporta\u00e7\u00f5es.<\/p>\n<p>Um dos grandes problemas que afeta a competitividade das exporta\u00e7\u00f5es brasileiras \u00e9 a exist\u00eancia de <em><strong>res\u00edduos tribut\u00e1rios (ac\u00famulo de cr\u00e9ditos n\u00e3o compensados) ao longo da cadeia de produ\u00e7\u00e3o<\/strong><\/em>, o que contraria a pol\u00edtica brasileira de n\u00e3o exportar tributos. Esses res\u00edduos tribut\u00e1rios existem em raz\u00e3o da complexidade do sistema tribut\u00e1rio brasileiro, em que, por exemplo, um mesmo tributo se submete aos regimes de cumulatividade e n\u00e3o-cumulatividade (dependendo do setor).<\/p>\n<p>Com o objetivo de <em><strong>compensar a exist\u00eancia desses res\u00edduos tribut\u00e1rios<\/strong><\/em> e, assim, obter a total desonera\u00e7\u00e3o das exporta\u00e7\u00f5es brasileiras, foi criado o REINTEGRA.<\/p>\n<p>O REINTEGRA \u00e9 o Regime Especial de Reintegra\u00e7\u00e3o de Valores Tribut\u00e1rios para Empresas Exportadoras, tendo sido criado com o objetivo de <em><strong>reintegrar valores referentes a custos tribut\u00e1rios residuais<\/strong><\/em> existentes nas cadeias de produ\u00e7\u00e3o. No \u00e2mbito do Reintegra, a pessoa jur\u00eddica produtora que efetue exporta\u00e7\u00e3o de certos bens manufaturados no Pa\u00eds poder\u00e1 apurar valor para fins de ressarcir parcial ou integralmente o res\u00edduo tribut\u00e1rio federal existente na sua cadeia de produ\u00e7\u00e3o.<\/p>\n<p>Esse <em><strong>valor ser\u00e1 apurado pela aplica\u00e7\u00e3o de um percentual definido pelo Poder Executivo sobre a receita decorrente de exporta\u00e7\u00e3o<\/strong><\/em> de bens produzidos pela pessoa jur\u00eddica exportadora.<\/p>\n<p>Segundo a Lei n\u00ba 13.043\/2014, o Poder Executivo <em><strong>poder\u00e1 fixar percentual entre 0,1% e 3%, admitindo-se diferencia\u00e7\u00e3o por bem<\/strong><\/em>. Atualmente, est\u00e1 em vigor o Decreto n\u00ba 8.415\/2015, que fixou o <em><strong>percentual de 3%<\/strong><\/em> para todos os setores e atividades. Assim, se a empresa obteve uma receita decorrente de exporta\u00e7\u00e3o de R$ 1.000.000,00, ela ir\u00e1 apurar um valor de R$ 30.000,00 pela aplica\u00e7\u00e3o do REINTEGRA. Desses valores apurados, 17,84% se referem a cr\u00e9ditos de PIS\/PASEP e 82,16% a cr\u00e9ditos de COFINS.<\/p>\n<p>Mas como esse valor apurado poder\u00e1 ser utilizado?<\/p>\n<p>A pessoa jur\u00eddica poder\u00e1 utilizar o valor apurado de duas formas diferentes:<\/p>\n<p><strong>a)<\/strong> Efetuar <em><strong>compensa\u00e7\u00e3o com d\u00e9bitos pr\u00f3prios<\/strong><\/em> relativos a tributos administrados pela Secretaria da Receita Federal do Brasil,.<\/p>\n<p><strong>b)<\/strong> <em><strong>Ressarcimento em esp\u00e9cie.<\/strong><\/em><\/p>\n<p>\u00c9 importante destacar que a apura\u00e7\u00e3o de cr\u00e9dito ao amparo do REINTEGRA n\u00e3o ocorrer\u00e1 para todo e qualquer bem. De forma alguma!<\/p>\n<p>A apura\u00e7\u00e3o de cr\u00e9dito nos termos do Reintegra somente ser\u00e1 permitida na exporta\u00e7\u00e3o de bem que, <em><strong>cumulativamente<\/strong><\/em>, <em><strong>cumpra os seguintes requisitos<\/strong><\/em>:<strong> i)<\/strong> tenha sido industrializado no Pa\u00eds;<strong> ii)<\/strong> esteja classificado em c\u00f3digo da TIPI e relacionado no Anexo ao Decreto n\u00ba 8.415\/2015 e; <strong>iii)<\/strong> tenha custo total de insumos importados n\u00e3o superior ao limite percentual do pre\u00e7o de exporta\u00e7\u00e3o estabelecido no Anexo ao Decreto n\u00ba 8.415\/2015.<\/p>\n<p>A reintegra\u00e7\u00e3o de valores ao amparo do REINTEGRA <em><strong>n\u00e3o se aplica \u00e0s empresas comerciais exportadoras (ECE)<\/strong><\/em>.<\/p>\n<p>A n\u00e3o-aplica\u00e7\u00e3o do REINTEGRA \u00e0s empresas comerciais exportadoras \u00e9 algo que se explica com certa tranquilidade. A elas o REINTEGRA n\u00e3o se aplica em raz\u00e3o de a venda a uma empresa comercial exportadora (ECE) j\u00e1 ser considerada exporta\u00e7\u00e3o. Assim, a empresa que vender mercadorias a uma ECE \u00e9 que far\u00e1 jus \u00e0 reintegra\u00e7\u00e3o de valores.<\/p>\n<p><strong>4)<\/strong> At\u00e9 2015, o STJ entendia que o crime de descaminho era um crime de natureza eminentemente tribut\u00e1ria e, como tal, deveria receber tratamento similar aos crimes tribut\u00e1rios em geral. Nesse sentido, considerava o STJ que aplicava-se ao descaminho o art. 34 da Lei n\u00ba 9.249\/1995, que disp\u00f5e que \u201c<em>extingue-se a punibilidade quando o agente promove o pagamento do tributo, e tamb\u00e9m de eventuais acess\u00f3rios, at\u00e9 o recebimento da den\u00fancia\u201d<\/em>.<\/p>\n<p>Por\u00e9m, no RHC n\u00ba 43.558-SP, de 05\/02\/2015, <em><strong>o STJ mudou o seu entendimento.<\/strong> <\/em>Considera-se, agora, que <em><strong>o descaminho \u00e9 um crime que, para al\u00e9m de lesar o interesse patrimonial do Estado, gera preju\u00edzos \u00e0 atividade econ\u00f4mica,<\/strong><\/em> na medida em que promove o com\u00e9rcio ilegal e a concorr\u00eancia desleal. Assim, o entendimento atual do STJ \u00e9 o de que <em><strong>n\u00e3o se pode equiparar o crime de descaminho aos crimes materiais contra a ordem tribut\u00e1ria<\/strong><\/em>. Logo, <em><strong>n\u00e3o haver\u00e1 a extin\u00e7\u00e3o da punibilidade em raz\u00e3o do pagamento do tributo devido<\/strong><\/em>.<\/p>\n<p><strong>5)<\/strong> A IN RFB n\u00ba 1.559\/2015 fez algumas altera\u00e7\u00f5es no RECOF (Entreposto Industrial sob controle aduaneiro informatizado). Dentre elas, destaco as seguintes:<\/p>\n<p><strong>a)<\/strong> Um dos requisites para que uma empresa seja habilitada no RECOF \u00e9 que ela possua <em><strong>patrim\u00f4nio l\u00edquido igual ou superior a R$ 10.000.000,00<\/strong><\/em> (dez milh\u00f5es de reais). Antes, o valor era bem maior! Houve uma flexibiliza\u00e7\u00e3o do regime.<\/p>\n<p><strong>b)<\/strong> As empresas benefici\u00e1rias do RECOF, para manter a sua habilita\u00e7\u00e3o, dever\u00e3o exportar produtos industrializados resultantes dos processos mencionados no art. 2\u00ba (processos de industrializa\u00e7\u00e3o aos quais o RECOF est\u00e1 limitado) no <em><strong>valor m\u00ednimo anual equivalente a 50% (cinquenta por cento) do valor total das mercadorias importadas ao amparo do regime, no mesmo per\u00edodo, e n\u00e3o inferior a US$ 5 milh\u00f5es.<\/strong><\/em><\/p>\n<p>Suponha, por exemplo, que uma empresa habilitada no RECOF Semicondutores, importe, no ano de 2015, mercadorias com desonera\u00e7\u00e3o tribut\u00e1ria no valor de US$ 30 milh\u00f5es. Logo, ela ter\u00e1 que exportar, em 2015, no m\u00ednimo 50% desse valor (US$ 15 milh\u00f5es). Em qualquer caso, o valor m\u00ednimo a ser exportado \u00e9 US$ 5 milh\u00f5es.<\/p>\n<p><strong>6)<\/strong> A S\u00famula n\u00ba 661\/STF foi convertida em S\u00famula Vinculante, o que aumenta suas chances de cobran\u00e7a em provas, inclusive de Direito Tribut\u00e1rio. Ela diz o seguinte:<\/p>\n<p><strong><em>&#8220;Na entrada de mercadoria importada do exterior, \u00e9 leg\u00edtima a cobran\u00e7a do ICMS por ocasi\u00e3o do desembara\u00e7o aduaneiro.&#8221;<\/em><\/strong><\/p>\n<p>&#8230;<\/p>\n<p>Para ver nossos cursos para a Receita Federal, acesse o link abaixo:<\/p>\n<p><strong>Cursos p\/ AFRFB 2015: (PDF + Videoaulas)<\/strong><\/p>\n<p><a href=\"https:\/\/www.estrategiaconcursos.com.br\/cursosPorConcurso\/receita-federal-auditor-fiscal-7\/\">https:\/\/www.estrategiaconcursos.com.br\/cursosPorConcurso\/receita-federal-auditor-fiscal-7\/<\/a><\/p>\n<p><strong>Cursos p\/ ATRFB 2015:\u00a0(PDF + Videoaulas)<\/strong><\/p>\n<p><a href=\"https:\/\/www.estrategiaconcursos.com.br\/cursosPorConcurso\/receita-federal-analista-tributario-253\/\">https:\/\/www.estrategiaconcursos.com.br\/cursosPorConcurso\/receita-federal-analista-tributario-253\/<\/a><\/p>\n","protected":false},"excerpt":{"rendered":"<p>Ol\u00e1, pessoal! Tudo bem? Hoje compartilho com voc\u00eas mais novidades em Legisla\u00e7\u00e3o Aduaneira. S\u00e3o alguns detalhes importantes, que merecem uma aten\u00e7\u00e3o muito especial. Aproveito para dizer que atualizarei, em breve, as aulas de todos os meus cursos de Legisla\u00e7\u00e3o Aduaneira. Abra\u00e7os, Ricardo 1) Voc\u00eas se lembram de que a base de c\u00e1lculo do PIS\/PASEP-Importa\u00e7\u00e3o e [&hellip;]<\/p>\n","protected":false},"author":26,"featured_media":0,"comment_status":"open","ping_status":"open","sticky":false,"template":"","format":"standard","meta":{"post_tipo":"article","footnotes":""},"categories":[1],"tags":[614,484],"tax_estado":[],"class_list":["post-23570","post","type-post","status-publish","format-standard","hentry","category-cursos-e-concursos","tag-legislacao-aduaneira","tag-receita-federal"],"acf":[],"yoast_head":"<!-- This site is optimized with the Yoast SEO Premium plugin v27.2 (Yoast SEO v27.2) - https:\/\/yoast.com\/product\/yoast-seo-premium-wordpress\/ -->\n<title>Legisla\u00e7\u00e3o Aduaneira - Mais Novidades para o Concurso da Receita Federal<\/title>\n<meta name=\"description\" content=\"A Legisla\u00e7\u00e3o Aduaneira \u00e9 muito din\u00e2mica. Nesse artigo, o Prof. Ricardo Vale comenta sobre importantes novidades na legisla\u00e7\u00e3o aduaneira ocorridas em 2015.\" \/>\n<meta name=\"robots\" content=\"index, follow, max-snippet:-1, max-image-preview:large, max-video-preview:-1\" \/>\n<link rel=\"canonical\" href=\"https:\/\/www.estrategiaconcursos.com.br\/blog\/mais-novidades-em-legislacao-aduaneira\/\" \/>\n<meta property=\"og:locale\" content=\"pt_BR\" \/>\n<meta property=\"og:type\" content=\"article\" \/>\n<meta property=\"og:title\" content=\"Legisla\u00e7\u00e3o Aduaneira - Mais Novidades para o Concurso da Receita Federal\" \/>\n<meta property=\"og:description\" content=\"A Legisla\u00e7\u00e3o Aduaneira \u00e9 muito din\u00e2mica. Nesse artigo, o Prof. Ricardo Vale comenta sobre importantes novidades na legisla\u00e7\u00e3o aduaneira ocorridas em 2015.\" \/>\n<meta property=\"og:url\" content=\"https:\/\/www.estrategiaconcursos.com.br\/blog\/mais-novidades-em-legislacao-aduaneira\/\" \/>\n<meta property=\"og:site_name\" content=\"Estrat\u00e9gia Concursos\" \/>\n<meta property=\"article:author\" content=\"https:\/\/www.facebook.com\/rvale01\" \/>\n<meta property=\"article:published_time\" content=\"2015-06-01T02:05:10+00:00\" \/>\n<meta property=\"article:modified_time\" content=\"2016-03-10T14:30:24+00:00\" \/>\n<meta name=\"author\" content=\"Ricardo Vale\" \/>\n<meta name=\"twitter:card\" content=\"summary_large_image\" \/>\n<meta name=\"twitter:creator\" content=\"@https:\/\/twitter.com\/EstratConcursos\" \/>\n<meta name=\"twitter:site\" content=\"@EstratConcursos\" \/>\n<meta name=\"twitter:label1\" content=\"Escrito por\" \/>\n\t<meta name=\"twitter:data1\" content=\"Ricardo Vale\" \/>\n\t<meta name=\"twitter:label2\" content=\"Est. tempo de leitura\" \/>\n\t<meta name=\"twitter:data2\" content=\"6 minutos\" \/>\n<script type=\"application\/ld+json\" class=\"yoast-schema-graph\">{\"@context\":\"https:\/\/schema.org\",\"@graph\":[{\"@type\":\"NewsArticle\",\"@id\":\"https:\/\/www.estrategiaconcursos.com.br\/blog\/mais-novidades-em-legislacao-aduaneira\/#article\",\"isPartOf\":{\"@id\":\"https:\/\/www.estrategiaconcursos.com.br\/blog\/mais-novidades-em-legislacao-aduaneira\/\"},\"author\":{\"name\":\"Ricardo Vale\",\"@id\":\"https:\/\/www.estrategiaconcursos.com.br\/blog\/#\/schema\/person\/c32e47dba2159cafe7796a9569a6ff7e\"},\"headline\":\"Legisla\u00e7\u00e3o Aduaneira &#8211; Mais Novidades para o Concurso da Receita Federal\",\"datePublished\":\"2015-06-01T02:05:10+00:00\",\"dateModified\":\"2016-03-10T14:30:24+00:00\",\"mainEntityOfPage\":{\"@id\":\"https:\/\/www.estrategiaconcursos.com.br\/blog\/mais-novidades-em-legislacao-aduaneira\/\"},\"wordCount\":1192,\"commentCount\":7,\"publisher\":{\"@id\":\"https:\/\/www.estrategiaconcursos.com.br\/blog\/#organization\"},\"keywords\":[\"Legisla\u00e7\u00e3o Aduaneira\",\"Receita Federal\"],\"articleSection\":[\"Concursos P\u00fablicos\"],\"inLanguage\":\"pt-BR\",\"potentialAction\":[{\"@type\":\"CommentAction\",\"name\":\"Comment\",\"target\":[\"https:\/\/www.estrategiaconcursos.com.br\/blog\/mais-novidades-em-legislacao-aduaneira\/#respond\"]}],\"copyrightYear\":\"2015\",\"copyrightHolder\":{\"@id\":\"https:\/\/www.estrategiaconcursos.com.br\/blog\/#organization\"}},{\"@type\":\"WebPage\",\"@id\":\"https:\/\/www.estrategiaconcursos.com.br\/blog\/mais-novidades-em-legislacao-aduaneira\/\",\"url\":\"https:\/\/www.estrategiaconcursos.com.br\/blog\/mais-novidades-em-legislacao-aduaneira\/\",\"name\":\"Legisla\u00e7\u00e3o Aduaneira - Mais Novidades para o Concurso da Receita Federal\",\"isPartOf\":{\"@id\":\"https:\/\/www.estrategiaconcursos.com.br\/blog\/#website\"},\"datePublished\":\"2015-06-01T02:05:10+00:00\",\"dateModified\":\"2016-03-10T14:30:24+00:00\",\"description\":\"A Legisla\u00e7\u00e3o Aduaneira \u00e9 muito din\u00e2mica. Nesse artigo, o Prof. Ricardo Vale comenta sobre importantes novidades na legisla\u00e7\u00e3o aduaneira ocorridas em 2015.\",\"breadcrumb\":{\"@id\":\"https:\/\/www.estrategiaconcursos.com.br\/blog\/mais-novidades-em-legislacao-aduaneira\/#breadcrumb\"},\"inLanguage\":\"pt-BR\",\"potentialAction\":[{\"@type\":\"ReadAction\",\"target\":[\"https:\/\/www.estrategiaconcursos.com.br\/blog\/mais-novidades-em-legislacao-aduaneira\/\"]}]},{\"@type\":\"BreadcrumbList\",\"@id\":\"https:\/\/www.estrategiaconcursos.com.br\/blog\/mais-novidades-em-legislacao-aduaneira\/#breadcrumb\",\"itemListElement\":[{\"@type\":\"ListItem\",\"position\":1,\"name\":\"In\u00edcio\",\"item\":\"https:\/\/www.estrategiaconcursos.com.br\/blog\/\"},{\"@type\":\"ListItem\",\"position\":2,\"name\":\"Legisla\u00e7\u00e3o Aduaneira &#8211; Mais Novidades para o Concurso da Receita Federal\"}]},{\"@type\":\"WebSite\",\"@id\":\"https:\/\/www.estrategiaconcursos.com.br\/blog\/#website\",\"url\":\"https:\/\/www.estrategiaconcursos.com.br\/blog\/\",\"name\":\"Estrat\u00e9gia Concursos\",\"description\":\"O blog da Estrat\u00e9gia Concursos traz not\u00edcias sobre concursos e artigos de professores oferecendo cursos para concursos (pdf + videaulas) no site.\",\"publisher\":{\"@id\":\"https:\/\/www.estrategiaconcursos.com.br\/blog\/#organization\"},\"potentialAction\":[{\"@type\":\"SearchAction\",\"target\":{\"@type\":\"EntryPoint\",\"urlTemplate\":\"https:\/\/www.estrategiaconcursos.com.br\/blog\/?s={search_term_string}\"},\"query-input\":{\"@type\":\"PropertyValueSpecification\",\"valueRequired\":true,\"valueName\":\"search_term_string\"}}],\"inLanguage\":\"pt-BR\"},{\"@type\":\"Organization\",\"@id\":\"https:\/\/www.estrategiaconcursos.com.br\/blog\/#organization\",\"name\":\"Estrat\u00e9gia Concursos\",\"url\":\"https:\/\/www.estrategiaconcursos.com.br\/blog\/\",\"logo\":{\"@type\":\"ImageObject\",\"inLanguage\":\"pt-BR\",\"@id\":\"https:\/\/www.estrategiaconcursos.com.br\/blog\/#\/schema\/logo\/image\/\",\"url\":\"https:\/\/dhg1h5j42swfq.cloudfront.net\/2025\/06\/03203428\/logo_concursos-1.jpg\",\"contentUrl\":\"https:\/\/dhg1h5j42swfq.cloudfront.net\/2025\/06\/03203428\/logo_concursos-1.jpg\",\"width\":230,\"height\":60,\"caption\":\"Estrat\u00e9gia Concursos\"},\"image\":{\"@id\":\"https:\/\/www.estrategiaconcursos.com.br\/blog\/#\/schema\/logo\/image\/\"},\"sameAs\":[\"https:\/\/x.com\/EstratConcursos\"]},{\"@type\":\"Person\",\"@id\":\"https:\/\/www.estrategiaconcursos.com.br\/blog\/#\/schema\/person\/c32e47dba2159cafe7796a9569a6ff7e\",\"name\":\"Ricardo Vale\",\"image\":{\"@type\":\"ImageObject\",\"inLanguage\":\"pt-BR\",\"@id\":\"https:\/\/secure.gravatar.com\/avatar\/e5a5658c798bb49dd53314263f59f38c192d73370fb65839a372c2ae9027be74?s=96&d=mm&r=g\",\"url\":\"https:\/\/secure.gravatar.com\/avatar\/e5a5658c798bb49dd53314263f59f38c192d73370fb65839a372c2ae9027be74?s=96&d=mm&r=g\",\"contentUrl\":\"https:\/\/secure.gravatar.com\/avatar\/e5a5658c798bb49dd53314263f59f38c192d73370fb65839a372c2ae9027be74?s=96&d=mm&r=g\",\"caption\":\"Ricardo Vale\"},\"sameAs\":[\"https:\/\/www.facebook.com\/rvale01\",\"https:\/\/x.com\/https:\/\/twitter.com\/EstratConcursos\"],\"url\":\"https:\/\/www.estrategiaconcursos.com.br\/blog\/author\/ricardovaleestrategiaconcursos-com-br\/\"}]}<\/script>\n<!-- \/ Yoast SEO Premium plugin. -->","yoast_head_json":{"title":"Legisla\u00e7\u00e3o Aduaneira - Mais Novidades para o Concurso da Receita Federal","description":"A Legisla\u00e7\u00e3o Aduaneira \u00e9 muito din\u00e2mica. Nesse artigo, o Prof. Ricardo Vale comenta sobre importantes novidades na legisla\u00e7\u00e3o aduaneira ocorridas em 2015.","robots":{"index":"index","follow":"follow","max-snippet":"max-snippet:-1","max-image-preview":"max-image-preview:large","max-video-preview":"max-video-preview:-1"},"canonical":"https:\/\/www.estrategiaconcursos.com.br\/blog\/mais-novidades-em-legislacao-aduaneira\/","og_locale":"pt_BR","og_type":"article","og_title":"Legisla\u00e7\u00e3o Aduaneira - Mais Novidades para o Concurso da Receita Federal","og_description":"A Legisla\u00e7\u00e3o Aduaneira \u00e9 muito din\u00e2mica. Nesse artigo, o Prof. Ricardo Vale comenta sobre importantes novidades na legisla\u00e7\u00e3o aduaneira ocorridas em 2015.","og_url":"https:\/\/www.estrategiaconcursos.com.br\/blog\/mais-novidades-em-legislacao-aduaneira\/","og_site_name":"Estrat\u00e9gia Concursos","article_author":"https:\/\/www.facebook.com\/rvale01","article_published_time":"2015-06-01T02:05:10+00:00","article_modified_time":"2016-03-10T14:30:24+00:00","author":"Ricardo Vale","twitter_card":"summary_large_image","twitter_creator":"@https:\/\/twitter.com\/EstratConcursos","twitter_site":"@EstratConcursos","twitter_misc":{"Escrito por":"Ricardo Vale","Est. tempo de leitura":"6 minutos"},"schema":{"@context":"https:\/\/schema.org","@graph":[{"@type":"NewsArticle","@id":"https:\/\/www.estrategiaconcursos.com.br\/blog\/mais-novidades-em-legislacao-aduaneira\/#article","isPartOf":{"@id":"https:\/\/www.estrategiaconcursos.com.br\/blog\/mais-novidades-em-legislacao-aduaneira\/"},"author":{"name":"Ricardo Vale","@id":"https:\/\/www.estrategiaconcursos.com.br\/blog\/#\/schema\/person\/c32e47dba2159cafe7796a9569a6ff7e"},"headline":"Legisla\u00e7\u00e3o Aduaneira &#8211; Mais Novidades para o Concurso da Receita Federal","datePublished":"2015-06-01T02:05:10+00:00","dateModified":"2016-03-10T14:30:24+00:00","mainEntityOfPage":{"@id":"https:\/\/www.estrategiaconcursos.com.br\/blog\/mais-novidades-em-legislacao-aduaneira\/"},"wordCount":1192,"commentCount":7,"publisher":{"@id":"https:\/\/www.estrategiaconcursos.com.br\/blog\/#organization"},"keywords":["Legisla\u00e7\u00e3o Aduaneira","Receita Federal"],"articleSection":["Concursos P\u00fablicos"],"inLanguage":"pt-BR","potentialAction":[{"@type":"CommentAction","name":"Comment","target":["https:\/\/www.estrategiaconcursos.com.br\/blog\/mais-novidades-em-legislacao-aduaneira\/#respond"]}],"copyrightYear":"2015","copyrightHolder":{"@id":"https:\/\/www.estrategiaconcursos.com.br\/blog\/#organization"}},{"@type":"WebPage","@id":"https:\/\/www.estrategiaconcursos.com.br\/blog\/mais-novidades-em-legislacao-aduaneira\/","url":"https:\/\/www.estrategiaconcursos.com.br\/blog\/mais-novidades-em-legislacao-aduaneira\/","name":"Legisla\u00e7\u00e3o Aduaneira - Mais Novidades para o Concurso da Receita Federal","isPartOf":{"@id":"https:\/\/www.estrategiaconcursos.com.br\/blog\/#website"},"datePublished":"2015-06-01T02:05:10+00:00","dateModified":"2016-03-10T14:30:24+00:00","description":"A Legisla\u00e7\u00e3o Aduaneira \u00e9 muito din\u00e2mica. Nesse artigo, o Prof. Ricardo Vale comenta sobre importantes novidades na legisla\u00e7\u00e3o aduaneira ocorridas em 2015.","breadcrumb":{"@id":"https:\/\/www.estrategiaconcursos.com.br\/blog\/mais-novidades-em-legislacao-aduaneira\/#breadcrumb"},"inLanguage":"pt-BR","potentialAction":[{"@type":"ReadAction","target":["https:\/\/www.estrategiaconcursos.com.br\/blog\/mais-novidades-em-legislacao-aduaneira\/"]}]},{"@type":"BreadcrumbList","@id":"https:\/\/www.estrategiaconcursos.com.br\/blog\/mais-novidades-em-legislacao-aduaneira\/#breadcrumb","itemListElement":[{"@type":"ListItem","position":1,"name":"In\u00edcio","item":"https:\/\/www.estrategiaconcursos.com.br\/blog\/"},{"@type":"ListItem","position":2,"name":"Legisla\u00e7\u00e3o Aduaneira &#8211; Mais Novidades para o Concurso da Receita Federal"}]},{"@type":"WebSite","@id":"https:\/\/www.estrategiaconcursos.com.br\/blog\/#website","url":"https:\/\/www.estrategiaconcursos.com.br\/blog\/","name":"Estrat\u00e9gia Concursos","description":"O blog da Estrat\u00e9gia Concursos traz not\u00edcias sobre concursos e artigos de professores oferecendo cursos para concursos (pdf + videaulas) no site.","publisher":{"@id":"https:\/\/www.estrategiaconcursos.com.br\/blog\/#organization"},"potentialAction":[{"@type":"SearchAction","target":{"@type":"EntryPoint","urlTemplate":"https:\/\/www.estrategiaconcursos.com.br\/blog\/?s={search_term_string}"},"query-input":{"@type":"PropertyValueSpecification","valueRequired":true,"valueName":"search_term_string"}}],"inLanguage":"pt-BR"},{"@type":"Organization","@id":"https:\/\/www.estrategiaconcursos.com.br\/blog\/#organization","name":"Estrat\u00e9gia Concursos","url":"https:\/\/www.estrategiaconcursos.com.br\/blog\/","logo":{"@type":"ImageObject","inLanguage":"pt-BR","@id":"https:\/\/www.estrategiaconcursos.com.br\/blog\/#\/schema\/logo\/image\/","url":"https:\/\/dhg1h5j42swfq.cloudfront.net\/2025\/06\/03203428\/logo_concursos-1.jpg","contentUrl":"https:\/\/dhg1h5j42swfq.cloudfront.net\/2025\/06\/03203428\/logo_concursos-1.jpg","width":230,"height":60,"caption":"Estrat\u00e9gia Concursos"},"image":{"@id":"https:\/\/www.estrategiaconcursos.com.br\/blog\/#\/schema\/logo\/image\/"},"sameAs":["https:\/\/x.com\/EstratConcursos"]},{"@type":"Person","@id":"https:\/\/www.estrategiaconcursos.com.br\/blog\/#\/schema\/person\/c32e47dba2159cafe7796a9569a6ff7e","name":"Ricardo Vale","image":{"@type":"ImageObject","inLanguage":"pt-BR","@id":"https:\/\/secure.gravatar.com\/avatar\/e5a5658c798bb49dd53314263f59f38c192d73370fb65839a372c2ae9027be74?s=96&d=mm&r=g","url":"https:\/\/secure.gravatar.com\/avatar\/e5a5658c798bb49dd53314263f59f38c192d73370fb65839a372c2ae9027be74?s=96&d=mm&r=g","contentUrl":"https:\/\/secure.gravatar.com\/avatar\/e5a5658c798bb49dd53314263f59f38c192d73370fb65839a372c2ae9027be74?s=96&d=mm&r=g","caption":"Ricardo Vale"},"sameAs":["https:\/\/www.facebook.com\/rvale01","https:\/\/x.com\/https:\/\/twitter.com\/EstratConcursos"],"url":"https:\/\/www.estrategiaconcursos.com.br\/blog\/author\/ricardovaleestrategiaconcursos-com-br\/"}]}},"_links":{"self":[{"href":"https:\/\/www.estrategiaconcursos.com.br\/blog\/wp-json\/wp\/v2\/posts\/23570","targetHints":{"allow":["GET"]}}],"collection":[{"href":"https:\/\/www.estrategiaconcursos.com.br\/blog\/wp-json\/wp\/v2\/posts"}],"about":[{"href":"https:\/\/www.estrategiaconcursos.com.br\/blog\/wp-json\/wp\/v2\/types\/post"}],"author":[{"embeddable":true,"href":"https:\/\/www.estrategiaconcursos.com.br\/blog\/wp-json\/wp\/v2\/users\/26"}],"replies":[{"embeddable":true,"href":"https:\/\/www.estrategiaconcursos.com.br\/blog\/wp-json\/wp\/v2\/comments?post=23570"}],"version-history":[{"count":4,"href":"https:\/\/www.estrategiaconcursos.com.br\/blog\/wp-json\/wp\/v2\/posts\/23570\/revisions"}],"predecessor-version":[{"id":23575,"href":"https:\/\/www.estrategiaconcursos.com.br\/blog\/wp-json\/wp\/v2\/posts\/23570\/revisions\/23575"}],"wp:attachment":[{"href":"https:\/\/www.estrategiaconcursos.com.br\/blog\/wp-json\/wp\/v2\/media?parent=23570"}],"wp:term":[{"taxonomy":"category","embeddable":true,"href":"https:\/\/www.estrategiaconcursos.com.br\/blog\/wp-json\/wp\/v2\/categories?post=23570"},{"taxonomy":"post_tag","embeddable":true,"href":"https:\/\/www.estrategiaconcursos.com.br\/blog\/wp-json\/wp\/v2\/tags?post=23570"},{"taxonomy":"tax_estado","embeddable":true,"href":"https:\/\/www.estrategiaconcursos.com.br\/blog\/wp-json\/wp\/v2\/tax_estado?post=23570"}],"curies":[{"name":"wp","href":"https:\/\/api.w.org\/{rel}","templated":true}]}}