{"id":23395,"date":"2026-02-16T09:09:00","date_gmt":"2026-02-16T12:09:00","guid":{"rendered":"http:\/\/www.estrategiaconcursos.com.br\/blog\/?p=23395"},"modified":"2026-02-19T17:17:40","modified_gmt":"2026-02-19T20:17:40","slug":"concurso-depen","status":"publish","type":"post","link":"https:\/\/www.estrategiaconcursos.com.br\/blog\/concurso-depen\/","title":{"rendered":"Concurso DEPEN: edital v\u00e1lido at\u00e9 2026. Veja panorama!"},"content":{"rendered":"\n<p style=\"font-size:clamp(15.197px, 0.95rem + ((1vw - 3.2px) * 0.765), 23px);\"><strong><em>\u00daltimo edital do Concurso DEPEN foi publicado em 2020. Resultado final com a convoca\u00e7\u00e3o de 309 aprovados foi homologado<\/em><\/strong><\/p>\n\n\n\n<p class=\"has-text-align-center has-very-light-gray-to-cyan-bluish-gray-gradient-background has-background\">Desde janeiro de 2023, o Departamento Penitenci\u00e1rio Nacional (Depen) foi transformado em <em>Secretaria Nacional de Pol\u00edticas Penais (Senappen)<\/em>. <br \/><br \/><a href=\"https:\/\/www.estrategiaconcursos.com.br\/blog\/concurso-senappen\/\" target=\"_blank\" rel=\"noreferrer noopener\"><strong>Acompanhe as not\u00edcias do Concurso Senappen<\/strong><\/a><\/p>\n\n\n\n<p>Est\u00e1 homologado o resultado final do <strong>concurso Depen<\/strong> (<a href=\"https:\/\/www.estrategiaconcursos.com.br\/cursosPorConcurso\/departamento-penitenciario-nacional-depen\/\" target=\"_blank\" rel=\"noreferrer noopener\">Departamento Penitenci\u00e1rio Nacional<\/a>), realizado em 2020. Com isso, a sele\u00e7\u00e3o segue v\u00e1lida at\u00e9 outubro de 2026, podendo o prazo ser prorrogado uma vez. <\/p>\n\n\n\n<ul class=\"wp-block-list\">\n<li><a href=\"https:\/\/dhg1h5j42swfq.cloudfront.net\/2024\/07\/02093010\/ed_80_depen_2020_res_final_cfp_e_concurso.pdf\" target=\"_blank\" rel=\"noreferrer noopener nofollow\">Resultados e homologa\u00e7\u00e3o<\/a><\/li>\n<\/ul>\n\n\n\n<p>Foram ofertadas 309 vagas, sendo 294 para <strong>Agente Federal de Execu\u00e7\u00e3o Penal<\/strong> e 15 para <strong>Especialista Federal em Assist\u00eancia \u00e0 Execu\u00e7\u00e3o Penal<\/strong>. De acordo com a <a href=\"https:\/\/dhg1h5j42swfq.cloudfront.net\/2021\/06\/22182403\/depen_20____demanda_candidatos_por_vaga.pdf\" target=\"_blank\" rel=\"noreferrer noopener nofollow\">demanda de inscritos do \u00faltimo Concurso Depen<\/a>, a banca registrou o total de 179.691 inscri\u00e7\u00f5es.<\/p>\n\n\n\n<p>Neste artigo, voc\u00ea encontrar\u00e1 as principais informa\u00e7\u00f5es sobre o <strong>concurso do Depen<\/strong>, para que possa ajustar seu planejamento de estudos e ficar por dentro de todas as novidades. Acompanhe os t\u00f3picos abaixo e n\u00e3o perca nenhum detalhe:<\/p>\n\n\n\n<ul class=\"wp-block-list\">\n<li><a href=\"#situ\">Situa\u00e7\u00e3o atual do concurso<\/a>\n<ul class=\"wp-block-list\">\n<li><a href=\"#carreira\">Regulamenta\u00e7\u00e3o da carreira<\/a><\/li>\n\n\n\n<li><a href=\"#anunciado\">Anunciado<\/a><\/li>\n<\/ul>\n<\/li>\n\n\n\n<li><a href=\"#edital-efetivos\">Edital Depen &#8211; Efetivos 2020<\/a>   \n\n\n\n\n\n\n\n\n\n\n\n\n\n\n\n\n\n\n\n\n\n\n\n\n\n\n<ul class=\"wp-block-list\">\n<li><a href=\"#vagas\">Vagas<\/a><\/li>\n\n\n\n<li><a href=\"#requisitos\">O que \u00e9 preciso para entrar?<\/a><\/li>\n\n\n\n<li><a href=\"#idade-maxima\">Qual \u00e9 a idade m\u00e1xima para entrar?<\/a><\/li>\n\n\n\n<li><a href=\"#salario-agente-especialista\">Sal\u00e1rios de Agente e Especialista<\/a><\/li>\n\n\n\n<li><a href=\"#provas-efetivos\">Como s\u00e3o as provas?<\/a><\/li>\n<\/ul>\n\n\n\n<ul class=\"wp-block-list\">\n<li><a href=\"#lotacao\">Lota\u00e7\u00e3o<\/a><\/li>\n\n\n\n<li><a href=\"#linha\">Linha do tempo<\/a><\/li>\n<\/ul>\n<\/li>\n\n\n\n<li><a href=\"#edital-temporarios\">Edital Depen &#8211; Tempor\u00e1rios<\/a>\n<ul class=\"wp-block-list\">\n<li><a href=\"#cargos-e-vagas\">Cargos e vagas<\/a><\/li>\n\n\n\n<li><a href=\"#provas-temporarios\">Etapas e provas<\/a><\/li>\n<\/ul>\n<\/li>\n\n\n\n<li><a href=\"#cargosvagos\">Cargos vagos e ocupados<\/a><\/li>\n\n\n\n<li><a href=\"#ultimo-concurso\">\u00daltima edi\u00e7\u00e3o<\/a>\n<ul class=\"wp-block-list\">\n<li><a href=\"#etapas-ultimo\">Etapas e provas<\/a><\/li>\n\n\n\n<li><a href=\"#demanda\">Demanda de inscritos<\/a><\/li>\n\n\n\n<li><a href=\"#lotacoes\">Lota\u00e7\u00f5es<\/a><\/li>\n<\/ul>\n<\/li>\n\n\n\n<li><a href=\"#materiais\">Materiais gratuitos<\/a>\n<ul class=\"wp-block-list\">\n<li><a href=\"#estrategico\">Edital Estrat\u00e9gico<\/a><\/li>\n\n\n\n<li><a href=\"#vade-mecum\">Vade Mecum Depen<\/a><\/li>\n\n\n\n<li><a href=\"#missao-depen\">Miss\u00e3o Depen<\/a><\/li>\n<\/ul>\n<\/li>\n\n\n\n<li><a href=\"#cursos-assinaturas\">Cursos e assinaturas<\/a><\/li>\n\n\n\n<li><a href=\"#ficha\">Ficha t\u00e9cnica<\/a><\/li>\n<\/ul>\n\n\n\n<div class=\"container\" id=\"boxes\">\n  <div class=\"row\">\n\n    <div class=\"col-sm\">\n      <div class=\"banner-estrat-corj\" id=\"box-assinatura\">\n        <h3 class=\"titulo-assinatura\" style=\"text-align: left;\">Concurso Depen<\/h3>\n        <p class=\"subtitulo-assinatura\" style=\"text-align: left;\">Conhe\u00e7a os cursos<\/p>\n        <div class=\"box-botao\" style=\"text-align: left;\">\n          <a class=\"btn-assinatura\" target=\"_blank\" href=\"https:\/\/www.estrategiaconcursos.com.br\/cursosPorConcurso\/departamento-penitenciario-nacional-depen\/\" role=\"button\" rel=\"noopener noreferrer\">CLIQUE AQUI<\/a>\n        <\/div>\n      <\/div><\/div><\/div><\/div>\n\n\n\n<h2 class=\"wp-block-heading has-cyan-bluish-gray-background-color has-background\" id=\"situ\">Concurso Depen: situa\u00e7\u00e3o atual<\/h2>\n\n\n\n<h3 class=\"wp-block-heading\" id=\"carreira\">Regulamenta\u00e7\u00e3o da carreira<\/h3>\n\n\n\n<p>O Minist\u00e9rio da Gest\u00e3o e Inova\u00e7\u00e3o (MGI) formalizou o acordo destinado \u00e0 <strong>regulamenta\u00e7\u00e3o da carreira da Pol\u00edcia Penal Federal<\/strong>.  <\/p>\n\n\n\n<p>O <a href=\"https:\/\/www.gov.br\/gestao\/pt-br\/assuntos\/noticias\/2024\/janeiro\/governo-assina-acordo-com-servidores-da-policia-penal\" target=\"_blank\" rel=\"noreferrer noopener\">evento<\/a> reuniu representantes do Minist\u00e9rio e membros da Federa\u00e7\u00e3o Nacional dos Policiais Penais Federais (FENAPPF).<\/p>\n\n\n\n<p>No total, o MGI, por meio da Secretaria de Rela\u00e7\u00f5es de Trabalho, conduziu cinco reuni\u00f5es pr\u00e9vias at\u00e9 a completa formaliza\u00e7\u00e3o do documento. <\/p>\n\n\n\n<p>A categoria experimentar\u00e1 um incremento salarial m\u00e9dio superior a 60%, elevando o sal\u00e1rio final de cerca de R$ 13 mil para R$ 20 mil para, aproximadamente, 1.600 servidores. O aumento se aplica aos profissionais que desempenham suas fun\u00e7\u00f5es em cinco penitenci\u00e1rias federais, participam de programas de capacita\u00e7\u00e3o e respondem a situa\u00e7\u00f5es de crise ou emerg\u00eancia nos estados.<\/p>\n\n\n\n<p>Para Jos\u00e9 Lopez Feij\u00f3o, secret\u00e1rio de Rela\u00e7\u00f5es de Trabalho do Minist\u00e9rio da Gest\u00e3o e Inova\u00e7\u00e3o, a pasta alcan\u00e7ou um acordo significativo com a categoria, enfatizando a necessidade de estabelecer uma tabela remunerat\u00f3ria que refletisse adequadamente o papel desempenhado por estes profissionais e que os servidores t\u00eam a responsabilidade crucial de operar em pres\u00eddios de seguran\u00e7a m\u00e1xima do governo federal, lidando com detentos de alta periculosidade, o que representa um desafio consider\u00e1vel. <\/p>\n\n\n\n<p>Feij\u00f3o ressaltou tamb\u00e9m uma determina\u00e7\u00e3o constitucional que aguarda efetiva\u00e7\u00e3o em rela\u00e7\u00e3o \u00e0 categoria: a transforma\u00e7\u00e3o desta em uma carreira vinculada ao ciclo de seguran\u00e7a p\u00fablica. <\/p>\n\n\n\n<p>Embora a Lei 10.693, assinada pelo presidente Luiz In\u00e1cio Lula da Silva durante seu primeiro mandato em 2003, tenha institu\u00eddo a carreira de agente penitenci\u00e1rio, a emenda constitucional 104, datada de 4 de dezembro de 2019, criou os \u00f3rg\u00e3os da Pol\u00edcia Penal Federal, Estadual e Distrital, resultando na necessidade de converter os cargos de agentes em policiais penais.<\/p>\n\n\n\n<p><em>\u201cTamb\u00e9m fizeram uma reivindica\u00e7\u00e3o de mudan\u00e7a de escolaridade, que estamos colocando no acordo, e passar\u00e1 por an\u00e1lises do governo com a possibilidade de que seja efetivada. Para quem ingressar na carreira, quando houver concurso, haver\u00e1 a necessidade de n\u00edvel superior\u201d<\/em>, informou o secret\u00e1rio.&nbsp;<\/p>\n\n\n\n<h3 class=\"wp-block-heading\" id=\"anunciado\">Novas vagas para o Depen<\/h3>\n\n\n\n<p>O Ministro da Justi\u00e7a e Seguran\u00e7a P\u00fablica, Andr\u00e9 Mendon\u00e7a, informou sobre a pretens\u00e3o de novas vagas para o Depen. Afirmou que&nbsp;o trabalho do Departamento resultaria, em 2021, na cria\u00e7\u00e3o de 20 mil novas vagas no sistema penitenci\u00e1rio. E em 2023, a ideia seria chegar em 100 mil novas vagas, mas acabou n\u00e3o ocorrendo.<\/p>\n\n\n\n<blockquote class=\"wp-block-quote is-layout-flow wp-block-quote-is-layout-flow\">\n<p>\u201c<em>\u00c9 uma prioridade do Minist\u00e9rio n\u00e3o apenas a gest\u00e3o do Sistema Penitenci\u00e1rio Federal, mas tamb\u00e9m a melhoria da qualidade da gest\u00e3o do sistema penitenci\u00e1rio como um todo\u201d<\/em>, disse Mendon\u00e7a.<\/p>\n\n\n\n<h2 class=\"wp-block-heading has-cyan-bluish-gray-background-color has-background\" id=\"edital-efetivos\">Concurso Depen: edital para efetivos<\/h2>\n<\/blockquote>\n\n\n\n<h3 class=\"wp-block-heading\" id=\"vagas\">Cargos e vagas para efetivos do \u00faltimo concurso Depen<\/h3>\n\n\n\n<figure class=\"wp-block-table is-style-stripes\"><table class=\"has-very-light-gray-to-cyan-bluish-gray-gradient-background has-background\"><tbody><tr><td class=\"has-text-align-center\" data-align=\"center\"><strong>Cargo\/\u00e1rea<\/strong><\/td><td class=\"has-text-align-center\" data-align=\"center\"><strong>AC<\/strong><\/td><td class=\"has-text-align-center\" data-align=\"center\"><strong>Negros<\/strong><\/td><td class=\"has-text-align-center\" data-align=\"center\"><strong>PcD<\/strong><\/td><td class=\"has-text-align-center\" data-align=\"center\"><strong>Total<\/strong><\/td><\/tr><tr><td class=\"has-text-align-center\" data-align=\"center\"><a href=\"https:\/\/www.estrategiaconcursos.com.br\/curso\/depen-especialista-enfermagem-pacote-completo-2023-pre-edital\/\" target=\"_blank\" rel=\"noreferrer noopener\">Especialista Federal em Assist\u00eancia \u00e0 Execu\u00e7\u00e3o Penal &#8211; \u00c1rea: Enfermagem<\/a><\/td><td class=\"has-text-align-center\" data-align=\"center\">6<\/td><td class=\"has-text-align-center\" data-align=\"center\">2<\/td><td class=\"has-text-align-center\" data-align=\"center\">1<\/td><td class=\"has-text-align-center\" data-align=\"center\">9<\/td><\/tr><tr><td class=\"has-text-align-center\" data-align=\"center\">Especialista Federal em Assist\u00eancia \u00e0 Execu\u00e7\u00e3o Penal &#8211; \u00c1rea: M\u00e9dico Cl\u00ednico<\/td><td class=\"has-text-align-center\" data-align=\"center\">1<\/td><td class=\"has-text-align-center\" data-align=\"center\">*<\/td><td class=\"has-text-align-center\" data-align=\"center\">**<\/td><td class=\"has-text-align-center\" data-align=\"center\">1<\/td><\/tr><tr><td class=\"has-text-align-center\" data-align=\"center\">Especialista Federal em Assist\u00eancia \u00e0 Execu\u00e7\u00e3o Penal &#8211; \u00c1rea: M\u00e9dico Psiquiatra<\/td><td class=\"has-text-align-center\" data-align=\"center\">1<\/td><td class=\"has-text-align-center\" data-align=\"center\">*<\/td><td class=\"has-text-align-center\" data-align=\"center\">**<\/td><td class=\"has-text-align-center\" data-align=\"center\">1<\/td><\/tr><tr><td class=\"has-text-align-center\" data-align=\"center\"><a href=\"https:\/\/www.estrategiaconcursos.com.br\/curso\/depen-especialistas-odontologia-pacote-completo-2023-pre-edital\/\" target=\"_blank\" rel=\"noreferrer noopener\">Especialista Federal em Assist\u00eancia \u00e0 Execu\u00e7\u00e3o Penal &#8211; \u00c1rea: Odontologia<\/a><\/td><td class=\"has-text-align-center\" data-align=\"center\">1<\/td><td class=\"has-text-align-center\" data-align=\"center\">*<\/td><td class=\"has-text-align-center\" data-align=\"center\">**<\/td><td class=\"has-text-align-center\" data-align=\"center\">1<\/td><\/tr><tr><td class=\"has-text-align-center\" data-align=\"center\">Especialista Federal em Assist\u00eancia \u00e0 Execu\u00e7\u00e3o Penal &#8211; \u00c1rea: Psicologia<\/td><td class=\"has-text-align-center\" data-align=\"center\">1<\/td><td class=\"has-text-align-center\" data-align=\"center\">*<\/td><td class=\"has-text-align-center\" data-align=\"center\">**<\/td><td class=\"has-text-align-center\" data-align=\"center\">1<\/td><\/tr><tr><td class=\"has-text-align-center\" data-align=\"center\"><a href=\"https:\/\/www.estrategiaconcursos.com.br\/curso\/depen-especialista-servico-social-pacote-completo-2023-pre-edital\/\" target=\"_blank\" rel=\"noreferrer noopener\">Especialista Federal em Assist\u00eancia \u00e0 Execu\u00e7\u00e3o Penal &#8211; \u00c1rea: Servi\u00e7o Social<\/a><\/td><td class=\"has-text-align-center\" data-align=\"center\">1<\/td><td class=\"has-text-align-center\" data-align=\"center\">*<\/td><td class=\"has-text-align-center\" data-align=\"center\">**<\/td><td class=\"has-text-align-center\" data-align=\"center\">1<\/td><\/tr><tr><td class=\"has-text-align-center\" data-align=\"center\">Especialista Federal em Assist\u00eancia \u00e0 Execu\u00e7\u00e3o Penal &#8211; \u00c1rea: Terapia Ocupacional<\/td><td class=\"has-text-align-center\" data-align=\"center\">1<\/td><td class=\"has-text-align-center\" data-align=\"center\">*<\/td><td class=\"has-text-align-center\" data-align=\"center\">**<\/td><td class=\"has-text-align-center\" data-align=\"center\">1<\/td><\/tr><tr><td class=\"has-text-align-center\" data-align=\"center\"><a href=\"https:\/\/www.estrategiaconcursos.com.br\/curso\/depen-agente-federal-de-execucao-penal-pacotaco-pacote-teorico-pacote-passo-estrategico-2023-pre-edital\/\" target=\"_blank\" rel=\"noreferrer noopener\">Agente Federal de Execu\u00e7\u00e3o Penal<\/a><\/td><td class=\"has-text-align-center\" data-align=\"center\">220<\/td><td class=\"has-text-align-center\" data-align=\"center\">59<\/td><td class=\"has-text-align-center\" data-align=\"center\">15<\/td><td class=\"has-text-align-center\" data-align=\"center\">294<\/td><\/tr><\/tbody><\/table><figcaption class=\"wp-element-caption\">Quadro de vagas do concurso Depen.<\/figcaption><\/figure>\n\n\n\n<p class=\"has-text-align-center has-background\" style=\"background-color:#eeeeee;font-size:clamp(14px, 0.875rem + ((1vw - 3.2px) * 0.392), 18px);px\"><strong><a href=\"https:\/\/dhg1h5j42swfq.cloudfront.net\/2021\/06\/22182403\/depen_20____demanda_candidatos_por_vaga.pdf\" target=\"_blank\" rel=\"noreferrer noopener nofollow\">Demanda de inscritos<\/a><\/strong><\/p>\n\n\n\n<p>Vale lembrar que o edital do Departamento Penitenci\u00e1rio Nacional sofreu algumas retifica\u00e7\u00f5es. As mudan\u00e7as s\u00e3o referentes aos subitens 10.1, 14.1, 22.2, <a href=\"https:\/\/cdn.cebraspe.org.br\/concursos\/DEPEN_20\/arquivos\/ED_18_DEPEN_2020_RET_CONV_CF.PDF\" target=\"_blank\" rel=\"noreferrer noopener\">17.3<\/a> e do anexo IV. S\u00e3o ofertadas 309 vagas para n\u00edveis m\u00e9dio e superior.<\/p>\n\n\n\n<h3 class=\"wp-block-heading\" id=\"requisitos\">Principais requisitos<\/h3>\n\n\n\n<p id=\"h-agente-federal-de-execu-o-penal-do-depen-certificado-de-conclus-o-de-curso-de-n-vel-m-dio-e-carteira-nacional-de-habilita-o-ou-permiss-o-para-conduzir-ve-culos-automotores-de-no-m-nimo-categoria-b-v-lida-e-sem-impedimentos-e-que-n-o-possua-observa-o-de-adapta-o-veicular-ou-restri-o-de-locais-e-ou-hor-rio-para-dirigir\"><strong>Agente Federal de Execu\u00e7\u00e3o Penal do Depen<\/strong>: Certificado de conclus\u00e3o de curso de n\u00edvel m\u00e9dio e Carteira Nacional de Habilita\u00e7\u00e3o ou permiss\u00e3o para conduzir ve\u00edculos automotores de, no m\u00ednimo, categoria &#8220;B&#8221;, v\u00e1lida e sem impedimentos, e que n\u00e3o possua observa\u00e7\u00e3o de adapta\u00e7\u00e3o veicular ou restri\u00e7\u00e3o de locais e(ou) hor\u00e1rio para dirigir.<\/p>\n\n\n\n<p id=\"h-especialista-federal-em-assist-ncia-execu-o-penal-do-depen-diversas-especialidades-diploma-de-n-vel-superior-devidamente-registrado-e-fornecido-por-institui-o-de-ensino-superior-reconhecida-pelo-mec-e-registro-no-respectivo-rg-o-de-classe\"><strong>Especialista Federal em Assist\u00eancia \u00e0 Execu\u00e7\u00e3o Penal do Depen (diversas especialidades)<\/strong>: Diploma de n\u00edvel superior, devidamente registrado e fornecido por institui\u00e7\u00e3o de ensino superior reconhecida pelo MEC, e registro no respectivo \u00f3rg\u00e3o de classe.<\/p>\n\n\n\n<p><em>N\u00e3o h\u00e1 idade m\u00e1xima&nbsp;para entrar por concurso no Depen<\/em>. H\u00e1 apenas uma&nbsp;idade m\u00ednima, que \u00e9 18 anos. A \u00fanica limita\u00e7\u00e3o que deve ser respeitada \u00e9 a da&nbsp;aposentadoria compuls\u00f3ria.<\/p>\n\n\n\n<h3 class=\"wp-block-heading\" id=\"salario-depen\">Quanto ganha um servidor do DEPEN?<\/h3>\n\n\n\n<p>Segundo o edital do concurso Depen, a remunera\u00e7\u00e3o dos cargos foi:<\/p>\n\n\n\n<p><strong><a href=\"#agente\">Agente Federal de Execu\u00e7\u00e3o Penal<\/a> &#8211; R$ 6.030,23 (<\/strong>R$ 4.170.63 referentes ao vencimento b\u00e1sico, acrescida de R$ 1.401,60 referentes \u00e0 Gratifica\u00e7\u00e3o de Desempenho de Atividade de Agente Federal de Execu\u00e7\u00e3o Penal, de que trata a de que trata a Lei n\u00ba 11.907, de 2009 e de R$ 458,00 referentes ao aux\u00edlio- alimenta\u00e7\u00e3o).<\/p>\n\n\n\n<p><strong><a href=\"#especialista\">Especialista Federal<\/a> &#8211;<\/strong> <strong>R$ 5.865,70 <\/strong>(R$ 4.361,30 referentes ao vencimento b\u00e1sico, acrescido de R$ 1.046,40 referentes \u00e0 Gratifica\u00e7\u00e3o de Desempenho de Atividade de Assist\u00eancia Especializada, de que trata a Lei n\u00ba 11.907\/2009, e de R$ 458,00 referentes ao aux\u00edlio-alimenta\u00e7\u00e3o).<\/p>\n\n\n\n<h4 class=\"wp-block-heading\" id=\"h-tabelas-remuneratorias\"><strong>TABELAS REMUNERAT\u00d3RIAS<\/strong><\/h4>\n\n\n\n<p>Com a Medida Provis\u00f3ria <a href=\"https:\/\/dhg1h5j42swfq.cloudfront.net\/2023\/04\/28155713\/2023_04_28_assinado_do1_extra_b.pdf\" target=\"_blank\" rel=\"noreferrer noopener nofollow\">1.170\/2023<\/a>, houve reajuste salarial de 9% para os servidores do Poder Executivo Federal. Dessa forma, os integrantes do DEPEN contam com nova remunera\u00e7\u00e3o.<\/p>\n\n\n\n<h4 class=\"wp-block-heading\" id=\"agente\">\u2714\ufe0fAgente Federal&nbsp;de&nbsp;Execu\u00e7\u00e3o&nbsp;Penal<\/h4>\n\n\n\n<p><em>Inicial: <\/em>R$ 6.455,99<em><br \/>Final:<\/em> R$ 11.289,70<\/p>\n\n\n\n<h4 class=\"wp-block-heading\" id=\"h-terceira-classe\"><strong>Terceira Classe<\/strong><\/h4>\n\n\n\n<figure class=\"wp-block-table is-style-stripes\"><table class=\"has-white-background-color has-background has-fixed-layout\"><tbody><tr><td class=\"has-text-align-center\" data-align=\"center\"><\/td><td class=\"has-text-align-center\" data-align=\"center\"><\/td><td class=\"has-text-align-center\" data-align=\"center\"><strong>GDAPEF<\/strong><\/td><td class=\"has-text-align-center\" data-align=\"center\"><strong>GDAPEF<\/strong><\/td><td class=\"has-text-align-center\" data-align=\"center\"><strong>ATIVO<\/strong><\/td><td class=\"has-text-align-center\" data-align=\"center\"><strong>ATIVO<\/strong><\/td><\/tr><tr><td class=\"has-text-align-center\" data-align=\"center\"><\/td><td class=\"has-text-align-center\" data-align=\"center\"><\/td><td class=\"has-text-align-center\" data-align=\"center\"><strong>80 pts.<\/strong><\/td><td class=\"has-text-align-center\" data-align=\"center\"><strong>100 pts.<\/strong><\/td><td class=\"has-text-align-center\" data-align=\"center\"><strong>TOTAL (em R$)<\/strong><\/td><td class=\"has-text-align-center\" data-align=\"center\"><strong>TOTAL (em R$)<\/strong><\/td><\/tr><tr><td class=\"has-text-align-center\" data-align=\"center\"><strong>PADR\u00c3O<\/strong><\/td><td class=\"has-text-align-center\" data-align=\"center\"><strong>VB<\/strong><\/td><td class=\"has-text-align-center\" data-align=\"center\">( * )<\/td><td class=\"has-text-align-center\" data-align=\"center\">( ** )<\/td><td class=\"has-text-align-center\" data-align=\"center\">80 pts.<\/td><td class=\"has-text-align-center\" data-align=\"center\">100 pts.<\/td><\/tr><tr><td class=\"has-text-align-center\" data-align=\"center\"><\/td><td class=\"has-text-align-center\" data-align=\"center\">A<\/td><td class=\"has-text-align-center\" data-align=\"center\">B<\/td><td class=\"has-text-align-center\" data-align=\"center\">C<\/td><td class=\"has-text-align-center\" data-align=\"center\">D=(A+B)<\/td><td class=\"has-text-align-center\" data-align=\"center\">E=(A+C)<\/td><\/tr><tr><td class=\"has-text-align-center\" data-align=\"center\">III<\/td><td class=\"has-text-align-center\" data-align=\"center\">4.861,28<\/td><td class=\"has-text-align-center\" data-align=\"center\">1.633,60<\/td><td class=\"has-text-align-center\" data-align=\"center\">2.042,00<\/td><td class=\"has-text-align-center\" data-align=\"center\">6.494,88<\/td><td class=\"has-text-align-center\" data-align=\"center\">6.903,28<\/td><\/tr><tr><td class=\"has-text-align-center\" data-align=\"center\">II<\/td><td class=\"has-text-align-center\" data-align=\"center\">4.701,62<\/td><td class=\"has-text-align-center\" data-align=\"center\">1.579,20<\/td><td class=\"has-text-align-center\" data-align=\"center\">1.974,00<\/td><td class=\"has-text-align-center\" data-align=\"center\">6.280,82<\/td><td class=\"has-text-align-center\" data-align=\"center\">6.675,62<\/td><\/tr><tr><td class=\"has-text-align-center\" data-align=\"center\">I<\/td><td class=\"has-text-align-center\" data-align=\"center\">4.545,99<\/td><td class=\"has-text-align-center\" data-align=\"center\">1.528,00<\/td><td class=\"has-text-align-center\" data-align=\"center\">1.910,00<\/td><td class=\"has-text-align-center\" data-align=\"center\">6.073,99<\/td><td class=\"has-text-align-center\" data-align=\"center\">6.455,99<\/td><\/tr><\/tbody><\/table><figcaption class=\"wp-element-caption\">Depen: tabela salarial de Agente (Terceira Classe).<\/figcaption><\/figure>\n\n\n\n<h4 class=\"wp-block-heading\" id=\"segunda-classe\">Segunda Classe<\/h4>\n\n\n\n<figure class=\"wp-block-table is-style-stripes\"><table class=\"has-white-background-color has-background has-fixed-layout\"><tbody><tr><td class=\"has-text-align-center\" data-align=\"center\"><\/td><td class=\"has-text-align-center\" data-align=\"center\"><\/td><td class=\"has-text-align-center\" data-align=\"center\"><strong>GDAPEF<\/strong><\/td><td class=\"has-text-align-center\" data-align=\"center\"><strong>GDAPEF<\/strong><\/td><td class=\"has-text-align-center\" data-align=\"center\"><strong>ATIVO<\/strong><\/td><td class=\"has-text-align-center\" data-align=\"center\"><strong>ATIVO<\/strong><\/td><\/tr><tr><td class=\"has-text-align-center\" data-align=\"center\"><\/td><td class=\"has-text-align-center\" data-align=\"center\"><\/td><td class=\"has-text-align-center\" data-align=\"center\"><strong>80 pts.<\/strong><\/td><td class=\"has-text-align-center\" data-align=\"center\"><strong>100 pts.<\/strong><\/td><td class=\"has-text-align-center\" data-align=\"center\"><strong>TOTAL (em R$)<\/strong><\/td><td class=\"has-text-align-center\" data-align=\"center\"><strong>TOTAL (em R$)<\/strong><\/td><\/tr><tr><td class=\"has-text-align-center\" data-align=\"center\">PADR\u00c3O<\/td><td class=\"has-text-align-center\" data-align=\"center\">VB<\/td><td class=\"has-text-align-center\" data-align=\"center\">( * )<\/td><td class=\"has-text-align-center\" data-align=\"center\">( ** )<\/td><td class=\"has-text-align-center\" data-align=\"center\">80 pts.<\/td><td class=\"has-text-align-center\" data-align=\"center\">100 pts.<\/td><\/tr><tr><td class=\"has-text-align-center\" data-align=\"center\"><\/td><td class=\"has-text-align-center\" data-align=\"center\">A<\/td><td class=\"has-text-align-center\" data-align=\"center\">B<\/td><td class=\"has-text-align-center\" data-align=\"center\">C<\/td><td class=\"has-text-align-center\" data-align=\"center\">D=(A+B)<\/td><td class=\"has-text-align-center\" data-align=\"center\">E=(A+C)<\/td><\/tr><tr><td class=\"has-text-align-center\" data-align=\"center\">IV<\/td><td class=\"has-text-align-center\" data-align=\"center\">5.706,20<\/td><td class=\"has-text-align-center\" data-align=\"center\">1.917,60<\/td><td class=\"has-text-align-center\" data-align=\"center\">2.397,00<\/td><td class=\"has-text-align-center\" data-align=\"center\">7.623,80<\/td><td class=\"has-text-align-center\" data-align=\"center\">8.103,20<\/td><\/tr><tr><td class=\"has-text-align-center\" data-align=\"center\">III<\/td><td class=\"has-text-align-center\" data-align=\"center\">5.540,01<\/td><td class=\"has-text-align-center\" data-align=\"center\">1.861,60<\/td><td class=\"has-text-align-center\" data-align=\"center\">2.327,00<\/td><td class=\"has-text-align-center\" data-align=\"center\">7.401,61<\/td><td class=\"has-text-align-center\" data-align=\"center\">7.867,01<\/td><\/tr><tr><td class=\"has-text-align-center\" data-align=\"center\">II<\/td><td class=\"has-text-align-center\" data-align=\"center\">5.378,41<\/td><td class=\"has-text-align-center\" data-align=\"center\">1.808,00<\/td><td class=\"has-text-align-center\" data-align=\"center\">2.260,00<\/td><td class=\"has-text-align-center\" data-align=\"center\">7.186,41<\/td><td class=\"has-text-align-center\" data-align=\"center\">7.638,41<\/td><\/tr><tr><td class=\"has-text-align-center\" data-align=\"center\">I<\/td><td class=\"has-text-align-center\" data-align=\"center\">5.026,39<\/td><td class=\"has-text-align-center\" data-align=\"center\">1.688,80<\/td><td class=\"has-text-align-center\" data-align=\"center\">2.111,00<\/td><td class=\"has-text-align-center\" data-align=\"center\">6.715,19<\/td><td class=\"has-text-align-center\" data-align=\"center\">7.137,39<\/td><\/tr><\/tbody><\/table><figcaption class=\"wp-element-caption\">Depen: tabela salarial de Agente (Segunda Classe).<\/figcaption><\/figure>\n\n\n\n<h4 class=\"wp-block-heading\" id=\"primeira-classe\">Primeira Classe<\/h4>\n\n\n\n<figure class=\"wp-block-table is-style-stripes\"><table class=\"has-white-background-color has-background has-fixed-layout\"><tbody><tr><td class=\"has-text-align-center\" data-align=\"center\"><\/td><td class=\"has-text-align-center\" data-align=\"center\"><\/td><td class=\"has-text-align-center\" data-align=\"center\"><strong>GDAPEF<\/strong><\/td><td class=\"has-text-align-center\" data-align=\"center\"><strong>GDAPEF<\/strong><\/td><td class=\"has-text-align-center\" data-align=\"center\"><strong>ATIVO<\/strong><\/td><td class=\"has-text-align-center\" data-align=\"center\"><strong>ATIVO<\/strong><\/td><\/tr><tr><td class=\"has-text-align-center\" data-align=\"center\"><\/td><td class=\"has-text-align-center\" data-align=\"center\"><\/td><td class=\"has-text-align-center\" data-align=\"center\"><strong>80 pts.<\/strong><\/td><td class=\"has-text-align-center\" data-align=\"center\"><strong>100 pts.<\/strong><\/td><td class=\"has-text-align-center\" data-align=\"center\"><strong>TOTAL (em R$)<\/strong><\/td><td class=\"has-text-align-center\" data-align=\"center\"><strong>TOTAL (em R$)<\/strong><\/td><\/tr><tr><td class=\"has-text-align-center\" data-align=\"center\"><strong>PADR\u00c3O<\/strong><\/td><td class=\"has-text-align-center\" data-align=\"center\"><strong>VB<\/strong><\/td><td class=\"has-text-align-center\" data-align=\"center\">( * )<\/td><td class=\"has-text-align-center\" data-align=\"center\">( ** )<\/td><td class=\"has-text-align-center\" data-align=\"center\">80 pts.<\/td><td class=\"has-text-align-center\" data-align=\"center\">100 pts.<\/td><\/tr><tr><td class=\"has-text-align-center\" data-align=\"center\">_<\/td><td class=\"has-text-align-center\" data-align=\"center\">A<\/td><td class=\"has-text-align-center\" data-align=\"center\">B<\/td><td class=\"has-text-align-center\" data-align=\"center\">C<\/td><td class=\"has-text-align-center\" data-align=\"center\">D=(A+B)<\/td><td class=\"has-text-align-center\" data-align=\"center\">E=(A+C)<\/td><\/tr><tr><td class=\"has-text-align-center\" data-align=\"center\">IV<\/td><td class=\"has-text-align-center\" data-align=\"center\">6.491,12<\/td><td class=\"has-text-align-center\" data-align=\"center\">2.181,60<\/td><td class=\"has-text-align-center\" data-align=\"center\">2.727,00<\/td><td class=\"has-text-align-center\" data-align=\"center\">8.672,72<\/td><td class=\"has-text-align-center\" data-align=\"center\">9.218,12<\/td><\/tr><tr><td class=\"has-text-align-center\" data-align=\"center\">III<\/td><td class=\"has-text-align-center\" data-align=\"center\">6.359,37<\/td><td class=\"has-text-align-center\" data-align=\"center\">2.137,60<\/td><td class=\"has-text-align-center\" data-align=\"center\">2.672,00<\/td><td class=\"has-text-align-center\" data-align=\"center\">8.496,97<\/td><td class=\"has-text-align-center\" data-align=\"center\">9.031,37<\/td><\/tr><tr><td class=\"has-text-align-center\" data-align=\"center\">II<\/td><td class=\"has-text-align-center\" data-align=\"center\">6.230,30<\/td><td class=\"has-text-align-center\" data-align=\"center\">2.092,80<\/td><td class=\"has-text-align-center\" data-align=\"center\">2.616,00<\/td><td class=\"has-text-align-center\" data-align=\"center\">8.323,10<\/td><td class=\"has-text-align-center\" data-align=\"center\">8.846,30<\/td><\/tr><tr><td class=\"has-text-align-center\" data-align=\"center\">I<\/td><td class=\"has-text-align-center\" data-align=\"center\">5.877,18<\/td><td class=\"has-text-align-center\" data-align=\"center\">1.975,20<\/td><td class=\"has-text-align-center\" data-align=\"center\">2.469,00<\/td><td class=\"has-text-align-center\" data-align=\"center\">7.852,38<\/td><td class=\"has-text-align-center\" data-align=\"center\">8.346,18<\/td><\/tr><\/tbody><\/table><figcaption class=\"wp-element-caption\">Depen: tabela salarial de Agente (Primeira Classe).<\/figcaption><\/figure>\n\n\n\n<h4 class=\"wp-block-heading\" id=\"classe-especial\">Classe Especial<\/h4>\n\n\n\n<figure class=\"wp-block-table is-style-stripes\"><table class=\"has-white-background-color has-background has-fixed-layout\"><tbody><tr><td class=\"has-text-align-center\" data-align=\"center\"><\/td><td class=\"has-text-align-center\" data-align=\"center\"><\/td><td class=\"has-text-align-center\" data-align=\"center\"><strong>GDAPEF<\/strong><\/td><td class=\"has-text-align-center\" data-align=\"center\"><strong>GDAPEF<\/strong><\/td><td class=\"has-text-align-center\" data-align=\"center\"><strong>ATIVO<\/strong><\/td><td class=\"has-text-align-center\" data-align=\"center\"><strong>ATIVO<\/strong><\/td><\/tr><tr><td class=\"has-text-align-center\" data-align=\"center\"><\/td><td class=\"has-text-align-center\" data-align=\"center\"><\/td><td class=\"has-text-align-center\" data-align=\"center\"><strong>80 pts.<\/strong><\/td><td class=\"has-text-align-center\" data-align=\"center\"><strong>100 pts.<\/strong><\/td><td class=\"has-text-align-center\" data-align=\"center\"><strong>TOTAL (em R$)<\/strong><\/td><td class=\"has-text-align-center\" data-align=\"center\"><strong>TOTAL (em R$)<\/strong><\/td><\/tr><tr><td class=\"has-text-align-center\" data-align=\"center\"><strong>PADR\u00c3O<\/strong><\/td><td class=\"has-text-align-center\" data-align=\"center\"><strong>VB<\/strong><\/td><td class=\"has-text-align-center\" data-align=\"center\">( * )<\/td><td class=\"has-text-align-center\" data-align=\"center\">( ** )<\/td><td class=\"has-text-align-center\" data-align=\"center\">80 pts.<\/td><td class=\"has-text-align-center\" data-align=\"center\">100 pts.<\/td><\/tr><tr><td class=\"has-text-align-center\" data-align=\"center\"><\/td><td class=\"has-text-align-center\" data-align=\"center\">A<\/td><td class=\"has-text-align-center\" data-align=\"center\">B<\/td><td class=\"has-text-align-center\" data-align=\"center\">C<\/td><td class=\"has-text-align-center\" data-align=\"center\">D=(A+B)<\/td><td class=\"has-text-align-center\" data-align=\"center\">E=(A+C)<\/td><\/tr><tr><td class=\"has-text-align-center\" data-align=\"center\">IV<\/td><td class=\"has-text-align-center\" data-align=\"center\">7.137,81<\/td><td class=\"has-text-align-center\" data-align=\"center\">2.399,20<\/td><td class=\"has-text-align-center\" data-align=\"center\">2.999,00<\/td><td class=\"has-text-align-center\" data-align=\"center\">9.537,01<\/td><td class=\"has-text-align-center\" data-align=\"center\">10.136,81<\/td><\/tr><tr><td class=\"has-text-align-center\" data-align=\"center\">III<\/td><td class=\"has-text-align-center\" data-align=\"center\">7.012,72<\/td><td class=\"has-text-align-center\" data-align=\"center\">2.356,80<\/td><td class=\"has-text-align-center\" data-align=\"center\">2.946,00<\/td><td class=\"has-text-align-center\" data-align=\"center\">9.369,52<\/td><td class=\"has-text-align-center\" data-align=\"center\">9.958,72<\/td><\/tr><tr><td class=\"has-text-align-center\" data-align=\"center\">II<\/td><td class=\"has-text-align-center\" data-align=\"center\">6.888,61<\/td><td class=\"has-text-align-center\" data-align=\"center\">2.314,40<\/td><td class=\"has-text-align-center\" data-align=\"center\">2.893,00<\/td><td class=\"has-text-align-center\" data-align=\"center\">9.203,01<\/td><td class=\"has-text-align-center\" data-align=\"center\">9.781,61<\/td><\/tr><tr><td class=\"has-text-align-center\" data-align=\"center\">I<\/td><td class=\"has-text-align-center\" data-align=\"center\">6.626,79<\/td><td class=\"has-text-align-center\" data-align=\"center\">2.227,20<\/td><td class=\"has-text-align-center\" data-align=\"center\">2.784,00<\/td><td class=\"has-text-align-center\" data-align=\"center\">8.853,99<\/td><td class=\"has-text-align-center\" data-align=\"center\">9.410,79<\/td><\/tr><\/tbody><\/table><figcaption class=\"wp-element-caption\">Depen: tabela salarial de Agente (Classe Especial).<\/figcaption><\/figure>\n\n\n\n<h4 class=\"wp-block-heading\" id=\"classe-especial-senior\">Classe Especial S\u00eanior<\/h4>\n\n\n\n<figure class=\"wp-block-table is-style-stripes\"><table class=\"has-white-background-color has-background has-fixed-layout\"><tbody><tr><td class=\"has-text-align-center\" data-align=\"center\"><\/td><td class=\"has-text-align-center\" data-align=\"center\"><\/td><td class=\"has-text-align-center\" data-align=\"center\"><strong>GDAPEF<\/strong><\/td><td class=\"has-text-align-center\" data-align=\"center\"><strong>GDAPEF<\/strong><\/td><td class=\"has-text-align-center\" data-align=\"center\"><strong>ATIVO<\/strong><\/td><td class=\"has-text-align-center\" data-align=\"center\"><strong>ATIVO<\/strong><\/td><\/tr><tr><td class=\"has-text-align-center\" data-align=\"center\"><\/td><td class=\"has-text-align-center\" data-align=\"center\"><\/td><td class=\"has-text-align-center\" data-align=\"center\">80 pts.<\/td><td class=\"has-text-align-center\" data-align=\"center\">100 pts.<\/td><td class=\"has-text-align-center\" data-align=\"center\">TOTAL (em R$)<\/td><td class=\"has-text-align-center\" data-align=\"center\">TOTAL (em R$)<\/td><\/tr><tr><td class=\"has-text-align-center\" data-align=\"center\"><strong>PADR\u00c3O<\/strong><\/td><td class=\"has-text-align-center\" data-align=\"center\"><strong>VB<\/strong><\/td><td class=\"has-text-align-center\" data-align=\"center\">( * )<\/td><td class=\"has-text-align-center\" data-align=\"center\">( ** )<\/td><td class=\"has-text-align-center\" data-align=\"center\">80 pts.<\/td><td class=\"has-text-align-center\" data-align=\"center\">100 pts.<\/td><\/tr><tr><td class=\"has-text-align-center\" data-align=\"center\"><\/td><td class=\"has-text-align-center\" data-align=\"center\">A<\/td><td class=\"has-text-align-center\" data-align=\"center\">B<\/td><td class=\"has-text-align-center\" data-align=\"center\">C<\/td><td class=\"has-text-align-center\" data-align=\"center\">D=(A+B)<\/td><td class=\"has-text-align-center\" data-align=\"center\">E=(A+C)<\/td><\/tr><tr><td class=\"has-text-align-center\" data-align=\"center\">V<\/td><td class=\"has-text-align-center\" data-align=\"center\">7.949,70<\/td><td class=\"has-text-align-center\" data-align=\"center\">2.672,00<\/td><td class=\"has-text-align-center\" data-align=\"center\">3.340,00<\/td><td class=\"has-text-align-center\" data-align=\"center\">10.621,70<\/td><td class=\"has-text-align-center\" data-align=\"center\">11.289,70<\/td><\/tr><tr><td class=\"has-text-align-center\" data-align=\"center\">IV<\/td><td class=\"has-text-align-center\" data-align=\"center\">7.812,81<\/td><td class=\"has-text-align-center\" data-align=\"center\">2.624,80<\/td><td class=\"has-text-align-center\" data-align=\"center\">3.281,00<\/td><td class=\"has-text-align-center\" data-align=\"center\">10.437,61<\/td><td class=\"has-text-align-center\" data-align=\"center\">11.093,81<\/td><\/tr><tr><td class=\"has-text-align-center\" data-align=\"center\">III<\/td><td class=\"has-text-align-center\" data-align=\"center\">7.677,01<\/td><td class=\"has-text-align-center\" data-align=\"center\">2.580,00<\/td><td class=\"has-text-align-center\" data-align=\"center\">3.225,00<\/td><td class=\"has-text-align-center\" data-align=\"center\">10.257,01<\/td><td class=\"has-text-align-center\" data-align=\"center\">10.902,01<\/td><\/tr><tr><td class=\"has-text-align-center\" data-align=\"center\">II<\/td><td class=\"has-text-align-center\" data-align=\"center\">7.544,53<\/td><td class=\"has-text-align-center\" data-align=\"center\">2.535,20<\/td><td class=\"has-text-align-center\" data-align=\"center\">3.169,00<\/td><td class=\"has-text-align-center\" data-align=\"center\">10.079,73<\/td><td class=\"has-text-align-center\" data-align=\"center\">10.713,53<\/td><\/tr><tr><td class=\"has-text-align-center\" data-align=\"center\">I<\/td><td class=\"has-text-align-center\" data-align=\"center\">7.267,91<\/td><td class=\"has-text-align-center\" data-align=\"center\">2.442,40<\/td><td class=\"has-text-align-center\" data-align=\"center\">3.053,00<\/td><td class=\"has-text-align-center\" data-align=\"center\">9.710,31<\/td><td class=\"has-text-align-center\" data-align=\"center\">10.320,91<\/td><\/tr><\/tbody><\/table><figcaption class=\"wp-element-caption\">Depen: tabela salarial de Agente (Classe Especial S\u00eanior).<\/figcaption><\/figure>\n\n\n\n<h4 class=\"wp-block-heading\" id=\"especialista\">\u2714\ufe0fEspecialista Federal<\/h4>\n\n\n\n<p id=\"especialista\"><em>Inicial: <\/em>R$ 5.894,62<em><br \/>Final:&nbsp;<\/em>R$<em> <\/em>8.507,77<\/p>\n\n\n\n<h4 class=\"wp-block-heading\" id=\"classe-a\">Classe A<\/h4>\n\n\n\n<figure class=\"wp-block-table is-style-stripes\"><table class=\"has-white-background-color has-background has-fixed-layout\"><tbody><tr><td class=\"has-text-align-center\" data-align=\"center\"><\/td><td class=\"has-text-align-center\" data-align=\"center\"><\/td><td class=\"has-text-align-center\" data-align=\"center\"><strong>GDAPEN<\/strong><\/td><td class=\"has-text-align-center\" data-align=\"center\"><strong>GDAPEN<\/strong><\/td><td class=\"has-text-align-center\" data-align=\"center\"><strong>ATIVO<\/strong><\/td><td class=\"has-text-align-center\" data-align=\"center\"><strong>ATIVO<\/strong><\/td><\/tr><tr><td class=\"has-text-align-center\" data-align=\"center\"><\/td><td class=\"has-text-align-center\" data-align=\"center\"><\/td><td class=\"has-text-align-center\" data-align=\"center\"><strong>80 pts.<\/strong><\/td><td class=\"has-text-align-center\" data-align=\"center\"><strong>100 pts.<\/strong><\/td><td class=\"has-text-align-center\" data-align=\"center\"><strong>TOTAL (em R$)<\/strong><\/td><td class=\"has-text-align-center\" data-align=\"center\"><strong>TOTAL (em R$)<\/strong><\/td><\/tr><tr><td class=\"has-text-align-center\" data-align=\"center\"><\/td><td class=\"has-text-align-center\" data-align=\"center\"><\/td><td class=\"has-text-align-center\" data-align=\"center\"><strong>( * )<\/strong><\/td><td class=\"has-text-align-center\" data-align=\"center\"><strong>( * )<\/strong><\/td><td class=\"has-text-align-center\" data-align=\"center\"><strong>80 pts.<\/strong><\/td><td class=\"has-text-align-center\" data-align=\"center\"><strong>100 pts.<\/strong><\/td><\/tr><tr><td class=\"has-text-align-center\" data-align=\"center\"><strong>PADR\u00c3O<\/strong><\/td><td class=\"has-text-align-center\" data-align=\"center\"><strong>VB<\/strong><\/td><td class=\"has-text-align-center\" data-align=\"center\"><\/td><td class=\"has-text-align-center\" data-align=\"center\"><\/td><td class=\"has-text-align-center\" data-align=\"center\"><\/td><td class=\"has-text-align-center\" data-align=\"center\"><\/td><\/tr><tr><td class=\"has-text-align-center\" data-align=\"center\"><\/td><td class=\"has-text-align-center\" data-align=\"center\">A<\/td><td class=\"has-text-align-center\" data-align=\"center\">B<\/td><td class=\"has-text-align-center\" data-align=\"center\">C<\/td><td class=\"has-text-align-center\" data-align=\"center\">D=(A+B)<\/td><td class=\"has-text-align-center\" data-align=\"center\">E=(A+C)<\/td><\/tr><tr><td class=\"has-text-align-center\" data-align=\"center\">VI<\/td><td class=\"has-text-align-center\" data-align=\"center\">5.121,21<\/td><td class=\"has-text-align-center\" data-align=\"center\">1.198,40<\/td><td class=\"has-text-align-center\" data-align=\"center\">1.498,00<\/td><td class=\"has-text-align-center\" data-align=\"center\">6.319,61<\/td><td class=\"has-text-align-center\" data-align=\"center\">6.619,21<\/td><\/tr><tr><td class=\"has-text-align-center\" data-align=\"center\">V<\/td><td class=\"has-text-align-center\" data-align=\"center\">5.045,53<\/td><td class=\"has-text-align-center\" data-align=\"center\">1.188,00<\/td><td class=\"has-text-align-center\" data-align=\"center\">1.485,00<\/td><td class=\"has-text-align-center\" data-align=\"center\">6.233,53<\/td><td class=\"has-text-align-center\" data-align=\"center\">6.530,53<\/td><\/tr><tr><td class=\"has-text-align-center\" data-align=\"center\">lV<\/td><td class=\"has-text-align-center\" data-align=\"center\">4.970,97<\/td><td class=\"has-text-align-center\" data-align=\"center\">1.174,40<\/td><td class=\"has-text-align-center\" data-align=\"center\">1.468,00<\/td><td class=\"has-text-align-center\" data-align=\"center\">6.145,37<\/td><td class=\"has-text-align-center\" data-align=\"center\">6.438,97<\/td><\/tr><tr><td class=\"has-text-align-center\" data-align=\"center\">lll<\/td><td class=\"has-text-align-center\" data-align=\"center\">4.897,50<\/td><td class=\"has-text-align-center\" data-align=\"center\">1.164,00<\/td><td class=\"has-text-align-center\" data-align=\"center\">1.455,00<\/td><td class=\"has-text-align-center\" data-align=\"center\">6.061,50<\/td><td class=\"has-text-align-center\" data-align=\"center\">6.352,50<\/td><\/tr><tr><td class=\"has-text-align-center\" data-align=\"center\">ll<\/td><td class=\"has-text-align-center\" data-align=\"center\">4.825,12<\/td><td class=\"has-text-align-center\" data-align=\"center\">1.153,60<\/td><td class=\"has-text-align-center\" data-align=\"center\">1.442,00<\/td><td class=\"has-text-align-center\" data-align=\"center\">5.978,72<\/td><td class=\"has-text-align-center\" data-align=\"center\">6.267,12<\/td><\/tr><tr><td class=\"has-text-align-center\" data-align=\"center\">l<\/td><td class=\"has-text-align-center\" data-align=\"center\">4.753,82<\/td><td class=\"has-text-align-center\" data-align=\"center\">1.140,80<\/td><td class=\"has-text-align-center\" data-align=\"center\">1.426,00<\/td><td class=\"has-text-align-center\" data-align=\"center\">5.894,62<\/td><td class=\"has-text-align-center\" data-align=\"center\">6.179,82<\/td><\/tr><\/tbody><\/table><figcaption class=\"wp-element-caption\">Depen: tabela salarial de Especialista (Classe A)<\/figcaption><\/figure>\n\n\n\n<h4 class=\"wp-block-heading\" id=\"classe-b\">Classe B<\/h4>\n\n\n\n<figure class=\"wp-block-table is-style-stripes\"><table class=\"has-white-background-color has-background has-fixed-layout\"><tbody><tr><td class=\"has-text-align-center\" data-align=\"center\"><\/td><td class=\"has-text-align-center\" data-align=\"center\"><\/td><td class=\"has-text-align-center\" data-align=\"center\"><strong>GDAPEN<\/strong><\/td><td class=\"has-text-align-center\" data-align=\"center\"><strong>GDAPEN<\/strong><\/td><td class=\"has-text-align-center\" data-align=\"center\"><strong>ATIVO<\/strong><\/td><td class=\"has-text-align-center\" data-align=\"center\"><strong>ATIVO<\/strong><\/td><\/tr><tr><td class=\"has-text-align-center\" data-align=\"center\"><\/td><td class=\"has-text-align-center\" data-align=\"center\"><\/td><td class=\"has-text-align-center\" data-align=\"center\"><strong>80 pts.<\/strong><\/td><td class=\"has-text-align-center\" data-align=\"center\"><strong>100 pts.<\/strong><\/td><td class=\"has-text-align-center\" data-align=\"center\"><strong>TOTAL (em R$)<\/strong><\/td><td class=\"has-text-align-center\" data-align=\"center\"><strong>TOTAL (em R$)<\/strong><\/td><\/tr><tr><td class=\"has-text-align-center\" data-align=\"center\"><\/td><td class=\"has-text-align-center\" data-align=\"center\"><\/td><td class=\"has-text-align-center\" data-align=\"center\">( * )<\/td><td class=\"has-text-align-center\" data-align=\"center\">( * )<\/td><td class=\"has-text-align-center\" data-align=\"center\"><strong>80 pts.<\/strong><\/td><td class=\"has-text-align-center\" data-align=\"center\"><strong>100 pts.<\/strong><\/td><\/tr><tr><td class=\"has-text-align-center\" data-align=\"center\"><strong>PADR\u00c3O<\/strong><\/td><td class=\"has-text-align-center\" data-align=\"center\"><strong>VB<\/strong><\/td><td class=\"has-text-align-center\" data-align=\"center\"><\/td><td class=\"has-text-align-center\" data-align=\"center\"><\/td><td class=\"has-text-align-center\" data-align=\"center\"><\/td><td class=\"has-text-align-center\" data-align=\"center\"><\/td><\/tr><tr><td class=\"has-text-align-center\" data-align=\"center\"><\/td><td class=\"has-text-align-center\" data-align=\"center\">A<\/td><td class=\"has-text-align-center\" data-align=\"center\">B<\/td><td class=\"has-text-align-center\" data-align=\"center\">C<\/td><td class=\"has-text-align-center\" data-align=\"center\">D=(A+B)<\/td><td class=\"has-text-align-center\" data-align=\"center\">E=(A+C)<\/td><\/tr><tr><td class=\"has-text-align-center\" data-align=\"center\">V<\/td><td class=\"has-text-align-center\" data-align=\"center\">5.569,34<\/td><td class=\"has-text-align-center\" data-align=\"center\">1260,00<\/td><td class=\"has-text-align-center\" data-align=\"center\">1.575,00<\/td><td class=\"has-text-align-center\" data-align=\"center\">6.829,34<\/td><td class=\"has-text-align-center\" data-align=\"center\">7.144,34<\/td><\/tr><tr><td class=\"has-text-align-center\" data-align=\"center\">lV<\/td><td class=\"has-text-align-center\" data-align=\"center\">5.487,04<\/td><td class=\"has-text-align-center\" data-align=\"center\">1248,00<\/td><td class=\"has-text-align-center\" data-align=\"center\">1.560,00<\/td><td class=\"has-text-align-center\" data-align=\"center\">6.735,04<\/td><td class=\"has-text-align-center\" data-align=\"center\">7.047,04<\/td><\/tr><tr><td class=\"has-text-align-center\" data-align=\"center\">lll<\/td><td class=\"has-text-align-center\" data-align=\"center\">5.405,95<\/td><td class=\"has-text-align-center\" data-align=\"center\">1234,40<\/td><td class=\"has-text-align-center\" data-align=\"center\">1.543,00<\/td><td class=\"has-text-align-center\" data-align=\"center\">6.640,35<\/td><td class=\"has-text-align-center\" data-align=\"center\">6.948,95<\/td><\/tr><tr><td class=\"has-text-align-center\" data-align=\"center\">ll<\/td><td class=\"has-text-align-center\" data-align=\"center\">5.326,07<\/td><td class=\"has-text-align-center\" data-align=\"center\">1224,00<\/td><td class=\"has-text-align-center\" data-align=\"center\">1.530,00<\/td><td class=\"has-text-align-center\" data-align=\"center\">6.550,07<\/td><td class=\"has-text-align-center\" data-align=\"center\">6.856,07<\/td><\/tr><tr><td class=\"has-text-align-center\" data-align=\"center\">l<\/td><td class=\"has-text-align-center\" data-align=\"center\">5.121,21<\/td><td class=\"has-text-align-center\" data-align=\"center\">1211,20<\/td><td class=\"has-text-align-center\" data-align=\"center\">1.514,00<\/td><td class=\"has-text-align-center\" data-align=\"center\">6.332,41<\/td><td class=\"has-text-align-center\" data-align=\"center\">6.635,21<\/td><\/tr><\/tbody><\/table><figcaption class=\"wp-element-caption\">Depen: tabela salarial de Especialista (Classe B)<\/figcaption><\/figure>\n\n\n\n<h4 class=\"wp-block-heading\" id=\"classe-c\"><strong>Classe C<\/strong><\/h4>\n\n\n\n<figure class=\"wp-block-table is-style-stripes\"><table class=\"has-white-background-color has-background has-fixed-layout\"><tbody><tr><td class=\"has-text-align-center\" data-align=\"center\"><\/td><td class=\"has-text-align-center\" data-align=\"center\"><\/td><td class=\"has-text-align-center\" data-align=\"center\"><strong>GDAPEN<\/strong><\/td><td class=\"has-text-align-center\" data-align=\"center\"><strong>GDAPEN<\/strong><\/td><td class=\"has-text-align-center\" data-align=\"center\"><strong>ATIVO<\/strong><\/td><td class=\"has-text-align-center\" data-align=\"center\"><strong>ATIVO<\/strong><\/td><\/tr><tr><td class=\"has-text-align-center\" data-align=\"center\"><\/td><td class=\"has-text-align-center\" data-align=\"center\"><\/td><td class=\"has-text-align-center\" data-align=\"center\"><strong>80 pts.<\/strong><\/td><td class=\"has-text-align-center\" data-align=\"center\"><strong>100 pts.<\/strong><\/td><td class=\"has-text-align-center\" data-align=\"center\"><strong>TOTAL (em R$)<\/strong><\/td><td class=\"has-text-align-center\" data-align=\"center\"><strong>TOTAL (em R$)<\/strong><\/td><\/tr><tr><td class=\"has-text-align-center\" data-align=\"center\">_<\/td><td class=\"has-text-align-center\" data-align=\"center\"><\/td><td class=\"has-text-align-center\" data-align=\"center\">( * )<\/td><td class=\"has-text-align-center\" data-align=\"center\">( * )<\/td><td class=\"has-text-align-center\" data-align=\"center\"><strong>80 pts.<\/strong><\/td><td class=\"has-text-align-center\" data-align=\"center\"><strong>100 pts.<\/strong><\/td><\/tr><tr><td class=\"has-text-align-center\" data-align=\"center\"><strong>PADR\u00c3O<\/strong><\/td><td class=\"has-text-align-center\" data-align=\"center\"><strong>VB<\/strong><\/td><td class=\"has-text-align-center\" data-align=\"center\"><\/td><td class=\"has-text-align-center\" data-align=\"center\"><\/td><td class=\"has-text-align-center\" data-align=\"center\"><\/td><td class=\"has-text-align-center\" data-align=\"center\"><\/td><\/tr><tr><td class=\"has-text-align-center\" data-align=\"center\"><\/td><td class=\"has-text-align-center\" data-align=\"center\">A<\/td><td class=\"has-text-align-center\" data-align=\"center\">B<\/td><td class=\"has-text-align-center\" data-align=\"center\">C<\/td><td class=\"has-text-align-center\" data-align=\"center\">D=(A+B)<\/td><td class=\"has-text-align-center\" data-align=\"center\">E=(A+C)<\/td><\/tr><tr><td class=\"has-text-align-center\" data-align=\"center\">V<\/td><td class=\"has-text-align-center\" data-align=\"center\">6.239,76<\/td><td class=\"has-text-align-center\" data-align=\"center\">1.324,80<\/td><td class=\"has-text-align-center\" data-align=\"center\">1.656,00<\/td><td class=\"has-text-align-center\" data-align=\"center\">7.564,56<\/td><td class=\"has-text-align-center\" data-align=\"center\">7.895,76<\/td><\/tr><tr><td class=\"has-text-align-center\" data-align=\"center\">lV<\/td><td class=\"has-text-align-center\" data-align=\"center\">6.147,55<\/td><td class=\"has-text-align-center\" data-align=\"center\">1.311,20<\/td><td class=\"has-text-align-center\" data-align=\"center\">1.639,00<\/td><td class=\"has-text-align-center\" data-align=\"center\">7.458,75<\/td><td class=\"has-text-align-center\" data-align=\"center\">7.786,55<\/td><\/tr><tr><td class=\"has-text-align-center\" data-align=\"center\">lll<\/td><td class=\"has-text-align-center\" data-align=\"center\">6.056,69<\/td><td class=\"has-text-align-center\" data-align=\"center\">1.298,40<\/td><td class=\"has-text-align-center\" data-align=\"center\">1.623,00<\/td><td class=\"has-text-align-center\" data-align=\"center\">7.355,09<\/td><td class=\"has-text-align-center\" data-align=\"center\">7.679,69<\/td><\/tr><tr><td class=\"has-text-align-center\" data-align=\"center\">ll<\/td><td class=\"has-text-align-center\" data-align=\"center\">5.967,18<\/td><td class=\"has-text-align-center\" data-align=\"center\">1.285,60<\/td><td class=\"has-text-align-center\" data-align=\"center\">1.607,00<\/td><td class=\"has-text-align-center\" data-align=\"center\">7.252,78<\/td><td class=\"has-text-align-center\" data-align=\"center\">7.574,18<\/td><\/tr><tr><td class=\"has-text-align-center\" data-align=\"center\">l<\/td><td class=\"has-text-align-center\" data-align=\"center\">5.878,99<\/td><td class=\"has-text-align-center\" data-align=\"center\">1.272,80<\/td><td class=\"has-text-align-center\" data-align=\"center\">1.591,00<\/td><td class=\"has-text-align-center\" data-align=\"center\">7.151,79<\/td><td class=\"has-text-align-center\" data-align=\"center\">7.469,99<\/td><\/tr><\/tbody><\/table><figcaption class=\"wp-element-caption\">Depen: tabela salarial de Especialista (Classe C)<\/figcaption><\/figure>\n\n\n\n<h4 class=\"wp-block-heading\" id=\"classe-especial\">Classe Especial<\/h4>\n\n\n\n<figure class=\"wp-block-table is-style-stripes\"><table class=\"has-white-background-color has-background has-fixed-layout\"><tbody><tr><td class=\"has-text-align-center\" data-align=\"center\"><\/td><td class=\"has-text-align-center\" data-align=\"center\"><\/td><td class=\"has-text-align-center\" data-align=\"center\"><strong>GDAPEN<\/strong><\/td><td class=\"has-text-align-center\" data-align=\"center\"><strong>GDAPEN<\/strong><\/td><td class=\"has-text-align-center\" data-align=\"center\"><strong>ATIVO<\/strong><\/td><td class=\"has-text-align-center\" data-align=\"center\"><strong>ATIVO<\/strong><\/td><\/tr><tr><td class=\"has-text-align-center\" data-align=\"center\"><\/td><td class=\"has-text-align-center\" data-align=\"center\"><\/td><td class=\"has-text-align-center\" data-align=\"center\"><strong>80 pts.<\/strong><\/td><td class=\"has-text-align-center\" data-align=\"center\"><strong>100 pts.<\/strong><\/td><td class=\"has-text-align-center\" data-align=\"center\"><strong>TOTAL (em R$)<\/strong><\/td><td class=\"has-text-align-center\" data-align=\"center\"><strong>TOTAL (em R$)<\/strong><\/td><\/tr><tr><td class=\"has-text-align-center\" data-align=\"center\"><\/td><td class=\"has-text-align-center\" data-align=\"center\"><\/td><td class=\"has-text-align-center\" data-align=\"center\"><strong>( * )<\/strong><\/td><td class=\"has-text-align-center\" data-align=\"center\"><strong>( * )<\/strong><\/td><td class=\"has-text-align-center\" data-align=\"center\"><strong>80 pts.<\/strong><\/td><td class=\"has-text-align-center\" data-align=\"center\"><strong>100 pts.<\/strong><\/td><\/tr><tr><td class=\"has-text-align-center\" data-align=\"center\"><strong>PADR\u00c3O<\/strong><\/td><td class=\"has-text-align-center\" data-align=\"center\"><strong>VB<\/strong><\/td><td class=\"has-text-align-center\" data-align=\"center\"><\/td><td class=\"has-text-align-center\" data-align=\"center\"><\/td><td class=\"has-text-align-center\" data-align=\"center\"><\/td><td class=\"has-text-align-center\" data-align=\"center\"><\/td><\/tr><tr><td class=\"has-text-align-center\" data-align=\"center\">&nbsp;<\/td><td class=\"has-text-align-center\" data-align=\"center\">A<\/td><td class=\"has-text-align-center\" data-align=\"center\">B<\/td><td class=\"has-text-align-center\" data-align=\"center\">C<\/td><td class=\"has-text-align-center\" data-align=\"center\">D=(A+B)<\/td><td class=\"has-text-align-center\" data-align=\"center\">E=(A+C)<\/td><\/tr><tr><td class=\"has-text-align-center\" data-align=\"center\">IV<\/td><td class=\"has-text-align-center\" data-align=\"center\">6.785,77<\/td><td class=\"has-text-align-center\" data-align=\"center\">1.377,60<\/td><td class=\"has-text-align-center\" data-align=\"center\">1.722,00<\/td><td class=\"has-text-align-center\" data-align=\"center\">8.163,37<\/td><td class=\"has-text-align-center\" data-align=\"center\">8.507,77<\/td><\/tr><tr><td class=\"has-text-align-center\" data-align=\"center\">lll<\/td><td class=\"has-text-align-center\" data-align=\"center\">6.685,49<\/td><td class=\"has-text-align-center\" data-align=\"center\">1.365,60<\/td><td class=\"has-text-align-center\" data-align=\"center\">1.707,00<\/td><td class=\"has-text-align-center\" data-align=\"center\">8.051,09<\/td><td class=\"has-text-align-center\" data-align=\"center\">8.392,49<\/td><\/tr><tr><td class=\"has-text-align-center\" data-align=\"center\">ll<\/td><td class=\"has-text-align-center\" data-align=\"center\">6.586,68<\/td><td class=\"has-text-align-center\" data-align=\"center\">1.350,40<\/td><td class=\"has-text-align-center\" data-align=\"center\">1.688,00<\/td><td class=\"has-text-align-center\" data-align=\"center\">7.937,08<\/td><td class=\"has-text-align-center\" data-align=\"center\">8.274,68<\/td><\/tr><tr><td class=\"has-text-align-center\" data-align=\"center\">l<\/td><td class=\"has-text-align-center\" data-align=\"center\">6.489,34<\/td><td class=\"has-text-align-center\" data-align=\"center\">1.324,80<\/td><td class=\"has-text-align-center\" data-align=\"center\">1.672,00<\/td><td class=\"has-text-align-center\" data-align=\"center\">7.814,14<\/td><td class=\"has-text-align-center\" data-align=\"center\">8.161,37<\/td><\/tr><\/tbody><\/table><figcaption class=\"wp-element-caption\">Depen: tabela salarial de Especialista (Classe Especial).<\/figcaption><\/figure>\n\n\n\n<h3 class=\"wp-block-heading\" id=\"provas-efetivos\">Confira etapas e provas <\/h3>\n\n\n\n<p>A sele\u00e7\u00e3o para os cargos de que trata este edital foi realizada em duas etapas, conforme especificado a seguir.<\/p>\n\n\n\n<ul class=\"wp-block-list\">\n<li><strong>A primeira etapa <\/strong>compreendeu as seguintes fases:\n<ul class=\"wp-block-list\">\n<li>a) provas objetivas, de car\u00e1ter eliminat\u00f3rio e classificat\u00f3rio, de responsabilidade do Cebraspe, com o apoio do DEPEN;<\/li>\n\n\n\n<li>b) prova discursiva, de car\u00e1ter eliminat\u00f3rio e classificat\u00f3rio, de responsabilidade do Cebraspe, com o apoio do DEPEN;<\/li>\n\n\n\n<li>c) exame de aptid\u00e3o f\u00edsica, de car\u00e1ter eliminat\u00f3rio, de responsabilidade do Cebraspe, com o apoio do DEPEN;<\/li>\n\n\n\n<li>d) avalia\u00e7\u00e3o de sa\u00fade, de car\u00e1ter eliminat\u00f3rio, de responsabilidade do Cebraspe, com o apoio do DEPEN;<\/li>\n\n\n\n<li>e) avalia\u00e7\u00e3o psicol\u00f3gica, de car\u00e1ter eliminat\u00f3rio, de responsabilidade do Cebraspe, com o apoio do DEPEN;<\/li>\n\n\n\n<li>f) investiga\u00e7\u00e3o social, de car\u00e1ter eliminat\u00f3rio, de responsabilidade do DEPEN, com apoio do Cebraspe.<\/li>\n<\/ul>\n<\/li>\n\n\n\n<li><strong>A segunda etapa<\/strong> do concurso consistiu no curso de forma\u00e7\u00e3o profissional (CFP), de car\u00e1ter eliminat\u00f3rio e classificat\u00f3rio, de responsabilidade do DEPEN, com apoio do Cebraspe, a ser realizado em local previamente indicado no edital de convoca\u00e7\u00e3o para essa etapa.<\/li>\n<\/ul>\n\n\n\n<h4 class=\"wp-block-heading\" id=\"objetiva\">Prova objetiva<\/h4>\n\n\n\n<p>As provas do <strong>concurso Depen<\/strong> tiveram 4h30min de dura\u00e7\u00e3o. Confira como foi a distribui\u00e7\u00e3o das quest\u00f5es por \u00e1rea de conhecimento:<\/p>\n\n\n\n<h4 class=\"wp-block-heading\" id=\"h-para-o-cargo-de-especialista\"><strong>Para o cargo de especialista<\/strong>:<\/h4>\n\n\n\n<ul class=\"wp-block-list\">\n<li>40 quest\u00f5es de Conhecimentos B\u00e1sicos;<\/li>\n\n\n\n<li>50 quest\u00f5es de Conhecimentos Espec\u00edficos;<\/li>\n\n\n\n<li>30 quest\u00f5es de conhecimentos Complementares.<\/li>\n<\/ul>\n\n\n\n<h4 class=\"wp-block-heading\" id=\"h-para-agente-penal\"><strong>Para agente penal<\/strong>:<\/h4>\n\n\n\n<ul class=\"wp-block-list\">\n<li>30 quest\u00f5es de Conhecimentos B\u00e1sicos;<\/li>\n\n\n\n<li>50 quest\u00f5es de Conhecimentos Espec\u00edficos;<\/li>\n\n\n\n<li>40 quest\u00f5es de Conhecimentos Complementares.<\/li>\n<\/ul>\n\n\n\n<p class=\"has-text-align-center has-background\" style=\"background-color:#eeeeee;font-size:clamp(14px, 0.875rem + ((1vw - 3.2px) * 0.392), 18px);px\"><strong><a href=\"https:\/\/dhg1h5j42swfq.cloudfront.net\/2021\/07\/20174513\/depen_resultadofinal_agente20210719-3.pdf\" target=\"_blank\" rel=\"noreferrer noopener nofollow\">Lista ordenada dos primeiros colocados para Agente Federal de Execu\u00e7\u00e3o Penal<\/a><\/strong><\/p>\n\n\n\n<h4 class=\"wp-block-heading\" id=\"nota-de-corte\"><strong>Notas de corte para prova objetiva<\/strong><\/h4>\n\n\n\n<p>Para o cargo de Especialista Federal em Assist\u00eancia \u00e0 Execu\u00e7\u00e3o Penal, foi reprovado nas provas objetivas e eliminado do concurso p\u00fablico o candidato que n\u00e3o atingiu as seguintes notas m\u00ednimas:<\/p>\n\n\n\n<ul class=\"wp-block-list\">\n<li><strong>Conhecimentos b\u00e1sicos<\/strong>: 8,00 pontos;<\/li>\n\n\n\n<li><strong>Conhecimentos  espec\u00edficos<\/strong>: 10,00 pontos;<\/li>\n\n\n\n<li><strong>Conhecimentos complementares<\/strong>: 36,00 pontos.<\/li>\n<\/ul>\n\n\n\n<p>Para o cargo de Agente Federal de Execu\u00e7\u00e3o Penal, foi reprovado nas provas objetivas e eliminado do concurso p\u00fablico o candidato que n\u00e3o alcan\u00e7ou as seguintes notas m\u00ednimas:<\/p>\n\n\n\n<ul class=\"wp-block-list\">\n<li><strong>Conhecimentos b\u00e1sicos<\/strong>: 6,00 pontos;<\/li>\n\n\n\n<li><strong>Conhecimentos espec\u00edficos<\/strong>: 10,00 pontos;<\/li>\n\n\n\n<li><strong>Conhecimentos complementares<\/strong>: 36,00 pontos.<\/li>\n<\/ul>\n\n\n\n<h4 class=\"wp-block-heading\" id=\"discursiva\">Prova discursiva<\/h4>\n\n\n\n<p>A Prova Discursiva do concurso Depen consistiu na reda\u00e7\u00e3o de um texto dissertativo de at\u00e9 30 linhas sobre atualidades. Sua aplica\u00e7\u00e3o ocorreu em conjunto com a prova objetiva. <\/p>\n\n\n\n<p>Somente foram corrigidas as reda\u00e7\u00f5es daqueles que atingirem as <a href=\"#nota-de-corte\">pontua\u00e7\u00f5es m\u00ednimas<\/a> na prova objetiva.<\/p>\n\n\n\n<h4 class=\"wp-block-heading\" id=\"materias-depen\">Disciplinas exigidas<\/h4>\n\n\n\n<h4 class=\"wp-block-heading\" id=\"para-o-cargo-de-especialista\"><strong>Para o cargo de Especialista<\/strong><\/h4>\n\n\n\n<ul class=\"wp-block-list\">\n<li><strong>Conhecimentos b\u00e1sicos<\/strong>:\n<ul class=\"wp-block-list\">\n<li>L\u00edngua Portuguesa;<\/li>\n\n\n\n<li>\u00c9tica no Servi\u00e7o P\u00fablico;<\/li>\n\n\n\n<li>No\u00e7\u00f5es de Direito Constitucional;<\/li>\n\n\n\n<li>No\u00e7\u00f5es de Direito Administrativo;<\/li>\n\n\n\n<li>No\u00e7\u00f5es de Direitos Humanos e Participa\u00e7\u00e3o Social;<\/li>\n<\/ul>\n<\/li>\n\n\n\n<li><strong>Conhecimentos espec\u00edficos<\/strong>:\n<ul class=\"wp-block-list\">\n<li><a href=\"https:\/\/dhg1h5j42swfq.cloudfront.net\/2020\/05\/05014617\/Edital-depen-Estrat%C3%A9gia-1.pdf\" target=\"_blank\" rel=\"noreferrer noopener nofollow\">(Conforme a \u00e1rea)<\/a>;<\/li>\n<\/ul>\n<\/li>\n\n\n\n<li><strong>Conhecimentos complementares<\/strong>:\n<ul class=\"wp-block-list\">\n<li>Execu\u00e7\u00e3o Penal;<\/li>\n\n\n\n<li>Departamento Penitenci\u00e1rio Nacional<\/li>\n<\/ul>\n<\/li>\n<\/ul>\n\n\n\n<h4 class=\"wp-block-heading\" id=\"para-o-cargo-de-agente\"><strong>Para o cargo de Agente<\/strong><\/h4>\n\n\n\n<ul class=\"wp-block-list\">\n<li><strong>Conhecimentos b\u00e1sicos<\/strong>:\n<ul class=\"wp-block-list\">\n<li>L\u00edngua Portuguesa;<\/li>\n\n\n\n<li>\u00c9tica no Servi\u00e7o P\u00fablico;<\/li>\n\n\n\n<li>Racioc\u00ednio L\u00f3gico;<\/li>\n\n\n\n<li>Inform\u00e1tica;<\/li>\n<\/ul>\n<\/li>\n\n\n\n<li><strong>Conhecimentos espec\u00edficos<\/strong>:\n<ul class=\"wp-block-list\">\n<li>No\u00e7\u00f5es de Direito Constitucional;<\/li>\n\n\n\n<li>No\u00e7\u00f5es de Direito Administrativo;<\/li>\n\n\n\n<li>No\u00e7\u00f5es de Direito Penal;<\/li>\n\n\n\n<li>No\u00e7\u00f5es de Direito Processual Penal;<\/li>\n\n\n\n<li>No\u00e7\u00f5es de Direitos Humanos e Participa\u00e7\u00e3o Social;<\/li>\n\n\n\n<li>Legisla\u00e7\u00e3o Especial;<\/li>\n<\/ul>\n<\/li>\n\n\n\n<li><strong>Conhecimentos complementares<\/strong>:\n<ul class=\"wp-block-list\">\n<li>Execu\u00e7\u00e3o Penal;<\/li>\n\n\n\n<li>Departamento Penitenci\u00e1rio Nacional<\/li>\n<\/ul>\n<\/li>\n<\/ul>\n\n\n\n<p class=\"has-text-align-center has-background\" style=\"background-color:#eeeeee;font-size:clamp(14px, 0.875rem + ((1vw - 3.2px) * 0.392), 18px);px\"><a href=\"https:\/\/cdn.cebraspe.org.br\/concursos\/DEPEN_20\/arquivos\/ED_19_DEPEN_2020_RES_FINAL_DISC_CONV_TAF_FIP.PDF\" target=\"_blank\" rel=\"noreferrer noopener\"><strong>Resultado final na prova discursiva<\/strong><\/a><\/p>\n\n\n\n<h4 class=\"wp-block-heading\" id=\"TAF-DEPEN\">Teste de Aptid\u00e3o F\u00edsica (TAF)<\/h4>\n\n\n\n<p>O <a href=\"https:\/\/www.youtube.com\/watch?v=Wm4KTt1QH2s\" target=\"_blank\" rel=\"noreferrer noopener\">teste de aptid\u00e3o f\u00edsica<\/a> do <strong>concurso Depen<\/strong> consistiu em submeter os candidatos aos exerc\u00edcios de acordo com os cargos pretendidos:<\/p>\n\n\n\n<p><strong>Especialista Federal em Assist\u00eancia \u00e0 Execu\u00e7\u00e3o Penal do Depen:<\/strong><\/p>\n\n\n\n<ul class=\"wp-block-list\">\n<li>flex\u00e3o abdominal;<\/li>\n\n\n\n<li>corrida de 12 minutos.<\/li>\n<\/ul>\n\n\n\n<p><strong>Para o cargo de Agente Federal de Execu\u00e7\u00e3o Penal do Depen:<\/strong><\/p>\n\n\n\n<ul class=\"wp-block-list\">\n<li>barra fixa;<\/li>\n\n\n\n<li>flex\u00e3o abdominal;<\/li>\n\n\n\n<li>impuls\u00e3o horizontal;<\/li>\n\n\n\n<li>corrida de 12 minutos.<\/li>\n<\/ul>\n\n\n\n<p class=\"has-text-align-center has-background\" style=\"background-color:#eeeeee;font-size:clamp(14px, 0.875rem + ((1vw - 3.2px) * 0.392), 18px);px\"><strong><a href=\"https:\/\/cdn.cebraspe.org.br\/concursos\/DEPEN_20\/arquivos\/ED_21_DEPEN_2020_FINAL_TAF_FIP_CONV_SADE_BIOPSICO.PDF\" target=\"_blank\" rel=\"noreferrer noopener\">Resultado final no TAF<\/a><\/strong><\/p>\n\n\n\n<h4 class=\"wp-block-heading\" id=\"cfp-depen\">Curso de forma\u00e7\u00e3o (CFP)<\/h4>\n\n\n\n<p>O CFP foi realizado em local a ser indicado quando da convoca\u00e7\u00e3o para essa etapa, em edital espec\u00edfico, e exigiu do aluno tempo integral com frequ\u00eancia obrigat\u00f3ria e dedica\u00e7\u00e3o exclusiva.<\/p>\n\n\n\n<p>O candidato regularmente matriculado no CFP\/Depen fez jus, a t\u00edtulo de aux\u00edlio financeiro, a 50% da remunera\u00e7\u00e3o inicial mensal do cargo\/\u00e1rea, sobre a qual incidiram os descontos legais, ressalvado o direito de op\u00e7\u00e3o pela percep\u00e7\u00e3o do vencimento e das vantagens do cargo efetivo de servidor p\u00fablico federal, nos termos do art. 14 da Lei n\u00ba 9.624, de 2 de abril de 1998.<\/p>\n\n\n\n<p>O candidato, durante a perman\u00eancia no CFP, arcou com suas despesas de estadia, locomo\u00e7\u00e3o, sa\u00fade e de alimenta\u00e7\u00e3o. As avalia\u00e7\u00f5es realizadas no CFP tiveram pontua\u00e7\u00e3o m\u00e1xima de 10 pontos. <\/p>\n\n\n\n<p>Como resultado, o candidato que n\u00e3o obteve, no m\u00ednimo, 6 pontos em cada avalia\u00e7\u00e3o e 7 pontos na m\u00e9dia geral das avalia\u00e7\u00f5es do CFP ou que n\u00e3o obteve frequ\u00eancia integral no curso, salvo faltas devidamente justificadas e abonadas pela Coordena\u00e7\u00e3o do CFP, foi considerado reprovado no CFP e eliminado do concurso p\u00fablico.<\/p>\n\n\n\n<h3 class=\"wp-block-heading\" id=\"lotacao\">Lota\u00e7\u00e3o do concurso Depen<\/h3>\n\n\n\n<p>Ao final, os candidatos s\u00e3o lotados na Sede do DEPEN, em Bras\u00edlia\/DF, ou em uma das cinco penitenci\u00e1rias federais, localizadas nas cidades de Bras\u00edlia\/DF, Campo Grande\/MS, Catanduvas\/PR, Mossor\u00f3\/RN e Porto Velho\/RO, de acordo com o interesse e a necessidade da Administra\u00e7\u00e3o<\/p>\n\n\n\n<h2 class=\"wp-block-heading has-cyan-bluish-gray-background-color has-background\" id=\"linha\">Linha do tempo do Depen<\/h2>\n\n\n\n<h3 class=\"wp-block-heading\" id=\"autorizada-nomeacao-de-140-aprovados\">Autorizada nomea\u00e7\u00e3o de 140 aprovados <\/h3>\n\n\n\n<p>Os aprovados do \u00faltimo concurso do Departamento Penitenci\u00e1rio Nacional receberam uma excelente not\u00edcia no in\u00edcio de mar\u00e7o de 2019: o presidente Jair Bolsonaro editou um decreto para autorizar a nomea\u00e7\u00e3o de 140 novos servidores do departamento.<\/p>\n\n\n\n<p>Foi autorizada a nomea\u00e7\u00e3o de <em>120 classificados no cargo de Agente Federal de Execu\u00e7\u00e3o <\/em>e<em> 20 no cargo de Especialista Assist\u00eancia Penitenci\u00e1ria<\/em>. Dessa forma, vale lembrar que o \u00faltimo concurso p\u00fablico foi realizado no ano de 2015, e desde ent\u00e3o, os candidatos aguardavam ser chamados. A validade do certame expira em julho de 2020.<\/p>\n\n\n\n<h3 class=\"wp-block-heading\" id=\"maio-2020-edital-publicado\">Maio\/2020 &#8211; Edital Publicado!<\/h3>\n\n\n\n<p>Foi publicado, na noite de 5 de maio, o edital para o<strong> concurso Depen<\/strong> 2020 com a oferta de 309 vagas para Agente Federal de Execu\u00e7\u00e3o Penal e Especialista de Execu\u00e7\u00e3o Penal.<\/p>\n\n\n\n<h3 class=\"wp-block-heading\" id=\"abril-2020-banca-contratada\">Abril\/2020 &#8211; Banca contratada<\/h3>\n\n\n\n<p>Em 2 de abril, foi publicado o extrato de contrato entre a banca organizadora, Cebraspe, e o Depen.<\/p>\n\n\n\n<h3 class=\"wp-block-heading\" id=\"marco-2020-banca-definida\">Mar\u00e7o\/2020 &#8211; Banca definida<\/h3>\n\n\n\n<p>O <strong>Departamento Penitenci\u00e1rio Nacional<\/strong> escolheu o Cebraspe como organizador de seu novo concurso p\u00fablico. O extrato de dispensa de licita\u00e7\u00e3o para a contrata\u00e7\u00e3o da banca foi divulgado no Di\u00e1rio Oficial da Uni\u00e3o do dia 24.<\/p>\n\n\n\n<p>O documento prev\u00ea que o edital ir\u00e1 ofertar 309 vagas, das quais 294 s\u00e3o para o cargo de Agente Federal de Execu\u00e7\u00e3o Penal e 15 s\u00e3o destinadas ao cargo de Especialista Federal em Assist\u00eancia \u00e0 Execu\u00e7\u00e3o Penal do DEPEN.<\/p>\n\n\n\n<h3 class=\"wp-block-heading\" id=\"marco-2020-comissao-formada\">Mar\u00e7o\/2020 &#8211; Comiss\u00e3o formada<\/h3>\n\n\n\n<p>Foi publicado no Di\u00e1rio Oficial a comiss\u00e3o do concurso do Departamento Penitenci\u00e1rio Nacional (DEPEN). Depois da Comiss\u00e3o, o pr\u00f3ximo passo ser\u00e1 a contrata\u00e7\u00e3o da banca organizadora. Comp\u00f5em a Comiss\u00e3o do certame os seguintes membros:<\/p>\n\n\n\n<ul class=\"wp-block-list\">\n<li><em>I. Alysson Soares de Menezes \u2013 Presidente da Comiss\u00e3o;<\/em><\/li>\n\n\n\n<li><em>II. Bruno Cesar Medeiros Cassemiro \u2013 Vice-Presidente da Comiss\u00e3o;<\/em><\/li>\n\n\n\n<li><em>III. Elves de Carvalho Vir\u00edssimo,<\/em><\/li>\n\n\n\n<li><em>IV. Tais Kuchnir<\/em><\/li>\n\n\n\n<li><em>V. Flavia Joenck da Silva<\/em><\/li>\n\n\n\n<li><em>VI. Thiago Ramon Peres Lajarin<\/em><\/li>\n\n\n\n<li><em>VII. Jhessica de Oliveira Santos<\/em><\/li>\n<\/ul>\n\n\n\n<h3 class=\"wp-block-heading\" id=\"dezembro-2019-autorizacao-do-concurso\">Dezembro\/2019 &#8211; Autoriza\u00e7\u00e3o do Concurso<\/h3>\n\n\n\n<p>O concurso do Departamento Penitenci\u00e1rio Federal teve a autoriza\u00e7\u00e3o de concurso formalizada com a  Portaria N\u00ba 675, divulgada em edi\u00e7\u00e3o extra do Di\u00e1rio Oficial da Uni\u00e3o de 31 de dezembro de 2019. Confira trecho abaixo.<\/p>\n\n\n\n<p>A realiza\u00e7\u00e3o do concurso Depen conta com previs\u00e3o de 294 vagas para Agente Federal de Execu\u00e7\u00e3o Penal (n\u00edvel m\u00e9dio) e 15 vagas para Especialista Federal em Assist\u00eancia \u00e0 Execu\u00e7\u00e3o Penal (n\u00edvel superior).<\/p>\n\n\n\n<p>De acordo com a Portaria N\u00ba 675, que autorizou o concurso, foi informada tamb\u00e9m a previs\u00e3o de at\u00e9 6 meses para a publica\u00e7\u00e3o do edital. Vale ressaltar que a informa\u00e7\u00e3o j\u00e1 havia sido confirmada por meio da assessoria de imprensa do \u00f3rg\u00e3o. <\/p>\n\n\n\n<h2 class=\"wp-block-heading has-cyan-bluish-gray-background-color has-background\" id=\"situa\u00e7\u00e3o\">Concurso Depen: edital para tempor\u00e1rios<\/h2>\n\n\n\n<p>O edital do processo seletivo simplificado para o Departamento Penitenci\u00e1rio Nacional traz a oferta de 107 vagas para n\u00edvel superior. Sob organiza\u00e7\u00e3o do <strong><a href=\"http:\/\/www.idib.org.br\/Concurso.aspx?ID=214\" target=\"_blank\" rel=\"noreferrer noopener\">IDIB<\/a><\/strong>, as provas foram aplicadas em 13 de junho.<\/p>\n\n\n\n<p>Esta sele\u00e7\u00e3o destina-se \u00e0 contrata\u00e7\u00e3o por tempo determinado de profissionais para atender a encargos tempor\u00e1rios de obras e servi\u00e7os de engenharia destinados \u00e0 constru\u00e7\u00e3o, \u00e0 reforma, \u00e0 amplia\u00e7\u00e3o e ao aprimoramento de estabelecimentos penais.<\/p>\n\n\n\n<h3 class=\"wp-block-heading\" id=\"cargos-e-vagas\">Cargos e vagas do concurso Depen<\/h3>\n\n\n\n<p>Al\u00e9m das 107 oportunidades imediatas no concurso Depen para tempor\u00e1rios, h\u00e1 outras 1.070 vagas para <a href=\"https:\/\/www.estrategiaconcursos.com.br\/blog\/posso-parar-de-estudar-passei-no-cadastro-de-reservas\/\" target=\"_blank\" rel=\"noreferrer noopener\">Cadastro de Reserva<\/a>. Confira os detalhes dos cargos a seguir:<\/p>\n\n\n\n<h4 class=\"wp-block-heading\" id=\"h-especialista-tecnico-de-obras\"><strong>Especialista T\u00e9cnico de Obras<\/strong><\/h4>\n\n\n\n<ul class=\"wp-block-list\">\n<li><em>Or\u00e7amentista: 10 vagas +100 CR<\/em><\/li>\n\n\n\n<li><em>Calculista Estrutural: 06 vagas e 60 CR<\/em><\/li>\n\n\n\n<li><em>Calculista Funda\u00e7\u00f5es: 06 vagas + 60 CR<\/em><\/li>\n\n\n\n<li><em>Especialista em El\u00e9trica: 05 vagas+ 50 CR<\/em><\/li>\n\n\n\n<li><em>Especialista em Hidr\u00e1ulica: 05 vagas + 50 CR<\/em><\/li>\n\n\n\n<li><em>Ambiental Sanitarista: 05 vagas+ e 50 CR<\/em><\/li>\n<\/ul>\n\n\n\n<h4 class=\"wp-block-heading\" id=\"h-analista-tecnico-de-obras\"><strong>Analista T\u00e9cnico de Obras<\/strong><\/h4>\n\n\n\n<ul class=\"wp-block-list\">\n<li><em>Engenheiro Civil: 44 vagas + 440 CR<\/em><\/li>\n\n\n\n<li><em>Analista em Hidr\u00e1ulica:&nbsp;05 vagas + 50 CR<\/em><\/li>\n\n\n\n<li><em>Analista Ambiental Sanitarista:&nbsp;05 vagas + 50 CR<\/em><\/li>\n\n\n\n<li><em>Analista em Mec\u00e2nica: 02 vagas + 20 CR<\/em><\/li>\n\n\n\n<li><em>Arquiteto: 09 + 90 CR<\/em><\/li>\n<\/ul>\n\n\n\n<p>Para concorrer \u00e9 necess\u00e1rio ter gradua\u00e7\u00e3o na \u00e1rea de interesse. Os cargos de especialistas receber\u00e3o remunera\u00e7\u00e3o no valor de R$ 8.293,82. J\u00e1 para analistas o valor da remunera\u00e7\u00e3o ser\u00e1 de R$ 6.242,41. Todos os cargos ter\u00e3o carga hor\u00e1ria de 40 horas de trabalho por semana.<\/p>\n\n\n\n<h3 class=\"wp-block-heading\" id=\"provas-temporarios\">Etapas e provas do concurso Depen para tempor\u00e1rios<\/h3>\n\n\n\n<p>Os candidatos do concurso Depen Tempor\u00e1rios foram avaliados por meio de duas etapas:<\/p>\n\n\n\n<ol class=\"wp-block-list\">\n<li><strong>Prova objetiva<\/strong>, de car\u00e1ter eliminat\u00f3rio e classificat\u00f3rio;<\/li>\n\n\n\n<li><strong>Prova de T\u00edtulos<\/strong>, Certifica\u00e7\u00f5es e Experi\u00eancia Profissional, de car\u00e1ter classificat\u00f3rio.<\/li>\n<\/ol>\n\n\n\n<p>As provas objetivas foram realizadas na <a href=\"https:\/\/www.idib.org.br\/conteudo.aspx?id=21060714004811648874058137364266335275138030011710&amp;Modal=\" target=\"_blank\" rel=\"noreferrer noopener\">cidade de Bras\u00edlia-DF<\/a>, na data de 13 de junho de 2021.<\/p>\n\n\n\n<p>Cada quest\u00e3o de m\u00faltipla escolha constou de 05 alternativas (A, B, C, D e E), dentre as quais somente uma foi correta. Ser\u00e1 considerado habilitado na prova objetiva o candidato que obtiver nota igual ou superior a 50% do total de pontos de cada Conte\u00fado &#8211; Conhecimentos Gerais e Espec\u00edficos.<\/p>\n\n\n\n<ul class=\"wp-block-list\">\n<li><a href=\"http:\/\/www.idib.org.br\/ConcursoDownloadArquivo.aspx?ID2=1&amp;ID=RDXVAWENR7DEU8JCVVS6URWU06JR5DD6L7KSAOKO35YG9GOJGKH1P8NAP00CJNX7CH1EH7QYUW9MHFS34346.pdf\" target=\"_blank\" rel=\"noreferrer noopener\">Resultado definitivo da prova objetiva &#8211; AC<\/a> <\/li>\n\n\n\n<li><a href=\"http:\/\/www.idib.org.br\/ConcursoDownloadArquivo.aspx?ID2=1&amp;ID=HGU81US57TO9T4FJNX96KVOFHJWI6RDYM4I7BEY30LV5O1DSTNFQPW2VADJAY0XEXK4LK8LY6G2CV5VH4347.pdf\" target=\"_blank\" rel=\"noreferrer noopener\">Resultado definitivo prova objetiva &#8211; Negros<\/a> <\/li>\n\n\n\n<li><a href=\"http:\/\/www.idib.org.br\/ConcursoDownloadArquivo.aspx?ID2=1&amp;ID=7RC9DCUIICNUJIP8357T4POWIVCP4ILRS5WF3KXNRSSXT4KNPJBKPF0KRFWOBG4DIAG1S3IQDCWBGX1K4452.pdf\" target=\"_blank\" rel=\"noreferrer noopener\">Resultado definitivo prova de t\u00edtulos<\/a><\/li>\n\n\n\n<li><a href=\"http:\/\/www.idib.org.br\/ConcursoDownloadArquivo.aspx?ID2=1&amp;ID=OFEQ9IXY4HN9A041KM76FNLRG3UHYVNPQJ4C4SJOCNIG7OVDRHCLGI5RG2Y4AI8QHVFFULWESFTKOUDR4529.pdf\" target=\"_blank\" rel=\"noreferrer noopener\">Resultado definitivo procedimento de heteroidentifica\u00e7\u00e3o<\/a><\/li>\n<\/ul>\n\n\n\n<h2 class=\"wp-block-heading has-cyan-bluish-gray-background-color has-background\" id=\"cargosvagos\">Concurso Depen: cargos vagos e ocupados <\/h2>\n\n\n\n<p>O Departamento Penitenci\u00e1rio Nacional tem <strong>84 cargos<\/strong> de Agente Federal de Execu\u00e7\u00e3o Penal&nbsp;vagos&nbsp;ou em&nbsp;processo&nbsp;de&nbsp;vac\u00e2ncia. Os dados foram obtidos por meio de consulta ao painel estat\u00edstico de pessoal.<\/p>\n\n\n\n<figure class=\"wp-block-table is-style-stripes\"><table class=\"has-very-light-gray-to-cyan-bluish-gray-gradient-background has-background has-fixed-layout\"><tbody><tr><td class=\"has-text-align-center\" data-align=\"center\"><\/td><td class=\"has-text-align-center\" data-align=\"center\"> <strong>AGENTE FEDERAL DE EXECU\u00c7\u00c3O PENAL<\/strong> <\/td><td class=\"has-text-align-center\" data-align=\"center\"> <strong>ESPECIALISTA FEDERAL EM ASSIST\u00caNCIA \u00c0 EXECU\u00c7\u00c3O PENAL<\/strong> <\/td><td class=\"has-text-align-center\" data-align=\"center\"> <strong>T\u00c9CNICO FEDERAL DE APOIO \u00c0 EXECU\u00c7\u00c3O PENAL<\/strong> <\/td><\/tr><tr><td class=\"has-text-align-center\" data-align=\"center\"> <strong>Cargos existentes <\/strong><\/td><td class=\"has-text-align-center\" data-align=\"center\"> 1600 <\/td><td class=\"has-text-align-center\" data-align=\"center\"> 85 <\/td><td class=\"has-text-align-center\" data-align=\"center\">30<\/td><\/tr><tr><td class=\"has-text-align-center\" data-align=\"center\"> <strong>Cargos vagos<\/strong> <\/td><td class=\"has-text-align-center\" data-align=\"center\">84<\/td><td class=\"has-text-align-center\" data-align=\"center\"> 10<\/td><td class=\"has-text-align-center\" data-align=\"center\">01<\/td><\/tr><tr><td class=\"has-text-align-center\" data-align=\"center\"> <strong>Cargos ocupados<\/strong>  <\/td><td class=\"has-text-align-center\" data-align=\"center\"> 1516<\/td><td class=\"has-text-align-center\" data-align=\"center\"> 75<\/td><td class=\"has-text-align-center\" data-align=\"center\">29<\/td><\/tr><tr><td class=\"has-text-align-center\" data-align=\"center\"> <strong>Aux\u00edlio perman\u00eancia na carreira<\/strong> <\/td><td class=\"has-text-align-center\" data-align=\"center\"> 00<\/td><td class=\"has-text-align-center\" data-align=\"center\">00<\/td><td class=\"has-text-align-center\" data-align=\"center\">00<\/td><\/tr><tr><td class=\"has-text-align-center\" data-align=\"center\"> <strong>Condi\u00e7\u00f5es de solicitar aposentadoria<\/strong> <\/td><td class=\"has-text-align-center\" data-align=\"center\"> 00 <\/td><td class=\"has-text-align-center\" data-align=\"center\">00<\/td><td class=\"has-text-align-center\" data-align=\"center\">00<\/td><\/tr><\/tbody><\/table><\/figure>\n\n\n\n<h2 class=\"wp-block-heading has-cyan-bluish-gray-background-color has-background\" id=\"ultimo-concurso\">Concurso Depen: \u00faltima edi\u00e7\u00e3o<\/h2>\n\n\n\n<p>O certame ocorrido em 2015 est\u00e1 com validade suspensa temporariamente. A suspens\u00e3o come\u00e7ou a contar a partir de 28 de maio de 2020, e seguir\u00e1 at\u00e9 terminar o estado de calamidade p\u00fablica, na data de 31 de dezembro de 2020.<\/p>\n\n\n\n<p>O \u00faltimo concurso Depen foi realizado em 2015,  sob organiza\u00e7\u00e3o da banca Cespe\/Cebraspe. <\/p>\n\n\n\n<p>Foram ofertadas 258 vagas para os cargos de Especialista em Assist\u00eancia Penitenci\u00e1ria (n\u00edvel superior), de Agente Penitenci\u00e1rio Federal (n\u00edvel m\u00e9dio) e de T\u00e9cnico de Apoio \u00e0 Assist\u00eancia Penitenci\u00e1ria (n\u00edvel m\u00e9dio). <\/p>\n\n\n\n<p>Esses dados est\u00e3o organizados na tabela constante do item 3.2, que abordaremos a seguir.<\/p>\n\n\n\n<h2 class=\"wp-block-heading\" id=\"etapas-ultimo\">Concurso Depen: etapas<\/h2>\n\n\n\n<p>O <strong>concurso Depen<\/strong> foi realizado em duas fases, com oito provas\/avalia\u00e7\u00f5es na 1\u00aa etapa e o Curso de Forma\u00e7\u00e3o Profissional (eliminat\u00f3rio e classificat\u00f3rio) na 2\u00aa etapa:<\/p>\n\n\n\n<figure class=\"wp-block-image\"><img decoding=\"async\" src=\"https:\/\/dhg1h5j42swfq.cloudfront.net\/2019\/03\/09203509\/Captura-de-Tela-2019-03-09-a%CC%80s-20.34.35.png\" alt=\"Tabela com etapas do concurso depen 2015\" class=\"wp-image-170266\"\/><figcaption class=\"wp-element-caption\">Etapas do concurso DEPEN 2015<\/figcaption><\/figure>\n\n\n\n<p>A primeira fase do concurso e a per\u00edcia m\u00e9dica dos candidatos que se declararam com defici\u00eancia foram realizadas nas capitais das 26 unidades da Federa\u00e7\u00e3o, no Distrito Federal e nas cidades de Catanduvas\/PR e&nbsp;de Mossor\u00f3\/RN.<\/p>\n\n\n\n<h4 class=\"wp-block-heading\" id=\"pontuacao-maxima-nas-prova-objetiva-e-discursiva\">Pontua\u00e7\u00e3o M\u00e1xima nas Prova Objetiva e Discursiva<\/h4>\n\n\n\n<p>A maior nota na prova objetiva do cargo mais disputado do Concurso Depen &#8211; Agente Penitenci\u00e1rio Federal \u00c1rea 3 foi 138 pontos de um total de 160, correspondendo a 86,25% de acerto. <\/p>\n\n\n\n<p>Dois candidatos quase gabaritaram a prova discursiva, conquistando 79.80 pontos de um total de 80. Os dois concorreram ao cargo de Agente Penitenci\u00e1rio Federal.<\/p>\n\n\n\n<h3 class=\"wp-block-heading\" id=\"demanda\">Demanda de inscritos no Concurso Depen 2015<\/h3>\n\n\n\n<p>Com 52.595 candidatos inscritos, a concorr\u00eancia geral no concurso p\u00fablico foi de aproximadamente 203 candidatos por vaga ofertada. O cargo com maior procura foi o de Agente Penitenci\u00e1rio &#8211; \u00c1rea 3, que teve 31.629 inscritos para 120 vagas.<\/p>\n\n\n\n<figure class=\"wp-block-image aligncenter is-resized\"><img decoding=\"async\" src=\"https:\/\/dhg1h5j42swfq.cloudfront.net\/2019\/03\/09202147\/Captura-de-Tela-2019-03-09-a%CC%80s-20.21.00.png\" alt=\"cargos 2015\" class=\"wp-image-170252\"\/><figcaption class=\"wp-element-caption\">Rela\u00e7\u00e3o de inscritos e de Candidato por vaga no Concurso DEPEN 2015<br \/><\/figcaption><\/figure>\n\n\n\n<h3 class=\"wp-block-heading\" id=\"lotacao\">Lota\u00e7\u00e3o<\/h3>\n\n\n\n<p>Logo depois, os empossados no concurso Depen foram lotados em Bras\u00edlia ou em uma das cinco penitenci\u00e1rias&nbsp;federais, localizadas nas cidades de Bras\u00edlia (DF), Campo Grande (MS), Catanduvas (PR), Mossor\u00f3 (RN) e Porto&nbsp;Velho (RO), de acordo com o interesse e necessidade da Administra\u00e7\u00e3o.<\/p>\n\n\n\n<figure class=\"wp-block-image aligncenter is-resized\"><img decoding=\"async\" src=\"https:\/\/dhg1h5j42swfq.cloudfront.net\/2019\/03\/09210452\/Captura-de-Tela-2019-03-09-a%CC%80s-21.02.45.png\" alt=\"lota\u00e7\u00f5es \" class=\"wp-image-170281\"\/><figcaption class=\"wp-element-caption\">Lota\u00e7\u00f5es do concurso DEPEN 2015<\/figcaption><\/figure>\n\n\n\n<h2 class=\"wp-block-heading has-cyan-bluish-gray-background-color has-background\" id=\"materiais\">Materiais gratuitos para o Depen<\/h2>\n\n\n\n<h3 class=\"wp-block-heading\" id=\"estrategico\">Edital Estrat\u00e9gico: baixe gratuitamente<\/h3>\n\n\n\n<ul class=\"wp-block-list\">\n<li><strong><a href=\"https:\/\/dhg1h5j42swfq.cloudfront.net\/2020\/05\/06143326\/Edital-Estrat%C3%A9gico_DEPEN_AGENTE-FEDERAL-DE-EXECU%C3%87%C3%83O-PENAL.xlsx\" target=\"_blank\" rel=\"noreferrer noopener nofollow\">Agente<\/a><\/strong><\/li>\n\n\n\n<li><strong><a href=\"https:\/\/dhg1h5j42swfq.cloudfront.net\/2020\/05\/06143436\/Edital-Estrat%C3%A9gico_DEPEN_ESPECIALISTA-FEDERAL-EM-ASSIST%C3%8ANCIA-%C3%80-EXECU%C3%87%C3%83O-PENAL_ODONTOLOGIA.xlsx\" target=\"_blank\" rel=\"noreferrer noopener nofollow\">Especialista \u2013 Odontologia<\/a><\/strong><\/li>\n\n\n\n<li><strong><a href=\"https:\/\/dhg1h5j42swfq.cloudfront.net\/2020\/05\/06143632\/Edital-Estrat%C3%A9gico_DEPEN_ESPECIALISTA-FEDERAL-EM-ASSIST%C3%8ANCIA-%C3%80-EXECU%C3%87%C3%83O-PENAL_TERAPIA-OCUPACIONAL.xlsx\" target=\"_blank\" rel=\"noreferrer noopener nofollow\">Especialista \u2013 Terapia Ocupacional<\/a><\/strong><\/li>\n\n\n\n<li><strong><a href=\"https:\/\/dhg1h5j42swfq.cloudfront.net\/2020\/05\/06143751\/Edital-Estrat%C3%A9gico_DEPEN_ESPECIALISTA-FEDERAL-EM-ASSIST%C3%8ANCIA-%C3%80-EXECU%C3%87%C3%83O-PENAL_SERVI%C3%87O-SOCIAL.xlsx\" target=\"_blank\" rel=\"noreferrer noopener nofollow\">Especialista \u2013 Servi\u00e7o Social<\/a><\/strong><\/li>\n\n\n\n<li><strong><a href=\"https:\/\/dhg1h5j42swfq.cloudfront.net\/2020\/05\/06143857\/Edital-Estrat%C3%A9gico_DEPEN_ESPECIALISTA-FEDERAL-EM-ASSIST%C3%8ANCIA-%C3%80-EXECU%C3%87%C3%83O-PENAL_M%C3%89DICO-CL%C3%8DNICO.xlsx\" target=\"_blank\" rel=\"noreferrer noopener nofollow\">Especialista \u2013 M\u00e9dico Cl\u00ednico<\/a><\/strong><\/li>\n\n\n\n<li><strong><a href=\"https:\/\/dhg1h5j42swfq.cloudfront.net\/2020\/05\/06144258\/Edital-Estrat%C3%A9gico_DEPEN_ESPECIALISTA-FEDERAL-EM-ASSIST%C3%8ANCIA-%C3%80-EXECU%C3%87%C3%83O-PENAL_M%C3%89DICO-PSIQUIATRA.xlsx\" target=\"_blank\" rel=\"noreferrer noopener nofollow\">Especialista \u2013 M\u00e9dico Psiquiatra<\/a><\/strong><\/li>\n\n\n\n<li><a href=\"https:\/\/dhg1h5j42swfq.cloudfront.net\/2020\/05\/06144353\/Edital-Estrat%C3%A9gico_DEPEN_ESPECIALISTA-FEDERAL-EM-ASSIST%C3%8ANCIA-%C3%80-EXECU%C3%87%C3%83O-PENAL_ENFERMAGEM.xlsx\" target=\"_blank\" rel=\"noreferrer noopener nofollow\"><strong>Especialista \u2013 Enfermagem<\/strong><\/a><\/li>\n\n\n\n<li><strong><a href=\"https:\/\/dhg1h5j42swfq.cloudfront.net\/2020\/05\/06144520\/Edital-Estrat%C3%A9gico_DEPEN_ESPECIALISTA-FEDERAL-EM-ASSIST%C3%8ANCIA-%C3%80-EXECU%C3%87%C3%83O-PENAL_PSICOLOGIA.xlsx\" target=\"_blank\" rel=\"noreferrer noopener nofollow\">Especialista \u2013 Psicologia<\/a><\/strong><\/li>\n<\/ul>\n\n\n\n<p><strong>IMPORTANTE:&nbsp;<\/strong>Ao clicar no link acima, vai ser aberta uma janela do Google Drive que tentar\u00e1 carregar a visualiza\u00e7\u00e3o da planilha no seu navegador. N\u00e3o h\u00e1 necessidade de esperar essa visualiza\u00e7\u00e3o (talvez at\u00e9 nem carregue, j\u00e1 que os arquivos s\u00e3o pesados).<\/p>\n\n\n\n<p>Fa\u00e7a o download clicando na seta para baixo no canto superior direito da janela do Google Drive que vai ser aberta ao clicar nos links acima.<\/p>\n\n\n\n<p>Todos os arquivos foram testados em diferentes computadores e celulares e est\u00e3o ok. Talvez alguma incompatibilidade (ou mensagem de erro, como \u201carquivo inv\u00e1lido\u201d) ocorra em virtude do seu pr\u00f3prio computador ou do tamanho dos arquivos que possuem mais conte\u00fado.<\/p>\n\n\n\n<h3 class=\"wp-block-heading\" id=\"vade-mecum\">Vade Mecum Depen<\/h3>\n\n\n\n<p>Em nome de nossos professores, gostaria de lhes apresentar o&nbsp;Vade Mecum&nbsp;Estrat\u00e9gico&nbsp;para a&nbsp;<strong>Departamento Penitenci\u00e1rio Nacional,<\/strong>&nbsp;que foi preparado com muito cuidado para que possa lhe ajudar nesse&nbsp;caminho rumo \u00e0 aprova\u00e7\u00e3o.<\/p>\n\n\n\n<p>Vale lembrar que o&nbsp;<em>Vade Mecum<\/em>&nbsp;<em>Estrat\u00e9gico<\/em>&nbsp;\u00e9 uma compila\u00e7\u00e3o das principais normas do seu concurso. Queremos que ele seja um material de consulta, a ser utilizado em toda a sua prepara\u00e7\u00e3o.<\/p>\n\n\n\n<p>Pretendemos que ele seja o seu companheiro sempre que voc\u00ea estiver assistindo nossas videoaulas ou lendo os nossos livros digitais (PDFs).<\/p>\n\n\n\n<ul class=\"wp-block-list\">\n<li><strong><a href=\"https:\/\/dhg1h5j42swfq.cloudfront.net\/2020\/06\/01120031\/VM-DEPEN_v1-1.pdf\" target=\"_blank\" rel=\"noreferrer noopener nofollow\">VADE MECUM \u2013 concurso Depen<\/a><\/strong><\/li>\n\n\n\n<li><strong><a href=\"https:\/\/dhg1h5j42swfq.cloudfront.net\/2020\/05\/05014551\/Edital-depen-Estrate%CC%81gia.pdf\" target=\"_blank\" rel=\"noreferrer noopener nofollow\">Baixe o Edital<\/a><\/strong><\/li>\n<\/ul>\n\n\n\n<h3 class=\"wp-block-heading\" id=\"guia-de-estudos\">Guia de Estudos para o Depen<\/h3>\n\n\n\n<ul class=\"wp-block-list\">\n<li><strong><a href=\"https:\/\/www.estrategiaconcursos.com.br\/blog\/guia-de-estudos-para-depen-2020\/\" target=\"_blank\" rel=\"noreferrer noopener\">Guia de estudos Depen<\/a><\/strong><\/li>\n<\/ul>\n\n\n\n<h3 class=\"wp-block-heading\" id=\"missao-depen\">Participe da Miss\u00e3o Depen<\/h3>\n\n\n\n<ul class=\"wp-block-list\">\n<li><a href=\"https:\/\/t.me\/depen80agente\" target=\"_blank\" rel=\"noreferrer noopener nofollow\"><strong>Telegram Miss\u00e3o Depen<\/strong><\/a><\/li>\n<\/ul>\n\n\n\n<hr class=\"wp-block-separator has-css-opacity\"\/>\n\n\n\n<h3 class=\"wp-block-heading has-text-align-center\" id=\"h-leia-tambem\">Leia tamb\u00e9m:<\/h3>\n\n\n\n<ul class=\"wp-block-list\">\n<li><a href=\"https:\/\/www.estrategiaconcursos.com.br\/blog\/concursos-policia-penal\/\" target=\"_blank\" rel=\"noreferrer noopener\">Concursos Pol\u00edcia Penal<\/a><\/li>\n\n\n\n<li><a href=\"https:\/\/www.estrategiaconcursos.com.br\/blog\/concursos-de-policia\/\" target=\"_blank\" rel=\"noreferrer noopener\">Concursos policiais<\/a><\/li>\n\n\n\n<li><a href=\"https:\/\/www.estrategiaconcursos.com.br\/blog\/concurso-policia-federal\/\" target=\"_blank\" rel=\"noreferrer noopener\">Concurso PF<\/a><\/li>\n\n\n\n<li><a href=\"https:\/\/www.estrategiaconcursos.com.br\/blog\/concursos-abertos\/\" target=\"_blank\" rel=\"noreferrer noopener\">Concursos abertos<\/a><\/li>\n\n\n\n<li><a href=\"https:\/\/www.estrategiaconcursos.com.br\/blog\/concursos-2025\/\" target=\"_blank\" rel=\"noreferrer noopener\">Concursos 2025<\/a><\/li>\n\n\n\n<li><a href=\"https:\/\/www.estrategiaconcursos.com.br\/blog\/concursos-2026\/\" target=\"_blank\" rel=\"noreferrer noopener\">Concursos 2026<\/a><\/li>\n<\/ul>\n\n\n\n<h2 class=\"wp-block-heading has-text-align-center\" id=\"h-quer-estudar-para-concurso-depen\">Quer estudar para concurso Depen?<\/h2>\n\n\n\n<div class=\"container\" id=\"boxes\">\n  <div class=\"row\">\n\n    <div class=\"col-sm\">\n      <div class=\"banner-estrat-corj\" id=\"box-assinatura\">\n        <h3 class=\"titulo-assinatura\" style=\"text-align: left;\">Concurso Depen<\/h3>\n        <p class=\"subtitulo-assinatura\" style=\"text-align: left;\">Conhe\u00e7a os cursos<\/p>\n        <div class=\"box-botao\" style=\"text-align: left;\">\n          <a class=\"btn-assinatura\" target=\"_blank\" href=\"https:\/\/www.estrategiaconcursos.com.br\/cursosPorConcurso\/departamento-penitenciario-nacional-depen\/\" role=\"button\" rel=\"noopener noreferrer\">CLIQUE AQUI<\/a>\n        <\/div>\n      <\/div><\/div><\/div><\/div>\n\n\n\n<div class=\"container\" id=\"boxes\">\n  <div class=\"row\">\n\n    <div class=\"col-sm\">\n      <div class=\"estrategia\" id=\"box-assinatura\">\n        <h3 class=\"titulo-assinatura\">Assinatura de Concursos<\/h3>\n        <p class=\"subtitulo-assinatura\">Assinatura de 1 ano ou 2 anos<\/p>\n        <div class=\"box-botao\">\n          <a class=\"btn-assinatura\" target=\"_blank\" href=\"https:\/\/www.estrategiaconcursos.com.br\/assinaturas\/\" role=\"button\" rel=\"noopener noreferrer\">ASSINE AGORA<\/a>\n        <\/div>\n      <\/div>\n      <p class=\"texto-auxiliar\"><\/p>\n    <\/div><\/div><\/div>\n\n\n\n<figure class=\"wp-block-image size-large is-resized\"><img loading=\"lazy\" decoding=\"async\" width=\"1024\" height=\"632\" src=\"https:\/\/dhg1h5j42swfq.cloudfront.net\/2021\/03\/31102219\/ficha-tecnica-12-1024x632.png\" alt=\"concurso depen\" class=\"wp-image-705123\" style=\"width:273px;height:auto\" srcset=\"https:\/\/dhg1h5j42swfq.cloudfront.net\/2021\/03\/31102219\/ficha-tecnica-12-1024x632.png 1024w, https:\/\/dhg1h5j42swfq.cloudfront.net\/2021\/03\/31102219\/ficha-tecnica-12-300x185.png 300w, https:\/\/dhg1h5j42swfq.cloudfront.net\/2021\/03\/31102219\/ficha-tecnica-12-768x474.png 768w, https:\/\/dhg1h5j42swfq.cloudfront.net\/2021\/03\/31102219\/ficha-tecnica-12-1536x948.png 1536w, https:\/\/dhg1h5j42swfq.cloudfront.net\/2021\/03\/31102219\/ficha-tecnica-12-610x377.png 610w, https:\/\/dhg1h5j42swfq.cloudfront.net\/2021\/03\/31102219\/ficha-tecnica-12.png 1571w\" sizes=\"auto, (max-width: 1024px) 100vw, 1024px\" \/><\/figure>\n\n\n\n<h3 class=\"wp-block-heading\" id=\"ficha\">Informa\u00e7\u00f5es do \u00faltimo concurso Depen &#8211; Efetivos<\/h3>\n\n\n\n<ul class=\"wp-block-list\">\n<li><strong>Provas:<\/strong> 27\/06\/2021<\/li>\n\n\n\n<li><strong>Vagas:<\/strong>&nbsp;309 <\/li>\n\n\n\n<li><strong>Cargos:<\/strong>&nbsp;Agente e Especialista<\/li>\n\n\n\n<li><strong>Banca:<\/strong>&nbsp;Cebraspe<\/li>\n\n\n\n<li><strong>Edital: <\/strong><a href=\"https:\/\/dhg1h5j42swfq.cloudfront.net\/2025\/06\/22190051\/ed_1_depen_2020_abt.pdf\" target=\"_blank\" rel=\"noreferrer noopener nofollow\">Depen 2020<\/a> | <a href=\"https:\/\/dhg1h5j42swfq.cloudfront.net\/2021\/05\/25175901\/ed_12_depen_2020_data_da_prova.pdf\" target=\"_blank\" rel=\"noreferrer noopener nofollow\">Prova<\/a><\/li>\n<\/ul>\n\n\n\n<h3 class=\"wp-block-heading\" id=\"ficha\">Informa\u00e7\u00f5es do \u00faltimo concurso Depen &#8211; Tempor\u00e1rios<\/h3>\n\n\n\n<ul class=\"wp-block-list\">\n<li><strong>Provas:<\/strong> 13\/06\/2021<\/li>\n\n\n\n<li><strong>Vagas:<\/strong>&nbsp;107<\/li>\n\n\n\n<li><strong>Cargos:<\/strong>&nbsp;diversos<\/li>\n\n\n\n<li><strong>Banca:<\/strong>&nbsp;IDIB<\/li>\n\n\n\n<li><strong>Edital: <\/strong><a href=\"https:\/\/dhg1h5j42swfq.cloudfront.net\/2025\/06\/22185631\/s4875kmyyuqy9blrvna2bq3okv7we5iyp1lqe99u44uwnma09a3ie1k3q8ov97k6rpt0n4rbr5y3kl6y3992.pdf\" target=\"_blank\" rel=\"noreferrer noopener nofollow\">Edital Tempor\u00e1rios<\/a> | <a href=\"https:\/\/dhg1h5j42swfq.cloudfront.net\/2025\/06\/22182917\/bybaixy1l12wrcwayu2yxbv0f6nywto8c6slbe2a8ym02u3c16ugspswpacugnkctcn3r4nau9epnnq84047.pdf\" target=\"_blank\" rel=\"noreferrer noopener nofollow\">Ret. 01<\/a><\/li>\n<\/ul>\n","protected":false},"excerpt":{"rendered":"<p>\u00daltimo edital do Concurso DEPEN foi publicado em 2020. Resultado final com a convoca\u00e7\u00e3o de 309 aprovados foi homologado Desde janeiro de 2023, o Departamento Penitenci\u00e1rio Nacional (Depen) foi transformado em Secretaria Nacional de Pol\u00edticas Penais (Senappen). Acompanhe as not\u00edcias do Concurso Senappen Est\u00e1 homologado o resultado final do concurso Depen (Departamento Penitenci\u00e1rio Nacional), realizado [&hellip;]<\/p>\n","protected":false},"author":1,"featured_media":743768,"comment_status":"open","ping_status":"open","sticky":false,"template":"","format":"standard","meta":{"post_tipo":"news_page","footnotes":""},"categories":[220188],"tags":[59607],"tax_estado":[219963],"class_list":["post-23395","post","type-post","status-publish","format-standard","has-post-thumbnail","hentry","category-policial-agente-penitenciario","tag-concurso-depen","tax_estado-concursos-federais"],"acf":[],"yoast_head":"<!-- This site is optimized with the Yoast SEO Premium plugin v27.2 (Yoast SEO v27.2) - https:\/\/yoast.com\/product\/yoast-seo-premium-wordpress\/ -->\n<title>Concurso DEPEN: edital v\u00e1lido at\u00e9 2026. Veja panorama!<\/title>\n<meta name=\"description\" content=\"Concurso Depen: edital ofertou 309 vagas com iniciais de at\u00e9 R$ 6,2 mil. Acesse nosso site e confira todos os detalhes do certame!\" \/>\n<meta name=\"robots\" content=\"index, follow, max-snippet:-1, max-image-preview:large, max-video-preview:-1\" \/>\n<link rel=\"canonical\" href=\"https:\/\/www.estrategiaconcursos.com.br\/blog\/concurso-depen\/\" \/>\n<meta property=\"og:locale\" content=\"pt_BR\" \/>\n<meta property=\"og:type\" content=\"article\" \/>\n<meta property=\"og:title\" content=\"Concurso DEPEN: edital v\u00e1lido at\u00e9 2026. Veja panorama!\" \/>\n<meta property=\"og:description\" content=\"Concurso Depen: edital ofertou 309 vagas com iniciais de at\u00e9 R$ 6,2 mil. Acesse nosso site e confira todos os detalhes do certame!\" \/>\n<meta property=\"og:url\" content=\"https:\/\/www.estrategiaconcursos.com.br\/blog\/concurso-depen\/\" \/>\n<meta property=\"og:site_name\" content=\"Estrat\u00e9gia Concursos\" \/>\n<meta property=\"article:author\" content=\"https:\/\/www.facebook.com\/EstrategiaConcursos\" \/>\n<meta property=\"article:published_time\" content=\"2026-02-16T12:09:00+00:00\" \/>\n<meta property=\"article:modified_time\" content=\"2026-02-19T20:17:40+00:00\" \/>\n<meta property=\"og:image\" content=\"https:\/\/dhg1h5j42swfq.cloudfront.net\/2021\/05\/18102655\/concurso-depen.jpg\" \/>\n\t<meta property=\"og:image:width\" content=\"1200\" \/>\n\t<meta property=\"og:image:height\" content=\"628\" \/>\n\t<meta property=\"og:image:type\" content=\"image\/jpeg\" \/>\n<meta name=\"author\" content=\"Coordena\u00e7\u00e3o\" \/>\n<meta name=\"twitter:card\" content=\"summary_large_image\" \/>\n<meta name=\"twitter:creator\" content=\"@EstratConcursos\" \/>\n<meta name=\"twitter:site\" content=\"@EstratConcursos\" \/>\n<meta name=\"twitter:label1\" content=\"Escrito por\" \/>\n\t<meta name=\"twitter:data1\" content=\"Coordena\u00e7\u00e3o\" \/>\n\t<meta name=\"twitter:label2\" content=\"Est. tempo de leitura\" \/>\n\t<meta name=\"twitter:data2\" content=\"22 minutos\" \/>\n<script type=\"application\/ld+json\" class=\"yoast-schema-graph\">{\"@context\":\"https:\/\/schema.org\",\"@graph\":[{\"@type\":\"NewsArticle\",\"@id\":\"https:\/\/www.estrategiaconcursos.com.br\/blog\/concurso-depen\/#article\",\"isPartOf\":{\"@id\":\"https:\/\/www.estrategiaconcursos.com.br\/blog\/concurso-depen\/\"},\"author\":{\"name\":\"Coordena\u00e7\u00e3o\",\"@id\":\"https:\/\/www.estrategiaconcursos.com.br\/blog\/#\/schema\/person\/b4a388c97673c5f483d72185668afa1f\"},\"headline\":\"Concurso DEPEN: edital v\u00e1lido at\u00e9 2026. Veja panorama!\",\"datePublished\":\"2026-02-16T12:09:00+00:00\",\"dateModified\":\"2026-02-19T20:17:40+00:00\",\"mainEntityOfPage\":{\"@id\":\"https:\/\/www.estrategiaconcursos.com.br\/blog\/concurso-depen\/\"},\"wordCount\":4037,\"commentCount\":58,\"publisher\":{\"@id\":\"https:\/\/www.estrategiaconcursos.com.br\/blog\/#organization\"},\"image\":{\"@id\":\"https:\/\/www.estrategiaconcursos.com.br\/blog\/concurso-depen\/#primaryimage\"},\"thumbnailUrl\":\"https:\/\/dhg1h5j42swfq.cloudfront.net\/2021\/05\/18102655\/concurso-depen.jpg\",\"keywords\":[\"concurso depen\"],\"articleSection\":[\"Policial (Agente Penitenci\u00e1rio)\"],\"inLanguage\":\"pt-BR\",\"potentialAction\":[{\"@type\":\"CommentAction\",\"name\":\"Comment\",\"target\":[\"https:\/\/www.estrategiaconcursos.com.br\/blog\/concurso-depen\/#respond\"]}],\"copyrightYear\":\"2026\",\"copyrightHolder\":{\"@id\":\"https:\/\/www.estrategiaconcursos.com.br\/blog\/#organization\"}},{\"@type\":\"WebPage\",\"@id\":\"https:\/\/www.estrategiaconcursos.com.br\/blog\/concurso-depen\/\",\"url\":\"https:\/\/www.estrategiaconcursos.com.br\/blog\/concurso-depen\/\",\"name\":\"Concurso DEPEN: edital v\u00e1lido at\u00e9 2026. Veja panorama!\",\"isPartOf\":{\"@id\":\"https:\/\/www.estrategiaconcursos.com.br\/blog\/#website\"},\"primaryImageOfPage\":{\"@id\":\"https:\/\/www.estrategiaconcursos.com.br\/blog\/concurso-depen\/#primaryimage\"},\"image\":{\"@id\":\"https:\/\/www.estrategiaconcursos.com.br\/blog\/concurso-depen\/#primaryimage\"},\"thumbnailUrl\":\"https:\/\/dhg1h5j42swfq.cloudfront.net\/2021\/05\/18102655\/concurso-depen.jpg\",\"datePublished\":\"2026-02-16T12:09:00+00:00\",\"dateModified\":\"2026-02-19T20:17:40+00:00\",\"description\":\"Concurso Depen: edital ofertou 309 vagas com iniciais de at\u00e9 R$ 6,2 mil. Acesse nosso site e confira todos os detalhes do certame!\",\"breadcrumb\":{\"@id\":\"https:\/\/www.estrategiaconcursos.com.br\/blog\/concurso-depen\/#breadcrumb\"},\"inLanguage\":\"pt-BR\",\"potentialAction\":[{\"@type\":\"ReadAction\",\"target\":[\"https:\/\/www.estrategiaconcursos.com.br\/blog\/concurso-depen\/\"]}]},{\"@type\":\"ImageObject\",\"inLanguage\":\"pt-BR\",\"@id\":\"https:\/\/www.estrategiaconcursos.com.br\/blog\/concurso-depen\/#primaryimage\",\"url\":\"https:\/\/dhg1h5j42swfq.cloudfront.net\/2021\/05\/18102655\/concurso-depen.jpg\",\"contentUrl\":\"https:\/\/dhg1h5j42swfq.cloudfront.net\/2021\/05\/18102655\/concurso-depen.jpg\",\"width\":1200,\"height\":628,\"caption\":\"concurso depen\"},{\"@type\":\"BreadcrumbList\",\"@id\":\"https:\/\/www.estrategiaconcursos.com.br\/blog\/concurso-depen\/#breadcrumb\",\"itemListElement\":[{\"@type\":\"ListItem\",\"position\":1,\"name\":\"In\u00edcio\",\"item\":\"https:\/\/www.estrategiaconcursos.com.br\/blog\/\"},{\"@type\":\"ListItem\",\"position\":2,\"name\":\"Concurso DEPEN: edital v\u00e1lido at\u00e9 2026. Veja panorama!\"}]},{\"@type\":\"WebSite\",\"@id\":\"https:\/\/www.estrategiaconcursos.com.br\/blog\/#website\",\"url\":\"https:\/\/www.estrategiaconcursos.com.br\/blog\/\",\"name\":\"Estrat\u00e9gia Concursos\",\"description\":\"O blog da Estrat\u00e9gia Concursos traz not\u00edcias sobre concursos e artigos de professores oferecendo cursos para concursos (pdf + videaulas) no site.\",\"publisher\":{\"@id\":\"https:\/\/www.estrategiaconcursos.com.br\/blog\/#organization\"},\"potentialAction\":[{\"@type\":\"SearchAction\",\"target\":{\"@type\":\"EntryPoint\",\"urlTemplate\":\"https:\/\/www.estrategiaconcursos.com.br\/blog\/?s={search_term_string}\"},\"query-input\":{\"@type\":\"PropertyValueSpecification\",\"valueRequired\":true,\"valueName\":\"search_term_string\"}}],\"inLanguage\":\"pt-BR\"},{\"@type\":\"Organization\",\"@id\":\"https:\/\/www.estrategiaconcursos.com.br\/blog\/#organization\",\"name\":\"Estrat\u00e9gia Concursos\",\"url\":\"https:\/\/www.estrategiaconcursos.com.br\/blog\/\",\"logo\":{\"@type\":\"ImageObject\",\"inLanguage\":\"pt-BR\",\"@id\":\"https:\/\/www.estrategiaconcursos.com.br\/blog\/#\/schema\/logo\/image\/\",\"url\":\"https:\/\/dhg1h5j42swfq.cloudfront.net\/2025\/06\/03203428\/logo_concursos-1.jpg\",\"contentUrl\":\"https:\/\/dhg1h5j42swfq.cloudfront.net\/2025\/06\/03203428\/logo_concursos-1.jpg\",\"width\":230,\"height\":60,\"caption\":\"Estrat\u00e9gia Concursos\"},\"image\":{\"@id\":\"https:\/\/www.estrategiaconcursos.com.br\/blog\/#\/schema\/logo\/image\/\"},\"sameAs\":[\"https:\/\/x.com\/EstratConcursos\"]},{\"@type\":\"Person\",\"@id\":\"https:\/\/www.estrategiaconcursos.com.br\/blog\/#\/schema\/person\/b4a388c97673c5f483d72185668afa1f\",\"name\":\"Coordena\u00e7\u00e3o\",\"image\":{\"@type\":\"ImageObject\",\"inLanguage\":\"pt-BR\",\"@id\":\"https:\/\/secure.gravatar.com\/avatar\/b720319e4c9a967eb58678d110f4fe35452fc5d5f97b202bac7b8acceb18c6ad?s=96&d=mm&r=g\",\"url\":\"https:\/\/secure.gravatar.com\/avatar\/b720319e4c9a967eb58678d110f4fe35452fc5d5f97b202bac7b8acceb18c6ad?s=96&d=mm&r=g\",\"contentUrl\":\"https:\/\/secure.gravatar.com\/avatar\/b720319e4c9a967eb58678d110f4fe35452fc5d5f97b202bac7b8acceb18c6ad?s=96&d=mm&r=g\",\"caption\":\"Coordena\u00e7\u00e3o\"},\"sameAs\":[\"https:\/\/www.facebook.com\/EstrategiaConcursos\",\"https:\/\/x.com\/EstratConcursos\"],\"url\":\"https:\/\/www.estrategiaconcursos.com.br\/blog\/author\/estrategia2013\/\"}]}<\/script>\n<!-- \/ Yoast SEO Premium plugin. -->","yoast_head_json":{"title":"Concurso DEPEN: edital v\u00e1lido at\u00e9 2026. Veja panorama!","description":"Concurso Depen: edital ofertou 309 vagas com iniciais de at\u00e9 R$ 6,2 mil. Acesse nosso site e confira todos os detalhes do certame!","robots":{"index":"index","follow":"follow","max-snippet":"max-snippet:-1","max-image-preview":"max-image-preview:large","max-video-preview":"max-video-preview:-1"},"canonical":"https:\/\/www.estrategiaconcursos.com.br\/blog\/concurso-depen\/","og_locale":"pt_BR","og_type":"article","og_title":"Concurso DEPEN: edital v\u00e1lido at\u00e9 2026. Veja panorama!","og_description":"Concurso Depen: edital ofertou 309 vagas com iniciais de at\u00e9 R$ 6,2 mil. Acesse nosso site e confira todos os detalhes do certame!","og_url":"https:\/\/www.estrategiaconcursos.com.br\/blog\/concurso-depen\/","og_site_name":"Estrat\u00e9gia Concursos","article_author":"https:\/\/www.facebook.com\/EstrategiaConcursos","article_published_time":"2026-02-16T12:09:00+00:00","article_modified_time":"2026-02-19T20:17:40+00:00","og_image":[{"width":1200,"height":628,"url":"https:\/\/dhg1h5j42swfq.cloudfront.net\/2021\/05\/18102655\/concurso-depen.jpg","type":"image\/jpeg"}],"author":"Coordena\u00e7\u00e3o","twitter_card":"summary_large_image","twitter_creator":"@EstratConcursos","twitter_site":"@EstratConcursos","twitter_misc":{"Escrito por":"Coordena\u00e7\u00e3o","Est. tempo de leitura":"22 minutos"},"schema":{"@context":"https:\/\/schema.org","@graph":[{"@type":"NewsArticle","@id":"https:\/\/www.estrategiaconcursos.com.br\/blog\/concurso-depen\/#article","isPartOf":{"@id":"https:\/\/www.estrategiaconcursos.com.br\/blog\/concurso-depen\/"},"author":{"name":"Coordena\u00e7\u00e3o","@id":"https:\/\/www.estrategiaconcursos.com.br\/blog\/#\/schema\/person\/b4a388c97673c5f483d72185668afa1f"},"headline":"Concurso DEPEN: edital v\u00e1lido at\u00e9 2026. Veja panorama!","datePublished":"2026-02-16T12:09:00+00:00","dateModified":"2026-02-19T20:17:40+00:00","mainEntityOfPage":{"@id":"https:\/\/www.estrategiaconcursos.com.br\/blog\/concurso-depen\/"},"wordCount":4037,"commentCount":58,"publisher":{"@id":"https:\/\/www.estrategiaconcursos.com.br\/blog\/#organization"},"image":{"@id":"https:\/\/www.estrategiaconcursos.com.br\/blog\/concurso-depen\/#primaryimage"},"thumbnailUrl":"https:\/\/dhg1h5j42swfq.cloudfront.net\/2021\/05\/18102655\/concurso-depen.jpg","keywords":["concurso depen"],"articleSection":["Policial (Agente Penitenci\u00e1rio)"],"inLanguage":"pt-BR","potentialAction":[{"@type":"CommentAction","name":"Comment","target":["https:\/\/www.estrategiaconcursos.com.br\/blog\/concurso-depen\/#respond"]}],"copyrightYear":"2026","copyrightHolder":{"@id":"https:\/\/www.estrategiaconcursos.com.br\/blog\/#organization"}},{"@type":"WebPage","@id":"https:\/\/www.estrategiaconcursos.com.br\/blog\/concurso-depen\/","url":"https:\/\/www.estrategiaconcursos.com.br\/blog\/concurso-depen\/","name":"Concurso DEPEN: edital v\u00e1lido at\u00e9 2026. Veja panorama!","isPartOf":{"@id":"https:\/\/www.estrategiaconcursos.com.br\/blog\/#website"},"primaryImageOfPage":{"@id":"https:\/\/www.estrategiaconcursos.com.br\/blog\/concurso-depen\/#primaryimage"},"image":{"@id":"https:\/\/www.estrategiaconcursos.com.br\/blog\/concurso-depen\/#primaryimage"},"thumbnailUrl":"https:\/\/dhg1h5j42swfq.cloudfront.net\/2021\/05\/18102655\/concurso-depen.jpg","datePublished":"2026-02-16T12:09:00+00:00","dateModified":"2026-02-19T20:17:40+00:00","description":"Concurso Depen: edital ofertou 309 vagas com iniciais de at\u00e9 R$ 6,2 mil. Acesse nosso site e confira todos os detalhes do certame!","breadcrumb":{"@id":"https:\/\/www.estrategiaconcursos.com.br\/blog\/concurso-depen\/#breadcrumb"},"inLanguage":"pt-BR","potentialAction":[{"@type":"ReadAction","target":["https:\/\/www.estrategiaconcursos.com.br\/blog\/concurso-depen\/"]}]},{"@type":"ImageObject","inLanguage":"pt-BR","@id":"https:\/\/www.estrategiaconcursos.com.br\/blog\/concurso-depen\/#primaryimage","url":"https:\/\/dhg1h5j42swfq.cloudfront.net\/2021\/05\/18102655\/concurso-depen.jpg","contentUrl":"https:\/\/dhg1h5j42swfq.cloudfront.net\/2021\/05\/18102655\/concurso-depen.jpg","width":1200,"height":628,"caption":"concurso depen"},{"@type":"BreadcrumbList","@id":"https:\/\/www.estrategiaconcursos.com.br\/blog\/concurso-depen\/#breadcrumb","itemListElement":[{"@type":"ListItem","position":1,"name":"In\u00edcio","item":"https:\/\/www.estrategiaconcursos.com.br\/blog\/"},{"@type":"ListItem","position":2,"name":"Concurso DEPEN: edital v\u00e1lido at\u00e9 2026. Veja panorama!"}]},{"@type":"WebSite","@id":"https:\/\/www.estrategiaconcursos.com.br\/blog\/#website","url":"https:\/\/www.estrategiaconcursos.com.br\/blog\/","name":"Estrat\u00e9gia Concursos","description":"O blog da Estrat\u00e9gia Concursos traz not\u00edcias sobre concursos e artigos de professores oferecendo cursos para concursos (pdf + videaulas) no site.","publisher":{"@id":"https:\/\/www.estrategiaconcursos.com.br\/blog\/#organization"},"potentialAction":[{"@type":"SearchAction","target":{"@type":"EntryPoint","urlTemplate":"https:\/\/www.estrategiaconcursos.com.br\/blog\/?s={search_term_string}"},"query-input":{"@type":"PropertyValueSpecification","valueRequired":true,"valueName":"search_term_string"}}],"inLanguage":"pt-BR"},{"@type":"Organization","@id":"https:\/\/www.estrategiaconcursos.com.br\/blog\/#organization","name":"Estrat\u00e9gia Concursos","url":"https:\/\/www.estrategiaconcursos.com.br\/blog\/","logo":{"@type":"ImageObject","inLanguage":"pt-BR","@id":"https:\/\/www.estrategiaconcursos.com.br\/blog\/#\/schema\/logo\/image\/","url":"https:\/\/dhg1h5j42swfq.cloudfront.net\/2025\/06\/03203428\/logo_concursos-1.jpg","contentUrl":"https:\/\/dhg1h5j42swfq.cloudfront.net\/2025\/06\/03203428\/logo_concursos-1.jpg","width":230,"height":60,"caption":"Estrat\u00e9gia Concursos"},"image":{"@id":"https:\/\/www.estrategiaconcursos.com.br\/blog\/#\/schema\/logo\/image\/"},"sameAs":["https:\/\/x.com\/EstratConcursos"]},{"@type":"Person","@id":"https:\/\/www.estrategiaconcursos.com.br\/blog\/#\/schema\/person\/b4a388c97673c5f483d72185668afa1f","name":"Coordena\u00e7\u00e3o","image":{"@type":"ImageObject","inLanguage":"pt-BR","@id":"https:\/\/secure.gravatar.com\/avatar\/b720319e4c9a967eb58678d110f4fe35452fc5d5f97b202bac7b8acceb18c6ad?s=96&d=mm&r=g","url":"https:\/\/secure.gravatar.com\/avatar\/b720319e4c9a967eb58678d110f4fe35452fc5d5f97b202bac7b8acceb18c6ad?s=96&d=mm&r=g","contentUrl":"https:\/\/secure.gravatar.com\/avatar\/b720319e4c9a967eb58678d110f4fe35452fc5d5f97b202bac7b8acceb18c6ad?s=96&d=mm&r=g","caption":"Coordena\u00e7\u00e3o"},"sameAs":["https:\/\/www.facebook.com\/EstrategiaConcursos","https:\/\/x.com\/EstratConcursos"],"url":"https:\/\/www.estrategiaconcursos.com.br\/blog\/author\/estrategia2013\/"}]}},"_links":{"self":[{"href":"https:\/\/www.estrategiaconcursos.com.br\/blog\/wp-json\/wp\/v2\/posts\/23395","targetHints":{"allow":["GET"]}}],"collection":[{"href":"https:\/\/www.estrategiaconcursos.com.br\/blog\/wp-json\/wp\/v2\/posts"}],"about":[{"href":"https:\/\/www.estrategiaconcursos.com.br\/blog\/wp-json\/wp\/v2\/types\/post"}],"author":[{"embeddable":true,"href":"https:\/\/www.estrategiaconcursos.com.br\/blog\/wp-json\/wp\/v2\/users\/1"}],"replies":[{"embeddable":true,"href":"https:\/\/www.estrategiaconcursos.com.br\/blog\/wp-json\/wp\/v2\/comments?post=23395"}],"version-history":[{"count":366,"href":"https:\/\/www.estrategiaconcursos.com.br\/blog\/wp-json\/wp\/v2\/posts\/23395\/revisions"}],"predecessor-version":[{"id":1717946,"href":"https:\/\/www.estrategiaconcursos.com.br\/blog\/wp-json\/wp\/v2\/posts\/23395\/revisions\/1717946"}],"wp:featuredmedia":[{"embeddable":true,"href":"https:\/\/www.estrategiaconcursos.com.br\/blog\/wp-json\/wp\/v2\/media\/743768"}],"wp:attachment":[{"href":"https:\/\/www.estrategiaconcursos.com.br\/blog\/wp-json\/wp\/v2\/media?parent=23395"}],"wp:term":[{"taxonomy":"category","embeddable":true,"href":"https:\/\/www.estrategiaconcursos.com.br\/blog\/wp-json\/wp\/v2\/categories?post=23395"},{"taxonomy":"post_tag","embeddable":true,"href":"https:\/\/www.estrategiaconcursos.com.br\/blog\/wp-json\/wp\/v2\/tags?post=23395"},{"taxonomy":"tax_estado","embeddable":true,"href":"https:\/\/www.estrategiaconcursos.com.br\/blog\/wp-json\/wp\/v2\/tax_estado?post=23395"}],"curies":[{"name":"wp","href":"https:\/\/api.w.org\/{rel}","templated":true}]}}