{"id":23363,"date":"2015-05-20T13:46:18","date_gmt":"2015-05-20T16:46:18","guid":{"rendered":"http:\/\/www.estrategiaconcursos.com.br\/blog\/?p=23363"},"modified":"2015-05-20T15:46:21","modified_gmt":"2015-05-20T18:46:21","slug":"adiadas-as-inscricoes-para-o-concurso-do-depen","status":"publish","type":"post","link":"https:\/\/www.estrategiaconcursos.com.br\/blog\/adiadas-as-inscricoes-para-o-concurso-do-depen\/","title":{"rendered":"Adiadas as inscri\u00e7\u00f5es para o concurso do DEPEN"},"content":{"rendered":"<p>Ol\u00e1, amigos do Estrat\u00e9gia Concursos!<\/p>\n<p>Venho anim\u00e1-los para o concurso do Departamento Penitenci\u00e1rio Nacional (Depen). As inscri\u00e7\u00f5es para o certame foram adiadas at\u00e9 \u00e0s 18h do dia 22 de maio.\u00a0 \u00c9 mais uma oportunidade para aqueles que est\u00e3o pensando em concorrer a uma das 258 vagas oferecidas pela sele\u00e7\u00e3o.<\/p>\n<p>As oportunidades s\u00e3o para a sede do departamento em Bras\u00edlia ou para lota\u00e7\u00e3o em uma das cinco penitenci\u00e1rias federais situadas em Porto Velho (RO), Mossor\u00f3 (RN), Catanduvas (PR), Campo Grande (MS) e Bras\u00edlia (DF).<\/p>\n<p>Para este concurso, preparei dois cursos exclusivos de L\u00edngua Portuguesa: um para o cargo de Especialista em Assist\u00eancia Penitenci\u00e1ria (n\u00edvel superior exigido) e outro para os cargos de n\u00edvel m\u00e9dio \u2013 Agente Penitenci\u00e1rio e T\u00e9cnico de Apoio \u00e0 Assist\u00eancia Penitenci\u00e1ria. Os cursos abrangem os assuntos dos editais e s\u00e3o compostos de teoria e quest\u00f5es.<\/p>\n<p>Confira as aulas demonstrativas nos links abaixo e n\u00e3o desanime, agora \u00e9 o momento de focar bastante nos estudos!<\/p>\n<p><a href=\"https:\/\/d2tacdowib50bg.cloudfront.net\/62156\/95578650678\/curso-6457-aula-00-v3.pdf?Expires=1432151118&amp;Signature=ZP6LVjKEWtxdJvXBXGG3sJPWxbHx8DEB06JSPJrsE1eaFScN1pZPh7viiNOcFxj~jgI97V7d5tRZ0ZhYDwkm0bGb8EBF9lqaxHr4jW4oJAnpmkSaH6xVcnQKbL~8EQ-5m~dwSreWkpydgcZ1CQd3fom6A8cP5W4zKIBCKfrbwEI_&amp;Key-Pair-Id=APKAIKHUAVWTIL5FVANA\">AULA 00 \u2013 DEPEN ESPECIALISTA<\/a><\/p>\n<p><a href=\"https:\/\/d2tacdowib50bg.cloudfront.net\/62144\/95578650678\/curso-6435-aula-00-v3.pdf?Expires=1432151113&amp;Signature=Hx9kN94almvWX0cvYQ2RGicJImFgig8xcMpxsNXlYAW4DYPTRNlLjtMyKMNaDcMafmBnCZq8zZusJwPjWImNG6cCzfMB-ha-D0pkOTU5JJTUGjQyQ8kXTwsy-9IpzAghvP15lwwQU7MQVTlFTwdoujsdHvvVoRPD5D7M4ayP6O8_&amp;Key-Pair-Id=APKAIKHUAVWTIL5FVANA\">AULA 00 \u2013 DEPEN AGENTE E T\u00c9CNICO<\/a><\/p>\n<p>Contem comigo nessa reta final.<\/p>\n<p>Abra\u00e7os,<\/p>\n<p>Ludimila.<\/p>\n","protected":false},"excerpt":{"rendered":"<p>Ol\u00e1, amigos do Estrat\u00e9gia Concursos! Venho anim\u00e1-los para o concurso do Departamento Penitenci\u00e1rio Nacional (Depen). As inscri\u00e7\u00f5es para o certame foram adiadas at\u00e9 \u00e0s 18h do dia 22 de maio.\u00a0 \u00c9 mais uma oportunidade para aqueles que est\u00e3o pensando em concorrer a uma das 258 vagas oferecidas pela sele\u00e7\u00e3o. As oportunidades s\u00e3o para a sede [&hellip;]<\/p>\n","protected":false},"author":172,"featured_media":0,"comment_status":"open","ping_status":"open","sticky":false,"template":"","format":"standard","meta":{"post_tipo":"article","footnotes":""},"categories":[1],"tags":[],"tax_estado":[],"class_list":["post-23363","post","type-post","status-publish","format-standard","hentry","category-cursos-e-concursos"],"acf":[],"yoast_head":"<!-- This site is optimized with the Yoast SEO Premium plugin v27.2 (Yoast SEO v27.2) - https:\/\/yoast.com\/product\/yoast-seo-premium-wordpress\/ -->\n<title>Adiadas as inscri\u00e7\u00f5es para o concurso do DEPEN<\/title>\n<meta name=\"robots\" content=\"index, follow, max-snippet:-1, max-image-preview:large, max-video-preview:-1\" \/>\n<link rel=\"canonical\" href=\"https:\/\/www.estrategiaconcursos.com.br\/blog\/adiadas-as-inscricoes-para-o-concurso-do-depen\/\" \/>\n<meta property=\"og:locale\" content=\"pt_BR\" \/>\n<meta property=\"og:type\" content=\"article\" \/>\n<meta property=\"og:title\" content=\"Adiadas as inscri\u00e7\u00f5es para o concurso do DEPEN\" \/>\n<meta property=\"og:description\" content=\"Ol\u00e1, amigos do Estrat\u00e9gia Concursos! Venho anim\u00e1-los para o concurso do Departamento Penitenci\u00e1rio Nacional (Depen). As inscri\u00e7\u00f5es para o certame foram adiadas at\u00e9 \u00e0s 18h do dia 22 de maio.\u00a0 \u00c9 mais uma oportunidade para aqueles que est\u00e3o pensando em concorrer a uma das 258 vagas oferecidas pela sele\u00e7\u00e3o. As oportunidades s\u00e3o para a sede [&hellip;]\" \/>\n<meta property=\"og:url\" content=\"https:\/\/www.estrategiaconcursos.com.br\/blog\/adiadas-as-inscricoes-para-o-concurso-do-depen\/\" \/>\n<meta property=\"og:site_name\" content=\"Estrat\u00e9gia Concursos\" \/>\n<meta property=\"article:published_time\" content=\"2015-05-20T16:46:18+00:00\" \/>\n<meta property=\"article:modified_time\" content=\"2015-05-20T18:46:21+00:00\" \/>\n<meta name=\"author\" content=\"Ludimila Lamounier\" \/>\n<meta name=\"twitter:card\" content=\"summary_large_image\" \/>\n<meta name=\"twitter:creator\" content=\"@EstratConcursos\" \/>\n<meta name=\"twitter:site\" content=\"@EstratConcursos\" \/>\n<meta name=\"twitter:label1\" content=\"Escrito por\" \/>\n\t<meta name=\"twitter:data1\" content=\"Ludimila Lamounier\" \/>\n\t<meta name=\"twitter:label2\" content=\"Est. tempo de leitura\" \/>\n\t<meta name=\"twitter:data2\" content=\"1 minuto\" \/>\n<script type=\"application\/ld+json\" class=\"yoast-schema-graph\">{\"@context\":\"https:\/\/schema.org\",\"@graph\":[{\"@type\":\"NewsArticle\",\"@id\":\"https:\/\/www.estrategiaconcursos.com.br\/blog\/adiadas-as-inscricoes-para-o-concurso-do-depen\/#article\",\"isPartOf\":{\"@id\":\"https:\/\/www.estrategiaconcursos.com.br\/blog\/adiadas-as-inscricoes-para-o-concurso-do-depen\/\"},\"author\":{\"name\":\"Ludimila Lamounier\",\"@id\":\"https:\/\/www.estrategiaconcursos.com.br\/blog\/#\/schema\/person\/b4b4016a4b8b90b3cd88e745a31a08d8\"},\"headline\":\"Adiadas as inscri\u00e7\u00f5es para o concurso do DEPEN\",\"datePublished\":\"2015-05-20T16:46:18+00:00\",\"dateModified\":\"2015-05-20T18:46:21+00:00\",\"mainEntityOfPage\":{\"@id\":\"https:\/\/www.estrategiaconcursos.com.br\/blog\/adiadas-as-inscricoes-para-o-concurso-do-depen\/\"},\"wordCount\":200,\"commentCount\":0,\"publisher\":{\"@id\":\"https:\/\/www.estrategiaconcursos.com.br\/blog\/#organization\"},\"articleSection\":[\"Concursos P\u00fablicos\"],\"inLanguage\":\"pt-BR\",\"potentialAction\":[{\"@type\":\"CommentAction\",\"name\":\"Comment\",\"target\":[\"https:\/\/www.estrategiaconcursos.com.br\/blog\/adiadas-as-inscricoes-para-o-concurso-do-depen\/#respond\"]}],\"copyrightYear\":\"2015\",\"copyrightHolder\":{\"@id\":\"https:\/\/www.estrategiaconcursos.com.br\/blog\/#organization\"}},{\"@type\":\"WebPage\",\"@id\":\"https:\/\/www.estrategiaconcursos.com.br\/blog\/adiadas-as-inscricoes-para-o-concurso-do-depen\/\",\"url\":\"https:\/\/www.estrategiaconcursos.com.br\/blog\/adiadas-as-inscricoes-para-o-concurso-do-depen\/\",\"name\":\"Adiadas as inscri\u00e7\u00f5es para o concurso do DEPEN\",\"isPartOf\":{\"@id\":\"https:\/\/www.estrategiaconcursos.com.br\/blog\/#website\"},\"datePublished\":\"2015-05-20T16:46:18+00:00\",\"dateModified\":\"2015-05-20T18:46:21+00:00\",\"breadcrumb\":{\"@id\":\"https:\/\/www.estrategiaconcursos.com.br\/blog\/adiadas-as-inscricoes-para-o-concurso-do-depen\/#breadcrumb\"},\"inLanguage\":\"pt-BR\",\"potentialAction\":[{\"@type\":\"ReadAction\",\"target\":[\"https:\/\/www.estrategiaconcursos.com.br\/blog\/adiadas-as-inscricoes-para-o-concurso-do-depen\/\"]}]},{\"@type\":\"BreadcrumbList\",\"@id\":\"https:\/\/www.estrategiaconcursos.com.br\/blog\/adiadas-as-inscricoes-para-o-concurso-do-depen\/#breadcrumb\",\"itemListElement\":[{\"@type\":\"ListItem\",\"position\":1,\"name\":\"In\u00edcio\",\"item\":\"https:\/\/www.estrategiaconcursos.com.br\/blog\/\"},{\"@type\":\"ListItem\",\"position\":2,\"name\":\"Adiadas as inscri\u00e7\u00f5es para o concurso do DEPEN\"}]},{\"@type\":\"WebSite\",\"@id\":\"https:\/\/www.estrategiaconcursos.com.br\/blog\/#website\",\"url\":\"https:\/\/www.estrategiaconcursos.com.br\/blog\/\",\"name\":\"Estrat\u00e9gia Concursos\",\"description\":\"O blog da Estrat\u00e9gia Concursos traz not\u00edcias sobre concursos e artigos de professores oferecendo cursos para concursos (pdf + videaulas) no site.\",\"publisher\":{\"@id\":\"https:\/\/www.estrategiaconcursos.com.br\/blog\/#organization\"},\"potentialAction\":[{\"@type\":\"SearchAction\",\"target\":{\"@type\":\"EntryPoint\",\"urlTemplate\":\"https:\/\/www.estrategiaconcursos.com.br\/blog\/?s={search_term_string}\"},\"query-input\":{\"@type\":\"PropertyValueSpecification\",\"valueRequired\":true,\"valueName\":\"search_term_string\"}}],\"inLanguage\":\"pt-BR\"},{\"@type\":\"Organization\",\"@id\":\"https:\/\/www.estrategiaconcursos.com.br\/blog\/#organization\",\"name\":\"Estrat\u00e9gia Concursos\",\"url\":\"https:\/\/www.estrategiaconcursos.com.br\/blog\/\",\"logo\":{\"@type\":\"ImageObject\",\"inLanguage\":\"pt-BR\",\"@id\":\"https:\/\/www.estrategiaconcursos.com.br\/blog\/#\/schema\/logo\/image\/\",\"url\":\"https:\/\/dhg1h5j42swfq.cloudfront.net\/2025\/06\/03203428\/logo_concursos-1.jpg\",\"contentUrl\":\"https:\/\/dhg1h5j42swfq.cloudfront.net\/2025\/06\/03203428\/logo_concursos-1.jpg\",\"width\":230,\"height\":60,\"caption\":\"Estrat\u00e9gia Concursos\"},\"image\":{\"@id\":\"https:\/\/www.estrategiaconcursos.com.br\/blog\/#\/schema\/logo\/image\/\"},\"sameAs\":[\"https:\/\/x.com\/EstratConcursos\"]},{\"@type\":\"Person\",\"@id\":\"https:\/\/www.estrategiaconcursos.com.br\/blog\/#\/schema\/person\/b4b4016a4b8b90b3cd88e745a31a08d8\",\"name\":\"Ludimila Lamounier\",\"image\":{\"@type\":\"ImageObject\",\"inLanguage\":\"pt-BR\",\"@id\":\"https:\/\/secure.gravatar.com\/avatar\/6a65684d0a8f67a5ea4895fd5140364da8ce4d1b8b1d5e2f99bfa33c901c1ebd?s=96&d=mm&r=g\",\"url\":\"https:\/\/secure.gravatar.com\/avatar\/6a65684d0a8f67a5ea4895fd5140364da8ce4d1b8b1d5e2f99bfa33c901c1ebd?s=96&d=mm&r=g\",\"contentUrl\":\"https:\/\/secure.gravatar.com\/avatar\/6a65684d0a8f67a5ea4895fd5140364da8ce4d1b8b1d5e2f99bfa33c901c1ebd?s=96&d=mm&r=g\",\"caption\":\"Ludimila Lamounier\"},\"url\":\"https:\/\/www.estrategiaconcursos.com.br\/blog\/author\/ludimilaestrategiaconcursos-com-br\/\"}]}<\/script>\n<!-- \/ Yoast SEO Premium plugin. -->","yoast_head_json":{"title":"Adiadas as inscri\u00e7\u00f5es para o concurso do DEPEN","robots":{"index":"index","follow":"follow","max-snippet":"max-snippet:-1","max-image-preview":"max-image-preview:large","max-video-preview":"max-video-preview:-1"},"canonical":"https:\/\/www.estrategiaconcursos.com.br\/blog\/adiadas-as-inscricoes-para-o-concurso-do-depen\/","og_locale":"pt_BR","og_type":"article","og_title":"Adiadas as inscri\u00e7\u00f5es para o concurso do DEPEN","og_description":"Ol\u00e1, amigos do Estrat\u00e9gia Concursos! Venho anim\u00e1-los para o concurso do Departamento Penitenci\u00e1rio Nacional (Depen). As inscri\u00e7\u00f5es para o certame foram adiadas at\u00e9 \u00e0s 18h do dia 22 de maio.\u00a0 \u00c9 mais uma oportunidade para aqueles que est\u00e3o pensando em concorrer a uma das 258 vagas oferecidas pela sele\u00e7\u00e3o. As oportunidades s\u00e3o para a sede [&hellip;]","og_url":"https:\/\/www.estrategiaconcursos.com.br\/blog\/adiadas-as-inscricoes-para-o-concurso-do-depen\/","og_site_name":"Estrat\u00e9gia Concursos","article_published_time":"2015-05-20T16:46:18+00:00","article_modified_time":"2015-05-20T18:46:21+00:00","author":"Ludimila Lamounier","twitter_card":"summary_large_image","twitter_creator":"@EstratConcursos","twitter_site":"@EstratConcursos","twitter_misc":{"Escrito por":"Ludimila Lamounier","Est. tempo de leitura":"1 minuto"},"schema":{"@context":"https:\/\/schema.org","@graph":[{"@type":"NewsArticle","@id":"https:\/\/www.estrategiaconcursos.com.br\/blog\/adiadas-as-inscricoes-para-o-concurso-do-depen\/#article","isPartOf":{"@id":"https:\/\/www.estrategiaconcursos.com.br\/blog\/adiadas-as-inscricoes-para-o-concurso-do-depen\/"},"author":{"name":"Ludimila Lamounier","@id":"https:\/\/www.estrategiaconcursos.com.br\/blog\/#\/schema\/person\/b4b4016a4b8b90b3cd88e745a31a08d8"},"headline":"Adiadas as inscri\u00e7\u00f5es para o concurso do DEPEN","datePublished":"2015-05-20T16:46:18+00:00","dateModified":"2015-05-20T18:46:21+00:00","mainEntityOfPage":{"@id":"https:\/\/www.estrategiaconcursos.com.br\/blog\/adiadas-as-inscricoes-para-o-concurso-do-depen\/"},"wordCount":200,"commentCount":0,"publisher":{"@id":"https:\/\/www.estrategiaconcursos.com.br\/blog\/#organization"},"articleSection":["Concursos P\u00fablicos"],"inLanguage":"pt-BR","potentialAction":[{"@type":"CommentAction","name":"Comment","target":["https:\/\/www.estrategiaconcursos.com.br\/blog\/adiadas-as-inscricoes-para-o-concurso-do-depen\/#respond"]}],"copyrightYear":"2015","copyrightHolder":{"@id":"https:\/\/www.estrategiaconcursos.com.br\/blog\/#organization"}},{"@type":"WebPage","@id":"https:\/\/www.estrategiaconcursos.com.br\/blog\/adiadas-as-inscricoes-para-o-concurso-do-depen\/","url":"https:\/\/www.estrategiaconcursos.com.br\/blog\/adiadas-as-inscricoes-para-o-concurso-do-depen\/","name":"Adiadas as inscri\u00e7\u00f5es para o concurso do DEPEN","isPartOf":{"@id":"https:\/\/www.estrategiaconcursos.com.br\/blog\/#website"},"datePublished":"2015-05-20T16:46:18+00:00","dateModified":"2015-05-20T18:46:21+00:00","breadcrumb":{"@id":"https:\/\/www.estrategiaconcursos.com.br\/blog\/adiadas-as-inscricoes-para-o-concurso-do-depen\/#breadcrumb"},"inLanguage":"pt-BR","potentialAction":[{"@type":"ReadAction","target":["https:\/\/www.estrategiaconcursos.com.br\/blog\/adiadas-as-inscricoes-para-o-concurso-do-depen\/"]}]},{"@type":"BreadcrumbList","@id":"https:\/\/www.estrategiaconcursos.com.br\/blog\/adiadas-as-inscricoes-para-o-concurso-do-depen\/#breadcrumb","itemListElement":[{"@type":"ListItem","position":1,"name":"In\u00edcio","item":"https:\/\/www.estrategiaconcursos.com.br\/blog\/"},{"@type":"ListItem","position":2,"name":"Adiadas as inscri\u00e7\u00f5es para o concurso do DEPEN"}]},{"@type":"WebSite","@id":"https:\/\/www.estrategiaconcursos.com.br\/blog\/#website","url":"https:\/\/www.estrategiaconcursos.com.br\/blog\/","name":"Estrat\u00e9gia Concursos","description":"O blog da Estrat\u00e9gia Concursos traz not\u00edcias sobre concursos e artigos de professores oferecendo cursos para concursos (pdf + videaulas) no site.","publisher":{"@id":"https:\/\/www.estrategiaconcursos.com.br\/blog\/#organization"},"potentialAction":[{"@type":"SearchAction","target":{"@type":"EntryPoint","urlTemplate":"https:\/\/www.estrategiaconcursos.com.br\/blog\/?s={search_term_string}"},"query-input":{"@type":"PropertyValueSpecification","valueRequired":true,"valueName":"search_term_string"}}],"inLanguage":"pt-BR"},{"@type":"Organization","@id":"https:\/\/www.estrategiaconcursos.com.br\/blog\/#organization","name":"Estrat\u00e9gia Concursos","url":"https:\/\/www.estrategiaconcursos.com.br\/blog\/","logo":{"@type":"ImageObject","inLanguage":"pt-BR","@id":"https:\/\/www.estrategiaconcursos.com.br\/blog\/#\/schema\/logo\/image\/","url":"https:\/\/dhg1h5j42swfq.cloudfront.net\/2025\/06\/03203428\/logo_concursos-1.jpg","contentUrl":"https:\/\/dhg1h5j42swfq.cloudfront.net\/2025\/06\/03203428\/logo_concursos-1.jpg","width":230,"height":60,"caption":"Estrat\u00e9gia Concursos"},"image":{"@id":"https:\/\/www.estrategiaconcursos.com.br\/blog\/#\/schema\/logo\/image\/"},"sameAs":["https:\/\/x.com\/EstratConcursos"]},{"@type":"Person","@id":"https:\/\/www.estrategiaconcursos.com.br\/blog\/#\/schema\/person\/b4b4016a4b8b90b3cd88e745a31a08d8","name":"Ludimila Lamounier","image":{"@type":"ImageObject","inLanguage":"pt-BR","@id":"https:\/\/secure.gravatar.com\/avatar\/6a65684d0a8f67a5ea4895fd5140364da8ce4d1b8b1d5e2f99bfa33c901c1ebd?s=96&d=mm&r=g","url":"https:\/\/secure.gravatar.com\/avatar\/6a65684d0a8f67a5ea4895fd5140364da8ce4d1b8b1d5e2f99bfa33c901c1ebd?s=96&d=mm&r=g","contentUrl":"https:\/\/secure.gravatar.com\/avatar\/6a65684d0a8f67a5ea4895fd5140364da8ce4d1b8b1d5e2f99bfa33c901c1ebd?s=96&d=mm&r=g","caption":"Ludimila Lamounier"},"url":"https:\/\/www.estrategiaconcursos.com.br\/blog\/author\/ludimilaestrategiaconcursos-com-br\/"}]}},"_links":{"self":[{"href":"https:\/\/www.estrategiaconcursos.com.br\/blog\/wp-json\/wp\/v2\/posts\/23363","targetHints":{"allow":["GET"]}}],"collection":[{"href":"https:\/\/www.estrategiaconcursos.com.br\/blog\/wp-json\/wp\/v2\/posts"}],"about":[{"href":"https:\/\/www.estrategiaconcursos.com.br\/blog\/wp-json\/wp\/v2\/types\/post"}],"author":[{"embeddable":true,"href":"https:\/\/www.estrategiaconcursos.com.br\/blog\/wp-json\/wp\/v2\/users\/172"}],"replies":[{"embeddable":true,"href":"https:\/\/www.estrategiaconcursos.com.br\/blog\/wp-json\/wp\/v2\/comments?post=23363"}],"version-history":[{"count":2,"href":"https:\/\/www.estrategiaconcursos.com.br\/blog\/wp-json\/wp\/v2\/posts\/23363\/revisions"}],"predecessor-version":[{"id":23369,"href":"https:\/\/www.estrategiaconcursos.com.br\/blog\/wp-json\/wp\/v2\/posts\/23363\/revisions\/23369"}],"wp:attachment":[{"href":"https:\/\/www.estrategiaconcursos.com.br\/blog\/wp-json\/wp\/v2\/media?parent=23363"}],"wp:term":[{"taxonomy":"category","embeddable":true,"href":"https:\/\/www.estrategiaconcursos.com.br\/blog\/wp-json\/wp\/v2\/categories?post=23363"},{"taxonomy":"post_tag","embeddable":true,"href":"https:\/\/www.estrategiaconcursos.com.br\/blog\/wp-json\/wp\/v2\/tags?post=23363"},{"taxonomy":"tax_estado","embeddable":true,"href":"https:\/\/www.estrategiaconcursos.com.br\/blog\/wp-json\/wp\/v2\/tax_estado?post=23363"}],"curies":[{"name":"wp","href":"https:\/\/api.w.org\/{rel}","templated":true}]}}