{"id":23334,"date":"2015-05-19T10:57:04","date_gmt":"2015-05-19T13:57:04","guid":{"rendered":"http:\/\/www.estrategiaconcursos.com.br\/blog\/?p=23334"},"modified":"2019-02-04T13:30:26","modified_gmt":"2019-02-04T16:30:26","slug":"concurso-depen-prazo-para-inscricoes-e-prorrogado-novamente-sao-mais-de-200-vagas-em-cargos-de-niveis-medio-e-superior-saiba-mais","status":"publish","type":"post","link":"https:\/\/www.estrategiaconcursos.com.br\/blog\/concurso-depen-prazo-para-inscricoes-e-prorrogado-novamente-sao-mais-de-200-vagas-em-cargos-de-niveis-medio-e-superior-saiba-mais\/","title":{"rendered":"Concurso Depen: Prazo para inscri\u00e7\u00f5es \u00e9 prorrogado novamente. S\u00e3o mais de 200 vagas em cargos de n\u00edveis m\u00e9dio e superior. Saiba mais!"},"content":{"rendered":"<p style=\"text-align: justify;\"><a href=\"https:\/\/dhg1h5j42swfq.cloudfront.net\/2015\/04\/concurso-Depen.gif\"><img loading=\"lazy\" decoding=\"async\" class=\"alignleft wp-image-22786 size-medium\" src=\"https:\/\/dhg1h5j42swfq.cloudfront.net\/2015\/04\/concurso-Depen.gif\" alt=\"concurso Depen\" width=\"283\" height=\"300\"\/><\/a><span style=\"color: #000000;\">O prazo para inscri\u00e7\u00f5es no concurso&nbsp;do&nbsp;Departamento Penitenci\u00e1rio Nacional (concurso Depen), que terminaria no domingo, 17, foi prorrogado novamente.&nbsp;Inicialmente, os interessados teriam at\u00e9 as 18h de ontem, segunda-feira, para&nbsp;acessar o&nbsp; site da organizadora, o <span style=\"color: #0000ff;\"><a style=\"color: #0000ff;\" href=\"http:\/\/www.cespe.unb.br\/concursos\/depen_15\/\">Cespe\/UnB<\/a><\/span>, e fazer sua inscri\u00e7\u00e3o.&nbsp;Agora o prazo foi estendido at\u00e9 \u00e0s 18h da pr\u00f3xima sexta-feira, dia 22 de maio. As taxas s\u00e3o de R$75, R$90 e R$95, dependendo do cargo desejado.<\/span><\/p>\n<p style=\"text-align: justify;\"><span style=\"color: #000000;\"><strong>Concurso Depen<\/strong><\/span><\/p>\n<p style=\"text-align: justify;\"><span style=\"color: #000000;\">O concurso Depen prev\u00ea o preenchimento de&nbsp;258 vagas em cargos de n\u00edveis m\u00e9dio e superior. Os cargos de n\u00edvel superior do concurso Depen s\u00e3o para especialista em assist\u00eancia penitenci\u00e1ria e especialista em assist\u00eancia penitenci\u00e1ria nas \u00e1reas de enfermagem, farm\u00e1cia, pedagogia, psicologia, servi\u00e7o social e terapia ocupacional.&nbsp;As remunera\u00e7\u00f5es dos cargos s\u00e3o de R$ 5.254,88, j\u00e1 incluso aux\u00edlio-alimenta\u00e7\u00e3o e gratifica\u00e7\u00e3o de desempenho de atividade<\/span><\/p>\n<p style=\"text-align: justify;\"><span style=\"color: #000000;\">Para o cargo de Agente Penitenci\u00e1rio, o candidato deve ter certificado, devidamente registrado, de conclus\u00e3o de curso de ensino m\u00e9dio (antigo segundo grau), expedido por institui\u00e7\u00e3o de ensino reconhecida pelo MEC, e Carteira Nacional de Habilita\u00e7\u00e3o, no m\u00ednimo, da categoria \u201cB\u201d. O sal\u00e1rio \u00e9 de R$ 5,403,95.<\/span><\/p>\n<p style=\"text-align: justify;\"><span style=\"color: #000000;\">Ainda para n\u00edvel m\u00e9dio, h\u00e1 vagas para&nbsp;t\u00e9cnico apoio \u00e0 assist\u00eancia penitenci\u00e1ria \u2013 t\u00e9cnico de enfermagem.&nbsp;O sal\u00e1rio ser\u00e1 de R$ 3.679,20, tamb\u00e9m com aux\u00edlio-alimenta\u00e7\u00e3o e gratifica\u00e7\u00e3o de desempenho de atividade.<\/span><\/p>\n<p style=\"text-align: justify;\"><span style=\"color: #000000;\">A lota\u00e7\u00e3o dos empossados se dar\u00e1 na sede do Depen, em Bras\u00edlia\/DF ou em uma das cinco penitenci\u00e1rias federais, localizadas nas cidades de&nbsp;Bras\u00edlia\/DF, Campo Grande\/MS, Catanduvas\/PR, Mossor\u00f3\/RN e Porto Velho\/RO.<\/span><\/p>\n<p style=\"text-align: justify;\"><span style=\"color: #000000;\">As provas objetivas do concurso Depen ser\u00e3o aplicadas na data prov\u00e1vel de 28 de junho, no turno da tarde. A primeira fase do concurso e a per\u00edcia m\u00e9dica dos candidatos que se declararem com defici\u00eancia ser\u00e3o realizadas nas capitais das 26 unidades da federa\u00e7\u00e3o, no Distrito Federal e nas cidades de Catanduvas (PR) e de Mossor\u00f3 (RN).<\/span><\/p>\n<p style=\"text-align: justify;\"><span style=\"color: #000000;\">O concurso Depen ter\u00e1 validade de 2 anos e poder\u00e1 ser prorrogado, uma vez, pelo mesmo per\u00edodo.<\/span><\/p>\n<p style=\"text-align: justify;\"><span style=\"color: #000000;\"><strong>O Estrat\u00e9gia Concursos j\u00e1 lan\u00e7ou cursos para este concurso. Confira em:<\/strong><\/span><\/p>\n<p style=\"text-align: justify;\"><span style=\"color: #0000ff;\"><a style=\"color: #0000ff;\" href=\"https:\/\/www.estrategiaconcursos.com.br\/cursosPorConcurso\/depen-departamento-penitenciario-nacional-155\/\">https:\/\/www.estrategiaconcursos.com.br\/cursosPorConcurso\/depen-departamento-penitenciario-nacional-155\/<\/a><\/span><\/p>\n<p style=\"text-align: justify;\"><span style=\"color: #000000;\">Assessoria de Comunica\u00e7\u00e3o<\/span><\/p>\n<p style=\"text-align: justify;\"><span style=\"color: #000000;\">comunicacao@estrategiaconcursos.com.br<\/span><\/p>\n","protected":false},"excerpt":{"rendered":"<p>O prazo para inscri\u00e7\u00f5es no concurso&nbsp;do&nbsp;Departamento Penitenci\u00e1rio Nacional (concurso Depen), que terminaria no domingo, 17, foi prorrogado novamente.&nbsp;Inicialmente, os interessados teriam at\u00e9 as 18h de ontem, segunda-feira, para&nbsp;acessar o&nbsp; site da organizadora, o Cespe\/UnB, e fazer sua inscri\u00e7\u00e3o.&nbsp;Agora o prazo foi estendido at\u00e9 \u00e0s 18h da pr\u00f3xima sexta-feira, dia 22 de maio. As taxas s\u00e3o [&hellip;]<\/p>\n","protected":false},"author":1,"featured_media":0,"comment_status":"open","ping_status":"open","sticky":false,"template":"","format":"standard","meta":{"post_tipo":"news","footnotes":""},"categories":[1],"tags":[641,674],"tax_estado":[],"class_list":["post-23334","post","type-post","status-publish","format-standard","hentry","category-cursos-e-concursos","tag-depen","tag-inscricoes"],"acf":[],"yoast_head":"<!-- This site is optimized with the Yoast SEO Premium plugin v27.2 (Yoast SEO v27.2) - https:\/\/yoast.com\/product\/yoast-seo-premium-wordpress\/ -->\n<title>Concurso Depen: Prazo para inscri\u00e7\u00f5es \u00e9 prorrogado novamente. S\u00e3o mais de 200 vagas em cargos de n\u00edveis m\u00e9dio e superior. Saiba mais!<\/title>\n<meta name=\"description\" content=\"O prazo para inscri\u00e7\u00f5es no concurso do Departamento Penitenci\u00e1rio Nacional (concurso Depen), que terminaria no domingo, 17, foi prorrogado novamente.\" \/>\n<meta name=\"robots\" content=\"index, follow, max-snippet:-1, max-image-preview:large, max-video-preview:-1\" \/>\n<link rel=\"canonical\" href=\"https:\/\/www.estrategiaconcursos.com.br\/blog\/concurso-depen-prazo-para-inscricoes-e-prorrogado-novamente-sao-mais-de-200-vagas-em-cargos-de-niveis-medio-e-superior-saiba-mais\/\" \/>\n<meta property=\"og:locale\" content=\"pt_BR\" \/>\n<meta property=\"og:type\" content=\"article\" \/>\n<meta property=\"og:title\" content=\"Concurso Depen: Prazo para inscri\u00e7\u00f5es \u00e9 prorrogado novamente. S\u00e3o mais de 200 vagas em cargos de n\u00edveis m\u00e9dio e superior. Saiba mais!\" \/>\n<meta property=\"og:description\" content=\"O prazo para inscri\u00e7\u00f5es no concurso do Departamento Penitenci\u00e1rio Nacional (concurso Depen), que terminaria no domingo, 17, foi prorrogado novamente.\" \/>\n<meta property=\"og:url\" content=\"https:\/\/www.estrategiaconcursos.com.br\/blog\/concurso-depen-prazo-para-inscricoes-e-prorrogado-novamente-sao-mais-de-200-vagas-em-cargos-de-niveis-medio-e-superior-saiba-mais\/\" \/>\n<meta property=\"og:site_name\" content=\"Estrat\u00e9gia Concursos\" \/>\n<meta property=\"article:author\" content=\"https:\/\/www.facebook.com\/EstrategiaConcursos\" \/>\n<meta property=\"article:published_time\" content=\"2015-05-19T13:57:04+00:00\" \/>\n<meta property=\"article:modified_time\" content=\"2019-02-04T16:30:26+00:00\" \/>\n<meta property=\"og:image\" content=\"https:\/\/www.estrategiaconcursos.com.br\/blog\/wp-content\/uploads\/2015\/04\/concurso-Depen-283x300.gif\" \/>\n<meta name=\"author\" content=\"Coordena\u00e7\u00e3o\" \/>\n<meta name=\"twitter:card\" content=\"summary_large_image\" \/>\n<meta name=\"twitter:creator\" content=\"@EstratConcursos\" \/>\n<meta name=\"twitter:site\" content=\"@EstratConcursos\" \/>\n<meta name=\"twitter:label1\" content=\"Escrito por\" \/>\n\t<meta name=\"twitter:data1\" content=\"Coordena\u00e7\u00e3o\" \/>\n\t<meta name=\"twitter:label2\" content=\"Est. tempo de leitura\" \/>\n\t<meta name=\"twitter:data2\" content=\"2 minutos\" \/>\n<script type=\"application\/ld+json\" class=\"yoast-schema-graph\">{\"@context\":\"https:\/\/schema.org\",\"@graph\":[{\"@type\":\"NewsArticle\",\"@id\":\"https:\/\/www.estrategiaconcursos.com.br\/blog\/concurso-depen-prazo-para-inscricoes-e-prorrogado-novamente-sao-mais-de-200-vagas-em-cargos-de-niveis-medio-e-superior-saiba-mais\/#article\",\"isPartOf\":{\"@id\":\"https:\/\/www.estrategiaconcursos.com.br\/blog\/concurso-depen-prazo-para-inscricoes-e-prorrogado-novamente-sao-mais-de-200-vagas-em-cargos-de-niveis-medio-e-superior-saiba-mais\/\"},\"author\":{\"name\":\"Coordena\u00e7\u00e3o\",\"@id\":\"https:\/\/www.estrategiaconcursos.com.br\/blog\/#\/schema\/person\/b4a388c97673c5f483d72185668afa1f\"},\"headline\":\"Concurso Depen: Prazo para inscri\u00e7\u00f5es \u00e9 prorrogado novamente. S\u00e3o mais de 200 vagas em cargos de n\u00edveis m\u00e9dio e superior. Saiba mais!\",\"datePublished\":\"2015-05-19T13:57:04+00:00\",\"dateModified\":\"2019-02-04T16:30:26+00:00\",\"mainEntityOfPage\":{\"@id\":\"https:\/\/www.estrategiaconcursos.com.br\/blog\/concurso-depen-prazo-para-inscricoes-e-prorrogado-novamente-sao-mais-de-200-vagas-em-cargos-de-niveis-medio-e-superior-saiba-mais\/\"},\"wordCount\":426,\"commentCount\":0,\"publisher\":{\"@id\":\"https:\/\/www.estrategiaconcursos.com.br\/blog\/#organization\"},\"image\":{\"@id\":\"https:\/\/www.estrategiaconcursos.com.br\/blog\/concurso-depen-prazo-para-inscricoes-e-prorrogado-novamente-sao-mais-de-200-vagas-em-cargos-de-niveis-medio-e-superior-saiba-mais\/#primaryimage\"},\"thumbnailUrl\":\"https:\/\/www.estrategiaconcursos.com.br\/blog\/wp-content\/uploads\/2015\/04\/concurso-Depen-283x300.gif\",\"keywords\":[\"DEPEN\",\"inscri\u00e7\u00f5es\"],\"articleSection\":[\"Concursos P\u00fablicos\"],\"inLanguage\":\"pt-BR\",\"potentialAction\":[{\"@type\":\"CommentAction\",\"name\":\"Comment\",\"target\":[\"https:\/\/www.estrategiaconcursos.com.br\/blog\/concurso-depen-prazo-para-inscricoes-e-prorrogado-novamente-sao-mais-de-200-vagas-em-cargos-de-niveis-medio-e-superior-saiba-mais\/#respond\"]}],\"copyrightYear\":\"2015\",\"copyrightHolder\":{\"@id\":\"https:\/\/www.estrategiaconcursos.com.br\/blog\/#organization\"}},{\"@type\":\"WebPage\",\"@id\":\"https:\/\/www.estrategiaconcursos.com.br\/blog\/concurso-depen-prazo-para-inscricoes-e-prorrogado-novamente-sao-mais-de-200-vagas-em-cargos-de-niveis-medio-e-superior-saiba-mais\/\",\"url\":\"https:\/\/www.estrategiaconcursos.com.br\/blog\/concurso-depen-prazo-para-inscricoes-e-prorrogado-novamente-sao-mais-de-200-vagas-em-cargos-de-niveis-medio-e-superior-saiba-mais\/\",\"name\":\"Concurso Depen: Prazo para inscri\u00e7\u00f5es \u00e9 prorrogado novamente. S\u00e3o mais de 200 vagas em cargos de n\u00edveis m\u00e9dio e superior. Saiba mais!\",\"isPartOf\":{\"@id\":\"https:\/\/www.estrategiaconcursos.com.br\/blog\/#website\"},\"primaryImageOfPage\":{\"@id\":\"https:\/\/www.estrategiaconcursos.com.br\/blog\/concurso-depen-prazo-para-inscricoes-e-prorrogado-novamente-sao-mais-de-200-vagas-em-cargos-de-niveis-medio-e-superior-saiba-mais\/#primaryimage\"},\"image\":{\"@id\":\"https:\/\/www.estrategiaconcursos.com.br\/blog\/concurso-depen-prazo-para-inscricoes-e-prorrogado-novamente-sao-mais-de-200-vagas-em-cargos-de-niveis-medio-e-superior-saiba-mais\/#primaryimage\"},\"thumbnailUrl\":\"https:\/\/www.estrategiaconcursos.com.br\/blog\/wp-content\/uploads\/2015\/04\/concurso-Depen-283x300.gif\",\"datePublished\":\"2015-05-19T13:57:04+00:00\",\"dateModified\":\"2019-02-04T16:30:26+00:00\",\"description\":\"O prazo para inscri\u00e7\u00f5es no concurso do Departamento Penitenci\u00e1rio Nacional (concurso Depen), que terminaria no domingo, 17, foi prorrogado novamente.\",\"breadcrumb\":{\"@id\":\"https:\/\/www.estrategiaconcursos.com.br\/blog\/concurso-depen-prazo-para-inscricoes-e-prorrogado-novamente-sao-mais-de-200-vagas-em-cargos-de-niveis-medio-e-superior-saiba-mais\/#breadcrumb\"},\"inLanguage\":\"pt-BR\",\"potentialAction\":[{\"@type\":\"ReadAction\",\"target\":[\"https:\/\/www.estrategiaconcursos.com.br\/blog\/concurso-depen-prazo-para-inscricoes-e-prorrogado-novamente-sao-mais-de-200-vagas-em-cargos-de-niveis-medio-e-superior-saiba-mais\/\"]}]},{\"@type\":\"ImageObject\",\"inLanguage\":\"pt-BR\",\"@id\":\"https:\/\/www.estrategiaconcursos.com.br\/blog\/concurso-depen-prazo-para-inscricoes-e-prorrogado-novamente-sao-mais-de-200-vagas-em-cargos-de-niveis-medio-e-superior-saiba-mais\/#primaryimage\",\"url\":\"https:\/\/dhg1h5j42swfq.cloudfront.net\/2015\/04\/concurso-Depen.gif\",\"contentUrl\":\"https:\/\/dhg1h5j42swfq.cloudfront.net\/2015\/04\/concurso-Depen.gif\",\"width\":480,\"height\":509},{\"@type\":\"BreadcrumbList\",\"@id\":\"https:\/\/www.estrategiaconcursos.com.br\/blog\/concurso-depen-prazo-para-inscricoes-e-prorrogado-novamente-sao-mais-de-200-vagas-em-cargos-de-niveis-medio-e-superior-saiba-mais\/#breadcrumb\",\"itemListElement\":[{\"@type\":\"ListItem\",\"position\":1,\"name\":\"In\u00edcio\",\"item\":\"https:\/\/www.estrategiaconcursos.com.br\/blog\/\"},{\"@type\":\"ListItem\",\"position\":2,\"name\":\"Concurso Depen: Prazo para inscri\u00e7\u00f5es \u00e9 prorrogado novamente. S\u00e3o mais de 200 vagas em cargos de n\u00edveis m\u00e9dio e superior. Saiba mais!\"}]},{\"@type\":\"WebSite\",\"@id\":\"https:\/\/www.estrategiaconcursos.com.br\/blog\/#website\",\"url\":\"https:\/\/www.estrategiaconcursos.com.br\/blog\/\",\"name\":\"Estrat\u00e9gia Concursos\",\"description\":\"O blog da Estrat\u00e9gia Concursos traz not\u00edcias sobre concursos e artigos de professores oferecendo cursos para concursos (pdf + videaulas) no site.\",\"publisher\":{\"@id\":\"https:\/\/www.estrategiaconcursos.com.br\/blog\/#organization\"},\"potentialAction\":[{\"@type\":\"SearchAction\",\"target\":{\"@type\":\"EntryPoint\",\"urlTemplate\":\"https:\/\/www.estrategiaconcursos.com.br\/blog\/?s={search_term_string}\"},\"query-input\":{\"@type\":\"PropertyValueSpecification\",\"valueRequired\":true,\"valueName\":\"search_term_string\"}}],\"inLanguage\":\"pt-BR\"},{\"@type\":\"Organization\",\"@id\":\"https:\/\/www.estrategiaconcursos.com.br\/blog\/#organization\",\"name\":\"Estrat\u00e9gia Concursos\",\"url\":\"https:\/\/www.estrategiaconcursos.com.br\/blog\/\",\"logo\":{\"@type\":\"ImageObject\",\"inLanguage\":\"pt-BR\",\"@id\":\"https:\/\/www.estrategiaconcursos.com.br\/blog\/#\/schema\/logo\/image\/\",\"url\":\"https:\/\/dhg1h5j42swfq.cloudfront.net\/2025\/06\/03203428\/logo_concursos-1.jpg\",\"contentUrl\":\"https:\/\/dhg1h5j42swfq.cloudfront.net\/2025\/06\/03203428\/logo_concursos-1.jpg\",\"width\":230,\"height\":60,\"caption\":\"Estrat\u00e9gia Concursos\"},\"image\":{\"@id\":\"https:\/\/www.estrategiaconcursos.com.br\/blog\/#\/schema\/logo\/image\/\"},\"sameAs\":[\"https:\/\/x.com\/EstratConcursos\"]},{\"@type\":\"Person\",\"@id\":\"https:\/\/www.estrategiaconcursos.com.br\/blog\/#\/schema\/person\/b4a388c97673c5f483d72185668afa1f\",\"name\":\"Coordena\u00e7\u00e3o\",\"image\":{\"@type\":\"ImageObject\",\"inLanguage\":\"pt-BR\",\"@id\":\"https:\/\/secure.gravatar.com\/avatar\/b720319e4c9a967eb58678d110f4fe35452fc5d5f97b202bac7b8acceb18c6ad?s=96&d=mm&r=g\",\"url\":\"https:\/\/secure.gravatar.com\/avatar\/b720319e4c9a967eb58678d110f4fe35452fc5d5f97b202bac7b8acceb18c6ad?s=96&d=mm&r=g\",\"contentUrl\":\"https:\/\/secure.gravatar.com\/avatar\/b720319e4c9a967eb58678d110f4fe35452fc5d5f97b202bac7b8acceb18c6ad?s=96&d=mm&r=g\",\"caption\":\"Coordena\u00e7\u00e3o\"},\"sameAs\":[\"https:\/\/www.facebook.com\/EstrategiaConcursos\",\"https:\/\/x.com\/EstratConcursos\"],\"url\":\"https:\/\/www.estrategiaconcursos.com.br\/blog\/author\/estrategia2013\/\"}]}<\/script>\n<!-- \/ Yoast SEO Premium plugin. -->","yoast_head_json":{"title":"Concurso Depen: Prazo para inscri\u00e7\u00f5es \u00e9 prorrogado novamente. S\u00e3o mais de 200 vagas em cargos de n\u00edveis m\u00e9dio e superior. Saiba mais!","description":"O prazo para inscri\u00e7\u00f5es no concurso do Departamento Penitenci\u00e1rio Nacional (concurso Depen), que terminaria no domingo, 17, foi prorrogado novamente.","robots":{"index":"index","follow":"follow","max-snippet":"max-snippet:-1","max-image-preview":"max-image-preview:large","max-video-preview":"max-video-preview:-1"},"canonical":"https:\/\/www.estrategiaconcursos.com.br\/blog\/concurso-depen-prazo-para-inscricoes-e-prorrogado-novamente-sao-mais-de-200-vagas-em-cargos-de-niveis-medio-e-superior-saiba-mais\/","og_locale":"pt_BR","og_type":"article","og_title":"Concurso Depen: Prazo para inscri\u00e7\u00f5es \u00e9 prorrogado novamente. S\u00e3o mais de 200 vagas em cargos de n\u00edveis m\u00e9dio e superior. Saiba mais!","og_description":"O prazo para inscri\u00e7\u00f5es no concurso do Departamento Penitenci\u00e1rio Nacional (concurso Depen), que terminaria no domingo, 17, foi prorrogado novamente.","og_url":"https:\/\/www.estrategiaconcursos.com.br\/blog\/concurso-depen-prazo-para-inscricoes-e-prorrogado-novamente-sao-mais-de-200-vagas-em-cargos-de-niveis-medio-e-superior-saiba-mais\/","og_site_name":"Estrat\u00e9gia Concursos","article_author":"https:\/\/www.facebook.com\/EstrategiaConcursos","article_published_time":"2015-05-19T13:57:04+00:00","article_modified_time":"2019-02-04T16:30:26+00:00","og_image":[{"url":"https:\/\/www.estrategiaconcursos.com.br\/blog\/wp-content\/uploads\/2015\/04\/concurso-Depen-283x300.gif","type":"","width":"","height":""}],"author":"Coordena\u00e7\u00e3o","twitter_card":"summary_large_image","twitter_creator":"@EstratConcursos","twitter_site":"@EstratConcursos","twitter_misc":{"Escrito por":"Coordena\u00e7\u00e3o","Est. tempo de leitura":"2 minutos"},"schema":{"@context":"https:\/\/schema.org","@graph":[{"@type":"NewsArticle","@id":"https:\/\/www.estrategiaconcursos.com.br\/blog\/concurso-depen-prazo-para-inscricoes-e-prorrogado-novamente-sao-mais-de-200-vagas-em-cargos-de-niveis-medio-e-superior-saiba-mais\/#article","isPartOf":{"@id":"https:\/\/www.estrategiaconcursos.com.br\/blog\/concurso-depen-prazo-para-inscricoes-e-prorrogado-novamente-sao-mais-de-200-vagas-em-cargos-de-niveis-medio-e-superior-saiba-mais\/"},"author":{"name":"Coordena\u00e7\u00e3o","@id":"https:\/\/www.estrategiaconcursos.com.br\/blog\/#\/schema\/person\/b4a388c97673c5f483d72185668afa1f"},"headline":"Concurso Depen: Prazo para inscri\u00e7\u00f5es \u00e9 prorrogado novamente. S\u00e3o mais de 200 vagas em cargos de n\u00edveis m\u00e9dio e superior. Saiba mais!","datePublished":"2015-05-19T13:57:04+00:00","dateModified":"2019-02-04T16:30:26+00:00","mainEntityOfPage":{"@id":"https:\/\/www.estrategiaconcursos.com.br\/blog\/concurso-depen-prazo-para-inscricoes-e-prorrogado-novamente-sao-mais-de-200-vagas-em-cargos-de-niveis-medio-e-superior-saiba-mais\/"},"wordCount":426,"commentCount":0,"publisher":{"@id":"https:\/\/www.estrategiaconcursos.com.br\/blog\/#organization"},"image":{"@id":"https:\/\/www.estrategiaconcursos.com.br\/blog\/concurso-depen-prazo-para-inscricoes-e-prorrogado-novamente-sao-mais-de-200-vagas-em-cargos-de-niveis-medio-e-superior-saiba-mais\/#primaryimage"},"thumbnailUrl":"https:\/\/www.estrategiaconcursos.com.br\/blog\/wp-content\/uploads\/2015\/04\/concurso-Depen-283x300.gif","keywords":["DEPEN","inscri\u00e7\u00f5es"],"articleSection":["Concursos P\u00fablicos"],"inLanguage":"pt-BR","potentialAction":[{"@type":"CommentAction","name":"Comment","target":["https:\/\/www.estrategiaconcursos.com.br\/blog\/concurso-depen-prazo-para-inscricoes-e-prorrogado-novamente-sao-mais-de-200-vagas-em-cargos-de-niveis-medio-e-superior-saiba-mais\/#respond"]}],"copyrightYear":"2015","copyrightHolder":{"@id":"https:\/\/www.estrategiaconcursos.com.br\/blog\/#organization"}},{"@type":"WebPage","@id":"https:\/\/www.estrategiaconcursos.com.br\/blog\/concurso-depen-prazo-para-inscricoes-e-prorrogado-novamente-sao-mais-de-200-vagas-em-cargos-de-niveis-medio-e-superior-saiba-mais\/","url":"https:\/\/www.estrategiaconcursos.com.br\/blog\/concurso-depen-prazo-para-inscricoes-e-prorrogado-novamente-sao-mais-de-200-vagas-em-cargos-de-niveis-medio-e-superior-saiba-mais\/","name":"Concurso Depen: Prazo para inscri\u00e7\u00f5es \u00e9 prorrogado novamente. S\u00e3o mais de 200 vagas em cargos de n\u00edveis m\u00e9dio e superior. Saiba mais!","isPartOf":{"@id":"https:\/\/www.estrategiaconcursos.com.br\/blog\/#website"},"primaryImageOfPage":{"@id":"https:\/\/www.estrategiaconcursos.com.br\/blog\/concurso-depen-prazo-para-inscricoes-e-prorrogado-novamente-sao-mais-de-200-vagas-em-cargos-de-niveis-medio-e-superior-saiba-mais\/#primaryimage"},"image":{"@id":"https:\/\/www.estrategiaconcursos.com.br\/blog\/concurso-depen-prazo-para-inscricoes-e-prorrogado-novamente-sao-mais-de-200-vagas-em-cargos-de-niveis-medio-e-superior-saiba-mais\/#primaryimage"},"thumbnailUrl":"https:\/\/www.estrategiaconcursos.com.br\/blog\/wp-content\/uploads\/2015\/04\/concurso-Depen-283x300.gif","datePublished":"2015-05-19T13:57:04+00:00","dateModified":"2019-02-04T16:30:26+00:00","description":"O prazo para inscri\u00e7\u00f5es no concurso do Departamento Penitenci\u00e1rio Nacional (concurso Depen), que terminaria no domingo, 17, foi prorrogado novamente.","breadcrumb":{"@id":"https:\/\/www.estrategiaconcursos.com.br\/blog\/concurso-depen-prazo-para-inscricoes-e-prorrogado-novamente-sao-mais-de-200-vagas-em-cargos-de-niveis-medio-e-superior-saiba-mais\/#breadcrumb"},"inLanguage":"pt-BR","potentialAction":[{"@type":"ReadAction","target":["https:\/\/www.estrategiaconcursos.com.br\/blog\/concurso-depen-prazo-para-inscricoes-e-prorrogado-novamente-sao-mais-de-200-vagas-em-cargos-de-niveis-medio-e-superior-saiba-mais\/"]}]},{"@type":"ImageObject","inLanguage":"pt-BR","@id":"https:\/\/www.estrategiaconcursos.com.br\/blog\/concurso-depen-prazo-para-inscricoes-e-prorrogado-novamente-sao-mais-de-200-vagas-em-cargos-de-niveis-medio-e-superior-saiba-mais\/#primaryimage","url":"https:\/\/dhg1h5j42swfq.cloudfront.net\/2015\/04\/concurso-Depen.gif","contentUrl":"https:\/\/dhg1h5j42swfq.cloudfront.net\/2015\/04\/concurso-Depen.gif","width":480,"height":509},{"@type":"BreadcrumbList","@id":"https:\/\/www.estrategiaconcursos.com.br\/blog\/concurso-depen-prazo-para-inscricoes-e-prorrogado-novamente-sao-mais-de-200-vagas-em-cargos-de-niveis-medio-e-superior-saiba-mais\/#breadcrumb","itemListElement":[{"@type":"ListItem","position":1,"name":"In\u00edcio","item":"https:\/\/www.estrategiaconcursos.com.br\/blog\/"},{"@type":"ListItem","position":2,"name":"Concurso Depen: Prazo para inscri\u00e7\u00f5es \u00e9 prorrogado novamente. S\u00e3o mais de 200 vagas em cargos de n\u00edveis m\u00e9dio e superior. Saiba mais!"}]},{"@type":"WebSite","@id":"https:\/\/www.estrategiaconcursos.com.br\/blog\/#website","url":"https:\/\/www.estrategiaconcursos.com.br\/blog\/","name":"Estrat\u00e9gia Concursos","description":"O blog da Estrat\u00e9gia Concursos traz not\u00edcias sobre concursos e artigos de professores oferecendo cursos para concursos (pdf + videaulas) no site.","publisher":{"@id":"https:\/\/www.estrategiaconcursos.com.br\/blog\/#organization"},"potentialAction":[{"@type":"SearchAction","target":{"@type":"EntryPoint","urlTemplate":"https:\/\/www.estrategiaconcursos.com.br\/blog\/?s={search_term_string}"},"query-input":{"@type":"PropertyValueSpecification","valueRequired":true,"valueName":"search_term_string"}}],"inLanguage":"pt-BR"},{"@type":"Organization","@id":"https:\/\/www.estrategiaconcursos.com.br\/blog\/#organization","name":"Estrat\u00e9gia Concursos","url":"https:\/\/www.estrategiaconcursos.com.br\/blog\/","logo":{"@type":"ImageObject","inLanguage":"pt-BR","@id":"https:\/\/www.estrategiaconcursos.com.br\/blog\/#\/schema\/logo\/image\/","url":"https:\/\/dhg1h5j42swfq.cloudfront.net\/2025\/06\/03203428\/logo_concursos-1.jpg","contentUrl":"https:\/\/dhg1h5j42swfq.cloudfront.net\/2025\/06\/03203428\/logo_concursos-1.jpg","width":230,"height":60,"caption":"Estrat\u00e9gia Concursos"},"image":{"@id":"https:\/\/www.estrategiaconcursos.com.br\/blog\/#\/schema\/logo\/image\/"},"sameAs":["https:\/\/x.com\/EstratConcursos"]},{"@type":"Person","@id":"https:\/\/www.estrategiaconcursos.com.br\/blog\/#\/schema\/person\/b4a388c97673c5f483d72185668afa1f","name":"Coordena\u00e7\u00e3o","image":{"@type":"ImageObject","inLanguage":"pt-BR","@id":"https:\/\/secure.gravatar.com\/avatar\/b720319e4c9a967eb58678d110f4fe35452fc5d5f97b202bac7b8acceb18c6ad?s=96&d=mm&r=g","url":"https:\/\/secure.gravatar.com\/avatar\/b720319e4c9a967eb58678d110f4fe35452fc5d5f97b202bac7b8acceb18c6ad?s=96&d=mm&r=g","contentUrl":"https:\/\/secure.gravatar.com\/avatar\/b720319e4c9a967eb58678d110f4fe35452fc5d5f97b202bac7b8acceb18c6ad?s=96&d=mm&r=g","caption":"Coordena\u00e7\u00e3o"},"sameAs":["https:\/\/www.facebook.com\/EstrategiaConcursos","https:\/\/x.com\/EstratConcursos"],"url":"https:\/\/www.estrategiaconcursos.com.br\/blog\/author\/estrategia2013\/"}]}},"_links":{"self":[{"href":"https:\/\/www.estrategiaconcursos.com.br\/blog\/wp-json\/wp\/v2\/posts\/23334","targetHints":{"allow":["GET"]}}],"collection":[{"href":"https:\/\/www.estrategiaconcursos.com.br\/blog\/wp-json\/wp\/v2\/posts"}],"about":[{"href":"https:\/\/www.estrategiaconcursos.com.br\/blog\/wp-json\/wp\/v2\/types\/post"}],"author":[{"embeddable":true,"href":"https:\/\/www.estrategiaconcursos.com.br\/blog\/wp-json\/wp\/v2\/users\/1"}],"replies":[{"embeddable":true,"href":"https:\/\/www.estrategiaconcursos.com.br\/blog\/wp-json\/wp\/v2\/comments?post=23334"}],"version-history":[{"count":2,"href":"https:\/\/www.estrategiaconcursos.com.br\/blog\/wp-json\/wp\/v2\/posts\/23334\/revisions"}],"predecessor-version":[{"id":164201,"href":"https:\/\/www.estrategiaconcursos.com.br\/blog\/wp-json\/wp\/v2\/posts\/23334\/revisions\/164201"}],"wp:attachment":[{"href":"https:\/\/www.estrategiaconcursos.com.br\/blog\/wp-json\/wp\/v2\/media?parent=23334"}],"wp:term":[{"taxonomy":"category","embeddable":true,"href":"https:\/\/www.estrategiaconcursos.com.br\/blog\/wp-json\/wp\/v2\/categories?post=23334"},{"taxonomy":"post_tag","embeddable":true,"href":"https:\/\/www.estrategiaconcursos.com.br\/blog\/wp-json\/wp\/v2\/tags?post=23334"},{"taxonomy":"tax_estado","embeddable":true,"href":"https:\/\/www.estrategiaconcursos.com.br\/blog\/wp-json\/wp\/v2\/tax_estado?post=23334"}],"curies":[{"name":"wp","href":"https:\/\/api.w.org\/{rel}","templated":true}]}}