{"id":23296,"date":"2015-05-17T21:53:28","date_gmt":"2015-05-18T00:53:28","guid":{"rendered":"http:\/\/www.estrategiaconcursos.com.br\/blog\/?p=23296"},"modified":"2016-03-10T11:36:19","modified_gmt":"2016-03-10T14:36:19","slug":"venha-estudar-com-o-estrategia-para-a-2a-fase-da-pcdf-delegado","status":"publish","type":"post","link":"https:\/\/www.estrategiaconcursos.com.br\/blog\/venha-estudar-com-o-estrategia-para-a-2a-fase-da-pcdf-delegado\/","title":{"rendered":"Venha estudar com o Estrat\u00e9gia para a 2\u00aa Fase da PCDF &#8211; Delegado"},"content":{"rendered":"<p>Ol\u00e1 meus amigos,<\/p>\n<p>Firmes na luta dos concursos?<\/p>\n<p>Hoje estou aqui para conversar com aqueles que se preparam para provas discursivas de<a href=\"https:\/\/www.estrategiaconcursos.com.br\/curso\/pecas-praticas-p-delegado-de-policia-6855\/\"> pe\u00e7as pr\u00e1ticas para delegado de pol\u00edcia<\/a>, notadamente aqueles que acabaram de realizar a prova objetiva da PCDF.<\/p>\n<p>Ainda n\u00e3o tive acesso \u00e0 prova, mas pelo que comentam a prova foi muito complicada, por conta de diversos fatores, tais como tempo curto, quest\u00f5es longas, cansativas, itens duvidosos, etc.<\/p>\n<p>Bom, em rela\u00e7\u00e3o ao gabarito extraoficial da prova objetiva, n\u00e3o vou tecer muitos coment\u00e1rios, ali\u00e1s deixarei isso para o meu companheiro Renan Ara\u00fajo, que provavelmente colocar\u00e1 seu gabarito extraoficial logo que a prova for disponibilizada, inclusive com sugest\u00f5es de recursos em face do gabarito preliminar.<\/p>\n<p>Mas o que eu quero me dirigir a voc\u00ea que j\u00e1 esqueceu essa prova e, independentemente de qualquer coisa, j\u00e1 est\u00e1 firme nos estudos para a prova de segunda fase.<\/p>\n<p>Essa prova vale 30 pontos, dos quais 15 pontos est\u00e3o vinculados \u00e0 produ\u00e7\u00e3o da pe\u00e7a pr\u00e1tica.<\/p>\n<p>E para fazer essa prova, voc\u00ea vai precisar de um material de qualidade e completo. \u00c9 por isso que eu lhe recomendo o meu curso de pe\u00e7as pr\u00e1ticas, que j\u00e1 est\u00e1 dispon\u00edvel no link abaixo:<\/p>\n<p><a href=\"https:\/\/www.estrategiaconcursos.com.br\/curso\/pecas-praticas-p-delegado-de-policia-6855\/\">https:\/\/www.estrategiaconcursos.com.br\/curso\/pecas-praticas-p-delegado-de-policia-6855\/<\/a><\/p>\n<p>No curso acima, voc\u00ea vai ter 12 aulas + aula 00, ou seja, ser\u00e3o 13 aulas de muito conte\u00fado, s\u00e3o aulas curtas, de no m\u00e1ximo 50 p\u00e1ginas, nas quais vou lhe ensinar a produzir sua pe\u00e7a pr\u00e1tica de forma objetiva, mostrando para o examinador aquilo que ele quer ver escrito. Voc\u00ea vai aprender a identificar a pe\u00e7a com seguran\u00e7a, observando as dicas do enunciando que alertam para a pe\u00e7a que \u00e9 cab\u00edvel.<\/p>\n<p>O curso ainda possui uma s\u00e9rie de mais de 30 quest\u00f5es comentadas, a maioria de concursos anteriores de Delegado de Pol\u00edcia, no entanto, pela aus\u00eancia de quest\u00f5es de alguns temas, vamos lan\u00e7ar m\u00e3o de quest\u00f5es elaboradas por min, sempre com base nas quest\u00f5es j\u00e1 aplicadas, tentando se aproximar do que seria uma quest\u00e3o de concurso de delegado de pol\u00edcia em 2\u00aa fase.<\/p>\n<p>Acesse o link acima e aprenda a produzir uma representa\u00e7\u00e3o por pris\u00e3o preventiva.<\/p>\n<p>Alerto ainda que a aula 01 j\u00e1 est\u00e1 dispon\u00edvel, ou seja, vamos tentar adiantar as principais pe\u00e7as pr\u00e1ticas para antes da prova da PCDF, para que voc\u00ea que est\u00e1 se preparando para o curso tenha a maioria das aulas j\u00e1 dispon\u00edveis.<\/p>\n<p>O curso ainda contar\u00e1 com videoaulas exclusivamente gravadas para esse curso de pe\u00e7as pr\u00e1ticas, nas quais eu vou trabalhar em aproximadamente 20 horas todo o conte\u00fado de cada pe\u00e7a e vamos produzir juntos cada uma delas em formato de videoaula.<\/p>\n<p>Assim, veja que se trata de um curso completo, o mais completo do mercado. Recomendo que voc\u00ea adquira e inicie j\u00e1 a sua prepara\u00e7\u00e3o.<\/p>\n<p>Veja a solu\u00e7\u00e3o para a quest\u00e3o abaixo, que foi objeto de prova de 2\u00aa fase da PCTO, para o cargo de Delegado:<\/p>\n<p>Delegado de Pol\u00edcia &#8211; Concurso: PCTO &#8211; Ano: 2014 &#8211; Banca: AROEIRA &#8211; Disciplina: Direito Processual Penal &#8211; Assunto: Pris\u00e3o &#8211; PE\u00c7A T\u00c9CNICO-PROFISSIONAL.<\/p>\n<p>J. C., prim\u00e1rio e de bons antecedentes, responde, em liberdade, a inqu\u00e9rito policial por suposta pr\u00e1tica do crime de estelionato, na modalidade de fraude no pagamento por meio de cheque (art. 171, \u00a72.\u00ba, VI, C\u00f3digo Penal), contra a v\u00edtima I. A. O cheque, devolvido por aus\u00eancia de fundos, encontra-se juntado aos autos do inqu\u00e9rito. Chegou ao conhecimento da autoridade policial, todavia, pelos depoimentos da v\u00edtima e das testemunhas A. V. e P. A., que J. C. estaria rondando o bairro em que se deram os fatos, em atitude claramente amea\u00e7adora. Na condi\u00e7\u00e3o de Delegado de Pol\u00edcia respons\u00e1vel pelo caso, represente \u00e0 autoridade competente pela decreta\u00e7\u00e3o da pris\u00e3o provis\u00f3ria cab\u00edvel na hip\u00f3tese apresentada.<\/p>\n<p>E a\u00ed candidato, o que voc\u00ea faria diante de uma quest\u00e3o como essa? Qual a medida a ser adotada por voc\u00ea, na qualidade de Delegado de Pol\u00edcia?<\/p>\n<p>Quer saber qual a medida adequada e como produzi-la? Acesse o link acima.<\/p>\n<p>Abra\u00e7os.<\/p>\n<p>Bons estudos.<\/p>\n<p>Prof. Vin\u00edcius Silva.<\/p>\n","protected":false},"excerpt":{"rendered":"<p>Ol\u00e1 meus amigos, Firmes na luta dos concursos? Hoje estou aqui para conversar com aqueles que se preparam para provas discursivas de pe\u00e7as pr\u00e1ticas para delegado de pol\u00edcia, notadamente aqueles que acabaram de realizar a prova objetiva da PCDF. Ainda n\u00e3o tive acesso \u00e0 prova, mas pelo que comentam a prova foi muito complicada, por [&hellip;]<\/p>\n","protected":false},"author":93,"featured_media":0,"comment_status":"open","ping_status":"open","sticky":false,"template":"","format":"link","meta":{"post_tipo":"article","footnotes":""},"categories":[1,1988],"tags":[754,27,498,500],"tax_estado":[],"class_list":["post-23296","post","type-post","status-publish","format-link","hentry","category-cursos-e-concursos","category-policia","tag-delegado","tag-discursivas","tag-pc-df","tag-policia-federal","post_format-post-format-link"],"acf":[],"yoast_head":"<!-- This site is optimized with the Yoast SEO Premium plugin v27.2 (Yoast SEO v27.2) - https:\/\/yoast.com\/product\/yoast-seo-premium-wordpress\/ -->\n<title>Venha estudar com o Estrat\u00e9gia para a 2\u00aa Fase da PCDF - Delegado<\/title>\n<meta name=\"description\" content=\"Curso de discursivas para segunda fase do concurso de PC-DF. Confira o curso de Pe\u00e7as Pr\u00e1ticas para Delegado.\" \/>\n<meta name=\"robots\" content=\"index, follow, max-snippet:-1, max-image-preview:large, max-video-preview:-1\" \/>\n<link rel=\"canonical\" href=\"https:\/\/www.estrategiaconcursos.com.br\/blog\/venha-estudar-com-o-estrategia-para-a-2a-fase-da-pcdf-delegado\/\" \/>\n<meta property=\"og:locale\" content=\"pt_BR\" \/>\n<meta property=\"og:type\" content=\"article\" \/>\n<meta property=\"og:title\" content=\"Venha estudar com o Estrat\u00e9gia para a 2\u00aa Fase da PCDF - Delegado\" \/>\n<meta property=\"og:description\" content=\"Curso de discursivas para segunda fase do concurso de PC-DF. Confira o curso de Pe\u00e7as Pr\u00e1ticas para Delegado.\" \/>\n<meta property=\"og:url\" content=\"https:\/\/www.estrategiaconcursos.com.br\/blog\/venha-estudar-com-o-estrategia-para-a-2a-fase-da-pcdf-delegado\/\" \/>\n<meta property=\"og:site_name\" content=\"Estrat\u00e9gia Concursos\" \/>\n<meta property=\"article:published_time\" content=\"2015-05-18T00:53:28+00:00\" \/>\n<meta property=\"article:modified_time\" content=\"2016-03-10T14:36:19+00:00\" \/>\n<meta name=\"author\" content=\"Vinicius Silva\" \/>\n<meta name=\"twitter:card\" content=\"summary_large_image\" \/>\n<meta name=\"twitter:creator\" content=\"@EstratConcursos\" \/>\n<meta name=\"twitter:site\" content=\"@EstratConcursos\" \/>\n<meta name=\"twitter:label1\" content=\"Escrito por\" \/>\n\t<meta name=\"twitter:data1\" content=\"Vinicius Silva\" \/>\n\t<meta name=\"twitter:label2\" content=\"Est. tempo de leitura\" \/>\n\t<meta name=\"twitter:data2\" content=\"4 minutos\" \/>\n<script type=\"application\/ld+json\" class=\"yoast-schema-graph\">{\"@context\":\"https:\/\/schema.org\",\"@graph\":[{\"@type\":\"NewsArticle\",\"@id\":\"https:\/\/www.estrategiaconcursos.com.br\/blog\/venha-estudar-com-o-estrategia-para-a-2a-fase-da-pcdf-delegado\/#article\",\"isPartOf\":{\"@id\":\"https:\/\/www.estrategiaconcursos.com.br\/blog\/venha-estudar-com-o-estrategia-para-a-2a-fase-da-pcdf-delegado\/\"},\"author\":{\"name\":\"Vinicius Silva\",\"@id\":\"https:\/\/www.estrategiaconcursos.com.br\/blog\/#\/schema\/person\/20030622a981f9a942ad6b3561fe4ca4\"},\"headline\":\"Venha estudar com o Estrat\u00e9gia para a 2\u00aa Fase da PCDF &#8211; Delegado\",\"datePublished\":\"2015-05-18T00:53:28+00:00\",\"dateModified\":\"2016-03-10T14:36:19+00:00\",\"mainEntityOfPage\":{\"@id\":\"https:\/\/www.estrategiaconcursos.com.br\/blog\/venha-estudar-com-o-estrategia-para-a-2a-fase-da-pcdf-delegado\/\"},\"wordCount\":728,\"commentCount\":1,\"publisher\":{\"@id\":\"https:\/\/www.estrategiaconcursos.com.br\/blog\/#organization\"},\"keywords\":[\"Delegado\",\"discursivas\",\"PC-DF\",\"Policia Federal\"],\"articleSection\":[\"Concursos P\u00fablicos\",\"Policial (Agente, Escriv\u00e3o e Investigador)\"],\"inLanguage\":\"pt-BR\",\"potentialAction\":[{\"@type\":\"CommentAction\",\"name\":\"Comment\",\"target\":[\"https:\/\/www.estrategiaconcursos.com.br\/blog\/venha-estudar-com-o-estrategia-para-a-2a-fase-da-pcdf-delegado\/#respond\"]}],\"copyrightYear\":\"2015\",\"copyrightHolder\":{\"@id\":\"https:\/\/www.estrategiaconcursos.com.br\/blog\/#organization\"}},{\"@type\":\"WebPage\",\"@id\":\"https:\/\/www.estrategiaconcursos.com.br\/blog\/venha-estudar-com-o-estrategia-para-a-2a-fase-da-pcdf-delegado\/\",\"url\":\"https:\/\/www.estrategiaconcursos.com.br\/blog\/venha-estudar-com-o-estrategia-para-a-2a-fase-da-pcdf-delegado\/\",\"name\":\"Venha estudar com o Estrat\u00e9gia para a 2\u00aa Fase da PCDF - Delegado\",\"isPartOf\":{\"@id\":\"https:\/\/www.estrategiaconcursos.com.br\/blog\/#website\"},\"datePublished\":\"2015-05-18T00:53:28+00:00\",\"dateModified\":\"2016-03-10T14:36:19+00:00\",\"description\":\"Curso de discursivas para segunda fase do concurso de PC-DF. Confira o curso de Pe\u00e7as Pr\u00e1ticas para Delegado.\",\"breadcrumb\":{\"@id\":\"https:\/\/www.estrategiaconcursos.com.br\/blog\/venha-estudar-com-o-estrategia-para-a-2a-fase-da-pcdf-delegado\/#breadcrumb\"},\"inLanguage\":\"pt-BR\",\"potentialAction\":[{\"@type\":\"ReadAction\",\"target\":[\"https:\/\/www.estrategiaconcursos.com.br\/blog\/venha-estudar-com-o-estrategia-para-a-2a-fase-da-pcdf-delegado\/\"]}]},{\"@type\":\"BreadcrumbList\",\"@id\":\"https:\/\/www.estrategiaconcursos.com.br\/blog\/venha-estudar-com-o-estrategia-para-a-2a-fase-da-pcdf-delegado\/#breadcrumb\",\"itemListElement\":[{\"@type\":\"ListItem\",\"position\":1,\"name\":\"In\u00edcio\",\"item\":\"https:\/\/www.estrategiaconcursos.com.br\/blog\/\"},{\"@type\":\"ListItem\",\"position\":2,\"name\":\"Venha estudar com o Estrat\u00e9gia para a 2\u00aa Fase da PCDF &#8211; Delegado\"}]},{\"@type\":\"WebSite\",\"@id\":\"https:\/\/www.estrategiaconcursos.com.br\/blog\/#website\",\"url\":\"https:\/\/www.estrategiaconcursos.com.br\/blog\/\",\"name\":\"Estrat\u00e9gia Concursos\",\"description\":\"O blog da Estrat\u00e9gia Concursos traz not\u00edcias sobre concursos e artigos de professores oferecendo cursos para concursos (pdf + videaulas) no site.\",\"publisher\":{\"@id\":\"https:\/\/www.estrategiaconcursos.com.br\/blog\/#organization\"},\"potentialAction\":[{\"@type\":\"SearchAction\",\"target\":{\"@type\":\"EntryPoint\",\"urlTemplate\":\"https:\/\/www.estrategiaconcursos.com.br\/blog\/?s={search_term_string}\"},\"query-input\":{\"@type\":\"PropertyValueSpecification\",\"valueRequired\":true,\"valueName\":\"search_term_string\"}}],\"inLanguage\":\"pt-BR\"},{\"@type\":\"Organization\",\"@id\":\"https:\/\/www.estrategiaconcursos.com.br\/blog\/#organization\",\"name\":\"Estrat\u00e9gia Concursos\",\"url\":\"https:\/\/www.estrategiaconcursos.com.br\/blog\/\",\"logo\":{\"@type\":\"ImageObject\",\"inLanguage\":\"pt-BR\",\"@id\":\"https:\/\/www.estrategiaconcursos.com.br\/blog\/#\/schema\/logo\/image\/\",\"url\":\"https:\/\/dhg1h5j42swfq.cloudfront.net\/2025\/06\/03203428\/logo_concursos-1.jpg\",\"contentUrl\":\"https:\/\/dhg1h5j42swfq.cloudfront.net\/2025\/06\/03203428\/logo_concursos-1.jpg\",\"width\":230,\"height\":60,\"caption\":\"Estrat\u00e9gia Concursos\"},\"image\":{\"@id\":\"https:\/\/www.estrategiaconcursos.com.br\/blog\/#\/schema\/logo\/image\/\"},\"sameAs\":[\"https:\/\/x.com\/EstratConcursos\"]},{\"@type\":\"Person\",\"@id\":\"https:\/\/www.estrategiaconcursos.com.br\/blog\/#\/schema\/person\/20030622a981f9a942ad6b3561fe4ca4\",\"name\":\"Vinicius Silva\",\"image\":{\"@type\":\"ImageObject\",\"inLanguage\":\"pt-BR\",\"@id\":\"https:\/\/secure.gravatar.com\/avatar\/604d9670a4c7eea71feaa4381f3ae97e148292ac402671c5944aa67a3d127663?s=96&d=mm&r=g\",\"url\":\"https:\/\/secure.gravatar.com\/avatar\/604d9670a4c7eea71feaa4381f3ae97e148292ac402671c5944aa67a3d127663?s=96&d=mm&r=g\",\"contentUrl\":\"https:\/\/secure.gravatar.com\/avatar\/604d9670a4c7eea71feaa4381f3ae97e148292ac402671c5944aa67a3d127663?s=96&d=mm&r=g\",\"caption\":\"Vinicius Silva\"},\"url\":\"https:\/\/www.estrategiaconcursos.com.br\/blog\/author\/viniciussilvaestrategiaconcursos-com-br\/\"}]}<\/script>\n<!-- \/ Yoast SEO Premium plugin. -->","yoast_head_json":{"title":"Venha estudar com o Estrat\u00e9gia para a 2\u00aa Fase da PCDF - Delegado","description":"Curso de discursivas para segunda fase do concurso de PC-DF. Confira o curso de Pe\u00e7as Pr\u00e1ticas para Delegado.","robots":{"index":"index","follow":"follow","max-snippet":"max-snippet:-1","max-image-preview":"max-image-preview:large","max-video-preview":"max-video-preview:-1"},"canonical":"https:\/\/www.estrategiaconcursos.com.br\/blog\/venha-estudar-com-o-estrategia-para-a-2a-fase-da-pcdf-delegado\/","og_locale":"pt_BR","og_type":"article","og_title":"Venha estudar com o Estrat\u00e9gia para a 2\u00aa Fase da PCDF - Delegado","og_description":"Curso de discursivas para segunda fase do concurso de PC-DF. Confira o curso de Pe\u00e7as Pr\u00e1ticas para Delegado.","og_url":"https:\/\/www.estrategiaconcursos.com.br\/blog\/venha-estudar-com-o-estrategia-para-a-2a-fase-da-pcdf-delegado\/","og_site_name":"Estrat\u00e9gia Concursos","article_published_time":"2015-05-18T00:53:28+00:00","article_modified_time":"2016-03-10T14:36:19+00:00","author":"Vinicius Silva","twitter_card":"summary_large_image","twitter_creator":"@EstratConcursos","twitter_site":"@EstratConcursos","twitter_misc":{"Escrito por":"Vinicius Silva","Est. tempo de leitura":"4 minutos"},"schema":{"@context":"https:\/\/schema.org","@graph":[{"@type":"NewsArticle","@id":"https:\/\/www.estrategiaconcursos.com.br\/blog\/venha-estudar-com-o-estrategia-para-a-2a-fase-da-pcdf-delegado\/#article","isPartOf":{"@id":"https:\/\/www.estrategiaconcursos.com.br\/blog\/venha-estudar-com-o-estrategia-para-a-2a-fase-da-pcdf-delegado\/"},"author":{"name":"Vinicius Silva","@id":"https:\/\/www.estrategiaconcursos.com.br\/blog\/#\/schema\/person\/20030622a981f9a942ad6b3561fe4ca4"},"headline":"Venha estudar com o Estrat\u00e9gia para a 2\u00aa Fase da PCDF &#8211; Delegado","datePublished":"2015-05-18T00:53:28+00:00","dateModified":"2016-03-10T14:36:19+00:00","mainEntityOfPage":{"@id":"https:\/\/www.estrategiaconcursos.com.br\/blog\/venha-estudar-com-o-estrategia-para-a-2a-fase-da-pcdf-delegado\/"},"wordCount":728,"commentCount":1,"publisher":{"@id":"https:\/\/www.estrategiaconcursos.com.br\/blog\/#organization"},"keywords":["Delegado","discursivas","PC-DF","Policia Federal"],"articleSection":["Concursos P\u00fablicos","Policial (Agente, Escriv\u00e3o e Investigador)"],"inLanguage":"pt-BR","potentialAction":[{"@type":"CommentAction","name":"Comment","target":["https:\/\/www.estrategiaconcursos.com.br\/blog\/venha-estudar-com-o-estrategia-para-a-2a-fase-da-pcdf-delegado\/#respond"]}],"copyrightYear":"2015","copyrightHolder":{"@id":"https:\/\/www.estrategiaconcursos.com.br\/blog\/#organization"}},{"@type":"WebPage","@id":"https:\/\/www.estrategiaconcursos.com.br\/blog\/venha-estudar-com-o-estrategia-para-a-2a-fase-da-pcdf-delegado\/","url":"https:\/\/www.estrategiaconcursos.com.br\/blog\/venha-estudar-com-o-estrategia-para-a-2a-fase-da-pcdf-delegado\/","name":"Venha estudar com o Estrat\u00e9gia para a 2\u00aa Fase da PCDF - Delegado","isPartOf":{"@id":"https:\/\/www.estrategiaconcursos.com.br\/blog\/#website"},"datePublished":"2015-05-18T00:53:28+00:00","dateModified":"2016-03-10T14:36:19+00:00","description":"Curso de discursivas para segunda fase do concurso de PC-DF. Confira o curso de Pe\u00e7as Pr\u00e1ticas para Delegado.","breadcrumb":{"@id":"https:\/\/www.estrategiaconcursos.com.br\/blog\/venha-estudar-com-o-estrategia-para-a-2a-fase-da-pcdf-delegado\/#breadcrumb"},"inLanguage":"pt-BR","potentialAction":[{"@type":"ReadAction","target":["https:\/\/www.estrategiaconcursos.com.br\/blog\/venha-estudar-com-o-estrategia-para-a-2a-fase-da-pcdf-delegado\/"]}]},{"@type":"BreadcrumbList","@id":"https:\/\/www.estrategiaconcursos.com.br\/blog\/venha-estudar-com-o-estrategia-para-a-2a-fase-da-pcdf-delegado\/#breadcrumb","itemListElement":[{"@type":"ListItem","position":1,"name":"In\u00edcio","item":"https:\/\/www.estrategiaconcursos.com.br\/blog\/"},{"@type":"ListItem","position":2,"name":"Venha estudar com o Estrat\u00e9gia para a 2\u00aa Fase da PCDF &#8211; Delegado"}]},{"@type":"WebSite","@id":"https:\/\/www.estrategiaconcursos.com.br\/blog\/#website","url":"https:\/\/www.estrategiaconcursos.com.br\/blog\/","name":"Estrat\u00e9gia Concursos","description":"O blog da Estrat\u00e9gia Concursos traz not\u00edcias sobre concursos e artigos de professores oferecendo cursos para concursos (pdf + videaulas) no site.","publisher":{"@id":"https:\/\/www.estrategiaconcursos.com.br\/blog\/#organization"},"potentialAction":[{"@type":"SearchAction","target":{"@type":"EntryPoint","urlTemplate":"https:\/\/www.estrategiaconcursos.com.br\/blog\/?s={search_term_string}"},"query-input":{"@type":"PropertyValueSpecification","valueRequired":true,"valueName":"search_term_string"}}],"inLanguage":"pt-BR"},{"@type":"Organization","@id":"https:\/\/www.estrategiaconcursos.com.br\/blog\/#organization","name":"Estrat\u00e9gia Concursos","url":"https:\/\/www.estrategiaconcursos.com.br\/blog\/","logo":{"@type":"ImageObject","inLanguage":"pt-BR","@id":"https:\/\/www.estrategiaconcursos.com.br\/blog\/#\/schema\/logo\/image\/","url":"https:\/\/dhg1h5j42swfq.cloudfront.net\/2025\/06\/03203428\/logo_concursos-1.jpg","contentUrl":"https:\/\/dhg1h5j42swfq.cloudfront.net\/2025\/06\/03203428\/logo_concursos-1.jpg","width":230,"height":60,"caption":"Estrat\u00e9gia Concursos"},"image":{"@id":"https:\/\/www.estrategiaconcursos.com.br\/blog\/#\/schema\/logo\/image\/"},"sameAs":["https:\/\/x.com\/EstratConcursos"]},{"@type":"Person","@id":"https:\/\/www.estrategiaconcursos.com.br\/blog\/#\/schema\/person\/20030622a981f9a942ad6b3561fe4ca4","name":"Vinicius Silva","image":{"@type":"ImageObject","inLanguage":"pt-BR","@id":"https:\/\/secure.gravatar.com\/avatar\/604d9670a4c7eea71feaa4381f3ae97e148292ac402671c5944aa67a3d127663?s=96&d=mm&r=g","url":"https:\/\/secure.gravatar.com\/avatar\/604d9670a4c7eea71feaa4381f3ae97e148292ac402671c5944aa67a3d127663?s=96&d=mm&r=g","contentUrl":"https:\/\/secure.gravatar.com\/avatar\/604d9670a4c7eea71feaa4381f3ae97e148292ac402671c5944aa67a3d127663?s=96&d=mm&r=g","caption":"Vinicius Silva"},"url":"https:\/\/www.estrategiaconcursos.com.br\/blog\/author\/viniciussilvaestrategiaconcursos-com-br\/"}]}},"_links":{"self":[{"href":"https:\/\/www.estrategiaconcursos.com.br\/blog\/wp-json\/wp\/v2\/posts\/23296","targetHints":{"allow":["GET"]}}],"collection":[{"href":"https:\/\/www.estrategiaconcursos.com.br\/blog\/wp-json\/wp\/v2\/posts"}],"about":[{"href":"https:\/\/www.estrategiaconcursos.com.br\/blog\/wp-json\/wp\/v2\/types\/post"}],"author":[{"embeddable":true,"href":"https:\/\/www.estrategiaconcursos.com.br\/blog\/wp-json\/wp\/v2\/users\/93"}],"replies":[{"embeddable":true,"href":"https:\/\/www.estrategiaconcursos.com.br\/blog\/wp-json\/wp\/v2\/comments?post=23296"}],"version-history":[{"count":2,"href":"https:\/\/www.estrategiaconcursos.com.br\/blog\/wp-json\/wp\/v2\/posts\/23296\/revisions"}],"predecessor-version":[{"id":23312,"href":"https:\/\/www.estrategiaconcursos.com.br\/blog\/wp-json\/wp\/v2\/posts\/23296\/revisions\/23312"}],"wp:attachment":[{"href":"https:\/\/www.estrategiaconcursos.com.br\/blog\/wp-json\/wp\/v2\/media?parent=23296"}],"wp:term":[{"taxonomy":"category","embeddable":true,"href":"https:\/\/www.estrategiaconcursos.com.br\/blog\/wp-json\/wp\/v2\/categories?post=23296"},{"taxonomy":"post_tag","embeddable":true,"href":"https:\/\/www.estrategiaconcursos.com.br\/blog\/wp-json\/wp\/v2\/tags?post=23296"},{"taxonomy":"tax_estado","embeddable":true,"href":"https:\/\/www.estrategiaconcursos.com.br\/blog\/wp-json\/wp\/v2\/tax_estado?post=23296"}],"curies":[{"name":"wp","href":"https:\/\/api.w.org\/{rel}","templated":true}]}}