{"id":23212,"date":"2015-05-10T22:08:44","date_gmt":"2015-05-11T01:08:44","guid":{"rendered":"http:\/\/www.estrategiaconcursos.com.br\/blog\/?p=23212"},"modified":"2016-09-09T18:17:43","modified_gmt":"2016-09-09T21:17:43","slug":"concurso-dpu-suspenso-temporararimanete-o-concurso-com-143-vagas-para-cargos-da-area-de-apoio","status":"publish","type":"post","link":"https:\/\/www.estrategiaconcursos.com.br\/blog\/concurso-dpu-suspenso-temporararimanete-o-concurso-com-143-vagas-para-cargos-da-area-de-apoio\/","title":{"rendered":"Concurso DPU: Suspenso temporariamente o concurso com 143 vagas para cargos da \u00e1rea de apoio"},"content":{"rendered":"<p style=\"text-align: justify;\"><span style=\"color: #000000;\"><a href=\"https:\/\/dhg1h5j42swfq.cloudfront.net\/2015\/04\/concurso-DPU.jpg\"><img loading=\"lazy\" decoding=\"async\" class=\"alignleft wp-image-22684 size-medium\" src=\"https:\/\/dhg1h5j42swfq.cloudfront.net\/2015\/04\/concurso-DPU-300x147.jpg\" alt=\"concurso DPU\" width=\"300\" height=\"147\" srcset=\"https:\/\/dhg1h5j42swfq.cloudfront.net\/2015\/04\/concurso-DPU.jpg 300w, https:\/\/dhg1h5j42swfq.cloudfront.net\/2015\/04\/concurso-DPU.jpg 500w, https:\/\/dhg1h5j42swfq.cloudfront.net\/2015\/04\/concurso-DPU.jpg 670w\" sizes=\"auto, (max-width: 300px) 100vw, 300px\" \/><\/a>A\u00a0Defensoria P\u00fablica da Uni\u00e3o anunciou na \u00faltima sexta-feira (08) a suspens\u00e3o tempor\u00e1ria do concurso DPU, realizado para o preenchimento de 143 vagas\u00a0mais\u00a0forma\u00e7\u00e3o de cadastro de reserva\u00a0em cargos de n\u00edveis m\u00e9dio e superior.\u00a0 Segundo a nota divulgada, &#8220;a medida se justifica em raz\u00e3o de o Sistema de Pessoal Civil da Administra\u00e7\u00e3o P\u00fablica Federal &#8211; SIPEC n\u00e3o mais registrar, no quadro de pessoal da DPU, nenhum dos 393 cargos vagos de que o \u00d3rg\u00e3o dispunha quando do lan\u00e7amento do referido edital, o qual previu 143 vagas para provimento imediato, conforme autoriza\u00e7\u00e3o prevista na Lei n.\u00ba 13.115\/2015 \u2013 Lei Or\u00e7ament\u00e1ria Anual&#8221;.<\/span><\/p>\n<p style=\"text-align: justify;\"><span style=\"color: #000000;\">Ainda segundo o documento, &#8220;a DPU, a fim de resguardar o interesse dos candidatos e, consequentemente, das pessoas vulner\u00e1veis que necessitam de um servi\u00e7o de assist\u00eancia jur\u00eddica integral e gratuita estruturado, envidar\u00e1 todos os esfor\u00e7os necess\u00e1rios ao restabelecimento do certame. Mais informa\u00e7\u00f5es ser\u00e3o divulgadas oportunamente&#8221;.<\/span><\/p>\n<p style=\"text-align: justify;\"><span style=\"color: #000000;\">O concurso DPU previa vagas em n\u00edvel superior\u00a0\u00a0para analista t\u00e9cnico-administrativo, arquivista, assistente social, contador, economista, psic\u00f3logo, soci\u00f3logo, t\u00e9cnico em assuntos educacionais e t\u00e9cnico em comunica\u00e7\u00e3o social \u2013 jornalismo.\u00a0As vagas de n\u00edvel m\u00e9dio eram\u00a0para agente administrativo.\u00a0Os sal\u00e1rios de R$ 3.817,98 e R$ 5.266,18, respectivamente.<\/span><\/p>\n<p style=\"text-align: justify;\"><span style=\"color: #000000;\">As vagas do concurso DPU seriam distribu\u00eddas\u00a0para os estados do Acre, Alagoas, Amap\u00e1, Bahia, Distrito Federal, Esp\u00edrito Santo, Maranh\u00e3o, Mato Grosso, Mato Grosso do Sul, Minas Gerais, Par\u00e1, Paran\u00e1, Pernambuco, Rio de Janeiro, Rio Grande do Norte, Rio Grande do Sul, Rond\u00f4nia, Roraima, Santa Catarina, S\u00e3o Paulo, Sergipe e Tocantins.<\/span><\/p>\n<p style=\"text-align: justify;\"><span style=\"color: #000000;\">As provas objetivas estavam previstas para serem\u00a0aplicadas na data prov\u00e1vel de 21 de junho.\u00a0<\/span><\/p>\n<p style=\"text-align: justify;\"><span style=\"color: #000000;\">Confira o comunicado na \u00edntegra em:<\/span><\/p>\n<p><a href=\"http:\/\/www.cespe.unb.br\/concursos\/DPU_15_ADMINISTRATIVO\/arquivos\/DPU_ADM_2015_COMUNICADO_SUSPENS__O.PDF\"><span style=\"color: #0000ff;\">http:\/\/www.cespe.unb.br\/concursos\/DPU_15_ADMINISTRATIVO\/arquivos\/DPU_ADM_2015_COMUNICADO_SUSPENS__O.PDF<\/span><\/a><\/p>\n<p style=\"text-align: justify;\"><strong><span style=\"color: #000000;\">Enquanto o concurso DPU n\u00e3o \u00e9 retomado, os cursos do Estrat\u00e9gia Concursos seguir\u00e3o normalmente, de acordo com o cronograma j\u00e1 divulgado por cada professor. Veja em:<\/span><\/strong><\/p>\n<p><span style=\"color: #0000ff;\"><a style=\"color: #0000ff;\" href=\"https:\/\/www.estrategiaconcursos.com.br\/cursosPorConcurso\/dpu-administrativo-300\/\">https:\/\/www.estrategiaconcursos.com.br\/cursosPorConcurso\/dpu-administrativo-300\/<\/a><\/span><\/p>\n<p><span style=\"color: #000000;\">Assessoria de Comunica\u00e7\u00e3o<\/span><\/p>\n<p><span style=\"color: #000000;\">comunicacao@estrategiaconcursos.com.br<\/span><\/p>\n","protected":false},"excerpt":{"rendered":"<p>A\u00a0Defensoria P\u00fablica da Uni\u00e3o anunciou na \u00faltima sexta-feira (08) a suspens\u00e3o tempor\u00e1ria do concurso DPU, realizado para o preenchimento de 143 vagas\u00a0mais\u00a0forma\u00e7\u00e3o de cadastro de reserva\u00a0em cargos de n\u00edveis m\u00e9dio e superior.\u00a0 Segundo a nota divulgada, &#8220;a medida se justifica em raz\u00e3o de o Sistema de Pessoal Civil da Administra\u00e7\u00e3o P\u00fablica Federal &#8211; SIPEC n\u00e3o [&hellip;]<\/p>\n","protected":false},"author":1,"featured_media":0,"comment_status":"open","ping_status":"open","sticky":false,"template":"","format":"standard","meta":{"post_tipo":"news","footnotes":""},"categories":[1],"tags":[538,752],"tax_estado":[],"class_list":["post-23212","post","type-post","status-publish","format-standard","hentry","category-cursos-e-concursos","tag-dpu","tag-suspensao"],"acf":[],"yoast_head":"<!-- This site is optimized with the Yoast SEO Premium plugin v27.2 (Yoast SEO v27.2) - https:\/\/yoast.com\/product\/yoast-seo-premium-wordpress\/ -->\n<title>Concurso DPU: Suspenso temporariamente o concurso com 143 vagas para cargos da \u00e1rea de apoio<\/title>\n<meta name=\"description\" content=\"A Defensoria P\u00fablica da Uni\u00e3o anunciou na \u00faltima sexta-feira (08) a suspens\u00e3o tempor\u00e1ria do concurso DPU. Saiba mais!\" \/>\n<meta name=\"robots\" content=\"index, follow, max-snippet:-1, max-image-preview:large, max-video-preview:-1\" \/>\n<link rel=\"canonical\" href=\"https:\/\/www.estrategiaconcursos.com.br\/blog\/concurso-dpu-suspenso-temporararimanete-o-concurso-com-143-vagas-para-cargos-da-area-de-apoio\/\" \/>\n<meta property=\"og:locale\" content=\"pt_BR\" \/>\n<meta property=\"og:type\" content=\"article\" \/>\n<meta property=\"og:title\" content=\"Concurso DPU: Suspenso temporariamente o concurso com 143 vagas para cargos da \u00e1rea de apoio\" \/>\n<meta property=\"og:description\" content=\"A Defensoria P\u00fablica da Uni\u00e3o anunciou na \u00faltima sexta-feira (08) a suspens\u00e3o tempor\u00e1ria do concurso DPU. Saiba mais!\" \/>\n<meta property=\"og:url\" content=\"https:\/\/www.estrategiaconcursos.com.br\/blog\/concurso-dpu-suspenso-temporararimanete-o-concurso-com-143-vagas-para-cargos-da-area-de-apoio\/\" \/>\n<meta property=\"og:site_name\" content=\"Estrat\u00e9gia Concursos\" \/>\n<meta property=\"article:author\" content=\"https:\/\/www.facebook.com\/EstrategiaConcursos\" \/>\n<meta property=\"article:published_time\" content=\"2015-05-11T01:08:44+00:00\" \/>\n<meta property=\"article:modified_time\" content=\"2016-09-09T21:17:43+00:00\" \/>\n<meta property=\"og:image\" content=\"https:\/\/dhg1h5j42swfq.cloudfront.net\/2015\/04\/concurso-DPU-300x147.jpg\" \/>\n<meta name=\"author\" content=\"Coordena\u00e7\u00e3o\" \/>\n<meta name=\"twitter:card\" content=\"summary_large_image\" \/>\n<meta name=\"twitter:creator\" content=\"@EstratConcursos\" \/>\n<meta name=\"twitter:site\" content=\"@EstratConcursos\" \/>\n<meta name=\"twitter:label1\" content=\"Escrito por\" \/>\n\t<meta name=\"twitter:data1\" content=\"Coordena\u00e7\u00e3o\" \/>\n\t<meta name=\"twitter:label2\" content=\"Est. tempo de leitura\" \/>\n\t<meta name=\"twitter:data2\" content=\"2 minutos\" \/>\n<script type=\"application\/ld+json\" class=\"yoast-schema-graph\">{\"@context\":\"https:\/\/schema.org\",\"@graph\":[{\"@type\":\"NewsArticle\",\"@id\":\"https:\/\/www.estrategiaconcursos.com.br\/blog\/concurso-dpu-suspenso-temporararimanete-o-concurso-com-143-vagas-para-cargos-da-area-de-apoio\/#article\",\"isPartOf\":{\"@id\":\"https:\/\/www.estrategiaconcursos.com.br\/blog\/concurso-dpu-suspenso-temporararimanete-o-concurso-com-143-vagas-para-cargos-da-area-de-apoio\/\"},\"author\":{\"name\":\"Coordena\u00e7\u00e3o\",\"@id\":\"https:\/\/www.estrategiaconcursos.com.br\/blog\/#\/schema\/person\/b4a388c97673c5f483d72185668afa1f\"},\"headline\":\"Concurso DPU: Suspenso temporariamente o concurso com 143 vagas para cargos da \u00e1rea de apoio\",\"datePublished\":\"2015-05-11T01:08:44+00:00\",\"dateModified\":\"2016-09-09T21:17:43+00:00\",\"mainEntityOfPage\":{\"@id\":\"https:\/\/www.estrategiaconcursos.com.br\/blog\/concurso-dpu-suspenso-temporararimanete-o-concurso-com-143-vagas-para-cargos-da-area-de-apoio\/\"},\"wordCount\":368,\"commentCount\":9,\"publisher\":{\"@id\":\"https:\/\/www.estrategiaconcursos.com.br\/blog\/#organization\"},\"image\":{\"@id\":\"https:\/\/www.estrategiaconcursos.com.br\/blog\/concurso-dpu-suspenso-temporararimanete-o-concurso-com-143-vagas-para-cargos-da-area-de-apoio\/#primaryimage\"},\"thumbnailUrl\":\"https:\/\/dhg1h5j42swfq.cloudfront.net\/2015\/04\/concurso-DPU-300x147.jpg\",\"keywords\":[\"DPU\",\"Suspens\u00e3o\"],\"articleSection\":[\"Concursos P\u00fablicos\"],\"inLanguage\":\"pt-BR\",\"potentialAction\":[{\"@type\":\"CommentAction\",\"name\":\"Comment\",\"target\":[\"https:\/\/www.estrategiaconcursos.com.br\/blog\/concurso-dpu-suspenso-temporararimanete-o-concurso-com-143-vagas-para-cargos-da-area-de-apoio\/#respond\"]}],\"copyrightYear\":\"2015\",\"copyrightHolder\":{\"@id\":\"https:\/\/www.estrategiaconcursos.com.br\/blog\/#organization\"}},{\"@type\":\"WebPage\",\"@id\":\"https:\/\/www.estrategiaconcursos.com.br\/blog\/concurso-dpu-suspenso-temporararimanete-o-concurso-com-143-vagas-para-cargos-da-area-de-apoio\/\",\"url\":\"https:\/\/www.estrategiaconcursos.com.br\/blog\/concurso-dpu-suspenso-temporararimanete-o-concurso-com-143-vagas-para-cargos-da-area-de-apoio\/\",\"name\":\"Concurso DPU: Suspenso temporariamente o concurso com 143 vagas para cargos da \u00e1rea de apoio\",\"isPartOf\":{\"@id\":\"https:\/\/www.estrategiaconcursos.com.br\/blog\/#website\"},\"primaryImageOfPage\":{\"@id\":\"https:\/\/www.estrategiaconcursos.com.br\/blog\/concurso-dpu-suspenso-temporararimanete-o-concurso-com-143-vagas-para-cargos-da-area-de-apoio\/#primaryimage\"},\"image\":{\"@id\":\"https:\/\/www.estrategiaconcursos.com.br\/blog\/concurso-dpu-suspenso-temporararimanete-o-concurso-com-143-vagas-para-cargos-da-area-de-apoio\/#primaryimage\"},\"thumbnailUrl\":\"https:\/\/dhg1h5j42swfq.cloudfront.net\/2015\/04\/concurso-DPU-300x147.jpg\",\"datePublished\":\"2015-05-11T01:08:44+00:00\",\"dateModified\":\"2016-09-09T21:17:43+00:00\",\"description\":\"A Defensoria P\u00fablica da Uni\u00e3o anunciou na \u00faltima sexta-feira (08) a suspens\u00e3o tempor\u00e1ria do concurso DPU. Saiba mais!\",\"breadcrumb\":{\"@id\":\"https:\/\/www.estrategiaconcursos.com.br\/blog\/concurso-dpu-suspenso-temporararimanete-o-concurso-com-143-vagas-para-cargos-da-area-de-apoio\/#breadcrumb\"},\"inLanguage\":\"pt-BR\",\"potentialAction\":[{\"@type\":\"ReadAction\",\"target\":[\"https:\/\/www.estrategiaconcursos.com.br\/blog\/concurso-dpu-suspenso-temporararimanete-o-concurso-com-143-vagas-para-cargos-da-area-de-apoio\/\"]}]},{\"@type\":\"ImageObject\",\"inLanguage\":\"pt-BR\",\"@id\":\"https:\/\/www.estrategiaconcursos.com.br\/blog\/concurso-dpu-suspenso-temporararimanete-o-concurso-com-143-vagas-para-cargos-da-area-de-apoio\/#primaryimage\",\"url\":\"https:\/\/dhg1h5j42swfq.cloudfront.net\/2015\/04\/concurso-DPU-300x147.jpg\",\"contentUrl\":\"https:\/\/dhg1h5j42swfq.cloudfront.net\/2015\/04\/concurso-DPU-300x147.jpg\"},{\"@type\":\"BreadcrumbList\",\"@id\":\"https:\/\/www.estrategiaconcursos.com.br\/blog\/concurso-dpu-suspenso-temporararimanete-o-concurso-com-143-vagas-para-cargos-da-area-de-apoio\/#breadcrumb\",\"itemListElement\":[{\"@type\":\"ListItem\",\"position\":1,\"name\":\"In\u00edcio\",\"item\":\"https:\/\/www.estrategiaconcursos.com.br\/blog\/\"},{\"@type\":\"ListItem\",\"position\":2,\"name\":\"Concurso DPU: Suspenso temporariamente o concurso com 143 vagas para cargos da \u00e1rea de apoio\"}]},{\"@type\":\"WebSite\",\"@id\":\"https:\/\/www.estrategiaconcursos.com.br\/blog\/#website\",\"url\":\"https:\/\/www.estrategiaconcursos.com.br\/blog\/\",\"name\":\"Estrat\u00e9gia Concursos\",\"description\":\"O blog da Estrat\u00e9gia Concursos traz not\u00edcias sobre concursos e artigos de professores oferecendo cursos para concursos (pdf + videaulas) no site.\",\"publisher\":{\"@id\":\"https:\/\/www.estrategiaconcursos.com.br\/blog\/#organization\"},\"potentialAction\":[{\"@type\":\"SearchAction\",\"target\":{\"@type\":\"EntryPoint\",\"urlTemplate\":\"https:\/\/www.estrategiaconcursos.com.br\/blog\/?s={search_term_string}\"},\"query-input\":{\"@type\":\"PropertyValueSpecification\",\"valueRequired\":true,\"valueName\":\"search_term_string\"}}],\"inLanguage\":\"pt-BR\"},{\"@type\":\"Organization\",\"@id\":\"https:\/\/www.estrategiaconcursos.com.br\/blog\/#organization\",\"name\":\"Estrat\u00e9gia Concursos\",\"url\":\"https:\/\/www.estrategiaconcursos.com.br\/blog\/\",\"logo\":{\"@type\":\"ImageObject\",\"inLanguage\":\"pt-BR\",\"@id\":\"https:\/\/www.estrategiaconcursos.com.br\/blog\/#\/schema\/logo\/image\/\",\"url\":\"https:\/\/dhg1h5j42swfq.cloudfront.net\/2025\/06\/03203428\/logo_concursos-1.jpg\",\"contentUrl\":\"https:\/\/dhg1h5j42swfq.cloudfront.net\/2025\/06\/03203428\/logo_concursos-1.jpg\",\"width\":230,\"height\":60,\"caption\":\"Estrat\u00e9gia Concursos\"},\"image\":{\"@id\":\"https:\/\/www.estrategiaconcursos.com.br\/blog\/#\/schema\/logo\/image\/\"},\"sameAs\":[\"https:\/\/x.com\/EstratConcursos\"]},{\"@type\":\"Person\",\"@id\":\"https:\/\/www.estrategiaconcursos.com.br\/blog\/#\/schema\/person\/b4a388c97673c5f483d72185668afa1f\",\"name\":\"Coordena\u00e7\u00e3o\",\"image\":{\"@type\":\"ImageObject\",\"inLanguage\":\"pt-BR\",\"@id\":\"https:\/\/secure.gravatar.com\/avatar\/b720319e4c9a967eb58678d110f4fe35452fc5d5f97b202bac7b8acceb18c6ad?s=96&d=mm&r=g\",\"url\":\"https:\/\/secure.gravatar.com\/avatar\/b720319e4c9a967eb58678d110f4fe35452fc5d5f97b202bac7b8acceb18c6ad?s=96&d=mm&r=g\",\"contentUrl\":\"https:\/\/secure.gravatar.com\/avatar\/b720319e4c9a967eb58678d110f4fe35452fc5d5f97b202bac7b8acceb18c6ad?s=96&d=mm&r=g\",\"caption\":\"Coordena\u00e7\u00e3o\"},\"sameAs\":[\"https:\/\/www.facebook.com\/EstrategiaConcursos\",\"https:\/\/x.com\/EstratConcursos\"],\"url\":\"https:\/\/www.estrategiaconcursos.com.br\/blog\/author\/estrategia2013\/\"}]}<\/script>\n<!-- \/ Yoast SEO Premium plugin. -->","yoast_head_json":{"title":"Concurso DPU: Suspenso temporariamente o concurso com 143 vagas para cargos da \u00e1rea de apoio","description":"A Defensoria P\u00fablica da Uni\u00e3o anunciou na \u00faltima sexta-feira (08) a suspens\u00e3o tempor\u00e1ria do concurso DPU. Saiba mais!","robots":{"index":"index","follow":"follow","max-snippet":"max-snippet:-1","max-image-preview":"max-image-preview:large","max-video-preview":"max-video-preview:-1"},"canonical":"https:\/\/www.estrategiaconcursos.com.br\/blog\/concurso-dpu-suspenso-temporararimanete-o-concurso-com-143-vagas-para-cargos-da-area-de-apoio\/","og_locale":"pt_BR","og_type":"article","og_title":"Concurso DPU: Suspenso temporariamente o concurso com 143 vagas para cargos da \u00e1rea de apoio","og_description":"A Defensoria P\u00fablica da Uni\u00e3o anunciou na \u00faltima sexta-feira (08) a suspens\u00e3o tempor\u00e1ria do concurso DPU. Saiba mais!","og_url":"https:\/\/www.estrategiaconcursos.com.br\/blog\/concurso-dpu-suspenso-temporararimanete-o-concurso-com-143-vagas-para-cargos-da-area-de-apoio\/","og_site_name":"Estrat\u00e9gia Concursos","article_author":"https:\/\/www.facebook.com\/EstrategiaConcursos","article_published_time":"2015-05-11T01:08:44+00:00","article_modified_time":"2016-09-09T21:17:43+00:00","og_image":[{"url":"https:\/\/dhg1h5j42swfq.cloudfront.net\/2015\/04\/concurso-DPU-300x147.jpg","type":"","width":"","height":""}],"author":"Coordena\u00e7\u00e3o","twitter_card":"summary_large_image","twitter_creator":"@EstratConcursos","twitter_site":"@EstratConcursos","twitter_misc":{"Escrito por":"Coordena\u00e7\u00e3o","Est. tempo de leitura":"2 minutos"},"schema":{"@context":"https:\/\/schema.org","@graph":[{"@type":"NewsArticle","@id":"https:\/\/www.estrategiaconcursos.com.br\/blog\/concurso-dpu-suspenso-temporararimanete-o-concurso-com-143-vagas-para-cargos-da-area-de-apoio\/#article","isPartOf":{"@id":"https:\/\/www.estrategiaconcursos.com.br\/blog\/concurso-dpu-suspenso-temporararimanete-o-concurso-com-143-vagas-para-cargos-da-area-de-apoio\/"},"author":{"name":"Coordena\u00e7\u00e3o","@id":"https:\/\/www.estrategiaconcursos.com.br\/blog\/#\/schema\/person\/b4a388c97673c5f483d72185668afa1f"},"headline":"Concurso DPU: Suspenso temporariamente o concurso com 143 vagas para cargos da \u00e1rea de apoio","datePublished":"2015-05-11T01:08:44+00:00","dateModified":"2016-09-09T21:17:43+00:00","mainEntityOfPage":{"@id":"https:\/\/www.estrategiaconcursos.com.br\/blog\/concurso-dpu-suspenso-temporararimanete-o-concurso-com-143-vagas-para-cargos-da-area-de-apoio\/"},"wordCount":368,"commentCount":9,"publisher":{"@id":"https:\/\/www.estrategiaconcursos.com.br\/blog\/#organization"},"image":{"@id":"https:\/\/www.estrategiaconcursos.com.br\/blog\/concurso-dpu-suspenso-temporararimanete-o-concurso-com-143-vagas-para-cargos-da-area-de-apoio\/#primaryimage"},"thumbnailUrl":"https:\/\/dhg1h5j42swfq.cloudfront.net\/2015\/04\/concurso-DPU-300x147.jpg","keywords":["DPU","Suspens\u00e3o"],"articleSection":["Concursos P\u00fablicos"],"inLanguage":"pt-BR","potentialAction":[{"@type":"CommentAction","name":"Comment","target":["https:\/\/www.estrategiaconcursos.com.br\/blog\/concurso-dpu-suspenso-temporararimanete-o-concurso-com-143-vagas-para-cargos-da-area-de-apoio\/#respond"]}],"copyrightYear":"2015","copyrightHolder":{"@id":"https:\/\/www.estrategiaconcursos.com.br\/blog\/#organization"}},{"@type":"WebPage","@id":"https:\/\/www.estrategiaconcursos.com.br\/blog\/concurso-dpu-suspenso-temporararimanete-o-concurso-com-143-vagas-para-cargos-da-area-de-apoio\/","url":"https:\/\/www.estrategiaconcursos.com.br\/blog\/concurso-dpu-suspenso-temporararimanete-o-concurso-com-143-vagas-para-cargos-da-area-de-apoio\/","name":"Concurso DPU: Suspenso temporariamente o concurso com 143 vagas para cargos da \u00e1rea de apoio","isPartOf":{"@id":"https:\/\/www.estrategiaconcursos.com.br\/blog\/#website"},"primaryImageOfPage":{"@id":"https:\/\/www.estrategiaconcursos.com.br\/blog\/concurso-dpu-suspenso-temporararimanete-o-concurso-com-143-vagas-para-cargos-da-area-de-apoio\/#primaryimage"},"image":{"@id":"https:\/\/www.estrategiaconcursos.com.br\/blog\/concurso-dpu-suspenso-temporararimanete-o-concurso-com-143-vagas-para-cargos-da-area-de-apoio\/#primaryimage"},"thumbnailUrl":"https:\/\/dhg1h5j42swfq.cloudfront.net\/2015\/04\/concurso-DPU-300x147.jpg","datePublished":"2015-05-11T01:08:44+00:00","dateModified":"2016-09-09T21:17:43+00:00","description":"A Defensoria P\u00fablica da Uni\u00e3o anunciou na \u00faltima sexta-feira (08) a suspens\u00e3o tempor\u00e1ria do concurso DPU. Saiba mais!","breadcrumb":{"@id":"https:\/\/www.estrategiaconcursos.com.br\/blog\/concurso-dpu-suspenso-temporararimanete-o-concurso-com-143-vagas-para-cargos-da-area-de-apoio\/#breadcrumb"},"inLanguage":"pt-BR","potentialAction":[{"@type":"ReadAction","target":["https:\/\/www.estrategiaconcursos.com.br\/blog\/concurso-dpu-suspenso-temporararimanete-o-concurso-com-143-vagas-para-cargos-da-area-de-apoio\/"]}]},{"@type":"ImageObject","inLanguage":"pt-BR","@id":"https:\/\/www.estrategiaconcursos.com.br\/blog\/concurso-dpu-suspenso-temporararimanete-o-concurso-com-143-vagas-para-cargos-da-area-de-apoio\/#primaryimage","url":"https:\/\/dhg1h5j42swfq.cloudfront.net\/2015\/04\/concurso-DPU-300x147.jpg","contentUrl":"https:\/\/dhg1h5j42swfq.cloudfront.net\/2015\/04\/concurso-DPU-300x147.jpg"},{"@type":"BreadcrumbList","@id":"https:\/\/www.estrategiaconcursos.com.br\/blog\/concurso-dpu-suspenso-temporararimanete-o-concurso-com-143-vagas-para-cargos-da-area-de-apoio\/#breadcrumb","itemListElement":[{"@type":"ListItem","position":1,"name":"In\u00edcio","item":"https:\/\/www.estrategiaconcursos.com.br\/blog\/"},{"@type":"ListItem","position":2,"name":"Concurso DPU: Suspenso temporariamente o concurso com 143 vagas para cargos da \u00e1rea de apoio"}]},{"@type":"WebSite","@id":"https:\/\/www.estrategiaconcursos.com.br\/blog\/#website","url":"https:\/\/www.estrategiaconcursos.com.br\/blog\/","name":"Estrat\u00e9gia Concursos","description":"O blog da Estrat\u00e9gia Concursos traz not\u00edcias sobre concursos e artigos de professores oferecendo cursos para concursos (pdf + videaulas) no site.","publisher":{"@id":"https:\/\/www.estrategiaconcursos.com.br\/blog\/#organization"},"potentialAction":[{"@type":"SearchAction","target":{"@type":"EntryPoint","urlTemplate":"https:\/\/www.estrategiaconcursos.com.br\/blog\/?s={search_term_string}"},"query-input":{"@type":"PropertyValueSpecification","valueRequired":true,"valueName":"search_term_string"}}],"inLanguage":"pt-BR"},{"@type":"Organization","@id":"https:\/\/www.estrategiaconcursos.com.br\/blog\/#organization","name":"Estrat\u00e9gia Concursos","url":"https:\/\/www.estrategiaconcursos.com.br\/blog\/","logo":{"@type":"ImageObject","inLanguage":"pt-BR","@id":"https:\/\/www.estrategiaconcursos.com.br\/blog\/#\/schema\/logo\/image\/","url":"https:\/\/dhg1h5j42swfq.cloudfront.net\/2025\/06\/03203428\/logo_concursos-1.jpg","contentUrl":"https:\/\/dhg1h5j42swfq.cloudfront.net\/2025\/06\/03203428\/logo_concursos-1.jpg","width":230,"height":60,"caption":"Estrat\u00e9gia Concursos"},"image":{"@id":"https:\/\/www.estrategiaconcursos.com.br\/blog\/#\/schema\/logo\/image\/"},"sameAs":["https:\/\/x.com\/EstratConcursos"]},{"@type":"Person","@id":"https:\/\/www.estrategiaconcursos.com.br\/blog\/#\/schema\/person\/b4a388c97673c5f483d72185668afa1f","name":"Coordena\u00e7\u00e3o","image":{"@type":"ImageObject","inLanguage":"pt-BR","@id":"https:\/\/secure.gravatar.com\/avatar\/b720319e4c9a967eb58678d110f4fe35452fc5d5f97b202bac7b8acceb18c6ad?s=96&d=mm&r=g","url":"https:\/\/secure.gravatar.com\/avatar\/b720319e4c9a967eb58678d110f4fe35452fc5d5f97b202bac7b8acceb18c6ad?s=96&d=mm&r=g","contentUrl":"https:\/\/secure.gravatar.com\/avatar\/b720319e4c9a967eb58678d110f4fe35452fc5d5f97b202bac7b8acceb18c6ad?s=96&d=mm&r=g","caption":"Coordena\u00e7\u00e3o"},"sameAs":["https:\/\/www.facebook.com\/EstrategiaConcursos","https:\/\/x.com\/EstratConcursos"],"url":"https:\/\/www.estrategiaconcursos.com.br\/blog\/author\/estrategia2013\/"}]}},"_links":{"self":[{"href":"https:\/\/www.estrategiaconcursos.com.br\/blog\/wp-json\/wp\/v2\/posts\/23212","targetHints":{"allow":["GET"]}}],"collection":[{"href":"https:\/\/www.estrategiaconcursos.com.br\/blog\/wp-json\/wp\/v2\/posts"}],"about":[{"href":"https:\/\/www.estrategiaconcursos.com.br\/blog\/wp-json\/wp\/v2\/types\/post"}],"author":[{"embeddable":true,"href":"https:\/\/www.estrategiaconcursos.com.br\/blog\/wp-json\/wp\/v2\/users\/1"}],"replies":[{"embeddable":true,"href":"https:\/\/www.estrategiaconcursos.com.br\/blog\/wp-json\/wp\/v2\/comments?post=23212"}],"version-history":[{"count":2,"href":"https:\/\/www.estrategiaconcursos.com.br\/blog\/wp-json\/wp\/v2\/posts\/23212\/revisions"}],"predecessor-version":[{"id":23214,"href":"https:\/\/www.estrategiaconcursos.com.br\/blog\/wp-json\/wp\/v2\/posts\/23212\/revisions\/23214"}],"wp:attachment":[{"href":"https:\/\/www.estrategiaconcursos.com.br\/blog\/wp-json\/wp\/v2\/media?parent=23212"}],"wp:term":[{"taxonomy":"category","embeddable":true,"href":"https:\/\/www.estrategiaconcursos.com.br\/blog\/wp-json\/wp\/v2\/categories?post=23212"},{"taxonomy":"post_tag","embeddable":true,"href":"https:\/\/www.estrategiaconcursos.com.br\/blog\/wp-json\/wp\/v2\/tags?post=23212"},{"taxonomy":"tax_estado","embeddable":true,"href":"https:\/\/www.estrategiaconcursos.com.br\/blog\/wp-json\/wp\/v2\/tax_estado?post=23212"}],"curies":[{"name":"wp","href":"https:\/\/api.w.org\/{rel}","templated":true}]}}