{"id":23193,"date":"2015-05-08T16:25:19","date_gmt":"2015-05-08T19:25:19","guid":{"rendered":"http:\/\/www.estrategiaconcursos.com.br\/blog\/?p=23193"},"modified":"2015-08-15T11:23:33","modified_gmt":"2015-08-15T14:23:33","slug":"esta-valendo-a-ec-882015-resultante-da-famosa-pec-da-bengala-saiba-o-que-mudou","status":"publish","type":"post","link":"https:\/\/www.estrategiaconcursos.com.br\/blog\/esta-valendo-a-ec-882015-resultante-da-famosa-pec-da-bengala-saiba-o-que-mudou\/","title":{"rendered":"Est\u00e1 valendo a EC 88\/2015, resultante da famosa &#8221; PEC da Bengala &#8220;. Saiba o que mudou!"},"content":{"rendered":"<p style=\"text-align: justify;\">Ol\u00e1\u00a0concurseiros(as), tudo bem?<\/p>\n<p style=\"text-align: justify;\">\u00c9 sempre uma satisfa\u00e7\u00e3o passar por aqui!<\/p>\n<p style=\"text-align: justify;\">Hoje, vou falar brevemente da <span style=\"color: #0000ff;\"><strong>Emenda Constitucional 88, de 7 de maio de 2015<\/strong><\/span> (publicada no Di\u00e1rio Oficial da Uni\u00e3o de 8 de maio de 2015).<\/p>\n<p style=\"text-align: justify;\">A EC 88\/2015 \u00e9 resultante da\u00a0Proposta de Emenda Constitucional &#8211; PEC 457\/2005, conhecida como &#8221; PEC da Bengala &#8220;. Basicamente, a emenda <strong>alterou, de 70 para 75 anos, a idade da aposentadoria compuls\u00f3ria dos ministros do\u00a0<span style=\"color: #0000ff;\"><span style=\"text-decoration: underline;\">Supremo Tribunal Federal<\/span>, dos <span style=\"text-decoration: underline;\">Tribunais Superiores<\/span> e do <span style=\"text-decoration: underline;\">Tribunal de Contas da Uni\u00e3o<\/span><\/span><\/strong>.<\/p>\n<p style=\"text-align: justify;\">Contudo, n\u00e3o se resume a isso.\u00a0A EC 88\/2015 alterou a reda\u00e7\u00e3o do art. 40, \u00a71\u00ba, II, permitindo que uma <strong><span style=\"color: #0000ff;\">lei complementar<\/span> <\/strong>estabele\u00e7a condi\u00e7\u00f5es para\u00a0<strong>aumentar a idade de aposentadoria compuls\u00f3ria dos\u00a0servidores p\u00fablicos submetidos ao Regime Pr\u00f3prio de Previd\u00eancia Social dos 70 para os 75<\/strong>.<\/p>\n<p style=\"text-align: justify;\">Vamos, rapidamente, discursar sobre o assunto.<\/p>\n<p style=\"text-align: justify;\">O art. 40 estabelece um conjunto de regras previdenci\u00e1rias aplic\u00e1veis aos servidores p\u00fablicos denominadas de &#8220;Regime Pr\u00f3prio de Previd\u00eancia Social&#8221; &#8211; RPPS. Por essas regras, o servidor p\u00fablico\u00a0poder\u00e1 ser aposentado em tr\u00eas condi\u00e7\u00f5es distintas:<\/p>\n<ul>\n<li style=\"text-align: justify;\"><span style=\"color: #0000ff;\"><strong>por invalidez permanente <\/strong><span style=\"color: #000000;\">(CF, art. 40, \u00a71\u00ba, I)\u00a0&#8211; situa\u00e7\u00e3o em que o servidor \u00e9 acometido por alguma enfermidade que o torne inv\u00e1lido, permanentemente, para o servi\u00e7o, conforme atestado por junta m\u00e9dica oficial. Nessa situa\u00e7\u00e3o, a regra \u00e9 que o servidor seja aposentado\u00a0com\u00a0<\/span><\/span><strong>proventos proporcionais ao tempo de contribui\u00e7\u00e3o;<\/strong>\u00a0salvo\u00a0se a invalidez decorrer de acidente em servi\u00e7o, mol\u00e9stia profissional ou doen\u00e7a grave, contagiosa ou incur\u00e1vel, na forma da lei, quando ent\u00e3o ele receber\u00e1 os proventos integrais.<\/li>\n<li style=\"text-align: justify;\"><span style=\"color: #0000ff;\"><strong>voluntariamente\u00a0<\/strong><span style=\"color: #000000;\">(CF, art. 40, \u00a71\u00ba, III)\u00a0&#8211;\u00a0<\/span><\/span>desde que cumprido tempo m\u00ednimo de dez anos de efetivo exerc\u00edcio no servi\u00e7o p\u00fablico e cinco anos no cargo efetivo em que se dar\u00e1 a aposentadoria, observadas as seguintes condi\u00e7\u00f5es: (a) sessenta anos de idade e trinta e cinco de contribui\u00e7\u00e3o, se homem, e cinquenta e cinco anos de idade e trinta de contribui\u00e7\u00e3o, se mulher; (b) sessenta e cinco anos de idade, se homem, e sessenta anos de idade, se mulher, com proventos proporcionais ao tempo de contribui\u00e7\u00e3o.<\/li>\n<li style=\"text-align: justify;\"><span style=\"color: #0000ff;\"><strong>compulsoriamente<\/strong>\u00a0<span style=\"color: #000000;\">(CF, art. 40, \u00a71\u00ba, II)\u00a0<\/span><\/span>&#8211; situa\u00e7\u00e3o em que o servidor atinge determinada idade e, obrigatoriamente, ser\u00e1 aposentado, percebendo\u00a0proventos proporcionais ao tempo de contribui\u00e7\u00e3o. Neste caso, o constituinte\u00a0havia fixado uma idade limite em que, presumidamente, o servidor n\u00e3o teria mais condi\u00e7\u00f5es f\u00edsicas e mentais para desempenhar as suas atribui\u00e7\u00f5es e, por conseguinte, deveria ser compulsoriamente aposentado. Assim, mesmo desejando trabalhar, o servidor seria aposentado. Essa aposentadoria <strong><span style=\"text-decoration: underline;\">ocorria<\/span><\/strong>, para <span style=\"text-decoration: underline;\">todos os cargos<\/span>, aos <span style=\"text-decoration: underline;\"><strong>70 anos<\/strong><\/span> de idade.\u00a0<strong>\u00c9 neste ponto que a EC 88\/2015 realizou as altera\u00e7\u00f5es!<\/strong><\/li>\n<\/ul>\n<p style=\"text-align: justify;\">Vejamos, ent\u00e3o, como era o texto constitucional e como ficou ap\u00f3s a promulga\u00e7\u00e3o da EC 88\/2015:<\/p>\n<p style=\"padding-left: 60px; text-align: justify;\" align=\"JUSTIFY\"><em>Art. 40. Aos servidores titulares de cargos efetivos da Uni\u00e3o, dos Estados, do Distrito Federal e dos Munic\u00edpios, inclu\u00eddas suas autarquias e funda\u00e7\u00f5es, \u00e9 assegurado regime de previd\u00eancia de car\u00e1ter contributivo e solid\u00e1rio, mediante contribui\u00e7\u00e3o do respectivo ente p\u00fablico, dos servidores ativos e inativos e dos pensionistas, observados crit\u00e9rios que preservem o equil\u00edbrio financeiro e atuarial e o disposto neste artigo.<\/em><\/p>\n<p style=\"padding-left: 60px; text-align: justify;\" align=\"JUSTIFY\"><em>\u00a7 1\u00ba Os servidores abrangidos pelo regime de previd\u00eancia de que trata este artigo ser\u00e3o aposentados, calculados os seus proventos a partir dos valores fixados na forma dos \u00a7\u00a7 3\u00ba e 17:<\/em><\/p>\n<p style=\"padding-left: 60px; text-align: justify;\" align=\"JUSTIFY\"><em>[&#8230;]<\/em><\/p>\n<p style=\"padding-left: 60px; text-align: justify;\" align=\"JUSTIFY\"><strong><span style=\"color: #ff0000;\"><em><span style=\"text-decoration: underline;\">Reda\u00e7\u00e3o antiga<\/span>: II &#8211; compulsoriamente, aos setenta anos de idade, com proventos proporcionais ao tempo de contribui\u00e7\u00e3o;<\/em><\/span><\/strong><\/p>\n<p style=\"padding-left: 60px; text-align: justify;\" align=\"JUSTIFY\"><span style=\"color: #0000ff;\"><em><strong><span style=\"text-decoration: underline;\">Reda\u00e7\u00e3o atual (EC 88\/2015)<\/span>:\u00a0II &#8211; compulsoriamente, com proventos proporcionais ao tempo de contribui\u00e7\u00e3o, aos 70 (setenta) anos de idade, ou aos 75 (setenta e cinco) anos de idade, na forma de lei complementar;<\/strong><\/em><\/span><\/p>\n<p style=\"text-align: justify;\" align=\"JUSTIFY\">A nova reda\u00e7\u00e3o do art. 40, \u00a71\u00ba, II, \u00e9 norma de <strong>efic\u00e1cia limitada<\/strong>, ou seja, depende de &#8220;lei complementar&#8221; para efetivamente alterar a idade da aposentadoria compuls\u00f3ria. Assim, at\u00e9 a edi\u00e7\u00e3o da &#8220;lei complementar&#8221;, a idade da aposentaria compuls\u00f3ria permanece, <span style=\"text-decoration: underline;\">como regra<\/span>, nos 70 anos.<\/p>\n<p style=\"text-align: justify;\" align=\"JUSTIFY\">Utilizamos acima o &#8220;<em>como regra<\/em>&#8220;, pois ap\u00f3s a EC 88\/2015\u00a0os 70 anos de idade\u00a0para aposentadoria compuls\u00f3ria n\u00e3o se aplicam mais para todos os cargos. Isso porque a emenda tamb\u00e9m acrescentou\u00a0o artigo 100 do Ato das Disposi\u00e7\u00f5es Constitucionais Transit\u00f3rias &#8211; ADCT, com a seguinte reda\u00e7\u00e3o:<\/p>\n<p style=\"padding-left: 60px; text-align: justify;\" align=\"JUSTIFY\"><strong><span style=\"color: #0000ff;\"><em>Art. 100. At\u00e9 que entre em vigor a lei complementar de que trata o inciso II do \u00a7 1\u00ba do art. 40 da Constitui\u00e7\u00e3o Federal, os Ministros do Supremo Tribunal Federal, dos Tribunais Superiores e do Tribunal de Contas da Uni\u00e3o aposentar-se-\u00e3o, compulsoriamente, aos 75 (setenta e cinco) anos de idade, nas condi\u00e7\u00f5es do art. 52 da Constitui\u00e7\u00e3o Federal<\/em><\/span>.<\/strong><\/p>\n<p style=\"text-align: justify;\" align=\"JUSTIFY\">Assim,\u00a0para os ministros do Supremo Tribunal Federal, dos Tribunais Superiores (STJ, TSE, TST, STM) e do Tribunal de Contas da Uni\u00e3o a altera\u00e7\u00e3o da idade compuls\u00f3ria dos 70 para os 75 anos ocorreu diretamente com a promulga\u00e7\u00e3o da EC 88\/2015. Portanto, essa altera\u00e7\u00e3o n\u00e3o depende da &#8220;lei complementar&#8221; mencionada no art. 40, \u00a71\u00ba, II.<\/p>\n<p style=\"text-align: justify;\" align=\"JUSTIFY\">Assim, temos a seguinte situa\u00e7\u00e3o:<\/p>\n<ol>\n<li style=\"text-align: justify;\"><strong>como <span style=\"text-decoration: underline;\">regra geral<\/span>, a idade da aposentadoria compuls\u00f3ria permanece aos 70 anos, mas isso poder\u00e1 ser alterado para 75 anos, na forma de\u00a0<\/strong><strong>uma lei complementar; e<\/strong><\/li>\n<li style=\"text-align: justify;\"><strong>para os ministros do STF, dos Tribunais Superiores (STJ, TSE, TST e STM) e do TCU, a idade da aposentadoria compuls\u00f3ria j\u00e1 foi modificada para os 75 anos<\/strong>.<\/li>\n<\/ol>\n<p>Al\u00e9m disso, devemos fazer algumas observa\u00e7\u00f5es complementares!<\/p>\n<p style=\"text-align: justify;\" align=\"JUSTIFY\">O art. 100 do ADCT, inclu\u00eddo pela EC 88\/2015, mencionou no trecho final &#8220;<em>nas condi\u00e7\u00f5es do art. 52 da Constitui\u00e7\u00e3o Federal<\/em>&#8220;. O art. 52, entretanto,\u00a0trata\u00a0das compet\u00eancias do Senado Federal, n\u00e3o apresentando nenhuma regra sobre a aposentadoria dos ministros. A \u00fanica compet\u00eancia relacionada consta no art. 52, III, &#8220;a&#8221; e &#8220;b&#8221;, que\u00a0trata da sabatina pr\u00e9via realizada pelo Senado Federal dos nomes indicados pelo Presidente da Rep\u00fablica para\u00a0determinados magistrados e alguns ministros do Tribunal de Contas da Uni\u00e3o.<\/p>\n<p style=\"text-align: justify;\" align=\"JUSTIFY\">At\u00e9 se defendeu que\u00a0a inclus\u00e3o da men\u00e7\u00e3o do art. 52 no novo art. 100 do ADCT tinha como objetivo exigir que os ministros que alcan\u00e7assem os 70 anos se submetessem \u00e0 nova sabatina do Senado Federal (isso consta em uma entrevista do Presidente do Senado, Renan Calheiros). Contudo,\u00a0\u00e9 quase imposs\u00edvel extrair isso do art. 100 do ADCT, ou seja, isso era mera inten\u00e7\u00e3o, que ficou na &#8220;reserva mental&#8221; do constituinte derivado reformador, mas que n\u00e3o possui nenhuma aplica\u00e7\u00e3o no mundo jur\u00eddico. Dessa forma, a men\u00e7\u00e3o do art. 52 possui, por ora, mero sentido de refor\u00e7ar\u00a0que determinados\u00a0ministros e os membros\u00a0do Tribunal de Contas da Uni\u00e3o\u00a0indicados pelo Presidente da Rep\u00fablica devem se submeter,\u00a0antes da nomea\u00e7\u00e3o, \u00e0 aprova\u00e7\u00e3o do Senado Federal, sendo que sua aposentadoria\u00a0compuls\u00f3ria ocorre aos 75 anos de idade. Mas n\u00e3o representa qualquer necessidade de &#8220;nova sabatina&#8221;.<\/p>\n<p style=\"text-align: justify;\" align=\"JUSTIFY\">Vale acrescentar ainda que este tema ser\u00e1 discutido pelo Supremo Tribunal Federal, na ADI 5.316, proposta pela\u00a0Associa\u00e7\u00e3o dos Magistrados Brasileiros (AMB), pela Associa\u00e7\u00e3o Nacional dos Magistrados da Justi\u00e7a do Trabalho (Anamatra) e pela Associa\u00e7\u00e3o dos Ju\u00edzes Federais do Brasil (Ajufe). As associa\u00e7\u00f5es pediram\u00a0o deferimento da medida cautelar para suspender a express\u00e3o \u201c<em>nas condi\u00e7\u00f5es do artigo 52 da Constitui\u00e7\u00e3o Federal<\/em>\u201d, contida no texto do art. 100 do ADCT, introduzido pelo artigo 2\u00ba da EC 88\/2015 ou, alternativamente, a totalidade do art. 2\u00ba da emenda. No m\u00e9rito, solicitaram a declara\u00e7\u00e3o de nulidade da referida express\u00e3o, com efeito <i>ex tunc <\/i>(retroativo).\u00a0Quando houver a decis\u00e3o cautelar ou de m\u00e9rito,\u00a0apresentaremos um <em>post<\/em> com o resultado!<\/p>\n<p style=\"text-align: justify;\" align=\"JUSTIFY\">Por fim,\u00a0a &#8220;lei complementar&#8221; a que se refere o art. 40, \u00a71\u00ba, II, ser\u00e1 uma lei elaborada pelo Congresso Nacional &#8211; lei complementar nacional. Isso porque o Supremo Tribunal Federal possui entendimento no sentido de que a Uni\u00e3o possui a compet\u00eancia para estabelecer uma norma nacional regulamentadora da previd\u00eancia dos servidores p\u00fablicos, ainda que a mat\u00e9ria seja de compet\u00eancia concorrente (STF, Plen\u00e1rio, MI 1.898 AgR, Rel. Min. Joaquim Barbosa, 16.5.2012):<\/p>\n<p style=\"text-align: justify; padding-left: 60px;\"><strong><em>[&#8230;] A Corte firmou entendimento no sentido de que a compet\u00eancia concorrente para legislar sobre previd\u00eancia dos servidores p\u00fablicos n\u00e3o afasta a necessidade da edi\u00e7\u00e3o de norma regulamentadora de car\u00e1ter nacional, cuja compet\u00eancia \u00e9 da Uni\u00e3o.\u00a0Por esse motivo, a Corte assentou a legitimidade do Presidente da Rep\u00fablica para figurar no polo passivo de mandado de injun\u00e7\u00e3o sobre esse tema.<\/em><\/strong><\/p>\n<p style=\"text-align: justify;\">Portanto,\u00a0o art. 40, \u00a71\u00ba, II, dever\u00e1 ser regulamentado por uma lei complementar aprovada\u00a0pelo Congresso Nacional, possuindo o car\u00e1ter nacional.<\/p>\n<p style=\"text-align: justify;\">Bom, com isso terminamos de analisar\u00a0a Emenda Constitucional 88\/2015. Fique atento, pois isso dever\u00e1 aparecer nas provas que se aproximam!<\/p>\n<p style=\"text-align: justify;\">Vamos adequar os nossos cursos,\u00a0deixando-os atualizados de acordo com as novas regras constitucionais!<\/p>\n<p style=\"text-align: justify;\">Quer sair na frente? N\u00e3o deixe de conferir os nossos cursos aqui no Estrat\u00e9gia Concursos:<\/p>\n<p>https:\/\/www.estrategiaconcursos.com.br\/cursosPorProfessor\/herbert-almeida-3314\/<\/p>\n<p style=\"text-align: justify;\">Um grande abra\u00e7o e bons estudos!<\/p>\n<p style=\"text-align: justify;\"><strong>Prof. Herbert Almeida<\/strong><\/p>\n","protected":false},"excerpt":{"rendered":"<p>Ol\u00e1\u00a0concurseiros(as), tudo bem? \u00c9 sempre uma satisfa\u00e7\u00e3o passar por aqui! Hoje, vou falar brevemente da Emenda Constitucional 88, de 7 de maio de 2015 (publicada no Di\u00e1rio Oficial da Uni\u00e3o de 8 de maio de 2015). A EC 88\/2015 \u00e9 resultante da\u00a0Proposta de Emenda Constitucional &#8211; PEC 457\/2005, conhecida como &#8221; PEC da Bengala &#8220;. [&hellip;]<\/p>\n","protected":false},"author":129,"featured_media":0,"comment_status":"open","ping_status":"open","sticky":false,"template":"","format":"standard","meta":{"post_tipo":"article","footnotes":""},"categories":[1],"tags":[749,750,751,67,747,672,746,748,32],"tax_estado":[],"class_list":["post-23193","post","type-post","status-publish","format-standard","hentry","category-cursos-e-concursos","tag-aposentadoria","tag-compulsoria","tag-constituicao-federal","tag-direito-administrativo","tag-ec-882015","tag-jurisprudencia","tag-pec-da-bengala","tag-servidores-publicos","tag-stf"],"acf":[],"yoast_head":"<!-- This site is optimized with the Yoast SEO Premium plugin v27.2 (Yoast SEO v27.2) - https:\/\/yoast.com\/product\/yoast-seo-premium-wordpress\/ -->\n<title>PEC da Bengala<\/title>\n<meta name=\"description\" content=\"PEC da Bengala\" \/>\n<meta name=\"robots\" content=\"index, follow, max-snippet:-1, max-image-preview:large, max-video-preview:-1\" \/>\n<link rel=\"canonical\" href=\"https:\/\/www.estrategiaconcursos.com.br\/blog\/esta-valendo-a-ec-882015-resultante-da-famosa-pec-da-bengala-saiba-o-que-mudou\/\" \/>\n<meta property=\"og:locale\" content=\"pt_BR\" \/>\n<meta property=\"og:type\" content=\"article\" \/>\n<meta property=\"og:title\" content=\"Est\u00e1 valendo a EC 88\/2015, resultante da famosa &quot; PEC da Bengala &quot;. Saiba o que mudou!\" \/>\n<meta property=\"og:description\" content=\"PEC da Bengala\" \/>\n<meta property=\"og:url\" content=\"https:\/\/www.estrategiaconcursos.com.br\/blog\/esta-valendo-a-ec-882015-resultante-da-famosa-pec-da-bengala-saiba-o-que-mudou\/\" \/>\n<meta property=\"og:site_name\" content=\"Estrat\u00e9gia Concursos\" \/>\n<meta property=\"article:published_time\" content=\"2015-05-08T19:25:19+00:00\" \/>\n<meta property=\"article:modified_time\" content=\"2015-08-15T14:23:33+00:00\" \/>\n<meta name=\"author\" content=\"Herbert Almeida\" \/>\n<meta name=\"twitter:card\" content=\"summary_large_image\" \/>\n<meta name=\"twitter:creator\" content=\"@EstratConcursos\" \/>\n<meta name=\"twitter:site\" content=\"@EstratConcursos\" \/>\n<meta name=\"twitter:label1\" content=\"Escrito por\" \/>\n\t<meta name=\"twitter:data1\" content=\"Herbert Almeida\" \/>\n\t<meta name=\"twitter:label2\" content=\"Est. tempo de leitura\" \/>\n\t<meta name=\"twitter:data2\" content=\"7 minutos\" \/>\n<script type=\"application\/ld+json\" class=\"yoast-schema-graph\">{\"@context\":\"https:\/\/schema.org\",\"@graph\":[{\"@type\":\"NewsArticle\",\"@id\":\"https:\/\/www.estrategiaconcursos.com.br\/blog\/esta-valendo-a-ec-882015-resultante-da-famosa-pec-da-bengala-saiba-o-que-mudou\/#article\",\"isPartOf\":{\"@id\":\"https:\/\/www.estrategiaconcursos.com.br\/blog\/esta-valendo-a-ec-882015-resultante-da-famosa-pec-da-bengala-saiba-o-que-mudou\/\"},\"author\":{\"name\":\"Herbert Almeida\",\"@id\":\"https:\/\/www.estrategiaconcursos.com.br\/blog\/#\/schema\/person\/59717c75350fa01aa0fd68a52a8d02e0\"},\"headline\":\"Est\u00e1 valendo a EC 88\/2015, resultante da famosa &#8221; PEC da Bengala &#8220;. Saiba o que mudou!\",\"datePublished\":\"2015-05-08T19:25:19+00:00\",\"dateModified\":\"2015-08-15T14:23:33+00:00\",\"mainEntityOfPage\":{\"@id\":\"https:\/\/www.estrategiaconcursos.com.br\/blog\/esta-valendo-a-ec-882015-resultante-da-famosa-pec-da-bengala-saiba-o-que-mudou\/\"},\"wordCount\":1495,\"commentCount\":47,\"publisher\":{\"@id\":\"https:\/\/www.estrategiaconcursos.com.br\/blog\/#organization\"},\"keywords\":[\"Aposentadoria\",\"Compuls\u00f3ria\",\"Constitui\u00e7\u00e3o Federal\",\"Direito Administrativo\",\"EC 88\/2015\",\"Jurisprud\u00eancia\",\"PEC da Bengala\",\"Servidores P\u00fablicos\",\"STF\"],\"articleSection\":[\"Concursos P\u00fablicos\"],\"inLanguage\":\"pt-BR\",\"potentialAction\":[{\"@type\":\"CommentAction\",\"name\":\"Comment\",\"target\":[\"https:\/\/www.estrategiaconcursos.com.br\/blog\/esta-valendo-a-ec-882015-resultante-da-famosa-pec-da-bengala-saiba-o-que-mudou\/#respond\"]}],\"copyrightYear\":\"2015\",\"copyrightHolder\":{\"@id\":\"https:\/\/www.estrategiaconcursos.com.br\/blog\/#organization\"}},{\"@type\":\"WebPage\",\"@id\":\"https:\/\/www.estrategiaconcursos.com.br\/blog\/esta-valendo-a-ec-882015-resultante-da-famosa-pec-da-bengala-saiba-o-que-mudou\/\",\"url\":\"https:\/\/www.estrategiaconcursos.com.br\/blog\/esta-valendo-a-ec-882015-resultante-da-famosa-pec-da-bengala-saiba-o-que-mudou\/\",\"name\":\"PEC da Bengala\",\"isPartOf\":{\"@id\":\"https:\/\/www.estrategiaconcursos.com.br\/blog\/#website\"},\"datePublished\":\"2015-05-08T19:25:19+00:00\",\"dateModified\":\"2015-08-15T14:23:33+00:00\",\"description\":\"PEC da Bengala\",\"breadcrumb\":{\"@id\":\"https:\/\/www.estrategiaconcursos.com.br\/blog\/esta-valendo-a-ec-882015-resultante-da-famosa-pec-da-bengala-saiba-o-que-mudou\/#breadcrumb\"},\"inLanguage\":\"pt-BR\",\"potentialAction\":[{\"@type\":\"ReadAction\",\"target\":[\"https:\/\/www.estrategiaconcursos.com.br\/blog\/esta-valendo-a-ec-882015-resultante-da-famosa-pec-da-bengala-saiba-o-que-mudou\/\"]}]},{\"@type\":\"BreadcrumbList\",\"@id\":\"https:\/\/www.estrategiaconcursos.com.br\/blog\/esta-valendo-a-ec-882015-resultante-da-famosa-pec-da-bengala-saiba-o-que-mudou\/#breadcrumb\",\"itemListElement\":[{\"@type\":\"ListItem\",\"position\":1,\"name\":\"In\u00edcio\",\"item\":\"https:\/\/www.estrategiaconcursos.com.br\/blog\/\"},{\"@type\":\"ListItem\",\"position\":2,\"name\":\"Est\u00e1 valendo a EC 88\/2015, resultante da famosa &#8221; PEC da Bengala &#8220;. Saiba o que mudou!\"}]},{\"@type\":\"WebSite\",\"@id\":\"https:\/\/www.estrategiaconcursos.com.br\/blog\/#website\",\"url\":\"https:\/\/www.estrategiaconcursos.com.br\/blog\/\",\"name\":\"Estrat\u00e9gia Concursos\",\"description\":\"O blog da Estrat\u00e9gia Concursos traz not\u00edcias sobre concursos e artigos de professores oferecendo cursos para concursos (pdf + videaulas) no site.\",\"publisher\":{\"@id\":\"https:\/\/www.estrategiaconcursos.com.br\/blog\/#organization\"},\"potentialAction\":[{\"@type\":\"SearchAction\",\"target\":{\"@type\":\"EntryPoint\",\"urlTemplate\":\"https:\/\/www.estrategiaconcursos.com.br\/blog\/?s={search_term_string}\"},\"query-input\":{\"@type\":\"PropertyValueSpecification\",\"valueRequired\":true,\"valueName\":\"search_term_string\"}}],\"inLanguage\":\"pt-BR\"},{\"@type\":\"Organization\",\"@id\":\"https:\/\/www.estrategiaconcursos.com.br\/blog\/#organization\",\"name\":\"Estrat\u00e9gia Concursos\",\"url\":\"https:\/\/www.estrategiaconcursos.com.br\/blog\/\",\"logo\":{\"@type\":\"ImageObject\",\"inLanguage\":\"pt-BR\",\"@id\":\"https:\/\/www.estrategiaconcursos.com.br\/blog\/#\/schema\/logo\/image\/\",\"url\":\"https:\/\/dhg1h5j42swfq.cloudfront.net\/2025\/06\/03203428\/logo_concursos-1.jpg\",\"contentUrl\":\"https:\/\/dhg1h5j42swfq.cloudfront.net\/2025\/06\/03203428\/logo_concursos-1.jpg\",\"width\":230,\"height\":60,\"caption\":\"Estrat\u00e9gia Concursos\"},\"image\":{\"@id\":\"https:\/\/www.estrategiaconcursos.com.br\/blog\/#\/schema\/logo\/image\/\"},\"sameAs\":[\"https:\/\/x.com\/EstratConcursos\"]},{\"@type\":\"Person\",\"@id\":\"https:\/\/www.estrategiaconcursos.com.br\/blog\/#\/schema\/person\/59717c75350fa01aa0fd68a52a8d02e0\",\"name\":\"Herbert Almeida\",\"image\":{\"@type\":\"ImageObject\",\"inLanguage\":\"pt-BR\",\"@id\":\"https:\/\/secure.gravatar.com\/avatar\/b6461a43893c24d5fc91efc433971ffec025c84c0341129f4578034d77f9a536?s=96&d=mm&r=g\",\"url\":\"https:\/\/secure.gravatar.com\/avatar\/b6461a43893c24d5fc91efc433971ffec025c84c0341129f4578034d77f9a536?s=96&d=mm&r=g\",\"contentUrl\":\"https:\/\/secure.gravatar.com\/avatar\/b6461a43893c24d5fc91efc433971ffec025c84c0341129f4578034d77f9a536?s=96&d=mm&r=g\",\"caption\":\"Herbert Almeida\"},\"url\":\"https:\/\/www.estrategiaconcursos.com.br\/blog\/author\/herbertestrategiaconcursos-com-br\/\"}]}<\/script>\n<!-- \/ Yoast SEO Premium plugin. -->","yoast_head_json":{"title":"PEC da Bengala","description":"PEC da Bengala","robots":{"index":"index","follow":"follow","max-snippet":"max-snippet:-1","max-image-preview":"max-image-preview:large","max-video-preview":"max-video-preview:-1"},"canonical":"https:\/\/www.estrategiaconcursos.com.br\/blog\/esta-valendo-a-ec-882015-resultante-da-famosa-pec-da-bengala-saiba-o-que-mudou\/","og_locale":"pt_BR","og_type":"article","og_title":"Est\u00e1 valendo a EC 88\/2015, resultante da famosa \" PEC da Bengala \". Saiba o que mudou!","og_description":"PEC da Bengala","og_url":"https:\/\/www.estrategiaconcursos.com.br\/blog\/esta-valendo-a-ec-882015-resultante-da-famosa-pec-da-bengala-saiba-o-que-mudou\/","og_site_name":"Estrat\u00e9gia Concursos","article_published_time":"2015-05-08T19:25:19+00:00","article_modified_time":"2015-08-15T14:23:33+00:00","author":"Herbert Almeida","twitter_card":"summary_large_image","twitter_creator":"@EstratConcursos","twitter_site":"@EstratConcursos","twitter_misc":{"Escrito por":"Herbert Almeida","Est. tempo de leitura":"7 minutos"},"schema":{"@context":"https:\/\/schema.org","@graph":[{"@type":"NewsArticle","@id":"https:\/\/www.estrategiaconcursos.com.br\/blog\/esta-valendo-a-ec-882015-resultante-da-famosa-pec-da-bengala-saiba-o-que-mudou\/#article","isPartOf":{"@id":"https:\/\/www.estrategiaconcursos.com.br\/blog\/esta-valendo-a-ec-882015-resultante-da-famosa-pec-da-bengala-saiba-o-que-mudou\/"},"author":{"name":"Herbert Almeida","@id":"https:\/\/www.estrategiaconcursos.com.br\/blog\/#\/schema\/person\/59717c75350fa01aa0fd68a52a8d02e0"},"headline":"Est\u00e1 valendo a EC 88\/2015, resultante da famosa &#8221; PEC da Bengala &#8220;. Saiba o que mudou!","datePublished":"2015-05-08T19:25:19+00:00","dateModified":"2015-08-15T14:23:33+00:00","mainEntityOfPage":{"@id":"https:\/\/www.estrategiaconcursos.com.br\/blog\/esta-valendo-a-ec-882015-resultante-da-famosa-pec-da-bengala-saiba-o-que-mudou\/"},"wordCount":1495,"commentCount":47,"publisher":{"@id":"https:\/\/www.estrategiaconcursos.com.br\/blog\/#organization"},"keywords":["Aposentadoria","Compuls\u00f3ria","Constitui\u00e7\u00e3o Federal","Direito Administrativo","EC 88\/2015","Jurisprud\u00eancia","PEC da Bengala","Servidores P\u00fablicos","STF"],"articleSection":["Concursos P\u00fablicos"],"inLanguage":"pt-BR","potentialAction":[{"@type":"CommentAction","name":"Comment","target":["https:\/\/www.estrategiaconcursos.com.br\/blog\/esta-valendo-a-ec-882015-resultante-da-famosa-pec-da-bengala-saiba-o-que-mudou\/#respond"]}],"copyrightYear":"2015","copyrightHolder":{"@id":"https:\/\/www.estrategiaconcursos.com.br\/blog\/#organization"}},{"@type":"WebPage","@id":"https:\/\/www.estrategiaconcursos.com.br\/blog\/esta-valendo-a-ec-882015-resultante-da-famosa-pec-da-bengala-saiba-o-que-mudou\/","url":"https:\/\/www.estrategiaconcursos.com.br\/blog\/esta-valendo-a-ec-882015-resultante-da-famosa-pec-da-bengala-saiba-o-que-mudou\/","name":"PEC da Bengala","isPartOf":{"@id":"https:\/\/www.estrategiaconcursos.com.br\/blog\/#website"},"datePublished":"2015-05-08T19:25:19+00:00","dateModified":"2015-08-15T14:23:33+00:00","description":"PEC da Bengala","breadcrumb":{"@id":"https:\/\/www.estrategiaconcursos.com.br\/blog\/esta-valendo-a-ec-882015-resultante-da-famosa-pec-da-bengala-saiba-o-que-mudou\/#breadcrumb"},"inLanguage":"pt-BR","potentialAction":[{"@type":"ReadAction","target":["https:\/\/www.estrategiaconcursos.com.br\/blog\/esta-valendo-a-ec-882015-resultante-da-famosa-pec-da-bengala-saiba-o-que-mudou\/"]}]},{"@type":"BreadcrumbList","@id":"https:\/\/www.estrategiaconcursos.com.br\/blog\/esta-valendo-a-ec-882015-resultante-da-famosa-pec-da-bengala-saiba-o-que-mudou\/#breadcrumb","itemListElement":[{"@type":"ListItem","position":1,"name":"In\u00edcio","item":"https:\/\/www.estrategiaconcursos.com.br\/blog\/"},{"@type":"ListItem","position":2,"name":"Est\u00e1 valendo a EC 88\/2015, resultante da famosa &#8221; PEC da Bengala &#8220;. Saiba o que mudou!"}]},{"@type":"WebSite","@id":"https:\/\/www.estrategiaconcursos.com.br\/blog\/#website","url":"https:\/\/www.estrategiaconcursos.com.br\/blog\/","name":"Estrat\u00e9gia Concursos","description":"O blog da Estrat\u00e9gia Concursos traz not\u00edcias sobre concursos e artigos de professores oferecendo cursos para concursos (pdf + videaulas) no site.","publisher":{"@id":"https:\/\/www.estrategiaconcursos.com.br\/blog\/#organization"},"potentialAction":[{"@type":"SearchAction","target":{"@type":"EntryPoint","urlTemplate":"https:\/\/www.estrategiaconcursos.com.br\/blog\/?s={search_term_string}"},"query-input":{"@type":"PropertyValueSpecification","valueRequired":true,"valueName":"search_term_string"}}],"inLanguage":"pt-BR"},{"@type":"Organization","@id":"https:\/\/www.estrategiaconcursos.com.br\/blog\/#organization","name":"Estrat\u00e9gia Concursos","url":"https:\/\/www.estrategiaconcursos.com.br\/blog\/","logo":{"@type":"ImageObject","inLanguage":"pt-BR","@id":"https:\/\/www.estrategiaconcursos.com.br\/blog\/#\/schema\/logo\/image\/","url":"https:\/\/dhg1h5j42swfq.cloudfront.net\/2025\/06\/03203428\/logo_concursos-1.jpg","contentUrl":"https:\/\/dhg1h5j42swfq.cloudfront.net\/2025\/06\/03203428\/logo_concursos-1.jpg","width":230,"height":60,"caption":"Estrat\u00e9gia Concursos"},"image":{"@id":"https:\/\/www.estrategiaconcursos.com.br\/blog\/#\/schema\/logo\/image\/"},"sameAs":["https:\/\/x.com\/EstratConcursos"]},{"@type":"Person","@id":"https:\/\/www.estrategiaconcursos.com.br\/blog\/#\/schema\/person\/59717c75350fa01aa0fd68a52a8d02e0","name":"Herbert Almeida","image":{"@type":"ImageObject","inLanguage":"pt-BR","@id":"https:\/\/secure.gravatar.com\/avatar\/b6461a43893c24d5fc91efc433971ffec025c84c0341129f4578034d77f9a536?s=96&d=mm&r=g","url":"https:\/\/secure.gravatar.com\/avatar\/b6461a43893c24d5fc91efc433971ffec025c84c0341129f4578034d77f9a536?s=96&d=mm&r=g","contentUrl":"https:\/\/secure.gravatar.com\/avatar\/b6461a43893c24d5fc91efc433971ffec025c84c0341129f4578034d77f9a536?s=96&d=mm&r=g","caption":"Herbert Almeida"},"url":"https:\/\/www.estrategiaconcursos.com.br\/blog\/author\/herbertestrategiaconcursos-com-br\/"}]}},"_links":{"self":[{"href":"https:\/\/www.estrategiaconcursos.com.br\/blog\/wp-json\/wp\/v2\/posts\/23193","targetHints":{"allow":["GET"]}}],"collection":[{"href":"https:\/\/www.estrategiaconcursos.com.br\/blog\/wp-json\/wp\/v2\/posts"}],"about":[{"href":"https:\/\/www.estrategiaconcursos.com.br\/blog\/wp-json\/wp\/v2\/types\/post"}],"author":[{"embeddable":true,"href":"https:\/\/www.estrategiaconcursos.com.br\/blog\/wp-json\/wp\/v2\/users\/129"}],"replies":[{"embeddable":true,"href":"https:\/\/www.estrategiaconcursos.com.br\/blog\/wp-json\/wp\/v2\/comments?post=23193"}],"version-history":[{"count":11,"href":"https:\/\/www.estrategiaconcursos.com.br\/blog\/wp-json\/wp\/v2\/posts\/23193\/revisions"}],"predecessor-version":[{"id":25707,"href":"https:\/\/www.estrategiaconcursos.com.br\/blog\/wp-json\/wp\/v2\/posts\/23193\/revisions\/25707"}],"wp:attachment":[{"href":"https:\/\/www.estrategiaconcursos.com.br\/blog\/wp-json\/wp\/v2\/media?parent=23193"}],"wp:term":[{"taxonomy":"category","embeddable":true,"href":"https:\/\/www.estrategiaconcursos.com.br\/blog\/wp-json\/wp\/v2\/categories?post=23193"},{"taxonomy":"post_tag","embeddable":true,"href":"https:\/\/www.estrategiaconcursos.com.br\/blog\/wp-json\/wp\/v2\/tags?post=23193"},{"taxonomy":"tax_estado","embeddable":true,"href":"https:\/\/www.estrategiaconcursos.com.br\/blog\/wp-json\/wp\/v2\/tax_estado?post=23193"}],"curies":[{"name":"wp","href":"https:\/\/api.w.org\/{rel}","templated":true}]}}