{"id":23186,"date":"2015-05-08T13:30:11","date_gmt":"2015-05-08T16:30:11","guid":{"rendered":"http:\/\/www.estrategiaconcursos.com.br\/blog\/?p=23186"},"modified":"2015-05-11T10:32:54","modified_gmt":"2015-05-11T13:32:54","slug":"edital-do-trt-mg-so-tem-cadastro-reserva-vale-a-pena-fazer-a-prova","status":"publish","type":"post","link":"https:\/\/www.estrategiaconcursos.com.br\/blog\/edital-do-trt-mg-so-tem-cadastro-reserva-vale-a-pena-fazer-a-prova\/","title":{"rendered":"Edital do TRT-MG s\u00f3 tem cadastro reserva. Vale a pena fazer a prova?"},"content":{"rendered":"<p>Oi amigos(as),<\/p>\n<p>Estou postando este artigo para falar sobre o edital do <a title=\"Cursos para Concurso TRT MG\" href=\"https:\/\/www.estrategiaconcursos.com.br\/cursosPorConcurso\/trt-3-regiao-minas-gerais-296\/\"><strong>TRT 3\u00aa Regi\u00e3o (Minas Gerais)<\/strong><\/a>, que foi publicado hoje (08\/05\/15).<\/p>\n<p>Muitos colegas ficam em d\u00favida sobre prestar ou n\u00e3o um concurso quando v\u00eaem que o edital s\u00f3 tem cadastro reserva, ou ent\u00e3o quando existem pouqu\u00edssimas vagas de disponibiliza\u00e7\u00e3o imediata.<\/p>\n<p>No caso de Tribunais recomendo fortemente que prestem os concursos, pois a rotatividade \u00e9 muito alta! No concurso do\u00a0<strong>TRT 9\u00aa Regi\u00e3o (Paran\u00e1)<\/strong>, por exemplo, cujas provas foram aplicadas em 2013, havia poucas vagas no edital. Entretanto, j\u00e1 foram convocados candidatos muito al\u00e9m do previsto!<\/p>\n<p>Para quem quiser conferir, segue abaixo o link com a situa\u00e7\u00e3o dos candidatos, onde se v\u00ea que:<\/p>\n<p>&#8212;&#8212;&#8212;&#8212;<\/p>\n<p>&#8211; para o cargo de T\u00e9cnico Judici\u00e1rio (\u00c1rea Administrativa) as<strong> nomea\u00e7\u00f5es<\/strong> j\u00e1 alcan\u00e7aram o candidato<strong>\u00a0<\/strong>aprovado na <strong>276\u00aa<\/strong> coloca\u00e7\u00e3o &#8211; o edital previa 12 (doze) vagas para esse cargo.<\/p>\n<p>&#8211; para o cargo de Analista\u00a0Judici\u00e1rio (\u00c1rea Tecnologia da Informa\u00e7\u00e3o) as<strong> nomea\u00e7\u00f5es<\/strong> j\u00e1 alcan\u00e7aram o candidato<strong>\u00a0<\/strong>aprovado na <strong>112\u00aa<\/strong> coloca\u00e7\u00e3o &#8211;\u00a0o edital previa somente cadastro reserva\u00a0para esse cargo.<\/p>\n<p>&#8211; para o cargo de Analista Judici\u00e1rio\u00a0(\u00c1rea Judici\u00e1ria) as<strong> nomea\u00e7\u00f5es<\/strong> j\u00e1 alcan\u00e7aram o candidato\u00a0aprovado na<strong> 136<\/strong><strong>\u00aa<\/strong> coloca\u00e7\u00e3o\u00a0&#8211; o edital previa 10 (dez) vagas para esse cargo.<\/p>\n<p>&#8211; para o cargo de Analista Judici\u00e1rio\u00a0(\u00c1rea Oficial de Justi\u00e7a Avaliador Federal) as<strong> nomea\u00e7\u00f5es<\/strong> j\u00e1 alcan\u00e7aram o candidato\u00a0aprovado na<strong>\u00a028<\/strong><strong>\u00aa<\/strong> coloca\u00e7\u00e3o\u00a0&#8211; o edital previa somente cadastro reserva\u00a0para esse cargo.<\/p>\n<p><a href=\"http:\/\/www.trt9.jus.br\/internet_base\/nomeacaoconcursocon.do?evento=F9-Pesquisar\">http:\/\/www.trt9.jus.br\/internet_base\/nomeacaoconcursocon.do?evento=F9-Pesquisar<\/a><\/p>\n<p>&#8212;&#8212;&#8212;&#8212;-<\/p>\n<p>Portanto, se voc\u00ea tem interesse em ser servidor do <strong>TRT 3\u00aa Regi\u00e3o (Minas Gerais)<\/strong>, n\u00e3o se decepcione com o cadastro reserva: preste o concurso porque os aprovados ter\u00e3o grandes chances de serem convocados!<\/p>\n<p>J\u00e1 existem cursos lan\u00e7ados, e em breve teremos muitos outros. Abaixo o link dos cursos do TRT-MG:<\/p>\n<p><a href=\"https:\/\/www.estrategiaconcursos.com.br\/cursosPorConcurso\/trt-3-regiao-minas-gerais-296\/\">Cursos Online TRT-MG 2015<\/a><\/p>\n<p>Grande abra\u00e7o,<\/p>\n<p>Prof M\u00e1rio Pinheiro<\/p>\n<p><a href=\"https:\/\/www.facebook.com\/mario.pinheiro.18\">https:\/\/www.facebook.com\/mario.pinheiro.18<\/a><\/p>\n","protected":false},"excerpt":{"rendered":"<p>Oi amigos(as), Estou postando este artigo para falar sobre o edital do TRT 3\u00aa Regi\u00e3o (Minas Gerais), que foi publicado hoje (08\/05\/15). Muitos colegas ficam em d\u00favida sobre prestar ou n\u00e3o um concurso quando v\u00eaem que o edital s\u00f3 tem cadastro reserva, ou ent\u00e3o quando existem pouqu\u00edssimas vagas de disponibiliza\u00e7\u00e3o imediata. No caso de Tribunais [&hellip;]<\/p>\n","protected":false},"author":22,"featured_media":0,"comment_status":"open","ping_status":"open","sticky":false,"template":"","format":"standard","meta":{"post_tipo":"article","footnotes":""},"categories":[1],"tags":[541],"tax_estado":[],"class_list":["post-23186","post","type-post","status-publish","format-standard","hentry","category-cursos-e-concursos","tag-trt-mg"],"acf":[],"yoast_head":"<!-- This site is optimized with the Yoast SEO Premium plugin v27.2 (Yoast SEO v27.2) - https:\/\/yoast.com\/product\/yoast-seo-premium-wordpress\/ -->\n<title>Vale a pena fazer a prova do Concurso TRT MG?<\/title>\n<meta name=\"description\" content=\"Vale a pena fazer a prova do concurso TRT-MG, se tiver s\u00f3 cadastro reserva? Preste o concurso porque os aprovados ter\u00e3o grandes chances de serem convocados!\" \/>\n<meta name=\"robots\" content=\"index, follow, max-snippet:-1, max-image-preview:large, max-video-preview:-1\" \/>\n<link rel=\"canonical\" href=\"https:\/\/www.estrategiaconcursos.com.br\/blog\/edital-do-trt-mg-so-tem-cadastro-reserva-vale-a-pena-fazer-a-prova\/\" \/>\n<meta property=\"og:locale\" content=\"pt_BR\" \/>\n<meta property=\"og:type\" content=\"article\" \/>\n<meta property=\"og:title\" content=\"Edital do TRT-MG s\u00f3 tem cadastro reserva. Vale a pena fazer a prova?\" \/>\n<meta property=\"og:description\" content=\"Vale a pena fazer a prova do concurso TRT-MG, se tiver s\u00f3 cadastro reserva? Preste o concurso porque os aprovados ter\u00e3o grandes chances de serem convocados!\" \/>\n<meta property=\"og:url\" content=\"https:\/\/www.estrategiaconcursos.com.br\/blog\/edital-do-trt-mg-so-tem-cadastro-reserva-vale-a-pena-fazer-a-prova\/\" \/>\n<meta property=\"og:site_name\" content=\"Estrat\u00e9gia Concursos\" \/>\n<meta property=\"article:author\" content=\"https:\/\/www.facebook.com\/mario.pinheiro.18\" \/>\n<meta property=\"article:published_time\" content=\"2015-05-08T16:30:11+00:00\" \/>\n<meta property=\"article:modified_time\" content=\"2015-05-11T13:32:54+00:00\" \/>\n<meta name=\"author\" content=\"M\u00e1rio Pinheiro\" \/>\n<meta name=\"twitter:card\" content=\"summary_large_image\" \/>\n<meta name=\"twitter:creator\" content=\"@https:\/\/twitter.com\/EstratConcursos\" \/>\n<meta name=\"twitter:site\" content=\"@EstratConcursos\" \/>\n<meta name=\"twitter:label1\" content=\"Escrito por\" \/>\n\t<meta name=\"twitter:data1\" content=\"M\u00e1rio Pinheiro\" \/>\n\t<meta name=\"twitter:label2\" content=\"Est. tempo de leitura\" \/>\n\t<meta name=\"twitter:data2\" content=\"2 minutos\" \/>\n<script type=\"application\/ld+json\" class=\"yoast-schema-graph\">{\"@context\":\"https:\/\/schema.org\",\"@graph\":[{\"@type\":\"NewsArticle\",\"@id\":\"https:\/\/www.estrategiaconcursos.com.br\/blog\/edital-do-trt-mg-so-tem-cadastro-reserva-vale-a-pena-fazer-a-prova\/#article\",\"isPartOf\":{\"@id\":\"https:\/\/www.estrategiaconcursos.com.br\/blog\/edital-do-trt-mg-so-tem-cadastro-reserva-vale-a-pena-fazer-a-prova\/\"},\"author\":{\"name\":\"M\u00e1rio Pinheiro\",\"@id\":\"https:\/\/www.estrategiaconcursos.com.br\/blog\/#\/schema\/person\/263a505d4cf873862a093b2314df57e9\"},\"headline\":\"Edital do TRT-MG s\u00f3 tem cadastro reserva. Vale a pena fazer a prova?\",\"datePublished\":\"2015-05-08T16:30:11+00:00\",\"dateModified\":\"2015-05-11T13:32:54+00:00\",\"mainEntityOfPage\":{\"@id\":\"https:\/\/www.estrategiaconcursos.com.br\/blog\/edital-do-trt-mg-so-tem-cadastro-reserva-vale-a-pena-fazer-a-prova\/\"},\"wordCount\":351,\"commentCount\":8,\"publisher\":{\"@id\":\"https:\/\/www.estrategiaconcursos.com.br\/blog\/#organization\"},\"keywords\":[\"TRT-MG\"],\"articleSection\":[\"Concursos P\u00fablicos\"],\"inLanguage\":\"pt-BR\",\"potentialAction\":[{\"@type\":\"CommentAction\",\"name\":\"Comment\",\"target\":[\"https:\/\/www.estrategiaconcursos.com.br\/blog\/edital-do-trt-mg-so-tem-cadastro-reserva-vale-a-pena-fazer-a-prova\/#respond\"]}],\"copyrightYear\":\"2015\",\"copyrightHolder\":{\"@id\":\"https:\/\/www.estrategiaconcursos.com.br\/blog\/#organization\"}},{\"@type\":\"WebPage\",\"@id\":\"https:\/\/www.estrategiaconcursos.com.br\/blog\/edital-do-trt-mg-so-tem-cadastro-reserva-vale-a-pena-fazer-a-prova\/\",\"url\":\"https:\/\/www.estrategiaconcursos.com.br\/blog\/edital-do-trt-mg-so-tem-cadastro-reserva-vale-a-pena-fazer-a-prova\/\",\"name\":\"Vale a pena fazer a prova do Concurso TRT MG?\",\"isPartOf\":{\"@id\":\"https:\/\/www.estrategiaconcursos.com.br\/blog\/#website\"},\"datePublished\":\"2015-05-08T16:30:11+00:00\",\"dateModified\":\"2015-05-11T13:32:54+00:00\",\"description\":\"Vale a pena fazer a prova do concurso TRT-MG, se tiver s\u00f3 cadastro reserva? Preste o concurso porque os aprovados ter\u00e3o grandes chances de serem convocados!\",\"breadcrumb\":{\"@id\":\"https:\/\/www.estrategiaconcursos.com.br\/blog\/edital-do-trt-mg-so-tem-cadastro-reserva-vale-a-pena-fazer-a-prova\/#breadcrumb\"},\"inLanguage\":\"pt-BR\",\"potentialAction\":[{\"@type\":\"ReadAction\",\"target\":[\"https:\/\/www.estrategiaconcursos.com.br\/blog\/edital-do-trt-mg-so-tem-cadastro-reserva-vale-a-pena-fazer-a-prova\/\"]}]},{\"@type\":\"BreadcrumbList\",\"@id\":\"https:\/\/www.estrategiaconcursos.com.br\/blog\/edital-do-trt-mg-so-tem-cadastro-reserva-vale-a-pena-fazer-a-prova\/#breadcrumb\",\"itemListElement\":[{\"@type\":\"ListItem\",\"position\":1,\"name\":\"In\u00edcio\",\"item\":\"https:\/\/www.estrategiaconcursos.com.br\/blog\/\"},{\"@type\":\"ListItem\",\"position\":2,\"name\":\"Edital do TRT-MG s\u00f3 tem cadastro reserva. Vale a pena fazer a prova?\"}]},{\"@type\":\"WebSite\",\"@id\":\"https:\/\/www.estrategiaconcursos.com.br\/blog\/#website\",\"url\":\"https:\/\/www.estrategiaconcursos.com.br\/blog\/\",\"name\":\"Estrat\u00e9gia Concursos\",\"description\":\"O blog da Estrat\u00e9gia Concursos traz not\u00edcias sobre concursos e artigos de professores oferecendo cursos para concursos (pdf + videaulas) no site.\",\"publisher\":{\"@id\":\"https:\/\/www.estrategiaconcursos.com.br\/blog\/#organization\"},\"potentialAction\":[{\"@type\":\"SearchAction\",\"target\":{\"@type\":\"EntryPoint\",\"urlTemplate\":\"https:\/\/www.estrategiaconcursos.com.br\/blog\/?s={search_term_string}\"},\"query-input\":{\"@type\":\"PropertyValueSpecification\",\"valueRequired\":true,\"valueName\":\"search_term_string\"}}],\"inLanguage\":\"pt-BR\"},{\"@type\":\"Organization\",\"@id\":\"https:\/\/www.estrategiaconcursos.com.br\/blog\/#organization\",\"name\":\"Estrat\u00e9gia Concursos\",\"url\":\"https:\/\/www.estrategiaconcursos.com.br\/blog\/\",\"logo\":{\"@type\":\"ImageObject\",\"inLanguage\":\"pt-BR\",\"@id\":\"https:\/\/www.estrategiaconcursos.com.br\/blog\/#\/schema\/logo\/image\/\",\"url\":\"https:\/\/dhg1h5j42swfq.cloudfront.net\/2025\/06\/03203428\/logo_concursos-1.jpg\",\"contentUrl\":\"https:\/\/dhg1h5j42swfq.cloudfront.net\/2025\/06\/03203428\/logo_concursos-1.jpg\",\"width\":230,\"height\":60,\"caption\":\"Estrat\u00e9gia Concursos\"},\"image\":{\"@id\":\"https:\/\/www.estrategiaconcursos.com.br\/blog\/#\/schema\/logo\/image\/\"},\"sameAs\":[\"https:\/\/x.com\/EstratConcursos\"]},{\"@type\":\"Person\",\"@id\":\"https:\/\/www.estrategiaconcursos.com.br\/blog\/#\/schema\/person\/263a505d4cf873862a093b2314df57e9\",\"name\":\"M\u00e1rio Pinheiro\",\"image\":{\"@type\":\"ImageObject\",\"inLanguage\":\"pt-BR\",\"@id\":\"https:\/\/secure.gravatar.com\/avatar\/20baf5175bad463e4e1f63d74d633d42e86b4028c320527e859914f6a57cb66a?s=96&d=mm&r=g\",\"url\":\"https:\/\/secure.gravatar.com\/avatar\/20baf5175bad463e4e1f63d74d633d42e86b4028c320527e859914f6a57cb66a?s=96&d=mm&r=g\",\"contentUrl\":\"https:\/\/secure.gravatar.com\/avatar\/20baf5175bad463e4e1f63d74d633d42e86b4028c320527e859914f6a57cb66a?s=96&d=mm&r=g\",\"caption\":\"M\u00e1rio Pinheiro\"},\"sameAs\":[\"https:\/\/www.facebook.com\/mario.pinheiro.18\",\"https:\/\/x.com\/https:\/\/twitter.com\/EstratConcursos\"],\"url\":\"https:\/\/www.estrategiaconcursos.com.br\/blog\/author\/mariopinheiroestrategiaconcursos-com-br\/\"}]}<\/script>\n<!-- \/ Yoast SEO Premium plugin. -->","yoast_head_json":{"title":"Vale a pena fazer a prova do Concurso TRT MG?","description":"Vale a pena fazer a prova do concurso TRT-MG, se tiver s\u00f3 cadastro reserva? Preste o concurso porque os aprovados ter\u00e3o grandes chances de serem convocados!","robots":{"index":"index","follow":"follow","max-snippet":"max-snippet:-1","max-image-preview":"max-image-preview:large","max-video-preview":"max-video-preview:-1"},"canonical":"https:\/\/www.estrategiaconcursos.com.br\/blog\/edital-do-trt-mg-so-tem-cadastro-reserva-vale-a-pena-fazer-a-prova\/","og_locale":"pt_BR","og_type":"article","og_title":"Edital do TRT-MG s\u00f3 tem cadastro reserva. Vale a pena fazer a prova?","og_description":"Vale a pena fazer a prova do concurso TRT-MG, se tiver s\u00f3 cadastro reserva? Preste o concurso porque os aprovados ter\u00e3o grandes chances de serem convocados!","og_url":"https:\/\/www.estrategiaconcursos.com.br\/blog\/edital-do-trt-mg-so-tem-cadastro-reserva-vale-a-pena-fazer-a-prova\/","og_site_name":"Estrat\u00e9gia Concursos","article_author":"https:\/\/www.facebook.com\/mario.pinheiro.18","article_published_time":"2015-05-08T16:30:11+00:00","article_modified_time":"2015-05-11T13:32:54+00:00","author":"M\u00e1rio Pinheiro","twitter_card":"summary_large_image","twitter_creator":"@https:\/\/twitter.com\/EstratConcursos","twitter_site":"@EstratConcursos","twitter_misc":{"Escrito por":"M\u00e1rio Pinheiro","Est. tempo de leitura":"2 minutos"},"schema":{"@context":"https:\/\/schema.org","@graph":[{"@type":"NewsArticle","@id":"https:\/\/www.estrategiaconcursos.com.br\/blog\/edital-do-trt-mg-so-tem-cadastro-reserva-vale-a-pena-fazer-a-prova\/#article","isPartOf":{"@id":"https:\/\/www.estrategiaconcursos.com.br\/blog\/edital-do-trt-mg-so-tem-cadastro-reserva-vale-a-pena-fazer-a-prova\/"},"author":{"name":"M\u00e1rio Pinheiro","@id":"https:\/\/www.estrategiaconcursos.com.br\/blog\/#\/schema\/person\/263a505d4cf873862a093b2314df57e9"},"headline":"Edital do TRT-MG s\u00f3 tem cadastro reserva. Vale a pena fazer a prova?","datePublished":"2015-05-08T16:30:11+00:00","dateModified":"2015-05-11T13:32:54+00:00","mainEntityOfPage":{"@id":"https:\/\/www.estrategiaconcursos.com.br\/blog\/edital-do-trt-mg-so-tem-cadastro-reserva-vale-a-pena-fazer-a-prova\/"},"wordCount":351,"commentCount":8,"publisher":{"@id":"https:\/\/www.estrategiaconcursos.com.br\/blog\/#organization"},"keywords":["TRT-MG"],"articleSection":["Concursos P\u00fablicos"],"inLanguage":"pt-BR","potentialAction":[{"@type":"CommentAction","name":"Comment","target":["https:\/\/www.estrategiaconcursos.com.br\/blog\/edital-do-trt-mg-so-tem-cadastro-reserva-vale-a-pena-fazer-a-prova\/#respond"]}],"copyrightYear":"2015","copyrightHolder":{"@id":"https:\/\/www.estrategiaconcursos.com.br\/blog\/#organization"}},{"@type":"WebPage","@id":"https:\/\/www.estrategiaconcursos.com.br\/blog\/edital-do-trt-mg-so-tem-cadastro-reserva-vale-a-pena-fazer-a-prova\/","url":"https:\/\/www.estrategiaconcursos.com.br\/blog\/edital-do-trt-mg-so-tem-cadastro-reserva-vale-a-pena-fazer-a-prova\/","name":"Vale a pena fazer a prova do Concurso TRT MG?","isPartOf":{"@id":"https:\/\/www.estrategiaconcursos.com.br\/blog\/#website"},"datePublished":"2015-05-08T16:30:11+00:00","dateModified":"2015-05-11T13:32:54+00:00","description":"Vale a pena fazer a prova do concurso TRT-MG, se tiver s\u00f3 cadastro reserva? Preste o concurso porque os aprovados ter\u00e3o grandes chances de serem convocados!","breadcrumb":{"@id":"https:\/\/www.estrategiaconcursos.com.br\/blog\/edital-do-trt-mg-so-tem-cadastro-reserva-vale-a-pena-fazer-a-prova\/#breadcrumb"},"inLanguage":"pt-BR","potentialAction":[{"@type":"ReadAction","target":["https:\/\/www.estrategiaconcursos.com.br\/blog\/edital-do-trt-mg-so-tem-cadastro-reserva-vale-a-pena-fazer-a-prova\/"]}]},{"@type":"BreadcrumbList","@id":"https:\/\/www.estrategiaconcursos.com.br\/blog\/edital-do-trt-mg-so-tem-cadastro-reserva-vale-a-pena-fazer-a-prova\/#breadcrumb","itemListElement":[{"@type":"ListItem","position":1,"name":"In\u00edcio","item":"https:\/\/www.estrategiaconcursos.com.br\/blog\/"},{"@type":"ListItem","position":2,"name":"Edital do TRT-MG s\u00f3 tem cadastro reserva. Vale a pena fazer a prova?"}]},{"@type":"WebSite","@id":"https:\/\/www.estrategiaconcursos.com.br\/blog\/#website","url":"https:\/\/www.estrategiaconcursos.com.br\/blog\/","name":"Estrat\u00e9gia Concursos","description":"O blog da Estrat\u00e9gia Concursos traz not\u00edcias sobre concursos e artigos de professores oferecendo cursos para concursos (pdf + videaulas) no site.","publisher":{"@id":"https:\/\/www.estrategiaconcursos.com.br\/blog\/#organization"},"potentialAction":[{"@type":"SearchAction","target":{"@type":"EntryPoint","urlTemplate":"https:\/\/www.estrategiaconcursos.com.br\/blog\/?s={search_term_string}"},"query-input":{"@type":"PropertyValueSpecification","valueRequired":true,"valueName":"search_term_string"}}],"inLanguage":"pt-BR"},{"@type":"Organization","@id":"https:\/\/www.estrategiaconcursos.com.br\/blog\/#organization","name":"Estrat\u00e9gia Concursos","url":"https:\/\/www.estrategiaconcursos.com.br\/blog\/","logo":{"@type":"ImageObject","inLanguage":"pt-BR","@id":"https:\/\/www.estrategiaconcursos.com.br\/blog\/#\/schema\/logo\/image\/","url":"https:\/\/dhg1h5j42swfq.cloudfront.net\/2025\/06\/03203428\/logo_concursos-1.jpg","contentUrl":"https:\/\/dhg1h5j42swfq.cloudfront.net\/2025\/06\/03203428\/logo_concursos-1.jpg","width":230,"height":60,"caption":"Estrat\u00e9gia Concursos"},"image":{"@id":"https:\/\/www.estrategiaconcursos.com.br\/blog\/#\/schema\/logo\/image\/"},"sameAs":["https:\/\/x.com\/EstratConcursos"]},{"@type":"Person","@id":"https:\/\/www.estrategiaconcursos.com.br\/blog\/#\/schema\/person\/263a505d4cf873862a093b2314df57e9","name":"M\u00e1rio Pinheiro","image":{"@type":"ImageObject","inLanguage":"pt-BR","@id":"https:\/\/secure.gravatar.com\/avatar\/20baf5175bad463e4e1f63d74d633d42e86b4028c320527e859914f6a57cb66a?s=96&d=mm&r=g","url":"https:\/\/secure.gravatar.com\/avatar\/20baf5175bad463e4e1f63d74d633d42e86b4028c320527e859914f6a57cb66a?s=96&d=mm&r=g","contentUrl":"https:\/\/secure.gravatar.com\/avatar\/20baf5175bad463e4e1f63d74d633d42e86b4028c320527e859914f6a57cb66a?s=96&d=mm&r=g","caption":"M\u00e1rio Pinheiro"},"sameAs":["https:\/\/www.facebook.com\/mario.pinheiro.18","https:\/\/x.com\/https:\/\/twitter.com\/EstratConcursos"],"url":"https:\/\/www.estrategiaconcursos.com.br\/blog\/author\/mariopinheiroestrategiaconcursos-com-br\/"}]}},"_links":{"self":[{"href":"https:\/\/www.estrategiaconcursos.com.br\/blog\/wp-json\/wp\/v2\/posts\/23186","targetHints":{"allow":["GET"]}}],"collection":[{"href":"https:\/\/www.estrategiaconcursos.com.br\/blog\/wp-json\/wp\/v2\/posts"}],"about":[{"href":"https:\/\/www.estrategiaconcursos.com.br\/blog\/wp-json\/wp\/v2\/types\/post"}],"author":[{"embeddable":true,"href":"https:\/\/www.estrategiaconcursos.com.br\/blog\/wp-json\/wp\/v2\/users\/22"}],"replies":[{"embeddable":true,"href":"https:\/\/www.estrategiaconcursos.com.br\/blog\/wp-json\/wp\/v2\/comments?post=23186"}],"version-history":[{"count":7,"href":"https:\/\/www.estrategiaconcursos.com.br\/blog\/wp-json\/wp\/v2\/posts\/23186\/revisions"}],"predecessor-version":[{"id":23220,"href":"https:\/\/www.estrategiaconcursos.com.br\/blog\/wp-json\/wp\/v2\/posts\/23186\/revisions\/23220"}],"wp:attachment":[{"href":"https:\/\/www.estrategiaconcursos.com.br\/blog\/wp-json\/wp\/v2\/media?parent=23186"}],"wp:term":[{"taxonomy":"category","embeddable":true,"href":"https:\/\/www.estrategiaconcursos.com.br\/blog\/wp-json\/wp\/v2\/categories?post=23186"},{"taxonomy":"post_tag","embeddable":true,"href":"https:\/\/www.estrategiaconcursos.com.br\/blog\/wp-json\/wp\/v2\/tags?post=23186"},{"taxonomy":"tax_estado","embeddable":true,"href":"https:\/\/www.estrategiaconcursos.com.br\/blog\/wp-json\/wp\/v2\/tax_estado?post=23186"}],"curies":[{"name":"wp","href":"https:\/\/api.w.org\/{rel}","templated":true}]}}