{"id":23083,"date":"2015-05-02T19:36:34","date_gmt":"2015-05-02T22:36:34","guid":{"rendered":"http:\/\/www.estrategiaconcursos.com.br\/blog\/?p=23083"},"modified":"2017-03-08T08:15:32","modified_gmt":"2017-03-08T11:15:32","slug":"vai-ter-concurso-da-prf","status":"publish","type":"post","link":"https:\/\/www.estrategiaconcursos.com.br\/blog\/vai-ter-concurso-da-prf\/","title":{"rendered":"Vai ter concurso da PRF"},"content":{"rendered":"<p>\n\tOl&aacute; nobres concurseiros!\n<\/p>\n<p>\n\tO assunto de hoje &eacute; o concurso PRF 2015.\n<\/p>\n<p>\n\tMuitos perguntam por a&iacute; se vai sair ou n&atilde;o esse ano o <a href=\"https:\/\/www.estrategiaconcursos.com.br\/cursosPorConcurso\/prf-policial-rodoviario-federal-2015-282\/\" title=\"Cursos Online para Concurso PRF\">concurso da PRF para o cargo de Policial Rodovi&aacute;rio Federal<\/a>.\n<\/p>\n<p>\n\tA expectativa de concurso PRF cresce a cada dia e desde que foi pedida ao MPOG autoriza&ccedil;&atilde;o para realiza&ccedil;&atilde;o de concurso para o preenchimento de 1.500 vagas, os cursinhos est&atilde;o lotados de alunos buscando prepara&ccedil;&atilde;o antecipada.\n<\/p>\n<p>\n\tAviso a voc&ecirc; desde j&aacute; que existe uma grande possibilidade de esse concurso se realizar ainda esse ano, pois em evento realizado pela PRF foi comentado acerca do concurso que a realiza&ccedil;&atilde;o era uma realidade e que o evento Olimp&iacute;ada de 2016 &eacute; um dos motivos pelos quais o concurso &eacute; t&atilde;o necess&aacute;rio.\n<\/p>\n<p>\n\tA PRF quer resolver pend&ecirc;ncias judiciais acerca do concurso de 2013 e nomear os remanescentes da lista de aprovados.\n<\/p>\n<p>\n\tSe voc&ecirc; pretende se preparar para esse certame, deve iniciar sua prepara&ccedil;&atilde;o desde j&aacute;, e o melhor material do mercado &eacute; o nosso curso de F&iacute;sica para o concurso PRF, pois est&aacute; totalmente focado no &uacute;ltimo edital e possui muitas quest&otilde;es resolvidas de provas anteriores em sua maioria do CESPE.\n<\/p>\n<p>\n\tAproveite e inicie sua prepara&ccedil;&atilde;o j&aacute;.\n<\/p>\n<p>\n\tLink para o curso\n<\/p>\n<p>\n\t<a href=\"https:\/\/www.estrategiaconcursos.com.br\/cursosPorConcurso\/prf-policial-rodoviario-federal-2015-282\/\" title=\"Curso para PRF\">https:\/\/www.estrategiaconcursos.com.br\/cursosPorConcurso\/prf-policial-rodoviario-federal-2015-282\/<\/a>\n<\/p>\n<p>\n\tForte Abra&ccedil;o.\n<\/p>\n<p>\n\tBons Estudos.<\/p>\n","protected":false},"excerpt":{"rendered":"<p>Ol&aacute; nobres concurseiros! O assunto de hoje &eacute; o concurso PRF 2015. Muitos perguntam por a&iacute; se vai sair ou n&atilde;o esse ano o concurso da PRF para o cargo de Policial Rodovi&aacute;rio Federal. A expectativa de concurso PRF cresce a cada dia e desde que foi pedida ao MPOG autoriza&ccedil;&atilde;o para realiza&ccedil;&atilde;o de concurso [&hellip;]<\/p>\n","protected":false},"author":93,"featured_media":0,"comment_status":"open","ping_status":"open","sticky":false,"template":"","format":"link","meta":{"post_tipo":"article","footnotes":""},"categories":[1],"tags":[910,451],"tax_estado":[],"class_list":["post-23083","post","type-post","status-publish","format-link","hentry","category-cursos-e-concursos","tag-concurso-prf","tag-prf","post_format-post-format-link"],"acf":[],"yoast_head":"<!-- This site is optimized with the Yoast SEO Premium plugin v27.2 (Yoast SEO v27.2) - https:\/\/yoast.com\/product\/yoast-seo-premium-wordpress\/ -->\n<title>Concurso PRF 2015: Vai ter!<\/title>\n<meta name=\"description\" content=\"Em evento da PRF foi comentado acerca do concurso PRF que a realiza\u00e7\u00e3o era uma realidade e que o evento Olimp\u00edada de 2016 \u00e9 motivo importante para isso.\" \/>\n<meta name=\"robots\" content=\"index, follow, max-snippet:-1, max-image-preview:large, max-video-preview:-1\" \/>\n<link rel=\"canonical\" href=\"https:\/\/www.estrategiaconcursos.com.br\/blog\/vai-ter-concurso-da-prf\/\" \/>\n<meta property=\"og:locale\" content=\"pt_BR\" \/>\n<meta property=\"og:type\" content=\"article\" \/>\n<meta property=\"og:title\" content=\"Vai ter concurso da PRF\" \/>\n<meta property=\"og:description\" content=\"Em evento da PRF foi comentado acerca do concurso PRF que a realiza\u00e7\u00e3o era uma realidade e que o evento Olimp\u00edada de 2016 \u00e9 motivo importante para isso.\" \/>\n<meta property=\"og:url\" content=\"https:\/\/www.estrategiaconcursos.com.br\/blog\/vai-ter-concurso-da-prf\/\" \/>\n<meta property=\"og:site_name\" content=\"Estrat\u00e9gia Concursos\" \/>\n<meta property=\"article:published_time\" content=\"2015-05-02T22:36:34+00:00\" \/>\n<meta property=\"article:modified_time\" content=\"2017-03-08T11:15:32+00:00\" \/>\n<meta name=\"author\" content=\"Vinicius Silva\" \/>\n<meta name=\"twitter:card\" content=\"summary_large_image\" \/>\n<meta name=\"twitter:creator\" content=\"@EstratConcursos\" \/>\n<meta name=\"twitter:site\" content=\"@EstratConcursos\" \/>\n<meta name=\"twitter:label1\" content=\"Escrito por\" \/>\n\t<meta name=\"twitter:data1\" content=\"Vinicius Silva\" \/>\n\t<meta name=\"twitter:label2\" content=\"Est. tempo de leitura\" \/>\n\t<meta name=\"twitter:data2\" content=\"1 minuto\" \/>\n<script type=\"application\/ld+json\" class=\"yoast-schema-graph\">{\"@context\":\"https:\/\/schema.org\",\"@graph\":[{\"@type\":\"NewsArticle\",\"@id\":\"https:\/\/www.estrategiaconcursos.com.br\/blog\/vai-ter-concurso-da-prf\/#article\",\"isPartOf\":{\"@id\":\"https:\/\/www.estrategiaconcursos.com.br\/blog\/vai-ter-concurso-da-prf\/\"},\"author\":{\"name\":\"Vinicius Silva\",\"@id\":\"https:\/\/www.estrategiaconcursos.com.br\/blog\/#\/schema\/person\/20030622a981f9a942ad6b3561fe4ca4\"},\"headline\":\"Vai ter concurso da PRF\",\"datePublished\":\"2015-05-02T22:36:34+00:00\",\"dateModified\":\"2017-03-08T11:15:32+00:00\",\"mainEntityOfPage\":{\"@id\":\"https:\/\/www.estrategiaconcursos.com.br\/blog\/vai-ter-concurso-da-prf\/\"},\"wordCount\":262,\"commentCount\":1,\"publisher\":{\"@id\":\"https:\/\/www.estrategiaconcursos.com.br\/blog\/#organization\"},\"keywords\":[\"concurso prf\",\"PRF\"],\"articleSection\":[\"Concursos P\u00fablicos\"],\"inLanguage\":\"pt-BR\",\"potentialAction\":[{\"@type\":\"CommentAction\",\"name\":\"Comment\",\"target\":[\"https:\/\/www.estrategiaconcursos.com.br\/blog\/vai-ter-concurso-da-prf\/#respond\"]}],\"copyrightYear\":\"2015\",\"copyrightHolder\":{\"@id\":\"https:\/\/www.estrategiaconcursos.com.br\/blog\/#organization\"}},{\"@type\":\"WebPage\",\"@id\":\"https:\/\/www.estrategiaconcursos.com.br\/blog\/vai-ter-concurso-da-prf\/\",\"url\":\"https:\/\/www.estrategiaconcursos.com.br\/blog\/vai-ter-concurso-da-prf\/\",\"name\":\"Concurso PRF 2015: Vai ter!\",\"isPartOf\":{\"@id\":\"https:\/\/www.estrategiaconcursos.com.br\/blog\/#website\"},\"datePublished\":\"2015-05-02T22:36:34+00:00\",\"dateModified\":\"2017-03-08T11:15:32+00:00\",\"description\":\"Em evento da PRF foi comentado acerca do concurso PRF que a realiza\u00e7\u00e3o era uma realidade e que o evento Olimp\u00edada de 2016 \u00e9 motivo importante para isso.\",\"breadcrumb\":{\"@id\":\"https:\/\/www.estrategiaconcursos.com.br\/blog\/vai-ter-concurso-da-prf\/#breadcrumb\"},\"inLanguage\":\"pt-BR\",\"potentialAction\":[{\"@type\":\"ReadAction\",\"target\":[\"https:\/\/www.estrategiaconcursos.com.br\/blog\/vai-ter-concurso-da-prf\/\"]}]},{\"@type\":\"BreadcrumbList\",\"@id\":\"https:\/\/www.estrategiaconcursos.com.br\/blog\/vai-ter-concurso-da-prf\/#breadcrumb\",\"itemListElement\":[{\"@type\":\"ListItem\",\"position\":1,\"name\":\"In\u00edcio\",\"item\":\"https:\/\/www.estrategiaconcursos.com.br\/blog\/\"},{\"@type\":\"ListItem\",\"position\":2,\"name\":\"Vai ter concurso da PRF\"}]},{\"@type\":\"WebSite\",\"@id\":\"https:\/\/www.estrategiaconcursos.com.br\/blog\/#website\",\"url\":\"https:\/\/www.estrategiaconcursos.com.br\/blog\/\",\"name\":\"Estrat\u00e9gia Concursos\",\"description\":\"O blog da Estrat\u00e9gia Concursos traz not\u00edcias sobre concursos e artigos de professores oferecendo cursos para concursos (pdf + videaulas) no site.\",\"publisher\":{\"@id\":\"https:\/\/www.estrategiaconcursos.com.br\/blog\/#organization\"},\"potentialAction\":[{\"@type\":\"SearchAction\",\"target\":{\"@type\":\"EntryPoint\",\"urlTemplate\":\"https:\/\/www.estrategiaconcursos.com.br\/blog\/?s={search_term_string}\"},\"query-input\":{\"@type\":\"PropertyValueSpecification\",\"valueRequired\":true,\"valueName\":\"search_term_string\"}}],\"inLanguage\":\"pt-BR\"},{\"@type\":\"Organization\",\"@id\":\"https:\/\/www.estrategiaconcursos.com.br\/blog\/#organization\",\"name\":\"Estrat\u00e9gia Concursos\",\"url\":\"https:\/\/www.estrategiaconcursos.com.br\/blog\/\",\"logo\":{\"@type\":\"ImageObject\",\"inLanguage\":\"pt-BR\",\"@id\":\"https:\/\/www.estrategiaconcursos.com.br\/blog\/#\/schema\/logo\/image\/\",\"url\":\"https:\/\/dhg1h5j42swfq.cloudfront.net\/2025\/06\/03203428\/logo_concursos-1.jpg\",\"contentUrl\":\"https:\/\/dhg1h5j42swfq.cloudfront.net\/2025\/06\/03203428\/logo_concursos-1.jpg\",\"width\":230,\"height\":60,\"caption\":\"Estrat\u00e9gia Concursos\"},\"image\":{\"@id\":\"https:\/\/www.estrategiaconcursos.com.br\/blog\/#\/schema\/logo\/image\/\"},\"sameAs\":[\"https:\/\/x.com\/EstratConcursos\"]},{\"@type\":\"Person\",\"@id\":\"https:\/\/www.estrategiaconcursos.com.br\/blog\/#\/schema\/person\/20030622a981f9a942ad6b3561fe4ca4\",\"name\":\"Vinicius Silva\",\"image\":{\"@type\":\"ImageObject\",\"inLanguage\":\"pt-BR\",\"@id\":\"https:\/\/secure.gravatar.com\/avatar\/604d9670a4c7eea71feaa4381f3ae97e148292ac402671c5944aa67a3d127663?s=96&d=mm&r=g\",\"url\":\"https:\/\/secure.gravatar.com\/avatar\/604d9670a4c7eea71feaa4381f3ae97e148292ac402671c5944aa67a3d127663?s=96&d=mm&r=g\",\"contentUrl\":\"https:\/\/secure.gravatar.com\/avatar\/604d9670a4c7eea71feaa4381f3ae97e148292ac402671c5944aa67a3d127663?s=96&d=mm&r=g\",\"caption\":\"Vinicius Silva\"},\"url\":\"https:\/\/www.estrategiaconcursos.com.br\/blog\/author\/viniciussilvaestrategiaconcursos-com-br\/\"}]}<\/script>\n<!-- \/ Yoast SEO Premium plugin. -->","yoast_head_json":{"title":"Concurso PRF 2015: Vai ter!","description":"Em evento da PRF foi comentado acerca do concurso PRF que a realiza\u00e7\u00e3o era uma realidade e que o evento Olimp\u00edada de 2016 \u00e9 motivo importante para isso.","robots":{"index":"index","follow":"follow","max-snippet":"max-snippet:-1","max-image-preview":"max-image-preview:large","max-video-preview":"max-video-preview:-1"},"canonical":"https:\/\/www.estrategiaconcursos.com.br\/blog\/vai-ter-concurso-da-prf\/","og_locale":"pt_BR","og_type":"article","og_title":"Vai ter concurso da PRF","og_description":"Em evento da PRF foi comentado acerca do concurso PRF que a realiza\u00e7\u00e3o era uma realidade e que o evento Olimp\u00edada de 2016 \u00e9 motivo importante para isso.","og_url":"https:\/\/www.estrategiaconcursos.com.br\/blog\/vai-ter-concurso-da-prf\/","og_site_name":"Estrat\u00e9gia Concursos","article_published_time":"2015-05-02T22:36:34+00:00","article_modified_time":"2017-03-08T11:15:32+00:00","author":"Vinicius Silva","twitter_card":"summary_large_image","twitter_creator":"@EstratConcursos","twitter_site":"@EstratConcursos","twitter_misc":{"Escrito por":"Vinicius Silva","Est. tempo de leitura":"1 minuto"},"schema":{"@context":"https:\/\/schema.org","@graph":[{"@type":"NewsArticle","@id":"https:\/\/www.estrategiaconcursos.com.br\/blog\/vai-ter-concurso-da-prf\/#article","isPartOf":{"@id":"https:\/\/www.estrategiaconcursos.com.br\/blog\/vai-ter-concurso-da-prf\/"},"author":{"name":"Vinicius Silva","@id":"https:\/\/www.estrategiaconcursos.com.br\/blog\/#\/schema\/person\/20030622a981f9a942ad6b3561fe4ca4"},"headline":"Vai ter concurso da PRF","datePublished":"2015-05-02T22:36:34+00:00","dateModified":"2017-03-08T11:15:32+00:00","mainEntityOfPage":{"@id":"https:\/\/www.estrategiaconcursos.com.br\/blog\/vai-ter-concurso-da-prf\/"},"wordCount":262,"commentCount":1,"publisher":{"@id":"https:\/\/www.estrategiaconcursos.com.br\/blog\/#organization"},"keywords":["concurso prf","PRF"],"articleSection":["Concursos P\u00fablicos"],"inLanguage":"pt-BR","potentialAction":[{"@type":"CommentAction","name":"Comment","target":["https:\/\/www.estrategiaconcursos.com.br\/blog\/vai-ter-concurso-da-prf\/#respond"]}],"copyrightYear":"2015","copyrightHolder":{"@id":"https:\/\/www.estrategiaconcursos.com.br\/blog\/#organization"}},{"@type":"WebPage","@id":"https:\/\/www.estrategiaconcursos.com.br\/blog\/vai-ter-concurso-da-prf\/","url":"https:\/\/www.estrategiaconcursos.com.br\/blog\/vai-ter-concurso-da-prf\/","name":"Concurso PRF 2015: Vai ter!","isPartOf":{"@id":"https:\/\/www.estrategiaconcursos.com.br\/blog\/#website"},"datePublished":"2015-05-02T22:36:34+00:00","dateModified":"2017-03-08T11:15:32+00:00","description":"Em evento da PRF foi comentado acerca do concurso PRF que a realiza\u00e7\u00e3o era uma realidade e que o evento Olimp\u00edada de 2016 \u00e9 motivo importante para isso.","breadcrumb":{"@id":"https:\/\/www.estrategiaconcursos.com.br\/blog\/vai-ter-concurso-da-prf\/#breadcrumb"},"inLanguage":"pt-BR","potentialAction":[{"@type":"ReadAction","target":["https:\/\/www.estrategiaconcursos.com.br\/blog\/vai-ter-concurso-da-prf\/"]}]},{"@type":"BreadcrumbList","@id":"https:\/\/www.estrategiaconcursos.com.br\/blog\/vai-ter-concurso-da-prf\/#breadcrumb","itemListElement":[{"@type":"ListItem","position":1,"name":"In\u00edcio","item":"https:\/\/www.estrategiaconcursos.com.br\/blog\/"},{"@type":"ListItem","position":2,"name":"Vai ter concurso da PRF"}]},{"@type":"WebSite","@id":"https:\/\/www.estrategiaconcursos.com.br\/blog\/#website","url":"https:\/\/www.estrategiaconcursos.com.br\/blog\/","name":"Estrat\u00e9gia Concursos","description":"O blog da Estrat\u00e9gia Concursos traz not\u00edcias sobre concursos e artigos de professores oferecendo cursos para concursos (pdf + videaulas) no site.","publisher":{"@id":"https:\/\/www.estrategiaconcursos.com.br\/blog\/#organization"},"potentialAction":[{"@type":"SearchAction","target":{"@type":"EntryPoint","urlTemplate":"https:\/\/www.estrategiaconcursos.com.br\/blog\/?s={search_term_string}"},"query-input":{"@type":"PropertyValueSpecification","valueRequired":true,"valueName":"search_term_string"}}],"inLanguage":"pt-BR"},{"@type":"Organization","@id":"https:\/\/www.estrategiaconcursos.com.br\/blog\/#organization","name":"Estrat\u00e9gia Concursos","url":"https:\/\/www.estrategiaconcursos.com.br\/blog\/","logo":{"@type":"ImageObject","inLanguage":"pt-BR","@id":"https:\/\/www.estrategiaconcursos.com.br\/blog\/#\/schema\/logo\/image\/","url":"https:\/\/dhg1h5j42swfq.cloudfront.net\/2025\/06\/03203428\/logo_concursos-1.jpg","contentUrl":"https:\/\/dhg1h5j42swfq.cloudfront.net\/2025\/06\/03203428\/logo_concursos-1.jpg","width":230,"height":60,"caption":"Estrat\u00e9gia Concursos"},"image":{"@id":"https:\/\/www.estrategiaconcursos.com.br\/blog\/#\/schema\/logo\/image\/"},"sameAs":["https:\/\/x.com\/EstratConcursos"]},{"@type":"Person","@id":"https:\/\/www.estrategiaconcursos.com.br\/blog\/#\/schema\/person\/20030622a981f9a942ad6b3561fe4ca4","name":"Vinicius Silva","image":{"@type":"ImageObject","inLanguage":"pt-BR","@id":"https:\/\/secure.gravatar.com\/avatar\/604d9670a4c7eea71feaa4381f3ae97e148292ac402671c5944aa67a3d127663?s=96&d=mm&r=g","url":"https:\/\/secure.gravatar.com\/avatar\/604d9670a4c7eea71feaa4381f3ae97e148292ac402671c5944aa67a3d127663?s=96&d=mm&r=g","contentUrl":"https:\/\/secure.gravatar.com\/avatar\/604d9670a4c7eea71feaa4381f3ae97e148292ac402671c5944aa67a3d127663?s=96&d=mm&r=g","caption":"Vinicius Silva"},"url":"https:\/\/www.estrategiaconcursos.com.br\/blog\/author\/viniciussilvaestrategiaconcursos-com-br\/"}]}},"_links":{"self":[{"href":"https:\/\/www.estrategiaconcursos.com.br\/blog\/wp-json\/wp\/v2\/posts\/23083","targetHints":{"allow":["GET"]}}],"collection":[{"href":"https:\/\/www.estrategiaconcursos.com.br\/blog\/wp-json\/wp\/v2\/posts"}],"about":[{"href":"https:\/\/www.estrategiaconcursos.com.br\/blog\/wp-json\/wp\/v2\/types\/post"}],"author":[{"embeddable":true,"href":"https:\/\/www.estrategiaconcursos.com.br\/blog\/wp-json\/wp\/v2\/users\/93"}],"replies":[{"embeddable":true,"href":"https:\/\/www.estrategiaconcursos.com.br\/blog\/wp-json\/wp\/v2\/comments?post=23083"}],"version-history":[{"count":4,"href":"https:\/\/www.estrategiaconcursos.com.br\/blog\/wp-json\/wp\/v2\/posts\/23083\/revisions"}],"predecessor-version":[{"id":66643,"href":"https:\/\/www.estrategiaconcursos.com.br\/blog\/wp-json\/wp\/v2\/posts\/23083\/revisions\/66643"}],"wp:attachment":[{"href":"https:\/\/www.estrategiaconcursos.com.br\/blog\/wp-json\/wp\/v2\/media?parent=23083"}],"wp:term":[{"taxonomy":"category","embeddable":true,"href":"https:\/\/www.estrategiaconcursos.com.br\/blog\/wp-json\/wp\/v2\/categories?post=23083"},{"taxonomy":"post_tag","embeddable":true,"href":"https:\/\/www.estrategiaconcursos.com.br\/blog\/wp-json\/wp\/v2\/tags?post=23083"},{"taxonomy":"tax_estado","embeddable":true,"href":"https:\/\/www.estrategiaconcursos.com.br\/blog\/wp-json\/wp\/v2\/tax_estado?post=23083"}],"curies":[{"name":"wp","href":"https:\/\/api.w.org\/{rel}","templated":true}]}}