{"id":22928,"date":"2015-04-23T21:39:34","date_gmt":"2015-04-24T00:39:34","guid":{"rendered":"http:\/\/www.estrategiaconcursos.com.br\/blog\/?p=22928"},"modified":"2015-04-24T20:38:54","modified_gmt":"2015-04-24T23:38:54","slug":"comentarios-a-prova-de-direitos-humanos-do-agependf-2015","status":"publish","type":"post","link":"https:\/\/www.estrategiaconcursos.com.br\/blog\/comentarios-a-prova-de-direitos-humanos-do-agependf-2015\/","title":{"rendered":"Coment\u00e1rios \u00e0 Prova de Direitos Humanos para AGEPEN\/DF 2015"},"content":{"rendered":"<p><a href=\"https:\/\/dhg1h5j42swfq.cloudfront.net\/2015\/04\/sesipe12.jpg\"><img loading=\"lazy\" decoding=\"async\" class=\"  wp-image-22931 alignleft\" src=\"https:\/\/dhg1h5j42swfq.cloudfront.net\/2015\/04\/sesipe12.jpg\" alt=\"sesipe12\" width=\"148\" height=\"138\" \/><\/a><\/p>\n<p>Ol\u00e1 pessoal, analisamos a prova de Direitos Humanos aplicada no final de semana passado para <strong>Agente Penitenci\u00e1rio do Distrito Federal<\/strong>. Das 16 assertivas referentes \u00e0 mat\u00e9ria, fora as quest\u00f5es que exigiram a expressa jurisprud\u00eancia do STF, as quest\u00f5es estavam tranquilas.<\/p>\n<p>N\u00e3o visualizamos possibilidade para recurso. A prova foi coerente com o edital e com o n\u00edvel do concurso e abrangeu todos os pontos do edital.<\/p>\n<p>Foram cobrados os seguintes assuntos:<\/p>\n<ul>\n<li>Declara\u00e7\u00e3o Universal dos Direitos Humanos (DUDH) \u2013 <strong>duas assertivas<\/strong>. Ambas as quest\u00f5es foram refer\u00eancia direta ao documento.<\/li>\n<li>Direitos Humanos e a Constitui\u00e7\u00e3o Federal \u2013 <strong>cinco assertivas<\/strong>. Como dissemos, duas delas exigiam o conhecimento da jurisprud\u00eancia do STF. As demais foram bastante simples e exigiram o conhecimento do Texto Constitucional.<\/li>\n<li>Programa Nacional de Direitos Humanos 3 (PNDH-3) \u2013 <strong>duas assertiva<\/strong>. Quest\u00f5es tranquilas!<\/li>\n<li>Regras M\u00ednimas para o Tratamentos das Pessoas Presas da ONU \u2013 <strong>tr\u00eas assertivas<\/strong>. Foram cobrados os pontos centrais do documento, como esper\u00e1vamos.<\/li>\n<li>Portaria Interministerial n\u00ba 4.226\/2010 \u2013 <strong>quatro assertivas<\/strong>. Do mesmo modo, as quest\u00f5es abordaram os pontos centrais da mat\u00e9ria, tal como analisamos em aula.<\/li>\n<\/ul>\n<p>Em s\u00edntese, os assuntos exigidos ficaram dentro do esperado. Notem que foram cobradas algumas quest\u00f5es muito semelhantes \u00e0s estudadas em aula. Isso foi \u00f3timo! Aguardamos ansiosamente o resultado.<\/p>\n<p>Confiram:<\/p>\n<p style=\"text-align: center\"><strong><a href=\"https:\/\/dhg1h5j42swfq.cloudfront.net\/2015\/04\/16-21.04.2015-Coment%C3%A1rios-%C3%A0-Prova-de-AGEPEN-DF.pdf\">COMENT\u00c1RIOS \u00c0 PROVA DE AGEPEN DO DF 2015<\/a><\/strong><\/p>\n<p>Quem estiver estudando para o <strong>DEPEN<\/strong>, temos dois cursos dispon\u00edveis:<\/p>\n<p style=\"text-align: center\"><strong>CURSO DE DISCURSIVAS<\/strong><\/p>\n<p style=\"text-align: center\"><strong><a href=\"https:\/\/www.estrategiaconcursos.com.br\/curso\/discursivas-p-depen-com-correcao-de-3-redacoes-por-aluno-6842\/\">https:\/\/www.estrategiaconcursos.com.br\/curso\/discursivas-p-depen-com-correcao-de-3-redacoes-por-aluno-6842\/<\/a>.<\/strong><\/p>\n<p style=\"text-align: center\"><strong>CURSO DE DIREITOS HUMANOS E PARTICIPA\u00c7\u00c3O SOCIAL<\/strong><\/p>\n<p style=\"text-align: center\"><strong><a href=\"https:\/\/www.estrategiaconcursos.com.br\/curso\/discursivas-p-depen-com-correcao-de-3-redacoes-por-aluno-6842\/\">https:\/\/www.estrategiaconcursos.com.br\/curso\/discursivas-p-depen-com-correcao-de-3-redacoes-por-aluno-6842\/<\/a><\/strong><\/p>\n<p>Para a <strong>PRF<\/strong>, temos o seguinte curso:<\/p>\n<p style=\"text-align: center\"><strong>CURSO DE DIREITOS HUMANOS<\/strong><\/p>\n<p style=\"text-align: center\"><strong><a href=\"https:\/\/www.estrategiaconcursos.com.br\/curso\/direito-humanos-e-cidadania-prof-ricardo-torques-p-prf-policial-2015-6212\/\">https:\/\/www.estrategiaconcursos.com.br\/curso\/direito-humanos-e-cidadania-prof-ricardo-torques-p-prf-policial-2015-6212\/<\/a><\/strong><\/p>\n<p style=\"text-align: right\">\u00a0Um forte abra\u00e7o e bons estudos a todos!<\/p>\n<p style=\"text-align: right\">Ricardo Torques<\/p>\n<p style=\"text-align: right\"><span style=\"text-decoration: underline\">rst.estrategia@gmail.com.<\/span><\/p>\n<p style=\"text-align: right\"><a href=\"https:\/\/www.facebook.com\/ricardo.s.torques\">https:\/\/www.facebook.com\/ricardo.s.torques<\/a><\/p>\n","protected":false},"excerpt":{"rendered":"<p>Ol\u00e1 pessoal, analisamos a prova de Direitos Humanos aplicada no final de semana passado para Agente Penitenci\u00e1rio do Distrito Federal. Das 16 assertivas referentes \u00e0 mat\u00e9ria, fora as quest\u00f5es que exigiram a expressa jurisprud\u00eancia do STF, as quest\u00f5es estavam tranquilas. N\u00e3o visualizamos possibilidade para recurso. A prova foi coerente com o edital e com o [&hellip;]<\/p>\n","protected":false},"author":180,"featured_media":0,"comment_status":"open","ping_status":"open","sticky":false,"template":"","format":"standard","meta":{"post_tipo":"article","footnotes":""},"categories":[],"tags":[525],"tax_estado":[],"class_list":["post-22928","post","type-post","status-publish","format-standard","hentry","tag-direitos-humanos"],"acf":[],"yoast_head":"<!-- This site is optimized with the Yoast SEO Premium plugin v27.2 (Yoast SEO v27.2) - https:\/\/yoast.com\/product\/yoast-seo-premium-wordpress\/ -->\n<title>Coment\u00e1rios \u00e0 Prova de Direitos Humanos para AGEPEN\/DF 2015<\/title>\n<meta name=\"robots\" content=\"index, follow, max-snippet:-1, max-image-preview:large, max-video-preview:-1\" \/>\n<link rel=\"canonical\" href=\"https:\/\/www.estrategiaconcursos.com.br\/blog\/comentarios-a-prova-de-direitos-humanos-do-agependf-2015\/\" \/>\n<meta property=\"og:locale\" content=\"pt_BR\" \/>\n<meta property=\"og:type\" content=\"article\" \/>\n<meta property=\"og:title\" content=\"Coment\u00e1rios \u00e0 Prova de Direitos Humanos para AGEPEN\/DF 2015\" \/>\n<meta property=\"og:description\" content=\"Ol\u00e1 pessoal, analisamos a prova de Direitos Humanos aplicada no final de semana passado para Agente Penitenci\u00e1rio do Distrito Federal. Das 16 assertivas referentes \u00e0 mat\u00e9ria, fora as quest\u00f5es que exigiram a expressa jurisprud\u00eancia do STF, as quest\u00f5es estavam tranquilas. N\u00e3o visualizamos possibilidade para recurso. A prova foi coerente com o edital e com o [&hellip;]\" \/>\n<meta property=\"og:url\" content=\"https:\/\/www.estrategiaconcursos.com.br\/blog\/comentarios-a-prova-de-direitos-humanos-do-agependf-2015\/\" \/>\n<meta property=\"og:site_name\" content=\"Estrat\u00e9gia Concursos\" \/>\n<meta property=\"article:author\" content=\"https:\/\/www.facebook.com\/ricardo.s.torques\" \/>\n<meta property=\"article:published_time\" content=\"2015-04-24T00:39:34+00:00\" \/>\n<meta property=\"article:modified_time\" content=\"2015-04-24T23:38:54+00:00\" \/>\n<meta property=\"og:image\" content=\"https:\/\/dhg1h5j42swfq.cloudfront.net\/2015\/04\/sesipe12.jpg\" \/>\n<meta name=\"author\" content=\"Ricardo Torques\" \/>\n<meta name=\"twitter:card\" content=\"summary_large_image\" \/>\n<meta name=\"twitter:creator\" content=\"@EstratConcursos\" \/>\n<meta name=\"twitter:site\" content=\"@EstratConcursos\" \/>\n<meta name=\"twitter:label1\" content=\"Escrito por\" \/>\n\t<meta name=\"twitter:data1\" content=\"Ricardo Torques\" \/>\n\t<meta name=\"twitter:label2\" content=\"Est. tempo de leitura\" \/>\n\t<meta name=\"twitter:data2\" content=\"2 minutos\" \/>\n<script type=\"application\/ld+json\" class=\"yoast-schema-graph\">{\"@context\":\"https:\/\/schema.org\",\"@graph\":[{\"@type\":\"NewsArticle\",\"@id\":\"https:\/\/www.estrategiaconcursos.com.br\/blog\/comentarios-a-prova-de-direitos-humanos-do-agependf-2015\/#article\",\"isPartOf\":{\"@id\":\"https:\/\/www.estrategiaconcursos.com.br\/blog\/comentarios-a-prova-de-direitos-humanos-do-agependf-2015\/\"},\"author\":{\"name\":\"Ricardo Torques\",\"@id\":\"https:\/\/www.estrategiaconcursos.com.br\/blog\/#\/schema\/person\/aa39cf5ddb518e5bdce27c35788405e2\"},\"headline\":\"Coment\u00e1rios \u00e0 Prova de Direitos Humanos para AGEPEN\/DF 2015\",\"datePublished\":\"2015-04-24T00:39:34+00:00\",\"dateModified\":\"2015-04-24T23:38:54+00:00\",\"mainEntityOfPage\":{\"@id\":\"https:\/\/www.estrategiaconcursos.com.br\/blog\/comentarios-a-prova-de-direitos-humanos-do-agependf-2015\/\"},\"wordCount\":311,\"commentCount\":0,\"publisher\":{\"@id\":\"https:\/\/www.estrategiaconcursos.com.br\/blog\/#organization\"},\"image\":{\"@id\":\"https:\/\/www.estrategiaconcursos.com.br\/blog\/comentarios-a-prova-de-direitos-humanos-do-agependf-2015\/#primaryimage\"},\"thumbnailUrl\":\"https:\/\/dhg1h5j42swfq.cloudfront.net\/2015\/04\/sesipe12.jpg\",\"keywords\":[\"Direitos Humanos\"],\"inLanguage\":\"pt-BR\",\"potentialAction\":[{\"@type\":\"CommentAction\",\"name\":\"Comment\",\"target\":[\"https:\/\/www.estrategiaconcursos.com.br\/blog\/comentarios-a-prova-de-direitos-humanos-do-agependf-2015\/#respond\"]}],\"copyrightYear\":\"2015\",\"copyrightHolder\":{\"@id\":\"https:\/\/www.estrategiaconcursos.com.br\/blog\/#organization\"}},{\"@type\":\"WebPage\",\"@id\":\"https:\/\/www.estrategiaconcursos.com.br\/blog\/comentarios-a-prova-de-direitos-humanos-do-agependf-2015\/\",\"url\":\"https:\/\/www.estrategiaconcursos.com.br\/blog\/comentarios-a-prova-de-direitos-humanos-do-agependf-2015\/\",\"name\":\"Coment\u00e1rios \u00e0 Prova de Direitos Humanos para AGEPEN\/DF 2015\",\"isPartOf\":{\"@id\":\"https:\/\/www.estrategiaconcursos.com.br\/blog\/#website\"},\"primaryImageOfPage\":{\"@id\":\"https:\/\/www.estrategiaconcursos.com.br\/blog\/comentarios-a-prova-de-direitos-humanos-do-agependf-2015\/#primaryimage\"},\"image\":{\"@id\":\"https:\/\/www.estrategiaconcursos.com.br\/blog\/comentarios-a-prova-de-direitos-humanos-do-agependf-2015\/#primaryimage\"},\"thumbnailUrl\":\"https:\/\/dhg1h5j42swfq.cloudfront.net\/2015\/04\/sesipe12.jpg\",\"datePublished\":\"2015-04-24T00:39:34+00:00\",\"dateModified\":\"2015-04-24T23:38:54+00:00\",\"breadcrumb\":{\"@id\":\"https:\/\/www.estrategiaconcursos.com.br\/blog\/comentarios-a-prova-de-direitos-humanos-do-agependf-2015\/#breadcrumb\"},\"inLanguage\":\"pt-BR\",\"potentialAction\":[{\"@type\":\"ReadAction\",\"target\":[\"https:\/\/www.estrategiaconcursos.com.br\/blog\/comentarios-a-prova-de-direitos-humanos-do-agependf-2015\/\"]}]},{\"@type\":\"ImageObject\",\"inLanguage\":\"pt-BR\",\"@id\":\"https:\/\/www.estrategiaconcursos.com.br\/blog\/comentarios-a-prova-de-direitos-humanos-do-agependf-2015\/#primaryimage\",\"url\":\"https:\/\/dhg1h5j42swfq.cloudfront.net\/2015\/04\/sesipe12.jpg\",\"contentUrl\":\"https:\/\/dhg1h5j42swfq.cloudfront.net\/2015\/04\/sesipe12.jpg\"},{\"@type\":\"BreadcrumbList\",\"@id\":\"https:\/\/www.estrategiaconcursos.com.br\/blog\/comentarios-a-prova-de-direitos-humanos-do-agependf-2015\/#breadcrumb\",\"itemListElement\":[{\"@type\":\"ListItem\",\"position\":1,\"name\":\"In\u00edcio\",\"item\":\"https:\/\/www.estrategiaconcursos.com.br\/blog\/\"},{\"@type\":\"ListItem\",\"position\":2,\"name\":\"Coment\u00e1rios \u00e0 Prova de Direitos Humanos para AGEPEN\/DF 2015\"}]},{\"@type\":\"WebSite\",\"@id\":\"https:\/\/www.estrategiaconcursos.com.br\/blog\/#website\",\"url\":\"https:\/\/www.estrategiaconcursos.com.br\/blog\/\",\"name\":\"Estrat\u00e9gia Concursos\",\"description\":\"O blog da Estrat\u00e9gia Concursos traz not\u00edcias sobre concursos e artigos de professores oferecendo cursos para concursos (pdf + videaulas) no site.\",\"publisher\":{\"@id\":\"https:\/\/www.estrategiaconcursos.com.br\/blog\/#organization\"},\"potentialAction\":[{\"@type\":\"SearchAction\",\"target\":{\"@type\":\"EntryPoint\",\"urlTemplate\":\"https:\/\/www.estrategiaconcursos.com.br\/blog\/?s={search_term_string}\"},\"query-input\":{\"@type\":\"PropertyValueSpecification\",\"valueRequired\":true,\"valueName\":\"search_term_string\"}}],\"inLanguage\":\"pt-BR\"},{\"@type\":\"Organization\",\"@id\":\"https:\/\/www.estrategiaconcursos.com.br\/blog\/#organization\",\"name\":\"Estrat\u00e9gia Concursos\",\"url\":\"https:\/\/www.estrategiaconcursos.com.br\/blog\/\",\"logo\":{\"@type\":\"ImageObject\",\"inLanguage\":\"pt-BR\",\"@id\":\"https:\/\/www.estrategiaconcursos.com.br\/blog\/#\/schema\/logo\/image\/\",\"url\":\"https:\/\/dhg1h5j42swfq.cloudfront.net\/2025\/06\/03203428\/logo_concursos-1.jpg\",\"contentUrl\":\"https:\/\/dhg1h5j42swfq.cloudfront.net\/2025\/06\/03203428\/logo_concursos-1.jpg\",\"width\":230,\"height\":60,\"caption\":\"Estrat\u00e9gia Concursos\"},\"image\":{\"@id\":\"https:\/\/www.estrategiaconcursos.com.br\/blog\/#\/schema\/logo\/image\/\"},\"sameAs\":[\"https:\/\/x.com\/EstratConcursos\"]},{\"@type\":\"Person\",\"@id\":\"https:\/\/www.estrategiaconcursos.com.br\/blog\/#\/schema\/person\/aa39cf5ddb518e5bdce27c35788405e2\",\"name\":\"Ricardo Torques\",\"image\":{\"@type\":\"ImageObject\",\"inLanguage\":\"pt-BR\",\"@id\":\"https:\/\/secure.gravatar.com\/avatar\/ce9ac6c3cff25fe86d15ed568ebc64d1724baf5c0693133bcb1f6073f712f92a?s=96&d=mm&r=g\",\"url\":\"https:\/\/secure.gravatar.com\/avatar\/ce9ac6c3cff25fe86d15ed568ebc64d1724baf5c0693133bcb1f6073f712f92a?s=96&d=mm&r=g\",\"contentUrl\":\"https:\/\/secure.gravatar.com\/avatar\/ce9ac6c3cff25fe86d15ed568ebc64d1724baf5c0693133bcb1f6073f712f92a?s=96&d=mm&r=g\",\"caption\":\"Ricardo Torques\"},\"sameAs\":[\"https:\/\/www.facebook.com\/ricardo.s.torques\"],\"url\":\"https:\/\/www.estrategiaconcursos.com.br\/blog\/author\/ricardotorquesestrategiaconcursos-com-br\/\"}]}<\/script>\n<!-- \/ Yoast SEO Premium plugin. -->","yoast_head_json":{"title":"Coment\u00e1rios \u00e0 Prova de Direitos Humanos para AGEPEN\/DF 2015","robots":{"index":"index","follow":"follow","max-snippet":"max-snippet:-1","max-image-preview":"max-image-preview:large","max-video-preview":"max-video-preview:-1"},"canonical":"https:\/\/www.estrategiaconcursos.com.br\/blog\/comentarios-a-prova-de-direitos-humanos-do-agependf-2015\/","og_locale":"pt_BR","og_type":"article","og_title":"Coment\u00e1rios \u00e0 Prova de Direitos Humanos para AGEPEN\/DF 2015","og_description":"Ol\u00e1 pessoal, analisamos a prova de Direitos Humanos aplicada no final de semana passado para Agente Penitenci\u00e1rio do Distrito Federal. Das 16 assertivas referentes \u00e0 mat\u00e9ria, fora as quest\u00f5es que exigiram a expressa jurisprud\u00eancia do STF, as quest\u00f5es estavam tranquilas. N\u00e3o visualizamos possibilidade para recurso. A prova foi coerente com o edital e com o [&hellip;]","og_url":"https:\/\/www.estrategiaconcursos.com.br\/blog\/comentarios-a-prova-de-direitos-humanos-do-agependf-2015\/","og_site_name":"Estrat\u00e9gia Concursos","article_author":"https:\/\/www.facebook.com\/ricardo.s.torques","article_published_time":"2015-04-24T00:39:34+00:00","article_modified_time":"2015-04-24T23:38:54+00:00","og_image":[{"url":"https:\/\/dhg1h5j42swfq.cloudfront.net\/2015\/04\/sesipe12.jpg","type":"","width":"","height":""}],"author":"Ricardo Torques","twitter_card":"summary_large_image","twitter_creator":"@EstratConcursos","twitter_site":"@EstratConcursos","twitter_misc":{"Escrito por":"Ricardo Torques","Est. tempo de leitura":"2 minutos"},"schema":{"@context":"https:\/\/schema.org","@graph":[{"@type":"NewsArticle","@id":"https:\/\/www.estrategiaconcursos.com.br\/blog\/comentarios-a-prova-de-direitos-humanos-do-agependf-2015\/#article","isPartOf":{"@id":"https:\/\/www.estrategiaconcursos.com.br\/blog\/comentarios-a-prova-de-direitos-humanos-do-agependf-2015\/"},"author":{"name":"Ricardo Torques","@id":"https:\/\/www.estrategiaconcursos.com.br\/blog\/#\/schema\/person\/aa39cf5ddb518e5bdce27c35788405e2"},"headline":"Coment\u00e1rios \u00e0 Prova de Direitos Humanos para AGEPEN\/DF 2015","datePublished":"2015-04-24T00:39:34+00:00","dateModified":"2015-04-24T23:38:54+00:00","mainEntityOfPage":{"@id":"https:\/\/www.estrategiaconcursos.com.br\/blog\/comentarios-a-prova-de-direitos-humanos-do-agependf-2015\/"},"wordCount":311,"commentCount":0,"publisher":{"@id":"https:\/\/www.estrategiaconcursos.com.br\/blog\/#organization"},"image":{"@id":"https:\/\/www.estrategiaconcursos.com.br\/blog\/comentarios-a-prova-de-direitos-humanos-do-agependf-2015\/#primaryimage"},"thumbnailUrl":"https:\/\/dhg1h5j42swfq.cloudfront.net\/2015\/04\/sesipe12.jpg","keywords":["Direitos Humanos"],"inLanguage":"pt-BR","potentialAction":[{"@type":"CommentAction","name":"Comment","target":["https:\/\/www.estrategiaconcursos.com.br\/blog\/comentarios-a-prova-de-direitos-humanos-do-agependf-2015\/#respond"]}],"copyrightYear":"2015","copyrightHolder":{"@id":"https:\/\/www.estrategiaconcursos.com.br\/blog\/#organization"}},{"@type":"WebPage","@id":"https:\/\/www.estrategiaconcursos.com.br\/blog\/comentarios-a-prova-de-direitos-humanos-do-agependf-2015\/","url":"https:\/\/www.estrategiaconcursos.com.br\/blog\/comentarios-a-prova-de-direitos-humanos-do-agependf-2015\/","name":"Coment\u00e1rios \u00e0 Prova de Direitos Humanos para AGEPEN\/DF 2015","isPartOf":{"@id":"https:\/\/www.estrategiaconcursos.com.br\/blog\/#website"},"primaryImageOfPage":{"@id":"https:\/\/www.estrategiaconcursos.com.br\/blog\/comentarios-a-prova-de-direitos-humanos-do-agependf-2015\/#primaryimage"},"image":{"@id":"https:\/\/www.estrategiaconcursos.com.br\/blog\/comentarios-a-prova-de-direitos-humanos-do-agependf-2015\/#primaryimage"},"thumbnailUrl":"https:\/\/dhg1h5j42swfq.cloudfront.net\/2015\/04\/sesipe12.jpg","datePublished":"2015-04-24T00:39:34+00:00","dateModified":"2015-04-24T23:38:54+00:00","breadcrumb":{"@id":"https:\/\/www.estrategiaconcursos.com.br\/blog\/comentarios-a-prova-de-direitos-humanos-do-agependf-2015\/#breadcrumb"},"inLanguage":"pt-BR","potentialAction":[{"@type":"ReadAction","target":["https:\/\/www.estrategiaconcursos.com.br\/blog\/comentarios-a-prova-de-direitos-humanos-do-agependf-2015\/"]}]},{"@type":"ImageObject","inLanguage":"pt-BR","@id":"https:\/\/www.estrategiaconcursos.com.br\/blog\/comentarios-a-prova-de-direitos-humanos-do-agependf-2015\/#primaryimage","url":"https:\/\/dhg1h5j42swfq.cloudfront.net\/2015\/04\/sesipe12.jpg","contentUrl":"https:\/\/dhg1h5j42swfq.cloudfront.net\/2015\/04\/sesipe12.jpg"},{"@type":"BreadcrumbList","@id":"https:\/\/www.estrategiaconcursos.com.br\/blog\/comentarios-a-prova-de-direitos-humanos-do-agependf-2015\/#breadcrumb","itemListElement":[{"@type":"ListItem","position":1,"name":"In\u00edcio","item":"https:\/\/www.estrategiaconcursos.com.br\/blog\/"},{"@type":"ListItem","position":2,"name":"Coment\u00e1rios \u00e0 Prova de Direitos Humanos para AGEPEN\/DF 2015"}]},{"@type":"WebSite","@id":"https:\/\/www.estrategiaconcursos.com.br\/blog\/#website","url":"https:\/\/www.estrategiaconcursos.com.br\/blog\/","name":"Estrat\u00e9gia Concursos","description":"O blog da Estrat\u00e9gia Concursos traz not\u00edcias sobre concursos e artigos de professores oferecendo cursos para concursos (pdf + videaulas) no site.","publisher":{"@id":"https:\/\/www.estrategiaconcursos.com.br\/blog\/#organization"},"potentialAction":[{"@type":"SearchAction","target":{"@type":"EntryPoint","urlTemplate":"https:\/\/www.estrategiaconcursos.com.br\/blog\/?s={search_term_string}"},"query-input":{"@type":"PropertyValueSpecification","valueRequired":true,"valueName":"search_term_string"}}],"inLanguage":"pt-BR"},{"@type":"Organization","@id":"https:\/\/www.estrategiaconcursos.com.br\/blog\/#organization","name":"Estrat\u00e9gia Concursos","url":"https:\/\/www.estrategiaconcursos.com.br\/blog\/","logo":{"@type":"ImageObject","inLanguage":"pt-BR","@id":"https:\/\/www.estrategiaconcursos.com.br\/blog\/#\/schema\/logo\/image\/","url":"https:\/\/dhg1h5j42swfq.cloudfront.net\/2025\/06\/03203428\/logo_concursos-1.jpg","contentUrl":"https:\/\/dhg1h5j42swfq.cloudfront.net\/2025\/06\/03203428\/logo_concursos-1.jpg","width":230,"height":60,"caption":"Estrat\u00e9gia Concursos"},"image":{"@id":"https:\/\/www.estrategiaconcursos.com.br\/blog\/#\/schema\/logo\/image\/"},"sameAs":["https:\/\/x.com\/EstratConcursos"]},{"@type":"Person","@id":"https:\/\/www.estrategiaconcursos.com.br\/blog\/#\/schema\/person\/aa39cf5ddb518e5bdce27c35788405e2","name":"Ricardo Torques","image":{"@type":"ImageObject","inLanguage":"pt-BR","@id":"https:\/\/secure.gravatar.com\/avatar\/ce9ac6c3cff25fe86d15ed568ebc64d1724baf5c0693133bcb1f6073f712f92a?s=96&d=mm&r=g","url":"https:\/\/secure.gravatar.com\/avatar\/ce9ac6c3cff25fe86d15ed568ebc64d1724baf5c0693133bcb1f6073f712f92a?s=96&d=mm&r=g","contentUrl":"https:\/\/secure.gravatar.com\/avatar\/ce9ac6c3cff25fe86d15ed568ebc64d1724baf5c0693133bcb1f6073f712f92a?s=96&d=mm&r=g","caption":"Ricardo Torques"},"sameAs":["https:\/\/www.facebook.com\/ricardo.s.torques"],"url":"https:\/\/www.estrategiaconcursos.com.br\/blog\/author\/ricardotorquesestrategiaconcursos-com-br\/"}]}},"_links":{"self":[{"href":"https:\/\/www.estrategiaconcursos.com.br\/blog\/wp-json\/wp\/v2\/posts\/22928","targetHints":{"allow":["GET"]}}],"collection":[{"href":"https:\/\/www.estrategiaconcursos.com.br\/blog\/wp-json\/wp\/v2\/posts"}],"about":[{"href":"https:\/\/www.estrategiaconcursos.com.br\/blog\/wp-json\/wp\/v2\/types\/post"}],"author":[{"embeddable":true,"href":"https:\/\/www.estrategiaconcursos.com.br\/blog\/wp-json\/wp\/v2\/users\/180"}],"replies":[{"embeddable":true,"href":"https:\/\/www.estrategiaconcursos.com.br\/blog\/wp-json\/wp\/v2\/comments?post=22928"}],"version-history":[{"count":7,"href":"https:\/\/www.estrategiaconcursos.com.br\/blog\/wp-json\/wp\/v2\/posts\/22928\/revisions"}],"predecessor-version":[{"id":22938,"href":"https:\/\/www.estrategiaconcursos.com.br\/blog\/wp-json\/wp\/v2\/posts\/22928\/revisions\/22938"}],"wp:attachment":[{"href":"https:\/\/www.estrategiaconcursos.com.br\/blog\/wp-json\/wp\/v2\/media?parent=22928"}],"wp:term":[{"taxonomy":"category","embeddable":true,"href":"https:\/\/www.estrategiaconcursos.com.br\/blog\/wp-json\/wp\/v2\/categories?post=22928"},{"taxonomy":"post_tag","embeddable":true,"href":"https:\/\/www.estrategiaconcursos.com.br\/blog\/wp-json\/wp\/v2\/tags?post=22928"},{"taxonomy":"tax_estado","embeddable":true,"href":"https:\/\/www.estrategiaconcursos.com.br\/blog\/wp-json\/wp\/v2\/tax_estado?post=22928"}],"curies":[{"name":"wp","href":"https:\/\/api.w.org\/{rel}","templated":true}]}}