{"id":22926,"date":"2015-04-23T21:39:18","date_gmt":"2015-04-24T00:39:18","guid":{"rendered":"http:\/\/www.estrategiaconcursos.com.br\/blog\/?p=22926"},"modified":"2015-04-23T21:39:18","modified_gmt":"2015-04-24T00:39:18","slug":"definida-a-banca-organizadora-do-concurso-trt-mg-edital-em-breve","status":"publish","type":"post","link":"https:\/\/www.estrategiaconcursos.com.br\/blog\/definida-a-banca-organizadora-do-concurso-trt-mg-edital-em-breve\/","title":{"rendered":"Definida a banca organizadora do concurso TRT-MG. Edital em breve!"},"content":{"rendered":"<p style=\"text-align: justify;\"><span style=\"color: #000000;\"><a href=\"https:\/\/dhg1h5j42swfq.cloudfront.net\/2014\/07\/TRT-3-Minas-Gerais-MG.jpg\"><img loading=\"lazy\" decoding=\"async\" class=\"alignleft wp-image-16769 size-medium\" src=\"https:\/\/dhg1h5j42swfq.cloudfront.net\/2014\/07\/TRT-3-Minas-Gerais-MG-300x220.jpg\" alt=\"concurso TRT-MG\" width=\"300\" height=\"220\" srcset=\"https:\/\/dhg1h5j42swfq.cloudfront.net\/2014\/07\/TRT-3-Minas-Gerais-MG.jpg 300w, https:\/\/dhg1h5j42swfq.cloudfront.net\/2014\/07\/TRT-3-Minas-Gerais-MG.jpg 408w, https:\/\/dhg1h5j42swfq.cloudfront.net\/2014\/07\/TRT-3-Minas-Gerais-MG.jpg 472w\" sizes=\"auto, (max-width: 300px) 100vw, 300px\" \/><\/a>Foi definida pelo TRT-MG (3\u00aa regi\u00e3o), a banca respons\u00e1vel pela organiza\u00e7\u00e3o de seu pr\u00f3ximo concurso, ser\u00e1 a Funda\u00e7\u00e3o Carlos Chagas (FCC).\u00a0O edital est\u00e1 previsto para junho e deve oferecer 640 vagas.\u00a0<\/span><\/p>\n<p style=\"text-align: justify;\"><span style=\"color: #000000;\"><span id=\"yui_3_16_0_1_1429705926340_21754\" style=\"font-family: arial, helvetica, sans-serif;\">Os cargos oferecidos do concurso TRT-MG ser\u00e3o de\u00a0<\/span><span style=\"font-family: arial, helvetica, sans-serif;\">t\u00e9cnico (n\u00edvel m\u00e9dio e m\u00e9dio\/t\u00e9cnico) e analista (superior) judici\u00e1rios.\u00a0<\/span>Espera-se que, nos pr\u00f3ximos dias, as especialidades consideradas para inscri\u00e7\u00e3o sejam anunciadas. Segundo a assessoria de\u00a0comunica\u00e7\u00e3o\u00a0do TRT, a desembargadora do \u00f3rg\u00e3o, bem como seu \u00a0diretor geral, demonstraram urg\u00eancia na cria\u00e7\u00e3o dos cargos para melhor flu\u00eancia nos\u00a0trabalhos\u00a0do Tribunal.<\/span><\/p>\n<p style=\"text-align: justify;\"><span style=\"color: #000000;\">Os sal\u00e1rios oferecidos s\u00e3o de R$ 4.635,03 para t\u00e9cnico e R$ 7.566,42 a R$ 9.188,20 para analista.<\/span><\/p>\n<p style=\"text-align: justify;\"><span style=\"color: #000000;\"><strong>\u00daltimo concurso TRT-MG<\/strong><\/span><\/p>\n<p style=\"text-align: justify;\"><span style=\"color: #000000;\">O \u00faltimo concurso do TRT-MG foi realizado em 2009. Na ocasi\u00e3o a FCC tamb\u00e9m foi a organizadora. <\/span><\/p>\n<p style=\"text-align: justify;\"><span style=\"color: #000000;\">Para analistas, as oportunidades foram para as \u00e1reas judici\u00e1ria \u2013 especialidade execu\u00e7\u00e3o de mandados, analista judici\u00e1rio \u2013 \u00e1rea judici\u00e1ria, analista judici\u00e1rio \u2013 \u00e1rea administrativa, \u00e1rea administrativa \u2013 especialidade contabilidade, \u00e1rea apoio especializado \u2013 especialidade arquitetura, apoio especializado \u2013 especialidade arquitetura, apoio especializado \u2013 especialidade arquivologia, apoio especializado \u2013 especialidade enfermagem, apoio especializado \u2013 especialidade engenharia civil, apoio especializado \u2013 especialidade engenharia el\u00e9trica, apoio especializado \u2013 especialidade estat\u00edstica, apoio especializado \u00a0&#8211; especialidade fisioterapia, apoio especializado \u2013 especialidade medicina, apoio especializado \u2013 especialidade medicina \u2013 cardiologia, apoio especializado \u2013 especialidade medicina \u2013 psiquiatria, apoio especializado \u2013 especialidade odontologia \u2013 pediatria, apoio especializado \u2013 especialidade odontologia \u2013 pr\u00f3tese, apoio especializado \u2013 especialidade psicologia, apoio especializado especialidade servi\u00e7o social e apoio especializado especialidade tecnologia da informa\u00e7\u00e3o.<\/span><\/p>\n<p style=\"text-align: justify;\"><span style=\"color: #000000;\">J\u00e1 para os t\u00e9cnicos, as op\u00e7\u00f5es foram nas \u00e1reas de administrativa, administrativa especialidade contabilidade e apoio especializado especialidade tecnologia da informa\u00e7\u00e3o.<\/span><\/p>\n<p style=\"text-align: justify;\"><span style=\"color: #000000;\"><strong>O Estrat\u00e9gia Concursos j\u00e1 lan\u00e7ou cursos para \u00a0o concurso TRT-MG. Confira em:<\/strong><\/span><\/p>\n<p><span style=\"color: #0000ff;\"><a style=\"color: #0000ff;\" href=\"https:\/\/www.estrategiaconcursos.com.br\/cursosPorConcurso\/trt-3-regiao-minas-gerais-296\/\">https:\/\/www.estrategiaconcursos.com.br\/cursosPorConcurso\/trt-3-regiao-minas-gerais-296\/<\/a><\/span><\/p>\n<p><span style=\"color: #000000;\">Assessoria de Comunica\u00e7\u00e3o<\/span><\/p>\n<p><span style=\"color: #000000;\">comunicacao@estrategiaconcursos.com.br<\/span><\/p>\n","protected":false},"excerpt":{"rendered":"<p>Foi definida pelo TRT-MG (3\u00aa regi\u00e3o), a banca respons\u00e1vel pela organiza\u00e7\u00e3o de seu pr\u00f3ximo concurso, ser\u00e1 a Funda\u00e7\u00e3o Carlos Chagas (FCC).\u00a0O edital est\u00e1 previsto para junho e deve oferecer 640 vagas.\u00a0 Os cargos oferecidos do concurso TRT-MG ser\u00e3o de\u00a0t\u00e9cnico (n\u00edvel m\u00e9dio e m\u00e9dio\/t\u00e9cnico) e analista (superior) judici\u00e1rios.\u00a0Espera-se que, nos pr\u00f3ximos dias, as especialidades consideradas para [&hellip;]<\/p>\n","protected":false},"author":1,"featured_media":0,"comment_status":"open","ping_status":"open","sticky":false,"template":"","format":"standard","meta":{"post_tipo":"news","footnotes":""},"categories":[1],"tags":[724,541],"tax_estado":[],"class_list":["post-22926","post","type-post","status-publish","format-standard","hentry","category-cursos-e-concursos","tag-trt-3","tag-trt-mg"],"acf":[],"yoast_head":"<!-- This site is optimized with the Yoast SEO Premium plugin v27.2 (Yoast SEO v27.2) - https:\/\/yoast.com\/product\/yoast-seo-premium-wordpress\/ -->\n<title>Definida a banca organizadora do concurso TRT-MG. Edital em breve!<\/title>\n<meta name=\"description\" content=\"Definida a banca organizadora do concurso TRT-MG. Edital em breve! Saiba mais!\" \/>\n<meta name=\"robots\" content=\"index, follow, max-snippet:-1, max-image-preview:large, max-video-preview:-1\" \/>\n<link rel=\"canonical\" href=\"https:\/\/www.estrategiaconcursos.com.br\/blog\/definida-a-banca-organizadora-do-concurso-trt-mg-edital-em-breve\/\" \/>\n<meta property=\"og:locale\" content=\"pt_BR\" \/>\n<meta property=\"og:type\" content=\"article\" \/>\n<meta property=\"og:title\" content=\"Definida a banca organizadora do concurso TRT-MG. Edital em breve!\" \/>\n<meta property=\"og:description\" content=\"Definida a banca organizadora do concurso TRT-MG. Edital em breve! Saiba mais!\" \/>\n<meta property=\"og:url\" content=\"https:\/\/www.estrategiaconcursos.com.br\/blog\/definida-a-banca-organizadora-do-concurso-trt-mg-edital-em-breve\/\" \/>\n<meta property=\"og:site_name\" content=\"Estrat\u00e9gia Concursos\" \/>\n<meta property=\"article:author\" content=\"https:\/\/www.facebook.com\/EstrategiaConcursos\" \/>\n<meta property=\"article:published_time\" content=\"2015-04-24T00:39:18+00:00\" \/>\n<meta property=\"og:image\" content=\"https:\/\/dhg1h5j42swfq.cloudfront.net\/2014\/07\/TRT-3-Minas-Gerais-MG-300x220.jpg\" \/>\n<meta name=\"author\" content=\"Coordena\u00e7\u00e3o\" \/>\n<meta name=\"twitter:card\" content=\"summary_large_image\" \/>\n<meta name=\"twitter:creator\" content=\"@EstratConcursos\" \/>\n<meta name=\"twitter:site\" content=\"@EstratConcursos\" \/>\n<meta name=\"twitter:label1\" content=\"Escrito por\" \/>\n\t<meta name=\"twitter:data1\" content=\"Coordena\u00e7\u00e3o\" \/>\n\t<meta name=\"twitter:label2\" content=\"Est. tempo de leitura\" \/>\n\t<meta name=\"twitter:data2\" content=\"2 minutos\" \/>\n<script type=\"application\/ld+json\" class=\"yoast-schema-graph\">{\"@context\":\"https:\/\/schema.org\",\"@graph\":[{\"@type\":\"NewsArticle\",\"@id\":\"https:\/\/www.estrategiaconcursos.com.br\/blog\/definida-a-banca-organizadora-do-concurso-trt-mg-edital-em-breve\/#article\",\"isPartOf\":{\"@id\":\"https:\/\/www.estrategiaconcursos.com.br\/blog\/definida-a-banca-organizadora-do-concurso-trt-mg-edital-em-breve\/\"},\"author\":{\"name\":\"Coordena\u00e7\u00e3o\",\"@id\":\"https:\/\/www.estrategiaconcursos.com.br\/blog\/#\/schema\/person\/b4a388c97673c5f483d72185668afa1f\"},\"headline\":\"Definida a banca organizadora do concurso TRT-MG. Edital em breve!\",\"datePublished\":\"2015-04-24T00:39:18+00:00\",\"mainEntityOfPage\":{\"@id\":\"https:\/\/www.estrategiaconcursos.com.br\/blog\/definida-a-banca-organizadora-do-concurso-trt-mg-edital-em-breve\/\"},\"wordCount\":321,\"commentCount\":1,\"publisher\":{\"@id\":\"https:\/\/www.estrategiaconcursos.com.br\/blog\/#organization\"},\"image\":{\"@id\":\"https:\/\/www.estrategiaconcursos.com.br\/blog\/definida-a-banca-organizadora-do-concurso-trt-mg-edital-em-breve\/#primaryimage\"},\"thumbnailUrl\":\"https:\/\/dhg1h5j42swfq.cloudfront.net\/2014\/07\/TRT-3-Minas-Gerais-MG-300x220.jpg\",\"keywords\":[\"TRT-3\",\"TRT-MG\"],\"articleSection\":[\"Concursos P\u00fablicos\"],\"inLanguage\":\"pt-BR\",\"potentialAction\":[{\"@type\":\"CommentAction\",\"name\":\"Comment\",\"target\":[\"https:\/\/www.estrategiaconcursos.com.br\/blog\/definida-a-banca-organizadora-do-concurso-trt-mg-edital-em-breve\/#respond\"]}],\"copyrightYear\":\"2015\",\"copyrightHolder\":{\"@id\":\"https:\/\/www.estrategiaconcursos.com.br\/blog\/#organization\"}},{\"@type\":\"WebPage\",\"@id\":\"https:\/\/www.estrategiaconcursos.com.br\/blog\/definida-a-banca-organizadora-do-concurso-trt-mg-edital-em-breve\/\",\"url\":\"https:\/\/www.estrategiaconcursos.com.br\/blog\/definida-a-banca-organizadora-do-concurso-trt-mg-edital-em-breve\/\",\"name\":\"Definida a banca organizadora do concurso TRT-MG. Edital em breve!\",\"isPartOf\":{\"@id\":\"https:\/\/www.estrategiaconcursos.com.br\/blog\/#website\"},\"primaryImageOfPage\":{\"@id\":\"https:\/\/www.estrategiaconcursos.com.br\/blog\/definida-a-banca-organizadora-do-concurso-trt-mg-edital-em-breve\/#primaryimage\"},\"image\":{\"@id\":\"https:\/\/www.estrategiaconcursos.com.br\/blog\/definida-a-banca-organizadora-do-concurso-trt-mg-edital-em-breve\/#primaryimage\"},\"thumbnailUrl\":\"https:\/\/dhg1h5j42swfq.cloudfront.net\/2014\/07\/TRT-3-Minas-Gerais-MG-300x220.jpg\",\"datePublished\":\"2015-04-24T00:39:18+00:00\",\"description\":\"Definida a banca organizadora do concurso TRT-MG. Edital em breve! Saiba mais!\",\"breadcrumb\":{\"@id\":\"https:\/\/www.estrategiaconcursos.com.br\/blog\/definida-a-banca-organizadora-do-concurso-trt-mg-edital-em-breve\/#breadcrumb\"},\"inLanguage\":\"pt-BR\",\"potentialAction\":[{\"@type\":\"ReadAction\",\"target\":[\"https:\/\/www.estrategiaconcursos.com.br\/blog\/definida-a-banca-organizadora-do-concurso-trt-mg-edital-em-breve\/\"]}]},{\"@type\":\"ImageObject\",\"inLanguage\":\"pt-BR\",\"@id\":\"https:\/\/www.estrategiaconcursos.com.br\/blog\/definida-a-banca-organizadora-do-concurso-trt-mg-edital-em-breve\/#primaryimage\",\"url\":\"https:\/\/dhg1h5j42swfq.cloudfront.net\/2014\/07\/TRT-3-Minas-Gerais-MG-300x220.jpg\",\"contentUrl\":\"https:\/\/dhg1h5j42swfq.cloudfront.net\/2014\/07\/TRT-3-Minas-Gerais-MG-300x220.jpg\"},{\"@type\":\"BreadcrumbList\",\"@id\":\"https:\/\/www.estrategiaconcursos.com.br\/blog\/definida-a-banca-organizadora-do-concurso-trt-mg-edital-em-breve\/#breadcrumb\",\"itemListElement\":[{\"@type\":\"ListItem\",\"position\":1,\"name\":\"In\u00edcio\",\"item\":\"https:\/\/www.estrategiaconcursos.com.br\/blog\/\"},{\"@type\":\"ListItem\",\"position\":2,\"name\":\"Definida a banca organizadora do concurso TRT-MG. Edital em breve!\"}]},{\"@type\":\"WebSite\",\"@id\":\"https:\/\/www.estrategiaconcursos.com.br\/blog\/#website\",\"url\":\"https:\/\/www.estrategiaconcursos.com.br\/blog\/\",\"name\":\"Estrat\u00e9gia Concursos\",\"description\":\"O blog da Estrat\u00e9gia Concursos traz not\u00edcias sobre concursos e artigos de professores oferecendo cursos para concursos (pdf + videaulas) no site.\",\"publisher\":{\"@id\":\"https:\/\/www.estrategiaconcursos.com.br\/blog\/#organization\"},\"potentialAction\":[{\"@type\":\"SearchAction\",\"target\":{\"@type\":\"EntryPoint\",\"urlTemplate\":\"https:\/\/www.estrategiaconcursos.com.br\/blog\/?s={search_term_string}\"},\"query-input\":{\"@type\":\"PropertyValueSpecification\",\"valueRequired\":true,\"valueName\":\"search_term_string\"}}],\"inLanguage\":\"pt-BR\"},{\"@type\":\"Organization\",\"@id\":\"https:\/\/www.estrategiaconcursos.com.br\/blog\/#organization\",\"name\":\"Estrat\u00e9gia Concursos\",\"url\":\"https:\/\/www.estrategiaconcursos.com.br\/blog\/\",\"logo\":{\"@type\":\"ImageObject\",\"inLanguage\":\"pt-BR\",\"@id\":\"https:\/\/www.estrategiaconcursos.com.br\/blog\/#\/schema\/logo\/image\/\",\"url\":\"https:\/\/dhg1h5j42swfq.cloudfront.net\/2025\/06\/03203428\/logo_concursos-1.jpg\",\"contentUrl\":\"https:\/\/dhg1h5j42swfq.cloudfront.net\/2025\/06\/03203428\/logo_concursos-1.jpg\",\"width\":230,\"height\":60,\"caption\":\"Estrat\u00e9gia Concursos\"},\"image\":{\"@id\":\"https:\/\/www.estrategiaconcursos.com.br\/blog\/#\/schema\/logo\/image\/\"},\"sameAs\":[\"https:\/\/x.com\/EstratConcursos\"]},{\"@type\":\"Person\",\"@id\":\"https:\/\/www.estrategiaconcursos.com.br\/blog\/#\/schema\/person\/b4a388c97673c5f483d72185668afa1f\",\"name\":\"Coordena\u00e7\u00e3o\",\"image\":{\"@type\":\"ImageObject\",\"inLanguage\":\"pt-BR\",\"@id\":\"https:\/\/secure.gravatar.com\/avatar\/b720319e4c9a967eb58678d110f4fe35452fc5d5f97b202bac7b8acceb18c6ad?s=96&d=mm&r=g\",\"url\":\"https:\/\/secure.gravatar.com\/avatar\/b720319e4c9a967eb58678d110f4fe35452fc5d5f97b202bac7b8acceb18c6ad?s=96&d=mm&r=g\",\"contentUrl\":\"https:\/\/secure.gravatar.com\/avatar\/b720319e4c9a967eb58678d110f4fe35452fc5d5f97b202bac7b8acceb18c6ad?s=96&d=mm&r=g\",\"caption\":\"Coordena\u00e7\u00e3o\"},\"sameAs\":[\"https:\/\/www.facebook.com\/EstrategiaConcursos\",\"https:\/\/x.com\/EstratConcursos\"],\"url\":\"https:\/\/www.estrategiaconcursos.com.br\/blog\/author\/estrategia2013\/\"}]}<\/script>\n<!-- \/ Yoast SEO Premium plugin. -->","yoast_head_json":{"title":"Definida a banca organizadora do concurso TRT-MG. Edital em breve!","description":"Definida a banca organizadora do concurso TRT-MG. Edital em breve! Saiba mais!","robots":{"index":"index","follow":"follow","max-snippet":"max-snippet:-1","max-image-preview":"max-image-preview:large","max-video-preview":"max-video-preview:-1"},"canonical":"https:\/\/www.estrategiaconcursos.com.br\/blog\/definida-a-banca-organizadora-do-concurso-trt-mg-edital-em-breve\/","og_locale":"pt_BR","og_type":"article","og_title":"Definida a banca organizadora do concurso TRT-MG. Edital em breve!","og_description":"Definida a banca organizadora do concurso TRT-MG. Edital em breve! Saiba mais!","og_url":"https:\/\/www.estrategiaconcursos.com.br\/blog\/definida-a-banca-organizadora-do-concurso-trt-mg-edital-em-breve\/","og_site_name":"Estrat\u00e9gia Concursos","article_author":"https:\/\/www.facebook.com\/EstrategiaConcursos","article_published_time":"2015-04-24T00:39:18+00:00","og_image":[{"url":"https:\/\/dhg1h5j42swfq.cloudfront.net\/2014\/07\/TRT-3-Minas-Gerais-MG-300x220.jpg","type":"","width":"","height":""}],"author":"Coordena\u00e7\u00e3o","twitter_card":"summary_large_image","twitter_creator":"@EstratConcursos","twitter_site":"@EstratConcursos","twitter_misc":{"Escrito por":"Coordena\u00e7\u00e3o","Est. tempo de leitura":"2 minutos"},"schema":{"@context":"https:\/\/schema.org","@graph":[{"@type":"NewsArticle","@id":"https:\/\/www.estrategiaconcursos.com.br\/blog\/definida-a-banca-organizadora-do-concurso-trt-mg-edital-em-breve\/#article","isPartOf":{"@id":"https:\/\/www.estrategiaconcursos.com.br\/blog\/definida-a-banca-organizadora-do-concurso-trt-mg-edital-em-breve\/"},"author":{"name":"Coordena\u00e7\u00e3o","@id":"https:\/\/www.estrategiaconcursos.com.br\/blog\/#\/schema\/person\/b4a388c97673c5f483d72185668afa1f"},"headline":"Definida a banca organizadora do concurso TRT-MG. Edital em breve!","datePublished":"2015-04-24T00:39:18+00:00","mainEntityOfPage":{"@id":"https:\/\/www.estrategiaconcursos.com.br\/blog\/definida-a-banca-organizadora-do-concurso-trt-mg-edital-em-breve\/"},"wordCount":321,"commentCount":1,"publisher":{"@id":"https:\/\/www.estrategiaconcursos.com.br\/blog\/#organization"},"image":{"@id":"https:\/\/www.estrategiaconcursos.com.br\/blog\/definida-a-banca-organizadora-do-concurso-trt-mg-edital-em-breve\/#primaryimage"},"thumbnailUrl":"https:\/\/dhg1h5j42swfq.cloudfront.net\/2014\/07\/TRT-3-Minas-Gerais-MG-300x220.jpg","keywords":["TRT-3","TRT-MG"],"articleSection":["Concursos P\u00fablicos"],"inLanguage":"pt-BR","potentialAction":[{"@type":"CommentAction","name":"Comment","target":["https:\/\/www.estrategiaconcursos.com.br\/blog\/definida-a-banca-organizadora-do-concurso-trt-mg-edital-em-breve\/#respond"]}],"copyrightYear":"2015","copyrightHolder":{"@id":"https:\/\/www.estrategiaconcursos.com.br\/blog\/#organization"}},{"@type":"WebPage","@id":"https:\/\/www.estrategiaconcursos.com.br\/blog\/definida-a-banca-organizadora-do-concurso-trt-mg-edital-em-breve\/","url":"https:\/\/www.estrategiaconcursos.com.br\/blog\/definida-a-banca-organizadora-do-concurso-trt-mg-edital-em-breve\/","name":"Definida a banca organizadora do concurso TRT-MG. Edital em breve!","isPartOf":{"@id":"https:\/\/www.estrategiaconcursos.com.br\/blog\/#website"},"primaryImageOfPage":{"@id":"https:\/\/www.estrategiaconcursos.com.br\/blog\/definida-a-banca-organizadora-do-concurso-trt-mg-edital-em-breve\/#primaryimage"},"image":{"@id":"https:\/\/www.estrategiaconcursos.com.br\/blog\/definida-a-banca-organizadora-do-concurso-trt-mg-edital-em-breve\/#primaryimage"},"thumbnailUrl":"https:\/\/dhg1h5j42swfq.cloudfront.net\/2014\/07\/TRT-3-Minas-Gerais-MG-300x220.jpg","datePublished":"2015-04-24T00:39:18+00:00","description":"Definida a banca organizadora do concurso TRT-MG. Edital em breve! Saiba mais!","breadcrumb":{"@id":"https:\/\/www.estrategiaconcursos.com.br\/blog\/definida-a-banca-organizadora-do-concurso-trt-mg-edital-em-breve\/#breadcrumb"},"inLanguage":"pt-BR","potentialAction":[{"@type":"ReadAction","target":["https:\/\/www.estrategiaconcursos.com.br\/blog\/definida-a-banca-organizadora-do-concurso-trt-mg-edital-em-breve\/"]}]},{"@type":"ImageObject","inLanguage":"pt-BR","@id":"https:\/\/www.estrategiaconcursos.com.br\/blog\/definida-a-banca-organizadora-do-concurso-trt-mg-edital-em-breve\/#primaryimage","url":"https:\/\/dhg1h5j42swfq.cloudfront.net\/2014\/07\/TRT-3-Minas-Gerais-MG-300x220.jpg","contentUrl":"https:\/\/dhg1h5j42swfq.cloudfront.net\/2014\/07\/TRT-3-Minas-Gerais-MG-300x220.jpg"},{"@type":"BreadcrumbList","@id":"https:\/\/www.estrategiaconcursos.com.br\/blog\/definida-a-banca-organizadora-do-concurso-trt-mg-edital-em-breve\/#breadcrumb","itemListElement":[{"@type":"ListItem","position":1,"name":"In\u00edcio","item":"https:\/\/www.estrategiaconcursos.com.br\/blog\/"},{"@type":"ListItem","position":2,"name":"Definida a banca organizadora do concurso TRT-MG. Edital em breve!"}]},{"@type":"WebSite","@id":"https:\/\/www.estrategiaconcursos.com.br\/blog\/#website","url":"https:\/\/www.estrategiaconcursos.com.br\/blog\/","name":"Estrat\u00e9gia Concursos","description":"O blog da Estrat\u00e9gia Concursos traz not\u00edcias sobre concursos e artigos de professores oferecendo cursos para concursos (pdf + videaulas) no site.","publisher":{"@id":"https:\/\/www.estrategiaconcursos.com.br\/blog\/#organization"},"potentialAction":[{"@type":"SearchAction","target":{"@type":"EntryPoint","urlTemplate":"https:\/\/www.estrategiaconcursos.com.br\/blog\/?s={search_term_string}"},"query-input":{"@type":"PropertyValueSpecification","valueRequired":true,"valueName":"search_term_string"}}],"inLanguage":"pt-BR"},{"@type":"Organization","@id":"https:\/\/www.estrategiaconcursos.com.br\/blog\/#organization","name":"Estrat\u00e9gia Concursos","url":"https:\/\/www.estrategiaconcursos.com.br\/blog\/","logo":{"@type":"ImageObject","inLanguage":"pt-BR","@id":"https:\/\/www.estrategiaconcursos.com.br\/blog\/#\/schema\/logo\/image\/","url":"https:\/\/dhg1h5j42swfq.cloudfront.net\/2025\/06\/03203428\/logo_concursos-1.jpg","contentUrl":"https:\/\/dhg1h5j42swfq.cloudfront.net\/2025\/06\/03203428\/logo_concursos-1.jpg","width":230,"height":60,"caption":"Estrat\u00e9gia Concursos"},"image":{"@id":"https:\/\/www.estrategiaconcursos.com.br\/blog\/#\/schema\/logo\/image\/"},"sameAs":["https:\/\/x.com\/EstratConcursos"]},{"@type":"Person","@id":"https:\/\/www.estrategiaconcursos.com.br\/blog\/#\/schema\/person\/b4a388c97673c5f483d72185668afa1f","name":"Coordena\u00e7\u00e3o","image":{"@type":"ImageObject","inLanguage":"pt-BR","@id":"https:\/\/secure.gravatar.com\/avatar\/b720319e4c9a967eb58678d110f4fe35452fc5d5f97b202bac7b8acceb18c6ad?s=96&d=mm&r=g","url":"https:\/\/secure.gravatar.com\/avatar\/b720319e4c9a967eb58678d110f4fe35452fc5d5f97b202bac7b8acceb18c6ad?s=96&d=mm&r=g","contentUrl":"https:\/\/secure.gravatar.com\/avatar\/b720319e4c9a967eb58678d110f4fe35452fc5d5f97b202bac7b8acceb18c6ad?s=96&d=mm&r=g","caption":"Coordena\u00e7\u00e3o"},"sameAs":["https:\/\/www.facebook.com\/EstrategiaConcursos","https:\/\/x.com\/EstratConcursos"],"url":"https:\/\/www.estrategiaconcursos.com.br\/blog\/author\/estrategia2013\/"}]}},"_links":{"self":[{"href":"https:\/\/www.estrategiaconcursos.com.br\/blog\/wp-json\/wp\/v2\/posts\/22926","targetHints":{"allow":["GET"]}}],"collection":[{"href":"https:\/\/www.estrategiaconcursos.com.br\/blog\/wp-json\/wp\/v2\/posts"}],"about":[{"href":"https:\/\/www.estrategiaconcursos.com.br\/blog\/wp-json\/wp\/v2\/types\/post"}],"author":[{"embeddable":true,"href":"https:\/\/www.estrategiaconcursos.com.br\/blog\/wp-json\/wp\/v2\/users\/1"}],"replies":[{"embeddable":true,"href":"https:\/\/www.estrategiaconcursos.com.br\/blog\/wp-json\/wp\/v2\/comments?post=22926"}],"version-history":[{"count":1,"href":"https:\/\/www.estrategiaconcursos.com.br\/blog\/wp-json\/wp\/v2\/posts\/22926\/revisions"}],"predecessor-version":[{"id":22936,"href":"https:\/\/www.estrategiaconcursos.com.br\/blog\/wp-json\/wp\/v2\/posts\/22926\/revisions\/22936"}],"wp:attachment":[{"href":"https:\/\/www.estrategiaconcursos.com.br\/blog\/wp-json\/wp\/v2\/media?parent=22926"}],"wp:term":[{"taxonomy":"category","embeddable":true,"href":"https:\/\/www.estrategiaconcursos.com.br\/blog\/wp-json\/wp\/v2\/categories?post=22926"},{"taxonomy":"post_tag","embeddable":true,"href":"https:\/\/www.estrategiaconcursos.com.br\/blog\/wp-json\/wp\/v2\/tags?post=22926"},{"taxonomy":"tax_estado","embeddable":true,"href":"https:\/\/www.estrategiaconcursos.com.br\/blog\/wp-json\/wp\/v2\/tax_estado?post=22926"}],"curies":[{"name":"wp","href":"https:\/\/api.w.org\/{rel}","templated":true}]}}