{"id":22905,"date":"2015-04-23T12:01:24","date_gmt":"2015-04-23T15:01:24","guid":{"rendered":"http:\/\/www.estrategiaconcursos.com.br\/blog\/?p=22905"},"modified":"2015-04-24T20:39:26","modified_gmt":"2015-04-24T23:39:26","slug":"curso-de-discursivas-para-o-depen-com-correcao-individual","status":"publish","type":"post","link":"https:\/\/www.estrategiaconcursos.com.br\/blog\/curso-de-discursivas-para-o-depen-com-correcao-individual\/","title":{"rendered":"Curso de Discursivas para o DEPEN com corre\u00e7\u00e3o individual"},"content":{"rendered":"<p><a href=\"https:\/\/dhg1h5j42swfq.cloudfront.net\/2015\/04\/953fe4935c5f12a687fe89f6ef0a2e71.jpg\"><img loading=\"lazy\" decoding=\"async\" class=\" size-medium wp-image-22906 alignleft\" src=\"https:\/\/dhg1h5j42swfq.cloudfront.net\/2015\/04\/953fe4935c5f12a687fe89f6ef0a2e71-300x210.jpg\" alt=\"953fe4935c5f12a687fe89f6ef0a2e71\" width=\"295\" height=\"210\" \/><\/a>Ol\u00e1 pessoal, estamos aqui para apresentar o nosso Curso de Discursivas para Concurso do Departamento Penitenci\u00e1rio Federal (<strong>DEPEN<\/strong>). Trata-se de um curso focado no edital publicado na \u00faltima sexta-feira, dia 17.04.2015.<\/p>\n<p>O edital foi bastante espec\u00edfico e previu <strong>258 cargos<\/strong>, distribu\u00eddos em dois cargos: Especialista em Assist\u00eancia Penitenci\u00e1ria e Agente Penitenci\u00e1rio Federal (AGEPEN). Em rela\u00e7\u00e3o a este houve a divis\u00e3o em diversas \u00e1reas (administrativa, comunica\u00e7\u00e3o social, atividade fim, exatas, sa\u00fade, reabilita\u00e7\u00e3o e tecnologia da informa\u00e7\u00e3o). Embora se trate de cargo de <strong>ensino m\u00e9dio<\/strong>, o candidato dever\u00e1 optar, entre as \u00e1reas acima, para qual deseja concorrer.<\/p>\n<p>Fora esse aspecto espec\u00edfico, vamos analisar a import\u00e2ncia da reda\u00e7\u00e3o para nossa prova! A prova objetiva, entre conhecimentos gerais, complementares e espec\u00edficos, totalizar\u00e1 160 pontos. J\u00e1 a prova objetiva, apenas ela, corresponder\u00e1 a 80 pontos. Ademais, ela <strong>ser\u00e1 exigida para todos os cargos e \u00e1reas<\/strong>. Dessa forma, <strong>DEPREENDE-SE QUE UM BOM DESEMPENHO NA PROVA DISCURSIVA \u00c9 FUNDAMENTAL, POIS REPRESENTA 1\/3 DA PONTUA\u00c7\u00c3O OU, PERCENTUALMENTE, 33,3% DA PONTUA\u00c7\u00c3O ACUMULADA NAS DUAS PRIMEIRAS PROVAS<\/strong>.<\/p>\n<p>Ainda segundo o edital, ser\u00e3o corrigidas in\u00fameras reda\u00e7\u00f5es. Para os cargos de especialista haver\u00e1 a corre\u00e7\u00e3o de um total de 700 reda\u00e7\u00f5es. J\u00e1 para os cargos de AGEPEN ser\u00e3o corrigidas 3.000 reda\u00e7\u00f5es. Dada a import\u00e2ncia conferida \u00e0 reda\u00e7\u00e3o, um bom desempenho na prova subjetiva ser\u00e1 fundamental para uma boa classifica\u00e7\u00e3o no certame.<\/p>\n<p>Em raz\u00e3o disso, organizamos o presente Curso de Discursivas, com corre\u00e7\u00e3o de reda\u00e7\u00f5es individuais.<\/p>\n<p>De acordo com o item 10.1 do edital do concurso do DEPEN, a prova discursiva consistir\u00e1 na reda\u00e7\u00e3o de um texto dissertativo de at\u00e9 30 linhas sobre os seguintes assuntos: sistema de justi\u00e7a criminal; sistema prisional brasileiro; e pol\u00edticas p\u00fablicas de seguran\u00e7a p\u00fablica e cidadania.<\/p>\n<p>O Curso observar\u00e1 os assuntos exigidos em edital. Analisaremos temas como maioridade penal, justi\u00e7a restaurativa, precariedade do sistema carcer\u00e1rio brasileiro, \u201cbalas perdidas\u201d, a\u00e7\u00e3o das mil\u00edcias, crimes cibern\u00e9ticos, porte de arma de fogo por agentes penitenci\u00e1rios, desarmamento, a import\u00e2ncia da educa\u00e7\u00e3o, seguran\u00e7a nos pres\u00eddios, narcotr\u00e1fico, rebeli\u00f5es em pres\u00eddios p\u00fablicos e atua\u00e7\u00e3o do Agente Penitenci\u00e1rio (treinamento e pessoal) e revista \u00edntima.<\/p>\n<p>J\u00e1 lan\u00e7amos esse modelo de curso em duas oportunidades &#8211; para o cargo de t\u00e9cnico judici\u00e1rio do TRE\/MG (2015) e para o cargo de auditor-fiscal do trabalho do MTE (2013). Em ambas as oportunidades, <strong>tivemos a felicidade de, inclusive, acertar o tema da quest\u00e3o da prova<\/strong>. \u00c9 importante, frisar, entretanto, que nosso objetivo n\u00e3o \u00e9 acertar a quest\u00e3o da prova, mas lan\u00e7ar orienta\u00e7\u00f5es de escrita e reda\u00e7\u00e3o, bem como estudar temas atuais relacionados \u00e0 \u00e1rea.<\/p>\n<p>Em nossa Aula Inaugural do Curso (j\u00e1 dispon\u00edvel) detalhamos a forma do texto e crit\u00e9rios de corre\u00e7\u00e3o. De todo modo, voc\u00eas podem notar que se trata de um texto de 30 linhas, que ser\u00e1 avaliado de acordo com <em>a capacidade de express\u00e3o na modalidade escrita e o uso das normas do registro formal culto da l\u00edngua portuguesa<\/em>. Ademais, o texto <em>dever\u00e1 ser produzido em foram de texto dissertativo, com observ\u00e2ncia da coer\u00eancia e coes\u00e3o<\/em>.<\/p>\n<p>Em face disso, al\u00e9m de tratar dos temas exigidos, vamos a cada aula trazer orienta\u00e7\u00f5es de escrita e de reda\u00e7\u00e3o. Essas orienta\u00e7\u00f5es ser\u00e3o diretas e objetivas. Nossa pretens\u00e3o n\u00e3o ser\u00e1 estudar L\u00edngua Portuguesa, mas tratar de t\u00e9cnicas de reda\u00e7\u00e3o para o DEPEN, segundo o edital recentemente publicado.<\/p>\n<p>Para finalizar, algumas observa\u00e7\u00f5es pontuais relevantes:<\/p>\n<p>(i) AS <strong>MATR\u00cdCULAS<\/strong> PODER\u00c3O SER EFETUADAS <strong>AT\u00c9 11.05<\/strong> para que possamos atender a todos dentro do cronograma de aulas. Logo se voc\u00ea tiver interesse, matricule-se o quanto antes.<\/p>\n<p>(ii) HAVER\u00c1 A <strong>CORRE\u00c7\u00c3O INDIVIDUAL DE TR\u00caS REDA\u00c7\u00d5ES<\/strong>. A cada aula ser\u00e3o apresentadas tr\u00eas propostas de reda\u00e7\u00e3o, dentre as quais uma dever\u00e1 ser escolhida para envio ao professor. Essa corre\u00e7\u00e3o \u00e9 detalhada, com orienta\u00e7\u00f5es espec\u00edficas, segundo a necessidade e d\u00favidas do aluno.<\/p>\n<p>(iii) TEREMOS UM CANAL PARA CONTATO DIRETO E PERMANENTE COM O PROFESSOR. Assim, se voc\u00ea tiver alguma d\u00favida ao treinar as demais propostas ou analisar a corre\u00e7\u00e3o poder\u00e1 entrar diretamente em contato conosco.<\/p>\n<p>Caso tenha se interessado, acesse o link abaixo e consulte nossa aula demonstrativa. L\u00e1 o curso est\u00e1 explicado de forma detalhada.<\/p>\n<p style=\"text-align: center;\"><strong><a href=\"https:\/\/www.estrategiaconcursos.com.br\/curso\/discursivas-p-depen-com-correcao-de-3-redacoes-por-aluno-6842\/\">https:\/\/www.estrategiaconcursos.com.br\/curso\/discursivas-p-depen-com-correcao-de-3-redacoes-por-aluno-6842\/<\/a><\/strong><\/p>\n<p>Aguardo voc\u00eas em nossas aulas!<\/p>\n<p>Um forte abra\u00e7o e bons estudos a todos!<\/p>\n<p style=\"text-align: right;\">Ricardo Torques<\/p>\n<p style=\"text-align: right;\"><span style=\"text-decoration: underline;\">rst.estrategia@gmail.com.<\/span><\/p>\n<p style=\"text-align: right;\"><a href=\"https:\/\/www.facebook.com\/ricardo.s.torques\">https:\/\/www.facebook.com\/ricardo.s.torques<\/a><\/p>\n","protected":false},"excerpt":{"rendered":"<p>Ol\u00e1 pessoal, estamos aqui para apresentar o nosso Curso de Discursivas para Concurso do Departamento Penitenci\u00e1rio Federal (DEPEN). Trata-se de um curso focado no edital publicado na \u00faltima sexta-feira, dia 17.04.2015. O edital foi bastante espec\u00edfico e previu 258 cargos, distribu\u00eddos em dois cargos: Especialista em Assist\u00eancia Penitenci\u00e1ria e Agente Penitenci\u00e1rio Federal (AGEPEN). Em rela\u00e7\u00e3o [&hellip;]<\/p>\n","protected":false},"author":180,"featured_media":0,"comment_status":"open","ping_status":"open","sticky":false,"template":"","format":"standard","meta":{"post_tipo":"article","footnotes":""},"categories":[1],"tags":[641],"tax_estado":[],"class_list":["post-22905","post","type-post","status-publish","format-standard","hentry","category-cursos-e-concursos","tag-depen"],"acf":[],"yoast_head":"<!-- This site is optimized with the Yoast SEO Premium plugin v27.2 (Yoast SEO v27.2) - https:\/\/yoast.com\/product\/yoast-seo-premium-wordpress\/ -->\n<title>Curso de Discursivas para o DEPEN com corre\u00e7\u00e3o individual<\/title>\n<meta name=\"robots\" content=\"index, follow, max-snippet:-1, max-image-preview:large, max-video-preview:-1\" \/>\n<link rel=\"canonical\" href=\"https:\/\/www.estrategiaconcursos.com.br\/blog\/curso-de-discursivas-para-o-depen-com-correcao-individual\/\" \/>\n<meta property=\"og:locale\" content=\"pt_BR\" \/>\n<meta property=\"og:type\" content=\"article\" \/>\n<meta property=\"og:title\" content=\"Curso de Discursivas para o DEPEN com corre\u00e7\u00e3o individual\" \/>\n<meta property=\"og:description\" content=\"Ol\u00e1 pessoal, estamos aqui para apresentar o nosso Curso de Discursivas para Concurso do Departamento Penitenci\u00e1rio Federal (DEPEN). Trata-se de um curso focado no edital publicado na \u00faltima sexta-feira, dia 17.04.2015. O edital foi bastante espec\u00edfico e previu 258 cargos, distribu\u00eddos em dois cargos: Especialista em Assist\u00eancia Penitenci\u00e1ria e Agente Penitenci\u00e1rio Federal (AGEPEN). Em rela\u00e7\u00e3o [&hellip;]\" \/>\n<meta property=\"og:url\" content=\"https:\/\/www.estrategiaconcursos.com.br\/blog\/curso-de-discursivas-para-o-depen-com-correcao-individual\/\" \/>\n<meta property=\"og:site_name\" content=\"Estrat\u00e9gia Concursos\" \/>\n<meta property=\"article:author\" content=\"https:\/\/www.facebook.com\/ricardo.s.torques\" \/>\n<meta property=\"article:published_time\" content=\"2015-04-23T15:01:24+00:00\" \/>\n<meta property=\"article:modified_time\" content=\"2015-04-24T23:39:26+00:00\" \/>\n<meta property=\"og:image\" content=\"https:\/\/dhg1h5j42swfq.cloudfront.net\/2015\/04\/953fe4935c5f12a687fe89f6ef0a2e71-300x210.jpg\" \/>\n<meta name=\"author\" content=\"Ricardo Torques\" \/>\n<meta name=\"twitter:card\" content=\"summary_large_image\" \/>\n<meta name=\"twitter:creator\" content=\"@EstratConcursos\" \/>\n<meta name=\"twitter:site\" content=\"@EstratConcursos\" \/>\n<meta name=\"twitter:label1\" content=\"Escrito por\" \/>\n\t<meta name=\"twitter:data1\" content=\"Ricardo Torques\" \/>\n\t<meta name=\"twitter:label2\" content=\"Est. tempo de leitura\" \/>\n\t<meta name=\"twitter:data2\" content=\"4 minutos\" \/>\n<script type=\"application\/ld+json\" class=\"yoast-schema-graph\">{\"@context\":\"https:\/\/schema.org\",\"@graph\":[{\"@type\":\"NewsArticle\",\"@id\":\"https:\/\/www.estrategiaconcursos.com.br\/blog\/curso-de-discursivas-para-o-depen-com-correcao-individual\/#article\",\"isPartOf\":{\"@id\":\"https:\/\/www.estrategiaconcursos.com.br\/blog\/curso-de-discursivas-para-o-depen-com-correcao-individual\/\"},\"author\":{\"name\":\"Ricardo Torques\",\"@id\":\"https:\/\/www.estrategiaconcursos.com.br\/blog\/#\/schema\/person\/aa39cf5ddb518e5bdce27c35788405e2\"},\"headline\":\"Curso de Discursivas para o DEPEN com corre\u00e7\u00e3o individual\",\"datePublished\":\"2015-04-23T15:01:24+00:00\",\"dateModified\":\"2015-04-24T23:39:26+00:00\",\"mainEntityOfPage\":{\"@id\":\"https:\/\/www.estrategiaconcursos.com.br\/blog\/curso-de-discursivas-para-o-depen-com-correcao-individual\/\"},\"wordCount\":787,\"commentCount\":2,\"publisher\":{\"@id\":\"https:\/\/www.estrategiaconcursos.com.br\/blog\/#organization\"},\"image\":{\"@id\":\"https:\/\/www.estrategiaconcursos.com.br\/blog\/curso-de-discursivas-para-o-depen-com-correcao-individual\/#primaryimage\"},\"thumbnailUrl\":\"https:\/\/dhg1h5j42swfq.cloudfront.net\/2015\/04\/953fe4935c5f12a687fe89f6ef0a2e71-300x210.jpg\",\"keywords\":[\"DEPEN\"],\"articleSection\":[\"Concursos P\u00fablicos\"],\"inLanguage\":\"pt-BR\",\"potentialAction\":[{\"@type\":\"CommentAction\",\"name\":\"Comment\",\"target\":[\"https:\/\/www.estrategiaconcursos.com.br\/blog\/curso-de-discursivas-para-o-depen-com-correcao-individual\/#respond\"]}],\"copyrightYear\":\"2015\",\"copyrightHolder\":{\"@id\":\"https:\/\/www.estrategiaconcursos.com.br\/blog\/#organization\"}},{\"@type\":\"WebPage\",\"@id\":\"https:\/\/www.estrategiaconcursos.com.br\/blog\/curso-de-discursivas-para-o-depen-com-correcao-individual\/\",\"url\":\"https:\/\/www.estrategiaconcursos.com.br\/blog\/curso-de-discursivas-para-o-depen-com-correcao-individual\/\",\"name\":\"Curso de Discursivas para o DEPEN com corre\u00e7\u00e3o individual\",\"isPartOf\":{\"@id\":\"https:\/\/www.estrategiaconcursos.com.br\/blog\/#website\"},\"primaryImageOfPage\":{\"@id\":\"https:\/\/www.estrategiaconcursos.com.br\/blog\/curso-de-discursivas-para-o-depen-com-correcao-individual\/#primaryimage\"},\"image\":{\"@id\":\"https:\/\/www.estrategiaconcursos.com.br\/blog\/curso-de-discursivas-para-o-depen-com-correcao-individual\/#primaryimage\"},\"thumbnailUrl\":\"https:\/\/dhg1h5j42swfq.cloudfront.net\/2015\/04\/953fe4935c5f12a687fe89f6ef0a2e71-300x210.jpg\",\"datePublished\":\"2015-04-23T15:01:24+00:00\",\"dateModified\":\"2015-04-24T23:39:26+00:00\",\"breadcrumb\":{\"@id\":\"https:\/\/www.estrategiaconcursos.com.br\/blog\/curso-de-discursivas-para-o-depen-com-correcao-individual\/#breadcrumb\"},\"inLanguage\":\"pt-BR\",\"potentialAction\":[{\"@type\":\"ReadAction\",\"target\":[\"https:\/\/www.estrategiaconcursos.com.br\/blog\/curso-de-discursivas-para-o-depen-com-correcao-individual\/\"]}]},{\"@type\":\"ImageObject\",\"inLanguage\":\"pt-BR\",\"@id\":\"https:\/\/www.estrategiaconcursos.com.br\/blog\/curso-de-discursivas-para-o-depen-com-correcao-individual\/#primaryimage\",\"url\":\"https:\/\/dhg1h5j42swfq.cloudfront.net\/2015\/04\/953fe4935c5f12a687fe89f6ef0a2e71-300x210.jpg\",\"contentUrl\":\"https:\/\/dhg1h5j42swfq.cloudfront.net\/2015\/04\/953fe4935c5f12a687fe89f6ef0a2e71-300x210.jpg\"},{\"@type\":\"BreadcrumbList\",\"@id\":\"https:\/\/www.estrategiaconcursos.com.br\/blog\/curso-de-discursivas-para-o-depen-com-correcao-individual\/#breadcrumb\",\"itemListElement\":[{\"@type\":\"ListItem\",\"position\":1,\"name\":\"In\u00edcio\",\"item\":\"https:\/\/www.estrategiaconcursos.com.br\/blog\/\"},{\"@type\":\"ListItem\",\"position\":2,\"name\":\"Curso de Discursivas para o DEPEN com corre\u00e7\u00e3o individual\"}]},{\"@type\":\"WebSite\",\"@id\":\"https:\/\/www.estrategiaconcursos.com.br\/blog\/#website\",\"url\":\"https:\/\/www.estrategiaconcursos.com.br\/blog\/\",\"name\":\"Estrat\u00e9gia Concursos\",\"description\":\"O blog da Estrat\u00e9gia Concursos traz not\u00edcias sobre concursos e artigos de professores oferecendo cursos para concursos (pdf + videaulas) no site.\",\"publisher\":{\"@id\":\"https:\/\/www.estrategiaconcursos.com.br\/blog\/#organization\"},\"potentialAction\":[{\"@type\":\"SearchAction\",\"target\":{\"@type\":\"EntryPoint\",\"urlTemplate\":\"https:\/\/www.estrategiaconcursos.com.br\/blog\/?s={search_term_string}\"},\"query-input\":{\"@type\":\"PropertyValueSpecification\",\"valueRequired\":true,\"valueName\":\"search_term_string\"}}],\"inLanguage\":\"pt-BR\"},{\"@type\":\"Organization\",\"@id\":\"https:\/\/www.estrategiaconcursos.com.br\/blog\/#organization\",\"name\":\"Estrat\u00e9gia Concursos\",\"url\":\"https:\/\/www.estrategiaconcursos.com.br\/blog\/\",\"logo\":{\"@type\":\"ImageObject\",\"inLanguage\":\"pt-BR\",\"@id\":\"https:\/\/www.estrategiaconcursos.com.br\/blog\/#\/schema\/logo\/image\/\",\"url\":\"https:\/\/dhg1h5j42swfq.cloudfront.net\/2025\/06\/03203428\/logo_concursos-1.jpg\",\"contentUrl\":\"https:\/\/dhg1h5j42swfq.cloudfront.net\/2025\/06\/03203428\/logo_concursos-1.jpg\",\"width\":230,\"height\":60,\"caption\":\"Estrat\u00e9gia Concursos\"},\"image\":{\"@id\":\"https:\/\/www.estrategiaconcursos.com.br\/blog\/#\/schema\/logo\/image\/\"},\"sameAs\":[\"https:\/\/x.com\/EstratConcursos\"]},{\"@type\":\"Person\",\"@id\":\"https:\/\/www.estrategiaconcursos.com.br\/blog\/#\/schema\/person\/aa39cf5ddb518e5bdce27c35788405e2\",\"name\":\"Ricardo Torques\",\"image\":{\"@type\":\"ImageObject\",\"inLanguage\":\"pt-BR\",\"@id\":\"https:\/\/secure.gravatar.com\/avatar\/ce9ac6c3cff25fe86d15ed568ebc64d1724baf5c0693133bcb1f6073f712f92a?s=96&d=mm&r=g\",\"url\":\"https:\/\/secure.gravatar.com\/avatar\/ce9ac6c3cff25fe86d15ed568ebc64d1724baf5c0693133bcb1f6073f712f92a?s=96&d=mm&r=g\",\"contentUrl\":\"https:\/\/secure.gravatar.com\/avatar\/ce9ac6c3cff25fe86d15ed568ebc64d1724baf5c0693133bcb1f6073f712f92a?s=96&d=mm&r=g\",\"caption\":\"Ricardo Torques\"},\"sameAs\":[\"https:\/\/www.facebook.com\/ricardo.s.torques\"],\"url\":\"https:\/\/www.estrategiaconcursos.com.br\/blog\/author\/ricardotorquesestrategiaconcursos-com-br\/\"}]}<\/script>\n<!-- \/ Yoast SEO Premium plugin. -->","yoast_head_json":{"title":"Curso de Discursivas para o DEPEN com corre\u00e7\u00e3o individual","robots":{"index":"index","follow":"follow","max-snippet":"max-snippet:-1","max-image-preview":"max-image-preview:large","max-video-preview":"max-video-preview:-1"},"canonical":"https:\/\/www.estrategiaconcursos.com.br\/blog\/curso-de-discursivas-para-o-depen-com-correcao-individual\/","og_locale":"pt_BR","og_type":"article","og_title":"Curso de Discursivas para o DEPEN com corre\u00e7\u00e3o individual","og_description":"Ol\u00e1 pessoal, estamos aqui para apresentar o nosso Curso de Discursivas para Concurso do Departamento Penitenci\u00e1rio Federal (DEPEN). Trata-se de um curso focado no edital publicado na \u00faltima sexta-feira, dia 17.04.2015. O edital foi bastante espec\u00edfico e previu 258 cargos, distribu\u00eddos em dois cargos: Especialista em Assist\u00eancia Penitenci\u00e1ria e Agente Penitenci\u00e1rio Federal (AGEPEN). Em rela\u00e7\u00e3o [&hellip;]","og_url":"https:\/\/www.estrategiaconcursos.com.br\/blog\/curso-de-discursivas-para-o-depen-com-correcao-individual\/","og_site_name":"Estrat\u00e9gia Concursos","article_author":"https:\/\/www.facebook.com\/ricardo.s.torques","article_published_time":"2015-04-23T15:01:24+00:00","article_modified_time":"2015-04-24T23:39:26+00:00","og_image":[{"url":"https:\/\/dhg1h5j42swfq.cloudfront.net\/2015\/04\/953fe4935c5f12a687fe89f6ef0a2e71-300x210.jpg","type":"","width":"","height":""}],"author":"Ricardo Torques","twitter_card":"summary_large_image","twitter_creator":"@EstratConcursos","twitter_site":"@EstratConcursos","twitter_misc":{"Escrito por":"Ricardo Torques","Est. tempo de leitura":"4 minutos"},"schema":{"@context":"https:\/\/schema.org","@graph":[{"@type":"NewsArticle","@id":"https:\/\/www.estrategiaconcursos.com.br\/blog\/curso-de-discursivas-para-o-depen-com-correcao-individual\/#article","isPartOf":{"@id":"https:\/\/www.estrategiaconcursos.com.br\/blog\/curso-de-discursivas-para-o-depen-com-correcao-individual\/"},"author":{"name":"Ricardo Torques","@id":"https:\/\/www.estrategiaconcursos.com.br\/blog\/#\/schema\/person\/aa39cf5ddb518e5bdce27c35788405e2"},"headline":"Curso de Discursivas para o DEPEN com corre\u00e7\u00e3o individual","datePublished":"2015-04-23T15:01:24+00:00","dateModified":"2015-04-24T23:39:26+00:00","mainEntityOfPage":{"@id":"https:\/\/www.estrategiaconcursos.com.br\/blog\/curso-de-discursivas-para-o-depen-com-correcao-individual\/"},"wordCount":787,"commentCount":2,"publisher":{"@id":"https:\/\/www.estrategiaconcursos.com.br\/blog\/#organization"},"image":{"@id":"https:\/\/www.estrategiaconcursos.com.br\/blog\/curso-de-discursivas-para-o-depen-com-correcao-individual\/#primaryimage"},"thumbnailUrl":"https:\/\/dhg1h5j42swfq.cloudfront.net\/2015\/04\/953fe4935c5f12a687fe89f6ef0a2e71-300x210.jpg","keywords":["DEPEN"],"articleSection":["Concursos P\u00fablicos"],"inLanguage":"pt-BR","potentialAction":[{"@type":"CommentAction","name":"Comment","target":["https:\/\/www.estrategiaconcursos.com.br\/blog\/curso-de-discursivas-para-o-depen-com-correcao-individual\/#respond"]}],"copyrightYear":"2015","copyrightHolder":{"@id":"https:\/\/www.estrategiaconcursos.com.br\/blog\/#organization"}},{"@type":"WebPage","@id":"https:\/\/www.estrategiaconcursos.com.br\/blog\/curso-de-discursivas-para-o-depen-com-correcao-individual\/","url":"https:\/\/www.estrategiaconcursos.com.br\/blog\/curso-de-discursivas-para-o-depen-com-correcao-individual\/","name":"Curso de Discursivas para o DEPEN com corre\u00e7\u00e3o individual","isPartOf":{"@id":"https:\/\/www.estrategiaconcursos.com.br\/blog\/#website"},"primaryImageOfPage":{"@id":"https:\/\/www.estrategiaconcursos.com.br\/blog\/curso-de-discursivas-para-o-depen-com-correcao-individual\/#primaryimage"},"image":{"@id":"https:\/\/www.estrategiaconcursos.com.br\/blog\/curso-de-discursivas-para-o-depen-com-correcao-individual\/#primaryimage"},"thumbnailUrl":"https:\/\/dhg1h5j42swfq.cloudfront.net\/2015\/04\/953fe4935c5f12a687fe89f6ef0a2e71-300x210.jpg","datePublished":"2015-04-23T15:01:24+00:00","dateModified":"2015-04-24T23:39:26+00:00","breadcrumb":{"@id":"https:\/\/www.estrategiaconcursos.com.br\/blog\/curso-de-discursivas-para-o-depen-com-correcao-individual\/#breadcrumb"},"inLanguage":"pt-BR","potentialAction":[{"@type":"ReadAction","target":["https:\/\/www.estrategiaconcursos.com.br\/blog\/curso-de-discursivas-para-o-depen-com-correcao-individual\/"]}]},{"@type":"ImageObject","inLanguage":"pt-BR","@id":"https:\/\/www.estrategiaconcursos.com.br\/blog\/curso-de-discursivas-para-o-depen-com-correcao-individual\/#primaryimage","url":"https:\/\/dhg1h5j42swfq.cloudfront.net\/2015\/04\/953fe4935c5f12a687fe89f6ef0a2e71-300x210.jpg","contentUrl":"https:\/\/dhg1h5j42swfq.cloudfront.net\/2015\/04\/953fe4935c5f12a687fe89f6ef0a2e71-300x210.jpg"},{"@type":"BreadcrumbList","@id":"https:\/\/www.estrategiaconcursos.com.br\/blog\/curso-de-discursivas-para-o-depen-com-correcao-individual\/#breadcrumb","itemListElement":[{"@type":"ListItem","position":1,"name":"In\u00edcio","item":"https:\/\/www.estrategiaconcursos.com.br\/blog\/"},{"@type":"ListItem","position":2,"name":"Curso de Discursivas para o DEPEN com corre\u00e7\u00e3o individual"}]},{"@type":"WebSite","@id":"https:\/\/www.estrategiaconcursos.com.br\/blog\/#website","url":"https:\/\/www.estrategiaconcursos.com.br\/blog\/","name":"Estrat\u00e9gia Concursos","description":"O blog da Estrat\u00e9gia Concursos traz not\u00edcias sobre concursos e artigos de professores oferecendo cursos para concursos (pdf + videaulas) no site.","publisher":{"@id":"https:\/\/www.estrategiaconcursos.com.br\/blog\/#organization"},"potentialAction":[{"@type":"SearchAction","target":{"@type":"EntryPoint","urlTemplate":"https:\/\/www.estrategiaconcursos.com.br\/blog\/?s={search_term_string}"},"query-input":{"@type":"PropertyValueSpecification","valueRequired":true,"valueName":"search_term_string"}}],"inLanguage":"pt-BR"},{"@type":"Organization","@id":"https:\/\/www.estrategiaconcursos.com.br\/blog\/#organization","name":"Estrat\u00e9gia Concursos","url":"https:\/\/www.estrategiaconcursos.com.br\/blog\/","logo":{"@type":"ImageObject","inLanguage":"pt-BR","@id":"https:\/\/www.estrategiaconcursos.com.br\/blog\/#\/schema\/logo\/image\/","url":"https:\/\/dhg1h5j42swfq.cloudfront.net\/2025\/06\/03203428\/logo_concursos-1.jpg","contentUrl":"https:\/\/dhg1h5j42swfq.cloudfront.net\/2025\/06\/03203428\/logo_concursos-1.jpg","width":230,"height":60,"caption":"Estrat\u00e9gia Concursos"},"image":{"@id":"https:\/\/www.estrategiaconcursos.com.br\/blog\/#\/schema\/logo\/image\/"},"sameAs":["https:\/\/x.com\/EstratConcursos"]},{"@type":"Person","@id":"https:\/\/www.estrategiaconcursos.com.br\/blog\/#\/schema\/person\/aa39cf5ddb518e5bdce27c35788405e2","name":"Ricardo Torques","image":{"@type":"ImageObject","inLanguage":"pt-BR","@id":"https:\/\/secure.gravatar.com\/avatar\/ce9ac6c3cff25fe86d15ed568ebc64d1724baf5c0693133bcb1f6073f712f92a?s=96&d=mm&r=g","url":"https:\/\/secure.gravatar.com\/avatar\/ce9ac6c3cff25fe86d15ed568ebc64d1724baf5c0693133bcb1f6073f712f92a?s=96&d=mm&r=g","contentUrl":"https:\/\/secure.gravatar.com\/avatar\/ce9ac6c3cff25fe86d15ed568ebc64d1724baf5c0693133bcb1f6073f712f92a?s=96&d=mm&r=g","caption":"Ricardo Torques"},"sameAs":["https:\/\/www.facebook.com\/ricardo.s.torques"],"url":"https:\/\/www.estrategiaconcursos.com.br\/blog\/author\/ricardotorquesestrategiaconcursos-com-br\/"}]}},"_links":{"self":[{"href":"https:\/\/www.estrategiaconcursos.com.br\/blog\/wp-json\/wp\/v2\/posts\/22905","targetHints":{"allow":["GET"]}}],"collection":[{"href":"https:\/\/www.estrategiaconcursos.com.br\/blog\/wp-json\/wp\/v2\/posts"}],"about":[{"href":"https:\/\/www.estrategiaconcursos.com.br\/blog\/wp-json\/wp\/v2\/types\/post"}],"author":[{"embeddable":true,"href":"https:\/\/www.estrategiaconcursos.com.br\/blog\/wp-json\/wp\/v2\/users\/180"}],"replies":[{"embeddable":true,"href":"https:\/\/www.estrategiaconcursos.com.br\/blog\/wp-json\/wp\/v2\/comments?post=22905"}],"version-history":[{"count":3,"href":"https:\/\/www.estrategiaconcursos.com.br\/blog\/wp-json\/wp\/v2\/posts\/22905\/revisions"}],"predecessor-version":[{"id":22910,"href":"https:\/\/www.estrategiaconcursos.com.br\/blog\/wp-json\/wp\/v2\/posts\/22905\/revisions\/22910"}],"wp:attachment":[{"href":"https:\/\/www.estrategiaconcursos.com.br\/blog\/wp-json\/wp\/v2\/media?parent=22905"}],"wp:term":[{"taxonomy":"category","embeddable":true,"href":"https:\/\/www.estrategiaconcursos.com.br\/blog\/wp-json\/wp\/v2\/categories?post=22905"},{"taxonomy":"post_tag","embeddable":true,"href":"https:\/\/www.estrategiaconcursos.com.br\/blog\/wp-json\/wp\/v2\/tags?post=22905"},{"taxonomy":"tax_estado","embeddable":true,"href":"https:\/\/www.estrategiaconcursos.com.br\/blog\/wp-json\/wp\/v2\/tax_estado?post=22905"}],"curies":[{"name":"wp","href":"https:\/\/api.w.org\/{rel}","templated":true}]}}