{"id":22868,"date":"2015-04-22T23:41:43","date_gmt":"2015-04-23T02:41:43","guid":{"rendered":"http:\/\/www.estrategiaconcursos.com.br\/blog\/?p=22868"},"modified":"2015-04-23T10:27:13","modified_gmt":"2015-04-23T13:27:13","slug":"ag-penitenciario-df-prova-de-raciocinio-logico-resolvida-tem-recurso","status":"publish","type":"post","link":"https:\/\/www.estrategiaconcursos.com.br\/blog\/ag-penitenciario-df-prova-de-raciocinio-logico-resolvida-tem-recurso\/","title":{"rendered":"Ag. Penitenci\u00e1rio DF &#8211; Prova de Racioc\u00ednio L\u00f3gico Resolvida (TEM RECURSO!)"},"content":{"rendered":"<p>Ol\u00e1 galera!!!!<\/p>\n<p>Hoje estou postando a resolu\u00e7\u00e3o da prova de Racioc\u00ednio L\u00f3gico para agente penitenci\u00e1rio do DF, ocorrida no \u00faltimo domingo, dia 20\/04\/2015. De uma maneira geral, a prova foi bem elaborada e, no meu ver, h\u00e1 apenas uma altera\u00e7\u00e3o de gabarito (ou anula\u00e7\u00e3o) a ser pleiteada, na quest\u00e3o 48 (prova Tipo A).<\/p>\n<p>Fico feliz em dizer que TODOS os assuntos cobrados foram trabalhados\u00a0em nosso Curso e fizemos in\u00fameros exerc\u00edcios parecidos. Se voc\u00ea estudou pelo nosso Curso, tem uma boa chance de ter mandado bem. Veja o mapeamento:<\/p>\n<p>&nbsp;<\/p>\n<table width=\"604\">\n<tbody>\n<tr>\n<td width=\"146\"><strong>Quest\u00e3o<\/strong><\/td>\n<td width=\"241\"><strong>Assunto<\/strong><\/td>\n<td width=\"217\"><strong>Aula do nosso Curso<\/strong><\/td>\n<\/tr>\n<tr>\n<td width=\"146\">41<\/td>\n<td width=\"241\">Teoria dos Conjuntos<\/td>\n<td width=\"217\">Aula 11<\/td>\n<\/tr>\n<tr>\n<td width=\"146\">42<\/td>\n<td width=\"241\">Teoria dos Conjuntos<\/td>\n<td width=\"217\">Aula 11<\/td>\n<\/tr>\n<tr>\n<td width=\"146\">43<\/td>\n<td width=\"241\">Teoria dos Conjuntos<\/td>\n<td width=\"217\">Aula 11<\/td>\n<\/tr>\n<tr>\n<td width=\"146\">44<\/td>\n<td width=\"241\">Probabilidade<\/td>\n<td width=\"217\">Aula 7<\/td>\n<\/tr>\n<tr>\n<td width=\"146\">45<\/td>\n<td width=\"241\">Probabilidade<\/td>\n<td width=\"217\">Aula 7<\/td>\n<\/tr>\n<tr>\n<td width=\"146\">46<\/td>\n<td width=\"241\">Nega\u00e7\u00e3o de Proposi\u00e7\u00f5es<\/td>\n<td width=\"217\">Aula 1<\/td>\n<\/tr>\n<tr>\n<td width=\"146\">47<\/td>\n<td width=\"241\">L\u00f3gica de Proposi\u00e7\u00f5es<\/td>\n<td width=\"217\">Aula 1<\/td>\n<\/tr>\n<tr>\n<td width=\"146\">48<\/td>\n<td width=\"241\">L\u00f3gica de Proposi\u00e7\u00f5es<\/td>\n<td width=\"217\">Aula 1<\/td>\n<\/tr>\n<tr>\n<td width=\"146\">49<\/td>\n<td width=\"241\">Equival\u00eancia L\u00f3gica<\/td>\n<td width=\"217\">Aula 2<\/td>\n<\/tr>\n<tr>\n<td width=\"146\">50<\/td>\n<td width=\"241\">Argumenta\u00e7\u00e3o L\u00f3gica<\/td>\n<td width=\"217\">Aula 3<\/td>\n<\/tr>\n<\/tbody>\n<\/table>\n<p>&nbsp;<\/p>\n<p><a href=\"https:\/\/dhg1h5j42swfq.cloudfront.net\/2015\/04\/RESOLU%C3%87%C3%83O-DA-PROVA-RLQ-AGEPEN-DF-FUNIVERSA.pdf\">RESOLU\u00c7\u00c3O DA PROVA &#8211; RLQ &#8211; AGEPEN DF &#8211; FUNIVERSA<\/a><\/p>\n<p>&nbsp;<\/p>\n<p>Um forte abra\u00e7o para todos!<\/p>\n<p>&nbsp;<\/p>\n<p>Prof. Felipe Lessa<\/p>\n","protected":false},"excerpt":{"rendered":"<p>Ol\u00e1 galera!!!! Hoje estou postando a resolu\u00e7\u00e3o da prova de Racioc\u00ednio L\u00f3gico para agente penitenci\u00e1rio do DF, ocorrida no \u00faltimo domingo, dia 20\/04\/2015. De uma maneira geral, a prova foi bem elaborada e, no meu ver, h\u00e1 apenas uma altera\u00e7\u00e3o de gabarito (ou anula\u00e7\u00e3o) a ser pleiteada, na quest\u00e3o 48 (prova Tipo A). Fico feliz [&hellip;]<\/p>\n","protected":false},"author":124,"featured_media":0,"comment_status":"open","ping_status":"open","sticky":false,"template":"","format":"standard","meta":{"post_tipo":"article","footnotes":""},"categories":[1],"tags":[509,487,8],"tax_estado":[],"class_list":["post-22868","post","type-post","status-publish","format-standard","hentry","category-cursos-e-concursos","tag-agente-penitenciario","tag-raciocinio-logico","tag-recurso"],"acf":[],"yoast_head":"<!-- This site is optimized with the Yoast SEO Premium plugin v27.2 (Yoast SEO v27.2) - https:\/\/yoast.com\/product\/yoast-seo-premium-wordpress\/ -->\n<title>Ag. Penitenci\u00e1rio DF - Prova de Racioc\u00ednio L\u00f3gico Resolvida (TEM RECURSO!)<\/title>\n<meta name=\"robots\" content=\"index, follow, max-snippet:-1, max-image-preview:large, max-video-preview:-1\" \/>\n<link rel=\"canonical\" href=\"https:\/\/www.estrategiaconcursos.com.br\/blog\/ag-penitenciario-df-prova-de-raciocinio-logico-resolvida-tem-recurso\/\" \/>\n<meta property=\"og:locale\" content=\"pt_BR\" \/>\n<meta property=\"og:type\" content=\"article\" \/>\n<meta property=\"og:title\" content=\"Ag. Penitenci\u00e1rio DF - Prova de Racioc\u00ednio L\u00f3gico Resolvida (TEM RECURSO!)\" \/>\n<meta property=\"og:description\" content=\"Ol\u00e1 galera!!!! Hoje estou postando a resolu\u00e7\u00e3o da prova de Racioc\u00ednio L\u00f3gico para agente penitenci\u00e1rio do DF, ocorrida no \u00faltimo domingo, dia 20\/04\/2015. De uma maneira geral, a prova foi bem elaborada e, no meu ver, h\u00e1 apenas uma altera\u00e7\u00e3o de gabarito (ou anula\u00e7\u00e3o) a ser pleiteada, na quest\u00e3o 48 (prova Tipo A). Fico feliz [&hellip;]\" \/>\n<meta property=\"og:url\" content=\"https:\/\/www.estrategiaconcursos.com.br\/blog\/ag-penitenciario-df-prova-de-raciocinio-logico-resolvida-tem-recurso\/\" \/>\n<meta property=\"og:site_name\" content=\"Estrat\u00e9gia Concursos\" \/>\n<meta property=\"article:author\" content=\"https:\/\/www.facebook.com\/felipe.lessa.33\" \/>\n<meta property=\"article:published_time\" content=\"2015-04-23T02:41:43+00:00\" \/>\n<meta property=\"article:modified_time\" content=\"2015-04-23T13:27:13+00:00\" \/>\n<meta name=\"author\" content=\"Felipe Lessa\" \/>\n<meta name=\"twitter:card\" content=\"summary_large_image\" \/>\n<meta name=\"twitter:creator\" content=\"@EstratConcursos\" \/>\n<meta name=\"twitter:site\" content=\"@EstratConcursos\" \/>\n<meta name=\"twitter:label1\" content=\"Escrito por\" \/>\n\t<meta name=\"twitter:data1\" content=\"Felipe Lessa\" \/>\n\t<meta name=\"twitter:label2\" content=\"Est. tempo de leitura\" \/>\n\t<meta name=\"twitter:data2\" content=\"1 minuto\" \/>\n<script type=\"application\/ld+json\" class=\"yoast-schema-graph\">{\"@context\":\"https:\/\/schema.org\",\"@graph\":[{\"@type\":\"NewsArticle\",\"@id\":\"https:\/\/www.estrategiaconcursos.com.br\/blog\/ag-penitenciario-df-prova-de-raciocinio-logico-resolvida-tem-recurso\/#article\",\"isPartOf\":{\"@id\":\"https:\/\/www.estrategiaconcursos.com.br\/blog\/ag-penitenciario-df-prova-de-raciocinio-logico-resolvida-tem-recurso\/\"},\"author\":{\"name\":\"Felipe Lessa\",\"@id\":\"https:\/\/www.estrategiaconcursos.com.br\/blog\/#\/schema\/person\/6485d6717fe9e19c21b6e50daefa18eb\"},\"headline\":\"Ag. Penitenci\u00e1rio DF &#8211; Prova de Racioc\u00ednio L\u00f3gico Resolvida (TEM RECURSO!)\",\"datePublished\":\"2015-04-23T02:41:43+00:00\",\"dateModified\":\"2015-04-23T13:27:13+00:00\",\"mainEntityOfPage\":{\"@id\":\"https:\/\/www.estrategiaconcursos.com.br\/blog\/ag-penitenciario-df-prova-de-raciocinio-logico-resolvida-tem-recurso\/\"},\"wordCount\":185,\"commentCount\":1,\"publisher\":{\"@id\":\"https:\/\/www.estrategiaconcursos.com.br\/blog\/#organization\"},\"keywords\":[\"Agente Penitenci\u00e1rio\",\"Racioc\u00ednio L\u00f3gico\",\"Recurso\"],\"articleSection\":[\"Concursos P\u00fablicos\"],\"inLanguage\":\"pt-BR\",\"potentialAction\":[{\"@type\":\"CommentAction\",\"name\":\"Comment\",\"target\":[\"https:\/\/www.estrategiaconcursos.com.br\/blog\/ag-penitenciario-df-prova-de-raciocinio-logico-resolvida-tem-recurso\/#respond\"]}],\"copyrightYear\":\"2015\",\"copyrightHolder\":{\"@id\":\"https:\/\/www.estrategiaconcursos.com.br\/blog\/#organization\"}},{\"@type\":\"WebPage\",\"@id\":\"https:\/\/www.estrategiaconcursos.com.br\/blog\/ag-penitenciario-df-prova-de-raciocinio-logico-resolvida-tem-recurso\/\",\"url\":\"https:\/\/www.estrategiaconcursos.com.br\/blog\/ag-penitenciario-df-prova-de-raciocinio-logico-resolvida-tem-recurso\/\",\"name\":\"Ag. Penitenci\u00e1rio DF - Prova de Racioc\u00ednio L\u00f3gico Resolvida (TEM RECURSO!)\",\"isPartOf\":{\"@id\":\"https:\/\/www.estrategiaconcursos.com.br\/blog\/#website\"},\"datePublished\":\"2015-04-23T02:41:43+00:00\",\"dateModified\":\"2015-04-23T13:27:13+00:00\",\"breadcrumb\":{\"@id\":\"https:\/\/www.estrategiaconcursos.com.br\/blog\/ag-penitenciario-df-prova-de-raciocinio-logico-resolvida-tem-recurso\/#breadcrumb\"},\"inLanguage\":\"pt-BR\",\"potentialAction\":[{\"@type\":\"ReadAction\",\"target\":[\"https:\/\/www.estrategiaconcursos.com.br\/blog\/ag-penitenciario-df-prova-de-raciocinio-logico-resolvida-tem-recurso\/\"]}]},{\"@type\":\"BreadcrumbList\",\"@id\":\"https:\/\/www.estrategiaconcursos.com.br\/blog\/ag-penitenciario-df-prova-de-raciocinio-logico-resolvida-tem-recurso\/#breadcrumb\",\"itemListElement\":[{\"@type\":\"ListItem\",\"position\":1,\"name\":\"In\u00edcio\",\"item\":\"https:\/\/www.estrategiaconcursos.com.br\/blog\/\"},{\"@type\":\"ListItem\",\"position\":2,\"name\":\"Ag. Penitenci\u00e1rio DF &#8211; Prova de Racioc\u00ednio L\u00f3gico Resolvida (TEM RECURSO!)\"}]},{\"@type\":\"WebSite\",\"@id\":\"https:\/\/www.estrategiaconcursos.com.br\/blog\/#website\",\"url\":\"https:\/\/www.estrategiaconcursos.com.br\/blog\/\",\"name\":\"Estrat\u00e9gia Concursos\",\"description\":\"O blog da Estrat\u00e9gia Concursos traz not\u00edcias sobre concursos e artigos de professores oferecendo cursos para concursos (pdf + videaulas) no site.\",\"publisher\":{\"@id\":\"https:\/\/www.estrategiaconcursos.com.br\/blog\/#organization\"},\"potentialAction\":[{\"@type\":\"SearchAction\",\"target\":{\"@type\":\"EntryPoint\",\"urlTemplate\":\"https:\/\/www.estrategiaconcursos.com.br\/blog\/?s={search_term_string}\"},\"query-input\":{\"@type\":\"PropertyValueSpecification\",\"valueRequired\":true,\"valueName\":\"search_term_string\"}}],\"inLanguage\":\"pt-BR\"},{\"@type\":\"Organization\",\"@id\":\"https:\/\/www.estrategiaconcursos.com.br\/blog\/#organization\",\"name\":\"Estrat\u00e9gia Concursos\",\"url\":\"https:\/\/www.estrategiaconcursos.com.br\/blog\/\",\"logo\":{\"@type\":\"ImageObject\",\"inLanguage\":\"pt-BR\",\"@id\":\"https:\/\/www.estrategiaconcursos.com.br\/blog\/#\/schema\/logo\/image\/\",\"url\":\"https:\/\/dhg1h5j42swfq.cloudfront.net\/2025\/06\/03203428\/logo_concursos-1.jpg\",\"contentUrl\":\"https:\/\/dhg1h5j42swfq.cloudfront.net\/2025\/06\/03203428\/logo_concursos-1.jpg\",\"width\":230,\"height\":60,\"caption\":\"Estrat\u00e9gia Concursos\"},\"image\":{\"@id\":\"https:\/\/www.estrategiaconcursos.com.br\/blog\/#\/schema\/logo\/image\/\"},\"sameAs\":[\"https:\/\/x.com\/EstratConcursos\"]},{\"@type\":\"Person\",\"@id\":\"https:\/\/www.estrategiaconcursos.com.br\/blog\/#\/schema\/person\/6485d6717fe9e19c21b6e50daefa18eb\",\"name\":\"Felipe Lessa\",\"image\":{\"@type\":\"ImageObject\",\"inLanguage\":\"pt-BR\",\"@id\":\"https:\/\/secure.gravatar.com\/avatar\/a724ea87bc1f41768bacaf7791aeb3dc20501725a71bcd3993c14846f85addc4?s=96&d=mm&r=g\",\"url\":\"https:\/\/secure.gravatar.com\/avatar\/a724ea87bc1f41768bacaf7791aeb3dc20501725a71bcd3993c14846f85addc4?s=96&d=mm&r=g\",\"contentUrl\":\"https:\/\/secure.gravatar.com\/avatar\/a724ea87bc1f41768bacaf7791aeb3dc20501725a71bcd3993c14846f85addc4?s=96&d=mm&r=g\",\"caption\":\"Felipe Lessa\"},\"sameAs\":[\"https:\/\/www.facebook.com\/felipe.lessa.33\"],\"url\":\"https:\/\/www.estrategiaconcursos.com.br\/blog\/author\/felipelessaestrategiaconcursos-com-br\/\"}]}<\/script>\n<!-- \/ Yoast SEO Premium plugin. -->","yoast_head_json":{"title":"Ag. Penitenci\u00e1rio DF - Prova de Racioc\u00ednio L\u00f3gico Resolvida (TEM RECURSO!)","robots":{"index":"index","follow":"follow","max-snippet":"max-snippet:-1","max-image-preview":"max-image-preview:large","max-video-preview":"max-video-preview:-1"},"canonical":"https:\/\/www.estrategiaconcursos.com.br\/blog\/ag-penitenciario-df-prova-de-raciocinio-logico-resolvida-tem-recurso\/","og_locale":"pt_BR","og_type":"article","og_title":"Ag. Penitenci\u00e1rio DF - Prova de Racioc\u00ednio L\u00f3gico Resolvida (TEM RECURSO!)","og_description":"Ol\u00e1 galera!!!! Hoje estou postando a resolu\u00e7\u00e3o da prova de Racioc\u00ednio L\u00f3gico para agente penitenci\u00e1rio do DF, ocorrida no \u00faltimo domingo, dia 20\/04\/2015. De uma maneira geral, a prova foi bem elaborada e, no meu ver, h\u00e1 apenas uma altera\u00e7\u00e3o de gabarito (ou anula\u00e7\u00e3o) a ser pleiteada, na quest\u00e3o 48 (prova Tipo A). Fico feliz [&hellip;]","og_url":"https:\/\/www.estrategiaconcursos.com.br\/blog\/ag-penitenciario-df-prova-de-raciocinio-logico-resolvida-tem-recurso\/","og_site_name":"Estrat\u00e9gia Concursos","article_author":"https:\/\/www.facebook.com\/felipe.lessa.33","article_published_time":"2015-04-23T02:41:43+00:00","article_modified_time":"2015-04-23T13:27:13+00:00","author":"Felipe Lessa","twitter_card":"summary_large_image","twitter_creator":"@EstratConcursos","twitter_site":"@EstratConcursos","twitter_misc":{"Escrito por":"Felipe Lessa","Est. tempo de leitura":"1 minuto"},"schema":{"@context":"https:\/\/schema.org","@graph":[{"@type":"NewsArticle","@id":"https:\/\/www.estrategiaconcursos.com.br\/blog\/ag-penitenciario-df-prova-de-raciocinio-logico-resolvida-tem-recurso\/#article","isPartOf":{"@id":"https:\/\/www.estrategiaconcursos.com.br\/blog\/ag-penitenciario-df-prova-de-raciocinio-logico-resolvida-tem-recurso\/"},"author":{"name":"Felipe Lessa","@id":"https:\/\/www.estrategiaconcursos.com.br\/blog\/#\/schema\/person\/6485d6717fe9e19c21b6e50daefa18eb"},"headline":"Ag. Penitenci\u00e1rio DF &#8211; Prova de Racioc\u00ednio L\u00f3gico Resolvida (TEM RECURSO!)","datePublished":"2015-04-23T02:41:43+00:00","dateModified":"2015-04-23T13:27:13+00:00","mainEntityOfPage":{"@id":"https:\/\/www.estrategiaconcursos.com.br\/blog\/ag-penitenciario-df-prova-de-raciocinio-logico-resolvida-tem-recurso\/"},"wordCount":185,"commentCount":1,"publisher":{"@id":"https:\/\/www.estrategiaconcursos.com.br\/blog\/#organization"},"keywords":["Agente Penitenci\u00e1rio","Racioc\u00ednio L\u00f3gico","Recurso"],"articleSection":["Concursos P\u00fablicos"],"inLanguage":"pt-BR","potentialAction":[{"@type":"CommentAction","name":"Comment","target":["https:\/\/www.estrategiaconcursos.com.br\/blog\/ag-penitenciario-df-prova-de-raciocinio-logico-resolvida-tem-recurso\/#respond"]}],"copyrightYear":"2015","copyrightHolder":{"@id":"https:\/\/www.estrategiaconcursos.com.br\/blog\/#organization"}},{"@type":"WebPage","@id":"https:\/\/www.estrategiaconcursos.com.br\/blog\/ag-penitenciario-df-prova-de-raciocinio-logico-resolvida-tem-recurso\/","url":"https:\/\/www.estrategiaconcursos.com.br\/blog\/ag-penitenciario-df-prova-de-raciocinio-logico-resolvida-tem-recurso\/","name":"Ag. Penitenci\u00e1rio DF - Prova de Racioc\u00ednio L\u00f3gico Resolvida (TEM RECURSO!)","isPartOf":{"@id":"https:\/\/www.estrategiaconcursos.com.br\/blog\/#website"},"datePublished":"2015-04-23T02:41:43+00:00","dateModified":"2015-04-23T13:27:13+00:00","breadcrumb":{"@id":"https:\/\/www.estrategiaconcursos.com.br\/blog\/ag-penitenciario-df-prova-de-raciocinio-logico-resolvida-tem-recurso\/#breadcrumb"},"inLanguage":"pt-BR","potentialAction":[{"@type":"ReadAction","target":["https:\/\/www.estrategiaconcursos.com.br\/blog\/ag-penitenciario-df-prova-de-raciocinio-logico-resolvida-tem-recurso\/"]}]},{"@type":"BreadcrumbList","@id":"https:\/\/www.estrategiaconcursos.com.br\/blog\/ag-penitenciario-df-prova-de-raciocinio-logico-resolvida-tem-recurso\/#breadcrumb","itemListElement":[{"@type":"ListItem","position":1,"name":"In\u00edcio","item":"https:\/\/www.estrategiaconcursos.com.br\/blog\/"},{"@type":"ListItem","position":2,"name":"Ag. Penitenci\u00e1rio DF &#8211; Prova de Racioc\u00ednio L\u00f3gico Resolvida (TEM RECURSO!)"}]},{"@type":"WebSite","@id":"https:\/\/www.estrategiaconcursos.com.br\/blog\/#website","url":"https:\/\/www.estrategiaconcursos.com.br\/blog\/","name":"Estrat\u00e9gia Concursos","description":"O blog da Estrat\u00e9gia Concursos traz not\u00edcias sobre concursos e artigos de professores oferecendo cursos para concursos (pdf + videaulas) no site.","publisher":{"@id":"https:\/\/www.estrategiaconcursos.com.br\/blog\/#organization"},"potentialAction":[{"@type":"SearchAction","target":{"@type":"EntryPoint","urlTemplate":"https:\/\/www.estrategiaconcursos.com.br\/blog\/?s={search_term_string}"},"query-input":{"@type":"PropertyValueSpecification","valueRequired":true,"valueName":"search_term_string"}}],"inLanguage":"pt-BR"},{"@type":"Organization","@id":"https:\/\/www.estrategiaconcursos.com.br\/blog\/#organization","name":"Estrat\u00e9gia Concursos","url":"https:\/\/www.estrategiaconcursos.com.br\/blog\/","logo":{"@type":"ImageObject","inLanguage":"pt-BR","@id":"https:\/\/www.estrategiaconcursos.com.br\/blog\/#\/schema\/logo\/image\/","url":"https:\/\/dhg1h5j42swfq.cloudfront.net\/2025\/06\/03203428\/logo_concursos-1.jpg","contentUrl":"https:\/\/dhg1h5j42swfq.cloudfront.net\/2025\/06\/03203428\/logo_concursos-1.jpg","width":230,"height":60,"caption":"Estrat\u00e9gia Concursos"},"image":{"@id":"https:\/\/www.estrategiaconcursos.com.br\/blog\/#\/schema\/logo\/image\/"},"sameAs":["https:\/\/x.com\/EstratConcursos"]},{"@type":"Person","@id":"https:\/\/www.estrategiaconcursos.com.br\/blog\/#\/schema\/person\/6485d6717fe9e19c21b6e50daefa18eb","name":"Felipe Lessa","image":{"@type":"ImageObject","inLanguage":"pt-BR","@id":"https:\/\/secure.gravatar.com\/avatar\/a724ea87bc1f41768bacaf7791aeb3dc20501725a71bcd3993c14846f85addc4?s=96&d=mm&r=g","url":"https:\/\/secure.gravatar.com\/avatar\/a724ea87bc1f41768bacaf7791aeb3dc20501725a71bcd3993c14846f85addc4?s=96&d=mm&r=g","contentUrl":"https:\/\/secure.gravatar.com\/avatar\/a724ea87bc1f41768bacaf7791aeb3dc20501725a71bcd3993c14846f85addc4?s=96&d=mm&r=g","caption":"Felipe Lessa"},"sameAs":["https:\/\/www.facebook.com\/felipe.lessa.33"],"url":"https:\/\/www.estrategiaconcursos.com.br\/blog\/author\/felipelessaestrategiaconcursos-com-br\/"}]}},"_links":{"self":[{"href":"https:\/\/www.estrategiaconcursos.com.br\/blog\/wp-json\/wp\/v2\/posts\/22868","targetHints":{"allow":["GET"]}}],"collection":[{"href":"https:\/\/www.estrategiaconcursos.com.br\/blog\/wp-json\/wp\/v2\/posts"}],"about":[{"href":"https:\/\/www.estrategiaconcursos.com.br\/blog\/wp-json\/wp\/v2\/types\/post"}],"author":[{"embeddable":true,"href":"https:\/\/www.estrategiaconcursos.com.br\/blog\/wp-json\/wp\/v2\/users\/124"}],"replies":[{"embeddable":true,"href":"https:\/\/www.estrategiaconcursos.com.br\/blog\/wp-json\/wp\/v2\/comments?post=22868"}],"version-history":[{"count":1,"href":"https:\/\/www.estrategiaconcursos.com.br\/blog\/wp-json\/wp\/v2\/posts\/22868\/revisions"}],"predecessor-version":[{"id":22870,"href":"https:\/\/www.estrategiaconcursos.com.br\/blog\/wp-json\/wp\/v2\/posts\/22868\/revisions\/22870"}],"wp:attachment":[{"href":"https:\/\/www.estrategiaconcursos.com.br\/blog\/wp-json\/wp\/v2\/media?parent=22868"}],"wp:term":[{"taxonomy":"category","embeddable":true,"href":"https:\/\/www.estrategiaconcursos.com.br\/blog\/wp-json\/wp\/v2\/categories?post=22868"},{"taxonomy":"post_tag","embeddable":true,"href":"https:\/\/www.estrategiaconcursos.com.br\/blog\/wp-json\/wp\/v2\/tags?post=22868"},{"taxonomy":"tax_estado","embeddable":true,"href":"https:\/\/www.estrategiaconcursos.com.br\/blog\/wp-json\/wp\/v2\/tax_estado?post=22868"}],"curies":[{"name":"wp","href":"https:\/\/api.w.org\/{rel}","templated":true}]}}