{"id":22811,"date":"2015-04-20T11:02:28","date_gmt":"2015-04-20T14:02:28","guid":{"rendered":"http:\/\/www.estrategiaconcursos.com.br\/blog\/?p=22811"},"modified":"2023-04-11T14:31:04","modified_gmt":"2023-04-11T17:31:04","slug":"concurso-inmet-consulplan-divulga-comunicado-adiando-inicio-das-inscricoes","status":"publish","type":"post","link":"https:\/\/www.estrategiaconcursos.com.br\/blog\/concurso-inmet-consulplan-divulga-comunicado-adiando-inicio-das-inscricoes\/","title":{"rendered":"Concurso INMET: Consulplan divulga comunicado adiando in\u00edcio das inscri\u00e7\u00f5es"},"content":{"rendered":"<p style=\"text-align: justify;\"><span style=\"color: #000000;\"><a href=\"https:\/\/dhg1h5j42swfq.cloudfront.net\/2015\/04\/Concurso-INMET.jpg\"><img loading=\"lazy\" decoding=\"async\" class=\"alignleft wp-image-22533 size-medium\" src=\"https:\/\/dhg1h5j42swfq.cloudfront.net\/2015\/04\/Concurso-INMET.jpg\" alt=\"Concurso INMET\" width=\"300\" height=\"214\" srcset=\"https:\/\/dhg1h5j42swfq.cloudfront.net\/2015\/04\/Concurso-INMET.jpg 420w, https:\/\/dhg1h5j42swfq.cloudfront.net\/2015\/04\/Concurso-INMET.jpg 300w\" sizes=\"auto, (max-width: 300px) 100vw, 300px\" \/><\/a>A Consulplan, banca respons\u00e1vel pela organiza\u00e7\u00e3o do concurso&nbsp;do Instituto Nacional de Meteorologia (<span style=\"color: #0000ff;\"><a style=\"color: #0000ff;\" title=\"Concurso INMET 2015\" href=\"https:\/\/www.estrategiaconcursos.com.br\/cursosPorConcurso\/inmet-instituto-nacional-de-meteorologia-379\/\">concurso INMET<\/a><\/span>), divulgou nesta segunda-feira, 20, um comunicado que disp\u00f5e sobre o in\u00edcio das inscri\u00e7\u00f5es do certame. De acordo com o documento,&nbsp; por motivos t\u00e9cnicos, o per\u00edodo de inscri\u00e7\u00f5es que come\u00e7aria hoje, foi&nbsp;adiado.<\/span><\/p>\n<p style=\"text-align: justify;\"><span style=\"color: #000000;\">Confira a publica\u00e7\u00e3o na \u00edntegra:<\/span><\/p>\n<p style=\"text-align: center;\"><span style=\"color: #000000;\">MINIST\u00c9RIO DA AGRICULTURA, PECU\u00c1RIA E ABASTECIMENTO &#8211; MAPA INSTITUTO NACIONAL DE METEOROLOGIA &#8211; INMET <\/span><\/p>\n<p style=\"text-align: center;\"><span style=\"color: #000000;\">SECRETARIA EXECUTIVA <\/span><\/p>\n<p style=\"text-align: center;\"><span style=\"color: #000000;\">EDITAL CONCURSO P\u00daBLICO N\u00ba 1\/2015 <\/span><\/p>\n<p style=\"text-align: justify;\"><span style=\"color: #000000;\">A Secret\u00e1ria-Executiva do Minist\u00e9rio da Agricultura, Pecu\u00e1ria e Abastecimento &#8211; MAPA, no uso de suas atribui\u00e7\u00f5es, tendo em vista a Portaria MPOG n\u00ba 435, de 17 de novembro de 2014, comunica a todos os candidatos e interessados do Concurso P\u00fablico n\u00ba 001\/20015 que, por motivos t\u00e9cnicos, o per\u00edodo de inscri\u00e7\u00f5es n\u00e3o se iniciar\u00e1 na data prevista no Edital 002\/2015. <\/span><\/p>\n<p style=\"text-align: justify;\"><span style=\"color: #000000;\">Oportunamente, ser\u00e1 divulgada nova data para inicio das inscri\u00e7\u00f5es. <\/span><\/p>\n<p style=\"text-align: justify;\"><span style=\"color: #000000;\">Bras\u00edlia\/DF, 20 de abril de 2015 <\/span><\/p>\n<p style=\"text-align: right;\"><span style=\"color: #000000;\">MARIA EM\u00cdLIA JABER<\/span><\/p>\n<p style=\"text-align: justify;\"><strong><span style=\"color: #000000;\">Concurso INMET<\/span><\/strong><\/p>\n<p style=\"text-align: justify;\"><span style=\"color: #000000;\">Ao todo s\u00e3o 242 vagas, mais 17 oportunidades para pessoas com necessidades especiais e 45 para candidatos negros. &nbsp;Os cargos de n\u00edvel superior s\u00e3o para pesquisador nas especialidades de meteorologia, estat\u00edstica, hidrologia, ci\u00eancia da computa\u00e7\u00e3o, sensoriamento remoto e agronomia, analista em ci\u00eancia e tecnologia nas especialidades de meteorologia, telecomunica\u00e7\u00f5es, estat\u00edstico, jornalismo, publicidade, administra\u00e7\u00e3o, advocacia, contabilidade e economia, e tecnologia nas especialidades de meteorologia, tecnologia da informa\u00e7\u00e3o e engenharia.<\/span><\/p>\n<p style=\"text-align: justify;\"><span style=\"color: #000000;\">As vagas de n\u00edvel m\u00e9dio s\u00e3o para assistente em ci\u00eancia e tecnologia nas especialidades de auxiliar de meteorologia, assistente TI, t\u00e9cnico em contabilidade e t\u00e9cnico administrativo, e t\u00e9cnico nas especialidades de meteorologia, inform\u00e1tica, laborat\u00f3rio, eletr\u00f4nica e operacional.<\/span><\/p>\n<p style=\"text-align: justify;\"><span style=\"color: #000000;\">As vagas s\u00e3o para as cidades de Bras\u00edlia (165), S\u00e3o Paulo (11), Manaus (9), Bel\u00e9m (9), Recife (11), Salvador (5), Porto Alegre (8), Belo Horizonte (8), Cuiab\u00e1 (6), Goi\u00e2nia (5) e Rio de Janeiro (5).<\/span><\/p>\n<p style=\"text-align: justify;\"><span style=\"color: #000000;\">Os sal\u00e1rios variam de R$3.045,83 a R$11.993,69 e a carga de trabalho \u00e9 de 40 horas semanais.<\/span><\/p>\n<p style=\"text-align: justify;\"><span style=\"color: #000000;\">Todos os candidatos ser\u00e3o avaliados por meio de prova objetiva. Ainda haver\u00e1 prova discursiva para os cargos de n\u00edvel superior.As provas ser\u00e3o aplicadas na data prov\u00e1vel de 21 de junho, nas cidades de Manaus, Bel\u00e9m, Recife, Salvador, Belo Horizonte, Rio de Janeiro, S\u00e3o Paulo, Porto Alegre, Cuiab\u00e1, Goi\u00e2nia e no Distrito Federal.<\/span><\/p>\n<p style=\"text-align: justify;\"><span style=\"color: #000000;\">O concurso INMET ter\u00e1 validade de dois anos e poder\u00e1 ser prorrogado por igual per\u00edodo.<\/span><\/p>\n<p style=\"text-align: justify;\"><span style=\"color: #000000;\">Confira <span style=\"color: #0000ff;\"><a style=\"color: #0000ff;\" href=\"https:\/\/dhg1h5j42swfq.cloudfront.net\/2015\/04\/INMET.pdf\">AQUI<\/a><\/span>&nbsp;o quadro de vagas.<\/span><\/p>\n<p style=\"text-align: justify;\"><span style=\"color: #000000;\">Confira o edital clicando em:<\/span><\/p>\n<p style=\"text-align: justify;\"><span style=\"color: #0000ff;\"><a style=\"color: #0000ff;\" href=\"http:\/\/pesquisa.in.gov.br\/imprensa\/jsp\/visualiza\/index.jsp?data=06\/04\/2015&amp;jornal=3&amp;pagina=4&amp;totalArquivos=168\">Edital concurso INMET<\/a><\/span><\/p>\n<p style=\"text-align: justify;\"><span style=\"color: #000000;\"><strong>O Estrat\u00e9gia Concursos j\u00e1 lan\u00e7ou&nbsp;cursos para o concurso INMET. Veja em:<\/strong><\/span><\/p>\n<p style=\"text-align: justify;\"><span style=\"color: #0000ff;\"><a style=\"color: #0000ff;\" href=\"https:\/\/www.estrategiaconcursos.com.br\/cursosPorConcurso\/inmet-instituto-nacional-de-meteorologia-379\/\">https:\/\/www.estrategiaconcursos.com.br\/cursosPorConcurso\/inmet-instituto-nacional-de-meteorologia-379\/<\/a><\/span><\/p>\n<p style=\"text-align: justify;\"><span style=\"color: #000000;\">Assessoria de Comunica\u00e7\u00e3o<\/span><\/p>\n<p style=\"text-align: justify;\"><span style=\"color: #000000;\">comunicacao@estrategiaconcursos.com.br<\/span><\/p>\n","protected":false},"excerpt":{"rendered":"<p>A Consulplan, banca respons\u00e1vel pela organiza\u00e7\u00e3o do concurso&nbsp;do Instituto Nacional de Meteorologia (concurso INMET), divulgou nesta segunda-feira, 20, um comunicado que disp\u00f5e sobre o in\u00edcio das inscri\u00e7\u00f5es do certame. De acordo com o documento,&nbsp; por motivos t\u00e9cnicos, o per\u00edodo de inscri\u00e7\u00f5es que come\u00e7aria hoje, foi&nbsp;adiado. Confira a publica\u00e7\u00e3o na \u00edntegra: MINIST\u00c9RIO DA AGRICULTURA, PECU\u00c1RIA E [&hellip;]<\/p>\n","protected":false},"author":1,"featured_media":0,"comment_status":"open","ping_status":"open","sticky":false,"template":"","format":"standard","meta":{"post_tipo":"news","footnotes":""},"categories":[1],"tags":[706,674],"tax_estado":[219963],"class_list":["post-22811","post","type-post","status-publish","format-standard","hentry","category-cursos-e-concursos","tag-inmet","tag-inscricoes","tax_estado-concursos-federais"],"acf":[],"yoast_head":"<!-- This site is optimized with the Yoast SEO Premium plugin v27.2 (Yoast SEO v27.2) - https:\/\/yoast.com\/product\/yoast-seo-premium-wordpress\/ -->\n<title>Concurso INMET: Consulplan divulga comunicado adiando in\u00edcio das inscri\u00e7\u00f5es<\/title>\n<meta name=\"description\" content=\"A Consulplan, banca respons\u00e1vel pela organiza\u00e7\u00e3o do concurso do Instituto Nacional de Meteorologia (concurso INMET). Confira!\" \/>\n<meta name=\"robots\" content=\"index, follow, max-snippet:-1, max-image-preview:large, max-video-preview:-1\" \/>\n<link rel=\"canonical\" href=\"https:\/\/www.estrategiaconcursos.com.br\/blog\/concurso-inmet-consulplan-divulga-comunicado-adiando-inicio-das-inscricoes\/\" \/>\n<meta property=\"og:locale\" content=\"pt_BR\" \/>\n<meta property=\"og:type\" content=\"article\" \/>\n<meta property=\"og:title\" content=\"Concurso INMET: Consulplan divulga comunicado adiando in\u00edcio das inscri\u00e7\u00f5es\" \/>\n<meta property=\"og:description\" content=\"A Consulplan, banca respons\u00e1vel pela organiza\u00e7\u00e3o do concurso do Instituto Nacional de Meteorologia (concurso INMET). Confira!\" \/>\n<meta property=\"og:url\" content=\"https:\/\/www.estrategiaconcursos.com.br\/blog\/concurso-inmet-consulplan-divulga-comunicado-adiando-inicio-das-inscricoes\/\" \/>\n<meta property=\"og:site_name\" content=\"Estrat\u00e9gia Concursos\" \/>\n<meta property=\"article:author\" content=\"https:\/\/www.facebook.com\/EstrategiaConcursos\" \/>\n<meta property=\"article:published_time\" content=\"2015-04-20T14:02:28+00:00\" \/>\n<meta property=\"article:modified_time\" content=\"2023-04-11T17:31:04+00:00\" \/>\n<meta property=\"og:image\" content=\"https:\/\/www.estrategiaconcursos.com.br\/blog\/wp-content\/uploads\/2015\/04\/Concurso-INMET-300x214.jpg\" \/>\n<meta name=\"author\" content=\"Coordena\u00e7\u00e3o\" \/>\n<meta name=\"twitter:card\" content=\"summary_large_image\" \/>\n<meta name=\"twitter:creator\" content=\"@EstratConcursos\" \/>\n<meta name=\"twitter:site\" content=\"@EstratConcursos\" \/>\n<meta name=\"twitter:label1\" content=\"Escrito por\" \/>\n\t<meta name=\"twitter:data1\" content=\"Coordena\u00e7\u00e3o\" \/>\n\t<meta name=\"twitter:label2\" content=\"Est. tempo de leitura\" \/>\n\t<meta name=\"twitter:data2\" content=\"2 minutos\" \/>\n<script type=\"application\/ld+json\" class=\"yoast-schema-graph\">{\"@context\":\"https:\/\/schema.org\",\"@graph\":[{\"@type\":\"NewsArticle\",\"@id\":\"https:\/\/www.estrategiaconcursos.com.br\/blog\/concurso-inmet-consulplan-divulga-comunicado-adiando-inicio-das-inscricoes\/#article\",\"isPartOf\":{\"@id\":\"https:\/\/www.estrategiaconcursos.com.br\/blog\/concurso-inmet-consulplan-divulga-comunicado-adiando-inicio-das-inscricoes\/\"},\"author\":{\"name\":\"Coordena\u00e7\u00e3o\",\"@id\":\"https:\/\/www.estrategiaconcursos.com.br\/blog\/#\/schema\/person\/b4a388c97673c5f483d72185668afa1f\"},\"headline\":\"Concurso INMET: Consulplan divulga comunicado adiando in\u00edcio das inscri\u00e7\u00f5es\",\"datePublished\":\"2015-04-20T14:02:28+00:00\",\"dateModified\":\"2023-04-11T17:31:04+00:00\",\"mainEntityOfPage\":{\"@id\":\"https:\/\/www.estrategiaconcursos.com.br\/blog\/concurso-inmet-consulplan-divulga-comunicado-adiando-inicio-das-inscricoes\/\"},\"wordCount\":472,\"commentCount\":0,\"publisher\":{\"@id\":\"https:\/\/www.estrategiaconcursos.com.br\/blog\/#organization\"},\"image\":{\"@id\":\"https:\/\/www.estrategiaconcursos.com.br\/blog\/concurso-inmet-consulplan-divulga-comunicado-adiando-inicio-das-inscricoes\/#primaryimage\"},\"thumbnailUrl\":\"https:\/\/www.estrategiaconcursos.com.br\/blog\/wp-content\/uploads\/2015\/04\/Concurso-INMET-300x214.jpg\",\"keywords\":[\"INMET\",\"inscri\u00e7\u00f5es\"],\"articleSection\":[\"Concursos P\u00fablicos\"],\"inLanguage\":\"pt-BR\",\"potentialAction\":[{\"@type\":\"CommentAction\",\"name\":\"Comment\",\"target\":[\"https:\/\/www.estrategiaconcursos.com.br\/blog\/concurso-inmet-consulplan-divulga-comunicado-adiando-inicio-das-inscricoes\/#respond\"]}],\"copyrightYear\":\"2015\",\"copyrightHolder\":{\"@id\":\"https:\/\/www.estrategiaconcursos.com.br\/blog\/#organization\"}},{\"@type\":\"WebPage\",\"@id\":\"https:\/\/www.estrategiaconcursos.com.br\/blog\/concurso-inmet-consulplan-divulga-comunicado-adiando-inicio-das-inscricoes\/\",\"url\":\"https:\/\/www.estrategiaconcursos.com.br\/blog\/concurso-inmet-consulplan-divulga-comunicado-adiando-inicio-das-inscricoes\/\",\"name\":\"Concurso INMET: Consulplan divulga comunicado adiando in\u00edcio das inscri\u00e7\u00f5es\",\"isPartOf\":{\"@id\":\"https:\/\/www.estrategiaconcursos.com.br\/blog\/#website\"},\"primaryImageOfPage\":{\"@id\":\"https:\/\/www.estrategiaconcursos.com.br\/blog\/concurso-inmet-consulplan-divulga-comunicado-adiando-inicio-das-inscricoes\/#primaryimage\"},\"image\":{\"@id\":\"https:\/\/www.estrategiaconcursos.com.br\/blog\/concurso-inmet-consulplan-divulga-comunicado-adiando-inicio-das-inscricoes\/#primaryimage\"},\"thumbnailUrl\":\"https:\/\/www.estrategiaconcursos.com.br\/blog\/wp-content\/uploads\/2015\/04\/Concurso-INMET-300x214.jpg\",\"datePublished\":\"2015-04-20T14:02:28+00:00\",\"dateModified\":\"2023-04-11T17:31:04+00:00\",\"description\":\"A Consulplan, banca respons\u00e1vel pela organiza\u00e7\u00e3o do concurso do Instituto Nacional de Meteorologia (concurso INMET). Confira!\",\"breadcrumb\":{\"@id\":\"https:\/\/www.estrategiaconcursos.com.br\/blog\/concurso-inmet-consulplan-divulga-comunicado-adiando-inicio-das-inscricoes\/#breadcrumb\"},\"inLanguage\":\"pt-BR\",\"potentialAction\":[{\"@type\":\"ReadAction\",\"target\":[\"https:\/\/www.estrategiaconcursos.com.br\/blog\/concurso-inmet-consulplan-divulga-comunicado-adiando-inicio-das-inscricoes\/\"]}]},{\"@type\":\"ImageObject\",\"inLanguage\":\"pt-BR\",\"@id\":\"https:\/\/www.estrategiaconcursos.com.br\/blog\/concurso-inmet-consulplan-divulga-comunicado-adiando-inicio-das-inscricoes\/#primaryimage\",\"url\":\"https:\/\/dhg1h5j42swfq.cloudfront.net\/2015\/04\/Concurso-INMET.jpg\",\"contentUrl\":\"https:\/\/dhg1h5j42swfq.cloudfront.net\/2015\/04\/Concurso-INMET.jpg\",\"width\":420,\"height\":300},{\"@type\":\"BreadcrumbList\",\"@id\":\"https:\/\/www.estrategiaconcursos.com.br\/blog\/concurso-inmet-consulplan-divulga-comunicado-adiando-inicio-das-inscricoes\/#breadcrumb\",\"itemListElement\":[{\"@type\":\"ListItem\",\"position\":1,\"name\":\"In\u00edcio\",\"item\":\"https:\/\/www.estrategiaconcursos.com.br\/blog\/\"},{\"@type\":\"ListItem\",\"position\":2,\"name\":\"Concurso INMET: Consulplan divulga comunicado adiando in\u00edcio das inscri\u00e7\u00f5es\"}]},{\"@type\":\"WebSite\",\"@id\":\"https:\/\/www.estrategiaconcursos.com.br\/blog\/#website\",\"url\":\"https:\/\/www.estrategiaconcursos.com.br\/blog\/\",\"name\":\"Estrat\u00e9gia Concursos\",\"description\":\"O blog da Estrat\u00e9gia Concursos traz not\u00edcias sobre concursos e artigos de professores oferecendo cursos para concursos (pdf + videaulas) no site.\",\"publisher\":{\"@id\":\"https:\/\/www.estrategiaconcursos.com.br\/blog\/#organization\"},\"potentialAction\":[{\"@type\":\"SearchAction\",\"target\":{\"@type\":\"EntryPoint\",\"urlTemplate\":\"https:\/\/www.estrategiaconcursos.com.br\/blog\/?s={search_term_string}\"},\"query-input\":{\"@type\":\"PropertyValueSpecification\",\"valueRequired\":true,\"valueName\":\"search_term_string\"}}],\"inLanguage\":\"pt-BR\"},{\"@type\":\"Organization\",\"@id\":\"https:\/\/www.estrategiaconcursos.com.br\/blog\/#organization\",\"name\":\"Estrat\u00e9gia Concursos\",\"url\":\"https:\/\/www.estrategiaconcursos.com.br\/blog\/\",\"logo\":{\"@type\":\"ImageObject\",\"inLanguage\":\"pt-BR\",\"@id\":\"https:\/\/www.estrategiaconcursos.com.br\/blog\/#\/schema\/logo\/image\/\",\"url\":\"https:\/\/dhg1h5j42swfq.cloudfront.net\/2025\/06\/03203428\/logo_concursos-1.jpg\",\"contentUrl\":\"https:\/\/dhg1h5j42swfq.cloudfront.net\/2025\/06\/03203428\/logo_concursos-1.jpg\",\"width\":230,\"height\":60,\"caption\":\"Estrat\u00e9gia Concursos\"},\"image\":{\"@id\":\"https:\/\/www.estrategiaconcursos.com.br\/blog\/#\/schema\/logo\/image\/\"},\"sameAs\":[\"https:\/\/x.com\/EstratConcursos\"]},{\"@type\":\"Person\",\"@id\":\"https:\/\/www.estrategiaconcursos.com.br\/blog\/#\/schema\/person\/b4a388c97673c5f483d72185668afa1f\",\"name\":\"Coordena\u00e7\u00e3o\",\"image\":{\"@type\":\"ImageObject\",\"inLanguage\":\"pt-BR\",\"@id\":\"https:\/\/secure.gravatar.com\/avatar\/b720319e4c9a967eb58678d110f4fe35452fc5d5f97b202bac7b8acceb18c6ad?s=96&d=mm&r=g\",\"url\":\"https:\/\/secure.gravatar.com\/avatar\/b720319e4c9a967eb58678d110f4fe35452fc5d5f97b202bac7b8acceb18c6ad?s=96&d=mm&r=g\",\"contentUrl\":\"https:\/\/secure.gravatar.com\/avatar\/b720319e4c9a967eb58678d110f4fe35452fc5d5f97b202bac7b8acceb18c6ad?s=96&d=mm&r=g\",\"caption\":\"Coordena\u00e7\u00e3o\"},\"sameAs\":[\"https:\/\/www.facebook.com\/EstrategiaConcursos\",\"https:\/\/x.com\/EstratConcursos\"],\"url\":\"https:\/\/www.estrategiaconcursos.com.br\/blog\/author\/estrategia2013\/\"}]}<\/script>\n<!-- \/ Yoast SEO Premium plugin. -->","yoast_head_json":{"title":"Concurso INMET: Consulplan divulga comunicado adiando in\u00edcio das inscri\u00e7\u00f5es","description":"A Consulplan, banca respons\u00e1vel pela organiza\u00e7\u00e3o do concurso do Instituto Nacional de Meteorologia (concurso INMET). Confira!","robots":{"index":"index","follow":"follow","max-snippet":"max-snippet:-1","max-image-preview":"max-image-preview:large","max-video-preview":"max-video-preview:-1"},"canonical":"https:\/\/www.estrategiaconcursos.com.br\/blog\/concurso-inmet-consulplan-divulga-comunicado-adiando-inicio-das-inscricoes\/","og_locale":"pt_BR","og_type":"article","og_title":"Concurso INMET: Consulplan divulga comunicado adiando in\u00edcio das inscri\u00e7\u00f5es","og_description":"A Consulplan, banca respons\u00e1vel pela organiza\u00e7\u00e3o do concurso do Instituto Nacional de Meteorologia (concurso INMET). Confira!","og_url":"https:\/\/www.estrategiaconcursos.com.br\/blog\/concurso-inmet-consulplan-divulga-comunicado-adiando-inicio-das-inscricoes\/","og_site_name":"Estrat\u00e9gia Concursos","article_author":"https:\/\/www.facebook.com\/EstrategiaConcursos","article_published_time":"2015-04-20T14:02:28+00:00","article_modified_time":"2023-04-11T17:31:04+00:00","og_image":[{"url":"https:\/\/www.estrategiaconcursos.com.br\/blog\/wp-content\/uploads\/2015\/04\/Concurso-INMET-300x214.jpg","type":"","width":"","height":""}],"author":"Coordena\u00e7\u00e3o","twitter_card":"summary_large_image","twitter_creator":"@EstratConcursos","twitter_site":"@EstratConcursos","twitter_misc":{"Escrito por":"Coordena\u00e7\u00e3o","Est. tempo de leitura":"2 minutos"},"schema":{"@context":"https:\/\/schema.org","@graph":[{"@type":"NewsArticle","@id":"https:\/\/www.estrategiaconcursos.com.br\/blog\/concurso-inmet-consulplan-divulga-comunicado-adiando-inicio-das-inscricoes\/#article","isPartOf":{"@id":"https:\/\/www.estrategiaconcursos.com.br\/blog\/concurso-inmet-consulplan-divulga-comunicado-adiando-inicio-das-inscricoes\/"},"author":{"name":"Coordena\u00e7\u00e3o","@id":"https:\/\/www.estrategiaconcursos.com.br\/blog\/#\/schema\/person\/b4a388c97673c5f483d72185668afa1f"},"headline":"Concurso INMET: Consulplan divulga comunicado adiando in\u00edcio das inscri\u00e7\u00f5es","datePublished":"2015-04-20T14:02:28+00:00","dateModified":"2023-04-11T17:31:04+00:00","mainEntityOfPage":{"@id":"https:\/\/www.estrategiaconcursos.com.br\/blog\/concurso-inmet-consulplan-divulga-comunicado-adiando-inicio-das-inscricoes\/"},"wordCount":472,"commentCount":0,"publisher":{"@id":"https:\/\/www.estrategiaconcursos.com.br\/blog\/#organization"},"image":{"@id":"https:\/\/www.estrategiaconcursos.com.br\/blog\/concurso-inmet-consulplan-divulga-comunicado-adiando-inicio-das-inscricoes\/#primaryimage"},"thumbnailUrl":"https:\/\/www.estrategiaconcursos.com.br\/blog\/wp-content\/uploads\/2015\/04\/Concurso-INMET-300x214.jpg","keywords":["INMET","inscri\u00e7\u00f5es"],"articleSection":["Concursos P\u00fablicos"],"inLanguage":"pt-BR","potentialAction":[{"@type":"CommentAction","name":"Comment","target":["https:\/\/www.estrategiaconcursos.com.br\/blog\/concurso-inmet-consulplan-divulga-comunicado-adiando-inicio-das-inscricoes\/#respond"]}],"copyrightYear":"2015","copyrightHolder":{"@id":"https:\/\/www.estrategiaconcursos.com.br\/blog\/#organization"}},{"@type":"WebPage","@id":"https:\/\/www.estrategiaconcursos.com.br\/blog\/concurso-inmet-consulplan-divulga-comunicado-adiando-inicio-das-inscricoes\/","url":"https:\/\/www.estrategiaconcursos.com.br\/blog\/concurso-inmet-consulplan-divulga-comunicado-adiando-inicio-das-inscricoes\/","name":"Concurso INMET: Consulplan divulga comunicado adiando in\u00edcio das inscri\u00e7\u00f5es","isPartOf":{"@id":"https:\/\/www.estrategiaconcursos.com.br\/blog\/#website"},"primaryImageOfPage":{"@id":"https:\/\/www.estrategiaconcursos.com.br\/blog\/concurso-inmet-consulplan-divulga-comunicado-adiando-inicio-das-inscricoes\/#primaryimage"},"image":{"@id":"https:\/\/www.estrategiaconcursos.com.br\/blog\/concurso-inmet-consulplan-divulga-comunicado-adiando-inicio-das-inscricoes\/#primaryimage"},"thumbnailUrl":"https:\/\/www.estrategiaconcursos.com.br\/blog\/wp-content\/uploads\/2015\/04\/Concurso-INMET-300x214.jpg","datePublished":"2015-04-20T14:02:28+00:00","dateModified":"2023-04-11T17:31:04+00:00","description":"A Consulplan, banca respons\u00e1vel pela organiza\u00e7\u00e3o do concurso do Instituto Nacional de Meteorologia (concurso INMET). Confira!","breadcrumb":{"@id":"https:\/\/www.estrategiaconcursos.com.br\/blog\/concurso-inmet-consulplan-divulga-comunicado-adiando-inicio-das-inscricoes\/#breadcrumb"},"inLanguage":"pt-BR","potentialAction":[{"@type":"ReadAction","target":["https:\/\/www.estrategiaconcursos.com.br\/blog\/concurso-inmet-consulplan-divulga-comunicado-adiando-inicio-das-inscricoes\/"]}]},{"@type":"ImageObject","inLanguage":"pt-BR","@id":"https:\/\/www.estrategiaconcursos.com.br\/blog\/concurso-inmet-consulplan-divulga-comunicado-adiando-inicio-das-inscricoes\/#primaryimage","url":"https:\/\/dhg1h5j42swfq.cloudfront.net\/2015\/04\/Concurso-INMET.jpg","contentUrl":"https:\/\/dhg1h5j42swfq.cloudfront.net\/2015\/04\/Concurso-INMET.jpg","width":420,"height":300},{"@type":"BreadcrumbList","@id":"https:\/\/www.estrategiaconcursos.com.br\/blog\/concurso-inmet-consulplan-divulga-comunicado-adiando-inicio-das-inscricoes\/#breadcrumb","itemListElement":[{"@type":"ListItem","position":1,"name":"In\u00edcio","item":"https:\/\/www.estrategiaconcursos.com.br\/blog\/"},{"@type":"ListItem","position":2,"name":"Concurso INMET: Consulplan divulga comunicado adiando in\u00edcio das inscri\u00e7\u00f5es"}]},{"@type":"WebSite","@id":"https:\/\/www.estrategiaconcursos.com.br\/blog\/#website","url":"https:\/\/www.estrategiaconcursos.com.br\/blog\/","name":"Estrat\u00e9gia Concursos","description":"O blog da Estrat\u00e9gia Concursos traz not\u00edcias sobre concursos e artigos de professores oferecendo cursos para concursos (pdf + videaulas) no site.","publisher":{"@id":"https:\/\/www.estrategiaconcursos.com.br\/blog\/#organization"},"potentialAction":[{"@type":"SearchAction","target":{"@type":"EntryPoint","urlTemplate":"https:\/\/www.estrategiaconcursos.com.br\/blog\/?s={search_term_string}"},"query-input":{"@type":"PropertyValueSpecification","valueRequired":true,"valueName":"search_term_string"}}],"inLanguage":"pt-BR"},{"@type":"Organization","@id":"https:\/\/www.estrategiaconcursos.com.br\/blog\/#organization","name":"Estrat\u00e9gia Concursos","url":"https:\/\/www.estrategiaconcursos.com.br\/blog\/","logo":{"@type":"ImageObject","inLanguage":"pt-BR","@id":"https:\/\/www.estrategiaconcursos.com.br\/blog\/#\/schema\/logo\/image\/","url":"https:\/\/dhg1h5j42swfq.cloudfront.net\/2025\/06\/03203428\/logo_concursos-1.jpg","contentUrl":"https:\/\/dhg1h5j42swfq.cloudfront.net\/2025\/06\/03203428\/logo_concursos-1.jpg","width":230,"height":60,"caption":"Estrat\u00e9gia Concursos"},"image":{"@id":"https:\/\/www.estrategiaconcursos.com.br\/blog\/#\/schema\/logo\/image\/"},"sameAs":["https:\/\/x.com\/EstratConcursos"]},{"@type":"Person","@id":"https:\/\/www.estrategiaconcursos.com.br\/blog\/#\/schema\/person\/b4a388c97673c5f483d72185668afa1f","name":"Coordena\u00e7\u00e3o","image":{"@type":"ImageObject","inLanguage":"pt-BR","@id":"https:\/\/secure.gravatar.com\/avatar\/b720319e4c9a967eb58678d110f4fe35452fc5d5f97b202bac7b8acceb18c6ad?s=96&d=mm&r=g","url":"https:\/\/secure.gravatar.com\/avatar\/b720319e4c9a967eb58678d110f4fe35452fc5d5f97b202bac7b8acceb18c6ad?s=96&d=mm&r=g","contentUrl":"https:\/\/secure.gravatar.com\/avatar\/b720319e4c9a967eb58678d110f4fe35452fc5d5f97b202bac7b8acceb18c6ad?s=96&d=mm&r=g","caption":"Coordena\u00e7\u00e3o"},"sameAs":["https:\/\/www.facebook.com\/EstrategiaConcursos","https:\/\/x.com\/EstratConcursos"],"url":"https:\/\/www.estrategiaconcursos.com.br\/blog\/author\/estrategia2013\/"}]}},"_links":{"self":[{"href":"https:\/\/www.estrategiaconcursos.com.br\/blog\/wp-json\/wp\/v2\/posts\/22811","targetHints":{"allow":["GET"]}}],"collection":[{"href":"https:\/\/www.estrategiaconcursos.com.br\/blog\/wp-json\/wp\/v2\/posts"}],"about":[{"href":"https:\/\/www.estrategiaconcursos.com.br\/blog\/wp-json\/wp\/v2\/types\/post"}],"author":[{"embeddable":true,"href":"https:\/\/www.estrategiaconcursos.com.br\/blog\/wp-json\/wp\/v2\/users\/1"}],"replies":[{"embeddable":true,"href":"https:\/\/www.estrategiaconcursos.com.br\/blog\/wp-json\/wp\/v2\/comments?post=22811"}],"version-history":[{"count":4,"href":"https:\/\/www.estrategiaconcursos.com.br\/blog\/wp-json\/wp\/v2\/posts\/22811\/revisions"}],"predecessor-version":[{"id":1200074,"href":"https:\/\/www.estrategiaconcursos.com.br\/blog\/wp-json\/wp\/v2\/posts\/22811\/revisions\/1200074"}],"wp:attachment":[{"href":"https:\/\/www.estrategiaconcursos.com.br\/blog\/wp-json\/wp\/v2\/media?parent=22811"}],"wp:term":[{"taxonomy":"category","embeddable":true,"href":"https:\/\/www.estrategiaconcursos.com.br\/blog\/wp-json\/wp\/v2\/categories?post=22811"},{"taxonomy":"post_tag","embeddable":true,"href":"https:\/\/www.estrategiaconcursos.com.br\/blog\/wp-json\/wp\/v2\/tags?post=22811"},{"taxonomy":"tax_estado","embeddable":true,"href":"https:\/\/www.estrategiaconcursos.com.br\/blog\/wp-json\/wp\/v2\/tax_estado?post=22811"}],"curies":[{"name":"wp","href":"https:\/\/api.w.org\/{rel}","templated":true}]}}