{"id":22606,"date":"2015-04-09T10:34:34","date_gmt":"2015-04-09T13:34:34","guid":{"rendered":"http:\/\/www.estrategiaconcursos.com.br\/blog\/?p=22606"},"modified":"2023-04-11T14:31:18","modified_gmt":"2023-04-11T17:31:18","slug":"concurso-inmet-confira-retificacoes-no-edital","status":"publish","type":"post","link":"https:\/\/www.estrategiaconcursos.com.br\/blog\/concurso-inmet-confira-retificacoes-no-edital\/","title":{"rendered":"Concurso INMET: Confira as retifica\u00e7\u00f5es no edital!"},"content":{"rendered":"<p style=\"text-align: justify;\"><span style=\"color: #000000;\"><a href=\"https:\/\/dhg1h5j42swfq.cloudfront.net\/2015\/04\/Concurso-INMET.jpg\"><img loading=\"lazy\" decoding=\"async\" class=\"alignleft wp-image-22533 size-medium\" src=\"https:\/\/dhg1h5j42swfq.cloudfront.net\/2015\/04\/Concurso-INMET.jpg\" alt=\"Concurso INMET\" width=\"300\" height=\"214\" srcset=\"https:\/\/dhg1h5j42swfq.cloudfront.net\/2015\/04\/Concurso-INMET.jpg 420w, https:\/\/dhg1h5j42swfq.cloudfront.net\/2015\/04\/Concurso-INMET.jpg 300w\" sizes=\"auto, (max-width: 300px) 100vw, 300px\" \/><\/a>Foi divulgado nesta quinta-feira, 09, no Di\u00e1rio Oficial da Uni\u00e3o, o edital de retifica\u00e7\u00e3o do concurso do Instituto Nacional de Meteorologia (<span style=\"color: #0000ff;\"><a style=\"color: #0000ff;\" title=\"Concurso INMET 2015\" href=\"https:\/\/www.estrategiaconcursos.com.br\/cursosPorConcurso\/inmet-instituto-nacional-de-meteorologia-379\/\">concurso INMET<\/a><\/span>). Entre as principais retifica\u00e7\u00f5es, est\u00e1 a altera\u00e7\u00e3o no per\u00edodo de inscri\u00e7\u00e3o, uma vez que o prazo divulgado inicialmente iniciava-se antes mesmo do edital de abertura de inscri\u00e7\u00e3o ter sido divulgado. De acordo com as informa\u00e7\u00f5es do novo documento, os interessados, agora, devem acessar o&nbsp; site <span style=\"color: #0000ff;\"><a style=\"color: #0000ff;\" href=\"http:\/\/www.consulplan.net\/\" target=\"_blank\" rel=\"noopener\">www.consulplan.net<\/a><\/span>&nbsp;entre os dias 20 de abril e 19 de maio. A taxa continua a mesma:&nbsp;R$ 22,50 para n\u00edvel m\u00e9dio e R$ 45 para n\u00edvel superior.<\/span><\/p>\n<p style=\"text-align: justify;\"><span style=\"color: #000000;\">Outra informa\u00e7\u00e3o importante \u00e9 a altera\u00e7\u00e3o na data da prova objetiva. A mesma, que seria realizada no dia 21 de junho, foi alterada para o dia 28 do mesmo m\u00eas.<\/span><\/p>\n<p style=\"text-align: justify;\"><span style=\"color: #000000;\"><strong>Saiba mais sobre o concurso INMET<\/strong><\/span><\/p>\n<p style=\"text-align: justify;\"><span style=\"color: #000000;\">Ao todo s\u00e3o 242 vagas. Os cargos de n\u00edvel superior s\u00e3o para pesquisador nas especialidades de meteorologia, estat\u00edstica, hidrologia, ci\u00eancia da computa\u00e7\u00e3o, sensoriamento remoto e agronomia, analista em ci\u00eancia e tecnologia nas especialidades de meteorologia, telecomunica\u00e7\u00f5es, estat\u00edstico, jornalismo, publicidade, administra\u00e7\u00e3o, advocacia, contabilidade e economia, e tecnologia nas especialidades de meteorologia, tecnologia da informa\u00e7\u00e3o e engenharia.<\/span><\/p>\n<p style=\"text-align: justify;\"><span style=\"color: #000000;\">As vagas de n\u00edvel m\u00e9dio s\u00e3o para assistente em ci\u00eancia e tecnologia nas especialidades de auxiliar de meteorologia, assistente TI, t\u00e9cnico em contabilidade e t\u00e9cnico administrativo, e t\u00e9cnico nas especialidades de meteorologia, inform\u00e1tica, laborat\u00f3rio, eletr\u00f4nica e operacional.<\/span><\/p>\n<p style=\"text-align: justify;\"><span style=\"color: #000000;\">As vagas s\u00e3o para as cidades de Bras\u00edlia, S\u00e3o Paulo, Manaus, Bel\u00e9m, Recife, Salvador, Porto Alegre, Belo Horizonte, Cuiab\u00e1, Goi\u00e2nia e Rio de Janeiro.<\/span><\/p>\n<p style=\"text-align: justify;\"><span style=\"color: #000000;\">Os sal\u00e1rios variam de R$3.045,83 a R$11.993,69 e a carga de trabalho \u00e9 de 40 horas semanais.<\/span><\/p>\n<p style=\"text-align: justify;\"><span style=\"color: #000000;\">O concurso INMET ter\u00e1 validade de dois anos e poder\u00e1 ser prorrogado por igual per\u00edodo.<\/span><\/p>\n<p style=\"text-align: justify;\"><span style=\"color: #000000;\">Confira as retifica\u00e7\u00f5es em:<\/span><\/p>\n<p style=\"text-align: justify;\"><span style=\"color: #0000ff;\"><a style=\"color: #0000ff;\" href=\"http:\/\/pesquisa.in.gov.br\/imprensa\/jsp\/visualiza\/index.jsp?data=09\/04\/2015&amp;jornal=3&amp;pagina=5&amp;totalArquivos=248\">http:\/\/pesquisa.in.gov.br\/imprensa\/jsp\/visualiza\/index.jsp?data=09\/04\/2015&amp;jornal=3&amp;pagina=5&amp;totalArquivos=248<\/a><\/span><\/p>\n<p style=\"text-align: justify;\"><span style=\"color: #000000;\">Confira o edital clicando em:<\/span><\/p>\n<p style=\"text-align: justify;\"><span style=\"color: #0000ff;\"><a style=\"color: #0000ff;\" href=\"http:\/\/pesquisa.in.gov.br\/imprensa\/jsp\/visualiza\/index.jsp?data=06\/04\/2015&amp;jornal=3&amp;pagina=4&amp;totalArquivos=168\">Edital concurso INMET<\/a><\/span><\/p>\n<p style=\"text-align: justify;\"><span style=\"color: #000000;\"><strong>O Estrat\u00e9gia Concursos j\u00e1 lan\u00e7ou&nbsp;cursos para o concurso INMET. Veja em:<\/strong><\/span><\/p>\n<p style=\"text-align: justify;\"><span style=\"color: #0000ff;\"><a style=\"color: #0000ff;\" href=\"https:\/\/www.estrategiaconcursos.com.br\/cursosPorConcurso\/inmet-instituto-nacional-de-meteorologia-379\/\">https:\/\/www.estrategiaconcursos.com.br\/cursosPorConcurso\/inmet-instituto-nacional-de-meteorologia-379\/<\/a><\/span><\/p>\n<p style=\"text-align: justify;\"><span style=\"color: #000000;\">Assessoria de Comunica\u00e7\u00e3o<\/span><\/p>\n<p style=\"text-align: justify;\"><span style=\"color: #000000;\">comunicacao@estrategiaconcursos.com.br<\/span><\/p>\n","protected":false},"excerpt":{"rendered":"<p>Foi divulgado nesta quinta-feira, 09, no Di\u00e1rio Oficial da Uni\u00e3o, o edital de retifica\u00e7\u00e3o do concurso do Instituto Nacional de Meteorologia (concurso INMET). Entre as principais retifica\u00e7\u00f5es, est\u00e1 a altera\u00e7\u00e3o no per\u00edodo de inscri\u00e7\u00e3o, uma vez que o prazo divulgado inicialmente iniciava-se antes mesmo do edital de abertura de inscri\u00e7\u00e3o ter sido divulgado. De acordo [&hellip;]<\/p>\n","protected":false},"author":1,"featured_media":0,"comment_status":"open","ping_status":"open","sticky":false,"template":"","format":"standard","meta":{"post_tipo":"news","footnotes":""},"categories":[1],"tags":[48,706],"tax_estado":[219963],"class_list":["post-22606","post","type-post","status-publish","format-standard","hentry","category-cursos-e-concursos","tag-edital","tag-inmet","tax_estado-concursos-federais"],"acf":[],"yoast_head":"<!-- This site is optimized with the Yoast SEO Premium plugin v27.2 (Yoast SEO v27.2) - https:\/\/yoast.com\/product\/yoast-seo-premium-wordpress\/ -->\n<title>Concurso INMET: Confira as retifica\u00e7\u00f5es no edital!<\/title>\n<meta name=\"description\" content=\"Foi divulgado nesta quinta-feira, 09, no Di\u00e1rio Oficial da Uni\u00e3o, o edital de retifica\u00e7\u00e3o do concurso INMET. Confira!\" \/>\n<meta name=\"robots\" content=\"index, follow, max-snippet:-1, max-image-preview:large, max-video-preview:-1\" \/>\n<link rel=\"canonical\" href=\"https:\/\/www.estrategiaconcursos.com.br\/blog\/concurso-inmet-confira-retificacoes-no-edital\/\" \/>\n<meta property=\"og:locale\" content=\"pt_BR\" \/>\n<meta property=\"og:type\" content=\"article\" \/>\n<meta property=\"og:title\" content=\"Concurso INMET: Confira as retifica\u00e7\u00f5es no edital!\" \/>\n<meta property=\"og:description\" content=\"Foi divulgado nesta quinta-feira, 09, no Di\u00e1rio Oficial da Uni\u00e3o, o edital de retifica\u00e7\u00e3o do concurso INMET. Confira!\" \/>\n<meta property=\"og:url\" content=\"https:\/\/www.estrategiaconcursos.com.br\/blog\/concurso-inmet-confira-retificacoes-no-edital\/\" \/>\n<meta property=\"og:site_name\" content=\"Estrat\u00e9gia Concursos\" \/>\n<meta property=\"article:author\" content=\"https:\/\/www.facebook.com\/EstrategiaConcursos\" \/>\n<meta property=\"article:published_time\" content=\"2015-04-09T13:34:34+00:00\" \/>\n<meta property=\"article:modified_time\" content=\"2023-04-11T17:31:18+00:00\" \/>\n<meta property=\"og:image\" content=\"https:\/\/www.estrategiaconcursos.com.br\/blog\/wp-content\/uploads\/2015\/04\/Concurso-INMET-300x214.jpg\" \/>\n<meta name=\"author\" content=\"Coordena\u00e7\u00e3o\" \/>\n<meta name=\"twitter:card\" content=\"summary_large_image\" \/>\n<meta name=\"twitter:creator\" content=\"@EstratConcursos\" \/>\n<meta name=\"twitter:site\" content=\"@EstratConcursos\" \/>\n<meta name=\"twitter:label1\" content=\"Escrito por\" \/>\n\t<meta name=\"twitter:data1\" content=\"Coordena\u00e7\u00e3o\" \/>\n\t<meta name=\"twitter:label2\" content=\"Est. tempo de leitura\" \/>\n\t<meta name=\"twitter:data2\" content=\"2 minutos\" \/>\n<script type=\"application\/ld+json\" class=\"yoast-schema-graph\">{\"@context\":\"https:\/\/schema.org\",\"@graph\":[{\"@type\":\"NewsArticle\",\"@id\":\"https:\/\/www.estrategiaconcursos.com.br\/blog\/concurso-inmet-confira-retificacoes-no-edital\/#article\",\"isPartOf\":{\"@id\":\"https:\/\/www.estrategiaconcursos.com.br\/blog\/concurso-inmet-confira-retificacoes-no-edital\/\"},\"author\":{\"name\":\"Coordena\u00e7\u00e3o\",\"@id\":\"https:\/\/www.estrategiaconcursos.com.br\/blog\/#\/schema\/person\/b4a388c97673c5f483d72185668afa1f\"},\"headline\":\"Concurso INMET: Confira as retifica\u00e7\u00f5es no edital!\",\"datePublished\":\"2015-04-09T13:34:34+00:00\",\"dateModified\":\"2023-04-11T17:31:18+00:00\",\"mainEntityOfPage\":{\"@id\":\"https:\/\/www.estrategiaconcursos.com.br\/blog\/concurso-inmet-confira-retificacoes-no-edital\/\"},\"wordCount\":384,\"commentCount\":0,\"publisher\":{\"@id\":\"https:\/\/www.estrategiaconcursos.com.br\/blog\/#organization\"},\"image\":{\"@id\":\"https:\/\/www.estrategiaconcursos.com.br\/blog\/concurso-inmet-confira-retificacoes-no-edital\/#primaryimage\"},\"thumbnailUrl\":\"https:\/\/www.estrategiaconcursos.com.br\/blog\/wp-content\/uploads\/2015\/04\/Concurso-INMET-300x214.jpg\",\"keywords\":[\"edital\",\"INMET\"],\"articleSection\":[\"Concursos P\u00fablicos\"],\"inLanguage\":\"pt-BR\",\"potentialAction\":[{\"@type\":\"CommentAction\",\"name\":\"Comment\",\"target\":[\"https:\/\/www.estrategiaconcursos.com.br\/blog\/concurso-inmet-confira-retificacoes-no-edital\/#respond\"]}],\"copyrightYear\":\"2015\",\"copyrightHolder\":{\"@id\":\"https:\/\/www.estrategiaconcursos.com.br\/blog\/#organization\"}},{\"@type\":\"WebPage\",\"@id\":\"https:\/\/www.estrategiaconcursos.com.br\/blog\/concurso-inmet-confira-retificacoes-no-edital\/\",\"url\":\"https:\/\/www.estrategiaconcursos.com.br\/blog\/concurso-inmet-confira-retificacoes-no-edital\/\",\"name\":\"Concurso INMET: Confira as retifica\u00e7\u00f5es no edital!\",\"isPartOf\":{\"@id\":\"https:\/\/www.estrategiaconcursos.com.br\/blog\/#website\"},\"primaryImageOfPage\":{\"@id\":\"https:\/\/www.estrategiaconcursos.com.br\/blog\/concurso-inmet-confira-retificacoes-no-edital\/#primaryimage\"},\"image\":{\"@id\":\"https:\/\/www.estrategiaconcursos.com.br\/blog\/concurso-inmet-confira-retificacoes-no-edital\/#primaryimage\"},\"thumbnailUrl\":\"https:\/\/www.estrategiaconcursos.com.br\/blog\/wp-content\/uploads\/2015\/04\/Concurso-INMET-300x214.jpg\",\"datePublished\":\"2015-04-09T13:34:34+00:00\",\"dateModified\":\"2023-04-11T17:31:18+00:00\",\"description\":\"Foi divulgado nesta quinta-feira, 09, no Di\u00e1rio Oficial da Uni\u00e3o, o edital de retifica\u00e7\u00e3o do concurso INMET. Confira!\",\"breadcrumb\":{\"@id\":\"https:\/\/www.estrategiaconcursos.com.br\/blog\/concurso-inmet-confira-retificacoes-no-edital\/#breadcrumb\"},\"inLanguage\":\"pt-BR\",\"potentialAction\":[{\"@type\":\"ReadAction\",\"target\":[\"https:\/\/www.estrategiaconcursos.com.br\/blog\/concurso-inmet-confira-retificacoes-no-edital\/\"]}]},{\"@type\":\"ImageObject\",\"inLanguage\":\"pt-BR\",\"@id\":\"https:\/\/www.estrategiaconcursos.com.br\/blog\/concurso-inmet-confira-retificacoes-no-edital\/#primaryimage\",\"url\":\"https:\/\/dhg1h5j42swfq.cloudfront.net\/2015\/04\/Concurso-INMET.jpg\",\"contentUrl\":\"https:\/\/dhg1h5j42swfq.cloudfront.net\/2015\/04\/Concurso-INMET.jpg\",\"width\":420,\"height\":300},{\"@type\":\"BreadcrumbList\",\"@id\":\"https:\/\/www.estrategiaconcursos.com.br\/blog\/concurso-inmet-confira-retificacoes-no-edital\/#breadcrumb\",\"itemListElement\":[{\"@type\":\"ListItem\",\"position\":1,\"name\":\"In\u00edcio\",\"item\":\"https:\/\/www.estrategiaconcursos.com.br\/blog\/\"},{\"@type\":\"ListItem\",\"position\":2,\"name\":\"Concurso INMET: Confira as retifica\u00e7\u00f5es no edital!\"}]},{\"@type\":\"WebSite\",\"@id\":\"https:\/\/www.estrategiaconcursos.com.br\/blog\/#website\",\"url\":\"https:\/\/www.estrategiaconcursos.com.br\/blog\/\",\"name\":\"Estrat\u00e9gia Concursos\",\"description\":\"O blog da Estrat\u00e9gia Concursos traz not\u00edcias sobre concursos e artigos de professores oferecendo cursos para concursos (pdf + videaulas) no site.\",\"publisher\":{\"@id\":\"https:\/\/www.estrategiaconcursos.com.br\/blog\/#organization\"},\"potentialAction\":[{\"@type\":\"SearchAction\",\"target\":{\"@type\":\"EntryPoint\",\"urlTemplate\":\"https:\/\/www.estrategiaconcursos.com.br\/blog\/?s={search_term_string}\"},\"query-input\":{\"@type\":\"PropertyValueSpecification\",\"valueRequired\":true,\"valueName\":\"search_term_string\"}}],\"inLanguage\":\"pt-BR\"},{\"@type\":\"Organization\",\"@id\":\"https:\/\/www.estrategiaconcursos.com.br\/blog\/#organization\",\"name\":\"Estrat\u00e9gia Concursos\",\"url\":\"https:\/\/www.estrategiaconcursos.com.br\/blog\/\",\"logo\":{\"@type\":\"ImageObject\",\"inLanguage\":\"pt-BR\",\"@id\":\"https:\/\/www.estrategiaconcursos.com.br\/blog\/#\/schema\/logo\/image\/\",\"url\":\"https:\/\/dhg1h5j42swfq.cloudfront.net\/2025\/06\/03203428\/logo_concursos-1.jpg\",\"contentUrl\":\"https:\/\/dhg1h5j42swfq.cloudfront.net\/2025\/06\/03203428\/logo_concursos-1.jpg\",\"width\":230,\"height\":60,\"caption\":\"Estrat\u00e9gia Concursos\"},\"image\":{\"@id\":\"https:\/\/www.estrategiaconcursos.com.br\/blog\/#\/schema\/logo\/image\/\"},\"sameAs\":[\"https:\/\/x.com\/EstratConcursos\"]},{\"@type\":\"Person\",\"@id\":\"https:\/\/www.estrategiaconcursos.com.br\/blog\/#\/schema\/person\/b4a388c97673c5f483d72185668afa1f\",\"name\":\"Coordena\u00e7\u00e3o\",\"image\":{\"@type\":\"ImageObject\",\"inLanguage\":\"pt-BR\",\"@id\":\"https:\/\/secure.gravatar.com\/avatar\/b720319e4c9a967eb58678d110f4fe35452fc5d5f97b202bac7b8acceb18c6ad?s=96&d=mm&r=g\",\"url\":\"https:\/\/secure.gravatar.com\/avatar\/b720319e4c9a967eb58678d110f4fe35452fc5d5f97b202bac7b8acceb18c6ad?s=96&d=mm&r=g\",\"contentUrl\":\"https:\/\/secure.gravatar.com\/avatar\/b720319e4c9a967eb58678d110f4fe35452fc5d5f97b202bac7b8acceb18c6ad?s=96&d=mm&r=g\",\"caption\":\"Coordena\u00e7\u00e3o\"},\"sameAs\":[\"https:\/\/www.facebook.com\/EstrategiaConcursos\",\"https:\/\/x.com\/EstratConcursos\"],\"url\":\"https:\/\/www.estrategiaconcursos.com.br\/blog\/author\/estrategia2013\/\"}]}<\/script>\n<!-- \/ Yoast SEO Premium plugin. -->","yoast_head_json":{"title":"Concurso INMET: Confira as retifica\u00e7\u00f5es no edital!","description":"Foi divulgado nesta quinta-feira, 09, no Di\u00e1rio Oficial da Uni\u00e3o, o edital de retifica\u00e7\u00e3o do concurso INMET. Confira!","robots":{"index":"index","follow":"follow","max-snippet":"max-snippet:-1","max-image-preview":"max-image-preview:large","max-video-preview":"max-video-preview:-1"},"canonical":"https:\/\/www.estrategiaconcursos.com.br\/blog\/concurso-inmet-confira-retificacoes-no-edital\/","og_locale":"pt_BR","og_type":"article","og_title":"Concurso INMET: Confira as retifica\u00e7\u00f5es no edital!","og_description":"Foi divulgado nesta quinta-feira, 09, no Di\u00e1rio Oficial da Uni\u00e3o, o edital de retifica\u00e7\u00e3o do concurso INMET. Confira!","og_url":"https:\/\/www.estrategiaconcursos.com.br\/blog\/concurso-inmet-confira-retificacoes-no-edital\/","og_site_name":"Estrat\u00e9gia Concursos","article_author":"https:\/\/www.facebook.com\/EstrategiaConcursos","article_published_time":"2015-04-09T13:34:34+00:00","article_modified_time":"2023-04-11T17:31:18+00:00","og_image":[{"url":"https:\/\/www.estrategiaconcursos.com.br\/blog\/wp-content\/uploads\/2015\/04\/Concurso-INMET-300x214.jpg","type":"","width":"","height":""}],"author":"Coordena\u00e7\u00e3o","twitter_card":"summary_large_image","twitter_creator":"@EstratConcursos","twitter_site":"@EstratConcursos","twitter_misc":{"Escrito por":"Coordena\u00e7\u00e3o","Est. tempo de leitura":"2 minutos"},"schema":{"@context":"https:\/\/schema.org","@graph":[{"@type":"NewsArticle","@id":"https:\/\/www.estrategiaconcursos.com.br\/blog\/concurso-inmet-confira-retificacoes-no-edital\/#article","isPartOf":{"@id":"https:\/\/www.estrategiaconcursos.com.br\/blog\/concurso-inmet-confira-retificacoes-no-edital\/"},"author":{"name":"Coordena\u00e7\u00e3o","@id":"https:\/\/www.estrategiaconcursos.com.br\/blog\/#\/schema\/person\/b4a388c97673c5f483d72185668afa1f"},"headline":"Concurso INMET: Confira as retifica\u00e7\u00f5es no edital!","datePublished":"2015-04-09T13:34:34+00:00","dateModified":"2023-04-11T17:31:18+00:00","mainEntityOfPage":{"@id":"https:\/\/www.estrategiaconcursos.com.br\/blog\/concurso-inmet-confira-retificacoes-no-edital\/"},"wordCount":384,"commentCount":0,"publisher":{"@id":"https:\/\/www.estrategiaconcursos.com.br\/blog\/#organization"},"image":{"@id":"https:\/\/www.estrategiaconcursos.com.br\/blog\/concurso-inmet-confira-retificacoes-no-edital\/#primaryimage"},"thumbnailUrl":"https:\/\/www.estrategiaconcursos.com.br\/blog\/wp-content\/uploads\/2015\/04\/Concurso-INMET-300x214.jpg","keywords":["edital","INMET"],"articleSection":["Concursos P\u00fablicos"],"inLanguage":"pt-BR","potentialAction":[{"@type":"CommentAction","name":"Comment","target":["https:\/\/www.estrategiaconcursos.com.br\/blog\/concurso-inmet-confira-retificacoes-no-edital\/#respond"]}],"copyrightYear":"2015","copyrightHolder":{"@id":"https:\/\/www.estrategiaconcursos.com.br\/blog\/#organization"}},{"@type":"WebPage","@id":"https:\/\/www.estrategiaconcursos.com.br\/blog\/concurso-inmet-confira-retificacoes-no-edital\/","url":"https:\/\/www.estrategiaconcursos.com.br\/blog\/concurso-inmet-confira-retificacoes-no-edital\/","name":"Concurso INMET: Confira as retifica\u00e7\u00f5es no edital!","isPartOf":{"@id":"https:\/\/www.estrategiaconcursos.com.br\/blog\/#website"},"primaryImageOfPage":{"@id":"https:\/\/www.estrategiaconcursos.com.br\/blog\/concurso-inmet-confira-retificacoes-no-edital\/#primaryimage"},"image":{"@id":"https:\/\/www.estrategiaconcursos.com.br\/blog\/concurso-inmet-confira-retificacoes-no-edital\/#primaryimage"},"thumbnailUrl":"https:\/\/www.estrategiaconcursos.com.br\/blog\/wp-content\/uploads\/2015\/04\/Concurso-INMET-300x214.jpg","datePublished":"2015-04-09T13:34:34+00:00","dateModified":"2023-04-11T17:31:18+00:00","description":"Foi divulgado nesta quinta-feira, 09, no Di\u00e1rio Oficial da Uni\u00e3o, o edital de retifica\u00e7\u00e3o do concurso INMET. Confira!","breadcrumb":{"@id":"https:\/\/www.estrategiaconcursos.com.br\/blog\/concurso-inmet-confira-retificacoes-no-edital\/#breadcrumb"},"inLanguage":"pt-BR","potentialAction":[{"@type":"ReadAction","target":["https:\/\/www.estrategiaconcursos.com.br\/blog\/concurso-inmet-confira-retificacoes-no-edital\/"]}]},{"@type":"ImageObject","inLanguage":"pt-BR","@id":"https:\/\/www.estrategiaconcursos.com.br\/blog\/concurso-inmet-confira-retificacoes-no-edital\/#primaryimage","url":"https:\/\/dhg1h5j42swfq.cloudfront.net\/2015\/04\/Concurso-INMET.jpg","contentUrl":"https:\/\/dhg1h5j42swfq.cloudfront.net\/2015\/04\/Concurso-INMET.jpg","width":420,"height":300},{"@type":"BreadcrumbList","@id":"https:\/\/www.estrategiaconcursos.com.br\/blog\/concurso-inmet-confira-retificacoes-no-edital\/#breadcrumb","itemListElement":[{"@type":"ListItem","position":1,"name":"In\u00edcio","item":"https:\/\/www.estrategiaconcursos.com.br\/blog\/"},{"@type":"ListItem","position":2,"name":"Concurso INMET: Confira as retifica\u00e7\u00f5es no edital!"}]},{"@type":"WebSite","@id":"https:\/\/www.estrategiaconcursos.com.br\/blog\/#website","url":"https:\/\/www.estrategiaconcursos.com.br\/blog\/","name":"Estrat\u00e9gia Concursos","description":"O blog da Estrat\u00e9gia Concursos traz not\u00edcias sobre concursos e artigos de professores oferecendo cursos para concursos (pdf + videaulas) no site.","publisher":{"@id":"https:\/\/www.estrategiaconcursos.com.br\/blog\/#organization"},"potentialAction":[{"@type":"SearchAction","target":{"@type":"EntryPoint","urlTemplate":"https:\/\/www.estrategiaconcursos.com.br\/blog\/?s={search_term_string}"},"query-input":{"@type":"PropertyValueSpecification","valueRequired":true,"valueName":"search_term_string"}}],"inLanguage":"pt-BR"},{"@type":"Organization","@id":"https:\/\/www.estrategiaconcursos.com.br\/blog\/#organization","name":"Estrat\u00e9gia Concursos","url":"https:\/\/www.estrategiaconcursos.com.br\/blog\/","logo":{"@type":"ImageObject","inLanguage":"pt-BR","@id":"https:\/\/www.estrategiaconcursos.com.br\/blog\/#\/schema\/logo\/image\/","url":"https:\/\/dhg1h5j42swfq.cloudfront.net\/2025\/06\/03203428\/logo_concursos-1.jpg","contentUrl":"https:\/\/dhg1h5j42swfq.cloudfront.net\/2025\/06\/03203428\/logo_concursos-1.jpg","width":230,"height":60,"caption":"Estrat\u00e9gia Concursos"},"image":{"@id":"https:\/\/www.estrategiaconcursos.com.br\/blog\/#\/schema\/logo\/image\/"},"sameAs":["https:\/\/x.com\/EstratConcursos"]},{"@type":"Person","@id":"https:\/\/www.estrategiaconcursos.com.br\/blog\/#\/schema\/person\/b4a388c97673c5f483d72185668afa1f","name":"Coordena\u00e7\u00e3o","image":{"@type":"ImageObject","inLanguage":"pt-BR","@id":"https:\/\/secure.gravatar.com\/avatar\/b720319e4c9a967eb58678d110f4fe35452fc5d5f97b202bac7b8acceb18c6ad?s=96&d=mm&r=g","url":"https:\/\/secure.gravatar.com\/avatar\/b720319e4c9a967eb58678d110f4fe35452fc5d5f97b202bac7b8acceb18c6ad?s=96&d=mm&r=g","contentUrl":"https:\/\/secure.gravatar.com\/avatar\/b720319e4c9a967eb58678d110f4fe35452fc5d5f97b202bac7b8acceb18c6ad?s=96&d=mm&r=g","caption":"Coordena\u00e7\u00e3o"},"sameAs":["https:\/\/www.facebook.com\/EstrategiaConcursos","https:\/\/x.com\/EstratConcursos"],"url":"https:\/\/www.estrategiaconcursos.com.br\/blog\/author\/estrategia2013\/"}]}},"_links":{"self":[{"href":"https:\/\/www.estrategiaconcursos.com.br\/blog\/wp-json\/wp\/v2\/posts\/22606","targetHints":{"allow":["GET"]}}],"collection":[{"href":"https:\/\/www.estrategiaconcursos.com.br\/blog\/wp-json\/wp\/v2\/posts"}],"about":[{"href":"https:\/\/www.estrategiaconcursos.com.br\/blog\/wp-json\/wp\/v2\/types\/post"}],"author":[{"embeddable":true,"href":"https:\/\/www.estrategiaconcursos.com.br\/blog\/wp-json\/wp\/v2\/users\/1"}],"replies":[{"embeddable":true,"href":"https:\/\/www.estrategiaconcursos.com.br\/blog\/wp-json\/wp\/v2\/comments?post=22606"}],"version-history":[{"count":3,"href":"https:\/\/www.estrategiaconcursos.com.br\/blog\/wp-json\/wp\/v2\/posts\/22606\/revisions"}],"predecessor-version":[{"id":1200075,"href":"https:\/\/www.estrategiaconcursos.com.br\/blog\/wp-json\/wp\/v2\/posts\/22606\/revisions\/1200075"}],"wp:attachment":[{"href":"https:\/\/www.estrategiaconcursos.com.br\/blog\/wp-json\/wp\/v2\/media?parent=22606"}],"wp:term":[{"taxonomy":"category","embeddable":true,"href":"https:\/\/www.estrategiaconcursos.com.br\/blog\/wp-json\/wp\/v2\/categories?post=22606"},{"taxonomy":"post_tag","embeddable":true,"href":"https:\/\/www.estrategiaconcursos.com.br\/blog\/wp-json\/wp\/v2\/tags?post=22606"},{"taxonomy":"tax_estado","embeddable":true,"href":"https:\/\/www.estrategiaconcursos.com.br\/blog\/wp-json\/wp\/v2\/tax_estado?post=22606"}],"curies":[{"name":"wp","href":"https:\/\/api.w.org\/{rel}","templated":true}]}}