{"id":22551,"date":"2015-04-07T13:38:19","date_gmt":"2015-04-07T16:38:19","guid":{"rendered":"http:\/\/www.estrategiaconcursos.com.br\/blog\/?p=22551"},"modified":"2022-09-02T09:33:30","modified_gmt":"2022-09-02T12:33:30","slug":"concurso-para-o-cargo-de-gestor-eppgg-ministerio-planejamento-orcamento-e-gestao-confira-nossa-entrevista-com-um-profissional-da-area-e-saiba-como-se-preparar-e-o-que-esperar-proximo-conc","status":"publish","type":"post","link":"https:\/\/www.estrategiaconcursos.com.br\/blog\/concurso-para-o-cargo-de-gestor-eppgg-ministerio-planejamento-orcamento-e-gestao-confira-nossa-entrevista-com-um-profissional-da-area-e-saiba-como-se-preparar-e-o-que-esperar-proximo-conc\/","title":{"rendered":"Concurso para o cargo de Gestor (EPPGG) do Minist\u00e9rio do Planejamento, Or\u00e7amento e Gest\u00e3o: Confira nossa entrevista com um especialista e saiba como se preparar e o que esperar do pr\u00f3ximo concurso."},"content":{"rendered":"\n  <div itemprop=\"video\" itemscope itemtype=\"http:\/\/schema.org\/VideoObject\">\n\t<h2><span itemprop=\"name\">Concurso MPOG | Saiba mais sobre o cargo Gestor (EPPGG)<\/span><\/h2>\n\t<meta itemprop=\"duration\" content=\"PT13M24S\" \/>\n\t<meta itemprop=\"uploadDate\" content=\"2015-04-07T16:18:54Z\" \/>\n\t<meta itemprop=\"thumbnailURL\" content=\"https:\/\/i.ytimg.com\/vi\/sD5e782zBV0\/default.jpg\" \/>\n\t<meta itemprop=\"interactionCount\" content=\"5438\" \/>\n\t<meta itemprop=\"embedURL\" content=\"https:\/\/youtube.googleapis.com\/v\/sD5e782zBV0\" \/>\n\t<div id=\"schema-videoobject\" class=\"video-container\"><div class=\"lyte-wrapper\" style=\"width:853px;max-width:100%;margin:5px;\"><div class=\"lyMe qsa_\\&amp;showinfo\\=0\" id=\"WYL_sD5e782zBV0\"><div id=\"lyte_sD5e782zBV0\" data-src=\"\/\/i.ytimg.com\/vi\/sD5e782zBV0\/hqdefault.jpg\" class=\"pL\"><div class=\"tC hidden\"><div class=\"tT\"><\/div><\/div><div class=\"play\"><\/div><div class=\"ctrl\"><div class=\"Lctrl\"><\/div><div class=\"Rctrl\"><\/div><\/div><\/div><noscript><a href=\"https:\/\/youtu.be\/sD5e782zBV0\" rel=\"nofollow\"><img loading=\"lazy\" decoding=\"async\" src=\"https:\/\/i.ytimg.com\/vi\/sD5e782zBV0\/0.jpg\" alt=\"YouTube video thumbnail\" width=\"853\" height=\"460\" \/><br \/>Assista a este v\u00eddeo no YouTube<\/a><\/noscript><\/div><\/div><div class=\"lL\" style=\"max-width:100%;width:853px;margin:5px;\"><\/div><\/div>\n\t<span itemprop=\"description\">\u2800\u2800\u2800\u2800\u2800\u2800\u2800\u2800<\/span>\n  <\/div><!--Video Markup Code Generated by https:\/\/videoschema.com\/ -->\n\n\n<p style=\"text-align: justify;\"><span style=\"color: #000000;\">\u00c9 grande a expectativa de que o impasse seja resolvido e de\u00a0que no segundo semestre deste ano seja reiniciado o concurso para o cargo de Gestor P\u00fablico (Especialista em Pol\u00edticas P\u00fablicas e Gest\u00e3o Governamental &#8211; EPPGG) do\u00a0Minist\u00e9rio do Planejamento, Or\u00e7amento e Gest\u00e3o.<\/span><\/p>\n<p style=\"text-align: justify;\"><span style=\"color: #000000;\">O concurso para o cargo de Gestor do MPOG \u00e9\u00a0um concurso bastante cobi\u00e7ado, devido a boa remunera\u00e7\u00e3o e, principalmente, pela\u00a0possibilidade de um trabalho din\u00e2mico, podendo ser exercido em v\u00e1rios \u00f3rg\u00e3os e\/ou minist\u00e9rios.<\/span><\/p>\n<p style=\"text-align: justify;\"><span style=\"color: #000000;\">Quer saber como se preparar e o que esperar do pr\u00f3ximo concurso para o cargo de Gestor P\u00fablico do MPOG?! Ent\u00e3o confira nossa entrevista com o Especialista em Pol\u00edticas P\u00fablicas e Gest\u00e3o Governamental do MPOG,\u00a0o professor Rodrigo Renn\u00f3.<\/span><\/p>\n<p style=\"text-align: justify;\"><span style=\"color: #000000;\"><strong>Concurso\u00a0para o cargo de gestor p\u00fablico \u2013\u00a0EPPGG 2013<\/strong><\/span><\/p>\n<p style=\"text-align: justify;\"><span style=\"color: #000000;\">O concurso, que registrou 9.824 inscritos, visava preencher 150 vagas. Ap\u00f3s as provas objetivas, aplicadas em agosto de 2013,\u00a0 5.805 concorrentes ainda permaneceram na disputa. O cargo proporcionava, na \u00e9poca, sal\u00e1rio de R$13.981,81, incluindo o aux\u00edlio-alimenta\u00e7\u00e3o, de R$373, e garante estabilidade, j\u00e1 que o regime de contrata\u00e7\u00e3o \u00e9 o estatut\u00e1rio.<\/span><\/p>\n<p style=\"text-align: justify;\"><span style=\"color: #000000;\">O concurso para o cargo de gestor chegou a ter sua suspens\u00e3o decidida dias antes das provas discursivas serem aplicadas, mas uma reavalia\u00e7\u00e3o permitiu que os exames fossem aplicados. Em novembro de 2014 o Tribunal de Contas da Uni\u00e3o decidiu pedir a\u00a0anula\u00e7\u00e3o do concurso p\u00fablico.<\/span><\/p>\n<p style=\"text-align: justify;\"><span style=\"color: #000000;\">A decis\u00e3o do TCU foi baseada nas modifica\u00e7\u00f5es nos crit\u00e9rios de sele\u00e7\u00e3o, aumentando em quase dez vezes, na compara\u00e7\u00e3o com o concurso anterior, o peso da experi\u00eancia profissional pr\u00e9via tanto em \u00f3rg\u00e3o p\u00fablico quanto em empresa privada. A experi\u00eancia passou a valer at\u00e9 22% da pontua\u00e7\u00e3o final.\u00a0<\/span><\/p>\n<p style=\"text-align: justify;\"><span style=\"color: #000000;\">De acordo com o Minist\u00e9rio do Planejamento, a mudan\u00e7a no concurso em 2013 teve o objetivo de selecionar profissionais maduros, aptos a liderar e gerir projetos, evitando assim a aprova\u00e7\u00e3o massiva de jovens rec\u00e9m-formados. Por isso, \u201d<em>exige experi\u00eancia compat\u00edvel com o sal\u00e1rio e as atribui\u00e7\u00f5es do cargo, e este aprimoramento tem sofrido resist\u00eancia por parte da associa\u00e7\u00e3o que representa os gestores j\u00e1 concursados<\/em>\u201d.<\/span><\/p>\n<p style=\"text-align: justify;\"><span style=\"color: #000000;\">Ainda conforme o minist\u00e9rio, \u201c<em>a \u00eanfase para a experi\u00eancia est\u00e1 alinhada \u00e0 realidade do mercado, que exige um m\u00ednimo de dez anos de pr\u00e1tica na atividade gerencial\u201d. Al\u00e9m da experi\u00eancia profissional ser pontuada para qualquer cidad\u00e3o da iniciativa privada ou do setor p\u00fablico, ressalta o minist\u00e9rio, \u201co cargo de gestor \u00e9 de alta qualifica\u00e7\u00e3o, em raz\u00e3o do amplo conhecimento que requer sobre o funcionamento do Estado, com atribui\u00e7\u00f5es voltadas ao planejamento, elabora\u00e7\u00e3o, execu\u00e7\u00e3o e acompanhamento de pol\u00edticas p\u00fablicas<\/em>\u201d.<\/span><\/p>\n<p style=\"text-align: justify;\"><span style=\"color: #000000;\"><strong>Devido a expectativa de um novo concurso em 2015, o Estrat\u00e9gia Concursos lan\u00e7ar\u00e1, em breve, cursos para este concurso. Acompanhe em:<\/strong><\/span><\/p>\n<p><span style=\"color: #0000ff;\"><a style=\"color: #0000ff;\" href=\"https:\/\/www.estrategiaconcursos.com.br\/cursos\/concurso\/\">https:\/\/www.estrategiaconcursos.com.br\/cursos\/concurso\/<\/a><\/span><\/p>\n<p style=\"text-align: justify;\"><span style=\"color: #000000;\">Assessoria de Comunica\u00e7\u00e3o<\/span><\/p>\n<p style=\"text-align: justify;\"><span style=\"color: #000000;\">comunicacao@estrategiaconcursos.com.br<\/span><\/p>","protected":false},"excerpt":{"rendered":"<p>Concurso MPOG | Saiba mais sobre o cargo Gestor (EPPGG) \u2800\u2800\u2800\u2800\u2800\u2800\u2800\u2800 \u00c9 grande a expectativa de que o impasse seja resolvido e de\u00a0que no segundo semestre deste ano seja reiniciado o concurso para o cargo de Gestor P\u00fablico (Especialista em Pol\u00edticas P\u00fablicas e Gest\u00e3o Governamental &#8211; EPPGG) do\u00a0Minist\u00e9rio do Planejamento, Or\u00e7amento e Gest\u00e3o. O concurso [&hellip;]<\/p>\n","protected":false},"author":1,"featured_media":0,"comment_status":"open","ping_status":"open","sticky":false,"template":"","format":"standard","meta":{"post_tipo":"news","footnotes":""},"categories":[1],"tags":[295,708,707],"tax_estado":[],"class_list":["post-22551","post","type-post","status-publish","format-standard","hentry","category-cursos-e-concursos","tag-eppgg","tag-gestor","tag-mpo"],"acf":[],"yoast_head":"<!-- This site is optimized with the Yoast SEO Premium plugin v27.2 (Yoast SEO v27.2) - https:\/\/yoast.com\/product\/yoast-seo-premium-wordpress\/ -->\n<title>Concurso para o cargo de Gestor (EPPGG) do Minist\u00e9rio do Planejamento, Or\u00e7amento e Gest\u00e3o: Confira nossa entrevista com um especialista e saiba como se preparar e o que esperar do pr\u00f3ximo concurso.<\/title>\n<meta name=\"description\" content=\"\u00c9 grande a expectativa de que o impasse seja resolvido \u00e9 de que no segundo semestre deste ano seja reiniciado o concurso para o cargo de Gestor. Saiba mais!\" \/>\n<meta name=\"robots\" content=\"index, follow, max-snippet:-1, max-image-preview:large, max-video-preview:-1\" \/>\n<link rel=\"canonical\" href=\"https:\/\/www.estrategiaconcursos.com.br\/blog\/concurso-para-o-cargo-de-gestor-eppgg-ministerio-planejamento-orcamento-e-gestao-confira-nossa-entrevista-com-um-profissional-da-area-e-saiba-como-se-preparar-e-o-que-esperar-proximo-conc\/\" \/>\n<meta property=\"og:locale\" content=\"pt_BR\" \/>\n<meta property=\"og:type\" content=\"article\" \/>\n<meta property=\"og:title\" content=\"Concurso para o cargo de Gestor (EPPGG) do Minist\u00e9rio do Planejamento, Or\u00e7amento e Gest\u00e3o: Confira nossa entrevista com um especialista e saiba como se preparar e o que esperar do pr\u00f3ximo concurso.\" \/>\n<meta property=\"og:description\" content=\"\u00c9 grande a expectativa de que o impasse seja resolvido \u00e9 de que no segundo semestre deste ano seja reiniciado o concurso para o cargo de Gestor. Saiba mais!\" \/>\n<meta property=\"og:url\" content=\"https:\/\/www.estrategiaconcursos.com.br\/blog\/concurso-para-o-cargo-de-gestor-eppgg-ministerio-planejamento-orcamento-e-gestao-confira-nossa-entrevista-com-um-profissional-da-area-e-saiba-como-se-preparar-e-o-que-esperar-proximo-conc\/\" \/>\n<meta property=\"og:site_name\" content=\"Estrat\u00e9gia Concursos\" \/>\n<meta property=\"article:author\" content=\"https:\/\/www.facebook.com\/EstrategiaConcursos\" \/>\n<meta property=\"article:published_time\" content=\"2015-04-07T16:38:19+00:00\" \/>\n<meta property=\"article:modified_time\" content=\"2022-09-02T12:33:30+00:00\" \/>\n<meta name=\"author\" content=\"Coordena\u00e7\u00e3o\" \/>\n<meta name=\"twitter:card\" content=\"summary_large_image\" \/>\n<meta name=\"twitter:creator\" content=\"@EstratConcursos\" \/>\n<meta name=\"twitter:site\" content=\"@EstratConcursos\" \/>\n<meta name=\"twitter:label1\" content=\"Escrito por\" \/>\n\t<meta name=\"twitter:data1\" content=\"Coordena\u00e7\u00e3o\" \/>\n\t<meta name=\"twitter:label2\" content=\"Est. tempo de leitura\" \/>\n\t<meta name=\"twitter:data2\" content=\"3 minutos\" \/>\n<script type=\"application\/ld+json\" class=\"yoast-schema-graph\">{\"@context\":\"https:\/\/schema.org\",\"@graph\":[{\"@type\":\"NewsArticle\",\"@id\":\"https:\/\/www.estrategiaconcursos.com.br\/blog\/concurso-para-o-cargo-de-gestor-eppgg-ministerio-planejamento-orcamento-e-gestao-confira-nossa-entrevista-com-um-profissional-da-area-e-saiba-como-se-preparar-e-o-que-esperar-proximo-conc\/#article\",\"isPartOf\":{\"@id\":\"https:\/\/www.estrategiaconcursos.com.br\/blog\/concurso-para-o-cargo-de-gestor-eppgg-ministerio-planejamento-orcamento-e-gestao-confira-nossa-entrevista-com-um-profissional-da-area-e-saiba-como-se-preparar-e-o-que-esperar-proximo-conc\/\"},\"author\":{\"name\":\"Coordena\u00e7\u00e3o\",\"@id\":\"https:\/\/www.estrategiaconcursos.com.br\/blog\/#\/schema\/person\/b4a388c97673c5f483d72185668afa1f\"},\"headline\":\"Concurso para o cargo de Gestor (EPPGG) do Minist\u00e9rio do Planejamento, Or\u00e7amento e Gest\u00e3o: Confira nossa entrevista com um especialista e saiba como se preparar e o que esperar do pr\u00f3ximo concurso.\",\"datePublished\":\"2015-04-07T16:38:19+00:00\",\"dateModified\":\"2022-09-02T12:33:30+00:00\",\"mainEntityOfPage\":{\"@id\":\"https:\/\/www.estrategiaconcursos.com.br\/blog\/concurso-para-o-cargo-de-gestor-eppgg-ministerio-planejamento-orcamento-e-gestao-confira-nossa-entrevista-com-um-profissional-da-area-e-saiba-como-se-preparar-e-o-que-esperar-proximo-conc\/\"},\"wordCount\":548,\"commentCount\":3,\"publisher\":{\"@id\":\"https:\/\/www.estrategiaconcursos.com.br\/blog\/#organization\"},\"keywords\":[\"EPPGG\",\"Gestor\",\"MPO\"],\"articleSection\":[\"Concursos P\u00fablicos\"],\"inLanguage\":\"pt-BR\",\"potentialAction\":[{\"@type\":\"CommentAction\",\"name\":\"Comment\",\"target\":[\"https:\/\/www.estrategiaconcursos.com.br\/blog\/concurso-para-o-cargo-de-gestor-eppgg-ministerio-planejamento-orcamento-e-gestao-confira-nossa-entrevista-com-um-profissional-da-area-e-saiba-como-se-preparar-e-o-que-esperar-proximo-conc\/#respond\"]}],\"copyrightYear\":\"2015\",\"copyrightHolder\":{\"@id\":\"https:\/\/www.estrategiaconcursos.com.br\/blog\/#organization\"}},{\"@type\":\"WebPage\",\"@id\":\"https:\/\/www.estrategiaconcursos.com.br\/blog\/concurso-para-o-cargo-de-gestor-eppgg-ministerio-planejamento-orcamento-e-gestao-confira-nossa-entrevista-com-um-profissional-da-area-e-saiba-como-se-preparar-e-o-que-esperar-proximo-conc\/\",\"url\":\"https:\/\/www.estrategiaconcursos.com.br\/blog\/concurso-para-o-cargo-de-gestor-eppgg-ministerio-planejamento-orcamento-e-gestao-confira-nossa-entrevista-com-um-profissional-da-area-e-saiba-como-se-preparar-e-o-que-esperar-proximo-conc\/\",\"name\":\"Concurso para o cargo de Gestor (EPPGG) do Minist\u00e9rio do Planejamento, Or\u00e7amento e Gest\u00e3o: Confira nossa entrevista com um especialista e saiba como se preparar e o que esperar do pr\u00f3ximo concurso.\",\"isPartOf\":{\"@id\":\"https:\/\/www.estrategiaconcursos.com.br\/blog\/#website\"},\"datePublished\":\"2015-04-07T16:38:19+00:00\",\"dateModified\":\"2022-09-02T12:33:30+00:00\",\"description\":\"\u00c9 grande a expectativa de que o impasse seja resolvido \u00e9 de que no segundo semestre deste ano seja reiniciado o concurso para o cargo de Gestor. Saiba mais!\",\"breadcrumb\":{\"@id\":\"https:\/\/www.estrategiaconcursos.com.br\/blog\/concurso-para-o-cargo-de-gestor-eppgg-ministerio-planejamento-orcamento-e-gestao-confira-nossa-entrevista-com-um-profissional-da-area-e-saiba-como-se-preparar-e-o-que-esperar-proximo-conc\/#breadcrumb\"},\"inLanguage\":\"pt-BR\",\"potentialAction\":[{\"@type\":\"ReadAction\",\"target\":[\"https:\/\/www.estrategiaconcursos.com.br\/blog\/concurso-para-o-cargo-de-gestor-eppgg-ministerio-planejamento-orcamento-e-gestao-confira-nossa-entrevista-com-um-profissional-da-area-e-saiba-como-se-preparar-e-o-que-esperar-proximo-conc\/\"]}]},{\"@type\":\"BreadcrumbList\",\"@id\":\"https:\/\/www.estrategiaconcursos.com.br\/blog\/concurso-para-o-cargo-de-gestor-eppgg-ministerio-planejamento-orcamento-e-gestao-confira-nossa-entrevista-com-um-profissional-da-area-e-saiba-como-se-preparar-e-o-que-esperar-proximo-conc\/#breadcrumb\",\"itemListElement\":[{\"@type\":\"ListItem\",\"position\":1,\"name\":\"In\u00edcio\",\"item\":\"https:\/\/www.estrategiaconcursos.com.br\/blog\/\"},{\"@type\":\"ListItem\",\"position\":2,\"name\":\"Concurso para o cargo de Gestor (EPPGG) do Minist\u00e9rio do Planejamento, Or\u00e7amento e Gest\u00e3o: Confira nossa entrevista com um especialista e saiba como se preparar e o que esperar do pr\u00f3ximo concurso.\"}]},{\"@type\":\"WebSite\",\"@id\":\"https:\/\/www.estrategiaconcursos.com.br\/blog\/#website\",\"url\":\"https:\/\/www.estrategiaconcursos.com.br\/blog\/\",\"name\":\"Estrat\u00e9gia Concursos\",\"description\":\"O blog da Estrat\u00e9gia Concursos traz not\u00edcias sobre concursos e artigos de professores oferecendo cursos para concursos (pdf + videaulas) no site.\",\"publisher\":{\"@id\":\"https:\/\/www.estrategiaconcursos.com.br\/blog\/#organization\"},\"potentialAction\":[{\"@type\":\"SearchAction\",\"target\":{\"@type\":\"EntryPoint\",\"urlTemplate\":\"https:\/\/www.estrategiaconcursos.com.br\/blog\/?s={search_term_string}\"},\"query-input\":{\"@type\":\"PropertyValueSpecification\",\"valueRequired\":true,\"valueName\":\"search_term_string\"}}],\"inLanguage\":\"pt-BR\"},{\"@type\":\"Organization\",\"@id\":\"https:\/\/www.estrategiaconcursos.com.br\/blog\/#organization\",\"name\":\"Estrat\u00e9gia Concursos\",\"url\":\"https:\/\/www.estrategiaconcursos.com.br\/blog\/\",\"logo\":{\"@type\":\"ImageObject\",\"inLanguage\":\"pt-BR\",\"@id\":\"https:\/\/www.estrategiaconcursos.com.br\/blog\/#\/schema\/logo\/image\/\",\"url\":\"https:\/\/dhg1h5j42swfq.cloudfront.net\/2025\/06\/03203428\/logo_concursos-1.jpg\",\"contentUrl\":\"https:\/\/dhg1h5j42swfq.cloudfront.net\/2025\/06\/03203428\/logo_concursos-1.jpg\",\"width\":230,\"height\":60,\"caption\":\"Estrat\u00e9gia Concursos\"},\"image\":{\"@id\":\"https:\/\/www.estrategiaconcursos.com.br\/blog\/#\/schema\/logo\/image\/\"},\"sameAs\":[\"https:\/\/x.com\/EstratConcursos\"]},{\"@type\":\"Person\",\"@id\":\"https:\/\/www.estrategiaconcursos.com.br\/blog\/#\/schema\/person\/b4a388c97673c5f483d72185668afa1f\",\"name\":\"Coordena\u00e7\u00e3o\",\"image\":{\"@type\":\"ImageObject\",\"inLanguage\":\"pt-BR\",\"@id\":\"https:\/\/secure.gravatar.com\/avatar\/b720319e4c9a967eb58678d110f4fe35452fc5d5f97b202bac7b8acceb18c6ad?s=96&d=mm&r=g\",\"url\":\"https:\/\/secure.gravatar.com\/avatar\/b720319e4c9a967eb58678d110f4fe35452fc5d5f97b202bac7b8acceb18c6ad?s=96&d=mm&r=g\",\"contentUrl\":\"https:\/\/secure.gravatar.com\/avatar\/b720319e4c9a967eb58678d110f4fe35452fc5d5f97b202bac7b8acceb18c6ad?s=96&d=mm&r=g\",\"caption\":\"Coordena\u00e7\u00e3o\"},\"sameAs\":[\"https:\/\/www.facebook.com\/EstrategiaConcursos\",\"https:\/\/x.com\/EstratConcursos\"],\"url\":\"https:\/\/www.estrategiaconcursos.com.br\/blog\/author\/estrategia2013\/\"}]}<\/script>\n<!-- \/ Yoast SEO Premium plugin. -->","yoast_head_json":{"title":"Concurso para o cargo de Gestor (EPPGG) do Minist\u00e9rio do Planejamento, Or\u00e7amento e Gest\u00e3o: Confira nossa entrevista com um especialista e saiba como se preparar e o que esperar do pr\u00f3ximo concurso.","description":"\u00c9 grande a expectativa de que o impasse seja resolvido \u00e9 de que no segundo semestre deste ano seja reiniciado o concurso para o cargo de Gestor. Saiba mais!","robots":{"index":"index","follow":"follow","max-snippet":"max-snippet:-1","max-image-preview":"max-image-preview:large","max-video-preview":"max-video-preview:-1"},"canonical":"https:\/\/www.estrategiaconcursos.com.br\/blog\/concurso-para-o-cargo-de-gestor-eppgg-ministerio-planejamento-orcamento-e-gestao-confira-nossa-entrevista-com-um-profissional-da-area-e-saiba-como-se-preparar-e-o-que-esperar-proximo-conc\/","og_locale":"pt_BR","og_type":"article","og_title":"Concurso para o cargo de Gestor (EPPGG) do Minist\u00e9rio do Planejamento, Or\u00e7amento e Gest\u00e3o: Confira nossa entrevista com um especialista e saiba como se preparar e o que esperar do pr\u00f3ximo concurso.","og_description":"\u00c9 grande a expectativa de que o impasse seja resolvido \u00e9 de que no segundo semestre deste ano seja reiniciado o concurso para o cargo de Gestor. Saiba mais!","og_url":"https:\/\/www.estrategiaconcursos.com.br\/blog\/concurso-para-o-cargo-de-gestor-eppgg-ministerio-planejamento-orcamento-e-gestao-confira-nossa-entrevista-com-um-profissional-da-area-e-saiba-como-se-preparar-e-o-que-esperar-proximo-conc\/","og_site_name":"Estrat\u00e9gia Concursos","article_author":"https:\/\/www.facebook.com\/EstrategiaConcursos","article_published_time":"2015-04-07T16:38:19+00:00","article_modified_time":"2022-09-02T12:33:30+00:00","author":"Coordena\u00e7\u00e3o","twitter_card":"summary_large_image","twitter_creator":"@EstratConcursos","twitter_site":"@EstratConcursos","twitter_misc":{"Escrito por":"Coordena\u00e7\u00e3o","Est. tempo de leitura":"3 minutos"},"schema":{"@context":"https:\/\/schema.org","@graph":[{"@type":"NewsArticle","@id":"https:\/\/www.estrategiaconcursos.com.br\/blog\/concurso-para-o-cargo-de-gestor-eppgg-ministerio-planejamento-orcamento-e-gestao-confira-nossa-entrevista-com-um-profissional-da-area-e-saiba-como-se-preparar-e-o-que-esperar-proximo-conc\/#article","isPartOf":{"@id":"https:\/\/www.estrategiaconcursos.com.br\/blog\/concurso-para-o-cargo-de-gestor-eppgg-ministerio-planejamento-orcamento-e-gestao-confira-nossa-entrevista-com-um-profissional-da-area-e-saiba-como-se-preparar-e-o-que-esperar-proximo-conc\/"},"author":{"name":"Coordena\u00e7\u00e3o","@id":"https:\/\/www.estrategiaconcursos.com.br\/blog\/#\/schema\/person\/b4a388c97673c5f483d72185668afa1f"},"headline":"Concurso para o cargo de Gestor (EPPGG) do Minist\u00e9rio do Planejamento, Or\u00e7amento e Gest\u00e3o: Confira nossa entrevista com um especialista e saiba como se preparar e o que esperar do pr\u00f3ximo concurso.","datePublished":"2015-04-07T16:38:19+00:00","dateModified":"2022-09-02T12:33:30+00:00","mainEntityOfPage":{"@id":"https:\/\/www.estrategiaconcursos.com.br\/blog\/concurso-para-o-cargo-de-gestor-eppgg-ministerio-planejamento-orcamento-e-gestao-confira-nossa-entrevista-com-um-profissional-da-area-e-saiba-como-se-preparar-e-o-que-esperar-proximo-conc\/"},"wordCount":548,"commentCount":3,"publisher":{"@id":"https:\/\/www.estrategiaconcursos.com.br\/blog\/#organization"},"keywords":["EPPGG","Gestor","MPO"],"articleSection":["Concursos P\u00fablicos"],"inLanguage":"pt-BR","potentialAction":[{"@type":"CommentAction","name":"Comment","target":["https:\/\/www.estrategiaconcursos.com.br\/blog\/concurso-para-o-cargo-de-gestor-eppgg-ministerio-planejamento-orcamento-e-gestao-confira-nossa-entrevista-com-um-profissional-da-area-e-saiba-como-se-preparar-e-o-que-esperar-proximo-conc\/#respond"]}],"copyrightYear":"2015","copyrightHolder":{"@id":"https:\/\/www.estrategiaconcursos.com.br\/blog\/#organization"}},{"@type":"WebPage","@id":"https:\/\/www.estrategiaconcursos.com.br\/blog\/concurso-para-o-cargo-de-gestor-eppgg-ministerio-planejamento-orcamento-e-gestao-confira-nossa-entrevista-com-um-profissional-da-area-e-saiba-como-se-preparar-e-o-que-esperar-proximo-conc\/","url":"https:\/\/www.estrategiaconcursos.com.br\/blog\/concurso-para-o-cargo-de-gestor-eppgg-ministerio-planejamento-orcamento-e-gestao-confira-nossa-entrevista-com-um-profissional-da-area-e-saiba-como-se-preparar-e-o-que-esperar-proximo-conc\/","name":"Concurso para o cargo de Gestor (EPPGG) do Minist\u00e9rio do Planejamento, Or\u00e7amento e Gest\u00e3o: Confira nossa entrevista com um especialista e saiba como se preparar e o que esperar do pr\u00f3ximo concurso.","isPartOf":{"@id":"https:\/\/www.estrategiaconcursos.com.br\/blog\/#website"},"datePublished":"2015-04-07T16:38:19+00:00","dateModified":"2022-09-02T12:33:30+00:00","description":"\u00c9 grande a expectativa de que o impasse seja resolvido \u00e9 de que no segundo semestre deste ano seja reiniciado o concurso para o cargo de Gestor. Saiba mais!","breadcrumb":{"@id":"https:\/\/www.estrategiaconcursos.com.br\/blog\/concurso-para-o-cargo-de-gestor-eppgg-ministerio-planejamento-orcamento-e-gestao-confira-nossa-entrevista-com-um-profissional-da-area-e-saiba-como-se-preparar-e-o-que-esperar-proximo-conc\/#breadcrumb"},"inLanguage":"pt-BR","potentialAction":[{"@type":"ReadAction","target":["https:\/\/www.estrategiaconcursos.com.br\/blog\/concurso-para-o-cargo-de-gestor-eppgg-ministerio-planejamento-orcamento-e-gestao-confira-nossa-entrevista-com-um-profissional-da-area-e-saiba-como-se-preparar-e-o-que-esperar-proximo-conc\/"]}]},{"@type":"BreadcrumbList","@id":"https:\/\/www.estrategiaconcursos.com.br\/blog\/concurso-para-o-cargo-de-gestor-eppgg-ministerio-planejamento-orcamento-e-gestao-confira-nossa-entrevista-com-um-profissional-da-area-e-saiba-como-se-preparar-e-o-que-esperar-proximo-conc\/#breadcrumb","itemListElement":[{"@type":"ListItem","position":1,"name":"In\u00edcio","item":"https:\/\/www.estrategiaconcursos.com.br\/blog\/"},{"@type":"ListItem","position":2,"name":"Concurso para o cargo de Gestor (EPPGG) do Minist\u00e9rio do Planejamento, Or\u00e7amento e Gest\u00e3o: Confira nossa entrevista com um especialista e saiba como se preparar e o que esperar do pr\u00f3ximo concurso."}]},{"@type":"WebSite","@id":"https:\/\/www.estrategiaconcursos.com.br\/blog\/#website","url":"https:\/\/www.estrategiaconcursos.com.br\/blog\/","name":"Estrat\u00e9gia Concursos","description":"O blog da Estrat\u00e9gia Concursos traz not\u00edcias sobre concursos e artigos de professores oferecendo cursos para concursos (pdf + videaulas) no site.","publisher":{"@id":"https:\/\/www.estrategiaconcursos.com.br\/blog\/#organization"},"potentialAction":[{"@type":"SearchAction","target":{"@type":"EntryPoint","urlTemplate":"https:\/\/www.estrategiaconcursos.com.br\/blog\/?s={search_term_string}"},"query-input":{"@type":"PropertyValueSpecification","valueRequired":true,"valueName":"search_term_string"}}],"inLanguage":"pt-BR"},{"@type":"Organization","@id":"https:\/\/www.estrategiaconcursos.com.br\/blog\/#organization","name":"Estrat\u00e9gia Concursos","url":"https:\/\/www.estrategiaconcursos.com.br\/blog\/","logo":{"@type":"ImageObject","inLanguage":"pt-BR","@id":"https:\/\/www.estrategiaconcursos.com.br\/blog\/#\/schema\/logo\/image\/","url":"https:\/\/dhg1h5j42swfq.cloudfront.net\/2025\/06\/03203428\/logo_concursos-1.jpg","contentUrl":"https:\/\/dhg1h5j42swfq.cloudfront.net\/2025\/06\/03203428\/logo_concursos-1.jpg","width":230,"height":60,"caption":"Estrat\u00e9gia Concursos"},"image":{"@id":"https:\/\/www.estrategiaconcursos.com.br\/blog\/#\/schema\/logo\/image\/"},"sameAs":["https:\/\/x.com\/EstratConcursos"]},{"@type":"Person","@id":"https:\/\/www.estrategiaconcursos.com.br\/blog\/#\/schema\/person\/b4a388c97673c5f483d72185668afa1f","name":"Coordena\u00e7\u00e3o","image":{"@type":"ImageObject","inLanguage":"pt-BR","@id":"https:\/\/secure.gravatar.com\/avatar\/b720319e4c9a967eb58678d110f4fe35452fc5d5f97b202bac7b8acceb18c6ad?s=96&d=mm&r=g","url":"https:\/\/secure.gravatar.com\/avatar\/b720319e4c9a967eb58678d110f4fe35452fc5d5f97b202bac7b8acceb18c6ad?s=96&d=mm&r=g","contentUrl":"https:\/\/secure.gravatar.com\/avatar\/b720319e4c9a967eb58678d110f4fe35452fc5d5f97b202bac7b8acceb18c6ad?s=96&d=mm&r=g","caption":"Coordena\u00e7\u00e3o"},"sameAs":["https:\/\/www.facebook.com\/EstrategiaConcursos","https:\/\/x.com\/EstratConcursos"],"url":"https:\/\/www.estrategiaconcursos.com.br\/blog\/author\/estrategia2013\/"}]}},"_links":{"self":[{"href":"https:\/\/www.estrategiaconcursos.com.br\/blog\/wp-json\/wp\/v2\/posts\/22551","targetHints":{"allow":["GET"]}}],"collection":[{"href":"https:\/\/www.estrategiaconcursos.com.br\/blog\/wp-json\/wp\/v2\/posts"}],"about":[{"href":"https:\/\/www.estrategiaconcursos.com.br\/blog\/wp-json\/wp\/v2\/types\/post"}],"author":[{"embeddable":true,"href":"https:\/\/www.estrategiaconcursos.com.br\/blog\/wp-json\/wp\/v2\/users\/1"}],"replies":[{"embeddable":true,"href":"https:\/\/www.estrategiaconcursos.com.br\/blog\/wp-json\/wp\/v2\/comments?post=22551"}],"version-history":[{"count":5,"href":"https:\/\/www.estrategiaconcursos.com.br\/blog\/wp-json\/wp\/v2\/posts\/22551\/revisions"}],"predecessor-version":[{"id":1088187,"href":"https:\/\/www.estrategiaconcursos.com.br\/blog\/wp-json\/wp\/v2\/posts\/22551\/revisions\/1088187"}],"wp:attachment":[{"href":"https:\/\/www.estrategiaconcursos.com.br\/blog\/wp-json\/wp\/v2\/media?parent=22551"}],"wp:term":[{"taxonomy":"category","embeddable":true,"href":"https:\/\/www.estrategiaconcursos.com.br\/blog\/wp-json\/wp\/v2\/categories?post=22551"},{"taxonomy":"post_tag","embeddable":true,"href":"https:\/\/www.estrategiaconcursos.com.br\/blog\/wp-json\/wp\/v2\/tags?post=22551"},{"taxonomy":"tax_estado","embeddable":true,"href":"https:\/\/www.estrategiaconcursos.com.br\/blog\/wp-json\/wp\/v2\/tax_estado?post=22551"}],"curies":[{"name":"wp","href":"https:\/\/api.w.org\/{rel}","templated":true}]}}