{"id":22505,"date":"2015-04-02T16:11:23","date_gmt":"2015-04-02T19:11:23","guid":{"rendered":"http:\/\/www.estrategiaconcursos.com.br\/blog\/?p=22505"},"modified":"2015-04-08T11:43:35","modified_gmt":"2015-04-08T14:43:35","slug":"tre-mg-comentarios-prova-de-regimento-interno","status":"publish","type":"post","link":"https:\/\/www.estrategiaconcursos.com.br\/blog\/tre-mg-comentarios-prova-de-regimento-interno\/","title":{"rendered":"TRE-MG &#8211; Coment\u00e1rios \u00e0 prova de Regimento Interno"},"content":{"rendered":"<p>Oi pessoal!<\/p>\n<p>A prova de Regimento Interno do TRE-MG teve um grau m\u00e9dio de dificuldade. Como previsto, a banca se resumiu a cobrar o texto do Regimento, e quem estudou bem certamente deve ter feito uma boa prova. N\u00e3o consegui enxergar nenhuma possibilidade de recurso, mas se tiverem alguma d\u00favida estou \u00e0 disposi\u00e7\u00e3o.<\/p>\n<p>A seguir est\u00e3o meus coment\u00e1rios a respeito de cada uma das quest\u00f5es. Tomei por base a prova Tipo 01 para T\u00e9cnico na \u00e1rea de Edifica\u00e7\u00f5es.<\/p>\n<p>Grande abra\u00e7o a todos!<\/p>\n<p>Paulo Guimar\u00e3es<br \/>\npauloguimaraes@estrategiaconcursos.com.br<br \/>\nwww.facebook.com\/pauloguimaraesfilho<\/p>\n<p>36. O Regimento Interno do Tribunal Regional Eleitoral de Minas Gerais (TRE\/MG) (Resolu\u00e7\u00e3o do TRE\/MG n\u00ba 873, de 10\/11\/2011, e altera\u00e7\u00f5es posteriores) disciplina, dentre outras mat\u00e9rias, a sua forma de organiza\u00e7\u00e3o. Em rela\u00e7\u00e3o \u00e0 composi\u00e7\u00e3o do Tribunal, assinale a afirmativa INCORRETA.<br \/>\nA)  O Tribunal Regional Eleitoral de Minas Gerais \u00e9 composto por sete membros, sendo dois escolhidos dentre os Desembargadores do Tribunal de Justi\u00e7a do Estado, mediante elei\u00e7\u00e3o, por voto secreto.<br \/>\nB)  Os Ju\u00edzes do Tribunal, titulares ou substitutos, servir\u00e3o obrigatoriamente por dois anos e nunca por mais de dois bi\u00eanios consecutivos, n\u00e3o podendo ser dispensados da fun\u00e7\u00e3o eleitoral antes do transcurso do bi\u00eanio.<br \/>\nC)  N\u00e3o podem fazer parte do Tribunal c\u00f4njuges, companheiros ou parentes consangu\u00edneos ou afins, em linha reta ou colateral, at\u00e9 o quarto grau, devendo ser exclu\u00eddo, neste caso, aquele que tiver sido escolhido por \u00faltimo.<br \/>\nD)  N\u00e3o podem fazer parte do Tribunal, no per\u00edodo compreendido entre a homologa\u00e7\u00e3o da conven\u00e7\u00e3o partid\u00e1ria destinada \u00e0 escolha de candidatos e a proclama\u00e7\u00e3o dos eleitos, o c\u00f4njuge, o companheiro, parente consangu\u00edneo ou afim, at\u00e9 o segundo grau, de candidato a cargo eletivo na circunscri\u00e7\u00e3o. <\/p>\n<p>COMENT\u00c1RIOS: O erro est\u00e1 na alternativa B, pois pode haver dispensa da fun\u00e7\u00e3o eleitoral antes do transcurso do bi\u00eanio, desde que haja justa causa, mediante aprecia\u00e7\u00e3o do Tribunal. Todas as outras alternativas reproduzem quase literalmente dispositivos do Regimento Interno.<\/p>\n<p>GABARITO: B<\/p>\n<p>37. Sobre a compet\u00eancia do Tribunal Regional Eleitoral de Minas Gerais (TRE\/MG), faz parte de suas atribui\u00e7\u00f5es jurisdicionais processar e julgar originariamente<br \/>\nA) os pedidos de mandado de seguran\u00e7a contra atos administrativos do Tribunal.<br \/>\nB) os pedidos de habeas data e de mandado de injun\u00e7\u00e3o, em todos os casos previstos na Constitui\u00e7\u00e3o.<br \/>\nC) o pedido de designa\u00e7\u00e3o dos membros do Minist\u00e9rio P\u00fablico Estadual para exercerem as fun\u00e7\u00f5es de Promotor Eleitoral junto aos Ju\u00edzos e Juntas Eleitorais.<br \/>\nD) as a\u00e7\u00f5es de impugna\u00e7\u00e3o de mandato eletivo apresentadas contra candidato eleito em pleitos federal, inclusive para os cargos de Presidente e Vice\u2010Presidente da Rep\u00fablica, e estadual.<\/p>\n<p>COMENT\u00c1RIOS: A alternativa B est\u00e1 incorreta porque os habeas data e mandados de injun\u00e7\u00e3o s\u00f3 s\u00e3o de compet\u00eancia do TRE quando tratarem de mat\u00e9ria eleitoral. A alternativa C est\u00e1 incorreta porque essa designa\u00e7\u00e3o \u00e9 compet\u00eancia do Procurador Regional Eleitoral. A alternativa D est\u00e1 incorreta porque as a\u00e7\u00f5es de impugna\u00e7\u00e3o de mandato eletivo nas elei\u00e7\u00f5es para os cargos de Presidente e Vice-Presidente da Rep\u00fablica n\u00e3o s\u00e3o de compet\u00eancia do TRE.<\/p>\n<p>GABARITO: A<\/p>\n<p>38. Com rela\u00e7\u00e3o \u00e0s compet\u00eancias do Presidente e do Vice\u2010Presidente do Tribunal Regional Eleitoral de Minas Gerais (TRE\/MG), analise as afirmativas a seguir.<br \/>\nI. Compete ao Vice\u2010Presidente do Tribunal convocar as sess\u00f5es extraordin\u00e1rias.<br \/>\nII. Compete ao Vice\u2010Presidente exercer a Dire\u00e7\u00e3o\u2010Geral da Escola Judici\u00e1ria.<br \/>\nIII. Compete ao Presidente nomear, promover, exonerar e aposentar, nos termos da lei, os servidores do Quadro da Secretaria.<br \/>\nIV. Compete ao Presidente dirigir os trabalhos do Tribunal, presidir as sess\u00f5es de julgamento, propor e encaminhar as quest\u00f5es, registrar e apurar os votos, proclamar o resultado e subscrever a respectiva s\u00famula de julgamento. <\/p>\n<p>Est\u00e3o corretas apenas as afirmativas<br \/>\nA) I e II.<br \/>\nB) I, II e IV.<br \/>\nC) I, III e IV.<br \/>\nD) II, III e IV.<\/p>\n<p>COMENT\u00c1RIOS: A convoca\u00e7\u00e3o de sess\u00f5es extraordin\u00e1rias compete ao Presidente, e n\u00e3o ao Vice-Presidente do Tribunal. Por isso a assertiva I est\u00e1 incorreta. A descri\u00e7\u00e3o de todas as outras atribui\u00e7\u00f5es est\u00e1 correta.<\/p>\n<p>GABARITO: D<\/p>\n<p>39. O Tribunal Regional Eleitoral de Minas Gerais (TRE\/MG) reunir\u2010se\u2010\u00e1 ordinariamente oito vezes por m\u00eas e, extraordinariamente, tantas vezes quantas forem necess\u00e1rias, mediante convoca\u00e7\u00e3o do Presidente ou do pr\u00f3prio Tribunal (Art. 77 Resolu\u00e7\u00e3o do TRE\/MG n\u00ba 873\/2011). Sobre as sess\u00f5es do tribunal,<br \/>\nA) n\u00e3o poder\u00e3o ser gravadas, salvo determina\u00e7\u00e3o em contr\u00e1rio do Presidente do Tribunal.<br \/>\nB) ser\u00e3o presididas pelo Juiz mais antigo que estiver presente, na aus\u00eancia ou impedimento do Presidente.<br \/>\nC) ser\u00e3o p\u00fablicas, exceto se o interesse p\u00fablico exigir que se limite a presen\u00e7a em determinados atos \u00e0s pr\u00f3prias partes e a seus advogados, ou somente a estes, nos casos de lei.<br \/>\nD) \u00e9 vedada a participa\u00e7\u00e3o de advogados para produzir sustenta\u00e7\u00e3o oral ou para prestar esclarecimentos sobre fatos e circunst\u00e2ncias, mesmo se pertinentes \u00e0 mat\u00e9ria em debate. <\/p>\n<p>COMENT\u00c1RIOS: A alternativa A est\u00e1 incorreta, pois, em regra, as sess\u00f5es s\u00e3o gravadas, podendo ser transmitidas ao vivo, salvo determina\u00e7\u00e3o em contr\u00e1rio do Presidente do Tribunal. A alternativa B est\u00e1 incorreta porque as sess\u00f5es s\u00e3o, em regra, presididas pelo Presidente do Tribunal. A alternativa D est\u00e1 incorreta porque os advogados poder\u00e3o ocupar a tribuna para formular requerimento, produzir sustenta\u00e7\u00e3o oral ou para prestar esclarecimentos sobre fatos e circunst\u00e2ncias pertinentes \u00e0 mat\u00e9ria em debate.<\/p>\n<p>GABARITO: C<\/p>\n<p>40. Nos termos dispostos pelo Regimento Interno do Tribunal Regional Eleitoral de Minas Gerais (TRE\/MG) (Resolu\u00e7\u00e3o n\u00ba 873\/2011 do TRE\/MG e altera\u00e7\u00f5es posteriores), o Procurador Regional Eleitoral N\u00c3O \u00e9 competente para<br \/>\nA)  nomear os membros das Juntas Eleitorais, depois de aprovados pelo Tribunal.<br \/>\nB)  coordenar e dirigir, no Estado, as atividades do Minist\u00e9rio P\u00fablico junto \u00e0 Justi\u00e7a Eleitoral.<br \/>\nC)  assistir ao exame, no Tribunal, de urna, quando houver suspeita de ela ter sido violada e opinar sobre o parecer dos peritos.<br \/>\nD)  promover a a\u00e7\u00e3o penal nos crimes eleitorais, podendo requisitar dilig\u00eancias investigat\u00f3rias, em todos os casos de compet\u00eancia origin\u00e1ria do Tribunal.<\/p>\n<p>COMENT\u00c1RIOS: O erro est\u00e1 na alternativa A, que descreve uma atribui\u00e7\u00e3o do Presidente do Tribunal, e n\u00e3o do Procurador Regional Eleitoral.<\/p>\n<p>GABARITO: A<\/p>\n","protected":false},"excerpt":{"rendered":"<p>Oi pessoal! A prova de Regimento Interno do TRE-MG teve um grau m\u00e9dio de dificuldade. Como previsto, a banca se resumiu a cobrar o texto do Regimento, e quem estudou bem certamente deve ter feito uma boa prova. N\u00e3o consegui enxergar nenhuma possibilidade de recurso, mas se tiverem alguma d\u00favida estou \u00e0 disposi\u00e7\u00e3o. A seguir [&hellip;]<\/p>\n","protected":false},"author":99,"featured_media":0,"comment_status":"open","ping_status":"open","sticky":false,"template":"","format":"standard","meta":{"post_tipo":"article","footnotes":""},"categories":[],"tags":[616,529],"tax_estado":[],"class_list":["post-22505","post","type-post","status-publish","format-standard","hentry","tag-regimento-interno","tag-tre-mg"],"acf":[],"yoast_head":"<!-- This site is optimized with the Yoast SEO Premium plugin v27.2 (Yoast SEO v27.2) - https:\/\/yoast.com\/product\/yoast-seo-premium-wordpress\/ -->\n<title>TRE-MG - Coment\u00e1rios \u00e0 prova de Regimento Interno<\/title>\n<meta name=\"robots\" content=\"index, follow, max-snippet:-1, max-image-preview:large, max-video-preview:-1\" \/>\n<link rel=\"canonical\" href=\"https:\/\/www.estrategiaconcursos.com.br\/blog\/tre-mg-comentarios-prova-de-regimento-interno\/\" \/>\n<meta property=\"og:locale\" content=\"pt_BR\" \/>\n<meta property=\"og:type\" content=\"article\" \/>\n<meta property=\"og:title\" content=\"TRE-MG - Coment\u00e1rios \u00e0 prova de Regimento Interno\" \/>\n<meta property=\"og:description\" content=\"Oi pessoal! A prova de Regimento Interno do TRE-MG teve um grau m\u00e9dio de dificuldade. Como previsto, a banca se resumiu a cobrar o texto do Regimento, e quem estudou bem certamente deve ter feito uma boa prova. N\u00e3o consegui enxergar nenhuma possibilidade de recurso, mas se tiverem alguma d\u00favida estou \u00e0 disposi\u00e7\u00e3o. A seguir [&hellip;]\" \/>\n<meta property=\"og:url\" content=\"https:\/\/www.estrategiaconcursos.com.br\/blog\/tre-mg-comentarios-prova-de-regimento-interno\/\" \/>\n<meta property=\"og:site_name\" content=\"Estrat\u00e9gia Concursos\" \/>\n<meta property=\"article:published_time\" content=\"2015-04-02T19:11:23+00:00\" \/>\n<meta property=\"article:modified_time\" content=\"2015-04-08T14:43:35+00:00\" \/>\n<meta name=\"author\" content=\"Paulo Guimar\u00e3es\" \/>\n<meta name=\"twitter:card\" content=\"summary_large_image\" \/>\n<meta name=\"twitter:creator\" content=\"@EstratConcursos\" \/>\n<meta name=\"twitter:site\" content=\"@EstratConcursos\" \/>\n<meta name=\"twitter:label1\" content=\"Escrito por\" \/>\n\t<meta name=\"twitter:data1\" content=\"Paulo Guimar\u00e3es\" \/>\n\t<meta name=\"twitter:label2\" content=\"Est. tempo de leitura\" \/>\n\t<meta name=\"twitter:data2\" content=\"5 minutos\" \/>\n<script type=\"application\/ld+json\" class=\"yoast-schema-graph\">{\"@context\":\"https:\/\/schema.org\",\"@graph\":[{\"@type\":\"NewsArticle\",\"@id\":\"https:\/\/www.estrategiaconcursos.com.br\/blog\/tre-mg-comentarios-prova-de-regimento-interno\/#article\",\"isPartOf\":{\"@id\":\"https:\/\/www.estrategiaconcursos.com.br\/blog\/tre-mg-comentarios-prova-de-regimento-interno\/\"},\"author\":{\"name\":\"Paulo Guimar\u00e3es\",\"@id\":\"https:\/\/www.estrategiaconcursos.com.br\/blog\/#\/schema\/person\/80ff9f9f52e43a90b6efd99f2869d22b\"},\"headline\":\"TRE-MG &#8211; Coment\u00e1rios \u00e0 prova de Regimento Interno\",\"datePublished\":\"2015-04-02T19:11:23+00:00\",\"dateModified\":\"2015-04-08T14:43:35+00:00\",\"mainEntityOfPage\":{\"@id\":\"https:\/\/www.estrategiaconcursos.com.br\/blog\/tre-mg-comentarios-prova-de-regimento-interno\/\"},\"wordCount\":1106,\"commentCount\":0,\"publisher\":{\"@id\":\"https:\/\/www.estrategiaconcursos.com.br\/blog\/#organization\"},\"keywords\":[\"Regimento Interno\",\"TRE-MG\"],\"inLanguage\":\"pt-BR\",\"potentialAction\":[{\"@type\":\"CommentAction\",\"name\":\"Comment\",\"target\":[\"https:\/\/www.estrategiaconcursos.com.br\/blog\/tre-mg-comentarios-prova-de-regimento-interno\/#respond\"]}],\"copyrightYear\":\"2015\",\"copyrightHolder\":{\"@id\":\"https:\/\/www.estrategiaconcursos.com.br\/blog\/#organization\"}},{\"@type\":\"WebPage\",\"@id\":\"https:\/\/www.estrategiaconcursos.com.br\/blog\/tre-mg-comentarios-prova-de-regimento-interno\/\",\"url\":\"https:\/\/www.estrategiaconcursos.com.br\/blog\/tre-mg-comentarios-prova-de-regimento-interno\/\",\"name\":\"TRE-MG - Coment\u00e1rios \u00e0 prova de Regimento Interno\",\"isPartOf\":{\"@id\":\"https:\/\/www.estrategiaconcursos.com.br\/blog\/#website\"},\"datePublished\":\"2015-04-02T19:11:23+00:00\",\"dateModified\":\"2015-04-08T14:43:35+00:00\",\"breadcrumb\":{\"@id\":\"https:\/\/www.estrategiaconcursos.com.br\/blog\/tre-mg-comentarios-prova-de-regimento-interno\/#breadcrumb\"},\"inLanguage\":\"pt-BR\",\"potentialAction\":[{\"@type\":\"ReadAction\",\"target\":[\"https:\/\/www.estrategiaconcursos.com.br\/blog\/tre-mg-comentarios-prova-de-regimento-interno\/\"]}]},{\"@type\":\"BreadcrumbList\",\"@id\":\"https:\/\/www.estrategiaconcursos.com.br\/blog\/tre-mg-comentarios-prova-de-regimento-interno\/#breadcrumb\",\"itemListElement\":[{\"@type\":\"ListItem\",\"position\":1,\"name\":\"In\u00edcio\",\"item\":\"https:\/\/www.estrategiaconcursos.com.br\/blog\/\"},{\"@type\":\"ListItem\",\"position\":2,\"name\":\"TRE-MG &#8211; Coment\u00e1rios \u00e0 prova de Regimento Interno\"}]},{\"@type\":\"WebSite\",\"@id\":\"https:\/\/www.estrategiaconcursos.com.br\/blog\/#website\",\"url\":\"https:\/\/www.estrategiaconcursos.com.br\/blog\/\",\"name\":\"Estrat\u00e9gia Concursos\",\"description\":\"O blog da Estrat\u00e9gia Concursos traz not\u00edcias sobre concursos e artigos de professores oferecendo cursos para concursos (pdf + videaulas) no site.\",\"publisher\":{\"@id\":\"https:\/\/www.estrategiaconcursos.com.br\/blog\/#organization\"},\"potentialAction\":[{\"@type\":\"SearchAction\",\"target\":{\"@type\":\"EntryPoint\",\"urlTemplate\":\"https:\/\/www.estrategiaconcursos.com.br\/blog\/?s={search_term_string}\"},\"query-input\":{\"@type\":\"PropertyValueSpecification\",\"valueRequired\":true,\"valueName\":\"search_term_string\"}}],\"inLanguage\":\"pt-BR\"},{\"@type\":\"Organization\",\"@id\":\"https:\/\/www.estrategiaconcursos.com.br\/blog\/#organization\",\"name\":\"Estrat\u00e9gia Concursos\",\"url\":\"https:\/\/www.estrategiaconcursos.com.br\/blog\/\",\"logo\":{\"@type\":\"ImageObject\",\"inLanguage\":\"pt-BR\",\"@id\":\"https:\/\/www.estrategiaconcursos.com.br\/blog\/#\/schema\/logo\/image\/\",\"url\":\"https:\/\/dhg1h5j42swfq.cloudfront.net\/2025\/06\/03203428\/logo_concursos-1.jpg\",\"contentUrl\":\"https:\/\/dhg1h5j42swfq.cloudfront.net\/2025\/06\/03203428\/logo_concursos-1.jpg\",\"width\":230,\"height\":60,\"caption\":\"Estrat\u00e9gia Concursos\"},\"image\":{\"@id\":\"https:\/\/www.estrategiaconcursos.com.br\/blog\/#\/schema\/logo\/image\/\"},\"sameAs\":[\"https:\/\/x.com\/EstratConcursos\"]},{\"@type\":\"Person\",\"@id\":\"https:\/\/www.estrategiaconcursos.com.br\/blog\/#\/schema\/person\/80ff9f9f52e43a90b6efd99f2869d22b\",\"name\":\"Paulo Guimar\u00e3es\",\"image\":{\"@type\":\"ImageObject\",\"inLanguage\":\"pt-BR\",\"@id\":\"https:\/\/secure.gravatar.com\/avatar\/08d24bbaa2d103a1d6aba72ee81baa1680267436588d5d9cfb8d32c3aa4ca278?s=96&d=mm&r=g\",\"url\":\"https:\/\/secure.gravatar.com\/avatar\/08d24bbaa2d103a1d6aba72ee81baa1680267436588d5d9cfb8d32c3aa4ca278?s=96&d=mm&r=g\",\"contentUrl\":\"https:\/\/secure.gravatar.com\/avatar\/08d24bbaa2d103a1d6aba72ee81baa1680267436588d5d9cfb8d32c3aa4ca278?s=96&d=mm&r=g\",\"caption\":\"Paulo Guimar\u00e3es\"},\"url\":\"https:\/\/www.estrategiaconcursos.com.br\/blog\/author\/pauloguimaraesestrategiaconcursos-com-br\/\"}]}<\/script>\n<!-- \/ Yoast SEO Premium plugin. -->","yoast_head_json":{"title":"TRE-MG - Coment\u00e1rios \u00e0 prova de Regimento Interno","robots":{"index":"index","follow":"follow","max-snippet":"max-snippet:-1","max-image-preview":"max-image-preview:large","max-video-preview":"max-video-preview:-1"},"canonical":"https:\/\/www.estrategiaconcursos.com.br\/blog\/tre-mg-comentarios-prova-de-regimento-interno\/","og_locale":"pt_BR","og_type":"article","og_title":"TRE-MG - Coment\u00e1rios \u00e0 prova de Regimento Interno","og_description":"Oi pessoal! A prova de Regimento Interno do TRE-MG teve um grau m\u00e9dio de dificuldade. Como previsto, a banca se resumiu a cobrar o texto do Regimento, e quem estudou bem certamente deve ter feito uma boa prova. N\u00e3o consegui enxergar nenhuma possibilidade de recurso, mas se tiverem alguma d\u00favida estou \u00e0 disposi\u00e7\u00e3o. A seguir [&hellip;]","og_url":"https:\/\/www.estrategiaconcursos.com.br\/blog\/tre-mg-comentarios-prova-de-regimento-interno\/","og_site_name":"Estrat\u00e9gia Concursos","article_published_time":"2015-04-02T19:11:23+00:00","article_modified_time":"2015-04-08T14:43:35+00:00","author":"Paulo Guimar\u00e3es","twitter_card":"summary_large_image","twitter_creator":"@EstratConcursos","twitter_site":"@EstratConcursos","twitter_misc":{"Escrito por":"Paulo Guimar\u00e3es","Est. tempo de leitura":"5 minutos"},"schema":{"@context":"https:\/\/schema.org","@graph":[{"@type":"NewsArticle","@id":"https:\/\/www.estrategiaconcursos.com.br\/blog\/tre-mg-comentarios-prova-de-regimento-interno\/#article","isPartOf":{"@id":"https:\/\/www.estrategiaconcursos.com.br\/blog\/tre-mg-comentarios-prova-de-regimento-interno\/"},"author":{"name":"Paulo Guimar\u00e3es","@id":"https:\/\/www.estrategiaconcursos.com.br\/blog\/#\/schema\/person\/80ff9f9f52e43a90b6efd99f2869d22b"},"headline":"TRE-MG &#8211; Coment\u00e1rios \u00e0 prova de Regimento Interno","datePublished":"2015-04-02T19:11:23+00:00","dateModified":"2015-04-08T14:43:35+00:00","mainEntityOfPage":{"@id":"https:\/\/www.estrategiaconcursos.com.br\/blog\/tre-mg-comentarios-prova-de-regimento-interno\/"},"wordCount":1106,"commentCount":0,"publisher":{"@id":"https:\/\/www.estrategiaconcursos.com.br\/blog\/#organization"},"keywords":["Regimento Interno","TRE-MG"],"inLanguage":"pt-BR","potentialAction":[{"@type":"CommentAction","name":"Comment","target":["https:\/\/www.estrategiaconcursos.com.br\/blog\/tre-mg-comentarios-prova-de-regimento-interno\/#respond"]}],"copyrightYear":"2015","copyrightHolder":{"@id":"https:\/\/www.estrategiaconcursos.com.br\/blog\/#organization"}},{"@type":"WebPage","@id":"https:\/\/www.estrategiaconcursos.com.br\/blog\/tre-mg-comentarios-prova-de-regimento-interno\/","url":"https:\/\/www.estrategiaconcursos.com.br\/blog\/tre-mg-comentarios-prova-de-regimento-interno\/","name":"TRE-MG - Coment\u00e1rios \u00e0 prova de Regimento Interno","isPartOf":{"@id":"https:\/\/www.estrategiaconcursos.com.br\/blog\/#website"},"datePublished":"2015-04-02T19:11:23+00:00","dateModified":"2015-04-08T14:43:35+00:00","breadcrumb":{"@id":"https:\/\/www.estrategiaconcursos.com.br\/blog\/tre-mg-comentarios-prova-de-regimento-interno\/#breadcrumb"},"inLanguage":"pt-BR","potentialAction":[{"@type":"ReadAction","target":["https:\/\/www.estrategiaconcursos.com.br\/blog\/tre-mg-comentarios-prova-de-regimento-interno\/"]}]},{"@type":"BreadcrumbList","@id":"https:\/\/www.estrategiaconcursos.com.br\/blog\/tre-mg-comentarios-prova-de-regimento-interno\/#breadcrumb","itemListElement":[{"@type":"ListItem","position":1,"name":"In\u00edcio","item":"https:\/\/www.estrategiaconcursos.com.br\/blog\/"},{"@type":"ListItem","position":2,"name":"TRE-MG &#8211; Coment\u00e1rios \u00e0 prova de Regimento Interno"}]},{"@type":"WebSite","@id":"https:\/\/www.estrategiaconcursos.com.br\/blog\/#website","url":"https:\/\/www.estrategiaconcursos.com.br\/blog\/","name":"Estrat\u00e9gia Concursos","description":"O blog da Estrat\u00e9gia Concursos traz not\u00edcias sobre concursos e artigos de professores oferecendo cursos para concursos (pdf + videaulas) no site.","publisher":{"@id":"https:\/\/www.estrategiaconcursos.com.br\/blog\/#organization"},"potentialAction":[{"@type":"SearchAction","target":{"@type":"EntryPoint","urlTemplate":"https:\/\/www.estrategiaconcursos.com.br\/blog\/?s={search_term_string}"},"query-input":{"@type":"PropertyValueSpecification","valueRequired":true,"valueName":"search_term_string"}}],"inLanguage":"pt-BR"},{"@type":"Organization","@id":"https:\/\/www.estrategiaconcursos.com.br\/blog\/#organization","name":"Estrat\u00e9gia Concursos","url":"https:\/\/www.estrategiaconcursos.com.br\/blog\/","logo":{"@type":"ImageObject","inLanguage":"pt-BR","@id":"https:\/\/www.estrategiaconcursos.com.br\/blog\/#\/schema\/logo\/image\/","url":"https:\/\/dhg1h5j42swfq.cloudfront.net\/2025\/06\/03203428\/logo_concursos-1.jpg","contentUrl":"https:\/\/dhg1h5j42swfq.cloudfront.net\/2025\/06\/03203428\/logo_concursos-1.jpg","width":230,"height":60,"caption":"Estrat\u00e9gia Concursos"},"image":{"@id":"https:\/\/www.estrategiaconcursos.com.br\/blog\/#\/schema\/logo\/image\/"},"sameAs":["https:\/\/x.com\/EstratConcursos"]},{"@type":"Person","@id":"https:\/\/www.estrategiaconcursos.com.br\/blog\/#\/schema\/person\/80ff9f9f52e43a90b6efd99f2869d22b","name":"Paulo Guimar\u00e3es","image":{"@type":"ImageObject","inLanguage":"pt-BR","@id":"https:\/\/secure.gravatar.com\/avatar\/08d24bbaa2d103a1d6aba72ee81baa1680267436588d5d9cfb8d32c3aa4ca278?s=96&d=mm&r=g","url":"https:\/\/secure.gravatar.com\/avatar\/08d24bbaa2d103a1d6aba72ee81baa1680267436588d5d9cfb8d32c3aa4ca278?s=96&d=mm&r=g","contentUrl":"https:\/\/secure.gravatar.com\/avatar\/08d24bbaa2d103a1d6aba72ee81baa1680267436588d5d9cfb8d32c3aa4ca278?s=96&d=mm&r=g","caption":"Paulo Guimar\u00e3es"},"url":"https:\/\/www.estrategiaconcursos.com.br\/blog\/author\/pauloguimaraesestrategiaconcursos-com-br\/"}]}},"_links":{"self":[{"href":"https:\/\/www.estrategiaconcursos.com.br\/blog\/wp-json\/wp\/v2\/posts\/22505","targetHints":{"allow":["GET"]}}],"collection":[{"href":"https:\/\/www.estrategiaconcursos.com.br\/blog\/wp-json\/wp\/v2\/posts"}],"about":[{"href":"https:\/\/www.estrategiaconcursos.com.br\/blog\/wp-json\/wp\/v2\/types\/post"}],"author":[{"embeddable":true,"href":"https:\/\/www.estrategiaconcursos.com.br\/blog\/wp-json\/wp\/v2\/users\/99"}],"replies":[{"embeddable":true,"href":"https:\/\/www.estrategiaconcursos.com.br\/blog\/wp-json\/wp\/v2\/comments?post=22505"}],"version-history":[{"count":1,"href":"https:\/\/www.estrategiaconcursos.com.br\/blog\/wp-json\/wp\/v2\/posts\/22505\/revisions"}],"predecessor-version":[{"id":22506,"href":"https:\/\/www.estrategiaconcursos.com.br\/blog\/wp-json\/wp\/v2\/posts\/22505\/revisions\/22506"}],"wp:attachment":[{"href":"https:\/\/www.estrategiaconcursos.com.br\/blog\/wp-json\/wp\/v2\/media?parent=22505"}],"wp:term":[{"taxonomy":"category","embeddable":true,"href":"https:\/\/www.estrategiaconcursos.com.br\/blog\/wp-json\/wp\/v2\/categories?post=22505"},{"taxonomy":"post_tag","embeddable":true,"href":"https:\/\/www.estrategiaconcursos.com.br\/blog\/wp-json\/wp\/v2\/tags?post=22505"},{"taxonomy":"tax_estado","embeddable":true,"href":"https:\/\/www.estrategiaconcursos.com.br\/blog\/wp-json\/wp\/v2\/tax_estado?post=22505"}],"curies":[{"name":"wp","href":"https:\/\/api.w.org\/{rel}","templated":true}]}}