{"id":22403,"date":"2015-03-31T09:08:30","date_gmt":"2015-03-31T12:08:30","guid":{"rendered":"http:\/\/www.estrategiaconcursos.com.br\/blog\/?p=22403"},"modified":"2015-04-01T08:52:16","modified_gmt":"2015-04-01T11:52:16","slug":"concurso-dpe-ro-prazo-de-inscricoes-estendido-ate-o-dia-07-de-abril","status":"publish","type":"post","link":"https:\/\/www.estrategiaconcursos.com.br\/blog\/concurso-dpe-ro-prazo-de-inscricoes-estendido-ate-o-dia-07-de-abril\/","title":{"rendered":"Concurso DPE-RO: Prazo de inscri\u00e7\u00f5es estendido at\u00e9 o dia 07 de abril. Saiba mais!"},"content":{"rendered":"<p style=\"text-align: justify;\"><span style=\"color: #000000;\"><a href=\"https:\/\/dhg1h5j42swfq.cloudfront.net\/2015\/02\/concurso-DPE-RO.jpg\"><img loading=\"lazy\" decoding=\"async\" class=\"alignleft wp-image-21470 size-medium\" src=\"https:\/\/dhg1h5j42swfq.cloudfront.net\/2015\/02\/concurso-DPE-RO-300x298.jpg\" alt=\"concurso DPE-RO\" width=\"300\" height=\"298\" srcset=\"https:\/\/dhg1h5j42swfq.cloudfront.net\/2015\/02\/concurso-DPE-RO.jpg 300w, https:\/\/dhg1h5j42swfq.cloudfront.net\/2015\/02\/concurso-DPE-RO.jpg 150w\" sizes=\"auto, (max-width: 300px) 100vw, 300px\" \/><\/a>O prazo de inscri\u00e7\u00f5es \u00a0do<span style=\"color: #0000ff;\">\u00a0<a style=\"color: #0000ff;\" href=\"https:\/\/www.estrategiaconcursos.com.br\/cursosPorConcurso\/dpe-ro-defensoria-publica-de-rondonia-373\/\">concurso p\u00fablico da Defensoria P\u00fablica do estado de Rond\u00f4nia<\/a><\/span> (concurso DPE-RO), que se enceraria nesta segunda-feira, dia 30, foi prorrogado. Os interessados t\u00eam agora at\u00e9 o \u00e0s 23h59 do dia 07 de abril para acessar o site da organizadora, a\u00a0<span style=\"color: #0000ff;\"><a style=\"color: #0000ff;\" href=\"http:\/\/www.fgvprojetos.fgv.br\/concursos\/dpe-ro\">FGV<\/a><\/span>, e realizar a sua inscri\u00e7\u00e3o.\u00a0A taxa \u00e9 de R$ 92 para n\u00edvel superior e R$ 72 para n\u00edvel t\u00e9cnico.<\/span><\/p>\n<p style=\"text-align: justify;\"><span style=\"color: #000000;\">O concurso DPE-RO prev\u00ea o preenchimento de\u00a0106 vagas, sendo 20 oportunidades de n\u00edvel superior divididas entre os cargos de\u00a0Analista Cont\u00e1bil (2), Analista de Redes e Comunica\u00e7\u00e3o de Dados (1), Analista em Administra\u00e7\u00e3o (2), Analista em Assist\u00eancia Social (2), Analista em Economia (1), Analista em Engenharia Civil (1), Analista em Comunica\u00e7\u00e3o Social \u2013 Jornalismo (1), Analista em Psicologia (2), Analista em Comunica\u00e7\u00e3o Social \u2013 Publicidade e Propaganda (1), Analista em Reda\u00e7\u00e3o (1), Analista Jur\u00eddico (5) e Analista Programador (1). e 86 vagas para os cargos de n\u00edvel m\u00e9dico\/t\u00e9cnico de\u00a0Motorista (4), Oficial de Dilig\u00eancia (10), T\u00e9cnico Administrativo (63), T\u00e9cnico em Artes Gr\u00e1ficas (1), T\u00e9cnico em Audiovisual (1), T\u00e9cnico em Contabilidade (5) e T\u00e9cnico em Inform\u00e1tica (2).<\/span><\/p>\n<p style=\"text-align: justify;\"><span style=\"color: #000000;\">A remunera\u00e7\u00e3o inicial para os cargos de n\u00edvel superior \u00e9 de R$ 4.260,66, mais aux\u00edlios alimenta\u00e7\u00e3o, sa\u00fade e transporte; para os cargos de n\u00edvel m\u00e9dio o sal\u00e1rio \u00e9 de R$ 2.245,48, mais aux\u00edlios alimenta\u00e7\u00e3o, transporte e sa\u00fade.<\/span><\/p>\n<p style=\"text-align: justify;\"><span style=\"color: #000000;\">As provas ser\u00e3o realizadas no dia 24 de maio de 2015, no turno matutino para os cargos de n\u00edvel superior e vespertino para os cargos de n\u00edvel m\u00e9dio \u2013 os candidatos poder\u00e3o se inscrever para ambos os n\u00edveis. A sele\u00e7\u00e3o consistir\u00e1 de provas objetivas para todos os cargos, adicionadas de uma prova discursiva para alguns cargos de n\u00edvel superior. As provas ser\u00e3o realizadas somente na cidade de Porto Velho.<\/span><\/p>\n<p style=\"text-align: justify;\"><span style=\"color: #000000;\">O prazo de validade do concurso DPE-RO ser\u00e1 de dois anos, podendo ser prorrogado pelo mesmo per\u00edodo.<\/span><\/p>\n<p style=\"text-align: justify;\"><span style=\"color: #000000;\"><strong>O Estrat\u00e9gia Concursos j\u00e1 lan\u00e7ou\u00a0cursos para este concurso. Veja em:<\/strong><\/span><\/p>\n<p style=\"text-align: justify;\"><span style=\"color: #0000ff;\"><a style=\"color: #0000ff;\" href=\"https:\/\/www.estrategiaconcursos.com.br\/cursosPorConcurso\/dpe-ro-defensoria-publica-de-rondonia-373\/\">https:\/\/www.estrategiaconcursos.com.br\/cursosPorConcurso\/dpe-ro-defensoria-publica-de-rondonia-373\/<\/a><\/span><\/p>\n<p style=\"text-align: justify;\"><span style=\"color: #000000;\">Assessoria de Comunica\u00e7\u00e3o<\/span><\/p>\n<p style=\"text-align: justify;\"><span style=\"color: #000000;\">comunicacao@estrategiaconcursos.com.br<\/span><\/p>\n","protected":false},"excerpt":{"rendered":"<p>O prazo de inscri\u00e7\u00f5es \u00a0do\u00a0concurso p\u00fablico da Defensoria P\u00fablica do estado de Rond\u00f4nia (concurso DPE-RO), que se enceraria nesta segunda-feira, dia 30, foi prorrogado. Os interessados t\u00eam agora at\u00e9 o \u00e0s 23h59 do dia 07 de abril para acessar o site da organizadora, a\u00a0FGV, e realizar a sua inscri\u00e7\u00e3o.\u00a0A taxa \u00e9 de R$ 92 para [&hellip;]<\/p>\n","protected":false},"author":1,"featured_media":0,"comment_status":"open","ping_status":"open","sticky":false,"template":"","format":"standard","meta":{"post_tipo":"news","footnotes":""},"categories":[1],"tags":[656,674],"tax_estado":[],"class_list":["post-22403","post","type-post","status-publish","format-standard","hentry","category-cursos-e-concursos","tag-dpe-ro","tag-inscricoes"],"acf":[],"yoast_head":"<!-- This site is optimized with the Yoast SEO Premium plugin v27.2 (Yoast SEO v27.2) - https:\/\/yoast.com\/product\/yoast-seo-premium-wordpress\/ -->\n<title>Concurso DPE-RO: Prazo de inscri\u00e7\u00f5es estendido at\u00e9 o dia 07 de abril. Saiba mais!<\/title>\n<meta name=\"description\" content=\"O prazo de inscri\u00e7\u00f5es do concurso p\u00fablico da Defensoria P\u00fablica do estado de Rond\u00f4nia (concurso DPE-RO), que se enceraria nesta ter\u00e7a-feira foi prorrogado.\" \/>\n<meta name=\"robots\" content=\"index, follow, max-snippet:-1, max-image-preview:large, max-video-preview:-1\" \/>\n<link rel=\"canonical\" href=\"https:\/\/www.estrategiaconcursos.com.br\/blog\/concurso-dpe-ro-prazo-de-inscricoes-estendido-ate-o-dia-07-de-abril\/\" \/>\n<meta property=\"og:locale\" content=\"pt_BR\" \/>\n<meta property=\"og:type\" content=\"article\" \/>\n<meta property=\"og:title\" content=\"Concurso DPE-RO: Prazo de inscri\u00e7\u00f5es estendido at\u00e9 o dia 07 de abril. Saiba mais!\" \/>\n<meta property=\"og:description\" content=\"O prazo de inscri\u00e7\u00f5es do concurso p\u00fablico da Defensoria P\u00fablica do estado de Rond\u00f4nia (concurso DPE-RO), que se enceraria nesta ter\u00e7a-feira foi prorrogado.\" \/>\n<meta property=\"og:url\" content=\"https:\/\/www.estrategiaconcursos.com.br\/blog\/concurso-dpe-ro-prazo-de-inscricoes-estendido-ate-o-dia-07-de-abril\/\" \/>\n<meta property=\"og:site_name\" content=\"Estrat\u00e9gia Concursos\" \/>\n<meta property=\"article:author\" content=\"https:\/\/www.facebook.com\/EstrategiaConcursos\" \/>\n<meta property=\"article:published_time\" content=\"2015-03-31T12:08:30+00:00\" \/>\n<meta property=\"article:modified_time\" content=\"2015-04-01T11:52:16+00:00\" \/>\n<meta property=\"og:image\" content=\"https:\/\/dhg1h5j42swfq.cloudfront.net\/2015\/02\/concurso-DPE-RO-300x298.jpg\" \/>\n<meta name=\"author\" content=\"Coordena\u00e7\u00e3o\" \/>\n<meta name=\"twitter:card\" content=\"summary_large_image\" \/>\n<meta name=\"twitter:creator\" content=\"@EstratConcursos\" \/>\n<meta name=\"twitter:site\" content=\"@EstratConcursos\" \/>\n<meta name=\"twitter:label1\" content=\"Escrito por\" \/>\n\t<meta name=\"twitter:data1\" content=\"Coordena\u00e7\u00e3o\" \/>\n\t<meta name=\"twitter:label2\" content=\"Est. tempo de leitura\" \/>\n\t<meta name=\"twitter:data2\" content=\"2 minutos\" \/>\n<script type=\"application\/ld+json\" class=\"yoast-schema-graph\">{\"@context\":\"https:\/\/schema.org\",\"@graph\":[{\"@type\":\"NewsArticle\",\"@id\":\"https:\/\/www.estrategiaconcursos.com.br\/blog\/concurso-dpe-ro-prazo-de-inscricoes-estendido-ate-o-dia-07-de-abril\/#article\",\"isPartOf\":{\"@id\":\"https:\/\/www.estrategiaconcursos.com.br\/blog\/concurso-dpe-ro-prazo-de-inscricoes-estendido-ate-o-dia-07-de-abril\/\"},\"author\":{\"name\":\"Coordena\u00e7\u00e3o\",\"@id\":\"https:\/\/www.estrategiaconcursos.com.br\/blog\/#\/schema\/person\/b4a388c97673c5f483d72185668afa1f\"},\"headline\":\"Concurso DPE-RO: Prazo de inscri\u00e7\u00f5es estendido at\u00e9 o dia 07 de abril. Saiba mais!\",\"datePublished\":\"2015-03-31T12:08:30+00:00\",\"dateModified\":\"2015-04-01T11:52:16+00:00\",\"mainEntityOfPage\":{\"@id\":\"https:\/\/www.estrategiaconcursos.com.br\/blog\/concurso-dpe-ro-prazo-de-inscricoes-estendido-ate-o-dia-07-de-abril\/\"},\"wordCount\":363,\"commentCount\":0,\"publisher\":{\"@id\":\"https:\/\/www.estrategiaconcursos.com.br\/blog\/#organization\"},\"image\":{\"@id\":\"https:\/\/www.estrategiaconcursos.com.br\/blog\/concurso-dpe-ro-prazo-de-inscricoes-estendido-ate-o-dia-07-de-abril\/#primaryimage\"},\"thumbnailUrl\":\"https:\/\/dhg1h5j42swfq.cloudfront.net\/2015\/02\/concurso-DPE-RO-300x298.jpg\",\"keywords\":[\"DPE-RO\",\"inscri\u00e7\u00f5es\"],\"articleSection\":[\"Concursos P\u00fablicos\"],\"inLanguage\":\"pt-BR\",\"potentialAction\":[{\"@type\":\"CommentAction\",\"name\":\"Comment\",\"target\":[\"https:\/\/www.estrategiaconcursos.com.br\/blog\/concurso-dpe-ro-prazo-de-inscricoes-estendido-ate-o-dia-07-de-abril\/#respond\"]}],\"copyrightYear\":\"2015\",\"copyrightHolder\":{\"@id\":\"https:\/\/www.estrategiaconcursos.com.br\/blog\/#organization\"}},{\"@type\":\"WebPage\",\"@id\":\"https:\/\/www.estrategiaconcursos.com.br\/blog\/concurso-dpe-ro-prazo-de-inscricoes-estendido-ate-o-dia-07-de-abril\/\",\"url\":\"https:\/\/www.estrategiaconcursos.com.br\/blog\/concurso-dpe-ro-prazo-de-inscricoes-estendido-ate-o-dia-07-de-abril\/\",\"name\":\"Concurso DPE-RO: Prazo de inscri\u00e7\u00f5es estendido at\u00e9 o dia 07 de abril. Saiba mais!\",\"isPartOf\":{\"@id\":\"https:\/\/www.estrategiaconcursos.com.br\/blog\/#website\"},\"primaryImageOfPage\":{\"@id\":\"https:\/\/www.estrategiaconcursos.com.br\/blog\/concurso-dpe-ro-prazo-de-inscricoes-estendido-ate-o-dia-07-de-abril\/#primaryimage\"},\"image\":{\"@id\":\"https:\/\/www.estrategiaconcursos.com.br\/blog\/concurso-dpe-ro-prazo-de-inscricoes-estendido-ate-o-dia-07-de-abril\/#primaryimage\"},\"thumbnailUrl\":\"https:\/\/dhg1h5j42swfq.cloudfront.net\/2015\/02\/concurso-DPE-RO-300x298.jpg\",\"datePublished\":\"2015-03-31T12:08:30+00:00\",\"dateModified\":\"2015-04-01T11:52:16+00:00\",\"description\":\"O prazo de inscri\u00e7\u00f5es do concurso p\u00fablico da Defensoria P\u00fablica do estado de Rond\u00f4nia (concurso DPE-RO), que se enceraria nesta ter\u00e7a-feira foi prorrogado.\",\"breadcrumb\":{\"@id\":\"https:\/\/www.estrategiaconcursos.com.br\/blog\/concurso-dpe-ro-prazo-de-inscricoes-estendido-ate-o-dia-07-de-abril\/#breadcrumb\"},\"inLanguage\":\"pt-BR\",\"potentialAction\":[{\"@type\":\"ReadAction\",\"target\":[\"https:\/\/www.estrategiaconcursos.com.br\/blog\/concurso-dpe-ro-prazo-de-inscricoes-estendido-ate-o-dia-07-de-abril\/\"]}]},{\"@type\":\"ImageObject\",\"inLanguage\":\"pt-BR\",\"@id\":\"https:\/\/www.estrategiaconcursos.com.br\/blog\/concurso-dpe-ro-prazo-de-inscricoes-estendido-ate-o-dia-07-de-abril\/#primaryimage\",\"url\":\"https:\/\/dhg1h5j42swfq.cloudfront.net\/2015\/02\/concurso-DPE-RO-300x298.jpg\",\"contentUrl\":\"https:\/\/dhg1h5j42swfq.cloudfront.net\/2015\/02\/concurso-DPE-RO-300x298.jpg\"},{\"@type\":\"BreadcrumbList\",\"@id\":\"https:\/\/www.estrategiaconcursos.com.br\/blog\/concurso-dpe-ro-prazo-de-inscricoes-estendido-ate-o-dia-07-de-abril\/#breadcrumb\",\"itemListElement\":[{\"@type\":\"ListItem\",\"position\":1,\"name\":\"In\u00edcio\",\"item\":\"https:\/\/www.estrategiaconcursos.com.br\/blog\/\"},{\"@type\":\"ListItem\",\"position\":2,\"name\":\"Concurso DPE-RO: Prazo de inscri\u00e7\u00f5es estendido at\u00e9 o dia 07 de abril. Saiba mais!\"}]},{\"@type\":\"WebSite\",\"@id\":\"https:\/\/www.estrategiaconcursos.com.br\/blog\/#website\",\"url\":\"https:\/\/www.estrategiaconcursos.com.br\/blog\/\",\"name\":\"Estrat\u00e9gia Concursos\",\"description\":\"O blog da Estrat\u00e9gia Concursos traz not\u00edcias sobre concursos e artigos de professores oferecendo cursos para concursos (pdf + videaulas) no site.\",\"publisher\":{\"@id\":\"https:\/\/www.estrategiaconcursos.com.br\/blog\/#organization\"},\"potentialAction\":[{\"@type\":\"SearchAction\",\"target\":{\"@type\":\"EntryPoint\",\"urlTemplate\":\"https:\/\/www.estrategiaconcursos.com.br\/blog\/?s={search_term_string}\"},\"query-input\":{\"@type\":\"PropertyValueSpecification\",\"valueRequired\":true,\"valueName\":\"search_term_string\"}}],\"inLanguage\":\"pt-BR\"},{\"@type\":\"Organization\",\"@id\":\"https:\/\/www.estrategiaconcursos.com.br\/blog\/#organization\",\"name\":\"Estrat\u00e9gia Concursos\",\"url\":\"https:\/\/www.estrategiaconcursos.com.br\/blog\/\",\"logo\":{\"@type\":\"ImageObject\",\"inLanguage\":\"pt-BR\",\"@id\":\"https:\/\/www.estrategiaconcursos.com.br\/blog\/#\/schema\/logo\/image\/\",\"url\":\"https:\/\/dhg1h5j42swfq.cloudfront.net\/2025\/06\/03203428\/logo_concursos-1.jpg\",\"contentUrl\":\"https:\/\/dhg1h5j42swfq.cloudfront.net\/2025\/06\/03203428\/logo_concursos-1.jpg\",\"width\":230,\"height\":60,\"caption\":\"Estrat\u00e9gia Concursos\"},\"image\":{\"@id\":\"https:\/\/www.estrategiaconcursos.com.br\/blog\/#\/schema\/logo\/image\/\"},\"sameAs\":[\"https:\/\/x.com\/EstratConcursos\"]},{\"@type\":\"Person\",\"@id\":\"https:\/\/www.estrategiaconcursos.com.br\/blog\/#\/schema\/person\/b4a388c97673c5f483d72185668afa1f\",\"name\":\"Coordena\u00e7\u00e3o\",\"image\":{\"@type\":\"ImageObject\",\"inLanguage\":\"pt-BR\",\"@id\":\"https:\/\/secure.gravatar.com\/avatar\/b720319e4c9a967eb58678d110f4fe35452fc5d5f97b202bac7b8acceb18c6ad?s=96&d=mm&r=g\",\"url\":\"https:\/\/secure.gravatar.com\/avatar\/b720319e4c9a967eb58678d110f4fe35452fc5d5f97b202bac7b8acceb18c6ad?s=96&d=mm&r=g\",\"contentUrl\":\"https:\/\/secure.gravatar.com\/avatar\/b720319e4c9a967eb58678d110f4fe35452fc5d5f97b202bac7b8acceb18c6ad?s=96&d=mm&r=g\",\"caption\":\"Coordena\u00e7\u00e3o\"},\"sameAs\":[\"https:\/\/www.facebook.com\/EstrategiaConcursos\",\"https:\/\/x.com\/EstratConcursos\"],\"url\":\"https:\/\/www.estrategiaconcursos.com.br\/blog\/author\/estrategia2013\/\"}]}<\/script>\n<!-- \/ Yoast SEO Premium plugin. -->","yoast_head_json":{"title":"Concurso DPE-RO: Prazo de inscri\u00e7\u00f5es estendido at\u00e9 o dia 07 de abril. Saiba mais!","description":"O prazo de inscri\u00e7\u00f5es do concurso p\u00fablico da Defensoria P\u00fablica do estado de Rond\u00f4nia (concurso DPE-RO), que se enceraria nesta ter\u00e7a-feira foi prorrogado.","robots":{"index":"index","follow":"follow","max-snippet":"max-snippet:-1","max-image-preview":"max-image-preview:large","max-video-preview":"max-video-preview:-1"},"canonical":"https:\/\/www.estrategiaconcursos.com.br\/blog\/concurso-dpe-ro-prazo-de-inscricoes-estendido-ate-o-dia-07-de-abril\/","og_locale":"pt_BR","og_type":"article","og_title":"Concurso DPE-RO: Prazo de inscri\u00e7\u00f5es estendido at\u00e9 o dia 07 de abril. Saiba mais!","og_description":"O prazo de inscri\u00e7\u00f5es do concurso p\u00fablico da Defensoria P\u00fablica do estado de Rond\u00f4nia (concurso DPE-RO), que se enceraria nesta ter\u00e7a-feira foi prorrogado.","og_url":"https:\/\/www.estrategiaconcursos.com.br\/blog\/concurso-dpe-ro-prazo-de-inscricoes-estendido-ate-o-dia-07-de-abril\/","og_site_name":"Estrat\u00e9gia Concursos","article_author":"https:\/\/www.facebook.com\/EstrategiaConcursos","article_published_time":"2015-03-31T12:08:30+00:00","article_modified_time":"2015-04-01T11:52:16+00:00","og_image":[{"url":"https:\/\/dhg1h5j42swfq.cloudfront.net\/2015\/02\/concurso-DPE-RO-300x298.jpg","type":"","width":"","height":""}],"author":"Coordena\u00e7\u00e3o","twitter_card":"summary_large_image","twitter_creator":"@EstratConcursos","twitter_site":"@EstratConcursos","twitter_misc":{"Escrito por":"Coordena\u00e7\u00e3o","Est. tempo de leitura":"2 minutos"},"schema":{"@context":"https:\/\/schema.org","@graph":[{"@type":"NewsArticle","@id":"https:\/\/www.estrategiaconcursos.com.br\/blog\/concurso-dpe-ro-prazo-de-inscricoes-estendido-ate-o-dia-07-de-abril\/#article","isPartOf":{"@id":"https:\/\/www.estrategiaconcursos.com.br\/blog\/concurso-dpe-ro-prazo-de-inscricoes-estendido-ate-o-dia-07-de-abril\/"},"author":{"name":"Coordena\u00e7\u00e3o","@id":"https:\/\/www.estrategiaconcursos.com.br\/blog\/#\/schema\/person\/b4a388c97673c5f483d72185668afa1f"},"headline":"Concurso DPE-RO: Prazo de inscri\u00e7\u00f5es estendido at\u00e9 o dia 07 de abril. Saiba mais!","datePublished":"2015-03-31T12:08:30+00:00","dateModified":"2015-04-01T11:52:16+00:00","mainEntityOfPage":{"@id":"https:\/\/www.estrategiaconcursos.com.br\/blog\/concurso-dpe-ro-prazo-de-inscricoes-estendido-ate-o-dia-07-de-abril\/"},"wordCount":363,"commentCount":0,"publisher":{"@id":"https:\/\/www.estrategiaconcursos.com.br\/blog\/#organization"},"image":{"@id":"https:\/\/www.estrategiaconcursos.com.br\/blog\/concurso-dpe-ro-prazo-de-inscricoes-estendido-ate-o-dia-07-de-abril\/#primaryimage"},"thumbnailUrl":"https:\/\/dhg1h5j42swfq.cloudfront.net\/2015\/02\/concurso-DPE-RO-300x298.jpg","keywords":["DPE-RO","inscri\u00e7\u00f5es"],"articleSection":["Concursos P\u00fablicos"],"inLanguage":"pt-BR","potentialAction":[{"@type":"CommentAction","name":"Comment","target":["https:\/\/www.estrategiaconcursos.com.br\/blog\/concurso-dpe-ro-prazo-de-inscricoes-estendido-ate-o-dia-07-de-abril\/#respond"]}],"copyrightYear":"2015","copyrightHolder":{"@id":"https:\/\/www.estrategiaconcursos.com.br\/blog\/#organization"}},{"@type":"WebPage","@id":"https:\/\/www.estrategiaconcursos.com.br\/blog\/concurso-dpe-ro-prazo-de-inscricoes-estendido-ate-o-dia-07-de-abril\/","url":"https:\/\/www.estrategiaconcursos.com.br\/blog\/concurso-dpe-ro-prazo-de-inscricoes-estendido-ate-o-dia-07-de-abril\/","name":"Concurso DPE-RO: Prazo de inscri\u00e7\u00f5es estendido at\u00e9 o dia 07 de abril. Saiba mais!","isPartOf":{"@id":"https:\/\/www.estrategiaconcursos.com.br\/blog\/#website"},"primaryImageOfPage":{"@id":"https:\/\/www.estrategiaconcursos.com.br\/blog\/concurso-dpe-ro-prazo-de-inscricoes-estendido-ate-o-dia-07-de-abril\/#primaryimage"},"image":{"@id":"https:\/\/www.estrategiaconcursos.com.br\/blog\/concurso-dpe-ro-prazo-de-inscricoes-estendido-ate-o-dia-07-de-abril\/#primaryimage"},"thumbnailUrl":"https:\/\/dhg1h5j42swfq.cloudfront.net\/2015\/02\/concurso-DPE-RO-300x298.jpg","datePublished":"2015-03-31T12:08:30+00:00","dateModified":"2015-04-01T11:52:16+00:00","description":"O prazo de inscri\u00e7\u00f5es do concurso p\u00fablico da Defensoria P\u00fablica do estado de Rond\u00f4nia (concurso DPE-RO), que se enceraria nesta ter\u00e7a-feira foi prorrogado.","breadcrumb":{"@id":"https:\/\/www.estrategiaconcursos.com.br\/blog\/concurso-dpe-ro-prazo-de-inscricoes-estendido-ate-o-dia-07-de-abril\/#breadcrumb"},"inLanguage":"pt-BR","potentialAction":[{"@type":"ReadAction","target":["https:\/\/www.estrategiaconcursos.com.br\/blog\/concurso-dpe-ro-prazo-de-inscricoes-estendido-ate-o-dia-07-de-abril\/"]}]},{"@type":"ImageObject","inLanguage":"pt-BR","@id":"https:\/\/www.estrategiaconcursos.com.br\/blog\/concurso-dpe-ro-prazo-de-inscricoes-estendido-ate-o-dia-07-de-abril\/#primaryimage","url":"https:\/\/dhg1h5j42swfq.cloudfront.net\/2015\/02\/concurso-DPE-RO-300x298.jpg","contentUrl":"https:\/\/dhg1h5j42swfq.cloudfront.net\/2015\/02\/concurso-DPE-RO-300x298.jpg"},{"@type":"BreadcrumbList","@id":"https:\/\/www.estrategiaconcursos.com.br\/blog\/concurso-dpe-ro-prazo-de-inscricoes-estendido-ate-o-dia-07-de-abril\/#breadcrumb","itemListElement":[{"@type":"ListItem","position":1,"name":"In\u00edcio","item":"https:\/\/www.estrategiaconcursos.com.br\/blog\/"},{"@type":"ListItem","position":2,"name":"Concurso DPE-RO: Prazo de inscri\u00e7\u00f5es estendido at\u00e9 o dia 07 de abril. Saiba mais!"}]},{"@type":"WebSite","@id":"https:\/\/www.estrategiaconcursos.com.br\/blog\/#website","url":"https:\/\/www.estrategiaconcursos.com.br\/blog\/","name":"Estrat\u00e9gia Concursos","description":"O blog da Estrat\u00e9gia Concursos traz not\u00edcias sobre concursos e artigos de professores oferecendo cursos para concursos (pdf + videaulas) no site.","publisher":{"@id":"https:\/\/www.estrategiaconcursos.com.br\/blog\/#organization"},"potentialAction":[{"@type":"SearchAction","target":{"@type":"EntryPoint","urlTemplate":"https:\/\/www.estrategiaconcursos.com.br\/blog\/?s={search_term_string}"},"query-input":{"@type":"PropertyValueSpecification","valueRequired":true,"valueName":"search_term_string"}}],"inLanguage":"pt-BR"},{"@type":"Organization","@id":"https:\/\/www.estrategiaconcursos.com.br\/blog\/#organization","name":"Estrat\u00e9gia Concursos","url":"https:\/\/www.estrategiaconcursos.com.br\/blog\/","logo":{"@type":"ImageObject","inLanguage":"pt-BR","@id":"https:\/\/www.estrategiaconcursos.com.br\/blog\/#\/schema\/logo\/image\/","url":"https:\/\/dhg1h5j42swfq.cloudfront.net\/2025\/06\/03203428\/logo_concursos-1.jpg","contentUrl":"https:\/\/dhg1h5j42swfq.cloudfront.net\/2025\/06\/03203428\/logo_concursos-1.jpg","width":230,"height":60,"caption":"Estrat\u00e9gia Concursos"},"image":{"@id":"https:\/\/www.estrategiaconcursos.com.br\/blog\/#\/schema\/logo\/image\/"},"sameAs":["https:\/\/x.com\/EstratConcursos"]},{"@type":"Person","@id":"https:\/\/www.estrategiaconcursos.com.br\/blog\/#\/schema\/person\/b4a388c97673c5f483d72185668afa1f","name":"Coordena\u00e7\u00e3o","image":{"@type":"ImageObject","inLanguage":"pt-BR","@id":"https:\/\/secure.gravatar.com\/avatar\/b720319e4c9a967eb58678d110f4fe35452fc5d5f97b202bac7b8acceb18c6ad?s=96&d=mm&r=g","url":"https:\/\/secure.gravatar.com\/avatar\/b720319e4c9a967eb58678d110f4fe35452fc5d5f97b202bac7b8acceb18c6ad?s=96&d=mm&r=g","contentUrl":"https:\/\/secure.gravatar.com\/avatar\/b720319e4c9a967eb58678d110f4fe35452fc5d5f97b202bac7b8acceb18c6ad?s=96&d=mm&r=g","caption":"Coordena\u00e7\u00e3o"},"sameAs":["https:\/\/www.facebook.com\/EstrategiaConcursos","https:\/\/x.com\/EstratConcursos"],"url":"https:\/\/www.estrategiaconcursos.com.br\/blog\/author\/estrategia2013\/"}]}},"_links":{"self":[{"href":"https:\/\/www.estrategiaconcursos.com.br\/blog\/wp-json\/wp\/v2\/posts\/22403","targetHints":{"allow":["GET"]}}],"collection":[{"href":"https:\/\/www.estrategiaconcursos.com.br\/blog\/wp-json\/wp\/v2\/posts"}],"about":[{"href":"https:\/\/www.estrategiaconcursos.com.br\/blog\/wp-json\/wp\/v2\/types\/post"}],"author":[{"embeddable":true,"href":"https:\/\/www.estrategiaconcursos.com.br\/blog\/wp-json\/wp\/v2\/users\/1"}],"replies":[{"embeddable":true,"href":"https:\/\/www.estrategiaconcursos.com.br\/blog\/wp-json\/wp\/v2\/comments?post=22403"}],"version-history":[{"count":2,"href":"https:\/\/www.estrategiaconcursos.com.br\/blog\/wp-json\/wp\/v2\/posts\/22403\/revisions"}],"predecessor-version":[{"id":22416,"href":"https:\/\/www.estrategiaconcursos.com.br\/blog\/wp-json\/wp\/v2\/posts\/22403\/revisions\/22416"}],"wp:attachment":[{"href":"https:\/\/www.estrategiaconcursos.com.br\/blog\/wp-json\/wp\/v2\/media?parent=22403"}],"wp:term":[{"taxonomy":"category","embeddable":true,"href":"https:\/\/www.estrategiaconcursos.com.br\/blog\/wp-json\/wp\/v2\/categories?post=22403"},{"taxonomy":"post_tag","embeddable":true,"href":"https:\/\/www.estrategiaconcursos.com.br\/blog\/wp-json\/wp\/v2\/tags?post=22403"},{"taxonomy":"tax_estado","embeddable":true,"href":"https:\/\/www.estrategiaconcursos.com.br\/blog\/wp-json\/wp\/v2\/tax_estado?post=22403"}],"curies":[{"name":"wp","href":"https:\/\/api.w.org\/{rel}","templated":true}]}}