{"id":22377,"date":"2015-03-30T14:06:35","date_gmt":"2015-03-30T17:06:35","guid":{"rendered":"http:\/\/www.estrategiaconcursos.com.br\/blog\/?p=22377"},"modified":"2015-03-30T15:01:56","modified_gmt":"2015-03-30T18:01:56","slug":"divulgados-os-gabaritos-preliminares-concurso-tre-mg-confira","status":"publish","type":"post","link":"https:\/\/www.estrategiaconcursos.com.br\/blog\/divulgados-os-gabaritos-preliminares-concurso-tre-mg-confira\/","title":{"rendered":"Divulgados as provas e os gabaritos preliminares do concurso TRE-MG. Confira!"},"content":{"rendered":"<p style=\"text-align: justify;\"><span style=\"color: #000000;\"><a href=\"https:\/\/dhg1h5j42swfq.cloudfront.net\/2014\/11\/concurso-tre-mg.jpg\"><img loading=\"lazy\" decoding=\"async\" class=\"alignleft wp-image-19312 size-medium\" src=\"https:\/\/dhg1h5j42swfq.cloudfront.net\/2014\/11\/concurso-tre-mg-300x225.jpg\" alt=\"concurso TRE-MG\" width=\"300\" height=\"225\" srcset=\"https:\/\/dhg1h5j42swfq.cloudfront.net\/2014\/11\/concurso-tre-mg.jpg 300w, https:\/\/dhg1h5j42swfq.cloudfront.net\/2014\/11\/concurso-tre-mg.jpg 400w, https:\/\/dhg1h5j42swfq.cloudfront.net\/2014\/11\/concurso-tre-mg.jpg 756w\" sizes=\"auto, (max-width: 300px) 100vw, 300px\" \/><\/a>Foram divulgados nesta segunda-feira, 30, os gabaritos preliminares do concurso TRE-MG. Os recursos poder\u00e3o ser interpostos entre os dias 31 de mar\u00e7o e 02 de abril pelo site da organizadora, a <span style=\"color: #0000ff;\"><a style=\"color: #0000ff;\" href=\"http:\/\/www.consulplan.net\/concursosInterna.aspx?k=qMAIS666aAGNXc=\">Consulplan<\/a><\/span>.<\/span><\/p>\n<p style=\"text-align: justify;\"><span style=\"color: #000000;\">Confira os gabaritos clicando em:<\/span><\/p>\n<p style=\"text-align: justify;\"><span style=\"color: #0000ff;\"><a style=\"color: #0000ff;\" href=\"https:\/\/dhg1h5j42swfq.cloudfront.net\/2015\/03\/Gabaritos-concurso-TRE-MG.pdf\">Gabaritos concurso TRE-MG<\/a><\/span><\/p>\n<p style=\"text-align: justify;\"><span style=\"color: #000000;\">Provas em:<\/span><\/p>\n<p><span style=\"color: #0000ff;\"><a style=\"color: #0000ff;\" href=\"http:\/\/www.consulplan.net\/provasaplicadasInterna.aspx?k=qMAIS666aAGNXc=\">http:\/\/www.consulplan.net\/provasaplicadasInterna.aspx?k=qMAIS666aAGNXc=<\/a><\/span><\/p>\n<p style=\"text-align: justify;\"><strong><span style=\"color: #000000;\">Concurso TRE-MG<\/span><\/strong><\/p>\n<p style=\"text-align: justify;\"><span style=\"color: #000000;\">O concurso TRE-MG prev\u00ea o preenchimento de\u00a019 vagas, sendo 16 para T\u00e9cnico Judici\u00e1rio na \u00e1rea administrativa, uma vaga na \u00e1rea de\u00a0Contabilidade, duas vagas na \u00e1rea de Edifica\u00e7\u00f5es e forma\u00e7\u00e3o de cadastro reserva para Programa\u00e7\u00e3o de Sistemas. A exig\u00eancia para atua\u00e7\u00e3o na \u00e1rea administrativa \u00e9 de apenas n\u00edvel m\u00e9dio completo; j\u00e1 as demais especialidades tem como requisito curso t\u00e9cnico na \u00e1rea.\u00a0As vagas s\u00e3o para a capital e para cidades do interior de Minas.<\/span><\/p>\n<p style=\"text-align: justify;\"><span style=\"color: #000000;\">A remunera\u00e7\u00e3o inicial \u00e9 de R$ 5.007,82, por jornada de trabalho de 40 horas semanais.\u00a0<\/span><\/p>\n<p style=\"text-align: justify;\"><span style=\"color: #000000;\">O prazo de validade do concurso \u00e9 de dois anos, contado a partir da data de publica\u00e7\u00e3o da homologa\u00e7\u00e3o do resultado final, podendo ser prorrogado, uma \u00fanica vez, por igual per\u00edodo.<\/span><\/p>\n<p style=\"text-align: justify;\"><strong><span style=\"color: #000000;\">Os professores do Estrat\u00e9gia Concursos comentar\u00e3o, em seus artigos, sobre possibilidades de recurso. Acompanhe em:<\/span><\/strong><\/p>\n<p><span style=\"color: #0000ff;\"><a style=\"color: #0000ff;\" href=\"http:\/\/www.estrategiaconcursos.com.br\/blog\/\">http:\/\/www.estrategiaconcursos.com.br\/blog\/<\/a><\/span><\/p>\n<p style=\"text-align: justify;\"><span style=\"color: #000000;\">Assessoria de Comunica\u00e7\u00e3o<\/span><\/p>\n<p style=\"text-align: justify;\"><span style=\"color: #000000;\">comunicacao@estrategiaconcursos.com.br<\/span><\/p>\n","protected":false},"excerpt":{"rendered":"<p>Foram divulgados nesta segunda-feira, 30, os gabaritos preliminares do concurso TRE-MG. Os recursos poder\u00e3o ser interpostos entre os dias 31 de mar\u00e7o e 02 de abril pelo site da organizadora, a Consulplan. Confira os gabaritos clicando em: Gabaritos concurso TRE-MG Provas em: http:\/\/www.consulplan.net\/provasaplicadasInterna.aspx?k=qMAIS666aAGNXc= Concurso TRE-MG O concurso TRE-MG prev\u00ea o preenchimento de\u00a019 vagas, sendo 16 [&hellip;]<\/p>\n","protected":false},"author":1,"featured_media":0,"comment_status":"open","ping_status":"open","sticky":false,"template":"","format":"standard","meta":{"post_tipo":"news","footnotes":""},"categories":[1],"tags":[697,529],"tax_estado":[],"class_list":["post-22377","post","type-post","status-publish","format-standard","hentry","category-cursos-e-concursos","tag-gabaritos","tag-tre-mg"],"acf":[],"yoast_head":"<!-- This site is optimized with the Yoast SEO Premium plugin v27.2 (Yoast SEO v27.2) - https:\/\/yoast.com\/product\/yoast-seo-premium-wordpress\/ -->\n<title>Divulgados as provas e os gabaritos preliminares do concurso TRE-MG. Confira!<\/title>\n<meta name=\"description\" content=\"Foram divulgados nesta segunda-feira, 30, os gabaritos preliminares do concurso TRE-MG. Confira!\" \/>\n<meta name=\"robots\" content=\"index, follow, max-snippet:-1, max-image-preview:large, max-video-preview:-1\" \/>\n<link rel=\"canonical\" href=\"https:\/\/www.estrategiaconcursos.com.br\/blog\/divulgados-os-gabaritos-preliminares-concurso-tre-mg-confira\/\" \/>\n<meta property=\"og:locale\" content=\"pt_BR\" \/>\n<meta property=\"og:type\" content=\"article\" \/>\n<meta property=\"og:title\" content=\"Divulgados as provas e os gabaritos preliminares do concurso TRE-MG. Confira!\" \/>\n<meta property=\"og:description\" content=\"Foram divulgados nesta segunda-feira, 30, os gabaritos preliminares do concurso TRE-MG. Confira!\" \/>\n<meta property=\"og:url\" content=\"https:\/\/www.estrategiaconcursos.com.br\/blog\/divulgados-os-gabaritos-preliminares-concurso-tre-mg-confira\/\" \/>\n<meta property=\"og:site_name\" content=\"Estrat\u00e9gia Concursos\" \/>\n<meta property=\"article:author\" content=\"https:\/\/www.facebook.com\/EstrategiaConcursos\" \/>\n<meta property=\"article:published_time\" content=\"2015-03-30T17:06:35+00:00\" \/>\n<meta property=\"article:modified_time\" content=\"2015-03-30T18:01:56+00:00\" \/>\n<meta property=\"og:image\" content=\"https:\/\/dhg1h5j42swfq.cloudfront.net\/2014\/11\/concurso-tre-mg-300x225.jpg\" \/>\n<meta name=\"author\" content=\"Coordena\u00e7\u00e3o\" \/>\n<meta name=\"twitter:card\" content=\"summary_large_image\" \/>\n<meta name=\"twitter:creator\" content=\"@EstratConcursos\" \/>\n<meta name=\"twitter:site\" content=\"@EstratConcursos\" \/>\n<meta name=\"twitter:label1\" content=\"Escrito por\" \/>\n\t<meta name=\"twitter:data1\" content=\"Coordena\u00e7\u00e3o\" \/>\n\t<meta name=\"twitter:label2\" content=\"Est. tempo de leitura\" \/>\n\t<meta name=\"twitter:data2\" content=\"1 minuto\" \/>\n<script type=\"application\/ld+json\" class=\"yoast-schema-graph\">{\"@context\":\"https:\/\/schema.org\",\"@graph\":[{\"@type\":\"NewsArticle\",\"@id\":\"https:\/\/www.estrategiaconcursos.com.br\/blog\/divulgados-os-gabaritos-preliminares-concurso-tre-mg-confira\/#article\",\"isPartOf\":{\"@id\":\"https:\/\/www.estrategiaconcursos.com.br\/blog\/divulgados-os-gabaritos-preliminares-concurso-tre-mg-confira\/\"},\"author\":{\"name\":\"Coordena\u00e7\u00e3o\",\"@id\":\"https:\/\/www.estrategiaconcursos.com.br\/blog\/#\/schema\/person\/b4a388c97673c5f483d72185668afa1f\"},\"headline\":\"Divulgados as provas e os gabaritos preliminares do concurso TRE-MG. Confira!\",\"datePublished\":\"2015-03-30T17:06:35+00:00\",\"dateModified\":\"2015-03-30T18:01:56+00:00\",\"mainEntityOfPage\":{\"@id\":\"https:\/\/www.estrategiaconcursos.com.br\/blog\/divulgados-os-gabaritos-preliminares-concurso-tre-mg-confira\/\"},\"wordCount\":223,\"commentCount\":2,\"publisher\":{\"@id\":\"https:\/\/www.estrategiaconcursos.com.br\/blog\/#organization\"},\"image\":{\"@id\":\"https:\/\/www.estrategiaconcursos.com.br\/blog\/divulgados-os-gabaritos-preliminares-concurso-tre-mg-confira\/#primaryimage\"},\"thumbnailUrl\":\"https:\/\/dhg1h5j42swfq.cloudfront.net\/2014\/11\/concurso-tre-mg-300x225.jpg\",\"keywords\":[\"Gabaritos\",\"TRE-MG\"],\"articleSection\":[\"Concursos P\u00fablicos\"],\"inLanguage\":\"pt-BR\",\"potentialAction\":[{\"@type\":\"CommentAction\",\"name\":\"Comment\",\"target\":[\"https:\/\/www.estrategiaconcursos.com.br\/blog\/divulgados-os-gabaritos-preliminares-concurso-tre-mg-confira\/#respond\"]}],\"copyrightYear\":\"2015\",\"copyrightHolder\":{\"@id\":\"https:\/\/www.estrategiaconcursos.com.br\/blog\/#organization\"}},{\"@type\":\"WebPage\",\"@id\":\"https:\/\/www.estrategiaconcursos.com.br\/blog\/divulgados-os-gabaritos-preliminares-concurso-tre-mg-confira\/\",\"url\":\"https:\/\/www.estrategiaconcursos.com.br\/blog\/divulgados-os-gabaritos-preliminares-concurso-tre-mg-confira\/\",\"name\":\"Divulgados as provas e os gabaritos preliminares do concurso TRE-MG. Confira!\",\"isPartOf\":{\"@id\":\"https:\/\/www.estrategiaconcursos.com.br\/blog\/#website\"},\"primaryImageOfPage\":{\"@id\":\"https:\/\/www.estrategiaconcursos.com.br\/blog\/divulgados-os-gabaritos-preliminares-concurso-tre-mg-confira\/#primaryimage\"},\"image\":{\"@id\":\"https:\/\/www.estrategiaconcursos.com.br\/blog\/divulgados-os-gabaritos-preliminares-concurso-tre-mg-confira\/#primaryimage\"},\"thumbnailUrl\":\"https:\/\/dhg1h5j42swfq.cloudfront.net\/2014\/11\/concurso-tre-mg-300x225.jpg\",\"datePublished\":\"2015-03-30T17:06:35+00:00\",\"dateModified\":\"2015-03-30T18:01:56+00:00\",\"description\":\"Foram divulgados nesta segunda-feira, 30, os gabaritos preliminares do concurso TRE-MG. Confira!\",\"breadcrumb\":{\"@id\":\"https:\/\/www.estrategiaconcursos.com.br\/blog\/divulgados-os-gabaritos-preliminares-concurso-tre-mg-confira\/#breadcrumb\"},\"inLanguage\":\"pt-BR\",\"potentialAction\":[{\"@type\":\"ReadAction\",\"target\":[\"https:\/\/www.estrategiaconcursos.com.br\/blog\/divulgados-os-gabaritos-preliminares-concurso-tre-mg-confira\/\"]}]},{\"@type\":\"ImageObject\",\"inLanguage\":\"pt-BR\",\"@id\":\"https:\/\/www.estrategiaconcursos.com.br\/blog\/divulgados-os-gabaritos-preliminares-concurso-tre-mg-confira\/#primaryimage\",\"url\":\"https:\/\/dhg1h5j42swfq.cloudfront.net\/2014\/11\/concurso-tre-mg-300x225.jpg\",\"contentUrl\":\"https:\/\/dhg1h5j42swfq.cloudfront.net\/2014\/11\/concurso-tre-mg-300x225.jpg\"},{\"@type\":\"BreadcrumbList\",\"@id\":\"https:\/\/www.estrategiaconcursos.com.br\/blog\/divulgados-os-gabaritos-preliminares-concurso-tre-mg-confira\/#breadcrumb\",\"itemListElement\":[{\"@type\":\"ListItem\",\"position\":1,\"name\":\"In\u00edcio\",\"item\":\"https:\/\/www.estrategiaconcursos.com.br\/blog\/\"},{\"@type\":\"ListItem\",\"position\":2,\"name\":\"Divulgados as provas e os gabaritos preliminares do concurso TRE-MG. Confira!\"}]},{\"@type\":\"WebSite\",\"@id\":\"https:\/\/www.estrategiaconcursos.com.br\/blog\/#website\",\"url\":\"https:\/\/www.estrategiaconcursos.com.br\/blog\/\",\"name\":\"Estrat\u00e9gia Concursos\",\"description\":\"O blog da Estrat\u00e9gia Concursos traz not\u00edcias sobre concursos e artigos de professores oferecendo cursos para concursos (pdf + videaulas) no site.\",\"publisher\":{\"@id\":\"https:\/\/www.estrategiaconcursos.com.br\/blog\/#organization\"},\"potentialAction\":[{\"@type\":\"SearchAction\",\"target\":{\"@type\":\"EntryPoint\",\"urlTemplate\":\"https:\/\/www.estrategiaconcursos.com.br\/blog\/?s={search_term_string}\"},\"query-input\":{\"@type\":\"PropertyValueSpecification\",\"valueRequired\":true,\"valueName\":\"search_term_string\"}}],\"inLanguage\":\"pt-BR\"},{\"@type\":\"Organization\",\"@id\":\"https:\/\/www.estrategiaconcursos.com.br\/blog\/#organization\",\"name\":\"Estrat\u00e9gia Concursos\",\"url\":\"https:\/\/www.estrategiaconcursos.com.br\/blog\/\",\"logo\":{\"@type\":\"ImageObject\",\"inLanguage\":\"pt-BR\",\"@id\":\"https:\/\/www.estrategiaconcursos.com.br\/blog\/#\/schema\/logo\/image\/\",\"url\":\"https:\/\/dhg1h5j42swfq.cloudfront.net\/2025\/06\/03203428\/logo_concursos-1.jpg\",\"contentUrl\":\"https:\/\/dhg1h5j42swfq.cloudfront.net\/2025\/06\/03203428\/logo_concursos-1.jpg\",\"width\":230,\"height\":60,\"caption\":\"Estrat\u00e9gia Concursos\"},\"image\":{\"@id\":\"https:\/\/www.estrategiaconcursos.com.br\/blog\/#\/schema\/logo\/image\/\"},\"sameAs\":[\"https:\/\/x.com\/EstratConcursos\"]},{\"@type\":\"Person\",\"@id\":\"https:\/\/www.estrategiaconcursos.com.br\/blog\/#\/schema\/person\/b4a388c97673c5f483d72185668afa1f\",\"name\":\"Coordena\u00e7\u00e3o\",\"image\":{\"@type\":\"ImageObject\",\"inLanguage\":\"pt-BR\",\"@id\":\"https:\/\/secure.gravatar.com\/avatar\/b720319e4c9a967eb58678d110f4fe35452fc5d5f97b202bac7b8acceb18c6ad?s=96&d=mm&r=g\",\"url\":\"https:\/\/secure.gravatar.com\/avatar\/b720319e4c9a967eb58678d110f4fe35452fc5d5f97b202bac7b8acceb18c6ad?s=96&d=mm&r=g\",\"contentUrl\":\"https:\/\/secure.gravatar.com\/avatar\/b720319e4c9a967eb58678d110f4fe35452fc5d5f97b202bac7b8acceb18c6ad?s=96&d=mm&r=g\",\"caption\":\"Coordena\u00e7\u00e3o\"},\"sameAs\":[\"https:\/\/www.facebook.com\/EstrategiaConcursos\",\"https:\/\/x.com\/EstratConcursos\"],\"url\":\"https:\/\/www.estrategiaconcursos.com.br\/blog\/author\/estrategia2013\/\"}]}<\/script>\n<!-- \/ Yoast SEO Premium plugin. -->","yoast_head_json":{"title":"Divulgados as provas e os gabaritos preliminares do concurso TRE-MG. Confira!","description":"Foram divulgados nesta segunda-feira, 30, os gabaritos preliminares do concurso TRE-MG. Confira!","robots":{"index":"index","follow":"follow","max-snippet":"max-snippet:-1","max-image-preview":"max-image-preview:large","max-video-preview":"max-video-preview:-1"},"canonical":"https:\/\/www.estrategiaconcursos.com.br\/blog\/divulgados-os-gabaritos-preliminares-concurso-tre-mg-confira\/","og_locale":"pt_BR","og_type":"article","og_title":"Divulgados as provas e os gabaritos preliminares do concurso TRE-MG. Confira!","og_description":"Foram divulgados nesta segunda-feira, 30, os gabaritos preliminares do concurso TRE-MG. Confira!","og_url":"https:\/\/www.estrategiaconcursos.com.br\/blog\/divulgados-os-gabaritos-preliminares-concurso-tre-mg-confira\/","og_site_name":"Estrat\u00e9gia Concursos","article_author":"https:\/\/www.facebook.com\/EstrategiaConcursos","article_published_time":"2015-03-30T17:06:35+00:00","article_modified_time":"2015-03-30T18:01:56+00:00","og_image":[{"url":"https:\/\/dhg1h5j42swfq.cloudfront.net\/2014\/11\/concurso-tre-mg-300x225.jpg","type":"","width":"","height":""}],"author":"Coordena\u00e7\u00e3o","twitter_card":"summary_large_image","twitter_creator":"@EstratConcursos","twitter_site":"@EstratConcursos","twitter_misc":{"Escrito por":"Coordena\u00e7\u00e3o","Est. tempo de leitura":"1 minuto"},"schema":{"@context":"https:\/\/schema.org","@graph":[{"@type":"NewsArticle","@id":"https:\/\/www.estrategiaconcursos.com.br\/blog\/divulgados-os-gabaritos-preliminares-concurso-tre-mg-confira\/#article","isPartOf":{"@id":"https:\/\/www.estrategiaconcursos.com.br\/blog\/divulgados-os-gabaritos-preliminares-concurso-tre-mg-confira\/"},"author":{"name":"Coordena\u00e7\u00e3o","@id":"https:\/\/www.estrategiaconcursos.com.br\/blog\/#\/schema\/person\/b4a388c97673c5f483d72185668afa1f"},"headline":"Divulgados as provas e os gabaritos preliminares do concurso TRE-MG. Confira!","datePublished":"2015-03-30T17:06:35+00:00","dateModified":"2015-03-30T18:01:56+00:00","mainEntityOfPage":{"@id":"https:\/\/www.estrategiaconcursos.com.br\/blog\/divulgados-os-gabaritos-preliminares-concurso-tre-mg-confira\/"},"wordCount":223,"commentCount":2,"publisher":{"@id":"https:\/\/www.estrategiaconcursos.com.br\/blog\/#organization"},"image":{"@id":"https:\/\/www.estrategiaconcursos.com.br\/blog\/divulgados-os-gabaritos-preliminares-concurso-tre-mg-confira\/#primaryimage"},"thumbnailUrl":"https:\/\/dhg1h5j42swfq.cloudfront.net\/2014\/11\/concurso-tre-mg-300x225.jpg","keywords":["Gabaritos","TRE-MG"],"articleSection":["Concursos P\u00fablicos"],"inLanguage":"pt-BR","potentialAction":[{"@type":"CommentAction","name":"Comment","target":["https:\/\/www.estrategiaconcursos.com.br\/blog\/divulgados-os-gabaritos-preliminares-concurso-tre-mg-confira\/#respond"]}],"copyrightYear":"2015","copyrightHolder":{"@id":"https:\/\/www.estrategiaconcursos.com.br\/blog\/#organization"}},{"@type":"WebPage","@id":"https:\/\/www.estrategiaconcursos.com.br\/blog\/divulgados-os-gabaritos-preliminares-concurso-tre-mg-confira\/","url":"https:\/\/www.estrategiaconcursos.com.br\/blog\/divulgados-os-gabaritos-preliminares-concurso-tre-mg-confira\/","name":"Divulgados as provas e os gabaritos preliminares do concurso TRE-MG. Confira!","isPartOf":{"@id":"https:\/\/www.estrategiaconcursos.com.br\/blog\/#website"},"primaryImageOfPage":{"@id":"https:\/\/www.estrategiaconcursos.com.br\/blog\/divulgados-os-gabaritos-preliminares-concurso-tre-mg-confira\/#primaryimage"},"image":{"@id":"https:\/\/www.estrategiaconcursos.com.br\/blog\/divulgados-os-gabaritos-preliminares-concurso-tre-mg-confira\/#primaryimage"},"thumbnailUrl":"https:\/\/dhg1h5j42swfq.cloudfront.net\/2014\/11\/concurso-tre-mg-300x225.jpg","datePublished":"2015-03-30T17:06:35+00:00","dateModified":"2015-03-30T18:01:56+00:00","description":"Foram divulgados nesta segunda-feira, 30, os gabaritos preliminares do concurso TRE-MG. Confira!","breadcrumb":{"@id":"https:\/\/www.estrategiaconcursos.com.br\/blog\/divulgados-os-gabaritos-preliminares-concurso-tre-mg-confira\/#breadcrumb"},"inLanguage":"pt-BR","potentialAction":[{"@type":"ReadAction","target":["https:\/\/www.estrategiaconcursos.com.br\/blog\/divulgados-os-gabaritos-preliminares-concurso-tre-mg-confira\/"]}]},{"@type":"ImageObject","inLanguage":"pt-BR","@id":"https:\/\/www.estrategiaconcursos.com.br\/blog\/divulgados-os-gabaritos-preliminares-concurso-tre-mg-confira\/#primaryimage","url":"https:\/\/dhg1h5j42swfq.cloudfront.net\/2014\/11\/concurso-tre-mg-300x225.jpg","contentUrl":"https:\/\/dhg1h5j42swfq.cloudfront.net\/2014\/11\/concurso-tre-mg-300x225.jpg"},{"@type":"BreadcrumbList","@id":"https:\/\/www.estrategiaconcursos.com.br\/blog\/divulgados-os-gabaritos-preliminares-concurso-tre-mg-confira\/#breadcrumb","itemListElement":[{"@type":"ListItem","position":1,"name":"In\u00edcio","item":"https:\/\/www.estrategiaconcursos.com.br\/blog\/"},{"@type":"ListItem","position":2,"name":"Divulgados as provas e os gabaritos preliminares do concurso TRE-MG. Confira!"}]},{"@type":"WebSite","@id":"https:\/\/www.estrategiaconcursos.com.br\/blog\/#website","url":"https:\/\/www.estrategiaconcursos.com.br\/blog\/","name":"Estrat\u00e9gia Concursos","description":"O blog da Estrat\u00e9gia Concursos traz not\u00edcias sobre concursos e artigos de professores oferecendo cursos para concursos (pdf + videaulas) no site.","publisher":{"@id":"https:\/\/www.estrategiaconcursos.com.br\/blog\/#organization"},"potentialAction":[{"@type":"SearchAction","target":{"@type":"EntryPoint","urlTemplate":"https:\/\/www.estrategiaconcursos.com.br\/blog\/?s={search_term_string}"},"query-input":{"@type":"PropertyValueSpecification","valueRequired":true,"valueName":"search_term_string"}}],"inLanguage":"pt-BR"},{"@type":"Organization","@id":"https:\/\/www.estrategiaconcursos.com.br\/blog\/#organization","name":"Estrat\u00e9gia Concursos","url":"https:\/\/www.estrategiaconcursos.com.br\/blog\/","logo":{"@type":"ImageObject","inLanguage":"pt-BR","@id":"https:\/\/www.estrategiaconcursos.com.br\/blog\/#\/schema\/logo\/image\/","url":"https:\/\/dhg1h5j42swfq.cloudfront.net\/2025\/06\/03203428\/logo_concursos-1.jpg","contentUrl":"https:\/\/dhg1h5j42swfq.cloudfront.net\/2025\/06\/03203428\/logo_concursos-1.jpg","width":230,"height":60,"caption":"Estrat\u00e9gia Concursos"},"image":{"@id":"https:\/\/www.estrategiaconcursos.com.br\/blog\/#\/schema\/logo\/image\/"},"sameAs":["https:\/\/x.com\/EstratConcursos"]},{"@type":"Person","@id":"https:\/\/www.estrategiaconcursos.com.br\/blog\/#\/schema\/person\/b4a388c97673c5f483d72185668afa1f","name":"Coordena\u00e7\u00e3o","image":{"@type":"ImageObject","inLanguage":"pt-BR","@id":"https:\/\/secure.gravatar.com\/avatar\/b720319e4c9a967eb58678d110f4fe35452fc5d5f97b202bac7b8acceb18c6ad?s=96&d=mm&r=g","url":"https:\/\/secure.gravatar.com\/avatar\/b720319e4c9a967eb58678d110f4fe35452fc5d5f97b202bac7b8acceb18c6ad?s=96&d=mm&r=g","contentUrl":"https:\/\/secure.gravatar.com\/avatar\/b720319e4c9a967eb58678d110f4fe35452fc5d5f97b202bac7b8acceb18c6ad?s=96&d=mm&r=g","caption":"Coordena\u00e7\u00e3o"},"sameAs":["https:\/\/www.facebook.com\/EstrategiaConcursos","https:\/\/x.com\/EstratConcursos"],"url":"https:\/\/www.estrategiaconcursos.com.br\/blog\/author\/estrategia2013\/"}]}},"_links":{"self":[{"href":"https:\/\/www.estrategiaconcursos.com.br\/blog\/wp-json\/wp\/v2\/posts\/22377","targetHints":{"allow":["GET"]}}],"collection":[{"href":"https:\/\/www.estrategiaconcursos.com.br\/blog\/wp-json\/wp\/v2\/posts"}],"about":[{"href":"https:\/\/www.estrategiaconcursos.com.br\/blog\/wp-json\/wp\/v2\/types\/post"}],"author":[{"embeddable":true,"href":"https:\/\/www.estrategiaconcursos.com.br\/blog\/wp-json\/wp\/v2\/users\/1"}],"replies":[{"embeddable":true,"href":"https:\/\/www.estrategiaconcursos.com.br\/blog\/wp-json\/wp\/v2\/comments?post=22377"}],"version-history":[{"count":3,"href":"https:\/\/www.estrategiaconcursos.com.br\/blog\/wp-json\/wp\/v2\/posts\/22377\/revisions"}],"predecessor-version":[{"id":22383,"href":"https:\/\/www.estrategiaconcursos.com.br\/blog\/wp-json\/wp\/v2\/posts\/22377\/revisions\/22383"}],"wp:attachment":[{"href":"https:\/\/www.estrategiaconcursos.com.br\/blog\/wp-json\/wp\/v2\/media?parent=22377"}],"wp:term":[{"taxonomy":"category","embeddable":true,"href":"https:\/\/www.estrategiaconcursos.com.br\/blog\/wp-json\/wp\/v2\/categories?post=22377"},{"taxonomy":"post_tag","embeddable":true,"href":"https:\/\/www.estrategiaconcursos.com.br\/blog\/wp-json\/wp\/v2\/tags?post=22377"},{"taxonomy":"tax_estado","embeddable":true,"href":"https:\/\/www.estrategiaconcursos.com.br\/blog\/wp-json\/wp\/v2\/tax_estado?post=22377"}],"curies":[{"name":"wp","href":"https:\/\/api.w.org\/{rel}","templated":true}]}}