{"id":22294,"date":"2015-03-26T01:20:42","date_gmt":"2015-03-26T04:20:42","guid":{"rendered":"http:\/\/www.estrategiaconcursos.com.br\/blog\/?p=22294"},"modified":"2015-03-26T10:05:22","modified_gmt":"2015-03-26T13:05:22","slug":"comentarios-questoes-de-direito-tributario-mpu-cargo-02-financas-e-controle","status":"publish","type":"post","link":"https:\/\/www.estrategiaconcursos.com.br\/blog\/comentarios-questoes-de-direito-tributario-mpu-cargo-02-financas-e-controle\/","title":{"rendered":"Coment\u00e1rios \u00e0s quest\u00f5es de Direito Tribut\u00e1rio &#8211; MPU &#8211; Cargo 02 (Finan\u00e7as e Controle)"},"content":{"rendered":"<p>Ol\u00e1, amigas e amigos concurseiros!<\/p>\n<p>No post de hoje irei tecer coment\u00e1rios sobre as quest\u00f5es da prova de direito tribut\u00e1rio cobradas no concurso para o cargo de Analista do MPU \u2013 \u00e1rea de atividade: Apoio t\u00e9cnico-especializado \u2013 Especialidade: Finan\u00e7as e Controle (Cargo 02). Tomarei como base a prova do tipo 01.<\/p>\n<p>Direito tribut\u00e1rio foi cobrado nas quest\u00f5es 72 e 74 a 85 da prova aplicada nesse \u00faltimo domingo pelo CESPE. Em geral, as quest\u00f5es da prova estavam dentro do n\u00edvel m\u00e9dio a dif\u00edcil, considerando as atribui\u00e7\u00f5es do cargo.<\/p>\n<p>Vislumbrei recurso apenas na quest\u00e3o 82. As demais, salvo melhor ju\u00edzo, est\u00e3o dentro do que determina a legisla\u00e7\u00e3o e a jurisprud\u00eancia p\u00e1trias. Vamos a elas.<\/p>\n<p><strong>Quest\u00e3o 72<\/strong>. Os dados contidos na nota fiscal de servi\u00e7os eletr\u00f4nica, que s\u00f3 pode ser cancelada ou substitu\u00edda por iniciativa do fisco, s\u00e3o de responsabilidade exclusiva do contribuinte. Nesse documento fiscal, o prestador do servi\u00e7o tem de ser obrigatoriamente identificado pelo CNPJ e pela inscri\u00e7\u00e3o municipal.<\/p>\n<p>Incorreta, uma vez que a nota fiscal de servi\u00e7os eletr\u00f4nica tamb\u00e9m pode, claro, ser cancelada por iniciativa do pr\u00f3prio contribuinte, uma vez que erros, naturalmente, podem ocorrer no desenvolver nas atividades desse, necessitando-se que uma nota fiscal anteriormente emitida seja cancelada. A iniciativa para cancelamento n\u00e3o \u00e9 exclusiva da Fazenda P\u00fablica.<\/p>\n<p><strong>Quest\u00e3o 74<\/strong>. O valor cobrado por empresa p\u00fablica concession\u00e1ria de servi\u00e7o p\u00fablico de fornecimento de energia el\u00e9trica \u00e9 considerado como pre\u00e7o privado.<\/p>\n<p>Pre\u00e7o privado \u00e9 aquele cobrado por concession\u00e1rias (empresas privadas), ainda que sujeitas a regras derivadas de contratos administrativos, reguladoras do pre\u00e7o.<\/p>\n<p>A remunera\u00e7\u00e3o do servi\u00e7o p\u00fablico, adotando o regime tarif\u00e1rio, tem a mesma concep\u00e7\u00e3o de pre\u00e7o, mas n\u00e3o se confunde com o pre\u00e7o privado, cuja amplitude nasce num contexto de fixa\u00e7\u00e3o pelo fornecedor, dentro dos par\u00e2metros e com os limites constitucionais. Assim, correta a assertiva.<\/p>\n<p><strong>Quest\u00e3o 75.<\/strong> A arrecada\u00e7\u00e3o do imposto sobre propriedade territorial rural pertencer\u00e1 inteiramente ao munic\u00edpio quando este optar por fiscaliz\u00e1-lo e cobr\u00e1-lo, hip\u00f3tese em que o munic\u00edpio n\u00e3o poder\u00e1 abrir m\u00e3o de sua arrecada\u00e7\u00e3o integral, vedado qualquer tipo de ren\u00fancia fiscal.<\/p>\n<p>Literalidade do que consta no artigo 153, \u00a74\u00ba, III, da CF\/88, o qual disp\u00f5e que o ITR ser\u00e1 fiscalizado e cobrado pelos Munic\u00edpios que assim optarem, na forma da lei, desde que n\u00e3o implique redu\u00e7\u00e3o do imposto ou qualquer outra forma de ren\u00fancia fiscal. Logo, correta a assertiva.<\/p>\n<p><strong>Quest\u00e3o 76<\/strong>. A Uni\u00e3o pode elevar a al\u00edquota do IPI sem depender da aprova\u00e7\u00e3o do Congresso Nacional, mas essa eleva\u00e7\u00e3o n\u00e3o poder\u00e1 ser implementada antes de noventa dias de sua decreta\u00e7\u00e3o.<\/p>\n<p>Conforme o artigo 150, \u00a71\u00ba, da CF\/88, o IPI est\u00e1 sujeito apenas ao princ\u00edpio da anterioridade nonagesimal, n\u00e3o se sujeitando ao princ\u00edpio da anterioridade anual. Assim, resta correta a assertiva.<\/p>\n<p><strong>Quest\u00e3o 77<\/strong>. Os lan\u00e7amentos do IPTU e do IPVA s\u00e3o tipicamente da esp\u00e9cie por homologa\u00e7\u00e3o, pois o contribuinte pode calcul\u00e1-los e pag\u00e1-los antecipadamente, por iniciativa pr\u00f3pria.<\/p>\n<p>Esse tipo de lan\u00e7amento, nos dois casos, \u00e9 tipicamente realizado de of\u00edcio pelos Munic\u00edpios e pelos Estados e Distrito Federal. Apenas em poucos casos h\u00e1 o lan\u00e7amento por homologa\u00e7\u00e3o, sendo, ambos, exce\u00e7\u00e3o \u00e0 regra. Assim, incorreta a assertiva.<\/p>\n<p><strong>Quest\u00e3o 78<\/strong>. Se uma imobili\u00e1ria deixar de informar ao fisco os alugu\u00e9is pagos aos seus clientes, tal obriga\u00e7\u00e3o n\u00e3o desaparecer\u00e1 e a consequente infra\u00e7\u00e3o tribut\u00e1ria far\u00e1 surgir a obriga\u00e7\u00e3o principal referente \u00e0 multa.<\/p>\n<p>Perfeita interpreta\u00e7\u00e3o do que consta no artigo 113, \u00a73\u00ba, do CTN. Correta a assertiva.<\/p>\n<p><strong>Quest\u00e3o 79<\/strong>. O imposto sobre heran\u00e7as e doa\u00e7\u00f5es incidente sobre bens m\u00f3veis \u00e9 de compet\u00eancia da unidade da Federa\u00e7\u00e3o onde tais bens forem localizados.<\/p>\n<p>A compet\u00eancia, relativamente a bens m\u00f3veis, t\u00edtulos e cr\u00e9ditos, compete ao Estado onde se processar o invent\u00e1rio ou arrolamento, ou tiver domic\u00edlio o doador, ou ao Distrito Federal, conforme disp\u00f5e o artigo 155, \u00a71\u00ba, II, da CF\/88. Logo, incorreta a assertiva.<\/p>\n<p><strong>Quest\u00e3o 80<\/strong>. Caso a dedutibilidade de certa despesa do exerc\u00edcio findo, para efeito da CSLL, s\u00f3 possa ser aproveitada dentro de dois exerc\u00edcios, o valor correspondente ser\u00e1 lan\u00e7ado como CSLL diferida, no ativo realiz\u00e1vel em longo prazo.<\/p>\n<p>Perfeito. Uma vez que a dedutibilidade de certa despesa do exerc\u00edcio, para efeito de CSLL, ultrapassa os dois exerc\u00edcios seguintes, correspondendo a um cr\u00e9dito da empresa frente ao Estado, dever\u00e1 ser contabilidade a d\u00e9bito de uma conta situada no ativo realiz\u00e1vel a longo prazo. Assim, resta correta a assertiva apresentada.<\/p>\n<p><strong>Quest\u00e3o 81.<\/strong> O imposto de renda cuja reten\u00e7\u00e3o a pessoa jur\u00eddica tenha sofrido na fonte sobre as receitas recebidas constitui um cr\u00e9dito a ser lan\u00e7ado em seu ativo, como imposto de renda a compensar.<\/p>\n<p>Mesmo que retida na fonte, o valor pago pela pessoa jur\u00eddica, ainda que recolhido por outra pessoa jur\u00eddica, dever\u00e1 ser contabilizado pela empresa que sofreu a reten\u00e7\u00e3o, e na forma de cr\u00e9dito da empresa frente ao Estado, lan\u00e7ado a d\u00e9bito de um conta do ativo, qual seja, a de imposto de renda a compensar. Correta.<\/p>\n<p><strong>Quest\u00e3o 82<\/strong>. Pela regra constitucional geral da n\u00e3o cumulatividade do ICMS, os cr\u00e9ditos e d\u00e9bitos do imposto se compensam sucessivamente; entretanto, nos casos de isen\u00e7\u00e3o ou n\u00e3o cumulatividade, o benefici\u00e1rio n\u00e3o transfere cr\u00e9dito para a opera\u00e7\u00e3o subsequente nem se beneficia de cr\u00e9dito da opera\u00e7\u00e3o anterior.<\/p>\n<p>Essa quest\u00e3o merece recurso, uma vez que n\u00e3o considerou a exce\u00e7\u00e3o presente no artigo 155, \u00a72\u00ba, II, da CF\/88, dispondo que, quanto ao ICMS, a isen\u00e7\u00e3o ou n\u00e3o-incid\u00eancia, salvo determina\u00e7\u00e3o em contr\u00e1rio da legisla\u00e7\u00e3o n\u00e3o implicar\u00e1 cr\u00e9dito para compensa\u00e7\u00e3o com o montante devido nas opera\u00e7\u00f5es ou presta\u00e7\u00f5es seguintes; e nem acarretar\u00e1 a anula\u00e7\u00e3o do cr\u00e9dito relativo \u00e0s opera\u00e7\u00f5es anteriores.<\/p>\n<p>Logo, a regra prevista no enunciado n\u00e3o \u00e9 absoluto, vez que a legisla\u00e7\u00e3o poder\u00e1 dispor em contr\u00e1rio, estabelecendo, por exemplo, que nas opera\u00e7\u00f5es de sa\u00edda de mercadorias acobertadas por isen\u00e7\u00e3o poder\u00e1 haver o aproveitamento dos cr\u00e9ditos obtidos na entrada, sem que necessariamente se tenha a anula\u00e7\u00e3o dos mesmos em raz\u00e3o do dispositivo constitucional.<\/p>\n<p>Assim, a quest\u00e3o, incialmente considerada correta pela banca, deve ter seu gabarito alterado para incorreto.<\/p>\n<p><strong>Quest\u00e3o 83<\/strong>. Na presta\u00e7\u00e3o de servi\u00e7os com fornecimento de mercadoria, independentemente de sua inclus\u00e3o ou n\u00e3o em uma lista de servi\u00e7os tribut\u00e1veis pelo ISS, incidem conjuntamente o ISS e o ICMS.<\/p>\n<p>Por expressa disposi\u00e7\u00e3o constitucional, somente os servi\u00e7os presentes em lei complementar podem ser tributados com o ISS, o qual, atualmente, \u00e9 implementado por meio da lista de servi\u00e7os anexa \u00e0 lei complementar n\u00ba 116, de 2003 (artigo 156, III, da CF\/88). Caso o servi\u00e7o n\u00e3o esteja presente nessa lista, ele n\u00e3o poder\u00e1 ser tributado com o ISS. Nessa mesma linha, apenas os servi\u00e7os expressamente previstos em tal lista podem ser tributados conjuntamente pelo ISS e pelo ICMS, respeitadas as bases de incid\u00eancia de cada tributo. Caso n\u00e3o, e constante o servi\u00e7o na lista, somente haver\u00e1 a tributa\u00e7\u00e3o com o ISS, ainda que haja o fornecimento concomitante de mercadorias.<\/p>\n<p>Assim, resta incorreta a assertiva apresentada.<\/p>\n<p><strong>Quest\u00e3o 84.<\/strong> Est\u00e3o sujeitos \u00e0 incid\u00eancia do imposto de renda na fonte os alugu\u00e9is pagos por pessoa f\u00edsica a pessoa jur\u00eddica, ao passo que n\u00e3o se sujeitam a essa incid\u00eancia os rendimentos do trabalho assalariado pagos por pessoa f\u00edsica a outra pessoa f\u00edsica.<\/p>\n<p>Tanto um quanto o outro est\u00e3o sujeitos \u00e0 incid\u00eancia do imposto de renda na fonte, sejam pagos por pessoa f\u00edsica, sejam por pessoa jur\u00eddica. Logo, incorreta a assertiva.<\/p>\n<p><strong>Quest\u00e3o 85<\/strong>. As contribui\u00e7\u00f5es sociais sobre a folha de pagamentos das empresas se converteram, a partir da Emenda Constitucional n.\u00ba 20\/1998, em contribui\u00e7\u00f5es destinadas exclusivamente ao custeio dos benef\u00edcios do regime geral da previd\u00eancia social, n\u00e3o incidindo sobre essa receita a desvincula\u00e7\u00e3o de receitas da Uni\u00e3o.<\/p>\n<p>As contribui\u00e7\u00f5es destinadas exclusivamente ao custeio dos benef\u00edcios do regime geral da previd\u00eancia social s\u00e3o classificadas como contribui\u00e7\u00f5es sociais para a seguridade social, esp\u00e9cie do g\u00eanero contribui\u00e7\u00f5es sociais.<\/p>\n<p>Por sua vez, o artigo 76 da ADCT da CF\/88 disp\u00f5e que ser\u00e3o desvinculados de \u00f3rg\u00e3o, fundo ou despesa, at\u00e9 31 de dezembro de 2015, 20% (vinte por cento) da arrecada\u00e7\u00e3o da Uni\u00e3o de impostos, contribui\u00e7\u00f5es sociais e de interven\u00e7\u00e3o no dom\u00ednio econ\u00f4mico, j\u00e1 institu\u00eddos ou que vierem a ser criados at\u00e9 a referida data, seus adicionais e respectivos acr\u00e9scimos legais.<\/p>\n<p>Ainda no artigo citado, seu \u00a72\u00ba disp\u00f5e que ser\u00e3o excetuadas da desvincula\u00e7\u00e3o de que trata o caput a arrecada\u00e7\u00e3o da contribui\u00e7\u00e3o social do sal\u00e1rio-educa\u00e7\u00e3o a que se refere o \u00a7 5\u00ba do art. 212 da Constitui\u00e7\u00e3o Federal.<\/p>\n<p>Estados e munic\u00edpios tamb\u00e9m n\u00e3o perdem recursos em raz\u00e3o da Desvincula\u00e7\u00e3o de Receitas da Uni\u00e3o (DRU) porque todas as transfer\u00eancias constitucionais s\u00e3o feitas antes da aplica\u00e7\u00e3o do \u00edndice de 20%. O mesmo ocorre com o sal\u00e1rio-educa\u00e7\u00e3o, com as contribui\u00e7\u00f5es de empregadores e trabalhadores para o regime geral da Previd\u00eancia Social e com as contribui\u00e7\u00f5es para o plano de seguridade social do servidor. Outros recursos exclu\u00eddos s\u00e3o os do Fundo de Combate e Erradica\u00e7\u00e3o da Pobreza e os destinados \u00e0 educa\u00e7\u00e3o.<\/p>\n<p>Assim, sobre essas receitas n\u00e3o incide o percentual de desvincula\u00e7\u00e3o de receitas da Uni\u00e3o. Logo, resta correta a assertiva apresentada.<\/p>\n<p>\u00c9 isso, pessoal! Caso tenham notado mais algum ponto que mere\u00e7a uma an\u00e1lise, e que eu n\u00e3o tenha percebido, pe\u00e7o que me envie um e-mail que analisaremos com o maior prazer. Estou aqui \u00e0 sua disposi\u00e7\u00e3o.<\/p>\n<p>Grande abra\u00e7o a todos e boa sorte nos recursos!<\/p>\n<p style=\"text-align: center;\"><a href=\"http:\/\/www.facebook.com\/aluisioalneto\">www.facebook.com\/aluisioalneto<\/a><\/p>\n<p style=\"text-align: center;\"><a href=\"mailto:aluisioalneto@gmail.com\">aluisioalneto@gmail.com<\/a><\/p>\n<p style=\"text-align: center;\"><a href=\"mailto:aluisioneto@estrategiaconcursos.com.br\">aluisioneto@estrategiaconcursos.com.br<\/a><\/p>\n","protected":false},"excerpt":{"rendered":"<p>Ol\u00e1, amigas e amigos concurseiros! No post de hoje irei tecer coment\u00e1rios sobre as quest\u00f5es da prova de direito tribut\u00e1rio cobradas no concurso para o cargo de Analista do MPU \u2013 \u00e1rea de atividade: Apoio t\u00e9cnico-especializado \u2013 Especialidade: Finan\u00e7as e Controle (Cargo 02). Tomarei como base a prova do tipo 01. Direito tribut\u00e1rio foi cobrado [&hellip;]<\/p>\n","protected":false},"author":3,"featured_media":0,"comment_status":"open","ping_status":"open","sticky":false,"template":"","format":"standard","meta":{"post_tipo":"article","footnotes":""},"categories":[],"tags":[535,52],"tax_estado":[],"class_list":["post-22294","post","type-post","status-publish","format-standard","hentry","tag-direito-tributario","tag-mpu"],"acf":[],"yoast_head":"<!-- This site is optimized with the Yoast SEO Premium plugin v27.2 (Yoast SEO v27.2) - https:\/\/yoast.com\/product\/yoast-seo-premium-wordpress\/ -->\n<title>Coment\u00e1rios Quest\u00f5es de Direito Tribut\u00e1rio do Concurso MPU<\/title>\n<meta name=\"description\" content=\"Coment\u00e1rios \u00e0s quest\u00f5es de Direito Tribut\u00e1rio do Concurso MPU - Cargo 02 (Finan\u00e7as e Controle) 2015. As quest\u00f5es estavam dentro do n\u00edvel m\u00e9dio a dif\u00edcil.\" \/>\n<meta name=\"robots\" content=\"index, follow, max-snippet:-1, max-image-preview:large, max-video-preview:-1\" \/>\n<link rel=\"canonical\" href=\"https:\/\/www.estrategiaconcursos.com.br\/blog\/comentarios-questoes-de-direito-tributario-mpu-cargo-02-financas-e-controle\/\" \/>\n<meta property=\"og:locale\" content=\"pt_BR\" \/>\n<meta property=\"og:type\" content=\"article\" \/>\n<meta property=\"og:title\" content=\"Coment\u00e1rios \u00e0s quest\u00f5es de Direito Tribut\u00e1rio - MPU - Cargo 02 (Finan\u00e7as e Controle)\" \/>\n<meta property=\"og:description\" content=\"Coment\u00e1rios \u00e0s quest\u00f5es de Direito Tribut\u00e1rio do Concurso MPU - Cargo 02 (Finan\u00e7as e Controle) 2015. As quest\u00f5es estavam dentro do n\u00edvel m\u00e9dio a dif\u00edcil.\" \/>\n<meta property=\"og:url\" content=\"https:\/\/www.estrategiaconcursos.com.br\/blog\/comentarios-questoes-de-direito-tributario-mpu-cargo-02-financas-e-controle\/\" \/>\n<meta property=\"og:site_name\" content=\"Estrat\u00e9gia Concursos\" \/>\n<meta property=\"article:author\" content=\"http:\/\/www.facebook.com\/aluisioalneto\" \/>\n<meta property=\"article:published_time\" content=\"2015-03-26T04:20:42+00:00\" \/>\n<meta property=\"article:modified_time\" content=\"2015-03-26T13:05:22+00:00\" \/>\n<meta name=\"author\" content=\"Aluisio Neto\" \/>\n<meta name=\"twitter:card\" content=\"summary_large_image\" \/>\n<meta name=\"twitter:creator\" content=\"@EstratConcursos\" \/>\n<meta name=\"twitter:site\" content=\"@EstratConcursos\" \/>\n<meta name=\"twitter:label1\" content=\"Escrito por\" \/>\n\t<meta name=\"twitter:data1\" content=\"Aluisio Neto\" \/>\n\t<meta name=\"twitter:label2\" content=\"Est. tempo de leitura\" \/>\n\t<meta name=\"twitter:data2\" content=\"9 minutos\" \/>\n<script type=\"application\/ld+json\" class=\"yoast-schema-graph\">{\"@context\":\"https:\/\/schema.org\",\"@graph\":[{\"@type\":\"NewsArticle\",\"@id\":\"https:\/\/www.estrategiaconcursos.com.br\/blog\/comentarios-questoes-de-direito-tributario-mpu-cargo-02-financas-e-controle\/#article\",\"isPartOf\":{\"@id\":\"https:\/\/www.estrategiaconcursos.com.br\/blog\/comentarios-questoes-de-direito-tributario-mpu-cargo-02-financas-e-controle\/\"},\"author\":{\"name\":\"Aluisio Neto\",\"@id\":\"https:\/\/www.estrategiaconcursos.com.br\/blog\/#\/schema\/person\/ffa88acf2785fd114e519e068a27ca9e\"},\"headline\":\"Coment\u00e1rios \u00e0s quest\u00f5es de Direito Tribut\u00e1rio &#8211; MPU &#8211; Cargo 02 (Finan\u00e7as e Controle)\",\"datePublished\":\"2015-03-26T04:20:42+00:00\",\"dateModified\":\"2015-03-26T13:05:22+00:00\",\"mainEntityOfPage\":{\"@id\":\"https:\/\/www.estrategiaconcursos.com.br\/blog\/comentarios-questoes-de-direito-tributario-mpu-cargo-02-financas-e-controle\/\"},\"wordCount\":1739,\"commentCount\":1,\"publisher\":{\"@id\":\"https:\/\/www.estrategiaconcursos.com.br\/blog\/#organization\"},\"keywords\":[\"Direito Tribut\u00e1rio\",\"MPU\"],\"inLanguage\":\"pt-BR\",\"potentialAction\":[{\"@type\":\"CommentAction\",\"name\":\"Comment\",\"target\":[\"https:\/\/www.estrategiaconcursos.com.br\/blog\/comentarios-questoes-de-direito-tributario-mpu-cargo-02-financas-e-controle\/#respond\"]}],\"copyrightYear\":\"2015\",\"copyrightHolder\":{\"@id\":\"https:\/\/www.estrategiaconcursos.com.br\/blog\/#organization\"}},{\"@type\":\"WebPage\",\"@id\":\"https:\/\/www.estrategiaconcursos.com.br\/blog\/comentarios-questoes-de-direito-tributario-mpu-cargo-02-financas-e-controle\/\",\"url\":\"https:\/\/www.estrategiaconcursos.com.br\/blog\/comentarios-questoes-de-direito-tributario-mpu-cargo-02-financas-e-controle\/\",\"name\":\"Coment\u00e1rios Quest\u00f5es de Direito Tribut\u00e1rio do Concurso MPU\",\"isPartOf\":{\"@id\":\"https:\/\/www.estrategiaconcursos.com.br\/blog\/#website\"},\"datePublished\":\"2015-03-26T04:20:42+00:00\",\"dateModified\":\"2015-03-26T13:05:22+00:00\",\"description\":\"Coment\u00e1rios \u00e0s quest\u00f5es de Direito Tribut\u00e1rio do Concurso MPU - Cargo 02 (Finan\u00e7as e Controle) 2015. As quest\u00f5es estavam dentro do n\u00edvel m\u00e9dio a dif\u00edcil.\",\"breadcrumb\":{\"@id\":\"https:\/\/www.estrategiaconcursos.com.br\/blog\/comentarios-questoes-de-direito-tributario-mpu-cargo-02-financas-e-controle\/#breadcrumb\"},\"inLanguage\":\"pt-BR\",\"potentialAction\":[{\"@type\":\"ReadAction\",\"target\":[\"https:\/\/www.estrategiaconcursos.com.br\/blog\/comentarios-questoes-de-direito-tributario-mpu-cargo-02-financas-e-controle\/\"]}]},{\"@type\":\"BreadcrumbList\",\"@id\":\"https:\/\/www.estrategiaconcursos.com.br\/blog\/comentarios-questoes-de-direito-tributario-mpu-cargo-02-financas-e-controle\/#breadcrumb\",\"itemListElement\":[{\"@type\":\"ListItem\",\"position\":1,\"name\":\"In\u00edcio\",\"item\":\"https:\/\/www.estrategiaconcursos.com.br\/blog\/\"},{\"@type\":\"ListItem\",\"position\":2,\"name\":\"Coment\u00e1rios \u00e0s quest\u00f5es de Direito Tribut\u00e1rio &#8211; MPU &#8211; Cargo 02 (Finan\u00e7as e Controle)\"}]},{\"@type\":\"WebSite\",\"@id\":\"https:\/\/www.estrategiaconcursos.com.br\/blog\/#website\",\"url\":\"https:\/\/www.estrategiaconcursos.com.br\/blog\/\",\"name\":\"Estrat\u00e9gia Concursos\",\"description\":\"O blog da Estrat\u00e9gia Concursos traz not\u00edcias sobre concursos e artigos de professores oferecendo cursos para concursos (pdf + videaulas) no site.\",\"publisher\":{\"@id\":\"https:\/\/www.estrategiaconcursos.com.br\/blog\/#organization\"},\"potentialAction\":[{\"@type\":\"SearchAction\",\"target\":{\"@type\":\"EntryPoint\",\"urlTemplate\":\"https:\/\/www.estrategiaconcursos.com.br\/blog\/?s={search_term_string}\"},\"query-input\":{\"@type\":\"PropertyValueSpecification\",\"valueRequired\":true,\"valueName\":\"search_term_string\"}}],\"inLanguage\":\"pt-BR\"},{\"@type\":\"Organization\",\"@id\":\"https:\/\/www.estrategiaconcursos.com.br\/blog\/#organization\",\"name\":\"Estrat\u00e9gia Concursos\",\"url\":\"https:\/\/www.estrategiaconcursos.com.br\/blog\/\",\"logo\":{\"@type\":\"ImageObject\",\"inLanguage\":\"pt-BR\",\"@id\":\"https:\/\/www.estrategiaconcursos.com.br\/blog\/#\/schema\/logo\/image\/\",\"url\":\"https:\/\/dhg1h5j42swfq.cloudfront.net\/2025\/06\/03203428\/logo_concursos-1.jpg\",\"contentUrl\":\"https:\/\/dhg1h5j42swfq.cloudfront.net\/2025\/06\/03203428\/logo_concursos-1.jpg\",\"width\":230,\"height\":60,\"caption\":\"Estrat\u00e9gia Concursos\"},\"image\":{\"@id\":\"https:\/\/www.estrategiaconcursos.com.br\/blog\/#\/schema\/logo\/image\/\"},\"sameAs\":[\"https:\/\/x.com\/EstratConcursos\"]},{\"@type\":\"Person\",\"@id\":\"https:\/\/www.estrategiaconcursos.com.br\/blog\/#\/schema\/person\/ffa88acf2785fd114e519e068a27ca9e\",\"name\":\"Aluisio Neto\",\"image\":{\"@type\":\"ImageObject\",\"inLanguage\":\"pt-BR\",\"@id\":\"https:\/\/secure.gravatar.com\/avatar\/5e333cb4a6d2e4dee8f33229d897634efd36084098a6da40059f6aa20b1c6dc2?s=96&d=mm&r=g\",\"url\":\"https:\/\/secure.gravatar.com\/avatar\/5e333cb4a6d2e4dee8f33229d897634efd36084098a6da40059f6aa20b1c6dc2?s=96&d=mm&r=g\",\"contentUrl\":\"https:\/\/secure.gravatar.com\/avatar\/5e333cb4a6d2e4dee8f33229d897634efd36084098a6da40059f6aa20b1c6dc2?s=96&d=mm&r=g\",\"caption\":\"Aluisio Neto\"},\"sameAs\":[\"http:\/\/www.facebook.com\/aluisioalneto\"],\"url\":\"https:\/\/www.estrategiaconcursos.com.br\/blog\/author\/aluisionetoestrategiaconcursos-com-br\/\"}]}<\/script>\n<!-- \/ Yoast SEO Premium plugin. -->","yoast_head_json":{"title":"Coment\u00e1rios Quest\u00f5es de Direito Tribut\u00e1rio do Concurso MPU","description":"Coment\u00e1rios \u00e0s quest\u00f5es de Direito Tribut\u00e1rio do Concurso MPU - Cargo 02 (Finan\u00e7as e Controle) 2015. As quest\u00f5es estavam dentro do n\u00edvel m\u00e9dio a dif\u00edcil.","robots":{"index":"index","follow":"follow","max-snippet":"max-snippet:-1","max-image-preview":"max-image-preview:large","max-video-preview":"max-video-preview:-1"},"canonical":"https:\/\/www.estrategiaconcursos.com.br\/blog\/comentarios-questoes-de-direito-tributario-mpu-cargo-02-financas-e-controle\/","og_locale":"pt_BR","og_type":"article","og_title":"Coment\u00e1rios \u00e0s quest\u00f5es de Direito Tribut\u00e1rio - MPU - Cargo 02 (Finan\u00e7as e Controle)","og_description":"Coment\u00e1rios \u00e0s quest\u00f5es de Direito Tribut\u00e1rio do Concurso MPU - Cargo 02 (Finan\u00e7as e Controle) 2015. As quest\u00f5es estavam dentro do n\u00edvel m\u00e9dio a dif\u00edcil.","og_url":"https:\/\/www.estrategiaconcursos.com.br\/blog\/comentarios-questoes-de-direito-tributario-mpu-cargo-02-financas-e-controle\/","og_site_name":"Estrat\u00e9gia Concursos","article_author":"http:\/\/www.facebook.com\/aluisioalneto","article_published_time":"2015-03-26T04:20:42+00:00","article_modified_time":"2015-03-26T13:05:22+00:00","author":"Aluisio Neto","twitter_card":"summary_large_image","twitter_creator":"@EstratConcursos","twitter_site":"@EstratConcursos","twitter_misc":{"Escrito por":"Aluisio Neto","Est. tempo de leitura":"9 minutos"},"schema":{"@context":"https:\/\/schema.org","@graph":[{"@type":"NewsArticle","@id":"https:\/\/www.estrategiaconcursos.com.br\/blog\/comentarios-questoes-de-direito-tributario-mpu-cargo-02-financas-e-controle\/#article","isPartOf":{"@id":"https:\/\/www.estrategiaconcursos.com.br\/blog\/comentarios-questoes-de-direito-tributario-mpu-cargo-02-financas-e-controle\/"},"author":{"name":"Aluisio Neto","@id":"https:\/\/www.estrategiaconcursos.com.br\/blog\/#\/schema\/person\/ffa88acf2785fd114e519e068a27ca9e"},"headline":"Coment\u00e1rios \u00e0s quest\u00f5es de Direito Tribut\u00e1rio &#8211; MPU &#8211; Cargo 02 (Finan\u00e7as e Controle)","datePublished":"2015-03-26T04:20:42+00:00","dateModified":"2015-03-26T13:05:22+00:00","mainEntityOfPage":{"@id":"https:\/\/www.estrategiaconcursos.com.br\/blog\/comentarios-questoes-de-direito-tributario-mpu-cargo-02-financas-e-controle\/"},"wordCount":1739,"commentCount":1,"publisher":{"@id":"https:\/\/www.estrategiaconcursos.com.br\/blog\/#organization"},"keywords":["Direito Tribut\u00e1rio","MPU"],"inLanguage":"pt-BR","potentialAction":[{"@type":"CommentAction","name":"Comment","target":["https:\/\/www.estrategiaconcursos.com.br\/blog\/comentarios-questoes-de-direito-tributario-mpu-cargo-02-financas-e-controle\/#respond"]}],"copyrightYear":"2015","copyrightHolder":{"@id":"https:\/\/www.estrategiaconcursos.com.br\/blog\/#organization"}},{"@type":"WebPage","@id":"https:\/\/www.estrategiaconcursos.com.br\/blog\/comentarios-questoes-de-direito-tributario-mpu-cargo-02-financas-e-controle\/","url":"https:\/\/www.estrategiaconcursos.com.br\/blog\/comentarios-questoes-de-direito-tributario-mpu-cargo-02-financas-e-controle\/","name":"Coment\u00e1rios Quest\u00f5es de Direito Tribut\u00e1rio do Concurso MPU","isPartOf":{"@id":"https:\/\/www.estrategiaconcursos.com.br\/blog\/#website"},"datePublished":"2015-03-26T04:20:42+00:00","dateModified":"2015-03-26T13:05:22+00:00","description":"Coment\u00e1rios \u00e0s quest\u00f5es de Direito Tribut\u00e1rio do Concurso MPU - Cargo 02 (Finan\u00e7as e Controle) 2015. As quest\u00f5es estavam dentro do n\u00edvel m\u00e9dio a dif\u00edcil.","breadcrumb":{"@id":"https:\/\/www.estrategiaconcursos.com.br\/blog\/comentarios-questoes-de-direito-tributario-mpu-cargo-02-financas-e-controle\/#breadcrumb"},"inLanguage":"pt-BR","potentialAction":[{"@type":"ReadAction","target":["https:\/\/www.estrategiaconcursos.com.br\/blog\/comentarios-questoes-de-direito-tributario-mpu-cargo-02-financas-e-controle\/"]}]},{"@type":"BreadcrumbList","@id":"https:\/\/www.estrategiaconcursos.com.br\/blog\/comentarios-questoes-de-direito-tributario-mpu-cargo-02-financas-e-controle\/#breadcrumb","itemListElement":[{"@type":"ListItem","position":1,"name":"In\u00edcio","item":"https:\/\/www.estrategiaconcursos.com.br\/blog\/"},{"@type":"ListItem","position":2,"name":"Coment\u00e1rios \u00e0s quest\u00f5es de Direito Tribut\u00e1rio &#8211; MPU &#8211; Cargo 02 (Finan\u00e7as e Controle)"}]},{"@type":"WebSite","@id":"https:\/\/www.estrategiaconcursos.com.br\/blog\/#website","url":"https:\/\/www.estrategiaconcursos.com.br\/blog\/","name":"Estrat\u00e9gia Concursos","description":"O blog da Estrat\u00e9gia Concursos traz not\u00edcias sobre concursos e artigos de professores oferecendo cursos para concursos (pdf + videaulas) no site.","publisher":{"@id":"https:\/\/www.estrategiaconcursos.com.br\/blog\/#organization"},"potentialAction":[{"@type":"SearchAction","target":{"@type":"EntryPoint","urlTemplate":"https:\/\/www.estrategiaconcursos.com.br\/blog\/?s={search_term_string}"},"query-input":{"@type":"PropertyValueSpecification","valueRequired":true,"valueName":"search_term_string"}}],"inLanguage":"pt-BR"},{"@type":"Organization","@id":"https:\/\/www.estrategiaconcursos.com.br\/blog\/#organization","name":"Estrat\u00e9gia Concursos","url":"https:\/\/www.estrategiaconcursos.com.br\/blog\/","logo":{"@type":"ImageObject","inLanguage":"pt-BR","@id":"https:\/\/www.estrategiaconcursos.com.br\/blog\/#\/schema\/logo\/image\/","url":"https:\/\/dhg1h5j42swfq.cloudfront.net\/2025\/06\/03203428\/logo_concursos-1.jpg","contentUrl":"https:\/\/dhg1h5j42swfq.cloudfront.net\/2025\/06\/03203428\/logo_concursos-1.jpg","width":230,"height":60,"caption":"Estrat\u00e9gia Concursos"},"image":{"@id":"https:\/\/www.estrategiaconcursos.com.br\/blog\/#\/schema\/logo\/image\/"},"sameAs":["https:\/\/x.com\/EstratConcursos"]},{"@type":"Person","@id":"https:\/\/www.estrategiaconcursos.com.br\/blog\/#\/schema\/person\/ffa88acf2785fd114e519e068a27ca9e","name":"Aluisio Neto","image":{"@type":"ImageObject","inLanguage":"pt-BR","@id":"https:\/\/secure.gravatar.com\/avatar\/5e333cb4a6d2e4dee8f33229d897634efd36084098a6da40059f6aa20b1c6dc2?s=96&d=mm&r=g","url":"https:\/\/secure.gravatar.com\/avatar\/5e333cb4a6d2e4dee8f33229d897634efd36084098a6da40059f6aa20b1c6dc2?s=96&d=mm&r=g","contentUrl":"https:\/\/secure.gravatar.com\/avatar\/5e333cb4a6d2e4dee8f33229d897634efd36084098a6da40059f6aa20b1c6dc2?s=96&d=mm&r=g","caption":"Aluisio Neto"},"sameAs":["http:\/\/www.facebook.com\/aluisioalneto"],"url":"https:\/\/www.estrategiaconcursos.com.br\/blog\/author\/aluisionetoestrategiaconcursos-com-br\/"}]}},"_links":{"self":[{"href":"https:\/\/www.estrategiaconcursos.com.br\/blog\/wp-json\/wp\/v2\/posts\/22294","targetHints":{"allow":["GET"]}}],"collection":[{"href":"https:\/\/www.estrategiaconcursos.com.br\/blog\/wp-json\/wp\/v2\/posts"}],"about":[{"href":"https:\/\/www.estrategiaconcursos.com.br\/blog\/wp-json\/wp\/v2\/types\/post"}],"author":[{"embeddable":true,"href":"https:\/\/www.estrategiaconcursos.com.br\/blog\/wp-json\/wp\/v2\/users\/3"}],"replies":[{"embeddable":true,"href":"https:\/\/www.estrategiaconcursos.com.br\/blog\/wp-json\/wp\/v2\/comments?post=22294"}],"version-history":[{"count":2,"href":"https:\/\/www.estrategiaconcursos.com.br\/blog\/wp-json\/wp\/v2\/posts\/22294\/revisions"}],"predecessor-version":[{"id":22309,"href":"https:\/\/www.estrategiaconcursos.com.br\/blog\/wp-json\/wp\/v2\/posts\/22294\/revisions\/22309"}],"wp:attachment":[{"href":"https:\/\/www.estrategiaconcursos.com.br\/blog\/wp-json\/wp\/v2\/media?parent=22294"}],"wp:term":[{"taxonomy":"category","embeddable":true,"href":"https:\/\/www.estrategiaconcursos.com.br\/blog\/wp-json\/wp\/v2\/categories?post=22294"},{"taxonomy":"post_tag","embeddable":true,"href":"https:\/\/www.estrategiaconcursos.com.br\/blog\/wp-json\/wp\/v2\/tags?post=22294"},{"taxonomy":"tax_estado","embeddable":true,"href":"https:\/\/www.estrategiaconcursos.com.br\/blog\/wp-json\/wp\/v2\/tax_estado?post=22294"}],"curies":[{"name":"wp","href":"https:\/\/api.w.org\/{rel}","templated":true}]}}