{"id":22289,"date":"2015-03-25T22:34:20","date_gmt":"2015-03-26T01:34:20","guid":{"rendered":"http:\/\/www.estrategiaconcursos.com.br\/blog\/?p=22289"},"modified":"2015-03-25T22:34:20","modified_gmt":"2015-03-26T01:34:20","slug":"direito-administrativo-cge-pi-comentarios-e-recurso","status":"publish","type":"post","link":"https:\/\/www.estrategiaconcursos.com.br\/blog\/direito-administrativo-cge-pi-comentarios-e-recurso\/","title":{"rendered":"Direito Administrativo &#8211; CGE-PI &#8211; Coment\u00e1rios e recurso!"},"content":{"rendered":"<p style=\"text-align: justify\">Ol\u00e1 amigos(as)!<\/p>\n<p style=\"text-align: justify\">Seguem os coment\u00e1rios da prova de Direito Administrativo para o cargo de Auditor Governamental da Controladoria-Geral do Estado do Piau\u00ed &#8211; CGE-PI.<\/p>\n<p style=\"text-align: justify\">A prova foi bem tranquila para aqueles que fizeram o nosso curso! :)<\/p>\n<p style=\"text-align: justify\">Vejo a possibilidade de recurso na\u00a0quest\u00e3o 46. Concordo com o gabarito da banca, mas quem estiver querendo ganhar um pontinho extra, pode tentar alguma coisa.<\/p>\n<p style=\"text-align: justify\">Vamos l\u00e1!<\/p>\n<p style=\"text-align: justify\"><strong>Julgue os itens seguintes, referentes \u00e0s disposi\u00e7\u00f5es da Lei n.\u00ba 9.784\/1999 \u2014 Lei do Processo Administrativo \u2014 e da Lei Complementar Estadual n.\u00ba 13\/1994 \u2014 Estatuto dos Servidores P\u00fablicos Civis do Estado do Piau\u00ed.<\/strong><\/p>\n<p style=\"text-align: justify\"><strong>40 A edi\u00e7\u00e3o de atos de car\u00e1ter normativo e a decis\u00e3o de recursos administrativos n\u00e3o podem ser objetos de delega\u00e7\u00e3o.<\/strong><\/p>\n<p style=\"text-align: justify\"><strong><span style=\"text-decoration: underline\">Coment\u00e1rio<\/span><\/strong>: de acordo com o art. 13 da Lei 9.784\/1999, n\u00e3o podem ser objeto de delega\u00e7\u00e3o:<\/p>\n<p style=\"text-align: justify\">I &#8211; <span style=\"text-decoration: underline\">a edi\u00e7\u00e3o de atos de car\u00e1ter normativo<\/span>;<\/p>\n<p style=\"text-align: justify\">II &#8211; <span style=\"text-decoration: underline\">a decis\u00e3o de recursos administrativos<\/span>;<\/p>\n<p style=\"text-align: justify\">III &#8211; as mat\u00e9rias de compet\u00eancia exclusiva do \u00f3rg\u00e3o ou autoridade.<\/p>\n<p style=\"text-align: justify\">Portanto, o item est\u00e1 perfeito. Vale refor\u00e7ar que, para o Cespe, quest\u00e3o incompleta n\u00e3o est\u00e1 errada. O item estaria errado apenas se a quest\u00e3o apresentasse algum termo limitador, como \u201capenas\u201d, \u201csomente\u201d, entre outros.<\/p>\n<p style=\"text-align: justify\">Assim, n\u00e3o h\u00e1 possibilidade de recurso.<\/p>\n<p style=\"text-align: justify\">Aula 4, p. 19.<\/p>\n<p style=\"text-align: justify\"><strong>Gabarito: correto.<\/strong><\/p>\n<p style=\"text-align: justify\"><strong>41 A licen\u00e7a para tratar de interesse particular concedida a servidor n\u00e3o poder\u00e1 ser interrompida pela administra\u00e7\u00e3o, sen\u00e3o a pedido do pr\u00f3prio servidor.<\/strong><\/p>\n<p style=\"text-align: justify\"><strong><span style=\"text-decoration: underline\">Coment\u00e1rio<\/span><\/strong>: \u00a0de acordo com a <strong>Lei<\/strong> <strong>Complementar Estadual n.\u00ba 13\/1994 \u2014 Estatuto dos Servidores P\u00fablicos Civis do Estado do Piau\u00ed \u2013 <\/strong>a licen\u00e7a para tratar de interesses particulares poder\u00e1 ser concedida, a crit\u00e9rio da Administra\u00e7\u00e3o, ao servidor ocupante de cargo efetivo, desde que n\u00e3o esteja em est\u00e1gio probat\u00f3rio ou seja ocupante de cargo em comiss\u00e3o, pelo prazo de at\u00e9 dois anos consecutivos, sem remunera\u00e7\u00e3o (art. 94). A concess\u00e3o da licen\u00e7a ocorre de forma discricion\u00e1ria pela Administra\u00e7\u00e3o, <strong>podendo-se interromp\u00ea-la<\/strong>, a qualquer tempo, a pedido do servidor ou <strong><span style=\"text-decoration: underline\">no interesse do servi\u00e7o<\/span><\/strong> (art. 94, \u00a71\u00ba).<\/p>\n<p style=\"text-align: justify\">Portanto, a licen\u00e7a pode ser interrompida, a pedido do servidor ou no interesse do servi\u00e7o (de of\u00edcio). Assim, o item est\u00e1 errado.<\/p>\n<p style=\"text-align: justify\">Aula Extra, p. 20.<\/p>\n<p style=\"text-align: justify\"><strong>Gabarito: errado.<\/strong><\/p>\n<p style=\"text-align: justify\"><strong>42 O processo administrativo poder\u00e1 iniciar-se de of\u00edcio ou em raz\u00e3o de requerimento do interessado.<\/strong><\/p>\n<p style=\"text-align: justify\"><strong><span style=\"text-decoration: underline\">Coment\u00e1rio<\/span><\/strong>: o art. 5\u00ba da Lei 9.784\/1999 disp\u00f5e que o processo administrativo poder\u00e1 ser iniciado <strong><span style=\"text-decoration: underline\">de of\u00edcio<\/span><\/strong> ou a <strong><span style=\"text-decoration: underline\">pedido do interessado<\/span><\/strong>. Logo, o item est\u00e1 correto.<\/p>\n<p style=\"text-align: justify\">Aula 12, p. 15.<\/p>\n<p style=\"text-align: justify\"><strong>Gabarito: correto.<\/strong><\/p>\n<p style=\"text-align: justify\"><strong>\u00c0 luz das disposi\u00e7\u00f5es contidas na Lei de Licita\u00e7\u00f5es \u2014 Lei n.\u00ba 8.666\/1993 \u2014 e na Lei dos Preg\u00f5es \u2014 Lei n.\u00ba 10.520\/2002 \u2014, julgue os itens que se seguem.<\/strong><\/p>\n<p style=\"text-align: justify\"><strong>43 A equipe de apoio do preg\u00e3o ser\u00e1 integrada exclusivamente por servidores ocupantes de cargo efetivo na administra\u00e7\u00e3o, pertencentes ao quadro permanente do respectivo \u00f3rg\u00e3o p\u00fablico.<\/strong><\/p>\n<p style=\"text-align: justify\"><strong><span style=\"text-decoration: underline\">Coment\u00e1rio<\/span><\/strong>: consoante o art. 3\u00ba, \u00a71\u00ba, da Lei 10.520\/2002, a equipe de apoio dever\u00e1 ser integrada <strong><span style=\"text-decoration: underline\">em sua maioria<\/span> <\/strong>por servidores ocupantes de cargo efetivo ou emprego da administra\u00e7\u00e3o, preferencialmente pertencentes ao quadro permanente do \u00f3rg\u00e3o ou entidade promotora do evento.<\/p>\n<p style=\"text-align: justify\">Assim, \u00e9 a \u201cmaioria\u201d da equipe que deve ser ocupante de cargo efetivo, mas n\u00e3o h\u00e1 exig\u00eancia de que sejam todos servidores efetivos. Com efeito, os servidores \u201cpreferencialmente\u201d devem ocupar o quadro permanente \u2013 a quest\u00e3o deu a entender que eles devem se, exclusivamente, do quadro permanente.<\/p>\n<p style=\"text-align: justify\">Portanto, temos dois erros: (i) n\u00e3o \u00e9 exclusivamente, mas sim a maioria ocupante de cargo efetivo; (ii) os servidores n\u00e3o devem ser exclusivamente do quadro permanente, mas sim preferencialmente.<\/p>\n<p style=\"text-align: justify\">Aula 9, p. 4.<\/p>\n<p style=\"text-align: justify\"><strong>Gabarito: errado.<\/strong><\/p>\n<p style=\"text-align: justify\"><strong>44 Em uma licita\u00e7\u00e3o, \u00e9 vedada a participa\u00e7\u00e3o direta ou indireta de servidor da entidade licitante.<\/strong><\/p>\n<p style=\"text-align: justify\">Coment\u00e1rio: conforme disp\u00f5e o art.9\u00ba da Lei 8.666\/1993, n\u00e3o poder\u00e1 participar, direta ou indiretamente, da licita\u00e7\u00e3o ou da execu\u00e7\u00e3o de obra ou servi\u00e7o e do fornecimento de bens a eles necess\u00e1rios:<\/p>\n<p style=\"text-align: justify\">I &#8211; o autor do projeto, b\u00e1sico ou executivo, pessoa f\u00edsica ou jur\u00eddica;<\/p>\n<p style=\"text-align: justify\">II &#8211; empresa, isoladamente ou em cons\u00f3rcio, respons\u00e1vel pela elabora\u00e7\u00e3o do projeto b\u00e1sico ou executivo ou da qual o autor do projeto seja dirigente, gerente, acionista ou detentor de mais de 5% (cinco por cento) do capital com direito a voto ou controlador, respons\u00e1vel t\u00e9cnico ou subcontratado;<\/p>\n<p style=\"text-align: justify\">III &#8211; <strong><span style=\"text-decoration: underline\">servidor<\/span><\/strong> ou dirigente de \u00f3rg\u00e3o ou <strong>entidade contratante ou respons\u00e1vel pela licita\u00e7\u00e3o<\/strong>.<\/p>\n<p style=\"text-align: justify\">Assim, o servidor do \u00f3rg\u00e3o ou entidade respons\u00e1vel pela licita\u00e7\u00e3o (licitante) n\u00e3o poder\u00e1 participar dessa licita\u00e7\u00e3o.<\/p>\n<p style=\"text-align: justify\">Assim, a quest\u00e3o est\u00e1 correta.<\/p>\n<p style=\"text-align: justify\"><strong>Gabarito: correto.<\/strong><\/p>\n<p style=\"text-align: justify\"><strong>Julgue os itens a seguir, acerca dos atos administrativos e da responsabilidade civil do Estado.<\/strong><\/p>\n<p style=\"text-align: justify\"><strong>45 A administra\u00e7\u00e3o pode anular os pr\u00f3prios atos, por motivo de conveni\u00eancia ou oportunidade, respeitados os direitos adquiridos e ressalvada a aprecia\u00e7\u00e3o judicial, bem como pode revog\u00e1-los quando eles estiverem eivados de v\u00edcios que os tornem ilegais.<\/strong><\/p>\n<p style=\"text-align: justify\"><strong><span style=\"text-decoration: underline\">Coment\u00e1rio<\/span><\/strong>: a quest\u00e3o \u00e9 cl\u00e1ssica. De acordo com o enunciado da S\u00famula 473 do STF: \u201c<em>A Administra\u00e7\u00e3o pode anular seus pr\u00f3prios atos, quando eivados de v\u00edcios que os tornam ilegais, porque deles n\u00e3o se originam direitos; ou revog\u00e1-los, por motivo de conveni\u00eancia ou oportunidade, respeitados os direitos adquiridos, e ressalvada, em todos os casos, a aprecia\u00e7\u00e3o judicial<\/em>\u201d.<\/p>\n<p style=\"text-align: justify\">Na mesma linha, a Lei 9.764\/1999 disp\u00f5e que \u201c<em>Art. 53. A Administra\u00e7\u00e3o deve anular seus pr\u00f3prios atos, quando eivados de v\u00edcio de legalidade, e pode revog\u00e1-los por motivo de conveni\u00eancia ou oportunidade, respeitados os direitos adquiridos<\/em>\u201d.<\/p>\n<p style=\"text-align: justify\">Assim, em caso de ilegalidade, a Administra\u00e7\u00e3o deve anular o ato. Por outro lado, \u00e9 poss\u00edvel revogar os atos administrativos v\u00e1lidos, por motivo de conveni\u00eancia e oportunidade (m\u00e9rito). Como podemos observar, a quest\u00e3o inverteu os casos de anula\u00e7\u00e3o com revoga\u00e7\u00e3o, motivo pelo qual est\u00e1 errada.<\/p>\n<p style=\"text-align: justify\">Aula 4, pp. 42-43 e 45.<\/p>\n<p style=\"text-align: justify\"><strong>Gabarito: errado.<\/strong><\/p>\n<p style=\"text-align: justify\"><strong>46 De acordo com a teoria do risco integral, \u00e9 suficiente a exist\u00eancia de um evento danoso e do nexo de causalidade entre a conduta administrativa e o dano para que seja obrigat\u00f3ria a indeniza\u00e7\u00e3o por parte do Estado, afastada a possibilidade de ser invocada alguma excludente da responsabilidade.<\/strong><\/p>\n<p style=\"text-align: justify\"><strong><span style=\"text-decoration: underline\">Coment\u00e1rio<\/span><\/strong>: na teoria do risco integral, o Estado funciona como um segurador universal, que dever\u00e1 suportar os danos sofridos por terceiros em qualquer hip\u00f3tese. A caracter\u00edstica do risco integral \u00e9 que n\u00e3o s\u00e3o admitidas as hip\u00f3teses de exclus\u00e3o da responsabilidade civil do Estado. De fato, para se aduzir a responsabilidade do Estado, seria suficiente demonstrar o dano e o nexo de causalidade entre a conduta administrativa e o dano. Por esse ponto, a quest\u00e3o est\u00e1 correta, sendo essa a orienta\u00e7\u00e3o majorit\u00e1ria (e inclusive \u00e9 o nosso entendimento).<\/p>\n<p style=\"text-align: justify\">No entanto, existe uma pequena diverg\u00eancia doutrin\u00e1ria que pode ser utilizada pelos candidatos que desejam anular a quest\u00e3o.<\/p>\n<p style=\"text-align: justify\">De acordo com Jos\u00e9 dos Santos Carvalho Filho: \u201c<em>J\u00e1 no risco integral a responsabilidade sequer depende do nexo causal e ocorre at\u00e9 mesmo quando a culpa \u00e9 da pr\u00f3pria v\u00edtima. Assim, por exemplo, o Estado teria que indenizar o indiv\u00edduo que se atirou deliberadamente \u00e0 frente de uma viatura p\u00fablica<\/em>\u201d (2014, p. 557).<\/p>\n<p style=\"text-align: justify\">Descordamos com o autor sobre este ponto de vista. Entretanto, ele \u00e9 um doutrinador relevante e, por isso, pode ser levado em considera\u00e7\u00e3o. Assim, \u00e9 poss\u00edvel interpor recurso alegando que, para Jos\u00e9 dos Santos Carvalho Filho a responsabilidade civil, na teoria do risco integral, independe de nexo causal.<\/p>\n<p style=\"text-align: justify\">Fonte bibliogr\u00e1fica para o recurso:<\/p>\n<p style=\"text-align: justify\">CARVALHO FILHO, Jos\u00e9 dos Santos. <strong>Manual de direito administrativo<\/strong>. 27\u00aa Edi\u00e7\u00e3o. S\u00e3o Paulo: Atlas, 2014 (p. 557).<\/p>\n<p style=\"text-align: justify\">Logo, a quest\u00e3o est\u00e1 correta, <strong><span style=\"color: #ff0000\">mas cabe recurso<\/span><\/strong>.<\/p>\n<p style=\"text-align: justify\">Aula 15, p. 7.<\/p>\n<p style=\"text-align: justify\"><strong>Gabarito: correto <span style=\"color: #ff0000\">(cabe recurso para anula\u00e7\u00e3o, por diverg\u00eancia doutrin\u00e1ria)<\/span>.<\/strong><\/p>\n<p style=\"text-align: justify\"><strong>47 As pessoas jur\u00eddicas de direito p\u00fablico responder\u00e3o pelos danos que seus agentes, nessa qualidade, causarem a terceiros, assegurado o direito de regresso contra o respons\u00e1vel apenas nos casos de dolo.<\/strong><\/p>\n<p style=\"text-align: justify\"><strong><span style=\"text-decoration: underline\">Coment\u00e1rio<\/span><\/strong>: o art. 37, \u00a76\u00ba, da CF, disp\u00f5e que \u201c<em>\u00a7 6\u00ba &#8211; As pessoas jur\u00eddicas de direito p\u00fablico e as de direito privado prestadoras de servi\u00e7os p\u00fablicos responder\u00e3o pelos danos que seus agentes, nessa qualidade, causarem a terceiros, assegurado o direito de regresso contra o respons\u00e1vel nos casos de dolo ou culpa<\/em>\u201d. Portanto, o direito de regresso contra o agente p\u00fablico ocorre tanto no caso de dolo como de culpa. Logo, a quest\u00e3o est\u00e1 errada.<\/p>\n<p style=\"text-align: justify\">Aula 15, p. 29.<\/p>\n<p style=\"text-align: justify\"><strong>Gabarito: errado.<\/strong><\/p>\n<p style=\"text-align: justify\">&#8212;&#8211;<\/p>\n<p style=\"text-align: justify\">\u00c9 isso pessoal! Bem tranquilo! Espero que todos tenham obtido o desempenho desejado nesta prova!<\/p>\n<p style=\"text-align: justify\">Contudo, para aqueles que continuam na batalha e desejam se preparar com cursos direcionados e atualizados, n\u00e3o deixem de conferir meus outros cursos aqui no Estrat\u00e9gia Concursos.<\/p>\n<p style=\"text-align: justify\"><a title=\"Direito Administrativo - Herbert Almeida\" href=\"https:\/\/www.estrategiaconcursos.com.br\/cursosPorProfessor\/herbert-almeida-3314\/\" target=\"_blank\">https:\/\/www.estrategiaconcursos.com.br\/cursosPorProfessor\/herbert-almeida-3314\/<\/a><\/p>\n<p style=\"text-align: justify\">Grande abra\u00e7o!<\/p>\n<p style=\"text-align: justify\">Herbert Almeida<\/p>\n<p style=\"text-align: justify\">herbert@estrategiaconcursos.com.br<\/p>\n","protected":false},"excerpt":{"rendered":"<p>Ol\u00e1 amigos(as)! Seguem os coment\u00e1rios da prova de Direito Administrativo para o cargo de Auditor Governamental da Controladoria-Geral do Estado do Piau\u00ed &#8211; CGE-PI. A prova foi bem tranquila para aqueles que fizeram o nosso curso! :) Vejo a possibilidade de recurso na\u00a0quest\u00e3o 46. Concordo com o gabarito da banca, mas quem estiver querendo ganhar [&hellip;]<\/p>\n","protected":false},"author":129,"featured_media":0,"comment_status":"open","ping_status":"open","sticky":false,"template":"","format":"standard","meta":{"post_tipo":"article","footnotes":""},"categories":[1],"tags":[26,46,67,8],"tax_estado":[],"class_list":["post-22289","post","type-post","status-publish","format-standard","hentry","category-cursos-e-concursos","tag-cespe","tag-comentarios","tag-direito-administrativo","tag-recurso"],"acf":[],"yoast_head":"<!-- This site is optimized with the Yoast SEO Premium plugin v27.2 (Yoast SEO v27.2) - https:\/\/yoast.com\/product\/yoast-seo-premium-wordpress\/ -->\n<title>Direito Administrativo - CGE-PI - Coment\u00e1rios e recurso!<\/title>\n<meta name=\"robots\" content=\"index, follow, max-snippet:-1, max-image-preview:large, max-video-preview:-1\" \/>\n<link rel=\"canonical\" href=\"https:\/\/www.estrategiaconcursos.com.br\/blog\/direito-administrativo-cge-pi-comentarios-e-recurso\/\" \/>\n<meta property=\"og:locale\" content=\"pt_BR\" \/>\n<meta property=\"og:type\" content=\"article\" \/>\n<meta property=\"og:title\" content=\"Direito Administrativo - CGE-PI - Coment\u00e1rios e recurso!\" \/>\n<meta property=\"og:description\" content=\"Ol\u00e1 amigos(as)! Seguem os coment\u00e1rios da prova de Direito Administrativo para o cargo de Auditor Governamental da Controladoria-Geral do Estado do Piau\u00ed &#8211; CGE-PI. A prova foi bem tranquila para aqueles que fizeram o nosso curso! :) Vejo a possibilidade de recurso na\u00a0quest\u00e3o 46. Concordo com o gabarito da banca, mas quem estiver querendo ganhar [&hellip;]\" \/>\n<meta property=\"og:url\" content=\"https:\/\/www.estrategiaconcursos.com.br\/blog\/direito-administrativo-cge-pi-comentarios-e-recurso\/\" \/>\n<meta property=\"og:site_name\" content=\"Estrat\u00e9gia Concursos\" \/>\n<meta property=\"article:published_time\" content=\"2015-03-26T01:34:20+00:00\" \/>\n<meta name=\"author\" content=\"Herbert Almeida\" \/>\n<meta name=\"twitter:card\" content=\"summary_large_image\" \/>\n<meta name=\"twitter:creator\" content=\"@EstratConcursos\" \/>\n<meta name=\"twitter:site\" content=\"@EstratConcursos\" \/>\n<meta name=\"twitter:label1\" content=\"Escrito por\" \/>\n\t<meta name=\"twitter:data1\" content=\"Herbert Almeida\" \/>\n\t<meta name=\"twitter:label2\" content=\"Est. tempo de leitura\" \/>\n\t<meta name=\"twitter:data2\" content=\"7 minutos\" \/>\n<script type=\"application\/ld+json\" class=\"yoast-schema-graph\">{\"@context\":\"https:\/\/schema.org\",\"@graph\":[{\"@type\":\"NewsArticle\",\"@id\":\"https:\/\/www.estrategiaconcursos.com.br\/blog\/direito-administrativo-cge-pi-comentarios-e-recurso\/#article\",\"isPartOf\":{\"@id\":\"https:\/\/www.estrategiaconcursos.com.br\/blog\/direito-administrativo-cge-pi-comentarios-e-recurso\/\"},\"author\":{\"name\":\"Herbert Almeida\",\"@id\":\"https:\/\/www.estrategiaconcursos.com.br\/blog\/#\/schema\/person\/59717c75350fa01aa0fd68a52a8d02e0\"},\"headline\":\"Direito Administrativo &#8211; CGE-PI &#8211; Coment\u00e1rios e recurso!\",\"datePublished\":\"2015-03-26T01:34:20+00:00\",\"mainEntityOfPage\":{\"@id\":\"https:\/\/www.estrategiaconcursos.com.br\/blog\/direito-administrativo-cge-pi-comentarios-e-recurso\/\"},\"wordCount\":1493,\"commentCount\":1,\"publisher\":{\"@id\":\"https:\/\/www.estrategiaconcursos.com.br\/blog\/#organization\"},\"keywords\":[\"CESPE\",\"Coment\u00e1rios\",\"Direito Administrativo\",\"Recurso\"],\"articleSection\":[\"Concursos P\u00fablicos\"],\"inLanguage\":\"pt-BR\",\"potentialAction\":[{\"@type\":\"CommentAction\",\"name\":\"Comment\",\"target\":[\"https:\/\/www.estrategiaconcursos.com.br\/blog\/direito-administrativo-cge-pi-comentarios-e-recurso\/#respond\"]}],\"copyrightYear\":\"2015\",\"copyrightHolder\":{\"@id\":\"https:\/\/www.estrategiaconcursos.com.br\/blog\/#organization\"}},{\"@type\":\"WebPage\",\"@id\":\"https:\/\/www.estrategiaconcursos.com.br\/blog\/direito-administrativo-cge-pi-comentarios-e-recurso\/\",\"url\":\"https:\/\/www.estrategiaconcursos.com.br\/blog\/direito-administrativo-cge-pi-comentarios-e-recurso\/\",\"name\":\"Direito Administrativo - CGE-PI - Coment\u00e1rios e recurso!\",\"isPartOf\":{\"@id\":\"https:\/\/www.estrategiaconcursos.com.br\/blog\/#website\"},\"datePublished\":\"2015-03-26T01:34:20+00:00\",\"breadcrumb\":{\"@id\":\"https:\/\/www.estrategiaconcursos.com.br\/blog\/direito-administrativo-cge-pi-comentarios-e-recurso\/#breadcrumb\"},\"inLanguage\":\"pt-BR\",\"potentialAction\":[{\"@type\":\"ReadAction\",\"target\":[\"https:\/\/www.estrategiaconcursos.com.br\/blog\/direito-administrativo-cge-pi-comentarios-e-recurso\/\"]}]},{\"@type\":\"BreadcrumbList\",\"@id\":\"https:\/\/www.estrategiaconcursos.com.br\/blog\/direito-administrativo-cge-pi-comentarios-e-recurso\/#breadcrumb\",\"itemListElement\":[{\"@type\":\"ListItem\",\"position\":1,\"name\":\"In\u00edcio\",\"item\":\"https:\/\/www.estrategiaconcursos.com.br\/blog\/\"},{\"@type\":\"ListItem\",\"position\":2,\"name\":\"Direito Administrativo &#8211; CGE-PI &#8211; Coment\u00e1rios e recurso!\"}]},{\"@type\":\"WebSite\",\"@id\":\"https:\/\/www.estrategiaconcursos.com.br\/blog\/#website\",\"url\":\"https:\/\/www.estrategiaconcursos.com.br\/blog\/\",\"name\":\"Estrat\u00e9gia Concursos\",\"description\":\"O blog da Estrat\u00e9gia Concursos traz not\u00edcias sobre concursos e artigos de professores oferecendo cursos para concursos (pdf + videaulas) no site.\",\"publisher\":{\"@id\":\"https:\/\/www.estrategiaconcursos.com.br\/blog\/#organization\"},\"potentialAction\":[{\"@type\":\"SearchAction\",\"target\":{\"@type\":\"EntryPoint\",\"urlTemplate\":\"https:\/\/www.estrategiaconcursos.com.br\/blog\/?s={search_term_string}\"},\"query-input\":{\"@type\":\"PropertyValueSpecification\",\"valueRequired\":true,\"valueName\":\"search_term_string\"}}],\"inLanguage\":\"pt-BR\"},{\"@type\":\"Organization\",\"@id\":\"https:\/\/www.estrategiaconcursos.com.br\/blog\/#organization\",\"name\":\"Estrat\u00e9gia Concursos\",\"url\":\"https:\/\/www.estrategiaconcursos.com.br\/blog\/\",\"logo\":{\"@type\":\"ImageObject\",\"inLanguage\":\"pt-BR\",\"@id\":\"https:\/\/www.estrategiaconcursos.com.br\/blog\/#\/schema\/logo\/image\/\",\"url\":\"https:\/\/dhg1h5j42swfq.cloudfront.net\/2025\/06\/03203428\/logo_concursos-1.jpg\",\"contentUrl\":\"https:\/\/dhg1h5j42swfq.cloudfront.net\/2025\/06\/03203428\/logo_concursos-1.jpg\",\"width\":230,\"height\":60,\"caption\":\"Estrat\u00e9gia Concursos\"},\"image\":{\"@id\":\"https:\/\/www.estrategiaconcursos.com.br\/blog\/#\/schema\/logo\/image\/\"},\"sameAs\":[\"https:\/\/x.com\/EstratConcursos\"]},{\"@type\":\"Person\",\"@id\":\"https:\/\/www.estrategiaconcursos.com.br\/blog\/#\/schema\/person\/59717c75350fa01aa0fd68a52a8d02e0\",\"name\":\"Herbert Almeida\",\"image\":{\"@type\":\"ImageObject\",\"inLanguage\":\"pt-BR\",\"@id\":\"https:\/\/secure.gravatar.com\/avatar\/b6461a43893c24d5fc91efc433971ffec025c84c0341129f4578034d77f9a536?s=96&d=mm&r=g\",\"url\":\"https:\/\/secure.gravatar.com\/avatar\/b6461a43893c24d5fc91efc433971ffec025c84c0341129f4578034d77f9a536?s=96&d=mm&r=g\",\"contentUrl\":\"https:\/\/secure.gravatar.com\/avatar\/b6461a43893c24d5fc91efc433971ffec025c84c0341129f4578034d77f9a536?s=96&d=mm&r=g\",\"caption\":\"Herbert Almeida\"},\"url\":\"https:\/\/www.estrategiaconcursos.com.br\/blog\/author\/herbertestrategiaconcursos-com-br\/\"}]}<\/script>\n<!-- \/ Yoast SEO Premium plugin. -->","yoast_head_json":{"title":"Direito Administrativo - CGE-PI - Coment\u00e1rios e recurso!","robots":{"index":"index","follow":"follow","max-snippet":"max-snippet:-1","max-image-preview":"max-image-preview:large","max-video-preview":"max-video-preview:-1"},"canonical":"https:\/\/www.estrategiaconcursos.com.br\/blog\/direito-administrativo-cge-pi-comentarios-e-recurso\/","og_locale":"pt_BR","og_type":"article","og_title":"Direito Administrativo - CGE-PI - Coment\u00e1rios e recurso!","og_description":"Ol\u00e1 amigos(as)! Seguem os coment\u00e1rios da prova de Direito Administrativo para o cargo de Auditor Governamental da Controladoria-Geral do Estado do Piau\u00ed &#8211; CGE-PI. A prova foi bem tranquila para aqueles que fizeram o nosso curso! :) Vejo a possibilidade de recurso na\u00a0quest\u00e3o 46. Concordo com o gabarito da banca, mas quem estiver querendo ganhar [&hellip;]","og_url":"https:\/\/www.estrategiaconcursos.com.br\/blog\/direito-administrativo-cge-pi-comentarios-e-recurso\/","og_site_name":"Estrat\u00e9gia Concursos","article_published_time":"2015-03-26T01:34:20+00:00","author":"Herbert Almeida","twitter_card":"summary_large_image","twitter_creator":"@EstratConcursos","twitter_site":"@EstratConcursos","twitter_misc":{"Escrito por":"Herbert Almeida","Est. tempo de leitura":"7 minutos"},"schema":{"@context":"https:\/\/schema.org","@graph":[{"@type":"NewsArticle","@id":"https:\/\/www.estrategiaconcursos.com.br\/blog\/direito-administrativo-cge-pi-comentarios-e-recurso\/#article","isPartOf":{"@id":"https:\/\/www.estrategiaconcursos.com.br\/blog\/direito-administrativo-cge-pi-comentarios-e-recurso\/"},"author":{"name":"Herbert Almeida","@id":"https:\/\/www.estrategiaconcursos.com.br\/blog\/#\/schema\/person\/59717c75350fa01aa0fd68a52a8d02e0"},"headline":"Direito Administrativo &#8211; CGE-PI &#8211; Coment\u00e1rios e recurso!","datePublished":"2015-03-26T01:34:20+00:00","mainEntityOfPage":{"@id":"https:\/\/www.estrategiaconcursos.com.br\/blog\/direito-administrativo-cge-pi-comentarios-e-recurso\/"},"wordCount":1493,"commentCount":1,"publisher":{"@id":"https:\/\/www.estrategiaconcursos.com.br\/blog\/#organization"},"keywords":["CESPE","Coment\u00e1rios","Direito Administrativo","Recurso"],"articleSection":["Concursos P\u00fablicos"],"inLanguage":"pt-BR","potentialAction":[{"@type":"CommentAction","name":"Comment","target":["https:\/\/www.estrategiaconcursos.com.br\/blog\/direito-administrativo-cge-pi-comentarios-e-recurso\/#respond"]}],"copyrightYear":"2015","copyrightHolder":{"@id":"https:\/\/www.estrategiaconcursos.com.br\/blog\/#organization"}},{"@type":"WebPage","@id":"https:\/\/www.estrategiaconcursos.com.br\/blog\/direito-administrativo-cge-pi-comentarios-e-recurso\/","url":"https:\/\/www.estrategiaconcursos.com.br\/blog\/direito-administrativo-cge-pi-comentarios-e-recurso\/","name":"Direito Administrativo - CGE-PI - Coment\u00e1rios e recurso!","isPartOf":{"@id":"https:\/\/www.estrategiaconcursos.com.br\/blog\/#website"},"datePublished":"2015-03-26T01:34:20+00:00","breadcrumb":{"@id":"https:\/\/www.estrategiaconcursos.com.br\/blog\/direito-administrativo-cge-pi-comentarios-e-recurso\/#breadcrumb"},"inLanguage":"pt-BR","potentialAction":[{"@type":"ReadAction","target":["https:\/\/www.estrategiaconcursos.com.br\/blog\/direito-administrativo-cge-pi-comentarios-e-recurso\/"]}]},{"@type":"BreadcrumbList","@id":"https:\/\/www.estrategiaconcursos.com.br\/blog\/direito-administrativo-cge-pi-comentarios-e-recurso\/#breadcrumb","itemListElement":[{"@type":"ListItem","position":1,"name":"In\u00edcio","item":"https:\/\/www.estrategiaconcursos.com.br\/blog\/"},{"@type":"ListItem","position":2,"name":"Direito Administrativo &#8211; CGE-PI &#8211; Coment\u00e1rios e recurso!"}]},{"@type":"WebSite","@id":"https:\/\/www.estrategiaconcursos.com.br\/blog\/#website","url":"https:\/\/www.estrategiaconcursos.com.br\/blog\/","name":"Estrat\u00e9gia Concursos","description":"O blog da Estrat\u00e9gia Concursos traz not\u00edcias sobre concursos e artigos de professores oferecendo cursos para concursos (pdf + videaulas) no site.","publisher":{"@id":"https:\/\/www.estrategiaconcursos.com.br\/blog\/#organization"},"potentialAction":[{"@type":"SearchAction","target":{"@type":"EntryPoint","urlTemplate":"https:\/\/www.estrategiaconcursos.com.br\/blog\/?s={search_term_string}"},"query-input":{"@type":"PropertyValueSpecification","valueRequired":true,"valueName":"search_term_string"}}],"inLanguage":"pt-BR"},{"@type":"Organization","@id":"https:\/\/www.estrategiaconcursos.com.br\/blog\/#organization","name":"Estrat\u00e9gia Concursos","url":"https:\/\/www.estrategiaconcursos.com.br\/blog\/","logo":{"@type":"ImageObject","inLanguage":"pt-BR","@id":"https:\/\/www.estrategiaconcursos.com.br\/blog\/#\/schema\/logo\/image\/","url":"https:\/\/dhg1h5j42swfq.cloudfront.net\/2025\/06\/03203428\/logo_concursos-1.jpg","contentUrl":"https:\/\/dhg1h5j42swfq.cloudfront.net\/2025\/06\/03203428\/logo_concursos-1.jpg","width":230,"height":60,"caption":"Estrat\u00e9gia Concursos"},"image":{"@id":"https:\/\/www.estrategiaconcursos.com.br\/blog\/#\/schema\/logo\/image\/"},"sameAs":["https:\/\/x.com\/EstratConcursos"]},{"@type":"Person","@id":"https:\/\/www.estrategiaconcursos.com.br\/blog\/#\/schema\/person\/59717c75350fa01aa0fd68a52a8d02e0","name":"Herbert Almeida","image":{"@type":"ImageObject","inLanguage":"pt-BR","@id":"https:\/\/secure.gravatar.com\/avatar\/b6461a43893c24d5fc91efc433971ffec025c84c0341129f4578034d77f9a536?s=96&d=mm&r=g","url":"https:\/\/secure.gravatar.com\/avatar\/b6461a43893c24d5fc91efc433971ffec025c84c0341129f4578034d77f9a536?s=96&d=mm&r=g","contentUrl":"https:\/\/secure.gravatar.com\/avatar\/b6461a43893c24d5fc91efc433971ffec025c84c0341129f4578034d77f9a536?s=96&d=mm&r=g","caption":"Herbert Almeida"},"url":"https:\/\/www.estrategiaconcursos.com.br\/blog\/author\/herbertestrategiaconcursos-com-br\/"}]}},"_links":{"self":[{"href":"https:\/\/www.estrategiaconcursos.com.br\/blog\/wp-json\/wp\/v2\/posts\/22289","targetHints":{"allow":["GET"]}}],"collection":[{"href":"https:\/\/www.estrategiaconcursos.com.br\/blog\/wp-json\/wp\/v2\/posts"}],"about":[{"href":"https:\/\/www.estrategiaconcursos.com.br\/blog\/wp-json\/wp\/v2\/types\/post"}],"author":[{"embeddable":true,"href":"https:\/\/www.estrategiaconcursos.com.br\/blog\/wp-json\/wp\/v2\/users\/129"}],"replies":[{"embeddable":true,"href":"https:\/\/www.estrategiaconcursos.com.br\/blog\/wp-json\/wp\/v2\/comments?post=22289"}],"version-history":[{"count":2,"href":"https:\/\/www.estrategiaconcursos.com.br\/blog\/wp-json\/wp\/v2\/posts\/22289\/revisions"}],"predecessor-version":[{"id":22291,"href":"https:\/\/www.estrategiaconcursos.com.br\/blog\/wp-json\/wp\/v2\/posts\/22289\/revisions\/22291"}],"wp:attachment":[{"href":"https:\/\/www.estrategiaconcursos.com.br\/blog\/wp-json\/wp\/v2\/media?parent=22289"}],"wp:term":[{"taxonomy":"category","embeddable":true,"href":"https:\/\/www.estrategiaconcursos.com.br\/blog\/wp-json\/wp\/v2\/categories?post=22289"},{"taxonomy":"post_tag","embeddable":true,"href":"https:\/\/www.estrategiaconcursos.com.br\/blog\/wp-json\/wp\/v2\/tags?post=22289"},{"taxonomy":"tax_estado","embeddable":true,"href":"https:\/\/www.estrategiaconcursos.com.br\/blog\/wp-json\/wp\/v2\/tax_estado?post=22289"}],"curies":[{"name":"wp","href":"https:\/\/api.w.org\/{rel}","templated":true}]}}