{"id":22093,"date":"2015-03-18T11:32:32","date_gmt":"2015-03-18T14:32:32","guid":{"rendered":"http:\/\/www.estrategiaconcursos.com.br\/blog\/?p=22093"},"modified":"2015-03-18T18:47:34","modified_gmt":"2015-03-18T21:47:34","slug":"autorizado-realizacao-concurso-trt-rs-vagas-serao-para-os-cargos-de-analista-e-de-tecnico-judiciario","status":"publish","type":"post","link":"https:\/\/www.estrategiaconcursos.com.br\/blog\/autorizado-realizacao-concurso-trt-rs-vagas-serao-para-os-cargos-de-analista-e-de-tecnico-judiciario\/","title":{"rendered":"Autorizada a realiza\u00e7\u00e3o do concurso TRT-RS. Vagas ser\u00e3o para os cargos de Analista e de T\u00e9cnico Judici\u00e1rio. Saiba mais!"},"content":{"rendered":"<p style=\"text-align: justify;\"><span style=\"color: #000000;\"><a href=\"https:\/\/www.estrategiaconcursos.com.br\/cursosPorConcurso\/trt-4-regiao-rio-grande-do-sul-375\/\"><img loading=\"lazy\" decoding=\"async\" class=\"alignleft wp-image-22094 size-full\" src=\"https:\/\/dhg1h5j42swfq.cloudfront.net\/2015\/03\/concurso-TRT-RS.png\" alt=\"concurso TRT-RS\" width=\"300\" height=\"120\" \/><\/a>O \u00d3rg\u00e3o Especial do Tribunal Regional do Trabalho da 4\u00aa Regi\u00e3o (RS) autorizou, em sess\u00e3o ordin\u00e1ria, a abertura de dois concursos para cargos de servidor. Os editais devem ser lan\u00e7ados no segundo semestre deste ano. Ainda n\u00e3o h\u00e1 defini\u00e7\u00e3o quanto ao n\u00famero de vagas.<\/span><\/p>\n<p style=\"text-align: justify;\"><span style=\"color: #000000;\">O primeiro <a title=\"Concurso TRT 4\u00aa Rio Grande do Sul\" href=\"https:\/\/www.estrategiaconcursos.com.br\/cursosPorConcurso\/trt-4-regiao-rio-grande-do-sul-375\/\">concurso TRT-RS<\/a> ser\u00e1 destinado ao provimento de cargos de Analista e de T\u00e9cnico Judici\u00e1rio, assim como de algumas de suas especialidades. O segundo processo seletivo visar\u00e1 ao provimento de cargos de T\u00e9cnico Judici\u00e1rio, \u00c1rea Administrativa, Especialidade Seguran\u00e7a.<\/span><\/p>\n<p style=\"text-align: justify;\"><span style=\"color: #000000;\">Na mesma sess\u00e3o, o desembargador Juraci Galv\u00e3o J\u00fanior foi designado como presidente da pr\u00f3xima Comiss\u00e3o de Concurso, que coordenar\u00e1 os dois certames. Os demais membros da Comiss\u00e3o ser\u00e3o definidos oportunamente.<\/span><\/p>\n<p style=\"text-align: justify;\"><strong><span style=\"color: #000000;\">Concurso TRT-RS 2011<\/span><\/strong><\/p>\n<p style=\"text-align: justify;\"><span style=\"color: #000000;\">O concurso TRT-RS, realizado em 2011, ter\u00e1 sua validade expirada em junho de 2015. O TRT4 realizou o concurso p\u00fablico com\u00a0vagas distribu\u00eddas entre cargos de T\u00e9cnicos Judici\u00e1rios (n\u00edvel m\u00e9dio) e de Analistas Judici\u00e1rios (n\u00edvel superior). A sele\u00e7\u00e3o ficou por conta da\u00a0Funda\u00e7\u00e3o Carlos Chagas (FCC).\u00a0<\/span><\/p>\n<p style=\"text-align: justify;\"><span style=\"color: #000000;\">Na ocasi\u00e3o foram ofertadas 15 vagas imediatas mais cadastro de reserva, mas como pode ser visto na lista oficial do Tribunal, \u00a0at\u00e9 Janeiro deste ano, j\u00e1 haviam sido\u00a0chamados 983 aprovados, sendo 500 para os cargos de Analista Judici\u00e1rio (n\u00edvel superior) e 483 para T\u00e9cnico Judici\u00e1rio\u00a0(n\u00edvel m\u00e9dio).<\/span><\/p>\n<p style=\"text-align: justify;\"><span style=\"color: #000000;\">Em 2011, as remunera\u00e7\u00f5es b\u00e1sicas para os cargos eram de R$ 6.611,39 e R$ 4.052,96. Em janeiro de 2015, essas remunera\u00e7\u00f5es estavam na ordem de R$ 8.863,84 para Analistas Judici\u00e1rios e de\u00a0R$ 5.425,79 para os T\u00e9cnicos Judici\u00e1rios. Neste valor j\u00e1 est\u00e3o acrescidos vantagens pr\u00f3prias da carreira de um servidor da Justi\u00e7a Federal.<\/span><\/p>\n<p style=\"text-align: justify;\"><span style=\"color: #000000;\">Fonte: Com informa\u00e7\u00f5es do Tribunal Regional do Trabalho da 4\u00aa Regi\u00e3o<\/span><\/p>\n<p style=\"text-align: justify;\"><strong><span style=\"color: #000000;\">O Estrat\u00e9gia Concursos lan\u00e7ar\u00e1, em breve,\u00a0cursos para o concurso TRT-RS. Acompanhe\u00a0em:<\/span><\/strong><\/p>\n<p><strong><a href=\"https:\/\/www.estrategiaconcursos.com.br\/cursosPorConcurso\/trt-4-regiao-rio-grande-do-sul-375\/\">https:\/\/www.estrategiaconcursos.com.br\/cursosPorConcurso\/trt-4-regiao-rio-grande-do-sul-375\/<\/a><\/strong><\/p>\n<p style=\"text-align: justify;\"><span style=\"color: #000000;\">Assessoria de Comunica\u00e7\u00e3o<\/span><\/p>\n<p><span style=\"color: #000000;\">comunicacao@estrategiaconcursos.com.br<\/span><\/p>\n","protected":false},"excerpt":{"rendered":"<p>O \u00d3rg\u00e3o Especial do Tribunal Regional do Trabalho da 4\u00aa Regi\u00e3o (RS) autorizou, em sess\u00e3o ordin\u00e1ria, a abertura de dois concursos para cargos de servidor. Os editais devem ser lan\u00e7ados no segundo semestre deste ano. Ainda n\u00e3o h\u00e1 defini\u00e7\u00e3o quanto ao n\u00famero de vagas. O primeiro concurso TRT-RS ser\u00e1 destinado ao provimento de cargos de [&hellip;]<\/p>\n","protected":false},"author":1,"featured_media":0,"comment_status":"open","ping_status":"open","sticky":false,"template":"","format":"standard","meta":{"post_tipo":"news","footnotes":""},"categories":[1],"tags":[679,680],"tax_estado":[],"class_list":["post-22093","post","type-post","status-publish","format-standard","hentry","category-cursos-e-concursos","tag-trt-4","tag-trt-rs"],"acf":[],"yoast_head":"<!-- This site is optimized with the Yoast SEO Premium plugin v27.2 (Yoast SEO v27.2) - https:\/\/yoast.com\/product\/yoast-seo-premium-wordpress\/ -->\n<title>Autorizado Concurso TRT-RS p\/ Analista e T\u00e9cnico Judici\u00e1rio<\/title>\n<meta name=\"description\" content=\"O \u00d3rg\u00e3o Especial do Tribunal Regional do Trabalho da 4\u00aa Regi\u00e3o (RS) autorizou, em sess\u00e3o ordin\u00e1ria, a abertura do concurso TRT-RS. Saiba mais!\" \/>\n<meta name=\"robots\" content=\"index, follow, max-snippet:-1, max-image-preview:large, max-video-preview:-1\" \/>\n<link rel=\"canonical\" href=\"https:\/\/www.estrategiaconcursos.com.br\/blog\/autorizado-realizacao-concurso-trt-rs-vagas-serao-para-os-cargos-de-analista-e-de-tecnico-judiciario\/\" \/>\n<meta property=\"og:locale\" content=\"pt_BR\" \/>\n<meta property=\"og:type\" content=\"article\" \/>\n<meta property=\"og:title\" content=\"Autorizada a realiza\u00e7\u00e3o do concurso TRT-RS. Vagas ser\u00e3o para os cargos de Analista e de T\u00e9cnico Judici\u00e1rio. Saiba mais!\" \/>\n<meta property=\"og:description\" content=\"O \u00d3rg\u00e3o Especial do Tribunal Regional do Trabalho da 4\u00aa Regi\u00e3o (RS) autorizou, em sess\u00e3o ordin\u00e1ria, a abertura do concurso TRT-RS. Saiba mais!\" \/>\n<meta property=\"og:url\" content=\"https:\/\/www.estrategiaconcursos.com.br\/blog\/autorizado-realizacao-concurso-trt-rs-vagas-serao-para-os-cargos-de-analista-e-de-tecnico-judiciario\/\" \/>\n<meta property=\"og:site_name\" content=\"Estrat\u00e9gia Concursos\" \/>\n<meta property=\"article:author\" content=\"https:\/\/www.facebook.com\/EstrategiaConcursos\" \/>\n<meta property=\"article:published_time\" content=\"2015-03-18T14:32:32+00:00\" \/>\n<meta property=\"article:modified_time\" content=\"2015-03-18T21:47:34+00:00\" \/>\n<meta property=\"og:image\" content=\"https:\/\/dhg1h5j42swfq.cloudfront.net\/2015\/03\/concurso-TRT-RS.png\" \/>\n<meta name=\"author\" content=\"Coordena\u00e7\u00e3o\" \/>\n<meta name=\"twitter:card\" content=\"summary_large_image\" \/>\n<meta name=\"twitter:creator\" content=\"@EstratConcursos\" \/>\n<meta name=\"twitter:site\" content=\"@EstratConcursos\" \/>\n<meta name=\"twitter:label1\" content=\"Escrito por\" \/>\n\t<meta name=\"twitter:data1\" content=\"Coordena\u00e7\u00e3o\" \/>\n\t<meta name=\"twitter:label2\" content=\"Est. tempo de leitura\" \/>\n\t<meta name=\"twitter:data2\" content=\"2 minutos\" \/>\n<script type=\"application\/ld+json\" class=\"yoast-schema-graph\">{\"@context\":\"https:\/\/schema.org\",\"@graph\":[{\"@type\":\"NewsArticle\",\"@id\":\"https:\/\/www.estrategiaconcursos.com.br\/blog\/autorizado-realizacao-concurso-trt-rs-vagas-serao-para-os-cargos-de-analista-e-de-tecnico-judiciario\/#article\",\"isPartOf\":{\"@id\":\"https:\/\/www.estrategiaconcursos.com.br\/blog\/autorizado-realizacao-concurso-trt-rs-vagas-serao-para-os-cargos-de-analista-e-de-tecnico-judiciario\/\"},\"author\":{\"name\":\"Coordena\u00e7\u00e3o\",\"@id\":\"https:\/\/www.estrategiaconcursos.com.br\/blog\/#\/schema\/person\/b4a388c97673c5f483d72185668afa1f\"},\"headline\":\"Autorizada a realiza\u00e7\u00e3o do concurso TRT-RS. Vagas ser\u00e3o para os cargos de Analista e de T\u00e9cnico Judici\u00e1rio. Saiba mais!\",\"datePublished\":\"2015-03-18T14:32:32+00:00\",\"dateModified\":\"2015-03-18T21:47:34+00:00\",\"mainEntityOfPage\":{\"@id\":\"https:\/\/www.estrategiaconcursos.com.br\/blog\/autorizado-realizacao-concurso-trt-rs-vagas-serao-para-os-cargos-de-analista-e-de-tecnico-judiciario\/\"},\"wordCount\":361,\"commentCount\":3,\"publisher\":{\"@id\":\"https:\/\/www.estrategiaconcursos.com.br\/blog\/#organization\"},\"image\":{\"@id\":\"https:\/\/www.estrategiaconcursos.com.br\/blog\/autorizado-realizacao-concurso-trt-rs-vagas-serao-para-os-cargos-de-analista-e-de-tecnico-judiciario\/#primaryimage\"},\"thumbnailUrl\":\"https:\/\/dhg1h5j42swfq.cloudfront.net\/2015\/03\/concurso-TRT-RS.png\",\"keywords\":[\"TRT-4\",\"TRT-RS\"],\"articleSection\":[\"Concursos P\u00fablicos\"],\"inLanguage\":\"pt-BR\",\"potentialAction\":[{\"@type\":\"CommentAction\",\"name\":\"Comment\",\"target\":[\"https:\/\/www.estrategiaconcursos.com.br\/blog\/autorizado-realizacao-concurso-trt-rs-vagas-serao-para-os-cargos-de-analista-e-de-tecnico-judiciario\/#respond\"]}],\"copyrightYear\":\"2015\",\"copyrightHolder\":{\"@id\":\"https:\/\/www.estrategiaconcursos.com.br\/blog\/#organization\"}},{\"@type\":\"WebPage\",\"@id\":\"https:\/\/www.estrategiaconcursos.com.br\/blog\/autorizado-realizacao-concurso-trt-rs-vagas-serao-para-os-cargos-de-analista-e-de-tecnico-judiciario\/\",\"url\":\"https:\/\/www.estrategiaconcursos.com.br\/blog\/autorizado-realizacao-concurso-trt-rs-vagas-serao-para-os-cargos-de-analista-e-de-tecnico-judiciario\/\",\"name\":\"Autorizado Concurso TRT-RS p\/ Analista e T\u00e9cnico Judici\u00e1rio\",\"isPartOf\":{\"@id\":\"https:\/\/www.estrategiaconcursos.com.br\/blog\/#website\"},\"primaryImageOfPage\":{\"@id\":\"https:\/\/www.estrategiaconcursos.com.br\/blog\/autorizado-realizacao-concurso-trt-rs-vagas-serao-para-os-cargos-de-analista-e-de-tecnico-judiciario\/#primaryimage\"},\"image\":{\"@id\":\"https:\/\/www.estrategiaconcursos.com.br\/blog\/autorizado-realizacao-concurso-trt-rs-vagas-serao-para-os-cargos-de-analista-e-de-tecnico-judiciario\/#primaryimage\"},\"thumbnailUrl\":\"https:\/\/dhg1h5j42swfq.cloudfront.net\/2015\/03\/concurso-TRT-RS.png\",\"datePublished\":\"2015-03-18T14:32:32+00:00\",\"dateModified\":\"2015-03-18T21:47:34+00:00\",\"description\":\"O \u00d3rg\u00e3o Especial do Tribunal Regional do Trabalho da 4\u00aa Regi\u00e3o (RS) autorizou, em sess\u00e3o ordin\u00e1ria, a abertura do concurso TRT-RS. Saiba mais!\",\"breadcrumb\":{\"@id\":\"https:\/\/www.estrategiaconcursos.com.br\/blog\/autorizado-realizacao-concurso-trt-rs-vagas-serao-para-os-cargos-de-analista-e-de-tecnico-judiciario\/#breadcrumb\"},\"inLanguage\":\"pt-BR\",\"potentialAction\":[{\"@type\":\"ReadAction\",\"target\":[\"https:\/\/www.estrategiaconcursos.com.br\/blog\/autorizado-realizacao-concurso-trt-rs-vagas-serao-para-os-cargos-de-analista-e-de-tecnico-judiciario\/\"]}]},{\"@type\":\"ImageObject\",\"inLanguage\":\"pt-BR\",\"@id\":\"https:\/\/www.estrategiaconcursos.com.br\/blog\/autorizado-realizacao-concurso-trt-rs-vagas-serao-para-os-cargos-de-analista-e-de-tecnico-judiciario\/#primaryimage\",\"url\":\"https:\/\/dhg1h5j42swfq.cloudfront.net\/2015\/03\/concurso-TRT-RS.png\",\"contentUrl\":\"https:\/\/dhg1h5j42swfq.cloudfront.net\/2015\/03\/concurso-TRT-RS.png\"},{\"@type\":\"BreadcrumbList\",\"@id\":\"https:\/\/www.estrategiaconcursos.com.br\/blog\/autorizado-realizacao-concurso-trt-rs-vagas-serao-para-os-cargos-de-analista-e-de-tecnico-judiciario\/#breadcrumb\",\"itemListElement\":[{\"@type\":\"ListItem\",\"position\":1,\"name\":\"In\u00edcio\",\"item\":\"https:\/\/www.estrategiaconcursos.com.br\/blog\/\"},{\"@type\":\"ListItem\",\"position\":2,\"name\":\"Autorizada a realiza\u00e7\u00e3o do concurso TRT-RS. Vagas ser\u00e3o para os cargos de Analista e de T\u00e9cnico Judici\u00e1rio. Saiba mais!\"}]},{\"@type\":\"WebSite\",\"@id\":\"https:\/\/www.estrategiaconcursos.com.br\/blog\/#website\",\"url\":\"https:\/\/www.estrategiaconcursos.com.br\/blog\/\",\"name\":\"Estrat\u00e9gia Concursos\",\"description\":\"O blog da Estrat\u00e9gia Concursos traz not\u00edcias sobre concursos e artigos de professores oferecendo cursos para concursos (pdf + videaulas) no site.\",\"publisher\":{\"@id\":\"https:\/\/www.estrategiaconcursos.com.br\/blog\/#organization\"},\"potentialAction\":[{\"@type\":\"SearchAction\",\"target\":{\"@type\":\"EntryPoint\",\"urlTemplate\":\"https:\/\/www.estrategiaconcursos.com.br\/blog\/?s={search_term_string}\"},\"query-input\":{\"@type\":\"PropertyValueSpecification\",\"valueRequired\":true,\"valueName\":\"search_term_string\"}}],\"inLanguage\":\"pt-BR\"},{\"@type\":\"Organization\",\"@id\":\"https:\/\/www.estrategiaconcursos.com.br\/blog\/#organization\",\"name\":\"Estrat\u00e9gia Concursos\",\"url\":\"https:\/\/www.estrategiaconcursos.com.br\/blog\/\",\"logo\":{\"@type\":\"ImageObject\",\"inLanguage\":\"pt-BR\",\"@id\":\"https:\/\/www.estrategiaconcursos.com.br\/blog\/#\/schema\/logo\/image\/\",\"url\":\"https:\/\/dhg1h5j42swfq.cloudfront.net\/2025\/06\/03203428\/logo_concursos-1.jpg\",\"contentUrl\":\"https:\/\/dhg1h5j42swfq.cloudfront.net\/2025\/06\/03203428\/logo_concursos-1.jpg\",\"width\":230,\"height\":60,\"caption\":\"Estrat\u00e9gia Concursos\"},\"image\":{\"@id\":\"https:\/\/www.estrategiaconcursos.com.br\/blog\/#\/schema\/logo\/image\/\"},\"sameAs\":[\"https:\/\/x.com\/EstratConcursos\"]},{\"@type\":\"Person\",\"@id\":\"https:\/\/www.estrategiaconcursos.com.br\/blog\/#\/schema\/person\/b4a388c97673c5f483d72185668afa1f\",\"name\":\"Coordena\u00e7\u00e3o\",\"image\":{\"@type\":\"ImageObject\",\"inLanguage\":\"pt-BR\",\"@id\":\"https:\/\/secure.gravatar.com\/avatar\/b720319e4c9a967eb58678d110f4fe35452fc5d5f97b202bac7b8acceb18c6ad?s=96&d=mm&r=g\",\"url\":\"https:\/\/secure.gravatar.com\/avatar\/b720319e4c9a967eb58678d110f4fe35452fc5d5f97b202bac7b8acceb18c6ad?s=96&d=mm&r=g\",\"contentUrl\":\"https:\/\/secure.gravatar.com\/avatar\/b720319e4c9a967eb58678d110f4fe35452fc5d5f97b202bac7b8acceb18c6ad?s=96&d=mm&r=g\",\"caption\":\"Coordena\u00e7\u00e3o\"},\"sameAs\":[\"https:\/\/www.facebook.com\/EstrategiaConcursos\",\"https:\/\/x.com\/EstratConcursos\"],\"url\":\"https:\/\/www.estrategiaconcursos.com.br\/blog\/author\/estrategia2013\/\"}]}<\/script>\n<!-- \/ Yoast SEO Premium plugin. -->","yoast_head_json":{"title":"Autorizado Concurso TRT-RS p\/ Analista e T\u00e9cnico Judici\u00e1rio","description":"O \u00d3rg\u00e3o Especial do Tribunal Regional do Trabalho da 4\u00aa Regi\u00e3o (RS) autorizou, em sess\u00e3o ordin\u00e1ria, a abertura do concurso TRT-RS. Saiba mais!","robots":{"index":"index","follow":"follow","max-snippet":"max-snippet:-1","max-image-preview":"max-image-preview:large","max-video-preview":"max-video-preview:-1"},"canonical":"https:\/\/www.estrategiaconcursos.com.br\/blog\/autorizado-realizacao-concurso-trt-rs-vagas-serao-para-os-cargos-de-analista-e-de-tecnico-judiciario\/","og_locale":"pt_BR","og_type":"article","og_title":"Autorizada a realiza\u00e7\u00e3o do concurso TRT-RS. Vagas ser\u00e3o para os cargos de Analista e de T\u00e9cnico Judici\u00e1rio. Saiba mais!","og_description":"O \u00d3rg\u00e3o Especial do Tribunal Regional do Trabalho da 4\u00aa Regi\u00e3o (RS) autorizou, em sess\u00e3o ordin\u00e1ria, a abertura do concurso TRT-RS. Saiba mais!","og_url":"https:\/\/www.estrategiaconcursos.com.br\/blog\/autorizado-realizacao-concurso-trt-rs-vagas-serao-para-os-cargos-de-analista-e-de-tecnico-judiciario\/","og_site_name":"Estrat\u00e9gia Concursos","article_author":"https:\/\/www.facebook.com\/EstrategiaConcursos","article_published_time":"2015-03-18T14:32:32+00:00","article_modified_time":"2015-03-18T21:47:34+00:00","og_image":[{"url":"https:\/\/dhg1h5j42swfq.cloudfront.net\/2015\/03\/concurso-TRT-RS.png","type":"","width":"","height":""}],"author":"Coordena\u00e7\u00e3o","twitter_card":"summary_large_image","twitter_creator":"@EstratConcursos","twitter_site":"@EstratConcursos","twitter_misc":{"Escrito por":"Coordena\u00e7\u00e3o","Est. tempo de leitura":"2 minutos"},"schema":{"@context":"https:\/\/schema.org","@graph":[{"@type":"NewsArticle","@id":"https:\/\/www.estrategiaconcursos.com.br\/blog\/autorizado-realizacao-concurso-trt-rs-vagas-serao-para-os-cargos-de-analista-e-de-tecnico-judiciario\/#article","isPartOf":{"@id":"https:\/\/www.estrategiaconcursos.com.br\/blog\/autorizado-realizacao-concurso-trt-rs-vagas-serao-para-os-cargos-de-analista-e-de-tecnico-judiciario\/"},"author":{"name":"Coordena\u00e7\u00e3o","@id":"https:\/\/www.estrategiaconcursos.com.br\/blog\/#\/schema\/person\/b4a388c97673c5f483d72185668afa1f"},"headline":"Autorizada a realiza\u00e7\u00e3o do concurso TRT-RS. Vagas ser\u00e3o para os cargos de Analista e de T\u00e9cnico Judici\u00e1rio. Saiba mais!","datePublished":"2015-03-18T14:32:32+00:00","dateModified":"2015-03-18T21:47:34+00:00","mainEntityOfPage":{"@id":"https:\/\/www.estrategiaconcursos.com.br\/blog\/autorizado-realizacao-concurso-trt-rs-vagas-serao-para-os-cargos-de-analista-e-de-tecnico-judiciario\/"},"wordCount":361,"commentCount":3,"publisher":{"@id":"https:\/\/www.estrategiaconcursos.com.br\/blog\/#organization"},"image":{"@id":"https:\/\/www.estrategiaconcursos.com.br\/blog\/autorizado-realizacao-concurso-trt-rs-vagas-serao-para-os-cargos-de-analista-e-de-tecnico-judiciario\/#primaryimage"},"thumbnailUrl":"https:\/\/dhg1h5j42swfq.cloudfront.net\/2015\/03\/concurso-TRT-RS.png","keywords":["TRT-4","TRT-RS"],"articleSection":["Concursos P\u00fablicos"],"inLanguage":"pt-BR","potentialAction":[{"@type":"CommentAction","name":"Comment","target":["https:\/\/www.estrategiaconcursos.com.br\/blog\/autorizado-realizacao-concurso-trt-rs-vagas-serao-para-os-cargos-de-analista-e-de-tecnico-judiciario\/#respond"]}],"copyrightYear":"2015","copyrightHolder":{"@id":"https:\/\/www.estrategiaconcursos.com.br\/blog\/#organization"}},{"@type":"WebPage","@id":"https:\/\/www.estrategiaconcursos.com.br\/blog\/autorizado-realizacao-concurso-trt-rs-vagas-serao-para-os-cargos-de-analista-e-de-tecnico-judiciario\/","url":"https:\/\/www.estrategiaconcursos.com.br\/blog\/autorizado-realizacao-concurso-trt-rs-vagas-serao-para-os-cargos-de-analista-e-de-tecnico-judiciario\/","name":"Autorizado Concurso TRT-RS p\/ Analista e T\u00e9cnico Judici\u00e1rio","isPartOf":{"@id":"https:\/\/www.estrategiaconcursos.com.br\/blog\/#website"},"primaryImageOfPage":{"@id":"https:\/\/www.estrategiaconcursos.com.br\/blog\/autorizado-realizacao-concurso-trt-rs-vagas-serao-para-os-cargos-de-analista-e-de-tecnico-judiciario\/#primaryimage"},"image":{"@id":"https:\/\/www.estrategiaconcursos.com.br\/blog\/autorizado-realizacao-concurso-trt-rs-vagas-serao-para-os-cargos-de-analista-e-de-tecnico-judiciario\/#primaryimage"},"thumbnailUrl":"https:\/\/dhg1h5j42swfq.cloudfront.net\/2015\/03\/concurso-TRT-RS.png","datePublished":"2015-03-18T14:32:32+00:00","dateModified":"2015-03-18T21:47:34+00:00","description":"O \u00d3rg\u00e3o Especial do Tribunal Regional do Trabalho da 4\u00aa Regi\u00e3o (RS) autorizou, em sess\u00e3o ordin\u00e1ria, a abertura do concurso TRT-RS. Saiba mais!","breadcrumb":{"@id":"https:\/\/www.estrategiaconcursos.com.br\/blog\/autorizado-realizacao-concurso-trt-rs-vagas-serao-para-os-cargos-de-analista-e-de-tecnico-judiciario\/#breadcrumb"},"inLanguage":"pt-BR","potentialAction":[{"@type":"ReadAction","target":["https:\/\/www.estrategiaconcursos.com.br\/blog\/autorizado-realizacao-concurso-trt-rs-vagas-serao-para-os-cargos-de-analista-e-de-tecnico-judiciario\/"]}]},{"@type":"ImageObject","inLanguage":"pt-BR","@id":"https:\/\/www.estrategiaconcursos.com.br\/blog\/autorizado-realizacao-concurso-trt-rs-vagas-serao-para-os-cargos-de-analista-e-de-tecnico-judiciario\/#primaryimage","url":"https:\/\/dhg1h5j42swfq.cloudfront.net\/2015\/03\/concurso-TRT-RS.png","contentUrl":"https:\/\/dhg1h5j42swfq.cloudfront.net\/2015\/03\/concurso-TRT-RS.png"},{"@type":"BreadcrumbList","@id":"https:\/\/www.estrategiaconcursos.com.br\/blog\/autorizado-realizacao-concurso-trt-rs-vagas-serao-para-os-cargos-de-analista-e-de-tecnico-judiciario\/#breadcrumb","itemListElement":[{"@type":"ListItem","position":1,"name":"In\u00edcio","item":"https:\/\/www.estrategiaconcursos.com.br\/blog\/"},{"@type":"ListItem","position":2,"name":"Autorizada a realiza\u00e7\u00e3o do concurso TRT-RS. Vagas ser\u00e3o para os cargos de Analista e de T\u00e9cnico Judici\u00e1rio. Saiba mais!"}]},{"@type":"WebSite","@id":"https:\/\/www.estrategiaconcursos.com.br\/blog\/#website","url":"https:\/\/www.estrategiaconcursos.com.br\/blog\/","name":"Estrat\u00e9gia Concursos","description":"O blog da Estrat\u00e9gia Concursos traz not\u00edcias sobre concursos e artigos de professores oferecendo cursos para concursos (pdf + videaulas) no site.","publisher":{"@id":"https:\/\/www.estrategiaconcursos.com.br\/blog\/#organization"},"potentialAction":[{"@type":"SearchAction","target":{"@type":"EntryPoint","urlTemplate":"https:\/\/www.estrategiaconcursos.com.br\/blog\/?s={search_term_string}"},"query-input":{"@type":"PropertyValueSpecification","valueRequired":true,"valueName":"search_term_string"}}],"inLanguage":"pt-BR"},{"@type":"Organization","@id":"https:\/\/www.estrategiaconcursos.com.br\/blog\/#organization","name":"Estrat\u00e9gia Concursos","url":"https:\/\/www.estrategiaconcursos.com.br\/blog\/","logo":{"@type":"ImageObject","inLanguage":"pt-BR","@id":"https:\/\/www.estrategiaconcursos.com.br\/blog\/#\/schema\/logo\/image\/","url":"https:\/\/dhg1h5j42swfq.cloudfront.net\/2025\/06\/03203428\/logo_concursos-1.jpg","contentUrl":"https:\/\/dhg1h5j42swfq.cloudfront.net\/2025\/06\/03203428\/logo_concursos-1.jpg","width":230,"height":60,"caption":"Estrat\u00e9gia Concursos"},"image":{"@id":"https:\/\/www.estrategiaconcursos.com.br\/blog\/#\/schema\/logo\/image\/"},"sameAs":["https:\/\/x.com\/EstratConcursos"]},{"@type":"Person","@id":"https:\/\/www.estrategiaconcursos.com.br\/blog\/#\/schema\/person\/b4a388c97673c5f483d72185668afa1f","name":"Coordena\u00e7\u00e3o","image":{"@type":"ImageObject","inLanguage":"pt-BR","@id":"https:\/\/secure.gravatar.com\/avatar\/b720319e4c9a967eb58678d110f4fe35452fc5d5f97b202bac7b8acceb18c6ad?s=96&d=mm&r=g","url":"https:\/\/secure.gravatar.com\/avatar\/b720319e4c9a967eb58678d110f4fe35452fc5d5f97b202bac7b8acceb18c6ad?s=96&d=mm&r=g","contentUrl":"https:\/\/secure.gravatar.com\/avatar\/b720319e4c9a967eb58678d110f4fe35452fc5d5f97b202bac7b8acceb18c6ad?s=96&d=mm&r=g","caption":"Coordena\u00e7\u00e3o"},"sameAs":["https:\/\/www.facebook.com\/EstrategiaConcursos","https:\/\/x.com\/EstratConcursos"],"url":"https:\/\/www.estrategiaconcursos.com.br\/blog\/author\/estrategia2013\/"}]}},"_links":{"self":[{"href":"https:\/\/www.estrategiaconcursos.com.br\/blog\/wp-json\/wp\/v2\/posts\/22093","targetHints":{"allow":["GET"]}}],"collection":[{"href":"https:\/\/www.estrategiaconcursos.com.br\/blog\/wp-json\/wp\/v2\/posts"}],"about":[{"href":"https:\/\/www.estrategiaconcursos.com.br\/blog\/wp-json\/wp\/v2\/types\/post"}],"author":[{"embeddable":true,"href":"https:\/\/www.estrategiaconcursos.com.br\/blog\/wp-json\/wp\/v2\/users\/1"}],"replies":[{"embeddable":true,"href":"https:\/\/www.estrategiaconcursos.com.br\/blog\/wp-json\/wp\/v2\/comments?post=22093"}],"version-history":[{"count":8,"href":"https:\/\/www.estrategiaconcursos.com.br\/blog\/wp-json\/wp\/v2\/posts\/22093\/revisions"}],"predecessor-version":[{"id":22113,"href":"https:\/\/www.estrategiaconcursos.com.br\/blog\/wp-json\/wp\/v2\/posts\/22093\/revisions\/22113"}],"wp:attachment":[{"href":"https:\/\/www.estrategiaconcursos.com.br\/blog\/wp-json\/wp\/v2\/media?parent=22093"}],"wp:term":[{"taxonomy":"category","embeddable":true,"href":"https:\/\/www.estrategiaconcursos.com.br\/blog\/wp-json\/wp\/v2\/categories?post=22093"},{"taxonomy":"post_tag","embeddable":true,"href":"https:\/\/www.estrategiaconcursos.com.br\/blog\/wp-json\/wp\/v2\/tags?post=22093"},{"taxonomy":"tax_estado","embeddable":true,"href":"https:\/\/www.estrategiaconcursos.com.br\/blog\/wp-json\/wp\/v2\/tax_estado?post=22093"}],"curies":[{"name":"wp","href":"https:\/\/api.w.org\/{rel}","templated":true}]}}