{"id":22033,"date":"2015-03-17T11:05:27","date_gmt":"2015-03-17T14:05:27","guid":{"rendered":"http:\/\/www.estrategiaconcursos.com.br\/blog\/?p=22033"},"modified":"2015-03-17T18:45:31","modified_gmt":"2015-03-17T21:45:31","slug":"redemocratizacao-plano-collor-e-manifestacoes-de-marco-de-2015","status":"publish","type":"post","link":"https:\/\/www.estrategiaconcursos.com.br\/blog\/redemocratizacao-plano-collor-e-manifestacoes-de-marco-de-2015\/","title":{"rendered":"Redemocratiza\u00e7\u00e3o, Plano Collor e manifesta\u00e7\u00f5es de mar\u00e7o de 2015"},"content":{"rendered":"<p>Ol\u00e1, pessoal.<\/p>\n<p>&nbsp;<\/p>\n<p>\u00c9 um prazer retornar a este espa\u00e7o. No artigo de hoje, comentarei a redemocratiza\u00e7\u00e3o com a posse de Jos\u00e9 Sarney, o confisco da poupan\u00e7a com\u00a0o Plano Collor e as manifesta\u00e7\u00f5es populares deste mar\u00e7o de 2015.<\/p>\n<p>&nbsp;<\/p>\n<p>Em abril de 1985, ou seja, h\u00e1 30 anos, o Brasil assistia \u00e0 posse de seu primeiro presidente civil ap\u00f3s o regime militar. Contudo, quem se tornava presidente n\u00e3o era Tancredo Neves, eleito pelo Col\u00e9gio Eleitoral com apoio da popula\u00e7\u00e3o, mas sim Jos\u00e9 Sarney, que fora membro da Arena e do PDS, partidos de\u00a0apoio ao\u00a0governo durante a ditadura. Sarney se tornava &#8220;opositor de \u00faltima hora&#8221;, por\u00e9m, e, com a morte de Tancredo, viria a ser o presidente efetivo da Nova Rep\u00fablica. Sarney era um dos principais nomes civis do governo militar, mas, j\u00e1 pr\u00f3ximo ao fim do regime, quando seu partido PDS indicou Maluf para concorrer \u00e0 presid\u00eancia, ele passou para a Frente Liberal e passou a integrar a oposi\u00e7\u00e3o. Assim, surgia a Alian\u00e7a Democr\u00e1tica com Tancredo Neves e Jos\u00e9 Sarney.<\/p>\n<p>&nbsp;<\/p>\n<p>Durante o governo Sarney, foi elaborada e promulgada a nova Constitui\u00e7\u00e3o (1988). Tamb\u00e9m em seu per\u00edodo, foi elaborado o Plano Cruzado, que devolveu inicialmente o poder de compra \u00e0 popula\u00e7\u00e3o. Entretanto, com o congelamento de pre\u00e7os e com mais tr\u00eas outros programas de estabaliza\u00e7\u00e3o que fracassaram, a economia declinou e a infla\u00e7\u00e3o chegou a mais de 50% ao m\u00eas, at\u00e9 que em 1989 os brasileiros elegiam Fernando Collor de Mello para a presid\u00eancia.<\/p>\n<p>&nbsp;<\/p>\n<p>Collor tornava-se, assim, o primeiro presidente eleito pelo voto popular ap\u00f3s o regime militar, mas a esperan\u00e7a do povo n\u00e3o demoraria para se desfazer. Em 16 de mar\u00e7o de 1990, um feriado banc\u00e1rio, exato um dia ap\u00f3s tomar posse, Collor anuncia uma s\u00e9rie de medidas econ\u00f4micas, incluindo o confisco dos dep\u00f3sitos banc\u00e1rios e das cadernetas de poupan\u00e7a. O plano \u00e9 considerado um dos mais graves e duros da hist\u00f3ria do pa\u00eds. Ap\u00f3s mais uma s\u00e9rie de medidas, incluindo controle de sal\u00e1rios e pre\u00e7os e aumento da tributa\u00e7\u00e3o, a hiperinfla\u00e7\u00e3o chegaria a 82%. Diante da crise econ\u00f4mica e pol\u00edtica, incluindo den\u00fancias de corrup\u00e7\u00e3o, Collor sofreria impeachment em 1992.<\/p>\n<p>&nbsp;<\/p>\n<p><strong>Em mar\u00e7o de 2015, o impeachment volta \u00e0 boca do povo.<\/strong><\/p>\n<p>&nbsp;<\/p>\n<p>Parte da popula\u00e7\u00e3o, extremamente descontente com os rumos da economia e da administra\u00e7\u00e3o p\u00fablica brasileira, pede a sa\u00edda da presidente Dilma, reeleita h\u00e1\u00a0menos de\u00a0seis\u00a0meses. O Brasil parece degringolar numa crise \u00e9tica e de corrup\u00e7\u00e3o sem limites e, al\u00e9m disso, infla\u00e7\u00e3o, alta de juros, perda do poder de compra, desvaloriza\u00e7\u00e3o da moeda e desemprego crescente come\u00e7am a atingir em cheio a parte mais sens\u00edvel da popula\u00e7\u00e3o. \u00c9 bem verdade que, por outro lado, \u00a0parte da popula\u00e7\u00e3o defende a manuten\u00e7\u00e3o de Dilma e a continuidade do PT no poder, muito por causa das conquistas sociais, com programas de transfer\u00eancia direta de renda para diminui\u00e7\u00e3o da desigualdade (embora essas conquistas j\u00e1 sejam discut\u00edveis), defesa de pautas das minorias e discursos de esquerda que criticam as elites, a direita pol\u00edtica, o empresariado e partidos como PSDB, principalmente. H\u00e1 uma disputa de discurso e de ideologia, portanto.<\/p>\n<p>&nbsp;<\/p>\n<p>Assim, aparentemente, temos um cen\u00e1rio de polariza\u00e7\u00e3o: de um lado, o Dilma, o PT, os movimentos sociais organizados e simpatizantes da esquerda; de outro, A\u00e9cio, o PSDB, a elite, o empresariado e simpatizantes da direita. Contudo, o cen\u00e1rio \u00e9 bem mais complexo do que recortes meramente ideol\u00f3gicos: h\u00e1 insatisfeitos por todos os lados e em todas as camadas sociais. Com a opera\u00e7\u00e3o Lava Jato, que denuncia, em termos de quantias, o maior esc\u00e2ndalo de corrup\u00e7\u00e3o conhecido no Brasil, a situa\u00e7\u00e3o do\u00a0governo\u00a0fica praticamente insustent\u00e1vel politicamente.<\/p>\n<p>&nbsp;<\/p>\n<p>Esse cen\u00e1rio levou a\u00a0popula\u00e7\u00e3o \u00e0s ruas: em 15 de mar\u00e7o de 2015, milhares (sem entrar na tola discuss\u00e3o de exatid\u00e3o dos n\u00fameros) de pessoas sa\u00edram \u00e0s ruas protestando contra o governo, o PT e a Dilma. Essa \u00e9 uma das maiores manifesta\u00e7\u00f5es populares desde as Diretas J\u00e1. Apesar da diversidade de pautas que v\u00e3o desde interven\u00e7\u00e3o militar at\u00e9 impeachment, h\u00e1 um vetor comum: os brasileiros est\u00e3o fustigados de problemas econ\u00f4micos, incompet\u00eancia gerencial e improbidade administrativa. Os rumos do pa\u00eds s\u00e3o assustadores: somos um pa\u00eds extremamente caro, pouco interessante para o investimento e que politicamente parece optar para o lado mais obscuro do latinismo &#8220;bolivarianista&#8221; dos tempos recentes. Isso sem contar que somos um dos pa\u00edses mais violentos do mundo.<\/p>\n<p>&nbsp;<\/p>\n<p>\u00c9 bem que verdade que nossa corrup\u00e7\u00e3o \u00e9 org\u00e2nica: somos um pa\u00eds culturamente corrupto. \u00c9 o famoso jeitinho brasileiro (leiam Roberto DaMatta). Desde Raimundo Faoro, para n\u00e3o voltar mais no tempo, estudos sociol\u00f3gicos debatem o patrimonialismo em nossa administra\u00e7\u00e3o p\u00fablica: n\u00f3s nos aproveitamos dos recursos p\u00fablicos em benef\u00edcio pr\u00f3prio, sistematicamente. As torneiras, portanto, est\u00e3o abertas e o dinheiro escoa para o bolso de facilitadores, doleiros, tesoureiros, pizzareiros, abastecendo os cofres de partidos, pol\u00edticos e sabe-se l\u00e1 de mais quem. N\u00e3o h\u00e1 santos nem her\u00f3is &#8211; verdade-,\u00a0mas isso n\u00e3o \u00e9 defesa para um partido ou para uma presidenta. Se est\u00e3o todos no mesmo saco, que sejam julgado e, se for o caso, punidos do mesmo jeito. Ou algu\u00e9m acha que, depois da pris\u00e3o de tanta gente &#8220;gra\u00fada&#8221; (Dirceu, Geno\u00edno, Renato Duque, Alberto Yousseff, Nestor Server\u00f3, etc.), os comandantes da barca n\u00e3o tenham de responder por responsabilidade? E, se n\u00e3o possu\u00edram responsabilidade mesmo, que sejam inocentados (na justi\u00e7a e n\u00e3o na m\u00eddia).<\/p>\n<p>&nbsp;<\/p>\n<p>Se haver\u00e1 impeachment? Creio que n\u00e3o, uma vez que\u00a0o PT \u00e9 um partido com muita for\u00e7a no Congresso e que n\u00e3o h\u00e1 den\u00fancias do Minist\u00e9rio P\u00fablico contra Dilma (segundo o MP n\u00e3o h\u00e1 provas de envolvimento da Presidente), mas a instabilidade pol\u00edtica e econ\u00f4mica parece certa pelos pr\u00f3ximo anos. Michel Temer, Renan Calheiros e Eduardo Cunha seguem de olho vivo.<\/p>\n<p>&nbsp;<\/p>\n<p>Ficamos por aqui. Um abra\u00e7o e bons estudos.<\/p>\n<p>Qualquer d\u00favida, cr\u00edtica ou sugest\u00e3o mandem para profrodrigobarreto@gmail.com<\/p>\n<p>&nbsp;<\/p>\n<p><a href=\"https:\/\/www.estrategiaconcursos.com.br\/cursos\/concurso\">\u00a0&gt;&gt; Cursos Online para Concursos abertos<\/a><\/p>\n<p>&nbsp;<\/p>\n<p>&nbsp;<\/p>\n<p>&nbsp;<\/p>\n","protected":false},"excerpt":{"rendered":"<p>Ol\u00e1, pessoal. &nbsp; \u00c9 um prazer retornar a este espa\u00e7o. No artigo de hoje, comentarei a redemocratiza\u00e7\u00e3o com a posse de Jos\u00e9 Sarney, o confisco da poupan\u00e7a com\u00a0o Plano Collor e as manifesta\u00e7\u00f5es populares deste mar\u00e7o de 2015. &nbsp; Em abril de 1985, ou seja, h\u00e1 30 anos, o Brasil assistia \u00e0 posse de seu [&hellip;]<\/p>\n","protected":false},"author":88,"featured_media":0,"comment_status":"open","ping_status":"open","sticky":false,"template":"","format":"standard","meta":{"post_tipo":"article","footnotes":""},"categories":[],"tags":[549],"tax_estado":[],"class_list":["post-22033","post","type-post","status-publish","format-standard","hentry","tag-atualidades"],"acf":[],"yoast_head":"<!-- This site is optimized with the Yoast SEO Premium plugin v27.2 (Yoast SEO v27.2) - https:\/\/yoast.com\/product\/yoast-seo-premium-wordpress\/ -->\n<title>Redemocratiza\u00e7\u00e3o, Plano Collor e manifesta\u00e7\u00f5es de mar\u00e7o de 2015<\/title>\n<meta name=\"description\" content=\"A redemocratiza\u00e7\u00e3o com a posse de Jos\u00e9 Sarney, o confisco da poupan\u00e7a com o Plano Collor e as manifesta\u00e7\u00f5es populares deste mar\u00e7o de 2015.\" \/>\n<meta name=\"robots\" content=\"index, follow, max-snippet:-1, max-image-preview:large, max-video-preview:-1\" \/>\n<link rel=\"canonical\" href=\"https:\/\/www.estrategiaconcursos.com.br\/blog\/redemocratizacao-plano-collor-e-manifestacoes-de-marco-de-2015\/\" \/>\n<meta property=\"og:locale\" content=\"pt_BR\" \/>\n<meta property=\"og:type\" content=\"article\" \/>\n<meta property=\"og:title\" content=\"Redemocratiza\u00e7\u00e3o, Plano Collor e manifesta\u00e7\u00f5es de mar\u00e7o de 2015\" \/>\n<meta property=\"og:description\" content=\"A redemocratiza\u00e7\u00e3o com a posse de Jos\u00e9 Sarney, o confisco da poupan\u00e7a com o Plano Collor e as manifesta\u00e7\u00f5es populares deste mar\u00e7o de 2015.\" \/>\n<meta property=\"og:url\" content=\"https:\/\/www.estrategiaconcursos.com.br\/blog\/redemocratizacao-plano-collor-e-manifestacoes-de-marco-de-2015\/\" \/>\n<meta property=\"og:site_name\" content=\"Estrat\u00e9gia Concursos\" \/>\n<meta property=\"article:published_time\" content=\"2015-03-17T14:05:27+00:00\" \/>\n<meta property=\"article:modified_time\" content=\"2015-03-17T21:45:31+00:00\" \/>\n<meta name=\"author\" content=\"Rodrigo Barreto\" \/>\n<meta name=\"twitter:card\" content=\"summary_large_image\" \/>\n<meta name=\"twitter:creator\" content=\"@EstratConcursos\" \/>\n<meta name=\"twitter:site\" content=\"@EstratConcursos\" \/>\n<meta name=\"twitter:label1\" content=\"Escrito por\" \/>\n\t<meta name=\"twitter:data1\" content=\"Rodrigo Barreto\" \/>\n\t<meta name=\"twitter:label2\" content=\"Est. tempo de leitura\" \/>\n\t<meta name=\"twitter:data2\" content=\"5 minutos\" \/>\n<script type=\"application\/ld+json\" class=\"yoast-schema-graph\">{\"@context\":\"https:\/\/schema.org\",\"@graph\":[{\"@type\":\"NewsArticle\",\"@id\":\"https:\/\/www.estrategiaconcursos.com.br\/blog\/redemocratizacao-plano-collor-e-manifestacoes-de-marco-de-2015\/#article\",\"isPartOf\":{\"@id\":\"https:\/\/www.estrategiaconcursos.com.br\/blog\/redemocratizacao-plano-collor-e-manifestacoes-de-marco-de-2015\/\"},\"author\":{\"name\":\"Rodrigo Barreto\",\"@id\":\"https:\/\/www.estrategiaconcursos.com.br\/blog\/#\/schema\/person\/868138e252bcfd323d1a01b063a19cf2\"},\"headline\":\"Redemocratiza\u00e7\u00e3o, Plano Collor e manifesta\u00e7\u00f5es de mar\u00e7o de 2015\",\"datePublished\":\"2015-03-17T14:05:27+00:00\",\"dateModified\":\"2015-03-17T21:45:31+00:00\",\"mainEntityOfPage\":{\"@id\":\"https:\/\/www.estrategiaconcursos.com.br\/blog\/redemocratizacao-plano-collor-e-manifestacoes-de-marco-de-2015\/\"},\"wordCount\":1094,\"commentCount\":5,\"publisher\":{\"@id\":\"https:\/\/www.estrategiaconcursos.com.br\/blog\/#organization\"},\"keywords\":[\"Atualidades\"],\"inLanguage\":\"pt-BR\",\"potentialAction\":[{\"@type\":\"CommentAction\",\"name\":\"Comment\",\"target\":[\"https:\/\/www.estrategiaconcursos.com.br\/blog\/redemocratizacao-plano-collor-e-manifestacoes-de-marco-de-2015\/#respond\"]}],\"copyrightYear\":\"2015\",\"copyrightHolder\":{\"@id\":\"https:\/\/www.estrategiaconcursos.com.br\/blog\/#organization\"}},{\"@type\":\"WebPage\",\"@id\":\"https:\/\/www.estrategiaconcursos.com.br\/blog\/redemocratizacao-plano-collor-e-manifestacoes-de-marco-de-2015\/\",\"url\":\"https:\/\/www.estrategiaconcursos.com.br\/blog\/redemocratizacao-plano-collor-e-manifestacoes-de-marco-de-2015\/\",\"name\":\"Redemocratiza\u00e7\u00e3o, Plano Collor e manifesta\u00e7\u00f5es de mar\u00e7o de 2015\",\"isPartOf\":{\"@id\":\"https:\/\/www.estrategiaconcursos.com.br\/blog\/#website\"},\"datePublished\":\"2015-03-17T14:05:27+00:00\",\"dateModified\":\"2015-03-17T21:45:31+00:00\",\"description\":\"A redemocratiza\u00e7\u00e3o com a posse de Jos\u00e9 Sarney, o confisco da poupan\u00e7a com o Plano Collor e as manifesta\u00e7\u00f5es populares deste mar\u00e7o de 2015.\",\"breadcrumb\":{\"@id\":\"https:\/\/www.estrategiaconcursos.com.br\/blog\/redemocratizacao-plano-collor-e-manifestacoes-de-marco-de-2015\/#breadcrumb\"},\"inLanguage\":\"pt-BR\",\"potentialAction\":[{\"@type\":\"ReadAction\",\"target\":[\"https:\/\/www.estrategiaconcursos.com.br\/blog\/redemocratizacao-plano-collor-e-manifestacoes-de-marco-de-2015\/\"]}]},{\"@type\":\"BreadcrumbList\",\"@id\":\"https:\/\/www.estrategiaconcursos.com.br\/blog\/redemocratizacao-plano-collor-e-manifestacoes-de-marco-de-2015\/#breadcrumb\",\"itemListElement\":[{\"@type\":\"ListItem\",\"position\":1,\"name\":\"In\u00edcio\",\"item\":\"https:\/\/www.estrategiaconcursos.com.br\/blog\/\"},{\"@type\":\"ListItem\",\"position\":2,\"name\":\"Redemocratiza\u00e7\u00e3o, Plano Collor e manifesta\u00e7\u00f5es de mar\u00e7o de 2015\"}]},{\"@type\":\"WebSite\",\"@id\":\"https:\/\/www.estrategiaconcursos.com.br\/blog\/#website\",\"url\":\"https:\/\/www.estrategiaconcursos.com.br\/blog\/\",\"name\":\"Estrat\u00e9gia Concursos\",\"description\":\"O blog da Estrat\u00e9gia Concursos traz not\u00edcias sobre concursos e artigos de professores oferecendo cursos para concursos (pdf + videaulas) no site.\",\"publisher\":{\"@id\":\"https:\/\/www.estrategiaconcursos.com.br\/blog\/#organization\"},\"potentialAction\":[{\"@type\":\"SearchAction\",\"target\":{\"@type\":\"EntryPoint\",\"urlTemplate\":\"https:\/\/www.estrategiaconcursos.com.br\/blog\/?s={search_term_string}\"},\"query-input\":{\"@type\":\"PropertyValueSpecification\",\"valueRequired\":true,\"valueName\":\"search_term_string\"}}],\"inLanguage\":\"pt-BR\"},{\"@type\":\"Organization\",\"@id\":\"https:\/\/www.estrategiaconcursos.com.br\/blog\/#organization\",\"name\":\"Estrat\u00e9gia Concursos\",\"url\":\"https:\/\/www.estrategiaconcursos.com.br\/blog\/\",\"logo\":{\"@type\":\"ImageObject\",\"inLanguage\":\"pt-BR\",\"@id\":\"https:\/\/www.estrategiaconcursos.com.br\/blog\/#\/schema\/logo\/image\/\",\"url\":\"https:\/\/dhg1h5j42swfq.cloudfront.net\/2025\/06\/03203428\/logo_concursos-1.jpg\",\"contentUrl\":\"https:\/\/dhg1h5j42swfq.cloudfront.net\/2025\/06\/03203428\/logo_concursos-1.jpg\",\"width\":230,\"height\":60,\"caption\":\"Estrat\u00e9gia Concursos\"},\"image\":{\"@id\":\"https:\/\/www.estrategiaconcursos.com.br\/blog\/#\/schema\/logo\/image\/\"},\"sameAs\":[\"https:\/\/x.com\/EstratConcursos\"]},{\"@type\":\"Person\",\"@id\":\"https:\/\/www.estrategiaconcursos.com.br\/blog\/#\/schema\/person\/868138e252bcfd323d1a01b063a19cf2\",\"name\":\"Rodrigo Barreto\",\"image\":{\"@type\":\"ImageObject\",\"inLanguage\":\"pt-BR\",\"@id\":\"https:\/\/secure.gravatar.com\/avatar\/fead8ec3da2f40fbca4bc2a545f699c5959018cc5ff61bdfa43c89bfee61e1d1?s=96&d=mm&r=g\",\"url\":\"https:\/\/secure.gravatar.com\/avatar\/fead8ec3da2f40fbca4bc2a545f699c5959018cc5ff61bdfa43c89bfee61e1d1?s=96&d=mm&r=g\",\"contentUrl\":\"https:\/\/secure.gravatar.com\/avatar\/fead8ec3da2f40fbca4bc2a545f699c5959018cc5ff61bdfa43c89bfee61e1d1?s=96&d=mm&r=g\",\"caption\":\"Rodrigo Barreto\"},\"url\":\"https:\/\/www.estrategiaconcursos.com.br\/blog\/author\/rodrigobarretoestrategiaconcursos-com-br\/\"}]}<\/script>\n<!-- \/ Yoast SEO Premium plugin. -->","yoast_head_json":{"title":"Redemocratiza\u00e7\u00e3o, Plano Collor e manifesta\u00e7\u00f5es de mar\u00e7o de 2015","description":"A redemocratiza\u00e7\u00e3o com a posse de Jos\u00e9 Sarney, o confisco da poupan\u00e7a com o Plano Collor e as manifesta\u00e7\u00f5es populares deste mar\u00e7o de 2015.","robots":{"index":"index","follow":"follow","max-snippet":"max-snippet:-1","max-image-preview":"max-image-preview:large","max-video-preview":"max-video-preview:-1"},"canonical":"https:\/\/www.estrategiaconcursos.com.br\/blog\/redemocratizacao-plano-collor-e-manifestacoes-de-marco-de-2015\/","og_locale":"pt_BR","og_type":"article","og_title":"Redemocratiza\u00e7\u00e3o, Plano Collor e manifesta\u00e7\u00f5es de mar\u00e7o de 2015","og_description":"A redemocratiza\u00e7\u00e3o com a posse de Jos\u00e9 Sarney, o confisco da poupan\u00e7a com o Plano Collor e as manifesta\u00e7\u00f5es populares deste mar\u00e7o de 2015.","og_url":"https:\/\/www.estrategiaconcursos.com.br\/blog\/redemocratizacao-plano-collor-e-manifestacoes-de-marco-de-2015\/","og_site_name":"Estrat\u00e9gia Concursos","article_published_time":"2015-03-17T14:05:27+00:00","article_modified_time":"2015-03-17T21:45:31+00:00","author":"Rodrigo Barreto","twitter_card":"summary_large_image","twitter_creator":"@EstratConcursos","twitter_site":"@EstratConcursos","twitter_misc":{"Escrito por":"Rodrigo Barreto","Est. tempo de leitura":"5 minutos"},"schema":{"@context":"https:\/\/schema.org","@graph":[{"@type":"NewsArticle","@id":"https:\/\/www.estrategiaconcursos.com.br\/blog\/redemocratizacao-plano-collor-e-manifestacoes-de-marco-de-2015\/#article","isPartOf":{"@id":"https:\/\/www.estrategiaconcursos.com.br\/blog\/redemocratizacao-plano-collor-e-manifestacoes-de-marco-de-2015\/"},"author":{"name":"Rodrigo Barreto","@id":"https:\/\/www.estrategiaconcursos.com.br\/blog\/#\/schema\/person\/868138e252bcfd323d1a01b063a19cf2"},"headline":"Redemocratiza\u00e7\u00e3o, Plano Collor e manifesta\u00e7\u00f5es de mar\u00e7o de 2015","datePublished":"2015-03-17T14:05:27+00:00","dateModified":"2015-03-17T21:45:31+00:00","mainEntityOfPage":{"@id":"https:\/\/www.estrategiaconcursos.com.br\/blog\/redemocratizacao-plano-collor-e-manifestacoes-de-marco-de-2015\/"},"wordCount":1094,"commentCount":5,"publisher":{"@id":"https:\/\/www.estrategiaconcursos.com.br\/blog\/#organization"},"keywords":["Atualidades"],"inLanguage":"pt-BR","potentialAction":[{"@type":"CommentAction","name":"Comment","target":["https:\/\/www.estrategiaconcursos.com.br\/blog\/redemocratizacao-plano-collor-e-manifestacoes-de-marco-de-2015\/#respond"]}],"copyrightYear":"2015","copyrightHolder":{"@id":"https:\/\/www.estrategiaconcursos.com.br\/blog\/#organization"}},{"@type":"WebPage","@id":"https:\/\/www.estrategiaconcursos.com.br\/blog\/redemocratizacao-plano-collor-e-manifestacoes-de-marco-de-2015\/","url":"https:\/\/www.estrategiaconcursos.com.br\/blog\/redemocratizacao-plano-collor-e-manifestacoes-de-marco-de-2015\/","name":"Redemocratiza\u00e7\u00e3o, Plano Collor e manifesta\u00e7\u00f5es de mar\u00e7o de 2015","isPartOf":{"@id":"https:\/\/www.estrategiaconcursos.com.br\/blog\/#website"},"datePublished":"2015-03-17T14:05:27+00:00","dateModified":"2015-03-17T21:45:31+00:00","description":"A redemocratiza\u00e7\u00e3o com a posse de Jos\u00e9 Sarney, o confisco da poupan\u00e7a com o Plano Collor e as manifesta\u00e7\u00f5es populares deste mar\u00e7o de 2015.","breadcrumb":{"@id":"https:\/\/www.estrategiaconcursos.com.br\/blog\/redemocratizacao-plano-collor-e-manifestacoes-de-marco-de-2015\/#breadcrumb"},"inLanguage":"pt-BR","potentialAction":[{"@type":"ReadAction","target":["https:\/\/www.estrategiaconcursos.com.br\/blog\/redemocratizacao-plano-collor-e-manifestacoes-de-marco-de-2015\/"]}]},{"@type":"BreadcrumbList","@id":"https:\/\/www.estrategiaconcursos.com.br\/blog\/redemocratizacao-plano-collor-e-manifestacoes-de-marco-de-2015\/#breadcrumb","itemListElement":[{"@type":"ListItem","position":1,"name":"In\u00edcio","item":"https:\/\/www.estrategiaconcursos.com.br\/blog\/"},{"@type":"ListItem","position":2,"name":"Redemocratiza\u00e7\u00e3o, Plano Collor e manifesta\u00e7\u00f5es de mar\u00e7o de 2015"}]},{"@type":"WebSite","@id":"https:\/\/www.estrategiaconcursos.com.br\/blog\/#website","url":"https:\/\/www.estrategiaconcursos.com.br\/blog\/","name":"Estrat\u00e9gia Concursos","description":"O blog da Estrat\u00e9gia Concursos traz not\u00edcias sobre concursos e artigos de professores oferecendo cursos para concursos (pdf + videaulas) no site.","publisher":{"@id":"https:\/\/www.estrategiaconcursos.com.br\/blog\/#organization"},"potentialAction":[{"@type":"SearchAction","target":{"@type":"EntryPoint","urlTemplate":"https:\/\/www.estrategiaconcursos.com.br\/blog\/?s={search_term_string}"},"query-input":{"@type":"PropertyValueSpecification","valueRequired":true,"valueName":"search_term_string"}}],"inLanguage":"pt-BR"},{"@type":"Organization","@id":"https:\/\/www.estrategiaconcursos.com.br\/blog\/#organization","name":"Estrat\u00e9gia Concursos","url":"https:\/\/www.estrategiaconcursos.com.br\/blog\/","logo":{"@type":"ImageObject","inLanguage":"pt-BR","@id":"https:\/\/www.estrategiaconcursos.com.br\/blog\/#\/schema\/logo\/image\/","url":"https:\/\/dhg1h5j42swfq.cloudfront.net\/2025\/06\/03203428\/logo_concursos-1.jpg","contentUrl":"https:\/\/dhg1h5j42swfq.cloudfront.net\/2025\/06\/03203428\/logo_concursos-1.jpg","width":230,"height":60,"caption":"Estrat\u00e9gia Concursos"},"image":{"@id":"https:\/\/www.estrategiaconcursos.com.br\/blog\/#\/schema\/logo\/image\/"},"sameAs":["https:\/\/x.com\/EstratConcursos"]},{"@type":"Person","@id":"https:\/\/www.estrategiaconcursos.com.br\/blog\/#\/schema\/person\/868138e252bcfd323d1a01b063a19cf2","name":"Rodrigo Barreto","image":{"@type":"ImageObject","inLanguage":"pt-BR","@id":"https:\/\/secure.gravatar.com\/avatar\/fead8ec3da2f40fbca4bc2a545f699c5959018cc5ff61bdfa43c89bfee61e1d1?s=96&d=mm&r=g","url":"https:\/\/secure.gravatar.com\/avatar\/fead8ec3da2f40fbca4bc2a545f699c5959018cc5ff61bdfa43c89bfee61e1d1?s=96&d=mm&r=g","contentUrl":"https:\/\/secure.gravatar.com\/avatar\/fead8ec3da2f40fbca4bc2a545f699c5959018cc5ff61bdfa43c89bfee61e1d1?s=96&d=mm&r=g","caption":"Rodrigo Barreto"},"url":"https:\/\/www.estrategiaconcursos.com.br\/blog\/author\/rodrigobarretoestrategiaconcursos-com-br\/"}]}},"_links":{"self":[{"href":"https:\/\/www.estrategiaconcursos.com.br\/blog\/wp-json\/wp\/v2\/posts\/22033","targetHints":{"allow":["GET"]}}],"collection":[{"href":"https:\/\/www.estrategiaconcursos.com.br\/blog\/wp-json\/wp\/v2\/posts"}],"about":[{"href":"https:\/\/www.estrategiaconcursos.com.br\/blog\/wp-json\/wp\/v2\/types\/post"}],"author":[{"embeddable":true,"href":"https:\/\/www.estrategiaconcursos.com.br\/blog\/wp-json\/wp\/v2\/users\/88"}],"replies":[{"embeddable":true,"href":"https:\/\/www.estrategiaconcursos.com.br\/blog\/wp-json\/wp\/v2\/comments?post=22033"}],"version-history":[{"count":13,"href":"https:\/\/www.estrategiaconcursos.com.br\/blog\/wp-json\/wp\/v2\/posts\/22033\/revisions"}],"predecessor-version":[{"id":22084,"href":"https:\/\/www.estrategiaconcursos.com.br\/blog\/wp-json\/wp\/v2\/posts\/22033\/revisions\/22084"}],"wp:attachment":[{"href":"https:\/\/www.estrategiaconcursos.com.br\/blog\/wp-json\/wp\/v2\/media?parent=22033"}],"wp:term":[{"taxonomy":"category","embeddable":true,"href":"https:\/\/www.estrategiaconcursos.com.br\/blog\/wp-json\/wp\/v2\/categories?post=22033"},{"taxonomy":"post_tag","embeddable":true,"href":"https:\/\/www.estrategiaconcursos.com.br\/blog\/wp-json\/wp\/v2\/tags?post=22033"},{"taxonomy":"tax_estado","embeddable":true,"href":"https:\/\/www.estrategiaconcursos.com.br\/blog\/wp-json\/wp\/v2\/tax_estado?post=22033"}],"curies":[{"name":"wp","href":"https:\/\/api.w.org\/{rel}","templated":true}]}}