{"id":21978,"date":"2015-04-13T11:33:31","date_gmt":"2015-04-13T14:33:31","guid":{"rendered":"http:\/\/www.estrategiaconcursos.com.br\/blog\/?p=21978"},"modified":"2018-09-29T10:36:06","modified_gmt":"2018-09-29T13:36:06","slug":"promulgadas-as-resolucoes-3-e-4-da-camara-dos-deputados-confira-o-que-mudou","status":"publish","type":"post","link":"https:\/\/www.estrategiaconcursos.com.br\/blog\/promulgadas-as-resolucoes-3-e-4-da-camara-dos-deputados-confira-o-que-mudou\/","title":{"rendered":"Promulgadas as Resolu\u00e7\u00f5es 3 e 4 da C\u00e2mara dos Deputados: confira o que mudou!"},"content":{"rendered":"<p style=\"text-align: justify;\">Ol\u00e1 amigos e amigas!<\/p>\n<p style=\"text-align: justify;\">H\u00e1 pouco tempo atr\u00e1s, a C\u00e2mara dos Deputados criou mais dois \u00f3rg\u00e3os na Casa.<\/p>\n<p style=\"text-align: justify;\">A <strong>Secretaria de Rela\u00e7\u00f5es Internacionais<\/strong> ir\u00e1 reger a diplomacia parlamentar da C\u00e2mara, bem como promover a coopera\u00e7\u00e3o com parlamentos estrangeiros.<\/p>\n<p style=\"text-align: justify;\">A <strong>Secretaria de Comunica\u00e7\u00e3o Social<\/strong>, por sua vez, era um \u00f3rg\u00e3o que j\u00e1 existia na casa, mas foi inserido no Regimento para poder ser chefiada por um Deputado. Ela cuida da divulga\u00e7\u00e3o da atividade parlamentar, por meios j\u00e1 conhecidos, como a TV C\u00e2mara, R\u00e1dio C\u00e2mara e outros.<\/p>\n<p style=\"text-align: justify;\">Tais \u00f3rg\u00e3os foram criados pelas resolu\u00e7\u00f5es 3 e 4, de 2015. Confira:<\/p>\n<p style=\"text-align: justify;\"><a href=\"http:\/\/www2.camara.leg.br\/legin\/fed\/rescad\/2015\/resolucaodacamaradosdeputados-3-12-marco-2015-780266-publicacaooriginal-146327-pl.html\">http:\/\/www2.camara.leg.br\/legin\/fed\/rescad\/2015\/resolucaodacamaradosdeputados-3-12-marco-2015-780266-publicacaooriginal-146327-pl.html<\/a><\/p>\n<p style=\"text-align: justify;\"><a href=\"http:\/\/www2.camara.leg.br\/legin\/fed\/rescad\/2015\/resolucaodacamaradosdeputados-4-12-marco-2015-780267-publicacaooriginal-146328-pl.html\">http:\/\/www2.camara.leg.br\/legin\/fed\/rescad\/2015\/resolucaodacamaradosdeputados-4-12-marco-2015-780267-publicacaooriginal-146328-pl.html<\/a><\/p>\n<p style=\"text-align: justify;\">A essencial diferen\u00e7a desses dois \u00f3rg\u00e3os para os demais da Casa \u00e9 a possibilidade de <strong>livre nomea\u00e7\u00e3o e exonera\u00e7\u00e3o pelo Presidente da C\u00e2mara dos Deputados, a qualquer tempo<\/strong>.<\/p>\n<p style=\"text-align: justify;\">Nossos alunos, naturalmente, podem conferir seus cursos atualizados com as novas resolu\u00e7\u00f5es.<\/p>\n<p style=\"text-align: justify;\">Tenham uma excelente semana!<\/p>\n","protected":false},"excerpt":{"rendered":"<p>Ol\u00e1 amigos e amigas! H\u00e1 pouco tempo atr\u00e1s, a C\u00e2mara dos Deputados criou mais dois \u00f3rg\u00e3os na Casa. A Secretaria de Rela\u00e7\u00f5es Internacionais ir\u00e1 reger a diplomacia parlamentar da C\u00e2mara, bem como promover a coopera\u00e7\u00e3o com parlamentos estrangeiros. A Secretaria de Comunica\u00e7\u00e3o Social, por sua vez, era um \u00f3rg\u00e3o que j\u00e1 existia na casa, mas [&hellip;]<\/p>\n","protected":false},"author":48,"featured_media":0,"comment_status":"open","ping_status":"open","sticky":false,"template":"","format":"standard","meta":{"post_tipo":"article","footnotes":""},"categories":[1,2017],"tags":[519],"tax_estado":[],"class_list":["post-21978","post","type-post","status-publish","format-standard","hentry","category-cursos-e-concursos","category-concursos-legislativos","tag-camara-dos-deputados"],"acf":[],"yoast_head":"<!-- This site is optimized with the Yoast SEO Premium plugin v27.2 (Yoast SEO v27.2) - https:\/\/yoast.com\/product\/yoast-seo-premium-wordpress\/ -->\n<title>Promulgadas as Resolu\u00e7\u00f5es 3 e 4 da C\u00e2mara dos Deputados<\/title>\n<meta name=\"description\" content=\"A C\u00e2mara dos Deputados criou mais dois \u00f3rg\u00e3os na Casa. A Secretaria de Rela\u00e7\u00f5es Internacionais e A Secretaria de Comunica\u00e7\u00e3o Social. Saiba o que mudou!\" \/>\n<meta name=\"robots\" content=\"index, follow, max-snippet:-1, max-image-preview:large, max-video-preview:-1\" \/>\n<link rel=\"canonical\" href=\"https:\/\/www.estrategiaconcursos.com.br\/blog\/promulgadas-as-resolucoes-3-e-4-da-camara-dos-deputados-confira-o-que-mudou\/\" \/>\n<meta property=\"og:locale\" content=\"pt_BR\" \/>\n<meta property=\"og:type\" content=\"article\" \/>\n<meta property=\"og:title\" content=\"Promulgadas as Resolu\u00e7\u00f5es 3 e 4 da C\u00e2mara dos Deputados: confira o que mudou!\" \/>\n<meta property=\"og:description\" content=\"A C\u00e2mara dos Deputados criou mais dois \u00f3rg\u00e3os na Casa. A Secretaria de Rela\u00e7\u00f5es Internacionais e A Secretaria de Comunica\u00e7\u00e3o Social. Saiba o que mudou!\" \/>\n<meta property=\"og:url\" content=\"https:\/\/www.estrategiaconcursos.com.br\/blog\/promulgadas-as-resolucoes-3-e-4-da-camara-dos-deputados-confira-o-que-mudou\/\" \/>\n<meta property=\"og:site_name\" content=\"Estrat\u00e9gia Concursos\" \/>\n<meta property=\"article:published_time\" content=\"2015-04-13T14:33:31+00:00\" \/>\n<meta property=\"article:modified_time\" content=\"2018-09-29T13:36:06+00:00\" \/>\n<meta name=\"author\" content=\"Coordena\u00e7\u00e3o\" \/>\n<meta name=\"twitter:card\" content=\"summary_large_image\" \/>\n<meta name=\"twitter:creator\" content=\"@EstratConcursos\" \/>\n<meta name=\"twitter:site\" content=\"@EstratConcursos\" \/>\n<meta name=\"twitter:label1\" content=\"Escrito por\" \/>\n\t<meta name=\"twitter:data1\" content=\"Coordena\u00e7\u00e3o\" \/>\n\t<meta name=\"twitter:label2\" content=\"Est. tempo de leitura\" \/>\n\t<meta name=\"twitter:data2\" content=\"1 minuto\" \/>\n<script type=\"application\/ld+json\" class=\"yoast-schema-graph\">{\"@context\":\"https:\/\/schema.org\",\"@graph\":[{\"@type\":\"NewsArticle\",\"@id\":\"https:\/\/www.estrategiaconcursos.com.br\/blog\/promulgadas-as-resolucoes-3-e-4-da-camara-dos-deputados-confira-o-que-mudou\/#article\",\"isPartOf\":{\"@id\":\"https:\/\/www.estrategiaconcursos.com.br\/blog\/promulgadas-as-resolucoes-3-e-4-da-camara-dos-deputados-confira-o-que-mudou\/\"},\"author\":{\"name\":\"Coordena\u00e7\u00e3o\",\"@id\":\"https:\/\/www.estrategiaconcursos.com.br\/blog\/#\/schema\/person\/cdad40b5818eb228a838461fcd656da7\"},\"headline\":\"Promulgadas as Resolu\u00e7\u00f5es 3 e 4 da C\u00e2mara dos Deputados: confira o que mudou!\",\"datePublished\":\"2015-04-13T14:33:31+00:00\",\"dateModified\":\"2018-09-29T13:36:06+00:00\",\"mainEntityOfPage\":{\"@id\":\"https:\/\/www.estrategiaconcursos.com.br\/blog\/promulgadas-as-resolucoes-3-e-4-da-camara-dos-deputados-confira-o-que-mudou\/\"},\"wordCount\":201,\"commentCount\":3,\"publisher\":{\"@id\":\"https:\/\/www.estrategiaconcursos.com.br\/blog\/#organization\"},\"keywords\":[\"C\u00e2mara dos Deputados\"],\"articleSection\":[\"Concursos P\u00fablicos\",\"Legislativo\"],\"inLanguage\":\"pt-BR\",\"potentialAction\":[{\"@type\":\"CommentAction\",\"name\":\"Comment\",\"target\":[\"https:\/\/www.estrategiaconcursos.com.br\/blog\/promulgadas-as-resolucoes-3-e-4-da-camara-dos-deputados-confira-o-que-mudou\/#respond\"]}],\"copyrightYear\":\"2015\",\"copyrightHolder\":{\"@id\":\"https:\/\/www.estrategiaconcursos.com.br\/blog\/#organization\"}},{\"@type\":\"WebPage\",\"@id\":\"https:\/\/www.estrategiaconcursos.com.br\/blog\/promulgadas-as-resolucoes-3-e-4-da-camara-dos-deputados-confira-o-que-mudou\/\",\"url\":\"https:\/\/www.estrategiaconcursos.com.br\/blog\/promulgadas-as-resolucoes-3-e-4-da-camara-dos-deputados-confira-o-que-mudou\/\",\"name\":\"Promulgadas as Resolu\u00e7\u00f5es 3 e 4 da C\u00e2mara dos Deputados\",\"isPartOf\":{\"@id\":\"https:\/\/www.estrategiaconcursos.com.br\/blog\/#website\"},\"datePublished\":\"2015-04-13T14:33:31+00:00\",\"dateModified\":\"2018-09-29T13:36:06+00:00\",\"description\":\"A C\u00e2mara dos Deputados criou mais dois \u00f3rg\u00e3os na Casa. A Secretaria de Rela\u00e7\u00f5es Internacionais e A Secretaria de Comunica\u00e7\u00e3o Social. Saiba o que mudou!\",\"breadcrumb\":{\"@id\":\"https:\/\/www.estrategiaconcursos.com.br\/blog\/promulgadas-as-resolucoes-3-e-4-da-camara-dos-deputados-confira-o-que-mudou\/#breadcrumb\"},\"inLanguage\":\"pt-BR\",\"potentialAction\":[{\"@type\":\"ReadAction\",\"target\":[\"https:\/\/www.estrategiaconcursos.com.br\/blog\/promulgadas-as-resolucoes-3-e-4-da-camara-dos-deputados-confira-o-que-mudou\/\"]}]},{\"@type\":\"BreadcrumbList\",\"@id\":\"https:\/\/www.estrategiaconcursos.com.br\/blog\/promulgadas-as-resolucoes-3-e-4-da-camara-dos-deputados-confira-o-que-mudou\/#breadcrumb\",\"itemListElement\":[{\"@type\":\"ListItem\",\"position\":1,\"name\":\"In\u00edcio\",\"item\":\"https:\/\/www.estrategiaconcursos.com.br\/blog\/\"},{\"@type\":\"ListItem\",\"position\":2,\"name\":\"Promulgadas as Resolu\u00e7\u00f5es 3 e 4 da C\u00e2mara dos Deputados: confira o que mudou!\"}]},{\"@type\":\"WebSite\",\"@id\":\"https:\/\/www.estrategiaconcursos.com.br\/blog\/#website\",\"url\":\"https:\/\/www.estrategiaconcursos.com.br\/blog\/\",\"name\":\"Estrat\u00e9gia Concursos\",\"description\":\"O blog da Estrat\u00e9gia Concursos traz not\u00edcias sobre concursos e artigos de professores oferecendo cursos para concursos (pdf + videaulas) no site.\",\"publisher\":{\"@id\":\"https:\/\/www.estrategiaconcursos.com.br\/blog\/#organization\"},\"potentialAction\":[{\"@type\":\"SearchAction\",\"target\":{\"@type\":\"EntryPoint\",\"urlTemplate\":\"https:\/\/www.estrategiaconcursos.com.br\/blog\/?s={search_term_string}\"},\"query-input\":{\"@type\":\"PropertyValueSpecification\",\"valueRequired\":true,\"valueName\":\"search_term_string\"}}],\"inLanguage\":\"pt-BR\"},{\"@type\":\"Organization\",\"@id\":\"https:\/\/www.estrategiaconcursos.com.br\/blog\/#organization\",\"name\":\"Estrat\u00e9gia Concursos\",\"url\":\"https:\/\/www.estrategiaconcursos.com.br\/blog\/\",\"logo\":{\"@type\":\"ImageObject\",\"inLanguage\":\"pt-BR\",\"@id\":\"https:\/\/www.estrategiaconcursos.com.br\/blog\/#\/schema\/logo\/image\/\",\"url\":\"https:\/\/dhg1h5j42swfq.cloudfront.net\/2025\/06\/03203428\/logo_concursos-1.jpg\",\"contentUrl\":\"https:\/\/dhg1h5j42swfq.cloudfront.net\/2025\/06\/03203428\/logo_concursos-1.jpg\",\"width\":230,\"height\":60,\"caption\":\"Estrat\u00e9gia Concursos\"},\"image\":{\"@id\":\"https:\/\/www.estrategiaconcursos.com.br\/blog\/#\/schema\/logo\/image\/\"},\"sameAs\":[\"https:\/\/x.com\/EstratConcursos\"]},{\"@type\":\"Person\",\"@id\":\"https:\/\/www.estrategiaconcursos.com.br\/blog\/#\/schema\/person\/cdad40b5818eb228a838461fcd656da7\",\"name\":\"Coordena\u00e7\u00e3o\",\"image\":{\"@type\":\"ImageObject\",\"inLanguage\":\"pt-BR\",\"@id\":\"https:\/\/secure.gravatar.com\/avatar\/a413b22da0f5009c634f6c4586a2dbe5207074fd5becd88db5183b8069ef25e4?s=96&d=mm&r=g\",\"url\":\"https:\/\/secure.gravatar.com\/avatar\/a413b22da0f5009c634f6c4586a2dbe5207074fd5becd88db5183b8069ef25e4?s=96&d=mm&r=g\",\"contentUrl\":\"https:\/\/secure.gravatar.com\/avatar\/a413b22da0f5009c634f6c4586a2dbe5207074fd5becd88db5183b8069ef25e4?s=96&d=mm&r=g\",\"caption\":\"Coordena\u00e7\u00e3o\"},\"url\":\"https:\/\/www.estrategiaconcursos.com.br\/blog\/author\/contatoestrategiaconcursos-com-br\/\"}]}<\/script>\n<!-- \/ Yoast SEO Premium plugin. -->","yoast_head_json":{"title":"Promulgadas as Resolu\u00e7\u00f5es 3 e 4 da C\u00e2mara dos Deputados","description":"A C\u00e2mara dos Deputados criou mais dois \u00f3rg\u00e3os na Casa. A Secretaria de Rela\u00e7\u00f5es Internacionais e A Secretaria de Comunica\u00e7\u00e3o Social. Saiba o que mudou!","robots":{"index":"index","follow":"follow","max-snippet":"max-snippet:-1","max-image-preview":"max-image-preview:large","max-video-preview":"max-video-preview:-1"},"canonical":"https:\/\/www.estrategiaconcursos.com.br\/blog\/promulgadas-as-resolucoes-3-e-4-da-camara-dos-deputados-confira-o-que-mudou\/","og_locale":"pt_BR","og_type":"article","og_title":"Promulgadas as Resolu\u00e7\u00f5es 3 e 4 da C\u00e2mara dos Deputados: confira o que mudou!","og_description":"A C\u00e2mara dos Deputados criou mais dois \u00f3rg\u00e3os na Casa. A Secretaria de Rela\u00e7\u00f5es Internacionais e A Secretaria de Comunica\u00e7\u00e3o Social. Saiba o que mudou!","og_url":"https:\/\/www.estrategiaconcursos.com.br\/blog\/promulgadas-as-resolucoes-3-e-4-da-camara-dos-deputados-confira-o-que-mudou\/","og_site_name":"Estrat\u00e9gia Concursos","article_published_time":"2015-04-13T14:33:31+00:00","article_modified_time":"2018-09-29T13:36:06+00:00","author":"Coordena\u00e7\u00e3o","twitter_card":"summary_large_image","twitter_creator":"@EstratConcursos","twitter_site":"@EstratConcursos","twitter_misc":{"Escrito por":"Coordena\u00e7\u00e3o","Est. tempo de leitura":"1 minuto"},"schema":{"@context":"https:\/\/schema.org","@graph":[{"@type":"NewsArticle","@id":"https:\/\/www.estrategiaconcursos.com.br\/blog\/promulgadas-as-resolucoes-3-e-4-da-camara-dos-deputados-confira-o-que-mudou\/#article","isPartOf":{"@id":"https:\/\/www.estrategiaconcursos.com.br\/blog\/promulgadas-as-resolucoes-3-e-4-da-camara-dos-deputados-confira-o-que-mudou\/"},"author":{"name":"Coordena\u00e7\u00e3o","@id":"https:\/\/www.estrategiaconcursos.com.br\/blog\/#\/schema\/person\/cdad40b5818eb228a838461fcd656da7"},"headline":"Promulgadas as Resolu\u00e7\u00f5es 3 e 4 da C\u00e2mara dos Deputados: confira o que mudou!","datePublished":"2015-04-13T14:33:31+00:00","dateModified":"2018-09-29T13:36:06+00:00","mainEntityOfPage":{"@id":"https:\/\/www.estrategiaconcursos.com.br\/blog\/promulgadas-as-resolucoes-3-e-4-da-camara-dos-deputados-confira-o-que-mudou\/"},"wordCount":201,"commentCount":3,"publisher":{"@id":"https:\/\/www.estrategiaconcursos.com.br\/blog\/#organization"},"keywords":["C\u00e2mara dos Deputados"],"articleSection":["Concursos P\u00fablicos","Legislativo"],"inLanguage":"pt-BR","potentialAction":[{"@type":"CommentAction","name":"Comment","target":["https:\/\/www.estrategiaconcursos.com.br\/blog\/promulgadas-as-resolucoes-3-e-4-da-camara-dos-deputados-confira-o-que-mudou\/#respond"]}],"copyrightYear":"2015","copyrightHolder":{"@id":"https:\/\/www.estrategiaconcursos.com.br\/blog\/#organization"}},{"@type":"WebPage","@id":"https:\/\/www.estrategiaconcursos.com.br\/blog\/promulgadas-as-resolucoes-3-e-4-da-camara-dos-deputados-confira-o-que-mudou\/","url":"https:\/\/www.estrategiaconcursos.com.br\/blog\/promulgadas-as-resolucoes-3-e-4-da-camara-dos-deputados-confira-o-que-mudou\/","name":"Promulgadas as Resolu\u00e7\u00f5es 3 e 4 da C\u00e2mara dos Deputados","isPartOf":{"@id":"https:\/\/www.estrategiaconcursos.com.br\/blog\/#website"},"datePublished":"2015-04-13T14:33:31+00:00","dateModified":"2018-09-29T13:36:06+00:00","description":"A C\u00e2mara dos Deputados criou mais dois \u00f3rg\u00e3os na Casa. A Secretaria de Rela\u00e7\u00f5es Internacionais e A Secretaria de Comunica\u00e7\u00e3o Social. Saiba o que mudou!","breadcrumb":{"@id":"https:\/\/www.estrategiaconcursos.com.br\/blog\/promulgadas-as-resolucoes-3-e-4-da-camara-dos-deputados-confira-o-que-mudou\/#breadcrumb"},"inLanguage":"pt-BR","potentialAction":[{"@type":"ReadAction","target":["https:\/\/www.estrategiaconcursos.com.br\/blog\/promulgadas-as-resolucoes-3-e-4-da-camara-dos-deputados-confira-o-que-mudou\/"]}]},{"@type":"BreadcrumbList","@id":"https:\/\/www.estrategiaconcursos.com.br\/blog\/promulgadas-as-resolucoes-3-e-4-da-camara-dos-deputados-confira-o-que-mudou\/#breadcrumb","itemListElement":[{"@type":"ListItem","position":1,"name":"In\u00edcio","item":"https:\/\/www.estrategiaconcursos.com.br\/blog\/"},{"@type":"ListItem","position":2,"name":"Promulgadas as Resolu\u00e7\u00f5es 3 e 4 da C\u00e2mara dos Deputados: confira o que mudou!"}]},{"@type":"WebSite","@id":"https:\/\/www.estrategiaconcursos.com.br\/blog\/#website","url":"https:\/\/www.estrategiaconcursos.com.br\/blog\/","name":"Estrat\u00e9gia Concursos","description":"O blog da Estrat\u00e9gia Concursos traz not\u00edcias sobre concursos e artigos de professores oferecendo cursos para concursos (pdf + videaulas) no site.","publisher":{"@id":"https:\/\/www.estrategiaconcursos.com.br\/blog\/#organization"},"potentialAction":[{"@type":"SearchAction","target":{"@type":"EntryPoint","urlTemplate":"https:\/\/www.estrategiaconcursos.com.br\/blog\/?s={search_term_string}"},"query-input":{"@type":"PropertyValueSpecification","valueRequired":true,"valueName":"search_term_string"}}],"inLanguage":"pt-BR"},{"@type":"Organization","@id":"https:\/\/www.estrategiaconcursos.com.br\/blog\/#organization","name":"Estrat\u00e9gia Concursos","url":"https:\/\/www.estrategiaconcursos.com.br\/blog\/","logo":{"@type":"ImageObject","inLanguage":"pt-BR","@id":"https:\/\/www.estrategiaconcursos.com.br\/blog\/#\/schema\/logo\/image\/","url":"https:\/\/dhg1h5j42swfq.cloudfront.net\/2025\/06\/03203428\/logo_concursos-1.jpg","contentUrl":"https:\/\/dhg1h5j42swfq.cloudfront.net\/2025\/06\/03203428\/logo_concursos-1.jpg","width":230,"height":60,"caption":"Estrat\u00e9gia Concursos"},"image":{"@id":"https:\/\/www.estrategiaconcursos.com.br\/blog\/#\/schema\/logo\/image\/"},"sameAs":["https:\/\/x.com\/EstratConcursos"]},{"@type":"Person","@id":"https:\/\/www.estrategiaconcursos.com.br\/blog\/#\/schema\/person\/cdad40b5818eb228a838461fcd656da7","name":"Coordena\u00e7\u00e3o","image":{"@type":"ImageObject","inLanguage":"pt-BR","@id":"https:\/\/secure.gravatar.com\/avatar\/a413b22da0f5009c634f6c4586a2dbe5207074fd5becd88db5183b8069ef25e4?s=96&d=mm&r=g","url":"https:\/\/secure.gravatar.com\/avatar\/a413b22da0f5009c634f6c4586a2dbe5207074fd5becd88db5183b8069ef25e4?s=96&d=mm&r=g","contentUrl":"https:\/\/secure.gravatar.com\/avatar\/a413b22da0f5009c634f6c4586a2dbe5207074fd5becd88db5183b8069ef25e4?s=96&d=mm&r=g","caption":"Coordena\u00e7\u00e3o"},"url":"https:\/\/www.estrategiaconcursos.com.br\/blog\/author\/contatoestrategiaconcursos-com-br\/"}]}},"_links":{"self":[{"href":"https:\/\/www.estrategiaconcursos.com.br\/blog\/wp-json\/wp\/v2\/posts\/21978","targetHints":{"allow":["GET"]}}],"collection":[{"href":"https:\/\/www.estrategiaconcursos.com.br\/blog\/wp-json\/wp\/v2\/posts"}],"about":[{"href":"https:\/\/www.estrategiaconcursos.com.br\/blog\/wp-json\/wp\/v2\/types\/post"}],"author":[{"embeddable":true,"href":"https:\/\/www.estrategiaconcursos.com.br\/blog\/wp-json\/wp\/v2\/users\/48"}],"replies":[{"embeddable":true,"href":"https:\/\/www.estrategiaconcursos.com.br\/blog\/wp-json\/wp\/v2\/comments?post=21978"}],"version-history":[{"count":5,"href":"https:\/\/www.estrategiaconcursos.com.br\/blog\/wp-json\/wp\/v2\/posts\/21978\/revisions"}],"predecessor-version":[{"id":144298,"href":"https:\/\/www.estrategiaconcursos.com.br\/blog\/wp-json\/wp\/v2\/posts\/21978\/revisions\/144298"}],"wp:attachment":[{"href":"https:\/\/www.estrategiaconcursos.com.br\/blog\/wp-json\/wp\/v2\/media?parent=21978"}],"wp:term":[{"taxonomy":"category","embeddable":true,"href":"https:\/\/www.estrategiaconcursos.com.br\/blog\/wp-json\/wp\/v2\/categories?post=21978"},{"taxonomy":"post_tag","embeddable":true,"href":"https:\/\/www.estrategiaconcursos.com.br\/blog\/wp-json\/wp\/v2\/tags?post=21978"},{"taxonomy":"tax_estado","embeddable":true,"href":"https:\/\/www.estrategiaconcursos.com.br\/blog\/wp-json\/wp\/v2\/tax_estado?post=21978"}],"curies":[{"name":"wp","href":"https:\/\/api.w.org\/{rel}","templated":true}]}}