{"id":21957,"date":"2015-03-12T08:32:22","date_gmt":"2015-03-12T11:32:22","guid":{"rendered":"http:\/\/www.estrategiaconcursos.com.br\/blog\/?p=21957"},"modified":"2016-07-29T12:42:10","modified_gmt":"2016-07-29T15:42:10","slug":"atencao-ao-prazo-termina-nesta-quinta-feira-o-prazo-para-inscricoes-no-concurso-da-assembleia-legislativa-de-go","status":"publish","type":"post","link":"https:\/\/www.estrategiaconcursos.com.br\/blog\/atencao-ao-prazo-termina-nesta-quinta-feira-o-prazo-para-inscricoes-no-concurso-da-assembleia-legislativa-de-go\/","title":{"rendered":"Aten\u00e7\u00e3o ao prazo: Termina nesta quinta-feira o prazo para inscri\u00e7\u00f5es no concurso da Assembleia Legislativa de GO"},"content":{"rendered":"<p style=\"text-align: justify;\"><a href=\"https:\/\/dhg1h5j42swfq.cloudfront.net\/2015\/02\/Concurso-Assembleia-Legistaliva-de-GO.jpg\"><img loading=\"lazy\" decoding=\"async\" class=\"alignleft wp-image-21062 size-medium\" src=\"https:\/\/dhg1h5j42swfq.cloudfront.net\/2015\/02\/Concurso-Assembleia-Legistaliva-de-GO-300x203.jpg\" alt=\"Concurso da Assembleia Legistaliva de GO\" width=\"300\" height=\"203\" srcset=\"https:\/\/dhg1h5j42swfq.cloudfront.net\/2015\/02\/Concurso-Assembleia-Legistaliva-de-GO.jpg 300w, https:\/\/dhg1h5j42swfq.cloudfront.net\/2015\/02\/Concurso-Assembleia-Legistaliva-de-GO.jpg 444w, https:\/\/dhg1h5j42swfq.cloudfront.net\/2015\/02\/Concurso-Assembleia-Legistaliva-de-GO.jpg 650w\" sizes=\"auto, (max-width: 300px) 100vw, 300px\" \/><\/a><span style=\"color: #000000;\">Termina nesta quinta-feira, 12, o prazo para inscri\u00e7\u00f5es no\u00a0<span style=\"color: #0000ff;\"><a style=\"color: #0000ff;\" href=\"https:\/\/www.estrategiaconcursos.com.br\/cursosPorConcurso\/assembleia-legislativa-de-goias-367\/\">concurso da Assembleia Legislativa<\/a> de GO<\/span>. Os interessados devem acessar o site\u00a0da organizadora, a <span style=\"color: #0000ff;\"><a style=\"color: #0000ff;\" href=\"http:\/\/vestibular.ufg.br\/2015\/concurso_assembleia_analista\/\">UFG<\/a><\/span>, at\u00e9 \u00e0s 23h59.\u00a0As taxas s\u00e3o de\u00a0R$ 80 e R$ 110.<\/span><\/p>\n<p style=\"text-align: justify;\"><span style=\"color: #000000;\">O <span style=\"color: #0000ff;\"><a style=\"color: #0000ff;\" href=\"https:\/\/www.estrategiaconcursos.com.br\/cursosPorConcurso\/assembleia-legislativa-de-goias-367\/\">concurso da Assembleia Legislativa<\/a><\/span> <span style=\"color: #0000ff;\">de GO<\/span> prev\u00ea o preenchimento de\u00a029 vagas de n\u00edvel superior no cargo de Analista Legislativo nas fun\u00e7\u00f5es de Analistas de Dados (4), Redes e Comunica\u00e7\u00e3o de Dados (4) e de Sistema (4), Comunicador Social (2), Contador (1), Pesquisador Legislativo (5 + 1 PNE), Programador Visual (2), Revisor Taqu\u00edgrafo (2) e Taqu\u00edgrafo (3 + 1 PNE).\u00a0O sal\u00e1rio \u00e9 de R$ 4.626,52.<\/span><\/p>\n<p style=\"text-align: justify;\"><span style=\"color: #000000;\">J\u00e1 para n\u00edvel m\u00e9dio, s\u00e3o\u00a047 vagas\u00a0Assistente Legislativos nas fun\u00e7\u00f5es de Assistente Administrativo (27 + 4 PNE), Assistente de Suporte em TI (4), Operador T\u00e9cnico (1), Programador de Computador (4 + 1 PNE), T\u00e9cnico em Grava\u00e7\u00e3o e Som (1) e T\u00e9cnico em Processamento de Dados e Telecomunica\u00e7\u00f5es (4 + 1 PNE). A remunera\u00e7\u00e3o \u00e9 de R$ 3.376,99.<\/span><\/p>\n<p style=\"text-align: justify;\"><span style=\"color: #000000;\">Os candidatos ser\u00e3o submetidos a prova objetiva e prova de reda\u00e7\u00e3o, al\u00e9m de an\u00e1lise de t\u00edtulos. Para o posto de taqu\u00edgrafo ainda ser\u00e1 exigido teste pr\u00e1tico. A primeira etapa est\u00e1 agendada para o dia 12 de abril.<\/span><\/p>\n<p style=\"text-align: justify;\"><span style=\"color: #000000;\">Confira o edital em:<\/span><\/p>\n<p style=\"text-align: justify;\"><span style=\"color: #0000ff;\"><a style=\"color: #0000ff;\" href=\"https:\/\/dhg1h5j42swfq.cloudfront.net\/2015\/02\/EDITAL.pdf\" target=\"_blank\">Edital do Concurso Assembleia Legislativa de GO<\/a><\/span><\/p>\n<p style=\"text-align: justify;\"><span style=\"color: #000000;\">Outras\u00a0informa\u00e7\u00f5es em:<\/span><\/p>\n<p style=\"text-align: justify;\"><span style=\"color: #0000ff;\"><a style=\"color: #0000ff;\" href=\"http:\/\/vestibular.ufg.br\/2015\/concurso_assembleia_analista\/\">http:\/\/vestibular.ufg.br\/2015\/concurso_assembleia_analista\/<\/a><\/span><\/p>\n<p style=\"text-align: justify;\"><span style=\"color: #000000;\"><strong>O Estrat\u00e9gia Concursos j\u00e1 lan\u00e7ou cursos\u00a0para este concurso. Veja em:<\/strong><\/span><\/p>\n<p style=\"text-align: justify;\"><span style=\"color: #0000ff;\"><a style=\"color: #0000ff;\" href=\"https:\/\/www.estrategiaconcursos.com.br\/cursosPorConcurso\/assembleia-legislativa-de-goias-367\/\">https:\/\/www.estrategiaconcursos.com.br\/cursosPorConcurso\/assembleia-legislativa-de-goias-367\/<\/a><\/span><\/p>\n<p style=\"text-align: justify;\"><span style=\"color: #000000;\">Assessoria de Comunica\u00e7\u00e3o<\/span><\/p>\n<p style=\"text-align: justify;\"><span style=\"color: #000000;\">comunicao@estrategiaconcursos.com.br<\/span><\/p>\n","protected":false},"excerpt":{"rendered":"<p>Termina nesta quinta-feira, 12, o prazo para inscri\u00e7\u00f5es no\u00a0concurso da Assembleia Legislativa de GO. Os interessados devem acessar o site\u00a0da organizadora, a UFG, at\u00e9 \u00e0s 23h59.\u00a0As taxas s\u00e3o de\u00a0R$ 80 e R$ 110. O concurso da Assembleia Legislativa de GO prev\u00ea o preenchimento de\u00a029 vagas de n\u00edvel superior no cargo de Analista Legislativo nas fun\u00e7\u00f5es [&hellip;]<\/p>\n","protected":false},"author":1,"featured_media":0,"comment_status":"open","ping_status":"open","sticky":false,"template":"","format":"standard","meta":{"post_tipo":"news","footnotes":""},"categories":[1,2017],"tags":[1909,675,674],"tax_estado":[],"class_list":["post-21957","post","type-post","status-publish","format-standard","hentry","category-cursos-e-concursos","category-concursos-legislativos","tag-assembleia-legislativa","tag-concurso-da-assembleia-legislativa-de-go","tag-inscricoes"],"acf":[],"yoast_head":"<!-- This site is optimized with the Yoast SEO Premium plugin v27.2 (Yoast SEO v27.2) - https:\/\/yoast.com\/product\/yoast-seo-premium-wordpress\/ -->\n<title>Aten\u00e7\u00e3o ao prazo: Termina nesta quinta-feira o prazo para inscri\u00e7\u00f5es no concurso da Assembleia Legislativa de GO<\/title>\n<meta name=\"description\" content=\"Termina nesta quinta-feira, 12, o prazo para inscri\u00e7\u00f5es no concurso da Assembleia Legislativa de GO. Saiba mais!\" \/>\n<meta name=\"robots\" content=\"index, follow, max-snippet:-1, max-image-preview:large, max-video-preview:-1\" \/>\n<link rel=\"canonical\" href=\"https:\/\/www.estrategiaconcursos.com.br\/blog\/atencao-ao-prazo-termina-nesta-quinta-feira-o-prazo-para-inscricoes-no-concurso-da-assembleia-legislativa-de-go\/\" \/>\n<meta property=\"og:locale\" content=\"pt_BR\" \/>\n<meta property=\"og:type\" content=\"article\" \/>\n<meta property=\"og:title\" content=\"Aten\u00e7\u00e3o ao prazo: Termina nesta quinta-feira o prazo para inscri\u00e7\u00f5es no concurso da Assembleia Legislativa de GO\" \/>\n<meta property=\"og:description\" content=\"Termina nesta quinta-feira, 12, o prazo para inscri\u00e7\u00f5es no concurso da Assembleia Legislativa de GO. Saiba mais!\" \/>\n<meta property=\"og:url\" content=\"https:\/\/www.estrategiaconcursos.com.br\/blog\/atencao-ao-prazo-termina-nesta-quinta-feira-o-prazo-para-inscricoes-no-concurso-da-assembleia-legislativa-de-go\/\" \/>\n<meta property=\"og:site_name\" content=\"Estrat\u00e9gia Concursos\" \/>\n<meta property=\"article:author\" content=\"https:\/\/www.facebook.com\/EstrategiaConcursos\" \/>\n<meta property=\"article:published_time\" content=\"2015-03-12T11:32:22+00:00\" \/>\n<meta property=\"article:modified_time\" content=\"2016-07-29T15:42:10+00:00\" \/>\n<meta property=\"og:image\" content=\"https:\/\/dhg1h5j42swfq.cloudfront.net\/2015\/02\/Concurso-Assembleia-Legistaliva-de-GO-300x203.jpg\" \/>\n<meta name=\"author\" content=\"Coordena\u00e7\u00e3o\" \/>\n<meta name=\"twitter:card\" content=\"summary_large_image\" \/>\n<meta name=\"twitter:creator\" content=\"@EstratConcursos\" \/>\n<meta name=\"twitter:site\" content=\"@EstratConcursos\" \/>\n<meta name=\"twitter:label1\" content=\"Escrito por\" \/>\n\t<meta name=\"twitter:data1\" content=\"Coordena\u00e7\u00e3o\" \/>\n\t<meta name=\"twitter:label2\" content=\"Est. tempo de leitura\" \/>\n\t<meta name=\"twitter:data2\" content=\"1 minuto\" \/>\n<script type=\"application\/ld+json\" class=\"yoast-schema-graph\">{\"@context\":\"https:\/\/schema.org\",\"@graph\":[{\"@type\":\"NewsArticle\",\"@id\":\"https:\/\/www.estrategiaconcursos.com.br\/blog\/atencao-ao-prazo-termina-nesta-quinta-feira-o-prazo-para-inscricoes-no-concurso-da-assembleia-legislativa-de-go\/#article\",\"isPartOf\":{\"@id\":\"https:\/\/www.estrategiaconcursos.com.br\/blog\/atencao-ao-prazo-termina-nesta-quinta-feira-o-prazo-para-inscricoes-no-concurso-da-assembleia-legislativa-de-go\/\"},\"author\":{\"name\":\"Coordena\u00e7\u00e3o\",\"@id\":\"https:\/\/www.estrategiaconcursos.com.br\/blog\/#\/schema\/person\/b4a388c97673c5f483d72185668afa1f\"},\"headline\":\"Aten\u00e7\u00e3o ao prazo: Termina nesta quinta-feira o prazo para inscri\u00e7\u00f5es no concurso da Assembleia Legislativa de GO\",\"datePublished\":\"2015-03-12T11:32:22+00:00\",\"dateModified\":\"2016-07-29T15:42:10+00:00\",\"mainEntityOfPage\":{\"@id\":\"https:\/\/www.estrategiaconcursos.com.br\/blog\/atencao-ao-prazo-termina-nesta-quinta-feira-o-prazo-para-inscricoes-no-concurso-da-assembleia-legislativa-de-go\/\"},\"wordCount\":258,\"commentCount\":0,\"publisher\":{\"@id\":\"https:\/\/www.estrategiaconcursos.com.br\/blog\/#organization\"},\"image\":{\"@id\":\"https:\/\/www.estrategiaconcursos.com.br\/blog\/atencao-ao-prazo-termina-nesta-quinta-feira-o-prazo-para-inscricoes-no-concurso-da-assembleia-legislativa-de-go\/#primaryimage\"},\"thumbnailUrl\":\"https:\/\/dhg1h5j42swfq.cloudfront.net\/2015\/02\/Concurso-Assembleia-Legistaliva-de-GO-300x203.jpg\",\"keywords\":[\"assembleia legislativa\",\"Concurso da Assembleia Legislativa de GO\",\"inscri\u00e7\u00f5es\"],\"articleSection\":[\"Concursos P\u00fablicos\",\"Legislativo\"],\"inLanguage\":\"pt-BR\",\"potentialAction\":[{\"@type\":\"CommentAction\",\"name\":\"Comment\",\"target\":[\"https:\/\/www.estrategiaconcursos.com.br\/blog\/atencao-ao-prazo-termina-nesta-quinta-feira-o-prazo-para-inscricoes-no-concurso-da-assembleia-legislativa-de-go\/#respond\"]}],\"copyrightYear\":\"2015\",\"copyrightHolder\":{\"@id\":\"https:\/\/www.estrategiaconcursos.com.br\/blog\/#organization\"}},{\"@type\":\"WebPage\",\"@id\":\"https:\/\/www.estrategiaconcursos.com.br\/blog\/atencao-ao-prazo-termina-nesta-quinta-feira-o-prazo-para-inscricoes-no-concurso-da-assembleia-legislativa-de-go\/\",\"url\":\"https:\/\/www.estrategiaconcursos.com.br\/blog\/atencao-ao-prazo-termina-nesta-quinta-feira-o-prazo-para-inscricoes-no-concurso-da-assembleia-legislativa-de-go\/\",\"name\":\"Aten\u00e7\u00e3o ao prazo: Termina nesta quinta-feira o prazo para inscri\u00e7\u00f5es no concurso da Assembleia Legislativa de GO\",\"isPartOf\":{\"@id\":\"https:\/\/www.estrategiaconcursos.com.br\/blog\/#website\"},\"primaryImageOfPage\":{\"@id\":\"https:\/\/www.estrategiaconcursos.com.br\/blog\/atencao-ao-prazo-termina-nesta-quinta-feira-o-prazo-para-inscricoes-no-concurso-da-assembleia-legislativa-de-go\/#primaryimage\"},\"image\":{\"@id\":\"https:\/\/www.estrategiaconcursos.com.br\/blog\/atencao-ao-prazo-termina-nesta-quinta-feira-o-prazo-para-inscricoes-no-concurso-da-assembleia-legislativa-de-go\/#primaryimage\"},\"thumbnailUrl\":\"https:\/\/dhg1h5j42swfq.cloudfront.net\/2015\/02\/Concurso-Assembleia-Legistaliva-de-GO-300x203.jpg\",\"datePublished\":\"2015-03-12T11:32:22+00:00\",\"dateModified\":\"2016-07-29T15:42:10+00:00\",\"description\":\"Termina nesta quinta-feira, 12, o prazo para inscri\u00e7\u00f5es no concurso da Assembleia Legislativa de GO. Saiba mais!\",\"breadcrumb\":{\"@id\":\"https:\/\/www.estrategiaconcursos.com.br\/blog\/atencao-ao-prazo-termina-nesta-quinta-feira-o-prazo-para-inscricoes-no-concurso-da-assembleia-legislativa-de-go\/#breadcrumb\"},\"inLanguage\":\"pt-BR\",\"potentialAction\":[{\"@type\":\"ReadAction\",\"target\":[\"https:\/\/www.estrategiaconcursos.com.br\/blog\/atencao-ao-prazo-termina-nesta-quinta-feira-o-prazo-para-inscricoes-no-concurso-da-assembleia-legislativa-de-go\/\"]}]},{\"@type\":\"ImageObject\",\"inLanguage\":\"pt-BR\",\"@id\":\"https:\/\/www.estrategiaconcursos.com.br\/blog\/atencao-ao-prazo-termina-nesta-quinta-feira-o-prazo-para-inscricoes-no-concurso-da-assembleia-legislativa-de-go\/#primaryimage\",\"url\":\"https:\/\/dhg1h5j42swfq.cloudfront.net\/2015\/02\/Concurso-Assembleia-Legistaliva-de-GO-300x203.jpg\",\"contentUrl\":\"https:\/\/dhg1h5j42swfq.cloudfront.net\/2015\/02\/Concurso-Assembleia-Legistaliva-de-GO-300x203.jpg\"},{\"@type\":\"BreadcrumbList\",\"@id\":\"https:\/\/www.estrategiaconcursos.com.br\/blog\/atencao-ao-prazo-termina-nesta-quinta-feira-o-prazo-para-inscricoes-no-concurso-da-assembleia-legislativa-de-go\/#breadcrumb\",\"itemListElement\":[{\"@type\":\"ListItem\",\"position\":1,\"name\":\"In\u00edcio\",\"item\":\"https:\/\/www.estrategiaconcursos.com.br\/blog\/\"},{\"@type\":\"ListItem\",\"position\":2,\"name\":\"Aten\u00e7\u00e3o ao prazo: Termina nesta quinta-feira o prazo para inscri\u00e7\u00f5es no concurso da Assembleia Legislativa de GO\"}]},{\"@type\":\"WebSite\",\"@id\":\"https:\/\/www.estrategiaconcursos.com.br\/blog\/#website\",\"url\":\"https:\/\/www.estrategiaconcursos.com.br\/blog\/\",\"name\":\"Estrat\u00e9gia Concursos\",\"description\":\"O blog da Estrat\u00e9gia Concursos traz not\u00edcias sobre concursos e artigos de professores oferecendo cursos para concursos (pdf + videaulas) no site.\",\"publisher\":{\"@id\":\"https:\/\/www.estrategiaconcursos.com.br\/blog\/#organization\"},\"potentialAction\":[{\"@type\":\"SearchAction\",\"target\":{\"@type\":\"EntryPoint\",\"urlTemplate\":\"https:\/\/www.estrategiaconcursos.com.br\/blog\/?s={search_term_string}\"},\"query-input\":{\"@type\":\"PropertyValueSpecification\",\"valueRequired\":true,\"valueName\":\"search_term_string\"}}],\"inLanguage\":\"pt-BR\"},{\"@type\":\"Organization\",\"@id\":\"https:\/\/www.estrategiaconcursos.com.br\/blog\/#organization\",\"name\":\"Estrat\u00e9gia Concursos\",\"url\":\"https:\/\/www.estrategiaconcursos.com.br\/blog\/\",\"logo\":{\"@type\":\"ImageObject\",\"inLanguage\":\"pt-BR\",\"@id\":\"https:\/\/www.estrategiaconcursos.com.br\/blog\/#\/schema\/logo\/image\/\",\"url\":\"https:\/\/dhg1h5j42swfq.cloudfront.net\/2025\/06\/03203428\/logo_concursos-1.jpg\",\"contentUrl\":\"https:\/\/dhg1h5j42swfq.cloudfront.net\/2025\/06\/03203428\/logo_concursos-1.jpg\",\"width\":230,\"height\":60,\"caption\":\"Estrat\u00e9gia Concursos\"},\"image\":{\"@id\":\"https:\/\/www.estrategiaconcursos.com.br\/blog\/#\/schema\/logo\/image\/\"},\"sameAs\":[\"https:\/\/x.com\/EstratConcursos\"]},{\"@type\":\"Person\",\"@id\":\"https:\/\/www.estrategiaconcursos.com.br\/blog\/#\/schema\/person\/b4a388c97673c5f483d72185668afa1f\",\"name\":\"Coordena\u00e7\u00e3o\",\"image\":{\"@type\":\"ImageObject\",\"inLanguage\":\"pt-BR\",\"@id\":\"https:\/\/secure.gravatar.com\/avatar\/b720319e4c9a967eb58678d110f4fe35452fc5d5f97b202bac7b8acceb18c6ad?s=96&d=mm&r=g\",\"url\":\"https:\/\/secure.gravatar.com\/avatar\/b720319e4c9a967eb58678d110f4fe35452fc5d5f97b202bac7b8acceb18c6ad?s=96&d=mm&r=g\",\"contentUrl\":\"https:\/\/secure.gravatar.com\/avatar\/b720319e4c9a967eb58678d110f4fe35452fc5d5f97b202bac7b8acceb18c6ad?s=96&d=mm&r=g\",\"caption\":\"Coordena\u00e7\u00e3o\"},\"sameAs\":[\"https:\/\/www.facebook.com\/EstrategiaConcursos\",\"https:\/\/x.com\/EstratConcursos\"],\"url\":\"https:\/\/www.estrategiaconcursos.com.br\/blog\/author\/estrategia2013\/\"}]}<\/script>\n<!-- \/ Yoast SEO Premium plugin. -->","yoast_head_json":{"title":"Aten\u00e7\u00e3o ao prazo: Termina nesta quinta-feira o prazo para inscri\u00e7\u00f5es no concurso da Assembleia Legislativa de GO","description":"Termina nesta quinta-feira, 12, o prazo para inscri\u00e7\u00f5es no concurso da Assembleia Legislativa de GO. Saiba mais!","robots":{"index":"index","follow":"follow","max-snippet":"max-snippet:-1","max-image-preview":"max-image-preview:large","max-video-preview":"max-video-preview:-1"},"canonical":"https:\/\/www.estrategiaconcursos.com.br\/blog\/atencao-ao-prazo-termina-nesta-quinta-feira-o-prazo-para-inscricoes-no-concurso-da-assembleia-legislativa-de-go\/","og_locale":"pt_BR","og_type":"article","og_title":"Aten\u00e7\u00e3o ao prazo: Termina nesta quinta-feira o prazo para inscri\u00e7\u00f5es no concurso da Assembleia Legislativa de GO","og_description":"Termina nesta quinta-feira, 12, o prazo para inscri\u00e7\u00f5es no concurso da Assembleia Legislativa de GO. Saiba mais!","og_url":"https:\/\/www.estrategiaconcursos.com.br\/blog\/atencao-ao-prazo-termina-nesta-quinta-feira-o-prazo-para-inscricoes-no-concurso-da-assembleia-legislativa-de-go\/","og_site_name":"Estrat\u00e9gia Concursos","article_author":"https:\/\/www.facebook.com\/EstrategiaConcursos","article_published_time":"2015-03-12T11:32:22+00:00","article_modified_time":"2016-07-29T15:42:10+00:00","og_image":[{"url":"https:\/\/dhg1h5j42swfq.cloudfront.net\/2015\/02\/Concurso-Assembleia-Legistaliva-de-GO-300x203.jpg","type":"","width":"","height":""}],"author":"Coordena\u00e7\u00e3o","twitter_card":"summary_large_image","twitter_creator":"@EstratConcursos","twitter_site":"@EstratConcursos","twitter_misc":{"Escrito por":"Coordena\u00e7\u00e3o","Est. tempo de leitura":"1 minuto"},"schema":{"@context":"https:\/\/schema.org","@graph":[{"@type":"NewsArticle","@id":"https:\/\/www.estrategiaconcursos.com.br\/blog\/atencao-ao-prazo-termina-nesta-quinta-feira-o-prazo-para-inscricoes-no-concurso-da-assembleia-legislativa-de-go\/#article","isPartOf":{"@id":"https:\/\/www.estrategiaconcursos.com.br\/blog\/atencao-ao-prazo-termina-nesta-quinta-feira-o-prazo-para-inscricoes-no-concurso-da-assembleia-legislativa-de-go\/"},"author":{"name":"Coordena\u00e7\u00e3o","@id":"https:\/\/www.estrategiaconcursos.com.br\/blog\/#\/schema\/person\/b4a388c97673c5f483d72185668afa1f"},"headline":"Aten\u00e7\u00e3o ao prazo: Termina nesta quinta-feira o prazo para inscri\u00e7\u00f5es no concurso da Assembleia Legislativa de GO","datePublished":"2015-03-12T11:32:22+00:00","dateModified":"2016-07-29T15:42:10+00:00","mainEntityOfPage":{"@id":"https:\/\/www.estrategiaconcursos.com.br\/blog\/atencao-ao-prazo-termina-nesta-quinta-feira-o-prazo-para-inscricoes-no-concurso-da-assembleia-legislativa-de-go\/"},"wordCount":258,"commentCount":0,"publisher":{"@id":"https:\/\/www.estrategiaconcursos.com.br\/blog\/#organization"},"image":{"@id":"https:\/\/www.estrategiaconcursos.com.br\/blog\/atencao-ao-prazo-termina-nesta-quinta-feira-o-prazo-para-inscricoes-no-concurso-da-assembleia-legislativa-de-go\/#primaryimage"},"thumbnailUrl":"https:\/\/dhg1h5j42swfq.cloudfront.net\/2015\/02\/Concurso-Assembleia-Legistaliva-de-GO-300x203.jpg","keywords":["assembleia legislativa","Concurso da Assembleia Legislativa de GO","inscri\u00e7\u00f5es"],"articleSection":["Concursos P\u00fablicos","Legislativo"],"inLanguage":"pt-BR","potentialAction":[{"@type":"CommentAction","name":"Comment","target":["https:\/\/www.estrategiaconcursos.com.br\/blog\/atencao-ao-prazo-termina-nesta-quinta-feira-o-prazo-para-inscricoes-no-concurso-da-assembleia-legislativa-de-go\/#respond"]}],"copyrightYear":"2015","copyrightHolder":{"@id":"https:\/\/www.estrategiaconcursos.com.br\/blog\/#organization"}},{"@type":"WebPage","@id":"https:\/\/www.estrategiaconcursos.com.br\/blog\/atencao-ao-prazo-termina-nesta-quinta-feira-o-prazo-para-inscricoes-no-concurso-da-assembleia-legislativa-de-go\/","url":"https:\/\/www.estrategiaconcursos.com.br\/blog\/atencao-ao-prazo-termina-nesta-quinta-feira-o-prazo-para-inscricoes-no-concurso-da-assembleia-legislativa-de-go\/","name":"Aten\u00e7\u00e3o ao prazo: Termina nesta quinta-feira o prazo para inscri\u00e7\u00f5es no concurso da Assembleia Legislativa de GO","isPartOf":{"@id":"https:\/\/www.estrategiaconcursos.com.br\/blog\/#website"},"primaryImageOfPage":{"@id":"https:\/\/www.estrategiaconcursos.com.br\/blog\/atencao-ao-prazo-termina-nesta-quinta-feira-o-prazo-para-inscricoes-no-concurso-da-assembleia-legislativa-de-go\/#primaryimage"},"image":{"@id":"https:\/\/www.estrategiaconcursos.com.br\/blog\/atencao-ao-prazo-termina-nesta-quinta-feira-o-prazo-para-inscricoes-no-concurso-da-assembleia-legislativa-de-go\/#primaryimage"},"thumbnailUrl":"https:\/\/dhg1h5j42swfq.cloudfront.net\/2015\/02\/Concurso-Assembleia-Legistaliva-de-GO-300x203.jpg","datePublished":"2015-03-12T11:32:22+00:00","dateModified":"2016-07-29T15:42:10+00:00","description":"Termina nesta quinta-feira, 12, o prazo para inscri\u00e7\u00f5es no concurso da Assembleia Legislativa de GO. Saiba mais!","breadcrumb":{"@id":"https:\/\/www.estrategiaconcursos.com.br\/blog\/atencao-ao-prazo-termina-nesta-quinta-feira-o-prazo-para-inscricoes-no-concurso-da-assembleia-legislativa-de-go\/#breadcrumb"},"inLanguage":"pt-BR","potentialAction":[{"@type":"ReadAction","target":["https:\/\/www.estrategiaconcursos.com.br\/blog\/atencao-ao-prazo-termina-nesta-quinta-feira-o-prazo-para-inscricoes-no-concurso-da-assembleia-legislativa-de-go\/"]}]},{"@type":"ImageObject","inLanguage":"pt-BR","@id":"https:\/\/www.estrategiaconcursos.com.br\/blog\/atencao-ao-prazo-termina-nesta-quinta-feira-o-prazo-para-inscricoes-no-concurso-da-assembleia-legislativa-de-go\/#primaryimage","url":"https:\/\/dhg1h5j42swfq.cloudfront.net\/2015\/02\/Concurso-Assembleia-Legistaliva-de-GO-300x203.jpg","contentUrl":"https:\/\/dhg1h5j42swfq.cloudfront.net\/2015\/02\/Concurso-Assembleia-Legistaliva-de-GO-300x203.jpg"},{"@type":"BreadcrumbList","@id":"https:\/\/www.estrategiaconcursos.com.br\/blog\/atencao-ao-prazo-termina-nesta-quinta-feira-o-prazo-para-inscricoes-no-concurso-da-assembleia-legislativa-de-go\/#breadcrumb","itemListElement":[{"@type":"ListItem","position":1,"name":"In\u00edcio","item":"https:\/\/www.estrategiaconcursos.com.br\/blog\/"},{"@type":"ListItem","position":2,"name":"Aten\u00e7\u00e3o ao prazo: Termina nesta quinta-feira o prazo para inscri\u00e7\u00f5es no concurso da Assembleia Legislativa de GO"}]},{"@type":"WebSite","@id":"https:\/\/www.estrategiaconcursos.com.br\/blog\/#website","url":"https:\/\/www.estrategiaconcursos.com.br\/blog\/","name":"Estrat\u00e9gia Concursos","description":"O blog da Estrat\u00e9gia Concursos traz not\u00edcias sobre concursos e artigos de professores oferecendo cursos para concursos (pdf + videaulas) no site.","publisher":{"@id":"https:\/\/www.estrategiaconcursos.com.br\/blog\/#organization"},"potentialAction":[{"@type":"SearchAction","target":{"@type":"EntryPoint","urlTemplate":"https:\/\/www.estrategiaconcursos.com.br\/blog\/?s={search_term_string}"},"query-input":{"@type":"PropertyValueSpecification","valueRequired":true,"valueName":"search_term_string"}}],"inLanguage":"pt-BR"},{"@type":"Organization","@id":"https:\/\/www.estrategiaconcursos.com.br\/blog\/#organization","name":"Estrat\u00e9gia Concursos","url":"https:\/\/www.estrategiaconcursos.com.br\/blog\/","logo":{"@type":"ImageObject","inLanguage":"pt-BR","@id":"https:\/\/www.estrategiaconcursos.com.br\/blog\/#\/schema\/logo\/image\/","url":"https:\/\/dhg1h5j42swfq.cloudfront.net\/2025\/06\/03203428\/logo_concursos-1.jpg","contentUrl":"https:\/\/dhg1h5j42swfq.cloudfront.net\/2025\/06\/03203428\/logo_concursos-1.jpg","width":230,"height":60,"caption":"Estrat\u00e9gia Concursos"},"image":{"@id":"https:\/\/www.estrategiaconcursos.com.br\/blog\/#\/schema\/logo\/image\/"},"sameAs":["https:\/\/x.com\/EstratConcursos"]},{"@type":"Person","@id":"https:\/\/www.estrategiaconcursos.com.br\/blog\/#\/schema\/person\/b4a388c97673c5f483d72185668afa1f","name":"Coordena\u00e7\u00e3o","image":{"@type":"ImageObject","inLanguage":"pt-BR","@id":"https:\/\/secure.gravatar.com\/avatar\/b720319e4c9a967eb58678d110f4fe35452fc5d5f97b202bac7b8acceb18c6ad?s=96&d=mm&r=g","url":"https:\/\/secure.gravatar.com\/avatar\/b720319e4c9a967eb58678d110f4fe35452fc5d5f97b202bac7b8acceb18c6ad?s=96&d=mm&r=g","contentUrl":"https:\/\/secure.gravatar.com\/avatar\/b720319e4c9a967eb58678d110f4fe35452fc5d5f97b202bac7b8acceb18c6ad?s=96&d=mm&r=g","caption":"Coordena\u00e7\u00e3o"},"sameAs":["https:\/\/www.facebook.com\/EstrategiaConcursos","https:\/\/x.com\/EstratConcursos"],"url":"https:\/\/www.estrategiaconcursos.com.br\/blog\/author\/estrategia2013\/"}]}},"_links":{"self":[{"href":"https:\/\/www.estrategiaconcursos.com.br\/blog\/wp-json\/wp\/v2\/posts\/21957","targetHints":{"allow":["GET"]}}],"collection":[{"href":"https:\/\/www.estrategiaconcursos.com.br\/blog\/wp-json\/wp\/v2\/posts"}],"about":[{"href":"https:\/\/www.estrategiaconcursos.com.br\/blog\/wp-json\/wp\/v2\/types\/post"}],"author":[{"embeddable":true,"href":"https:\/\/www.estrategiaconcursos.com.br\/blog\/wp-json\/wp\/v2\/users\/1"}],"replies":[{"embeddable":true,"href":"https:\/\/www.estrategiaconcursos.com.br\/blog\/wp-json\/wp\/v2\/comments?post=21957"}],"version-history":[{"count":1,"href":"https:\/\/www.estrategiaconcursos.com.br\/blog\/wp-json\/wp\/v2\/posts\/21957\/revisions"}],"predecessor-version":[{"id":21958,"href":"https:\/\/www.estrategiaconcursos.com.br\/blog\/wp-json\/wp\/v2\/posts\/21957\/revisions\/21958"}],"wp:attachment":[{"href":"https:\/\/www.estrategiaconcursos.com.br\/blog\/wp-json\/wp\/v2\/media?parent=21957"}],"wp:term":[{"taxonomy":"category","embeddable":true,"href":"https:\/\/www.estrategiaconcursos.com.br\/blog\/wp-json\/wp\/v2\/categories?post=21957"},{"taxonomy":"post_tag","embeddable":true,"href":"https:\/\/www.estrategiaconcursos.com.br\/blog\/wp-json\/wp\/v2\/tags?post=21957"},{"taxonomy":"tax_estado","embeddable":true,"href":"https:\/\/www.estrategiaconcursos.com.br\/blog\/wp-json\/wp\/v2\/tax_estado?post=21957"}],"curies":[{"name":"wp","href":"https:\/\/api.w.org\/{rel}","templated":true}]}}