{"id":21947,"date":"2015-03-11T20:32:16","date_gmt":"2015-03-11T23:32:16","guid":{"rendered":"http:\/\/www.estrategiaconcursos.com.br\/blog\/?p=21947"},"modified":"2015-03-16T10:41:19","modified_gmt":"2015-03-16T13:41:19","slug":"dpe-mt-legislacao-institucional-recurso","status":"publish","type":"post","link":"https:\/\/www.estrategiaconcursos.com.br\/blog\/dpe-mt-legislacao-institucional-recurso\/","title":{"rendered":"DPE-MT &#8211; Legisla\u00e7\u00e3o institucional &#8211; Recurso!"},"content":{"rendered":"<p style=\"text-align: justify\">Ol\u00e1, pessoal<\/p>\n<p style=\"text-align: justify\">\n<p style=\"text-align: justify\">Boa noite!<\/p>\n<p style=\"text-align: justify\">\n<p style=\"text-align: justify\">Analisando a prova de legisla\u00e7\u00e3o institucional do concurso da DPE-MT, aplicada recentemente, vejo possibilidade de recurso em uma das quest\u00f5es:<\/p>\n<p style=\"text-align: justify\">\n<p style=\"text-align: justify\"><strong>(FGV &#8211; 2015 &#8211; DPE-MT &#8211; ANALISTA: ADVOGADO)<\/strong><\/p>\n<p style=\"text-align: justify\"><strong>Pedro e Cristina s\u00e3o casados e possuem dois filhos menores, Tadeu e Joaquim. O casal procurou a Defensoria P\u00fablica do Estado de Mato Grosso do Sul para ingressar com a\u00e7\u00e3o para obten\u00e7\u00e3o de medicamentos para Joaquim, em face do Estado, que se recusa a fornec\u00ea-los. Ambos trabalham com carteira assinada, auferindo mensalmente, cada um, o valor l\u00edquido de dois sal\u00e1rios m\u00ednimos.<\/strong><\/p>\n<p style=\"text-align: justify\"><strong>Com base na Resolu\u00e7\u00e3o n\u00ba 46\/2011 do Conselho Superior da Defensoria P\u00fablica e na Lei Complementar n\u00ba 146\/2003, assinale a afirmativa correta.<\/strong><\/p>\n<p style=\"text-align: justify\"><strong>(A) Pedro e Cristina ter\u00e3o que requerer a assist\u00eancia jur\u00eddica gratuita ao Defensor P\u00fablico Geral do Estado, tendo em vista que a renda familiar mensal ultrapassa a quantia de tr\u00eas sal\u00e1rios m\u00ednimos.<\/strong><\/p>\n<p style=\"text-align: justify\"><strong>(B) Pedro e Cristina ser\u00e3o considerados presumidamente hipossuficientes de recursos para fins de assist\u00eancia jur\u00eddica pela Defensoria P\u00fablica, tendo em vista que a renda familiar \u00e9 de at\u00e9 cinco sal\u00e1rios m\u00ednimos.<\/strong><\/p>\n<p style=\"text-align: justify\"><strong>(C) Nesse caso, n\u00e3o ser\u00e3o consideradas as necessidades econ\u00f4micas dos benefici\u00e1rios, por se tratar de exerc\u00edcio de curadoria especial.<\/strong><\/p>\n<p style=\"text-align: justify\"><strong>(D) Pedro e Cristina ser\u00e3o considerados presumidamente hipossuficientes de recursos para fins de assist\u00eancia jur\u00eddica pela Defensoria P\u00fablica eis que somente ser\u00e3o levados em considera\u00e7\u00e3o os rendimentos de Pedro, sendo estes inferiores a tr\u00eas sal\u00e1rios m\u00ednimos.<\/strong><\/p>\n<p style=\"text-align: justify\"><strong>(E) Pedro e Cristina seriam considerados presumidamente hipossuficientes de recursos para fins de assist\u00eancia jur\u00eddica pela Defensoria P\u00fablica, ainda que possu\u00edssem patrim\u00f4nio vultoso.<\/strong><\/p>\n<p style=\"text-align: justify\"><strong>COMENT\u00c1RIOS: <\/strong>Neste caso, como mais de uma pessoa contribui para a composi\u00e7\u00e3o da renda do n\u00facleo familiar, o par\u00e2metro a ser utilizado \u00e9 o de at\u00e9 cinco sal\u00e1rios m\u00ednimos, por for\u00e7a do \u00a72\u00ba do art. 1\u00ba da Resolu\u00e7\u00e3o:<\/p>\n<p style=\"text-align: justify\"><em>Art. 1\u00ba (&#8230;)<\/em><\/p>\n<p style=\"text-align: justify\"><em>2\u00ba. Quando mais de uma pessoa contribuir para a renda familiar l\u00edquida, o par\u00e2metro para a atua\u00e7\u00e3o da Defensoria P\u00fablica ser\u00e1 de at\u00e9 cinco sal\u00e1rios m\u00ednimos.<\/em><\/p>\n<p style=\"text-align: justify\">Contudo, a quest\u00e3o deve ser anulada, eis que <span style=\"color: #ff0000\"><strong>o enunciado diz que o casal procurou a Defensoria P\u00fablica do Estado do Mato Grosso do SUL.<\/strong><\/span> Ora, o concurso se deu para a Defensoria P\u00fablica do estado do Mato Grosso, e n\u00e3o do Mato Grosso do Sul, de forma que n\u00e3o consta no edital qualquer legisla\u00e7\u00e3o acerca da Defensoria P\u00fablica do Mato Grosso do Sul.<\/p>\n<p style=\"text-align: justify\"><strong><span style=\"color: #ff0000\">Assim, a quest\u00e3o deve ser anulada.<\/span><\/strong><\/p>\n<p style=\"text-align: justify\">\n<p style=\"text-align: justify\"><strong>Bons estudos!<\/strong><\/p>\n<p style=\"text-align: justify\"><strong>Prof. Renan Araujo<\/strong><\/p>\n","protected":false},"excerpt":{"rendered":"<p>Ol\u00e1, pessoal Boa noite! Analisando a prova de legisla\u00e7\u00e3o institucional do concurso da DPE-MT, aplicada recentemente, vejo possibilidade de recurso em uma das quest\u00f5es: (FGV &#8211; 2015 &#8211; DPE-MT &#8211; ANALISTA: ADVOGADO) Pedro e Cristina s\u00e3o casados e possuem dois filhos menores, Tadeu e Joaquim. O casal procurou a Defensoria P\u00fablica do Estado de Mato [&hellip;]<\/p>\n","protected":false},"author":39,"featured_media":0,"comment_status":"open","ping_status":"open","sticky":false,"template":"","format":"standard","meta":{"post_tipo":"article","footnotes":""},"categories":[],"tags":[667,8],"tax_estado":[],"class_list":["post-21947","post","type-post","status-publish","format-standard","hentry","tag-dpe-mt","tag-recurso"],"acf":[],"yoast_head":"<!-- This site is optimized with the Yoast SEO Premium plugin v27.2 (Yoast SEO v27.2) - https:\/\/yoast.com\/product\/yoast-seo-premium-wordpress\/ -->\n<title>DPE-MT - Legisla\u00e7\u00e3o institucional - Recurso!<\/title>\n<meta name=\"robots\" content=\"index, follow, max-snippet:-1, max-image-preview:large, max-video-preview:-1\" \/>\n<link rel=\"canonical\" href=\"https:\/\/www.estrategiaconcursos.com.br\/blog\/dpe-mt-legislacao-institucional-recurso\/\" \/>\n<meta property=\"og:locale\" content=\"pt_BR\" \/>\n<meta property=\"og:type\" content=\"article\" \/>\n<meta property=\"og:title\" content=\"DPE-MT - Legisla\u00e7\u00e3o institucional - Recurso!\" \/>\n<meta property=\"og:description\" content=\"Ol\u00e1, pessoal Boa noite! Analisando a prova de legisla\u00e7\u00e3o institucional do concurso da DPE-MT, aplicada recentemente, vejo possibilidade de recurso em uma das quest\u00f5es: (FGV &#8211; 2015 &#8211; DPE-MT &#8211; ANALISTA: ADVOGADO) Pedro e Cristina s\u00e3o casados e possuem dois filhos menores, Tadeu e Joaquim. O casal procurou a Defensoria P\u00fablica do Estado de Mato [&hellip;]\" \/>\n<meta property=\"og:url\" content=\"https:\/\/www.estrategiaconcursos.com.br\/blog\/dpe-mt-legislacao-institucional-recurso\/\" \/>\n<meta property=\"og:site_name\" content=\"Estrat\u00e9gia Concursos\" \/>\n<meta property=\"article:published_time\" content=\"2015-03-11T23:32:16+00:00\" \/>\n<meta property=\"article:modified_time\" content=\"2015-03-16T13:41:19+00:00\" \/>\n<meta name=\"author\" content=\"Renan Araujo\" \/>\n<meta name=\"twitter:card\" content=\"summary_large_image\" \/>\n<meta name=\"twitter:creator\" content=\"@EstratConcursos\" \/>\n<meta name=\"twitter:site\" content=\"@EstratConcursos\" \/>\n<meta name=\"twitter:label1\" content=\"Escrito por\" \/>\n\t<meta name=\"twitter:data1\" content=\"Renan Araujo\" \/>\n\t<meta name=\"twitter:label2\" content=\"Est. tempo de leitura\" \/>\n\t<meta name=\"twitter:data2\" content=\"2 minutos\" \/>\n<script type=\"application\/ld+json\" class=\"yoast-schema-graph\">{\"@context\":\"https:\/\/schema.org\",\"@graph\":[{\"@type\":\"NewsArticle\",\"@id\":\"https:\/\/www.estrategiaconcursos.com.br\/blog\/dpe-mt-legislacao-institucional-recurso\/#article\",\"isPartOf\":{\"@id\":\"https:\/\/www.estrategiaconcursos.com.br\/blog\/dpe-mt-legislacao-institucional-recurso\/\"},\"author\":{\"name\":\"Renan Araujo\",\"@id\":\"https:\/\/www.estrategiaconcursos.com.br\/blog\/#\/schema\/person\/1a7a7af72da82939a6308b2ee292162b\"},\"headline\":\"DPE-MT &#8211; Legisla\u00e7\u00e3o institucional &#8211; Recurso!\",\"datePublished\":\"2015-03-11T23:32:16+00:00\",\"dateModified\":\"2015-03-16T13:41:19+00:00\",\"mainEntityOfPage\":{\"@id\":\"https:\/\/www.estrategiaconcursos.com.br\/blog\/dpe-mt-legislacao-institucional-recurso\/\"},\"wordCount\":461,\"commentCount\":0,\"publisher\":{\"@id\":\"https:\/\/www.estrategiaconcursos.com.br\/blog\/#organization\"},\"keywords\":[\"DPE-MT\",\"Recurso\"],\"inLanguage\":\"pt-BR\",\"potentialAction\":[{\"@type\":\"CommentAction\",\"name\":\"Comment\",\"target\":[\"https:\/\/www.estrategiaconcursos.com.br\/blog\/dpe-mt-legislacao-institucional-recurso\/#respond\"]}],\"copyrightYear\":\"2015\",\"copyrightHolder\":{\"@id\":\"https:\/\/www.estrategiaconcursos.com.br\/blog\/#organization\"}},{\"@type\":\"WebPage\",\"@id\":\"https:\/\/www.estrategiaconcursos.com.br\/blog\/dpe-mt-legislacao-institucional-recurso\/\",\"url\":\"https:\/\/www.estrategiaconcursos.com.br\/blog\/dpe-mt-legislacao-institucional-recurso\/\",\"name\":\"DPE-MT - Legisla\u00e7\u00e3o institucional - Recurso!\",\"isPartOf\":{\"@id\":\"https:\/\/www.estrategiaconcursos.com.br\/blog\/#website\"},\"datePublished\":\"2015-03-11T23:32:16+00:00\",\"dateModified\":\"2015-03-16T13:41:19+00:00\",\"breadcrumb\":{\"@id\":\"https:\/\/www.estrategiaconcursos.com.br\/blog\/dpe-mt-legislacao-institucional-recurso\/#breadcrumb\"},\"inLanguage\":\"pt-BR\",\"potentialAction\":[{\"@type\":\"ReadAction\",\"target\":[\"https:\/\/www.estrategiaconcursos.com.br\/blog\/dpe-mt-legislacao-institucional-recurso\/\"]}]},{\"@type\":\"BreadcrumbList\",\"@id\":\"https:\/\/www.estrategiaconcursos.com.br\/blog\/dpe-mt-legislacao-institucional-recurso\/#breadcrumb\",\"itemListElement\":[{\"@type\":\"ListItem\",\"position\":1,\"name\":\"In\u00edcio\",\"item\":\"https:\/\/www.estrategiaconcursos.com.br\/blog\/\"},{\"@type\":\"ListItem\",\"position\":2,\"name\":\"DPE-MT &#8211; Legisla\u00e7\u00e3o institucional &#8211; Recurso!\"}]},{\"@type\":\"WebSite\",\"@id\":\"https:\/\/www.estrategiaconcursos.com.br\/blog\/#website\",\"url\":\"https:\/\/www.estrategiaconcursos.com.br\/blog\/\",\"name\":\"Estrat\u00e9gia Concursos\",\"description\":\"O blog da Estrat\u00e9gia Concursos traz not\u00edcias sobre concursos e artigos de professores oferecendo cursos para concursos (pdf + videaulas) no site.\",\"publisher\":{\"@id\":\"https:\/\/www.estrategiaconcursos.com.br\/blog\/#organization\"},\"potentialAction\":[{\"@type\":\"SearchAction\",\"target\":{\"@type\":\"EntryPoint\",\"urlTemplate\":\"https:\/\/www.estrategiaconcursos.com.br\/blog\/?s={search_term_string}\"},\"query-input\":{\"@type\":\"PropertyValueSpecification\",\"valueRequired\":true,\"valueName\":\"search_term_string\"}}],\"inLanguage\":\"pt-BR\"},{\"@type\":\"Organization\",\"@id\":\"https:\/\/www.estrategiaconcursos.com.br\/blog\/#organization\",\"name\":\"Estrat\u00e9gia Concursos\",\"url\":\"https:\/\/www.estrategiaconcursos.com.br\/blog\/\",\"logo\":{\"@type\":\"ImageObject\",\"inLanguage\":\"pt-BR\",\"@id\":\"https:\/\/www.estrategiaconcursos.com.br\/blog\/#\/schema\/logo\/image\/\",\"url\":\"https:\/\/dhg1h5j42swfq.cloudfront.net\/2025\/06\/03203428\/logo_concursos-1.jpg\",\"contentUrl\":\"https:\/\/dhg1h5j42swfq.cloudfront.net\/2025\/06\/03203428\/logo_concursos-1.jpg\",\"width\":230,\"height\":60,\"caption\":\"Estrat\u00e9gia Concursos\"},\"image\":{\"@id\":\"https:\/\/www.estrategiaconcursos.com.br\/blog\/#\/schema\/logo\/image\/\"},\"sameAs\":[\"https:\/\/x.com\/EstratConcursos\"]},{\"@type\":\"Person\",\"@id\":\"https:\/\/www.estrategiaconcursos.com.br\/blog\/#\/schema\/person\/1a7a7af72da82939a6308b2ee292162b\",\"name\":\"Renan Araujo\",\"image\":{\"@type\":\"ImageObject\",\"inLanguage\":\"pt-BR\",\"@id\":\"https:\/\/secure.gravatar.com\/avatar\/ca6cb9ba5a547fbe93c05c63d6103dff6c2566555a601f1efb8590a69fb9ed76?s=96&d=mm&r=g\",\"url\":\"https:\/\/secure.gravatar.com\/avatar\/ca6cb9ba5a547fbe93c05c63d6103dff6c2566555a601f1efb8590a69fb9ed76?s=96&d=mm&r=g\",\"contentUrl\":\"https:\/\/secure.gravatar.com\/avatar\/ca6cb9ba5a547fbe93c05c63d6103dff6c2566555a601f1efb8590a69fb9ed76?s=96&d=mm&r=g\",\"caption\":\"Renan Araujo\"},\"url\":\"https:\/\/www.estrategiaconcursos.com.br\/blog\/author\/renanaraujoestrategiaconcursos-com-br\/\"}]}<\/script>\n<!-- \/ Yoast SEO Premium plugin. -->","yoast_head_json":{"title":"DPE-MT - Legisla\u00e7\u00e3o institucional - Recurso!","robots":{"index":"index","follow":"follow","max-snippet":"max-snippet:-1","max-image-preview":"max-image-preview:large","max-video-preview":"max-video-preview:-1"},"canonical":"https:\/\/www.estrategiaconcursos.com.br\/blog\/dpe-mt-legislacao-institucional-recurso\/","og_locale":"pt_BR","og_type":"article","og_title":"DPE-MT - Legisla\u00e7\u00e3o institucional - Recurso!","og_description":"Ol\u00e1, pessoal Boa noite! Analisando a prova de legisla\u00e7\u00e3o institucional do concurso da DPE-MT, aplicada recentemente, vejo possibilidade de recurso em uma das quest\u00f5es: (FGV &#8211; 2015 &#8211; DPE-MT &#8211; ANALISTA: ADVOGADO) Pedro e Cristina s\u00e3o casados e possuem dois filhos menores, Tadeu e Joaquim. O casal procurou a Defensoria P\u00fablica do Estado de Mato [&hellip;]","og_url":"https:\/\/www.estrategiaconcursos.com.br\/blog\/dpe-mt-legislacao-institucional-recurso\/","og_site_name":"Estrat\u00e9gia Concursos","article_published_time":"2015-03-11T23:32:16+00:00","article_modified_time":"2015-03-16T13:41:19+00:00","author":"Renan Araujo","twitter_card":"summary_large_image","twitter_creator":"@EstratConcursos","twitter_site":"@EstratConcursos","twitter_misc":{"Escrito por":"Renan Araujo","Est. tempo de leitura":"2 minutos"},"schema":{"@context":"https:\/\/schema.org","@graph":[{"@type":"NewsArticle","@id":"https:\/\/www.estrategiaconcursos.com.br\/blog\/dpe-mt-legislacao-institucional-recurso\/#article","isPartOf":{"@id":"https:\/\/www.estrategiaconcursos.com.br\/blog\/dpe-mt-legislacao-institucional-recurso\/"},"author":{"name":"Renan Araujo","@id":"https:\/\/www.estrategiaconcursos.com.br\/blog\/#\/schema\/person\/1a7a7af72da82939a6308b2ee292162b"},"headline":"DPE-MT &#8211; Legisla\u00e7\u00e3o institucional &#8211; Recurso!","datePublished":"2015-03-11T23:32:16+00:00","dateModified":"2015-03-16T13:41:19+00:00","mainEntityOfPage":{"@id":"https:\/\/www.estrategiaconcursos.com.br\/blog\/dpe-mt-legislacao-institucional-recurso\/"},"wordCount":461,"commentCount":0,"publisher":{"@id":"https:\/\/www.estrategiaconcursos.com.br\/blog\/#organization"},"keywords":["DPE-MT","Recurso"],"inLanguage":"pt-BR","potentialAction":[{"@type":"CommentAction","name":"Comment","target":["https:\/\/www.estrategiaconcursos.com.br\/blog\/dpe-mt-legislacao-institucional-recurso\/#respond"]}],"copyrightYear":"2015","copyrightHolder":{"@id":"https:\/\/www.estrategiaconcursos.com.br\/blog\/#organization"}},{"@type":"WebPage","@id":"https:\/\/www.estrategiaconcursos.com.br\/blog\/dpe-mt-legislacao-institucional-recurso\/","url":"https:\/\/www.estrategiaconcursos.com.br\/blog\/dpe-mt-legislacao-institucional-recurso\/","name":"DPE-MT - Legisla\u00e7\u00e3o institucional - Recurso!","isPartOf":{"@id":"https:\/\/www.estrategiaconcursos.com.br\/blog\/#website"},"datePublished":"2015-03-11T23:32:16+00:00","dateModified":"2015-03-16T13:41:19+00:00","breadcrumb":{"@id":"https:\/\/www.estrategiaconcursos.com.br\/blog\/dpe-mt-legislacao-institucional-recurso\/#breadcrumb"},"inLanguage":"pt-BR","potentialAction":[{"@type":"ReadAction","target":["https:\/\/www.estrategiaconcursos.com.br\/blog\/dpe-mt-legislacao-institucional-recurso\/"]}]},{"@type":"BreadcrumbList","@id":"https:\/\/www.estrategiaconcursos.com.br\/blog\/dpe-mt-legislacao-institucional-recurso\/#breadcrumb","itemListElement":[{"@type":"ListItem","position":1,"name":"In\u00edcio","item":"https:\/\/www.estrategiaconcursos.com.br\/blog\/"},{"@type":"ListItem","position":2,"name":"DPE-MT &#8211; Legisla\u00e7\u00e3o institucional &#8211; Recurso!"}]},{"@type":"WebSite","@id":"https:\/\/www.estrategiaconcursos.com.br\/blog\/#website","url":"https:\/\/www.estrategiaconcursos.com.br\/blog\/","name":"Estrat\u00e9gia Concursos","description":"O blog da Estrat\u00e9gia Concursos traz not\u00edcias sobre concursos e artigos de professores oferecendo cursos para concursos (pdf + videaulas) no site.","publisher":{"@id":"https:\/\/www.estrategiaconcursos.com.br\/blog\/#organization"},"potentialAction":[{"@type":"SearchAction","target":{"@type":"EntryPoint","urlTemplate":"https:\/\/www.estrategiaconcursos.com.br\/blog\/?s={search_term_string}"},"query-input":{"@type":"PropertyValueSpecification","valueRequired":true,"valueName":"search_term_string"}}],"inLanguage":"pt-BR"},{"@type":"Organization","@id":"https:\/\/www.estrategiaconcursos.com.br\/blog\/#organization","name":"Estrat\u00e9gia Concursos","url":"https:\/\/www.estrategiaconcursos.com.br\/blog\/","logo":{"@type":"ImageObject","inLanguage":"pt-BR","@id":"https:\/\/www.estrategiaconcursos.com.br\/blog\/#\/schema\/logo\/image\/","url":"https:\/\/dhg1h5j42swfq.cloudfront.net\/2025\/06\/03203428\/logo_concursos-1.jpg","contentUrl":"https:\/\/dhg1h5j42swfq.cloudfront.net\/2025\/06\/03203428\/logo_concursos-1.jpg","width":230,"height":60,"caption":"Estrat\u00e9gia Concursos"},"image":{"@id":"https:\/\/www.estrategiaconcursos.com.br\/blog\/#\/schema\/logo\/image\/"},"sameAs":["https:\/\/x.com\/EstratConcursos"]},{"@type":"Person","@id":"https:\/\/www.estrategiaconcursos.com.br\/blog\/#\/schema\/person\/1a7a7af72da82939a6308b2ee292162b","name":"Renan Araujo","image":{"@type":"ImageObject","inLanguage":"pt-BR","@id":"https:\/\/secure.gravatar.com\/avatar\/ca6cb9ba5a547fbe93c05c63d6103dff6c2566555a601f1efb8590a69fb9ed76?s=96&d=mm&r=g","url":"https:\/\/secure.gravatar.com\/avatar\/ca6cb9ba5a547fbe93c05c63d6103dff6c2566555a601f1efb8590a69fb9ed76?s=96&d=mm&r=g","contentUrl":"https:\/\/secure.gravatar.com\/avatar\/ca6cb9ba5a547fbe93c05c63d6103dff6c2566555a601f1efb8590a69fb9ed76?s=96&d=mm&r=g","caption":"Renan Araujo"},"url":"https:\/\/www.estrategiaconcursos.com.br\/blog\/author\/renanaraujoestrategiaconcursos-com-br\/"}]}},"_links":{"self":[{"href":"https:\/\/www.estrategiaconcursos.com.br\/blog\/wp-json\/wp\/v2\/posts\/21947","targetHints":{"allow":["GET"]}}],"collection":[{"href":"https:\/\/www.estrategiaconcursos.com.br\/blog\/wp-json\/wp\/v2\/posts"}],"about":[{"href":"https:\/\/www.estrategiaconcursos.com.br\/blog\/wp-json\/wp\/v2\/types\/post"}],"author":[{"embeddable":true,"href":"https:\/\/www.estrategiaconcursos.com.br\/blog\/wp-json\/wp\/v2\/users\/39"}],"replies":[{"embeddable":true,"href":"https:\/\/www.estrategiaconcursos.com.br\/blog\/wp-json\/wp\/v2\/comments?post=21947"}],"version-history":[{"count":1,"href":"https:\/\/www.estrategiaconcursos.com.br\/blog\/wp-json\/wp\/v2\/posts\/21947\/revisions"}],"predecessor-version":[{"id":21948,"href":"https:\/\/www.estrategiaconcursos.com.br\/blog\/wp-json\/wp\/v2\/posts\/21947\/revisions\/21948"}],"wp:attachment":[{"href":"https:\/\/www.estrategiaconcursos.com.br\/blog\/wp-json\/wp\/v2\/media?parent=21947"}],"wp:term":[{"taxonomy":"category","embeddable":true,"href":"https:\/\/www.estrategiaconcursos.com.br\/blog\/wp-json\/wp\/v2\/categories?post=21947"},{"taxonomy":"post_tag","embeddable":true,"href":"https:\/\/www.estrategiaconcursos.com.br\/blog\/wp-json\/wp\/v2\/tags?post=21947"},{"taxonomy":"tax_estado","embeddable":true,"href":"https:\/\/www.estrategiaconcursos.com.br\/blog\/wp-json\/wp\/v2\/tax_estado?post=21947"}],"curies":[{"name":"wp","href":"https:\/\/api.w.org\/{rel}","templated":true}]}}