{"id":21637,"date":"2015-03-03T18:28:57","date_gmt":"2015-03-03T21:28:57","guid":{"rendered":"http:\/\/www.estrategiaconcursos.com.br\/blog\/?p=21637"},"modified":"2015-03-04T11:41:29","modified_gmt":"2015-03-04T14:41:29","slug":"dica-mestre-n-o-009-congelamento-da-carencia","status":"publish","type":"post","link":"https:\/\/www.estrategiaconcursos.com.br\/blog\/dica-mestre-n-o-009-congelamento-da-carencia\/","title":{"rendered":"Dica do mestre n.\u00ba 009: Congelamento da car\u00eancia"},"content":{"rendered":"<p style=\"text-align: justify;\">O Art. 142 da Lei n.\u00ba 8.213\/1991 prev\u00ea uma tabela de <span style=\"text-decoration: underline;\">per\u00edodo de car\u00eancia<\/span> para aposentadorias <span style=\"text-decoration: underline;\">por idade<\/span>, <span style=\"text-decoration: underline;\">por tempo de contribui\u00e7\u00e3o<\/span> e <span style=\"text-decoration: underline;\">especial<\/span> para os segurados que se filiaram \u00e0 antiga Previd\u00eancia Social Urbana (atual RGPS) at\u00e9 24\/07\/1991.<\/p>\n<p style=\"text-align: justify;\">Para esses cidad\u00e3os, conforme disp\u00f5e a legisla\u00e7\u00e3o, tem-se a seguinte tabela:<\/p>\n<table width=\"350\">\n<tbody>\n<tr>\n<td width=\"180\">Ano de implementa\u00e7\u00e3o<br \/>\ndas condi\u00e7\u00f5es<\/td>\n<td width=\"170\">Meses de<br \/>\ncontribui\u00e7\u00e3o exigidos<\/td>\n<\/tr>\n<tr>\n<td width=\"180\">1991<\/td>\n<td width=\"170\">60 meses<\/td>\n<\/tr>\n<tr>\n<td width=\"180\">1992<\/td>\n<td width=\"170\">60 meses<\/td>\n<\/tr>\n<tr>\n<td width=\"180\">1993<\/td>\n<td width=\"170\">66 meses<\/td>\n<\/tr>\n<tr>\n<td width=\"180\">1994<\/td>\n<td width=\"170\">72 meses<\/td>\n<\/tr>\n<tr>\n<td width=\"180\">1995<\/td>\n<td width=\"170\">78 meses<\/td>\n<\/tr>\n<tr>\n<td width=\"180\">1996<\/td>\n<td width=\"170\">90 meses<\/td>\n<\/tr>\n<tr>\n<td width=\"180\">1997<\/td>\n<td width=\"170\">96 meses<\/td>\n<\/tr>\n<tr>\n<td width=\"180\">1998<\/td>\n<td width=\"170\">102 meses<\/td>\n<\/tr>\n<tr>\n<td width=\"180\">1999<\/td>\n<td width=\"170\">108 meses<\/td>\n<\/tr>\n<tr>\n<td width=\"180\">2000<\/td>\n<td width=\"170\">114 meses<\/td>\n<\/tr>\n<tr>\n<td width=\"180\">2001<\/td>\n<td width=\"170\">120 meses<\/td>\n<\/tr>\n<tr>\n<td width=\"180\">2002<\/td>\n<td width=\"170\">126 meses<\/td>\n<\/tr>\n<tr>\n<td width=\"180\">2003<\/td>\n<td width=\"170\">132 meses<\/td>\n<\/tr>\n<tr>\n<td width=\"180\">2004<\/td>\n<td width=\"170\">138 meses<\/td>\n<\/tr>\n<tr>\n<td width=\"180\">2005<\/td>\n<td width=\"170\">144 meses<\/td>\n<\/tr>\n<tr>\n<td width=\"180\">2006<\/td>\n<td width=\"170\">150 meses<\/td>\n<\/tr>\n<tr>\n<td width=\"180\">2007<\/td>\n<td width=\"170\">156 meses<\/td>\n<\/tr>\n<tr>\n<td width=\"180\">2008<\/td>\n<td width=\"170\">162 meses<\/td>\n<\/tr>\n<tr>\n<td width=\"180\">2009<\/td>\n<td width=\"170\">168 meses<\/td>\n<\/tr>\n<tr>\n<td width=\"180\">2010<\/td>\n<td width=\"170\">174 meses<\/td>\n<\/tr>\n<tr>\n<td width=\"180\">2011<\/td>\n<td width=\"170\">180 meses<\/td>\n<\/tr>\n<\/tbody>\n<\/table>\n<p style=\"text-align: justify;\">Em suma, para aquele que completou a idade necess\u00e1ria para se aposentar por idade, por exemplo, no ano de 2005, s\u00e3o necess\u00e1rias apenas 144 contribui\u00e7\u00f5es de car\u00eancia ao inv\u00e9s das 180 contribui\u00e7\u00f5es previstas atualmente pela legisla\u00e7\u00e3o.<\/p>\n<p style=\"text-align: justify;\">A tabela supracitada faz a <strong>TRANSI\u00c7\u00c3O<\/strong> entre as 60 contribui\u00e7\u00f5es exigidas pela antiga Previd\u00eancia Social Urbana para os benef\u00edcios de aposentadoria e as 180 contribui\u00e7\u00f5es exigidas pelo atual Regime Geral de Previd\u00eancia Social.<\/p>\n<p style=\"text-align: justify;\">Por seu turno, n\u00e3o podemos deixar de citar a S\u00famula n.\u00ba 44\/2011 da Turma Nacional de Uniformiza\u00e7\u00e3o dos Juizados Especiais Federais (TNUJEF), que assim disp\u00f5e:<\/p>\n<p style=\"text-align: justify; padding-left: 60px;\"><em>Para efeito de <strong><span style=\"text-decoration: underline;\">aposentadoria urbana por idade<\/span><\/strong>, a tabela progressiva de car\u00eancia prevista no Art. 142 da Lei n.\u00ba 8.213\/1991 deve ser aplicada em fun\u00e7\u00e3o <span style=\"text-decoration: underline;\">do ano em que o segurado completa a idade m\u00ednima para concess\u00e3o do benef\u00edcio<\/span>, <strong><span style=\"text-decoration: underline;\">ainda que o per\u00edodo de car\u00eancia s\u00f3 seja preenchido posteriormente<\/span><\/strong>.<\/em><\/p>\n<p style=\"text-align: justify;\">Conforme o entendimento do Poder Judici\u00e1rio supracitado, estamos diante do fen\u00f4meno do <strong>CONGELAMENTO DA CAR\u00caNCIA<\/strong>. Em outras palavras, no ano em que o segurado completar a idade para se aposentar por idade, mas n\u00e3o tiver o m\u00ednimo de contribui\u00e7\u00f5es exigido pela tabela, o cidad\u00e3o poder\u00e1 continuar contribuindo at\u00e9 completar a car\u00eancia exigida para aquele ano e solicitar sua aposentadoria.<\/p>\n<p style=\"text-align: justify;\">Imagine que Lucas tenha completado 65 anos em Junho\/2005, sendo que nesta ocasi\u00e3o ele contava com apenas 120 contribui\u00e7\u00f5es mensais de car\u00eancia, sendo que a tabela exige um m\u00ednimo de 144 contribui\u00e7\u00f5es.<\/p>\n<p style=\"text-align: justify;\">No caso concreto, Lucas contribuir\u00e1 por mais 24 meses, sendo que em Junho\/2007 ele poder\u00e1 solicitar a sua aposentadoria, uma vez que completou o requisito idade (65 anos em 2005) e o requisito car\u00eancia (144 contribui\u00e7\u00f5es de car\u00eancia exigida para o ano de 2005, completada somente no ano de 2007).<\/p>\n<p style=\"text-align: justify;\">Por fim, observe que a car\u00eancia foi completada no ano de 2007 com o valor exigido para o ano de 2005. Esse \u00e9 o fen\u00f4meno do <strong>CONGELAMENTO DA CAR\u00caNCIA<\/strong>. O cidad\u00e3o completou as 144 contribui\u00e7\u00f5es exigidas no ano de 2005 (quando completou a idade necess\u00e1ria) somente no ano de 2007, quando a tabela j\u00e1 exigia um valor maior (156 contribui\u00e7\u00f5es).<\/p>\n","protected":false},"excerpt":{"rendered":"<p>O Art. 142 da Lei n.\u00ba 8.213\/1991 prev\u00ea uma tabela de per\u00edodo de car\u00eancia para aposentadorias por idade, por tempo de contribui\u00e7\u00e3o e especial para os segurados que se filiaram \u00e0 antiga Previd\u00eancia Social Urbana (atual RGPS) at\u00e9 24\/07\/1991. Para esses cidad\u00e3os, conforme disp\u00f5e a legisla\u00e7\u00e3o, tem-se a seguinte tabela: Ano de implementa\u00e7\u00e3o das condi\u00e7\u00f5es [&hellip;]<\/p>\n","protected":false},"author":45,"featured_media":0,"comment_status":"open","ping_status":"open","sticky":false,"template":"","format":"standard","meta":{"post_tipo":"article","footnotes":""},"categories":[1],"tags":[517],"tax_estado":[],"class_list":["post-21637","post","type-post","status-publish","format-standard","hentry","category-cursos-e-concursos","tag-dica-do-mestre"],"acf":[],"yoast_head":"<!-- This site is optimized with the Yoast SEO Premium plugin v27.2 (Yoast SEO v27.2) - https:\/\/yoast.com\/product\/yoast-seo-premium-wordpress\/ -->\n<title>Dica do mestre n.\u00ba 009: Congelamento da car\u00eancia<\/title>\n<meta name=\"robots\" content=\"index, follow, max-snippet:-1, max-image-preview:large, max-video-preview:-1\" \/>\n<link rel=\"canonical\" href=\"https:\/\/www.estrategiaconcursos.com.br\/blog\/dica-mestre-n-o-009-congelamento-da-carencia\/\" \/>\n<meta property=\"og:locale\" content=\"pt_BR\" \/>\n<meta property=\"og:type\" content=\"article\" \/>\n<meta property=\"og:title\" content=\"Dica do mestre n.\u00ba 009: Congelamento da car\u00eancia\" \/>\n<meta property=\"og:description\" content=\"O Art. 142 da Lei n.\u00ba 8.213\/1991 prev\u00ea uma tabela de per\u00edodo de car\u00eancia para aposentadorias por idade, por tempo de contribui\u00e7\u00e3o e especial para os segurados que se filiaram \u00e0 antiga Previd\u00eancia Social Urbana (atual RGPS) at\u00e9 24\/07\/1991. Para esses cidad\u00e3os, conforme disp\u00f5e a legisla\u00e7\u00e3o, tem-se a seguinte tabela: Ano de implementa\u00e7\u00e3o das condi\u00e7\u00f5es [&hellip;]\" \/>\n<meta property=\"og:url\" content=\"https:\/\/www.estrategiaconcursos.com.br\/blog\/dica-mestre-n-o-009-congelamento-da-carencia\/\" \/>\n<meta property=\"og:site_name\" content=\"Estrat\u00e9gia Concursos\" \/>\n<meta property=\"article:author\" content=\"http:\/\/www.facebook.com\/amjaha\" \/>\n<meta property=\"article:published_time\" content=\"2015-03-03T21:28:57+00:00\" \/>\n<meta property=\"article:modified_time\" content=\"2015-03-04T14:41:29+00:00\" \/>\n<meta name=\"author\" content=\"Ali Mohamad Jaha\" \/>\n<meta name=\"twitter:card\" content=\"summary_large_image\" \/>\n<meta name=\"twitter:creator\" content=\"@EstratConcursos\" \/>\n<meta name=\"twitter:site\" content=\"@EstratConcursos\" \/>\n<meta name=\"twitter:label1\" content=\"Escrito por\" \/>\n\t<meta name=\"twitter:data1\" content=\"Ali Mohamad Jaha\" \/>\n\t<meta name=\"twitter:label2\" content=\"Est. tempo de leitura\" \/>\n\t<meta name=\"twitter:data2\" content=\"2 minutos\" \/>\n<script type=\"application\/ld+json\" class=\"yoast-schema-graph\">{\"@context\":\"https:\/\/schema.org\",\"@graph\":[{\"@type\":\"NewsArticle\",\"@id\":\"https:\/\/www.estrategiaconcursos.com.br\/blog\/dica-mestre-n-o-009-congelamento-da-carencia\/#article\",\"isPartOf\":{\"@id\":\"https:\/\/www.estrategiaconcursos.com.br\/blog\/dica-mestre-n-o-009-congelamento-da-carencia\/\"},\"author\":{\"name\":\"Ali Mohamad Jaha\",\"@id\":\"https:\/\/www.estrategiaconcursos.com.br\/blog\/#\/schema\/person\/5caef5684d9fe56108eff29afc128dca\"},\"headline\":\"Dica do mestre n.\u00ba 009: Congelamento da car\u00eancia\",\"datePublished\":\"2015-03-03T21:28:57+00:00\",\"dateModified\":\"2015-03-04T14:41:29+00:00\",\"mainEntityOfPage\":{\"@id\":\"https:\/\/www.estrategiaconcursos.com.br\/blog\/dica-mestre-n-o-009-congelamento-da-carencia\/\"},\"wordCount\":462,\"commentCount\":0,\"publisher\":{\"@id\":\"https:\/\/www.estrategiaconcursos.com.br\/blog\/#organization\"},\"keywords\":[\"Dica do Mestre\"],\"articleSection\":[\"Concursos P\u00fablicos\"],\"inLanguage\":\"pt-BR\",\"potentialAction\":[{\"@type\":\"CommentAction\",\"name\":\"Comment\",\"target\":[\"https:\/\/www.estrategiaconcursos.com.br\/blog\/dica-mestre-n-o-009-congelamento-da-carencia\/#respond\"]}],\"copyrightYear\":\"2015\",\"copyrightHolder\":{\"@id\":\"https:\/\/www.estrategiaconcursos.com.br\/blog\/#organization\"}},{\"@type\":\"WebPage\",\"@id\":\"https:\/\/www.estrategiaconcursos.com.br\/blog\/dica-mestre-n-o-009-congelamento-da-carencia\/\",\"url\":\"https:\/\/www.estrategiaconcursos.com.br\/blog\/dica-mestre-n-o-009-congelamento-da-carencia\/\",\"name\":\"Dica do mestre n.\u00ba 009: Congelamento da car\u00eancia\",\"isPartOf\":{\"@id\":\"https:\/\/www.estrategiaconcursos.com.br\/blog\/#website\"},\"datePublished\":\"2015-03-03T21:28:57+00:00\",\"dateModified\":\"2015-03-04T14:41:29+00:00\",\"breadcrumb\":{\"@id\":\"https:\/\/www.estrategiaconcursos.com.br\/blog\/dica-mestre-n-o-009-congelamento-da-carencia\/#breadcrumb\"},\"inLanguage\":\"pt-BR\",\"potentialAction\":[{\"@type\":\"ReadAction\",\"target\":[\"https:\/\/www.estrategiaconcursos.com.br\/blog\/dica-mestre-n-o-009-congelamento-da-carencia\/\"]}]},{\"@type\":\"BreadcrumbList\",\"@id\":\"https:\/\/www.estrategiaconcursos.com.br\/blog\/dica-mestre-n-o-009-congelamento-da-carencia\/#breadcrumb\",\"itemListElement\":[{\"@type\":\"ListItem\",\"position\":1,\"name\":\"In\u00edcio\",\"item\":\"https:\/\/www.estrategiaconcursos.com.br\/blog\/\"},{\"@type\":\"ListItem\",\"position\":2,\"name\":\"Dica do mestre n.\u00ba 009: Congelamento da car\u00eancia\"}]},{\"@type\":\"WebSite\",\"@id\":\"https:\/\/www.estrategiaconcursos.com.br\/blog\/#website\",\"url\":\"https:\/\/www.estrategiaconcursos.com.br\/blog\/\",\"name\":\"Estrat\u00e9gia Concursos\",\"description\":\"O blog da Estrat\u00e9gia Concursos traz not\u00edcias sobre concursos e artigos de professores oferecendo cursos para concursos (pdf + videaulas) no site.\",\"publisher\":{\"@id\":\"https:\/\/www.estrategiaconcursos.com.br\/blog\/#organization\"},\"potentialAction\":[{\"@type\":\"SearchAction\",\"target\":{\"@type\":\"EntryPoint\",\"urlTemplate\":\"https:\/\/www.estrategiaconcursos.com.br\/blog\/?s={search_term_string}\"},\"query-input\":{\"@type\":\"PropertyValueSpecification\",\"valueRequired\":true,\"valueName\":\"search_term_string\"}}],\"inLanguage\":\"pt-BR\"},{\"@type\":\"Organization\",\"@id\":\"https:\/\/www.estrategiaconcursos.com.br\/blog\/#organization\",\"name\":\"Estrat\u00e9gia Concursos\",\"url\":\"https:\/\/www.estrategiaconcursos.com.br\/blog\/\",\"logo\":{\"@type\":\"ImageObject\",\"inLanguage\":\"pt-BR\",\"@id\":\"https:\/\/www.estrategiaconcursos.com.br\/blog\/#\/schema\/logo\/image\/\",\"url\":\"https:\/\/dhg1h5j42swfq.cloudfront.net\/2025\/06\/03203428\/logo_concursos-1.jpg\",\"contentUrl\":\"https:\/\/dhg1h5j42swfq.cloudfront.net\/2025\/06\/03203428\/logo_concursos-1.jpg\",\"width\":230,\"height\":60,\"caption\":\"Estrat\u00e9gia Concursos\"},\"image\":{\"@id\":\"https:\/\/www.estrategiaconcursos.com.br\/blog\/#\/schema\/logo\/image\/\"},\"sameAs\":[\"https:\/\/x.com\/EstratConcursos\"]},{\"@type\":\"Person\",\"@id\":\"https:\/\/www.estrategiaconcursos.com.br\/blog\/#\/schema\/person\/5caef5684d9fe56108eff29afc128dca\",\"name\":\"Ali Mohamad Jaha\",\"image\":{\"@type\":\"ImageObject\",\"inLanguage\":\"pt-BR\",\"@id\":\"https:\/\/secure.gravatar.com\/avatar\/d2d32b2c5ba0b3d1fcbc7c351539c7f9052f5e52461adc4d346787a9c2579056?s=96&d=mm&r=g\",\"url\":\"https:\/\/secure.gravatar.com\/avatar\/d2d32b2c5ba0b3d1fcbc7c351539c7f9052f5e52461adc4d346787a9c2579056?s=96&d=mm&r=g\",\"contentUrl\":\"https:\/\/secure.gravatar.com\/avatar\/d2d32b2c5ba0b3d1fcbc7c351539c7f9052f5e52461adc4d346787a9c2579056?s=96&d=mm&r=g\",\"caption\":\"Ali Mohamad Jaha\"},\"description\":\"Professor de Direito Previdenci\u00e1rio, Legisla\u00e7\u00e3o Previdenci\u00e1ria, Legisla\u00e7\u00e3o da Sa\u00fade, Legisla\u00e7\u00e3o Espec\u00edfica e Discursivas. Auditor-Fiscal da Receita Federal do Brasil \u2013 DRF-Cascavel\/PR. Especialista em Administra\u00e7\u00e3o Tribut\u00e1ria pela Universidade Castelo Branco\/RJ. Especialista em Gest\u00e3o de Pol\u00edticas P\u00fablicas pela Universidade do Iva\u00ed\/PR. Bacharel em Engenharia Civil pela Universidade Estadual de Maring\u00e1\/PR.\",\"sameAs\":[\"http:\/\/www.facebook.com\/amjaha\"],\"url\":\"https:\/\/www.estrategiaconcursos.com.br\/blog\/author\/alijahaestrategiaconcursos-com-br\/\"}]}<\/script>\n<!-- \/ Yoast SEO Premium plugin. -->","yoast_head_json":{"title":"Dica do mestre n.\u00ba 009: Congelamento da car\u00eancia","robots":{"index":"index","follow":"follow","max-snippet":"max-snippet:-1","max-image-preview":"max-image-preview:large","max-video-preview":"max-video-preview:-1"},"canonical":"https:\/\/www.estrategiaconcursos.com.br\/blog\/dica-mestre-n-o-009-congelamento-da-carencia\/","og_locale":"pt_BR","og_type":"article","og_title":"Dica do mestre n.\u00ba 009: Congelamento da car\u00eancia","og_description":"O Art. 142 da Lei n.\u00ba 8.213\/1991 prev\u00ea uma tabela de per\u00edodo de car\u00eancia para aposentadorias por idade, por tempo de contribui\u00e7\u00e3o e especial para os segurados que se filiaram \u00e0 antiga Previd\u00eancia Social Urbana (atual RGPS) at\u00e9 24\/07\/1991. Para esses cidad\u00e3os, conforme disp\u00f5e a legisla\u00e7\u00e3o, tem-se a seguinte tabela: Ano de implementa\u00e7\u00e3o das condi\u00e7\u00f5es [&hellip;]","og_url":"https:\/\/www.estrategiaconcursos.com.br\/blog\/dica-mestre-n-o-009-congelamento-da-carencia\/","og_site_name":"Estrat\u00e9gia Concursos","article_author":"http:\/\/www.facebook.com\/amjaha","article_published_time":"2015-03-03T21:28:57+00:00","article_modified_time":"2015-03-04T14:41:29+00:00","author":"Ali Mohamad Jaha","twitter_card":"summary_large_image","twitter_creator":"@EstratConcursos","twitter_site":"@EstratConcursos","twitter_misc":{"Escrito por":"Ali Mohamad Jaha","Est. tempo de leitura":"2 minutos"},"schema":{"@context":"https:\/\/schema.org","@graph":[{"@type":"NewsArticle","@id":"https:\/\/www.estrategiaconcursos.com.br\/blog\/dica-mestre-n-o-009-congelamento-da-carencia\/#article","isPartOf":{"@id":"https:\/\/www.estrategiaconcursos.com.br\/blog\/dica-mestre-n-o-009-congelamento-da-carencia\/"},"author":{"name":"Ali Mohamad Jaha","@id":"https:\/\/www.estrategiaconcursos.com.br\/blog\/#\/schema\/person\/5caef5684d9fe56108eff29afc128dca"},"headline":"Dica do mestre n.\u00ba 009: Congelamento da car\u00eancia","datePublished":"2015-03-03T21:28:57+00:00","dateModified":"2015-03-04T14:41:29+00:00","mainEntityOfPage":{"@id":"https:\/\/www.estrategiaconcursos.com.br\/blog\/dica-mestre-n-o-009-congelamento-da-carencia\/"},"wordCount":462,"commentCount":0,"publisher":{"@id":"https:\/\/www.estrategiaconcursos.com.br\/blog\/#organization"},"keywords":["Dica do Mestre"],"articleSection":["Concursos P\u00fablicos"],"inLanguage":"pt-BR","potentialAction":[{"@type":"CommentAction","name":"Comment","target":["https:\/\/www.estrategiaconcursos.com.br\/blog\/dica-mestre-n-o-009-congelamento-da-carencia\/#respond"]}],"copyrightYear":"2015","copyrightHolder":{"@id":"https:\/\/www.estrategiaconcursos.com.br\/blog\/#organization"}},{"@type":"WebPage","@id":"https:\/\/www.estrategiaconcursos.com.br\/blog\/dica-mestre-n-o-009-congelamento-da-carencia\/","url":"https:\/\/www.estrategiaconcursos.com.br\/blog\/dica-mestre-n-o-009-congelamento-da-carencia\/","name":"Dica do mestre n.\u00ba 009: Congelamento da car\u00eancia","isPartOf":{"@id":"https:\/\/www.estrategiaconcursos.com.br\/blog\/#website"},"datePublished":"2015-03-03T21:28:57+00:00","dateModified":"2015-03-04T14:41:29+00:00","breadcrumb":{"@id":"https:\/\/www.estrategiaconcursos.com.br\/blog\/dica-mestre-n-o-009-congelamento-da-carencia\/#breadcrumb"},"inLanguage":"pt-BR","potentialAction":[{"@type":"ReadAction","target":["https:\/\/www.estrategiaconcursos.com.br\/blog\/dica-mestre-n-o-009-congelamento-da-carencia\/"]}]},{"@type":"BreadcrumbList","@id":"https:\/\/www.estrategiaconcursos.com.br\/blog\/dica-mestre-n-o-009-congelamento-da-carencia\/#breadcrumb","itemListElement":[{"@type":"ListItem","position":1,"name":"In\u00edcio","item":"https:\/\/www.estrategiaconcursos.com.br\/blog\/"},{"@type":"ListItem","position":2,"name":"Dica do mestre n.\u00ba 009: Congelamento da car\u00eancia"}]},{"@type":"WebSite","@id":"https:\/\/www.estrategiaconcursos.com.br\/blog\/#website","url":"https:\/\/www.estrategiaconcursos.com.br\/blog\/","name":"Estrat\u00e9gia Concursos","description":"O blog da Estrat\u00e9gia Concursos traz not\u00edcias sobre concursos e artigos de professores oferecendo cursos para concursos (pdf + videaulas) no site.","publisher":{"@id":"https:\/\/www.estrategiaconcursos.com.br\/blog\/#organization"},"potentialAction":[{"@type":"SearchAction","target":{"@type":"EntryPoint","urlTemplate":"https:\/\/www.estrategiaconcursos.com.br\/blog\/?s={search_term_string}"},"query-input":{"@type":"PropertyValueSpecification","valueRequired":true,"valueName":"search_term_string"}}],"inLanguage":"pt-BR"},{"@type":"Organization","@id":"https:\/\/www.estrategiaconcursos.com.br\/blog\/#organization","name":"Estrat\u00e9gia Concursos","url":"https:\/\/www.estrategiaconcursos.com.br\/blog\/","logo":{"@type":"ImageObject","inLanguage":"pt-BR","@id":"https:\/\/www.estrategiaconcursos.com.br\/blog\/#\/schema\/logo\/image\/","url":"https:\/\/dhg1h5j42swfq.cloudfront.net\/2025\/06\/03203428\/logo_concursos-1.jpg","contentUrl":"https:\/\/dhg1h5j42swfq.cloudfront.net\/2025\/06\/03203428\/logo_concursos-1.jpg","width":230,"height":60,"caption":"Estrat\u00e9gia Concursos"},"image":{"@id":"https:\/\/www.estrategiaconcursos.com.br\/blog\/#\/schema\/logo\/image\/"},"sameAs":["https:\/\/x.com\/EstratConcursos"]},{"@type":"Person","@id":"https:\/\/www.estrategiaconcursos.com.br\/blog\/#\/schema\/person\/5caef5684d9fe56108eff29afc128dca","name":"Ali Mohamad Jaha","image":{"@type":"ImageObject","inLanguage":"pt-BR","@id":"https:\/\/secure.gravatar.com\/avatar\/d2d32b2c5ba0b3d1fcbc7c351539c7f9052f5e52461adc4d346787a9c2579056?s=96&d=mm&r=g","url":"https:\/\/secure.gravatar.com\/avatar\/d2d32b2c5ba0b3d1fcbc7c351539c7f9052f5e52461adc4d346787a9c2579056?s=96&d=mm&r=g","contentUrl":"https:\/\/secure.gravatar.com\/avatar\/d2d32b2c5ba0b3d1fcbc7c351539c7f9052f5e52461adc4d346787a9c2579056?s=96&d=mm&r=g","caption":"Ali Mohamad Jaha"},"description":"Professor de Direito Previdenci\u00e1rio, Legisla\u00e7\u00e3o Previdenci\u00e1ria, Legisla\u00e7\u00e3o da Sa\u00fade, Legisla\u00e7\u00e3o Espec\u00edfica e Discursivas. Auditor-Fiscal da Receita Federal do Brasil \u2013 DRF-Cascavel\/PR. Especialista em Administra\u00e7\u00e3o Tribut\u00e1ria pela Universidade Castelo Branco\/RJ. Especialista em Gest\u00e3o de Pol\u00edticas P\u00fablicas pela Universidade do Iva\u00ed\/PR. Bacharel em Engenharia Civil pela Universidade Estadual de Maring\u00e1\/PR.","sameAs":["http:\/\/www.facebook.com\/amjaha"],"url":"https:\/\/www.estrategiaconcursos.com.br\/blog\/author\/alijahaestrategiaconcursos-com-br\/"}]}},"_links":{"self":[{"href":"https:\/\/www.estrategiaconcursos.com.br\/blog\/wp-json\/wp\/v2\/posts\/21637","targetHints":{"allow":["GET"]}}],"collection":[{"href":"https:\/\/www.estrategiaconcursos.com.br\/blog\/wp-json\/wp\/v2\/posts"}],"about":[{"href":"https:\/\/www.estrategiaconcursos.com.br\/blog\/wp-json\/wp\/v2\/types\/post"}],"author":[{"embeddable":true,"href":"https:\/\/www.estrategiaconcursos.com.br\/blog\/wp-json\/wp\/v2\/users\/45"}],"replies":[{"embeddable":true,"href":"https:\/\/www.estrategiaconcursos.com.br\/blog\/wp-json\/wp\/v2\/comments?post=21637"}],"version-history":[{"count":2,"href":"https:\/\/www.estrategiaconcursos.com.br\/blog\/wp-json\/wp\/v2\/posts\/21637\/revisions"}],"predecessor-version":[{"id":21645,"href":"https:\/\/www.estrategiaconcursos.com.br\/blog\/wp-json\/wp\/v2\/posts\/21637\/revisions\/21645"}],"wp:attachment":[{"href":"https:\/\/www.estrategiaconcursos.com.br\/blog\/wp-json\/wp\/v2\/media?parent=21637"}],"wp:term":[{"taxonomy":"category","embeddable":true,"href":"https:\/\/www.estrategiaconcursos.com.br\/blog\/wp-json\/wp\/v2\/categories?post=21637"},{"taxonomy":"post_tag","embeddable":true,"href":"https:\/\/www.estrategiaconcursos.com.br\/blog\/wp-json\/wp\/v2\/tags?post=21637"},{"taxonomy":"tax_estado","embeddable":true,"href":"https:\/\/www.estrategiaconcursos.com.br\/blog\/wp-json\/wp\/v2\/tax_estado?post=21637"}],"curies":[{"name":"wp","href":"https:\/\/api.w.org\/{rel}","templated":true}]}}