{"id":21597,"date":"2015-03-02T21:14:14","date_gmt":"2015-03-03T00:14:14","guid":{"rendered":"http:\/\/www.estrategiaconcursos.com.br\/blog\/?p=21597"},"modified":"2016-07-21T15:04:09","modified_gmt":"2016-07-21T18:04:09","slug":"texto-e-traducao-para-receita-e-icms","status":"publish","type":"post","link":"https:\/\/www.estrategiaconcursos.com.br\/blog\/texto-e-traducao-para-receita-e-icms\/","title":{"rendered":"Texto e Tradu\u00e7\u00e3o para a Receita e ICMS"},"content":{"rendered":"<p>Oi pessoal,<\/p>\n<p style=\"text-align: left\">Est\u00e3o em andamento os cursos de ingl\u00eas para a \u00e1rea fiscal aqui no site do Estrat\u00e9gia. Os cursos preparam para a Receita Federal totalmente focado na banca ESAF, e o do ICMS com foco na banca FCC. Para ajudar mais ainda com o treino do vocabul\u00e1rio fiscal trago hoje esse texto e tradu\u00e7\u00e3o. Para checar os cursos, \u00e9 s\u00f3 clicar cursos online &gt;&gt;&gt;por professor &gt;&gt;&gt;Ena Smith<\/p>\n<p>Qualquer d\u00favida escreva-me no email enaglaucia@estrategiaconcursos.com.br<\/p>\n<p>&nbsp;<\/p>\n<p><strong>Brazil&#8217;s Rousseff vetoes decree that cut income tax revenues<\/strong><\/p>\n<p>BRASILIA &#8211; Tue Jan 20, 2015<\/p>\n<p>&nbsp;<\/p>\n<p>(Reuters) &#8211; Brazilian President Dilma Rousseff has vetoed a decree that exempted more workers from income tax this year, according to the official gazette published on Tuesday, in another move to save cash to meet a key fiscal target.<\/p>\n<p>&nbsp;<\/p>\n<p>Rousseff, a leftist who recently began her second presidential term, vetoed an increase of 6.5 percent in the income tax brackets, which would have raised the take-home pay for more middle-class workers.<\/p>\n<p>&nbsp;<\/p>\n<p>In May, Rousseff issued a decree to raise the brackets by 4.5 percent in 2015, effectively cutting taxes for Brazilians ahead of the October presidential elections.<\/p>\n<p>&nbsp;<\/p>\n<p>Congress later raised the adjustment to 6.5 percent, which the government said would have cost state coffers about 7 billion reais ($2.67 billion) in lost tax revenue this year.<\/p>\n<p>&nbsp;<\/p>\n<p>Rousseff vetoed the steeper adjustment to protect the country&#8217;s finances, Institutional Relations Minister Pepe Vargas said on Tuesday. He added that Rousseff will issue another decree to keep the adjustment at 4.5 percent.<\/p>\n<p>&nbsp;<\/p>\n<p>The scaling income tax brackets table exempts workers who earn less, which means that an upward adjustment would exempt more people.<\/p>\n<p>&nbsp;<\/p>\n<p>Since her re-election in October, Rousseff has cut public spending and raised taxes to cover a widening fiscal gap that has worried investors and rating agencies.<\/p>\n<p>&nbsp;<\/p>\n<p>Finance Minister Joaquim Levy announced on Tuesday a series of tax increases to collect an extra 20.6 billion reais, or about a third of the government&#8217;s primary budget surplus goal of 66 billion reais.<\/p>\n<p><a href=\"http:\/\/www.reuters.com\/article\/2015\/01\/20\/us-brazil-economy-tax-idUSKBN0KT1HI20150120\">http:\/\/www.reuters.com\/article\/2015\/01\/20\/us-brazil-economy-tax-idUSKBN0KT1HI20150120<\/a><\/p>\n<p>&nbsp;<\/p>\n<p><strong>Translation:<\/strong><\/p>\n<p>&nbsp;<\/p>\n<p><strong>Brazil&#8217;s Rousseff vetoes decree that cut income tax revenues<\/strong><\/p>\n<p><span style=\"color: #ff0000\"><strong>Dilma Rousseff do Brasil veta decreto que reduz as receitas de imposto de renda<\/strong><\/span><\/p>\n<p>BRASILIA &#8211; Tue Jan 20, 2015<\/p>\n<p>&nbsp;<\/p>\n<p>(Reuters) &#8211; Brazilian President Dilma Rousseff has vetoed a decree that exempted more workers from income tax this year, according to the official gazette published on Tuesday, in another move to save cash to meet a key fiscal target.<\/p>\n<p>&nbsp;<\/p>\n<p><span style=\"color: #ff0000\">(Reuters) &#8211; A presidente do Brasil, Dilma Rousseff, vetou um decreto que isenta mais trabalhadores do imposto de renda deste ano, de acordo com o que o Di\u00e1rio Oficial da Uni\u00e3o publicou nesta ter\u00e7a-feira, em um outro movimento para economizar dinheiro para atingir uma importante meta fiscal.<\/span><\/p>\n<p>&nbsp;<\/p>\n<p>Rousseff, a leftist who recently began her second presidential term, vetoed an increase of 6.5 percent in the income tax brackets, which would have raised the take-home pay for more middle-class workers.<\/p>\n<p>&nbsp;<\/p>\n<p><span style=\"color: #ff0000\">Dilma Rousseff, uma esquerdista que recentemente come\u00e7ou seu segundo mandato presidencial, vetou um aumento de 6,5 por cento nas al\u00edquotas de imposto de renda, o que teria elevado o sal\u00e1rio l\u00edquido de mais trabalhadores de classe m\u00e9dia.<\/span><\/p>\n<p>&nbsp;<\/p>\n<p>In May, Rousseff issued a decree to raise the brackets by 4.5 percent in 2015, effectively cutting taxes for Brazilians ahead of the October presidential elections.<\/p>\n<p>&nbsp;<\/p>\n<p><span style=\"color: #ff0000\">Em maio, Dilma emitiu um decreto para aumentar as al\u00edquotas em 4,5 por cento em 2015, reduzindo efetivamente os impostos para os brasileiros antes das elei\u00e7\u00f5es presidenciais de Outubro.<\/span><\/p>\n<p>&nbsp;<\/p>\n<p>Congress later raised the adjustment to 6.5 percent, which the government said would have cost state coffers about 7 billion reais ($2.67 billion) in lost tax revenue this year.<\/p>\n<p>&nbsp;<\/p>\n<p><span style=\"color: #ff0000\">Depois o Congresso elevou o ajuste para 6,5 \u200b\u200bpor cento, o que o governo disse que teria um custo para os cofres do Estado de cerca de 7 bilh\u00f5es de reais (2,67 bilh\u00e3o de d\u00f3lares) em receitas fiscais perdidas este ano.<\/span><\/p>\n<p>&nbsp;<\/p>\n<p>Rousseff vetoed the steeper adjustment to protect the country&#8217;s finances, Institutional Relations Minister Pepe Vargas said on Tuesday. He added that Rousseff will issue another decree to keep the adjustment at 4.5 percent.<\/p>\n<p>&nbsp;<\/p>\n<p><span style=\"color: #ff0000\">Dilma vetou o ajuste mais acentuado para proteger as finan\u00e7as do pa\u00eds, disse o ministro da Secretaria de Rela\u00e7\u00f5es Institucionais, Pepe Vargas, nesta ter\u00e7a-feira. Ele acrescentou que Dilma ir\u00e1 emitir um outro decreto para manter o ajuste em 4,5 por cento.<\/span><\/p>\n<p>&nbsp;<\/p>\n<p>The scaling income tax brackets table exempts workers who earn less, which means that an upward adjustment would exempt more people.<\/p>\n<p>&nbsp;<\/p>\n<p><span style=\"color: #ff0000\">A tabela progressiva de al\u00edquotas de imposto de renda isenta os trabalhadores que ganham menos, o que significa que um ajuste para cima isentaria mais pessoas.<\/span><\/p>\n<p>&nbsp;<\/p>\n<p>Since her re-election in October, Rousseff has cut public spending and raised taxes to cover a widening fiscal gap that has worried investors and rating agencies.<\/p>\n<p>&nbsp;<\/p>\n<p><span style=\"color: #ff0000\">Desde a sua reelei\u00e7\u00e3o em outubro, Dilma tem reduzido os gastos p\u00fablicos e aumentado os impostos para cobrir uma lacuna fiscal em expans\u00e3o que tem sido fonte de preocupa\u00e7\u00e3o para investidores e ag\u00eancias de nota\u00e7\u00e3o financeira.<\/span><\/p>\n<p>&nbsp;<\/p>\n<p>Finance Minister Joaquim Levy announced on Tuesday a series of tax increases to collect an extra 20.6 billion reais, or about a third of the government&#8217;s primary budget surplus goal of 66 billion reais.<\/p>\n<p>http:\/\/www.reuters.com\/article\/2015\/01\/20\/us-brazil-economy-tax-idUSKBN0KT1HI20150120<\/p>\n<p>&nbsp;<\/p>\n<p><span style=\"color: #ff0000\">O ministro da Fazenda Joaquim Levy anunciou nesta ter\u00e7a-feira uma s\u00e9rie de aumentos de impostos para arrecadar um extra de 20,6 bilh\u00f5es de reais, ou cerca de um ter\u00e7o da meta do super\u00e1vit prim\u00e1rio do or\u00e7amento do governo de 66 bilh\u00f5es de reais.<\/span><\/p>\n<p>Abra\u00e7os e bons estudos,<\/p>\n<p>Ena Smith<\/p>\n","protected":false},"excerpt":{"rendered":"<p>Oi pessoal, Est\u00e3o em andamento os cursos de ingl\u00eas para a \u00e1rea fiscal aqui no site do Estrat\u00e9gia. Os cursos preparam para a Receita Federal totalmente focado na banca ESAF, e o do ICMS com foco na banca FCC. Para ajudar mais ainda com o treino do vocabul\u00e1rio fiscal trago hoje esse texto e tradu\u00e7\u00e3o. [&hellip;]<\/p>\n","protected":false},"author":9,"featured_media":0,"comment_status":"open","ping_status":"open","sticky":false,"template":"","format":"standard","meta":{"post_tipo":"article","footnotes":""},"categories":[1,1983],"tags":[511],"tax_estado":[],"class_list":["post-21597","post","type-post","status-publish","format-standard","hentry","category-cursos-e-concursos","category-fiscal-estadual","tag-ingles"],"acf":[],"yoast_head":"<!-- This site is optimized with the Yoast SEO Premium plugin v27.2 (Yoast SEO v27.2) - https:\/\/yoast.com\/product\/yoast-seo-premium-wordpress\/ -->\n<title>Texto e Tradu\u00e7\u00e3o para a Receita e ICMS<\/title>\n<meta name=\"robots\" content=\"index, follow, max-snippet:-1, max-image-preview:large, max-video-preview:-1\" \/>\n<link rel=\"canonical\" href=\"https:\/\/www.estrategiaconcursos.com.br\/blog\/texto-e-traducao-para-receita-e-icms\/\" \/>\n<meta property=\"og:locale\" content=\"pt_BR\" \/>\n<meta property=\"og:type\" content=\"article\" \/>\n<meta property=\"og:title\" content=\"Texto e Tradu\u00e7\u00e3o para a Receita e ICMS\" \/>\n<meta property=\"og:description\" content=\"Oi pessoal, Est\u00e3o em andamento os cursos de ingl\u00eas para a \u00e1rea fiscal aqui no site do Estrat\u00e9gia. Os cursos preparam para a Receita Federal totalmente focado na banca ESAF, e o do ICMS com foco na banca FCC. Para ajudar mais ainda com o treino do vocabul\u00e1rio fiscal trago hoje esse texto e tradu\u00e7\u00e3o. [&hellip;]\" \/>\n<meta property=\"og:url\" content=\"https:\/\/www.estrategiaconcursos.com.br\/blog\/texto-e-traducao-para-receita-e-icms\/\" \/>\n<meta property=\"og:site_name\" content=\"Estrat\u00e9gia Concursos\" \/>\n<meta property=\"article:published_time\" content=\"2015-03-03T00:14:14+00:00\" \/>\n<meta property=\"article:modified_time\" content=\"2016-07-21T18:04:09+00:00\" \/>\n<meta name=\"author\" content=\"Ena Smith\" \/>\n<meta name=\"twitter:card\" content=\"summary_large_image\" \/>\n<meta name=\"twitter:creator\" content=\"@EstratConcursos\" \/>\n<meta name=\"twitter:site\" content=\"@EstratConcursos\" \/>\n<meta name=\"twitter:label1\" content=\"Escrito por\" \/>\n\t<meta name=\"twitter:data1\" content=\"Ena Smith\" \/>\n\t<meta name=\"twitter:label2\" content=\"Est. tempo de leitura\" \/>\n\t<meta name=\"twitter:data2\" content=\"5 minutos\" \/>\n<script type=\"application\/ld+json\" class=\"yoast-schema-graph\">{\"@context\":\"https:\/\/schema.org\",\"@graph\":[{\"@type\":\"NewsArticle\",\"@id\":\"https:\/\/www.estrategiaconcursos.com.br\/blog\/texto-e-traducao-para-receita-e-icms\/#article\",\"isPartOf\":{\"@id\":\"https:\/\/www.estrategiaconcursos.com.br\/blog\/texto-e-traducao-para-receita-e-icms\/\"},\"author\":{\"name\":\"Ena Smith\",\"@id\":\"https:\/\/www.estrategiaconcursos.com.br\/blog\/#\/schema\/person\/afd1d3e6a3f8ae00c7422d7d00a4f1f3\"},\"headline\":\"Texto e Tradu\u00e7\u00e3o para a Receita e ICMS\",\"datePublished\":\"2015-03-03T00:14:14+00:00\",\"dateModified\":\"2016-07-21T18:04:09+00:00\",\"mainEntityOfPage\":{\"@id\":\"https:\/\/www.estrategiaconcursos.com.br\/blog\/texto-e-traducao-para-receita-e-icms\/\"},\"wordCount\":979,\"commentCount\":1,\"publisher\":{\"@id\":\"https:\/\/www.estrategiaconcursos.com.br\/blog\/#organization\"},\"keywords\":[\"Ingl\u00eas\"],\"articleSection\":[\"Concursos P\u00fablicos\",\"Fiscal - Estadual (ICMS)\"],\"inLanguage\":\"pt-BR\",\"potentialAction\":[{\"@type\":\"CommentAction\",\"name\":\"Comment\",\"target\":[\"https:\/\/www.estrategiaconcursos.com.br\/blog\/texto-e-traducao-para-receita-e-icms\/#respond\"]}],\"copyrightYear\":\"2015\",\"copyrightHolder\":{\"@id\":\"https:\/\/www.estrategiaconcursos.com.br\/blog\/#organization\"}},{\"@type\":\"WebPage\",\"@id\":\"https:\/\/www.estrategiaconcursos.com.br\/blog\/texto-e-traducao-para-receita-e-icms\/\",\"url\":\"https:\/\/www.estrategiaconcursos.com.br\/blog\/texto-e-traducao-para-receita-e-icms\/\",\"name\":\"Texto e Tradu\u00e7\u00e3o para a Receita e ICMS\",\"isPartOf\":{\"@id\":\"https:\/\/www.estrategiaconcursos.com.br\/blog\/#website\"},\"datePublished\":\"2015-03-03T00:14:14+00:00\",\"dateModified\":\"2016-07-21T18:04:09+00:00\",\"breadcrumb\":{\"@id\":\"https:\/\/www.estrategiaconcursos.com.br\/blog\/texto-e-traducao-para-receita-e-icms\/#breadcrumb\"},\"inLanguage\":\"pt-BR\",\"potentialAction\":[{\"@type\":\"ReadAction\",\"target\":[\"https:\/\/www.estrategiaconcursos.com.br\/blog\/texto-e-traducao-para-receita-e-icms\/\"]}]},{\"@type\":\"BreadcrumbList\",\"@id\":\"https:\/\/www.estrategiaconcursos.com.br\/blog\/texto-e-traducao-para-receita-e-icms\/#breadcrumb\",\"itemListElement\":[{\"@type\":\"ListItem\",\"position\":1,\"name\":\"In\u00edcio\",\"item\":\"https:\/\/www.estrategiaconcursos.com.br\/blog\/\"},{\"@type\":\"ListItem\",\"position\":2,\"name\":\"Texto e Tradu\u00e7\u00e3o para a Receita e ICMS\"}]},{\"@type\":\"WebSite\",\"@id\":\"https:\/\/www.estrategiaconcursos.com.br\/blog\/#website\",\"url\":\"https:\/\/www.estrategiaconcursos.com.br\/blog\/\",\"name\":\"Estrat\u00e9gia Concursos\",\"description\":\"O blog da Estrat\u00e9gia Concursos traz not\u00edcias sobre concursos e artigos de professores oferecendo cursos para concursos (pdf + videaulas) no site.\",\"publisher\":{\"@id\":\"https:\/\/www.estrategiaconcursos.com.br\/blog\/#organization\"},\"potentialAction\":[{\"@type\":\"SearchAction\",\"target\":{\"@type\":\"EntryPoint\",\"urlTemplate\":\"https:\/\/www.estrategiaconcursos.com.br\/blog\/?s={search_term_string}\"},\"query-input\":{\"@type\":\"PropertyValueSpecification\",\"valueRequired\":true,\"valueName\":\"search_term_string\"}}],\"inLanguage\":\"pt-BR\"},{\"@type\":\"Organization\",\"@id\":\"https:\/\/www.estrategiaconcursos.com.br\/blog\/#organization\",\"name\":\"Estrat\u00e9gia Concursos\",\"url\":\"https:\/\/www.estrategiaconcursos.com.br\/blog\/\",\"logo\":{\"@type\":\"ImageObject\",\"inLanguage\":\"pt-BR\",\"@id\":\"https:\/\/www.estrategiaconcursos.com.br\/blog\/#\/schema\/logo\/image\/\",\"url\":\"https:\/\/dhg1h5j42swfq.cloudfront.net\/2025\/06\/03203428\/logo_concursos-1.jpg\",\"contentUrl\":\"https:\/\/dhg1h5j42swfq.cloudfront.net\/2025\/06\/03203428\/logo_concursos-1.jpg\",\"width\":230,\"height\":60,\"caption\":\"Estrat\u00e9gia Concursos\"},\"image\":{\"@id\":\"https:\/\/www.estrategiaconcursos.com.br\/blog\/#\/schema\/logo\/image\/\"},\"sameAs\":[\"https:\/\/x.com\/EstratConcursos\"]},{\"@type\":\"Person\",\"@id\":\"https:\/\/www.estrategiaconcursos.com.br\/blog\/#\/schema\/person\/afd1d3e6a3f8ae00c7422d7d00a4f1f3\",\"name\":\"Ena Smith\",\"image\":{\"@type\":\"ImageObject\",\"inLanguage\":\"pt-BR\",\"@id\":\"https:\/\/secure.gravatar.com\/avatar\/e8f1dd180dc6dd7006b6b8a67f86386e1239e7c04795ef2c09d6e22b489cca34?s=96&d=mm&r=g\",\"url\":\"https:\/\/secure.gravatar.com\/avatar\/e8f1dd180dc6dd7006b6b8a67f86386e1239e7c04795ef2c09d6e22b489cca34?s=96&d=mm&r=g\",\"contentUrl\":\"https:\/\/secure.gravatar.com\/avatar\/e8f1dd180dc6dd7006b6b8a67f86386e1239e7c04795ef2c09d6e22b489cca34?s=96&d=mm&r=g\",\"caption\":\"Ena Smith\"},\"url\":\"https:\/\/www.estrategiaconcursos.com.br\/blog\/author\/enaglauciaestrategiaconcursos-com-br\/\"}]}<\/script>\n<!-- \/ Yoast SEO Premium plugin. -->","yoast_head_json":{"title":"Texto e Tradu\u00e7\u00e3o para a Receita e ICMS","robots":{"index":"index","follow":"follow","max-snippet":"max-snippet:-1","max-image-preview":"max-image-preview:large","max-video-preview":"max-video-preview:-1"},"canonical":"https:\/\/www.estrategiaconcursos.com.br\/blog\/texto-e-traducao-para-receita-e-icms\/","og_locale":"pt_BR","og_type":"article","og_title":"Texto e Tradu\u00e7\u00e3o para a Receita e ICMS","og_description":"Oi pessoal, Est\u00e3o em andamento os cursos de ingl\u00eas para a \u00e1rea fiscal aqui no site do Estrat\u00e9gia. Os cursos preparam para a Receita Federal totalmente focado na banca ESAF, e o do ICMS com foco na banca FCC. Para ajudar mais ainda com o treino do vocabul\u00e1rio fiscal trago hoje esse texto e tradu\u00e7\u00e3o. [&hellip;]","og_url":"https:\/\/www.estrategiaconcursos.com.br\/blog\/texto-e-traducao-para-receita-e-icms\/","og_site_name":"Estrat\u00e9gia Concursos","article_published_time":"2015-03-03T00:14:14+00:00","article_modified_time":"2016-07-21T18:04:09+00:00","author":"Ena Smith","twitter_card":"summary_large_image","twitter_creator":"@EstratConcursos","twitter_site":"@EstratConcursos","twitter_misc":{"Escrito por":"Ena Smith","Est. tempo de leitura":"5 minutos"},"schema":{"@context":"https:\/\/schema.org","@graph":[{"@type":"NewsArticle","@id":"https:\/\/www.estrategiaconcursos.com.br\/blog\/texto-e-traducao-para-receita-e-icms\/#article","isPartOf":{"@id":"https:\/\/www.estrategiaconcursos.com.br\/blog\/texto-e-traducao-para-receita-e-icms\/"},"author":{"name":"Ena Smith","@id":"https:\/\/www.estrategiaconcursos.com.br\/blog\/#\/schema\/person\/afd1d3e6a3f8ae00c7422d7d00a4f1f3"},"headline":"Texto e Tradu\u00e7\u00e3o para a Receita e ICMS","datePublished":"2015-03-03T00:14:14+00:00","dateModified":"2016-07-21T18:04:09+00:00","mainEntityOfPage":{"@id":"https:\/\/www.estrategiaconcursos.com.br\/blog\/texto-e-traducao-para-receita-e-icms\/"},"wordCount":979,"commentCount":1,"publisher":{"@id":"https:\/\/www.estrategiaconcursos.com.br\/blog\/#organization"},"keywords":["Ingl\u00eas"],"articleSection":["Concursos P\u00fablicos","Fiscal - Estadual (ICMS)"],"inLanguage":"pt-BR","potentialAction":[{"@type":"CommentAction","name":"Comment","target":["https:\/\/www.estrategiaconcursos.com.br\/blog\/texto-e-traducao-para-receita-e-icms\/#respond"]}],"copyrightYear":"2015","copyrightHolder":{"@id":"https:\/\/www.estrategiaconcursos.com.br\/blog\/#organization"}},{"@type":"WebPage","@id":"https:\/\/www.estrategiaconcursos.com.br\/blog\/texto-e-traducao-para-receita-e-icms\/","url":"https:\/\/www.estrategiaconcursos.com.br\/blog\/texto-e-traducao-para-receita-e-icms\/","name":"Texto e Tradu\u00e7\u00e3o para a Receita e ICMS","isPartOf":{"@id":"https:\/\/www.estrategiaconcursos.com.br\/blog\/#website"},"datePublished":"2015-03-03T00:14:14+00:00","dateModified":"2016-07-21T18:04:09+00:00","breadcrumb":{"@id":"https:\/\/www.estrategiaconcursos.com.br\/blog\/texto-e-traducao-para-receita-e-icms\/#breadcrumb"},"inLanguage":"pt-BR","potentialAction":[{"@type":"ReadAction","target":["https:\/\/www.estrategiaconcursos.com.br\/blog\/texto-e-traducao-para-receita-e-icms\/"]}]},{"@type":"BreadcrumbList","@id":"https:\/\/www.estrategiaconcursos.com.br\/blog\/texto-e-traducao-para-receita-e-icms\/#breadcrumb","itemListElement":[{"@type":"ListItem","position":1,"name":"In\u00edcio","item":"https:\/\/www.estrategiaconcursos.com.br\/blog\/"},{"@type":"ListItem","position":2,"name":"Texto e Tradu\u00e7\u00e3o para a Receita e ICMS"}]},{"@type":"WebSite","@id":"https:\/\/www.estrategiaconcursos.com.br\/blog\/#website","url":"https:\/\/www.estrategiaconcursos.com.br\/blog\/","name":"Estrat\u00e9gia Concursos","description":"O blog da Estrat\u00e9gia Concursos traz not\u00edcias sobre concursos e artigos de professores oferecendo cursos para concursos (pdf + videaulas) no site.","publisher":{"@id":"https:\/\/www.estrategiaconcursos.com.br\/blog\/#organization"},"potentialAction":[{"@type":"SearchAction","target":{"@type":"EntryPoint","urlTemplate":"https:\/\/www.estrategiaconcursos.com.br\/blog\/?s={search_term_string}"},"query-input":{"@type":"PropertyValueSpecification","valueRequired":true,"valueName":"search_term_string"}}],"inLanguage":"pt-BR"},{"@type":"Organization","@id":"https:\/\/www.estrategiaconcursos.com.br\/blog\/#organization","name":"Estrat\u00e9gia Concursos","url":"https:\/\/www.estrategiaconcursos.com.br\/blog\/","logo":{"@type":"ImageObject","inLanguage":"pt-BR","@id":"https:\/\/www.estrategiaconcursos.com.br\/blog\/#\/schema\/logo\/image\/","url":"https:\/\/dhg1h5j42swfq.cloudfront.net\/2025\/06\/03203428\/logo_concursos-1.jpg","contentUrl":"https:\/\/dhg1h5j42swfq.cloudfront.net\/2025\/06\/03203428\/logo_concursos-1.jpg","width":230,"height":60,"caption":"Estrat\u00e9gia Concursos"},"image":{"@id":"https:\/\/www.estrategiaconcursos.com.br\/blog\/#\/schema\/logo\/image\/"},"sameAs":["https:\/\/x.com\/EstratConcursos"]},{"@type":"Person","@id":"https:\/\/www.estrategiaconcursos.com.br\/blog\/#\/schema\/person\/afd1d3e6a3f8ae00c7422d7d00a4f1f3","name":"Ena Smith","image":{"@type":"ImageObject","inLanguage":"pt-BR","@id":"https:\/\/secure.gravatar.com\/avatar\/e8f1dd180dc6dd7006b6b8a67f86386e1239e7c04795ef2c09d6e22b489cca34?s=96&d=mm&r=g","url":"https:\/\/secure.gravatar.com\/avatar\/e8f1dd180dc6dd7006b6b8a67f86386e1239e7c04795ef2c09d6e22b489cca34?s=96&d=mm&r=g","contentUrl":"https:\/\/secure.gravatar.com\/avatar\/e8f1dd180dc6dd7006b6b8a67f86386e1239e7c04795ef2c09d6e22b489cca34?s=96&d=mm&r=g","caption":"Ena Smith"},"url":"https:\/\/www.estrategiaconcursos.com.br\/blog\/author\/enaglauciaestrategiaconcursos-com-br\/"}]}},"_links":{"self":[{"href":"https:\/\/www.estrategiaconcursos.com.br\/blog\/wp-json\/wp\/v2\/posts\/21597","targetHints":{"allow":["GET"]}}],"collection":[{"href":"https:\/\/www.estrategiaconcursos.com.br\/blog\/wp-json\/wp\/v2\/posts"}],"about":[{"href":"https:\/\/www.estrategiaconcursos.com.br\/blog\/wp-json\/wp\/v2\/types\/post"}],"author":[{"embeddable":true,"href":"https:\/\/www.estrategiaconcursos.com.br\/blog\/wp-json\/wp\/v2\/users\/9"}],"replies":[{"embeddable":true,"href":"https:\/\/www.estrategiaconcursos.com.br\/blog\/wp-json\/wp\/v2\/comments?post=21597"}],"version-history":[{"count":1,"href":"https:\/\/www.estrategiaconcursos.com.br\/blog\/wp-json\/wp\/v2\/posts\/21597\/revisions"}],"predecessor-version":[{"id":21598,"href":"https:\/\/www.estrategiaconcursos.com.br\/blog\/wp-json\/wp\/v2\/posts\/21597\/revisions\/21598"}],"wp:attachment":[{"href":"https:\/\/www.estrategiaconcursos.com.br\/blog\/wp-json\/wp\/v2\/media?parent=21597"}],"wp:term":[{"taxonomy":"category","embeddable":true,"href":"https:\/\/www.estrategiaconcursos.com.br\/blog\/wp-json\/wp\/v2\/categories?post=21597"},{"taxonomy":"post_tag","embeddable":true,"href":"https:\/\/www.estrategiaconcursos.com.br\/blog\/wp-json\/wp\/v2\/tags?post=21597"},{"taxonomy":"tax_estado","embeddable":true,"href":"https:\/\/www.estrategiaconcursos.com.br\/blog\/wp-json\/wp\/v2\/tax_estado?post=21597"}],"curies":[{"name":"wp","href":"https:\/\/api.w.org\/{rel}","templated":true}]}}