{"id":21512,"date":"2015-02-27T09:49:08","date_gmt":"2015-02-27T12:49:08","guid":{"rendered":"http:\/\/www.estrategiaconcursos.com.br\/blog\/?p=21512"},"modified":"2018-09-29T10:37:27","modified_gmt":"2018-09-29T13:37:27","slug":"resolucao-no-2-2015-modificando-o-regimento-interno-camara-dos-deputados","status":"publish","type":"post","link":"https:\/\/www.estrategiaconcursos.com.br\/blog\/resolucao-no-2-2015-modificando-o-regimento-interno-camara-dos-deputados\/","title":{"rendered":"Promulgadas as Resolu\u00e7\u00f5es n\u00ba 1 e 2, de 2015, modificando o Regimento Interno da C\u00e2mara dos Deputados. Saiba o que mudou!"},"content":{"rendered":"<p>Ol\u00e1 pessoal!<\/p>\n<p>Voc\u00ea, que est\u00e1 estudando o <a title=\"Curso Regimento Interno da C\u00e2mara dos Deputados\" href=\"https:\/\/www.estrategiaconcursos.com.br\/curso\/regimento-interno-p-camara-dos-deputados-tecnico-legislativo-com-videoaulas-5399\/\">Regimento Interno<\/a>, precisa saber que, nos dias 25 e 26 de fevereiro de 2015, foram promulgadas as Resolu\u00e7\u00f5es n\u00ba 1 e 2, de 2015, modificando o Regimento. Confira em:<\/p>\n<p><a href=\"http:\/\/www2.camara.leg.br\/legin\/fed\/rescad\/2015\/resolucaodacamaradosdeputados-1-25-fevereiro-2015-780184-publicacaooriginal-146192-pl.html\">http:\/\/www2.camara.leg.br\/legin\/fed\/rescad\/2015\/resolucaodacamaradosdeputados-1-25-fevereiro-2015-780184-publicacaooriginal-146192-pl.html<\/a><\/p>\n<p><a href=\"http:\/\/www2.camara.leg.br\/legin\/fed\/rescad\/2015\/resolucaodacamaradosdeputados-2-26-fevereiro-2015-780189-publicacaooriginal-146199-pl.html\">http:\/\/www2.camara.leg.br\/legin\/fed\/rescad\/2015\/resolucaodacamaradosdeputados-2-26-fevereiro-2015-780189-publicacaooriginal-146199-pl.html<\/a><\/p>\n<p>&nbsp;<\/p>\n<p style=\"text-align: justify;\">A <strong>resolu\u00e7\u00e3o n\u00famero 2<\/strong> modifica o artigo 86, com a inten\u00e7\u00e3o de\u00a0aprimorar o planejamento dos trabalhos da casa, obrigando o Presidente a organizar a agenda da semana seguinte da Casa at\u00e9 semana anterior \u00e0 esta.<\/p>\n<p>Na <strong>Resolu\u00e7\u00e3o n\u00famero 1<\/strong>, todavia, ocorreram as altera\u00e7\u00f5es mais importantes.<\/p>\n<p>No artigo 25, aumentou-se o n\u00famero m\u00e1ximo de membros de uma Comiss\u00e3o Permanente, de 12 para <strong>13 cent\u00e9simos<\/strong>. Isto implica em um m\u00e1ximo de 66 membros.<\/p>\n<p>Isso ocorreu para facilitar a acomoda\u00e7\u00e3o dos deputados em mais de uma Comiss\u00e3o Permanente. Afinal, a partir de agora os deputados poder\u00e3o acumular as comiss\u00f5es de\u00a0Comiss\u00f5es de Legisla\u00e7\u00e3o Participativa, de Seguran\u00e7a P\u00fablica e Combate ao Crime Organizado, de Cultura, de Defesa dos Direitos das Pessoas com Defici\u00eancia, de Direitos Humanos e Minorias, do Esporte, de Meio Ambiente e Desenvolvimento Sustent\u00e1vel, de Rela\u00e7\u00f5es Exteriores e de Defesa Nacional e de Desenvolvimento Regional, conforme modifica\u00e7\u00e3o do art. 26.<\/p>\n<p>Al\u00e9m disso, j\u00e1 escrito no par\u00e1grafo anterior, foi criada a 23\u00aa Comiss\u00e3o Permanente, a\u00a0<strong>Comiss\u00e3o de Defesa dos Direitos das Pessoas com Defici\u00eancia, <\/strong>no artigo 32.<\/p>\n<p>Pe\u00e7o aos nossos alunos que fiquem atentos \u00e0s aulas <strong><em>01<\/em><\/strong> e <em><strong>03<\/strong><\/em>, que foram atualizadas, em virtude das novas Resolu\u00e7\u00f5es.<\/p>\n<p>Bons estudos!<\/p>\n","protected":false},"excerpt":{"rendered":"<p>Ol\u00e1 pessoal! Voc\u00ea, que est\u00e1 estudando o Regimento Interno, precisa saber que, nos dias 25 e 26 de fevereiro de 2015, foram promulgadas as Resolu\u00e7\u00f5es n\u00ba 1 e 2, de 2015, modificando o Regimento. Confira em: http:\/\/www2.camara.leg.br\/legin\/fed\/rescad\/2015\/resolucaodacamaradosdeputados-1-25-fevereiro-2015-780184-publicacaooriginal-146192-pl.html http:\/\/www2.camara.leg.br\/legin\/fed\/rescad\/2015\/resolucaodacamaradosdeputados-2-26-fevereiro-2015-780189-publicacaooriginal-146199-pl.html &nbsp; A resolu\u00e7\u00e3o n\u00famero 2 modifica o artigo 86, com a inten\u00e7\u00e3o de\u00a0aprimorar o planejamento dos trabalhos [&hellip;]<\/p>\n","protected":false},"author":48,"featured_media":0,"comment_status":"open","ping_status":"open","sticky":false,"template":"","format":"standard","meta":{"post_tipo":"article","footnotes":""},"categories":[1,2017],"tags":[519,616],"tax_estado":[],"class_list":["post-21512","post","type-post","status-publish","format-standard","hentry","category-cursos-e-concursos","category-concursos-legislativos","tag-camara-dos-deputados","tag-regimento-interno"],"acf":[],"yoast_head":"<!-- This site is optimized with the Yoast SEO Premium plugin v27.2 (Yoast SEO v27.2) - https:\/\/yoast.com\/product\/yoast-seo-premium-wordpress\/ -->\n<title>Novo: Resolu\u00e7\u00f5es n\u00ba 1 e 2 do Regimento Interno da C\u00e2mara<\/title>\n<meta name=\"description\" content=\"25 e 26 de fevereiro de 2015, foram promulgadas as Resolu\u00e7\u00f5es n\u00ba 1 e 2, de 2015, modificando o Regimento Interno da C\u00e2mara dos Deputados. Saiba o que mudou!\" \/>\n<meta name=\"robots\" content=\"index, follow, max-snippet:-1, max-image-preview:large, max-video-preview:-1\" \/>\n<link rel=\"canonical\" href=\"https:\/\/www.estrategiaconcursos.com.br\/blog\/resolucao-no-2-2015-modificando-o-regimento-interno-camara-dos-deputados\/\" \/>\n<meta property=\"og:locale\" content=\"pt_BR\" \/>\n<meta property=\"og:type\" content=\"article\" \/>\n<meta property=\"og:title\" content=\"Promulgadas as Resolu\u00e7\u00f5es n\u00ba 1 e 2, de 2015, modificando o Regimento Interno da C\u00e2mara dos Deputados. Saiba o que mudou!\" \/>\n<meta property=\"og:description\" content=\"25 e 26 de fevereiro de 2015, foram promulgadas as Resolu\u00e7\u00f5es n\u00ba 1 e 2, de 2015, modificando o Regimento Interno da C\u00e2mara dos Deputados. Saiba o que mudou!\" \/>\n<meta property=\"og:url\" content=\"https:\/\/www.estrategiaconcursos.com.br\/blog\/resolucao-no-2-2015-modificando-o-regimento-interno-camara-dos-deputados\/\" \/>\n<meta property=\"og:site_name\" content=\"Estrat\u00e9gia Concursos\" \/>\n<meta property=\"article:published_time\" content=\"2015-02-27T12:49:08+00:00\" \/>\n<meta property=\"article:modified_time\" content=\"2018-09-29T13:37:27+00:00\" \/>\n<meta name=\"author\" content=\"Coordena\u00e7\u00e3o\" \/>\n<meta name=\"twitter:card\" content=\"summary_large_image\" \/>\n<meta name=\"twitter:creator\" content=\"@EstratConcursos\" \/>\n<meta name=\"twitter:site\" content=\"@EstratConcursos\" \/>\n<meta name=\"twitter:label1\" content=\"Escrito por\" \/>\n\t<meta name=\"twitter:data1\" content=\"Coordena\u00e7\u00e3o\" \/>\n\t<meta name=\"twitter:label2\" content=\"Est. tempo de leitura\" \/>\n\t<meta name=\"twitter:data2\" content=\"1 minuto\" \/>\n<script type=\"application\/ld+json\" class=\"yoast-schema-graph\">{\"@context\":\"https:\/\/schema.org\",\"@graph\":[{\"@type\":\"NewsArticle\",\"@id\":\"https:\/\/www.estrategiaconcursos.com.br\/blog\/resolucao-no-2-2015-modificando-o-regimento-interno-camara-dos-deputados\/#article\",\"isPartOf\":{\"@id\":\"https:\/\/www.estrategiaconcursos.com.br\/blog\/resolucao-no-2-2015-modificando-o-regimento-interno-camara-dos-deputados\/\"},\"author\":{\"name\":\"Coordena\u00e7\u00e3o\",\"@id\":\"https:\/\/www.estrategiaconcursos.com.br\/blog\/#\/schema\/person\/cdad40b5818eb228a838461fcd656da7\"},\"headline\":\"Promulgadas as Resolu\u00e7\u00f5es n\u00ba 1 e 2, de 2015, modificando o Regimento Interno da C\u00e2mara dos Deputados. Saiba o que mudou!\",\"datePublished\":\"2015-02-27T12:49:08+00:00\",\"dateModified\":\"2018-09-29T13:37:27+00:00\",\"mainEntityOfPage\":{\"@id\":\"https:\/\/www.estrategiaconcursos.com.br\/blog\/resolucao-no-2-2015-modificando-o-regimento-interno-camara-dos-deputados\/\"},\"wordCount\":296,\"commentCount\":2,\"publisher\":{\"@id\":\"https:\/\/www.estrategiaconcursos.com.br\/blog\/#organization\"},\"keywords\":[\"C\u00e2mara dos Deputados\",\"Regimento Interno\"],\"articleSection\":[\"Concursos P\u00fablicos\",\"Legislativo\"],\"inLanguage\":\"pt-BR\",\"potentialAction\":[{\"@type\":\"CommentAction\",\"name\":\"Comment\",\"target\":[\"https:\/\/www.estrategiaconcursos.com.br\/blog\/resolucao-no-2-2015-modificando-o-regimento-interno-camara-dos-deputados\/#respond\"]}],\"copyrightYear\":\"2015\",\"copyrightHolder\":{\"@id\":\"https:\/\/www.estrategiaconcursos.com.br\/blog\/#organization\"}},{\"@type\":\"WebPage\",\"@id\":\"https:\/\/www.estrategiaconcursos.com.br\/blog\/resolucao-no-2-2015-modificando-o-regimento-interno-camara-dos-deputados\/\",\"url\":\"https:\/\/www.estrategiaconcursos.com.br\/blog\/resolucao-no-2-2015-modificando-o-regimento-interno-camara-dos-deputados\/\",\"name\":\"Novo: Resolu\u00e7\u00f5es n\u00ba 1 e 2 do Regimento Interno da C\u00e2mara\",\"isPartOf\":{\"@id\":\"https:\/\/www.estrategiaconcursos.com.br\/blog\/#website\"},\"datePublished\":\"2015-02-27T12:49:08+00:00\",\"dateModified\":\"2018-09-29T13:37:27+00:00\",\"description\":\"25 e 26 de fevereiro de 2015, foram promulgadas as Resolu\u00e7\u00f5es n\u00ba 1 e 2, de 2015, modificando o Regimento Interno da C\u00e2mara dos Deputados. Saiba o que mudou!\",\"breadcrumb\":{\"@id\":\"https:\/\/www.estrategiaconcursos.com.br\/blog\/resolucao-no-2-2015-modificando-o-regimento-interno-camara-dos-deputados\/#breadcrumb\"},\"inLanguage\":\"pt-BR\",\"potentialAction\":[{\"@type\":\"ReadAction\",\"target\":[\"https:\/\/www.estrategiaconcursos.com.br\/blog\/resolucao-no-2-2015-modificando-o-regimento-interno-camara-dos-deputados\/\"]}]},{\"@type\":\"BreadcrumbList\",\"@id\":\"https:\/\/www.estrategiaconcursos.com.br\/blog\/resolucao-no-2-2015-modificando-o-regimento-interno-camara-dos-deputados\/#breadcrumb\",\"itemListElement\":[{\"@type\":\"ListItem\",\"position\":1,\"name\":\"In\u00edcio\",\"item\":\"https:\/\/www.estrategiaconcursos.com.br\/blog\/\"},{\"@type\":\"ListItem\",\"position\":2,\"name\":\"Promulgadas as Resolu\u00e7\u00f5es n\u00ba 1 e 2, de 2015, modificando o Regimento Interno da C\u00e2mara dos Deputados. Saiba o que mudou!\"}]},{\"@type\":\"WebSite\",\"@id\":\"https:\/\/www.estrategiaconcursos.com.br\/blog\/#website\",\"url\":\"https:\/\/www.estrategiaconcursos.com.br\/blog\/\",\"name\":\"Estrat\u00e9gia Concursos\",\"description\":\"O blog da Estrat\u00e9gia Concursos traz not\u00edcias sobre concursos e artigos de professores oferecendo cursos para concursos (pdf + videaulas) no site.\",\"publisher\":{\"@id\":\"https:\/\/www.estrategiaconcursos.com.br\/blog\/#organization\"},\"potentialAction\":[{\"@type\":\"SearchAction\",\"target\":{\"@type\":\"EntryPoint\",\"urlTemplate\":\"https:\/\/www.estrategiaconcursos.com.br\/blog\/?s={search_term_string}\"},\"query-input\":{\"@type\":\"PropertyValueSpecification\",\"valueRequired\":true,\"valueName\":\"search_term_string\"}}],\"inLanguage\":\"pt-BR\"},{\"@type\":\"Organization\",\"@id\":\"https:\/\/www.estrategiaconcursos.com.br\/blog\/#organization\",\"name\":\"Estrat\u00e9gia Concursos\",\"url\":\"https:\/\/www.estrategiaconcursos.com.br\/blog\/\",\"logo\":{\"@type\":\"ImageObject\",\"inLanguage\":\"pt-BR\",\"@id\":\"https:\/\/www.estrategiaconcursos.com.br\/blog\/#\/schema\/logo\/image\/\",\"url\":\"https:\/\/dhg1h5j42swfq.cloudfront.net\/2025\/06\/03203428\/logo_concursos-1.jpg\",\"contentUrl\":\"https:\/\/dhg1h5j42swfq.cloudfront.net\/2025\/06\/03203428\/logo_concursos-1.jpg\",\"width\":230,\"height\":60,\"caption\":\"Estrat\u00e9gia Concursos\"},\"image\":{\"@id\":\"https:\/\/www.estrategiaconcursos.com.br\/blog\/#\/schema\/logo\/image\/\"},\"sameAs\":[\"https:\/\/x.com\/EstratConcursos\"]},{\"@type\":\"Person\",\"@id\":\"https:\/\/www.estrategiaconcursos.com.br\/blog\/#\/schema\/person\/cdad40b5818eb228a838461fcd656da7\",\"name\":\"Coordena\u00e7\u00e3o\",\"image\":{\"@type\":\"ImageObject\",\"inLanguage\":\"pt-BR\",\"@id\":\"https:\/\/secure.gravatar.com\/avatar\/a413b22da0f5009c634f6c4586a2dbe5207074fd5becd88db5183b8069ef25e4?s=96&d=mm&r=g\",\"url\":\"https:\/\/secure.gravatar.com\/avatar\/a413b22da0f5009c634f6c4586a2dbe5207074fd5becd88db5183b8069ef25e4?s=96&d=mm&r=g\",\"contentUrl\":\"https:\/\/secure.gravatar.com\/avatar\/a413b22da0f5009c634f6c4586a2dbe5207074fd5becd88db5183b8069ef25e4?s=96&d=mm&r=g\",\"caption\":\"Coordena\u00e7\u00e3o\"},\"url\":\"https:\/\/www.estrategiaconcursos.com.br\/blog\/author\/contatoestrategiaconcursos-com-br\/\"}]}<\/script>\n<!-- \/ Yoast SEO Premium plugin. -->","yoast_head_json":{"title":"Novo: Resolu\u00e7\u00f5es n\u00ba 1 e 2 do Regimento Interno da C\u00e2mara","description":"25 e 26 de fevereiro de 2015, foram promulgadas as Resolu\u00e7\u00f5es n\u00ba 1 e 2, de 2015, modificando o Regimento Interno da C\u00e2mara dos Deputados. Saiba o que mudou!","robots":{"index":"index","follow":"follow","max-snippet":"max-snippet:-1","max-image-preview":"max-image-preview:large","max-video-preview":"max-video-preview:-1"},"canonical":"https:\/\/www.estrategiaconcursos.com.br\/blog\/resolucao-no-2-2015-modificando-o-regimento-interno-camara-dos-deputados\/","og_locale":"pt_BR","og_type":"article","og_title":"Promulgadas as Resolu\u00e7\u00f5es n\u00ba 1 e 2, de 2015, modificando o Regimento Interno da C\u00e2mara dos Deputados. Saiba o que mudou!","og_description":"25 e 26 de fevereiro de 2015, foram promulgadas as Resolu\u00e7\u00f5es n\u00ba 1 e 2, de 2015, modificando o Regimento Interno da C\u00e2mara dos Deputados. Saiba o que mudou!","og_url":"https:\/\/www.estrategiaconcursos.com.br\/blog\/resolucao-no-2-2015-modificando-o-regimento-interno-camara-dos-deputados\/","og_site_name":"Estrat\u00e9gia Concursos","article_published_time":"2015-02-27T12:49:08+00:00","article_modified_time":"2018-09-29T13:37:27+00:00","author":"Coordena\u00e7\u00e3o","twitter_card":"summary_large_image","twitter_creator":"@EstratConcursos","twitter_site":"@EstratConcursos","twitter_misc":{"Escrito por":"Coordena\u00e7\u00e3o","Est. tempo de leitura":"1 minuto"},"schema":{"@context":"https:\/\/schema.org","@graph":[{"@type":"NewsArticle","@id":"https:\/\/www.estrategiaconcursos.com.br\/blog\/resolucao-no-2-2015-modificando-o-regimento-interno-camara-dos-deputados\/#article","isPartOf":{"@id":"https:\/\/www.estrategiaconcursos.com.br\/blog\/resolucao-no-2-2015-modificando-o-regimento-interno-camara-dos-deputados\/"},"author":{"name":"Coordena\u00e7\u00e3o","@id":"https:\/\/www.estrategiaconcursos.com.br\/blog\/#\/schema\/person\/cdad40b5818eb228a838461fcd656da7"},"headline":"Promulgadas as Resolu\u00e7\u00f5es n\u00ba 1 e 2, de 2015, modificando o Regimento Interno da C\u00e2mara dos Deputados. Saiba o que mudou!","datePublished":"2015-02-27T12:49:08+00:00","dateModified":"2018-09-29T13:37:27+00:00","mainEntityOfPage":{"@id":"https:\/\/www.estrategiaconcursos.com.br\/blog\/resolucao-no-2-2015-modificando-o-regimento-interno-camara-dos-deputados\/"},"wordCount":296,"commentCount":2,"publisher":{"@id":"https:\/\/www.estrategiaconcursos.com.br\/blog\/#organization"},"keywords":["C\u00e2mara dos Deputados","Regimento Interno"],"articleSection":["Concursos P\u00fablicos","Legislativo"],"inLanguage":"pt-BR","potentialAction":[{"@type":"CommentAction","name":"Comment","target":["https:\/\/www.estrategiaconcursos.com.br\/blog\/resolucao-no-2-2015-modificando-o-regimento-interno-camara-dos-deputados\/#respond"]}],"copyrightYear":"2015","copyrightHolder":{"@id":"https:\/\/www.estrategiaconcursos.com.br\/blog\/#organization"}},{"@type":"WebPage","@id":"https:\/\/www.estrategiaconcursos.com.br\/blog\/resolucao-no-2-2015-modificando-o-regimento-interno-camara-dos-deputados\/","url":"https:\/\/www.estrategiaconcursos.com.br\/blog\/resolucao-no-2-2015-modificando-o-regimento-interno-camara-dos-deputados\/","name":"Novo: Resolu\u00e7\u00f5es n\u00ba 1 e 2 do Regimento Interno da C\u00e2mara","isPartOf":{"@id":"https:\/\/www.estrategiaconcursos.com.br\/blog\/#website"},"datePublished":"2015-02-27T12:49:08+00:00","dateModified":"2018-09-29T13:37:27+00:00","description":"25 e 26 de fevereiro de 2015, foram promulgadas as Resolu\u00e7\u00f5es n\u00ba 1 e 2, de 2015, modificando o Regimento Interno da C\u00e2mara dos Deputados. Saiba o que mudou!","breadcrumb":{"@id":"https:\/\/www.estrategiaconcursos.com.br\/blog\/resolucao-no-2-2015-modificando-o-regimento-interno-camara-dos-deputados\/#breadcrumb"},"inLanguage":"pt-BR","potentialAction":[{"@type":"ReadAction","target":["https:\/\/www.estrategiaconcursos.com.br\/blog\/resolucao-no-2-2015-modificando-o-regimento-interno-camara-dos-deputados\/"]}]},{"@type":"BreadcrumbList","@id":"https:\/\/www.estrategiaconcursos.com.br\/blog\/resolucao-no-2-2015-modificando-o-regimento-interno-camara-dos-deputados\/#breadcrumb","itemListElement":[{"@type":"ListItem","position":1,"name":"In\u00edcio","item":"https:\/\/www.estrategiaconcursos.com.br\/blog\/"},{"@type":"ListItem","position":2,"name":"Promulgadas as Resolu\u00e7\u00f5es n\u00ba 1 e 2, de 2015, modificando o Regimento Interno da C\u00e2mara dos Deputados. Saiba o que mudou!"}]},{"@type":"WebSite","@id":"https:\/\/www.estrategiaconcursos.com.br\/blog\/#website","url":"https:\/\/www.estrategiaconcursos.com.br\/blog\/","name":"Estrat\u00e9gia Concursos","description":"O blog da Estrat\u00e9gia Concursos traz not\u00edcias sobre concursos e artigos de professores oferecendo cursos para concursos (pdf + videaulas) no site.","publisher":{"@id":"https:\/\/www.estrategiaconcursos.com.br\/blog\/#organization"},"potentialAction":[{"@type":"SearchAction","target":{"@type":"EntryPoint","urlTemplate":"https:\/\/www.estrategiaconcursos.com.br\/blog\/?s={search_term_string}"},"query-input":{"@type":"PropertyValueSpecification","valueRequired":true,"valueName":"search_term_string"}}],"inLanguage":"pt-BR"},{"@type":"Organization","@id":"https:\/\/www.estrategiaconcursos.com.br\/blog\/#organization","name":"Estrat\u00e9gia Concursos","url":"https:\/\/www.estrategiaconcursos.com.br\/blog\/","logo":{"@type":"ImageObject","inLanguage":"pt-BR","@id":"https:\/\/www.estrategiaconcursos.com.br\/blog\/#\/schema\/logo\/image\/","url":"https:\/\/dhg1h5j42swfq.cloudfront.net\/2025\/06\/03203428\/logo_concursos-1.jpg","contentUrl":"https:\/\/dhg1h5j42swfq.cloudfront.net\/2025\/06\/03203428\/logo_concursos-1.jpg","width":230,"height":60,"caption":"Estrat\u00e9gia Concursos"},"image":{"@id":"https:\/\/www.estrategiaconcursos.com.br\/blog\/#\/schema\/logo\/image\/"},"sameAs":["https:\/\/x.com\/EstratConcursos"]},{"@type":"Person","@id":"https:\/\/www.estrategiaconcursos.com.br\/blog\/#\/schema\/person\/cdad40b5818eb228a838461fcd656da7","name":"Coordena\u00e7\u00e3o","image":{"@type":"ImageObject","inLanguage":"pt-BR","@id":"https:\/\/secure.gravatar.com\/avatar\/a413b22da0f5009c634f6c4586a2dbe5207074fd5becd88db5183b8069ef25e4?s=96&d=mm&r=g","url":"https:\/\/secure.gravatar.com\/avatar\/a413b22da0f5009c634f6c4586a2dbe5207074fd5becd88db5183b8069ef25e4?s=96&d=mm&r=g","contentUrl":"https:\/\/secure.gravatar.com\/avatar\/a413b22da0f5009c634f6c4586a2dbe5207074fd5becd88db5183b8069ef25e4?s=96&d=mm&r=g","caption":"Coordena\u00e7\u00e3o"},"url":"https:\/\/www.estrategiaconcursos.com.br\/blog\/author\/contatoestrategiaconcursos-com-br\/"}]}},"_links":{"self":[{"href":"https:\/\/www.estrategiaconcursos.com.br\/blog\/wp-json\/wp\/v2\/posts\/21512","targetHints":{"allow":["GET"]}}],"collection":[{"href":"https:\/\/www.estrategiaconcursos.com.br\/blog\/wp-json\/wp\/v2\/posts"}],"about":[{"href":"https:\/\/www.estrategiaconcursos.com.br\/blog\/wp-json\/wp\/v2\/types\/post"}],"author":[{"embeddable":true,"href":"https:\/\/www.estrategiaconcursos.com.br\/blog\/wp-json\/wp\/v2\/users\/48"}],"replies":[{"embeddable":true,"href":"https:\/\/www.estrategiaconcursos.com.br\/blog\/wp-json\/wp\/v2\/comments?post=21512"}],"version-history":[{"count":8,"href":"https:\/\/www.estrategiaconcursos.com.br\/blog\/wp-json\/wp\/v2\/posts\/21512\/revisions"}],"predecessor-version":[{"id":144300,"href":"https:\/\/www.estrategiaconcursos.com.br\/blog\/wp-json\/wp\/v2\/posts\/21512\/revisions\/144300"}],"wp:attachment":[{"href":"https:\/\/www.estrategiaconcursos.com.br\/blog\/wp-json\/wp\/v2\/media?parent=21512"}],"wp:term":[{"taxonomy":"category","embeddable":true,"href":"https:\/\/www.estrategiaconcursos.com.br\/blog\/wp-json\/wp\/v2\/categories?post=21512"},{"taxonomy":"post_tag","embeddable":true,"href":"https:\/\/www.estrategiaconcursos.com.br\/blog\/wp-json\/wp\/v2\/tags?post=21512"},{"taxonomy":"tax_estado","embeddable":true,"href":"https:\/\/www.estrategiaconcursos.com.br\/blog\/wp-json\/wp\/v2\/tax_estado?post=21512"}],"curies":[{"name":"wp","href":"https:\/\/api.w.org\/{rel}","templated":true}]}}