{"id":21501,"date":"2015-02-26T10:21:59","date_gmt":"2015-02-26T13:21:59","guid":{"rendered":"http:\/\/www.estrategiaconcursos.com.br\/blog\/?p=21501"},"modified":"2016-07-21T15:57:57","modified_gmt":"2016-07-21T18:57:57","slug":"concurso-trt-pr-9a-regiao-tribunal-confirma-concurso-para-servidores-em-2015","status":"publish","type":"post","link":"https:\/\/www.estrategiaconcursos.com.br\/blog\/concurso-trt-pr-9a-regiao-tribunal-confirma-concurso-para-servidores-em-2015\/","title":{"rendered":"Concurso TRT-PR (9\u00aa Regi\u00e3o) &#8211; Tribunal confirma concurso para servidores em 2015"},"content":{"rendered":"<p style=\"text-align: justify;\"><span style=\"color: #000000;\"><a href=\"https:\/\/dhg1h5j42swfq.cloudfront.net\/2015\/02\/concurso-TRT-PR.jpg\"><img loading=\"lazy\" decoding=\"async\" class=\"alignleft wp-image-21502 size-medium\" src=\"https:\/\/dhg1h5j42swfq.cloudfront.net\/2015\/02\/concurso-TRT-PR-300x170.jpg\" alt=\"concurso TRT-PR\" width=\"300\" height=\"170\" srcset=\"https:\/\/dhg1h5j42swfq.cloudfront.net\/2015\/02\/concurso-TRT-PR.jpg 300w, https:\/\/dhg1h5j42swfq.cloudfront.net\/2015\/02\/concurso-TRT-PR.jpg 500w, https:\/\/dhg1h5j42swfq.cloudfront.net\/2015\/02\/concurso-TRT-PR.jpg 530w\" sizes=\"auto, (max-width: 300px) 100vw, 300px\" \/><\/a>O <a href=\"https:\/\/www.estrategiaconcursos.com.br\/cursosPorConcurso\/trt-9-regiao-parana-122\/\">Tribunal Regional do Trabalho da 9\u00aa Regi\u00e3o<\/a> (TRT 9) confirmou a realiza\u00e7\u00e3o de concurso p\u00fablico para servidores em 2015. &#8220;Estamos discutindo o concurso e faremos o poss\u00edvel para que ele saia do papel assim que o anterior, vigente at\u00e9 5 de agosto de 2015, expirar. As especialidades e cargos abrangidos n\u00e3o devem ser muito diferentes dos que o TRT 9 ofereceu no passado.&#8221;, afirmou\u00a0o membro da comiss\u00e3o nomeada em outubro para ser respons\u00e1vel pelos preparativos da sele\u00e7\u00e3o, Edmilsom Barbosa Fernandes.<\/span><\/p>\n<p style=\"text-align: justify;\"><span style=\"color: #000000;\">O concurso ao qual Edmilsom se refere foi o de 2012, organizado pela Funda\u00e7\u00e3o Carlos Chagas (FCC). Na \u00e9poca, a sele\u00e7\u00e3o ofertou 23 vagas e forma\u00e7\u00e3o de cadastro de reserva nos n\u00edveis m\u00e9dio, m\u00e9dio\/t\u00e9cnico e superior. As chances eram nas fun\u00e7\u00f5es de t\u00e9cnico judici\u00e1rio &#8211; nas \u00e1reas administrativa sem especialidade, administrativa com especialidade em Seguran\u00e7a, apoio especializado em Tecnologia da Informa\u00e7\u00e3o, apoio especializado em Enfermagem &#8211; e analista judici\u00e1rio &#8211; nas \u00e1reas judici\u00e1ria sem especialidade, judici\u00e1ria com especialidade em Execu\u00e7\u00e3o de Mandados, administrativa sem especialidade, apoio especializado em Medicina e apoio especializado em Tecnologia da Informa\u00e7\u00e3o. <\/span><\/p>\n<p style=\"text-align: justify;\"><span style=\"color: #000000;\">Os candidatos foram avaliados por exames objetivos no dia 3 de fevereiro de 2013. Graduados que concorriam aos cargos de analista fizeram, no mesmo dia, uma reda\u00e7\u00e3o, enquanto os interessados nas chances para t\u00e9cnico judici\u00e1rio da \u00e1rea administrativa com especialidade em Seguran\u00e7a realizaram provas de capacidade f\u00edsica, em 7 de abril, e dire\u00e7\u00e3o veicular, nos dias 11 e 12 de maio. <\/span><\/p>\n<p style=\"text-align: justify;\"><span style=\"color: #000000;\">Atualmente, a carga hor\u00e1ria de t\u00e9cnicos e analistas \u00e9 de 40 horas semanais e a remunera\u00e7\u00e3o inicial \u00e9 de, respectivamente, R$4.947,95 e R$8.118,19, valores compostos pelo vencimento b\u00e1sico e por Gratifica\u00e7\u00e3o de Atividade Judici\u00e1ria (GAJ). Dependendo da especialidade, o profissional ainda tem direito a outros adicionais, entre os quais est\u00e3o a Gratifica\u00e7\u00e3o de Atividade de Seguran\u00e7a (GAS), Gratifica\u00e7\u00e3o de Atividade Externa (GAE) e Vantagem Pecuni\u00e1ria Individual (VPI).<\/span><\/p>\n<p style=\"text-align: justify;\"><span style=\"color: #000000;\">FONTE: Com informa\u00e7\u00f5es da Folha Dirigida<\/span><\/p>\n<p style=\"text-align: justify;\"><strong><span style=\"color: #000000;\">O Estrat\u00e9gia Concursos j\u00e1 lan\u00e7ou cursos para este concurso. Confira em:<\/span><\/strong><\/p>\n<p style=\"text-align: justify;\"><span style=\"color: #0000ff;\"><a style=\"color: #0000ff;\" href=\"https:\/\/www.estrategiaconcursos.com.br\/cursosPorConcurso\/trt-9-regiao-parana-122\/\">https:\/\/www.estrategiaconcursos.com.br\/cursosPorConcurso\/trt-9-regiao-parana-122\/<\/a><\/span><\/p>\n<p style=\"text-align: justify;\"><span style=\"color: #000000;\">Assessoria de Comunica\u00e7\u00e3o<\/span><\/p>\n<p style=\"text-align: justify;\"><span style=\"color: #000000;\">comunicacao@estrategiaconcursos.com.br<\/span><\/p>\n","protected":false},"excerpt":{"rendered":"<p>O Tribunal Regional do Trabalho da 9\u00aa Regi\u00e3o (TRT 9) confirmou a realiza\u00e7\u00e3o de concurso p\u00fablico para servidores em 2015. &#8220;Estamos discutindo o concurso e faremos o poss\u00edvel para que ele saia do papel assim que o anterior, vigente at\u00e9 5 de agosto de 2015, expirar. As especialidades e cargos abrangidos n\u00e3o devem ser muito [&hellip;]<\/p>\n","protected":false},"author":1,"featured_media":0,"comment_status":"open","ping_status":"open","sticky":false,"template":"","format":"standard","meta":{"post_tipo":"news","footnotes":""},"categories":[1,1984],"tags":[657],"tax_estado":[],"class_list":["post-21501","post","type-post","status-publish","format-standard","hentry","category-cursos-e-concursos","category-tribunais","tag-trt-pr"],"acf":[],"yoast_head":"<!-- This site is optimized with the Yoast SEO Premium plugin v27.2 (Yoast SEO v27.2) - https:\/\/yoast.com\/product\/yoast-seo-premium-wordpress\/ -->\n<title>Concurso TRT-PR (9\u00aa Regi\u00e3o) - Tribunal confirma concurso para servidores em 2015<\/title>\n<meta name=\"description\" content=\"Confirmado concurso TRT-PR para 2015. Confira!\" \/>\n<meta name=\"robots\" content=\"index, follow, max-snippet:-1, max-image-preview:large, max-video-preview:-1\" \/>\n<link rel=\"canonical\" href=\"https:\/\/www.estrategiaconcursos.com.br\/blog\/concurso-trt-pr-9a-regiao-tribunal-confirma-concurso-para-servidores-em-2015\/\" \/>\n<meta property=\"og:locale\" content=\"pt_BR\" \/>\n<meta property=\"og:type\" content=\"article\" \/>\n<meta property=\"og:title\" content=\"Concurso TRT-PR (9\u00aa Regi\u00e3o) - Tribunal confirma concurso para servidores em 2015\" \/>\n<meta property=\"og:description\" content=\"Confirmado concurso TRT-PR para 2015. Confira!\" \/>\n<meta property=\"og:url\" content=\"https:\/\/www.estrategiaconcursos.com.br\/blog\/concurso-trt-pr-9a-regiao-tribunal-confirma-concurso-para-servidores-em-2015\/\" \/>\n<meta property=\"og:site_name\" content=\"Estrat\u00e9gia Concursos\" \/>\n<meta property=\"article:author\" content=\"https:\/\/www.facebook.com\/EstrategiaConcursos\" \/>\n<meta property=\"article:published_time\" content=\"2015-02-26T13:21:59+00:00\" \/>\n<meta property=\"article:modified_time\" content=\"2016-07-21T18:57:57+00:00\" \/>\n<meta property=\"og:image\" content=\"https:\/\/dhg1h5j42swfq.cloudfront.net\/2015\/02\/concurso-TRT-PR-300x170.jpg\" \/>\n<meta name=\"author\" content=\"Coordena\u00e7\u00e3o\" \/>\n<meta name=\"twitter:card\" content=\"summary_large_image\" \/>\n<meta name=\"twitter:creator\" content=\"@EstratConcursos\" \/>\n<meta name=\"twitter:site\" content=\"@EstratConcursos\" \/>\n<meta name=\"twitter:label1\" content=\"Escrito por\" \/>\n\t<meta name=\"twitter:data1\" content=\"Coordena\u00e7\u00e3o\" \/>\n\t<meta name=\"twitter:label2\" content=\"Est. tempo de leitura\" \/>\n\t<meta name=\"twitter:data2\" content=\"2 minutos\" \/>\n<script type=\"application\/ld+json\" class=\"yoast-schema-graph\">{\"@context\":\"https:\/\/schema.org\",\"@graph\":[{\"@type\":\"NewsArticle\",\"@id\":\"https:\/\/www.estrategiaconcursos.com.br\/blog\/concurso-trt-pr-9a-regiao-tribunal-confirma-concurso-para-servidores-em-2015\/#article\",\"isPartOf\":{\"@id\":\"https:\/\/www.estrategiaconcursos.com.br\/blog\/concurso-trt-pr-9a-regiao-tribunal-confirma-concurso-para-servidores-em-2015\/\"},\"author\":{\"name\":\"Coordena\u00e7\u00e3o\",\"@id\":\"https:\/\/www.estrategiaconcursos.com.br\/blog\/#\/schema\/person\/b4a388c97673c5f483d72185668afa1f\"},\"headline\":\"Concurso TRT-PR (9\u00aa Regi\u00e3o) &#8211; Tribunal confirma concurso para servidores em 2015\",\"datePublished\":\"2015-02-26T13:21:59+00:00\",\"dateModified\":\"2016-07-21T18:57:57+00:00\",\"mainEntityOfPage\":{\"@id\":\"https:\/\/www.estrategiaconcursos.com.br\/blog\/concurso-trt-pr-9a-regiao-tribunal-confirma-concurso-para-servidores-em-2015\/\"},\"wordCount\":380,\"commentCount\":1,\"publisher\":{\"@id\":\"https:\/\/www.estrategiaconcursos.com.br\/blog\/#organization\"},\"image\":{\"@id\":\"https:\/\/www.estrategiaconcursos.com.br\/blog\/concurso-trt-pr-9a-regiao-tribunal-confirma-concurso-para-servidores-em-2015\/#primaryimage\"},\"thumbnailUrl\":\"https:\/\/dhg1h5j42swfq.cloudfront.net\/2015\/02\/concurso-TRT-PR-300x170.jpg\",\"keywords\":[\"TRT-PR\"],\"articleSection\":[\"Concursos P\u00fablicos\",\"Tribunais\"],\"inLanguage\":\"pt-BR\",\"potentialAction\":[{\"@type\":\"CommentAction\",\"name\":\"Comment\",\"target\":[\"https:\/\/www.estrategiaconcursos.com.br\/blog\/concurso-trt-pr-9a-regiao-tribunal-confirma-concurso-para-servidores-em-2015\/#respond\"]}],\"copyrightYear\":\"2015\",\"copyrightHolder\":{\"@id\":\"https:\/\/www.estrategiaconcursos.com.br\/blog\/#organization\"}},{\"@type\":\"WebPage\",\"@id\":\"https:\/\/www.estrategiaconcursos.com.br\/blog\/concurso-trt-pr-9a-regiao-tribunal-confirma-concurso-para-servidores-em-2015\/\",\"url\":\"https:\/\/www.estrategiaconcursos.com.br\/blog\/concurso-trt-pr-9a-regiao-tribunal-confirma-concurso-para-servidores-em-2015\/\",\"name\":\"Concurso TRT-PR (9\u00aa Regi\u00e3o) - Tribunal confirma concurso para servidores em 2015\",\"isPartOf\":{\"@id\":\"https:\/\/www.estrategiaconcursos.com.br\/blog\/#website\"},\"primaryImageOfPage\":{\"@id\":\"https:\/\/www.estrategiaconcursos.com.br\/blog\/concurso-trt-pr-9a-regiao-tribunal-confirma-concurso-para-servidores-em-2015\/#primaryimage\"},\"image\":{\"@id\":\"https:\/\/www.estrategiaconcursos.com.br\/blog\/concurso-trt-pr-9a-regiao-tribunal-confirma-concurso-para-servidores-em-2015\/#primaryimage\"},\"thumbnailUrl\":\"https:\/\/dhg1h5j42swfq.cloudfront.net\/2015\/02\/concurso-TRT-PR-300x170.jpg\",\"datePublished\":\"2015-02-26T13:21:59+00:00\",\"dateModified\":\"2016-07-21T18:57:57+00:00\",\"description\":\"Confirmado concurso TRT-PR para 2015. Confira!\",\"breadcrumb\":{\"@id\":\"https:\/\/www.estrategiaconcursos.com.br\/blog\/concurso-trt-pr-9a-regiao-tribunal-confirma-concurso-para-servidores-em-2015\/#breadcrumb\"},\"inLanguage\":\"pt-BR\",\"potentialAction\":[{\"@type\":\"ReadAction\",\"target\":[\"https:\/\/www.estrategiaconcursos.com.br\/blog\/concurso-trt-pr-9a-regiao-tribunal-confirma-concurso-para-servidores-em-2015\/\"]}]},{\"@type\":\"ImageObject\",\"inLanguage\":\"pt-BR\",\"@id\":\"https:\/\/www.estrategiaconcursos.com.br\/blog\/concurso-trt-pr-9a-regiao-tribunal-confirma-concurso-para-servidores-em-2015\/#primaryimage\",\"url\":\"https:\/\/dhg1h5j42swfq.cloudfront.net\/2015\/02\/concurso-TRT-PR-300x170.jpg\",\"contentUrl\":\"https:\/\/dhg1h5j42swfq.cloudfront.net\/2015\/02\/concurso-TRT-PR-300x170.jpg\"},{\"@type\":\"BreadcrumbList\",\"@id\":\"https:\/\/www.estrategiaconcursos.com.br\/blog\/concurso-trt-pr-9a-regiao-tribunal-confirma-concurso-para-servidores-em-2015\/#breadcrumb\",\"itemListElement\":[{\"@type\":\"ListItem\",\"position\":1,\"name\":\"In\u00edcio\",\"item\":\"https:\/\/www.estrategiaconcursos.com.br\/blog\/\"},{\"@type\":\"ListItem\",\"position\":2,\"name\":\"Concurso TRT-PR (9\u00aa Regi\u00e3o) &#8211; Tribunal confirma concurso para servidores em 2015\"}]},{\"@type\":\"WebSite\",\"@id\":\"https:\/\/www.estrategiaconcursos.com.br\/blog\/#website\",\"url\":\"https:\/\/www.estrategiaconcursos.com.br\/blog\/\",\"name\":\"Estrat\u00e9gia Concursos\",\"description\":\"O blog da Estrat\u00e9gia Concursos traz not\u00edcias sobre concursos e artigos de professores oferecendo cursos para concursos (pdf + videaulas) no site.\",\"publisher\":{\"@id\":\"https:\/\/www.estrategiaconcursos.com.br\/blog\/#organization\"},\"potentialAction\":[{\"@type\":\"SearchAction\",\"target\":{\"@type\":\"EntryPoint\",\"urlTemplate\":\"https:\/\/www.estrategiaconcursos.com.br\/blog\/?s={search_term_string}\"},\"query-input\":{\"@type\":\"PropertyValueSpecification\",\"valueRequired\":true,\"valueName\":\"search_term_string\"}}],\"inLanguage\":\"pt-BR\"},{\"@type\":\"Organization\",\"@id\":\"https:\/\/www.estrategiaconcursos.com.br\/blog\/#organization\",\"name\":\"Estrat\u00e9gia Concursos\",\"url\":\"https:\/\/www.estrategiaconcursos.com.br\/blog\/\",\"logo\":{\"@type\":\"ImageObject\",\"inLanguage\":\"pt-BR\",\"@id\":\"https:\/\/www.estrategiaconcursos.com.br\/blog\/#\/schema\/logo\/image\/\",\"url\":\"https:\/\/dhg1h5j42swfq.cloudfront.net\/2025\/06\/03203428\/logo_concursos-1.jpg\",\"contentUrl\":\"https:\/\/dhg1h5j42swfq.cloudfront.net\/2025\/06\/03203428\/logo_concursos-1.jpg\",\"width\":230,\"height\":60,\"caption\":\"Estrat\u00e9gia Concursos\"},\"image\":{\"@id\":\"https:\/\/www.estrategiaconcursos.com.br\/blog\/#\/schema\/logo\/image\/\"},\"sameAs\":[\"https:\/\/x.com\/EstratConcursos\"]},{\"@type\":\"Person\",\"@id\":\"https:\/\/www.estrategiaconcursos.com.br\/blog\/#\/schema\/person\/b4a388c97673c5f483d72185668afa1f\",\"name\":\"Coordena\u00e7\u00e3o\",\"image\":{\"@type\":\"ImageObject\",\"inLanguage\":\"pt-BR\",\"@id\":\"https:\/\/secure.gravatar.com\/avatar\/b720319e4c9a967eb58678d110f4fe35452fc5d5f97b202bac7b8acceb18c6ad?s=96&d=mm&r=g\",\"url\":\"https:\/\/secure.gravatar.com\/avatar\/b720319e4c9a967eb58678d110f4fe35452fc5d5f97b202bac7b8acceb18c6ad?s=96&d=mm&r=g\",\"contentUrl\":\"https:\/\/secure.gravatar.com\/avatar\/b720319e4c9a967eb58678d110f4fe35452fc5d5f97b202bac7b8acceb18c6ad?s=96&d=mm&r=g\",\"caption\":\"Coordena\u00e7\u00e3o\"},\"sameAs\":[\"https:\/\/www.facebook.com\/EstrategiaConcursos\",\"https:\/\/x.com\/EstratConcursos\"],\"url\":\"https:\/\/www.estrategiaconcursos.com.br\/blog\/author\/estrategia2013\/\"}]}<\/script>\n<!-- \/ Yoast SEO Premium plugin. -->","yoast_head_json":{"title":"Concurso TRT-PR (9\u00aa Regi\u00e3o) - Tribunal confirma concurso para servidores em 2015","description":"Confirmado concurso TRT-PR para 2015. Confira!","robots":{"index":"index","follow":"follow","max-snippet":"max-snippet:-1","max-image-preview":"max-image-preview:large","max-video-preview":"max-video-preview:-1"},"canonical":"https:\/\/www.estrategiaconcursos.com.br\/blog\/concurso-trt-pr-9a-regiao-tribunal-confirma-concurso-para-servidores-em-2015\/","og_locale":"pt_BR","og_type":"article","og_title":"Concurso TRT-PR (9\u00aa Regi\u00e3o) - Tribunal confirma concurso para servidores em 2015","og_description":"Confirmado concurso TRT-PR para 2015. Confira!","og_url":"https:\/\/www.estrategiaconcursos.com.br\/blog\/concurso-trt-pr-9a-regiao-tribunal-confirma-concurso-para-servidores-em-2015\/","og_site_name":"Estrat\u00e9gia Concursos","article_author":"https:\/\/www.facebook.com\/EstrategiaConcursos","article_published_time":"2015-02-26T13:21:59+00:00","article_modified_time":"2016-07-21T18:57:57+00:00","og_image":[{"url":"https:\/\/dhg1h5j42swfq.cloudfront.net\/2015\/02\/concurso-TRT-PR-300x170.jpg","type":"","width":"","height":""}],"author":"Coordena\u00e7\u00e3o","twitter_card":"summary_large_image","twitter_creator":"@EstratConcursos","twitter_site":"@EstratConcursos","twitter_misc":{"Escrito por":"Coordena\u00e7\u00e3o","Est. tempo de leitura":"2 minutos"},"schema":{"@context":"https:\/\/schema.org","@graph":[{"@type":"NewsArticle","@id":"https:\/\/www.estrategiaconcursos.com.br\/blog\/concurso-trt-pr-9a-regiao-tribunal-confirma-concurso-para-servidores-em-2015\/#article","isPartOf":{"@id":"https:\/\/www.estrategiaconcursos.com.br\/blog\/concurso-trt-pr-9a-regiao-tribunal-confirma-concurso-para-servidores-em-2015\/"},"author":{"name":"Coordena\u00e7\u00e3o","@id":"https:\/\/www.estrategiaconcursos.com.br\/blog\/#\/schema\/person\/b4a388c97673c5f483d72185668afa1f"},"headline":"Concurso TRT-PR (9\u00aa Regi\u00e3o) &#8211; Tribunal confirma concurso para servidores em 2015","datePublished":"2015-02-26T13:21:59+00:00","dateModified":"2016-07-21T18:57:57+00:00","mainEntityOfPage":{"@id":"https:\/\/www.estrategiaconcursos.com.br\/blog\/concurso-trt-pr-9a-regiao-tribunal-confirma-concurso-para-servidores-em-2015\/"},"wordCount":380,"commentCount":1,"publisher":{"@id":"https:\/\/www.estrategiaconcursos.com.br\/blog\/#organization"},"image":{"@id":"https:\/\/www.estrategiaconcursos.com.br\/blog\/concurso-trt-pr-9a-regiao-tribunal-confirma-concurso-para-servidores-em-2015\/#primaryimage"},"thumbnailUrl":"https:\/\/dhg1h5j42swfq.cloudfront.net\/2015\/02\/concurso-TRT-PR-300x170.jpg","keywords":["TRT-PR"],"articleSection":["Concursos P\u00fablicos","Tribunais"],"inLanguage":"pt-BR","potentialAction":[{"@type":"CommentAction","name":"Comment","target":["https:\/\/www.estrategiaconcursos.com.br\/blog\/concurso-trt-pr-9a-regiao-tribunal-confirma-concurso-para-servidores-em-2015\/#respond"]}],"copyrightYear":"2015","copyrightHolder":{"@id":"https:\/\/www.estrategiaconcursos.com.br\/blog\/#organization"}},{"@type":"WebPage","@id":"https:\/\/www.estrategiaconcursos.com.br\/blog\/concurso-trt-pr-9a-regiao-tribunal-confirma-concurso-para-servidores-em-2015\/","url":"https:\/\/www.estrategiaconcursos.com.br\/blog\/concurso-trt-pr-9a-regiao-tribunal-confirma-concurso-para-servidores-em-2015\/","name":"Concurso TRT-PR (9\u00aa Regi\u00e3o) - Tribunal confirma concurso para servidores em 2015","isPartOf":{"@id":"https:\/\/www.estrategiaconcursos.com.br\/blog\/#website"},"primaryImageOfPage":{"@id":"https:\/\/www.estrategiaconcursos.com.br\/blog\/concurso-trt-pr-9a-regiao-tribunal-confirma-concurso-para-servidores-em-2015\/#primaryimage"},"image":{"@id":"https:\/\/www.estrategiaconcursos.com.br\/blog\/concurso-trt-pr-9a-regiao-tribunal-confirma-concurso-para-servidores-em-2015\/#primaryimage"},"thumbnailUrl":"https:\/\/dhg1h5j42swfq.cloudfront.net\/2015\/02\/concurso-TRT-PR-300x170.jpg","datePublished":"2015-02-26T13:21:59+00:00","dateModified":"2016-07-21T18:57:57+00:00","description":"Confirmado concurso TRT-PR para 2015. Confira!","breadcrumb":{"@id":"https:\/\/www.estrategiaconcursos.com.br\/blog\/concurso-trt-pr-9a-regiao-tribunal-confirma-concurso-para-servidores-em-2015\/#breadcrumb"},"inLanguage":"pt-BR","potentialAction":[{"@type":"ReadAction","target":["https:\/\/www.estrategiaconcursos.com.br\/blog\/concurso-trt-pr-9a-regiao-tribunal-confirma-concurso-para-servidores-em-2015\/"]}]},{"@type":"ImageObject","inLanguage":"pt-BR","@id":"https:\/\/www.estrategiaconcursos.com.br\/blog\/concurso-trt-pr-9a-regiao-tribunal-confirma-concurso-para-servidores-em-2015\/#primaryimage","url":"https:\/\/dhg1h5j42swfq.cloudfront.net\/2015\/02\/concurso-TRT-PR-300x170.jpg","contentUrl":"https:\/\/dhg1h5j42swfq.cloudfront.net\/2015\/02\/concurso-TRT-PR-300x170.jpg"},{"@type":"BreadcrumbList","@id":"https:\/\/www.estrategiaconcursos.com.br\/blog\/concurso-trt-pr-9a-regiao-tribunal-confirma-concurso-para-servidores-em-2015\/#breadcrumb","itemListElement":[{"@type":"ListItem","position":1,"name":"In\u00edcio","item":"https:\/\/www.estrategiaconcursos.com.br\/blog\/"},{"@type":"ListItem","position":2,"name":"Concurso TRT-PR (9\u00aa Regi\u00e3o) &#8211; Tribunal confirma concurso para servidores em 2015"}]},{"@type":"WebSite","@id":"https:\/\/www.estrategiaconcursos.com.br\/blog\/#website","url":"https:\/\/www.estrategiaconcursos.com.br\/blog\/","name":"Estrat\u00e9gia Concursos","description":"O blog da Estrat\u00e9gia Concursos traz not\u00edcias sobre concursos e artigos de professores oferecendo cursos para concursos (pdf + videaulas) no site.","publisher":{"@id":"https:\/\/www.estrategiaconcursos.com.br\/blog\/#organization"},"potentialAction":[{"@type":"SearchAction","target":{"@type":"EntryPoint","urlTemplate":"https:\/\/www.estrategiaconcursos.com.br\/blog\/?s={search_term_string}"},"query-input":{"@type":"PropertyValueSpecification","valueRequired":true,"valueName":"search_term_string"}}],"inLanguage":"pt-BR"},{"@type":"Organization","@id":"https:\/\/www.estrategiaconcursos.com.br\/blog\/#organization","name":"Estrat\u00e9gia Concursos","url":"https:\/\/www.estrategiaconcursos.com.br\/blog\/","logo":{"@type":"ImageObject","inLanguage":"pt-BR","@id":"https:\/\/www.estrategiaconcursos.com.br\/blog\/#\/schema\/logo\/image\/","url":"https:\/\/dhg1h5j42swfq.cloudfront.net\/2025\/06\/03203428\/logo_concursos-1.jpg","contentUrl":"https:\/\/dhg1h5j42swfq.cloudfront.net\/2025\/06\/03203428\/logo_concursos-1.jpg","width":230,"height":60,"caption":"Estrat\u00e9gia Concursos"},"image":{"@id":"https:\/\/www.estrategiaconcursos.com.br\/blog\/#\/schema\/logo\/image\/"},"sameAs":["https:\/\/x.com\/EstratConcursos"]},{"@type":"Person","@id":"https:\/\/www.estrategiaconcursos.com.br\/blog\/#\/schema\/person\/b4a388c97673c5f483d72185668afa1f","name":"Coordena\u00e7\u00e3o","image":{"@type":"ImageObject","inLanguage":"pt-BR","@id":"https:\/\/secure.gravatar.com\/avatar\/b720319e4c9a967eb58678d110f4fe35452fc5d5f97b202bac7b8acceb18c6ad?s=96&d=mm&r=g","url":"https:\/\/secure.gravatar.com\/avatar\/b720319e4c9a967eb58678d110f4fe35452fc5d5f97b202bac7b8acceb18c6ad?s=96&d=mm&r=g","contentUrl":"https:\/\/secure.gravatar.com\/avatar\/b720319e4c9a967eb58678d110f4fe35452fc5d5f97b202bac7b8acceb18c6ad?s=96&d=mm&r=g","caption":"Coordena\u00e7\u00e3o"},"sameAs":["https:\/\/www.facebook.com\/EstrategiaConcursos","https:\/\/x.com\/EstratConcursos"],"url":"https:\/\/www.estrategiaconcursos.com.br\/blog\/author\/estrategia2013\/"}]}},"_links":{"self":[{"href":"https:\/\/www.estrategiaconcursos.com.br\/blog\/wp-json\/wp\/v2\/posts\/21501","targetHints":{"allow":["GET"]}}],"collection":[{"href":"https:\/\/www.estrategiaconcursos.com.br\/blog\/wp-json\/wp\/v2\/posts"}],"about":[{"href":"https:\/\/www.estrategiaconcursos.com.br\/blog\/wp-json\/wp\/v2\/types\/post"}],"author":[{"embeddable":true,"href":"https:\/\/www.estrategiaconcursos.com.br\/blog\/wp-json\/wp\/v2\/users\/1"}],"replies":[{"embeddable":true,"href":"https:\/\/www.estrategiaconcursos.com.br\/blog\/wp-json\/wp\/v2\/comments?post=21501"}],"version-history":[{"count":3,"href":"https:\/\/www.estrategiaconcursos.com.br\/blog\/wp-json\/wp\/v2\/posts\/21501\/revisions"}],"predecessor-version":[{"id":21505,"href":"https:\/\/www.estrategiaconcursos.com.br\/blog\/wp-json\/wp\/v2\/posts\/21501\/revisions\/21505"}],"wp:attachment":[{"href":"https:\/\/www.estrategiaconcursos.com.br\/blog\/wp-json\/wp\/v2\/media?parent=21501"}],"wp:term":[{"taxonomy":"category","embeddable":true,"href":"https:\/\/www.estrategiaconcursos.com.br\/blog\/wp-json\/wp\/v2\/categories?post=21501"},{"taxonomy":"post_tag","embeddable":true,"href":"https:\/\/www.estrategiaconcursos.com.br\/blog\/wp-json\/wp\/v2\/tags?post=21501"},{"taxonomy":"tax_estado","embeddable":true,"href":"https:\/\/www.estrategiaconcursos.com.br\/blog\/wp-json\/wp\/v2\/tax_estado?post=21501"}],"curies":[{"name":"wp","href":"https:\/\/api.w.org\/{rel}","templated":true}]}}