{"id":21425,"date":"2015-02-23T00:26:22","date_gmt":"2015-02-23T03:26:22","guid":{"rendered":"http:\/\/www.estrategiaconcursos.com.br\/blog\/?p=21425"},"modified":"2017-02-20T08:18:07","modified_gmt":"2017-02-20T11:18:07","slug":"concurso-tj-pr-edital-em-breve","status":"publish","type":"post","link":"https:\/\/www.estrategiaconcursos.com.br\/blog\/concurso-tj-pr-edital-em-breve\/","title":{"rendered":"Concurso TJ-PR: Edital em breve! Expectativa de vagas em cargos de n\u00edveis m\u00e9dio e superior"},"content":{"rendered":"<p style=\"text-align: justify;\">\n\t<span style=\"color: #000000;\"><a href=\"https:\/\/dhg1h5j42swfq.cloudfront.net\/2015\/02\/CONCURSO-TJ-PR.jpg\"><img loading=\"lazy\" decoding=\"async\" alt=\"CONCURSO TJ-PR\" class=\"alignleft wp-image-21426 size-medium\" height=\"200\" src=\"https:\/\/dhg1h5j42swfq.cloudfront.net\/2015\/02\/CONCURSO-TJ-PR.jpg\" width=\"300\" srcset=\"https:\/\/dhg1h5j42swfq.cloudfront.net\/2015\/02\/CONCURSO-TJ-PR.jpg 800w, https:\/\/dhg1h5j42swfq.cloudfront.net\/2015\/02\/CONCURSO-TJ-PR.jpg 300w, https:\/\/dhg1h5j42swfq.cloudfront.net\/2015\/02\/CONCURSO-TJ-PR.jpg 450w\" sizes=\"auto, (max-width: 300px) 100vw, 300px\" \/><\/a>Com a comiss&atilde;o do concurso formada desde outubro de 2014, &eacute; grande a expectativa para que o edital do concurso do Tribunal de Justi&ccedil;a do Paran&aacute; seja publicado em breve.<\/span>\n<\/p>\n<p style=\"text-align: justify;\">\n\t<span style=\"color: #000000;\">S&atilde;o esperadas vagas&nbsp;para os cargos de t&eacute;cnico (n&iacute;vel m&eacute;dio) e analista judici&aacute;rio (n&iacute;vel superior).&nbsp;As remunera&ccedil;&otilde;es iniciais s&atilde;o de R$ 5.298,55 para t&eacute;cnico, incluindo sal&aacute;rio de R$ 4.546,59 e aux&iacute;lio-alimenta&ccedil;&atilde;o de R$ 751,96; e R$ 6.833,25 para analista, sendo o sal&aacute;rio inicial de R$ 6.081,29 e os R$ 751,96 do aux&iacute;lio.<\/span>\n<\/p>\n<p style=\"text-align: justify;\">\n\t<span style=\"color: #000000;\">O &uacute;ltimo concurso TJ-PR aconteceu em 2013 e foram&nbsp;oferecidas 160 vagas para o cargo de t&eacute;cnico judici&aacute;rio na &aacute;rea de apoio administrativo para lota&ccedil;&atilde;o em Curitiba. A organiza&ccedil;&atilde;o do concurso ficou sob resposabilidade da&nbsp;Universidade Federal do Paran&aacute; (UFPR).<\/span>\n<\/p>\n<p style=\"text-align: justify;\">\n\t<span style=\"color: #000000;\">Confira o conte&uacute;do program&aacute;tico do concurso TJ-PR de 2013:<\/span>\n<\/p>\n<p style=\"text-align: justify;\">\n\t<span style=\"color: #000000;\"><b>XVII &#8211; DO CONTE&Uacute;DO PROGRAM&Aacute;TICO DAS DISCIPLINAS AVALIADAS PARA PROVIMENTO DE CARGOS DE T&Eacute;CNICO JUDICI&Aacute;RIO<\/b><\/span><br \/>\n\t<span style=\"color: #000000;\"><b>119. L&Iacute;NGUA PORTUGUESA &#8211;&nbsp;<\/b>Compreens&atilde;o e interpreta&ccedil;&atilde;o de textos, com razo&aacute;vel grau de complexidade; Reconhecimento da finalidade de textos de diferentes g&ecirc;neros; Localiza&ccedil;&atilde;o de informa&ccedil;&otilde;es expl&iacute;citas no texto; Infer&ecirc;ncia de sentido de palavras e\/ou express&otilde;es; Infer&ecirc;ncia de informa&ccedil;&otilde;es impl&iacute;citas no texto e das rela&ccedil;&otilde;es de causa e conseq&uuml;&ecirc;ncia entre as partes de um texto. Distin&ccedil;&atilde;o de fato e opini&atilde;o sobre esse fato. Interpreta&ccedil;&atilde;o de linguagem n&atilde;o verbal (tabelas, fotos, quadrinhos etc.). Reconhecimento das rela&ccedil;&otilde;es l&oacute;gico-discursivas presentes no texto, marcadas por conjun&ccedil;&otilde;es, adv&eacute;rbios, preposi&ccedil;&otilde;es, locu&ccedil;&otilde;es etc. Reconhecimento das rela&ccedil;&otilde;es entre partes de um texto, identificando repeti&ccedil;&otilde;es ou substitui&ccedil;&otilde;es que contribuem para sua continuidade. Identifica&ccedil;&atilde;o de efeitos de ironia ou humor em textos variados. Reconhecimento de efeitos de sentido decorrentes do uso de pontua&ccedil;&atilde;o, da explora&ccedil;&atilde;o de recursos ortogr&aacute;ficos e\/ou morfossint&aacute;ticos, de campos sem&acirc;nticos, e de outras nota&ccedil;&otilde;es. Identifica&ccedil;&atilde;o de diferentes estrat&eacute;gias que contribuem para a continuidade do texto (an&aacute;foras, pronomes relativos, demonstrativos etc.). Compreens&atilde;o de estruturas tem&aacute;tica e lexical complexas. Ambiguidade e par&aacute;frase. Rela&ccedil;&atilde;o de sinon&iacute;mia entre uma express&atilde;o vocabular complexa e uma palavra.<\/span><br \/>\n\t<span style=\"color: #000000;\"><b>120. MATEM&Aacute;TICA &#8211;<\/b>&nbsp;Opera&ccedil;&otilde;es com n&uacute;meros inteiros fracion&aacute;rios e decimais. Conjuntos e fun&ccedil;&otilde;es. Progress&otilde;es aritm&eacute;ticas e geom&eacute;tricas. Logaritmos. Porcentagem e juros. Raz&otilde;es e propor&ccedil;&otilde;es. Medidas de tempo. Equa&ccedil;&otilde;es de primeiro e segundo graus; sistemas de equa&ccedil;&otilde;es. Rela&ccedil;&otilde;es trigonom&eacute;tricas. Formas geom&eacute;tricas b&aacute;sicas. Per&iacute;metros, &aacute;rea e volume de figuras geom&eacute;tricas. Racioc&iacute;nio l&oacute;gico e no&ccedil;&otilde;es de fun&ccedil;&atilde;o exponencial. Matem&aacute;tica financeira.<\/span><br \/>\n\t<span style=\"color: #000000;\"><b>121. NO&Ccedil;&Otilde;ES DE DIREITO E LEGISLA&Ccedil;&Atilde;O &#8211;&nbsp;<\/b>Estatuto do Servidor do Poder Judici&aacute;rio, Regimento Interno do TJPR, Regulamento da Secretaria do TJPR, Constitui&ccedil;&atilde;o Federal, Constitui&ccedil;&atilde;o Estadual, Estatuto da Crian&ccedil;a e do Adolescente, C&oacute;digo de Organiza&ccedil;&atilde;o e Divis&atilde;o Judici&aacute;rias do Estado do Paran&aacute;, C&oacute;digo de Normas da Corregedoria-Geral da Justi&ccedil;a do Estado do Paran&aacute; e Leis dos Fundos do Poder Judici&aacute;rio do Estado do Paran&aacute;.<\/span><br \/>\n\t<span style=\"color: #000000;\"><b>122. INFORMATICA &#8211;<\/b>&nbsp;Conceitos b&aacute;sicos e fundamentais sobre processamento de dados. Componentes funcionais (hardware e software) de computadores. Perif&eacute;ricos e dispositivos de entrada, sa&iacute;da e armazenamento de dados. Conceitos b&aacute;sicos sobre Sistemas Operacionais. Caracter&iacute;sticas dos principais Sistemas Operacionais do mercado. Fun&ccedil;&otilde;es dos principais softwares aplicativos: editores de texto, planilhas eletr&ocirc;nicas, navegadores e correio eletr&ocirc;nico. Conceitos b&aacute;sicos de Internet e Intranet. World Wide Web, padr&otilde;es da tecnologia, Web. Conceitos b&aacute;sicos de seguran&ccedil;a de informa&ccedil;&atilde;o. Sistemas de backup, tipos de backup e recupera&ccedil;&atilde;o de backup. Sistema antiv&iacute;rus. Seguran&ccedil;a na Internet. Firewall. Buscadores e indexadores de informa&ccedil;&otilde;es na Internet.<\/span><br \/>\n\t<span style=\"color: #000000;\"><b>123. CONHECIMENTOS GERAIS E ATUALIDADES &#8211;&nbsp;<\/b>No&ccedil;&otilde;es gerais sobre temas da vida econ&ocirc;mica, pol&iacute;tica e cultural do Paran&aacute;, do Brasil e do Mundo. O debate sobre as pol&iacute;ticas p&uacute;blicas para o meio ambiente, sa&uacute;de, educa&ccedil;&atilde;o, trabalho, seguran&ccedil;a, assist&ecirc;ncia social e juventude. &Eacute;tica e Cidadania. Aspectos relevantes das rela&ccedil;&otilde;es entre os Estados e Povos.<\/span>\n<\/p>\n<p style=\"text-align: justify;\">\n\t<span style=\"color: #000000;\">Informa&ccedil;&otilde;es sobre o concurso de 2013 em:<\/span>\n<\/p>\n<p style=\"text-align: justify;\">\n\t<span style=\"color: #0000ff;\"><a href=\"https:\/\/www.tjpr.jus.br\/concursos\/servidor\" style=\"color: #0000ff;\">https:\/\/www.tjpr.jus.br\/concursos\/servidor<\/a><\/span>\n<\/p>\n<p style=\"text-align: justify;\">\n\t<span style=\"color: #000000;\"><strong>O Estrat&eacute;gia Concursos j&aacute; lan&ccedil;ou&nbsp;cursos para este concurso (postagem em andamento). Veja&nbsp;em<\/strong>:<\/span>\n<\/p>\n<p style=\"text-align: justify;\">\n\t<span style=\"color: #0000ff;\"><a href=\"https:\/\/www.estrategiaconcursos.com.br\/cursosPorConcurso\/tj-pr-tribunal-de-justica-do-parana-tecnico-183\/\" style=\"color: #0000ff;\">https:\/\/www.estrategiaconcursos.com.br\/cursosPorConcurso\/tj-pr-tribunal-de-justica-do-parana-tecnico-183\/<\/a><\/span>\n<\/p>\n<p style=\"text-align: justify;\">\n\t<span style=\"color: #000000;\">Assessoria de Comunica&ccedil;&atilde;o<\/span>\n<\/p>\n<p style=\"text-align: justify;\">\n\t<span style=\"color: #000000;\">comunicacao@estrategiaconcursos.com.br<\/span>\n<\/p>\n<p>\n\t&nbsp;<\/p>\n","protected":false},"excerpt":{"rendered":"<p>Com a comiss&atilde;o do concurso formada desde outubro de 2014, &eacute; grande a expectativa para que o edital do concurso do Tribunal de Justi&ccedil;a do Paran&aacute; seja publicado em breve. S&atilde;o esperadas vagas&nbsp;para os cargos de t&eacute;cnico (n&iacute;vel m&eacute;dio) e analista judici&aacute;rio (n&iacute;vel superior).&nbsp;As remunera&ccedil;&otilde;es iniciais s&atilde;o de R$ 5.298,55 para t&eacute;cnico, incluindo sal&aacute;rio de [&hellip;]<\/p>\n","protected":false},"author":1,"featured_media":0,"comment_status":"open","ping_status":"open","sticky":false,"template":"","format":"standard","meta":{"post_tipo":"news","footnotes":""},"categories":[1],"tags":[312],"tax_estado":[],"class_list":["post-21425","post","type-post","status-publish","format-standard","hentry","category-cursos-e-concursos","tag-tj-pr"],"acf":[],"yoast_head":"<!-- This site is optimized with the Yoast SEO Premium plugin v27.2 (Yoast SEO v27.2) - https:\/\/yoast.com\/product\/yoast-seo-premium-wordpress\/ -->\n<title>Concurso TJ-PR: Edital em breve! Expectativa de vagas em cargos de n\u00edveis m\u00e9dio e superior<\/title>\n<meta name=\"description\" content=\"Com a comiss\u00e3o do concurso formada desde outubro de 2014, \u00e9 grande a expectativa para que o edital do concurso TJ-PR seja publicado em breve. Saiba mais!\" \/>\n<meta name=\"robots\" content=\"index, follow, max-snippet:-1, max-image-preview:large, max-video-preview:-1\" \/>\n<link rel=\"canonical\" href=\"https:\/\/www.estrategiaconcursos.com.br\/blog\/concurso-tj-pr-edital-em-breve\/\" \/>\n<meta property=\"og:locale\" content=\"pt_BR\" \/>\n<meta property=\"og:type\" content=\"article\" \/>\n<meta property=\"og:title\" content=\"Concurso TJ-PR: Edital em breve! Expectativa de vagas em cargos de n\u00edveis m\u00e9dio e superior\" \/>\n<meta property=\"og:description\" content=\"Com a comiss\u00e3o do concurso formada desde outubro de 2014, \u00e9 grande a expectativa para que o edital do concurso TJ-PR seja publicado em breve. Saiba mais!\" \/>\n<meta property=\"og:url\" content=\"https:\/\/www.estrategiaconcursos.com.br\/blog\/concurso-tj-pr-edital-em-breve\/\" \/>\n<meta property=\"og:site_name\" content=\"Estrat\u00e9gia Concursos\" \/>\n<meta property=\"article:author\" content=\"https:\/\/www.facebook.com\/EstrategiaConcursos\" \/>\n<meta property=\"article:published_time\" content=\"2015-02-23T03:26:22+00:00\" \/>\n<meta property=\"article:modified_time\" content=\"2017-02-20T11:18:07+00:00\" \/>\n<meta property=\"og:image\" content=\"https:\/\/www.estrategiaconcursos.com.br\/blog\/wp-content\/uploads\/2015\/02\/CONCURSO-TJ-PR-300x200.jpg\" \/>\n<meta name=\"author\" content=\"Coordena\u00e7\u00e3o\" \/>\n<meta name=\"twitter:card\" content=\"summary_large_image\" \/>\n<meta name=\"twitter:creator\" content=\"@EstratConcursos\" \/>\n<meta name=\"twitter:site\" content=\"@EstratConcursos\" \/>\n<meta name=\"twitter:label1\" content=\"Escrito por\" \/>\n\t<meta name=\"twitter:data1\" content=\"Coordena\u00e7\u00e3o\" \/>\n\t<meta name=\"twitter:label2\" content=\"Est. tempo de leitura\" \/>\n\t<meta name=\"twitter:data2\" content=\"5 minutos\" \/>\n<script type=\"application\/ld+json\" class=\"yoast-schema-graph\">{\"@context\":\"https:\/\/schema.org\",\"@graph\":[{\"@type\":\"NewsArticle\",\"@id\":\"https:\/\/www.estrategiaconcursos.com.br\/blog\/concurso-tj-pr-edital-em-breve\/#article\",\"isPartOf\":{\"@id\":\"https:\/\/www.estrategiaconcursos.com.br\/blog\/concurso-tj-pr-edital-em-breve\/\"},\"author\":{\"name\":\"Coordena\u00e7\u00e3o\",\"@id\":\"https:\/\/www.estrategiaconcursos.com.br\/blog\/#\/schema\/person\/b4a388c97673c5f483d72185668afa1f\"},\"headline\":\"Concurso TJ-PR: Edital em breve! Expectativa de vagas em cargos de n\u00edveis m\u00e9dio e superior\",\"datePublished\":\"2015-02-23T03:26:22+00:00\",\"dateModified\":\"2017-02-20T11:18:07+00:00\",\"mainEntityOfPage\":{\"@id\":\"https:\/\/www.estrategiaconcursos.com.br\/blog\/concurso-tj-pr-edital-em-breve\/\"},\"wordCount\":978,\"commentCount\":1,\"publisher\":{\"@id\":\"https:\/\/www.estrategiaconcursos.com.br\/blog\/#organization\"},\"image\":{\"@id\":\"https:\/\/www.estrategiaconcursos.com.br\/blog\/concurso-tj-pr-edital-em-breve\/#primaryimage\"},\"thumbnailUrl\":\"https:\/\/www.estrategiaconcursos.com.br\/blog\/wp-content\/uploads\/2015\/02\/CONCURSO-TJ-PR-300x200.jpg\",\"keywords\":[\"TJ-PR\"],\"articleSection\":[\"Concursos P\u00fablicos\"],\"inLanguage\":\"pt-BR\",\"potentialAction\":[{\"@type\":\"CommentAction\",\"name\":\"Comment\",\"target\":[\"https:\/\/www.estrategiaconcursos.com.br\/blog\/concurso-tj-pr-edital-em-breve\/#respond\"]}],\"copyrightYear\":\"2015\",\"copyrightHolder\":{\"@id\":\"https:\/\/www.estrategiaconcursos.com.br\/blog\/#organization\"}},{\"@type\":\"WebPage\",\"@id\":\"https:\/\/www.estrategiaconcursos.com.br\/blog\/concurso-tj-pr-edital-em-breve\/\",\"url\":\"https:\/\/www.estrategiaconcursos.com.br\/blog\/concurso-tj-pr-edital-em-breve\/\",\"name\":\"Concurso TJ-PR: Edital em breve! Expectativa de vagas em cargos de n\u00edveis m\u00e9dio e superior\",\"isPartOf\":{\"@id\":\"https:\/\/www.estrategiaconcursos.com.br\/blog\/#website\"},\"primaryImageOfPage\":{\"@id\":\"https:\/\/www.estrategiaconcursos.com.br\/blog\/concurso-tj-pr-edital-em-breve\/#primaryimage\"},\"image\":{\"@id\":\"https:\/\/www.estrategiaconcursos.com.br\/blog\/concurso-tj-pr-edital-em-breve\/#primaryimage\"},\"thumbnailUrl\":\"https:\/\/www.estrategiaconcursos.com.br\/blog\/wp-content\/uploads\/2015\/02\/CONCURSO-TJ-PR-300x200.jpg\",\"datePublished\":\"2015-02-23T03:26:22+00:00\",\"dateModified\":\"2017-02-20T11:18:07+00:00\",\"description\":\"Com a comiss\u00e3o do concurso formada desde outubro de 2014, \u00e9 grande a expectativa para que o edital do concurso TJ-PR seja publicado em breve. Saiba mais!\",\"breadcrumb\":{\"@id\":\"https:\/\/www.estrategiaconcursos.com.br\/blog\/concurso-tj-pr-edital-em-breve\/#breadcrumb\"},\"inLanguage\":\"pt-BR\",\"potentialAction\":[{\"@type\":\"ReadAction\",\"target\":[\"https:\/\/www.estrategiaconcursos.com.br\/blog\/concurso-tj-pr-edital-em-breve\/\"]}]},{\"@type\":\"ImageObject\",\"inLanguage\":\"pt-BR\",\"@id\":\"https:\/\/www.estrategiaconcursos.com.br\/blog\/concurso-tj-pr-edital-em-breve\/#primaryimage\",\"url\":\"https:\/\/dhg1h5j42swfq.cloudfront.net\/2015\/02\/CONCURSO-TJ-PR.jpg\",\"contentUrl\":\"https:\/\/dhg1h5j42swfq.cloudfront.net\/2015\/02\/CONCURSO-TJ-PR.jpg\",\"width\":800,\"height\":533},{\"@type\":\"BreadcrumbList\",\"@id\":\"https:\/\/www.estrategiaconcursos.com.br\/blog\/concurso-tj-pr-edital-em-breve\/#breadcrumb\",\"itemListElement\":[{\"@type\":\"ListItem\",\"position\":1,\"name\":\"In\u00edcio\",\"item\":\"https:\/\/www.estrategiaconcursos.com.br\/blog\/\"},{\"@type\":\"ListItem\",\"position\":2,\"name\":\"Concurso TJ-PR: Edital em breve! Expectativa de vagas em cargos de n\u00edveis m\u00e9dio e superior\"}]},{\"@type\":\"WebSite\",\"@id\":\"https:\/\/www.estrategiaconcursos.com.br\/blog\/#website\",\"url\":\"https:\/\/www.estrategiaconcursos.com.br\/blog\/\",\"name\":\"Estrat\u00e9gia Concursos\",\"description\":\"O blog da Estrat\u00e9gia Concursos traz not\u00edcias sobre concursos e artigos de professores oferecendo cursos para concursos (pdf + videaulas) no site.\",\"publisher\":{\"@id\":\"https:\/\/www.estrategiaconcursos.com.br\/blog\/#organization\"},\"potentialAction\":[{\"@type\":\"SearchAction\",\"target\":{\"@type\":\"EntryPoint\",\"urlTemplate\":\"https:\/\/www.estrategiaconcursos.com.br\/blog\/?s={search_term_string}\"},\"query-input\":{\"@type\":\"PropertyValueSpecification\",\"valueRequired\":true,\"valueName\":\"search_term_string\"}}],\"inLanguage\":\"pt-BR\"},{\"@type\":\"Organization\",\"@id\":\"https:\/\/www.estrategiaconcursos.com.br\/blog\/#organization\",\"name\":\"Estrat\u00e9gia Concursos\",\"url\":\"https:\/\/www.estrategiaconcursos.com.br\/blog\/\",\"logo\":{\"@type\":\"ImageObject\",\"inLanguage\":\"pt-BR\",\"@id\":\"https:\/\/www.estrategiaconcursos.com.br\/blog\/#\/schema\/logo\/image\/\",\"url\":\"https:\/\/dhg1h5j42swfq.cloudfront.net\/2025\/06\/03203428\/logo_concursos-1.jpg\",\"contentUrl\":\"https:\/\/dhg1h5j42swfq.cloudfront.net\/2025\/06\/03203428\/logo_concursos-1.jpg\",\"width\":230,\"height\":60,\"caption\":\"Estrat\u00e9gia Concursos\"},\"image\":{\"@id\":\"https:\/\/www.estrategiaconcursos.com.br\/blog\/#\/schema\/logo\/image\/\"},\"sameAs\":[\"https:\/\/x.com\/EstratConcursos\"]},{\"@type\":\"Person\",\"@id\":\"https:\/\/www.estrategiaconcursos.com.br\/blog\/#\/schema\/person\/b4a388c97673c5f483d72185668afa1f\",\"name\":\"Coordena\u00e7\u00e3o\",\"image\":{\"@type\":\"ImageObject\",\"inLanguage\":\"pt-BR\",\"@id\":\"https:\/\/secure.gravatar.com\/avatar\/b720319e4c9a967eb58678d110f4fe35452fc5d5f97b202bac7b8acceb18c6ad?s=96&d=mm&r=g\",\"url\":\"https:\/\/secure.gravatar.com\/avatar\/b720319e4c9a967eb58678d110f4fe35452fc5d5f97b202bac7b8acceb18c6ad?s=96&d=mm&r=g\",\"contentUrl\":\"https:\/\/secure.gravatar.com\/avatar\/b720319e4c9a967eb58678d110f4fe35452fc5d5f97b202bac7b8acceb18c6ad?s=96&d=mm&r=g\",\"caption\":\"Coordena\u00e7\u00e3o\"},\"sameAs\":[\"https:\/\/www.facebook.com\/EstrategiaConcursos\",\"https:\/\/x.com\/EstratConcursos\"],\"url\":\"https:\/\/www.estrategiaconcursos.com.br\/blog\/author\/estrategia2013\/\"}]}<\/script>\n<!-- \/ Yoast SEO Premium plugin. -->","yoast_head_json":{"title":"Concurso TJ-PR: Edital em breve! Expectativa de vagas em cargos de n\u00edveis m\u00e9dio e superior","description":"Com a comiss\u00e3o do concurso formada desde outubro de 2014, \u00e9 grande a expectativa para que o edital do concurso TJ-PR seja publicado em breve. Saiba mais!","robots":{"index":"index","follow":"follow","max-snippet":"max-snippet:-1","max-image-preview":"max-image-preview:large","max-video-preview":"max-video-preview:-1"},"canonical":"https:\/\/www.estrategiaconcursos.com.br\/blog\/concurso-tj-pr-edital-em-breve\/","og_locale":"pt_BR","og_type":"article","og_title":"Concurso TJ-PR: Edital em breve! Expectativa de vagas em cargos de n\u00edveis m\u00e9dio e superior","og_description":"Com a comiss\u00e3o do concurso formada desde outubro de 2014, \u00e9 grande a expectativa para que o edital do concurso TJ-PR seja publicado em breve. Saiba mais!","og_url":"https:\/\/www.estrategiaconcursos.com.br\/blog\/concurso-tj-pr-edital-em-breve\/","og_site_name":"Estrat\u00e9gia Concursos","article_author":"https:\/\/www.facebook.com\/EstrategiaConcursos","article_published_time":"2015-02-23T03:26:22+00:00","article_modified_time":"2017-02-20T11:18:07+00:00","og_image":[{"url":"https:\/\/www.estrategiaconcursos.com.br\/blog\/wp-content\/uploads\/2015\/02\/CONCURSO-TJ-PR-300x200.jpg","type":"","width":"","height":""}],"author":"Coordena\u00e7\u00e3o","twitter_card":"summary_large_image","twitter_creator":"@EstratConcursos","twitter_site":"@EstratConcursos","twitter_misc":{"Escrito por":"Coordena\u00e7\u00e3o","Est. tempo de leitura":"5 minutos"},"schema":{"@context":"https:\/\/schema.org","@graph":[{"@type":"NewsArticle","@id":"https:\/\/www.estrategiaconcursos.com.br\/blog\/concurso-tj-pr-edital-em-breve\/#article","isPartOf":{"@id":"https:\/\/www.estrategiaconcursos.com.br\/blog\/concurso-tj-pr-edital-em-breve\/"},"author":{"name":"Coordena\u00e7\u00e3o","@id":"https:\/\/www.estrategiaconcursos.com.br\/blog\/#\/schema\/person\/b4a388c97673c5f483d72185668afa1f"},"headline":"Concurso TJ-PR: Edital em breve! Expectativa de vagas em cargos de n\u00edveis m\u00e9dio e superior","datePublished":"2015-02-23T03:26:22+00:00","dateModified":"2017-02-20T11:18:07+00:00","mainEntityOfPage":{"@id":"https:\/\/www.estrategiaconcursos.com.br\/blog\/concurso-tj-pr-edital-em-breve\/"},"wordCount":978,"commentCount":1,"publisher":{"@id":"https:\/\/www.estrategiaconcursos.com.br\/blog\/#organization"},"image":{"@id":"https:\/\/www.estrategiaconcursos.com.br\/blog\/concurso-tj-pr-edital-em-breve\/#primaryimage"},"thumbnailUrl":"https:\/\/www.estrategiaconcursos.com.br\/blog\/wp-content\/uploads\/2015\/02\/CONCURSO-TJ-PR-300x200.jpg","keywords":["TJ-PR"],"articleSection":["Concursos P\u00fablicos"],"inLanguage":"pt-BR","potentialAction":[{"@type":"CommentAction","name":"Comment","target":["https:\/\/www.estrategiaconcursos.com.br\/blog\/concurso-tj-pr-edital-em-breve\/#respond"]}],"copyrightYear":"2015","copyrightHolder":{"@id":"https:\/\/www.estrategiaconcursos.com.br\/blog\/#organization"}},{"@type":"WebPage","@id":"https:\/\/www.estrategiaconcursos.com.br\/blog\/concurso-tj-pr-edital-em-breve\/","url":"https:\/\/www.estrategiaconcursos.com.br\/blog\/concurso-tj-pr-edital-em-breve\/","name":"Concurso TJ-PR: Edital em breve! Expectativa de vagas em cargos de n\u00edveis m\u00e9dio e superior","isPartOf":{"@id":"https:\/\/www.estrategiaconcursos.com.br\/blog\/#website"},"primaryImageOfPage":{"@id":"https:\/\/www.estrategiaconcursos.com.br\/blog\/concurso-tj-pr-edital-em-breve\/#primaryimage"},"image":{"@id":"https:\/\/www.estrategiaconcursos.com.br\/blog\/concurso-tj-pr-edital-em-breve\/#primaryimage"},"thumbnailUrl":"https:\/\/www.estrategiaconcursos.com.br\/blog\/wp-content\/uploads\/2015\/02\/CONCURSO-TJ-PR-300x200.jpg","datePublished":"2015-02-23T03:26:22+00:00","dateModified":"2017-02-20T11:18:07+00:00","description":"Com a comiss\u00e3o do concurso formada desde outubro de 2014, \u00e9 grande a expectativa para que o edital do concurso TJ-PR seja publicado em breve. Saiba mais!","breadcrumb":{"@id":"https:\/\/www.estrategiaconcursos.com.br\/blog\/concurso-tj-pr-edital-em-breve\/#breadcrumb"},"inLanguage":"pt-BR","potentialAction":[{"@type":"ReadAction","target":["https:\/\/www.estrategiaconcursos.com.br\/blog\/concurso-tj-pr-edital-em-breve\/"]}]},{"@type":"ImageObject","inLanguage":"pt-BR","@id":"https:\/\/www.estrategiaconcursos.com.br\/blog\/concurso-tj-pr-edital-em-breve\/#primaryimage","url":"https:\/\/dhg1h5j42swfq.cloudfront.net\/2015\/02\/CONCURSO-TJ-PR.jpg","contentUrl":"https:\/\/dhg1h5j42swfq.cloudfront.net\/2015\/02\/CONCURSO-TJ-PR.jpg","width":800,"height":533},{"@type":"BreadcrumbList","@id":"https:\/\/www.estrategiaconcursos.com.br\/blog\/concurso-tj-pr-edital-em-breve\/#breadcrumb","itemListElement":[{"@type":"ListItem","position":1,"name":"In\u00edcio","item":"https:\/\/www.estrategiaconcursos.com.br\/blog\/"},{"@type":"ListItem","position":2,"name":"Concurso TJ-PR: Edital em breve! Expectativa de vagas em cargos de n\u00edveis m\u00e9dio e superior"}]},{"@type":"WebSite","@id":"https:\/\/www.estrategiaconcursos.com.br\/blog\/#website","url":"https:\/\/www.estrategiaconcursos.com.br\/blog\/","name":"Estrat\u00e9gia Concursos","description":"O blog da Estrat\u00e9gia Concursos traz not\u00edcias sobre concursos e artigos de professores oferecendo cursos para concursos (pdf + videaulas) no site.","publisher":{"@id":"https:\/\/www.estrategiaconcursos.com.br\/blog\/#organization"},"potentialAction":[{"@type":"SearchAction","target":{"@type":"EntryPoint","urlTemplate":"https:\/\/www.estrategiaconcursos.com.br\/blog\/?s={search_term_string}"},"query-input":{"@type":"PropertyValueSpecification","valueRequired":true,"valueName":"search_term_string"}}],"inLanguage":"pt-BR"},{"@type":"Organization","@id":"https:\/\/www.estrategiaconcursos.com.br\/blog\/#organization","name":"Estrat\u00e9gia Concursos","url":"https:\/\/www.estrategiaconcursos.com.br\/blog\/","logo":{"@type":"ImageObject","inLanguage":"pt-BR","@id":"https:\/\/www.estrategiaconcursos.com.br\/blog\/#\/schema\/logo\/image\/","url":"https:\/\/dhg1h5j42swfq.cloudfront.net\/2025\/06\/03203428\/logo_concursos-1.jpg","contentUrl":"https:\/\/dhg1h5j42swfq.cloudfront.net\/2025\/06\/03203428\/logo_concursos-1.jpg","width":230,"height":60,"caption":"Estrat\u00e9gia Concursos"},"image":{"@id":"https:\/\/www.estrategiaconcursos.com.br\/blog\/#\/schema\/logo\/image\/"},"sameAs":["https:\/\/x.com\/EstratConcursos"]},{"@type":"Person","@id":"https:\/\/www.estrategiaconcursos.com.br\/blog\/#\/schema\/person\/b4a388c97673c5f483d72185668afa1f","name":"Coordena\u00e7\u00e3o","image":{"@type":"ImageObject","inLanguage":"pt-BR","@id":"https:\/\/secure.gravatar.com\/avatar\/b720319e4c9a967eb58678d110f4fe35452fc5d5f97b202bac7b8acceb18c6ad?s=96&d=mm&r=g","url":"https:\/\/secure.gravatar.com\/avatar\/b720319e4c9a967eb58678d110f4fe35452fc5d5f97b202bac7b8acceb18c6ad?s=96&d=mm&r=g","contentUrl":"https:\/\/secure.gravatar.com\/avatar\/b720319e4c9a967eb58678d110f4fe35452fc5d5f97b202bac7b8acceb18c6ad?s=96&d=mm&r=g","caption":"Coordena\u00e7\u00e3o"},"sameAs":["https:\/\/www.facebook.com\/EstrategiaConcursos","https:\/\/x.com\/EstratConcursos"],"url":"https:\/\/www.estrategiaconcursos.com.br\/blog\/author\/estrategia2013\/"}]}},"_links":{"self":[{"href":"https:\/\/www.estrategiaconcursos.com.br\/blog\/wp-json\/wp\/v2\/posts\/21425","targetHints":{"allow":["GET"]}}],"collection":[{"href":"https:\/\/www.estrategiaconcursos.com.br\/blog\/wp-json\/wp\/v2\/posts"}],"about":[{"href":"https:\/\/www.estrategiaconcursos.com.br\/blog\/wp-json\/wp\/v2\/types\/post"}],"author":[{"embeddable":true,"href":"https:\/\/www.estrategiaconcursos.com.br\/blog\/wp-json\/wp\/v2\/users\/1"}],"replies":[{"embeddable":true,"href":"https:\/\/www.estrategiaconcursos.com.br\/blog\/wp-json\/wp\/v2\/comments?post=21425"}],"version-history":[{"count":5,"href":"https:\/\/www.estrategiaconcursos.com.br\/blog\/wp-json\/wp\/v2\/posts\/21425\/revisions"}],"predecessor-version":[{"id":65369,"href":"https:\/\/www.estrategiaconcursos.com.br\/blog\/wp-json\/wp\/v2\/posts\/21425\/revisions\/65369"}],"wp:attachment":[{"href":"https:\/\/www.estrategiaconcursos.com.br\/blog\/wp-json\/wp\/v2\/media?parent=21425"}],"wp:term":[{"taxonomy":"category","embeddable":true,"href":"https:\/\/www.estrategiaconcursos.com.br\/blog\/wp-json\/wp\/v2\/categories?post=21425"},{"taxonomy":"post_tag","embeddable":true,"href":"https:\/\/www.estrategiaconcursos.com.br\/blog\/wp-json\/wp\/v2\/tags?post=21425"},{"taxonomy":"tax_estado","embeddable":true,"href":"https:\/\/www.estrategiaconcursos.com.br\/blog\/wp-json\/wp\/v2\/tax_estado?post=21425"}],"curies":[{"name":"wp","href":"https:\/\/api.w.org\/{rel}","templated":true}]}}