{"id":21416,"date":"2017-08-24T15:30:30","date_gmt":"2017-08-24T18:30:30","guid":{"rendered":"http:\/\/www.estrategiaconcursos.com.br\/blog\/?p=21416"},"modified":"2022-09-19T11:24:53","modified_gmt":"2022-09-19T14:24:53","slug":"como-funciona-o-calculo-da-nota-objetiva-das-provas-da-fcc","status":"publish","type":"post","link":"https:\/\/www.estrategiaconcursos.com.br\/blog\/como-funciona-o-calculo-da-nota-objetiva-das-provas-da-fcc\/","title":{"rendered":"TST e CLDF &#8211; como funciona o c\u00e1lculo da nota objetiva das provas?"},"content":{"rendered":"<p style=\"text-align: justify;\"><span style=\"font-family: verdana, geneva, sans-serif;\">Ol\u00e1 pessoal, tudo bem? Recentemente foram publicados os editais dos concursos do TST e da CLDF, ambos da banca FCC. Se voc\u00ea deu uma lida em algum desses editais, certamente se deparou com esta f\u00f3rmula, que ser\u00e1 utilizada para o c\u00e1lculo da nota da prova objetiva nos dois certames:<\/span><\/p>\n<p style=\"text-align: justify;\"><span style=\"font-family: verdana, geneva, sans-serif;\"><a href=\"https:\/\/dhg1h5j42swfq.cloudfront.net\/2017\/08\/23223540\/nota-padronizada-FCC.png\"><img loading=\"lazy\" decoding=\"async\" class=\"aligncenter size-full wp-image-86549\" src=\"https:\/\/dhg1h5j42swfq.cloudfront.net\/2017\/08\/23223540\/nota-padronizada-FCC.png\" alt=\"\" width=\"186\" height=\"53\" \/><\/a><\/span><\/p>\n<p style=\"text-align: justify;\"><span style=\"color: #ff0000;\"><strong><span style=\"font-family: verdana, geneva, sans-serif;\">Afinal de contas, que f\u00f3rmula \u00e9 essa? O que VOC\u00ca candidato precisa saber sobre ela? Como ela afeta (ou n\u00e3o) a sua estrat\u00e9gia de prepara\u00e7\u00e3o? \u00c9 para tentar responder a essas perguntas que estou escrevendo este artigo.<\/span><\/strong><\/span><\/p>\n<p style=\"text-align: justify;\"><span style=\"font-family: verdana, geneva, sans-serif;\">A f\u00f3rmula acima \u00e9 bastante utilizada pela FCC. Nela, a nota final do candidato n\u00e3o depende apenas de quantas quest\u00f5es ELE acertou, mas tamb\u00e9m de como foi o desempenho dos OUTROS candidatos. O desempenho dos demais candidatos aparece na f\u00f3rmula com duas informa\u00e7\u00f5es essenciais:<\/span><\/p>\n<ul style=\"text-align: justify;\">\n<li><span style=\"font-family: verdana, geneva, sans-serif;\">o n\u00famero m\u00e9dio de acertos de todos os candidatos;<\/span><\/li>\n<li><span style=\"font-family: verdana, geneva, sans-serif;\">o desvio padr\u00e3o dos acertos de todos os candidatos.<\/span><\/li>\n<\/ul>\n<p style=\"text-align: justify;\"><span style=\"font-family: verdana, geneva, sans-serif;\">N\u00e3o se preocupe em compreender a fundo o que \u00e9 o desvio padr\u00e3o. Basta ter a seguinte no\u00e7\u00e3o: trata-se de uma medida de qu\u00e3o &#8220;espalhadas&#8221; est\u00e3o as notas dos candidatos. Se a maioria dos candidatos teve quantidades de acertos muito pr\u00f3ximas entre si (seja porque a maioria acertou muitas quest\u00f5es ou porque a maioria errou muitas quest\u00f5es), o desvio padr\u00e3o \u00e9 pequeno, mostrando que houve uma certa uniformidade no desempenho das pessoas. Se muitos candidatos tiveram quantidades de acertos bem variadas (parte acertando poucas quest\u00f5es, parte acertando muitas), o desvio padr\u00e3o tende a aumentar, mostrando que o desempenho do grupo foi mais disperso \/ variado.<\/span><\/p>\n<p style=\"text-align: justify;\"><em><span style=\"color: #ff0000;\">ATEN\u00c7\u00c3O: HOJE TEM AULA GRATUITA DE RACIOC\u00cdNIO L\u00d3GICO PARA A FCC. <span style=\"text-decoration: underline;\"><a href=\"https:\/\/drive.google.com\/open?id=0B5DvkINle4OtVk5uNEpKNS1tcjQ\" target=\"_blank\" rel=\"noopener\">BAIXE OS SLIDES <strong>AQUI!<\/strong><\/a><\/span><\/span><\/em><\/p>\n<h3><span style=\"font-family: verdana, geneva, sans-serif;\">Entendendo como \u00e9 feito o c\u00e1lculo das notas objetivas<\/span><\/h3>\n<p style=\"text-align: justify;\"><span style=\"font-family: verdana, geneva, sans-serif;\">Para trabalharmos com n\u00fameros e voc\u00ea compreender melhor, vamos exemplificar com o cargo de T\u00e9cnico Judici\u00e1rio &#8211; \u00c1rea Administrativa do TST que, segundo o edital, tem duas provas objetivas:<\/span><\/p>\n<ul style=\"text-align: justify;\">\n<li><span style=\"font-family: verdana, geneva, sans-serif;\">conhecimentos b\u00e1sicos &#8211; 30 quest\u00f5es, peso 1<\/span><\/li>\n<li><span style=\"font-family: verdana, geneva, sans-serif;\">conhecimentos espec\u00edficos &#8211; 40 quest\u00f5es, peso 3<\/span><\/li>\n<\/ul>\n<p style=\"text-align: justify;\"><span style=\"font-family: verdana, geneva, sans-serif;\">Imagine que voc\u00ea acertou 28 quest\u00f5es de conhecimentos b\u00e1sicos (s\u00f3 errou 2) e todas as 40 quest\u00f5es de conhecimentos espec\u00edficos. Suponha ainda que:<\/span><\/p>\n<ul style=\"text-align: justify;\">\n<li><span style=\"font-family: verdana, geneva, sans-serif;\">na prova de conhecimentos b\u00e1sicos, os candidatos do concurso acertaram em m\u00e9dia 20 quest\u00f5es, com desvio padr\u00e3o de 4 quest\u00f5es.<\/span><\/li>\n<li><span style=\"font-family: verdana, geneva, sans-serif;\">na prova de conhecimentos espec\u00edficos, os candidatos acertaram em m\u00e9dia 25 quest\u00f5es, com desvio padr\u00e3o de 5 quest\u00f5es.<\/span><\/li>\n<\/ul>\n<p style=\"text-align: justify;\"><span style=\"font-family: verdana, geneva, sans-serif;\">Utilizando a f\u00f3rmula fornecida pela FCC, voc\u00ea pode calcular qual foi a sua Nota Padronizada (NP) em cada uma das provas. Veja como:<\/span><\/p>\n<p style=\"text-align: justify;\"><span style=\"font-family: verdana, geneva, sans-serif;\"><strong>Conhecimentos B\u00e1sicos:<\/strong><\/span><\/p>\n<p style=\"text-align: justify;\"><span style=\"font-family: verdana, geneva, sans-serif;\"><a href=\"https:\/\/dhg1h5j42swfq.cloudfront.net\/2017\/08\/23225432\/nota-padronizada-CB.png\"><img loading=\"lazy\" decoding=\"async\" class=\"aligncenter size-full wp-image-86550\" src=\"https:\/\/dhg1h5j42swfq.cloudfront.net\/2017\/08\/23225432\/nota-padronizada-CB.png\" alt=\"\" width=\"381\" height=\"68\" srcset=\"https:\/\/dhg1h5j42swfq.cloudfront.net\/2017\/08\/23225432\/nota-padronizada-CB.png 381w, https:\/\/dhg1h5j42swfq.cloudfront.net\/2017\/08\/23225432\/nota-padronizada-CB.png 300w\" sizes=\"auto, (max-width: 381px) 100vw, 381px\" \/><\/a><\/span><\/p>\n<p style=\"text-align: justify;\"><span style=\"font-family: verdana, geneva, sans-serif;\"><strong>Conhecimentos Espec\u00edficos:\u00a0<\/strong><\/span><\/p>\n<p style=\"text-align: justify;\"><span style=\"font-family: verdana, geneva, sans-serif;\"><a href=\"https:\/\/dhg1h5j42swfq.cloudfront.net\/2017\/08\/23225445\/nota-padronizada-CE.png\"><img loading=\"lazy\" decoding=\"async\" class=\"aligncenter size-full wp-image-86551\" src=\"https:\/\/dhg1h5j42swfq.cloudfront.net\/2017\/08\/23225445\/nota-padronizada-CE.png\" alt=\"\" width=\"384\" height=\"70\" srcset=\"https:\/\/dhg1h5j42swfq.cloudfront.net\/2017\/08\/23225445\/nota-padronizada-CE.png 384w, https:\/\/dhg1h5j42swfq.cloudfront.net\/2017\/08\/23225445\/nota-padronizada-CE.png 300w\" sizes=\"auto, (max-width: 384px) 100vw, 384px\" \/><\/a><\/span><\/p>\n<p style=\"text-align: justify;\"><span style=\"font-family: verdana, geneva, sans-serif;\">Agora devemos levar em considera\u00e7\u00e3o os pesos de cada prova (1 e 3, respectivamente) para calcular a sua nota final na prova objetiva, que \u00e9:<\/span><\/p>\n<p style=\"text-align: justify;\"><span style=\"font-family: verdana, geneva, sans-serif;\"><a href=\"https:\/\/dhg1h5j42swfq.cloudfront.net\/2017\/08\/23225635\/nota-objetiva.png\"><img loading=\"lazy\" decoding=\"async\" class=\"aligncenter size-full wp-image-86552\" src=\"https:\/\/dhg1h5j42swfq.cloudfront.net\/2017\/08\/23225635\/nota-objetiva.png\" alt=\"\" width=\"487\" height=\"41\" srcset=\"https:\/\/dhg1h5j42swfq.cloudfront.net\/2017\/08\/23225635\/nota-objetiva.png 487w, https:\/\/dhg1h5j42swfq.cloudfront.net\/2017\/08\/23225635\/nota-objetiva.png 300w\" sizes=\"auto, (max-width: 487px) 100vw, 487px\" \/><\/a><\/span><\/p>\n<p style=\"text-align: justify;\"><span style=\"font-family: verdana, geneva, sans-serif;\">Observe que voc\u00ea n\u00e3o conseguir\u00e1 calcular sozinho a sua nota final, pois somente a FCC sabe qual \u00e9 a m\u00e9dia e o desvio padr\u00e3o das notas de todos os candidatos. E, normalmente, ela n\u00e3o divulga essas informa\u00e7\u00f5es.<\/span><\/p>\n<p style=\"text-align: justify;\"><span style=\"font-family: verdana, geneva, sans-serif;\">Agora que voc\u00ea j\u00e1 tem uma ideia melhor sobre como \u00e9 calculada a sua nota, vamos tentar responder d\u00favidas comuns entre os concurseiros.<\/span><\/p>\n<h3 style=\"text-align: justify;\"><span style=\"font-family: verdana, geneva, sans-serif;\">Quanto eu preciso acertar para n\u00e3o ser eliminado pelo crit\u00e9rio de nota m\u00ednima?<\/span><\/h3>\n<p style=\"text-align: justify;\"><span style=\"font-family: verdana, geneva, sans-serif;\">O edital do <strong>TST<\/strong> diz que ser\u00e3o habilitados os candidatos cuja nota objetiva (calculada como eu fiz acima) for igual ou superior a 200 pontos. Aqui fica a d\u00favida: afinal de contas, quanto eu posso errar na minha prova para n\u00e3o ser sumariamente eliminado?<\/span><\/p>\n<p style=\"text-align: justify;\"><span style=\"font-family: verdana, geneva, sans-serif;\">Esse valor de 200 pontos n\u00e3o saiu &#8220;do nada&#8221;. Ele \u00e9 exatamente a pontua\u00e7\u00e3o que um candidato obteria se ele acertasse EXATAMENTE a mesma quantidade de quest\u00f5es que a m\u00e9dia do grupo. Na f\u00f3rmula da nota padronizada, se o seu n\u00famero de acertos (A) for igual ao n\u00famero m\u00e9dio de acertos do grupo (X), o fator A &#8211; X fica zerado, concorda? Deste jeito, a sua nota padronizada ser\u00e1 exatamente igual a 50. Se voc\u00ea tiver nota padronizada igual a 50 tanto nos conhecimentos b\u00e1sicos como nos conhecimentos espec\u00edficos, a sua nota objetiva ser\u00e1:<\/span><\/p>\n<p style=\"text-align: justify;\"><span style=\"font-family: verdana, geneva, sans-serif;\"><a href=\"https:\/\/dhg1h5j42swfq.cloudfront.net\/2017\/08\/23232518\/nota-objetiva-zerada.png\"><img loading=\"lazy\" decoding=\"async\" class=\"aligncenter size-full wp-image-86554\" src=\"https:\/\/dhg1h5j42swfq.cloudfront.net\/2017\/08\/23232518\/nota-objetiva-zerada.png\" alt=\"\" width=\"603\" height=\"52\" srcset=\"https:\/\/dhg1h5j42swfq.cloudfront.net\/2017\/08\/23232518\/nota-objetiva-zerada.png 603w, https:\/\/dhg1h5j42swfq.cloudfront.net\/2017\/08\/23232518\/nota-objetiva-zerada.png 300w\" sizes=\"auto, (max-width: 603px) 100vw, 603px\" \/><\/a><\/span><\/p>\n<p style=\"text-align: justify;\"><span style=\"font-family: verdana, geneva, sans-serif;\">Em s\u00edntese, guarde isso: <strong>se voc\u00ea for igual ou melhor que a m\u00e9dia dos candidatos (mesmo que por bem pouco) tanto nos conhecimentos b\u00e1sicos como nos conhecimentos espec\u00edficos, voc\u00ea N\u00c3O ser\u00e1 eliminado automaticamente.<\/strong> Na pr\u00e1tica, considerando alguns conceitos relativos \u00e0 distribui\u00e7\u00e3o estat\u00edstica conhecida como &#8220;curva normal&#8221; (que n\u00e3o vem ao caso),\u00a0esse crit\u00e9rio adotado para o concurso do TST faz com que <span style=\"text-decoration: underline;\">cerca de metade dos candidatos n\u00e3o sejam eliminados sumariamente<\/span>.<\/span><\/p>\n<p style=\"text-align: justify;\"><span style=\"font-family: verdana, geneva, sans-serif;\">Caso voc\u00ea v\u00e1 fazer o concurso da <strong>CLDF<\/strong>, o crit\u00e9rio \u00e9 mais rigoroso. L\u00e1 os pesos das provas de conhecimentos b\u00e1sicos e espec\u00edficos s\u00e3o 1 e 2, respectivamente, e o m\u00ednimo para n\u00e3o ser eliminado \u00e9 de 180 pontos. Se voc\u00ea acertar exatamente a mesma quantidade que a m\u00e9dia dos candidatos, voc\u00ea ter\u00e1 nota padronizada igual a 50 em cada prova, e a sua nota objetiva ser\u00e1:<\/span><\/p>\n<p style=\"text-align: justify;\"><span style=\"font-family: verdana, geneva, sans-serif;\"><a href=\"https:\/\/dhg1h5j42swfq.cloudfront.net\/2017\/08\/23232959\/nota-objetiva-CLDF.png\"><img loading=\"lazy\" decoding=\"async\" class=\"aligncenter size-full wp-image-86555\" src=\"https:\/\/dhg1h5j42swfq.cloudfront.net\/2017\/08\/23232959\/nota-objetiva-CLDF.png\" alt=\"\" width=\"492\" height=\"46\" srcset=\"https:\/\/dhg1h5j42swfq.cloudfront.net\/2017\/08\/23232959\/nota-objetiva-CLDF.png 492w, https:\/\/dhg1h5j42swfq.cloudfront.net\/2017\/08\/23232959\/nota-objetiva-CLDF.png 300w\" sizes=\"auto, (max-width: 492px) 100vw, 492px\" \/><\/a><\/span><\/p>\n<p style=\"text-align: justify;\"><span style=\"font-family: verdana, geneva, sans-serif;\">Ocorre que, como eu j\u00e1 disse, o m\u00ednimo para n\u00e3o ser eliminado sumariamente na CLDF \u00e9 de 180 pontos. Ou seja, <span style=\"text-decoration: underline;\">se voc\u00ea acertar exatamente o mesmo que a m\u00e9dia, voc\u00ea ser\u00e1 eliminado<\/span>! \u00c9 preciso acertar mais do que a m\u00e9dia, caso contr\u00e1rio voc\u00ea nem continua na brincadeira rs&#8230; Sendo mais preciso, se voc\u00ea acertar o equivalente a 1 desvio padr\u00e3o a mais do que a m\u00e9dia, sua nota objetiva ser\u00e1 exatamente igual a 180. Portanto, se em m\u00e9dia os candidatos acertaram 15 quest\u00f5es de conhecimentos b\u00e1sicos e o desvio padr\u00e3o foi de 5 quest\u00f5es, isto significa que voc\u00ea precisa acertar pelo menos 15+5 = 20 quest\u00f5es para conseguir fazer a pontua\u00e7\u00e3o m\u00ednima. \u00c9 claro que voc\u00ea pode compensar uma prova na outra (isto \u00e9, talvez voc\u00ea v\u00e1 ligeiramente pior nos conhecimentos b\u00e1sicos mas compense isso indo muito bem nos conhecimentos espec\u00edficos).<\/span><\/p>\n<p style=\"text-align: justify;\"><span style=\"font-family: verdana, geneva, sans-serif;\">No crit\u00e9rio da CLDF, como s\u00e3o classificados apenas os candidatos que acertarem 1 desvio padr\u00e3o a mais do que a m\u00e9dia, isto significa que <span style=\"text-decoration: underline;\">aproximadamente 84% dos candidatos ser\u00e3o eliminados por este crit\u00e9rio<\/span>, e somente os 16% melhores permane\u00e7am na disputa.<\/span><\/p>\n<h3 style=\"text-align: justify;\"><span style=\"font-family: verdana, geneva, sans-serif;\">Sabendo que a FCC vai usar a nota padronizada para calcular a minha pontua\u00e7\u00e3o, devo de alguma forma alterar a minha estrat\u00e9gia de prepara\u00e7\u00e3o?<\/span><\/h3>\n<p style=\"text-align: justify;\"><span style=\"font-family: verdana, geneva, sans-serif;\">N\u00e3o muito, mas&#8230;<\/span><\/p>\n<p style=\"text-align: justify;\"><span style=\"font-family: verdana, geneva, sans-serif;\">Como voc\u00ea deve imaginar, n\u00e3o \u00e9 poss\u00edvel prever quais ser\u00e3o as m\u00e9dias e desvios padr\u00f5es de acertos em cada prova. E, no final das contas, os pesos de cada conjunto de provas (neste caso os pesos 1 e 3) acabam tendo forte influ\u00eancia na nota final. Ou seja, \u00e9 preciso priorizar o estudo de conhecimentos espec\u00edficos, que tem peso 3. Entretanto, h\u00e1 um cuidado a ser tomado: como a sua nota ser\u00e1 calculada comparando o seu desempenho com o do grupo, caso o seu desempenho seja pior que o da m\u00e9dia em alguma prova, voc\u00ea pode ser bem prejudicado.<\/span><\/p>\n<p style=\"text-align: justify;\"><span style=\"font-family: verdana, geneva, sans-serif;\">Por exemplo, imagine que voc\u00ea acerte apenas 19 quest\u00f5es de conhecimentos b\u00e1sicos, e n\u00e3o 28. Deste modo, sua nota padronizada de conhecimentos b\u00e1sicos ser\u00e1:<\/span><\/p>\n<p style=\"text-align: justify;\"><span style=\"font-family: verdana, geneva, sans-serif;\"><a href=\"https:\/\/dhg1h5j42swfq.cloudfront.net\/2017\/08\/23231430\/nota-padronizada-CB2.png\"><img loading=\"lazy\" decoding=\"async\" class=\"aligncenter size-full wp-image-86553\" src=\"https:\/\/dhg1h5j42swfq.cloudfront.net\/2017\/08\/23231430\/nota-padronizada-CB2.png\" alt=\"\" width=\"399\" height=\"292\" srcset=\"https:\/\/dhg1h5j42swfq.cloudfront.net\/2017\/08\/23231430\/nota-padronizada-CB2.png 399w, https:\/\/dhg1h5j42swfq.cloudfront.net\/2017\/08\/23231430\/nota-padronizada-CB2.png 300w\" sizes=\"auto, (max-width: 399px) 100vw, 399px\" \/><\/a><\/span><\/p>\n<p style=\"text-align: justify;\"><span style=\"font-family: verdana, geneva, sans-serif;\">Compare este c\u00e1lculo com o que fizemos anteriormente. Perceba que, embora voc\u00ea tenha errado s\u00f3 9 quest\u00f5es de peso 1 a mais do que no caso anterior (28 &#8211; 19), a sua nota padronizada n\u00e3o caiu apenas 9 pontos! Ela caiu de 70 para 47,5 pontos, ou seja, um total de 22,5 pontos! Em um concurso t\u00e3o disputado como o seu, isto pode ser fatal.<\/span><\/p>\n<p style=\"text-align: justify;\"><span style=\"font-family: verdana, geneva, sans-serif;\">Portanto, lembre-se disso: ainda continua sendo importante ir muito bem nos conhecimentos espec\u00edficos, que tem peso maior. Mas, como o c\u00e1lculo da nota \u00e9 feito de forma RELATIVA, ter um desempenho abaixo da m\u00e9dia em qualquer das provas \u00e9 MUITO prejudicial para a sua nota final.<\/span><\/p>\n<h3 style=\"text-align: justify;\"><span style=\"font-family: verdana, geneva, sans-serif;\">Errar uma quest\u00e3o de peso 3 equivale a errar 3 quest\u00f5es de peso 1?<\/span><\/h3>\n<p style=\"text-align: justify;\"><span style=\"font-family: verdana, geneva, sans-serif;\">N\u00e3o necessariamente. Em uma prova normal em que o peso dos conhecimentos espec\u00edficos fosse 3 e o peso dos conhecimentos gerais fosse 1, realmente &#8220;daria na mesma&#8221; voc\u00ea errar uma quest\u00e3o de peso 3 (perdendo tr\u00eas pontos) ou errar 3 quest\u00f5es de peso 1 (tamb\u00e9m perdendo tr\u00eas pontos).\u00a0<\/span><\/p>\n<p style=\"text-align: justify;\"><span style=\"font-family: verdana, geneva, sans-serif;\">A padroniza\u00e7\u00e3o das notas pode alterar esses n\u00fameros. Vamos ilustrar utilizando o seguinte caso:<\/span><\/p>\n<ul style=\"text-align: justify;\">\n<li><span style=\"font-family: verdana, geneva, sans-serif;\">conhecimentos gerais: a m\u00e9dia de acertos foi de 25 das 30 quest\u00f5es, com desvio padr\u00e3o igual a 2.<\/span><\/li>\n<li><span style=\"font-family: verdana, geneva, sans-serif;\">conhecimentos espec\u00edficos: a m\u00e9dia de acertos foi de 30 das 40 quest\u00f5es, com desvio padr\u00e3o igual a 10.\u00a0<\/span><\/li>\n<\/ul>\n<p style=\"text-align: justify;\"><span style=\"font-family: verdana, geneva, sans-serif;\">Suponha que eu s\u00f3 errei 1 quest\u00e3o de conhecimentos espec\u00edficos e gabaritei conhecimentos gerais. J\u00e1 voc\u00ea errou 3 quest\u00f5es de conhecimentos gerais, mas gabaritou os conhecimentos espec\u00edficos.<\/span><\/p>\n<p style=\"text-align: justify;\"><span style=\"font-family: verdana, geneva, sans-serif;\"><strong>A minha nota final seria 252:<\/strong><\/span><\/p>\n<p style=\"text-align: justify;\"><span style=\"font-family: verdana, geneva, sans-serif;\"><a href=\"https:\/\/dhg1h5j42swfq.cloudfront.net\/2017\/08\/24145755\/nota-final-EU.png\"><img loading=\"lazy\" decoding=\"async\" class=\"aligncenter size-full wp-image-86628\" src=\"https:\/\/dhg1h5j42swfq.cloudfront.net\/2017\/08\/24145755\/nota-final-EU.png\" alt=\"\" width=\"703\" height=\"86\" srcset=\"https:\/\/dhg1h5j42swfq.cloudfront.net\/2017\/08\/24145755\/nota-final-EU.png 703w, https:\/\/dhg1h5j42swfq.cloudfront.net\/2017\/08\/24145755\/nota-final-EU.png 300w, https:\/\/dhg1h5j42swfq.cloudfront.net\/2017\/08\/24145755\/nota-final-EU.png 610w\" sizes=\"auto, (max-width: 703px) 100vw, 703px\" \/><\/a><\/span><\/p>\n<p style=\"text-align: justify;\"><span style=\"font-family: verdana, geneva, sans-serif;\"><strong>A sua nota final seria 250:<\/strong><\/span><\/p>\n<p style=\"text-align: justify;\"><span style=\"font-family: verdana, geneva, sans-serif;\"><a href=\"https:\/\/dhg1h5j42swfq.cloudfront.net\/2017\/08\/24145816\/nota-final-VOCE.png\"><img loading=\"lazy\" decoding=\"async\" class=\"aligncenter size-full wp-image-86629\" src=\"https:\/\/dhg1h5j42swfq.cloudfront.net\/2017\/08\/24145816\/nota-final-VOCE.png\" alt=\"\" width=\"717\" height=\"77\" srcset=\"https:\/\/dhg1h5j42swfq.cloudfront.net\/2017\/08\/24145816\/nota-final-VOCE.png 717w, https:\/\/dhg1h5j42swfq.cloudfront.net\/2017\/08\/24145816\/nota-final-VOCE.png 300w, https:\/\/dhg1h5j42swfq.cloudfront.net\/2017\/08\/24145816\/nota-final-VOCE.png 610w\" sizes=\"auto, (max-width: 717px) 100vw, 717px\" \/><\/a><\/span><\/p>\n<p style=\"text-align: justify;\"><span style=\"font-family: verdana, geneva, sans-serif;\">Veja que a minha nota foi maior que a sua. Por qu\u00ea isso aconteceu? <\/span><\/p>\n<p style=\"text-align: justify;\"><span style=\"font-family: verdana, geneva, sans-serif;\">Isso aconteceu porque voc\u00ea errou em uma prova cujo desvio padr\u00e3o foi baixo (2), e eu errei em uma prova em que o desvio padr\u00e3o foi alto (10). Ou melhor, voc\u00ea errou em uma prova onde era esperado um desempenho mais homog\u00eaneo dos candidatos, enquanto eu errei em uma prova em que era esperado um desempenho mais heterog\u00eaneo. Voc\u00ea divergiu mais (e negativamente) do desempenho do grupo do que eu. Em s\u00edntese:<\/span><\/p>\n<ul style=\"text-align: justify;\">\n<li><span style=\"font-family: verdana, geneva, sans-serif;\">em provas com desvio padr\u00e3o baixo (onde \u00e9 esperado um desempenho mais homog\u00eaneo entre os candidatos), se voc\u00ea for mal ser\u00e1 mais penalizado que o normal. Por outro lado, se voc\u00ea se destacar positivamente (for muito bem), voc\u00ea tamb\u00e9m ser\u00e1 mais beneficiado que o normal.<\/span><\/li>\n<li><span style=\"font-family: verdana, geneva, sans-serif;\">em provas com desvio padr\u00e3o alto (onde os candidatos tiveram desempenhos mais dispersos entre si), voc\u00ea n\u00e3o ser\u00e1 muito penalizado se for mal, mas tamb\u00e9m n\u00e3o ser\u00e1 muito beneficiado caso se destaque positivamente.<\/span><\/li>\n<\/ul>\n<p style=\"text-align: justify;\"><span style=\"font-family: verdana, geneva, sans-serif;\">Que li\u00e7\u00e3o voc\u00ea pode tirar disso? Como esta \u00e9 a regra do jogo, voc\u00ea precisa chegar na sua prova dominando o &#8220;feij\u00e3o com arroz&#8221;, isto \u00e9, aqueles conhecimentos mais b\u00e1sicos que provavelmente a grande parte dos candidatos vai acertar. \u00c9 essencial que voc\u00ea v\u00e1 bem naquela prova em que a massa de candidatos tiver um bom desempenho. Isto \u00e9 verdade em qualquer concurso, mas \u00e9 especialmente mais relevante para o m\u00e9todo de c\u00e1lculo usado pela FCC.<\/span><\/p>\n<p style=\"text-align: justify;\"><span style=\"font-family: verdana, geneva, sans-serif;\"><strong>Ficou com alguma d\u00favida? Deixe o seu coment\u00e1rio aqui neste post que, na medida do poss\u00edvel, eu vou respondendo!\u00a0<\/strong><\/span><\/p>\n<p style=\"text-align: center;\"><span style=\"color: #ff0000; font-family: verdana, geneva, sans-serif;\"><strong>CONHE\u00c7A MEUS CURSOS COMPLETOS EM V\u00cdDEO, PDF E COM F\u00d3RUM DE D\u00daVIDAS<\/strong><\/span><\/p>\n<p style=\"text-align: center;\"><span style=\"color: #0000ff; font-family: verdana, geneva, sans-serif;\"><strong><a href=\"https:\/\/www.estrategiaconcursos.com.br\/curso\/raciocinio-logico-p-tst-tecnico-judiciario-area-administrativa-com-videoaulas-201702170102\/\">RACIOC\u00cdNIO L\u00d3GICO PARA O CONCURSO TST <\/a><\/strong><\/span><\/p>\n<p style=\"text-align: center;\"><span style=\"color: #0000ff; font-family: verdana, geneva, sans-serif;\"><strong><a href=\"https:\/\/www.estrategiaconcursos.com.br\/curso\/raciocinio-logico-matematico-pos-edital-p-cldf-tecnico-legislativo-com-videoaulas\/\">RACIOC\u00cdNIO L\u00d3GICO PARA O CONCURSO CLDF<\/a><\/strong><\/span><\/p>\n<p><span style=\"color: #ff0000;\"><em>ATEN\u00c7\u00c3O: HOJE TEM AULA GRATUITA DE RACIOC\u00cdNIO L\u00d3GICO PARA A FCC. <a href=\"https:\/\/drive.google.com\/open?id=0B5DvkINle4OtVk5uNEpKNS1tcjQ\" target=\"_blank\" rel=\"noopener\">BAIXE OS SLIDES <strong>AQUI!<\/strong><\/a><\/em><\/span><\/p>\n<p style=\"text-align: justify;\"><span style=\"font-family: verdana, geneva, sans-serif;\">Uma excelente prepara\u00e7\u00e3o!<\/span><\/p>\n<p style=\"text-align: justify;\"><span style=\"font-family: verdana, geneva, sans-serif;\">Sauda\u00e7\u00f5es,<\/span><\/p>\n","protected":false},"excerpt":{"rendered":"<p>Ol\u00e1 pessoal, tudo bem? Recentemente foram publicados os editais dos concursos do TST e da CLDF, ambos da banca FCC. Se voc\u00ea deu uma lida em algum desses editais, certamente se deparou com esta f\u00f3rmula, que ser\u00e1 utilizada para o c\u00e1lculo da nota da prova objetiva nos dois certames: Afinal de contas, que f\u00f3rmula \u00e9 [&hellip;]<\/p>\n","protected":false},"author":1,"featured_media":0,"comment_status":"open","ping_status":"open","sticky":false,"template":"","format":"standard","meta":{"post_tipo":"news","footnotes":""},"categories":[1],"tags":[496,48,328,643,642],"tax_estado":[],"class_list":["post-21416","post","type-post","status-publish","format-standard","hentry","category-cursos-e-concursos","tag-cnmp","tag-edital","tag-fcc","tag-tribunais","tag-trt"],"acf":[],"yoast_head":"<!-- This site is optimized with the Yoast SEO Premium plugin v27.2 (Yoast SEO v27.2) - https:\/\/yoast.com\/product\/yoast-seo-premium-wordpress\/ -->\n<title>TST e CLDF - como funciona o c\u00e1lculo da nota objetiva das provas?<\/title>\n<meta name=\"description\" content=\"Entende como funciona aquele m\u00e9todo de c\u00e1lculo da nota final descrito na maioria dos editais da banca FCC.\" \/>\n<meta name=\"robots\" content=\"index, follow, max-snippet:-1, max-image-preview:large, max-video-preview:-1\" \/>\n<link rel=\"canonical\" href=\"https:\/\/www.estrategiaconcursos.com.br\/blog\/como-funciona-o-calculo-da-nota-objetiva-das-provas-da-fcc\/\" \/>\n<meta property=\"og:locale\" content=\"pt_BR\" \/>\n<meta property=\"og:type\" content=\"article\" \/>\n<meta property=\"og:title\" content=\"TST e CLDF - como funciona o c\u00e1lculo da nota objetiva das provas?\" \/>\n<meta property=\"og:description\" content=\"Entende como funciona aquele m\u00e9todo de c\u00e1lculo da nota final descrito na maioria dos editais da banca FCC.\" \/>\n<meta property=\"og:url\" content=\"https:\/\/www.estrategiaconcursos.com.br\/blog\/como-funciona-o-calculo-da-nota-objetiva-das-provas-da-fcc\/\" \/>\n<meta property=\"og:site_name\" content=\"Estrat\u00e9gia Concursos\" \/>\n<meta property=\"article:author\" content=\"https:\/\/www.facebook.com\/EstrategiaConcursos\" \/>\n<meta property=\"article:published_time\" content=\"2017-08-24T18:30:30+00:00\" \/>\n<meta property=\"article:modified_time\" content=\"2022-09-19T14:24:53+00:00\" \/>\n<meta property=\"og:image\" content=\"https:\/\/www.estrategiaconcursos.com.br\/blog\/wp-content\/uploads\/2017\/08\/nota-padronizada-FCC.png\" \/>\n<meta name=\"author\" content=\"Coordena\u00e7\u00e3o\" \/>\n<meta name=\"twitter:card\" content=\"summary_large_image\" \/>\n<meta name=\"twitter:creator\" content=\"@EstratConcursos\" \/>\n<meta name=\"twitter:site\" content=\"@EstratConcursos\" \/>\n<meta name=\"twitter:label1\" content=\"Escrito por\" \/>\n\t<meta name=\"twitter:data1\" content=\"Coordena\u00e7\u00e3o\" \/>\n\t<meta name=\"twitter:label2\" content=\"Est. tempo de leitura\" \/>\n\t<meta name=\"twitter:data2\" content=\"9 minutos\" \/>\n<script type=\"application\/ld+json\" class=\"yoast-schema-graph\">{\"@context\":\"https:\/\/schema.org\",\"@graph\":[{\"@type\":\"NewsArticle\",\"@id\":\"https:\/\/www.estrategiaconcursos.com.br\/blog\/como-funciona-o-calculo-da-nota-objetiva-das-provas-da-fcc\/#article\",\"isPartOf\":{\"@id\":\"https:\/\/www.estrategiaconcursos.com.br\/blog\/como-funciona-o-calculo-da-nota-objetiva-das-provas-da-fcc\/\"},\"author\":{\"name\":\"Coordena\u00e7\u00e3o\",\"@id\":\"https:\/\/www.estrategiaconcursos.com.br\/blog\/#\/schema\/person\/b4a388c97673c5f483d72185668afa1f\"},\"headline\":\"TST e CLDF &#8211; como funciona o c\u00e1lculo da nota objetiva das provas?\",\"datePublished\":\"2017-08-24T18:30:30+00:00\",\"dateModified\":\"2022-09-19T14:24:53+00:00\",\"mainEntityOfPage\":{\"@id\":\"https:\/\/www.estrategiaconcursos.com.br\/blog\/como-funciona-o-calculo-da-nota-objetiva-das-provas-da-fcc\/\"},\"wordCount\":1797,\"commentCount\":37,\"publisher\":{\"@id\":\"https:\/\/www.estrategiaconcursos.com.br\/blog\/#organization\"},\"image\":{\"@id\":\"https:\/\/www.estrategiaconcursos.com.br\/blog\/como-funciona-o-calculo-da-nota-objetiva-das-provas-da-fcc\/#primaryimage\"},\"thumbnailUrl\":\"https:\/\/www.estrategiaconcursos.com.br\/blog\/wp-content\/uploads\/2017\/08\/nota-padronizada-FCC.png\",\"keywords\":[\"CNMP\",\"edital\",\"FCC\",\"tribunais\",\"trt\"],\"articleSection\":[\"Concursos P\u00fablicos\"],\"inLanguage\":\"pt-BR\",\"potentialAction\":[{\"@type\":\"CommentAction\",\"name\":\"Comment\",\"target\":[\"https:\/\/www.estrategiaconcursos.com.br\/blog\/como-funciona-o-calculo-da-nota-objetiva-das-provas-da-fcc\/#respond\"]}],\"copyrightYear\":\"2017\",\"copyrightHolder\":{\"@id\":\"https:\/\/www.estrategiaconcursos.com.br\/blog\/#organization\"}},{\"@type\":\"WebPage\",\"@id\":\"https:\/\/www.estrategiaconcursos.com.br\/blog\/como-funciona-o-calculo-da-nota-objetiva-das-provas-da-fcc\/\",\"url\":\"https:\/\/www.estrategiaconcursos.com.br\/blog\/como-funciona-o-calculo-da-nota-objetiva-das-provas-da-fcc\/\",\"name\":\"TST e CLDF - como funciona o c\u00e1lculo da nota objetiva das provas?\",\"isPartOf\":{\"@id\":\"https:\/\/www.estrategiaconcursos.com.br\/blog\/#website\"},\"primaryImageOfPage\":{\"@id\":\"https:\/\/www.estrategiaconcursos.com.br\/blog\/como-funciona-o-calculo-da-nota-objetiva-das-provas-da-fcc\/#primaryimage\"},\"image\":{\"@id\":\"https:\/\/www.estrategiaconcursos.com.br\/blog\/como-funciona-o-calculo-da-nota-objetiva-das-provas-da-fcc\/#primaryimage\"},\"thumbnailUrl\":\"https:\/\/www.estrategiaconcursos.com.br\/blog\/wp-content\/uploads\/2017\/08\/nota-padronizada-FCC.png\",\"datePublished\":\"2017-08-24T18:30:30+00:00\",\"dateModified\":\"2022-09-19T14:24:53+00:00\",\"description\":\"Entende como funciona aquele m\u00e9todo de c\u00e1lculo da nota final descrito na maioria dos editais da banca FCC.\",\"breadcrumb\":{\"@id\":\"https:\/\/www.estrategiaconcursos.com.br\/blog\/como-funciona-o-calculo-da-nota-objetiva-das-provas-da-fcc\/#breadcrumb\"},\"inLanguage\":\"pt-BR\",\"potentialAction\":[{\"@type\":\"ReadAction\",\"target\":[\"https:\/\/www.estrategiaconcursos.com.br\/blog\/como-funciona-o-calculo-da-nota-objetiva-das-provas-da-fcc\/\"]}]},{\"@type\":\"ImageObject\",\"inLanguage\":\"pt-BR\",\"@id\":\"https:\/\/www.estrategiaconcursos.com.br\/blog\/como-funciona-o-calculo-da-nota-objetiva-das-provas-da-fcc\/#primaryimage\",\"url\":\"https:\/\/dhg1h5j42swfq.cloudfront.net\/2017\/08\/23223540\/nota-padronizada-FCC.png\",\"contentUrl\":\"https:\/\/dhg1h5j42swfq.cloudfront.net\/2017\/08\/23223540\/nota-padronizada-FCC.png\",\"width\":186,\"height\":53},{\"@type\":\"BreadcrumbList\",\"@id\":\"https:\/\/www.estrategiaconcursos.com.br\/blog\/como-funciona-o-calculo-da-nota-objetiva-das-provas-da-fcc\/#breadcrumb\",\"itemListElement\":[{\"@type\":\"ListItem\",\"position\":1,\"name\":\"In\u00edcio\",\"item\":\"https:\/\/www.estrategiaconcursos.com.br\/blog\/\"},{\"@type\":\"ListItem\",\"position\":2,\"name\":\"TST e CLDF &#8211; como funciona o c\u00e1lculo da nota objetiva das provas?\"}]},{\"@type\":\"WebSite\",\"@id\":\"https:\/\/www.estrategiaconcursos.com.br\/blog\/#website\",\"url\":\"https:\/\/www.estrategiaconcursos.com.br\/blog\/\",\"name\":\"Estrat\u00e9gia Concursos\",\"description\":\"O blog da Estrat\u00e9gia Concursos traz not\u00edcias sobre concursos e artigos de professores oferecendo cursos para concursos (pdf + videaulas) no site.\",\"publisher\":{\"@id\":\"https:\/\/www.estrategiaconcursos.com.br\/blog\/#organization\"},\"potentialAction\":[{\"@type\":\"SearchAction\",\"target\":{\"@type\":\"EntryPoint\",\"urlTemplate\":\"https:\/\/www.estrategiaconcursos.com.br\/blog\/?s={search_term_string}\"},\"query-input\":{\"@type\":\"PropertyValueSpecification\",\"valueRequired\":true,\"valueName\":\"search_term_string\"}}],\"inLanguage\":\"pt-BR\"},{\"@type\":\"Organization\",\"@id\":\"https:\/\/www.estrategiaconcursos.com.br\/blog\/#organization\",\"name\":\"Estrat\u00e9gia Concursos\",\"url\":\"https:\/\/www.estrategiaconcursos.com.br\/blog\/\",\"logo\":{\"@type\":\"ImageObject\",\"inLanguage\":\"pt-BR\",\"@id\":\"https:\/\/www.estrategiaconcursos.com.br\/blog\/#\/schema\/logo\/image\/\",\"url\":\"https:\/\/dhg1h5j42swfq.cloudfront.net\/2025\/06\/03203428\/logo_concursos-1.jpg\",\"contentUrl\":\"https:\/\/dhg1h5j42swfq.cloudfront.net\/2025\/06\/03203428\/logo_concursos-1.jpg\",\"width\":230,\"height\":60,\"caption\":\"Estrat\u00e9gia Concursos\"},\"image\":{\"@id\":\"https:\/\/www.estrategiaconcursos.com.br\/blog\/#\/schema\/logo\/image\/\"},\"sameAs\":[\"https:\/\/x.com\/EstratConcursos\"]},{\"@type\":\"Person\",\"@id\":\"https:\/\/www.estrategiaconcursos.com.br\/blog\/#\/schema\/person\/b4a388c97673c5f483d72185668afa1f\",\"name\":\"Coordena\u00e7\u00e3o\",\"image\":{\"@type\":\"ImageObject\",\"inLanguage\":\"pt-BR\",\"@id\":\"https:\/\/secure.gravatar.com\/avatar\/b720319e4c9a967eb58678d110f4fe35452fc5d5f97b202bac7b8acceb18c6ad?s=96&d=mm&r=g\",\"url\":\"https:\/\/secure.gravatar.com\/avatar\/b720319e4c9a967eb58678d110f4fe35452fc5d5f97b202bac7b8acceb18c6ad?s=96&d=mm&r=g\",\"contentUrl\":\"https:\/\/secure.gravatar.com\/avatar\/b720319e4c9a967eb58678d110f4fe35452fc5d5f97b202bac7b8acceb18c6ad?s=96&d=mm&r=g\",\"caption\":\"Coordena\u00e7\u00e3o\"},\"sameAs\":[\"https:\/\/www.facebook.com\/EstrategiaConcursos\",\"https:\/\/x.com\/EstratConcursos\"],\"url\":\"https:\/\/www.estrategiaconcursos.com.br\/blog\/author\/estrategia2013\/\"}]}<\/script>\n<!-- \/ Yoast SEO Premium plugin. -->","yoast_head_json":{"title":"TST e CLDF - como funciona o c\u00e1lculo da nota objetiva das provas?","description":"Entende como funciona aquele m\u00e9todo de c\u00e1lculo da nota final descrito na maioria dos editais da banca FCC.","robots":{"index":"index","follow":"follow","max-snippet":"max-snippet:-1","max-image-preview":"max-image-preview:large","max-video-preview":"max-video-preview:-1"},"canonical":"https:\/\/www.estrategiaconcursos.com.br\/blog\/como-funciona-o-calculo-da-nota-objetiva-das-provas-da-fcc\/","og_locale":"pt_BR","og_type":"article","og_title":"TST e CLDF - como funciona o c\u00e1lculo da nota objetiva das provas?","og_description":"Entende como funciona aquele m\u00e9todo de c\u00e1lculo da nota final descrito na maioria dos editais da banca FCC.","og_url":"https:\/\/www.estrategiaconcursos.com.br\/blog\/como-funciona-o-calculo-da-nota-objetiva-das-provas-da-fcc\/","og_site_name":"Estrat\u00e9gia Concursos","article_author":"https:\/\/www.facebook.com\/EstrategiaConcursos","article_published_time":"2017-08-24T18:30:30+00:00","article_modified_time":"2022-09-19T14:24:53+00:00","og_image":[{"url":"https:\/\/www.estrategiaconcursos.com.br\/blog\/wp-content\/uploads\/2017\/08\/nota-padronizada-FCC.png","type":"","width":"","height":""}],"author":"Coordena\u00e7\u00e3o","twitter_card":"summary_large_image","twitter_creator":"@EstratConcursos","twitter_site":"@EstratConcursos","twitter_misc":{"Escrito por":"Coordena\u00e7\u00e3o","Est. tempo de leitura":"9 minutos"},"schema":{"@context":"https:\/\/schema.org","@graph":[{"@type":"NewsArticle","@id":"https:\/\/www.estrategiaconcursos.com.br\/blog\/como-funciona-o-calculo-da-nota-objetiva-das-provas-da-fcc\/#article","isPartOf":{"@id":"https:\/\/www.estrategiaconcursos.com.br\/blog\/como-funciona-o-calculo-da-nota-objetiva-das-provas-da-fcc\/"},"author":{"name":"Coordena\u00e7\u00e3o","@id":"https:\/\/www.estrategiaconcursos.com.br\/blog\/#\/schema\/person\/b4a388c97673c5f483d72185668afa1f"},"headline":"TST e CLDF &#8211; como funciona o c\u00e1lculo da nota objetiva das provas?","datePublished":"2017-08-24T18:30:30+00:00","dateModified":"2022-09-19T14:24:53+00:00","mainEntityOfPage":{"@id":"https:\/\/www.estrategiaconcursos.com.br\/blog\/como-funciona-o-calculo-da-nota-objetiva-das-provas-da-fcc\/"},"wordCount":1797,"commentCount":37,"publisher":{"@id":"https:\/\/www.estrategiaconcursos.com.br\/blog\/#organization"},"image":{"@id":"https:\/\/www.estrategiaconcursos.com.br\/blog\/como-funciona-o-calculo-da-nota-objetiva-das-provas-da-fcc\/#primaryimage"},"thumbnailUrl":"https:\/\/www.estrategiaconcursos.com.br\/blog\/wp-content\/uploads\/2017\/08\/nota-padronizada-FCC.png","keywords":["CNMP","edital","FCC","tribunais","trt"],"articleSection":["Concursos P\u00fablicos"],"inLanguage":"pt-BR","potentialAction":[{"@type":"CommentAction","name":"Comment","target":["https:\/\/www.estrategiaconcursos.com.br\/blog\/como-funciona-o-calculo-da-nota-objetiva-das-provas-da-fcc\/#respond"]}],"copyrightYear":"2017","copyrightHolder":{"@id":"https:\/\/www.estrategiaconcursos.com.br\/blog\/#organization"}},{"@type":"WebPage","@id":"https:\/\/www.estrategiaconcursos.com.br\/blog\/como-funciona-o-calculo-da-nota-objetiva-das-provas-da-fcc\/","url":"https:\/\/www.estrategiaconcursos.com.br\/blog\/como-funciona-o-calculo-da-nota-objetiva-das-provas-da-fcc\/","name":"TST e CLDF - como funciona o c\u00e1lculo da nota objetiva das provas?","isPartOf":{"@id":"https:\/\/www.estrategiaconcursos.com.br\/blog\/#website"},"primaryImageOfPage":{"@id":"https:\/\/www.estrategiaconcursos.com.br\/blog\/como-funciona-o-calculo-da-nota-objetiva-das-provas-da-fcc\/#primaryimage"},"image":{"@id":"https:\/\/www.estrategiaconcursos.com.br\/blog\/como-funciona-o-calculo-da-nota-objetiva-das-provas-da-fcc\/#primaryimage"},"thumbnailUrl":"https:\/\/www.estrategiaconcursos.com.br\/blog\/wp-content\/uploads\/2017\/08\/nota-padronizada-FCC.png","datePublished":"2017-08-24T18:30:30+00:00","dateModified":"2022-09-19T14:24:53+00:00","description":"Entende como funciona aquele m\u00e9todo de c\u00e1lculo da nota final descrito na maioria dos editais da banca FCC.","breadcrumb":{"@id":"https:\/\/www.estrategiaconcursos.com.br\/blog\/como-funciona-o-calculo-da-nota-objetiva-das-provas-da-fcc\/#breadcrumb"},"inLanguage":"pt-BR","potentialAction":[{"@type":"ReadAction","target":["https:\/\/www.estrategiaconcursos.com.br\/blog\/como-funciona-o-calculo-da-nota-objetiva-das-provas-da-fcc\/"]}]},{"@type":"ImageObject","inLanguage":"pt-BR","@id":"https:\/\/www.estrategiaconcursos.com.br\/blog\/como-funciona-o-calculo-da-nota-objetiva-das-provas-da-fcc\/#primaryimage","url":"https:\/\/dhg1h5j42swfq.cloudfront.net\/2017\/08\/23223540\/nota-padronizada-FCC.png","contentUrl":"https:\/\/dhg1h5j42swfq.cloudfront.net\/2017\/08\/23223540\/nota-padronizada-FCC.png","width":186,"height":53},{"@type":"BreadcrumbList","@id":"https:\/\/www.estrategiaconcursos.com.br\/blog\/como-funciona-o-calculo-da-nota-objetiva-das-provas-da-fcc\/#breadcrumb","itemListElement":[{"@type":"ListItem","position":1,"name":"In\u00edcio","item":"https:\/\/www.estrategiaconcursos.com.br\/blog\/"},{"@type":"ListItem","position":2,"name":"TST e CLDF &#8211; como funciona o c\u00e1lculo da nota objetiva das provas?"}]},{"@type":"WebSite","@id":"https:\/\/www.estrategiaconcursos.com.br\/blog\/#website","url":"https:\/\/www.estrategiaconcursos.com.br\/blog\/","name":"Estrat\u00e9gia Concursos","description":"O blog da Estrat\u00e9gia Concursos traz not\u00edcias sobre concursos e artigos de professores oferecendo cursos para concursos (pdf + videaulas) no site.","publisher":{"@id":"https:\/\/www.estrategiaconcursos.com.br\/blog\/#organization"},"potentialAction":[{"@type":"SearchAction","target":{"@type":"EntryPoint","urlTemplate":"https:\/\/www.estrategiaconcursos.com.br\/blog\/?s={search_term_string}"},"query-input":{"@type":"PropertyValueSpecification","valueRequired":true,"valueName":"search_term_string"}}],"inLanguage":"pt-BR"},{"@type":"Organization","@id":"https:\/\/www.estrategiaconcursos.com.br\/blog\/#organization","name":"Estrat\u00e9gia Concursos","url":"https:\/\/www.estrategiaconcursos.com.br\/blog\/","logo":{"@type":"ImageObject","inLanguage":"pt-BR","@id":"https:\/\/www.estrategiaconcursos.com.br\/blog\/#\/schema\/logo\/image\/","url":"https:\/\/dhg1h5j42swfq.cloudfront.net\/2025\/06\/03203428\/logo_concursos-1.jpg","contentUrl":"https:\/\/dhg1h5j42swfq.cloudfront.net\/2025\/06\/03203428\/logo_concursos-1.jpg","width":230,"height":60,"caption":"Estrat\u00e9gia Concursos"},"image":{"@id":"https:\/\/www.estrategiaconcursos.com.br\/blog\/#\/schema\/logo\/image\/"},"sameAs":["https:\/\/x.com\/EstratConcursos"]},{"@type":"Person","@id":"https:\/\/www.estrategiaconcursos.com.br\/blog\/#\/schema\/person\/b4a388c97673c5f483d72185668afa1f","name":"Coordena\u00e7\u00e3o","image":{"@type":"ImageObject","inLanguage":"pt-BR","@id":"https:\/\/secure.gravatar.com\/avatar\/b720319e4c9a967eb58678d110f4fe35452fc5d5f97b202bac7b8acceb18c6ad?s=96&d=mm&r=g","url":"https:\/\/secure.gravatar.com\/avatar\/b720319e4c9a967eb58678d110f4fe35452fc5d5f97b202bac7b8acceb18c6ad?s=96&d=mm&r=g","contentUrl":"https:\/\/secure.gravatar.com\/avatar\/b720319e4c9a967eb58678d110f4fe35452fc5d5f97b202bac7b8acceb18c6ad?s=96&d=mm&r=g","caption":"Coordena\u00e7\u00e3o"},"sameAs":["https:\/\/www.facebook.com\/EstrategiaConcursos","https:\/\/x.com\/EstratConcursos"],"url":"https:\/\/www.estrategiaconcursos.com.br\/blog\/author\/estrategia2013\/"}]}},"_links":{"self":[{"href":"https:\/\/www.estrategiaconcursos.com.br\/blog\/wp-json\/wp\/v2\/posts\/21416","targetHints":{"allow":["GET"]}}],"collection":[{"href":"https:\/\/www.estrategiaconcursos.com.br\/blog\/wp-json\/wp\/v2\/posts"}],"about":[{"href":"https:\/\/www.estrategiaconcursos.com.br\/blog\/wp-json\/wp\/v2\/types\/post"}],"author":[{"embeddable":true,"href":"https:\/\/www.estrategiaconcursos.com.br\/blog\/wp-json\/wp\/v2\/users\/1"}],"replies":[{"embeddable":true,"href":"https:\/\/www.estrategiaconcursos.com.br\/blog\/wp-json\/wp\/v2\/comments?post=21416"}],"version-history":[{"count":13,"href":"https:\/\/www.estrategiaconcursos.com.br\/blog\/wp-json\/wp\/v2\/posts\/21416\/revisions"}],"predecessor-version":[{"id":1096994,"href":"https:\/\/www.estrategiaconcursos.com.br\/blog\/wp-json\/wp\/v2\/posts\/21416\/revisions\/1096994"}],"wp:attachment":[{"href":"https:\/\/www.estrategiaconcursos.com.br\/blog\/wp-json\/wp\/v2\/media?parent=21416"}],"wp:term":[{"taxonomy":"category","embeddable":true,"href":"https:\/\/www.estrategiaconcursos.com.br\/blog\/wp-json\/wp\/v2\/categories?post=21416"},{"taxonomy":"post_tag","embeddable":true,"href":"https:\/\/www.estrategiaconcursos.com.br\/blog\/wp-json\/wp\/v2\/tags?post=21416"},{"taxonomy":"tax_estado","embeddable":true,"href":"https:\/\/www.estrategiaconcursos.com.br\/blog\/wp-json\/wp\/v2\/tax_estado?post=21416"}],"curies":[{"name":"wp","href":"https:\/\/api.w.org\/{rel}","templated":true}]}}