{"id":21392,"date":"2015-02-19T16:50:29","date_gmt":"2015-02-19T19:50:29","guid":{"rendered":"http:\/\/www.estrategiaconcursos.com.br\/blog\/?p=21392"},"modified":"2019-02-04T13:31:32","modified_gmt":"2019-02-04T16:31:32","slug":"concurso-depen-mpog-autoriza-realizacao-serao-258-vagas-de-nivel-mediotecnico-e-superior","status":"publish","type":"post","link":"https:\/\/www.estrategiaconcursos.com.br\/blog\/concurso-depen-mpog-autoriza-realizacao-serao-258-vagas-de-nivel-mediotecnico-e-superior\/","title":{"rendered":"Concurso DEPEN: MPOG autoriza realiza\u00e7\u00e3o. Ser\u00e3o 258 vagas de n\u00edvel m\u00e9dio\/t\u00e9cnico e superior"},"content":{"rendered":"<p style=\"text-align: justify;\"><span style=\"color: #000000;\"><a href=\"https:\/\/dhg1h5j42swfq.cloudfront.net\/2015\/02\/concurso-depen.gif\"><img loading=\"lazy\" decoding=\"async\" class=\"alignleft wp-image-21399 size-medium\" src=\"https:\/\/dhg1h5j42swfq.cloudfront.net\/2015\/02\/concurso-depen.gif\" alt=\"concurso depen\" width=\"283\" height=\"300\"\/><\/a>Foi autorizada nesta quinta-feira, 19, pelo pelo Minist\u00e9rio do Planejamento, Or\u00e7amento e Gest\u00e3o (MPOG), atrav\u00e9s de publica\u00e7\u00e3o no Di\u00e1rio Oficial da Uni\u00e3o, a realiza\u00e7\u00e3o do concurso do&nbsp;Departamento Penitenci\u00e1rio Nacional &#8211; Depen.&nbsp;O prazo para publica\u00e7\u00e3o do edital do concurso \u00e9 de at\u00e9 seis meses, contado a partir da publica\u00e7\u00e3o desta Portaria.<\/span><\/p>\n<p style=\"text-align: justify;\"><span style=\"color: #000000;\">De acordo com a publica\u00e7\u00e3o, ser\u00e3o oferecidas 258 vagas divididas entre os cargos de&nbsp; cargos de Especialista em Assist\u00eancia Penitenci\u00e1ria (8); T\u00e9cnico de Apoio \u00e0 Assist\u00eancia Penitenci\u00e1ria (10); e Agente Penitenci\u00e1rio Federal (240)<\/span>.<\/p>\n<p style=\"text-align: justify;\"><span style=\"color: #000000;\">Para concorrer ao cargo de agente e t\u00e9cnico \u00e9 necess\u00e1rio possuir ensino m\u00e9dio e para especialista, n\u00edvel superior em \u00e1reas espec\u00edficas. No caso de agente tamb\u00e9m \u00e9 necess\u00e1rio possuir carteira de habilita\u00e7\u00e3o a partir da categoria \u201cB\u201d.<\/span><\/p>\n<p style=\"text-align: justify;\"><span style=\"color: #000000;\">A remunera\u00e7\u00e3o inicial \u00e9 de R$ 4.874,60 para especialista, de R$ 5.092,58 para agente e de R$ 3.301,24 para t\u00e9cnicos, todos com jornada de trabalho de 40 horas semanais. No caso de agente tamb\u00e9m pode ser de 192 horas mensais, nos casos de regime de trabalho por plant\u00f5es.<\/span><\/p>\n<p style=\"text-align: justify;\"><span style=\"color: #000000;\">Segundo a autoriza\u00e7\u00e3o, est\u00e1 vedada a previs\u00e3o em edital para cargos ou \u00e1reas previstos no edital de 2013, aberto pelo Depen, em que ainda houver candidatos aprovados e n\u00e3o convocados. Na ocasi\u00e3o, foram oferecidas 138 vagas para os mesmos postos. Mais de 46 mil candidatos participaram \u2013 concorr\u00eancia de 335 inscritos por oportunidade.O Centro de Sele\u00e7\u00e3o e de Promo\u00e7\u00e3o de Eventos da Universidade de Bras\u00edlia (Cespe\/UnB) foi a banca respons\u00e1vel pelo certame.<\/span><\/p>\n<p style=\"text-align: justify;\"><span style=\"color: #000000;\">Confira a publica\u00e7\u00e3o:<\/span><\/p>\n<p style=\"text-align: justify;\"><span style=\"color: #000000;\"><strong>PORTARIA N\u00ba 24, DE 18 DE FEVEREIRO DE 2015<\/strong><\/span><\/p>\n<p style=\"text-align: justify;\"><span style=\"color: #000000;\">O MINISTRO DE ESTADO DO PLANEJAMENTO, OR\u00c7AMENTO E GEST\u00c3O, no uso de suas atribui\u00e7\u00f5es e tendo em vista a delega\u00e7\u00e3o de compet\u00eancia prevista no art. 10 do Decreto n\u00ba 6.944, de 21 de agosto de 2009, resolve:<\/span><br \/>\n<span style=\"color: #000000;\">Art. 1\u00ba Autorizar a realiza\u00e7\u00e3o de concurso p\u00fablico para o provimento de 258 (duzentos e cinquenta e oito) cargos do Quadro de Pessoal do Minist\u00e9rio da Justi\u00e7a \u2013 MJ, destinados ao Departamento Penitenci\u00e1rio Nacional \u2013 DEPEN, conforme discriminado no Anexo.<\/span><br \/>\n<span style=\"color: #000000;\">Par\u00e1grafo \u00fanico. Fica vedada a previs\u00e3o em edital de abertura do presente concurso para os cargos\/\u00e1reas previstos no Edital n\u00ba 1-DEPEN, de 29 de abril de 2013, em que ainda houver candidatos aprovados e n\u00e3o convocados.<\/span><br \/>\n<span style=\"color: #000000;\">Art. 2\u00ba O provimento dos cargos no quantitativo previsto no art. 1\u00ba depender\u00e1 de pr\u00e9via autoriza\u00e7\u00e3o do Minist\u00e9rio do Planejamento, Or\u00e7amento e Gest\u00e3o e est\u00e1 condicionado:<\/span><br \/>\n<span style=\"color: #000000;\">I \u2013 \u00e0 exist\u00eancia de vagas na data da nomea\u00e7\u00e3o; e<\/span><br \/>\n<span style=\"color: #000000;\">II \u2013 \u00e0 declara\u00e7\u00e3o do respectivo ordenador de despesa, quando do provimento dos referidos cargos, sobre a adequa\u00e7\u00e3o or\u00e7ament\u00e1ria e financeira da nova despesa \u00e0 Lei Or\u00e7ament\u00e1ria Anual e sua compatibilidade com a Lei de Diretrizes Or\u00e7ament\u00e1rias, demonstrando a origem dos recursos a serem utilizados.<\/span><br \/>\n<span style=\"color: #000000;\">Art. 3\u00ba A responsabilidade pela realiza\u00e7\u00e3o do concurso p\u00fablico para os cargos relacionados no art. 1\u00ba ser\u00e1 do Diretor-Geral do DEPEN, a quem caber\u00e1 baixar as respectivas normas, mediante a publica\u00e7\u00e3o de editais, portarias ou outro ato administrativo, de acordo com as disposi\u00e7\u00f5es do Decreto n\u00ba 6.944, de 21 de agosto de 2009.<\/span><br \/>\n<span style=\"color: #000000;\">Art. 4\u00ba O prazo para publica\u00e7\u00e3o de edital de abertura para realiza\u00e7\u00e3o de concurso p\u00fablico ser\u00e1 de at\u00e9 6 (seis) meses contados da data de publica\u00e7\u00e3o desta Portaria.<\/span><br \/>\n<span style=\"color: #000000;\">Art. 5\u00ba Esta Portaria entra em vigor na data de sua publica\u00e7\u00e3o.<\/span><\/p>\n<p><span style=\"color: #000000;\">NELSON BARBOSA<\/span><\/p>\n<p><span style=\"color: #000000;\">Confira&nbsp;informa\u00e7\u00f5es do concurso depen 2013&nbsp;em:<\/span><\/p>\n<p><span style=\"color: #0000ff;\"><a style=\"color: #0000ff;\" href=\"http:\/\/www.cespe.unb.br\/concursos\/DEPEN_13\/\">http:\/\/www.cespe.unb.br\/concursos\/DEPEN_13\/<\/a><\/span><\/p>\n<p><strong><span style=\"color: #000000;\">O Estrat\u00e9gia Concursos j\u00e1 lan\u00e7ou&nbsp;cursos para este concurso. Veja&nbsp;em:<\/span><\/strong><\/p>\n<p><span style=\"color: #0000ff;\"><a style=\"color: #0000ff;\" href=\"https:\/\/www.estrategiaconcursos.com.br\/cursosPorConcurso\/depen-departamente-penitenciario-nacional-155\">https:\/\/www.estrategiaconcursos.com.br\/cursosPorConcurso\/depen-departamente-penitenciario-nacional-155<\/a>\/<\/span><\/p>\n<p><span style=\"color: #000000;\">Assessoria de Comunica\u00e7\u00e3o<\/span><\/p>\n<p><span style=\"color: #000000;\">comunicacao@estrategiaconcursos.com.br<\/span><\/p>\n<p>&nbsp;<\/p>\n","protected":false},"excerpt":{"rendered":"<p>Foi autorizada nesta quinta-feira, 19, pelo pelo Minist\u00e9rio do Planejamento, Or\u00e7amento e Gest\u00e3o (MPOG), atrav\u00e9s de publica\u00e7\u00e3o no Di\u00e1rio Oficial da Uni\u00e3o, a realiza\u00e7\u00e3o do concurso do&nbsp;Departamento Penitenci\u00e1rio Nacional &#8211; Depen.&nbsp;O prazo para publica\u00e7\u00e3o do edital do concurso \u00e9 de at\u00e9 seis meses, contado a partir da publica\u00e7\u00e3o desta Portaria. De acordo com a publica\u00e7\u00e3o, [&hellip;]<\/p>\n","protected":false},"author":188,"featured_media":0,"comment_status":"open","ping_status":"open","sticky":false,"template":"","format":"standard","meta":{"post_tipo":"article","footnotes":""},"categories":[1],"tags":[641],"tax_estado":[],"class_list":["post-21392","post","type-post","status-publish","format-standard","hentry","category-cursos-e-concursos","tag-depen"],"acf":[],"yoast_head":"<!-- This site is optimized with the Yoast SEO Premium plugin v27.2 (Yoast SEO v27.2) - https:\/\/yoast.com\/product\/yoast-seo-premium-wordpress\/ -->\n<title>Concurso DEPEN: MPOG autoriza realiza\u00e7\u00e3o com 258 vagas<\/title>\n<meta name=\"description\" content=\"Foi autorizada nesta quinta-feira, 19, pelo pelo MPOG, atrav\u00e9s de publica\u00e7\u00e3o no Di\u00e1rio Oficial da Uni\u00e3o, a realiza\u00e7\u00e3o do concurso Depen. Saiba mais!\" \/>\n<meta name=\"robots\" content=\"index, follow, max-snippet:-1, max-image-preview:large, max-video-preview:-1\" \/>\n<link rel=\"canonical\" href=\"https:\/\/www.estrategiaconcursos.com.br\/blog\/concurso-depen-mpog-autoriza-realizacao-serao-258-vagas-de-nivel-mediotecnico-e-superior\/\" \/>\n<meta property=\"og:locale\" content=\"pt_BR\" \/>\n<meta property=\"og:type\" content=\"article\" \/>\n<meta property=\"og:title\" content=\"Concurso DEPEN: MPOG autoriza realiza\u00e7\u00e3o. Ser\u00e3o 258 vagas de n\u00edvel m\u00e9dio\/t\u00e9cnico e superior\" \/>\n<meta property=\"og:description\" content=\"Foi autorizada nesta quinta-feira, 19, pelo pelo MPOG, atrav\u00e9s de publica\u00e7\u00e3o no Di\u00e1rio Oficial da Uni\u00e3o, a realiza\u00e7\u00e3o do concurso Depen. Saiba mais!\" \/>\n<meta property=\"og:url\" content=\"https:\/\/www.estrategiaconcursos.com.br\/blog\/concurso-depen-mpog-autoriza-realizacao-serao-258-vagas-de-nivel-mediotecnico-e-superior\/\" \/>\n<meta property=\"og:site_name\" content=\"Estrat\u00e9gia Concursos\" \/>\n<meta property=\"article:published_time\" content=\"2015-02-19T19:50:29+00:00\" \/>\n<meta property=\"article:modified_time\" content=\"2019-02-04T16:31:32+00:00\" \/>\n<meta property=\"og:image\" content=\"https:\/\/www.estrategiaconcursos.com.br\/blog\/wp-content\/uploads\/2015\/02\/concurso-depen-283x300.gif\" \/>\n<meta name=\"author\" content=\"Tha\u00eds Mendes (Jornalista)\" \/>\n<meta name=\"twitter:card\" content=\"summary_large_image\" \/>\n<meta name=\"twitter:creator\" content=\"@EstratConcursos\" \/>\n<meta name=\"twitter:site\" content=\"@EstratConcursos\" \/>\n<meta name=\"twitter:label1\" content=\"Escrito por\" \/>\n\t<meta name=\"twitter:data1\" content=\"Tha\u00eds Mendes (Jornalista)\" \/>\n\t<meta name=\"twitter:label2\" content=\"Est. tempo de leitura\" \/>\n\t<meta name=\"twitter:data2\" content=\"3 minutos\" \/>\n<script type=\"application\/ld+json\" class=\"yoast-schema-graph\">{\"@context\":\"https:\/\/schema.org\",\"@graph\":[{\"@type\":\"NewsArticle\",\"@id\":\"https:\/\/www.estrategiaconcursos.com.br\/blog\/concurso-depen-mpog-autoriza-realizacao-serao-258-vagas-de-nivel-mediotecnico-e-superior\/#article\",\"isPartOf\":{\"@id\":\"https:\/\/www.estrategiaconcursos.com.br\/blog\/concurso-depen-mpog-autoriza-realizacao-serao-258-vagas-de-nivel-mediotecnico-e-superior\/\"},\"author\":{\"name\":\"Tha\u00eds Mendes (Jornalista)\",\"@id\":\"https:\/\/www.estrategiaconcursos.com.br\/blog\/#\/schema\/person\/b69f846fcb6f09c1b651569e30b6e865\"},\"headline\":\"Concurso DEPEN: MPOG autoriza realiza\u00e7\u00e3o. Ser\u00e3o 258 vagas de n\u00edvel m\u00e9dio\/t\u00e9cnico e superior\",\"datePublished\":\"2015-02-19T19:50:29+00:00\",\"dateModified\":\"2019-02-04T16:31:32+00:00\",\"mainEntityOfPage\":{\"@id\":\"https:\/\/www.estrategiaconcursos.com.br\/blog\/concurso-depen-mpog-autoriza-realizacao-serao-258-vagas-de-nivel-mediotecnico-e-superior\/\"},\"wordCount\":645,\"commentCount\":0,\"publisher\":{\"@id\":\"https:\/\/www.estrategiaconcursos.com.br\/blog\/#organization\"},\"image\":{\"@id\":\"https:\/\/www.estrategiaconcursos.com.br\/blog\/concurso-depen-mpog-autoriza-realizacao-serao-258-vagas-de-nivel-mediotecnico-e-superior\/#primaryimage\"},\"thumbnailUrl\":\"https:\/\/www.estrategiaconcursos.com.br\/blog\/wp-content\/uploads\/2015\/02\/concurso-depen-283x300.gif\",\"keywords\":[\"DEPEN\"],\"articleSection\":[\"Concursos P\u00fablicos\"],\"inLanguage\":\"pt-BR\",\"potentialAction\":[{\"@type\":\"CommentAction\",\"name\":\"Comment\",\"target\":[\"https:\/\/www.estrategiaconcursos.com.br\/blog\/concurso-depen-mpog-autoriza-realizacao-serao-258-vagas-de-nivel-mediotecnico-e-superior\/#respond\"]}],\"copyrightYear\":\"2015\",\"copyrightHolder\":{\"@id\":\"https:\/\/www.estrategiaconcursos.com.br\/blog\/#organization\"}},{\"@type\":\"WebPage\",\"@id\":\"https:\/\/www.estrategiaconcursos.com.br\/blog\/concurso-depen-mpog-autoriza-realizacao-serao-258-vagas-de-nivel-mediotecnico-e-superior\/\",\"url\":\"https:\/\/www.estrategiaconcursos.com.br\/blog\/concurso-depen-mpog-autoriza-realizacao-serao-258-vagas-de-nivel-mediotecnico-e-superior\/\",\"name\":\"Concurso DEPEN: MPOG autoriza realiza\u00e7\u00e3o com 258 vagas\",\"isPartOf\":{\"@id\":\"https:\/\/www.estrategiaconcursos.com.br\/blog\/#website\"},\"primaryImageOfPage\":{\"@id\":\"https:\/\/www.estrategiaconcursos.com.br\/blog\/concurso-depen-mpog-autoriza-realizacao-serao-258-vagas-de-nivel-mediotecnico-e-superior\/#primaryimage\"},\"image\":{\"@id\":\"https:\/\/www.estrategiaconcursos.com.br\/blog\/concurso-depen-mpog-autoriza-realizacao-serao-258-vagas-de-nivel-mediotecnico-e-superior\/#primaryimage\"},\"thumbnailUrl\":\"https:\/\/www.estrategiaconcursos.com.br\/blog\/wp-content\/uploads\/2015\/02\/concurso-depen-283x300.gif\",\"datePublished\":\"2015-02-19T19:50:29+00:00\",\"dateModified\":\"2019-02-04T16:31:32+00:00\",\"description\":\"Foi autorizada nesta quinta-feira, 19, pelo pelo MPOG, atrav\u00e9s de publica\u00e7\u00e3o no Di\u00e1rio Oficial da Uni\u00e3o, a realiza\u00e7\u00e3o do concurso Depen. Saiba mais!\",\"breadcrumb\":{\"@id\":\"https:\/\/www.estrategiaconcursos.com.br\/blog\/concurso-depen-mpog-autoriza-realizacao-serao-258-vagas-de-nivel-mediotecnico-e-superior\/#breadcrumb\"},\"inLanguage\":\"pt-BR\",\"potentialAction\":[{\"@type\":\"ReadAction\",\"target\":[\"https:\/\/www.estrategiaconcursos.com.br\/blog\/concurso-depen-mpog-autoriza-realizacao-serao-258-vagas-de-nivel-mediotecnico-e-superior\/\"]}]},{\"@type\":\"ImageObject\",\"inLanguage\":\"pt-BR\",\"@id\":\"https:\/\/www.estrategiaconcursos.com.br\/blog\/concurso-depen-mpog-autoriza-realizacao-serao-258-vagas-de-nivel-mediotecnico-e-superior\/#primaryimage\",\"url\":\"https:\/\/dhg1h5j42swfq.cloudfront.net\/2015\/02\/concurso-depen.gif\",\"contentUrl\":\"https:\/\/dhg1h5j42swfq.cloudfront.net\/2015\/02\/concurso-depen.gif\",\"width\":480,\"height\":509},{\"@type\":\"BreadcrumbList\",\"@id\":\"https:\/\/www.estrategiaconcursos.com.br\/blog\/concurso-depen-mpog-autoriza-realizacao-serao-258-vagas-de-nivel-mediotecnico-e-superior\/#breadcrumb\",\"itemListElement\":[{\"@type\":\"ListItem\",\"position\":1,\"name\":\"In\u00edcio\",\"item\":\"https:\/\/www.estrategiaconcursos.com.br\/blog\/\"},{\"@type\":\"ListItem\",\"position\":2,\"name\":\"Concurso DEPEN: MPOG autoriza realiza\u00e7\u00e3o. Ser\u00e3o 258 vagas de n\u00edvel m\u00e9dio\/t\u00e9cnico e superior\"}]},{\"@type\":\"WebSite\",\"@id\":\"https:\/\/www.estrategiaconcursos.com.br\/blog\/#website\",\"url\":\"https:\/\/www.estrategiaconcursos.com.br\/blog\/\",\"name\":\"Estrat\u00e9gia Concursos\",\"description\":\"O blog da Estrat\u00e9gia Concursos traz not\u00edcias sobre concursos e artigos de professores oferecendo cursos para concursos (pdf + videaulas) no site.\",\"publisher\":{\"@id\":\"https:\/\/www.estrategiaconcursos.com.br\/blog\/#organization\"},\"potentialAction\":[{\"@type\":\"SearchAction\",\"target\":{\"@type\":\"EntryPoint\",\"urlTemplate\":\"https:\/\/www.estrategiaconcursos.com.br\/blog\/?s={search_term_string}\"},\"query-input\":{\"@type\":\"PropertyValueSpecification\",\"valueRequired\":true,\"valueName\":\"search_term_string\"}}],\"inLanguage\":\"pt-BR\"},{\"@type\":\"Organization\",\"@id\":\"https:\/\/www.estrategiaconcursos.com.br\/blog\/#organization\",\"name\":\"Estrat\u00e9gia Concursos\",\"url\":\"https:\/\/www.estrategiaconcursos.com.br\/blog\/\",\"logo\":{\"@type\":\"ImageObject\",\"inLanguage\":\"pt-BR\",\"@id\":\"https:\/\/www.estrategiaconcursos.com.br\/blog\/#\/schema\/logo\/image\/\",\"url\":\"https:\/\/dhg1h5j42swfq.cloudfront.net\/2025\/06\/03203428\/logo_concursos-1.jpg\",\"contentUrl\":\"https:\/\/dhg1h5j42swfq.cloudfront.net\/2025\/06\/03203428\/logo_concursos-1.jpg\",\"width\":230,\"height\":60,\"caption\":\"Estrat\u00e9gia Concursos\"},\"image\":{\"@id\":\"https:\/\/www.estrategiaconcursos.com.br\/blog\/#\/schema\/logo\/image\/\"},\"sameAs\":[\"https:\/\/x.com\/EstratConcursos\"]},{\"@type\":\"Person\",\"@id\":\"https:\/\/www.estrategiaconcursos.com.br\/blog\/#\/schema\/person\/b69f846fcb6f09c1b651569e30b6e865\",\"name\":\"Tha\u00eds Mendes (Jornalista)\",\"image\":{\"@type\":\"ImageObject\",\"inLanguage\":\"pt-BR\",\"@id\":\"https:\/\/secure.gravatar.com\/avatar\/3c9c4f2eb3e762ee925852cf3188d5507fcec36cfe4fdee47acd4135266a8614?s=96&d=mm&r=g\",\"url\":\"https:\/\/secure.gravatar.com\/avatar\/3c9c4f2eb3e762ee925852cf3188d5507fcec36cfe4fdee47acd4135266a8614?s=96&d=mm&r=g\",\"contentUrl\":\"https:\/\/secure.gravatar.com\/avatar\/3c9c4f2eb3e762ee925852cf3188d5507fcec36cfe4fdee47acd4135266a8614?s=96&d=mm&r=g\",\"caption\":\"Tha\u00eds Mendes (Jornalista)\"},\"url\":\"https:\/\/www.estrategiaconcursos.com.br\/blog\/author\/comunicacaoestrategiaconcursos-com-br\/\"}]}<\/script>\n<!-- \/ Yoast SEO Premium plugin. -->","yoast_head_json":{"title":"Concurso DEPEN: MPOG autoriza realiza\u00e7\u00e3o com 258 vagas","description":"Foi autorizada nesta quinta-feira, 19, pelo pelo MPOG, atrav\u00e9s de publica\u00e7\u00e3o no Di\u00e1rio Oficial da Uni\u00e3o, a realiza\u00e7\u00e3o do concurso Depen. Saiba mais!","robots":{"index":"index","follow":"follow","max-snippet":"max-snippet:-1","max-image-preview":"max-image-preview:large","max-video-preview":"max-video-preview:-1"},"canonical":"https:\/\/www.estrategiaconcursos.com.br\/blog\/concurso-depen-mpog-autoriza-realizacao-serao-258-vagas-de-nivel-mediotecnico-e-superior\/","og_locale":"pt_BR","og_type":"article","og_title":"Concurso DEPEN: MPOG autoriza realiza\u00e7\u00e3o. Ser\u00e3o 258 vagas de n\u00edvel m\u00e9dio\/t\u00e9cnico e superior","og_description":"Foi autorizada nesta quinta-feira, 19, pelo pelo MPOG, atrav\u00e9s de publica\u00e7\u00e3o no Di\u00e1rio Oficial da Uni\u00e3o, a realiza\u00e7\u00e3o do concurso Depen. Saiba mais!","og_url":"https:\/\/www.estrategiaconcursos.com.br\/blog\/concurso-depen-mpog-autoriza-realizacao-serao-258-vagas-de-nivel-mediotecnico-e-superior\/","og_site_name":"Estrat\u00e9gia Concursos","article_published_time":"2015-02-19T19:50:29+00:00","article_modified_time":"2019-02-04T16:31:32+00:00","og_image":[{"url":"https:\/\/www.estrategiaconcursos.com.br\/blog\/wp-content\/uploads\/2015\/02\/concurso-depen-283x300.gif","type":"","width":"","height":""}],"author":"Tha\u00eds Mendes (Jornalista)","twitter_card":"summary_large_image","twitter_creator":"@EstratConcursos","twitter_site":"@EstratConcursos","twitter_misc":{"Escrito por":"Tha\u00eds Mendes (Jornalista)","Est. tempo de leitura":"3 minutos"},"schema":{"@context":"https:\/\/schema.org","@graph":[{"@type":"NewsArticle","@id":"https:\/\/www.estrategiaconcursos.com.br\/blog\/concurso-depen-mpog-autoriza-realizacao-serao-258-vagas-de-nivel-mediotecnico-e-superior\/#article","isPartOf":{"@id":"https:\/\/www.estrategiaconcursos.com.br\/blog\/concurso-depen-mpog-autoriza-realizacao-serao-258-vagas-de-nivel-mediotecnico-e-superior\/"},"author":{"name":"Tha\u00eds Mendes (Jornalista)","@id":"https:\/\/www.estrategiaconcursos.com.br\/blog\/#\/schema\/person\/b69f846fcb6f09c1b651569e30b6e865"},"headline":"Concurso DEPEN: MPOG autoriza realiza\u00e7\u00e3o. Ser\u00e3o 258 vagas de n\u00edvel m\u00e9dio\/t\u00e9cnico e superior","datePublished":"2015-02-19T19:50:29+00:00","dateModified":"2019-02-04T16:31:32+00:00","mainEntityOfPage":{"@id":"https:\/\/www.estrategiaconcursos.com.br\/blog\/concurso-depen-mpog-autoriza-realizacao-serao-258-vagas-de-nivel-mediotecnico-e-superior\/"},"wordCount":645,"commentCount":0,"publisher":{"@id":"https:\/\/www.estrategiaconcursos.com.br\/blog\/#organization"},"image":{"@id":"https:\/\/www.estrategiaconcursos.com.br\/blog\/concurso-depen-mpog-autoriza-realizacao-serao-258-vagas-de-nivel-mediotecnico-e-superior\/#primaryimage"},"thumbnailUrl":"https:\/\/www.estrategiaconcursos.com.br\/blog\/wp-content\/uploads\/2015\/02\/concurso-depen-283x300.gif","keywords":["DEPEN"],"articleSection":["Concursos P\u00fablicos"],"inLanguage":"pt-BR","potentialAction":[{"@type":"CommentAction","name":"Comment","target":["https:\/\/www.estrategiaconcursos.com.br\/blog\/concurso-depen-mpog-autoriza-realizacao-serao-258-vagas-de-nivel-mediotecnico-e-superior\/#respond"]}],"copyrightYear":"2015","copyrightHolder":{"@id":"https:\/\/www.estrategiaconcursos.com.br\/blog\/#organization"}},{"@type":"WebPage","@id":"https:\/\/www.estrategiaconcursos.com.br\/blog\/concurso-depen-mpog-autoriza-realizacao-serao-258-vagas-de-nivel-mediotecnico-e-superior\/","url":"https:\/\/www.estrategiaconcursos.com.br\/blog\/concurso-depen-mpog-autoriza-realizacao-serao-258-vagas-de-nivel-mediotecnico-e-superior\/","name":"Concurso DEPEN: MPOG autoriza realiza\u00e7\u00e3o com 258 vagas","isPartOf":{"@id":"https:\/\/www.estrategiaconcursos.com.br\/blog\/#website"},"primaryImageOfPage":{"@id":"https:\/\/www.estrategiaconcursos.com.br\/blog\/concurso-depen-mpog-autoriza-realizacao-serao-258-vagas-de-nivel-mediotecnico-e-superior\/#primaryimage"},"image":{"@id":"https:\/\/www.estrategiaconcursos.com.br\/blog\/concurso-depen-mpog-autoriza-realizacao-serao-258-vagas-de-nivel-mediotecnico-e-superior\/#primaryimage"},"thumbnailUrl":"https:\/\/www.estrategiaconcursos.com.br\/blog\/wp-content\/uploads\/2015\/02\/concurso-depen-283x300.gif","datePublished":"2015-02-19T19:50:29+00:00","dateModified":"2019-02-04T16:31:32+00:00","description":"Foi autorizada nesta quinta-feira, 19, pelo pelo MPOG, atrav\u00e9s de publica\u00e7\u00e3o no Di\u00e1rio Oficial da Uni\u00e3o, a realiza\u00e7\u00e3o do concurso Depen. Saiba mais!","breadcrumb":{"@id":"https:\/\/www.estrategiaconcursos.com.br\/blog\/concurso-depen-mpog-autoriza-realizacao-serao-258-vagas-de-nivel-mediotecnico-e-superior\/#breadcrumb"},"inLanguage":"pt-BR","potentialAction":[{"@type":"ReadAction","target":["https:\/\/www.estrategiaconcursos.com.br\/blog\/concurso-depen-mpog-autoriza-realizacao-serao-258-vagas-de-nivel-mediotecnico-e-superior\/"]}]},{"@type":"ImageObject","inLanguage":"pt-BR","@id":"https:\/\/www.estrategiaconcursos.com.br\/blog\/concurso-depen-mpog-autoriza-realizacao-serao-258-vagas-de-nivel-mediotecnico-e-superior\/#primaryimage","url":"https:\/\/dhg1h5j42swfq.cloudfront.net\/2015\/02\/concurso-depen.gif","contentUrl":"https:\/\/dhg1h5j42swfq.cloudfront.net\/2015\/02\/concurso-depen.gif","width":480,"height":509},{"@type":"BreadcrumbList","@id":"https:\/\/www.estrategiaconcursos.com.br\/blog\/concurso-depen-mpog-autoriza-realizacao-serao-258-vagas-de-nivel-mediotecnico-e-superior\/#breadcrumb","itemListElement":[{"@type":"ListItem","position":1,"name":"In\u00edcio","item":"https:\/\/www.estrategiaconcursos.com.br\/blog\/"},{"@type":"ListItem","position":2,"name":"Concurso DEPEN: MPOG autoriza realiza\u00e7\u00e3o. Ser\u00e3o 258 vagas de n\u00edvel m\u00e9dio\/t\u00e9cnico e superior"}]},{"@type":"WebSite","@id":"https:\/\/www.estrategiaconcursos.com.br\/blog\/#website","url":"https:\/\/www.estrategiaconcursos.com.br\/blog\/","name":"Estrat\u00e9gia Concursos","description":"O blog da Estrat\u00e9gia Concursos traz not\u00edcias sobre concursos e artigos de professores oferecendo cursos para concursos (pdf + videaulas) no site.","publisher":{"@id":"https:\/\/www.estrategiaconcursos.com.br\/blog\/#organization"},"potentialAction":[{"@type":"SearchAction","target":{"@type":"EntryPoint","urlTemplate":"https:\/\/www.estrategiaconcursos.com.br\/blog\/?s={search_term_string}"},"query-input":{"@type":"PropertyValueSpecification","valueRequired":true,"valueName":"search_term_string"}}],"inLanguage":"pt-BR"},{"@type":"Organization","@id":"https:\/\/www.estrategiaconcursos.com.br\/blog\/#organization","name":"Estrat\u00e9gia Concursos","url":"https:\/\/www.estrategiaconcursos.com.br\/blog\/","logo":{"@type":"ImageObject","inLanguage":"pt-BR","@id":"https:\/\/www.estrategiaconcursos.com.br\/blog\/#\/schema\/logo\/image\/","url":"https:\/\/dhg1h5j42swfq.cloudfront.net\/2025\/06\/03203428\/logo_concursos-1.jpg","contentUrl":"https:\/\/dhg1h5j42swfq.cloudfront.net\/2025\/06\/03203428\/logo_concursos-1.jpg","width":230,"height":60,"caption":"Estrat\u00e9gia Concursos"},"image":{"@id":"https:\/\/www.estrategiaconcursos.com.br\/blog\/#\/schema\/logo\/image\/"},"sameAs":["https:\/\/x.com\/EstratConcursos"]},{"@type":"Person","@id":"https:\/\/www.estrategiaconcursos.com.br\/blog\/#\/schema\/person\/b69f846fcb6f09c1b651569e30b6e865","name":"Tha\u00eds Mendes (Jornalista)","image":{"@type":"ImageObject","inLanguage":"pt-BR","@id":"https:\/\/secure.gravatar.com\/avatar\/3c9c4f2eb3e762ee925852cf3188d5507fcec36cfe4fdee47acd4135266a8614?s=96&d=mm&r=g","url":"https:\/\/secure.gravatar.com\/avatar\/3c9c4f2eb3e762ee925852cf3188d5507fcec36cfe4fdee47acd4135266a8614?s=96&d=mm&r=g","contentUrl":"https:\/\/secure.gravatar.com\/avatar\/3c9c4f2eb3e762ee925852cf3188d5507fcec36cfe4fdee47acd4135266a8614?s=96&d=mm&r=g","caption":"Tha\u00eds Mendes (Jornalista)"},"url":"https:\/\/www.estrategiaconcursos.com.br\/blog\/author\/comunicacaoestrategiaconcursos-com-br\/"}]}},"_links":{"self":[{"href":"https:\/\/www.estrategiaconcursos.com.br\/blog\/wp-json\/wp\/v2\/posts\/21392","targetHints":{"allow":["GET"]}}],"collection":[{"href":"https:\/\/www.estrategiaconcursos.com.br\/blog\/wp-json\/wp\/v2\/posts"}],"about":[{"href":"https:\/\/www.estrategiaconcursos.com.br\/blog\/wp-json\/wp\/v2\/types\/post"}],"author":[{"embeddable":true,"href":"https:\/\/www.estrategiaconcursos.com.br\/blog\/wp-json\/wp\/v2\/users\/188"}],"replies":[{"embeddable":true,"href":"https:\/\/www.estrategiaconcursos.com.br\/blog\/wp-json\/wp\/v2\/comments?post=21392"}],"version-history":[{"count":3,"href":"https:\/\/www.estrategiaconcursos.com.br\/blog\/wp-json\/wp\/v2\/posts\/21392\/revisions"}],"predecessor-version":[{"id":164207,"href":"https:\/\/www.estrategiaconcursos.com.br\/blog\/wp-json\/wp\/v2\/posts\/21392\/revisions\/164207"}],"wp:attachment":[{"href":"https:\/\/www.estrategiaconcursos.com.br\/blog\/wp-json\/wp\/v2\/media?parent=21392"}],"wp:term":[{"taxonomy":"category","embeddable":true,"href":"https:\/\/www.estrategiaconcursos.com.br\/blog\/wp-json\/wp\/v2\/categories?post=21392"},{"taxonomy":"post_tag","embeddable":true,"href":"https:\/\/www.estrategiaconcursos.com.br\/blog\/wp-json\/wp\/v2\/tags?post=21392"},{"taxonomy":"tax_estado","embeddable":true,"href":"https:\/\/www.estrategiaconcursos.com.br\/blog\/wp-json\/wp\/v2\/tax_estado?post=21392"}],"curies":[{"name":"wp","href":"https:\/\/api.w.org\/{rel}","templated":true}]}}