{"id":21335,"date":"2015-02-13T08:26:35","date_gmt":"2015-02-13T11:26:35","guid":{"rendered":"http:\/\/www.estrategiaconcursos.com.br\/blog\/?p=21335"},"modified":"2019-11-05T10:12:43","modified_gmt":"2019-11-05T13:12:43","slug":"concurso-manausprev-inscricoes-terminam-na-tarde-de-hoje","status":"publish","type":"post","link":"https:\/\/www.estrategiaconcursos.com.br\/blog\/concurso-manausprev-inscricoes-terminam-na-tarde-de-hoje\/","title":{"rendered":"Concurso Manausprev: Inscri\u00e7\u00f5es terminam na tarde de hoje!"},"content":{"rendered":"<p style=\"text-align: justify;\"><span style=\"color: #000000;\"><a href=\"https:\/\/dhg1h5j42swfq.cloudfront.net\/2015\/01\/Concurso-Manausprev.jpg\"><img loading=\"lazy\" decoding=\"async\" class=\"alignleft wp-image-20579 size-medium\" src=\"https:\/\/dhg1h5j42swfq.cloudfront.net\/2015\/01\/Concurso-Manausprev.jpg\" alt=\"Concurso Manausprev\" width=\"300\" height=\"187\" srcset=\"https:\/\/dhg1h5j42swfq.cloudfront.net\/2015\/01\/Concurso-Manausprev.jpg 473w, https:\/\/dhg1h5j42swfq.cloudfront.net\/2015\/01\/Concurso-Manausprev.jpg 300w\" sizes=\"auto, (max-width: 300px) 100vw, 300px\" \/><\/a>Termina nesta sexta-feira, 13, o per\u00edodo de inscri\u00e7\u00f5es do&nbsp;<span style=\"color: #0000ff;\"><a style=\"color: #0000ff;\" href=\"https:\/\/www.estrategiaconcursos.com.br\/cursosPorConcurso\/manausprev-359\/\" target=\"_blank\" rel=\"noopener noreferrer\">concurso Manausprev<\/a><\/span>, com 57 vagas para o quadro permanente do \u00f3rg\u00e3o. Os interessados devem acessar o site da&nbsp;<a style=\"color: #000000;\" href=\"http:\/\/www.concursosfcc.com.br\/concursos\/fupam113\/index.html\"><span style=\"color: #0000ff;\">Funda\u00e7\u00e3o Carlos Chagas<\/span><\/a>&nbsp;at\u00e9 as 14h.&nbsp;As taxas variam de R$70 a R$120.<\/span><\/p>\n<p style=\"text-align: justify;\"><span style=\"color: #000000;\">Para graduados s\u00e3o 25 vagas, sendo cinco para procurador aut\u00e1rquico e 20 para analista previdenci\u00e1rio, nas \u00e1reas de administra\u00e7\u00e3o, contabilidade, economia, ci\u00eancias autoriais, servi\u00e7o social, psicologia, arquivologia e tecnologia da informa\u00e7\u00e3o. As outras 32 oportunidades do concurso Manausprev s\u00e3o para t\u00e9cnico previdenci\u00e1rio, que exige n\u00edvel m\u00e9dio. Os sal\u00e1rios variam de R$ 4 mil a R$ 6 mil, para jornada de 40h semanais.<\/span><\/p>\n<p style=\"text-align: justify;\"><span style=\"color: #000000;\">A prova objetiva ser\u00e1 realizada no&nbsp;dia 29 de mar\u00e7o de 2015 para todos os cargos na Cidade de Manaus\/AM, no per\u00edodo da manh\u00e3 para Analista Previdenci\u00e1rio e no per\u00edodo da tarde para T\u00e9cnico Previdenci\u00e1rio e Procurador. Os locais ser\u00e3o informados no site da organizadora no dia 16 de mar\u00e7o. Para cargo de Procurador ainda haver\u00e1 prova discursiva, que ser\u00e1 realizada no dia 21 de junho no per\u00edodo da manh\u00e3.<\/span><\/p>\n<p style=\"text-align: justify;\"><span style=\"color: #000000;\">O prazo de validade do concurso Manausprev&nbsp;\u00e9 de dois anos, prorrog\u00e1vel por igual per\u00edodo, a partir da data de homologa\u00e7\u00e3o do seu resultado final.<\/span><\/p>\n<p style=\"text-align: justify;\"><span style=\"color: #0000ff;\"><a style=\"color: #0000ff;\" href=\"https:\/\/dhg1h5j42swfq.cloudfront.net\/2015\/01\/editais_anexo_1_ap.tp_site.pdf\">Confira o Edital do concurso Manausprev clicando AQUI<\/a><\/span><\/p>\n<p style=\"text-align: justify;\"><span style=\"color: #000000;\"><strong>O Estrat\u00e9gia Concursos j\u00e1 lan\u00e7ou cursos para este concurso. Confira em:<\/strong><\/span><\/p>\n<p style=\"text-align: justify;\"><span style=\"color: #0000ff;\"><a style=\"color: #0000ff;\" href=\"https:\/\/www.estrategiaconcursos.com.br\/cursosPorConcurso\/manausprev-359\/\">https:\/\/www.estrategiaconcursos.com.br\/cursosPorConcurso\/manausprev-359\/<\/a><\/span><\/p>\n<p style=\"text-align: justify;\"><span style=\"color: #000000;\">Assessoria de Comunica\u00e7\u00e3o<\/span><\/p>\n<p style=\"text-align: justify;\"><span style=\"color: #000000;\">comunicacao@estrategiaconcursos.com.br<\/span><\/p>\n","protected":false},"excerpt":{"rendered":"<p>Termina nesta sexta-feira, 13, o per\u00edodo de inscri\u00e7\u00f5es do&nbsp;concurso Manausprev, com 57 vagas para o quadro permanente do \u00f3rg\u00e3o. Os interessados devem acessar o site da&nbsp;Funda\u00e7\u00e3o Carlos Chagas&nbsp;at\u00e9 as 14h.&nbsp;As taxas variam de R$70 a R$120. Para graduados s\u00e3o 25 vagas, sendo cinco para procurador aut\u00e1rquico e 20 para analista previdenci\u00e1rio, nas \u00e1reas de administra\u00e7\u00e3o, [&hellip;]<\/p>\n","protected":false},"author":1,"featured_media":0,"comment_status":"open","ping_status":"open","sticky":false,"template":"","format":"standard","meta":{"post_tipo":"news","footnotes":""},"categories":[1],"tags":[602],"tax_estado":[],"class_list":["post-21335","post","type-post","status-publish","format-standard","hentry","category-cursos-e-concursos","tag-manausprev"],"acf":[],"yoast_head":"<!-- This site is optimized with the Yoast SEO Premium plugin v27.2 (Yoast SEO v27.2) - https:\/\/yoast.com\/product\/yoast-seo-premium-wordpress\/ -->\n<title>Concurso Manausprev: Inscri\u00e7\u00f5es terminam na tarde de hoje!<\/title>\n<meta name=\"description\" content=\"Termina nesta sexta-feira, 13, o per\u00edodo de inscri\u00e7\u00f5es do concurso Manausprev. Saiba mais!\" \/>\n<meta name=\"robots\" content=\"index, follow, max-snippet:-1, max-image-preview:large, max-video-preview:-1\" \/>\n<link rel=\"canonical\" href=\"https:\/\/www.estrategiaconcursos.com.br\/blog\/concurso-manausprev-inscricoes-terminam-na-tarde-de-hoje\/\" \/>\n<meta property=\"og:locale\" content=\"pt_BR\" \/>\n<meta property=\"og:type\" content=\"article\" \/>\n<meta property=\"og:title\" content=\"Concurso Manausprev: Inscri\u00e7\u00f5es terminam na tarde de hoje!\" \/>\n<meta property=\"og:description\" content=\"Termina nesta sexta-feira, 13, o per\u00edodo de inscri\u00e7\u00f5es do concurso Manausprev. Saiba mais!\" \/>\n<meta property=\"og:url\" content=\"https:\/\/www.estrategiaconcursos.com.br\/blog\/concurso-manausprev-inscricoes-terminam-na-tarde-de-hoje\/\" \/>\n<meta property=\"og:site_name\" content=\"Estrat\u00e9gia Concursos\" \/>\n<meta property=\"article:author\" content=\"https:\/\/www.facebook.com\/EstrategiaConcursos\" \/>\n<meta property=\"article:published_time\" content=\"2015-02-13T11:26:35+00:00\" \/>\n<meta property=\"article:modified_time\" content=\"2019-11-05T13:12:43+00:00\" \/>\n<meta property=\"og:image\" content=\"https:\/\/www.estrategiaconcursos.com.br\/blog\/wp-content\/uploads\/2015\/01\/Concurso-Manausprev-300x187.jpg\" \/>\n<meta name=\"author\" content=\"Coordena\u00e7\u00e3o\" \/>\n<meta name=\"twitter:card\" content=\"summary_large_image\" \/>\n<meta name=\"twitter:creator\" content=\"@EstratConcursos\" \/>\n<meta name=\"twitter:site\" content=\"@EstratConcursos\" \/>\n<meta name=\"twitter:label1\" content=\"Escrito por\" \/>\n\t<meta name=\"twitter:data1\" content=\"Coordena\u00e7\u00e3o\" \/>\n\t<meta name=\"twitter:label2\" content=\"Est. tempo de leitura\" \/>\n\t<meta name=\"twitter:data2\" content=\"1 minuto\" \/>\n<script type=\"application\/ld+json\" class=\"yoast-schema-graph\">{\"@context\":\"https:\/\/schema.org\",\"@graph\":[{\"@type\":\"NewsArticle\",\"@id\":\"https:\/\/www.estrategiaconcursos.com.br\/blog\/concurso-manausprev-inscricoes-terminam-na-tarde-de-hoje\/#article\",\"isPartOf\":{\"@id\":\"https:\/\/www.estrategiaconcursos.com.br\/blog\/concurso-manausprev-inscricoes-terminam-na-tarde-de-hoje\/\"},\"author\":{\"name\":\"Coordena\u00e7\u00e3o\",\"@id\":\"https:\/\/www.estrategiaconcursos.com.br\/blog\/#\/schema\/person\/b4a388c97673c5f483d72185668afa1f\"},\"headline\":\"Concurso Manausprev: Inscri\u00e7\u00f5es terminam na tarde de hoje!\",\"datePublished\":\"2015-02-13T11:26:35+00:00\",\"dateModified\":\"2019-11-05T13:12:43+00:00\",\"mainEntityOfPage\":{\"@id\":\"https:\/\/www.estrategiaconcursos.com.br\/blog\/concurso-manausprev-inscricoes-terminam-na-tarde-de-hoje\/\"},\"wordCount\":266,\"commentCount\":0,\"publisher\":{\"@id\":\"https:\/\/www.estrategiaconcursos.com.br\/blog\/#organization\"},\"image\":{\"@id\":\"https:\/\/www.estrategiaconcursos.com.br\/blog\/concurso-manausprev-inscricoes-terminam-na-tarde-de-hoje\/#primaryimage\"},\"thumbnailUrl\":\"https:\/\/www.estrategiaconcursos.com.br\/blog\/wp-content\/uploads\/2015\/01\/Concurso-Manausprev-300x187.jpg\",\"keywords\":[\"Manausprev\"],\"articleSection\":[\"Concursos P\u00fablicos\"],\"inLanguage\":\"pt-BR\",\"potentialAction\":[{\"@type\":\"CommentAction\",\"name\":\"Comment\",\"target\":[\"https:\/\/www.estrategiaconcursos.com.br\/blog\/concurso-manausprev-inscricoes-terminam-na-tarde-de-hoje\/#respond\"]}],\"copyrightYear\":\"2015\",\"copyrightHolder\":{\"@id\":\"https:\/\/www.estrategiaconcursos.com.br\/blog\/#organization\"}},{\"@type\":\"WebPage\",\"@id\":\"https:\/\/www.estrategiaconcursos.com.br\/blog\/concurso-manausprev-inscricoes-terminam-na-tarde-de-hoje\/\",\"url\":\"https:\/\/www.estrategiaconcursos.com.br\/blog\/concurso-manausprev-inscricoes-terminam-na-tarde-de-hoje\/\",\"name\":\"Concurso Manausprev: Inscri\u00e7\u00f5es terminam na tarde de hoje!\",\"isPartOf\":{\"@id\":\"https:\/\/www.estrategiaconcursos.com.br\/blog\/#website\"},\"primaryImageOfPage\":{\"@id\":\"https:\/\/www.estrategiaconcursos.com.br\/blog\/concurso-manausprev-inscricoes-terminam-na-tarde-de-hoje\/#primaryimage\"},\"image\":{\"@id\":\"https:\/\/www.estrategiaconcursos.com.br\/blog\/concurso-manausprev-inscricoes-terminam-na-tarde-de-hoje\/#primaryimage\"},\"thumbnailUrl\":\"https:\/\/www.estrategiaconcursos.com.br\/blog\/wp-content\/uploads\/2015\/01\/Concurso-Manausprev-300x187.jpg\",\"datePublished\":\"2015-02-13T11:26:35+00:00\",\"dateModified\":\"2019-11-05T13:12:43+00:00\",\"description\":\"Termina nesta sexta-feira, 13, o per\u00edodo de inscri\u00e7\u00f5es do concurso Manausprev. Saiba mais!\",\"breadcrumb\":{\"@id\":\"https:\/\/www.estrategiaconcursos.com.br\/blog\/concurso-manausprev-inscricoes-terminam-na-tarde-de-hoje\/#breadcrumb\"},\"inLanguage\":\"pt-BR\",\"potentialAction\":[{\"@type\":\"ReadAction\",\"target\":[\"https:\/\/www.estrategiaconcursos.com.br\/blog\/concurso-manausprev-inscricoes-terminam-na-tarde-de-hoje\/\"]}]},{\"@type\":\"ImageObject\",\"inLanguage\":\"pt-BR\",\"@id\":\"https:\/\/www.estrategiaconcursos.com.br\/blog\/concurso-manausprev-inscricoes-terminam-na-tarde-de-hoje\/#primaryimage\",\"url\":\"https:\/\/dhg1h5j42swfq.cloudfront.net\/2015\/01\/Concurso-Manausprev.jpg\",\"contentUrl\":\"https:\/\/dhg1h5j42swfq.cloudfront.net\/2015\/01\/Concurso-Manausprev.jpg\",\"width\":473,\"height\":295,\"caption\":\"Manausprev\"},{\"@type\":\"BreadcrumbList\",\"@id\":\"https:\/\/www.estrategiaconcursos.com.br\/blog\/concurso-manausprev-inscricoes-terminam-na-tarde-de-hoje\/#breadcrumb\",\"itemListElement\":[{\"@type\":\"ListItem\",\"position\":1,\"name\":\"In\u00edcio\",\"item\":\"https:\/\/www.estrategiaconcursos.com.br\/blog\/\"},{\"@type\":\"ListItem\",\"position\":2,\"name\":\"Concurso Manausprev: Inscri\u00e7\u00f5es terminam na tarde de hoje!\"}]},{\"@type\":\"WebSite\",\"@id\":\"https:\/\/www.estrategiaconcursos.com.br\/blog\/#website\",\"url\":\"https:\/\/www.estrategiaconcursos.com.br\/blog\/\",\"name\":\"Estrat\u00e9gia Concursos\",\"description\":\"O blog da Estrat\u00e9gia Concursos traz not\u00edcias sobre concursos e artigos de professores oferecendo cursos para concursos (pdf + videaulas) no site.\",\"publisher\":{\"@id\":\"https:\/\/www.estrategiaconcursos.com.br\/blog\/#organization\"},\"potentialAction\":[{\"@type\":\"SearchAction\",\"target\":{\"@type\":\"EntryPoint\",\"urlTemplate\":\"https:\/\/www.estrategiaconcursos.com.br\/blog\/?s={search_term_string}\"},\"query-input\":{\"@type\":\"PropertyValueSpecification\",\"valueRequired\":true,\"valueName\":\"search_term_string\"}}],\"inLanguage\":\"pt-BR\"},{\"@type\":\"Organization\",\"@id\":\"https:\/\/www.estrategiaconcursos.com.br\/blog\/#organization\",\"name\":\"Estrat\u00e9gia Concursos\",\"url\":\"https:\/\/www.estrategiaconcursos.com.br\/blog\/\",\"logo\":{\"@type\":\"ImageObject\",\"inLanguage\":\"pt-BR\",\"@id\":\"https:\/\/www.estrategiaconcursos.com.br\/blog\/#\/schema\/logo\/image\/\",\"url\":\"https:\/\/dhg1h5j42swfq.cloudfront.net\/2025\/06\/03203428\/logo_concursos-1.jpg\",\"contentUrl\":\"https:\/\/dhg1h5j42swfq.cloudfront.net\/2025\/06\/03203428\/logo_concursos-1.jpg\",\"width\":230,\"height\":60,\"caption\":\"Estrat\u00e9gia Concursos\"},\"image\":{\"@id\":\"https:\/\/www.estrategiaconcursos.com.br\/blog\/#\/schema\/logo\/image\/\"},\"sameAs\":[\"https:\/\/x.com\/EstratConcursos\"]},{\"@type\":\"Person\",\"@id\":\"https:\/\/www.estrategiaconcursos.com.br\/blog\/#\/schema\/person\/b4a388c97673c5f483d72185668afa1f\",\"name\":\"Coordena\u00e7\u00e3o\",\"image\":{\"@type\":\"ImageObject\",\"inLanguage\":\"pt-BR\",\"@id\":\"https:\/\/secure.gravatar.com\/avatar\/b720319e4c9a967eb58678d110f4fe35452fc5d5f97b202bac7b8acceb18c6ad?s=96&d=mm&r=g\",\"url\":\"https:\/\/secure.gravatar.com\/avatar\/b720319e4c9a967eb58678d110f4fe35452fc5d5f97b202bac7b8acceb18c6ad?s=96&d=mm&r=g\",\"contentUrl\":\"https:\/\/secure.gravatar.com\/avatar\/b720319e4c9a967eb58678d110f4fe35452fc5d5f97b202bac7b8acceb18c6ad?s=96&d=mm&r=g\",\"caption\":\"Coordena\u00e7\u00e3o\"},\"sameAs\":[\"https:\/\/www.facebook.com\/EstrategiaConcursos\",\"https:\/\/x.com\/EstratConcursos\"],\"url\":\"https:\/\/www.estrategiaconcursos.com.br\/blog\/author\/estrategia2013\/\"}]}<\/script>\n<!-- \/ Yoast SEO Premium plugin. -->","yoast_head_json":{"title":"Concurso Manausprev: Inscri\u00e7\u00f5es terminam na tarde de hoje!","description":"Termina nesta sexta-feira, 13, o per\u00edodo de inscri\u00e7\u00f5es do concurso Manausprev. Saiba mais!","robots":{"index":"index","follow":"follow","max-snippet":"max-snippet:-1","max-image-preview":"max-image-preview:large","max-video-preview":"max-video-preview:-1"},"canonical":"https:\/\/www.estrategiaconcursos.com.br\/blog\/concurso-manausprev-inscricoes-terminam-na-tarde-de-hoje\/","og_locale":"pt_BR","og_type":"article","og_title":"Concurso Manausprev: Inscri\u00e7\u00f5es terminam na tarde de hoje!","og_description":"Termina nesta sexta-feira, 13, o per\u00edodo de inscri\u00e7\u00f5es do concurso Manausprev. Saiba mais!","og_url":"https:\/\/www.estrategiaconcursos.com.br\/blog\/concurso-manausprev-inscricoes-terminam-na-tarde-de-hoje\/","og_site_name":"Estrat\u00e9gia Concursos","article_author":"https:\/\/www.facebook.com\/EstrategiaConcursos","article_published_time":"2015-02-13T11:26:35+00:00","article_modified_time":"2019-11-05T13:12:43+00:00","og_image":[{"url":"https:\/\/www.estrategiaconcursos.com.br\/blog\/wp-content\/uploads\/2015\/01\/Concurso-Manausprev-300x187.jpg","type":"","width":"","height":""}],"author":"Coordena\u00e7\u00e3o","twitter_card":"summary_large_image","twitter_creator":"@EstratConcursos","twitter_site":"@EstratConcursos","twitter_misc":{"Escrito por":"Coordena\u00e7\u00e3o","Est. tempo de leitura":"1 minuto"},"schema":{"@context":"https:\/\/schema.org","@graph":[{"@type":"NewsArticle","@id":"https:\/\/www.estrategiaconcursos.com.br\/blog\/concurso-manausprev-inscricoes-terminam-na-tarde-de-hoje\/#article","isPartOf":{"@id":"https:\/\/www.estrategiaconcursos.com.br\/blog\/concurso-manausprev-inscricoes-terminam-na-tarde-de-hoje\/"},"author":{"name":"Coordena\u00e7\u00e3o","@id":"https:\/\/www.estrategiaconcursos.com.br\/blog\/#\/schema\/person\/b4a388c97673c5f483d72185668afa1f"},"headline":"Concurso Manausprev: Inscri\u00e7\u00f5es terminam na tarde de hoje!","datePublished":"2015-02-13T11:26:35+00:00","dateModified":"2019-11-05T13:12:43+00:00","mainEntityOfPage":{"@id":"https:\/\/www.estrategiaconcursos.com.br\/blog\/concurso-manausprev-inscricoes-terminam-na-tarde-de-hoje\/"},"wordCount":266,"commentCount":0,"publisher":{"@id":"https:\/\/www.estrategiaconcursos.com.br\/blog\/#organization"},"image":{"@id":"https:\/\/www.estrategiaconcursos.com.br\/blog\/concurso-manausprev-inscricoes-terminam-na-tarde-de-hoje\/#primaryimage"},"thumbnailUrl":"https:\/\/www.estrategiaconcursos.com.br\/blog\/wp-content\/uploads\/2015\/01\/Concurso-Manausprev-300x187.jpg","keywords":["Manausprev"],"articleSection":["Concursos P\u00fablicos"],"inLanguage":"pt-BR","potentialAction":[{"@type":"CommentAction","name":"Comment","target":["https:\/\/www.estrategiaconcursos.com.br\/blog\/concurso-manausprev-inscricoes-terminam-na-tarde-de-hoje\/#respond"]}],"copyrightYear":"2015","copyrightHolder":{"@id":"https:\/\/www.estrategiaconcursos.com.br\/blog\/#organization"}},{"@type":"WebPage","@id":"https:\/\/www.estrategiaconcursos.com.br\/blog\/concurso-manausprev-inscricoes-terminam-na-tarde-de-hoje\/","url":"https:\/\/www.estrategiaconcursos.com.br\/blog\/concurso-manausprev-inscricoes-terminam-na-tarde-de-hoje\/","name":"Concurso Manausprev: Inscri\u00e7\u00f5es terminam na tarde de hoje!","isPartOf":{"@id":"https:\/\/www.estrategiaconcursos.com.br\/blog\/#website"},"primaryImageOfPage":{"@id":"https:\/\/www.estrategiaconcursos.com.br\/blog\/concurso-manausprev-inscricoes-terminam-na-tarde-de-hoje\/#primaryimage"},"image":{"@id":"https:\/\/www.estrategiaconcursos.com.br\/blog\/concurso-manausprev-inscricoes-terminam-na-tarde-de-hoje\/#primaryimage"},"thumbnailUrl":"https:\/\/www.estrategiaconcursos.com.br\/blog\/wp-content\/uploads\/2015\/01\/Concurso-Manausprev-300x187.jpg","datePublished":"2015-02-13T11:26:35+00:00","dateModified":"2019-11-05T13:12:43+00:00","description":"Termina nesta sexta-feira, 13, o per\u00edodo de inscri\u00e7\u00f5es do concurso Manausprev. Saiba mais!","breadcrumb":{"@id":"https:\/\/www.estrategiaconcursos.com.br\/blog\/concurso-manausprev-inscricoes-terminam-na-tarde-de-hoje\/#breadcrumb"},"inLanguage":"pt-BR","potentialAction":[{"@type":"ReadAction","target":["https:\/\/www.estrategiaconcursos.com.br\/blog\/concurso-manausprev-inscricoes-terminam-na-tarde-de-hoje\/"]}]},{"@type":"ImageObject","inLanguage":"pt-BR","@id":"https:\/\/www.estrategiaconcursos.com.br\/blog\/concurso-manausprev-inscricoes-terminam-na-tarde-de-hoje\/#primaryimage","url":"https:\/\/dhg1h5j42swfq.cloudfront.net\/2015\/01\/Concurso-Manausprev.jpg","contentUrl":"https:\/\/dhg1h5j42swfq.cloudfront.net\/2015\/01\/Concurso-Manausprev.jpg","width":473,"height":295,"caption":"Manausprev"},{"@type":"BreadcrumbList","@id":"https:\/\/www.estrategiaconcursos.com.br\/blog\/concurso-manausprev-inscricoes-terminam-na-tarde-de-hoje\/#breadcrumb","itemListElement":[{"@type":"ListItem","position":1,"name":"In\u00edcio","item":"https:\/\/www.estrategiaconcursos.com.br\/blog\/"},{"@type":"ListItem","position":2,"name":"Concurso Manausprev: Inscri\u00e7\u00f5es terminam na tarde de hoje!"}]},{"@type":"WebSite","@id":"https:\/\/www.estrategiaconcursos.com.br\/blog\/#website","url":"https:\/\/www.estrategiaconcursos.com.br\/blog\/","name":"Estrat\u00e9gia Concursos","description":"O blog da Estrat\u00e9gia Concursos traz not\u00edcias sobre concursos e artigos de professores oferecendo cursos para concursos (pdf + videaulas) no site.","publisher":{"@id":"https:\/\/www.estrategiaconcursos.com.br\/blog\/#organization"},"potentialAction":[{"@type":"SearchAction","target":{"@type":"EntryPoint","urlTemplate":"https:\/\/www.estrategiaconcursos.com.br\/blog\/?s={search_term_string}"},"query-input":{"@type":"PropertyValueSpecification","valueRequired":true,"valueName":"search_term_string"}}],"inLanguage":"pt-BR"},{"@type":"Organization","@id":"https:\/\/www.estrategiaconcursos.com.br\/blog\/#organization","name":"Estrat\u00e9gia Concursos","url":"https:\/\/www.estrategiaconcursos.com.br\/blog\/","logo":{"@type":"ImageObject","inLanguage":"pt-BR","@id":"https:\/\/www.estrategiaconcursos.com.br\/blog\/#\/schema\/logo\/image\/","url":"https:\/\/dhg1h5j42swfq.cloudfront.net\/2025\/06\/03203428\/logo_concursos-1.jpg","contentUrl":"https:\/\/dhg1h5j42swfq.cloudfront.net\/2025\/06\/03203428\/logo_concursos-1.jpg","width":230,"height":60,"caption":"Estrat\u00e9gia Concursos"},"image":{"@id":"https:\/\/www.estrategiaconcursos.com.br\/blog\/#\/schema\/logo\/image\/"},"sameAs":["https:\/\/x.com\/EstratConcursos"]},{"@type":"Person","@id":"https:\/\/www.estrategiaconcursos.com.br\/blog\/#\/schema\/person\/b4a388c97673c5f483d72185668afa1f","name":"Coordena\u00e7\u00e3o","image":{"@type":"ImageObject","inLanguage":"pt-BR","@id":"https:\/\/secure.gravatar.com\/avatar\/b720319e4c9a967eb58678d110f4fe35452fc5d5f97b202bac7b8acceb18c6ad?s=96&d=mm&r=g","url":"https:\/\/secure.gravatar.com\/avatar\/b720319e4c9a967eb58678d110f4fe35452fc5d5f97b202bac7b8acceb18c6ad?s=96&d=mm&r=g","contentUrl":"https:\/\/secure.gravatar.com\/avatar\/b720319e4c9a967eb58678d110f4fe35452fc5d5f97b202bac7b8acceb18c6ad?s=96&d=mm&r=g","caption":"Coordena\u00e7\u00e3o"},"sameAs":["https:\/\/www.facebook.com\/EstrategiaConcursos","https:\/\/x.com\/EstratConcursos"],"url":"https:\/\/www.estrategiaconcursos.com.br\/blog\/author\/estrategia2013\/"}]}},"_links":{"self":[{"href":"https:\/\/www.estrategiaconcursos.com.br\/blog\/wp-json\/wp\/v2\/posts\/21335","targetHints":{"allow":["GET"]}}],"collection":[{"href":"https:\/\/www.estrategiaconcursos.com.br\/blog\/wp-json\/wp\/v2\/posts"}],"about":[{"href":"https:\/\/www.estrategiaconcursos.com.br\/blog\/wp-json\/wp\/v2\/types\/post"}],"author":[{"embeddable":true,"href":"https:\/\/www.estrategiaconcursos.com.br\/blog\/wp-json\/wp\/v2\/users\/1"}],"replies":[{"embeddable":true,"href":"https:\/\/www.estrategiaconcursos.com.br\/blog\/wp-json\/wp\/v2\/comments?post=21335"}],"version-history":[{"count":2,"href":"https:\/\/www.estrategiaconcursos.com.br\/blog\/wp-json\/wp\/v2\/posts\/21335\/revisions"}],"predecessor-version":[{"id":444210,"href":"https:\/\/www.estrategiaconcursos.com.br\/blog\/wp-json\/wp\/v2\/posts\/21335\/revisions\/444210"}],"wp:attachment":[{"href":"https:\/\/www.estrategiaconcursos.com.br\/blog\/wp-json\/wp\/v2\/media?parent=21335"}],"wp:term":[{"taxonomy":"category","embeddable":true,"href":"https:\/\/www.estrategiaconcursos.com.br\/blog\/wp-json\/wp\/v2\/categories?post=21335"},{"taxonomy":"post_tag","embeddable":true,"href":"https:\/\/www.estrategiaconcursos.com.br\/blog\/wp-json\/wp\/v2\/tags?post=21335"},{"taxonomy":"tax_estado","embeddable":true,"href":"https:\/\/www.estrategiaconcursos.com.br\/blog\/wp-json\/wp\/v2\/tax_estado?post=21335"}],"curies":[{"name":"wp","href":"https:\/\/api.w.org\/{rel}","templated":true}]}}