{"id":21244,"date":"2015-02-11T09:53:29","date_gmt":"2015-02-11T12:53:29","guid":{"rendered":"http:\/\/www.estrategiaconcursos.com.br\/blog\/?p=21244"},"modified":"2020-06-29T08:51:48","modified_gmt":"2020-06-29T11:51:48","slug":"concurso-mpu-para-os-cargos-de-tecnico-e-analista-prorrogado-prazo-para-inscricao","status":"publish","type":"post","link":"https:\/\/www.estrategiaconcursos.com.br\/blog\/concurso-mpu-para-os-cargos-de-tecnico-e-analista-prorrogado-prazo-para-inscricao\/","title":{"rendered":"Concurso MPU para os cargos de T\u00e9cnico e Analista: Prorrogado prazo para inscri\u00e7\u00e3o!"},"content":{"rendered":"<p style=\"text-align: justify;\"><span style=\"color: #000000;\"><a href=\"https:\/\/dhg1h5j42swfq.cloudfront.net\/2015\/01\/concurso-MPU.jpg\"><img loading=\"lazy\" decoding=\"async\" class=\"alignleft wp-image-20569 size-medium\" src=\"https:\/\/dhg1h5j42swfq.cloudfront.net\/2015\/01\/concurso-MPU.jpg\" alt=\"concurso MPU\" width=\"300\" height=\"172\" srcset=\"https:\/\/dhg1h5j42swfq.cloudfront.net\/2015\/01\/concurso-MPU.jpg 472w, https:\/\/dhg1h5j42swfq.cloudfront.net\/2015\/01\/concurso-MPU.jpg 300w\" sizes=\"auto, (max-width: 300px) 100vw, 300px\" \/><\/a>O prazo para as inscri\u00e7\u00f5es no<span style=\"color: #0000ff;\">&nbsp;<a style=\"color: #0000ff;\" href=\"https:\/\/www.estrategiaconcursos.com.br\/cursosPorConcurso\/mpu-ministerio-publico-da-uniao-133\/\">concurso do&nbsp;Minist\u00e9rio P\u00fablico da Uni\u00e3o (MPU)<\/a><\/span>, que&nbsp;visa o preenchimento de 25 vagas e forma\u00e7\u00e3o de cadastro de reserva nos cargos de Analista e T\u00e9cnico, que se encerraria hoje, foi prorrogado. Os interessados t\u00eam agora at\u00e9 as 23h59 do dia 18 de fevereiro para acessar o site do <span style=\"color: #0000ff;\"><a style=\"color: #0000ff;\" href=\"http:\/\/www.cespe.unb.br\/concursos\/mpu_15\/\">Cespe<\/a><\/span> e realizar sua inscri\u00e7\u00e3o. As taxas s\u00e3o R$ 140,00 para n\u00edvel superior e R$ 110,00 para n\u00edvel m\u00e9dio.<\/span><\/p>\n<p style=\"text-align: justify;\"><span style=\"color: #000000;\">Os cargos de n\u00edvel superior do concurso MPU s\u00e3o para analista nas atividades de apoio t\u00e9cnico administrativo \u2013 especialidade atuarial, apoio t\u00e9cnico-especializado especialidade de finan\u00e7as e controle, per\u00edcia na especialidade de engenharia qu\u00edmica.&nbsp;A remunera\u00e7\u00e3o inicial&nbsp;\u00e9 de R$ 8.178,06 para uma jornada de trabalho de 40 horas semanais. A lota\u00e7\u00e3o ser\u00e1 em Bras\u00edlia.<\/span><\/p>\n<p style=\"text-align: justify;\"><span style=\"color: #000000;\">As vagas de n\u00edvel m\u00e9dio s\u00e3o para t\u00e9cnico do MPU e t\u00e9cnico na \u00e1rea de apoio t\u00e9cnico administrativo especialidade seguran\u00e7a institucional e transporte. Para este, \u00e9 necess\u00e1rio possuir&nbsp;Carteira Nacional de Habilita\u00e7\u00e3o nas categorias \u201cD\u201d ou \u201cE\u201d.&nbsp;A remunera\u00e7\u00e3o inicial \u00e9 de R$ 5.007,82 para a jornada de 40 horas semanais. As vagas s\u00e3o para os&nbsp;estados de AM, AP, BA, DF, ES, MT, PA, PI, PR, RJ, RO, RS e SP.&nbsp;<\/span><\/p>\n<p style=\"text-align: justify;\"><span style=\"color: #000000;\">O concurso MPU ter\u00e1 provas objetivas, de car\u00e1ter eliminat\u00f3rio e classificat\u00f3rio, para todos os cargos, mais prova discursiva para o cargo de Analista do MP, teste de aptid\u00e3o f\u00edsica (TAF), avalia\u00e7\u00e3o m\u00e9dica e programa de forma\u00e7\u00e3o profissional.&nbsp;As avalia\u00e7\u00f5es objetivas, para todos os cargos, ocorrer\u00e3o na data prov\u00e1vel de 22 de mar\u00e7o. As etapas ser\u00e3o aplicadas em todas as 26 capitais dos estados e no Distrito Federal, com exce\u00e7\u00e3o do Programa de Forma\u00e7\u00e3o, que acontece apenas em Bras\u00edlia (DF).<\/span><\/p>\n<p style=\"text-align: justify;\"><span style=\"color: #000000;\">O prazo de validade do concurso MPU&nbsp;\u00e9 de&nbsp;dois anos, contados a partir da data de publica\u00e7\u00e3o da homologa\u00e7\u00e3o do resultado final, podendo ser prorrogado, uma \u00fanica vez, por igual per\u00edodo.<\/span><\/p>\n<p style=\"text-align: justify;\"><span style=\"color: #000000;\"><strong>O Estrat\u00e9gia Concursos j\u00e1 lan\u00e7ou cursos para este concurso. Confira em:<\/strong><\/span><\/p>\n<p style=\"text-align: justify;\"><span style=\"color: #0000ff;\"><a style=\"color: #0000ff;\" href=\"https:\/\/www.estrategiaconcursos.com.br\/cursosPorConcurso\/mpu-ministerio-publico-da-uniao-133\/\" target=\"_blank\" rel=\"noopener noreferrer\">https:\/\/www.estrategiaconcursos.com.br\/cursosPorConcurso\/mpu-ministerio-publico-da-uniao-133\/<\/a><\/span><\/p>\n<p style=\"text-align: justify;\"><span style=\"color: #000000;\">Assessoria de Comunica\u00e7\u00e3o<\/span><\/p>\n<p style=\"text-align: justify;\"><span style=\"color: #000000;\">comunicacao@estrategiaconcursos.com.br<\/span><\/p>\n","protected":false},"excerpt":{"rendered":"<p>O prazo para as inscri\u00e7\u00f5es no&nbsp;concurso do&nbsp;Minist\u00e9rio P\u00fablico da Uni\u00e3o (MPU), que&nbsp;visa o preenchimento de 25 vagas e forma\u00e7\u00e3o de cadastro de reserva nos cargos de Analista e T\u00e9cnico, que se encerraria hoje, foi prorrogado. Os interessados t\u00eam agora at\u00e9 as 23h59 do dia 18 de fevereiro para acessar o site do Cespe e realizar [&hellip;]<\/p>\n","protected":false},"author":1,"featured_media":0,"comment_status":"open","ping_status":"open","sticky":false,"template":"","format":"standard","meta":{"post_tipo":"news","footnotes":""},"categories":[1],"tags":[52],"tax_estado":[],"class_list":["post-21244","post","type-post","status-publish","format-standard","hentry","category-cursos-e-concursos","tag-mpu"],"acf":[],"yoast_head":"<!-- This site is optimized with the Yoast SEO Premium plugin v27.2 (Yoast SEO v27.2) - https:\/\/yoast.com\/product\/yoast-seo-premium-wordpress\/ -->\n<title>Concurso MPU para os cargos de T\u00e9cnico e Analista: Prorrogado prazo para inscri\u00e7\u00e3o!<\/title>\n<meta name=\"description\" content=\"O prazo para inscri\u00e7\u00f5es no concurso MPU que se encerraria hoje foi prorrogado. Saiba mais!\" \/>\n<meta name=\"robots\" content=\"index, follow, max-snippet:-1, max-image-preview:large, max-video-preview:-1\" \/>\n<link rel=\"canonical\" href=\"https:\/\/www.estrategiaconcursos.com.br\/blog\/concurso-mpu-para-os-cargos-de-tecnico-e-analista-prorrogado-prazo-para-inscricao\/\" \/>\n<meta property=\"og:locale\" content=\"pt_BR\" \/>\n<meta property=\"og:type\" content=\"article\" \/>\n<meta property=\"og:title\" content=\"Concurso MPU para os cargos de T\u00e9cnico e Analista: Prorrogado prazo para inscri\u00e7\u00e3o!\" \/>\n<meta property=\"og:description\" content=\"O prazo para inscri\u00e7\u00f5es no concurso MPU que se encerraria hoje foi prorrogado. Saiba mais!\" \/>\n<meta property=\"og:url\" content=\"https:\/\/www.estrategiaconcursos.com.br\/blog\/concurso-mpu-para-os-cargos-de-tecnico-e-analista-prorrogado-prazo-para-inscricao\/\" \/>\n<meta property=\"og:site_name\" content=\"Estrat\u00e9gia Concursos\" \/>\n<meta property=\"article:author\" content=\"https:\/\/www.facebook.com\/EstrategiaConcursos\" \/>\n<meta property=\"article:published_time\" content=\"2015-02-11T12:53:29+00:00\" \/>\n<meta property=\"article:modified_time\" content=\"2020-06-29T11:51:48+00:00\" \/>\n<meta property=\"og:image\" content=\"https:\/\/www.estrategiaconcursos.com.br\/blog\/wp-content\/uploads\/2015\/01\/concurso-MPU-300x172.jpg\" \/>\n<meta name=\"author\" content=\"Coordena\u00e7\u00e3o\" \/>\n<meta name=\"twitter:card\" content=\"summary_large_image\" \/>\n<meta name=\"twitter:creator\" content=\"@EstratConcursos\" \/>\n<meta name=\"twitter:site\" content=\"@EstratConcursos\" \/>\n<meta name=\"twitter:label1\" content=\"Escrito por\" \/>\n\t<meta name=\"twitter:data1\" content=\"Coordena\u00e7\u00e3o\" \/>\n\t<meta name=\"twitter:label2\" content=\"Est. tempo de leitura\" \/>\n\t<meta name=\"twitter:data2\" content=\"2 minutos\" \/>\n<script type=\"application\/ld+json\" class=\"yoast-schema-graph\">{\"@context\":\"https:\/\/schema.org\",\"@graph\":[{\"@type\":\"NewsArticle\",\"@id\":\"https:\/\/www.estrategiaconcursos.com.br\/blog\/concurso-mpu-para-os-cargos-de-tecnico-e-analista-prorrogado-prazo-para-inscricao\/#article\",\"isPartOf\":{\"@id\":\"https:\/\/www.estrategiaconcursos.com.br\/blog\/concurso-mpu-para-os-cargos-de-tecnico-e-analista-prorrogado-prazo-para-inscricao\/\"},\"author\":{\"name\":\"Coordena\u00e7\u00e3o\",\"@id\":\"https:\/\/www.estrategiaconcursos.com.br\/blog\/#\/schema\/person\/b4a388c97673c5f483d72185668afa1f\"},\"headline\":\"Concurso MPU para os cargos de T\u00e9cnico e Analista: Prorrogado prazo para inscri\u00e7\u00e3o!\",\"datePublished\":\"2015-02-11T12:53:29+00:00\",\"dateModified\":\"2020-06-29T11:51:48+00:00\",\"mainEntityOfPage\":{\"@id\":\"https:\/\/www.estrategiaconcursos.com.br\/blog\/concurso-mpu-para-os-cargos-de-tecnico-e-analista-prorrogado-prazo-para-inscricao\/\"},\"wordCount\":403,\"commentCount\":0,\"publisher\":{\"@id\":\"https:\/\/www.estrategiaconcursos.com.br\/blog\/#organization\"},\"image\":{\"@id\":\"https:\/\/www.estrategiaconcursos.com.br\/blog\/concurso-mpu-para-os-cargos-de-tecnico-e-analista-prorrogado-prazo-para-inscricao\/#primaryimage\"},\"thumbnailUrl\":\"https:\/\/www.estrategiaconcursos.com.br\/blog\/wp-content\/uploads\/2015\/01\/concurso-MPU-300x172.jpg\",\"keywords\":[\"MPU\"],\"articleSection\":[\"Concursos P\u00fablicos\"],\"inLanguage\":\"pt-BR\",\"potentialAction\":[{\"@type\":\"CommentAction\",\"name\":\"Comment\",\"target\":[\"https:\/\/www.estrategiaconcursos.com.br\/blog\/concurso-mpu-para-os-cargos-de-tecnico-e-analista-prorrogado-prazo-para-inscricao\/#respond\"]}],\"copyrightYear\":\"2015\",\"copyrightHolder\":{\"@id\":\"https:\/\/www.estrategiaconcursos.com.br\/blog\/#organization\"}},{\"@type\":\"WebPage\",\"@id\":\"https:\/\/www.estrategiaconcursos.com.br\/blog\/concurso-mpu-para-os-cargos-de-tecnico-e-analista-prorrogado-prazo-para-inscricao\/\",\"url\":\"https:\/\/www.estrategiaconcursos.com.br\/blog\/concurso-mpu-para-os-cargos-de-tecnico-e-analista-prorrogado-prazo-para-inscricao\/\",\"name\":\"Concurso MPU para os cargos de T\u00e9cnico e Analista: Prorrogado prazo para inscri\u00e7\u00e3o!\",\"isPartOf\":{\"@id\":\"https:\/\/www.estrategiaconcursos.com.br\/blog\/#website\"},\"primaryImageOfPage\":{\"@id\":\"https:\/\/www.estrategiaconcursos.com.br\/blog\/concurso-mpu-para-os-cargos-de-tecnico-e-analista-prorrogado-prazo-para-inscricao\/#primaryimage\"},\"image\":{\"@id\":\"https:\/\/www.estrategiaconcursos.com.br\/blog\/concurso-mpu-para-os-cargos-de-tecnico-e-analista-prorrogado-prazo-para-inscricao\/#primaryimage\"},\"thumbnailUrl\":\"https:\/\/www.estrategiaconcursos.com.br\/blog\/wp-content\/uploads\/2015\/01\/concurso-MPU-300x172.jpg\",\"datePublished\":\"2015-02-11T12:53:29+00:00\",\"dateModified\":\"2020-06-29T11:51:48+00:00\",\"description\":\"O prazo para inscri\u00e7\u00f5es no concurso MPU que se encerraria hoje foi prorrogado. Saiba mais!\",\"breadcrumb\":{\"@id\":\"https:\/\/www.estrategiaconcursos.com.br\/blog\/concurso-mpu-para-os-cargos-de-tecnico-e-analista-prorrogado-prazo-para-inscricao\/#breadcrumb\"},\"inLanguage\":\"pt-BR\",\"potentialAction\":[{\"@type\":\"ReadAction\",\"target\":[\"https:\/\/www.estrategiaconcursos.com.br\/blog\/concurso-mpu-para-os-cargos-de-tecnico-e-analista-prorrogado-prazo-para-inscricao\/\"]}]},{\"@type\":\"ImageObject\",\"inLanguage\":\"pt-BR\",\"@id\":\"https:\/\/www.estrategiaconcursos.com.br\/blog\/concurso-mpu-para-os-cargos-de-tecnico-e-analista-prorrogado-prazo-para-inscricao\/#primaryimage\",\"url\":\"https:\/\/dhg1h5j42swfq.cloudfront.net\/2015\/01\/concurso-MPU.jpg\",\"contentUrl\":\"https:\/\/dhg1h5j42swfq.cloudfront.net\/2015\/01\/concurso-MPU.jpg\",\"width\":472,\"height\":271,\"caption\":\"concurso MPU\"},{\"@type\":\"BreadcrumbList\",\"@id\":\"https:\/\/www.estrategiaconcursos.com.br\/blog\/concurso-mpu-para-os-cargos-de-tecnico-e-analista-prorrogado-prazo-para-inscricao\/#breadcrumb\",\"itemListElement\":[{\"@type\":\"ListItem\",\"position\":1,\"name\":\"In\u00edcio\",\"item\":\"https:\/\/www.estrategiaconcursos.com.br\/blog\/\"},{\"@type\":\"ListItem\",\"position\":2,\"name\":\"Concurso MPU para os cargos de T\u00e9cnico e Analista: Prorrogado prazo para inscri\u00e7\u00e3o!\"}]},{\"@type\":\"WebSite\",\"@id\":\"https:\/\/www.estrategiaconcursos.com.br\/blog\/#website\",\"url\":\"https:\/\/www.estrategiaconcursos.com.br\/blog\/\",\"name\":\"Estrat\u00e9gia Concursos\",\"description\":\"O blog da Estrat\u00e9gia Concursos traz not\u00edcias sobre concursos e artigos de professores oferecendo cursos para concursos (pdf + videaulas) no site.\",\"publisher\":{\"@id\":\"https:\/\/www.estrategiaconcursos.com.br\/blog\/#organization\"},\"potentialAction\":[{\"@type\":\"SearchAction\",\"target\":{\"@type\":\"EntryPoint\",\"urlTemplate\":\"https:\/\/www.estrategiaconcursos.com.br\/blog\/?s={search_term_string}\"},\"query-input\":{\"@type\":\"PropertyValueSpecification\",\"valueRequired\":true,\"valueName\":\"search_term_string\"}}],\"inLanguage\":\"pt-BR\"},{\"@type\":\"Organization\",\"@id\":\"https:\/\/www.estrategiaconcursos.com.br\/blog\/#organization\",\"name\":\"Estrat\u00e9gia Concursos\",\"url\":\"https:\/\/www.estrategiaconcursos.com.br\/blog\/\",\"logo\":{\"@type\":\"ImageObject\",\"inLanguage\":\"pt-BR\",\"@id\":\"https:\/\/www.estrategiaconcursos.com.br\/blog\/#\/schema\/logo\/image\/\",\"url\":\"https:\/\/dhg1h5j42swfq.cloudfront.net\/2025\/06\/03203428\/logo_concursos-1.jpg\",\"contentUrl\":\"https:\/\/dhg1h5j42swfq.cloudfront.net\/2025\/06\/03203428\/logo_concursos-1.jpg\",\"width\":230,\"height\":60,\"caption\":\"Estrat\u00e9gia Concursos\"},\"image\":{\"@id\":\"https:\/\/www.estrategiaconcursos.com.br\/blog\/#\/schema\/logo\/image\/\"},\"sameAs\":[\"https:\/\/x.com\/EstratConcursos\"]},{\"@type\":\"Person\",\"@id\":\"https:\/\/www.estrategiaconcursos.com.br\/blog\/#\/schema\/person\/b4a388c97673c5f483d72185668afa1f\",\"name\":\"Coordena\u00e7\u00e3o\",\"image\":{\"@type\":\"ImageObject\",\"inLanguage\":\"pt-BR\",\"@id\":\"https:\/\/secure.gravatar.com\/avatar\/b720319e4c9a967eb58678d110f4fe35452fc5d5f97b202bac7b8acceb18c6ad?s=96&d=mm&r=g\",\"url\":\"https:\/\/secure.gravatar.com\/avatar\/b720319e4c9a967eb58678d110f4fe35452fc5d5f97b202bac7b8acceb18c6ad?s=96&d=mm&r=g\",\"contentUrl\":\"https:\/\/secure.gravatar.com\/avatar\/b720319e4c9a967eb58678d110f4fe35452fc5d5f97b202bac7b8acceb18c6ad?s=96&d=mm&r=g\",\"caption\":\"Coordena\u00e7\u00e3o\"},\"sameAs\":[\"https:\/\/www.facebook.com\/EstrategiaConcursos\",\"https:\/\/x.com\/EstratConcursos\"],\"url\":\"https:\/\/www.estrategiaconcursos.com.br\/blog\/author\/estrategia2013\/\"}]}<\/script>\n<!-- \/ Yoast SEO Premium plugin. -->","yoast_head_json":{"title":"Concurso MPU para os cargos de T\u00e9cnico e Analista: Prorrogado prazo para inscri\u00e7\u00e3o!","description":"O prazo para inscri\u00e7\u00f5es no concurso MPU que se encerraria hoje foi prorrogado. Saiba mais!","robots":{"index":"index","follow":"follow","max-snippet":"max-snippet:-1","max-image-preview":"max-image-preview:large","max-video-preview":"max-video-preview:-1"},"canonical":"https:\/\/www.estrategiaconcursos.com.br\/blog\/concurso-mpu-para-os-cargos-de-tecnico-e-analista-prorrogado-prazo-para-inscricao\/","og_locale":"pt_BR","og_type":"article","og_title":"Concurso MPU para os cargos de T\u00e9cnico e Analista: Prorrogado prazo para inscri\u00e7\u00e3o!","og_description":"O prazo para inscri\u00e7\u00f5es no concurso MPU que se encerraria hoje foi prorrogado. Saiba mais!","og_url":"https:\/\/www.estrategiaconcursos.com.br\/blog\/concurso-mpu-para-os-cargos-de-tecnico-e-analista-prorrogado-prazo-para-inscricao\/","og_site_name":"Estrat\u00e9gia Concursos","article_author":"https:\/\/www.facebook.com\/EstrategiaConcursos","article_published_time":"2015-02-11T12:53:29+00:00","article_modified_time":"2020-06-29T11:51:48+00:00","og_image":[{"url":"https:\/\/www.estrategiaconcursos.com.br\/blog\/wp-content\/uploads\/2015\/01\/concurso-MPU-300x172.jpg","type":"","width":"","height":""}],"author":"Coordena\u00e7\u00e3o","twitter_card":"summary_large_image","twitter_creator":"@EstratConcursos","twitter_site":"@EstratConcursos","twitter_misc":{"Escrito por":"Coordena\u00e7\u00e3o","Est. tempo de leitura":"2 minutos"},"schema":{"@context":"https:\/\/schema.org","@graph":[{"@type":"NewsArticle","@id":"https:\/\/www.estrategiaconcursos.com.br\/blog\/concurso-mpu-para-os-cargos-de-tecnico-e-analista-prorrogado-prazo-para-inscricao\/#article","isPartOf":{"@id":"https:\/\/www.estrategiaconcursos.com.br\/blog\/concurso-mpu-para-os-cargos-de-tecnico-e-analista-prorrogado-prazo-para-inscricao\/"},"author":{"name":"Coordena\u00e7\u00e3o","@id":"https:\/\/www.estrategiaconcursos.com.br\/blog\/#\/schema\/person\/b4a388c97673c5f483d72185668afa1f"},"headline":"Concurso MPU para os cargos de T\u00e9cnico e Analista: Prorrogado prazo para inscri\u00e7\u00e3o!","datePublished":"2015-02-11T12:53:29+00:00","dateModified":"2020-06-29T11:51:48+00:00","mainEntityOfPage":{"@id":"https:\/\/www.estrategiaconcursos.com.br\/blog\/concurso-mpu-para-os-cargos-de-tecnico-e-analista-prorrogado-prazo-para-inscricao\/"},"wordCount":403,"commentCount":0,"publisher":{"@id":"https:\/\/www.estrategiaconcursos.com.br\/blog\/#organization"},"image":{"@id":"https:\/\/www.estrategiaconcursos.com.br\/blog\/concurso-mpu-para-os-cargos-de-tecnico-e-analista-prorrogado-prazo-para-inscricao\/#primaryimage"},"thumbnailUrl":"https:\/\/www.estrategiaconcursos.com.br\/blog\/wp-content\/uploads\/2015\/01\/concurso-MPU-300x172.jpg","keywords":["MPU"],"articleSection":["Concursos P\u00fablicos"],"inLanguage":"pt-BR","potentialAction":[{"@type":"CommentAction","name":"Comment","target":["https:\/\/www.estrategiaconcursos.com.br\/blog\/concurso-mpu-para-os-cargos-de-tecnico-e-analista-prorrogado-prazo-para-inscricao\/#respond"]}],"copyrightYear":"2015","copyrightHolder":{"@id":"https:\/\/www.estrategiaconcursos.com.br\/blog\/#organization"}},{"@type":"WebPage","@id":"https:\/\/www.estrategiaconcursos.com.br\/blog\/concurso-mpu-para-os-cargos-de-tecnico-e-analista-prorrogado-prazo-para-inscricao\/","url":"https:\/\/www.estrategiaconcursos.com.br\/blog\/concurso-mpu-para-os-cargos-de-tecnico-e-analista-prorrogado-prazo-para-inscricao\/","name":"Concurso MPU para os cargos de T\u00e9cnico e Analista: Prorrogado prazo para inscri\u00e7\u00e3o!","isPartOf":{"@id":"https:\/\/www.estrategiaconcursos.com.br\/blog\/#website"},"primaryImageOfPage":{"@id":"https:\/\/www.estrategiaconcursos.com.br\/blog\/concurso-mpu-para-os-cargos-de-tecnico-e-analista-prorrogado-prazo-para-inscricao\/#primaryimage"},"image":{"@id":"https:\/\/www.estrategiaconcursos.com.br\/blog\/concurso-mpu-para-os-cargos-de-tecnico-e-analista-prorrogado-prazo-para-inscricao\/#primaryimage"},"thumbnailUrl":"https:\/\/www.estrategiaconcursos.com.br\/blog\/wp-content\/uploads\/2015\/01\/concurso-MPU-300x172.jpg","datePublished":"2015-02-11T12:53:29+00:00","dateModified":"2020-06-29T11:51:48+00:00","description":"O prazo para inscri\u00e7\u00f5es no concurso MPU que se encerraria hoje foi prorrogado. Saiba mais!","breadcrumb":{"@id":"https:\/\/www.estrategiaconcursos.com.br\/blog\/concurso-mpu-para-os-cargos-de-tecnico-e-analista-prorrogado-prazo-para-inscricao\/#breadcrumb"},"inLanguage":"pt-BR","potentialAction":[{"@type":"ReadAction","target":["https:\/\/www.estrategiaconcursos.com.br\/blog\/concurso-mpu-para-os-cargos-de-tecnico-e-analista-prorrogado-prazo-para-inscricao\/"]}]},{"@type":"ImageObject","inLanguage":"pt-BR","@id":"https:\/\/www.estrategiaconcursos.com.br\/blog\/concurso-mpu-para-os-cargos-de-tecnico-e-analista-prorrogado-prazo-para-inscricao\/#primaryimage","url":"https:\/\/dhg1h5j42swfq.cloudfront.net\/2015\/01\/concurso-MPU.jpg","contentUrl":"https:\/\/dhg1h5j42swfq.cloudfront.net\/2015\/01\/concurso-MPU.jpg","width":472,"height":271,"caption":"concurso MPU"},{"@type":"BreadcrumbList","@id":"https:\/\/www.estrategiaconcursos.com.br\/blog\/concurso-mpu-para-os-cargos-de-tecnico-e-analista-prorrogado-prazo-para-inscricao\/#breadcrumb","itemListElement":[{"@type":"ListItem","position":1,"name":"In\u00edcio","item":"https:\/\/www.estrategiaconcursos.com.br\/blog\/"},{"@type":"ListItem","position":2,"name":"Concurso MPU para os cargos de T\u00e9cnico e Analista: Prorrogado prazo para inscri\u00e7\u00e3o!"}]},{"@type":"WebSite","@id":"https:\/\/www.estrategiaconcursos.com.br\/blog\/#website","url":"https:\/\/www.estrategiaconcursos.com.br\/blog\/","name":"Estrat\u00e9gia Concursos","description":"O blog da Estrat\u00e9gia Concursos traz not\u00edcias sobre concursos e artigos de professores oferecendo cursos para concursos (pdf + videaulas) no site.","publisher":{"@id":"https:\/\/www.estrategiaconcursos.com.br\/blog\/#organization"},"potentialAction":[{"@type":"SearchAction","target":{"@type":"EntryPoint","urlTemplate":"https:\/\/www.estrategiaconcursos.com.br\/blog\/?s={search_term_string}"},"query-input":{"@type":"PropertyValueSpecification","valueRequired":true,"valueName":"search_term_string"}}],"inLanguage":"pt-BR"},{"@type":"Organization","@id":"https:\/\/www.estrategiaconcursos.com.br\/blog\/#organization","name":"Estrat\u00e9gia Concursos","url":"https:\/\/www.estrategiaconcursos.com.br\/blog\/","logo":{"@type":"ImageObject","inLanguage":"pt-BR","@id":"https:\/\/www.estrategiaconcursos.com.br\/blog\/#\/schema\/logo\/image\/","url":"https:\/\/dhg1h5j42swfq.cloudfront.net\/2025\/06\/03203428\/logo_concursos-1.jpg","contentUrl":"https:\/\/dhg1h5j42swfq.cloudfront.net\/2025\/06\/03203428\/logo_concursos-1.jpg","width":230,"height":60,"caption":"Estrat\u00e9gia Concursos"},"image":{"@id":"https:\/\/www.estrategiaconcursos.com.br\/blog\/#\/schema\/logo\/image\/"},"sameAs":["https:\/\/x.com\/EstratConcursos"]},{"@type":"Person","@id":"https:\/\/www.estrategiaconcursos.com.br\/blog\/#\/schema\/person\/b4a388c97673c5f483d72185668afa1f","name":"Coordena\u00e7\u00e3o","image":{"@type":"ImageObject","inLanguage":"pt-BR","@id":"https:\/\/secure.gravatar.com\/avatar\/b720319e4c9a967eb58678d110f4fe35452fc5d5f97b202bac7b8acceb18c6ad?s=96&d=mm&r=g","url":"https:\/\/secure.gravatar.com\/avatar\/b720319e4c9a967eb58678d110f4fe35452fc5d5f97b202bac7b8acceb18c6ad?s=96&d=mm&r=g","contentUrl":"https:\/\/secure.gravatar.com\/avatar\/b720319e4c9a967eb58678d110f4fe35452fc5d5f97b202bac7b8acceb18c6ad?s=96&d=mm&r=g","caption":"Coordena\u00e7\u00e3o"},"sameAs":["https:\/\/www.facebook.com\/EstrategiaConcursos","https:\/\/x.com\/EstratConcursos"],"url":"https:\/\/www.estrategiaconcursos.com.br\/blog\/author\/estrategia2013\/"}]}},"_links":{"self":[{"href":"https:\/\/www.estrategiaconcursos.com.br\/blog\/wp-json\/wp\/v2\/posts\/21244","targetHints":{"allow":["GET"]}}],"collection":[{"href":"https:\/\/www.estrategiaconcursos.com.br\/blog\/wp-json\/wp\/v2\/posts"}],"about":[{"href":"https:\/\/www.estrategiaconcursos.com.br\/blog\/wp-json\/wp\/v2\/types\/post"}],"author":[{"embeddable":true,"href":"https:\/\/www.estrategiaconcursos.com.br\/blog\/wp-json\/wp\/v2\/users\/1"}],"replies":[{"embeddable":true,"href":"https:\/\/www.estrategiaconcursos.com.br\/blog\/wp-json\/wp\/v2\/comments?post=21244"}],"version-history":[{"count":3,"href":"https:\/\/www.estrategiaconcursos.com.br\/blog\/wp-json\/wp\/v2\/posts\/21244\/revisions"}],"predecessor-version":[{"id":533818,"href":"https:\/\/www.estrategiaconcursos.com.br\/blog\/wp-json\/wp\/v2\/posts\/21244\/revisions\/533818"}],"wp:attachment":[{"href":"https:\/\/www.estrategiaconcursos.com.br\/blog\/wp-json\/wp\/v2\/media?parent=21244"}],"wp:term":[{"taxonomy":"category","embeddable":true,"href":"https:\/\/www.estrategiaconcursos.com.br\/blog\/wp-json\/wp\/v2\/categories?post=21244"},{"taxonomy":"post_tag","embeddable":true,"href":"https:\/\/www.estrategiaconcursos.com.br\/blog\/wp-json\/wp\/v2\/tags?post=21244"},{"taxonomy":"tax_estado","embeddable":true,"href":"https:\/\/www.estrategiaconcursos.com.br\/blog\/wp-json\/wp\/v2\/tax_estado?post=21244"}],"curies":[{"name":"wp","href":"https:\/\/api.w.org\/{rel}","templated":true}]}}