{"id":21220,"date":"2015-02-10T22:40:51","date_gmt":"2015-02-11T01:40:51","guid":{"rendered":"http:\/\/www.estrategiaconcursos.com.br\/blog\/?p=21220"},"modified":"2019-09-02T20:57:57","modified_gmt":"2019-09-02T23:57:57","slug":"defensoria-publica-da-uniao-comentarios-questoes-de-direito-administrativo","status":"publish","type":"post","link":"https:\/\/www.estrategiaconcursos.com.br\/blog\/defensoria-publica-da-uniao-comentarios-questoes-de-direito-administrativo\/","title":{"rendered":"Defensoria P\u00fablica da Uni\u00e3o &#8211; coment\u00e1rios \u00e0s quest\u00f5es de Direito Administrativo"},"content":{"rendered":"<p>Ol\u00e1 pessoal,<\/p>\n<p>A prova de Direito Administrativo do concurso da Defensoria P\u00fablica da Uni\u00e3o veio sem surpresas. Todas as quest\u00f5es foram abordadas no nosso material e <strong>n\u00e3o vejo possibilidades de recurso<\/strong>.<\/p>\n<p>Tenho certeza que os\u00a0alunos do Estrat\u00e9gia foram muito bem!<\/p>\n<p><strong>Seguem as quest\u00f5es comentadas:<\/strong><\/p>\n<p>Em rela\u00e7\u00e3o a improbidade administrativa e responsabilidade civil do servidor p\u00fablico federal, julgue os itens subsequentes.<\/p>\n<p>1 O rol de condutas tipificadas como atos de improbidade administrativa constante na Lei de Improbidade (Lei n.\u00ba 8.429\/1992) \u00e9 taxativo.<\/p>\n<p><strong><span style=\"text-decoration: underline;\">Coment\u00e1rio<\/span>: O rol de condutas tipificadas como atos de improbidade administrativa constante na Lei de Improbidade <em><span style=\"text-decoration: underline;\">n\u00e3o<\/span><\/em> \u00e9 taxativo, mas meramente exemplificativo. Note a palavra \u201cnotadamente\u201d no <em>caput <\/em>dos artigos 9\u00ba, 10 e 11, dispositivos que listam hip\u00f3teses de atos de improbidade que importam enriquecimento il\u00edcito, causam preju\u00edzo ao er\u00e1rio e atentam contra os princ\u00edpios da Administra\u00e7\u00e3o P\u00fablica.<\/strong><\/p>\n<p><strong>Gabarito preliminar: Errada<\/strong><strong> (aula 9, p. 18)<\/strong><\/p>\n<p>2 A responsabilidade civil do servidor p\u00fablico pela pr\u00e1tica, no exerc\u00edcio de suas fun\u00e7\u00f5es, de ato que acarrete preju\u00edzo ao er\u00e1rio ou a terceiros pode decorrer tanto de ato omissivo quanto de ato comissivo, doloso ou culposo.<\/p>\n<p><strong><span style=\"text-decoration: underline;\">Coment\u00e1rio<\/span>: Para caracterizar a responsabilidade civil ou extracontratual do Estado, basta que haja um dano (patrimonial e\/ou moral) causado a terceiro por comportamento omissivo ou comissivo, doloso ou culposo de agente p\u00fablico. A responsabilidade civil imp\u00f5e ao Estado a obriga\u00e7\u00e3o de reparar (indenizar) esse dano. E, n<\/strong><strong>os termos do art. 122 da Lei 8.112\/1990, <em>\u201ca responsabilidade civil decorre de ato omissivo ou comissivo, doloso ou culposo, que resulte em preju\u00edzo ao er\u00e1rio ou a terceiros\u201d<\/em>.<\/strong><\/p>\n<p><strong>Gabarito preliminar: Certa<\/strong><strong> (aula 8, p. 3 e p. 39)<\/strong><\/p>\n<p>Com rela\u00e7\u00e3o \u00e0s esp\u00e9cies de atos administrativos, julgue o item abaixo.<\/p>\n<p>3 Os atos administrativos negociais s\u00e3o tamb\u00e9m considerados atos de consentimento, uma vez que s\u00e3o editados a pedido do particular como forma de viabilizar o exerc\u00edcio de determinada atividade ou a utiliza\u00e7\u00e3o de bens p\u00fablicos.<\/p>\n<p><strong><span style=\"text-decoration: underline;\">Coment\u00e1rio<\/span>: Parte da doutrina chama os atos administrativos negociais de \u201catos de consentimento\u201d, pois s\u00e3o editados em situa\u00e7\u00f5es nas quais o particular deve obter anu\u00eancia pr\u00e9via da Administra\u00e7\u00e3o para realizar determinada atividade de interesse dele, ou exercer determinado direito. S\u00e3o exemplos os alvar\u00e1s de constru\u00e7\u00e3o, a licen\u00e7a para o exerc\u00edcio de uma profiss\u00e3o, a licen\u00e7a para dirigir, a autoriza\u00e7\u00e3o para prestar servi\u00e7o de t\u00e1xi etc.<\/strong><\/p>\n<p><strong>Gabarito preliminar: Certa<\/strong><strong> (aula 7, p. 24)<\/strong><\/p>\n<p>Julgue os itens a seguir, que tratam da hierarquia e dos poderes da administra\u00e7\u00e3o p\u00fablica.<\/p>\n<p>4 A multa, como san\u00e7\u00e3o resultante do exerc\u00edcio do poder de pol\u00edcia administrativa, n\u00e3o possui a caracter\u00edstica da autoexecutoriedade.<\/p>\n<p><strong><span style=\"text-decoration: underline;\">Coment\u00e1rio<\/span>: Nem toda atividade de pol\u00edcia administrativa possui a caracter\u00edstica da autoexecutoriedade. Exemplo cl\u00e1ssico \u00e9 a cobran\u00e7a de multa: embora a Administra\u00e7\u00e3o, no exerc\u00edcio do poder de pol\u00edcia, possa impor multa a um particular sem necessidade de participa\u00e7\u00e3o do Poder Judici\u00e1rio, a cobran\u00e7a for\u00e7ada dessa multa, caso n\u00e3o paga pelo particular, s\u00f3 poder\u00e1 ser efetuada por meio de uma a\u00e7\u00e3o judicial de execu\u00e7\u00e3o.<\/strong><\/p>\n<p><strong>Gabarito preliminar: Certa<\/strong><strong> (aula 3, p. 31)<\/strong><\/p>\n<p>5 A hierarquia \u00e9 uma caracter\u00edstica encontrada exclusivamente no exerc\u00edcio da fun\u00e7\u00e3o administrativa, que inexiste, portanto, nas fun\u00e7\u00f5es legislativa e jurisdicional t\u00edpicas.<\/p>\n<p><strong><span style=\"text-decoration: underline;\">Coment\u00e1rio<\/span>: A hierarquia \u00e9 caracter\u00edstica associada ao desempenho da fun\u00e7\u00e3o administrativa, t\u00edpica do Poder Executivo, mas tamb\u00e9m desempenhada, de <em>forma at\u00edpica<\/em>, pelos demais Poderes. Contudo, n\u00e3o existe hierarquia no exerc\u00edcio das <em>fun\u00e7\u00f5es t\u00edpicas<\/em> dos Poderes Judici\u00e1rio e Legislativo. Por exemplo, as decis\u00f5es jurisdicionais de um juiz de inst\u00e2ncia inferior n\u00e3o est\u00e3o subordinadas ao que pensa o Tribunal de inst\u00e2ncia superior. De forma semelhante, os projetos aprovados na C\u00e2mara dos Deputados n\u00e3o precisam seguir diretrizes tra\u00e7adas pelo Senado Federal.<\/strong><\/p>\n<p><strong>\u00a0Gabarito preliminar: Certa (aula 3, p. 10)<\/strong><\/p>\n<p>No que tange \u00e0s limita\u00e7\u00f5es administrativas da propriedade e aos bens p\u00fablicos, julgue os itens seguintes.<\/p>\n<p>6 S\u00e3o bens p\u00fablicos de uso comum do povo aqueles especialmente afetados aos servi\u00e7os p\u00fablicos, como, por exemplo, aeroportos, escolas e hospitais p\u00fablicos.<\/p>\n<p><strong>\u00a0<span style=\"text-decoration: underline;\">Coment\u00e1rio<\/span>: Os bens especialmente afetados aos servi\u00e7os p\u00fablicos, s\u00e3o bens de uso especial, e n\u00e3o de uso comum do povo. Estes s\u00e3o aqueles que se destinam \u00e0 utiliza\u00e7\u00e3o geral pelos indiv\u00edduos, podendo ser usufru\u00eddos por todos em igualdade de condi\u00e7\u00f5es, como as ruas, pra\u00e7as, praias etc.<\/strong><\/p>\n<p><strong>Gabarito preliminar: Errada<\/strong><strong> (aula 10, p. 12-13)<\/strong><\/p>\n<p>7 As limita\u00e7\u00f5es administrativas s\u00e3o determina\u00e7\u00f5es de car\u00e1ter geral por meio das quais o poder p\u00fablico imp\u00f5e a determinados propriet\u00e1rios obriga\u00e7\u00f5es de car\u00e1ter negativo, mas n\u00e3o positivo, que condicionam a propriedade ao atendimento de sua fun\u00e7\u00e3o social.<\/p>\n<p><strong><span style=\"text-decoration: underline;\">Coment\u00e1rio<\/span>: Limita\u00e7\u00f5es administrativas s\u00e3o determina\u00e7\u00f5es de car\u00e1ter geral, previstas em lei ou em ato normativo, por meio das quais o Poder P\u00fablico imp\u00f5e a propriet\u00e1rios indeterminados obriga\u00e7\u00f5es de fazer (<em>obriga\u00e7\u00f5es \u201cpositivas\u201d<\/em>), ou obriga\u00e7\u00f5es de deixar de fazer alguma coisa (<em>obriga\u00e7\u00f5es \u201cnegativas\u201d<\/em>, ou de \u201cn\u00e3o fazer\u201d ou de \u201cpermitir\u201d), com a finalidade de assegurar que a propriedade atenda sua fun\u00e7\u00e3o social.<\/strong><\/p>\n<p><strong>Gabarito preliminar: Errada<\/strong><strong> (aula 11, p. 16)<\/strong><\/p>\n<p>Acerca da organiza\u00e7\u00e3o da administra\u00e7\u00e3o p\u00fablica federal, julgue o item abaixo.<\/p>\n<p>8 Considera-se desconcentra\u00e7\u00e3o a transfer\u00eancia, pela administra\u00e7\u00e3o, da atividade administrativa para outra pessoa, f\u00edsica ou jur\u00eddica, integrante do aparelho estatal.<\/p>\n<p><strong><span style=\"text-decoration: underline;\">Coment\u00e1rio<\/span>: A transfer\u00eancia da atividade administrativa para outra pessoa, f\u00edsica ou jur\u00eddica, caracteriza a descentraliza\u00e7\u00e3o, e n\u00e3o a desconcentra\u00e7\u00e3o. Nesta, ao contr\u00e1rio, a Administra\u00e7\u00e3o se organiza internamente, mediante a cria\u00e7\u00e3o de \u00f3rg\u00e3os, sempre dentro da <em>mesma pessoa jur\u00eddica<\/em>.<\/strong><\/p>\n<p><strong>Gabarito preliminar: Errada<\/strong><strong> (aula 2, p. 5)<\/strong><\/p>\n<p>*****<\/p>\n<p>Um forte abra\u00e7o!<\/p>\n","protected":false},"excerpt":{"rendered":"<p>Ol\u00e1 pessoal, A prova de Direito Administrativo do concurso da Defensoria P\u00fablica da Uni\u00e3o veio sem surpresas. Todas as quest\u00f5es foram abordadas no nosso material e n\u00e3o vejo possibilidades de recurso. Tenho certeza que os\u00a0alunos do Estrat\u00e9gia foram muito bem! Seguem as quest\u00f5es comentadas: Em rela\u00e7\u00e3o a improbidade administrativa e responsabilidade civil do servidor p\u00fablico [&hellip;]<\/p>\n","protected":false},"author":48,"featured_media":0,"comment_status":"open","ping_status":"open","sticky":false,"template":"","format":"standard","meta":{"post_tipo":"article","footnotes":""},"categories":[],"tags":[67,538],"tax_estado":[],"class_list":["post-21220","post","type-post","status-publish","format-standard","hentry","tag-direito-administrativo","tag-dpu"],"acf":[],"yoast_head":"<!-- This site is optimized with the Yoast SEO Premium plugin v27.2 (Yoast SEO v27.2) - https:\/\/yoast.com\/product\/yoast-seo-premium-wordpress\/ -->\n<title>Defensoria P\u00fablica da Uni\u00e3o - coment\u00e1rios \u00e0s quest\u00f5es de Direito Administrativo<\/title>\n<meta name=\"robots\" content=\"index, follow, max-snippet:-1, max-image-preview:large, max-video-preview:-1\" \/>\n<link rel=\"canonical\" href=\"https:\/\/www.estrategiaconcursos.com.br\/blog\/defensoria-publica-da-uniao-comentarios-questoes-de-direito-administrativo\/\" \/>\n<meta property=\"og:locale\" content=\"pt_BR\" \/>\n<meta property=\"og:type\" content=\"article\" \/>\n<meta property=\"og:title\" content=\"Defensoria P\u00fablica da Uni\u00e3o - coment\u00e1rios \u00e0s quest\u00f5es de Direito Administrativo\" \/>\n<meta property=\"og:description\" content=\"Ol\u00e1 pessoal, A prova de Direito Administrativo do concurso da Defensoria P\u00fablica da Uni\u00e3o veio sem surpresas. Todas as quest\u00f5es foram abordadas no nosso material e n\u00e3o vejo possibilidades de recurso. Tenho certeza que os\u00a0alunos do Estrat\u00e9gia foram muito bem! Seguem as quest\u00f5es comentadas: Em rela\u00e7\u00e3o a improbidade administrativa e responsabilidade civil do servidor p\u00fablico [&hellip;]\" \/>\n<meta property=\"og:url\" content=\"https:\/\/www.estrategiaconcursos.com.br\/blog\/defensoria-publica-da-uniao-comentarios-questoes-de-direito-administrativo\/\" \/>\n<meta property=\"og:site_name\" content=\"Estrat\u00e9gia Concursos\" \/>\n<meta property=\"article:published_time\" content=\"2015-02-11T01:40:51+00:00\" \/>\n<meta property=\"article:modified_time\" content=\"2019-09-02T23:57:57+00:00\" \/>\n<meta name=\"author\" content=\"Coordena\u00e7\u00e3o\" \/>\n<meta name=\"twitter:card\" content=\"summary_large_image\" \/>\n<meta name=\"twitter:creator\" content=\"@EstratConcursos\" \/>\n<meta name=\"twitter:site\" content=\"@EstratConcursos\" \/>\n<meta name=\"twitter:label1\" content=\"Escrito por\" \/>\n\t<meta name=\"twitter:data1\" content=\"Coordena\u00e7\u00e3o\" \/>\n\t<meta name=\"twitter:label2\" content=\"Est. tempo de leitura\" \/>\n\t<meta name=\"twitter:data2\" content=\"5 minutos\" \/>\n<script type=\"application\/ld+json\" class=\"yoast-schema-graph\">{\"@context\":\"https:\/\/schema.org\",\"@graph\":[{\"@type\":\"NewsArticle\",\"@id\":\"https:\/\/www.estrategiaconcursos.com.br\/blog\/defensoria-publica-da-uniao-comentarios-questoes-de-direito-administrativo\/#article\",\"isPartOf\":{\"@id\":\"https:\/\/www.estrategiaconcursos.com.br\/blog\/defensoria-publica-da-uniao-comentarios-questoes-de-direito-administrativo\/\"},\"author\":{\"name\":\"Coordena\u00e7\u00e3o\",\"@id\":\"https:\/\/www.estrategiaconcursos.com.br\/blog\/#\/schema\/person\/cdad40b5818eb228a838461fcd656da7\"},\"headline\":\"Defensoria P\u00fablica da Uni\u00e3o &#8211; coment\u00e1rios \u00e0s quest\u00f5es de Direito Administrativo\",\"datePublished\":\"2015-02-11T01:40:51+00:00\",\"dateModified\":\"2019-09-02T23:57:57+00:00\",\"mainEntityOfPage\":{\"@id\":\"https:\/\/www.estrategiaconcursos.com.br\/blog\/defensoria-publica-da-uniao-comentarios-questoes-de-direito-administrativo\/\"},\"wordCount\":1017,\"commentCount\":4,\"publisher\":{\"@id\":\"https:\/\/www.estrategiaconcursos.com.br\/blog\/#organization\"},\"keywords\":[\"Direito Administrativo\",\"DPU\"],\"inLanguage\":\"pt-BR\",\"potentialAction\":[{\"@type\":\"CommentAction\",\"name\":\"Comment\",\"target\":[\"https:\/\/www.estrategiaconcursos.com.br\/blog\/defensoria-publica-da-uniao-comentarios-questoes-de-direito-administrativo\/#respond\"]}],\"copyrightYear\":\"2015\",\"copyrightHolder\":{\"@id\":\"https:\/\/www.estrategiaconcursos.com.br\/blog\/#organization\"}},{\"@type\":\"WebPage\",\"@id\":\"https:\/\/www.estrategiaconcursos.com.br\/blog\/defensoria-publica-da-uniao-comentarios-questoes-de-direito-administrativo\/\",\"url\":\"https:\/\/www.estrategiaconcursos.com.br\/blog\/defensoria-publica-da-uniao-comentarios-questoes-de-direito-administrativo\/\",\"name\":\"Defensoria P\u00fablica da Uni\u00e3o - coment\u00e1rios \u00e0s quest\u00f5es de Direito Administrativo\",\"isPartOf\":{\"@id\":\"https:\/\/www.estrategiaconcursos.com.br\/blog\/#website\"},\"datePublished\":\"2015-02-11T01:40:51+00:00\",\"dateModified\":\"2019-09-02T23:57:57+00:00\",\"breadcrumb\":{\"@id\":\"https:\/\/www.estrategiaconcursos.com.br\/blog\/defensoria-publica-da-uniao-comentarios-questoes-de-direito-administrativo\/#breadcrumb\"},\"inLanguage\":\"pt-BR\",\"potentialAction\":[{\"@type\":\"ReadAction\",\"target\":[\"https:\/\/www.estrategiaconcursos.com.br\/blog\/defensoria-publica-da-uniao-comentarios-questoes-de-direito-administrativo\/\"]}]},{\"@type\":\"BreadcrumbList\",\"@id\":\"https:\/\/www.estrategiaconcursos.com.br\/blog\/defensoria-publica-da-uniao-comentarios-questoes-de-direito-administrativo\/#breadcrumb\",\"itemListElement\":[{\"@type\":\"ListItem\",\"position\":1,\"name\":\"In\u00edcio\",\"item\":\"https:\/\/www.estrategiaconcursos.com.br\/blog\/\"},{\"@type\":\"ListItem\",\"position\":2,\"name\":\"Defensoria P\u00fablica da Uni\u00e3o &#8211; coment\u00e1rios \u00e0s quest\u00f5es de Direito Administrativo\"}]},{\"@type\":\"WebSite\",\"@id\":\"https:\/\/www.estrategiaconcursos.com.br\/blog\/#website\",\"url\":\"https:\/\/www.estrategiaconcursos.com.br\/blog\/\",\"name\":\"Estrat\u00e9gia Concursos\",\"description\":\"O blog da Estrat\u00e9gia Concursos traz not\u00edcias sobre concursos e artigos de professores oferecendo cursos para concursos (pdf + videaulas) no site.\",\"publisher\":{\"@id\":\"https:\/\/www.estrategiaconcursos.com.br\/blog\/#organization\"},\"potentialAction\":[{\"@type\":\"SearchAction\",\"target\":{\"@type\":\"EntryPoint\",\"urlTemplate\":\"https:\/\/www.estrategiaconcursos.com.br\/blog\/?s={search_term_string}\"},\"query-input\":{\"@type\":\"PropertyValueSpecification\",\"valueRequired\":true,\"valueName\":\"search_term_string\"}}],\"inLanguage\":\"pt-BR\"},{\"@type\":\"Organization\",\"@id\":\"https:\/\/www.estrategiaconcursos.com.br\/blog\/#organization\",\"name\":\"Estrat\u00e9gia Concursos\",\"url\":\"https:\/\/www.estrategiaconcursos.com.br\/blog\/\",\"logo\":{\"@type\":\"ImageObject\",\"inLanguage\":\"pt-BR\",\"@id\":\"https:\/\/www.estrategiaconcursos.com.br\/blog\/#\/schema\/logo\/image\/\",\"url\":\"https:\/\/dhg1h5j42swfq.cloudfront.net\/2025\/06\/03203428\/logo_concursos-1.jpg\",\"contentUrl\":\"https:\/\/dhg1h5j42swfq.cloudfront.net\/2025\/06\/03203428\/logo_concursos-1.jpg\",\"width\":230,\"height\":60,\"caption\":\"Estrat\u00e9gia Concursos\"},\"image\":{\"@id\":\"https:\/\/www.estrategiaconcursos.com.br\/blog\/#\/schema\/logo\/image\/\"},\"sameAs\":[\"https:\/\/x.com\/EstratConcursos\"]},{\"@type\":\"Person\",\"@id\":\"https:\/\/www.estrategiaconcursos.com.br\/blog\/#\/schema\/person\/cdad40b5818eb228a838461fcd656da7\",\"name\":\"Coordena\u00e7\u00e3o\",\"image\":{\"@type\":\"ImageObject\",\"inLanguage\":\"pt-BR\",\"@id\":\"https:\/\/secure.gravatar.com\/avatar\/a413b22da0f5009c634f6c4586a2dbe5207074fd5becd88db5183b8069ef25e4?s=96&d=mm&r=g\",\"url\":\"https:\/\/secure.gravatar.com\/avatar\/a413b22da0f5009c634f6c4586a2dbe5207074fd5becd88db5183b8069ef25e4?s=96&d=mm&r=g\",\"contentUrl\":\"https:\/\/secure.gravatar.com\/avatar\/a413b22da0f5009c634f6c4586a2dbe5207074fd5becd88db5183b8069ef25e4?s=96&d=mm&r=g\",\"caption\":\"Coordena\u00e7\u00e3o\"},\"url\":\"https:\/\/www.estrategiaconcursos.com.br\/blog\/author\/contatoestrategiaconcursos-com-br\/\"}]}<\/script>\n<!-- \/ Yoast SEO Premium plugin. -->","yoast_head_json":{"title":"Defensoria P\u00fablica da Uni\u00e3o - coment\u00e1rios \u00e0s quest\u00f5es de Direito Administrativo","robots":{"index":"index","follow":"follow","max-snippet":"max-snippet:-1","max-image-preview":"max-image-preview:large","max-video-preview":"max-video-preview:-1"},"canonical":"https:\/\/www.estrategiaconcursos.com.br\/blog\/defensoria-publica-da-uniao-comentarios-questoes-de-direito-administrativo\/","og_locale":"pt_BR","og_type":"article","og_title":"Defensoria P\u00fablica da Uni\u00e3o - coment\u00e1rios \u00e0s quest\u00f5es de Direito Administrativo","og_description":"Ol\u00e1 pessoal, A prova de Direito Administrativo do concurso da Defensoria P\u00fablica da Uni\u00e3o veio sem surpresas. Todas as quest\u00f5es foram abordadas no nosso material e n\u00e3o vejo possibilidades de recurso. Tenho certeza que os\u00a0alunos do Estrat\u00e9gia foram muito bem! Seguem as quest\u00f5es comentadas: Em rela\u00e7\u00e3o a improbidade administrativa e responsabilidade civil do servidor p\u00fablico [&hellip;]","og_url":"https:\/\/www.estrategiaconcursos.com.br\/blog\/defensoria-publica-da-uniao-comentarios-questoes-de-direito-administrativo\/","og_site_name":"Estrat\u00e9gia Concursos","article_published_time":"2015-02-11T01:40:51+00:00","article_modified_time":"2019-09-02T23:57:57+00:00","author":"Coordena\u00e7\u00e3o","twitter_card":"summary_large_image","twitter_creator":"@EstratConcursos","twitter_site":"@EstratConcursos","twitter_misc":{"Escrito por":"Coordena\u00e7\u00e3o","Est. tempo de leitura":"5 minutos"},"schema":{"@context":"https:\/\/schema.org","@graph":[{"@type":"NewsArticle","@id":"https:\/\/www.estrategiaconcursos.com.br\/blog\/defensoria-publica-da-uniao-comentarios-questoes-de-direito-administrativo\/#article","isPartOf":{"@id":"https:\/\/www.estrategiaconcursos.com.br\/blog\/defensoria-publica-da-uniao-comentarios-questoes-de-direito-administrativo\/"},"author":{"name":"Coordena\u00e7\u00e3o","@id":"https:\/\/www.estrategiaconcursos.com.br\/blog\/#\/schema\/person\/cdad40b5818eb228a838461fcd656da7"},"headline":"Defensoria P\u00fablica da Uni\u00e3o &#8211; coment\u00e1rios \u00e0s quest\u00f5es de Direito Administrativo","datePublished":"2015-02-11T01:40:51+00:00","dateModified":"2019-09-02T23:57:57+00:00","mainEntityOfPage":{"@id":"https:\/\/www.estrategiaconcursos.com.br\/blog\/defensoria-publica-da-uniao-comentarios-questoes-de-direito-administrativo\/"},"wordCount":1017,"commentCount":4,"publisher":{"@id":"https:\/\/www.estrategiaconcursos.com.br\/blog\/#organization"},"keywords":["Direito Administrativo","DPU"],"inLanguage":"pt-BR","potentialAction":[{"@type":"CommentAction","name":"Comment","target":["https:\/\/www.estrategiaconcursos.com.br\/blog\/defensoria-publica-da-uniao-comentarios-questoes-de-direito-administrativo\/#respond"]}],"copyrightYear":"2015","copyrightHolder":{"@id":"https:\/\/www.estrategiaconcursos.com.br\/blog\/#organization"}},{"@type":"WebPage","@id":"https:\/\/www.estrategiaconcursos.com.br\/blog\/defensoria-publica-da-uniao-comentarios-questoes-de-direito-administrativo\/","url":"https:\/\/www.estrategiaconcursos.com.br\/blog\/defensoria-publica-da-uniao-comentarios-questoes-de-direito-administrativo\/","name":"Defensoria P\u00fablica da Uni\u00e3o - coment\u00e1rios \u00e0s quest\u00f5es de Direito Administrativo","isPartOf":{"@id":"https:\/\/www.estrategiaconcursos.com.br\/blog\/#website"},"datePublished":"2015-02-11T01:40:51+00:00","dateModified":"2019-09-02T23:57:57+00:00","breadcrumb":{"@id":"https:\/\/www.estrategiaconcursos.com.br\/blog\/defensoria-publica-da-uniao-comentarios-questoes-de-direito-administrativo\/#breadcrumb"},"inLanguage":"pt-BR","potentialAction":[{"@type":"ReadAction","target":["https:\/\/www.estrategiaconcursos.com.br\/blog\/defensoria-publica-da-uniao-comentarios-questoes-de-direito-administrativo\/"]}]},{"@type":"BreadcrumbList","@id":"https:\/\/www.estrategiaconcursos.com.br\/blog\/defensoria-publica-da-uniao-comentarios-questoes-de-direito-administrativo\/#breadcrumb","itemListElement":[{"@type":"ListItem","position":1,"name":"In\u00edcio","item":"https:\/\/www.estrategiaconcursos.com.br\/blog\/"},{"@type":"ListItem","position":2,"name":"Defensoria P\u00fablica da Uni\u00e3o &#8211; coment\u00e1rios \u00e0s quest\u00f5es de Direito Administrativo"}]},{"@type":"WebSite","@id":"https:\/\/www.estrategiaconcursos.com.br\/blog\/#website","url":"https:\/\/www.estrategiaconcursos.com.br\/blog\/","name":"Estrat\u00e9gia Concursos","description":"O blog da Estrat\u00e9gia Concursos traz not\u00edcias sobre concursos e artigos de professores oferecendo cursos para concursos (pdf + videaulas) no site.","publisher":{"@id":"https:\/\/www.estrategiaconcursos.com.br\/blog\/#organization"},"potentialAction":[{"@type":"SearchAction","target":{"@type":"EntryPoint","urlTemplate":"https:\/\/www.estrategiaconcursos.com.br\/blog\/?s={search_term_string}"},"query-input":{"@type":"PropertyValueSpecification","valueRequired":true,"valueName":"search_term_string"}}],"inLanguage":"pt-BR"},{"@type":"Organization","@id":"https:\/\/www.estrategiaconcursos.com.br\/blog\/#organization","name":"Estrat\u00e9gia Concursos","url":"https:\/\/www.estrategiaconcursos.com.br\/blog\/","logo":{"@type":"ImageObject","inLanguage":"pt-BR","@id":"https:\/\/www.estrategiaconcursos.com.br\/blog\/#\/schema\/logo\/image\/","url":"https:\/\/dhg1h5j42swfq.cloudfront.net\/2025\/06\/03203428\/logo_concursos-1.jpg","contentUrl":"https:\/\/dhg1h5j42swfq.cloudfront.net\/2025\/06\/03203428\/logo_concursos-1.jpg","width":230,"height":60,"caption":"Estrat\u00e9gia Concursos"},"image":{"@id":"https:\/\/www.estrategiaconcursos.com.br\/blog\/#\/schema\/logo\/image\/"},"sameAs":["https:\/\/x.com\/EstratConcursos"]},{"@type":"Person","@id":"https:\/\/www.estrategiaconcursos.com.br\/blog\/#\/schema\/person\/cdad40b5818eb228a838461fcd656da7","name":"Coordena\u00e7\u00e3o","image":{"@type":"ImageObject","inLanguage":"pt-BR","@id":"https:\/\/secure.gravatar.com\/avatar\/a413b22da0f5009c634f6c4586a2dbe5207074fd5becd88db5183b8069ef25e4?s=96&d=mm&r=g","url":"https:\/\/secure.gravatar.com\/avatar\/a413b22da0f5009c634f6c4586a2dbe5207074fd5becd88db5183b8069ef25e4?s=96&d=mm&r=g","contentUrl":"https:\/\/secure.gravatar.com\/avatar\/a413b22da0f5009c634f6c4586a2dbe5207074fd5becd88db5183b8069ef25e4?s=96&d=mm&r=g","caption":"Coordena\u00e7\u00e3o"},"url":"https:\/\/www.estrategiaconcursos.com.br\/blog\/author\/contatoestrategiaconcursos-com-br\/"}]}},"_links":{"self":[{"href":"https:\/\/www.estrategiaconcursos.com.br\/blog\/wp-json\/wp\/v2\/posts\/21220","targetHints":{"allow":["GET"]}}],"collection":[{"href":"https:\/\/www.estrategiaconcursos.com.br\/blog\/wp-json\/wp\/v2\/posts"}],"about":[{"href":"https:\/\/www.estrategiaconcursos.com.br\/blog\/wp-json\/wp\/v2\/types\/post"}],"author":[{"embeddable":true,"href":"https:\/\/www.estrategiaconcursos.com.br\/blog\/wp-json\/wp\/v2\/users\/48"}],"replies":[{"embeddable":true,"href":"https:\/\/www.estrategiaconcursos.com.br\/blog\/wp-json\/wp\/v2\/comments?post=21220"}],"version-history":[{"count":3,"href":"https:\/\/www.estrategiaconcursos.com.br\/blog\/wp-json\/wp\/v2\/posts\/21220\/revisions"}],"predecessor-version":[{"id":415642,"href":"https:\/\/www.estrategiaconcursos.com.br\/blog\/wp-json\/wp\/v2\/posts\/21220\/revisions\/415642"}],"wp:attachment":[{"href":"https:\/\/www.estrategiaconcursos.com.br\/blog\/wp-json\/wp\/v2\/media?parent=21220"}],"wp:term":[{"taxonomy":"category","embeddable":true,"href":"https:\/\/www.estrategiaconcursos.com.br\/blog\/wp-json\/wp\/v2\/categories?post=21220"},{"taxonomy":"post_tag","embeddable":true,"href":"https:\/\/www.estrategiaconcursos.com.br\/blog\/wp-json\/wp\/v2\/tags?post=21220"},{"taxonomy":"tax_estado","embeddable":true,"href":"https:\/\/www.estrategiaconcursos.com.br\/blog\/wp-json\/wp\/v2\/tax_estado?post=21220"}],"curies":[{"name":"wp","href":"https:\/\/api.w.org\/{rel}","templated":true}]}}