{"id":21214,"date":"2015-02-10T22:19:17","date_gmt":"2015-02-11T01:19:17","guid":{"rendered":"http:\/\/www.estrategiaconcursos.com.br\/blog\/?p=21214"},"modified":"2015-02-11T08:10:55","modified_gmt":"2015-02-11T11:10:55","slug":"aprovada-agora-no-plenario-da-camara-pec-orcamento-impositivo","status":"publish","type":"post","link":"https:\/\/www.estrategiaconcursos.com.br\/blog\/aprovada-agora-no-plenario-da-camara-pec-orcamento-impositivo\/","title":{"rendered":"Aprovada agora no Plen\u00e1rio da C\u00e2mara a PEC do &#8220;Or\u00e7amento Impositivo&#8221;"},"content":{"rendered":"<p>Ol\u00e1 amigos!<\/p>\n<p>Foi aprovada agora (por volta das 22h) na C\u00e2mara dos Deputados, em 2\u00ba turno, a Proposta de Emenda \u00e0 Constitui\u00e7\u00e3o &#8211; PEC que obriga a execu\u00e7\u00e3o de\u00a0emendas individuais parlamentares, apelidada de or\u00e7amento impositivo.<\/p>\n<p align=\"JUSTIFY\"><span style=\"font-family: Arial;\">Relembro que a PEC\u00a0deve ser\u00a0discutida e votada em cada Casa do Congresso Nacional, em dois turnos, considerando-se aprovada se obtiver, em ambos, tr\u00eas quintos dos votos dos respectivos membros. Como a PEC j\u00e1 havia sido anteriormente\u00a0aprovada\u00a0no Senado Federal em dois turnos e na C\u00e2mara em 1\u00ba turno, a aprova\u00e7\u00e3o agora na C\u00e2mara em 2\u00ba turno,\u00a0sem altera\u00e7\u00e3o do texto origin\u00e1rio do Senado, encerra\u00a0o processo de vota\u00e7\u00e3o. Falta agora a promulga\u00e7\u00e3o.<\/span><\/p>\n<p align=\"JUSTIFY\"><span style=\"font-family: Arial;\">A emenda \u00e0 Constitui\u00e7\u00e3o ser\u00e1 promulgada pelas Mesas da C\u00e2mara dos Deputados e do Senado Federal. Ap\u00f3s tal promulga\u00e7\u00e3o, escreverei artigo(s) explicando o teor da mudan\u00e7a\u00a0detalhadamente.<\/span><\/p>\n<p>Abra\u00e7os!<\/p>\n<p>S\u00e9rgio Mendes<\/p>\n","protected":false},"excerpt":{"rendered":"<p>Ol\u00e1 amigos! Foi aprovada agora (por volta das 22h) na C\u00e2mara dos Deputados, em 2\u00ba turno, a Proposta de Emenda \u00e0 Constitui\u00e7\u00e3o &#8211; PEC que obriga a execu\u00e7\u00e3o de\u00a0emendas individuais parlamentares, apelidada de or\u00e7amento impositivo. Relembro que a PEC\u00a0deve ser\u00a0discutida e votada em cada Casa do Congresso Nacional, em dois turnos, considerando-se aprovada se obtiver, [&hellip;]<\/p>\n","protected":false},"author":29,"featured_media":0,"comment_status":"open","ping_status":"open","sticky":false,"template":"","format":"standard","meta":{"post_tipo":"article","footnotes":""},"categories":[],"tags":[519],"tax_estado":[],"class_list":["post-21214","post","type-post","status-publish","format-standard","hentry","tag-camara-dos-deputados"],"acf":[],"yoast_head":"<!-- This site is optimized with the Yoast SEO Premium plugin v27.2 (Yoast SEO v27.2) - https:\/\/yoast.com\/product\/yoast-seo-premium-wordpress\/ -->\n<title>Aprovada agora no Plen\u00e1rio da C\u00e2mara a PEC do &quot;Or\u00e7amento Impositivo&quot;<\/title>\n<meta name=\"robots\" content=\"index, follow, max-snippet:-1, max-image-preview:large, max-video-preview:-1\" \/>\n<link rel=\"canonical\" href=\"https:\/\/www.estrategiaconcursos.com.br\/blog\/aprovada-agora-no-plenario-da-camara-pec-orcamento-impositivo\/\" \/>\n<meta property=\"og:locale\" content=\"pt_BR\" \/>\n<meta property=\"og:type\" content=\"article\" \/>\n<meta property=\"og:title\" content=\"Aprovada agora no Plen\u00e1rio da C\u00e2mara a PEC do &quot;Or\u00e7amento Impositivo&quot;\" \/>\n<meta property=\"og:description\" content=\"Ol\u00e1 amigos! Foi aprovada agora (por volta das 22h) na C\u00e2mara dos Deputados, em 2\u00ba turno, a Proposta de Emenda \u00e0 Constitui\u00e7\u00e3o &#8211; PEC que obriga a execu\u00e7\u00e3o de\u00a0emendas individuais parlamentares, apelidada de or\u00e7amento impositivo. Relembro que a PEC\u00a0deve ser\u00a0discutida e votada em cada Casa do Congresso Nacional, em dois turnos, considerando-se aprovada se obtiver, [&hellip;]\" \/>\n<meta property=\"og:url\" content=\"https:\/\/www.estrategiaconcursos.com.br\/blog\/aprovada-agora-no-plenario-da-camara-pec-orcamento-impositivo\/\" \/>\n<meta property=\"og:site_name\" content=\"Estrat\u00e9gia Concursos\" \/>\n<meta property=\"article:author\" content=\"https:\/\/www.facebook.com\/profsergiomendes\" \/>\n<meta property=\"article:published_time\" content=\"2015-02-11T01:19:17+00:00\" \/>\n<meta property=\"article:modified_time\" content=\"2015-02-11T11:10:55+00:00\" \/>\n<meta name=\"author\" content=\"S\u00e9rgio Mendes\" \/>\n<meta name=\"twitter:card\" content=\"summary_large_image\" \/>\n<meta name=\"twitter:creator\" content=\"@EstratConcursos\" \/>\n<meta name=\"twitter:site\" content=\"@EstratConcursos\" \/>\n<meta name=\"twitter:label1\" content=\"Escrito por\" \/>\n\t<meta name=\"twitter:data1\" content=\"S\u00e9rgio Mendes\" \/>\n\t<meta name=\"twitter:label2\" content=\"Est. tempo de leitura\" \/>\n\t<meta name=\"twitter:data2\" content=\"1 minuto\" \/>\n<script type=\"application\/ld+json\" class=\"yoast-schema-graph\">{\"@context\":\"https:\/\/schema.org\",\"@graph\":[{\"@type\":\"NewsArticle\",\"@id\":\"https:\/\/www.estrategiaconcursos.com.br\/blog\/aprovada-agora-no-plenario-da-camara-pec-orcamento-impositivo\/#article\",\"isPartOf\":{\"@id\":\"https:\/\/www.estrategiaconcursos.com.br\/blog\/aprovada-agora-no-plenario-da-camara-pec-orcamento-impositivo\/\"},\"author\":{\"name\":\"S\u00e9rgio Mendes\",\"@id\":\"https:\/\/www.estrategiaconcursos.com.br\/blog\/#\/schema\/person\/4ddc4a162b4fdffa2ea9956dbf62f583\"},\"headline\":\"Aprovada agora no Plen\u00e1rio da C\u00e2mara a PEC do &#8220;Or\u00e7amento Impositivo&#8221;\",\"datePublished\":\"2015-02-11T01:19:17+00:00\",\"dateModified\":\"2015-02-11T11:10:55+00:00\",\"mainEntityOfPage\":{\"@id\":\"https:\/\/www.estrategiaconcursos.com.br\/blog\/aprovada-agora-no-plenario-da-camara-pec-orcamento-impositivo\/\"},\"wordCount\":170,\"commentCount\":2,\"publisher\":{\"@id\":\"https:\/\/www.estrategiaconcursos.com.br\/blog\/#organization\"},\"keywords\":[\"C\u00e2mara dos Deputados\"],\"inLanguage\":\"pt-BR\",\"potentialAction\":[{\"@type\":\"CommentAction\",\"name\":\"Comment\",\"target\":[\"https:\/\/www.estrategiaconcursos.com.br\/blog\/aprovada-agora-no-plenario-da-camara-pec-orcamento-impositivo\/#respond\"]}],\"copyrightYear\":\"2015\",\"copyrightHolder\":{\"@id\":\"https:\/\/www.estrategiaconcursos.com.br\/blog\/#organization\"}},{\"@type\":\"WebPage\",\"@id\":\"https:\/\/www.estrategiaconcursos.com.br\/blog\/aprovada-agora-no-plenario-da-camara-pec-orcamento-impositivo\/\",\"url\":\"https:\/\/www.estrategiaconcursos.com.br\/blog\/aprovada-agora-no-plenario-da-camara-pec-orcamento-impositivo\/\",\"name\":\"Aprovada agora no Plen\u00e1rio da C\u00e2mara a PEC do \\\"Or\u00e7amento Impositivo\\\"\",\"isPartOf\":{\"@id\":\"https:\/\/www.estrategiaconcursos.com.br\/blog\/#website\"},\"datePublished\":\"2015-02-11T01:19:17+00:00\",\"dateModified\":\"2015-02-11T11:10:55+00:00\",\"breadcrumb\":{\"@id\":\"https:\/\/www.estrategiaconcursos.com.br\/blog\/aprovada-agora-no-plenario-da-camara-pec-orcamento-impositivo\/#breadcrumb\"},\"inLanguage\":\"pt-BR\",\"potentialAction\":[{\"@type\":\"ReadAction\",\"target\":[\"https:\/\/www.estrategiaconcursos.com.br\/blog\/aprovada-agora-no-plenario-da-camara-pec-orcamento-impositivo\/\"]}]},{\"@type\":\"BreadcrumbList\",\"@id\":\"https:\/\/www.estrategiaconcursos.com.br\/blog\/aprovada-agora-no-plenario-da-camara-pec-orcamento-impositivo\/#breadcrumb\",\"itemListElement\":[{\"@type\":\"ListItem\",\"position\":1,\"name\":\"In\u00edcio\",\"item\":\"https:\/\/www.estrategiaconcursos.com.br\/blog\/\"},{\"@type\":\"ListItem\",\"position\":2,\"name\":\"Aprovada agora no Plen\u00e1rio da C\u00e2mara a PEC do &#8220;Or\u00e7amento Impositivo&#8221;\"}]},{\"@type\":\"WebSite\",\"@id\":\"https:\/\/www.estrategiaconcursos.com.br\/blog\/#website\",\"url\":\"https:\/\/www.estrategiaconcursos.com.br\/blog\/\",\"name\":\"Estrat\u00e9gia Concursos\",\"description\":\"O blog da Estrat\u00e9gia Concursos traz not\u00edcias sobre concursos e artigos de professores oferecendo cursos para concursos (pdf + videaulas) no site.\",\"publisher\":{\"@id\":\"https:\/\/www.estrategiaconcursos.com.br\/blog\/#organization\"},\"potentialAction\":[{\"@type\":\"SearchAction\",\"target\":{\"@type\":\"EntryPoint\",\"urlTemplate\":\"https:\/\/www.estrategiaconcursos.com.br\/blog\/?s={search_term_string}\"},\"query-input\":{\"@type\":\"PropertyValueSpecification\",\"valueRequired\":true,\"valueName\":\"search_term_string\"}}],\"inLanguage\":\"pt-BR\"},{\"@type\":\"Organization\",\"@id\":\"https:\/\/www.estrategiaconcursos.com.br\/blog\/#organization\",\"name\":\"Estrat\u00e9gia Concursos\",\"url\":\"https:\/\/www.estrategiaconcursos.com.br\/blog\/\",\"logo\":{\"@type\":\"ImageObject\",\"inLanguage\":\"pt-BR\",\"@id\":\"https:\/\/www.estrategiaconcursos.com.br\/blog\/#\/schema\/logo\/image\/\",\"url\":\"https:\/\/dhg1h5j42swfq.cloudfront.net\/2025\/06\/03203428\/logo_concursos-1.jpg\",\"contentUrl\":\"https:\/\/dhg1h5j42swfq.cloudfront.net\/2025\/06\/03203428\/logo_concursos-1.jpg\",\"width\":230,\"height\":60,\"caption\":\"Estrat\u00e9gia Concursos\"},\"image\":{\"@id\":\"https:\/\/www.estrategiaconcursos.com.br\/blog\/#\/schema\/logo\/image\/\"},\"sameAs\":[\"https:\/\/x.com\/EstratConcursos\"]},{\"@type\":\"Person\",\"@id\":\"https:\/\/www.estrategiaconcursos.com.br\/blog\/#\/schema\/person\/4ddc4a162b4fdffa2ea9956dbf62f583\",\"name\":\"S\u00e9rgio Mendes\",\"image\":{\"@type\":\"ImageObject\",\"inLanguage\":\"pt-BR\",\"@id\":\"https:\/\/secure.gravatar.com\/avatar\/4eb4b562c33f40d6f7f76579da7e07350c69579df7db305d32a69ed32ecfd5ce?s=96&d=mm&r=g\",\"url\":\"https:\/\/secure.gravatar.com\/avatar\/4eb4b562c33f40d6f7f76579da7e07350c69579df7db305d32a69ed32ecfd5ce?s=96&d=mm&r=g\",\"contentUrl\":\"https:\/\/secure.gravatar.com\/avatar\/4eb4b562c33f40d6f7f76579da7e07350c69579df7db305d32a69ed32ecfd5ce?s=96&d=mm&r=g\",\"caption\":\"S\u00e9rgio Mendes\"},\"sameAs\":[\"https:\/\/www.facebook.com\/profsergiomendes\"],\"url\":\"https:\/\/www.estrategiaconcursos.com.br\/blog\/author\/sergiomendesestrategiaconcursos-com-br\/\"}]}<\/script>\n<!-- \/ Yoast SEO Premium plugin. -->","yoast_head_json":{"title":"Aprovada agora no Plen\u00e1rio da C\u00e2mara a PEC do \"Or\u00e7amento Impositivo\"","robots":{"index":"index","follow":"follow","max-snippet":"max-snippet:-1","max-image-preview":"max-image-preview:large","max-video-preview":"max-video-preview:-1"},"canonical":"https:\/\/www.estrategiaconcursos.com.br\/blog\/aprovada-agora-no-plenario-da-camara-pec-orcamento-impositivo\/","og_locale":"pt_BR","og_type":"article","og_title":"Aprovada agora no Plen\u00e1rio da C\u00e2mara a PEC do \"Or\u00e7amento Impositivo\"","og_description":"Ol\u00e1 amigos! Foi aprovada agora (por volta das 22h) na C\u00e2mara dos Deputados, em 2\u00ba turno, a Proposta de Emenda \u00e0 Constitui\u00e7\u00e3o &#8211; PEC que obriga a execu\u00e7\u00e3o de\u00a0emendas individuais parlamentares, apelidada de or\u00e7amento impositivo. Relembro que a PEC\u00a0deve ser\u00a0discutida e votada em cada Casa do Congresso Nacional, em dois turnos, considerando-se aprovada se obtiver, [&hellip;]","og_url":"https:\/\/www.estrategiaconcursos.com.br\/blog\/aprovada-agora-no-plenario-da-camara-pec-orcamento-impositivo\/","og_site_name":"Estrat\u00e9gia Concursos","article_author":"https:\/\/www.facebook.com\/profsergiomendes","article_published_time":"2015-02-11T01:19:17+00:00","article_modified_time":"2015-02-11T11:10:55+00:00","author":"S\u00e9rgio Mendes","twitter_card":"summary_large_image","twitter_creator":"@EstratConcursos","twitter_site":"@EstratConcursos","twitter_misc":{"Escrito por":"S\u00e9rgio Mendes","Est. tempo de leitura":"1 minuto"},"schema":{"@context":"https:\/\/schema.org","@graph":[{"@type":"NewsArticle","@id":"https:\/\/www.estrategiaconcursos.com.br\/blog\/aprovada-agora-no-plenario-da-camara-pec-orcamento-impositivo\/#article","isPartOf":{"@id":"https:\/\/www.estrategiaconcursos.com.br\/blog\/aprovada-agora-no-plenario-da-camara-pec-orcamento-impositivo\/"},"author":{"name":"S\u00e9rgio Mendes","@id":"https:\/\/www.estrategiaconcursos.com.br\/blog\/#\/schema\/person\/4ddc4a162b4fdffa2ea9956dbf62f583"},"headline":"Aprovada agora no Plen\u00e1rio da C\u00e2mara a PEC do &#8220;Or\u00e7amento Impositivo&#8221;","datePublished":"2015-02-11T01:19:17+00:00","dateModified":"2015-02-11T11:10:55+00:00","mainEntityOfPage":{"@id":"https:\/\/www.estrategiaconcursos.com.br\/blog\/aprovada-agora-no-plenario-da-camara-pec-orcamento-impositivo\/"},"wordCount":170,"commentCount":2,"publisher":{"@id":"https:\/\/www.estrategiaconcursos.com.br\/blog\/#organization"},"keywords":["C\u00e2mara dos Deputados"],"inLanguage":"pt-BR","potentialAction":[{"@type":"CommentAction","name":"Comment","target":["https:\/\/www.estrategiaconcursos.com.br\/blog\/aprovada-agora-no-plenario-da-camara-pec-orcamento-impositivo\/#respond"]}],"copyrightYear":"2015","copyrightHolder":{"@id":"https:\/\/www.estrategiaconcursos.com.br\/blog\/#organization"}},{"@type":"WebPage","@id":"https:\/\/www.estrategiaconcursos.com.br\/blog\/aprovada-agora-no-plenario-da-camara-pec-orcamento-impositivo\/","url":"https:\/\/www.estrategiaconcursos.com.br\/blog\/aprovada-agora-no-plenario-da-camara-pec-orcamento-impositivo\/","name":"Aprovada agora no Plen\u00e1rio da C\u00e2mara a PEC do \"Or\u00e7amento Impositivo\"","isPartOf":{"@id":"https:\/\/www.estrategiaconcursos.com.br\/blog\/#website"},"datePublished":"2015-02-11T01:19:17+00:00","dateModified":"2015-02-11T11:10:55+00:00","breadcrumb":{"@id":"https:\/\/www.estrategiaconcursos.com.br\/blog\/aprovada-agora-no-plenario-da-camara-pec-orcamento-impositivo\/#breadcrumb"},"inLanguage":"pt-BR","potentialAction":[{"@type":"ReadAction","target":["https:\/\/www.estrategiaconcursos.com.br\/blog\/aprovada-agora-no-plenario-da-camara-pec-orcamento-impositivo\/"]}]},{"@type":"BreadcrumbList","@id":"https:\/\/www.estrategiaconcursos.com.br\/blog\/aprovada-agora-no-plenario-da-camara-pec-orcamento-impositivo\/#breadcrumb","itemListElement":[{"@type":"ListItem","position":1,"name":"In\u00edcio","item":"https:\/\/www.estrategiaconcursos.com.br\/blog\/"},{"@type":"ListItem","position":2,"name":"Aprovada agora no Plen\u00e1rio da C\u00e2mara a PEC do &#8220;Or\u00e7amento Impositivo&#8221;"}]},{"@type":"WebSite","@id":"https:\/\/www.estrategiaconcursos.com.br\/blog\/#website","url":"https:\/\/www.estrategiaconcursos.com.br\/blog\/","name":"Estrat\u00e9gia Concursos","description":"O blog da Estrat\u00e9gia Concursos traz not\u00edcias sobre concursos e artigos de professores oferecendo cursos para concursos (pdf + videaulas) no site.","publisher":{"@id":"https:\/\/www.estrategiaconcursos.com.br\/blog\/#organization"},"potentialAction":[{"@type":"SearchAction","target":{"@type":"EntryPoint","urlTemplate":"https:\/\/www.estrategiaconcursos.com.br\/blog\/?s={search_term_string}"},"query-input":{"@type":"PropertyValueSpecification","valueRequired":true,"valueName":"search_term_string"}}],"inLanguage":"pt-BR"},{"@type":"Organization","@id":"https:\/\/www.estrategiaconcursos.com.br\/blog\/#organization","name":"Estrat\u00e9gia Concursos","url":"https:\/\/www.estrategiaconcursos.com.br\/blog\/","logo":{"@type":"ImageObject","inLanguage":"pt-BR","@id":"https:\/\/www.estrategiaconcursos.com.br\/blog\/#\/schema\/logo\/image\/","url":"https:\/\/dhg1h5j42swfq.cloudfront.net\/2025\/06\/03203428\/logo_concursos-1.jpg","contentUrl":"https:\/\/dhg1h5j42swfq.cloudfront.net\/2025\/06\/03203428\/logo_concursos-1.jpg","width":230,"height":60,"caption":"Estrat\u00e9gia Concursos"},"image":{"@id":"https:\/\/www.estrategiaconcursos.com.br\/blog\/#\/schema\/logo\/image\/"},"sameAs":["https:\/\/x.com\/EstratConcursos"]},{"@type":"Person","@id":"https:\/\/www.estrategiaconcursos.com.br\/blog\/#\/schema\/person\/4ddc4a162b4fdffa2ea9956dbf62f583","name":"S\u00e9rgio Mendes","image":{"@type":"ImageObject","inLanguage":"pt-BR","@id":"https:\/\/secure.gravatar.com\/avatar\/4eb4b562c33f40d6f7f76579da7e07350c69579df7db305d32a69ed32ecfd5ce?s=96&d=mm&r=g","url":"https:\/\/secure.gravatar.com\/avatar\/4eb4b562c33f40d6f7f76579da7e07350c69579df7db305d32a69ed32ecfd5ce?s=96&d=mm&r=g","contentUrl":"https:\/\/secure.gravatar.com\/avatar\/4eb4b562c33f40d6f7f76579da7e07350c69579df7db305d32a69ed32ecfd5ce?s=96&d=mm&r=g","caption":"S\u00e9rgio Mendes"},"sameAs":["https:\/\/www.facebook.com\/profsergiomendes"],"url":"https:\/\/www.estrategiaconcursos.com.br\/blog\/author\/sergiomendesestrategiaconcursos-com-br\/"}]}},"_links":{"self":[{"href":"https:\/\/www.estrategiaconcursos.com.br\/blog\/wp-json\/wp\/v2\/posts\/21214","targetHints":{"allow":["GET"]}}],"collection":[{"href":"https:\/\/www.estrategiaconcursos.com.br\/blog\/wp-json\/wp\/v2\/posts"}],"about":[{"href":"https:\/\/www.estrategiaconcursos.com.br\/blog\/wp-json\/wp\/v2\/types\/post"}],"author":[{"embeddable":true,"href":"https:\/\/www.estrategiaconcursos.com.br\/blog\/wp-json\/wp\/v2\/users\/29"}],"replies":[{"embeddable":true,"href":"https:\/\/www.estrategiaconcursos.com.br\/blog\/wp-json\/wp\/v2\/comments?post=21214"}],"version-history":[{"count":2,"href":"https:\/\/www.estrategiaconcursos.com.br\/blog\/wp-json\/wp\/v2\/posts\/21214\/revisions"}],"predecessor-version":[{"id":21243,"href":"https:\/\/www.estrategiaconcursos.com.br\/blog\/wp-json\/wp\/v2\/posts\/21214\/revisions\/21243"}],"wp:attachment":[{"href":"https:\/\/www.estrategiaconcursos.com.br\/blog\/wp-json\/wp\/v2\/media?parent=21214"}],"wp:term":[{"taxonomy":"category","embeddable":true,"href":"https:\/\/www.estrategiaconcursos.com.br\/blog\/wp-json\/wp\/v2\/categories?post=21214"},{"taxonomy":"post_tag","embeddable":true,"href":"https:\/\/www.estrategiaconcursos.com.br\/blog\/wp-json\/wp\/v2\/tags?post=21214"},{"taxonomy":"tax_estado","embeddable":true,"href":"https:\/\/www.estrategiaconcursos.com.br\/blog\/wp-json\/wp\/v2\/tax_estado?post=21214"}],"curies":[{"name":"wp","href":"https:\/\/api.w.org\/{rel}","templated":true}]}}