{"id":21193,"date":"2015-02-10T17:59:21","date_gmt":"2015-02-10T20:59:21","guid":{"rendered":"http:\/\/www.estrategiaconcursos.com.br\/blog\/?p=21193"},"modified":"2015-02-11T08:09:01","modified_gmt":"2015-02-11T11:09:01","slug":"divulgados-as-provas-e-os-gabaritos-preliminares-do-concurso-da-defensoria-publica-da-uniao-para-o-cargo-de-defensor","status":"publish","type":"post","link":"https:\/\/www.estrategiaconcursos.com.br\/blog\/divulgados-as-provas-e-os-gabaritos-preliminares-do-concurso-da-defensoria-publica-da-uniao-para-o-cargo-de-defensor\/","title":{"rendered":"Divulgados as provas e os gabaritos preliminares do concurso da Defensoria P\u00fablica da Uni\u00e3o para o cargo de Defensor"},"content":{"rendered":"<p style=\"text-align: justify;\"><span style=\"color: #000000;\"><a href=\"https:\/\/dhg1h5j42swfq.cloudfront.net\/2014\/11\/dpu.jpg\"><img loading=\"lazy\" decoding=\"async\" class=\"alignleft wp-image-19148 size-full\" src=\"https:\/\/dhg1h5j42swfq.cloudfront.net\/2014\/11\/dpu.jpg\" alt=\"concurso da Defensoria P\u00fablica da Uni\u00e3o\" width=\"300\" height=\"121\" \/><\/a>Foram divulgados nesta ter\u00e7a-feira, 10, as provas e os gabaritos preliminares do\u00a0concurso da Defensoria P\u00fablica da Uni\u00e3o para o cargo de Defensor. Os recursos poder\u00e3o ser interpostos nesta quarta-feira, 11, e quinta feira, 12, pelo site do <span style=\"color: #0000ff;\"><a style=\"color: #0000ff;\" href=\"http:\/\/www.cespe.unb.br\/concursos\/DPU_14_DEFENSOR\/\">Cespe<\/a><\/span>.<\/span><\/p>\n<p style=\"text-align: justify;\"><span style=\"color: #000000;\">Confira as provas e os gabaritos preliminares em:<\/span><\/p>\n<p style=\"text-align: justify;\"><span style=\"color: #0000ff;\"><a style=\"color: #0000ff;\" href=\"http:\/\/www.cespe.unb.br\/concursos\/DPU_14_DEFENSOR\/\">http:\/\/www.cespe.unb.br\/concursos\/DPU_14_DEFENSOR\/<\/a><\/span><\/p>\n<p style=\"text-align: justify;\"><strong><span style=\"color: #000000;\">Concurso da Defensoria P\u00fablica da Uni\u00e3o para o cargo de Defensor<\/span><\/strong><\/p>\n<p style=\"text-align: justify;\"><span style=\"color: #000000;\">O concurso da Defensoria P\u00fablica da Uni\u00e3o prev\u00ea o preenchimento de 58 vagas mais forma\u00e7\u00e3o de cadastro de reserva\u00a0para o cargo de Defensor P\u00fablico Federal.\u00a0Para concorrer a uma das vagas \u00e9 necess\u00e1rio possuir forma\u00e7\u00e3o em Direito, ter registro na Ordem dos Advogados do Brasil (OAB), ter pr\u00e1tica de tr\u00eas anos de atividade jur\u00eddica, dentre outros requisitos. A remunera\u00e7\u00e3o \u00e9 de\u00a0R$ 16.489,37. A lota\u00e7\u00e3o ser\u00e1 de acordo com a distribui\u00e7\u00e3o feita pelo Defensor P\u00fablico-Geral Federal.<\/span><\/p>\n<p style=\"text-align: justify;\"><span style=\"color: #000000;\">O concurso da Defensoria P\u00fablica da Uni\u00e3o ser\u00e1 composto\u00a0por cinco fases, sendo a primeira a realiza\u00e7\u00e3o de\u00a0prova objetiva, de car\u00e1ter eliminat\u00f3rio e classificat\u00f3rio. A segunda etapa ser\u00e1 aplica\u00e7\u00e3o de prova dissertativa, seguida de prova oral, prova de t\u00edtulos, sindic\u00e2ncia de vida pregressa e apura\u00e7\u00e3o de requisitos pessoais.<\/span><\/p>\n<p style=\"text-align: justify;\"><span style=\"color: #000000;\">O prazo de validade do concurso da Defensoria P\u00fablica da Uni\u00e3o esgotar-se-\u00e1 ap\u00f3s um ano, contado a partir da data de publica\u00e7\u00e3o da homologa\u00e7\u00e3o do resultado final, podendo ser prorrogado, uma \u00fanica vez, por igual per\u00edodo.<\/span><\/p>\n<p style=\"text-align: justify;\"><strong><span style=\"color: #000000;\">Os professores do Estrat\u00e9gia Concursos comentar\u00e3o, em seus artigos, sobre possibilidades de recurso. Acompanhe em:<\/span><\/strong><\/p>\n<p><span style=\"color: #0000ff;\"><a style=\"color: #0000ff;\" href=\"http:\/\/www.estrategiaconcursos.com.br\/blog\/\">http:\/\/www.estrategiaconcursos.com.br\/blog\/<\/a><\/span><\/p>\n<p style=\"text-align: justify;\"><span style=\"color: #000000;\">Assessoria de Comunica\u00e7\u00e3o<\/span><\/p>\n<p style=\"text-align: justify;\"><span style=\"color: #000000;\">comunicacao@estrategiaconcursos.com.br<\/span><\/p>\n","protected":false},"excerpt":{"rendered":"<p>Foram divulgados nesta ter\u00e7a-feira, 10, as provas e os gabaritos preliminares do\u00a0concurso da Defensoria P\u00fablica da Uni\u00e3o para o cargo de Defensor. Os recursos poder\u00e3o ser interpostos nesta quarta-feira, 11, e quinta feira, 12, pelo site do Cespe. Confira as provas e os gabaritos preliminares em: http:\/\/www.cespe.unb.br\/concursos\/DPU_14_DEFENSOR\/ Concurso da Defensoria P\u00fablica da Uni\u00e3o para o [&hellip;]<\/p>\n","protected":false},"author":1,"featured_media":0,"comment_status":"open","ping_status":"open","sticky":false,"template":"","format":"standard","meta":{"post_tipo":"news","footnotes":""},"categories":[],"tags":[538],"tax_estado":[],"class_list":["post-21193","post","type-post","status-publish","format-standard","hentry","tag-dpu"],"acf":[],"yoast_head":"<!-- This site is optimized with the Yoast SEO Premium plugin v27.2 (Yoast SEO v27.2) - https:\/\/yoast.com\/product\/yoast-seo-premium-wordpress\/ -->\n<title>Divulgados as provas e os gabaritos preliminares do concurso da Defensoria P\u00fablica da Uni\u00e3o para o cargo de Defensor<\/title>\n<meta name=\"description\" content=\"Foram divulgados nesta ter\u00e7a-feira, 10, as provas e os gabaritos preliminares do concurso da Defensoria P\u00fablica da Uni\u00e3o para o cargo de Defensor. Confira!\" \/>\n<meta name=\"robots\" content=\"index, follow, max-snippet:-1, max-image-preview:large, max-video-preview:-1\" \/>\n<link rel=\"canonical\" href=\"https:\/\/www.estrategiaconcursos.com.br\/blog\/divulgados-as-provas-e-os-gabaritos-preliminares-do-concurso-da-defensoria-publica-da-uniao-para-o-cargo-de-defensor\/\" \/>\n<meta property=\"og:locale\" content=\"pt_BR\" \/>\n<meta property=\"og:type\" content=\"article\" \/>\n<meta property=\"og:title\" content=\"Divulgados as provas e os gabaritos preliminares do concurso da Defensoria P\u00fablica da Uni\u00e3o para o cargo de Defensor\" \/>\n<meta property=\"og:description\" content=\"Foram divulgados nesta ter\u00e7a-feira, 10, as provas e os gabaritos preliminares do concurso da Defensoria P\u00fablica da Uni\u00e3o para o cargo de Defensor. Confira!\" \/>\n<meta property=\"og:url\" content=\"https:\/\/www.estrategiaconcursos.com.br\/blog\/divulgados-as-provas-e-os-gabaritos-preliminares-do-concurso-da-defensoria-publica-da-uniao-para-o-cargo-de-defensor\/\" \/>\n<meta property=\"og:site_name\" content=\"Estrat\u00e9gia Concursos\" \/>\n<meta property=\"article:author\" content=\"https:\/\/www.facebook.com\/EstrategiaConcursos\" \/>\n<meta property=\"article:published_time\" content=\"2015-02-10T20:59:21+00:00\" \/>\n<meta property=\"article:modified_time\" content=\"2015-02-11T11:09:01+00:00\" \/>\n<meta property=\"og:image\" content=\"https:\/\/dhg1h5j42swfq.cloudfront.net\/2014\/11\/dpu.jpg\" \/>\n<meta name=\"author\" content=\"Coordena\u00e7\u00e3o\" \/>\n<meta name=\"twitter:card\" content=\"summary_large_image\" \/>\n<meta name=\"twitter:creator\" content=\"@EstratConcursos\" \/>\n<meta name=\"twitter:site\" content=\"@EstratConcursos\" \/>\n<meta name=\"twitter:label1\" content=\"Escrito por\" \/>\n\t<meta name=\"twitter:data1\" content=\"Coordena\u00e7\u00e3o\" \/>\n\t<meta name=\"twitter:label2\" content=\"Est. tempo de leitura\" \/>\n\t<meta name=\"twitter:data2\" content=\"1 minuto\" \/>\n<script type=\"application\/ld+json\" class=\"yoast-schema-graph\">{\"@context\":\"https:\/\/schema.org\",\"@graph\":[{\"@type\":\"NewsArticle\",\"@id\":\"https:\/\/www.estrategiaconcursos.com.br\/blog\/divulgados-as-provas-e-os-gabaritos-preliminares-do-concurso-da-defensoria-publica-da-uniao-para-o-cargo-de-defensor\/#article\",\"isPartOf\":{\"@id\":\"https:\/\/www.estrategiaconcursos.com.br\/blog\/divulgados-as-provas-e-os-gabaritos-preliminares-do-concurso-da-defensoria-publica-da-uniao-para-o-cargo-de-defensor\/\"},\"author\":{\"name\":\"Coordena\u00e7\u00e3o\",\"@id\":\"https:\/\/www.estrategiaconcursos.com.br\/blog\/#\/schema\/person\/b4a388c97673c5f483d72185668afa1f\"},\"headline\":\"Divulgados as provas e os gabaritos preliminares do concurso da Defensoria P\u00fablica da Uni\u00e3o para o cargo de Defensor\",\"datePublished\":\"2015-02-10T20:59:21+00:00\",\"dateModified\":\"2015-02-11T11:09:01+00:00\",\"mainEntityOfPage\":{\"@id\":\"https:\/\/www.estrategiaconcursos.com.br\/blog\/divulgados-as-provas-e-os-gabaritos-preliminares-do-concurso-da-defensoria-publica-da-uniao-para-o-cargo-de-defensor\/\"},\"wordCount\":308,\"commentCount\":0,\"publisher\":{\"@id\":\"https:\/\/www.estrategiaconcursos.com.br\/blog\/#organization\"},\"image\":{\"@id\":\"https:\/\/www.estrategiaconcursos.com.br\/blog\/divulgados-as-provas-e-os-gabaritos-preliminares-do-concurso-da-defensoria-publica-da-uniao-para-o-cargo-de-defensor\/#primaryimage\"},\"thumbnailUrl\":\"https:\/\/dhg1h5j42swfq.cloudfront.net\/2014\/11\/dpu.jpg\",\"keywords\":[\"DPU\"],\"inLanguage\":\"pt-BR\",\"potentialAction\":[{\"@type\":\"CommentAction\",\"name\":\"Comment\",\"target\":[\"https:\/\/www.estrategiaconcursos.com.br\/blog\/divulgados-as-provas-e-os-gabaritos-preliminares-do-concurso-da-defensoria-publica-da-uniao-para-o-cargo-de-defensor\/#respond\"]}],\"copyrightYear\":\"2015\",\"copyrightHolder\":{\"@id\":\"https:\/\/www.estrategiaconcursos.com.br\/blog\/#organization\"}},{\"@type\":\"WebPage\",\"@id\":\"https:\/\/www.estrategiaconcursos.com.br\/blog\/divulgados-as-provas-e-os-gabaritos-preliminares-do-concurso-da-defensoria-publica-da-uniao-para-o-cargo-de-defensor\/\",\"url\":\"https:\/\/www.estrategiaconcursos.com.br\/blog\/divulgados-as-provas-e-os-gabaritos-preliminares-do-concurso-da-defensoria-publica-da-uniao-para-o-cargo-de-defensor\/\",\"name\":\"Divulgados as provas e os gabaritos preliminares do concurso da Defensoria P\u00fablica da Uni\u00e3o para o cargo de Defensor\",\"isPartOf\":{\"@id\":\"https:\/\/www.estrategiaconcursos.com.br\/blog\/#website\"},\"primaryImageOfPage\":{\"@id\":\"https:\/\/www.estrategiaconcursos.com.br\/blog\/divulgados-as-provas-e-os-gabaritos-preliminares-do-concurso-da-defensoria-publica-da-uniao-para-o-cargo-de-defensor\/#primaryimage\"},\"image\":{\"@id\":\"https:\/\/www.estrategiaconcursos.com.br\/blog\/divulgados-as-provas-e-os-gabaritos-preliminares-do-concurso-da-defensoria-publica-da-uniao-para-o-cargo-de-defensor\/#primaryimage\"},\"thumbnailUrl\":\"https:\/\/dhg1h5j42swfq.cloudfront.net\/2014\/11\/dpu.jpg\",\"datePublished\":\"2015-02-10T20:59:21+00:00\",\"dateModified\":\"2015-02-11T11:09:01+00:00\",\"description\":\"Foram divulgados nesta ter\u00e7a-feira, 10, as provas e os gabaritos preliminares do concurso da Defensoria P\u00fablica da Uni\u00e3o para o cargo de Defensor. Confira!\",\"breadcrumb\":{\"@id\":\"https:\/\/www.estrategiaconcursos.com.br\/blog\/divulgados-as-provas-e-os-gabaritos-preliminares-do-concurso-da-defensoria-publica-da-uniao-para-o-cargo-de-defensor\/#breadcrumb\"},\"inLanguage\":\"pt-BR\",\"potentialAction\":[{\"@type\":\"ReadAction\",\"target\":[\"https:\/\/www.estrategiaconcursos.com.br\/blog\/divulgados-as-provas-e-os-gabaritos-preliminares-do-concurso-da-defensoria-publica-da-uniao-para-o-cargo-de-defensor\/\"]}]},{\"@type\":\"ImageObject\",\"inLanguage\":\"pt-BR\",\"@id\":\"https:\/\/www.estrategiaconcursos.com.br\/blog\/divulgados-as-provas-e-os-gabaritos-preliminares-do-concurso-da-defensoria-publica-da-uniao-para-o-cargo-de-defensor\/#primaryimage\",\"url\":\"https:\/\/dhg1h5j42swfq.cloudfront.net\/2014\/11\/dpu.jpg\",\"contentUrl\":\"https:\/\/dhg1h5j42swfq.cloudfront.net\/2014\/11\/dpu.jpg\"},{\"@type\":\"BreadcrumbList\",\"@id\":\"https:\/\/www.estrategiaconcursos.com.br\/blog\/divulgados-as-provas-e-os-gabaritos-preliminares-do-concurso-da-defensoria-publica-da-uniao-para-o-cargo-de-defensor\/#breadcrumb\",\"itemListElement\":[{\"@type\":\"ListItem\",\"position\":1,\"name\":\"In\u00edcio\",\"item\":\"https:\/\/www.estrategiaconcursos.com.br\/blog\/\"},{\"@type\":\"ListItem\",\"position\":2,\"name\":\"Divulgados as provas e os gabaritos preliminares do concurso da Defensoria P\u00fablica da Uni\u00e3o para o cargo de Defensor\"}]},{\"@type\":\"WebSite\",\"@id\":\"https:\/\/www.estrategiaconcursos.com.br\/blog\/#website\",\"url\":\"https:\/\/www.estrategiaconcursos.com.br\/blog\/\",\"name\":\"Estrat\u00e9gia Concursos\",\"description\":\"O blog da Estrat\u00e9gia Concursos traz not\u00edcias sobre concursos e artigos de professores oferecendo cursos para concursos (pdf + videaulas) no site.\",\"publisher\":{\"@id\":\"https:\/\/www.estrategiaconcursos.com.br\/blog\/#organization\"},\"potentialAction\":[{\"@type\":\"SearchAction\",\"target\":{\"@type\":\"EntryPoint\",\"urlTemplate\":\"https:\/\/www.estrategiaconcursos.com.br\/blog\/?s={search_term_string}\"},\"query-input\":{\"@type\":\"PropertyValueSpecification\",\"valueRequired\":true,\"valueName\":\"search_term_string\"}}],\"inLanguage\":\"pt-BR\"},{\"@type\":\"Organization\",\"@id\":\"https:\/\/www.estrategiaconcursos.com.br\/blog\/#organization\",\"name\":\"Estrat\u00e9gia Concursos\",\"url\":\"https:\/\/www.estrategiaconcursos.com.br\/blog\/\",\"logo\":{\"@type\":\"ImageObject\",\"inLanguage\":\"pt-BR\",\"@id\":\"https:\/\/www.estrategiaconcursos.com.br\/blog\/#\/schema\/logo\/image\/\",\"url\":\"https:\/\/dhg1h5j42swfq.cloudfront.net\/2025\/06\/03203428\/logo_concursos-1.jpg\",\"contentUrl\":\"https:\/\/dhg1h5j42swfq.cloudfront.net\/2025\/06\/03203428\/logo_concursos-1.jpg\",\"width\":230,\"height\":60,\"caption\":\"Estrat\u00e9gia Concursos\"},\"image\":{\"@id\":\"https:\/\/www.estrategiaconcursos.com.br\/blog\/#\/schema\/logo\/image\/\"},\"sameAs\":[\"https:\/\/x.com\/EstratConcursos\"]},{\"@type\":\"Person\",\"@id\":\"https:\/\/www.estrategiaconcursos.com.br\/blog\/#\/schema\/person\/b4a388c97673c5f483d72185668afa1f\",\"name\":\"Coordena\u00e7\u00e3o\",\"image\":{\"@type\":\"ImageObject\",\"inLanguage\":\"pt-BR\",\"@id\":\"https:\/\/secure.gravatar.com\/avatar\/b720319e4c9a967eb58678d110f4fe35452fc5d5f97b202bac7b8acceb18c6ad?s=96&d=mm&r=g\",\"url\":\"https:\/\/secure.gravatar.com\/avatar\/b720319e4c9a967eb58678d110f4fe35452fc5d5f97b202bac7b8acceb18c6ad?s=96&d=mm&r=g\",\"contentUrl\":\"https:\/\/secure.gravatar.com\/avatar\/b720319e4c9a967eb58678d110f4fe35452fc5d5f97b202bac7b8acceb18c6ad?s=96&d=mm&r=g\",\"caption\":\"Coordena\u00e7\u00e3o\"},\"sameAs\":[\"https:\/\/www.facebook.com\/EstrategiaConcursos\",\"https:\/\/x.com\/EstratConcursos\"],\"url\":\"https:\/\/www.estrategiaconcursos.com.br\/blog\/author\/estrategia2013\/\"}]}<\/script>\n<!-- \/ Yoast SEO Premium plugin. -->","yoast_head_json":{"title":"Divulgados as provas e os gabaritos preliminares do concurso da Defensoria P\u00fablica da Uni\u00e3o para o cargo de Defensor","description":"Foram divulgados nesta ter\u00e7a-feira, 10, as provas e os gabaritos preliminares do concurso da Defensoria P\u00fablica da Uni\u00e3o para o cargo de Defensor. Confira!","robots":{"index":"index","follow":"follow","max-snippet":"max-snippet:-1","max-image-preview":"max-image-preview:large","max-video-preview":"max-video-preview:-1"},"canonical":"https:\/\/www.estrategiaconcursos.com.br\/blog\/divulgados-as-provas-e-os-gabaritos-preliminares-do-concurso-da-defensoria-publica-da-uniao-para-o-cargo-de-defensor\/","og_locale":"pt_BR","og_type":"article","og_title":"Divulgados as provas e os gabaritos preliminares do concurso da Defensoria P\u00fablica da Uni\u00e3o para o cargo de Defensor","og_description":"Foram divulgados nesta ter\u00e7a-feira, 10, as provas e os gabaritos preliminares do concurso da Defensoria P\u00fablica da Uni\u00e3o para o cargo de Defensor. Confira!","og_url":"https:\/\/www.estrategiaconcursos.com.br\/blog\/divulgados-as-provas-e-os-gabaritos-preliminares-do-concurso-da-defensoria-publica-da-uniao-para-o-cargo-de-defensor\/","og_site_name":"Estrat\u00e9gia Concursos","article_author":"https:\/\/www.facebook.com\/EstrategiaConcursos","article_published_time":"2015-02-10T20:59:21+00:00","article_modified_time":"2015-02-11T11:09:01+00:00","og_image":[{"url":"https:\/\/dhg1h5j42swfq.cloudfront.net\/2014\/11\/dpu.jpg","type":"","width":"","height":""}],"author":"Coordena\u00e7\u00e3o","twitter_card":"summary_large_image","twitter_creator":"@EstratConcursos","twitter_site":"@EstratConcursos","twitter_misc":{"Escrito por":"Coordena\u00e7\u00e3o","Est. tempo de leitura":"1 minuto"},"schema":{"@context":"https:\/\/schema.org","@graph":[{"@type":"NewsArticle","@id":"https:\/\/www.estrategiaconcursos.com.br\/blog\/divulgados-as-provas-e-os-gabaritos-preliminares-do-concurso-da-defensoria-publica-da-uniao-para-o-cargo-de-defensor\/#article","isPartOf":{"@id":"https:\/\/www.estrategiaconcursos.com.br\/blog\/divulgados-as-provas-e-os-gabaritos-preliminares-do-concurso-da-defensoria-publica-da-uniao-para-o-cargo-de-defensor\/"},"author":{"name":"Coordena\u00e7\u00e3o","@id":"https:\/\/www.estrategiaconcursos.com.br\/blog\/#\/schema\/person\/b4a388c97673c5f483d72185668afa1f"},"headline":"Divulgados as provas e os gabaritos preliminares do concurso da Defensoria P\u00fablica da Uni\u00e3o para o cargo de Defensor","datePublished":"2015-02-10T20:59:21+00:00","dateModified":"2015-02-11T11:09:01+00:00","mainEntityOfPage":{"@id":"https:\/\/www.estrategiaconcursos.com.br\/blog\/divulgados-as-provas-e-os-gabaritos-preliminares-do-concurso-da-defensoria-publica-da-uniao-para-o-cargo-de-defensor\/"},"wordCount":308,"commentCount":0,"publisher":{"@id":"https:\/\/www.estrategiaconcursos.com.br\/blog\/#organization"},"image":{"@id":"https:\/\/www.estrategiaconcursos.com.br\/blog\/divulgados-as-provas-e-os-gabaritos-preliminares-do-concurso-da-defensoria-publica-da-uniao-para-o-cargo-de-defensor\/#primaryimage"},"thumbnailUrl":"https:\/\/dhg1h5j42swfq.cloudfront.net\/2014\/11\/dpu.jpg","keywords":["DPU"],"inLanguage":"pt-BR","potentialAction":[{"@type":"CommentAction","name":"Comment","target":["https:\/\/www.estrategiaconcursos.com.br\/blog\/divulgados-as-provas-e-os-gabaritos-preliminares-do-concurso-da-defensoria-publica-da-uniao-para-o-cargo-de-defensor\/#respond"]}],"copyrightYear":"2015","copyrightHolder":{"@id":"https:\/\/www.estrategiaconcursos.com.br\/blog\/#organization"}},{"@type":"WebPage","@id":"https:\/\/www.estrategiaconcursos.com.br\/blog\/divulgados-as-provas-e-os-gabaritos-preliminares-do-concurso-da-defensoria-publica-da-uniao-para-o-cargo-de-defensor\/","url":"https:\/\/www.estrategiaconcursos.com.br\/blog\/divulgados-as-provas-e-os-gabaritos-preliminares-do-concurso-da-defensoria-publica-da-uniao-para-o-cargo-de-defensor\/","name":"Divulgados as provas e os gabaritos preliminares do concurso da Defensoria P\u00fablica da Uni\u00e3o para o cargo de Defensor","isPartOf":{"@id":"https:\/\/www.estrategiaconcursos.com.br\/blog\/#website"},"primaryImageOfPage":{"@id":"https:\/\/www.estrategiaconcursos.com.br\/blog\/divulgados-as-provas-e-os-gabaritos-preliminares-do-concurso-da-defensoria-publica-da-uniao-para-o-cargo-de-defensor\/#primaryimage"},"image":{"@id":"https:\/\/www.estrategiaconcursos.com.br\/blog\/divulgados-as-provas-e-os-gabaritos-preliminares-do-concurso-da-defensoria-publica-da-uniao-para-o-cargo-de-defensor\/#primaryimage"},"thumbnailUrl":"https:\/\/dhg1h5j42swfq.cloudfront.net\/2014\/11\/dpu.jpg","datePublished":"2015-02-10T20:59:21+00:00","dateModified":"2015-02-11T11:09:01+00:00","description":"Foram divulgados nesta ter\u00e7a-feira, 10, as provas e os gabaritos preliminares do concurso da Defensoria P\u00fablica da Uni\u00e3o para o cargo de Defensor. Confira!","breadcrumb":{"@id":"https:\/\/www.estrategiaconcursos.com.br\/blog\/divulgados-as-provas-e-os-gabaritos-preliminares-do-concurso-da-defensoria-publica-da-uniao-para-o-cargo-de-defensor\/#breadcrumb"},"inLanguage":"pt-BR","potentialAction":[{"@type":"ReadAction","target":["https:\/\/www.estrategiaconcursos.com.br\/blog\/divulgados-as-provas-e-os-gabaritos-preliminares-do-concurso-da-defensoria-publica-da-uniao-para-o-cargo-de-defensor\/"]}]},{"@type":"ImageObject","inLanguage":"pt-BR","@id":"https:\/\/www.estrategiaconcursos.com.br\/blog\/divulgados-as-provas-e-os-gabaritos-preliminares-do-concurso-da-defensoria-publica-da-uniao-para-o-cargo-de-defensor\/#primaryimage","url":"https:\/\/dhg1h5j42swfq.cloudfront.net\/2014\/11\/dpu.jpg","contentUrl":"https:\/\/dhg1h5j42swfq.cloudfront.net\/2014\/11\/dpu.jpg"},{"@type":"BreadcrumbList","@id":"https:\/\/www.estrategiaconcursos.com.br\/blog\/divulgados-as-provas-e-os-gabaritos-preliminares-do-concurso-da-defensoria-publica-da-uniao-para-o-cargo-de-defensor\/#breadcrumb","itemListElement":[{"@type":"ListItem","position":1,"name":"In\u00edcio","item":"https:\/\/www.estrategiaconcursos.com.br\/blog\/"},{"@type":"ListItem","position":2,"name":"Divulgados as provas e os gabaritos preliminares do concurso da Defensoria P\u00fablica da Uni\u00e3o para o cargo de Defensor"}]},{"@type":"WebSite","@id":"https:\/\/www.estrategiaconcursos.com.br\/blog\/#website","url":"https:\/\/www.estrategiaconcursos.com.br\/blog\/","name":"Estrat\u00e9gia Concursos","description":"O blog da Estrat\u00e9gia Concursos traz not\u00edcias sobre concursos e artigos de professores oferecendo cursos para concursos (pdf + videaulas) no site.","publisher":{"@id":"https:\/\/www.estrategiaconcursos.com.br\/blog\/#organization"},"potentialAction":[{"@type":"SearchAction","target":{"@type":"EntryPoint","urlTemplate":"https:\/\/www.estrategiaconcursos.com.br\/blog\/?s={search_term_string}"},"query-input":{"@type":"PropertyValueSpecification","valueRequired":true,"valueName":"search_term_string"}}],"inLanguage":"pt-BR"},{"@type":"Organization","@id":"https:\/\/www.estrategiaconcursos.com.br\/blog\/#organization","name":"Estrat\u00e9gia Concursos","url":"https:\/\/www.estrategiaconcursos.com.br\/blog\/","logo":{"@type":"ImageObject","inLanguage":"pt-BR","@id":"https:\/\/www.estrategiaconcursos.com.br\/blog\/#\/schema\/logo\/image\/","url":"https:\/\/dhg1h5j42swfq.cloudfront.net\/2025\/06\/03203428\/logo_concursos-1.jpg","contentUrl":"https:\/\/dhg1h5j42swfq.cloudfront.net\/2025\/06\/03203428\/logo_concursos-1.jpg","width":230,"height":60,"caption":"Estrat\u00e9gia Concursos"},"image":{"@id":"https:\/\/www.estrategiaconcursos.com.br\/blog\/#\/schema\/logo\/image\/"},"sameAs":["https:\/\/x.com\/EstratConcursos"]},{"@type":"Person","@id":"https:\/\/www.estrategiaconcursos.com.br\/blog\/#\/schema\/person\/b4a388c97673c5f483d72185668afa1f","name":"Coordena\u00e7\u00e3o","image":{"@type":"ImageObject","inLanguage":"pt-BR","@id":"https:\/\/secure.gravatar.com\/avatar\/b720319e4c9a967eb58678d110f4fe35452fc5d5f97b202bac7b8acceb18c6ad?s=96&d=mm&r=g","url":"https:\/\/secure.gravatar.com\/avatar\/b720319e4c9a967eb58678d110f4fe35452fc5d5f97b202bac7b8acceb18c6ad?s=96&d=mm&r=g","contentUrl":"https:\/\/secure.gravatar.com\/avatar\/b720319e4c9a967eb58678d110f4fe35452fc5d5f97b202bac7b8acceb18c6ad?s=96&d=mm&r=g","caption":"Coordena\u00e7\u00e3o"},"sameAs":["https:\/\/www.facebook.com\/EstrategiaConcursos","https:\/\/x.com\/EstratConcursos"],"url":"https:\/\/www.estrategiaconcursos.com.br\/blog\/author\/estrategia2013\/"}]}},"_links":{"self":[{"href":"https:\/\/www.estrategiaconcursos.com.br\/blog\/wp-json\/wp\/v2\/posts\/21193","targetHints":{"allow":["GET"]}}],"collection":[{"href":"https:\/\/www.estrategiaconcursos.com.br\/blog\/wp-json\/wp\/v2\/posts"}],"about":[{"href":"https:\/\/www.estrategiaconcursos.com.br\/blog\/wp-json\/wp\/v2\/types\/post"}],"author":[{"embeddable":true,"href":"https:\/\/www.estrategiaconcursos.com.br\/blog\/wp-json\/wp\/v2\/users\/1"}],"replies":[{"embeddable":true,"href":"https:\/\/www.estrategiaconcursos.com.br\/blog\/wp-json\/wp\/v2\/comments?post=21193"}],"version-history":[{"count":3,"href":"https:\/\/www.estrategiaconcursos.com.br\/blog\/wp-json\/wp\/v2\/posts\/21193\/revisions"}],"predecessor-version":[{"id":21199,"href":"https:\/\/www.estrategiaconcursos.com.br\/blog\/wp-json\/wp\/v2\/posts\/21193\/revisions\/21199"}],"wp:attachment":[{"href":"https:\/\/www.estrategiaconcursos.com.br\/blog\/wp-json\/wp\/v2\/media?parent=21193"}],"wp:term":[{"taxonomy":"category","embeddable":true,"href":"https:\/\/www.estrategiaconcursos.com.br\/blog\/wp-json\/wp\/v2\/categories?post=21193"},{"taxonomy":"post_tag","embeddable":true,"href":"https:\/\/www.estrategiaconcursos.com.br\/blog\/wp-json\/wp\/v2\/tags?post=21193"},{"taxonomy":"tax_estado","embeddable":true,"href":"https:\/\/www.estrategiaconcursos.com.br\/blog\/wp-json\/wp\/v2\/tax_estado?post=21193"}],"curies":[{"name":"wp","href":"https:\/\/api.w.org\/{rel}","templated":true}]}}