{"id":21135,"date":"2015-02-06T22:58:43","date_gmt":"2015-02-07T01:58:43","guid":{"rendered":"http:\/\/www.estrategiaconcursos.com.br\/blog\/?p=21135"},"modified":"2015-02-06T23:04:56","modified_gmt":"2015-02-07T02:04:56","slug":"concurso-mprj-edital-em-breve-serao-cerca-de-200-vagas-nos-cargos-de-tecnico-nivel-medio-e-analista-superior","status":"publish","type":"post","link":"https:\/\/www.estrategiaconcursos.com.br\/blog\/concurso-mprj-edital-em-breve-serao-cerca-de-200-vagas-nos-cargos-de-tecnico-nivel-medio-e-analista-superior\/","title":{"rendered":"Concurso MPRJ: edital em breve! Ser\u00e3o cerca de 200 vagas nos cargos de t\u00e9cnico (n\u00edvel m\u00e9dio) e analista (superior)"},"content":{"rendered":"<p style=\"text-align: justify;\"><a href=\"https:\/\/dhg1h5j42swfq.cloudfront.net\/2015\/02\/concurso-MPRJ.jpg\"><img loading=\"lazy\" decoding=\"async\" class=\"alignleft wp-image-21136 size-medium\" src=\"https:\/\/dhg1h5j42swfq.cloudfront.net\/2015\/02\/concurso-MPRJ-297x300.jpg\" alt=\"concurso MPRJ\" width=\"297\" height=\"300\" srcset=\"https:\/\/dhg1h5j42swfq.cloudfront.net\/2015\/02\/concurso-MPRJ.jpg 297w, https:\/\/dhg1h5j42swfq.cloudfront.net\/2015\/02\/concurso-MPRJ.jpg 500w\" sizes=\"auto, (max-width: 297px) 100vw, 297px\" \/><\/a><span style=\"color: #000000;\">O Minist\u00e9rio P\u00fablico do Estado do Rio de Janeiro (MPRJ) realizar\u00e1 em breve um novo concurso para\u00a0preencher cerca de 200 vagas nos cargos de t\u00e9cnico (n\u00edvel m\u00e9dio) e analista (superior).\u00a0A previs\u00e3o \u00e9 de que o edital seja divulgado at\u00e9 o fim deste primeiro semestre e que as inscri\u00e7\u00f5es e as provas ocorram a partir de julho deste ano.<\/span><\/p>\n<p style=\"text-align: justify;\"><span style=\"color: #000000;\">S\u00e3o esperadas para o concurso MPRJ, al\u00e9m das vagas para o cargo de t\u00e9cnico administrativo e t\u00e9cnico de notifica\u00e7\u00f5es, vagas nas fun\u00e7\u00f5es de analista processual (gradua\u00e7\u00e3o em Direito), analista na \u00e1rea de TI, entre outras.<\/span><\/p>\n<p style=\"text-align: justify;\"><span style=\"color: #000000;\">Atualmente, os vencimentos iniciais s\u00e3o de R$4.174,13 para t\u00e9cnico e de R$6.799,20 para analista. No entanto, com a inclus\u00e3o do aux\u00edlio-alimenta\u00e7\u00e3o, de R$835, as remunera\u00e7\u00f5es chegam a R$5.009 e R$7.634, respectivamente. Al\u00e9m disso, os servidores t\u00eam direito a aux\u00edlio-transporte, de R$231,\u00a0 e aux\u00edlio-sa\u00fade\u00a0 (valor que varia conforme o n\u00famero de dependentes e o valor das despesas). <\/span><\/p>\n<p style=\"text-align: justify;\"><span style=\"color: #000000;\">O \u00faltimo concurso MPRJ\u00a0foi realizado em 2011\u00a0e contou\u00a0com quest\u00f5es de\u00a0L\u00edngua Portuguesa, No\u00e7\u00f5es de Inform\u00e1tica, Organiza\u00e7\u00e3o do Minist\u00e9rio P\u00fablico, Direito Constitucional, Direito Administrativo, Direito Civil, Direito Processual Civil, Direito Penal e Direito Processual Penal, conforme a fun\u00e7\u00e3o pleiteada. <\/span><\/p>\n<p style=\"text-align: justify;\"><span style=\"color: #000000;\">Para esse certame foram\u00a0103.720 inscritos, sendo 78.616 para t\u00e9cnico e 25.014 para analista. Foram ofertadas\u00a0155 vagas, mas j\u00e1 ocorreram mais de 660 convoca\u00e7\u00f5es. No certame de 2006, foram oferecidas 281 vagas e feitas 1.048 chamadas.<\/span><\/p>\n<p style=\"text-align: justify;\"><strong><span style=\"color: #000000;\">O Estrat\u00e9gia Concursos j\u00e1 lan\u00e7ou cursos para o concurso MPRJ 2015. Confira em:<\/span><\/strong><\/p>\n<p style=\"text-align: justify;\"><span style=\"color: #0000ff;\"><a style=\"color: #0000ff;\" href=\"https:\/\/www.estrategiaconcursos.com.br\/cursosPorConcurso\/mp-rj-365\/\">https:\/\/www.estrategiaconcursos.com.br\/cursosPorConcurso\/mp-rj-365\/<\/a><\/span><\/p>\n<p style=\"text-align: justify;\"><span style=\"color: #000000;\">Assessoria de Comunica\u00e7\u00e3o<\/span><\/p>\n<p style=\"text-align: justify;\"><span style=\"color: #000000;\">comunicacao@estrategiaconcursos.com.br<\/span><\/p>\n","protected":false},"excerpt":{"rendered":"<p>O Minist\u00e9rio P\u00fablico do Estado do Rio de Janeiro (MPRJ) realizar\u00e1 em breve um novo concurso para\u00a0preencher cerca de 200 vagas nos cargos de t\u00e9cnico (n\u00edvel m\u00e9dio) e analista (superior).\u00a0A previs\u00e3o \u00e9 de que o edital seja divulgado at\u00e9 o fim deste primeiro semestre e que as inscri\u00e7\u00f5es e as provas ocorram a partir de [&hellip;]<\/p>\n","protected":false},"author":1,"featured_media":0,"comment_status":"open","ping_status":"open","sticky":false,"template":"","format":"standard","meta":{"post_tipo":"news","footnotes":""},"categories":[1],"tags":[623,624],"tax_estado":[],"class_list":["post-21135","post","type-post","status-publish","format-standard","hentry","category-cursos-e-concursos","tag-mp-rj","tag-mprj"],"acf":[],"yoast_head":"<!-- This site is optimized with the Yoast SEO Premium plugin v27.2 (Yoast SEO v27.2) - https:\/\/yoast.com\/product\/yoast-seo-premium-wordpress\/ -->\n<title>Concurso MPRJ: edital em breve! Ser\u00e3o cerca de 200 vagas nos cargos de t\u00e9cnico (n\u00edvel m\u00e9dio) e analista (superior)<\/title>\n<meta name=\"description\" content=\"S\u00e3o esperadas para o concurso MPRJ cerca de 200 vagas nos cargos de t\u00e9cnico (n\u00edvel m\u00e9dio) e analista (superior). Saiba mais!\" \/>\n<meta name=\"robots\" content=\"index, follow, max-snippet:-1, max-image-preview:large, max-video-preview:-1\" \/>\n<link rel=\"canonical\" href=\"https:\/\/www.estrategiaconcursos.com.br\/blog\/concurso-mprj-edital-em-breve-serao-cerca-de-200-vagas-nos-cargos-de-tecnico-nivel-medio-e-analista-superior\/\" \/>\n<meta property=\"og:locale\" content=\"pt_BR\" \/>\n<meta property=\"og:type\" content=\"article\" \/>\n<meta property=\"og:title\" content=\"Concurso MPRJ: edital em breve! Ser\u00e3o cerca de 200 vagas nos cargos de t\u00e9cnico (n\u00edvel m\u00e9dio) e analista (superior)\" \/>\n<meta property=\"og:description\" content=\"S\u00e3o esperadas para o concurso MPRJ cerca de 200 vagas nos cargos de t\u00e9cnico (n\u00edvel m\u00e9dio) e analista (superior). Saiba mais!\" \/>\n<meta property=\"og:url\" content=\"https:\/\/www.estrategiaconcursos.com.br\/blog\/concurso-mprj-edital-em-breve-serao-cerca-de-200-vagas-nos-cargos-de-tecnico-nivel-medio-e-analista-superior\/\" \/>\n<meta property=\"og:site_name\" content=\"Estrat\u00e9gia Concursos\" \/>\n<meta property=\"article:author\" content=\"https:\/\/www.facebook.com\/EstrategiaConcursos\" \/>\n<meta property=\"article:published_time\" content=\"2015-02-07T01:58:43+00:00\" \/>\n<meta property=\"article:modified_time\" content=\"2015-02-07T02:04:56+00:00\" \/>\n<meta property=\"og:image\" content=\"https:\/\/dhg1h5j42swfq.cloudfront.net\/2015\/02\/concurso-MPRJ-297x300.jpg\" \/>\n<meta name=\"author\" content=\"Coordena\u00e7\u00e3o\" \/>\n<meta name=\"twitter:card\" content=\"summary_large_image\" \/>\n<meta name=\"twitter:creator\" content=\"@EstratConcursos\" \/>\n<meta name=\"twitter:site\" content=\"@EstratConcursos\" \/>\n<meta name=\"twitter:label1\" content=\"Escrito por\" \/>\n\t<meta name=\"twitter:data1\" content=\"Coordena\u00e7\u00e3o\" \/>\n\t<meta name=\"twitter:label2\" content=\"Est. tempo de leitura\" \/>\n\t<meta name=\"twitter:data2\" content=\"1 minuto\" \/>\n<script type=\"application\/ld+json\" class=\"yoast-schema-graph\">{\"@context\":\"https:\/\/schema.org\",\"@graph\":[{\"@type\":\"NewsArticle\",\"@id\":\"https:\/\/www.estrategiaconcursos.com.br\/blog\/concurso-mprj-edital-em-breve-serao-cerca-de-200-vagas-nos-cargos-de-tecnico-nivel-medio-e-analista-superior\/#article\",\"isPartOf\":{\"@id\":\"https:\/\/www.estrategiaconcursos.com.br\/blog\/concurso-mprj-edital-em-breve-serao-cerca-de-200-vagas-nos-cargos-de-tecnico-nivel-medio-e-analista-superior\/\"},\"author\":{\"name\":\"Coordena\u00e7\u00e3o\",\"@id\":\"https:\/\/www.estrategiaconcursos.com.br\/blog\/#\/schema\/person\/b4a388c97673c5f483d72185668afa1f\"},\"headline\":\"Concurso MPRJ: edital em breve! Ser\u00e3o cerca de 200 vagas nos cargos de t\u00e9cnico (n\u00edvel m\u00e9dio) e analista (superior)\",\"datePublished\":\"2015-02-07T01:58:43+00:00\",\"dateModified\":\"2015-02-07T02:04:56+00:00\",\"mainEntityOfPage\":{\"@id\":\"https:\/\/www.estrategiaconcursos.com.br\/blog\/concurso-mprj-edital-em-breve-serao-cerca-de-200-vagas-nos-cargos-de-tecnico-nivel-medio-e-analista-superior\/\"},\"wordCount\":305,\"commentCount\":0,\"publisher\":{\"@id\":\"https:\/\/www.estrategiaconcursos.com.br\/blog\/#organization\"},\"image\":{\"@id\":\"https:\/\/www.estrategiaconcursos.com.br\/blog\/concurso-mprj-edital-em-breve-serao-cerca-de-200-vagas-nos-cargos-de-tecnico-nivel-medio-e-analista-superior\/#primaryimage\"},\"thumbnailUrl\":\"https:\/\/dhg1h5j42swfq.cloudfront.net\/2015\/02\/concurso-MPRJ-297x300.jpg\",\"keywords\":[\"MP-RJ\",\"MPRJ\"],\"articleSection\":[\"Concursos P\u00fablicos\"],\"inLanguage\":\"pt-BR\",\"potentialAction\":[{\"@type\":\"CommentAction\",\"name\":\"Comment\",\"target\":[\"https:\/\/www.estrategiaconcursos.com.br\/blog\/concurso-mprj-edital-em-breve-serao-cerca-de-200-vagas-nos-cargos-de-tecnico-nivel-medio-e-analista-superior\/#respond\"]}],\"copyrightYear\":\"2015\",\"copyrightHolder\":{\"@id\":\"https:\/\/www.estrategiaconcursos.com.br\/blog\/#organization\"}},{\"@type\":\"WebPage\",\"@id\":\"https:\/\/www.estrategiaconcursos.com.br\/blog\/concurso-mprj-edital-em-breve-serao-cerca-de-200-vagas-nos-cargos-de-tecnico-nivel-medio-e-analista-superior\/\",\"url\":\"https:\/\/www.estrategiaconcursos.com.br\/blog\/concurso-mprj-edital-em-breve-serao-cerca-de-200-vagas-nos-cargos-de-tecnico-nivel-medio-e-analista-superior\/\",\"name\":\"Concurso MPRJ: edital em breve! Ser\u00e3o cerca de 200 vagas nos cargos de t\u00e9cnico (n\u00edvel m\u00e9dio) e analista (superior)\",\"isPartOf\":{\"@id\":\"https:\/\/www.estrategiaconcursos.com.br\/blog\/#website\"},\"primaryImageOfPage\":{\"@id\":\"https:\/\/www.estrategiaconcursos.com.br\/blog\/concurso-mprj-edital-em-breve-serao-cerca-de-200-vagas-nos-cargos-de-tecnico-nivel-medio-e-analista-superior\/#primaryimage\"},\"image\":{\"@id\":\"https:\/\/www.estrategiaconcursos.com.br\/blog\/concurso-mprj-edital-em-breve-serao-cerca-de-200-vagas-nos-cargos-de-tecnico-nivel-medio-e-analista-superior\/#primaryimage\"},\"thumbnailUrl\":\"https:\/\/dhg1h5j42swfq.cloudfront.net\/2015\/02\/concurso-MPRJ-297x300.jpg\",\"datePublished\":\"2015-02-07T01:58:43+00:00\",\"dateModified\":\"2015-02-07T02:04:56+00:00\",\"description\":\"S\u00e3o esperadas para o concurso MPRJ cerca de 200 vagas nos cargos de t\u00e9cnico (n\u00edvel m\u00e9dio) e analista (superior). Saiba mais!\",\"breadcrumb\":{\"@id\":\"https:\/\/www.estrategiaconcursos.com.br\/blog\/concurso-mprj-edital-em-breve-serao-cerca-de-200-vagas-nos-cargos-de-tecnico-nivel-medio-e-analista-superior\/#breadcrumb\"},\"inLanguage\":\"pt-BR\",\"potentialAction\":[{\"@type\":\"ReadAction\",\"target\":[\"https:\/\/www.estrategiaconcursos.com.br\/blog\/concurso-mprj-edital-em-breve-serao-cerca-de-200-vagas-nos-cargos-de-tecnico-nivel-medio-e-analista-superior\/\"]}]},{\"@type\":\"ImageObject\",\"inLanguage\":\"pt-BR\",\"@id\":\"https:\/\/www.estrategiaconcursos.com.br\/blog\/concurso-mprj-edital-em-breve-serao-cerca-de-200-vagas-nos-cargos-de-tecnico-nivel-medio-e-analista-superior\/#primaryimage\",\"url\":\"https:\/\/dhg1h5j42swfq.cloudfront.net\/2015\/02\/concurso-MPRJ-297x300.jpg\",\"contentUrl\":\"https:\/\/dhg1h5j42swfq.cloudfront.net\/2015\/02\/concurso-MPRJ-297x300.jpg\"},{\"@type\":\"BreadcrumbList\",\"@id\":\"https:\/\/www.estrategiaconcursos.com.br\/blog\/concurso-mprj-edital-em-breve-serao-cerca-de-200-vagas-nos-cargos-de-tecnico-nivel-medio-e-analista-superior\/#breadcrumb\",\"itemListElement\":[{\"@type\":\"ListItem\",\"position\":1,\"name\":\"In\u00edcio\",\"item\":\"https:\/\/www.estrategiaconcursos.com.br\/blog\/\"},{\"@type\":\"ListItem\",\"position\":2,\"name\":\"Concurso MPRJ: edital em breve! Ser\u00e3o cerca de 200 vagas nos cargos de t\u00e9cnico (n\u00edvel m\u00e9dio) e analista (superior)\"}]},{\"@type\":\"WebSite\",\"@id\":\"https:\/\/www.estrategiaconcursos.com.br\/blog\/#website\",\"url\":\"https:\/\/www.estrategiaconcursos.com.br\/blog\/\",\"name\":\"Estrat\u00e9gia Concursos\",\"description\":\"O blog da Estrat\u00e9gia Concursos traz not\u00edcias sobre concursos e artigos de professores oferecendo cursos para concursos (pdf + videaulas) no site.\",\"publisher\":{\"@id\":\"https:\/\/www.estrategiaconcursos.com.br\/blog\/#organization\"},\"potentialAction\":[{\"@type\":\"SearchAction\",\"target\":{\"@type\":\"EntryPoint\",\"urlTemplate\":\"https:\/\/www.estrategiaconcursos.com.br\/blog\/?s={search_term_string}\"},\"query-input\":{\"@type\":\"PropertyValueSpecification\",\"valueRequired\":true,\"valueName\":\"search_term_string\"}}],\"inLanguage\":\"pt-BR\"},{\"@type\":\"Organization\",\"@id\":\"https:\/\/www.estrategiaconcursos.com.br\/blog\/#organization\",\"name\":\"Estrat\u00e9gia Concursos\",\"url\":\"https:\/\/www.estrategiaconcursos.com.br\/blog\/\",\"logo\":{\"@type\":\"ImageObject\",\"inLanguage\":\"pt-BR\",\"@id\":\"https:\/\/www.estrategiaconcursos.com.br\/blog\/#\/schema\/logo\/image\/\",\"url\":\"https:\/\/dhg1h5j42swfq.cloudfront.net\/2025\/06\/03203428\/logo_concursos-1.jpg\",\"contentUrl\":\"https:\/\/dhg1h5j42swfq.cloudfront.net\/2025\/06\/03203428\/logo_concursos-1.jpg\",\"width\":230,\"height\":60,\"caption\":\"Estrat\u00e9gia Concursos\"},\"image\":{\"@id\":\"https:\/\/www.estrategiaconcursos.com.br\/blog\/#\/schema\/logo\/image\/\"},\"sameAs\":[\"https:\/\/x.com\/EstratConcursos\"]},{\"@type\":\"Person\",\"@id\":\"https:\/\/www.estrategiaconcursos.com.br\/blog\/#\/schema\/person\/b4a388c97673c5f483d72185668afa1f\",\"name\":\"Coordena\u00e7\u00e3o\",\"image\":{\"@type\":\"ImageObject\",\"inLanguage\":\"pt-BR\",\"@id\":\"https:\/\/secure.gravatar.com\/avatar\/b720319e4c9a967eb58678d110f4fe35452fc5d5f97b202bac7b8acceb18c6ad?s=96&d=mm&r=g\",\"url\":\"https:\/\/secure.gravatar.com\/avatar\/b720319e4c9a967eb58678d110f4fe35452fc5d5f97b202bac7b8acceb18c6ad?s=96&d=mm&r=g\",\"contentUrl\":\"https:\/\/secure.gravatar.com\/avatar\/b720319e4c9a967eb58678d110f4fe35452fc5d5f97b202bac7b8acceb18c6ad?s=96&d=mm&r=g\",\"caption\":\"Coordena\u00e7\u00e3o\"},\"sameAs\":[\"https:\/\/www.facebook.com\/EstrategiaConcursos\",\"https:\/\/x.com\/EstratConcursos\"],\"url\":\"https:\/\/www.estrategiaconcursos.com.br\/blog\/author\/estrategia2013\/\"}]}<\/script>\n<!-- \/ Yoast SEO Premium plugin. -->","yoast_head_json":{"title":"Concurso MPRJ: edital em breve! Ser\u00e3o cerca de 200 vagas nos cargos de t\u00e9cnico (n\u00edvel m\u00e9dio) e analista (superior)","description":"S\u00e3o esperadas para o concurso MPRJ cerca de 200 vagas nos cargos de t\u00e9cnico (n\u00edvel m\u00e9dio) e analista (superior). Saiba mais!","robots":{"index":"index","follow":"follow","max-snippet":"max-snippet:-1","max-image-preview":"max-image-preview:large","max-video-preview":"max-video-preview:-1"},"canonical":"https:\/\/www.estrategiaconcursos.com.br\/blog\/concurso-mprj-edital-em-breve-serao-cerca-de-200-vagas-nos-cargos-de-tecnico-nivel-medio-e-analista-superior\/","og_locale":"pt_BR","og_type":"article","og_title":"Concurso MPRJ: edital em breve! Ser\u00e3o cerca de 200 vagas nos cargos de t\u00e9cnico (n\u00edvel m\u00e9dio) e analista (superior)","og_description":"S\u00e3o esperadas para o concurso MPRJ cerca de 200 vagas nos cargos de t\u00e9cnico (n\u00edvel m\u00e9dio) e analista (superior). Saiba mais!","og_url":"https:\/\/www.estrategiaconcursos.com.br\/blog\/concurso-mprj-edital-em-breve-serao-cerca-de-200-vagas-nos-cargos-de-tecnico-nivel-medio-e-analista-superior\/","og_site_name":"Estrat\u00e9gia Concursos","article_author":"https:\/\/www.facebook.com\/EstrategiaConcursos","article_published_time":"2015-02-07T01:58:43+00:00","article_modified_time":"2015-02-07T02:04:56+00:00","og_image":[{"url":"https:\/\/dhg1h5j42swfq.cloudfront.net\/2015\/02\/concurso-MPRJ-297x300.jpg","type":"","width":"","height":""}],"author":"Coordena\u00e7\u00e3o","twitter_card":"summary_large_image","twitter_creator":"@EstratConcursos","twitter_site":"@EstratConcursos","twitter_misc":{"Escrito por":"Coordena\u00e7\u00e3o","Est. tempo de leitura":"1 minuto"},"schema":{"@context":"https:\/\/schema.org","@graph":[{"@type":"NewsArticle","@id":"https:\/\/www.estrategiaconcursos.com.br\/blog\/concurso-mprj-edital-em-breve-serao-cerca-de-200-vagas-nos-cargos-de-tecnico-nivel-medio-e-analista-superior\/#article","isPartOf":{"@id":"https:\/\/www.estrategiaconcursos.com.br\/blog\/concurso-mprj-edital-em-breve-serao-cerca-de-200-vagas-nos-cargos-de-tecnico-nivel-medio-e-analista-superior\/"},"author":{"name":"Coordena\u00e7\u00e3o","@id":"https:\/\/www.estrategiaconcursos.com.br\/blog\/#\/schema\/person\/b4a388c97673c5f483d72185668afa1f"},"headline":"Concurso MPRJ: edital em breve! Ser\u00e3o cerca de 200 vagas nos cargos de t\u00e9cnico (n\u00edvel m\u00e9dio) e analista (superior)","datePublished":"2015-02-07T01:58:43+00:00","dateModified":"2015-02-07T02:04:56+00:00","mainEntityOfPage":{"@id":"https:\/\/www.estrategiaconcursos.com.br\/blog\/concurso-mprj-edital-em-breve-serao-cerca-de-200-vagas-nos-cargos-de-tecnico-nivel-medio-e-analista-superior\/"},"wordCount":305,"commentCount":0,"publisher":{"@id":"https:\/\/www.estrategiaconcursos.com.br\/blog\/#organization"},"image":{"@id":"https:\/\/www.estrategiaconcursos.com.br\/blog\/concurso-mprj-edital-em-breve-serao-cerca-de-200-vagas-nos-cargos-de-tecnico-nivel-medio-e-analista-superior\/#primaryimage"},"thumbnailUrl":"https:\/\/dhg1h5j42swfq.cloudfront.net\/2015\/02\/concurso-MPRJ-297x300.jpg","keywords":["MP-RJ","MPRJ"],"articleSection":["Concursos P\u00fablicos"],"inLanguage":"pt-BR","potentialAction":[{"@type":"CommentAction","name":"Comment","target":["https:\/\/www.estrategiaconcursos.com.br\/blog\/concurso-mprj-edital-em-breve-serao-cerca-de-200-vagas-nos-cargos-de-tecnico-nivel-medio-e-analista-superior\/#respond"]}],"copyrightYear":"2015","copyrightHolder":{"@id":"https:\/\/www.estrategiaconcursos.com.br\/blog\/#organization"}},{"@type":"WebPage","@id":"https:\/\/www.estrategiaconcursos.com.br\/blog\/concurso-mprj-edital-em-breve-serao-cerca-de-200-vagas-nos-cargos-de-tecnico-nivel-medio-e-analista-superior\/","url":"https:\/\/www.estrategiaconcursos.com.br\/blog\/concurso-mprj-edital-em-breve-serao-cerca-de-200-vagas-nos-cargos-de-tecnico-nivel-medio-e-analista-superior\/","name":"Concurso MPRJ: edital em breve! Ser\u00e3o cerca de 200 vagas nos cargos de t\u00e9cnico (n\u00edvel m\u00e9dio) e analista (superior)","isPartOf":{"@id":"https:\/\/www.estrategiaconcursos.com.br\/blog\/#website"},"primaryImageOfPage":{"@id":"https:\/\/www.estrategiaconcursos.com.br\/blog\/concurso-mprj-edital-em-breve-serao-cerca-de-200-vagas-nos-cargos-de-tecnico-nivel-medio-e-analista-superior\/#primaryimage"},"image":{"@id":"https:\/\/www.estrategiaconcursos.com.br\/blog\/concurso-mprj-edital-em-breve-serao-cerca-de-200-vagas-nos-cargos-de-tecnico-nivel-medio-e-analista-superior\/#primaryimage"},"thumbnailUrl":"https:\/\/dhg1h5j42swfq.cloudfront.net\/2015\/02\/concurso-MPRJ-297x300.jpg","datePublished":"2015-02-07T01:58:43+00:00","dateModified":"2015-02-07T02:04:56+00:00","description":"S\u00e3o esperadas para o concurso MPRJ cerca de 200 vagas nos cargos de t\u00e9cnico (n\u00edvel m\u00e9dio) e analista (superior). Saiba mais!","breadcrumb":{"@id":"https:\/\/www.estrategiaconcursos.com.br\/blog\/concurso-mprj-edital-em-breve-serao-cerca-de-200-vagas-nos-cargos-de-tecnico-nivel-medio-e-analista-superior\/#breadcrumb"},"inLanguage":"pt-BR","potentialAction":[{"@type":"ReadAction","target":["https:\/\/www.estrategiaconcursos.com.br\/blog\/concurso-mprj-edital-em-breve-serao-cerca-de-200-vagas-nos-cargos-de-tecnico-nivel-medio-e-analista-superior\/"]}]},{"@type":"ImageObject","inLanguage":"pt-BR","@id":"https:\/\/www.estrategiaconcursos.com.br\/blog\/concurso-mprj-edital-em-breve-serao-cerca-de-200-vagas-nos-cargos-de-tecnico-nivel-medio-e-analista-superior\/#primaryimage","url":"https:\/\/dhg1h5j42swfq.cloudfront.net\/2015\/02\/concurso-MPRJ-297x300.jpg","contentUrl":"https:\/\/dhg1h5j42swfq.cloudfront.net\/2015\/02\/concurso-MPRJ-297x300.jpg"},{"@type":"BreadcrumbList","@id":"https:\/\/www.estrategiaconcursos.com.br\/blog\/concurso-mprj-edital-em-breve-serao-cerca-de-200-vagas-nos-cargos-de-tecnico-nivel-medio-e-analista-superior\/#breadcrumb","itemListElement":[{"@type":"ListItem","position":1,"name":"In\u00edcio","item":"https:\/\/www.estrategiaconcursos.com.br\/blog\/"},{"@type":"ListItem","position":2,"name":"Concurso MPRJ: edital em breve! Ser\u00e3o cerca de 200 vagas nos cargos de t\u00e9cnico (n\u00edvel m\u00e9dio) e analista (superior)"}]},{"@type":"WebSite","@id":"https:\/\/www.estrategiaconcursos.com.br\/blog\/#website","url":"https:\/\/www.estrategiaconcursos.com.br\/blog\/","name":"Estrat\u00e9gia Concursos","description":"O blog da Estrat\u00e9gia Concursos traz not\u00edcias sobre concursos e artigos de professores oferecendo cursos para concursos (pdf + videaulas) no site.","publisher":{"@id":"https:\/\/www.estrategiaconcursos.com.br\/blog\/#organization"},"potentialAction":[{"@type":"SearchAction","target":{"@type":"EntryPoint","urlTemplate":"https:\/\/www.estrategiaconcursos.com.br\/blog\/?s={search_term_string}"},"query-input":{"@type":"PropertyValueSpecification","valueRequired":true,"valueName":"search_term_string"}}],"inLanguage":"pt-BR"},{"@type":"Organization","@id":"https:\/\/www.estrategiaconcursos.com.br\/blog\/#organization","name":"Estrat\u00e9gia Concursos","url":"https:\/\/www.estrategiaconcursos.com.br\/blog\/","logo":{"@type":"ImageObject","inLanguage":"pt-BR","@id":"https:\/\/www.estrategiaconcursos.com.br\/blog\/#\/schema\/logo\/image\/","url":"https:\/\/dhg1h5j42swfq.cloudfront.net\/2025\/06\/03203428\/logo_concursos-1.jpg","contentUrl":"https:\/\/dhg1h5j42swfq.cloudfront.net\/2025\/06\/03203428\/logo_concursos-1.jpg","width":230,"height":60,"caption":"Estrat\u00e9gia Concursos"},"image":{"@id":"https:\/\/www.estrategiaconcursos.com.br\/blog\/#\/schema\/logo\/image\/"},"sameAs":["https:\/\/x.com\/EstratConcursos"]},{"@type":"Person","@id":"https:\/\/www.estrategiaconcursos.com.br\/blog\/#\/schema\/person\/b4a388c97673c5f483d72185668afa1f","name":"Coordena\u00e7\u00e3o","image":{"@type":"ImageObject","inLanguage":"pt-BR","@id":"https:\/\/secure.gravatar.com\/avatar\/b720319e4c9a967eb58678d110f4fe35452fc5d5f97b202bac7b8acceb18c6ad?s=96&d=mm&r=g","url":"https:\/\/secure.gravatar.com\/avatar\/b720319e4c9a967eb58678d110f4fe35452fc5d5f97b202bac7b8acceb18c6ad?s=96&d=mm&r=g","contentUrl":"https:\/\/secure.gravatar.com\/avatar\/b720319e4c9a967eb58678d110f4fe35452fc5d5f97b202bac7b8acceb18c6ad?s=96&d=mm&r=g","caption":"Coordena\u00e7\u00e3o"},"sameAs":["https:\/\/www.facebook.com\/EstrategiaConcursos","https:\/\/x.com\/EstratConcursos"],"url":"https:\/\/www.estrategiaconcursos.com.br\/blog\/author\/estrategia2013\/"}]}},"_links":{"self":[{"href":"https:\/\/www.estrategiaconcursos.com.br\/blog\/wp-json\/wp\/v2\/posts\/21135","targetHints":{"allow":["GET"]}}],"collection":[{"href":"https:\/\/www.estrategiaconcursos.com.br\/blog\/wp-json\/wp\/v2\/posts"}],"about":[{"href":"https:\/\/www.estrategiaconcursos.com.br\/blog\/wp-json\/wp\/v2\/types\/post"}],"author":[{"embeddable":true,"href":"https:\/\/www.estrategiaconcursos.com.br\/blog\/wp-json\/wp\/v2\/users\/1"}],"replies":[{"embeddable":true,"href":"https:\/\/www.estrategiaconcursos.com.br\/blog\/wp-json\/wp\/v2\/comments?post=21135"}],"version-history":[{"count":3,"href":"https:\/\/www.estrategiaconcursos.com.br\/blog\/wp-json\/wp\/v2\/posts\/21135\/revisions"}],"predecessor-version":[{"id":21142,"href":"https:\/\/www.estrategiaconcursos.com.br\/blog\/wp-json\/wp\/v2\/posts\/21135\/revisions\/21142"}],"wp:attachment":[{"href":"https:\/\/www.estrategiaconcursos.com.br\/blog\/wp-json\/wp\/v2\/media?parent=21135"}],"wp:term":[{"taxonomy":"category","embeddable":true,"href":"https:\/\/www.estrategiaconcursos.com.br\/blog\/wp-json\/wp\/v2\/categories?post=21135"},{"taxonomy":"post_tag","embeddable":true,"href":"https:\/\/www.estrategiaconcursos.com.br\/blog\/wp-json\/wp\/v2\/tags?post=21135"},{"taxonomy":"tax_estado","embeddable":true,"href":"https:\/\/www.estrategiaconcursos.com.br\/blog\/wp-json\/wp\/v2\/tax_estado?post=21135"}],"curies":[{"name":"wp","href":"https:\/\/api.w.org\/{rel}","templated":true}]}}