{"id":21006,"date":"2015-02-03T14:49:42","date_gmt":"2015-02-03T17:49:42","guid":{"rendered":"http:\/\/www.estrategiaconcursos.com.br\/blog\/?p=21006"},"modified":"2015-02-04T12:19:36","modified_gmt":"2015-02-04T15:19:36","slug":"controle-prova-inmetro-2015-cargo-3","status":"publish","type":"post","link":"https:\/\/www.estrategiaconcursos.com.br\/blog\/controle-prova-inmetro-2015-cargo-3\/","title":{"rendered":"Controle &#8211; Prova INMETRO 2015 (cargo 3)"},"content":{"rendered":"<p>Ol\u00e1, pessoal! Como foram na prova? Espero que muito bem.<\/p>\n<p>A prova foi bastante tranquila para os que fizeram o curso conosco, sem nenhuma surpresa. As quest\u00f5es cobraram\u00a0o que foi exaustivamente debatido nas aulas, al\u00e9m de trazer excertos, na \u00edntegra, de dispositivos legais.<\/p>\n<p>Quanto aos recursos, vislumbro possibilidade gritante na <strong>quest\u00e3o 49<\/strong>, conforme coment\u00e1rio abaixo.<\/p>\n<p>No mais, espero que consigam alcan\u00e7ar seus objetivos. Se n\u00e3o for agora, tenha paci\u00eancia, perseveran\u00e7a, f\u00e9 e fa\u00e7a sua parte! Sua hora chegar\u00e1!<\/p>\n<p>O grande diferencial entre os que obt\u00e9m a aprova\u00e7\u00e3o e os demais \u00e9 a forma como aqueles reagem aos fracassos e rapidamente se preparam para novas batalhas.<\/p>\n<p>Grande abra\u00e7o! Faca na caveira, sangue nos olhos e bons estudos!<\/p>\n<p>&nbsp;<\/p>\n<p><strong>39) (IDECAN\/ANALISTA (CARGO 3) \u2013 INMETRO\/2015)<\/strong> \u201cRelaciona\u2010se melhor utiliza\u00e7\u00e3o dos recursos para atender ao interesse p\u00fablico. Pode ser definido(a) como a coer\u00eancia dos meios em rela\u00e7\u00e3o com os fins visados, e se traduz no emprego de meios para obten\u00e7\u00e3o de um m\u00e1ximo de resultados positivos para o servi\u00e7o p\u00fablico e satisfat\u00f3rio no atendimento das necessidades da comunidade e seus membros. Trata\u2010se do(a) ____________ na Administra\u00e7\u00e3o P\u00fablica.\u201d Assinale a alternativa que completa corretamente\u00a0\u00a0 a afirmativa anterior.<\/p>\n<p>A) efic\u00e1cia<\/p>\n<p>B) controle<\/p>\n<p>C) avalia\u00e7\u00e3o<\/p>\n<p>D) efici\u00eancia<\/p>\n<p>E) efetividade<\/p>\n<p><strong>Coment\u00e1rio: <\/strong>O controle de gest\u00e3o visa verificar os recursos empregados em determinado processo e os resultados alcan\u00e7ados, comparando-os com as metas previamente estabelecidas. Por meio dessa forma de controle se verificam aspectos como efici\u00eancia, efic\u00e1cia, efetividade e economicidade.<\/p>\n<p><strong><span style=\"text-decoration: underline\">Efici\u00eancia<\/span><\/strong>: rela\u00e7\u00e3o entre resultados obtidos e recursos empregados.<\/p>\n<p><strong><span style=\"text-decoration: underline\">Efic\u00e1cia<\/span><\/strong>: cumprimento das metas previamente estabelecidas; resultado.<\/p>\n<p><strong><span style=\"text-decoration: underline\">Efetividade<\/span><\/strong>: cumprimento dos objetivos\/efeitos em termos de impactos sobre o p\u00fablico alvo.<\/p>\n<p><strong><span style=\"text-decoration: underline\">Economicidade<\/span><\/strong>: rela\u00e7\u00e3o custo\/benef\u00edcio.<\/p>\n<p>Observe que o enunciado traz uma rela\u00e7\u00e3o entre recursos empregados e resultados obtidos (\u201c&#8230;emprego de meios para obten\u00e7\u00e3o de um m\u00e1ximo de resultados positivos&#8230;\u201d), raz\u00e3o pela qual a alternativa D (efici\u00eancia) \u00e9 o gabarito da quest\u00e3o.<\/p>\n<p><strong>Gabarito: D<\/strong><\/p>\n<p><strong>\u00a0<\/strong><strong>45) (IDECAN\/ANALISTA (CARGO 3) \u2013 INMETRO\/2015) <\/strong>Segundo o art. 74, da Constitui\u00e7\u00e3o Federal de 1988, os Poderes Legislativo, Executivo e Judici\u00e1rio manter\u00e3o, de forma integrada, o sistema de controle interno. Constituem\u2010se em finalidades do sistema de controle interno, EXCETO:<\/p>\n<ol>\n<li>A) Avaliar o cumprimento das metas previstas no plano plurianual.<\/li>\n<li>B) Avaliar a execu\u00e7\u00e3o dos programas de governo e dos or\u00e7amentos.<\/li>\n<li>C) Apoiar o controle externo no exerc\u00edcio de sua miss\u00e3o institucional.<\/li>\n<li>D) Exercer o controle das opera\u00e7\u00f5es de cr\u00e9dito, avais e garantias da Administra\u00e7\u00e3o P\u00fablica.<\/li>\n<li>E) Aprovar os resultados da gest\u00e3o or\u00e7ament\u00e1ria, financeira e patrimonial somente da administra\u00e7\u00e3o direta.<\/li>\n<\/ol>\n<p><strong>Coment\u00e1rio: <\/strong>Como havia dito em nossa Aula 03, uma quest\u00e3o a respeito das finalidades do sistema de controle interno, dispostas no artigo 74 da CF\/88, era certa em nossa prova! E acertei! Rsrsrs<\/p>\n<p>No citado artigo 74, a Constitui\u00e7\u00e3o Federal obrigou os tr\u00eas Poderes (Executivo, Legislativo e Judici\u00e1rio) a manterem, de forma integrada, sistema de controle interno com a finalidade de:<\/p>\n<p>I. <strong><span style=\"text-decoration: underline\">avaliar<\/span><\/strong> o cumprimento das metas previstas no plano plurianual, a execu\u00e7\u00e3o dos programas de governo e dos or\u00e7amentos da Uni\u00e3o;<\/p>\n<p>II. <strong><span style=\"text-decoration: underline\">comprovar<\/span><\/strong> a legalidade e avaliar os resultados, quanto \u00e0 efic\u00e1cia e efici\u00eancia, da gest\u00e3o or\u00e7ament\u00e1ria, financeira e patrimonial nos \u00f3rg\u00e3os e entidades da administra\u00e7\u00e3o federal, bem como da aplica\u00e7\u00e3o de recursos p\u00fablicos por entidades de direito privado;<\/p>\n<p>III. <strong><span style=\"text-decoration: underline\">exercer<\/span><\/strong> o controle das opera\u00e7\u00f5es de cr\u00e9dito, avais e garantias, bem como dos direitos e haveres da Uni\u00e3o;<\/p>\n<p>IV. <strong><span style=\"text-decoration: underline\">apoiar<\/span><\/strong> o controle externo no exerc\u00edcio de sua miss\u00e3o institucional.<\/p>\n<p>Alternativas A e B \u00e0 inciso I;<\/p>\n<p>Alternativa C \u00e0 inciso IV;<\/p>\n<p>Alternativa D \u00e0 inciso III;<\/p>\n<p>Alternativa E n\u00e3o possui previs\u00e3o constitucional. Observe, ainda, que o controle interno abrange tanto a Administra\u00e7\u00e3o Direta quanto a Indireta.<\/p>\n<p><strong>Gabarito: E<\/strong><\/p>\n<p>&nbsp;<\/p>\n<p><strong>49)<\/strong> <strong>(IDECAN\/ANALISTA (CARGO 3) \u2013 INMETRO\/2015) <\/strong>A Lei n\u00ba 8.429\/1992 trata das san\u00e7\u00f5es administrativas aplic\u00e1veis aos agentes p\u00fablicos que praticam atos de improbidade administrativa. Receber, para si ou para outrem, dinheiro, bem m\u00f3vel ou im\u00f3vel, ou qualquer outra vantagem econ\u00f4mica, direta ou indireta, a t\u00edtulo de comiss\u00e3o, percentagem, gratifica\u00e7\u00e3o ou presente de quem tenha interesse, direto ou indireto, que possa ser atingido ou amparado por a\u00e7\u00e3o ou omiss\u00e3o decorrente das atribui\u00e7\u00f5es do agente p\u00fablico, constitui\u2010se em ato de improbidade administrativa, que<\/p>\n<ol>\n<li>A) causa preju\u00edzo ao er\u00e1rio.<\/li>\n<li>B) importa enriquecimento il\u00edcito.<\/li>\n<li>C) causa les\u00e3o ao patrim\u00f4nio privado.<\/li>\n<li>D) proporciona dano ao patrim\u00f4nio cultural.<\/li>\n<li>E) atenta contra os princ\u00edpios da administra\u00e7\u00e3o p\u00fablica.<\/li>\n<\/ol>\n<p><strong>Coment\u00e1rio: <span style=\"text-decoration: underline\">Cabe recurso!<\/span><\/strong><\/p>\n<p>Observe o que disp\u00f5e o inciso I do artigo 9\u00ba da LIA (Lei n\u00ba 8.429\/1992):<\/p>\n<p>Art. 9\u00b0 Constitui ato de improbidade administrativa importando <strong><span style=\"text-decoration: underline\">enriquecimento il\u00edcito<\/span><\/strong> auferir qualquer tipo de vantagem patrimonial indevida em raz\u00e3o do exerc\u00edcio de cargo, mandato, fun\u00e7\u00e3o, emprego ou atividade nas entidades mencionadas no art. 1\u00b0 desta lei, e notadamente:<\/p>\n<p>I &#8211; <strong><span style=\"text-decoration: underline\">receber, para si ou para outrem, dinheiro, bem m\u00f3vel ou im\u00f3vel, ou qualquer outra vantagem econ\u00f4mica, direta ou indireta, a t\u00edtulo de comiss\u00e3o, percentagem, gratifica\u00e7\u00e3o ou presente de quem tenha interesse, direto ou indireto, que possa ser atingido ou amparado por a\u00e7\u00e3o ou omiss\u00e3o decorrente das atribui\u00e7\u00f5es do agente p\u00fablico<\/span><\/strong>;<\/p>\n<p>Dessa forma, o gabarito da quest\u00e3o deveria ser a <strong><span style=\"text-decoration: underline\">alternativa B<\/span><\/strong>.<\/p>\n<p><strong>Gabarito: D<\/strong><\/p>\n<p>&nbsp;<\/p>\n<p><strong>59)<\/strong> <strong>(IDECAN\/ANALISTA (CARGO 3) \u2013 INMETRO\/2015) <\/strong>Segundo o artigo 9\u00ba do Decreto n\u00ba 3.591\/2000, a Comiss\u00e3o de Coordena\u00e7\u00e3o de Controle Interno (CCCI) \u00e9 \u00f3rg\u00e3o colegiado de fun\u00e7\u00e3o consultiva do Sistema de Controle Interno do Poder Executivo Federal. S\u00e3o compet\u00eancias da Comiss\u00e3o de Coordena\u00e7\u00e3o de Controle Interno (CCCI), EXCETO:<\/p>\n<ol>\n<li>A) Efetuar estudos e propor medidas visando promover a integra\u00e7\u00e3o operacional do Sistema de Controle Interno do Poder Executivo Federal.<\/li>\n<li>B)\u00a0\u00a0Homogeneizar as interpreta\u00e7\u00f5es sobre procedimentos relativos \u00e0s atividades a cargo do Sistema de Controle Interno do Poder Executivo Federal.<\/li>\n<li>C) Formular propostas de metodologias para avalia\u00e7\u00e3o e aperfei\u00e7oamento das atividades do Sistema de Controle Interno do Poder Executivo Federal.<\/li>\n<li>D) Criar procedimentos para impedir a integra\u00e7\u00e3o do Sistema de Controle Interno do Poder Executivo Federal com outros sistemas da Administra\u00e7\u00e3o P\u00fablica.<\/li>\n<li>E)\u00a0\u00a0Efetuar an\u00e1lise e estudo de casos propostos pelo Ministro de Estado do Controle e da Transpar\u00eancia, com vistas \u00e0 solu\u00e7\u00e3o de problemas relacionados com o Controle Interno do Poder Executivo Federal.<\/li>\n<\/ol>\n<p><strong>Coment\u00e1rio: <\/strong>As compet\u00eancias da CCCI est\u00e3o dispostas no artigo 10 do citado Decreto, a saber:<\/p>\n<p>I &#8211; efetuar estudos e propor medidas visando promover a integra\u00e7\u00e3o operacional do Sistema de Controle Interno do Poder Executivo Federal;<\/p>\n<p>II &#8211; homogeneizar as interpreta\u00e7\u00f5es sobre procedimentos relativos \u00e0s atividades a cargo do Sistema de Controle Interno do Poder Executivo Federal;<\/p>\n<p>III &#8211; sugerir procedimentos para promover a integra\u00e7\u00e3o do Sistema de Controle Interno do Poder Executivo Federal com outros sistemas da Administra\u00e7\u00e3o P\u00fablica Federal;<\/p>\n<p>IV &#8211; formular propostas de metodologias para avalia\u00e7\u00e3o e aperfei\u00e7oamento das atividades do Sistema de Controle Interno do Poder Executivo federal;<\/p>\n<p>V &#8211; efetuar an\u00e1lise e estudo de casos propostos pelo Ministro de Estado do Controle e da Transpar\u00eancia, com vistas \u00e0 solu\u00e7\u00e3o de problemas relacionados com o Controle Interno do Poder Executivo Federal.<\/p>\n<p>Alternativa A \u00e0 inciso I;<\/p>\n<p>Alternativa B \u00e0 inciso II;<\/p>\n<p>Alternativa C \u00e0 inciso IV;<\/p>\n<p>Alternativa E \u00e0 inciso V;<\/p>\n<p><strong>Gabarito: D<\/strong><\/p>\n","protected":false},"excerpt":{"rendered":"<p>Ol\u00e1, pessoal! Como foram na prova? Espero que muito bem. A prova foi bastante tranquila para os que fizeram o curso conosco, sem nenhuma surpresa. As quest\u00f5es cobraram\u00a0o que foi exaustivamente debatido nas aulas, al\u00e9m de trazer excertos, na \u00edntegra, de dispositivos legais. Quanto aos recursos, vislumbro possibilidade gritante na quest\u00e3o 49, conforme coment\u00e1rio abaixo. [&hellip;]<\/p>\n","protected":false},"author":136,"featured_media":0,"comment_status":"open","ping_status":"open","sticky":false,"template":"","format":"standard","meta":{"post_tipo":"article","footnotes":""},"categories":[],"tags":[530],"tax_estado":[],"class_list":["post-21006","post","type-post","status-publish","format-standard","hentry","tag-inmetro"],"acf":[],"yoast_head":"<!-- This site is optimized with the Yoast SEO Premium plugin v27.2 (Yoast SEO v27.2) - https:\/\/yoast.com\/product\/yoast-seo-premium-wordpress\/ -->\n<title>Controle - Prova INMETRO 2015 (cargo 3)<\/title>\n<meta name=\"robots\" content=\"index, follow, max-snippet:-1, max-image-preview:large, max-video-preview:-1\" \/>\n<link rel=\"canonical\" href=\"https:\/\/www.estrategiaconcursos.com.br\/blog\/controle-prova-inmetro-2015-cargo-3\/\" \/>\n<meta property=\"og:locale\" content=\"pt_BR\" \/>\n<meta property=\"og:type\" content=\"article\" \/>\n<meta property=\"og:title\" content=\"Controle - Prova INMETRO 2015 (cargo 3)\" \/>\n<meta property=\"og:description\" content=\"Ol\u00e1, pessoal! Como foram na prova? Espero que muito bem. A prova foi bastante tranquila para os que fizeram o curso conosco, sem nenhuma surpresa. As quest\u00f5es cobraram\u00a0o que foi exaustivamente debatido nas aulas, al\u00e9m de trazer excertos, na \u00edntegra, de dispositivos legais. Quanto aos recursos, vislumbro possibilidade gritante na quest\u00e3o 49, conforme coment\u00e1rio abaixo. [&hellip;]\" \/>\n<meta property=\"og:url\" content=\"https:\/\/www.estrategiaconcursos.com.br\/blog\/controle-prova-inmetro-2015-cargo-3\/\" \/>\n<meta property=\"og:site_name\" content=\"Estrat\u00e9gia Concursos\" \/>\n<meta property=\"article:published_time\" content=\"2015-02-03T17:49:42+00:00\" \/>\n<meta property=\"article:modified_time\" content=\"2015-02-04T15:19:36+00:00\" \/>\n<meta name=\"author\" content=\"Hugo Mesquita\" \/>\n<meta name=\"twitter:card\" content=\"summary_large_image\" \/>\n<meta name=\"twitter:creator\" content=\"@EstratConcursos\" \/>\n<meta name=\"twitter:site\" content=\"@EstratConcursos\" \/>\n<meta name=\"twitter:label1\" content=\"Escrito por\" \/>\n\t<meta name=\"twitter:data1\" content=\"Hugo Mesquita\" \/>\n\t<meta name=\"twitter:label2\" content=\"Est. tempo de leitura\" \/>\n\t<meta name=\"twitter:data2\" content=\"6 minutos\" \/>\n<script type=\"application\/ld+json\" class=\"yoast-schema-graph\">{\"@context\":\"https:\/\/schema.org\",\"@graph\":[{\"@type\":\"NewsArticle\",\"@id\":\"https:\/\/www.estrategiaconcursos.com.br\/blog\/controle-prova-inmetro-2015-cargo-3\/#article\",\"isPartOf\":{\"@id\":\"https:\/\/www.estrategiaconcursos.com.br\/blog\/controle-prova-inmetro-2015-cargo-3\/\"},\"author\":{\"name\":\"Hugo Mesquita\",\"@id\":\"https:\/\/www.estrategiaconcursos.com.br\/blog\/#\/schema\/person\/fda54f19a41f6f55884e9938be5274d8\"},\"headline\":\"Controle &#8211; Prova INMETRO 2015 (cargo 3)\",\"datePublished\":\"2015-02-03T17:49:42+00:00\",\"dateModified\":\"2015-02-04T15:19:36+00:00\",\"mainEntityOfPage\":{\"@id\":\"https:\/\/www.estrategiaconcursos.com.br\/blog\/controle-prova-inmetro-2015-cargo-3\/\"},\"wordCount\":1279,\"commentCount\":0,\"publisher\":{\"@id\":\"https:\/\/www.estrategiaconcursos.com.br\/blog\/#organization\"},\"keywords\":[\"INMETRO\"],\"inLanguage\":\"pt-BR\",\"potentialAction\":[{\"@type\":\"CommentAction\",\"name\":\"Comment\",\"target\":[\"https:\/\/www.estrategiaconcursos.com.br\/blog\/controle-prova-inmetro-2015-cargo-3\/#respond\"]}],\"copyrightYear\":\"2015\",\"copyrightHolder\":{\"@id\":\"https:\/\/www.estrategiaconcursos.com.br\/blog\/#organization\"}},{\"@type\":\"WebPage\",\"@id\":\"https:\/\/www.estrategiaconcursos.com.br\/blog\/controle-prova-inmetro-2015-cargo-3\/\",\"url\":\"https:\/\/www.estrategiaconcursos.com.br\/blog\/controle-prova-inmetro-2015-cargo-3\/\",\"name\":\"Controle - Prova INMETRO 2015 (cargo 3)\",\"isPartOf\":{\"@id\":\"https:\/\/www.estrategiaconcursos.com.br\/blog\/#website\"},\"datePublished\":\"2015-02-03T17:49:42+00:00\",\"dateModified\":\"2015-02-04T15:19:36+00:00\",\"breadcrumb\":{\"@id\":\"https:\/\/www.estrategiaconcursos.com.br\/blog\/controle-prova-inmetro-2015-cargo-3\/#breadcrumb\"},\"inLanguage\":\"pt-BR\",\"potentialAction\":[{\"@type\":\"ReadAction\",\"target\":[\"https:\/\/www.estrategiaconcursos.com.br\/blog\/controle-prova-inmetro-2015-cargo-3\/\"]}]},{\"@type\":\"BreadcrumbList\",\"@id\":\"https:\/\/www.estrategiaconcursos.com.br\/blog\/controle-prova-inmetro-2015-cargo-3\/#breadcrumb\",\"itemListElement\":[{\"@type\":\"ListItem\",\"position\":1,\"name\":\"In\u00edcio\",\"item\":\"https:\/\/www.estrategiaconcursos.com.br\/blog\/\"},{\"@type\":\"ListItem\",\"position\":2,\"name\":\"Controle &#8211; Prova INMETRO 2015 (cargo 3)\"}]},{\"@type\":\"WebSite\",\"@id\":\"https:\/\/www.estrategiaconcursos.com.br\/blog\/#website\",\"url\":\"https:\/\/www.estrategiaconcursos.com.br\/blog\/\",\"name\":\"Estrat\u00e9gia Concursos\",\"description\":\"O blog da Estrat\u00e9gia Concursos traz not\u00edcias sobre concursos e artigos de professores oferecendo cursos para concursos (pdf + videaulas) no site.\",\"publisher\":{\"@id\":\"https:\/\/www.estrategiaconcursos.com.br\/blog\/#organization\"},\"potentialAction\":[{\"@type\":\"SearchAction\",\"target\":{\"@type\":\"EntryPoint\",\"urlTemplate\":\"https:\/\/www.estrategiaconcursos.com.br\/blog\/?s={search_term_string}\"},\"query-input\":{\"@type\":\"PropertyValueSpecification\",\"valueRequired\":true,\"valueName\":\"search_term_string\"}}],\"inLanguage\":\"pt-BR\"},{\"@type\":\"Organization\",\"@id\":\"https:\/\/www.estrategiaconcursos.com.br\/blog\/#organization\",\"name\":\"Estrat\u00e9gia Concursos\",\"url\":\"https:\/\/www.estrategiaconcursos.com.br\/blog\/\",\"logo\":{\"@type\":\"ImageObject\",\"inLanguage\":\"pt-BR\",\"@id\":\"https:\/\/www.estrategiaconcursos.com.br\/blog\/#\/schema\/logo\/image\/\",\"url\":\"https:\/\/dhg1h5j42swfq.cloudfront.net\/2025\/06\/03203428\/logo_concursos-1.jpg\",\"contentUrl\":\"https:\/\/dhg1h5j42swfq.cloudfront.net\/2025\/06\/03203428\/logo_concursos-1.jpg\",\"width\":230,\"height\":60,\"caption\":\"Estrat\u00e9gia Concursos\"},\"image\":{\"@id\":\"https:\/\/www.estrategiaconcursos.com.br\/blog\/#\/schema\/logo\/image\/\"},\"sameAs\":[\"https:\/\/x.com\/EstratConcursos\"]},{\"@type\":\"Person\",\"@id\":\"https:\/\/www.estrategiaconcursos.com.br\/blog\/#\/schema\/person\/fda54f19a41f6f55884e9938be5274d8\",\"name\":\"Hugo Mesquita\",\"image\":{\"@type\":\"ImageObject\",\"inLanguage\":\"pt-BR\",\"@id\":\"https:\/\/secure.gravatar.com\/avatar\/3b9beda1f738d96c93e7363074c7ce9ecfd334eb9c49c823f40bcdc1957b84e8?s=96&d=mm&r=g\",\"url\":\"https:\/\/secure.gravatar.com\/avatar\/3b9beda1f738d96c93e7363074c7ce9ecfd334eb9c49c823f40bcdc1957b84e8?s=96&d=mm&r=g\",\"contentUrl\":\"https:\/\/secure.gravatar.com\/avatar\/3b9beda1f738d96c93e7363074c7ce9ecfd334eb9c49c823f40bcdc1957b84e8?s=96&d=mm&r=g\",\"caption\":\"Hugo Mesquita\"},\"url\":\"https:\/\/www.estrategiaconcursos.com.br\/blog\/author\/hugomesquitaestrategiaconcursos-com-br\/\"}]}<\/script>\n<!-- \/ Yoast SEO Premium plugin. -->","yoast_head_json":{"title":"Controle - Prova INMETRO 2015 (cargo 3)","robots":{"index":"index","follow":"follow","max-snippet":"max-snippet:-1","max-image-preview":"max-image-preview:large","max-video-preview":"max-video-preview:-1"},"canonical":"https:\/\/www.estrategiaconcursos.com.br\/blog\/controle-prova-inmetro-2015-cargo-3\/","og_locale":"pt_BR","og_type":"article","og_title":"Controle - Prova INMETRO 2015 (cargo 3)","og_description":"Ol\u00e1, pessoal! Como foram na prova? Espero que muito bem. A prova foi bastante tranquila para os que fizeram o curso conosco, sem nenhuma surpresa. As quest\u00f5es cobraram\u00a0o que foi exaustivamente debatido nas aulas, al\u00e9m de trazer excertos, na \u00edntegra, de dispositivos legais. Quanto aos recursos, vislumbro possibilidade gritante na quest\u00e3o 49, conforme coment\u00e1rio abaixo. [&hellip;]","og_url":"https:\/\/www.estrategiaconcursos.com.br\/blog\/controle-prova-inmetro-2015-cargo-3\/","og_site_name":"Estrat\u00e9gia Concursos","article_published_time":"2015-02-03T17:49:42+00:00","article_modified_time":"2015-02-04T15:19:36+00:00","author":"Hugo Mesquita","twitter_card":"summary_large_image","twitter_creator":"@EstratConcursos","twitter_site":"@EstratConcursos","twitter_misc":{"Escrito por":"Hugo Mesquita","Est. tempo de leitura":"6 minutos"},"schema":{"@context":"https:\/\/schema.org","@graph":[{"@type":"NewsArticle","@id":"https:\/\/www.estrategiaconcursos.com.br\/blog\/controle-prova-inmetro-2015-cargo-3\/#article","isPartOf":{"@id":"https:\/\/www.estrategiaconcursos.com.br\/blog\/controle-prova-inmetro-2015-cargo-3\/"},"author":{"name":"Hugo Mesquita","@id":"https:\/\/www.estrategiaconcursos.com.br\/blog\/#\/schema\/person\/fda54f19a41f6f55884e9938be5274d8"},"headline":"Controle &#8211; Prova INMETRO 2015 (cargo 3)","datePublished":"2015-02-03T17:49:42+00:00","dateModified":"2015-02-04T15:19:36+00:00","mainEntityOfPage":{"@id":"https:\/\/www.estrategiaconcursos.com.br\/blog\/controle-prova-inmetro-2015-cargo-3\/"},"wordCount":1279,"commentCount":0,"publisher":{"@id":"https:\/\/www.estrategiaconcursos.com.br\/blog\/#organization"},"keywords":["INMETRO"],"inLanguage":"pt-BR","potentialAction":[{"@type":"CommentAction","name":"Comment","target":["https:\/\/www.estrategiaconcursos.com.br\/blog\/controle-prova-inmetro-2015-cargo-3\/#respond"]}],"copyrightYear":"2015","copyrightHolder":{"@id":"https:\/\/www.estrategiaconcursos.com.br\/blog\/#organization"}},{"@type":"WebPage","@id":"https:\/\/www.estrategiaconcursos.com.br\/blog\/controle-prova-inmetro-2015-cargo-3\/","url":"https:\/\/www.estrategiaconcursos.com.br\/blog\/controle-prova-inmetro-2015-cargo-3\/","name":"Controle - Prova INMETRO 2015 (cargo 3)","isPartOf":{"@id":"https:\/\/www.estrategiaconcursos.com.br\/blog\/#website"},"datePublished":"2015-02-03T17:49:42+00:00","dateModified":"2015-02-04T15:19:36+00:00","breadcrumb":{"@id":"https:\/\/www.estrategiaconcursos.com.br\/blog\/controle-prova-inmetro-2015-cargo-3\/#breadcrumb"},"inLanguage":"pt-BR","potentialAction":[{"@type":"ReadAction","target":["https:\/\/www.estrategiaconcursos.com.br\/blog\/controle-prova-inmetro-2015-cargo-3\/"]}]},{"@type":"BreadcrumbList","@id":"https:\/\/www.estrategiaconcursos.com.br\/blog\/controle-prova-inmetro-2015-cargo-3\/#breadcrumb","itemListElement":[{"@type":"ListItem","position":1,"name":"In\u00edcio","item":"https:\/\/www.estrategiaconcursos.com.br\/blog\/"},{"@type":"ListItem","position":2,"name":"Controle &#8211; Prova INMETRO 2015 (cargo 3)"}]},{"@type":"WebSite","@id":"https:\/\/www.estrategiaconcursos.com.br\/blog\/#website","url":"https:\/\/www.estrategiaconcursos.com.br\/blog\/","name":"Estrat\u00e9gia Concursos","description":"O blog da Estrat\u00e9gia Concursos traz not\u00edcias sobre concursos e artigos de professores oferecendo cursos para concursos (pdf + videaulas) no site.","publisher":{"@id":"https:\/\/www.estrategiaconcursos.com.br\/blog\/#organization"},"potentialAction":[{"@type":"SearchAction","target":{"@type":"EntryPoint","urlTemplate":"https:\/\/www.estrategiaconcursos.com.br\/blog\/?s={search_term_string}"},"query-input":{"@type":"PropertyValueSpecification","valueRequired":true,"valueName":"search_term_string"}}],"inLanguage":"pt-BR"},{"@type":"Organization","@id":"https:\/\/www.estrategiaconcursos.com.br\/blog\/#organization","name":"Estrat\u00e9gia Concursos","url":"https:\/\/www.estrategiaconcursos.com.br\/blog\/","logo":{"@type":"ImageObject","inLanguage":"pt-BR","@id":"https:\/\/www.estrategiaconcursos.com.br\/blog\/#\/schema\/logo\/image\/","url":"https:\/\/dhg1h5j42swfq.cloudfront.net\/2025\/06\/03203428\/logo_concursos-1.jpg","contentUrl":"https:\/\/dhg1h5j42swfq.cloudfront.net\/2025\/06\/03203428\/logo_concursos-1.jpg","width":230,"height":60,"caption":"Estrat\u00e9gia Concursos"},"image":{"@id":"https:\/\/www.estrategiaconcursos.com.br\/blog\/#\/schema\/logo\/image\/"},"sameAs":["https:\/\/x.com\/EstratConcursos"]},{"@type":"Person","@id":"https:\/\/www.estrategiaconcursos.com.br\/blog\/#\/schema\/person\/fda54f19a41f6f55884e9938be5274d8","name":"Hugo Mesquita","image":{"@type":"ImageObject","inLanguage":"pt-BR","@id":"https:\/\/secure.gravatar.com\/avatar\/3b9beda1f738d96c93e7363074c7ce9ecfd334eb9c49c823f40bcdc1957b84e8?s=96&d=mm&r=g","url":"https:\/\/secure.gravatar.com\/avatar\/3b9beda1f738d96c93e7363074c7ce9ecfd334eb9c49c823f40bcdc1957b84e8?s=96&d=mm&r=g","contentUrl":"https:\/\/secure.gravatar.com\/avatar\/3b9beda1f738d96c93e7363074c7ce9ecfd334eb9c49c823f40bcdc1957b84e8?s=96&d=mm&r=g","caption":"Hugo Mesquita"},"url":"https:\/\/www.estrategiaconcursos.com.br\/blog\/author\/hugomesquitaestrategiaconcursos-com-br\/"}]}},"_links":{"self":[{"href":"https:\/\/www.estrategiaconcursos.com.br\/blog\/wp-json\/wp\/v2\/posts\/21006","targetHints":{"allow":["GET"]}}],"collection":[{"href":"https:\/\/www.estrategiaconcursos.com.br\/blog\/wp-json\/wp\/v2\/posts"}],"about":[{"href":"https:\/\/www.estrategiaconcursos.com.br\/blog\/wp-json\/wp\/v2\/types\/post"}],"author":[{"embeddable":true,"href":"https:\/\/www.estrategiaconcursos.com.br\/blog\/wp-json\/wp\/v2\/users\/136"}],"replies":[{"embeddable":true,"href":"https:\/\/www.estrategiaconcursos.com.br\/blog\/wp-json\/wp\/v2\/comments?post=21006"}],"version-history":[{"count":1,"href":"https:\/\/www.estrategiaconcursos.com.br\/blog\/wp-json\/wp\/v2\/posts\/21006\/revisions"}],"predecessor-version":[{"id":21007,"href":"https:\/\/www.estrategiaconcursos.com.br\/blog\/wp-json\/wp\/v2\/posts\/21006\/revisions\/21007"}],"wp:attachment":[{"href":"https:\/\/www.estrategiaconcursos.com.br\/blog\/wp-json\/wp\/v2\/media?parent=21006"}],"wp:term":[{"taxonomy":"category","embeddable":true,"href":"https:\/\/www.estrategiaconcursos.com.br\/blog\/wp-json\/wp\/v2\/categories?post=21006"},{"taxonomy":"post_tag","embeddable":true,"href":"https:\/\/www.estrategiaconcursos.com.br\/blog\/wp-json\/wp\/v2\/tags?post=21006"},{"taxonomy":"tax_estado","embeddable":true,"href":"https:\/\/www.estrategiaconcursos.com.br\/blog\/wp-json\/wp\/v2\/tax_estado?post=21006"}],"curies":[{"name":"wp","href":"https:\/\/api.w.org\/{rel}","templated":true}]}}