{"id":20983,"date":"2015-02-02T15:49:06","date_gmt":"2015-02-02T18:49:06","guid":{"rendered":"http:\/\/www.estrategiaconcursos.com.br\/blog\/?p=20983"},"modified":"2018-09-29T11:27:32","modified_gmt":"2018-09-29T14:27:32","slug":"sessao-de-posse-e-eleicao-presidente-da-camara-entenda-com-olhos-de-regimento","status":"publish","type":"post","link":"https:\/\/www.estrategiaconcursos.com.br\/blog\/sessao-de-posse-e-eleicao-presidente-da-camara-entenda-com-olhos-de-regimento\/","title":{"rendered":"Sess\u00e3o de posse e Elei\u00e7\u00e3o do Presidente da C\u00e2mara: entenda com olhos de Regimento!"},"content":{"rendered":"<p style=\"text-align: justify;\">Ol\u00e1 amigos e amigas!<\/p>\n<p style=\"text-align: justify;\">Em virtude da realiza\u00e7\u00e3o de sess\u00f5es preparat\u00f3rias no dia primeiro de fevereiro de 2015, para a posse dos novos parlamentares e elei\u00e7\u00e3o da Mesa Diretora, achei interessante gravar um v\u00eddeo explicando tais sess\u00f5es com um vi\u00e9s um pouco mais t\u00e9cnico-regimental.<\/p>\n<p style=\"text-align: justify;\">Acho uma \u00f3tima pedida para quem deseja entender um pouco mais desse processo pol\u00edtico, ou mesmo para quem est\u00e1 estudando ou pretende <a href=\"https:\/\/www.estrategiaconcursos.com.br\/cursosPorConcurso\/camara-dos-deputados-analista-legislativo-57\/\">estudar para a C\u00e2mara dos Deputados<\/a>.<\/p>\n<p style=\"text-align: justify;\">Vale a pena assistir.<\/p>\n<p style=\"text-align: justify;\">Tenham uma \u00f3tima semana!<\/p>\n","protected":false},"excerpt":{"rendered":"<p>Ol\u00e1 amigos e amigas! Em virtude da realiza\u00e7\u00e3o de sess\u00f5es preparat\u00f3rias no dia primeiro de fevereiro de 2015, para a posse dos novos parlamentares e elei\u00e7\u00e3o da Mesa Diretora, achei interessante gravar um v\u00eddeo explicando tais sess\u00f5es com um vi\u00e9s um pouco mais t\u00e9cnico-regimental. Acho uma \u00f3tima pedida para quem deseja entender um pouco mais [&hellip;]<\/p>\n","protected":false},"author":48,"featured_media":0,"comment_status":"open","ping_status":"open","sticky":false,"template":"","format":"standard","meta":{"post_tipo":"article","footnotes":""},"categories":[1],"tags":[519],"tax_estado":[],"class_list":["post-20983","post","type-post","status-publish","format-standard","hentry","category-cursos-e-concursos","tag-camara-dos-deputados"],"acf":[],"yoast_head":"<!-- This site is optimized with the Yoast SEO Premium plugin v27.2 (Yoast SEO v27.2) - https:\/\/yoast.com\/product\/yoast-seo-premium-wordpress\/ -->\n<title>Sess\u00e3o de posse e Elei\u00e7\u00e3o do Presidente da C\u00e2mara: entenda com olhos de Regimento!<\/title>\n<meta name=\"description\" content=\"Entenda com olhos de Regimento a Sess\u00e3o de posse e Elei\u00e7\u00e3o do Presidente da C\u00e2mara dos deputados. Para quem est\u00e1 estudando para a C\u00e2mara dos Deputados!\" \/>\n<meta name=\"robots\" content=\"index, follow, max-snippet:-1, max-image-preview:large, max-video-preview:-1\" \/>\n<link rel=\"canonical\" href=\"https:\/\/www.estrategiaconcursos.com.br\/blog\/sessao-de-posse-e-eleicao-presidente-da-camara-entenda-com-olhos-de-regimento\/\" \/>\n<meta property=\"og:locale\" content=\"pt_BR\" \/>\n<meta property=\"og:type\" content=\"article\" \/>\n<meta property=\"og:title\" content=\"Sess\u00e3o de posse e Elei\u00e7\u00e3o do Presidente da C\u00e2mara: entenda com olhos de Regimento!\" \/>\n<meta property=\"og:description\" content=\"Entenda com olhos de Regimento a Sess\u00e3o de posse e Elei\u00e7\u00e3o do Presidente da C\u00e2mara dos deputados. Para quem est\u00e1 estudando para a C\u00e2mara dos Deputados!\" \/>\n<meta property=\"og:url\" content=\"https:\/\/www.estrategiaconcursos.com.br\/blog\/sessao-de-posse-e-eleicao-presidente-da-camara-entenda-com-olhos-de-regimento\/\" \/>\n<meta property=\"og:site_name\" content=\"Estrat\u00e9gia Concursos\" \/>\n<meta property=\"article:published_time\" content=\"2015-02-02T18:49:06+00:00\" \/>\n<meta property=\"article:modified_time\" content=\"2018-09-29T14:27:32+00:00\" \/>\n<meta name=\"author\" content=\"Coordena\u00e7\u00e3o\" \/>\n<meta name=\"twitter:card\" content=\"summary_large_image\" \/>\n<meta name=\"twitter:creator\" content=\"@EstratConcursos\" \/>\n<meta name=\"twitter:site\" content=\"@EstratConcursos\" \/>\n<meta name=\"twitter:label1\" content=\"Escrito por\" \/>\n\t<meta name=\"twitter:data1\" content=\"Coordena\u00e7\u00e3o\" \/>\n<script type=\"application\/ld+json\" class=\"yoast-schema-graph\">{\"@context\":\"https:\/\/schema.org\",\"@graph\":[{\"@type\":\"NewsArticle\",\"@id\":\"https:\/\/www.estrategiaconcursos.com.br\/blog\/sessao-de-posse-e-eleicao-presidente-da-camara-entenda-com-olhos-de-regimento\/#article\",\"isPartOf\":{\"@id\":\"https:\/\/www.estrategiaconcursos.com.br\/blog\/sessao-de-posse-e-eleicao-presidente-da-camara-entenda-com-olhos-de-regimento\/\"},\"author\":{\"name\":\"Coordena\u00e7\u00e3o\",\"@id\":\"https:\/\/www.estrategiaconcursos.com.br\/blog\/#\/schema\/person\/cdad40b5818eb228a838461fcd656da7\"},\"headline\":\"Sess\u00e3o de posse e Elei\u00e7\u00e3o do Presidente da C\u00e2mara: entenda com olhos de Regimento!\",\"datePublished\":\"2015-02-02T18:49:06+00:00\",\"dateModified\":\"2018-09-29T14:27:32+00:00\",\"mainEntityOfPage\":{\"@id\":\"https:\/\/www.estrategiaconcursos.com.br\/blog\/sessao-de-posse-e-eleicao-presidente-da-camara-entenda-com-olhos-de-regimento\/\"},\"wordCount\":106,\"commentCount\":4,\"publisher\":{\"@id\":\"https:\/\/www.estrategiaconcursos.com.br\/blog\/#organization\"},\"keywords\":[\"C\u00e2mara dos Deputados\"],\"articleSection\":[\"Concursos P\u00fablicos\"],\"inLanguage\":\"pt-BR\",\"potentialAction\":[{\"@type\":\"CommentAction\",\"name\":\"Comment\",\"target\":[\"https:\/\/www.estrategiaconcursos.com.br\/blog\/sessao-de-posse-e-eleicao-presidente-da-camara-entenda-com-olhos-de-regimento\/#respond\"]}],\"copyrightYear\":\"2015\",\"copyrightHolder\":{\"@id\":\"https:\/\/www.estrategiaconcursos.com.br\/blog\/#organization\"}},{\"@type\":\"WebPage\",\"@id\":\"https:\/\/www.estrategiaconcursos.com.br\/blog\/sessao-de-posse-e-eleicao-presidente-da-camara-entenda-com-olhos-de-regimento\/\",\"url\":\"https:\/\/www.estrategiaconcursos.com.br\/blog\/sessao-de-posse-e-eleicao-presidente-da-camara-entenda-com-olhos-de-regimento\/\",\"name\":\"Sess\u00e3o de posse e Elei\u00e7\u00e3o do Presidente da C\u00e2mara: entenda com olhos de Regimento!\",\"isPartOf\":{\"@id\":\"https:\/\/www.estrategiaconcursos.com.br\/blog\/#website\"},\"datePublished\":\"2015-02-02T18:49:06+00:00\",\"dateModified\":\"2018-09-29T14:27:32+00:00\",\"description\":\"Entenda com olhos de Regimento a Sess\u00e3o de posse e Elei\u00e7\u00e3o do Presidente da C\u00e2mara dos deputados. Para quem est\u00e1 estudando para a C\u00e2mara dos Deputados!\",\"breadcrumb\":{\"@id\":\"https:\/\/www.estrategiaconcursos.com.br\/blog\/sessao-de-posse-e-eleicao-presidente-da-camara-entenda-com-olhos-de-regimento\/#breadcrumb\"},\"inLanguage\":\"pt-BR\",\"potentialAction\":[{\"@type\":\"ReadAction\",\"target\":[\"https:\/\/www.estrategiaconcursos.com.br\/blog\/sessao-de-posse-e-eleicao-presidente-da-camara-entenda-com-olhos-de-regimento\/\"]}]},{\"@type\":\"BreadcrumbList\",\"@id\":\"https:\/\/www.estrategiaconcursos.com.br\/blog\/sessao-de-posse-e-eleicao-presidente-da-camara-entenda-com-olhos-de-regimento\/#breadcrumb\",\"itemListElement\":[{\"@type\":\"ListItem\",\"position\":1,\"name\":\"In\u00edcio\",\"item\":\"https:\/\/www.estrategiaconcursos.com.br\/blog\/\"},{\"@type\":\"ListItem\",\"position\":2,\"name\":\"Sess\u00e3o de posse e Elei\u00e7\u00e3o do Presidente da C\u00e2mara: entenda com olhos de Regimento!\"}]},{\"@type\":\"WebSite\",\"@id\":\"https:\/\/www.estrategiaconcursos.com.br\/blog\/#website\",\"url\":\"https:\/\/www.estrategiaconcursos.com.br\/blog\/\",\"name\":\"Estrat\u00e9gia Concursos\",\"description\":\"O blog da Estrat\u00e9gia Concursos traz not\u00edcias sobre concursos e artigos de professores oferecendo cursos para concursos (pdf + videaulas) no site.\",\"publisher\":{\"@id\":\"https:\/\/www.estrategiaconcursos.com.br\/blog\/#organization\"},\"potentialAction\":[{\"@type\":\"SearchAction\",\"target\":{\"@type\":\"EntryPoint\",\"urlTemplate\":\"https:\/\/www.estrategiaconcursos.com.br\/blog\/?s={search_term_string}\"},\"query-input\":{\"@type\":\"PropertyValueSpecification\",\"valueRequired\":true,\"valueName\":\"search_term_string\"}}],\"inLanguage\":\"pt-BR\"},{\"@type\":\"Organization\",\"@id\":\"https:\/\/www.estrategiaconcursos.com.br\/blog\/#organization\",\"name\":\"Estrat\u00e9gia Concursos\",\"url\":\"https:\/\/www.estrategiaconcursos.com.br\/blog\/\",\"logo\":{\"@type\":\"ImageObject\",\"inLanguage\":\"pt-BR\",\"@id\":\"https:\/\/www.estrategiaconcursos.com.br\/blog\/#\/schema\/logo\/image\/\",\"url\":\"https:\/\/dhg1h5j42swfq.cloudfront.net\/2025\/06\/03203428\/logo_concursos-1.jpg\",\"contentUrl\":\"https:\/\/dhg1h5j42swfq.cloudfront.net\/2025\/06\/03203428\/logo_concursos-1.jpg\",\"width\":230,\"height\":60,\"caption\":\"Estrat\u00e9gia Concursos\"},\"image\":{\"@id\":\"https:\/\/www.estrategiaconcursos.com.br\/blog\/#\/schema\/logo\/image\/\"},\"sameAs\":[\"https:\/\/x.com\/EstratConcursos\"]},{\"@type\":\"Person\",\"@id\":\"https:\/\/www.estrategiaconcursos.com.br\/blog\/#\/schema\/person\/cdad40b5818eb228a838461fcd656da7\",\"name\":\"Coordena\u00e7\u00e3o\",\"image\":{\"@type\":\"ImageObject\",\"inLanguage\":\"pt-BR\",\"@id\":\"https:\/\/secure.gravatar.com\/avatar\/a413b22da0f5009c634f6c4586a2dbe5207074fd5becd88db5183b8069ef25e4?s=96&d=mm&r=g\",\"url\":\"https:\/\/secure.gravatar.com\/avatar\/a413b22da0f5009c634f6c4586a2dbe5207074fd5becd88db5183b8069ef25e4?s=96&d=mm&r=g\",\"contentUrl\":\"https:\/\/secure.gravatar.com\/avatar\/a413b22da0f5009c634f6c4586a2dbe5207074fd5becd88db5183b8069ef25e4?s=96&d=mm&r=g\",\"caption\":\"Coordena\u00e7\u00e3o\"},\"url\":\"https:\/\/www.estrategiaconcursos.com.br\/blog\/author\/contatoestrategiaconcursos-com-br\/\"}]}<\/script>\n<!-- \/ Yoast SEO Premium plugin. -->","yoast_head_json":{"title":"Sess\u00e3o de posse e Elei\u00e7\u00e3o do Presidente da C\u00e2mara: entenda com olhos de Regimento!","description":"Entenda com olhos de Regimento a Sess\u00e3o de posse e Elei\u00e7\u00e3o do Presidente da C\u00e2mara dos deputados. Para quem est\u00e1 estudando para a C\u00e2mara dos Deputados!","robots":{"index":"index","follow":"follow","max-snippet":"max-snippet:-1","max-image-preview":"max-image-preview:large","max-video-preview":"max-video-preview:-1"},"canonical":"https:\/\/www.estrategiaconcursos.com.br\/blog\/sessao-de-posse-e-eleicao-presidente-da-camara-entenda-com-olhos-de-regimento\/","og_locale":"pt_BR","og_type":"article","og_title":"Sess\u00e3o de posse e Elei\u00e7\u00e3o do Presidente da C\u00e2mara: entenda com olhos de Regimento!","og_description":"Entenda com olhos de Regimento a Sess\u00e3o de posse e Elei\u00e7\u00e3o do Presidente da C\u00e2mara dos deputados. Para quem est\u00e1 estudando para a C\u00e2mara dos Deputados!","og_url":"https:\/\/www.estrategiaconcursos.com.br\/blog\/sessao-de-posse-e-eleicao-presidente-da-camara-entenda-com-olhos-de-regimento\/","og_site_name":"Estrat\u00e9gia Concursos","article_published_time":"2015-02-02T18:49:06+00:00","article_modified_time":"2018-09-29T14:27:32+00:00","author":"Coordena\u00e7\u00e3o","twitter_card":"summary_large_image","twitter_creator":"@EstratConcursos","twitter_site":"@EstratConcursos","twitter_misc":{"Escrito por":"Coordena\u00e7\u00e3o"},"schema":{"@context":"https:\/\/schema.org","@graph":[{"@type":"NewsArticle","@id":"https:\/\/www.estrategiaconcursos.com.br\/blog\/sessao-de-posse-e-eleicao-presidente-da-camara-entenda-com-olhos-de-regimento\/#article","isPartOf":{"@id":"https:\/\/www.estrategiaconcursos.com.br\/blog\/sessao-de-posse-e-eleicao-presidente-da-camara-entenda-com-olhos-de-regimento\/"},"author":{"name":"Coordena\u00e7\u00e3o","@id":"https:\/\/www.estrategiaconcursos.com.br\/blog\/#\/schema\/person\/cdad40b5818eb228a838461fcd656da7"},"headline":"Sess\u00e3o de posse e Elei\u00e7\u00e3o do Presidente da C\u00e2mara: entenda com olhos de Regimento!","datePublished":"2015-02-02T18:49:06+00:00","dateModified":"2018-09-29T14:27:32+00:00","mainEntityOfPage":{"@id":"https:\/\/www.estrategiaconcursos.com.br\/blog\/sessao-de-posse-e-eleicao-presidente-da-camara-entenda-com-olhos-de-regimento\/"},"wordCount":106,"commentCount":4,"publisher":{"@id":"https:\/\/www.estrategiaconcursos.com.br\/blog\/#organization"},"keywords":["C\u00e2mara dos Deputados"],"articleSection":["Concursos P\u00fablicos"],"inLanguage":"pt-BR","potentialAction":[{"@type":"CommentAction","name":"Comment","target":["https:\/\/www.estrategiaconcursos.com.br\/blog\/sessao-de-posse-e-eleicao-presidente-da-camara-entenda-com-olhos-de-regimento\/#respond"]}],"copyrightYear":"2015","copyrightHolder":{"@id":"https:\/\/www.estrategiaconcursos.com.br\/blog\/#organization"}},{"@type":"WebPage","@id":"https:\/\/www.estrategiaconcursos.com.br\/blog\/sessao-de-posse-e-eleicao-presidente-da-camara-entenda-com-olhos-de-regimento\/","url":"https:\/\/www.estrategiaconcursos.com.br\/blog\/sessao-de-posse-e-eleicao-presidente-da-camara-entenda-com-olhos-de-regimento\/","name":"Sess\u00e3o de posse e Elei\u00e7\u00e3o do Presidente da C\u00e2mara: entenda com olhos de Regimento!","isPartOf":{"@id":"https:\/\/www.estrategiaconcursos.com.br\/blog\/#website"},"datePublished":"2015-02-02T18:49:06+00:00","dateModified":"2018-09-29T14:27:32+00:00","description":"Entenda com olhos de Regimento a Sess\u00e3o de posse e Elei\u00e7\u00e3o do Presidente da C\u00e2mara dos deputados. Para quem est\u00e1 estudando para a C\u00e2mara dos Deputados!","breadcrumb":{"@id":"https:\/\/www.estrategiaconcursos.com.br\/blog\/sessao-de-posse-e-eleicao-presidente-da-camara-entenda-com-olhos-de-regimento\/#breadcrumb"},"inLanguage":"pt-BR","potentialAction":[{"@type":"ReadAction","target":["https:\/\/www.estrategiaconcursos.com.br\/blog\/sessao-de-posse-e-eleicao-presidente-da-camara-entenda-com-olhos-de-regimento\/"]}]},{"@type":"BreadcrumbList","@id":"https:\/\/www.estrategiaconcursos.com.br\/blog\/sessao-de-posse-e-eleicao-presidente-da-camara-entenda-com-olhos-de-regimento\/#breadcrumb","itemListElement":[{"@type":"ListItem","position":1,"name":"In\u00edcio","item":"https:\/\/www.estrategiaconcursos.com.br\/blog\/"},{"@type":"ListItem","position":2,"name":"Sess\u00e3o de posse e Elei\u00e7\u00e3o do Presidente da C\u00e2mara: entenda com olhos de Regimento!"}]},{"@type":"WebSite","@id":"https:\/\/www.estrategiaconcursos.com.br\/blog\/#website","url":"https:\/\/www.estrategiaconcursos.com.br\/blog\/","name":"Estrat\u00e9gia Concursos","description":"O blog da Estrat\u00e9gia Concursos traz not\u00edcias sobre concursos e artigos de professores oferecendo cursos para concursos (pdf + videaulas) no site.","publisher":{"@id":"https:\/\/www.estrategiaconcursos.com.br\/blog\/#organization"},"potentialAction":[{"@type":"SearchAction","target":{"@type":"EntryPoint","urlTemplate":"https:\/\/www.estrategiaconcursos.com.br\/blog\/?s={search_term_string}"},"query-input":{"@type":"PropertyValueSpecification","valueRequired":true,"valueName":"search_term_string"}}],"inLanguage":"pt-BR"},{"@type":"Organization","@id":"https:\/\/www.estrategiaconcursos.com.br\/blog\/#organization","name":"Estrat\u00e9gia Concursos","url":"https:\/\/www.estrategiaconcursos.com.br\/blog\/","logo":{"@type":"ImageObject","inLanguage":"pt-BR","@id":"https:\/\/www.estrategiaconcursos.com.br\/blog\/#\/schema\/logo\/image\/","url":"https:\/\/dhg1h5j42swfq.cloudfront.net\/2025\/06\/03203428\/logo_concursos-1.jpg","contentUrl":"https:\/\/dhg1h5j42swfq.cloudfront.net\/2025\/06\/03203428\/logo_concursos-1.jpg","width":230,"height":60,"caption":"Estrat\u00e9gia Concursos"},"image":{"@id":"https:\/\/www.estrategiaconcursos.com.br\/blog\/#\/schema\/logo\/image\/"},"sameAs":["https:\/\/x.com\/EstratConcursos"]},{"@type":"Person","@id":"https:\/\/www.estrategiaconcursos.com.br\/blog\/#\/schema\/person\/cdad40b5818eb228a838461fcd656da7","name":"Coordena\u00e7\u00e3o","image":{"@type":"ImageObject","inLanguage":"pt-BR","@id":"https:\/\/secure.gravatar.com\/avatar\/a413b22da0f5009c634f6c4586a2dbe5207074fd5becd88db5183b8069ef25e4?s=96&d=mm&r=g","url":"https:\/\/secure.gravatar.com\/avatar\/a413b22da0f5009c634f6c4586a2dbe5207074fd5becd88db5183b8069ef25e4?s=96&d=mm&r=g","contentUrl":"https:\/\/secure.gravatar.com\/avatar\/a413b22da0f5009c634f6c4586a2dbe5207074fd5becd88db5183b8069ef25e4?s=96&d=mm&r=g","caption":"Coordena\u00e7\u00e3o"},"url":"https:\/\/www.estrategiaconcursos.com.br\/blog\/author\/contatoestrategiaconcursos-com-br\/"}]}},"_links":{"self":[{"href":"https:\/\/www.estrategiaconcursos.com.br\/blog\/wp-json\/wp\/v2\/posts\/20983","targetHints":{"allow":["GET"]}}],"collection":[{"href":"https:\/\/www.estrategiaconcursos.com.br\/blog\/wp-json\/wp\/v2\/posts"}],"about":[{"href":"https:\/\/www.estrategiaconcursos.com.br\/blog\/wp-json\/wp\/v2\/types\/post"}],"author":[{"embeddable":true,"href":"https:\/\/www.estrategiaconcursos.com.br\/blog\/wp-json\/wp\/v2\/users\/48"}],"replies":[{"embeddable":true,"href":"https:\/\/www.estrategiaconcursos.com.br\/blog\/wp-json\/wp\/v2\/comments?post=20983"}],"version-history":[{"count":4,"href":"https:\/\/www.estrategiaconcursos.com.br\/blog\/wp-json\/wp\/v2\/posts\/20983\/revisions"}],"predecessor-version":[{"id":144375,"href":"https:\/\/www.estrategiaconcursos.com.br\/blog\/wp-json\/wp\/v2\/posts\/20983\/revisions\/144375"}],"wp:attachment":[{"href":"https:\/\/www.estrategiaconcursos.com.br\/blog\/wp-json\/wp\/v2\/media?parent=20983"}],"wp:term":[{"taxonomy":"category","embeddable":true,"href":"https:\/\/www.estrategiaconcursos.com.br\/blog\/wp-json\/wp\/v2\/categories?post=20983"},{"taxonomy":"post_tag","embeddable":true,"href":"https:\/\/www.estrategiaconcursos.com.br\/blog\/wp-json\/wp\/v2\/tags?post=20983"},{"taxonomy":"tax_estado","embeddable":true,"href":"https:\/\/www.estrategiaconcursos.com.br\/blog\/wp-json\/wp\/v2\/tax_estado?post=20983"}],"curies":[{"name":"wp","href":"https:\/\/api.w.org\/{rel}","templated":true}]}}