{"id":20647,"date":"2015-01-19T06:00:31","date_gmt":"2015-01-19T09:00:31","guid":{"rendered":"http:\/\/www.estrategiaconcursos.com.br\/blog\/?p=20647"},"modified":"2015-01-19T16:04:16","modified_gmt":"2015-01-19T19:04:16","slug":"manausprev-raciocinio-logico-para-analista-e-tecnico","status":"publish","type":"post","link":"https:\/\/www.estrategiaconcursos.com.br\/blog\/manausprev-raciocinio-logico-para-analista-e-tecnico\/","title":{"rendered":"ManausPrev &#8211; racioc\u00ednio l\u00f3gico para analista e t\u00e9cnico"},"content":{"rendered":"<p style=\"text-align: justify\">Caros alunos,<\/p>\n<p style=\"text-align: justify\">Escrevo rapidamente para informar que lan\u00e7amos o curso de <a href=\"https:\/\/www.estrategiaconcursos.com.br\/curso\/raciocinio-logico-matematico-p-manausprev-6144\/\" target=\"_blank\"><span style=\"text-decoration: underline\"><strong>Racioc\u00ednio L\u00f3gico-Matem\u00e1tico para os cargos de Analista e T\u00e9cnico Previdenci\u00e1rio da Manaus Previd\u00eancia<\/strong><\/span><\/a>, cujas provas ser\u00e3o aplicadas pela banca <strong>FCC<\/strong> em <strong>29\/03<\/strong>. O conte\u00fado exigido nesta disciplina, para todos os cargos, foi o seguinte:<\/p>\n<p style=\"text-align: justify\"><em><span style=\"text-decoration: underline\"><strong>Racioc\u00ednio L\u00f3gico-Matem\u00e1tico:<\/strong><\/span><\/em> Estrutura l\u00f3gica de rela\u00e7\u00f5es arbitr\u00e1rias entre pessoas, lugares, objetos ou\u00a0eventos fict\u00edcios; dedu\u00e7\u00e3o de novas informa\u00e7\u00f5es das rela\u00e7\u00f5es fornecidas e avalia\u00e7\u00e3o das condi\u00e7\u00f5es usadas\u00a0para estabelecer a estrutura daquelas rela\u00e7\u00f5es. Compreens\u00e3o e elabora\u00e7\u00e3o da l\u00f3gica das situa\u00e7\u00f5es por meio\u00a0de: racioc\u00ednio verbal, racioc\u00ednio matem\u00e1tico, racioc\u00ednio sequencial, orienta\u00e7\u00e3o espacial e temporal, forma\u00e7\u00e3o\u00a0de conceitos, discrimina\u00e7\u00e3o de elementos. Compreens\u00e3o do processo l\u00f3gico que, a partir de um conjunto de\u00a0hip\u00f3teses, conduz, de forma v\u00e1lida, a conclus\u00f5es determinadas. N\u00fameros inteiros e racionais: opera\u00e7\u00f5es\u00a0(adi\u00e7\u00e3o, subtra\u00e7\u00e3o, multiplica\u00e7\u00e3o, divis\u00e3o, potencia\u00e7\u00e3o); express\u00f5es num\u00e9ricas; m\u00faltiplos e divisores de\u00a0n\u00fameros naturais; problemas. Fra\u00e7\u00f5es e opera\u00e7\u00f5es com fra\u00e7\u00f5es. N\u00fameros e grandezas proporcionais: raz\u00f5es\u00a0e propor\u00e7\u00f5es; divis\u00e3o em partes proporcionais; regra de tr\u00eas; porcentagem e problemas.<\/p>\n<p>&nbsp;<\/p>\n<p>Em uma breve an\u00e1lise deste edital, podemos dividi-lo em 3 partes principais:<\/p>\n<p>&nbsp;<\/p>\n<p><span style=\"text-decoration: underline\"><strong>1) T\u00f3picos de racioc\u00ednio l\u00f3gico propriamente dito<\/strong><\/span><\/p>\n<p style=\"text-align: justify\">Estrutura l\u00f3gica de rela\u00e7\u00f5es arbitr\u00e1rias entre pessoas, lugares, objetos ou\u00a0eventos fict\u00edcios; dedu\u00e7\u00e3o de novas informa\u00e7\u00f5es das rela\u00e7\u00f5es fornecidas e avalia\u00e7\u00e3o das condi\u00e7\u00f5es usadas\u00a0para estabelecer a estrutura daquelas rela\u00e7\u00f5es. Compreens\u00e3o e elabora\u00e7\u00e3o da l\u00f3gica das situa\u00e7\u00f5es por meio\u00a0de: racioc\u00ednio verbal, racioc\u00ednio matem\u00e1tico, racioc\u00ednio sequencial, orienta\u00e7\u00e3o espacial e temporal, forma\u00e7\u00e3o\u00a0de conceitos, discrimina\u00e7\u00e3o de elementos.<\/p>\n<p><span style=\"text-decoration: underline\"><strong>2) T\u00f3picos de l\u00f3gica de proposi\u00e7\u00f5es\/l\u00f3gica de argumenta\u00e7\u00e3o<\/strong><\/span><\/p>\n<p style=\"text-align: justify\">Compreens\u00e3o do processo l\u00f3gico que, a partir de um conjunto de\u00a0hip\u00f3teses, conduz, de forma v\u00e1lida, a conclus\u00f5es determinadas.<\/p>\n<p><span style=\"text-decoration: underline\"><strong>3) T\u00f3picos de matem\u00e1tica do ensino m\u00e9dio<\/strong><\/span><\/p>\n<p style=\"text-align: justify\">N\u00fameros inteiros e racionais: opera\u00e7\u00f5es\u00a0(adi\u00e7\u00e3o, subtra\u00e7\u00e3o, multiplica\u00e7\u00e3o, divis\u00e3o, potencia\u00e7\u00e3o); express\u00f5es num\u00e9ricas; m\u00faltiplos e divisores de\u00a0n\u00fameros naturais; problemas. Fra\u00e7\u00f5es e opera\u00e7\u00f5es com fra\u00e7\u00f5es. N\u00fameros e grandezas proporcionais: raz\u00f5es\u00a0e propor\u00e7\u00f5es; divis\u00e3o em partes proporcionais; regra de tr\u00eas; porcentagem e problemas.<\/p>\n<p style=\"text-align: justify\">Para cobrir todos esses assuntos, nosso curso ser\u00e1 composto de:<\/p>\n<p style=\"text-align: justify\">&#8211; 27 blocos de aulas em v\u00eddeo (com 20 a 30 minutos de dura\u00e7\u00e3o cada um);<\/p>\n<p style=\"text-align: justify\">&#8211; 7 aulas escritas (em PDF) completas, abordando toda a teoria exigida no edital;<\/p>\n<p style=\"text-align: justify\">&#8211; cerca de 500 exerc\u00edcios resolvidos e comentados por mim, sendo aproximadamente <strong>400 da pr\u00f3pria banca FCC<\/strong>;<\/p>\n<p style=\"text-align: justify\">&#8211; f\u00f3rum de d\u00favidas, onde voc\u00ea pode me procurar diretamente quando precisar.<\/p>\n<p style=\"text-align: justify\">Para mais informa\u00e7\u00f5es, acesse o link abaixo e assista a aula demonstrativa em v\u00eddeo, al\u00e9m de ver a aula demonstrativa em PDF:<\/p>\n<p style=\"text-align: justify\"><a href=\"https:\/\/www.estrategiaconcursos.com.br\/curso\/raciocinio-logico-matematico-p-manausprev-6144\/\" target=\"_blank\"><span style=\"text-decoration: underline;color: #ff0000\"><strong>&#8211; RACIOC\u00cdNIO L\u00d3GICO-MATEM\u00c1TICO PARA MANAUSPREV (TODOS OS CARGOS)<\/strong><\/span><\/a><\/p>\n<p>Sauda\u00e7\u00f5es,<\/p>\n<p>Prof. Arthur Lima<\/p>\n","protected":false},"excerpt":{"rendered":"<p>Caros alunos, Escrevo rapidamente para informar que lan\u00e7amos o curso de Racioc\u00ednio L\u00f3gico-Matem\u00e1tico para os cargos de Analista e T\u00e9cnico Previdenci\u00e1rio da Manaus Previd\u00eancia, cujas provas ser\u00e3o aplicadas pela banca FCC em 29\/03. O conte\u00fado exigido nesta disciplina, para todos os cargos, foi o seguinte: Racioc\u00ednio L\u00f3gico-Matem\u00e1tico: Estrutura l\u00f3gica de rela\u00e7\u00f5es arbitr\u00e1rias entre pessoas, lugares, [&hellip;]<\/p>\n","protected":false},"author":48,"featured_media":0,"comment_status":"open","ping_status":"open","sticky":false,"template":"","format":"standard","meta":{"post_tipo":"article","footnotes":""},"categories":[1],"tags":[604,602,487],"tax_estado":[],"class_list":["post-20647","post","type-post","status-publish","format-standard","hentry","category-cursos-e-concursos","tag-concurso-manaus","tag-manausprev","tag-raciocinio-logico"],"acf":[],"yoast_head":"<!-- This site is optimized with the Yoast SEO Premium plugin v27.2 (Yoast SEO v27.2) - https:\/\/yoast.com\/product\/yoast-seo-premium-wordpress\/ -->\n<title>ManausPrev - racioc\u00ednio l\u00f3gico para analista e t\u00e9cnico<\/title>\n<meta name=\"robots\" content=\"index, follow, max-snippet:-1, max-image-preview:large, max-video-preview:-1\" \/>\n<link rel=\"canonical\" href=\"https:\/\/www.estrategiaconcursos.com.br\/blog\/manausprev-raciocinio-logico-para-analista-e-tecnico\/\" \/>\n<meta property=\"og:locale\" content=\"pt_BR\" \/>\n<meta property=\"og:type\" content=\"article\" \/>\n<meta property=\"og:title\" content=\"ManausPrev - racioc\u00ednio l\u00f3gico para analista e t\u00e9cnico\" \/>\n<meta property=\"og:description\" content=\"Caros alunos, Escrevo rapidamente para informar que lan\u00e7amos o curso de Racioc\u00ednio L\u00f3gico-Matem\u00e1tico para os cargos de Analista e T\u00e9cnico Previdenci\u00e1rio da Manaus Previd\u00eancia, cujas provas ser\u00e3o aplicadas pela banca FCC em 29\/03. O conte\u00fado exigido nesta disciplina, para todos os cargos, foi o seguinte: Racioc\u00ednio L\u00f3gico-Matem\u00e1tico: Estrutura l\u00f3gica de rela\u00e7\u00f5es arbitr\u00e1rias entre pessoas, lugares, [&hellip;]\" \/>\n<meta property=\"og:url\" content=\"https:\/\/www.estrategiaconcursos.com.br\/blog\/manausprev-raciocinio-logico-para-analista-e-tecnico\/\" \/>\n<meta property=\"og:site_name\" content=\"Estrat\u00e9gia Concursos\" \/>\n<meta property=\"article:published_time\" content=\"2015-01-19T09:00:31+00:00\" \/>\n<meta property=\"article:modified_time\" content=\"2015-01-19T19:04:16+00:00\" \/>\n<meta name=\"author\" content=\"Coordena\u00e7\u00e3o\" \/>\n<meta name=\"twitter:card\" content=\"summary_large_image\" \/>\n<meta name=\"twitter:creator\" content=\"@EstratConcursos\" \/>\n<meta name=\"twitter:site\" content=\"@EstratConcursos\" \/>\n<meta name=\"twitter:label1\" content=\"Escrito por\" \/>\n\t<meta name=\"twitter:data1\" content=\"Coordena\u00e7\u00e3o\" \/>\n\t<meta name=\"twitter:label2\" content=\"Est. tempo de leitura\" \/>\n\t<meta name=\"twitter:data2\" content=\"3 minutos\" \/>\n<script type=\"application\/ld+json\" class=\"yoast-schema-graph\">{\"@context\":\"https:\/\/schema.org\",\"@graph\":[{\"@type\":\"NewsArticle\",\"@id\":\"https:\/\/www.estrategiaconcursos.com.br\/blog\/manausprev-raciocinio-logico-para-analista-e-tecnico\/#article\",\"isPartOf\":{\"@id\":\"https:\/\/www.estrategiaconcursos.com.br\/blog\/manausprev-raciocinio-logico-para-analista-e-tecnico\/\"},\"author\":{\"name\":\"Coordena\u00e7\u00e3o\",\"@id\":\"https:\/\/www.estrategiaconcursos.com.br\/blog\/#\/schema\/person\/cdad40b5818eb228a838461fcd656da7\"},\"headline\":\"ManausPrev &#8211; racioc\u00ednio l\u00f3gico para analista e t\u00e9cnico\",\"datePublished\":\"2015-01-19T09:00:31+00:00\",\"dateModified\":\"2015-01-19T19:04:16+00:00\",\"mainEntityOfPage\":{\"@id\":\"https:\/\/www.estrategiaconcursos.com.br\/blog\/manausprev-raciocinio-logico-para-analista-e-tecnico\/\"},\"wordCount\":546,\"commentCount\":0,\"publisher\":{\"@id\":\"https:\/\/www.estrategiaconcursos.com.br\/blog\/#organization\"},\"keywords\":[\"concurso Manaus\",\"Manausprev\",\"Racioc\u00ednio L\u00f3gico\"],\"articleSection\":[\"Concursos P\u00fablicos\"],\"inLanguage\":\"pt-BR\",\"potentialAction\":[{\"@type\":\"CommentAction\",\"name\":\"Comment\",\"target\":[\"https:\/\/www.estrategiaconcursos.com.br\/blog\/manausprev-raciocinio-logico-para-analista-e-tecnico\/#respond\"]}],\"copyrightYear\":\"2015\",\"copyrightHolder\":{\"@id\":\"https:\/\/www.estrategiaconcursos.com.br\/blog\/#organization\"}},{\"@type\":\"WebPage\",\"@id\":\"https:\/\/www.estrategiaconcursos.com.br\/blog\/manausprev-raciocinio-logico-para-analista-e-tecnico\/\",\"url\":\"https:\/\/www.estrategiaconcursos.com.br\/blog\/manausprev-raciocinio-logico-para-analista-e-tecnico\/\",\"name\":\"ManausPrev - racioc\u00ednio l\u00f3gico para analista e t\u00e9cnico\",\"isPartOf\":{\"@id\":\"https:\/\/www.estrategiaconcursos.com.br\/blog\/#website\"},\"datePublished\":\"2015-01-19T09:00:31+00:00\",\"dateModified\":\"2015-01-19T19:04:16+00:00\",\"breadcrumb\":{\"@id\":\"https:\/\/www.estrategiaconcursos.com.br\/blog\/manausprev-raciocinio-logico-para-analista-e-tecnico\/#breadcrumb\"},\"inLanguage\":\"pt-BR\",\"potentialAction\":[{\"@type\":\"ReadAction\",\"target\":[\"https:\/\/www.estrategiaconcursos.com.br\/blog\/manausprev-raciocinio-logico-para-analista-e-tecnico\/\"]}]},{\"@type\":\"BreadcrumbList\",\"@id\":\"https:\/\/www.estrategiaconcursos.com.br\/blog\/manausprev-raciocinio-logico-para-analista-e-tecnico\/#breadcrumb\",\"itemListElement\":[{\"@type\":\"ListItem\",\"position\":1,\"name\":\"In\u00edcio\",\"item\":\"https:\/\/www.estrategiaconcursos.com.br\/blog\/\"},{\"@type\":\"ListItem\",\"position\":2,\"name\":\"ManausPrev &#8211; racioc\u00ednio l\u00f3gico para analista e t\u00e9cnico\"}]},{\"@type\":\"WebSite\",\"@id\":\"https:\/\/www.estrategiaconcursos.com.br\/blog\/#website\",\"url\":\"https:\/\/www.estrategiaconcursos.com.br\/blog\/\",\"name\":\"Estrat\u00e9gia Concursos\",\"description\":\"O blog da Estrat\u00e9gia Concursos traz not\u00edcias sobre concursos e artigos de professores oferecendo cursos para concursos (pdf + videaulas) no site.\",\"publisher\":{\"@id\":\"https:\/\/www.estrategiaconcursos.com.br\/blog\/#organization\"},\"potentialAction\":[{\"@type\":\"SearchAction\",\"target\":{\"@type\":\"EntryPoint\",\"urlTemplate\":\"https:\/\/www.estrategiaconcursos.com.br\/blog\/?s={search_term_string}\"},\"query-input\":{\"@type\":\"PropertyValueSpecification\",\"valueRequired\":true,\"valueName\":\"search_term_string\"}}],\"inLanguage\":\"pt-BR\"},{\"@type\":\"Organization\",\"@id\":\"https:\/\/www.estrategiaconcursos.com.br\/blog\/#organization\",\"name\":\"Estrat\u00e9gia Concursos\",\"url\":\"https:\/\/www.estrategiaconcursos.com.br\/blog\/\",\"logo\":{\"@type\":\"ImageObject\",\"inLanguage\":\"pt-BR\",\"@id\":\"https:\/\/www.estrategiaconcursos.com.br\/blog\/#\/schema\/logo\/image\/\",\"url\":\"https:\/\/dhg1h5j42swfq.cloudfront.net\/2025\/06\/03203428\/logo_concursos-1.jpg\",\"contentUrl\":\"https:\/\/dhg1h5j42swfq.cloudfront.net\/2025\/06\/03203428\/logo_concursos-1.jpg\",\"width\":230,\"height\":60,\"caption\":\"Estrat\u00e9gia Concursos\"},\"image\":{\"@id\":\"https:\/\/www.estrategiaconcursos.com.br\/blog\/#\/schema\/logo\/image\/\"},\"sameAs\":[\"https:\/\/x.com\/EstratConcursos\"]},{\"@type\":\"Person\",\"@id\":\"https:\/\/www.estrategiaconcursos.com.br\/blog\/#\/schema\/person\/cdad40b5818eb228a838461fcd656da7\",\"name\":\"Coordena\u00e7\u00e3o\",\"image\":{\"@type\":\"ImageObject\",\"inLanguage\":\"pt-BR\",\"@id\":\"https:\/\/secure.gravatar.com\/avatar\/a413b22da0f5009c634f6c4586a2dbe5207074fd5becd88db5183b8069ef25e4?s=96&d=mm&r=g\",\"url\":\"https:\/\/secure.gravatar.com\/avatar\/a413b22da0f5009c634f6c4586a2dbe5207074fd5becd88db5183b8069ef25e4?s=96&d=mm&r=g\",\"contentUrl\":\"https:\/\/secure.gravatar.com\/avatar\/a413b22da0f5009c634f6c4586a2dbe5207074fd5becd88db5183b8069ef25e4?s=96&d=mm&r=g\",\"caption\":\"Coordena\u00e7\u00e3o\"},\"url\":\"https:\/\/www.estrategiaconcursos.com.br\/blog\/author\/contatoestrategiaconcursos-com-br\/\"}]}<\/script>\n<!-- \/ Yoast SEO Premium plugin. -->","yoast_head_json":{"title":"ManausPrev - racioc\u00ednio l\u00f3gico para analista e t\u00e9cnico","robots":{"index":"index","follow":"follow","max-snippet":"max-snippet:-1","max-image-preview":"max-image-preview:large","max-video-preview":"max-video-preview:-1"},"canonical":"https:\/\/www.estrategiaconcursos.com.br\/blog\/manausprev-raciocinio-logico-para-analista-e-tecnico\/","og_locale":"pt_BR","og_type":"article","og_title":"ManausPrev - racioc\u00ednio l\u00f3gico para analista e t\u00e9cnico","og_description":"Caros alunos, Escrevo rapidamente para informar que lan\u00e7amos o curso de Racioc\u00ednio L\u00f3gico-Matem\u00e1tico para os cargos de Analista e T\u00e9cnico Previdenci\u00e1rio da Manaus Previd\u00eancia, cujas provas ser\u00e3o aplicadas pela banca FCC em 29\/03. O conte\u00fado exigido nesta disciplina, para todos os cargos, foi o seguinte: Racioc\u00ednio L\u00f3gico-Matem\u00e1tico: Estrutura l\u00f3gica de rela\u00e7\u00f5es arbitr\u00e1rias entre pessoas, lugares, [&hellip;]","og_url":"https:\/\/www.estrategiaconcursos.com.br\/blog\/manausprev-raciocinio-logico-para-analista-e-tecnico\/","og_site_name":"Estrat\u00e9gia Concursos","article_published_time":"2015-01-19T09:00:31+00:00","article_modified_time":"2015-01-19T19:04:16+00:00","author":"Coordena\u00e7\u00e3o","twitter_card":"summary_large_image","twitter_creator":"@EstratConcursos","twitter_site":"@EstratConcursos","twitter_misc":{"Escrito por":"Coordena\u00e7\u00e3o","Est. tempo de leitura":"3 minutos"},"schema":{"@context":"https:\/\/schema.org","@graph":[{"@type":"NewsArticle","@id":"https:\/\/www.estrategiaconcursos.com.br\/blog\/manausprev-raciocinio-logico-para-analista-e-tecnico\/#article","isPartOf":{"@id":"https:\/\/www.estrategiaconcursos.com.br\/blog\/manausprev-raciocinio-logico-para-analista-e-tecnico\/"},"author":{"name":"Coordena\u00e7\u00e3o","@id":"https:\/\/www.estrategiaconcursos.com.br\/blog\/#\/schema\/person\/cdad40b5818eb228a838461fcd656da7"},"headline":"ManausPrev &#8211; racioc\u00ednio l\u00f3gico para analista e t\u00e9cnico","datePublished":"2015-01-19T09:00:31+00:00","dateModified":"2015-01-19T19:04:16+00:00","mainEntityOfPage":{"@id":"https:\/\/www.estrategiaconcursos.com.br\/blog\/manausprev-raciocinio-logico-para-analista-e-tecnico\/"},"wordCount":546,"commentCount":0,"publisher":{"@id":"https:\/\/www.estrategiaconcursos.com.br\/blog\/#organization"},"keywords":["concurso Manaus","Manausprev","Racioc\u00ednio L\u00f3gico"],"articleSection":["Concursos P\u00fablicos"],"inLanguage":"pt-BR","potentialAction":[{"@type":"CommentAction","name":"Comment","target":["https:\/\/www.estrategiaconcursos.com.br\/blog\/manausprev-raciocinio-logico-para-analista-e-tecnico\/#respond"]}],"copyrightYear":"2015","copyrightHolder":{"@id":"https:\/\/www.estrategiaconcursos.com.br\/blog\/#organization"}},{"@type":"WebPage","@id":"https:\/\/www.estrategiaconcursos.com.br\/blog\/manausprev-raciocinio-logico-para-analista-e-tecnico\/","url":"https:\/\/www.estrategiaconcursos.com.br\/blog\/manausprev-raciocinio-logico-para-analista-e-tecnico\/","name":"ManausPrev - racioc\u00ednio l\u00f3gico para analista e t\u00e9cnico","isPartOf":{"@id":"https:\/\/www.estrategiaconcursos.com.br\/blog\/#website"},"datePublished":"2015-01-19T09:00:31+00:00","dateModified":"2015-01-19T19:04:16+00:00","breadcrumb":{"@id":"https:\/\/www.estrategiaconcursos.com.br\/blog\/manausprev-raciocinio-logico-para-analista-e-tecnico\/#breadcrumb"},"inLanguage":"pt-BR","potentialAction":[{"@type":"ReadAction","target":["https:\/\/www.estrategiaconcursos.com.br\/blog\/manausprev-raciocinio-logico-para-analista-e-tecnico\/"]}]},{"@type":"BreadcrumbList","@id":"https:\/\/www.estrategiaconcursos.com.br\/blog\/manausprev-raciocinio-logico-para-analista-e-tecnico\/#breadcrumb","itemListElement":[{"@type":"ListItem","position":1,"name":"In\u00edcio","item":"https:\/\/www.estrategiaconcursos.com.br\/blog\/"},{"@type":"ListItem","position":2,"name":"ManausPrev &#8211; racioc\u00ednio l\u00f3gico para analista e t\u00e9cnico"}]},{"@type":"WebSite","@id":"https:\/\/www.estrategiaconcursos.com.br\/blog\/#website","url":"https:\/\/www.estrategiaconcursos.com.br\/blog\/","name":"Estrat\u00e9gia Concursos","description":"O blog da Estrat\u00e9gia Concursos traz not\u00edcias sobre concursos e artigos de professores oferecendo cursos para concursos (pdf + videaulas) no site.","publisher":{"@id":"https:\/\/www.estrategiaconcursos.com.br\/blog\/#organization"},"potentialAction":[{"@type":"SearchAction","target":{"@type":"EntryPoint","urlTemplate":"https:\/\/www.estrategiaconcursos.com.br\/blog\/?s={search_term_string}"},"query-input":{"@type":"PropertyValueSpecification","valueRequired":true,"valueName":"search_term_string"}}],"inLanguage":"pt-BR"},{"@type":"Organization","@id":"https:\/\/www.estrategiaconcursos.com.br\/blog\/#organization","name":"Estrat\u00e9gia Concursos","url":"https:\/\/www.estrategiaconcursos.com.br\/blog\/","logo":{"@type":"ImageObject","inLanguage":"pt-BR","@id":"https:\/\/www.estrategiaconcursos.com.br\/blog\/#\/schema\/logo\/image\/","url":"https:\/\/dhg1h5j42swfq.cloudfront.net\/2025\/06\/03203428\/logo_concursos-1.jpg","contentUrl":"https:\/\/dhg1h5j42swfq.cloudfront.net\/2025\/06\/03203428\/logo_concursos-1.jpg","width":230,"height":60,"caption":"Estrat\u00e9gia Concursos"},"image":{"@id":"https:\/\/www.estrategiaconcursos.com.br\/blog\/#\/schema\/logo\/image\/"},"sameAs":["https:\/\/x.com\/EstratConcursos"]},{"@type":"Person","@id":"https:\/\/www.estrategiaconcursos.com.br\/blog\/#\/schema\/person\/cdad40b5818eb228a838461fcd656da7","name":"Coordena\u00e7\u00e3o","image":{"@type":"ImageObject","inLanguage":"pt-BR","@id":"https:\/\/secure.gravatar.com\/avatar\/a413b22da0f5009c634f6c4586a2dbe5207074fd5becd88db5183b8069ef25e4?s=96&d=mm&r=g","url":"https:\/\/secure.gravatar.com\/avatar\/a413b22da0f5009c634f6c4586a2dbe5207074fd5becd88db5183b8069ef25e4?s=96&d=mm&r=g","contentUrl":"https:\/\/secure.gravatar.com\/avatar\/a413b22da0f5009c634f6c4586a2dbe5207074fd5becd88db5183b8069ef25e4?s=96&d=mm&r=g","caption":"Coordena\u00e7\u00e3o"},"url":"https:\/\/www.estrategiaconcursos.com.br\/blog\/author\/contatoestrategiaconcursos-com-br\/"}]}},"_links":{"self":[{"href":"https:\/\/www.estrategiaconcursos.com.br\/blog\/wp-json\/wp\/v2\/posts\/20647","targetHints":{"allow":["GET"]}}],"collection":[{"href":"https:\/\/www.estrategiaconcursos.com.br\/blog\/wp-json\/wp\/v2\/posts"}],"about":[{"href":"https:\/\/www.estrategiaconcursos.com.br\/blog\/wp-json\/wp\/v2\/types\/post"}],"author":[{"embeddable":true,"href":"https:\/\/www.estrategiaconcursos.com.br\/blog\/wp-json\/wp\/v2\/users\/48"}],"replies":[{"embeddable":true,"href":"https:\/\/www.estrategiaconcursos.com.br\/blog\/wp-json\/wp\/v2\/comments?post=20647"}],"version-history":[{"count":2,"href":"https:\/\/www.estrategiaconcursos.com.br\/blog\/wp-json\/wp\/v2\/posts\/20647\/revisions"}],"predecessor-version":[{"id":20649,"href":"https:\/\/www.estrategiaconcursos.com.br\/blog\/wp-json\/wp\/v2\/posts\/20647\/revisions\/20649"}],"wp:attachment":[{"href":"https:\/\/www.estrategiaconcursos.com.br\/blog\/wp-json\/wp\/v2\/media?parent=20647"}],"wp:term":[{"taxonomy":"category","embeddable":true,"href":"https:\/\/www.estrategiaconcursos.com.br\/blog\/wp-json\/wp\/v2\/categories?post=20647"},{"taxonomy":"post_tag","embeddable":true,"href":"https:\/\/www.estrategiaconcursos.com.br\/blog\/wp-json\/wp\/v2\/tags?post=20647"},{"taxonomy":"tax_estado","embeddable":true,"href":"https:\/\/www.estrategiaconcursos.com.br\/blog\/wp-json\/wp\/v2\/tax_estado?post=20647"}],"curies":[{"name":"wp","href":"https:\/\/api.w.org\/{rel}","templated":true}]}}