{"id":20559,"date":"2015-01-13T15:20:10","date_gmt":"2015-01-13T18:20:10","guid":{"rendered":"http:\/\/www.estrategiaconcursos.com.br\/blog\/?p=20559"},"modified":"2015-01-14T09:10:55","modified_gmt":"2015-01-14T12:10:55","slug":"valores-de-referencia-da-previdencia-em-2015","status":"publish","type":"post","link":"https:\/\/www.estrategiaconcursos.com.br\/blog\/valores-de-referencia-da-previdencia-em-2015\/","title":{"rendered":"Valores de Refer\u00eancia da Previd\u00eancia em 2015"},"content":{"rendered":"<p>Caros amigos,<\/p>\n<p>Informo que as aulas foram atualizadas conforme a Portaria Interministerial 13, de 09\/01\/2014, que alterou os valores de refer\u00eancia da Previd\u00eancia Social. Tais altera\u00e7\u00f5es n\u00e3o t\u00eam influencia para o concurso p\u00fablico, pois historicamente n\u00e3o s\u00e3o cobrados valores em provas. De toda forma, seguem as altera\u00e7\u00f5es:<\/p>\n<p>Altera\u00e7\u00e3o de Valores de Refer\u00eancia<\/p>\n<p>Em diversos trechos das aulas utilizamos valores num\u00e9ricos que, em regra, s\u00e3o atualizados anualmente. Trazemos aqui a compara\u00e7\u00e3o dos valores de refer\u00eancia utilizados em 2014 com os modificados pela Portaria Interministerial MPS\/MF 13, de 09 de janeiro de 2015.<\/p>\n<p>Sal\u00e1rio M\u00ednimo e Teto<\/p>\n<p>Em 2014, o valor do sal\u00e1rio m\u00ednimo era de R$ 724,00, tendo tal valor sido que foi alterado a partir de 01\/01\/2015 para R$ 788,00. J\u00e1 o teto do sal\u00e1rio-de-contribui\u00e7\u00e3o passou de R$ 4.390,24 para R$ 4.663,75.<\/p>\n<p>Tabela do Sal\u00e1rio-de-Contribui\u00e7\u00e3o<\/p>\n<p>Tabela de contribui\u00e7\u00e3o dos segurados empregados, empregados dom\u00e9sticos e trabalhadores avulsos a partir de 01\/01\/2015:<\/p>\n<p>SAL\u00c1RIO-DE-CONTRIBUI\u00c7\u00c3O (R$)\u00a0\u00a0\u00a0\u00a0\u00a0 AL\u00cdQUOTA (%)<br \/>\nat\u00e9 1.399,12\u00a0\u00a0\u00a0\u00a0\u00a0\u00a0\u00a0\u00a0\u00a0\u00a0\u00a0\u00a0\u00a0\u00a0\u00a0\u00a0\u00a0\u00a0\u00a0\u00a0\u00a0\u00a0\u00a0\u00a0\u00a0\u00a0\u00a0\u00a0\u00a0\u00a0\u00a0\u00a0\u00a0\u00a0\u00a0\u00a0\u00a0\u00a0\u00a0\u00a0\u00a0\u00a0\u00a0\u00a0\u00a0\u00a0\u00a0\u00a0\u00a0\u00a0\u00a0\u00a0 8,00<br \/>\nde 1.399,13 at\u00e9 2.331,88\u00a0\u00a0\u00a0\u00a0\u00a0\u00a0\u00a0\u00a0\u00a0\u00a0\u00a0\u00a0\u00a0\u00a0\u00a0\u00a0\u00a0\u00a0\u00a0\u00a0\u00a0\u00a0\u00a0\u00a0\u00a0\u00a0\u00a0\u00a0\u00a0 9,00<br \/>\nde 2.331,89 at\u00e9 4.663,75\u00a0\u00a0\u00a0\u00a0\u00a0\u00a0\u00a0\u00a0\u00a0\u00a0\u00a0\u00a0\u00a0\u00a0\u00a0\u00a0\u00a0\u00a0\u00a0\u00a0\u00a0\u00a0\u00a0\u00a0\u00a0\u00a0\u00a0\u00a0 11,00<br \/>\nTabela de contribui\u00e7\u00e3o utilizada em 2014:<\/p>\n<p>SAL\u00c1RIO-DE-CONTRIBUI\u00c7\u00c3O (R$)\u00a0\u00a0\u00a0\u00a0\u00a0\u00a0\u00a0 AL\u00cdQUOTA (%)<br \/>\nat\u00e9 1.317,07\u00a0\u00a0\u00a0\u00a0\u00a0\u00a0\u00a0\u00a0\u00a0\u00a0\u00a0\u00a0\u00a0\u00a0\u00a0\u00a0\u00a0\u00a0\u00a0\u00a0\u00a0\u00a0\u00a0\u00a0\u00a0\u00a0\u00a0\u00a0\u00a0\u00a0\u00a0\u00a0\u00a0\u00a0\u00a0\u00a0\u00a0\u00a0\u00a0\u00a0\u00a0\u00a0\u00a0\u00a0\u00a0\u00a0\u00a0\u00a0\u00a0\u00a0\u00a0\u00a0\u00a0 8,00<br \/>\nde 1.317,08 at\u00e9 2.195,12\u00a0\u00a0\u00a0\u00a0\u00a0\u00a0\u00a0\u00a0\u00a0\u00a0\u00a0\u00a0\u00a0\u00a0\u00a0\u00a0\u00a0\u00a0\u00a0\u00a0\u00a0\u00a0\u00a0\u00a0\u00a0\u00a0\u00a0\u00a0\u00a0\u00a0 9,00<br \/>\nde 2.195,13 at\u00e9 4.390,24\u00a0\u00a0\u00a0\u00a0\u00a0\u00a0\u00a0\u00a0\u00a0\u00a0\u00a0\u00a0\u00a0\u00a0\u00a0\u00a0\u00a0\u00a0\u00a0\u00a0\u00a0\u00a0\u00a0\u00a0\u00a0\u00a0\u00a0\u00a0\u00a0 11,00<br \/>\nSal\u00e1rio-Fam\u00edlia<\/p>\n<p>Valores das cotas de sal\u00e1rio fam\u00edlia vigente a partir de 01\/01\/2015 (Portaria Interministerial MPS\/MF 13\/2015).<\/p>\n<p>I \u2013 R$ 37,18, para o segurado com remunera\u00e7\u00e3o mensal n\u00e3o superior a R$ 725,02;<\/p>\n<p>II \u2013 R$ 26,20, para o segurado com remunera\u00e7\u00e3o mensal superior a R$ 6725,02 e igual ou inferior a R$ 1.089,72.<br \/>\n.<\/p>\n<p>Valores utilizados em 2014:<\/p>\n<p>I \u2013 R$ 33,00, para o segurado com remunera\u00e7\u00e3o mensal n\u00e3o superior a R$ 682,50;<\/p>\n<p>II \u2013 R$ 24,66, para o segurado com remunera\u00e7\u00e3o mensal superior a R$ 682,50 e igual ou inferior a R$ 1.025,81.<\/p>\n<p>Aux\u00edlio-Reclus\u00e3o<\/p>\n<p>Renda m\u00e1xima do segurado para ensejar a concess\u00e3o do aux\u00edlio-reclus\u00e3o aos seus dependentes a partir de 01\/01\/2015:<\/p>\n<p>R$ 1.089,72<\/p>\n<p>Valor utilizado em 2014:<\/p>\n<p>R$ 1.025,81<\/p>\n<p>Autos de Infra\u00e7\u00e3o<\/p>\n<p>O valor da multa pela infra\u00e7\u00e3o a qualquer dispositivo do Regulamento da Previd\u00eancia Social &#8211; RPS, para a qual n\u00e3o haja penalidade expressamente cominada (caput do art. 283), a partir de 01\/01\/2015, varia, conforme a gravidade da infra\u00e7\u00e3o, de R$ 1.925,81 a R$ 192.578,66.<\/p>\n<p>Os valores utilizados em 2014 foram de R$ 1.812,87 a R$ 181.284,63.<\/p>\n<p>J\u00e1 o valor da multa indicado no inciso II do art. 283 do RPS passou para de R$ 19.257,83. O valor utilizado em 2014 foi de R$ 18.128,43.<br \/>\nCertid\u00e3o Negativa de D\u00e9bito (Item 13.2.1)<\/p>\n<p>A partir de 01\/01\/2015 \u00e9 exigida Certid\u00e3o Negativa de D\u00e9bito &#8211; CND da empresa na aliena\u00e7\u00e3o ou onera\u00e7\u00e3o, a qualquer t\u00edtulo, de bem m\u00f3vel incorporado ao seu ativo permanente de valor superior a R$ 48.144,19.<\/p>\n<p>O valor utilizado em 2014 foi de R$ 45.320,71.<\/p>\n<p>Atenua\u00e7\u00e3o da Pena na Sonega\u00e7\u00e3o Fiscal Previdenci\u00e1ria<\/p>\n<p>De acordo com o art. 337-A do C\u00f3digo Penal, no crime de sonega\u00e7\u00e3o fiscal previdenci\u00e1ria, se o empregador n\u00e3o \u00e9 pessoa jur\u00eddica e sua folha de pagamento mensal n\u00e3o ultrapassa R$ 4.117,35, o juiz pode reduzir a pena de um ter\u00e7o at\u00e9 metade ou aplicar apenas multa.<\/p>\n<p>O valor utilizado em 2014 foi de R$ 3.875,88.<\/p>\n","protected":false},"excerpt":{"rendered":"<p>Caros amigos, Informo que as aulas foram atualizadas conforme a Portaria Interministerial 13, de 09\/01\/2014, que alterou os valores de refer\u00eancia da Previd\u00eancia Social. Tais altera\u00e7\u00f5es n\u00e3o t\u00eam influencia para o concurso p\u00fablico, pois historicamente n\u00e3o s\u00e3o cobrados valores em provas. De toda forma, seguem as altera\u00e7\u00f5es: Altera\u00e7\u00e3o de Valores de Refer\u00eancia Em diversos trechos [&hellip;]<\/p>\n","protected":false},"author":36,"featured_media":0,"comment_status":"open","ping_status":"open","sticky":false,"template":"","format":"standard","meta":{"post_tipo":"article","footnotes":""},"categories":[1],"tags":[21],"tax_estado":[],"class_list":["post-20559","post","type-post","status-publish","format-standard","hentry","category-cursos-e-concursos","tag-direito-previdenciario"],"acf":[],"yoast_head":"<!-- This site is optimized with the Yoast SEO Premium plugin v27.2 (Yoast SEO v27.2) - https:\/\/yoast.com\/product\/yoast-seo-premium-wordpress\/ -->\n<title>Valores de Refer\u00eancia da Previd\u00eancia em 2015<\/title>\n<meta name=\"robots\" content=\"index, follow, max-snippet:-1, max-image-preview:large, max-video-preview:-1\" \/>\n<link rel=\"canonical\" href=\"https:\/\/www.estrategiaconcursos.com.br\/blog\/valores-de-referencia-da-previdencia-em-2015\/\" \/>\n<meta property=\"og:locale\" content=\"pt_BR\" \/>\n<meta property=\"og:type\" content=\"article\" \/>\n<meta property=\"og:title\" content=\"Valores de Refer\u00eancia da Previd\u00eancia em 2015\" \/>\n<meta property=\"og:description\" content=\"Caros amigos, Informo que as aulas foram atualizadas conforme a Portaria Interministerial 13, de 09\/01\/2014, que alterou os valores de refer\u00eancia da Previd\u00eancia Social. Tais altera\u00e7\u00f5es n\u00e3o t\u00eam influencia para o concurso p\u00fablico, pois historicamente n\u00e3o s\u00e3o cobrados valores em provas. De toda forma, seguem as altera\u00e7\u00f5es: Altera\u00e7\u00e3o de Valores de Refer\u00eancia Em diversos trechos [&hellip;]\" \/>\n<meta property=\"og:url\" content=\"https:\/\/www.estrategiaconcursos.com.br\/blog\/valores-de-referencia-da-previdencia-em-2015\/\" \/>\n<meta property=\"og:site_name\" content=\"Estrat\u00e9gia Concursos\" \/>\n<meta property=\"article:published_time\" content=\"2015-01-13T18:20:10+00:00\" \/>\n<meta property=\"article:modified_time\" content=\"2015-01-14T12:10:55+00:00\" \/>\n<meta name=\"author\" content=\"Ivan Kertzman\" \/>\n<meta name=\"twitter:card\" content=\"summary_large_image\" \/>\n<meta name=\"twitter:creator\" content=\"@EstratConcursos\" \/>\n<meta name=\"twitter:site\" content=\"@EstratConcursos\" \/>\n<meta name=\"twitter:label1\" content=\"Escrito por\" \/>\n\t<meta name=\"twitter:data1\" content=\"Ivan Kertzman\" \/>\n\t<meta name=\"twitter:label2\" content=\"Est. tempo de leitura\" \/>\n\t<meta name=\"twitter:data2\" content=\"3 minutos\" \/>\n<script type=\"application\/ld+json\" class=\"yoast-schema-graph\">{\"@context\":\"https:\/\/schema.org\",\"@graph\":[{\"@type\":\"NewsArticle\",\"@id\":\"https:\/\/www.estrategiaconcursos.com.br\/blog\/valores-de-referencia-da-previdencia-em-2015\/#article\",\"isPartOf\":{\"@id\":\"https:\/\/www.estrategiaconcursos.com.br\/blog\/valores-de-referencia-da-previdencia-em-2015\/\"},\"author\":{\"name\":\"Ivan Kertzman\",\"@id\":\"https:\/\/www.estrategiaconcursos.com.br\/blog\/#\/schema\/person\/f311675c785e9e94dffea0b66374f72e\"},\"headline\":\"Valores de Refer\u00eancia da Previd\u00eancia em 2015\",\"datePublished\":\"2015-01-13T18:20:10+00:00\",\"dateModified\":\"2015-01-14T12:10:55+00:00\",\"mainEntityOfPage\":{\"@id\":\"https:\/\/www.estrategiaconcursos.com.br\/blog\/valores-de-referencia-da-previdencia-em-2015\/\"},\"wordCount\":515,\"commentCount\":0,\"publisher\":{\"@id\":\"https:\/\/www.estrategiaconcursos.com.br\/blog\/#organization\"},\"keywords\":[\"Direito Previdenci\u00e1rio\"],\"articleSection\":[\"Concursos P\u00fablicos\"],\"inLanguage\":\"pt-BR\",\"potentialAction\":[{\"@type\":\"CommentAction\",\"name\":\"Comment\",\"target\":[\"https:\/\/www.estrategiaconcursos.com.br\/blog\/valores-de-referencia-da-previdencia-em-2015\/#respond\"]}],\"copyrightYear\":\"2015\",\"copyrightHolder\":{\"@id\":\"https:\/\/www.estrategiaconcursos.com.br\/blog\/#organization\"}},{\"@type\":\"WebPage\",\"@id\":\"https:\/\/www.estrategiaconcursos.com.br\/blog\/valores-de-referencia-da-previdencia-em-2015\/\",\"url\":\"https:\/\/www.estrategiaconcursos.com.br\/blog\/valores-de-referencia-da-previdencia-em-2015\/\",\"name\":\"Valores de Refer\u00eancia da Previd\u00eancia em 2015\",\"isPartOf\":{\"@id\":\"https:\/\/www.estrategiaconcursos.com.br\/blog\/#website\"},\"datePublished\":\"2015-01-13T18:20:10+00:00\",\"dateModified\":\"2015-01-14T12:10:55+00:00\",\"breadcrumb\":{\"@id\":\"https:\/\/www.estrategiaconcursos.com.br\/blog\/valores-de-referencia-da-previdencia-em-2015\/#breadcrumb\"},\"inLanguage\":\"pt-BR\",\"potentialAction\":[{\"@type\":\"ReadAction\",\"target\":[\"https:\/\/www.estrategiaconcursos.com.br\/blog\/valores-de-referencia-da-previdencia-em-2015\/\"]}]},{\"@type\":\"BreadcrumbList\",\"@id\":\"https:\/\/www.estrategiaconcursos.com.br\/blog\/valores-de-referencia-da-previdencia-em-2015\/#breadcrumb\",\"itemListElement\":[{\"@type\":\"ListItem\",\"position\":1,\"name\":\"In\u00edcio\",\"item\":\"https:\/\/www.estrategiaconcursos.com.br\/blog\/\"},{\"@type\":\"ListItem\",\"position\":2,\"name\":\"Valores de Refer\u00eancia da Previd\u00eancia em 2015\"}]},{\"@type\":\"WebSite\",\"@id\":\"https:\/\/www.estrategiaconcursos.com.br\/blog\/#website\",\"url\":\"https:\/\/www.estrategiaconcursos.com.br\/blog\/\",\"name\":\"Estrat\u00e9gia Concursos\",\"description\":\"O blog da Estrat\u00e9gia Concursos traz not\u00edcias sobre concursos e artigos de professores oferecendo cursos para concursos (pdf + videaulas) no site.\",\"publisher\":{\"@id\":\"https:\/\/www.estrategiaconcursos.com.br\/blog\/#organization\"},\"potentialAction\":[{\"@type\":\"SearchAction\",\"target\":{\"@type\":\"EntryPoint\",\"urlTemplate\":\"https:\/\/www.estrategiaconcursos.com.br\/blog\/?s={search_term_string}\"},\"query-input\":{\"@type\":\"PropertyValueSpecification\",\"valueRequired\":true,\"valueName\":\"search_term_string\"}}],\"inLanguage\":\"pt-BR\"},{\"@type\":\"Organization\",\"@id\":\"https:\/\/www.estrategiaconcursos.com.br\/blog\/#organization\",\"name\":\"Estrat\u00e9gia Concursos\",\"url\":\"https:\/\/www.estrategiaconcursos.com.br\/blog\/\",\"logo\":{\"@type\":\"ImageObject\",\"inLanguage\":\"pt-BR\",\"@id\":\"https:\/\/www.estrategiaconcursos.com.br\/blog\/#\/schema\/logo\/image\/\",\"url\":\"https:\/\/dhg1h5j42swfq.cloudfront.net\/2025\/06\/03203428\/logo_concursos-1.jpg\",\"contentUrl\":\"https:\/\/dhg1h5j42swfq.cloudfront.net\/2025\/06\/03203428\/logo_concursos-1.jpg\",\"width\":230,\"height\":60,\"caption\":\"Estrat\u00e9gia Concursos\"},\"image\":{\"@id\":\"https:\/\/www.estrategiaconcursos.com.br\/blog\/#\/schema\/logo\/image\/\"},\"sameAs\":[\"https:\/\/x.com\/EstratConcursos\"]},{\"@type\":\"Person\",\"@id\":\"https:\/\/www.estrategiaconcursos.com.br\/blog\/#\/schema\/person\/f311675c785e9e94dffea0b66374f72e\",\"name\":\"Ivan Kertzman\",\"image\":{\"@type\":\"ImageObject\",\"inLanguage\":\"pt-BR\",\"@id\":\"https:\/\/secure.gravatar.com\/avatar\/a8b9d07a66052e9cb8de1b7c3331036f4a819abaa2af6784513e37a4acde39e7?s=96&d=mm&r=g\",\"url\":\"https:\/\/secure.gravatar.com\/avatar\/a8b9d07a66052e9cb8de1b7c3331036f4a819abaa2af6784513e37a4acde39e7?s=96&d=mm&r=g\",\"contentUrl\":\"https:\/\/secure.gravatar.com\/avatar\/a8b9d07a66052e9cb8de1b7c3331036f4a819abaa2af6784513e37a4acde39e7?s=96&d=mm&r=g\",\"caption\":\"Ivan Kertzman\"},\"url\":\"https:\/\/www.estrategiaconcursos.com.br\/blog\/author\/ivankertzmanestrategiaconcursos-com-br\/\"}]}<\/script>\n<!-- \/ Yoast SEO Premium plugin. -->","yoast_head_json":{"title":"Valores de Refer\u00eancia da Previd\u00eancia em 2015","robots":{"index":"index","follow":"follow","max-snippet":"max-snippet:-1","max-image-preview":"max-image-preview:large","max-video-preview":"max-video-preview:-1"},"canonical":"https:\/\/www.estrategiaconcursos.com.br\/blog\/valores-de-referencia-da-previdencia-em-2015\/","og_locale":"pt_BR","og_type":"article","og_title":"Valores de Refer\u00eancia da Previd\u00eancia em 2015","og_description":"Caros amigos, Informo que as aulas foram atualizadas conforme a Portaria Interministerial 13, de 09\/01\/2014, que alterou os valores de refer\u00eancia da Previd\u00eancia Social. Tais altera\u00e7\u00f5es n\u00e3o t\u00eam influencia para o concurso p\u00fablico, pois historicamente n\u00e3o s\u00e3o cobrados valores em provas. De toda forma, seguem as altera\u00e7\u00f5es: Altera\u00e7\u00e3o de Valores de Refer\u00eancia Em diversos trechos [&hellip;]","og_url":"https:\/\/www.estrategiaconcursos.com.br\/blog\/valores-de-referencia-da-previdencia-em-2015\/","og_site_name":"Estrat\u00e9gia Concursos","article_published_time":"2015-01-13T18:20:10+00:00","article_modified_time":"2015-01-14T12:10:55+00:00","author":"Ivan Kertzman","twitter_card":"summary_large_image","twitter_creator":"@EstratConcursos","twitter_site":"@EstratConcursos","twitter_misc":{"Escrito por":"Ivan Kertzman","Est. tempo de leitura":"3 minutos"},"schema":{"@context":"https:\/\/schema.org","@graph":[{"@type":"NewsArticle","@id":"https:\/\/www.estrategiaconcursos.com.br\/blog\/valores-de-referencia-da-previdencia-em-2015\/#article","isPartOf":{"@id":"https:\/\/www.estrategiaconcursos.com.br\/blog\/valores-de-referencia-da-previdencia-em-2015\/"},"author":{"name":"Ivan Kertzman","@id":"https:\/\/www.estrategiaconcursos.com.br\/blog\/#\/schema\/person\/f311675c785e9e94dffea0b66374f72e"},"headline":"Valores de Refer\u00eancia da Previd\u00eancia em 2015","datePublished":"2015-01-13T18:20:10+00:00","dateModified":"2015-01-14T12:10:55+00:00","mainEntityOfPage":{"@id":"https:\/\/www.estrategiaconcursos.com.br\/blog\/valores-de-referencia-da-previdencia-em-2015\/"},"wordCount":515,"commentCount":0,"publisher":{"@id":"https:\/\/www.estrategiaconcursos.com.br\/blog\/#organization"},"keywords":["Direito Previdenci\u00e1rio"],"articleSection":["Concursos P\u00fablicos"],"inLanguage":"pt-BR","potentialAction":[{"@type":"CommentAction","name":"Comment","target":["https:\/\/www.estrategiaconcursos.com.br\/blog\/valores-de-referencia-da-previdencia-em-2015\/#respond"]}],"copyrightYear":"2015","copyrightHolder":{"@id":"https:\/\/www.estrategiaconcursos.com.br\/blog\/#organization"}},{"@type":"WebPage","@id":"https:\/\/www.estrategiaconcursos.com.br\/blog\/valores-de-referencia-da-previdencia-em-2015\/","url":"https:\/\/www.estrategiaconcursos.com.br\/blog\/valores-de-referencia-da-previdencia-em-2015\/","name":"Valores de Refer\u00eancia da Previd\u00eancia em 2015","isPartOf":{"@id":"https:\/\/www.estrategiaconcursos.com.br\/blog\/#website"},"datePublished":"2015-01-13T18:20:10+00:00","dateModified":"2015-01-14T12:10:55+00:00","breadcrumb":{"@id":"https:\/\/www.estrategiaconcursos.com.br\/blog\/valores-de-referencia-da-previdencia-em-2015\/#breadcrumb"},"inLanguage":"pt-BR","potentialAction":[{"@type":"ReadAction","target":["https:\/\/www.estrategiaconcursos.com.br\/blog\/valores-de-referencia-da-previdencia-em-2015\/"]}]},{"@type":"BreadcrumbList","@id":"https:\/\/www.estrategiaconcursos.com.br\/blog\/valores-de-referencia-da-previdencia-em-2015\/#breadcrumb","itemListElement":[{"@type":"ListItem","position":1,"name":"In\u00edcio","item":"https:\/\/www.estrategiaconcursos.com.br\/blog\/"},{"@type":"ListItem","position":2,"name":"Valores de Refer\u00eancia da Previd\u00eancia em 2015"}]},{"@type":"WebSite","@id":"https:\/\/www.estrategiaconcursos.com.br\/blog\/#website","url":"https:\/\/www.estrategiaconcursos.com.br\/blog\/","name":"Estrat\u00e9gia Concursos","description":"O blog da Estrat\u00e9gia Concursos traz not\u00edcias sobre concursos e artigos de professores oferecendo cursos para concursos (pdf + videaulas) no site.","publisher":{"@id":"https:\/\/www.estrategiaconcursos.com.br\/blog\/#organization"},"potentialAction":[{"@type":"SearchAction","target":{"@type":"EntryPoint","urlTemplate":"https:\/\/www.estrategiaconcursos.com.br\/blog\/?s={search_term_string}"},"query-input":{"@type":"PropertyValueSpecification","valueRequired":true,"valueName":"search_term_string"}}],"inLanguage":"pt-BR"},{"@type":"Organization","@id":"https:\/\/www.estrategiaconcursos.com.br\/blog\/#organization","name":"Estrat\u00e9gia Concursos","url":"https:\/\/www.estrategiaconcursos.com.br\/blog\/","logo":{"@type":"ImageObject","inLanguage":"pt-BR","@id":"https:\/\/www.estrategiaconcursos.com.br\/blog\/#\/schema\/logo\/image\/","url":"https:\/\/dhg1h5j42swfq.cloudfront.net\/2025\/06\/03203428\/logo_concursos-1.jpg","contentUrl":"https:\/\/dhg1h5j42swfq.cloudfront.net\/2025\/06\/03203428\/logo_concursos-1.jpg","width":230,"height":60,"caption":"Estrat\u00e9gia Concursos"},"image":{"@id":"https:\/\/www.estrategiaconcursos.com.br\/blog\/#\/schema\/logo\/image\/"},"sameAs":["https:\/\/x.com\/EstratConcursos"]},{"@type":"Person","@id":"https:\/\/www.estrategiaconcursos.com.br\/blog\/#\/schema\/person\/f311675c785e9e94dffea0b66374f72e","name":"Ivan Kertzman","image":{"@type":"ImageObject","inLanguage":"pt-BR","@id":"https:\/\/secure.gravatar.com\/avatar\/a8b9d07a66052e9cb8de1b7c3331036f4a819abaa2af6784513e37a4acde39e7?s=96&d=mm&r=g","url":"https:\/\/secure.gravatar.com\/avatar\/a8b9d07a66052e9cb8de1b7c3331036f4a819abaa2af6784513e37a4acde39e7?s=96&d=mm&r=g","contentUrl":"https:\/\/secure.gravatar.com\/avatar\/a8b9d07a66052e9cb8de1b7c3331036f4a819abaa2af6784513e37a4acde39e7?s=96&d=mm&r=g","caption":"Ivan Kertzman"},"url":"https:\/\/www.estrategiaconcursos.com.br\/blog\/author\/ivankertzmanestrategiaconcursos-com-br\/"}]}},"_links":{"self":[{"href":"https:\/\/www.estrategiaconcursos.com.br\/blog\/wp-json\/wp\/v2\/posts\/20559","targetHints":{"allow":["GET"]}}],"collection":[{"href":"https:\/\/www.estrategiaconcursos.com.br\/blog\/wp-json\/wp\/v2\/posts"}],"about":[{"href":"https:\/\/www.estrategiaconcursos.com.br\/blog\/wp-json\/wp\/v2\/types\/post"}],"author":[{"embeddable":true,"href":"https:\/\/www.estrategiaconcursos.com.br\/blog\/wp-json\/wp\/v2\/users\/36"}],"replies":[{"embeddable":true,"href":"https:\/\/www.estrategiaconcursos.com.br\/blog\/wp-json\/wp\/v2\/comments?post=20559"}],"version-history":[{"count":1,"href":"https:\/\/www.estrategiaconcursos.com.br\/blog\/wp-json\/wp\/v2\/posts\/20559\/revisions"}],"predecessor-version":[{"id":20560,"href":"https:\/\/www.estrategiaconcursos.com.br\/blog\/wp-json\/wp\/v2\/posts\/20559\/revisions\/20560"}],"wp:attachment":[{"href":"https:\/\/www.estrategiaconcursos.com.br\/blog\/wp-json\/wp\/v2\/media?parent=20559"}],"wp:term":[{"taxonomy":"category","embeddable":true,"href":"https:\/\/www.estrategiaconcursos.com.br\/blog\/wp-json\/wp\/v2\/categories?post=20559"},{"taxonomy":"post_tag","embeddable":true,"href":"https:\/\/www.estrategiaconcursos.com.br\/blog\/wp-json\/wp\/v2\/tags?post=20559"},{"taxonomy":"tax_estado","embeddable":true,"href":"https:\/\/www.estrategiaconcursos.com.br\/blog\/wp-json\/wp\/v2\/tax_estado?post=20559"}],"curies":[{"name":"wp","href":"https:\/\/api.w.org\/{rel}","templated":true}]}}